{"id":17313,"date":"2024-01-19T06:07:45","date_gmt":"2024-01-19T12:07:45","guid":{"rendered":"https:\/\/puntodincontro.mx\/?p=17313"},"modified":"2024-01-19T13:03:34","modified_gmt":"2024-01-19T19:03:34","slug":"mexico-tiene-lo-necesario-para-una-relacion-de-primera-con-italia","status":"publish","type":"post","link":"https:\/\/puntodincontro.mx\/es\/2024\/01\/19\/il-messico-ha-le-carte-in-regola-per-un-rapporto-di-primordine-con-litalia\/","title":{"rendered":"\u00abM\u00e9xico tiene lo necesario para una relaci\u00f3n de primera con Italia\u00bb"},"content":{"rendered":"<p class=\"translation-block\"><strong>05:53 hrs.<\/strong> - El subsecretario de Estado del ministerio de Asuntos Exteriores y Cooperaci\u00f3n Internacional, Giorgio Silli, habl\u00f3 esta ma\u00f1ana en Roma durante la conferencia de prensa de presentaci\u00f3n del programa para conmemorar los 150 a\u00f1os de relaciones diplom\u00e1ticas entre M\u00e9xico e Italia.<\/p>\n\n\n\n<p>\u00abMi primera misi\u00f3n al extranjero despu\u00e9s de jurar como subsecretario\u00bb \u2014dijo\u2014 \u00abfue a M\u00e9xico\u00bb.<\/p>\n\n\n\n<p>\u00abEn aquella ocasi\u00f3n\u00bb \u2014a\u00f1adi\u00f3 Silli\u2014 \u00abel embajador Garc\u00eda de Alba me contact\u00f3 en el ministerio, dibuj\u00e1ndome un pa\u00eds fuera de los estereotipos de la opini\u00f3n p\u00fablica occidental. Hoy sabemos que M\u00e9xico es una gran potencia mundial y, en un futuro pr\u00f3ximo, sin duda se convertir\u00e1 en uno de los 10-15 pa\u00edses m\u00e1s importantes del mundo. Tiene 130 millones de consumidores, una tasa de desempleo en ciertos Estados que es la envidia de algunas naciones occidentales, tiene materias primas, es manufacturero liviano y pesado, por lo que tiene todo lo necesario para tener una relaci\u00f3n de primer nivel con nosotros y con nuestros hermanos y primos europeos\u00bb.<\/p>\n\n\n\n<p>\u00abDurante el \u00faltimo a\u00f1o me he comprometido a transmitir una imagen de M\u00e9xico diferente a los estereotipos que todos tenemos aqu\u00ed en Europa y creo que lo he logrado\u00bb.<\/p>\n\n\n\n<p>\u00abHay muchos acontecimientos previstos para estos 150 a\u00f1os y \u2014para un pa\u00eds como el nuestro, que tiene pocos m\u00e1s\u2014 se trata de una cifra muy respetable. Hay muchas celebraciones, tambi\u00e9n hemos empezado nosotros en la Ciudad de M\u00e9xico y los programas son interesantes\u00bb.<\/p>\n\n\n\n<p>\u00abLa reuni\u00f3n de los c\u00f3nsules honorarios me parece de gran importancia, el encuentro entre los rectores de las universidades y la promoci\u00f3n de las c\u00e1tedras que tienen que ver con M\u00e9xico son fundamentales. Se trata de operaciones esenciales para que nuestros pa\u00edses se encuentren y se conozcan\u00bb.<\/p>\n\n\n\n<p>\u00abYo soy un rom\u00e1ntico, me gusta hablar de historia y de filosof\u00eda, pero sabemos que en las relaciones entre pa\u00edses el componente econ\u00f3mico es fundamental. Por eso necesitamos crear intereses que puedan mover las empresas y la pol\u00edtica. Ya hay inversiones italianas muy importantes en M\u00e9xico y mexicanas en Italia, incluso en sectores en los que los italianos, hist\u00f3ricamente, estamos entre los mejores del mundo, como la construcci\u00f3n naval, el turismo y la industria agroalimentaria\u00bb.<\/p>\n\n\n\n<p>\u00abRealic\u00e9 dos misiones en M\u00e9xico en un a\u00f1o, porque lo cre\u00edmos necesario. La segunda vez hicimos algo maravilloso, porque devolvimos 43 piezas arqueol\u00f3gicas de la \u00e9poca precolombina recuperadas por nuestros Carabinieri y el presidente L\u00f3pez Obrador me quiso en conferencia de prensa con \u00e9l. Son muestras de amistad muy importantes que van mucho m\u00e1s all\u00e1 del ceremonial\u00bb.<\/p>\n\n\n\n<p class=\"translation-block\">\u00abEst\u00e1 claro, sin embargo, que hay que canalizar las ideas para transformar la amistad en hechos reales y, por eso, con la CaMexItal estamos organizando un <a href=\"https:\/\/puntodincontro.mx\/es\/2024\/01\/11\/italia-mexico-importante-encuentro-comercial-y-de-inversiones-en-roma\/\" target=\"_blank\" rel=\"noreferrer noopener\">foro empresarial de muy alto nivel<\/a> en la Canciller\u00eda y con la presencia de miembros del gobierno. El objetivo es concienciar a todos los emprendedores que participar\u00e1n no solo de las posibilidades de inversi\u00f3n, sino tambi\u00e9n de las inversiones que ya existen\u00bb.<\/p>\n\n\n\n<p>\u00abLos italianos, a pesar de ser a veces pesimistas y autodestructivos, seguimos siendo muy buenos, quiz\u00e1s entre los mejores del mundo, en muchos campos, al igual que ustedes lo son en otros campos. El encuentro, el conocimiento y el debate en un foro empresarial de este tipo puede, en mi opini\u00f3n, crear las condiciones de complementariedad entre M\u00e9xico e Italia desde muchos puntos de vista\u00bb.<\/p>\n\n\n\n<p>\u00abAs\u00ed que no hay duda de que, por nuestra parte, intentaremos volver a organizar una reuni\u00f3n al m\u00e1s alto nivel. Tuve la suerte de reunirme con la Secretaria de Relaciones Exteriores de M\u00e9xico en Centroam\u00e9rica hace tres d\u00edas, M\u00e9xico tendr\u00e1 elecciones pronto y la toma de posesi\u00f3n ser\u00e1 el 1 de octubre. Para las reuniones pol\u00edticas hay que tener muy en cuenta estas fechas\u00bb.<\/p>\n\n\n\n<p>\u00abExiste absolutamente el deseo de una reuni\u00f3n a nivel ministerial y de un di\u00e1logo pol\u00edtico mucho m\u00e1s profundo. Mientras tanto, seguimos manteniendo relaciones muy estrechas a nivel de viceministros y subsecretarios\u00bb.<\/p>\n\n\n\n<p>\u00abPor mi parte, puedo reafirmar mi plena disponibilidad, que ya he confirmado con hechos mediante mi presencia constante\u00bb, concluy\u00f3 el subsecretario.<\/p>\n\n\n\n<p class=\"has-small-font-size\">Foto: Embajada de M\u00e9xico en Italia<\/p>\n\n\n\n<div style=\"height:12px\" aria-hidden=\"true\" class=\"wp-block-spacer\"><\/div>\n\n\n<!-- Ad space powered by WP AdCenter v2.5.7 - https:\/\/wpadcenter.com\/ --><div class=\"wpadcenter-adgroup\" ><div class=\"wpadcenter-adgroup__row wpadcenter-aligncenter\"><div class=\"wpadcenter-ad-container\" ><div id=\"wpadcenter-ad-18464\" class=\"ad-placement\"><div class=\"wpadcenter-ad-inner\" ><a id=\"wpadcenter_ad\" data-value=\"18464\" data-placement=\"\" href=\"https:\/\/www.productosremo.com\/\" target=\"_blank\" class=\"wpadcenter-ad-inner__item\" ><img decoding=\"async\"   src=\"https:\/\/puntodincontro.mx\/wp-content\/uploads\/2021\/08\/remobanner.jpg\" class=\"attachment-post-thumbnail size-post-thumbnail wp-post-image\" alt=\"\" srcset=\"https:\/\/puntodincontro.mx\/wp-content\/uploads\/2021\/08\/remobanner.jpg 200w, https:\/\/puntodincontro.mx\/wp-content\/uploads\/2021\/08\/remobanner-16x5.jpg 16w\" sizes=\"(max-width: 200px) 100vw, 200px\" \/><\/a><\/div><\/div><\/div><div class=\"wpadcenter-ad-container\" ><div id=\"wpadcenter-ad-5305\" class=\"ad-placement\"><div class=\"wpadcenter-ad-inner\" ><a id=\"wpadcenter_ad\" data-value=\"5305\" data-placement=\"\" href=\"https:\/\/ambcittadelmessico.esteri.it\/ambasciata_cittadelmessico\/it\/\" target=\"_blank\" class=\"wpadcenter-ad-inner__item\" ><img decoding=\"async\"   src=\"https:\/\/puntodincontro.mx\/wp-content\/uploads\/2022\/05\/Ambasciata.jpg\" class=\"attachment-post-thumbnail size-post-thumbnail wp-post-image\" alt=\"\" srcset=\"https:\/\/puntodincontro.mx\/wp-content\/uploads\/2022\/05\/Ambasciata.jpg 200w, https:\/\/puntodincontro.mx\/wp-content\/uploads\/2022\/05\/Ambasciata-18x5.jpg 18w\" sizes=\"(max-width: 200px) 100vw, 200px\" \/><\/a><\/div><\/div><\/div><div class=\"wpadcenter-ad-container\" ><div id=\"wpadcenter-ad-3781\" class=\"ad-placement\"><div class=\"wpadcenter-ad-inner\" ><a id=\"wpadcenter_ad\" data-value=\"3781\" data-placement=\"\" href=\"https:\/\/cannizzo.com.mx\/\" target=\"_blank\" class=\"wpadcenter-ad-inner__item\" ><img decoding=\"async\"   src=\"https:\/\/puntodincontro.mx\/wp-content\/uploads\/2022\/03\/cannizzo2.jpg\" class=\"attachment-post-thumbnail size-post-thumbnail wp-post-image\" alt=\"\" srcset=\"https:\/\/puntodincontro.mx\/wp-content\/uploads\/2022\/03\/cannizzo2.jpg 200w, https:\/\/puntodincontro.mx\/wp-content\/uploads\/2022\/03\/cannizzo2-18x5.jpg 18w\" sizes=\"(max-width: 200px) 100vw, 200px\" \/><\/a><\/div><\/div><\/div><\/div><div class=\"wpadcenter-adgroup__row wpadcenter-aligncenter\"><div class=\"wpadcenter-ad-container\" ><div id=\"wpadcenter-ad-1704\" class=\"ad-placement\"><div class=\"wpadcenter-ad-inner\" ><a id=\"wpadcenter_ad\" data-value=\"1704\" data-placement=\"\" href=\"https:\/\/puntodincontro.mx\/es\/2021\/12\/24\/inps-verificacion-de-supervivencia-de-los-pensionados-en-el-extranjero\/\" target=\"_blank\" class=\"wpadcenter-ad-inner__item\" ><img decoding=\"async\"   src=\"https:\/\/puntodincontro.mx\/wp-content\/uploads\/2021\/11\/logo-ital.jpg\" class=\"attachment-post-thumbnail size-post-thumbnail wp-post-image\" alt=\"Patronato ITAL Messico\" srcset=\"https:\/\/puntodincontro.mx\/wp-content\/uploads\/2021\/11\/logo-ital.jpg 200w, https:\/\/puntodincontro.mx\/wp-content\/uploads\/2021\/11\/logo-ital-16x5.jpg 16w\" sizes=\"(max-width: 200px) 100vw, 200px\" \/><\/a><\/div><\/div><\/div><div class=\"wpadcenter-ad-container\" ><div id=\"wpadcenter-ad-1538\" class=\"ad-placement\"><div class=\"wpadcenter-ad-inner\" ><a id=\"wpadcenter_ad\" data-value=\"1538\" data-placement=\"\" href=\"https:\/\/asociacionitaliana.org\/\" target=\"_blank\" class=\"wpadcenter-ad-inner__item\" ><img decoding=\"async\"   src=\"https:\/\/puntodincontro.mx\/wp-content\/uploads\/2021\/11\/aialogo.jpg\" class=\"attachment-post-thumbnail size-post-thumbnail wp-post-image\" alt=\"Associazione Italiana di Assistenza IAP\" srcset=\"https:\/\/puntodincontro.mx\/wp-content\/uploads\/2021\/11\/aialogo.jpg 200w, https:\/\/puntodincontro.mx\/wp-content\/uploads\/2021\/11\/aialogo-18x5.jpg 18w\" sizes=\"(max-width: 200px) 100vw, 200px\" \/><\/a><\/div><\/div><\/div><div class=\"wpadcenter-ad-container\" ><div id=\"wpadcenter-ad-1513\" class=\"ad-placement\"><div class=\"wpadcenter-ad-inner\" ><a id=\"wpadcenter_ad\" data-value=\"1513\" data-placement=\"\" href=\"https:\/\/gcinmuebles.mx\" target=\"_blank\" class=\"wpadcenter-ad-inner__item\" ><img decoding=\"async\"   src=\"https:\/\/puntodincontro.mx\/wp-content\/uploads\/2021\/10\/gcinmuebleslogopunto-1.jpg\" class=\"attachment-post-thumbnail size-post-thumbnail wp-post-image\" alt=\"\" srcset=\"https:\/\/puntodincontro.mx\/wp-content\/uploads\/2021\/10\/gcinmuebleslogopunto-1.jpg 200w, https:\/\/puntodincontro.mx\/wp-content\/uploads\/2021\/10\/gcinmuebleslogopunto-1-18x5.jpg 18w\" sizes=\"(max-width: 200px) 100vw, 200px\" \/><\/a><\/div><\/div><\/div><\/div><div class=\"wpadcenter-adgroup__row wpadcenter-aligncenter\"><div class=\"wpadcenter-ad-container\" ><div id=\"wpadcenter-ad-1374\" class=\"ad-placement\"><div class=\"wpadcenter-ad-inner\" ><a id=\"wpadcenter_ad\" data-value=\"1374\" data-placement=\"\" href=\"https:\/\/www.9colonne.it\/\" target=\"_blank\" class=\"wpadcenter-ad-inner__item\" ><img decoding=\"async\"   src=\"https:\/\/puntodincontro.mx\/wp-content\/uploads\/2021\/10\/Banner9colonne.gif\" class=\"attachment-post-thumbnail size-post-thumbnail wp-post-image\" alt=\"\" \/><\/a><\/div><\/div><\/div><div class=\"wpadcenter-ad-container\" ><div id=\"wpadcenter-ad-276\" class=\"ad-placement\"><div class=\"wpadcenter-ad-inner\" ><a id=\"wpadcenter_ad\" data-value=\"276\" data-placement=\"\" href=\"http:\/\/www.camaraitaliana.mx\/\" target=\"_blank\" class=\"wpadcenter-ad-inner__item\" ><img decoding=\"async\"   src=\"https:\/\/puntodincontro.mx\/wp-content\/uploads\/2021\/08\/ccimnuovo.jpg\" class=\"attachment-post-thumbnail size-post-thumbnail wp-post-image\" alt=\"\" srcset=\"https:\/\/puntodincontro.mx\/wp-content\/uploads\/2021\/08\/ccimnuovo.jpg 200w, https:\/\/puntodincontro.mx\/wp-content\/uploads\/2021\/08\/ccimnuovo-18x5.jpg 18w\" sizes=\"(max-width: 200px) 100vw, 200px\" \/><\/a><\/div><\/div><\/div><div class=\"wpadcenter-ad-container\" ><div id=\"wpadcenter-ad-272\" class=\"ad-placement\"><div class=\"wpadcenter-ad-inner\" ><a id=\"wpadcenter_ad\" data-value=\"272\" data-placement=\"\" href=\"http:\/\/corix.us\/\" target=\"_blank\" class=\"wpadcenter-ad-inner__item\" ><img decoding=\"async\"   src=\"https:\/\/puntodincontro.mx\/wp-content\/uploads\/2021\/08\/corixbanner-1.jpg\" class=\"attachment-post-thumbnail size-post-thumbnail wp-post-image\" alt=\"\" srcset=\"https:\/\/puntodincontro.mx\/wp-content\/uploads\/2021\/08\/corixbanner-1.jpg 200w, https:\/\/puntodincontro.mx\/wp-content\/uploads\/2021\/08\/corixbanner-1-16x5.jpg 16w\" sizes=\"(max-width: 200px) 100vw, 200px\" \/><\/a><\/div><\/div><\/div><\/div><div class=\"wpadcenter-adgroup__row wpadcenter-aligncenter\"><div class=\"wpadcenter-ad-container\" ><div id=\"wpadcenter-ad-266\" class=\"ad-placement\"><div class=\"wpadcenter-ad-inner\" ><a id=\"wpadcenter_ad\" data-value=\"266\" data-placement=\"\" href=\"https:\/\/www.prinsel.com.mx\/\" target=\"_blank\" class=\"wpadcenter-ad-inner__item\" ><img decoding=\"async\"   src=\"https:\/\/puntodincontro.mx\/wp-content\/uploads\/2021\/08\/prinselbanner-1.jpg\" class=\"attachment-post-thumbnail size-post-thumbnail wp-post-image\" alt=\"\" srcset=\"https:\/\/puntodincontro.mx\/wp-content\/uploads\/2021\/08\/prinselbanner-1.jpg 200w, https:\/\/puntodincontro.mx\/wp-content\/uploads\/2021\/08\/prinselbanner-1-16x5.jpg 16w\" sizes=\"(max-width: 200px) 100vw, 200px\" \/><\/a><\/div><\/div><\/div><div class=\"wpadcenter-ad-container\" ><div id=\"wpadcenter-ad-261\" class=\"ad-placement\"><div class=\"wpadcenter-ad-inner\" ><a id=\"wpadcenter_ad\" data-value=\"261\" data-placement=\"\" href=\"https:\/\/faitalia.com.mx\/\" target=\"_blank\" class=\"wpadcenter-ad-inner__item\" ><img decoding=\"async\"   src=\"https:\/\/puntodincontro.mx\/wp-content\/uploads\/2021\/08\/gruppodino.jpg\" class=\"attachment-post-thumbnail size-post-thumbnail wp-post-image\" alt=\"\" srcset=\"https:\/\/puntodincontro.mx\/wp-content\/uploads\/2021\/08\/gruppodino.jpg 200w, https:\/\/puntodincontro.mx\/wp-content\/uploads\/2021\/08\/gruppodino-18x5.jpg 18w\" sizes=\"(max-width: 200px) 100vw, 200px\" \/><\/a><\/div><\/div><\/div><\/div><\/div>\n\n\n<div style=\"height:12px\" aria-hidden=\"true\" class=\"wp-block-spacer\"><\/div>","protected":false},"excerpt":{"rendered":"<p>Ore 05.53 &#8211; Il sottosegretario di Stato al ministero degli Affari esteri e della Cooperazione internazionale Giorgio Silli \u00e8 intervenuto stamattina a Roma nel corso della conferenza stampa di presentazione del programma della commemorazione dei 150 anni di rapporti diplomatici Messico-Italia. \u00abLa mia prima missione all&#8217;estero dopo il giuramento da sottosegretario\u00bb \u2014ha detto\u2014 \u00ab\u00e8 stata in Messico\u00bb. \u00abIn quell&#8217;occasione\u00bb \u2014ha aggiunto Silli\u2014 \u00abl&#8217;Ambasciatore Garc\u00eda de Alba mi raggiunse al ministero disegnandomi un Paese fuori dagli stereotipi dell&#8217;opinione pubblica occidentale. Oggi sappiamo che il Messico \u00e8 una grande potenza mondiale e, in proiezione di un futuro prossimo, diventer\u00e0 senza dubbio uno&#8230; <\/p>","protected":false},"author":2,"featured_media":17319,"comment_status":"open","ping_status":"open","sticky":false,"template":"","format":"standard","meta":{"_monsterinsights_skip_tracking":false,"_monsterinsights_sitenote_active":false,"_monsterinsights_sitenote_note":"","_monsterinsights_sitenote_category":0,"footnotes":""},"categories":[18],"tags":[],"class_list":["post-17313","post","type-post","status-publish","format-standard","has-post-thumbnail","hentry","category-cronaca"],"yoast_head":"<!-- This site is optimized with the Yoast SEO Premium plugin v18.4 (Yoast SEO v25.6) - https:\/\/yoast.com\/wordpress\/plugins\/seo\/ -->\n<title>\u00abMessico, carte in regola per un rapporto di prim&#039;ordine con l&#039;Italia\u00bb<\/title>\n<meta name=\"description\" content=\"Il sottosegretario Silli \u00e8 intervenuto nel corso della presentazione del programma dei 150 anni di rapporti diplomatici Messico-Italia.\" \/>\n<meta name=\"robots\" content=\"index, follow, max-snippet:-1, max-image-preview:large, max-video-preview:-1\" \/>\n<link rel=\"canonical\" href=\"https:\/\/puntodincontro.mx\/es\/2024\/01\/19\/mexico-tiene-lo-necesario-para-una-relacion-de-primera-con-italia\/\" \/>\n<meta property=\"og:locale\" content=\"es_MX\" \/>\n<meta property=\"og:type\" content=\"article\" \/>\n<meta property=\"og:title\" content=\"\u00abIl Messico ha le carte in regola per un rapporto di prim&#039;ordine con l&#039;Italia\u00bb\" \/>\n<meta property=\"og:description\" content=\"Il sottosegretario Silli \u00e8 intervenuto nel corso della presentazione del programma dei 150 anni di rapporti diplomatici Messico-Italia.\" \/>\n<meta property=\"og:url\" content=\"https:\/\/puntodincontro.mx\/es\/2024\/01\/19\/mexico-tiene-lo-necesario-para-una-relacion-de-primera-con-italia\/\" \/>\n<meta property=\"og:site_name\" content=\"Puntodincontro\" \/>\n<meta property=\"article:publisher\" content=\"https:\/\/www.facebook.com\/puntodincontro.mx\" \/>\n<meta property=\"article:published_time\" content=\"2024-01-19T12:07:45+00:00\" \/>\n<meta property=\"article:modified_time\" content=\"2024-01-19T19:03:34+00:00\" \/>\n<meta property=\"og:image\" content=\"https:\/\/puntodincontro.mx\/wp-content\/uploads\/2024\/01\/silli150comp.jpg\" \/>\n\t<meta property=\"og:image:width\" content=\"932\" \/>\n\t<meta property=\"og:image:height\" content=\"488\" \/>\n\t<meta property=\"og:image:type\" content=\"image\/jpeg\" \/>\n<meta name=\"author\" content=\"Puntodincontro\" \/>\n<meta name=\"twitter:card\" content=\"summary_large_image\" \/>\n<meta name=\"twitter:creator\" content=\"@puntodincontro\" \/>\n<meta name=\"twitter:site\" content=\"@puntodincontro\" \/>\n<meta name=\"twitter:label1\" content=\"Escrito por\" \/>\n\t<meta name=\"twitter:data1\" content=\"Puntodincontro\" \/>\n\t<meta name=\"twitter:label2\" content=\"Tiempo de lectura\" \/>\n\t<meta name=\"twitter:data2\" content=\"3 minutos\" \/>\n<script type=\"application\/ld+json\" class=\"yoast-schema-graph\">{\"@context\":\"https:\/\/schema.org\",\"@graph\":[{\"@type\":\"NewsArticle\",\"@id\":\"https:\/\/puntodincontro.mx\/2024\/01\/19\/il-messico-ha-le-carte-in-regola-per-un-rapporto-di-primordine-con-litalia\/#article\",\"isPartOf\":{\"@id\":\"https:\/\/puntodincontro.mx\/2024\/01\/19\/il-messico-ha-le-carte-in-regola-per-un-rapporto-di-primordine-con-litalia\/\"},\"author\":{\"name\":\"Puntodincontro\",\"@id\":\"https:\/\/puntodincontro.mx\/#\/schema\/person\/d3066d18a16259cbb0c29b0d0e93b556\"},\"headline\":\"\u00abIl Messico ha le carte in regola per un rapporto di prim&#8217;ordine con l&#8217;Italia\u00bb\",\"datePublished\":\"2024-01-19T12:07:45+00:00\",\"dateModified\":\"2024-01-19T19:03:34+00:00\",\"mainEntityOfPage\":{\"@id\":\"https:\/\/puntodincontro.mx\/2024\/01\/19\/il-messico-ha-le-carte-in-regola-per-un-rapporto-di-primordine-con-litalia\/\"},\"wordCount\":681,\"commentCount\":0,\"publisher\":{\"@id\":\"https:\/\/puntodincontro.mx\/#organization\"},\"image\":{\"@id\":\"https:\/\/puntodincontro.mx\/2024\/01\/19\/il-messico-ha-le-carte-in-regola-per-un-rapporto-di-primordine-con-litalia\/#primaryimage\"},\"thumbnailUrl\":\"https:\/\/puntodincontro.mx\/wp-content\/uploads\/2024\/01\/silli150vert.webp\",\"articleSection\":[\"Cronaca\"],\"inLanguage\":\"es\",\"potentialAction\":[{\"@type\":\"CommentAction\",\"name\":\"Comment\",\"target\":[\"https:\/\/puntodincontro.mx\/2024\/01\/19\/il-messico-ha-le-carte-in-regola-per-un-rapporto-di-primordine-con-litalia\/#respond\"]}]},{\"@type\":\"WebPage\",\"@id\":\"https:\/\/puntodincontro.mx\/2024\/01\/19\/il-messico-ha-le-carte-in-regola-per-un-rapporto-di-primordine-con-litalia\/\",\"url\":\"https:\/\/puntodincontro.mx\/2024\/01\/19\/il-messico-ha-le-carte-in-regola-per-un-rapporto-di-primordine-con-litalia\/\",\"name\":\"\u00abMessico, carte in regola per un rapporto di prim'ordine con l'Italia\u00bb\",\"isPartOf\":{\"@id\":\"https:\/\/puntodincontro.mx\/#website\"},\"primaryImageOfPage\":{\"@id\":\"https:\/\/puntodincontro.mx\/2024\/01\/19\/il-messico-ha-le-carte-in-regola-per-un-rapporto-di-primordine-con-litalia\/#primaryimage\"},\"image\":{\"@id\":\"https:\/\/puntodincontro.mx\/2024\/01\/19\/il-messico-ha-le-carte-in-regola-per-un-rapporto-di-primordine-con-litalia\/#primaryimage\"},\"thumbnailUrl\":\"https:\/\/puntodincontro.mx\/wp-content\/uploads\/2024\/01\/silli150vert.webp\",\"datePublished\":\"2024-01-19T12:07:45+00:00\",\"dateModified\":\"2024-01-19T19:03:34+00:00\",\"description\":\"Il sottosegretario Silli \u00e8 intervenuto nel corso della presentazione del programma dei 150 anni di rapporti diplomatici Messico-Italia.\",\"breadcrumb\":{\"@id\":\"https:\/\/puntodincontro.mx\/2024\/01\/19\/il-messico-ha-le-carte-in-regola-per-un-rapporto-di-primordine-con-litalia\/#breadcrumb\"},\"inLanguage\":\"es\",\"potentialAction\":[{\"@type\":\"ReadAction\",\"target\":[\"https:\/\/puntodincontro.mx\/2024\/01\/19\/il-messico-ha-le-carte-in-regola-per-un-rapporto-di-primordine-con-litalia\/\"]}]},{\"@type\":\"ImageObject\",\"inLanguage\":\"es\",\"@id\":\"https:\/\/puntodincontro.mx\/2024\/01\/19\/il-messico-ha-le-carte-in-regola-per-un-rapporto-di-primordine-con-litalia\/#primaryimage\",\"url\":\"https:\/\/puntodincontro.mx\/wp-content\/uploads\/2024\/01\/silli150vert.webp\",\"contentUrl\":\"https:\/\/puntodincontro.mx\/wp-content\/uploads\/2024\/01\/silli150vert.webp\",\"width\":423,\"height\":488,\"caption\":\"\u00abIl Messico ha le carte in regola per un rapporto di prim'ordine con l'Italia\u00bb \/ Foto: Ambasciata del Messico in Italia\"},{\"@type\":\"BreadcrumbList\",\"@id\":\"https:\/\/puntodincontro.mx\/2024\/01\/19\/il-messico-ha-le-carte-in-regola-per-un-rapporto-di-primordine-con-litalia\/#breadcrumb\",\"itemListElement\":[{\"@type\":\"ListItem\",\"position\":1,\"name\":\"Home\",\"item\":\"https:\/\/puntodincontro.mx\/\"},{\"@type\":\"ListItem\",\"position\":2,\"name\":\"\u00abIl Messico ha le carte in regola per un rapporto di prim&#8217;ordine con l&#8217;Italia\u00bb\"}]},{\"@type\":\"WebSite\",\"@id\":\"https:\/\/puntodincontro.mx\/#website\",\"url\":\"https:\/\/puntodincontro.mx\/\",\"name\":\"Puntodincontro\",\"description\":\"Dal 2006 notizie sui rapporti Italia-Messico \/ Desde 2006 noticias sobre las relaciones entre Italia y M\u00e9xico\",\"publisher\":{\"@id\":\"https:\/\/puntodincontro.mx\/#organization\"},\"potentialAction\":[{\"@type\":\"SearchAction\",\"target\":{\"@type\":\"EntryPoint\",\"urlTemplate\":\"https:\/\/puntodincontro.mx\/?s={search_term_string}\"},\"query-input\":{\"@type\":\"PropertyValueSpecification\",\"valueRequired\":true,\"valueName\":\"search_term_string\"}}],\"inLanguage\":\"es\"},{\"@type\":\"Organization\",\"@id\":\"https:\/\/puntodincontro.mx\/#organization\",\"name\":\"Puntodincontro\",\"url\":\"https:\/\/puntodincontro.mx\/\",\"logo\":{\"@type\":\"ImageObject\",\"inLanguage\":\"es\",\"@id\":\"https:\/\/puntodincontro.mx\/#\/schema\/logo\/image\/\",\"url\":\"https:\/\/puntodincontro.mx\/wp-content\/uploads\/2021\/08\/Default-image-for-open-graph-settings.jpg\",\"contentUrl\":\"https:\/\/puntodincontro.mx\/wp-content\/uploads\/2021\/08\/Default-image-for-open-graph-settings.jpg\",\"width\":1200,\"height\":630,\"caption\":\"Puntodincontro\"},\"image\":{\"@id\":\"https:\/\/puntodincontro.mx\/#\/schema\/logo\/image\/\"},\"sameAs\":[\"https:\/\/www.facebook.com\/puntodincontro.mx\",\"https:\/\/x.com\/puntodincontro\",\"https:\/\/www.instagram.com\/puntodincontro.mx\/\",\"https:\/\/www.linkedin.com\/company\/puntodincontro\/\",\"https:\/\/www.youtube.com\/c\/puntodincontromessico\",\"https:\/\/www.patreon.com\/puntodincontro\",\"https:\/\/www.threads.net\/@puntodincontro.mx\"]},{\"@type\":\"Person\",\"@id\":\"https:\/\/puntodincontro.mx\/#\/schema\/person\/d3066d18a16259cbb0c29b0d0e93b556\",\"name\":\"Puntodincontro\",\"image\":{\"@type\":\"ImageObject\",\"inLanguage\":\"es\",\"@id\":\"https:\/\/puntodincontro.mx\/#\/schema\/person\/image\/\",\"url\":\"https:\/\/secure.gravatar.com\/avatar\/0e85b4b3b5e9d6bfcec6a4956d8cc63a?s=96&d=mm&r=g\",\"contentUrl\":\"https:\/\/secure.gravatar.com\/avatar\/0e85b4b3b5e9d6bfcec6a4956d8cc63a?s=96&d=mm&r=g\",\"caption\":\"Puntodincontro\"},\"url\":\"https:\/\/puntodincontro.mx\/es\/author\/puntodincontro\/\"}]}<\/script>\n<!-- \/ Yoast SEO Premium plugin. -->","yoast_head_json":{"title":"\u00abMessico, carte in regola per un rapporto di prim'ordine con l'Italia\u00bb","description":"El subsecretario Silli habl\u00f3 durante la presentaci\u00f3n del programa para los 150 a\u00f1os de relaciones diplom\u00e1ticas entre M\u00e9xico e Italia.","robots":{"index":"index","follow":"follow","max-snippet":"max-snippet:-1","max-image-preview":"max-image-preview:large","max-video-preview":"max-video-preview:-1"},"canonical":"https:\/\/puntodincontro.mx\/es\/2024\/01\/19\/mexico-tiene-lo-necesario-para-una-relacion-de-primera-con-italia\/","og_locale":"es_MX","og_type":"article","og_title":"\u00abIl Messico ha le carte in regola per un rapporto di prim'ordine con l'Italia\u00bb","og_description":"Il sottosegretario Silli \u00e8 intervenuto nel corso della presentazione del programma dei 150 anni di rapporti diplomatici Messico-Italia.","og_url":"https:\/\/puntodincontro.mx\/es\/2024\/01\/19\/mexico-tiene-lo-necesario-para-una-relacion-de-primera-con-italia\/","og_site_name":"Puntodincontro","article_publisher":"https:\/\/www.facebook.com\/puntodincontro.mx","article_published_time":"2024-01-19T12:07:45+00:00","article_modified_time":"2024-01-19T19:03:34+00:00","og_image":[{"width":932,"height":488,"url":"https:\/\/puntodincontro.mx\/wp-content\/uploads\/2024\/01\/silli150comp.jpg","type":"image\/jpeg"}],"author":"Puntodincontro","twitter_card":"summary_large_image","twitter_creator":"@puntodincontro","twitter_site":"@puntodincontro","twitter_misc":{"Escrito por":"Puntodincontro","Tiempo de lectura":"3 minutos"},"schema":{"@context":"https:\/\/schema.org","@graph":[{"@type":"NewsArticle","@id":"https:\/\/puntodincontro.mx\/2024\/01\/19\/il-messico-ha-le-carte-in-regola-per-un-rapporto-di-primordine-con-litalia\/#article","isPartOf":{"@id":"https:\/\/puntodincontro.mx\/2024\/01\/19\/il-messico-ha-le-carte-in-regola-per-un-rapporto-di-primordine-con-litalia\/"},"author":{"name":"Puntodincontro","@id":"https:\/\/puntodincontro.mx\/#\/schema\/person\/d3066d18a16259cbb0c29b0d0e93b556"},"headline":"\u00abIl Messico ha le carte in regola per un rapporto di prim&#8217;ordine con l&#8217;Italia\u00bb","datePublished":"2024-01-19T12:07:45+00:00","dateModified":"2024-01-19T19:03:34+00:00","mainEntityOfPage":{"@id":"https:\/\/puntodincontro.mx\/2024\/01\/19\/il-messico-ha-le-carte-in-regola-per-un-rapporto-di-primordine-con-litalia\/"},"wordCount":681,"commentCount":0,"publisher":{"@id":"https:\/\/puntodincontro.mx\/#organization"},"image":{"@id":"https:\/\/puntodincontro.mx\/2024\/01\/19\/il-messico-ha-le-carte-in-regola-per-un-rapporto-di-primordine-con-litalia\/#primaryimage"},"thumbnailUrl":"https:\/\/puntodincontro.mx\/wp-content\/uploads\/2024\/01\/silli150vert.webp","articleSection":["Cronaca"],"inLanguage":"es","potentialAction":[{"@type":"CommentAction","name":"Comment","target":["https:\/\/puntodincontro.mx\/2024\/01\/19\/il-messico-ha-le-carte-in-regola-per-un-rapporto-di-primordine-con-litalia\/#respond"]}]},{"@type":"WebPage","@id":"https:\/\/puntodincontro.mx\/2024\/01\/19\/il-messico-ha-le-carte-in-regola-per-un-rapporto-di-primordine-con-litalia\/","url":"https:\/\/puntodincontro.mx\/2024\/01\/19\/il-messico-ha-le-carte-in-regola-per-un-rapporto-di-primordine-con-litalia\/","name":"\u00abMessico, carte in regola per un rapporto di prim'ordine con l'Italia\u00bb","isPartOf":{"@id":"https:\/\/puntodincontro.mx\/#website"},"primaryImageOfPage":{"@id":"https:\/\/puntodincontro.mx\/2024\/01\/19\/il-messico-ha-le-carte-in-regola-per-un-rapporto-di-primordine-con-litalia\/#primaryimage"},"image":{"@id":"https:\/\/puntodincontro.mx\/2024\/01\/19\/il-messico-ha-le-carte-in-regola-per-un-rapporto-di-primordine-con-litalia\/#primaryimage"},"thumbnailUrl":"https:\/\/puntodincontro.mx\/wp-content\/uploads\/2024\/01\/silli150vert.webp","datePublished":"2024-01-19T12:07:45+00:00","dateModified":"2024-01-19T19:03:34+00:00","description":"El subsecretario Silli habl\u00f3 durante la presentaci\u00f3n del programa para los 150 a\u00f1os de relaciones diplom\u00e1ticas entre M\u00e9xico e Italia.","breadcrumb":{"@id":"https:\/\/puntodincontro.mx\/2024\/01\/19\/il-messico-ha-le-carte-in-regola-per-un-rapporto-di-primordine-con-litalia\/#breadcrumb"},"inLanguage":"es","potentialAction":[{"@type":"ReadAction","target":["https:\/\/puntodincontro.mx\/2024\/01\/19\/il-messico-ha-le-carte-in-regola-per-un-rapporto-di-primordine-con-litalia\/"]}]},{"@type":"ImageObject","inLanguage":"es","@id":"https:\/\/puntodincontro.mx\/2024\/01\/19\/il-messico-ha-le-carte-in-regola-per-un-rapporto-di-primordine-con-litalia\/#primaryimage","url":"https:\/\/puntodincontro.mx\/wp-content\/uploads\/2024\/01\/silli150vert.webp","contentUrl":"https:\/\/puntodincontro.mx\/wp-content\/uploads\/2024\/01\/silli150vert.webp","width":423,"height":488,"caption":"\u00abIl Messico ha le carte in regola per un rapporto di prim'ordine con l'Italia\u00bb \/ Foto: Ambasciata del Messico in Italia"},{"@type":"BreadcrumbList","@id":"https:\/\/puntodincontro.mx\/2024\/01\/19\/il-messico-ha-le-carte-in-regola-per-un-rapporto-di-primordine-con-litalia\/#breadcrumb","itemListElement":[{"@type":"ListItem","position":1,"name":"Home","item":"https:\/\/puntodincontro.mx\/"},{"@type":"ListItem","position":2,"name":"\u00abIl Messico ha le carte in regola per un rapporto di prim&#8217;ordine con l&#8217;Italia\u00bb"}]},{"@type":"WebSite","@id":"https:\/\/puntodincontro.mx\/#website","url":"https:\/\/puntodincontro.mx\/","name":"Puntodincontro","description":"Desde el 2006 noticias sobre las relaciones entre Italia y M\u00e9xico \/ Dal 2006 notizie sui rapporti Italia-Messico","publisher":{"@id":"https:\/\/puntodincontro.mx\/#organization"},"potentialAction":[{"@type":"SearchAction","target":{"@type":"EntryPoint","urlTemplate":"https:\/\/puntodincontro.mx\/?s={search_term_string}"},"query-input":{"@type":"PropertyValueSpecification","valueRequired":true,"valueName":"search_term_string"}}],"inLanguage":"es"},{"@type":"Organization","@id":"https:\/\/puntodincontro.mx\/#organization","name":"Puntodincontro","url":"https:\/\/puntodincontro.mx\/","logo":{"@type":"ImageObject","inLanguage":"es","@id":"https:\/\/puntodincontro.mx\/#\/schema\/logo\/image\/","url":"https:\/\/puntodincontro.mx\/wp-content\/uploads\/2021\/08\/Default-image-for-open-graph-settings.jpg","contentUrl":"https:\/\/puntodincontro.mx\/wp-content\/uploads\/2021\/08\/Default-image-for-open-graph-settings.jpg","width":1200,"height":630,"caption":"Puntodincontro"},"image":{"@id":"https:\/\/puntodincontro.mx\/#\/schema\/logo\/image\/"},"sameAs":["https:\/\/www.facebook.com\/puntodincontro.mx","https:\/\/x.com\/puntodincontro","https:\/\/www.instagram.com\/puntodincontro.mx\/","https:\/\/www.linkedin.com\/company\/puntodincontro\/","https:\/\/www.youtube.com\/c\/puntodincontromessico","https:\/\/www.patreon.com\/puntodincontro","https:\/\/www.threads.net\/@puntodincontro.mx"]},{"@type":"Person","@id":"https:\/\/puntodincontro.mx\/#\/schema\/person\/d3066d18a16259cbb0c29b0d0e93b556","name":"Puntodincontro","image":{"@type":"ImageObject","inLanguage":"es","@id":"https:\/\/puntodincontro.mx\/#\/schema\/person\/image\/","url":"https:\/\/secure.gravatar.com\/avatar\/0e85b4b3b5e9d6bfcec6a4956d8cc63a?s=96&d=mm&r=g","contentUrl":"https:\/\/secure.gravatar.com\/avatar\/0e85b4b3b5e9d6bfcec6a4956d8cc63a?s=96&d=mm&r=g","caption":"Puntodincontro"},"url":"https:\/\/puntodincontro.mx\/es\/author\/puntodincontro\/"}]}},"_links":{"self":[{"href":"https:\/\/puntodincontro.mx\/es\/wp-json\/wp\/v2\/posts\/17313"}],"collection":[{"href":"https:\/\/puntodincontro.mx\/es\/wp-json\/wp\/v2\/posts"}],"about":[{"href":"https:\/\/puntodincontro.mx\/es\/wp-json\/wp\/v2\/types\/post"}],"author":[{"embeddable":true,"href":"https:\/\/puntodincontro.mx\/es\/wp-json\/wp\/v2\/users\/2"}],"replies":[{"embeddable":true,"href":"https:\/\/puntodincontro.mx\/es\/wp-json\/wp\/v2\/comments?post=17313"}],"version-history":[{"count":26,"href":"https:\/\/puntodincontro.mx\/es\/wp-json\/wp\/v2\/posts\/17313\/revisions"}],"predecessor-version":[{"id":17356,"href":"https:\/\/puntodincontro.mx\/es\/wp-json\/wp\/v2\/posts\/17313\/revisions\/17356"}],"wp:featuredmedia":[{"embeddable":true,"href":"https:\/\/puntodincontro.mx\/es\/wp-json\/wp\/v2\/media\/17319"}],"wp:attachment":[{"href":"https:\/\/puntodincontro.mx\/es\/wp-json\/wp\/v2\/media?parent=17313"}],"wp:term":[{"taxonomy":"category","embeddable":true,"href":"https:\/\/puntodincontro.mx\/es\/wp-json\/wp\/v2\/categories?post=17313"},{"taxonomy":"post_tag","embeddable":true,"href":"https:\/\/puntodincontro.mx\/es\/wp-json\/wp\/v2\/tags?post=17313"}],"curies":[{"name":"wp","href":"https:\/\/api.w.org\/{rel}","templated":true}]}}