{"id":17556,"date":"2024-01-30T09:37:21","date_gmt":"2024-01-30T15:37:21","guid":{"rendered":"https:\/\/puntodincontro.mx\/?p=17556"},"modified":"2024-01-30T10:23:06","modified_gmt":"2024-01-30T16:23:06","slug":"modiano-reunion-con-la-dante-alighieri-y-la-camara-de-comercio","status":"publish","type":"post","link":"https:\/\/puntodincontro.mx\/es\/2024\/01\/30\/modiano-riunione-con-la-dante-alighieri-e-la-camera-di-commercio\/","title":{"rendered":"Modiano, encuentro con la Dante Alighieri y la C\u00e1mara de Comercio"},"content":{"rendered":"<p class=\"translation-block\"><strong>07:20 hrs.<\/strong> - El Embajador de Italia, Alessandro Modiano, se reuni\u00f3 el pasado jueves con algunos representantes de las juntas directivas de la Sociedad Dante Alighieri de la Ciudad de M\u00e9xico y de la C\u00e1mara de Comercio de Italia en M\u00e9xico. Al encuentro tambi\u00e9n asisti\u00f3 Giovanna Mariotto, responsable del \u00e1rea comercial de la embajada.<\/p>\n\n\n\n<p>Las reuniones se llevaron a cabo en las oficinas de la calle Marsella de la colonia Ju\u00e1rez, sede de ambas instituciones.<\/p>\n\n\n\n<p>En representaci\u00f3n de la Dante Alighieri participaron el vicepresidente Enrique Esnal, el secretario Massimo Barzizza y el consejero Federico Colella, acompa\u00f1ados por el director general Stefano Cara.<\/p>\n\n\n\n<p>La C\u00e1mara de Comercio estuvo representada por el presidente Lorenzo Vianello y la directora general Faribah Gallardo.<\/p>\n\n\n\n<p>\u00abLa comunidad italiana en M\u00e9xico es fuerte\u00bb \u2014 afirm\u00f3 Modiano \u2014 \u00abpero tambi\u00e9n muy independiente\u00bb.<\/p>\n\n\n\n<p>\u00abEn los pa\u00edses donde el n\u00famero de nuestros connacionales y sus descendientes es elevado\u00bb \u2014a\u00f1adi\u00f3 el diplom\u00e1tico\u2014 \u00abse crean v\u00ednculos con las autoridades del Bel Paese que a veces conducen a tensiones inevitables. El ambiente aqu\u00ed es siempre amigable. La sana competencia entre la Dante Alighieri y el Instituto Italiano de Cultura \u2014as\u00ed como entre otras instituciones que desempe\u00f1an funciones similares\u2014 ayuda a mejorar los productos ofrecidos al p\u00fablico. Ambas organizaciones trabajan bien y hacen cosas buenas\u00bb.<\/p>\n\n\n\n<p>\u00abOrganizaremos una presentaci\u00f3n oficial de las actividades previstas por los 150 a\u00f1os de relaciones diplom\u00e1ticas entre M\u00e9xico e Italia, tal y como lo hizo en Roma la Embajada de M\u00e9xico. El primer evento tendr\u00e1 lugar el 29 de febrero en el Museo de Arte Moderno del Paseo de la Reforma y ser\u00e1 la inauguraci\u00f3n de la exposici\u00f3n de la Colecci\u00f3n de la <em>Farnesina<\/em>, un recorrido por la historia del arte italiano desde 1900 hasta la actualidad, con 71 obras seleccionadas del acervo de arte del Ministerio de Asuntos Exteriores y Cooperaci\u00f3n Internacional. La iniciativa es curada por Achille Bonito Oliva y el embajador Umberto Vattani, creador de la colecci\u00f3n, que tuvo la visi\u00f3n de llevar una serie de obras al ministerio hasta convertirlo en un verdadero museo, hoy un buque insignia del ministerio\u00bb.<\/p>\n\n\n\n<p>\u00abPara este importante aniversario se tiene previsto un intenso programa de eventos, una oportunidad que tambi\u00e9n ser\u00e1 \u00fatil para promover el cine italiano en M\u00e9xico, que me gustar\u00eda que fuera conocido no solo por el pasado, sino tambi\u00e9n por el presente. \u00daltimamente se han hecho pel\u00edculas muy buenas, que compiten a nivel internacional y merecen ser vistas tambi\u00e9n en este pa\u00eds\u00bb.<\/p>\n\n\n<div class=\"wp-block-image\">\n<figure class=\"aligncenter size-full\"><img loading=\"lazy\" decoding=\"async\" width=\"800\" height=\"419\" src=\"https:\/\/puntodincontro.mx\/wp-content\/uploads\/2024\/01\/dantemodianofoto.webp\" alt=\"\" class=\"wp-image-17564\" srcset=\"https:\/\/puntodincontro.mx\/wp-content\/uploads\/2024\/01\/dantemodianofoto.webp 800w, https:\/\/puntodincontro.mx\/wp-content\/uploads\/2024\/01\/dantemodianofoto-300x157.webp 300w, https:\/\/puntodincontro.mx\/wp-content\/uploads\/2024\/01\/dantemodianofoto-768x402.webp 768w, https:\/\/puntodincontro.mx\/wp-content\/uploads\/2024\/01\/dantemodianofoto-18x9.webp 18w\" sizes=\"(max-width: 800px) 100vw, 800px\" \/><\/figure><\/div>\n\n\n<div style=\"height:6px\" aria-hidden=\"true\" class=\"wp-block-spacer\"><\/div>\n\n\n\n<p class=\"has-text-align-center has-small-font-size\">L&#8217;ambasciatore con alcuni membri del consiglio direttivo della Dante Alighieri: da sinistra, Massimo Barzizza, Alessandro Modiano,<br>Giovanna Mariotto, Enrique Esnal, Stefano Cara e Federico Colella. Foto: Puntodincontro<\/p>\n\n\n\n<div style=\"height:12px\" aria-hidden=\"true\" class=\"wp-block-spacer\"><\/div>\n\n\n<div class=\"wp-block-image\">\n<figure class=\"aligncenter size-full\"><img loading=\"lazy\" decoding=\"async\" width=\"800\" height=\"419\" src=\"https:\/\/puntodincontro.mx\/wp-content\/uploads\/2024\/01\/camaramodiano.webp\" alt=\"\" class=\"wp-image-17566\" srcset=\"https:\/\/puntodincontro.mx\/wp-content\/uploads\/2024\/01\/camaramodiano.webp 800w, https:\/\/puntodincontro.mx\/wp-content\/uploads\/2024\/01\/camaramodiano-300x157.webp 300w, https:\/\/puntodincontro.mx\/wp-content\/uploads\/2024\/01\/camaramodiano-768x402.webp 768w, https:\/\/puntodincontro.mx\/wp-content\/uploads\/2024\/01\/camaramodiano-18x9.webp 18w\" sizes=\"(max-width: 800px) 100vw, 800px\" \/><\/figure><\/div>\n\n\n<div style=\"height:12px\" aria-hidden=\"true\" class=\"wp-block-spacer\"><\/div>\n\n\n\n<p class=\"has-text-align-center has-small-font-size\">L&#8217;ambasciatore con il presidente e la direttrice generale della Camera di commercio italiana in Messico, da sinistra: Giovanna Mariotto, Alessandro Modiano, Lorenzo Vianello e Faribah Gallardo. Foto: CCIM<\/p>\n\n\n<!-- Ad space powered by WP AdCenter v2.5.7 - https:\/\/wpadcenter.com\/ --><div class=\"wpadcenter-adgroup\" ><div class=\"wpadcenter-adgroup__row wpadcenter-aligncenter\"><div class=\"wpadcenter-ad-container\" ><div id=\"wpadcenter-ad-18464\" class=\"ad-placement\"><div class=\"wpadcenter-ad-inner\" ><a id=\"wpadcenter_ad\" data-value=\"18464\" data-placement=\"\" href=\"https:\/\/www.productosremo.com\/\" target=\"_blank\" class=\"wpadcenter-ad-inner__item\" ><img decoding=\"async\"   src=\"https:\/\/puntodincontro.mx\/wp-content\/uploads\/2021\/08\/remobanner.jpg\" class=\"attachment-post-thumbnail size-post-thumbnail wp-post-image\" alt=\"\" srcset=\"https:\/\/puntodincontro.mx\/wp-content\/uploads\/2021\/08\/remobanner.jpg 200w, https:\/\/puntodincontro.mx\/wp-content\/uploads\/2021\/08\/remobanner-16x5.jpg 16w\" sizes=\"(max-width: 200px) 100vw, 200px\" \/><\/a><\/div><\/div><\/div><div class=\"wpadcenter-ad-container\" ><div id=\"wpadcenter-ad-5305\" class=\"ad-placement\"><div class=\"wpadcenter-ad-inner\" ><a id=\"wpadcenter_ad\" data-value=\"5305\" data-placement=\"\" href=\"https:\/\/ambcittadelmessico.esteri.it\/ambasciata_cittadelmessico\/it\/\" target=\"_blank\" class=\"wpadcenter-ad-inner__item\" ><img decoding=\"async\"   src=\"https:\/\/puntodincontro.mx\/wp-content\/uploads\/2022\/05\/Ambasciata.jpg\" class=\"attachment-post-thumbnail size-post-thumbnail wp-post-image\" alt=\"\" srcset=\"https:\/\/puntodincontro.mx\/wp-content\/uploads\/2022\/05\/Ambasciata.jpg 200w, https:\/\/puntodincontro.mx\/wp-content\/uploads\/2022\/05\/Ambasciata-18x5.jpg 18w\" sizes=\"(max-width: 200px) 100vw, 200px\" \/><\/a><\/div><\/div><\/div><div class=\"wpadcenter-ad-container\" ><div id=\"wpadcenter-ad-3781\" class=\"ad-placement\"><div class=\"wpadcenter-ad-inner\" ><a id=\"wpadcenter_ad\" data-value=\"3781\" data-placement=\"\" href=\"https:\/\/cannizzo.com.mx\/\" target=\"_blank\" class=\"wpadcenter-ad-inner__item\" ><img decoding=\"async\"   src=\"https:\/\/puntodincontro.mx\/wp-content\/uploads\/2022\/03\/cannizzo2.jpg\" class=\"attachment-post-thumbnail size-post-thumbnail wp-post-image\" alt=\"\" srcset=\"https:\/\/puntodincontro.mx\/wp-content\/uploads\/2022\/03\/cannizzo2.jpg 200w, https:\/\/puntodincontro.mx\/wp-content\/uploads\/2022\/03\/cannizzo2-18x5.jpg 18w\" sizes=\"(max-width: 200px) 100vw, 200px\" \/><\/a><\/div><\/div><\/div><\/div><div class=\"wpadcenter-adgroup__row wpadcenter-aligncenter\"><div class=\"wpadcenter-ad-container\" ><div id=\"wpadcenter-ad-1704\" class=\"ad-placement\"><div class=\"wpadcenter-ad-inner\" ><a id=\"wpadcenter_ad\" data-value=\"1704\" data-placement=\"\" href=\"https:\/\/puntodincontro.mx\/es\/2021\/12\/24\/inps-verificacion-de-supervivencia-de-los-pensionados-en-el-extranjero\/\" target=\"_blank\" class=\"wpadcenter-ad-inner__item\" ><img decoding=\"async\"   src=\"https:\/\/puntodincontro.mx\/wp-content\/uploads\/2021\/11\/logo-ital.jpg\" class=\"attachment-post-thumbnail size-post-thumbnail wp-post-image\" alt=\"Patronato ITAL Messico\" srcset=\"https:\/\/puntodincontro.mx\/wp-content\/uploads\/2021\/11\/logo-ital.jpg 200w, https:\/\/puntodincontro.mx\/wp-content\/uploads\/2021\/11\/logo-ital-16x5.jpg 16w\" sizes=\"(max-width: 200px) 100vw, 200px\" \/><\/a><\/div><\/div><\/div><div class=\"wpadcenter-ad-container\" ><div id=\"wpadcenter-ad-1538\" class=\"ad-placement\"><div class=\"wpadcenter-ad-inner\" ><a id=\"wpadcenter_ad\" data-value=\"1538\" data-placement=\"\" href=\"https:\/\/asociacionitaliana.org\/\" target=\"_blank\" class=\"wpadcenter-ad-inner__item\" ><img decoding=\"async\"   src=\"https:\/\/puntodincontro.mx\/wp-content\/uploads\/2021\/11\/aialogo.jpg\" class=\"attachment-post-thumbnail size-post-thumbnail wp-post-image\" alt=\"Associazione Italiana di Assistenza IAP\" srcset=\"https:\/\/puntodincontro.mx\/wp-content\/uploads\/2021\/11\/aialogo.jpg 200w, https:\/\/puntodincontro.mx\/wp-content\/uploads\/2021\/11\/aialogo-18x5.jpg 18w\" sizes=\"(max-width: 200px) 100vw, 200px\" \/><\/a><\/div><\/div><\/div><div class=\"wpadcenter-ad-container\" ><div id=\"wpadcenter-ad-1513\" class=\"ad-placement\"><div class=\"wpadcenter-ad-inner\" ><a id=\"wpadcenter_ad\" data-value=\"1513\" data-placement=\"\" href=\"https:\/\/gcinmuebles.mx\" target=\"_blank\" class=\"wpadcenter-ad-inner__item\" ><img decoding=\"async\"   src=\"https:\/\/puntodincontro.mx\/wp-content\/uploads\/2021\/10\/gcinmuebleslogopunto-1.jpg\" class=\"attachment-post-thumbnail size-post-thumbnail wp-post-image\" alt=\"\" srcset=\"https:\/\/puntodincontro.mx\/wp-content\/uploads\/2021\/10\/gcinmuebleslogopunto-1.jpg 200w, https:\/\/puntodincontro.mx\/wp-content\/uploads\/2021\/10\/gcinmuebleslogopunto-1-18x5.jpg 18w\" sizes=\"(max-width: 200px) 100vw, 200px\" \/><\/a><\/div><\/div><\/div><\/div><div class=\"wpadcenter-adgroup__row wpadcenter-aligncenter\"><div class=\"wpadcenter-ad-container\" ><div id=\"wpadcenter-ad-1374\" class=\"ad-placement\"><div class=\"wpadcenter-ad-inner\" ><a id=\"wpadcenter_ad\" data-value=\"1374\" data-placement=\"\" href=\"https:\/\/www.9colonne.it\/\" target=\"_blank\" class=\"wpadcenter-ad-inner__item\" ><img decoding=\"async\"   src=\"https:\/\/puntodincontro.mx\/wp-content\/uploads\/2021\/10\/Banner9colonne.gif\" class=\"attachment-post-thumbnail size-post-thumbnail wp-post-image\" alt=\"\" \/><\/a><\/div><\/div><\/div><div class=\"wpadcenter-ad-container\" ><div id=\"wpadcenter-ad-276\" class=\"ad-placement\"><div class=\"wpadcenter-ad-inner\" ><a id=\"wpadcenter_ad\" data-value=\"276\" data-placement=\"\" href=\"http:\/\/www.camaraitaliana.mx\/\" target=\"_blank\" class=\"wpadcenter-ad-inner__item\" ><img decoding=\"async\"   src=\"https:\/\/puntodincontro.mx\/wp-content\/uploads\/2021\/08\/ccimnuovo.jpg\" class=\"attachment-post-thumbnail size-post-thumbnail wp-post-image\" alt=\"\" srcset=\"https:\/\/puntodincontro.mx\/wp-content\/uploads\/2021\/08\/ccimnuovo.jpg 200w, https:\/\/puntodincontro.mx\/wp-content\/uploads\/2021\/08\/ccimnuovo-18x5.jpg 18w\" sizes=\"(max-width: 200px) 100vw, 200px\" \/><\/a><\/div><\/div><\/div><div class=\"wpadcenter-ad-container\" ><div id=\"wpadcenter-ad-272\" class=\"ad-placement\"><div class=\"wpadcenter-ad-inner\" ><a id=\"wpadcenter_ad\" data-value=\"272\" data-placement=\"\" href=\"http:\/\/corix.us\/\" target=\"_blank\" class=\"wpadcenter-ad-inner__item\" ><img decoding=\"async\"   src=\"https:\/\/puntodincontro.mx\/wp-content\/uploads\/2021\/08\/corixbanner-1.jpg\" class=\"attachment-post-thumbnail size-post-thumbnail wp-post-image\" alt=\"\" srcset=\"https:\/\/puntodincontro.mx\/wp-content\/uploads\/2021\/08\/corixbanner-1.jpg 200w, https:\/\/puntodincontro.mx\/wp-content\/uploads\/2021\/08\/corixbanner-1-16x5.jpg 16w\" sizes=\"(max-width: 200px) 100vw, 200px\" \/><\/a><\/div><\/div><\/div><\/div><div class=\"wpadcenter-adgroup__row wpadcenter-aligncenter\"><div class=\"wpadcenter-ad-container\" ><div id=\"wpadcenter-ad-266\" class=\"ad-placement\"><div class=\"wpadcenter-ad-inner\" ><a id=\"wpadcenter_ad\" data-value=\"266\" data-placement=\"\" href=\"https:\/\/www.prinsel.com.mx\/\" target=\"_blank\" class=\"wpadcenter-ad-inner__item\" ><img decoding=\"async\"   src=\"https:\/\/puntodincontro.mx\/wp-content\/uploads\/2021\/08\/prinselbanner-1.jpg\" class=\"attachment-post-thumbnail size-post-thumbnail wp-post-image\" alt=\"\" srcset=\"https:\/\/puntodincontro.mx\/wp-content\/uploads\/2021\/08\/prinselbanner-1.jpg 200w, https:\/\/puntodincontro.mx\/wp-content\/uploads\/2021\/08\/prinselbanner-1-16x5.jpg 16w\" sizes=\"(max-width: 200px) 100vw, 200px\" \/><\/a><\/div><\/div><\/div><div class=\"wpadcenter-ad-container\" ><div id=\"wpadcenter-ad-261\" class=\"ad-placement\"><div class=\"wpadcenter-ad-inner\" ><a id=\"wpadcenter_ad\" data-value=\"261\" data-placement=\"\" href=\"https:\/\/faitalia.com.mx\/\" target=\"_blank\" class=\"wpadcenter-ad-inner__item\" ><img decoding=\"async\"   src=\"https:\/\/puntodincontro.mx\/wp-content\/uploads\/2021\/08\/gruppodino.jpg\" class=\"attachment-post-thumbnail size-post-thumbnail wp-post-image\" alt=\"\" srcset=\"https:\/\/puntodincontro.mx\/wp-content\/uploads\/2021\/08\/gruppodino.jpg 200w, https:\/\/puntodincontro.mx\/wp-content\/uploads\/2021\/08\/gruppodino-18x5.jpg 18w\" sizes=\"(max-width: 200px) 100vw, 200px\" \/><\/a><\/div><\/div><\/div><\/div><\/div>\n\n\n<div style=\"height:12px\" aria-hidden=\"true\" class=\"wp-block-spacer\"><\/div>","protected":false},"excerpt":{"rendered":"<p>Ore 07.20 &#8211; L&#8217;Ambasciatore d&#8217;Italia, Alessandro Modiano, ha incontrato gioved\u00ec scorso alcuni rappresentanti dei consigli direttivi della Societ\u00e0 Dante Alighieri di Citt\u00e0 del Messico e della Camera di Commercio italiana in Messico. Ha assistito alla riunione anche Giovanna Mariotto, responsabile dell&#8217;area commerciale dell&#8217;ambasciata. Le riunioni hanno avuto luogo negli uffici della Calle Marsella del quartiere Ju\u00e1rez, sede di entrambe le istituzioni. Per la Dante Alighieri hanno partecipato il vicepresidente Enrique Esnal, il segretario Massimo Barzizza e il consigliere Federico Colella, accompagnati dal direttore generale Stefano Cara. La Camera di Commercio \u00e8 stata rappresentata dal presidente Lorenzo Vianello e dalla direttrice&#8230; <\/p>","protected":false},"author":2,"featured_media":17562,"comment_status":"open","ping_status":"open","sticky":false,"template":"","format":"standard","meta":{"_monsterinsights_skip_tracking":false,"_monsterinsights_sitenote_active":false,"_monsterinsights_sitenote_note":"","_monsterinsights_sitenote_category":0,"footnotes":""},"categories":[4],"tags":[],"class_list":["post-17556","post","type-post","status-publish","format-standard","has-post-thumbnail","hentry","category-italia-in-messico"],"yoast_head":"<!-- This site is optimized with the Yoast SEO Premium plugin v18.4 (Yoast SEO v25.6) - https:\/\/yoast.com\/wordpress\/plugins\/seo\/ -->\n<title>Modiano, riunione con la Dante Alighieri e la Camera di Commercio<\/title>\n<meta name=\"description\" content=\"L&#039;Ambasciatore d&#039;Italia ha incontrato rappresentanti dei consigli direttivi della Societ\u00e0 Dante Alighieri e della Camera di Commercio.\" \/>\n<meta name=\"robots\" content=\"index, follow, max-snippet:-1, max-image-preview:large, max-video-preview:-1\" \/>\n<link rel=\"canonical\" href=\"https:\/\/puntodincontro.mx\/es\/2024\/01\/30\/modiano-reunion-con-la-dante-alighieri-y-la-camara-de-comercio\/\" \/>\n<meta property=\"og:locale\" content=\"es_MX\" \/>\n<meta property=\"og:type\" content=\"article\" \/>\n<meta property=\"og:title\" content=\"Modiano, riunione con la Dante Alighieri e la Camera di Commercio\" \/>\n<meta property=\"og:description\" content=\"L&#039;Ambasciatore d&#039;Italia ha incontrato rappresentanti dei consigli direttivi della Societ\u00e0 Dante Alighieri e della Camera di Commercio.\" \/>\n<meta property=\"og:url\" content=\"https:\/\/puntodincontro.mx\/es\/2024\/01\/30\/modiano-reunion-con-la-dante-alighieri-y-la-camara-de-comercio\/\" \/>\n<meta property=\"og:site_name\" content=\"Puntodincontro\" \/>\n<meta property=\"article:publisher\" content=\"https:\/\/www.facebook.com\/puntodincontro.mx\" \/>\n<meta property=\"article:published_time\" content=\"2024-01-30T15:37:21+00:00\" \/>\n<meta property=\"article:modified_time\" content=\"2024-01-30T16:23:06+00:00\" \/>\n<meta property=\"og:image\" content=\"https:\/\/puntodincontro.mx\/wp-content\/uploads\/2024\/01\/incontrocomp.jpg\" \/>\n\t<meta property=\"og:image:width\" content=\"932\" \/>\n\t<meta property=\"og:image:height\" content=\"488\" \/>\n\t<meta property=\"og:image:type\" content=\"image\/jpeg\" \/>\n<meta name=\"author\" content=\"Puntodincontro\" \/>\n<meta name=\"twitter:card\" content=\"summary_large_image\" \/>\n<meta name=\"twitter:creator\" content=\"@puntodincontro\" \/>\n<meta name=\"twitter:site\" content=\"@puntodincontro\" \/>\n<meta name=\"twitter:label1\" content=\"Escrito por\" \/>\n\t<meta name=\"twitter:data1\" content=\"Puntodincontro\" \/>\n\t<meta name=\"twitter:label2\" content=\"Tiempo de lectura\" \/>\n\t<meta name=\"twitter:data2\" content=\"2 minutos\" \/>\n<script type=\"application\/ld+json\" class=\"yoast-schema-graph\">{\"@context\":\"https:\/\/schema.org\",\"@graph\":[{\"@type\":\"NewsArticle\",\"@id\":\"https:\/\/puntodincontro.mx\/2024\/01\/30\/modiano-riunione-con-la-dante-alighieri-e-la-camera-di-commercio\/#article\",\"isPartOf\":{\"@id\":\"https:\/\/puntodincontro.mx\/2024\/01\/30\/modiano-riunione-con-la-dante-alighieri-e-la-camera-di-commercio\/\"},\"author\":{\"name\":\"Puntodincontro\",\"@id\":\"https:\/\/puntodincontro.mx\/#\/schema\/person\/d3066d18a16259cbb0c29b0d0e93b556\"},\"headline\":\"Modiano, riunione con la Dante Alighieri e la Camera di Commercio\",\"datePublished\":\"2024-01-30T15:37:21+00:00\",\"dateModified\":\"2024-01-30T16:23:06+00:00\",\"mainEntityOfPage\":{\"@id\":\"https:\/\/puntodincontro.mx\/2024\/01\/30\/modiano-riunione-con-la-dante-alighieri-e-la-camera-di-commercio\/\"},\"wordCount\":454,\"commentCount\":1,\"publisher\":{\"@id\":\"https:\/\/puntodincontro.mx\/#organization\"},\"image\":{\"@id\":\"https:\/\/puntodincontro.mx\/2024\/01\/30\/modiano-riunione-con-la-dante-alighieri-e-la-camera-di-commercio\/#primaryimage\"},\"thumbnailUrl\":\"https:\/\/puntodincontro.mx\/wp-content\/uploads\/2024\/01\/incontrovert.webp\",\"articleSection\":[\"Italia in Messico\"],\"inLanguage\":\"es\",\"potentialAction\":[{\"@type\":\"CommentAction\",\"name\":\"Comment\",\"target\":[\"https:\/\/puntodincontro.mx\/2024\/01\/30\/modiano-riunione-con-la-dante-alighieri-e-la-camera-di-commercio\/#respond\"]}]},{\"@type\":\"WebPage\",\"@id\":\"https:\/\/puntodincontro.mx\/2024\/01\/30\/modiano-riunione-con-la-dante-alighieri-e-la-camera-di-commercio\/\",\"url\":\"https:\/\/puntodincontro.mx\/2024\/01\/30\/modiano-riunione-con-la-dante-alighieri-e-la-camera-di-commercio\/\",\"name\":\"Modiano, riunione con la Dante Alighieri e la Camera di Commercio\",\"isPartOf\":{\"@id\":\"https:\/\/puntodincontro.mx\/#website\"},\"primaryImageOfPage\":{\"@id\":\"https:\/\/puntodincontro.mx\/2024\/01\/30\/modiano-riunione-con-la-dante-alighieri-e-la-camera-di-commercio\/#primaryimage\"},\"image\":{\"@id\":\"https:\/\/puntodincontro.mx\/2024\/01\/30\/modiano-riunione-con-la-dante-alighieri-e-la-camera-di-commercio\/#primaryimage\"},\"thumbnailUrl\":\"https:\/\/puntodincontro.mx\/wp-content\/uploads\/2024\/01\/incontrovert.webp\",\"datePublished\":\"2024-01-30T15:37:21+00:00\",\"dateModified\":\"2024-01-30T16:23:06+00:00\",\"description\":\"L'Ambasciatore d'Italia ha incontrato rappresentanti dei consigli direttivi della Societ\u00e0 Dante Alighieri e della Camera di Commercio.\",\"breadcrumb\":{\"@id\":\"https:\/\/puntodincontro.mx\/2024\/01\/30\/modiano-riunione-con-la-dante-alighieri-e-la-camera-di-commercio\/#breadcrumb\"},\"inLanguage\":\"es\",\"potentialAction\":[{\"@type\":\"ReadAction\",\"target\":[\"https:\/\/puntodincontro.mx\/2024\/01\/30\/modiano-riunione-con-la-dante-alighieri-e-la-camera-di-commercio\/\"]}]},{\"@type\":\"ImageObject\",\"inLanguage\":\"es\",\"@id\":\"https:\/\/puntodincontro.mx\/2024\/01\/30\/modiano-riunione-con-la-dante-alighieri-e-la-camera-di-commercio\/#primaryimage\",\"url\":\"https:\/\/puntodincontro.mx\/wp-content\/uploads\/2024\/01\/incontrovert.webp\",\"contentUrl\":\"https:\/\/puntodincontro.mx\/wp-content\/uploads\/2024\/01\/incontrovert.webp\",\"width\":423,\"height\":488,\"caption\":\"Modiano, riunione con la Dante Alighieri e la Camera di Commercio \/ Immagine: Puntodincontro\"},{\"@type\":\"BreadcrumbList\",\"@id\":\"https:\/\/puntodincontro.mx\/2024\/01\/30\/modiano-riunione-con-la-dante-alighieri-e-la-camera-di-commercio\/#breadcrumb\",\"itemListElement\":[{\"@type\":\"ListItem\",\"position\":1,\"name\":\"Home\",\"item\":\"https:\/\/puntodincontro.mx\/\"},{\"@type\":\"ListItem\",\"position\":2,\"name\":\"Modiano, riunione con la Dante Alighieri e la Camera di Commercio\"}]},{\"@type\":\"WebSite\",\"@id\":\"https:\/\/puntodincontro.mx\/#website\",\"url\":\"https:\/\/puntodincontro.mx\/\",\"name\":\"Puntodincontro\",\"description\":\"Dal 2006 notizie sui rapporti Italia-Messico \/ Desde 2006 noticias sobre las relaciones entre Italia y M\u00e9xico\",\"publisher\":{\"@id\":\"https:\/\/puntodincontro.mx\/#organization\"},\"potentialAction\":[{\"@type\":\"SearchAction\",\"target\":{\"@type\":\"EntryPoint\",\"urlTemplate\":\"https:\/\/puntodincontro.mx\/?s={search_term_string}\"},\"query-input\":{\"@type\":\"PropertyValueSpecification\",\"valueRequired\":true,\"valueName\":\"search_term_string\"}}],\"inLanguage\":\"es\"},{\"@type\":\"Organization\",\"@id\":\"https:\/\/puntodincontro.mx\/#organization\",\"name\":\"Puntodincontro\",\"url\":\"https:\/\/puntodincontro.mx\/\",\"logo\":{\"@type\":\"ImageObject\",\"inLanguage\":\"es\",\"@id\":\"https:\/\/puntodincontro.mx\/#\/schema\/logo\/image\/\",\"url\":\"https:\/\/puntodincontro.mx\/wp-content\/uploads\/2021\/08\/Default-image-for-open-graph-settings.jpg\",\"contentUrl\":\"https:\/\/puntodincontro.mx\/wp-content\/uploads\/2021\/08\/Default-image-for-open-graph-settings.jpg\",\"width\":1200,\"height\":630,\"caption\":\"Puntodincontro\"},\"image\":{\"@id\":\"https:\/\/puntodincontro.mx\/#\/schema\/logo\/image\/\"},\"sameAs\":[\"https:\/\/www.facebook.com\/puntodincontro.mx\",\"https:\/\/x.com\/puntodincontro\",\"https:\/\/www.instagram.com\/puntodincontro.mx\/\",\"https:\/\/www.linkedin.com\/company\/puntodincontro\/\",\"https:\/\/www.youtube.com\/c\/puntodincontromessico\",\"https:\/\/www.patreon.com\/puntodincontro\",\"https:\/\/www.threads.net\/@puntodincontro.mx\"]},{\"@type\":\"Person\",\"@id\":\"https:\/\/puntodincontro.mx\/#\/schema\/person\/d3066d18a16259cbb0c29b0d0e93b556\",\"name\":\"Puntodincontro\",\"image\":{\"@type\":\"ImageObject\",\"inLanguage\":\"es\",\"@id\":\"https:\/\/puntodincontro.mx\/#\/schema\/person\/image\/\",\"url\":\"https:\/\/secure.gravatar.com\/avatar\/0e85b4b3b5e9d6bfcec6a4956d8cc63a?s=96&d=mm&r=g\",\"contentUrl\":\"https:\/\/secure.gravatar.com\/avatar\/0e85b4b3b5e9d6bfcec6a4956d8cc63a?s=96&d=mm&r=g\",\"caption\":\"Puntodincontro\"},\"url\":\"https:\/\/puntodincontro.mx\/es\/author\/puntodincontro\/\"}]}<\/script>\n<!-- \/ Yoast SEO Premium plugin. -->","yoast_head_json":{"title":"Modiano, encuentro con la Dante Alighieri y la C\u00e1mara de Comercio","description":"L'Ambasciatore d'Italia ha incontrato rappresentanti dei consigli direttivi della Societ\u00e0 Dante Alighieri e della Camera di Commercio.","robots":{"index":"index","follow":"follow","max-snippet":"max-snippet:-1","max-image-preview":"max-image-preview:large","max-video-preview":"max-video-preview:-1"},"canonical":"https:\/\/puntodincontro.mx\/es\/2024\/01\/30\/modiano-reunion-con-la-dante-alighieri-y-la-camara-de-comercio\/","og_locale":"es_MX","og_type":"article","og_title":"Modiano, riunione con la Dante Alighieri e la Camera di Commercio","og_description":"L'Ambasciatore d'Italia ha incontrato rappresentanti dei consigli direttivi della Societ\u00e0 Dante Alighieri e della Camera di Commercio.","og_url":"https:\/\/puntodincontro.mx\/es\/2024\/01\/30\/modiano-reunion-con-la-dante-alighieri-y-la-camara-de-comercio\/","og_site_name":"Puntodincontro","article_publisher":"https:\/\/www.facebook.com\/puntodincontro.mx","article_published_time":"2024-01-30T15:37:21+00:00","article_modified_time":"2024-01-30T16:23:06+00:00","og_image":[{"width":932,"height":488,"url":"https:\/\/puntodincontro.mx\/wp-content\/uploads\/2024\/01\/incontrocomp.jpg","type":"image\/jpeg"}],"author":"Puntodincontro","twitter_card":"summary_large_image","twitter_creator":"@puntodincontro","twitter_site":"@puntodincontro","twitter_misc":{"Escrito por":"Puntodincontro","Tiempo de lectura":"2 minutos"},"schema":{"@context":"https:\/\/schema.org","@graph":[{"@type":"NewsArticle","@id":"https:\/\/puntodincontro.mx\/2024\/01\/30\/modiano-riunione-con-la-dante-alighieri-e-la-camera-di-commercio\/#article","isPartOf":{"@id":"https:\/\/puntodincontro.mx\/2024\/01\/30\/modiano-riunione-con-la-dante-alighieri-e-la-camera-di-commercio\/"},"author":{"name":"Puntodincontro","@id":"https:\/\/puntodincontro.mx\/#\/schema\/person\/d3066d18a16259cbb0c29b0d0e93b556"},"headline":"Modiano, riunione con la Dante Alighieri e la Camera di Commercio","datePublished":"2024-01-30T15:37:21+00:00","dateModified":"2024-01-30T16:23:06+00:00","mainEntityOfPage":{"@id":"https:\/\/puntodincontro.mx\/2024\/01\/30\/modiano-riunione-con-la-dante-alighieri-e-la-camera-di-commercio\/"},"wordCount":454,"commentCount":1,"publisher":{"@id":"https:\/\/puntodincontro.mx\/#organization"},"image":{"@id":"https:\/\/puntodincontro.mx\/2024\/01\/30\/modiano-riunione-con-la-dante-alighieri-e-la-camera-di-commercio\/#primaryimage"},"thumbnailUrl":"https:\/\/puntodincontro.mx\/wp-content\/uploads\/2024\/01\/incontrovert.webp","articleSection":["Italia in Messico"],"inLanguage":"es","potentialAction":[{"@type":"CommentAction","name":"Comment","target":["https:\/\/puntodincontro.mx\/2024\/01\/30\/modiano-riunione-con-la-dante-alighieri-e-la-camera-di-commercio\/#respond"]}]},{"@type":"WebPage","@id":"https:\/\/puntodincontro.mx\/2024\/01\/30\/modiano-riunione-con-la-dante-alighieri-e-la-camera-di-commercio\/","url":"https:\/\/puntodincontro.mx\/2024\/01\/30\/modiano-riunione-con-la-dante-alighieri-e-la-camera-di-commercio\/","name":"Modiano, encuentro con la Dante Alighieri y la C\u00e1mara de Comercio","isPartOf":{"@id":"https:\/\/puntodincontro.mx\/#website"},"primaryImageOfPage":{"@id":"https:\/\/puntodincontro.mx\/2024\/01\/30\/modiano-riunione-con-la-dante-alighieri-e-la-camera-di-commercio\/#primaryimage"},"image":{"@id":"https:\/\/puntodincontro.mx\/2024\/01\/30\/modiano-riunione-con-la-dante-alighieri-e-la-camera-di-commercio\/#primaryimage"},"thumbnailUrl":"https:\/\/puntodincontro.mx\/wp-content\/uploads\/2024\/01\/incontrovert.webp","datePublished":"2024-01-30T15:37:21+00:00","dateModified":"2024-01-30T16:23:06+00:00","description":"L'Ambasciatore d'Italia ha incontrato rappresentanti dei consigli direttivi della Societ\u00e0 Dante Alighieri e della Camera di Commercio.","breadcrumb":{"@id":"https:\/\/puntodincontro.mx\/2024\/01\/30\/modiano-riunione-con-la-dante-alighieri-e-la-camera-di-commercio\/#breadcrumb"},"inLanguage":"es","potentialAction":[{"@type":"ReadAction","target":["https:\/\/puntodincontro.mx\/2024\/01\/30\/modiano-riunione-con-la-dante-alighieri-e-la-camera-di-commercio\/"]}]},{"@type":"ImageObject","inLanguage":"es","@id":"https:\/\/puntodincontro.mx\/2024\/01\/30\/modiano-riunione-con-la-dante-alighieri-e-la-camera-di-commercio\/#primaryimage","url":"https:\/\/puntodincontro.mx\/wp-content\/uploads\/2024\/01\/incontrovert.webp","contentUrl":"https:\/\/puntodincontro.mx\/wp-content\/uploads\/2024\/01\/incontrovert.webp","width":423,"height":488,"caption":"Modiano, riunione con la Dante Alighieri e la Camera di Commercio \/ Immagine: Puntodincontro"},{"@type":"BreadcrumbList","@id":"https:\/\/puntodincontro.mx\/2024\/01\/30\/modiano-riunione-con-la-dante-alighieri-e-la-camera-di-commercio\/#breadcrumb","itemListElement":[{"@type":"ListItem","position":1,"name":"Home","item":"https:\/\/puntodincontro.mx\/"},{"@type":"ListItem","position":2,"name":"Modiano, riunione con la Dante Alighieri e la Camera di Commercio"}]},{"@type":"WebSite","@id":"https:\/\/puntodincontro.mx\/#website","url":"https:\/\/puntodincontro.mx\/","name":"Puntodincontro","description":"Desde el 2006 noticias sobre las relaciones entre Italia y M\u00e9xico \/ Dal 2006 notizie sui rapporti Italia-Messico","publisher":{"@id":"https:\/\/puntodincontro.mx\/#organization"},"potentialAction":[{"@type":"SearchAction","target":{"@type":"EntryPoint","urlTemplate":"https:\/\/puntodincontro.mx\/?s={search_term_string}"},"query-input":{"@type":"PropertyValueSpecification","valueRequired":true,"valueName":"search_term_string"}}],"inLanguage":"es"},{"@type":"Organization","@id":"https:\/\/puntodincontro.mx\/#organization","name":"Puntodincontro","url":"https:\/\/puntodincontro.mx\/","logo":{"@type":"ImageObject","inLanguage":"es","@id":"https:\/\/puntodincontro.mx\/#\/schema\/logo\/image\/","url":"https:\/\/puntodincontro.mx\/wp-content\/uploads\/2021\/08\/Default-image-for-open-graph-settings.jpg","contentUrl":"https:\/\/puntodincontro.mx\/wp-content\/uploads\/2021\/08\/Default-image-for-open-graph-settings.jpg","width":1200,"height":630,"caption":"Puntodincontro"},"image":{"@id":"https:\/\/puntodincontro.mx\/#\/schema\/logo\/image\/"},"sameAs":["https:\/\/www.facebook.com\/puntodincontro.mx","https:\/\/x.com\/puntodincontro","https:\/\/www.instagram.com\/puntodincontro.mx\/","https:\/\/www.linkedin.com\/company\/puntodincontro\/","https:\/\/www.youtube.com\/c\/puntodincontromessico","https:\/\/www.patreon.com\/puntodincontro","https:\/\/www.threads.net\/@puntodincontro.mx"]},{"@type":"Person","@id":"https:\/\/puntodincontro.mx\/#\/schema\/person\/d3066d18a16259cbb0c29b0d0e93b556","name":"Puntodincontro","image":{"@type":"ImageObject","inLanguage":"es","@id":"https:\/\/puntodincontro.mx\/#\/schema\/person\/image\/","url":"https:\/\/secure.gravatar.com\/avatar\/0e85b4b3b5e9d6bfcec6a4956d8cc63a?s=96&d=mm&r=g","contentUrl":"https:\/\/secure.gravatar.com\/avatar\/0e85b4b3b5e9d6bfcec6a4956d8cc63a?s=96&d=mm&r=g","caption":"Puntodincontro"},"url":"https:\/\/puntodincontro.mx\/es\/author\/puntodincontro\/"}]}},"_links":{"self":[{"href":"https:\/\/puntodincontro.mx\/es\/wp-json\/wp\/v2\/posts\/17556"}],"collection":[{"href":"https:\/\/puntodincontro.mx\/es\/wp-json\/wp\/v2\/posts"}],"about":[{"href":"https:\/\/puntodincontro.mx\/es\/wp-json\/wp\/v2\/types\/post"}],"author":[{"embeddable":true,"href":"https:\/\/puntodincontro.mx\/es\/wp-json\/wp\/v2\/users\/2"}],"replies":[{"embeddable":true,"href":"https:\/\/puntodincontro.mx\/es\/wp-json\/wp\/v2\/comments?post=17556"}],"version-history":[{"count":9,"href":"https:\/\/puntodincontro.mx\/es\/wp-json\/wp\/v2\/posts\/17556\/revisions"}],"predecessor-version":[{"id":17571,"href":"https:\/\/puntodincontro.mx\/es\/wp-json\/wp\/v2\/posts\/17556\/revisions\/17571"}],"wp:featuredmedia":[{"embeddable":true,"href":"https:\/\/puntodincontro.mx\/es\/wp-json\/wp\/v2\/media\/17562"}],"wp:attachment":[{"href":"https:\/\/puntodincontro.mx\/es\/wp-json\/wp\/v2\/media?parent=17556"}],"wp:term":[{"taxonomy":"category","embeddable":true,"href":"https:\/\/puntodincontro.mx\/es\/wp-json\/wp\/v2\/categories?post=17556"},{"taxonomy":"post_tag","embeddable":true,"href":"https:\/\/puntodincontro.mx\/es\/wp-json\/wp\/v2\/tags?post=17556"}],"curies":[{"name":"wp","href":"https:\/\/api.w.org\/{rel}","templated":true}]}}