{"id":18013,"date":"2024-02-22T10:19:37","date_gmt":"2024-02-22T16:19:37","guid":{"rendered":"https:\/\/puntodincontro.mx\/?p=18013"},"modified":"2024-02-22T10:19:38","modified_gmt":"2024-02-22T16:19:38","slug":"autos-tasas-y-precios-empujan-hacia-el-regreso-del-motor-de-combustion","status":"publish","type":"post","link":"https:\/\/puntodincontro.mx\/es\/2024\/02\/22\/auto-tassi-e-prezzi-spingono-verso-il-ritorno-del-motore-termico\/","title":{"rendered":"Autos: tasas y precios empujan hacia el regreso del motor de combusti\u00f3n"},"content":{"rendered":"<p class=\"translation-block\"><strong>10:05 hrs.<\/strong> - De acuerdo con el <a href=\"http:\/\/puntodincontro.mx\/es\/pdf\/gx-deloittes-2024-global-automotive-consumer-study-january-2024.pdf\/\" target=\"_blank\" rel=\"noreferrer noopener\"><em>Deloitte Global Automotive Consumer Study<\/em> 2024<\/a>, la desaceleraci\u00f3n de las preferencias hacia los veh\u00edculos el\u00e9ctricos en algunos mercados, incluyendo Estados Unidos y la Uni\u00f3n Europea, podr\u00eda poner en peligro los plazos establecidos por las regulaciones locales y los acuerdos internacionales.<\/p>\n\n\n\n<p>Desde hace m\u00e1s de una d\u00e9cada, Deloitte ha estado explorando las tendencias del consumo en el mercado automotor que impactan un ecosistema de movilidad global en r\u00e1pida evoluci\u00f3n.<\/p>\n\n\n\n<p>Entre los hallazgos clave de la edici\u00f3n 2024, se subraya que, a pesar de los descuentos ofrecidos por los fabricantes y los incentivos gubernamentales dise\u00f1ados para volverlos m\u00e1s asequibles, las altas tasas de inter\u00e9s y los a\u00fan elevados precios de lista podr\u00edan estar debilitando el inter\u00e9s de los consumidores por los autos el\u00e9ctricos.<\/p>\n\n\n\n<p>Una variedad de otros factores contin\u00faan, adem\u00e1s, interponi\u00e9ndose en el camino, incluyendo la ansiedad relacionada con la autonom\u00eda, los tiempos de carga y la disponibilidad de infraestructura disponible en centros urbanos y rutas interurbanas.<\/p>\n\n\n\n<p>La Uni\u00f3n Europea persigue el objetivo de alcanzar cero emisiones de gases de efecto invernadero para 2050 y ha fijado el fin de la producci\u00f3n de motores tradicionales de combusti\u00f3n interna, gasolina o di\u00e9sel, para 2035. Pero los fabricantes de autom\u00f3viles preferir\u00edan que se pospusiera este plazo. La raz\u00f3n es sencilla: los consumidores europeos, en su conjunto, siguen declarando que los coches de gasolina y di\u00e9sel son su primera opci\u00f3n a la hora de planear la adquisici\u00f3n del pr\u00f3ximo auto. En un a\u00f1o, la preferencia de los italianos por los veh\u00edculos de gasolina y di\u00e9sel ha pasado del 19% al 30% y en el continente pesa a\u00fan m\u00e1s: 43%.<\/p>\n\n\n\n<p>En los Estados Unidos, el 67% de los encuestados mostr\u00f3 preferencia para veh\u00edculos de gasolina\/diesel en lo que se refiere a los planes para su pr\u00f3ximo medio de transporte y solo el 6% planea adquirir un coche totalmente el\u00e9ctrico. El 16% de las respuestas se inclinan hacia coches h\u00edbridos y el 6% indica unidades el\u00e9ctricas h\u00edbridas enchufables.<\/p>\n\n\n\n<p>Adem\u00e1s, en la mayor\u00eda de los mercados examinados, la raz\u00f3n principal por la que los consumidores pretenden comprar un veh\u00edculo electrificado surge de un fuerte deseo de reducir los costos operativos, superando las preocupaciones sobre el cambio clim\u00e1tico global.<\/p>\n\n\n\n<p class=\"has-small-font-size\">Imagen: Deloitte Touche Tohmatsu Limited<\/p>\n\n\n\n<div style=\"height:12px\" aria-hidden=\"true\" class=\"wp-block-spacer\"><\/div>\n\n\n<!-- Ad space powered by WP AdCenter v2.5.7 - https:\/\/wpadcenter.com\/ --><div class=\"wpadcenter-adgroup\" ><div class=\"wpadcenter-adgroup__row wpadcenter-aligncenter\"><div class=\"wpadcenter-ad-container\" ><div id=\"wpadcenter-ad-18464\" class=\"ad-placement\"><div class=\"wpadcenter-ad-inner\" ><a id=\"wpadcenter_ad\" data-value=\"18464\" data-placement=\"\" href=\"https:\/\/www.productosremo.com\/\" target=\"_blank\" class=\"wpadcenter-ad-inner__item\" ><img decoding=\"async\"   src=\"https:\/\/puntodincontro.mx\/wp-content\/uploads\/2021\/08\/remobanner.jpg\" class=\"attachment-post-thumbnail size-post-thumbnail wp-post-image\" alt=\"\" srcset=\"https:\/\/puntodincontro.mx\/wp-content\/uploads\/2021\/08\/remobanner.jpg 200w, https:\/\/puntodincontro.mx\/wp-content\/uploads\/2021\/08\/remobanner-16x5.jpg 16w\" sizes=\"(max-width: 200px) 100vw, 200px\" \/><\/a><\/div><\/div><\/div><div class=\"wpadcenter-ad-container\" ><div id=\"wpadcenter-ad-5305\" class=\"ad-placement\"><div class=\"wpadcenter-ad-inner\" ><a id=\"wpadcenter_ad\" data-value=\"5305\" data-placement=\"\" href=\"https:\/\/ambcittadelmessico.esteri.it\/ambasciata_cittadelmessico\/it\/\" target=\"_blank\" class=\"wpadcenter-ad-inner__item\" ><img decoding=\"async\"   src=\"https:\/\/puntodincontro.mx\/wp-content\/uploads\/2022\/05\/Ambasciata.jpg\" class=\"attachment-post-thumbnail size-post-thumbnail wp-post-image\" alt=\"\" srcset=\"https:\/\/puntodincontro.mx\/wp-content\/uploads\/2022\/05\/Ambasciata.jpg 200w, https:\/\/puntodincontro.mx\/wp-content\/uploads\/2022\/05\/Ambasciata-18x5.jpg 18w\" sizes=\"(max-width: 200px) 100vw, 200px\" \/><\/a><\/div><\/div><\/div><div class=\"wpadcenter-ad-container\" ><div id=\"wpadcenter-ad-3781\" class=\"ad-placement\"><div class=\"wpadcenter-ad-inner\" ><a id=\"wpadcenter_ad\" data-value=\"3781\" data-placement=\"\" href=\"https:\/\/cannizzo.com.mx\/\" target=\"_blank\" class=\"wpadcenter-ad-inner__item\" ><img decoding=\"async\"   src=\"https:\/\/puntodincontro.mx\/wp-content\/uploads\/2022\/03\/cannizzo2.jpg\" class=\"attachment-post-thumbnail size-post-thumbnail wp-post-image\" alt=\"\" srcset=\"https:\/\/puntodincontro.mx\/wp-content\/uploads\/2022\/03\/cannizzo2.jpg 200w, https:\/\/puntodincontro.mx\/wp-content\/uploads\/2022\/03\/cannizzo2-18x5.jpg 18w\" sizes=\"(max-width: 200px) 100vw, 200px\" \/><\/a><\/div><\/div><\/div><\/div><div class=\"wpadcenter-adgroup__row wpadcenter-aligncenter\"><div class=\"wpadcenter-ad-container\" ><div id=\"wpadcenter-ad-1704\" class=\"ad-placement\"><div class=\"wpadcenter-ad-inner\" ><a id=\"wpadcenter_ad\" data-value=\"1704\" data-placement=\"\" href=\"https:\/\/puntodincontro.mx\/es\/2021\/12\/24\/inps-verificacion-de-supervivencia-de-los-pensionados-en-el-extranjero\/\" target=\"_blank\" class=\"wpadcenter-ad-inner__item\" ><img decoding=\"async\"   src=\"https:\/\/puntodincontro.mx\/wp-content\/uploads\/2021\/11\/logo-ital.jpg\" class=\"attachment-post-thumbnail size-post-thumbnail wp-post-image\" alt=\"Patronato ITAL Messico\" srcset=\"https:\/\/puntodincontro.mx\/wp-content\/uploads\/2021\/11\/logo-ital.jpg 200w, https:\/\/puntodincontro.mx\/wp-content\/uploads\/2021\/11\/logo-ital-16x5.jpg 16w\" sizes=\"(max-width: 200px) 100vw, 200px\" \/><\/a><\/div><\/div><\/div><div class=\"wpadcenter-ad-container\" ><div id=\"wpadcenter-ad-1538\" class=\"ad-placement\"><div class=\"wpadcenter-ad-inner\" ><a id=\"wpadcenter_ad\" data-value=\"1538\" data-placement=\"\" href=\"https:\/\/asociacionitaliana.org\/\" target=\"_blank\" class=\"wpadcenter-ad-inner__item\" ><img decoding=\"async\"   src=\"https:\/\/puntodincontro.mx\/wp-content\/uploads\/2021\/11\/aialogo.jpg\" class=\"attachment-post-thumbnail size-post-thumbnail wp-post-image\" alt=\"Associazione Italiana di Assistenza IAP\" srcset=\"https:\/\/puntodincontro.mx\/wp-content\/uploads\/2021\/11\/aialogo.jpg 200w, https:\/\/puntodincontro.mx\/wp-content\/uploads\/2021\/11\/aialogo-18x5.jpg 18w\" sizes=\"(max-width: 200px) 100vw, 200px\" \/><\/a><\/div><\/div><\/div><div class=\"wpadcenter-ad-container\" ><div id=\"wpadcenter-ad-1513\" class=\"ad-placement\"><div class=\"wpadcenter-ad-inner\" ><a id=\"wpadcenter_ad\" data-value=\"1513\" data-placement=\"\" href=\"https:\/\/gcinmuebles.mx\" target=\"_blank\" class=\"wpadcenter-ad-inner__item\" ><img decoding=\"async\"   src=\"https:\/\/puntodincontro.mx\/wp-content\/uploads\/2021\/10\/gcinmuebleslogopunto-1.jpg\" class=\"attachment-post-thumbnail size-post-thumbnail wp-post-image\" alt=\"\" srcset=\"https:\/\/puntodincontro.mx\/wp-content\/uploads\/2021\/10\/gcinmuebleslogopunto-1.jpg 200w, https:\/\/puntodincontro.mx\/wp-content\/uploads\/2021\/10\/gcinmuebleslogopunto-1-18x5.jpg 18w\" sizes=\"(max-width: 200px) 100vw, 200px\" \/><\/a><\/div><\/div><\/div><\/div><div class=\"wpadcenter-adgroup__row wpadcenter-aligncenter\"><div class=\"wpadcenter-ad-container\" ><div id=\"wpadcenter-ad-1374\" class=\"ad-placement\"><div class=\"wpadcenter-ad-inner\" ><a id=\"wpadcenter_ad\" data-value=\"1374\" data-placement=\"\" href=\"https:\/\/www.9colonne.it\/\" target=\"_blank\" class=\"wpadcenter-ad-inner__item\" ><img decoding=\"async\"   src=\"https:\/\/puntodincontro.mx\/wp-content\/uploads\/2021\/10\/Banner9colonne.gif\" class=\"attachment-post-thumbnail size-post-thumbnail wp-post-image\" alt=\"\" \/><\/a><\/div><\/div><\/div><div class=\"wpadcenter-ad-container\" ><div id=\"wpadcenter-ad-276\" class=\"ad-placement\"><div class=\"wpadcenter-ad-inner\" ><a id=\"wpadcenter_ad\" data-value=\"276\" data-placement=\"\" href=\"http:\/\/www.camaraitaliana.mx\/\" target=\"_blank\" class=\"wpadcenter-ad-inner__item\" ><img decoding=\"async\"   src=\"https:\/\/puntodincontro.mx\/wp-content\/uploads\/2021\/08\/ccimnuovo.jpg\" class=\"attachment-post-thumbnail size-post-thumbnail wp-post-image\" alt=\"\" srcset=\"https:\/\/puntodincontro.mx\/wp-content\/uploads\/2021\/08\/ccimnuovo.jpg 200w, https:\/\/puntodincontro.mx\/wp-content\/uploads\/2021\/08\/ccimnuovo-18x5.jpg 18w\" sizes=\"(max-width: 200px) 100vw, 200px\" \/><\/a><\/div><\/div><\/div><div class=\"wpadcenter-ad-container\" ><div id=\"wpadcenter-ad-272\" class=\"ad-placement\"><div class=\"wpadcenter-ad-inner\" ><a id=\"wpadcenter_ad\" data-value=\"272\" data-placement=\"\" href=\"http:\/\/corix.us\/\" target=\"_blank\" class=\"wpadcenter-ad-inner__item\" ><img decoding=\"async\"   src=\"https:\/\/puntodincontro.mx\/wp-content\/uploads\/2021\/08\/corixbanner-1.jpg\" class=\"attachment-post-thumbnail size-post-thumbnail wp-post-image\" alt=\"\" srcset=\"https:\/\/puntodincontro.mx\/wp-content\/uploads\/2021\/08\/corixbanner-1.jpg 200w, https:\/\/puntodincontro.mx\/wp-content\/uploads\/2021\/08\/corixbanner-1-16x5.jpg 16w\" sizes=\"(max-width: 200px) 100vw, 200px\" \/><\/a><\/div><\/div><\/div><\/div><div class=\"wpadcenter-adgroup__row wpadcenter-aligncenter\"><div class=\"wpadcenter-ad-container\" ><div id=\"wpadcenter-ad-266\" class=\"ad-placement\"><div class=\"wpadcenter-ad-inner\" ><a id=\"wpadcenter_ad\" data-value=\"266\" data-placement=\"\" href=\"https:\/\/www.prinsel.com.mx\/\" target=\"_blank\" class=\"wpadcenter-ad-inner__item\" ><img decoding=\"async\"   src=\"https:\/\/puntodincontro.mx\/wp-content\/uploads\/2021\/08\/prinselbanner-1.jpg\" class=\"attachment-post-thumbnail size-post-thumbnail wp-post-image\" alt=\"\" srcset=\"https:\/\/puntodincontro.mx\/wp-content\/uploads\/2021\/08\/prinselbanner-1.jpg 200w, https:\/\/puntodincontro.mx\/wp-content\/uploads\/2021\/08\/prinselbanner-1-16x5.jpg 16w\" sizes=\"(max-width: 200px) 100vw, 200px\" \/><\/a><\/div><\/div><\/div><div class=\"wpadcenter-ad-container\" ><div id=\"wpadcenter-ad-261\" class=\"ad-placement\"><div class=\"wpadcenter-ad-inner\" ><a id=\"wpadcenter_ad\" data-value=\"261\" data-placement=\"\" href=\"https:\/\/faitalia.com.mx\/\" target=\"_blank\" class=\"wpadcenter-ad-inner__item\" ><img decoding=\"async\"   src=\"https:\/\/puntodincontro.mx\/wp-content\/uploads\/2021\/08\/gruppodino.jpg\" class=\"attachment-post-thumbnail size-post-thumbnail wp-post-image\" alt=\"\" srcset=\"https:\/\/puntodincontro.mx\/wp-content\/uploads\/2021\/08\/gruppodino.jpg 200w, https:\/\/puntodincontro.mx\/wp-content\/uploads\/2021\/08\/gruppodino-18x5.jpg 18w\" sizes=\"(max-width: 200px) 100vw, 200px\" \/><\/a><\/div><\/div><\/div><\/div><\/div>\n\n\n<div style=\"height:12px\" aria-hidden=\"true\" class=\"wp-block-spacer\"><\/div>","protected":false},"excerpt":{"rendered":"<p>Ore 10.05 &#8211; Secondo il Deloitte Global Automotive Consumer Study 2024, il rallentamento delle preferenze verso i veicoli elettrici in alcuni mercati, tra cui Stati Uniti e Unione Europea, potrebbe mettere a repentaglio le scadenze previste dalle normative locali e dagli accordi internazionali. Da oltre un decennio, Deloitte esplora le tendenze dei consumatori nel mercato automobilistico che incidono su un ecosistema di mobilit\u00e0 globale in rapida evoluzione. Tra i principali risultati dell\u2019edizione 2024 si evidenzia che, nonostante gli sconti offerti dai produttori e gli incentivi statali pensati per renderle pi\u00f9 accessibili, gli alti tassi di interesse e i prezzi di&#8230; <\/p>","protected":false},"author":2,"featured_media":18020,"comment_status":"open","ping_status":"open","sticky":false,"template":"","format":"standard","meta":{"_monsterinsights_skip_tracking":false,"_monsterinsights_sitenote_active":false,"_monsterinsights_sitenote_note":"","_monsterinsights_sitenote_category":0,"footnotes":""},"categories":[18],"tags":[],"class_list":["post-18013","post","type-post","status-publish","format-standard","has-post-thumbnail","hentry","category-cronaca"],"yoast_head":"<!-- This site is optimized with the Yoast SEO Premium plugin v18.4 (Yoast SEO v25.6) - https:\/\/yoast.com\/wordpress\/plugins\/seo\/ -->\n<title>Auto: tassi e prezzi spingono verso il ritorno del motore termico<\/title>\n<meta name=\"description\" content=\"Alcuni risultati chiave del Deloitte Global Automotive Consumer Study 2024, recentemente pubblicato dalla societ\u00e0 britannica.\" \/>\n<meta name=\"robots\" content=\"index, follow, max-snippet:-1, max-image-preview:large, max-video-preview:-1\" \/>\n<link rel=\"canonical\" href=\"https:\/\/puntodincontro.mx\/es\/2024\/02\/22\/autos-tasas-y-precios-empujan-hacia-el-regreso-del-motor-de-combustion\/\" \/>\n<meta property=\"og:locale\" content=\"es_MX\" \/>\n<meta property=\"og:type\" content=\"article\" \/>\n<meta property=\"og:title\" content=\"Auto: tassi e prezzi spingono verso il ritorno del motore termico\" \/>\n<meta property=\"og:description\" content=\"Alcuni risultati chiave del Deloitte Global Automotive Consumer Study 2024, recentemente pubblicato dalla societ\u00e0 britannica.\" \/>\n<meta property=\"og:url\" content=\"https:\/\/puntodincontro.mx\/es\/2024\/02\/22\/autos-tasas-y-precios-empujan-hacia-el-regreso-del-motor-de-combustion\/\" \/>\n<meta property=\"og:site_name\" content=\"Puntodincontro\" \/>\n<meta property=\"article:publisher\" content=\"https:\/\/www.facebook.com\/puntodincontro.mx\" \/>\n<meta property=\"article:published_time\" content=\"2024-02-22T16:19:37+00:00\" \/>\n<meta property=\"article:modified_time\" content=\"2024-02-22T16:19:38+00:00\" \/>\n<meta property=\"og:image\" content=\"https:\/\/puntodincontro.mx\/wp-content\/uploads\/2024\/02\/deloittecomp.jpg\" \/>\n\t<meta property=\"og:image:width\" content=\"932\" \/>\n\t<meta property=\"og:image:height\" content=\"488\" \/>\n\t<meta property=\"og:image:type\" content=\"image\/jpeg\" \/>\n<meta name=\"author\" content=\"Puntodincontro\" \/>\n<meta name=\"twitter:card\" content=\"summary_large_image\" \/>\n<meta name=\"twitter:creator\" content=\"@puntodincontro\" \/>\n<meta name=\"twitter:site\" content=\"@puntodincontro\" \/>\n<meta name=\"twitter:label1\" content=\"Escrito por\" \/>\n\t<meta name=\"twitter:data1\" content=\"Puntodincontro\" \/>\n\t<meta name=\"twitter:label2\" content=\"Tiempo de lectura\" \/>\n\t<meta name=\"twitter:data2\" content=\"2 minutos\" \/>\n<script type=\"application\/ld+json\" class=\"yoast-schema-graph\">{\"@context\":\"https:\/\/schema.org\",\"@graph\":[{\"@type\":\"NewsArticle\",\"@id\":\"https:\/\/puntodincontro.mx\/2024\/02\/22\/auto-tassi-e-prezzi-spingono-verso-il-ritorno-del-motore-termico\/#article\",\"isPartOf\":{\"@id\":\"https:\/\/puntodincontro.mx\/2024\/02\/22\/auto-tassi-e-prezzi-spingono-verso-il-ritorno-del-motore-termico\/\"},\"author\":{\"name\":\"Puntodincontro\",\"@id\":\"https:\/\/puntodincontro.mx\/#\/schema\/person\/d3066d18a16259cbb0c29b0d0e93b556\"},\"headline\":\"Auto: tassi e prezzi spingono verso il ritorno del motore termico\",\"datePublished\":\"2024-02-22T16:19:37+00:00\",\"dateModified\":\"2024-02-22T16:19:38+00:00\",\"mainEntityOfPage\":{\"@id\":\"https:\/\/puntodincontro.mx\/2024\/02\/22\/auto-tassi-e-prezzi-spingono-verso-il-ritorno-del-motore-termico\/\"},\"wordCount\":337,\"commentCount\":0,\"publisher\":{\"@id\":\"https:\/\/puntodincontro.mx\/#organization\"},\"image\":{\"@id\":\"https:\/\/puntodincontro.mx\/2024\/02\/22\/auto-tassi-e-prezzi-spingono-verso-il-ritorno-del-motore-termico\/#primaryimage\"},\"thumbnailUrl\":\"https:\/\/puntodincontro.mx\/wp-content\/uploads\/2024\/02\/deloittevert.webp\",\"articleSection\":[\"Cronaca\"],\"inLanguage\":\"es\",\"potentialAction\":[{\"@type\":\"CommentAction\",\"name\":\"Comment\",\"target\":[\"https:\/\/puntodincontro.mx\/2024\/02\/22\/auto-tassi-e-prezzi-spingono-verso-il-ritorno-del-motore-termico\/#respond\"]}]},{\"@type\":\"WebPage\",\"@id\":\"https:\/\/puntodincontro.mx\/2024\/02\/22\/auto-tassi-e-prezzi-spingono-verso-il-ritorno-del-motore-termico\/\",\"url\":\"https:\/\/puntodincontro.mx\/2024\/02\/22\/auto-tassi-e-prezzi-spingono-verso-il-ritorno-del-motore-termico\/\",\"name\":\"Auto: tassi e prezzi spingono verso il ritorno del motore termico\",\"isPartOf\":{\"@id\":\"https:\/\/puntodincontro.mx\/#website\"},\"primaryImageOfPage\":{\"@id\":\"https:\/\/puntodincontro.mx\/2024\/02\/22\/auto-tassi-e-prezzi-spingono-verso-il-ritorno-del-motore-termico\/#primaryimage\"},\"image\":{\"@id\":\"https:\/\/puntodincontro.mx\/2024\/02\/22\/auto-tassi-e-prezzi-spingono-verso-il-ritorno-del-motore-termico\/#primaryimage\"},\"thumbnailUrl\":\"https:\/\/puntodincontro.mx\/wp-content\/uploads\/2024\/02\/deloittevert.webp\",\"datePublished\":\"2024-02-22T16:19:37+00:00\",\"dateModified\":\"2024-02-22T16:19:38+00:00\",\"description\":\"Alcuni risultati chiave del Deloitte Global Automotive Consumer Study 2024, recentemente pubblicato dalla societ\u00e0 britannica.\",\"breadcrumb\":{\"@id\":\"https:\/\/puntodincontro.mx\/2024\/02\/22\/auto-tassi-e-prezzi-spingono-verso-il-ritorno-del-motore-termico\/#breadcrumb\"},\"inLanguage\":\"es\",\"potentialAction\":[{\"@type\":\"ReadAction\",\"target\":[\"https:\/\/puntodincontro.mx\/2024\/02\/22\/auto-tassi-e-prezzi-spingono-verso-il-ritorno-del-motore-termico\/\"]}]},{\"@type\":\"ImageObject\",\"inLanguage\":\"es\",\"@id\":\"https:\/\/puntodincontro.mx\/2024\/02\/22\/auto-tassi-e-prezzi-spingono-verso-il-ritorno-del-motore-termico\/#primaryimage\",\"url\":\"https:\/\/puntodincontro.mx\/wp-content\/uploads\/2024\/02\/deloittevert.webp\",\"contentUrl\":\"https:\/\/puntodincontro.mx\/wp-content\/uploads\/2024\/02\/deloittevert.webp\",\"width\":423,\"height\":488,\"caption\":\"Auto: tassi e prezzi spingono verso il ritorno del motore termico \/ Immagine: Deloitte Touche Tohmatsu Limited\"},{\"@type\":\"BreadcrumbList\",\"@id\":\"https:\/\/puntodincontro.mx\/2024\/02\/22\/auto-tassi-e-prezzi-spingono-verso-il-ritorno-del-motore-termico\/#breadcrumb\",\"itemListElement\":[{\"@type\":\"ListItem\",\"position\":1,\"name\":\"Home\",\"item\":\"https:\/\/puntodincontro.mx\/\"},{\"@type\":\"ListItem\",\"position\":2,\"name\":\"Auto: tassi e prezzi spingono verso il ritorno del motore termico\"}]},{\"@type\":\"WebSite\",\"@id\":\"https:\/\/puntodincontro.mx\/#website\",\"url\":\"https:\/\/puntodincontro.mx\/\",\"name\":\"Puntodincontro\",\"description\":\"Dal 2006 notizie sui rapporti Italia-Messico \/ Desde 2006 noticias sobre las relaciones entre Italia y M\u00e9xico\",\"publisher\":{\"@id\":\"https:\/\/puntodincontro.mx\/#organization\"},\"potentialAction\":[{\"@type\":\"SearchAction\",\"target\":{\"@type\":\"EntryPoint\",\"urlTemplate\":\"https:\/\/puntodincontro.mx\/?s={search_term_string}\"},\"query-input\":{\"@type\":\"PropertyValueSpecification\",\"valueRequired\":true,\"valueName\":\"search_term_string\"}}],\"inLanguage\":\"es\"},{\"@type\":\"Organization\",\"@id\":\"https:\/\/puntodincontro.mx\/#organization\",\"name\":\"Puntodincontro\",\"url\":\"https:\/\/puntodincontro.mx\/\",\"logo\":{\"@type\":\"ImageObject\",\"inLanguage\":\"es\",\"@id\":\"https:\/\/puntodincontro.mx\/#\/schema\/logo\/image\/\",\"url\":\"https:\/\/puntodincontro.mx\/wp-content\/uploads\/2021\/08\/Default-image-for-open-graph-settings.jpg\",\"contentUrl\":\"https:\/\/puntodincontro.mx\/wp-content\/uploads\/2021\/08\/Default-image-for-open-graph-settings.jpg\",\"width\":1200,\"height\":630,\"caption\":\"Puntodincontro\"},\"image\":{\"@id\":\"https:\/\/puntodincontro.mx\/#\/schema\/logo\/image\/\"},\"sameAs\":[\"https:\/\/www.facebook.com\/puntodincontro.mx\",\"https:\/\/x.com\/puntodincontro\",\"https:\/\/www.instagram.com\/puntodincontro.mx\/\",\"https:\/\/www.linkedin.com\/company\/puntodincontro\/\",\"https:\/\/www.youtube.com\/c\/puntodincontromessico\",\"https:\/\/www.patreon.com\/puntodincontro\",\"https:\/\/www.threads.net\/@puntodincontro.mx\"]},{\"@type\":\"Person\",\"@id\":\"https:\/\/puntodincontro.mx\/#\/schema\/person\/d3066d18a16259cbb0c29b0d0e93b556\",\"name\":\"Puntodincontro\",\"image\":{\"@type\":\"ImageObject\",\"inLanguage\":\"es\",\"@id\":\"https:\/\/puntodincontro.mx\/#\/schema\/person\/image\/\",\"url\":\"https:\/\/secure.gravatar.com\/avatar\/0e85b4b3b5e9d6bfcec6a4956d8cc63a?s=96&d=mm&r=g\",\"contentUrl\":\"https:\/\/secure.gravatar.com\/avatar\/0e85b4b3b5e9d6bfcec6a4956d8cc63a?s=96&d=mm&r=g\",\"caption\":\"Puntodincontro\"},\"url\":\"https:\/\/puntodincontro.mx\/es\/author\/puntodincontro\/\"}]}<\/script>\n<!-- \/ Yoast SEO Premium plugin. -->","yoast_head_json":{"title":"Autos: tasas y precios empujan hacia el regreso del motor de combusti\u00f3n","description":"Algunas conclusiones clave del Deloitte Global Automotive Consumer Study 2024, publicado recientemente por la compa\u00f1\u00eda brit\u00e1nica.","robots":{"index":"index","follow":"follow","max-snippet":"max-snippet:-1","max-image-preview":"max-image-preview:large","max-video-preview":"max-video-preview:-1"},"canonical":"https:\/\/puntodincontro.mx\/es\/2024\/02\/22\/autos-tasas-y-precios-empujan-hacia-el-regreso-del-motor-de-combustion\/","og_locale":"es_MX","og_type":"article","og_title":"Auto: tassi e prezzi spingono verso il ritorno del motore termico","og_description":"Alcuni risultati chiave del Deloitte Global Automotive Consumer Study 2024, recentemente pubblicato dalla societ\u00e0 britannica.","og_url":"https:\/\/puntodincontro.mx\/es\/2024\/02\/22\/autos-tasas-y-precios-empujan-hacia-el-regreso-del-motor-de-combustion\/","og_site_name":"Puntodincontro","article_publisher":"https:\/\/www.facebook.com\/puntodincontro.mx","article_published_time":"2024-02-22T16:19:37+00:00","article_modified_time":"2024-02-22T16:19:38+00:00","og_image":[{"width":932,"height":488,"url":"https:\/\/puntodincontro.mx\/wp-content\/uploads\/2024\/02\/deloittecomp.jpg","type":"image\/jpeg"}],"author":"Puntodincontro","twitter_card":"summary_large_image","twitter_creator":"@puntodincontro","twitter_site":"@puntodincontro","twitter_misc":{"Escrito por":"Puntodincontro","Tiempo de lectura":"2 minutos"},"schema":{"@context":"https:\/\/schema.org","@graph":[{"@type":"NewsArticle","@id":"https:\/\/puntodincontro.mx\/2024\/02\/22\/auto-tassi-e-prezzi-spingono-verso-il-ritorno-del-motore-termico\/#article","isPartOf":{"@id":"https:\/\/puntodincontro.mx\/2024\/02\/22\/auto-tassi-e-prezzi-spingono-verso-il-ritorno-del-motore-termico\/"},"author":{"name":"Puntodincontro","@id":"https:\/\/puntodincontro.mx\/#\/schema\/person\/d3066d18a16259cbb0c29b0d0e93b556"},"headline":"Auto: tassi e prezzi spingono verso il ritorno del motore termico","datePublished":"2024-02-22T16:19:37+00:00","dateModified":"2024-02-22T16:19:38+00:00","mainEntityOfPage":{"@id":"https:\/\/puntodincontro.mx\/2024\/02\/22\/auto-tassi-e-prezzi-spingono-verso-il-ritorno-del-motore-termico\/"},"wordCount":337,"commentCount":0,"publisher":{"@id":"https:\/\/puntodincontro.mx\/#organization"},"image":{"@id":"https:\/\/puntodincontro.mx\/2024\/02\/22\/auto-tassi-e-prezzi-spingono-verso-il-ritorno-del-motore-termico\/#primaryimage"},"thumbnailUrl":"https:\/\/puntodincontro.mx\/wp-content\/uploads\/2024\/02\/deloittevert.webp","articleSection":["Cronaca"],"inLanguage":"es","potentialAction":[{"@type":"CommentAction","name":"Comment","target":["https:\/\/puntodincontro.mx\/2024\/02\/22\/auto-tassi-e-prezzi-spingono-verso-il-ritorno-del-motore-termico\/#respond"]}]},{"@type":"WebPage","@id":"https:\/\/puntodincontro.mx\/2024\/02\/22\/auto-tassi-e-prezzi-spingono-verso-il-ritorno-del-motore-termico\/","url":"https:\/\/puntodincontro.mx\/2024\/02\/22\/auto-tassi-e-prezzi-spingono-verso-il-ritorno-del-motore-termico\/","name":"Autos: tasas y precios empujan hacia el regreso del motor de combusti\u00f3n","isPartOf":{"@id":"https:\/\/puntodincontro.mx\/#website"},"primaryImageOfPage":{"@id":"https:\/\/puntodincontro.mx\/2024\/02\/22\/auto-tassi-e-prezzi-spingono-verso-il-ritorno-del-motore-termico\/#primaryimage"},"image":{"@id":"https:\/\/puntodincontro.mx\/2024\/02\/22\/auto-tassi-e-prezzi-spingono-verso-il-ritorno-del-motore-termico\/#primaryimage"},"thumbnailUrl":"https:\/\/puntodincontro.mx\/wp-content\/uploads\/2024\/02\/deloittevert.webp","datePublished":"2024-02-22T16:19:37+00:00","dateModified":"2024-02-22T16:19:38+00:00","description":"Algunas conclusiones clave del Deloitte Global Automotive Consumer Study 2024, publicado recientemente por la compa\u00f1\u00eda brit\u00e1nica.","breadcrumb":{"@id":"https:\/\/puntodincontro.mx\/2024\/02\/22\/auto-tassi-e-prezzi-spingono-verso-il-ritorno-del-motore-termico\/#breadcrumb"},"inLanguage":"es","potentialAction":[{"@type":"ReadAction","target":["https:\/\/puntodincontro.mx\/2024\/02\/22\/auto-tassi-e-prezzi-spingono-verso-il-ritorno-del-motore-termico\/"]}]},{"@type":"ImageObject","inLanguage":"es","@id":"https:\/\/puntodincontro.mx\/2024\/02\/22\/auto-tassi-e-prezzi-spingono-verso-il-ritorno-del-motore-termico\/#primaryimage","url":"https:\/\/puntodincontro.mx\/wp-content\/uploads\/2024\/02\/deloittevert.webp","contentUrl":"https:\/\/puntodincontro.mx\/wp-content\/uploads\/2024\/02\/deloittevert.webp","width":423,"height":488,"caption":"Auto: tassi e prezzi spingono verso il ritorno del motore termico \/ Immagine: Deloitte Touche Tohmatsu Limited"},{"@type":"BreadcrumbList","@id":"https:\/\/puntodincontro.mx\/2024\/02\/22\/auto-tassi-e-prezzi-spingono-verso-il-ritorno-del-motore-termico\/#breadcrumb","itemListElement":[{"@type":"ListItem","position":1,"name":"Home","item":"https:\/\/puntodincontro.mx\/"},{"@type":"ListItem","position":2,"name":"Auto: tassi e prezzi spingono verso il ritorno del motore termico"}]},{"@type":"WebSite","@id":"https:\/\/puntodincontro.mx\/#website","url":"https:\/\/puntodincontro.mx\/","name":"Puntodincontro","description":"Desde el 2006 noticias sobre las relaciones entre Italia y M\u00e9xico \/ Dal 2006 notizie sui rapporti Italia-Messico","publisher":{"@id":"https:\/\/puntodincontro.mx\/#organization"},"potentialAction":[{"@type":"SearchAction","target":{"@type":"EntryPoint","urlTemplate":"https:\/\/puntodincontro.mx\/?s={search_term_string}"},"query-input":{"@type":"PropertyValueSpecification","valueRequired":true,"valueName":"search_term_string"}}],"inLanguage":"es"},{"@type":"Organization","@id":"https:\/\/puntodincontro.mx\/#organization","name":"Puntodincontro","url":"https:\/\/puntodincontro.mx\/","logo":{"@type":"ImageObject","inLanguage":"es","@id":"https:\/\/puntodincontro.mx\/#\/schema\/logo\/image\/","url":"https:\/\/puntodincontro.mx\/wp-content\/uploads\/2021\/08\/Default-image-for-open-graph-settings.jpg","contentUrl":"https:\/\/puntodincontro.mx\/wp-content\/uploads\/2021\/08\/Default-image-for-open-graph-settings.jpg","width":1200,"height":630,"caption":"Puntodincontro"},"image":{"@id":"https:\/\/puntodincontro.mx\/#\/schema\/logo\/image\/"},"sameAs":["https:\/\/www.facebook.com\/puntodincontro.mx","https:\/\/x.com\/puntodincontro","https:\/\/www.instagram.com\/puntodincontro.mx\/","https:\/\/www.linkedin.com\/company\/puntodincontro\/","https:\/\/www.youtube.com\/c\/puntodincontromessico","https:\/\/www.patreon.com\/puntodincontro","https:\/\/www.threads.net\/@puntodincontro.mx"]},{"@type":"Person","@id":"https:\/\/puntodincontro.mx\/#\/schema\/person\/d3066d18a16259cbb0c29b0d0e93b556","name":"Puntodincontro","image":{"@type":"ImageObject","inLanguage":"es","@id":"https:\/\/puntodincontro.mx\/#\/schema\/person\/image\/","url":"https:\/\/secure.gravatar.com\/avatar\/0e85b4b3b5e9d6bfcec6a4956d8cc63a?s=96&d=mm&r=g","contentUrl":"https:\/\/secure.gravatar.com\/avatar\/0e85b4b3b5e9d6bfcec6a4956d8cc63a?s=96&d=mm&r=g","caption":"Puntodincontro"},"url":"https:\/\/puntodincontro.mx\/es\/author\/puntodincontro\/"}]}},"_links":{"self":[{"href":"https:\/\/puntodincontro.mx\/es\/wp-json\/wp\/v2\/posts\/18013"}],"collection":[{"href":"https:\/\/puntodincontro.mx\/es\/wp-json\/wp\/v2\/posts"}],"about":[{"href":"https:\/\/puntodincontro.mx\/es\/wp-json\/wp\/v2\/types\/post"}],"author":[{"embeddable":true,"href":"https:\/\/puntodincontro.mx\/es\/wp-json\/wp\/v2\/users\/2"}],"replies":[{"embeddable":true,"href":"https:\/\/puntodincontro.mx\/es\/wp-json\/wp\/v2\/comments?post=18013"}],"version-history":[{"count":9,"href":"https:\/\/puntodincontro.mx\/es\/wp-json\/wp\/v2\/posts\/18013\/revisions"}],"predecessor-version":[{"id":18025,"href":"https:\/\/puntodincontro.mx\/es\/wp-json\/wp\/v2\/posts\/18013\/revisions\/18025"}],"wp:featuredmedia":[{"embeddable":true,"href":"https:\/\/puntodincontro.mx\/es\/wp-json\/wp\/v2\/media\/18020"}],"wp:attachment":[{"href":"https:\/\/puntodincontro.mx\/es\/wp-json\/wp\/v2\/media?parent=18013"}],"wp:term":[{"taxonomy":"category","embeddable":true,"href":"https:\/\/puntodincontro.mx\/es\/wp-json\/wp\/v2\/categories?post=18013"},{"taxonomy":"post_tag","embeddable":true,"href":"https:\/\/puntodincontro.mx\/es\/wp-json\/wp\/v2\/tags?post=18013"}],"curies":[{"name":"wp","href":"https:\/\/api.w.org\/{rel}","templated":true}]}}