{"id":1802,"date":"2021-11-16T06:15:08","date_gmt":"2021-11-16T12:15:08","guid":{"rendered":"https:\/\/puntodincontro.mx\/?p=1802"},"modified":"2021-11-16T06:15:10","modified_gmt":"2021-11-16T12:15:10","slug":"mexico-se-encuentra-con-el-mundo-arranca-el-tianguis-turistico-en-merida","status":"publish","type":"post","link":"https:\/\/puntodincontro.mx\/es\/2021\/11\/16\/ii-messico-incontra-il-mondo-al-via-il-tianguis-turistico-a-merida\/","title":{"rendered":"M\u00e9xico se encuentra con el mundo: arranca el Tianguis Tur\u00edstico en M\u00e9rida"},"content":{"rendered":"<p class=\"translation-block\"><strong>06:08 hrs.<\/strong> \u2013 Arranca hoy en M\u00e9xico, en modalidad presidencial, el \u201cTianguis Tur\u00edstico\u201d, definido por la Secretar\u00eda federal de Turismo como \u00abla feria m\u00e1s importante del pa\u00eds\u00bb. El evento se realiza del 16 al 19 de noviembre en M\u00e9rida, la capital de Yucat\u00e1n, y contar\u00e1 con la participaci\u00f3n de 1,504 compradores de paquetes para viajar por todo el territorio mexicano provenientres de 42 pa\u00edses, +12% en comparaci\u00f3n con la edici\u00f3n de 2019.<\/p>\n\n\n\n<p>Est\u00e1n previstas 56,643 citas, +19,5% respecto a la cifra registrada en el evento que se llev\u00f3 a cabo en 2019 en Acapulco antes de la crisis sanitaria. El informe de la Secretar\u00eda de Turismo especifica que los 32 Estados del pa\u00eds estar\u00e1n representados con la participaci\u00f3n de 936 empresas y 4,048 prestadores de servicios.<\/p>\n\n\n\n<p>\u00abEstoy muy emocionada con este regreso a los trabajos presenciales\u00bb \u2014dijo Michelle Fridman, Secretaria de Desarrollo Tur\u00edstico de Yucat\u00e1n\u2014 \u00abPara nosotros es una edici\u00f3n hist\u00f3rica. Durante 45 a\u00f1os el Tianguis ha sido el principal veh\u00edculo de promoci\u00f3n tur\u00edstica en M\u00e9xico y, despu\u00e9s de la pandemia, hemos registrado un alto n\u00famero de inscripciones, un hecho que nos confirma que la gente quiere volver a viajar\u00bb.<\/p>\n\n\n\n<p>\u00abEl mercado europeo es muy importante para nosotros\u00bb \u2014dijo Fridman\u2014 \u00aben Yucat\u00e1n, m\u00e1s all\u00e1 de las playas, es posible realizar excursiones a las ciudades coloniales, conocer la cultura maya a trav\u00e9s de los maravillosos complejos arqueol\u00f3gicos, como el de Chich\u00e9n Itz\u00e1, o sumergirse en la naturaleza y disfrutar de los cenotes, las magn\u00edficas cuevas de agua dulce t\u00edpicas de la zona. S\u00f3lo en nuestra regi\u00f3n hay m\u00e1s de 6 mil\u00bb.<\/p>\n\n\n\n<p>Para ingresar a los espacios donde se desarrollar\u00e1 el trabajo, ser\u00e1 obligatorio presentar un certificado de vacunaci\u00f3n completo o una prueba PCR o hisopo antig\u00e9nico realizado no m\u00e1s de 48 horas antes.<\/p>\n\n\n\n<p>El secretario de Turismo, Miguel Torruco, lleg\u00f3 a M\u00e9rida hace tres d\u00edas y desde entonces ha realizado diversas actividades en compa\u00f1\u00eda del Gobernador Mauricio Vila y de Michelle Fridman. Ayer public\u00f3 en su cuenta de Twitter: \u00abAlgo est\u00e1 pasando en Yucat\u00e1n, el Estado est\u00e1 profesionalizando la actividad tur\u00edstica, es algo que se nota, ubic\u00e1ndose, al cierre de octubre, como la tercera entidad receptora de inversi\u00f3n\u00bb. En este contexto, la empresa italiana Fincatieri analiza el proyecto de construcci\u00f3n de un astillero en el puerto de Progreso, a aproximadamente 40 km de M\u00e9rida.<\/p>\n\n\n\n<div style=\"height:12px\" aria-hidden=\"true\" class=\"wp-block-spacer\"><\/div>\n\n\n\n\n\n<div style=\"height:12px\" aria-hidden=\"true\" class=\"wp-block-spacer\"><\/div>","protected":false},"excerpt":{"rendered":"<p>Ore 06.08 &#8211; Al via oggi in Messico, in modalit\u00e0 presenziale, il \u201cTianguis Tur\u00edstico\u201d, definito dal ministero federale del Turismo \u00abla fiera pi\u00f9 importante del Paese\u00bb. La manifestazione si tiene dal 16 al 19 novembre a M\u00e9rida, capitale dello Yucatan, e vedr\u00e0 la partecipazione di 1.504 compratori di pacchetti per viaggi in tutto il territorio messicano provenienti da 42 nazioni, +12% rispetto all&#8217;edizione 2019. Sono previsti 56.643 appuntamenti, +19,5% rispetto alla cifra registrata nell&#8217;evento tenutosi ad Acapulco nel 2019 prima della crisi sanitaria. Il rapporto della Secretar\u00eda de Turismo specifica che saranno rappresentati i 32 Stati del Paese con la&#8230; <\/p>","protected":false},"author":2,"featured_media":1804,"comment_status":"open","ping_status":"open","sticky":false,"template":"","format":"standard","meta":{"_monsterinsights_skip_tracking":false,"_monsterinsights_sitenote_active":false,"_monsterinsights_sitenote_note":"","_monsterinsights_sitenote_category":0,"footnotes":""},"categories":[8],"tags":[],"class_list":["post-1802","post","type-post","status-publish","format-standard","has-post-thumbnail","hentry","category-viaggi"],"yoast_head":"<!-- This site is optimized with the Yoast SEO Premium plugin v18.4 (Yoast SEO v25.6) - https:\/\/yoast.com\/wordpress\/plugins\/seo\/ -->\n<title>II Messico incontra il mondo: al via il Tianguis Turistico a M\u00e9rida Puntodincontro<\/title>\n<meta name=\"description\" content=\"Al via oggi in Messico, in modalit\u00e0 presenziale, il \u201cTianguis Tur\u00edstico\u201d, definito dal ministero federale del Turismo \u00abla fiera pi\u00f9 importante del Paese\u00bb. La manifestazione si tiene dal 16 al 19 novembre a M\u00e9rida, capitale dello Yucatan, e vedr\u00e0 la partecipazione di 1.504 compratori di pacchetti per viaggi in tutto il territorio messicano provenienti da 42 nazioni, +12% rispetto all&#039;edizione 2019.\" \/>\n<meta name=\"robots\" content=\"index, follow, max-snippet:-1, max-image-preview:large, max-video-preview:-1\" \/>\n<link rel=\"canonical\" href=\"https:\/\/puntodincontro.mx\/es\/2021\/11\/16\/mexico-se-encuentra-con-el-mundo-arranca-el-tianguis-turistico-en-merida\/\" \/>\n<meta property=\"og:locale\" content=\"es_MX\" \/>\n<meta property=\"og:type\" content=\"article\" \/>\n<meta property=\"og:title\" content=\"II Messico incontra il mondo: al via il Tianguis Turistico a M\u00e9rida\" \/>\n<meta property=\"og:description\" content=\"Al via oggi in Messico, in modalit\u00e0 presenziale, il \u201cTianguis Tur\u00edstico\u201d, definito dal ministero federale del Turismo \u00abla fiera pi\u00f9 importante del Paese\u00bb. La manifestazione si tiene dal 16 al 19 novembre a M\u00e9rida, capitale dello Yucatan, e vedr\u00e0 la partecipazione di 1.504 compratori di pacchetti per viaggi in tutto il territorio messicano provenienti da 42 nazioni, +12% rispetto all&#039;edizione 2019.\" \/>\n<meta property=\"og:url\" content=\"https:\/\/puntodincontro.mx\/es\/2021\/11\/16\/mexico-se-encuentra-con-el-mundo-arranca-el-tianguis-turistico-en-merida\/\" \/>\n<meta property=\"og:site_name\" content=\"Puntodincontro\" \/>\n<meta property=\"article:publisher\" content=\"https:\/\/www.facebook.com\/puntodincontro.mx\" \/>\n<meta property=\"article:published_time\" content=\"2021-11-16T12:15:08+00:00\" \/>\n<meta property=\"article:modified_time\" content=\"2021-11-16T12:15:10+00:00\" \/>\n<meta property=\"og:image\" content=\"https:\/\/puntodincontro.mx\/wp-content\/uploads\/2021\/11\/tianguisturisticomeridavert.webp\" \/>\n\t<meta property=\"og:image:width\" content=\"423\" \/>\n\t<meta property=\"og:image:height\" content=\"488\" \/>\n\t<meta property=\"og:image:type\" content=\"image\/webp\" \/>\n<meta name=\"author\" content=\"Puntodincontro\" \/>\n<meta name=\"twitter:card\" content=\"summary_large_image\" \/>\n<meta name=\"twitter:creator\" content=\"@puntodincontro\" \/>\n<meta name=\"twitter:site\" content=\"@puntodincontro\" \/>\n<meta name=\"twitter:label1\" content=\"Escrito por\" \/>\n\t<meta name=\"twitter:data1\" content=\"Puntodincontro\" \/>\n\t<meta name=\"twitter:label2\" content=\"Tiempo de lectura\" \/>\n\t<meta name=\"twitter:data2\" content=\"2 minutos\" \/>\n<script type=\"application\/ld+json\" class=\"yoast-schema-graph\">{\"@context\":\"https:\/\/schema.org\",\"@graph\":[{\"@type\":\"NewsArticle\",\"@id\":\"https:\/\/puntodincontro.mx\/2021\/11\/16\/ii-messico-incontra-il-mondo-al-via-il-tianguis-turistico-a-merida\/#article\",\"isPartOf\":{\"@id\":\"https:\/\/puntodincontro.mx\/2021\/11\/16\/ii-messico-incontra-il-mondo-al-via-il-tianguis-turistico-a-merida\/\"},\"author\":{\"name\":\"Puntodincontro\",\"@id\":\"https:\/\/puntodincontro.mx\/#\/schema\/person\/d3066d18a16259cbb0c29b0d0e93b556\"},\"headline\":\"II Messico incontra il mondo: al via il Tianguis Turistico a M\u00e9rida\",\"datePublished\":\"2021-11-16T12:15:08+00:00\",\"dateModified\":\"2021-11-16T12:15:10+00:00\",\"mainEntityOfPage\":{\"@id\":\"https:\/\/puntodincontro.mx\/2021\/11\/16\/ii-messico-incontra-il-mondo-al-via-il-tianguis-turistico-a-merida\/\"},\"wordCount\":362,\"commentCount\":2,\"publisher\":{\"@id\":\"https:\/\/puntodincontro.mx\/#organization\"},\"image\":{\"@id\":\"https:\/\/puntodincontro.mx\/2021\/11\/16\/ii-messico-incontra-il-mondo-al-via-il-tianguis-turistico-a-merida\/#primaryimage\"},\"thumbnailUrl\":\"https:\/\/puntodincontro.mx\/wp-content\/uploads\/2021\/11\/tianguisturisticomeridavert.webp\",\"articleSection\":[\"Viaggi\"],\"inLanguage\":\"es\",\"potentialAction\":[{\"@type\":\"CommentAction\",\"name\":\"Comment\",\"target\":[\"https:\/\/puntodincontro.mx\/2021\/11\/16\/ii-messico-incontra-il-mondo-al-via-il-tianguis-turistico-a-merida\/#respond\"]}]},{\"@type\":\"WebPage\",\"@id\":\"https:\/\/puntodincontro.mx\/2021\/11\/16\/ii-messico-incontra-il-mondo-al-via-il-tianguis-turistico-a-merida\/\",\"url\":\"https:\/\/puntodincontro.mx\/2021\/11\/16\/ii-messico-incontra-il-mondo-al-via-il-tianguis-turistico-a-merida\/\",\"name\":\"II Messico incontra il mondo: al via il Tianguis Turistico a M\u00e9rida Puntodincontro\",\"isPartOf\":{\"@id\":\"https:\/\/puntodincontro.mx\/#website\"},\"primaryImageOfPage\":{\"@id\":\"https:\/\/puntodincontro.mx\/2021\/11\/16\/ii-messico-incontra-il-mondo-al-via-il-tianguis-turistico-a-merida\/#primaryimage\"},\"image\":{\"@id\":\"https:\/\/puntodincontro.mx\/2021\/11\/16\/ii-messico-incontra-il-mondo-al-via-il-tianguis-turistico-a-merida\/#primaryimage\"},\"thumbnailUrl\":\"https:\/\/puntodincontro.mx\/wp-content\/uploads\/2021\/11\/tianguisturisticomeridavert.webp\",\"datePublished\":\"2021-11-16T12:15:08+00:00\",\"dateModified\":\"2021-11-16T12:15:10+00:00\",\"description\":\"Al via oggi in Messico, in modalit\u00e0 presenziale, il \u201cTianguis Tur\u00edstico\u201d, definito dal ministero federale del Turismo \u00abla fiera pi\u00f9 importante del Paese\u00bb. La manifestazione si tiene dal 16 al 19 novembre a M\u00e9rida, capitale dello Yucatan, e vedr\u00e0 la partecipazione di 1.504 compratori di pacchetti per viaggi in tutto il territorio messicano provenienti da 42 nazioni, +12% rispetto all'edizione 2019.\",\"breadcrumb\":{\"@id\":\"https:\/\/puntodincontro.mx\/2021\/11\/16\/ii-messico-incontra-il-mondo-al-via-il-tianguis-turistico-a-merida\/#breadcrumb\"},\"inLanguage\":\"es\",\"potentialAction\":[{\"@type\":\"ReadAction\",\"target\":[\"https:\/\/puntodincontro.mx\/2021\/11\/16\/ii-messico-incontra-il-mondo-al-via-il-tianguis-turistico-a-merida\/\"]}]},{\"@type\":\"ImageObject\",\"inLanguage\":\"es\",\"@id\":\"https:\/\/puntodincontro.mx\/2021\/11\/16\/ii-messico-incontra-il-mondo-al-via-il-tianguis-turistico-a-merida\/#primaryimage\",\"url\":\"https:\/\/puntodincontro.mx\/wp-content\/uploads\/2021\/11\/tianguisturisticomeridavert.webp\",\"contentUrl\":\"https:\/\/puntodincontro.mx\/wp-content\/uploads\/2021\/11\/tianguisturisticomeridavert.webp\",\"width\":423,\"height\":488,\"caption\":\"tianguisturisticomerida\"},{\"@type\":\"BreadcrumbList\",\"@id\":\"https:\/\/puntodincontro.mx\/2021\/11\/16\/ii-messico-incontra-il-mondo-al-via-il-tianguis-turistico-a-merida\/#breadcrumb\",\"itemListElement\":[{\"@type\":\"ListItem\",\"position\":1,\"name\":\"Home\",\"item\":\"https:\/\/puntodincontro.mx\/\"},{\"@type\":\"ListItem\",\"position\":2,\"name\":\"II Messico incontra il mondo: al via il Tianguis Turistico a M\u00e9rida\"}]},{\"@type\":\"WebSite\",\"@id\":\"https:\/\/puntodincontro.mx\/#website\",\"url\":\"https:\/\/puntodincontro.mx\/\",\"name\":\"Puntodincontro\",\"description\":\"Dal 2006 notizie sui rapporti Italia-Messico \/ Desde 2006 noticias sobre las relaciones entre Italia y M\u00e9xico\",\"publisher\":{\"@id\":\"https:\/\/puntodincontro.mx\/#organization\"},\"potentialAction\":[{\"@type\":\"SearchAction\",\"target\":{\"@type\":\"EntryPoint\",\"urlTemplate\":\"https:\/\/puntodincontro.mx\/?s={search_term_string}\"},\"query-input\":{\"@type\":\"PropertyValueSpecification\",\"valueRequired\":true,\"valueName\":\"search_term_string\"}}],\"inLanguage\":\"es\"},{\"@type\":\"Organization\",\"@id\":\"https:\/\/puntodincontro.mx\/#organization\",\"name\":\"Puntodincontro\",\"url\":\"https:\/\/puntodincontro.mx\/\",\"logo\":{\"@type\":\"ImageObject\",\"inLanguage\":\"es\",\"@id\":\"https:\/\/puntodincontro.mx\/#\/schema\/logo\/image\/\",\"url\":\"https:\/\/puntodincontro.mx\/wp-content\/uploads\/2021\/08\/Default-image-for-open-graph-settings.jpg\",\"contentUrl\":\"https:\/\/puntodincontro.mx\/wp-content\/uploads\/2021\/08\/Default-image-for-open-graph-settings.jpg\",\"width\":1200,\"height\":630,\"caption\":\"Puntodincontro\"},\"image\":{\"@id\":\"https:\/\/puntodincontro.mx\/#\/schema\/logo\/image\/\"},\"sameAs\":[\"https:\/\/www.facebook.com\/puntodincontro.mx\",\"https:\/\/x.com\/puntodincontro\",\"https:\/\/www.instagram.com\/puntodincontro.mx\/\",\"https:\/\/www.linkedin.com\/company\/puntodincontro\/\",\"https:\/\/www.youtube.com\/c\/puntodincontromessico\",\"https:\/\/www.patreon.com\/puntodincontro\",\"https:\/\/www.threads.net\/@puntodincontro.mx\"]},{\"@type\":\"Person\",\"@id\":\"https:\/\/puntodincontro.mx\/#\/schema\/person\/d3066d18a16259cbb0c29b0d0e93b556\",\"name\":\"Puntodincontro\",\"image\":{\"@type\":\"ImageObject\",\"inLanguage\":\"es\",\"@id\":\"https:\/\/puntodincontro.mx\/#\/schema\/person\/image\/\",\"url\":\"https:\/\/secure.gravatar.com\/avatar\/0e85b4b3b5e9d6bfcec6a4956d8cc63a?s=96&d=mm&r=g\",\"contentUrl\":\"https:\/\/secure.gravatar.com\/avatar\/0e85b4b3b5e9d6bfcec6a4956d8cc63a?s=96&d=mm&r=g\",\"caption\":\"Puntodincontro\"},\"url\":\"https:\/\/puntodincontro.mx\/es\/author\/puntodincontro\/\"}]}<\/script>\n<!-- \/ Yoast SEO Premium plugin. -->","yoast_head_json":{"title":"II Messico incontra il mondo: al via il Tianguis Turistico a M\u00e9rida Puntodincontro","description":"Al via oggi in Messico, in modalit\u00e0 presenziale, il \u201cTianguis Tur\u00edstico\u201d, definito dal ministero federale del Turismo \u00abla fiera pi\u00f9 importante del Paese\u00bb. La manifestazione si tiene dal 16 al 19 novembre a M\u00e9rida, capitale dello Yucatan, e vedr\u00e0 la partecipazione di 1.504 compratori di pacchetti per viaggi in tutto il territorio messicano provenienti da 42 nazioni, +12% rispetto all'edizione 2019.","robots":{"index":"index","follow":"follow","max-snippet":"max-snippet:-1","max-image-preview":"max-image-preview:large","max-video-preview":"max-video-preview:-1"},"canonical":"https:\/\/puntodincontro.mx\/es\/2021\/11\/16\/mexico-se-encuentra-con-el-mundo-arranca-el-tianguis-turistico-en-merida\/","og_locale":"es_MX","og_type":"article","og_title":"II Messico incontra il mondo: al via il Tianguis Turistico a M\u00e9rida","og_description":"Al via oggi in Messico, in modalit\u00e0 presenziale, il \u201cTianguis Tur\u00edstico\u201d, definito dal ministero federale del Turismo \u00abla fiera pi\u00f9 importante del Paese\u00bb. La manifestazione si tiene dal 16 al 19 novembre a M\u00e9rida, capitale dello Yucatan, e vedr\u00e0 la partecipazione di 1.504 compratori di pacchetti per viaggi in tutto il territorio messicano provenienti da 42 nazioni, +12% rispetto all'edizione 2019.","og_url":"https:\/\/puntodincontro.mx\/es\/2021\/11\/16\/mexico-se-encuentra-con-el-mundo-arranca-el-tianguis-turistico-en-merida\/","og_site_name":"Puntodincontro","article_publisher":"https:\/\/www.facebook.com\/puntodincontro.mx","article_published_time":"2021-11-16T12:15:08+00:00","article_modified_time":"2021-11-16T12:15:10+00:00","og_image":[{"width":423,"height":488,"url":"https:\/\/puntodincontro.mx\/wp-content\/uploads\/2021\/11\/tianguisturisticomeridavert.webp","type":"image\/webp"}],"author":"Puntodincontro","twitter_card":"summary_large_image","twitter_creator":"@puntodincontro","twitter_site":"@puntodincontro","twitter_misc":{"Escrito por":"Puntodincontro","Tiempo de lectura":"2 minutos"},"schema":{"@context":"https:\/\/schema.org","@graph":[{"@type":"NewsArticle","@id":"https:\/\/puntodincontro.mx\/2021\/11\/16\/ii-messico-incontra-il-mondo-al-via-il-tianguis-turistico-a-merida\/#article","isPartOf":{"@id":"https:\/\/puntodincontro.mx\/2021\/11\/16\/ii-messico-incontra-il-mondo-al-via-il-tianguis-turistico-a-merida\/"},"author":{"name":"Puntodincontro","@id":"https:\/\/puntodincontro.mx\/#\/schema\/person\/d3066d18a16259cbb0c29b0d0e93b556"},"headline":"II Messico incontra il mondo: al via il Tianguis Turistico a M\u00e9rida","datePublished":"2021-11-16T12:15:08+00:00","dateModified":"2021-11-16T12:15:10+00:00","mainEntityOfPage":{"@id":"https:\/\/puntodincontro.mx\/2021\/11\/16\/ii-messico-incontra-il-mondo-al-via-il-tianguis-turistico-a-merida\/"},"wordCount":362,"commentCount":2,"publisher":{"@id":"https:\/\/puntodincontro.mx\/#organization"},"image":{"@id":"https:\/\/puntodincontro.mx\/2021\/11\/16\/ii-messico-incontra-il-mondo-al-via-il-tianguis-turistico-a-merida\/#primaryimage"},"thumbnailUrl":"https:\/\/puntodincontro.mx\/wp-content\/uploads\/2021\/11\/tianguisturisticomeridavert.webp","articleSection":["Viaggi"],"inLanguage":"es","potentialAction":[{"@type":"CommentAction","name":"Comment","target":["https:\/\/puntodincontro.mx\/2021\/11\/16\/ii-messico-incontra-il-mondo-al-via-il-tianguis-turistico-a-merida\/#respond"]}]},{"@type":"WebPage","@id":"https:\/\/puntodincontro.mx\/2021\/11\/16\/ii-messico-incontra-il-mondo-al-via-il-tianguis-turistico-a-merida\/","url":"https:\/\/puntodincontro.mx\/2021\/11\/16\/ii-messico-incontra-il-mondo-al-via-il-tianguis-turistico-a-merida\/","name":"II Messico incontra il mondo: al via il Tianguis Turistico a M\u00e9rida Puntodincontro","isPartOf":{"@id":"https:\/\/puntodincontro.mx\/#website"},"primaryImageOfPage":{"@id":"https:\/\/puntodincontro.mx\/2021\/11\/16\/ii-messico-incontra-il-mondo-al-via-il-tianguis-turistico-a-merida\/#primaryimage"},"image":{"@id":"https:\/\/puntodincontro.mx\/2021\/11\/16\/ii-messico-incontra-il-mondo-al-via-il-tianguis-turistico-a-merida\/#primaryimage"},"thumbnailUrl":"https:\/\/puntodincontro.mx\/wp-content\/uploads\/2021\/11\/tianguisturisticomeridavert.webp","datePublished":"2021-11-16T12:15:08+00:00","dateModified":"2021-11-16T12:15:10+00:00","description":"Al via oggi in Messico, in modalit\u00e0 presenziale, il \u201cTianguis Tur\u00edstico\u201d, definito dal ministero federale del Turismo \u00abla fiera pi\u00f9 importante del Paese\u00bb. La manifestazione si tiene dal 16 al 19 novembre a M\u00e9rida, capitale dello Yucatan, e vedr\u00e0 la partecipazione di 1.504 compratori di pacchetti per viaggi in tutto il territorio messicano provenienti da 42 nazioni, +12% rispetto all'edizione 2019.","breadcrumb":{"@id":"https:\/\/puntodincontro.mx\/2021\/11\/16\/ii-messico-incontra-il-mondo-al-via-il-tianguis-turistico-a-merida\/#breadcrumb"},"inLanguage":"es","potentialAction":[{"@type":"ReadAction","target":["https:\/\/puntodincontro.mx\/2021\/11\/16\/ii-messico-incontra-il-mondo-al-via-il-tianguis-turistico-a-merida\/"]}]},{"@type":"ImageObject","inLanguage":"es","@id":"https:\/\/puntodincontro.mx\/2021\/11\/16\/ii-messico-incontra-il-mondo-al-via-il-tianguis-turistico-a-merida\/#primaryimage","url":"https:\/\/puntodincontro.mx\/wp-content\/uploads\/2021\/11\/tianguisturisticomeridavert.webp","contentUrl":"https:\/\/puntodincontro.mx\/wp-content\/uploads\/2021\/11\/tianguisturisticomeridavert.webp","width":423,"height":488,"caption":"tianguisturisticomerida"},{"@type":"BreadcrumbList","@id":"https:\/\/puntodincontro.mx\/2021\/11\/16\/ii-messico-incontra-il-mondo-al-via-il-tianguis-turistico-a-merida\/#breadcrumb","itemListElement":[{"@type":"ListItem","position":1,"name":"Home","item":"https:\/\/puntodincontro.mx\/"},{"@type":"ListItem","position":2,"name":"II Messico incontra il mondo: al via il Tianguis Turistico a M\u00e9rida"}]},{"@type":"WebSite","@id":"https:\/\/puntodincontro.mx\/#website","url":"https:\/\/puntodincontro.mx\/","name":"Puntodincontro","description":"Desde el 2006 noticias sobre las relaciones entre Italia y M\u00e9xico \/ Dal 2006 notizie sui rapporti Italia-Messico","publisher":{"@id":"https:\/\/puntodincontro.mx\/#organization"},"potentialAction":[{"@type":"SearchAction","target":{"@type":"EntryPoint","urlTemplate":"https:\/\/puntodincontro.mx\/?s={search_term_string}"},"query-input":{"@type":"PropertyValueSpecification","valueRequired":true,"valueName":"search_term_string"}}],"inLanguage":"es"},{"@type":"Organization","@id":"https:\/\/puntodincontro.mx\/#organization","name":"Puntodincontro","url":"https:\/\/puntodincontro.mx\/","logo":{"@type":"ImageObject","inLanguage":"es","@id":"https:\/\/puntodincontro.mx\/#\/schema\/logo\/image\/","url":"https:\/\/puntodincontro.mx\/wp-content\/uploads\/2021\/08\/Default-image-for-open-graph-settings.jpg","contentUrl":"https:\/\/puntodincontro.mx\/wp-content\/uploads\/2021\/08\/Default-image-for-open-graph-settings.jpg","width":1200,"height":630,"caption":"Puntodincontro"},"image":{"@id":"https:\/\/puntodincontro.mx\/#\/schema\/logo\/image\/"},"sameAs":["https:\/\/www.facebook.com\/puntodincontro.mx","https:\/\/x.com\/puntodincontro","https:\/\/www.instagram.com\/puntodincontro.mx\/","https:\/\/www.linkedin.com\/company\/puntodincontro\/","https:\/\/www.youtube.com\/c\/puntodincontromessico","https:\/\/www.patreon.com\/puntodincontro","https:\/\/www.threads.net\/@puntodincontro.mx"]},{"@type":"Person","@id":"https:\/\/puntodincontro.mx\/#\/schema\/person\/d3066d18a16259cbb0c29b0d0e93b556","name":"Puntodincontro","image":{"@type":"ImageObject","inLanguage":"es","@id":"https:\/\/puntodincontro.mx\/#\/schema\/person\/image\/","url":"https:\/\/secure.gravatar.com\/avatar\/0e85b4b3b5e9d6bfcec6a4956d8cc63a?s=96&d=mm&r=g","contentUrl":"https:\/\/secure.gravatar.com\/avatar\/0e85b4b3b5e9d6bfcec6a4956d8cc63a?s=96&d=mm&r=g","caption":"Puntodincontro"},"url":"https:\/\/puntodincontro.mx\/es\/author\/puntodincontro\/"}]}},"_links":{"self":[{"href":"https:\/\/puntodincontro.mx\/es\/wp-json\/wp\/v2\/posts\/1802"}],"collection":[{"href":"https:\/\/puntodincontro.mx\/es\/wp-json\/wp\/v2\/posts"}],"about":[{"href":"https:\/\/puntodincontro.mx\/es\/wp-json\/wp\/v2\/types\/post"}],"author":[{"embeddable":true,"href":"https:\/\/puntodincontro.mx\/es\/wp-json\/wp\/v2\/users\/2"}],"replies":[{"embeddable":true,"href":"https:\/\/puntodincontro.mx\/es\/wp-json\/wp\/v2\/comments?post=1802"}],"version-history":[{"count":2,"href":"https:\/\/puntodincontro.mx\/es\/wp-json\/wp\/v2\/posts\/1802\/revisions"}],"predecessor-version":[{"id":7741,"href":"https:\/\/puntodincontro.mx\/es\/wp-json\/wp\/v2\/posts\/1802\/revisions\/7741"}],"wp:featuredmedia":[{"embeddable":true,"href":"https:\/\/puntodincontro.mx\/es\/wp-json\/wp\/v2\/media\/1804"}],"wp:attachment":[{"href":"https:\/\/puntodincontro.mx\/es\/wp-json\/wp\/v2\/media?parent=1802"}],"wp:term":[{"taxonomy":"category","embeddable":true,"href":"https:\/\/puntodincontro.mx\/es\/wp-json\/wp\/v2\/categories?post=1802"},{"taxonomy":"post_tag","embeddable":true,"href":"https:\/\/puntodincontro.mx\/es\/wp-json\/wp\/v2\/tags?post=1802"}],"curies":[{"name":"wp","href":"https:\/\/api.w.org\/{rel}","templated":true}]}}