{"id":18030,"date":"2024-02-22T15:52:24","date_gmt":"2024-02-22T21:52:24","guid":{"rendered":"https:\/\/puntodincontro.mx\/?p=18030"},"modified":"2024-02-22T20:21:25","modified_gmt":"2024-02-23T02:21:25","slug":"el-amerigo-vespucci-cumple-93-anos-llegara-a-mexico-el-16-de-junio","status":"publish","type":"post","link":"https:\/\/puntodincontro.mx\/es\/2024\/02\/22\/lamerigo-vespucci-compie-93-anni-sara-in-messico-il-16-giugno\/","title":{"rendered":"El Amerigo Vespucci cumple 93 a\u00f1os. Llegar\u00e1 a M\u00e9xico el 16 de junio"},"content":{"rendered":"<p class=\"translation-block\"><strong>15:33 hrs.<\/strong> - El Amerigo Vespucci, hist\u00f3rico velero y <a href=\"https:\/\/www.marina.difesa.it\/noi-siamo-la-marina\/mezzi\/forze-navali\/Pagine\/Vespucci.aspx\" target=\"_blank\"> buque escuela<\/a> de la Armada italiana, uno de los s\u00edmbolos del Bel Paese m\u00e1s conocidos en el mundo, cumple hoy, 22 de febrero, 93 a\u00f1os. Y est\u00e1 listo para celebrar este hito reanudando su gira mundial el pr\u00f3ximo 5 de marzo.<\/p>\n\n\n\n<p class=\"translation-block\">La vuelta al planeta de la <em>Signora dei Mari<\/em> comenz\u00f3 en julio de 2023 desde G\u00e9nova y, tras la escala t\u00e9cnica en Argentina, arribar\u00e1 a puertos de Chile, dejando atr\u00e1s por primera vez en su historia el Estrecho de Magallanes o el Cabo de Hornos\u2014 y M\u00e9xico, para luego cruzar el Oc\u00e9ano Pac\u00edfico y llegar a Asia.<\/p>\n\n\n\n<p class=\"translation-block\">\u00abNo s\u00f3lo atracar\u00e1 en cada naci\u00f3n el barco m\u00e1s bello del mundo, sino tambi\u00e9n en Italia\u00bb, afirm\u00f3 el ministro de la Defensa, Guido Crosetto. El Vespucci combina as\u00ed la tradicional actividad formativa de los cadetes de la armada con la promoci\u00f3n de la excelencia del <em>Made in Italy<\/em> en los puertos a los que llegar\u00e1 en el curso de la campa\u00f1a.<\/p>\n\n\n\n<p class=\"translation-block\">Durante la gira ser\u00e1 instalado el <em>Villaggio Italia<\/em>, donde converger\u00e1n las actividades de los ministerios involucrados en la iniciativa para que la gira mundial sea, adem\u00e1s de una expresi\u00f3n unitaria de los valores de la Naci\u00f3n, tambi\u00e9n un escaparate de los productos italianos y motor de la econom\u00eda y cultura del pa\u00eds de la bota.<\/p>\n\n\n\n<p>La llegada del Vespucci a M\u00e9xico \u2014donde ser\u00e1 recibido solo con la tripulaci\u00f3n permanente a bordo\u2014, est\u00e1 prevista para el 16 de junio de 2024. El barco podr\u00e1 ser visitado hasta el 19 de junio. A causa de los da\u00f1os provocados por el hurac\u00e1n Otis el pasado 25 de octubre, el puerto de llegada en la costa del Pac\u00edfico \u2014que en el programa original era el de Acapulco\u2014 ser\u00e1 probablemente modificado.<\/p>\n\n\n\n<p>Ser\u00e1 una visita similar a la realizada hace poco menos de 22 a\u00f1os, del 19 al 24 de julio de 2002. En aquella ocasi\u00f3n el buque fue recibido, junto con el comandante del barco, Gai Vassallo, y los marineros, por el embajador de Italia en M\u00e9xico Franco Tempesta, en presencia de autoridades de la Secretar\u00eda de Turismo y periodistas de diversos medios locales.<\/p>\n\n\n\n<p>Tras la salida del puerto mexicano y las escalas en Los \u00c1ngeles, Tokio, Manila, Darwin, Singapur, Mumbai, Abu Dhabi, el Canal de Suez y Chipre, el regreso a la base de La Spezia est\u00e1 previsto para el mes de febrero de 2025, concluyendo as\u00ed un viaje de unas 40.000 millas n\u00e1uticas.<\/p>\n\n\n\n<p class=\"has-small-font-size\">Foto: aise.it<\/p>\n\n\n\n<div style=\"height:12px\" aria-hidden=\"true\" class=\"wp-block-spacer\"><\/div>\n\n\n<!-- Ad space powered by WP AdCenter v2.5.7 - https:\/\/wpadcenter.com\/ --><div class=\"wpadcenter-adgroup\" ><div class=\"wpadcenter-adgroup__row wpadcenter-aligncenter\"><div class=\"wpadcenter-ad-container\" ><div id=\"wpadcenter-ad-18464\" class=\"ad-placement\"><div class=\"wpadcenter-ad-inner\" ><a id=\"wpadcenter_ad\" data-value=\"18464\" data-placement=\"\" href=\"https:\/\/www.productosremo.com\/\" target=\"_blank\" class=\"wpadcenter-ad-inner__item\" ><img decoding=\"async\"   src=\"https:\/\/puntodincontro.mx\/wp-content\/uploads\/2021\/08\/remobanner.jpg\" class=\"attachment-post-thumbnail size-post-thumbnail wp-post-image\" alt=\"\" srcset=\"https:\/\/puntodincontro.mx\/wp-content\/uploads\/2021\/08\/remobanner.jpg 200w, https:\/\/puntodincontro.mx\/wp-content\/uploads\/2021\/08\/remobanner-16x5.jpg 16w\" sizes=\"(max-width: 200px) 100vw, 200px\" \/><\/a><\/div><\/div><\/div><div class=\"wpadcenter-ad-container\" ><div id=\"wpadcenter-ad-5305\" class=\"ad-placement\"><div class=\"wpadcenter-ad-inner\" ><a id=\"wpadcenter_ad\" data-value=\"5305\" data-placement=\"\" href=\"https:\/\/ambcittadelmessico.esteri.it\/ambasciata_cittadelmessico\/it\/\" target=\"_blank\" class=\"wpadcenter-ad-inner__item\" ><img decoding=\"async\"   src=\"https:\/\/puntodincontro.mx\/wp-content\/uploads\/2022\/05\/Ambasciata.jpg\" class=\"attachment-post-thumbnail size-post-thumbnail wp-post-image\" alt=\"\" srcset=\"https:\/\/puntodincontro.mx\/wp-content\/uploads\/2022\/05\/Ambasciata.jpg 200w, https:\/\/puntodincontro.mx\/wp-content\/uploads\/2022\/05\/Ambasciata-18x5.jpg 18w\" sizes=\"(max-width: 200px) 100vw, 200px\" \/><\/a><\/div><\/div><\/div><div class=\"wpadcenter-ad-container\" ><div id=\"wpadcenter-ad-3781\" class=\"ad-placement\"><div class=\"wpadcenter-ad-inner\" ><a id=\"wpadcenter_ad\" data-value=\"3781\" data-placement=\"\" href=\"https:\/\/cannizzo.com.mx\/\" target=\"_blank\" class=\"wpadcenter-ad-inner__item\" ><img decoding=\"async\"   src=\"https:\/\/puntodincontro.mx\/wp-content\/uploads\/2022\/03\/cannizzo2.jpg\" class=\"attachment-post-thumbnail size-post-thumbnail wp-post-image\" alt=\"\" srcset=\"https:\/\/puntodincontro.mx\/wp-content\/uploads\/2022\/03\/cannizzo2.jpg 200w, https:\/\/puntodincontro.mx\/wp-content\/uploads\/2022\/03\/cannizzo2-18x5.jpg 18w\" sizes=\"(max-width: 200px) 100vw, 200px\" \/><\/a><\/div><\/div><\/div><\/div><div class=\"wpadcenter-adgroup__row wpadcenter-aligncenter\"><div class=\"wpadcenter-ad-container\" ><div id=\"wpadcenter-ad-1704\" class=\"ad-placement\"><div class=\"wpadcenter-ad-inner\" ><a id=\"wpadcenter_ad\" data-value=\"1704\" data-placement=\"\" href=\"https:\/\/puntodincontro.mx\/es\/2021\/12\/24\/inps-verificacion-de-supervivencia-de-los-pensionados-en-el-extranjero\/\" target=\"_blank\" class=\"wpadcenter-ad-inner__item\" ><img decoding=\"async\"   src=\"https:\/\/puntodincontro.mx\/wp-content\/uploads\/2021\/11\/logo-ital.jpg\" class=\"attachment-post-thumbnail size-post-thumbnail wp-post-image\" alt=\"Patronato ITAL Messico\" srcset=\"https:\/\/puntodincontro.mx\/wp-content\/uploads\/2021\/11\/logo-ital.jpg 200w, https:\/\/puntodincontro.mx\/wp-content\/uploads\/2021\/11\/logo-ital-16x5.jpg 16w\" sizes=\"(max-width: 200px) 100vw, 200px\" \/><\/a><\/div><\/div><\/div><div class=\"wpadcenter-ad-container\" ><div id=\"wpadcenter-ad-1538\" class=\"ad-placement\"><div class=\"wpadcenter-ad-inner\" ><a id=\"wpadcenter_ad\" data-value=\"1538\" data-placement=\"\" href=\"https:\/\/asociacionitaliana.org\/\" target=\"_blank\" class=\"wpadcenter-ad-inner__item\" ><img decoding=\"async\"   src=\"https:\/\/puntodincontro.mx\/wp-content\/uploads\/2021\/11\/aialogo.jpg\" class=\"attachment-post-thumbnail size-post-thumbnail wp-post-image\" alt=\"Associazione Italiana di Assistenza IAP\" srcset=\"https:\/\/puntodincontro.mx\/wp-content\/uploads\/2021\/11\/aialogo.jpg 200w, https:\/\/puntodincontro.mx\/wp-content\/uploads\/2021\/11\/aialogo-18x5.jpg 18w\" sizes=\"(max-width: 200px) 100vw, 200px\" \/><\/a><\/div><\/div><\/div><div class=\"wpadcenter-ad-container\" ><div id=\"wpadcenter-ad-1513\" class=\"ad-placement\"><div class=\"wpadcenter-ad-inner\" ><a id=\"wpadcenter_ad\" data-value=\"1513\" data-placement=\"\" href=\"https:\/\/gcinmuebles.mx\" target=\"_blank\" class=\"wpadcenter-ad-inner__item\" ><img decoding=\"async\"   src=\"https:\/\/puntodincontro.mx\/wp-content\/uploads\/2021\/10\/gcinmuebleslogopunto-1.jpg\" class=\"attachment-post-thumbnail size-post-thumbnail wp-post-image\" alt=\"\" srcset=\"https:\/\/puntodincontro.mx\/wp-content\/uploads\/2021\/10\/gcinmuebleslogopunto-1.jpg 200w, https:\/\/puntodincontro.mx\/wp-content\/uploads\/2021\/10\/gcinmuebleslogopunto-1-18x5.jpg 18w\" sizes=\"(max-width: 200px) 100vw, 200px\" \/><\/a><\/div><\/div><\/div><\/div><div class=\"wpadcenter-adgroup__row wpadcenter-aligncenter\"><div class=\"wpadcenter-ad-container\" ><div id=\"wpadcenter-ad-1374\" class=\"ad-placement\"><div class=\"wpadcenter-ad-inner\" ><a id=\"wpadcenter_ad\" data-value=\"1374\" data-placement=\"\" href=\"https:\/\/www.9colonne.it\/\" target=\"_blank\" class=\"wpadcenter-ad-inner__item\" ><img decoding=\"async\"   src=\"https:\/\/puntodincontro.mx\/wp-content\/uploads\/2021\/10\/Banner9colonne.gif\" class=\"attachment-post-thumbnail size-post-thumbnail wp-post-image\" alt=\"\" \/><\/a><\/div><\/div><\/div><div class=\"wpadcenter-ad-container\" ><div id=\"wpadcenter-ad-276\" class=\"ad-placement\"><div class=\"wpadcenter-ad-inner\" ><a id=\"wpadcenter_ad\" data-value=\"276\" data-placement=\"\" href=\"http:\/\/www.camaraitaliana.mx\/\" target=\"_blank\" class=\"wpadcenter-ad-inner__item\" ><img decoding=\"async\"   src=\"https:\/\/puntodincontro.mx\/wp-content\/uploads\/2021\/08\/ccimnuovo.jpg\" class=\"attachment-post-thumbnail size-post-thumbnail wp-post-image\" alt=\"\" srcset=\"https:\/\/puntodincontro.mx\/wp-content\/uploads\/2021\/08\/ccimnuovo.jpg 200w, https:\/\/puntodincontro.mx\/wp-content\/uploads\/2021\/08\/ccimnuovo-18x5.jpg 18w\" sizes=\"(max-width: 200px) 100vw, 200px\" \/><\/a><\/div><\/div><\/div><div class=\"wpadcenter-ad-container\" ><div id=\"wpadcenter-ad-272\" class=\"ad-placement\"><div class=\"wpadcenter-ad-inner\" ><a id=\"wpadcenter_ad\" data-value=\"272\" data-placement=\"\" href=\"http:\/\/corix.us\/\" target=\"_blank\" class=\"wpadcenter-ad-inner__item\" ><img decoding=\"async\"   src=\"https:\/\/puntodincontro.mx\/wp-content\/uploads\/2021\/08\/corixbanner-1.jpg\" class=\"attachment-post-thumbnail size-post-thumbnail wp-post-image\" alt=\"\" srcset=\"https:\/\/puntodincontro.mx\/wp-content\/uploads\/2021\/08\/corixbanner-1.jpg 200w, https:\/\/puntodincontro.mx\/wp-content\/uploads\/2021\/08\/corixbanner-1-16x5.jpg 16w\" sizes=\"(max-width: 200px) 100vw, 200px\" \/><\/a><\/div><\/div><\/div><\/div><div class=\"wpadcenter-adgroup__row wpadcenter-aligncenter\"><div class=\"wpadcenter-ad-container\" ><div id=\"wpadcenter-ad-266\" class=\"ad-placement\"><div class=\"wpadcenter-ad-inner\" ><a id=\"wpadcenter_ad\" data-value=\"266\" data-placement=\"\" href=\"https:\/\/www.prinsel.com.mx\/\" target=\"_blank\" class=\"wpadcenter-ad-inner__item\" ><img decoding=\"async\"   src=\"https:\/\/puntodincontro.mx\/wp-content\/uploads\/2021\/08\/prinselbanner-1.jpg\" class=\"attachment-post-thumbnail size-post-thumbnail wp-post-image\" alt=\"\" srcset=\"https:\/\/puntodincontro.mx\/wp-content\/uploads\/2021\/08\/prinselbanner-1.jpg 200w, https:\/\/puntodincontro.mx\/wp-content\/uploads\/2021\/08\/prinselbanner-1-16x5.jpg 16w\" sizes=\"(max-width: 200px) 100vw, 200px\" \/><\/a><\/div><\/div><\/div><div class=\"wpadcenter-ad-container\" ><div id=\"wpadcenter-ad-261\" class=\"ad-placement\"><div class=\"wpadcenter-ad-inner\" ><a id=\"wpadcenter_ad\" data-value=\"261\" data-placement=\"\" href=\"https:\/\/faitalia.com.mx\/\" target=\"_blank\" class=\"wpadcenter-ad-inner__item\" ><img decoding=\"async\"   src=\"https:\/\/puntodincontro.mx\/wp-content\/uploads\/2021\/08\/gruppodino.jpg\" class=\"attachment-post-thumbnail size-post-thumbnail wp-post-image\" alt=\"\" srcset=\"https:\/\/puntodincontro.mx\/wp-content\/uploads\/2021\/08\/gruppodino.jpg 200w, https:\/\/puntodincontro.mx\/wp-content\/uploads\/2021\/08\/gruppodino-18x5.jpg 18w\" sizes=\"(max-width: 200px) 100vw, 200px\" \/><\/a><\/div><\/div><\/div><\/div><\/div>\n\n\n<div style=\"height:12px\" aria-hidden=\"true\" class=\"wp-block-spacer\"><\/div>","protected":false},"excerpt":{"rendered":"<p>Ore 15.33 &#8211; L\u2019Amerigo Vespucci, storico veliero e nave scuola della Marina Militare italiana, simbolo tra i pi\u00f9 conosciuti del Bel Paese nel mondo, compie oggi, 22 febbraio, 93 anni. Ed \u00e8 pronta a festeggiare questo traguardo riprendendo, il prossimo 5 marzo, il suo tour mondiale. Il giro del mondo della Signora dei Mari \u00e8 iniziato nel mese di luglio 2023 da Genova e, dopo la sosta tecnica in Argentina, arriver\u00e0 nei porti del Cile \u2014doppiando lo Stretto di Magellano o Capo Horn per la prima volta nella sua storia\u2014 e del Messico, per poi attraversare l&#8217;Oceano Pacifico e giungere&#8230; <\/p>","protected":false},"author":2,"featured_media":18043,"comment_status":"open","ping_status":"open","sticky":false,"template":"","format":"standard","meta":{"_monsterinsights_skip_tracking":false,"_monsterinsights_sitenote_active":false,"_monsterinsights_sitenote_note":"","_monsterinsights_sitenote_category":0,"footnotes":""},"categories":[5],"tags":[],"class_list":["post-18030","post","type-post","status-publish","format-standard","has-post-thumbnail","hentry","category-italia-nel-mondo"],"yoast_head":"<!-- This site is optimized with the Yoast SEO Premium plugin v18.4 (Yoast SEO v25.6) - https:\/\/yoast.com\/wordpress\/plugins\/seo\/ -->\n<title>L&#039;Amerigo Vespucci compie 93 anni. Sar\u00e0 in Messico il 16 giugno<\/title>\n<meta name=\"description\" content=\"L\u2019Amerigo Vespucci, storico veliero e nave scuola della Marina Militare italiana, compie oggi, 22 febbraio, 93 anni.\" \/>\n<meta name=\"robots\" content=\"index, follow, max-snippet:-1, max-image-preview:large, max-video-preview:-1\" \/>\n<link rel=\"canonical\" href=\"https:\/\/puntodincontro.mx\/es\/2024\/02\/22\/el-amerigo-vespucci-cumple-93-anos-llegara-a-mexico-el-16-de-junio\/\" \/>\n<meta property=\"og:locale\" content=\"es_MX\" \/>\n<meta property=\"og:type\" content=\"article\" \/>\n<meta property=\"og:title\" content=\"L&#039;Amerigo Vespucci compie 93 anni. Arriver\u00e0 in Messico il 16 giugno\" \/>\n<meta property=\"og:description\" content=\"L\u2019Amerigo Vespucci, storico veliero e nave scuola della Marina Militare italiana, compie oggi, 22 febbraio, 93 anni.\" \/>\n<meta property=\"og:url\" content=\"https:\/\/puntodincontro.mx\/es\/2024\/02\/22\/el-amerigo-vespucci-cumple-93-anos-llegara-a-mexico-el-16-de-junio\/\" \/>\n<meta property=\"og:site_name\" content=\"Puntodincontro\" \/>\n<meta property=\"article:publisher\" content=\"https:\/\/www.facebook.com\/puntodincontro.mx\" \/>\n<meta property=\"article:published_time\" content=\"2024-02-22T21:52:24+00:00\" \/>\n<meta property=\"article:modified_time\" content=\"2024-02-23T02:21:25+00:00\" \/>\n<meta property=\"og:image\" content=\"https:\/\/puntodincontro.mx\/wp-content\/uploads\/2024\/02\/vespuccicomp.jpg\" \/>\n\t<meta property=\"og:image:width\" content=\"932\" \/>\n\t<meta property=\"og:image:height\" content=\"488\" \/>\n\t<meta property=\"og:image:type\" content=\"image\/jpeg\" \/>\n<meta name=\"author\" content=\"Puntodincontro\" \/>\n<meta name=\"twitter:card\" content=\"summary_large_image\" \/>\n<meta name=\"twitter:creator\" content=\"@puntodincontro\" \/>\n<meta name=\"twitter:site\" content=\"@puntodincontro\" \/>\n<meta name=\"twitter:label1\" content=\"Escrito por\" \/>\n\t<meta name=\"twitter:data1\" content=\"Puntodincontro\" \/>\n\t<meta name=\"twitter:label2\" content=\"Tiempo de lectura\" \/>\n\t<meta name=\"twitter:data2\" content=\"2 minutos\" \/>\n<script type=\"application\/ld+json\" class=\"yoast-schema-graph\">{\"@context\":\"https:\/\/schema.org\",\"@graph\":[{\"@type\":\"NewsArticle\",\"@id\":\"https:\/\/puntodincontro.mx\/2024\/02\/22\/lamerigo-vespucci-compie-93-anni-sara-in-messico-il-16-giugno\/#article\",\"isPartOf\":{\"@id\":\"https:\/\/puntodincontro.mx\/2024\/02\/22\/lamerigo-vespucci-compie-93-anni-sara-in-messico-il-16-giugno\/\"},\"author\":{\"name\":\"Puntodincontro\",\"@id\":\"https:\/\/puntodincontro.mx\/#\/schema\/person\/d3066d18a16259cbb0c29b0d0e93b556\"},\"headline\":\"L&#8217;Amerigo Vespucci compie 93 anni. Arriver\u00e0 in Messico il 16 giugno\",\"datePublished\":\"2024-02-22T21:52:24+00:00\",\"dateModified\":\"2024-02-23T02:21:25+00:00\",\"mainEntityOfPage\":{\"@id\":\"https:\/\/puntodincontro.mx\/2024\/02\/22\/lamerigo-vespucci-compie-93-anni-sara-in-messico-il-16-giugno\/\"},\"wordCount\":370,\"commentCount\":1,\"publisher\":{\"@id\":\"https:\/\/puntodincontro.mx\/#organization\"},\"image\":{\"@id\":\"https:\/\/puntodincontro.mx\/2024\/02\/22\/lamerigo-vespucci-compie-93-anni-sara-in-messico-il-16-giugno\/#primaryimage\"},\"thumbnailUrl\":\"https:\/\/puntodincontro.mx\/wp-content\/uploads\/2024\/02\/vespuccivert.webp\",\"articleSection\":[\"Italia nel mondo\"],\"inLanguage\":\"es\",\"potentialAction\":[{\"@type\":\"CommentAction\",\"name\":\"Comment\",\"target\":[\"https:\/\/puntodincontro.mx\/2024\/02\/22\/lamerigo-vespucci-compie-93-anni-sara-in-messico-il-16-giugno\/#respond\"]}]},{\"@type\":\"WebPage\",\"@id\":\"https:\/\/puntodincontro.mx\/2024\/02\/22\/lamerigo-vespucci-compie-93-anni-sara-in-messico-il-16-giugno\/\",\"url\":\"https:\/\/puntodincontro.mx\/2024\/02\/22\/lamerigo-vespucci-compie-93-anni-sara-in-messico-il-16-giugno\/\",\"name\":\"L'Amerigo Vespucci compie 93 anni. Sar\u00e0 in Messico il 16 giugno\",\"isPartOf\":{\"@id\":\"https:\/\/puntodincontro.mx\/#website\"},\"primaryImageOfPage\":{\"@id\":\"https:\/\/puntodincontro.mx\/2024\/02\/22\/lamerigo-vespucci-compie-93-anni-sara-in-messico-il-16-giugno\/#primaryimage\"},\"image\":{\"@id\":\"https:\/\/puntodincontro.mx\/2024\/02\/22\/lamerigo-vespucci-compie-93-anni-sara-in-messico-il-16-giugno\/#primaryimage\"},\"thumbnailUrl\":\"https:\/\/puntodincontro.mx\/wp-content\/uploads\/2024\/02\/vespuccivert.webp\",\"datePublished\":\"2024-02-22T21:52:24+00:00\",\"dateModified\":\"2024-02-23T02:21:25+00:00\",\"description\":\"L\u2019Amerigo Vespucci, storico veliero e nave scuola della Marina Militare italiana, compie oggi, 22 febbraio, 93 anni.\",\"breadcrumb\":{\"@id\":\"https:\/\/puntodincontro.mx\/2024\/02\/22\/lamerigo-vespucci-compie-93-anni-sara-in-messico-il-16-giugno\/#breadcrumb\"},\"inLanguage\":\"es\",\"potentialAction\":[{\"@type\":\"ReadAction\",\"target\":[\"https:\/\/puntodincontro.mx\/2024\/02\/22\/lamerigo-vespucci-compie-93-anni-sara-in-messico-il-16-giugno\/\"]}]},{\"@type\":\"ImageObject\",\"inLanguage\":\"es\",\"@id\":\"https:\/\/puntodincontro.mx\/2024\/02\/22\/lamerigo-vespucci-compie-93-anni-sara-in-messico-il-16-giugno\/#primaryimage\",\"url\":\"https:\/\/puntodincontro.mx\/wp-content\/uploads\/2024\/02\/vespuccivert.webp\",\"contentUrl\":\"https:\/\/puntodincontro.mx\/wp-content\/uploads\/2024\/02\/vespuccivert.webp\",\"width\":423,\"height\":488,\"caption\":\"L'Amerigo Vespucci compie 93 anni. Arriver\u00e0 ad Acapulco il 16 giugno \/ Foto: aise.it\"},{\"@type\":\"BreadcrumbList\",\"@id\":\"https:\/\/puntodincontro.mx\/2024\/02\/22\/lamerigo-vespucci-compie-93-anni-sara-in-messico-il-16-giugno\/#breadcrumb\",\"itemListElement\":[{\"@type\":\"ListItem\",\"position\":1,\"name\":\"Home\",\"item\":\"https:\/\/puntodincontro.mx\/\"},{\"@type\":\"ListItem\",\"position\":2,\"name\":\"L&#8217;Amerigo Vespucci compie 93 anni. Arriver\u00e0 in Messico il 16 giugno\"}]},{\"@type\":\"WebSite\",\"@id\":\"https:\/\/puntodincontro.mx\/#website\",\"url\":\"https:\/\/puntodincontro.mx\/\",\"name\":\"Puntodincontro\",\"description\":\"Dal 2006 notizie sui rapporti Italia-Messico \/ Desde 2006 noticias sobre las relaciones entre Italia y M\u00e9xico\",\"publisher\":{\"@id\":\"https:\/\/puntodincontro.mx\/#organization\"},\"potentialAction\":[{\"@type\":\"SearchAction\",\"target\":{\"@type\":\"EntryPoint\",\"urlTemplate\":\"https:\/\/puntodincontro.mx\/?s={search_term_string}\"},\"query-input\":{\"@type\":\"PropertyValueSpecification\",\"valueRequired\":true,\"valueName\":\"search_term_string\"}}],\"inLanguage\":\"es\"},{\"@type\":\"Organization\",\"@id\":\"https:\/\/puntodincontro.mx\/#organization\",\"name\":\"Puntodincontro\",\"url\":\"https:\/\/puntodincontro.mx\/\",\"logo\":{\"@type\":\"ImageObject\",\"inLanguage\":\"es\",\"@id\":\"https:\/\/puntodincontro.mx\/#\/schema\/logo\/image\/\",\"url\":\"https:\/\/puntodincontro.mx\/wp-content\/uploads\/2021\/08\/Default-image-for-open-graph-settings.jpg\",\"contentUrl\":\"https:\/\/puntodincontro.mx\/wp-content\/uploads\/2021\/08\/Default-image-for-open-graph-settings.jpg\",\"width\":1200,\"height\":630,\"caption\":\"Puntodincontro\"},\"image\":{\"@id\":\"https:\/\/puntodincontro.mx\/#\/schema\/logo\/image\/\"},\"sameAs\":[\"https:\/\/www.facebook.com\/puntodincontro.mx\",\"https:\/\/x.com\/puntodincontro\",\"https:\/\/www.instagram.com\/puntodincontro.mx\/\",\"https:\/\/www.linkedin.com\/company\/puntodincontro\/\",\"https:\/\/www.youtube.com\/c\/puntodincontromessico\",\"https:\/\/www.patreon.com\/puntodincontro\",\"https:\/\/www.threads.net\/@puntodincontro.mx\"]},{\"@type\":\"Person\",\"@id\":\"https:\/\/puntodincontro.mx\/#\/schema\/person\/d3066d18a16259cbb0c29b0d0e93b556\",\"name\":\"Puntodincontro\",\"image\":{\"@type\":\"ImageObject\",\"inLanguage\":\"es\",\"@id\":\"https:\/\/puntodincontro.mx\/#\/schema\/person\/image\/\",\"url\":\"https:\/\/secure.gravatar.com\/avatar\/0e85b4b3b5e9d6bfcec6a4956d8cc63a?s=96&d=mm&r=g\",\"contentUrl\":\"https:\/\/secure.gravatar.com\/avatar\/0e85b4b3b5e9d6bfcec6a4956d8cc63a?s=96&d=mm&r=g\",\"caption\":\"Puntodincontro\"},\"url\":\"https:\/\/puntodincontro.mx\/es\/author\/puntodincontro\/\"}]}<\/script>\n<!-- \/ Yoast SEO Premium plugin. -->","yoast_head_json":{"title":"L'Amerigo Vespucci compie 93 anni. Sar\u00e0 in Messico il 16 giugno","description":"El Amerigo Vespucci, hist\u00f3rico velero y buque escuela de la Armada italiana, cumple 93 a\u00f1os hoy, 22 de febrero.","robots":{"index":"index","follow":"follow","max-snippet":"max-snippet:-1","max-image-preview":"max-image-preview:large","max-video-preview":"max-video-preview:-1"},"canonical":"https:\/\/puntodincontro.mx\/es\/2024\/02\/22\/el-amerigo-vespucci-cumple-93-anos-llegara-a-mexico-el-16-de-junio\/","og_locale":"es_MX","og_type":"article","og_title":"L'Amerigo Vespucci compie 93 anni. Arriver\u00e0 in Messico il 16 giugno","og_description":"L\u2019Amerigo Vespucci, storico veliero e nave scuola della Marina Militare italiana, compie oggi, 22 febbraio, 93 anni.","og_url":"https:\/\/puntodincontro.mx\/es\/2024\/02\/22\/el-amerigo-vespucci-cumple-93-anos-llegara-a-mexico-el-16-de-junio\/","og_site_name":"Puntodincontro","article_publisher":"https:\/\/www.facebook.com\/puntodincontro.mx","article_published_time":"2024-02-22T21:52:24+00:00","article_modified_time":"2024-02-23T02:21:25+00:00","og_image":[{"width":932,"height":488,"url":"https:\/\/puntodincontro.mx\/wp-content\/uploads\/2024\/02\/vespuccicomp.jpg","type":"image\/jpeg"}],"author":"Puntodincontro","twitter_card":"summary_large_image","twitter_creator":"@puntodincontro","twitter_site":"@puntodincontro","twitter_misc":{"Escrito por":"Puntodincontro","Tiempo de lectura":"2 minutos"},"schema":{"@context":"https:\/\/schema.org","@graph":[{"@type":"NewsArticle","@id":"https:\/\/puntodincontro.mx\/2024\/02\/22\/lamerigo-vespucci-compie-93-anni-sara-in-messico-il-16-giugno\/#article","isPartOf":{"@id":"https:\/\/puntodincontro.mx\/2024\/02\/22\/lamerigo-vespucci-compie-93-anni-sara-in-messico-il-16-giugno\/"},"author":{"name":"Puntodincontro","@id":"https:\/\/puntodincontro.mx\/#\/schema\/person\/d3066d18a16259cbb0c29b0d0e93b556"},"headline":"L&#8217;Amerigo Vespucci compie 93 anni. Arriver\u00e0 in Messico il 16 giugno","datePublished":"2024-02-22T21:52:24+00:00","dateModified":"2024-02-23T02:21:25+00:00","mainEntityOfPage":{"@id":"https:\/\/puntodincontro.mx\/2024\/02\/22\/lamerigo-vespucci-compie-93-anni-sara-in-messico-il-16-giugno\/"},"wordCount":370,"commentCount":1,"publisher":{"@id":"https:\/\/puntodincontro.mx\/#organization"},"image":{"@id":"https:\/\/puntodincontro.mx\/2024\/02\/22\/lamerigo-vespucci-compie-93-anni-sara-in-messico-il-16-giugno\/#primaryimage"},"thumbnailUrl":"https:\/\/puntodincontro.mx\/wp-content\/uploads\/2024\/02\/vespuccivert.webp","articleSection":["Italia nel mondo"],"inLanguage":"es","potentialAction":[{"@type":"CommentAction","name":"Comment","target":["https:\/\/puntodincontro.mx\/2024\/02\/22\/lamerigo-vespucci-compie-93-anni-sara-in-messico-il-16-giugno\/#respond"]}]},{"@type":"WebPage","@id":"https:\/\/puntodincontro.mx\/2024\/02\/22\/lamerigo-vespucci-compie-93-anni-sara-in-messico-il-16-giugno\/","url":"https:\/\/puntodincontro.mx\/2024\/02\/22\/lamerigo-vespucci-compie-93-anni-sara-in-messico-il-16-giugno\/","name":"L'Amerigo Vespucci compie 93 anni. Sar\u00e0 in Messico il 16 giugno","isPartOf":{"@id":"https:\/\/puntodincontro.mx\/#website"},"primaryImageOfPage":{"@id":"https:\/\/puntodincontro.mx\/2024\/02\/22\/lamerigo-vespucci-compie-93-anni-sara-in-messico-il-16-giugno\/#primaryimage"},"image":{"@id":"https:\/\/puntodincontro.mx\/2024\/02\/22\/lamerigo-vespucci-compie-93-anni-sara-in-messico-il-16-giugno\/#primaryimage"},"thumbnailUrl":"https:\/\/puntodincontro.mx\/wp-content\/uploads\/2024\/02\/vespuccivert.webp","datePublished":"2024-02-22T21:52:24+00:00","dateModified":"2024-02-23T02:21:25+00:00","description":"El Amerigo Vespucci, hist\u00f3rico velero y buque escuela de la Armada italiana, cumple 93 a\u00f1os hoy, 22 de febrero.","breadcrumb":{"@id":"https:\/\/puntodincontro.mx\/2024\/02\/22\/lamerigo-vespucci-compie-93-anni-sara-in-messico-il-16-giugno\/#breadcrumb"},"inLanguage":"es","potentialAction":[{"@type":"ReadAction","target":["https:\/\/puntodincontro.mx\/2024\/02\/22\/lamerigo-vespucci-compie-93-anni-sara-in-messico-il-16-giugno\/"]}]},{"@type":"ImageObject","inLanguage":"es","@id":"https:\/\/puntodincontro.mx\/2024\/02\/22\/lamerigo-vespucci-compie-93-anni-sara-in-messico-il-16-giugno\/#primaryimage","url":"https:\/\/puntodincontro.mx\/wp-content\/uploads\/2024\/02\/vespuccivert.webp","contentUrl":"https:\/\/puntodincontro.mx\/wp-content\/uploads\/2024\/02\/vespuccivert.webp","width":423,"height":488,"caption":"L'Amerigo Vespucci compie 93 anni. Arriver\u00e0 ad Acapulco il 16 giugno \/ Foto: aise.it"},{"@type":"BreadcrumbList","@id":"https:\/\/puntodincontro.mx\/2024\/02\/22\/lamerigo-vespucci-compie-93-anni-sara-in-messico-il-16-giugno\/#breadcrumb","itemListElement":[{"@type":"ListItem","position":1,"name":"Home","item":"https:\/\/puntodincontro.mx\/"},{"@type":"ListItem","position":2,"name":"L&#8217;Amerigo Vespucci compie 93 anni. Arriver\u00e0 in Messico il 16 giugno"}]},{"@type":"WebSite","@id":"https:\/\/puntodincontro.mx\/#website","url":"https:\/\/puntodincontro.mx\/","name":"Puntodincontro","description":"Desde el 2006 noticias sobre las relaciones entre Italia y M\u00e9xico \/ Dal 2006 notizie sui rapporti Italia-Messico","publisher":{"@id":"https:\/\/puntodincontro.mx\/#organization"},"potentialAction":[{"@type":"SearchAction","target":{"@type":"EntryPoint","urlTemplate":"https:\/\/puntodincontro.mx\/?s={search_term_string}"},"query-input":{"@type":"PropertyValueSpecification","valueRequired":true,"valueName":"search_term_string"}}],"inLanguage":"es"},{"@type":"Organization","@id":"https:\/\/puntodincontro.mx\/#organization","name":"Puntodincontro","url":"https:\/\/puntodincontro.mx\/","logo":{"@type":"ImageObject","inLanguage":"es","@id":"https:\/\/puntodincontro.mx\/#\/schema\/logo\/image\/","url":"https:\/\/puntodincontro.mx\/wp-content\/uploads\/2021\/08\/Default-image-for-open-graph-settings.jpg","contentUrl":"https:\/\/puntodincontro.mx\/wp-content\/uploads\/2021\/08\/Default-image-for-open-graph-settings.jpg","width":1200,"height":630,"caption":"Puntodincontro"},"image":{"@id":"https:\/\/puntodincontro.mx\/#\/schema\/logo\/image\/"},"sameAs":["https:\/\/www.facebook.com\/puntodincontro.mx","https:\/\/x.com\/puntodincontro","https:\/\/www.instagram.com\/puntodincontro.mx\/","https:\/\/www.linkedin.com\/company\/puntodincontro\/","https:\/\/www.youtube.com\/c\/puntodincontromessico","https:\/\/www.patreon.com\/puntodincontro","https:\/\/www.threads.net\/@puntodincontro.mx"]},{"@type":"Person","@id":"https:\/\/puntodincontro.mx\/#\/schema\/person\/d3066d18a16259cbb0c29b0d0e93b556","name":"Puntodincontro","image":{"@type":"ImageObject","inLanguage":"es","@id":"https:\/\/puntodincontro.mx\/#\/schema\/person\/image\/","url":"https:\/\/secure.gravatar.com\/avatar\/0e85b4b3b5e9d6bfcec6a4956d8cc63a?s=96&d=mm&r=g","contentUrl":"https:\/\/secure.gravatar.com\/avatar\/0e85b4b3b5e9d6bfcec6a4956d8cc63a?s=96&d=mm&r=g","caption":"Puntodincontro"},"url":"https:\/\/puntodincontro.mx\/es\/author\/puntodincontro\/"}]}},"_links":{"self":[{"href":"https:\/\/puntodincontro.mx\/es\/wp-json\/wp\/v2\/posts\/18030"}],"collection":[{"href":"https:\/\/puntodincontro.mx\/es\/wp-json\/wp\/v2\/posts"}],"about":[{"href":"https:\/\/puntodincontro.mx\/es\/wp-json\/wp\/v2\/types\/post"}],"author":[{"embeddable":true,"href":"https:\/\/puntodincontro.mx\/es\/wp-json\/wp\/v2\/users\/2"}],"replies":[{"embeddable":true,"href":"https:\/\/puntodincontro.mx\/es\/wp-json\/wp\/v2\/comments?post=18030"}],"version-history":[{"count":14,"href":"https:\/\/puntodincontro.mx\/es\/wp-json\/wp\/v2\/posts\/18030\/revisions"}],"predecessor-version":[{"id":18048,"href":"https:\/\/puntodincontro.mx\/es\/wp-json\/wp\/v2\/posts\/18030\/revisions\/18048"}],"wp:featuredmedia":[{"embeddable":true,"href":"https:\/\/puntodincontro.mx\/es\/wp-json\/wp\/v2\/media\/18043"}],"wp:attachment":[{"href":"https:\/\/puntodincontro.mx\/es\/wp-json\/wp\/v2\/media?parent=18030"}],"wp:term":[{"taxonomy":"category","embeddable":true,"href":"https:\/\/puntodincontro.mx\/es\/wp-json\/wp\/v2\/categories?post=18030"},{"taxonomy":"post_tag","embeddable":true,"href":"https:\/\/puntodincontro.mx\/es\/wp-json\/wp\/v2\/tags?post=18030"}],"curies":[{"name":"wp","href":"https:\/\/api.w.org\/{rel}","templated":true}]}}