{"id":18069,"date":"2024-02-23T10:03:06","date_gmt":"2024-02-23T16:03:06","guid":{"rendered":"https:\/\/puntodincontro.mx\/?p=18069"},"modified":"2024-02-23T10:03:06","modified_gmt":"2024-02-23T16:03:06","slug":"mexico-eleccion-presidencial-sheinbaum-lidera-la-encuesta-de-mitofsky","status":"publish","type":"post","link":"https:\/\/puntodincontro.mx\/es\/2024\/02\/23\/messico-elezioni-presidenziali-sheinbaum-in-testa-al-sondaggio-di-mitofsky\/","title":{"rendered":"M\u00e9xico, elecci\u00f3n presidencial: Sheinbaum lidera la encuesta de Mitofsky"},"content":{"rendered":"<p class=\"translation-block\"><strong>09:30 hrs.<\/strong> - En M\u00e9xico, a una semana de que inicien las campa\u00f1as electorales para la presidencia de la Rep\u00fablica, Claudia Sheinbaum \u2014candidata de la coalici\u00f3n conformada por el Movimiento Regeneraci\u00f3n Nacional (Morena), el Partido del trabajo (PT) y el Partido Verde Ecologista de M\u00e9xico (PVEM)\u2014 se mantiene en el primer lugar de las preferencias electorales con 51.6%. Le sigue X\u00f3chitl G\u00e1lvez \u2014de la coalici\u00f3n entre el Partido Acci\u00f3n Nacional (PAN), el Partido Revolucionario institucional (PRI) y el Partido de la Revoluci\u00f3n Democr\u00e1tica (PRD)\u2014 con 27.8%. En el tercer sitio se ubica, con 5.1%, el abanderado del Movimiento Ciudadano (MC), Jorge \u00c1lvarez M\u00e1ynez.<\/p>\n\n\n\n<p class=\"translation-block\">De acuerdo con la <a href=\"https:\/\/www.mitofsky.mx\/post\/tendencias-electorales-rumbo-al-2-de-junio-enero-2024\" target=\"_blank\"><em>Encuesta Nacional Tendencias Electorales Rumbo al 2024<\/em><\/a>, levantada entre el 17 y el 20 de febrero en viviendas a 1,600 ciudadanos mexicanos mayores de edad por la empresa Mitofsky a solicitud del peri\u00f3dico El Economista, 53.4% dijo que \u00aben este momento\u00bb es mejor para M\u00e9xico que siga gobernando Morena, mientras que 38.9% prefiere que cambie el partido en el poder.<\/p>\n\n\n\n<p>El 2 de junio se llevar\u00e1 a cabo un conjunto de elecciones coordinadas por el Instituto Nacional Electoral (INE) y los Organismos P\u00fablicos Locales de Elecciones (OPLE) para renovar cargos en los poderes Ejecutivo y Legislativo de la Federaci\u00f3n, as\u00ed como diversos cargos en 30 entidades federativas del pa\u00eds.<\/p>\n\n\n\n<p>La elecci\u00f3n federal para elegir al Presidente de la Rep\u00fablica y renovar la totalidad de los diputados y senadores en el Congreso de la Uni\u00f3n es organizada en su totalidad por el Instituto Nacional Electoral.<\/p>\n\n\n\n<p>Claudia Sheinbaum Pardo, nacida en la Ciudad de M\u00e9xico el 24 de junio de 1962, es una pol\u00edtica, cient\u00edfica y acad\u00e9mica mexicana. Es miembro fundador del partido Morena y fue jefa del Gobierno de la Ciudad de M\u00e9xico entre el 5 de diciembre de 2018 y el 16 de junio de 2023, primera mujer electa en ejercer este cargo. Se desempe\u00f1\u00f3 como secretaria del Medio Ambiente del Distrito Federal de 2000 a 2006 y como jefa delegacional en Tlalpan entre 2015 y 2017.<\/p>\n\n\n\n<p>El 6 de septiembre de 2023 fue declarada ganadora del proceso interno del partido Morena, convirti\u00e9ndose en su candidata presidencial para las elecciones federales de 2024.<\/p>\n\n\n\n<p>Bertha X\u00f3chitl G\u00e1lvez Ruiz \u2014nacida en Tepatepec, Estado de Hidalgo, el 22 de febrero de 1963\u2014 es una pol\u00edtica, ingeniera y empresaria mexicana. Se desempe\u00f1\u00f3 como senadora de la Rep\u00fablica desde el 1 de septiembre de 2018 hasta el 20 de noviembre de 2023 y pertenece al Partido Acci\u00f3n Nacional. Fue como comisionada nacional para el Desarrollo de los Pueblos Ind\u00edgenas entre 2003 y 2006 durante la presidencia de Vicente Fox y jefa delegacional de Miguel Hidalgo entre 2015 y 2018.<\/p>\n\n\n\n<p>El 31 de agosto de 2023 fue designada por el Frente Amplio por M\u00e9xico \u2014la coalici\u00f3n de partidos opositores al actual gobierno encabezado por el presidente Andr\u00e9s manuel L\u00f3pez Obrador\u2014 como su candidata para las elecciones presidenciales de 2024.<\/p>\n\n\n\n<p>Jorge \u00c1lvarez M\u00e1ynez, nacido en la ciudad de Zacatecas el 8 de julio de 1985, es un pol\u00edtico mexicano, miembro del partido Movimiento Ciudadano. Desde el 1 de septiembre de 2021 es diputado federal en el Congreso de la Uni\u00f3n y actualmente es el candidato del Movimiento Ciudadano a la presidencia de M\u00e9xico en las elecciones federales de 2024.<\/p>\n\n\n\n<p class=\"has-small-font-size\">Foto: comunicacionsocial.diputados.gob.mx<\/p>\n\n\n\n<div style=\"height:12px\" aria-hidden=\"true\" class=\"wp-block-spacer\"><\/div>\n\n\n<!-- Ad space powered by WP AdCenter v2.5.7 - https:\/\/wpadcenter.com\/ --><div class=\"wpadcenter-adgroup\" ><div class=\"wpadcenter-adgroup__row wpadcenter-aligncenter\"><div class=\"wpadcenter-ad-container\" ><div id=\"wpadcenter-ad-18464\" class=\"ad-placement\"><div class=\"wpadcenter-ad-inner\" ><a id=\"wpadcenter_ad\" data-value=\"18464\" data-placement=\"\" href=\"https:\/\/www.productosremo.com\/\" target=\"_blank\" class=\"wpadcenter-ad-inner__item\" ><img decoding=\"async\"   src=\"https:\/\/puntodincontro.mx\/wp-content\/uploads\/2021\/08\/remobanner.jpg\" class=\"attachment-post-thumbnail size-post-thumbnail wp-post-image\" alt=\"\" srcset=\"https:\/\/puntodincontro.mx\/wp-content\/uploads\/2021\/08\/remobanner.jpg 200w, https:\/\/puntodincontro.mx\/wp-content\/uploads\/2021\/08\/remobanner-16x5.jpg 16w\" sizes=\"(max-width: 200px) 100vw, 200px\" \/><\/a><\/div><\/div><\/div><div class=\"wpadcenter-ad-container\" ><div id=\"wpadcenter-ad-5305\" class=\"ad-placement\"><div class=\"wpadcenter-ad-inner\" ><a id=\"wpadcenter_ad\" data-value=\"5305\" data-placement=\"\" href=\"https:\/\/ambcittadelmessico.esteri.it\/ambasciata_cittadelmessico\/it\/\" target=\"_blank\" class=\"wpadcenter-ad-inner__item\" ><img decoding=\"async\"   src=\"https:\/\/puntodincontro.mx\/wp-content\/uploads\/2022\/05\/Ambasciata.jpg\" class=\"attachment-post-thumbnail size-post-thumbnail wp-post-image\" alt=\"\" srcset=\"https:\/\/puntodincontro.mx\/wp-content\/uploads\/2022\/05\/Ambasciata.jpg 200w, https:\/\/puntodincontro.mx\/wp-content\/uploads\/2022\/05\/Ambasciata-18x5.jpg 18w\" sizes=\"(max-width: 200px) 100vw, 200px\" \/><\/a><\/div><\/div><\/div><div class=\"wpadcenter-ad-container\" ><div id=\"wpadcenter-ad-3781\" class=\"ad-placement\"><div class=\"wpadcenter-ad-inner\" ><a id=\"wpadcenter_ad\" data-value=\"3781\" data-placement=\"\" href=\"https:\/\/cannizzo.com.mx\/\" target=\"_blank\" class=\"wpadcenter-ad-inner__item\" ><img decoding=\"async\"   src=\"https:\/\/puntodincontro.mx\/wp-content\/uploads\/2022\/03\/cannizzo2.jpg\" class=\"attachment-post-thumbnail size-post-thumbnail wp-post-image\" alt=\"\" srcset=\"https:\/\/puntodincontro.mx\/wp-content\/uploads\/2022\/03\/cannizzo2.jpg 200w, https:\/\/puntodincontro.mx\/wp-content\/uploads\/2022\/03\/cannizzo2-18x5.jpg 18w\" sizes=\"(max-width: 200px) 100vw, 200px\" \/><\/a><\/div><\/div><\/div><\/div><div class=\"wpadcenter-adgroup__row wpadcenter-aligncenter\"><div class=\"wpadcenter-ad-container\" ><div id=\"wpadcenter-ad-1704\" class=\"ad-placement\"><div class=\"wpadcenter-ad-inner\" ><a id=\"wpadcenter_ad\" data-value=\"1704\" data-placement=\"\" href=\"https:\/\/puntodincontro.mx\/es\/2021\/12\/24\/inps-verificacion-de-supervivencia-de-los-pensionados-en-el-extranjero\/\" target=\"_blank\" class=\"wpadcenter-ad-inner__item\" ><img decoding=\"async\"   src=\"https:\/\/puntodincontro.mx\/wp-content\/uploads\/2021\/11\/logo-ital.jpg\" class=\"attachment-post-thumbnail size-post-thumbnail wp-post-image\" alt=\"Patronato ITAL Messico\" srcset=\"https:\/\/puntodincontro.mx\/wp-content\/uploads\/2021\/11\/logo-ital.jpg 200w, https:\/\/puntodincontro.mx\/wp-content\/uploads\/2021\/11\/logo-ital-16x5.jpg 16w\" sizes=\"(max-width: 200px) 100vw, 200px\" \/><\/a><\/div><\/div><\/div><div class=\"wpadcenter-ad-container\" ><div id=\"wpadcenter-ad-1538\" class=\"ad-placement\"><div class=\"wpadcenter-ad-inner\" ><a id=\"wpadcenter_ad\" data-value=\"1538\" data-placement=\"\" href=\"https:\/\/asociacionitaliana.org\/\" target=\"_blank\" class=\"wpadcenter-ad-inner__item\" ><img decoding=\"async\"   src=\"https:\/\/puntodincontro.mx\/wp-content\/uploads\/2021\/11\/aialogo.jpg\" class=\"attachment-post-thumbnail size-post-thumbnail wp-post-image\" alt=\"Associazione Italiana di Assistenza IAP\" srcset=\"https:\/\/puntodincontro.mx\/wp-content\/uploads\/2021\/11\/aialogo.jpg 200w, https:\/\/puntodincontro.mx\/wp-content\/uploads\/2021\/11\/aialogo-18x5.jpg 18w\" sizes=\"(max-width: 200px) 100vw, 200px\" \/><\/a><\/div><\/div><\/div><div class=\"wpadcenter-ad-container\" ><div id=\"wpadcenter-ad-1513\" class=\"ad-placement\"><div class=\"wpadcenter-ad-inner\" ><a id=\"wpadcenter_ad\" data-value=\"1513\" data-placement=\"\" href=\"https:\/\/gcinmuebles.mx\" target=\"_blank\" class=\"wpadcenter-ad-inner__item\" ><img decoding=\"async\"   src=\"https:\/\/puntodincontro.mx\/wp-content\/uploads\/2021\/10\/gcinmuebleslogopunto-1.jpg\" class=\"attachment-post-thumbnail size-post-thumbnail wp-post-image\" alt=\"\" srcset=\"https:\/\/puntodincontro.mx\/wp-content\/uploads\/2021\/10\/gcinmuebleslogopunto-1.jpg 200w, https:\/\/puntodincontro.mx\/wp-content\/uploads\/2021\/10\/gcinmuebleslogopunto-1-18x5.jpg 18w\" sizes=\"(max-width: 200px) 100vw, 200px\" \/><\/a><\/div><\/div><\/div><\/div><div class=\"wpadcenter-adgroup__row wpadcenter-aligncenter\"><div class=\"wpadcenter-ad-container\" ><div id=\"wpadcenter-ad-1374\" class=\"ad-placement\"><div class=\"wpadcenter-ad-inner\" ><a id=\"wpadcenter_ad\" data-value=\"1374\" data-placement=\"\" href=\"https:\/\/www.9colonne.it\/\" target=\"_blank\" class=\"wpadcenter-ad-inner__item\" ><img decoding=\"async\"   src=\"https:\/\/puntodincontro.mx\/wp-content\/uploads\/2021\/10\/Banner9colonne.gif\" class=\"attachment-post-thumbnail size-post-thumbnail wp-post-image\" alt=\"\" \/><\/a><\/div><\/div><\/div><div class=\"wpadcenter-ad-container\" ><div id=\"wpadcenter-ad-276\" class=\"ad-placement\"><div class=\"wpadcenter-ad-inner\" ><a id=\"wpadcenter_ad\" data-value=\"276\" data-placement=\"\" href=\"http:\/\/www.camaraitaliana.mx\/\" target=\"_blank\" class=\"wpadcenter-ad-inner__item\" ><img decoding=\"async\"   src=\"https:\/\/puntodincontro.mx\/wp-content\/uploads\/2021\/08\/ccimnuovo.jpg\" class=\"attachment-post-thumbnail size-post-thumbnail wp-post-image\" alt=\"\" srcset=\"https:\/\/puntodincontro.mx\/wp-content\/uploads\/2021\/08\/ccimnuovo.jpg 200w, https:\/\/puntodincontro.mx\/wp-content\/uploads\/2021\/08\/ccimnuovo-18x5.jpg 18w\" sizes=\"(max-width: 200px) 100vw, 200px\" \/><\/a><\/div><\/div><\/div><div class=\"wpadcenter-ad-container\" ><div id=\"wpadcenter-ad-272\" class=\"ad-placement\"><div class=\"wpadcenter-ad-inner\" ><a id=\"wpadcenter_ad\" data-value=\"272\" data-placement=\"\" href=\"http:\/\/corix.us\/\" target=\"_blank\" class=\"wpadcenter-ad-inner__item\" ><img decoding=\"async\"   src=\"https:\/\/puntodincontro.mx\/wp-content\/uploads\/2021\/08\/corixbanner-1.jpg\" class=\"attachment-post-thumbnail size-post-thumbnail wp-post-image\" alt=\"\" srcset=\"https:\/\/puntodincontro.mx\/wp-content\/uploads\/2021\/08\/corixbanner-1.jpg 200w, https:\/\/puntodincontro.mx\/wp-content\/uploads\/2021\/08\/corixbanner-1-16x5.jpg 16w\" sizes=\"(max-width: 200px) 100vw, 200px\" \/><\/a><\/div><\/div><\/div><\/div><div class=\"wpadcenter-adgroup__row wpadcenter-aligncenter\"><div class=\"wpadcenter-ad-container\" ><div id=\"wpadcenter-ad-266\" class=\"ad-placement\"><div class=\"wpadcenter-ad-inner\" ><a id=\"wpadcenter_ad\" data-value=\"266\" data-placement=\"\" href=\"https:\/\/www.prinsel.com.mx\/\" target=\"_blank\" class=\"wpadcenter-ad-inner__item\" ><img decoding=\"async\"   src=\"https:\/\/puntodincontro.mx\/wp-content\/uploads\/2021\/08\/prinselbanner-1.jpg\" class=\"attachment-post-thumbnail size-post-thumbnail wp-post-image\" alt=\"\" srcset=\"https:\/\/puntodincontro.mx\/wp-content\/uploads\/2021\/08\/prinselbanner-1.jpg 200w, https:\/\/puntodincontro.mx\/wp-content\/uploads\/2021\/08\/prinselbanner-1-16x5.jpg 16w\" sizes=\"(max-width: 200px) 100vw, 200px\" \/><\/a><\/div><\/div><\/div><div class=\"wpadcenter-ad-container\" ><div id=\"wpadcenter-ad-261\" class=\"ad-placement\"><div class=\"wpadcenter-ad-inner\" ><a id=\"wpadcenter_ad\" data-value=\"261\" data-placement=\"\" href=\"https:\/\/faitalia.com.mx\/\" target=\"_blank\" class=\"wpadcenter-ad-inner__item\" ><img decoding=\"async\"   src=\"https:\/\/puntodincontro.mx\/wp-content\/uploads\/2021\/08\/gruppodino.jpg\" class=\"attachment-post-thumbnail size-post-thumbnail wp-post-image\" alt=\"\" srcset=\"https:\/\/puntodincontro.mx\/wp-content\/uploads\/2021\/08\/gruppodino.jpg 200w, https:\/\/puntodincontro.mx\/wp-content\/uploads\/2021\/08\/gruppodino-18x5.jpg 18w\" sizes=\"(max-width: 200px) 100vw, 200px\" \/><\/a><\/div><\/div><\/div><\/div><\/div>\n\n\n<div style=\"height:12px\" aria-hidden=\"true\" class=\"wp-block-spacer\"><\/div>","protected":false},"excerpt":{"rendered":"<p>Ore 09.30 &#8211; In Messico, una settimana prima dell\u2019inizio della campagna elettorale per la presidenza della Repubblica, Claudia Sheinbaum, candidata della coalizione composta dal Movimento di Rigenerazione Nazionale (Morena), dal Partido del Trabajo (PT) e dal Partito Verde Ecologista (PVEM) \u2014rimane al primo posto nelle preferenze elettorali con il 51,6%. La segue X\u00f3chitl G\u00e1lvez \u2014della coalizione tra il Partito d&#8217;Azione Nazionale (PAN), il Partito Rivoluzionario Istituzionale (PRI) e il Partito della Rivoluzione Democratica (PRD)\u2014 con il 27,8%. Al terzo posto si trova l&#8217;alfiere del Movimiento Ciudadano (MC), Jorge \u00c1lvarez M\u00e1ynez, con il 5,1%. Secondo l&#8217;Encuesta Nacional Tendencias Electorales Rumbo al&#8230; <\/p>","protected":false},"author":2,"featured_media":18079,"comment_status":"open","ping_status":"open","sticky":false,"template":"","format":"standard","meta":{"_monsterinsights_skip_tracking":false,"_monsterinsights_sitenote_active":false,"_monsterinsights_sitenote_note":"","_monsterinsights_sitenote_category":0,"footnotes":""},"categories":[18],"tags":[],"class_list":["post-18069","post","type-post","status-publish","format-standard","has-post-thumbnail","hentry","category-cronaca"],"yoast_head":"<!-- This site is optimized with the Yoast SEO Premium plugin v18.4 (Yoast SEO v25.6) - https:\/\/yoast.com\/wordpress\/plugins\/seo\/ -->\n<title>Messico, elezioni: Sheinbaum in testa al sondaggio di Mitofsky<\/title>\n<meta name=\"description\" content=\"In Messico, una settimana prima dell\u2019inizio della campagna, Claudia Sheinbaum rimane al primo posto nelle preferenze elettorali con il 51,6%.\" \/>\n<meta name=\"robots\" content=\"index, follow, max-snippet:-1, max-image-preview:large, max-video-preview:-1\" \/>\n<link rel=\"canonical\" href=\"https:\/\/puntodincontro.mx\/es\/2024\/02\/23\/mexico-eleccion-presidencial-sheinbaum-lidera-la-encuesta-de-mitofsky\/\" \/>\n<meta property=\"og:locale\" content=\"es_MX\" \/>\n<meta property=\"og:type\" content=\"article\" \/>\n<meta property=\"og:title\" content=\"Messico, elezioni presidenziali: Sheinbaum in testa al sondaggio di Mitofsky\" \/>\n<meta property=\"og:description\" content=\"In Messico, una settimana prima dell\u2019inizio della campagna, Claudia Sheinbaum rimane al primo posto nelle preferenze elettorali con il 51,6%.\" \/>\n<meta property=\"og:url\" content=\"https:\/\/puntodincontro.mx\/es\/2024\/02\/23\/mexico-eleccion-presidencial-sheinbaum-lidera-la-encuesta-de-mitofsky\/\" \/>\n<meta property=\"og:site_name\" content=\"Puntodincontro\" \/>\n<meta property=\"article:publisher\" content=\"https:\/\/www.facebook.com\/puntodincontro.mx\" \/>\n<meta property=\"article:published_time\" content=\"2024-02-23T16:03:06+00:00\" \/>\n<meta property=\"og:image\" content=\"https:\/\/puntodincontro.mx\/wp-content\/uploads\/2024\/02\/elezionimessicocomp.jpg\" \/>\n\t<meta property=\"og:image:width\" content=\"932\" \/>\n\t<meta property=\"og:image:height\" content=\"488\" \/>\n\t<meta property=\"og:image:type\" content=\"image\/jpeg\" \/>\n<meta name=\"author\" content=\"Puntodincontro\" \/>\n<meta name=\"twitter:card\" content=\"summary_large_image\" \/>\n<meta name=\"twitter:creator\" content=\"@puntodincontro\" \/>\n<meta name=\"twitter:site\" content=\"@puntodincontro\" \/>\n<meta name=\"twitter:label1\" content=\"Escrito por\" \/>\n\t<meta name=\"twitter:data1\" content=\"Puntodincontro\" \/>\n\t<meta name=\"twitter:label2\" content=\"Tiempo de lectura\" \/>\n\t<meta name=\"twitter:data2\" content=\"2 minutos\" \/>\n<script type=\"application\/ld+json\" class=\"yoast-schema-graph\">{\"@context\":\"https:\/\/schema.org\",\"@graph\":[{\"@type\":\"NewsArticle\",\"@id\":\"https:\/\/puntodincontro.mx\/2024\/02\/23\/messico-elezioni-presidenziali-sheinbaum-in-testa-al-sondaggio-di-mitofsky\/#article\",\"isPartOf\":{\"@id\":\"https:\/\/puntodincontro.mx\/2024\/02\/23\/messico-elezioni-presidenziali-sheinbaum-in-testa-al-sondaggio-di-mitofsky\/\"},\"author\":{\"name\":\"Puntodincontro\",\"@id\":\"https:\/\/puntodincontro.mx\/#\/schema\/person\/d3066d18a16259cbb0c29b0d0e93b556\"},\"headline\":\"Messico, elezioni presidenziali: Sheinbaum in testa al sondaggio di Mitofsky\",\"datePublished\":\"2024-02-23T16:03:06+00:00\",\"mainEntityOfPage\":{\"@id\":\"https:\/\/puntodincontro.mx\/2024\/02\/23\/messico-elezioni-presidenziali-sheinbaum-in-testa-al-sondaggio-di-mitofsky\/\"},\"wordCount\":465,\"commentCount\":0,\"publisher\":{\"@id\":\"https:\/\/puntodincontro.mx\/#organization\"},\"image\":{\"@id\":\"https:\/\/puntodincontro.mx\/2024\/02\/23\/messico-elezioni-presidenziali-sheinbaum-in-testa-al-sondaggio-di-mitofsky\/#primaryimage\"},\"thumbnailUrl\":\"https:\/\/puntodincontro.mx\/wp-content\/uploads\/2024\/02\/elezionimessicovert.webp\",\"articleSection\":[\"Cronaca\"],\"inLanguage\":\"es\",\"potentialAction\":[{\"@type\":\"CommentAction\",\"name\":\"Comment\",\"target\":[\"https:\/\/puntodincontro.mx\/2024\/02\/23\/messico-elezioni-presidenziali-sheinbaum-in-testa-al-sondaggio-di-mitofsky\/#respond\"]}]},{\"@type\":\"WebPage\",\"@id\":\"https:\/\/puntodincontro.mx\/2024\/02\/23\/messico-elezioni-presidenziali-sheinbaum-in-testa-al-sondaggio-di-mitofsky\/\",\"url\":\"https:\/\/puntodincontro.mx\/2024\/02\/23\/messico-elezioni-presidenziali-sheinbaum-in-testa-al-sondaggio-di-mitofsky\/\",\"name\":\"Messico, elezioni: Sheinbaum in testa al sondaggio di Mitofsky\",\"isPartOf\":{\"@id\":\"https:\/\/puntodincontro.mx\/#website\"},\"primaryImageOfPage\":{\"@id\":\"https:\/\/puntodincontro.mx\/2024\/02\/23\/messico-elezioni-presidenziali-sheinbaum-in-testa-al-sondaggio-di-mitofsky\/#primaryimage\"},\"image\":{\"@id\":\"https:\/\/puntodincontro.mx\/2024\/02\/23\/messico-elezioni-presidenziali-sheinbaum-in-testa-al-sondaggio-di-mitofsky\/#primaryimage\"},\"thumbnailUrl\":\"https:\/\/puntodincontro.mx\/wp-content\/uploads\/2024\/02\/elezionimessicovert.webp\",\"datePublished\":\"2024-02-23T16:03:06+00:00\",\"description\":\"In Messico, una settimana prima dell\u2019inizio della campagna, Claudia Sheinbaum rimane al primo posto nelle preferenze elettorali con il 51,6%.\",\"breadcrumb\":{\"@id\":\"https:\/\/puntodincontro.mx\/2024\/02\/23\/messico-elezioni-presidenziali-sheinbaum-in-testa-al-sondaggio-di-mitofsky\/#breadcrumb\"},\"inLanguage\":\"es\",\"potentialAction\":[{\"@type\":\"ReadAction\",\"target\":[\"https:\/\/puntodincontro.mx\/2024\/02\/23\/messico-elezioni-presidenziali-sheinbaum-in-testa-al-sondaggio-di-mitofsky\/\"]}]},{\"@type\":\"ImageObject\",\"inLanguage\":\"es\",\"@id\":\"https:\/\/puntodincontro.mx\/2024\/02\/23\/messico-elezioni-presidenziali-sheinbaum-in-testa-al-sondaggio-di-mitofsky\/#primaryimage\",\"url\":\"https:\/\/puntodincontro.mx\/wp-content\/uploads\/2024\/02\/elezionimessicovert.webp\",\"contentUrl\":\"https:\/\/puntodincontro.mx\/wp-content\/uploads\/2024\/02\/elezionimessicovert.webp\",\"width\":423,\"height\":488,\"caption\":\"Elezioni presidenziali in Messico: Sheinbaum in testa ai sondaggi \/ Foto: comunicacionsocial.diputados.gob.mx\"},{\"@type\":\"BreadcrumbList\",\"@id\":\"https:\/\/puntodincontro.mx\/2024\/02\/23\/messico-elezioni-presidenziali-sheinbaum-in-testa-al-sondaggio-di-mitofsky\/#breadcrumb\",\"itemListElement\":[{\"@type\":\"ListItem\",\"position\":1,\"name\":\"Home\",\"item\":\"https:\/\/puntodincontro.mx\/\"},{\"@type\":\"ListItem\",\"position\":2,\"name\":\"Messico, elezioni presidenziali: Sheinbaum in testa al sondaggio di Mitofsky\"}]},{\"@type\":\"WebSite\",\"@id\":\"https:\/\/puntodincontro.mx\/#website\",\"url\":\"https:\/\/puntodincontro.mx\/\",\"name\":\"Puntodincontro\",\"description\":\"Dal 2006 notizie sui rapporti Italia-Messico \/ Desde 2006 noticias sobre las relaciones entre Italia y M\u00e9xico\",\"publisher\":{\"@id\":\"https:\/\/puntodincontro.mx\/#organization\"},\"potentialAction\":[{\"@type\":\"SearchAction\",\"target\":{\"@type\":\"EntryPoint\",\"urlTemplate\":\"https:\/\/puntodincontro.mx\/?s={search_term_string}\"},\"query-input\":{\"@type\":\"PropertyValueSpecification\",\"valueRequired\":true,\"valueName\":\"search_term_string\"}}],\"inLanguage\":\"es\"},{\"@type\":\"Organization\",\"@id\":\"https:\/\/puntodincontro.mx\/#organization\",\"name\":\"Puntodincontro\",\"url\":\"https:\/\/puntodincontro.mx\/\",\"logo\":{\"@type\":\"ImageObject\",\"inLanguage\":\"es\",\"@id\":\"https:\/\/puntodincontro.mx\/#\/schema\/logo\/image\/\",\"url\":\"https:\/\/puntodincontro.mx\/wp-content\/uploads\/2021\/08\/Default-image-for-open-graph-settings.jpg\",\"contentUrl\":\"https:\/\/puntodincontro.mx\/wp-content\/uploads\/2021\/08\/Default-image-for-open-graph-settings.jpg\",\"width\":1200,\"height\":630,\"caption\":\"Puntodincontro\"},\"image\":{\"@id\":\"https:\/\/puntodincontro.mx\/#\/schema\/logo\/image\/\"},\"sameAs\":[\"https:\/\/www.facebook.com\/puntodincontro.mx\",\"https:\/\/x.com\/puntodincontro\",\"https:\/\/www.instagram.com\/puntodincontro.mx\/\",\"https:\/\/www.linkedin.com\/company\/puntodincontro\/\",\"https:\/\/www.youtube.com\/c\/puntodincontromessico\",\"https:\/\/www.patreon.com\/puntodincontro\",\"https:\/\/www.threads.net\/@puntodincontro.mx\"]},{\"@type\":\"Person\",\"@id\":\"https:\/\/puntodincontro.mx\/#\/schema\/person\/d3066d18a16259cbb0c29b0d0e93b556\",\"name\":\"Puntodincontro\",\"image\":{\"@type\":\"ImageObject\",\"inLanguage\":\"es\",\"@id\":\"https:\/\/puntodincontro.mx\/#\/schema\/person\/image\/\",\"url\":\"https:\/\/secure.gravatar.com\/avatar\/0e85b4b3b5e9d6bfcec6a4956d8cc63a?s=96&d=mm&r=g\",\"contentUrl\":\"https:\/\/secure.gravatar.com\/avatar\/0e85b4b3b5e9d6bfcec6a4956d8cc63a?s=96&d=mm&r=g\",\"caption\":\"Puntodincontro\"},\"url\":\"https:\/\/puntodincontro.mx\/es\/author\/puntodincontro\/\"}]}<\/script>\n<!-- \/ Yoast SEO Premium plugin. -->","yoast_head_json":{"title":"M\u00e9xico, elecciones: Sheinbaum lidera la encuesta de Mitofsky","description":"En M\u00e9xico, a una semana del inicio de la campa\u00f1a, Claudia Sheinbaum se mantiene en el primer lugar de las preferencias electorales con 51.6%.","robots":{"index":"index","follow":"follow","max-snippet":"max-snippet:-1","max-image-preview":"max-image-preview:large","max-video-preview":"max-video-preview:-1"},"canonical":"https:\/\/puntodincontro.mx\/es\/2024\/02\/23\/mexico-eleccion-presidencial-sheinbaum-lidera-la-encuesta-de-mitofsky\/","og_locale":"es_MX","og_type":"article","og_title":"Messico, elezioni presidenziali: Sheinbaum in testa al sondaggio di Mitofsky","og_description":"In Messico, una settimana prima dell\u2019inizio della campagna, Claudia Sheinbaum rimane al primo posto nelle preferenze elettorali con il 51,6%.","og_url":"https:\/\/puntodincontro.mx\/es\/2024\/02\/23\/mexico-eleccion-presidencial-sheinbaum-lidera-la-encuesta-de-mitofsky\/","og_site_name":"Puntodincontro","article_publisher":"https:\/\/www.facebook.com\/puntodincontro.mx","article_published_time":"2024-02-23T16:03:06+00:00","og_image":[{"width":932,"height":488,"url":"https:\/\/puntodincontro.mx\/wp-content\/uploads\/2024\/02\/elezionimessicocomp.jpg","type":"image\/jpeg"}],"author":"Puntodincontro","twitter_card":"summary_large_image","twitter_creator":"@puntodincontro","twitter_site":"@puntodincontro","twitter_misc":{"Escrito por":"Puntodincontro","Tiempo de lectura":"2 minutos"},"schema":{"@context":"https:\/\/schema.org","@graph":[{"@type":"NewsArticle","@id":"https:\/\/puntodincontro.mx\/2024\/02\/23\/messico-elezioni-presidenziali-sheinbaum-in-testa-al-sondaggio-di-mitofsky\/#article","isPartOf":{"@id":"https:\/\/puntodincontro.mx\/2024\/02\/23\/messico-elezioni-presidenziali-sheinbaum-in-testa-al-sondaggio-di-mitofsky\/"},"author":{"name":"Puntodincontro","@id":"https:\/\/puntodincontro.mx\/#\/schema\/person\/d3066d18a16259cbb0c29b0d0e93b556"},"headline":"Messico, elezioni presidenziali: Sheinbaum in testa al sondaggio di Mitofsky","datePublished":"2024-02-23T16:03:06+00:00","mainEntityOfPage":{"@id":"https:\/\/puntodincontro.mx\/2024\/02\/23\/messico-elezioni-presidenziali-sheinbaum-in-testa-al-sondaggio-di-mitofsky\/"},"wordCount":465,"commentCount":0,"publisher":{"@id":"https:\/\/puntodincontro.mx\/#organization"},"image":{"@id":"https:\/\/puntodincontro.mx\/2024\/02\/23\/messico-elezioni-presidenziali-sheinbaum-in-testa-al-sondaggio-di-mitofsky\/#primaryimage"},"thumbnailUrl":"https:\/\/puntodincontro.mx\/wp-content\/uploads\/2024\/02\/elezionimessicovert.webp","articleSection":["Cronaca"],"inLanguage":"es","potentialAction":[{"@type":"CommentAction","name":"Comment","target":["https:\/\/puntodincontro.mx\/2024\/02\/23\/messico-elezioni-presidenziali-sheinbaum-in-testa-al-sondaggio-di-mitofsky\/#respond"]}]},{"@type":"WebPage","@id":"https:\/\/puntodincontro.mx\/2024\/02\/23\/messico-elezioni-presidenziali-sheinbaum-in-testa-al-sondaggio-di-mitofsky\/","url":"https:\/\/puntodincontro.mx\/2024\/02\/23\/messico-elezioni-presidenziali-sheinbaum-in-testa-al-sondaggio-di-mitofsky\/","name":"M\u00e9xico, elecciones: Sheinbaum lidera la encuesta de Mitofsky","isPartOf":{"@id":"https:\/\/puntodincontro.mx\/#website"},"primaryImageOfPage":{"@id":"https:\/\/puntodincontro.mx\/2024\/02\/23\/messico-elezioni-presidenziali-sheinbaum-in-testa-al-sondaggio-di-mitofsky\/#primaryimage"},"image":{"@id":"https:\/\/puntodincontro.mx\/2024\/02\/23\/messico-elezioni-presidenziali-sheinbaum-in-testa-al-sondaggio-di-mitofsky\/#primaryimage"},"thumbnailUrl":"https:\/\/puntodincontro.mx\/wp-content\/uploads\/2024\/02\/elezionimessicovert.webp","datePublished":"2024-02-23T16:03:06+00:00","description":"En M\u00e9xico, a una semana del inicio de la campa\u00f1a, Claudia Sheinbaum se mantiene en el primer lugar de las preferencias electorales con 51.6%.","breadcrumb":{"@id":"https:\/\/puntodincontro.mx\/2024\/02\/23\/messico-elezioni-presidenziali-sheinbaum-in-testa-al-sondaggio-di-mitofsky\/#breadcrumb"},"inLanguage":"es","potentialAction":[{"@type":"ReadAction","target":["https:\/\/puntodincontro.mx\/2024\/02\/23\/messico-elezioni-presidenziali-sheinbaum-in-testa-al-sondaggio-di-mitofsky\/"]}]},{"@type":"ImageObject","inLanguage":"es","@id":"https:\/\/puntodincontro.mx\/2024\/02\/23\/messico-elezioni-presidenziali-sheinbaum-in-testa-al-sondaggio-di-mitofsky\/#primaryimage","url":"https:\/\/puntodincontro.mx\/wp-content\/uploads\/2024\/02\/elezionimessicovert.webp","contentUrl":"https:\/\/puntodincontro.mx\/wp-content\/uploads\/2024\/02\/elezionimessicovert.webp","width":423,"height":488,"caption":"Elezioni presidenziali in Messico: Sheinbaum in testa ai sondaggi \/ Foto: comunicacionsocial.diputados.gob.mx"},{"@type":"BreadcrumbList","@id":"https:\/\/puntodincontro.mx\/2024\/02\/23\/messico-elezioni-presidenziali-sheinbaum-in-testa-al-sondaggio-di-mitofsky\/#breadcrumb","itemListElement":[{"@type":"ListItem","position":1,"name":"Home","item":"https:\/\/puntodincontro.mx\/"},{"@type":"ListItem","position":2,"name":"Messico, elezioni presidenziali: Sheinbaum in testa al sondaggio di Mitofsky"}]},{"@type":"WebSite","@id":"https:\/\/puntodincontro.mx\/#website","url":"https:\/\/puntodincontro.mx\/","name":"Puntodincontro","description":"Desde el 2006 noticias sobre las relaciones entre Italia y M\u00e9xico \/ Dal 2006 notizie sui rapporti Italia-Messico","publisher":{"@id":"https:\/\/puntodincontro.mx\/#organization"},"potentialAction":[{"@type":"SearchAction","target":{"@type":"EntryPoint","urlTemplate":"https:\/\/puntodincontro.mx\/?s={search_term_string}"},"query-input":{"@type":"PropertyValueSpecification","valueRequired":true,"valueName":"search_term_string"}}],"inLanguage":"es"},{"@type":"Organization","@id":"https:\/\/puntodincontro.mx\/#organization","name":"Puntodincontro","url":"https:\/\/puntodincontro.mx\/","logo":{"@type":"ImageObject","inLanguage":"es","@id":"https:\/\/puntodincontro.mx\/#\/schema\/logo\/image\/","url":"https:\/\/puntodincontro.mx\/wp-content\/uploads\/2021\/08\/Default-image-for-open-graph-settings.jpg","contentUrl":"https:\/\/puntodincontro.mx\/wp-content\/uploads\/2021\/08\/Default-image-for-open-graph-settings.jpg","width":1200,"height":630,"caption":"Puntodincontro"},"image":{"@id":"https:\/\/puntodincontro.mx\/#\/schema\/logo\/image\/"},"sameAs":["https:\/\/www.facebook.com\/puntodincontro.mx","https:\/\/x.com\/puntodincontro","https:\/\/www.instagram.com\/puntodincontro.mx\/","https:\/\/www.linkedin.com\/company\/puntodincontro\/","https:\/\/www.youtube.com\/c\/puntodincontromessico","https:\/\/www.patreon.com\/puntodincontro","https:\/\/www.threads.net\/@puntodincontro.mx"]},{"@type":"Person","@id":"https:\/\/puntodincontro.mx\/#\/schema\/person\/d3066d18a16259cbb0c29b0d0e93b556","name":"Puntodincontro","image":{"@type":"ImageObject","inLanguage":"es","@id":"https:\/\/puntodincontro.mx\/#\/schema\/person\/image\/","url":"https:\/\/secure.gravatar.com\/avatar\/0e85b4b3b5e9d6bfcec6a4956d8cc63a?s=96&d=mm&r=g","contentUrl":"https:\/\/secure.gravatar.com\/avatar\/0e85b4b3b5e9d6bfcec6a4956d8cc63a?s=96&d=mm&r=g","caption":"Puntodincontro"},"url":"https:\/\/puntodincontro.mx\/es\/author\/puntodincontro\/"}]}},"_links":{"self":[{"href":"https:\/\/puntodincontro.mx\/es\/wp-json\/wp\/v2\/posts\/18069"}],"collection":[{"href":"https:\/\/puntodincontro.mx\/es\/wp-json\/wp\/v2\/posts"}],"about":[{"href":"https:\/\/puntodincontro.mx\/es\/wp-json\/wp\/v2\/types\/post"}],"author":[{"embeddable":true,"href":"https:\/\/puntodincontro.mx\/es\/wp-json\/wp\/v2\/users\/2"}],"replies":[{"embeddable":true,"href":"https:\/\/puntodincontro.mx\/es\/wp-json\/wp\/v2\/comments?post=18069"}],"version-history":[{"count":12,"href":"https:\/\/puntodincontro.mx\/es\/wp-json\/wp\/v2\/posts\/18069\/revisions"}],"predecessor-version":[{"id":18084,"href":"https:\/\/puntodincontro.mx\/es\/wp-json\/wp\/v2\/posts\/18069\/revisions\/18084"}],"wp:featuredmedia":[{"embeddable":true,"href":"https:\/\/puntodincontro.mx\/es\/wp-json\/wp\/v2\/media\/18079"}],"wp:attachment":[{"href":"https:\/\/puntodincontro.mx\/es\/wp-json\/wp\/v2\/media?parent=18069"}],"wp:term":[{"taxonomy":"category","embeddable":true,"href":"https:\/\/puntodincontro.mx\/es\/wp-json\/wp\/v2\/categories?post=18069"},{"taxonomy":"post_tag","embeddable":true,"href":"https:\/\/puntodincontro.mx\/es\/wp-json\/wp\/v2\/tags?post=18069"}],"curies":[{"name":"wp","href":"https:\/\/api.w.org\/{rel}","templated":true}]}}