{"id":18193,"date":"2024-02-28T05:31:54","date_gmt":"2024-02-28T11:31:54","guid":{"rendered":"https:\/\/puntodincontro.mx\/?p=18193"},"modified":"2024-02-28T05:31:55","modified_gmt":"2024-02-28T11:31:55","slug":"silli-una-nueva-diplomacia-de-la-arquitectura-entre-italia-y-mexico","status":"publish","type":"post","link":"https:\/\/puntodincontro.mx\/es\/2024\/02\/28\/silli-una-nuova-diplomazia-dell-architettura-tra-italia-e-messico\/","title":{"rendered":"Silli: \u00abUna nueva diplomacia de la arquitectura entre Italia y M\u00e9xico\u00bb"},"content":{"rendered":"<p class=\"translation-block\"><strong>05:04 hrs.<\/strong> - El subsecretario de Estado del ministerio de Asuntos Exteriores y Cooperaci\u00f3n Internacional, Giorgio Silli, habl\u00f3 ayer en el acto inaugural del <a href=\"https:\/\/puntodincontro.mx\/es\/2024\/02\/26\/primer-coloqui-italia-mexico-sobre-arquitectura-del-siglo-xx\/\" target=\"_blank\">1er Coloquio Italia-M\u00e9xico<\/a> sobre arquitectura del siglo XX, que se desarrolla en la capital del pa\u00eds latinoamericano.<\/p>\n\n\n\n<p>El pol\u00edtico florentino, a quien ha sido delegada la relaci\u00f3n bilateral con M\u00e9xico, describi\u00f3 en un videomensaje las principales caracter\u00edsticas del Distrito Contempor\u00e1neo de Roma, un proyecto que busca reconocer y resaltar las peculiares caracter\u00edsticas arquitect\u00f3nicas y ambientales del sector Flaminio\/Foro It\u00e1lico\/Farnesina y llamar la atenci\u00f3n del p\u00fablico internacional sobre un patrimonio de extraordinaria importancia desde el punto de vista de la historia cultural y urbana de la capital italiana.<\/p>\n\n\n\n<p>\u00abHoy nos encontramos aqu\u00ed reunidos\u00bb \u2014dijo Silli\u2014 \u00abpara explorar y celebrar los v\u00ednculos profundos y las influencias rec\u00edprocas entre Italia y M\u00e9xico en el \u00e1mbito de la arquitectura del siglo XX\u00bb.<\/p>\n\n\n\n<p>\u00abNos reunimos tambi\u00e9n\u00bb \u2014continu\u00f3\u2014 \u00abpara presentar el vibrante Distrito Contempor\u00e1neo de Roma, una demarcaci\u00f3n donde la riqueza cultural y la vitalidad creativa definen a esta ciudad eterna a trav\u00e9s de las diferentes formas en que la actualidad se entrelaza con sus valiosos antecedentes hist\u00f3ricos.<\/p>\n\n\n\n<p>\u00abRoma, cuna de la civilizaci\u00f3n occidental, ha sido durante siglos un crisol de arte, arquitectura y pensamiento innovador\u00bb.<\/p>\n\n\n\n<p>\u00abDesde las majestuosas ruinas del imperio romano hasta las estrechas calles empedradas, esta urbe respira historia  mientras mira hacia el futuro\u00bb.<\/p>\n\n\n\n<p>\u00abEl Distrito nace con el objetivo de crear un verdadero museo al aire libre que ilustre y valorice el extraordinario conjunto de edificios y monumentos construidos en el siglo pasado en los barrios que rodean la gran curva que el r\u00edo Tiber dibuja en la zona norte de Roma\u00bb.<\/p>\n\n\n\n<p>\u00abEn este contexto, en una posici\u00f3n urbana destacada, se encuentra el palacio de la Farnesina, sede del ministerio de Asuntos Exteriores. Por lo tanto, nos parece natural imaginar a nuestra Canciller\u00eda como un punto de partida de este gran polo urbano de inter\u00e9s cultural, proponi\u00e9ndose como un elemento de interconexi\u00f3n de todas las obras erguidas en la zona en la primera mitad del siglo XX\u00bb.<\/p>\n\n\n\n<p>\u00abMe parece especialmente v\u00e1lida la intuici\u00f3n que subyace a este proyecto: poder contar la historia de una Roma que ya no solo es heredera de la tradici\u00f3n cl\u00e1sica de un patrimonio antiguo, sino proponer una visi\u00f3n moderna, creativa e innovadora, proyectada hacia el futuro\u00bb.<\/p>\n\n\n\n<p>\u00abHablar del Distrito Contempor\u00e1neo es hablar de nuevos espacios para las artes, el dise\u00f1o y la arquitectura, temas que nos acercan a la multiplicidad de pa\u00edses que, como nosotros, enfrentan los retos de la urbanizaci\u00f3n sustentable abriendo nuevos frentes de di\u00e1logo y colaboraci\u00f3n internacional\u00bb.<\/p>\n\n\n\n<p>\u00abEste es el eje portante de una nueva diplomacia de la arquitectura que busca favorecer la comparaci\u00f3n y el intercambio mutuo con experiencias similares de regeneraci\u00f3n de espacios urbanos y que es nuestra intenci\u00f3n desarrollar en M\u00e9xico, incluso a trav\u00e9s de los encuentros de estas jornadas\u00bb.<\/p>\n\n\n\n<p>\u00abSin m\u00e1s pre\u00e1mbulos, declaramos inaugurado este coloquio. Que sea un encuentro transformador para todos\u00bb, concluy\u00f3 el subsecretario.<\/p>\n\n\n\n<p class=\"has-small-font-size\">Foto: ministerio de Asuntos Exteriores y Cooperaci\u00f3n internacional<\/p>\n\n\n\n<div style=\"height:12px\" aria-hidden=\"true\" class=\"wp-block-spacer\"><\/div>\n\n\n<!-- Ad space powered by WP AdCenter v2.5.7 - https:\/\/wpadcenter.com\/ --><div class=\"wpadcenter-adgroup\" ><div class=\"wpadcenter-adgroup__row wpadcenter-aligncenter\"><div class=\"wpadcenter-ad-container\" ><div id=\"wpadcenter-ad-18464\" class=\"ad-placement\"><div class=\"wpadcenter-ad-inner\" ><a id=\"wpadcenter_ad\" data-value=\"18464\" data-placement=\"\" href=\"https:\/\/www.productosremo.com\/\" target=\"_blank\" class=\"wpadcenter-ad-inner__item\" ><img decoding=\"async\"   src=\"https:\/\/puntodincontro.mx\/wp-content\/uploads\/2021\/08\/remobanner.jpg\" class=\"attachment-post-thumbnail size-post-thumbnail wp-post-image\" alt=\"\" srcset=\"https:\/\/puntodincontro.mx\/wp-content\/uploads\/2021\/08\/remobanner.jpg 200w, https:\/\/puntodincontro.mx\/wp-content\/uploads\/2021\/08\/remobanner-16x5.jpg 16w\" sizes=\"(max-width: 200px) 100vw, 200px\" \/><\/a><\/div><\/div><\/div><div class=\"wpadcenter-ad-container\" ><div id=\"wpadcenter-ad-5305\" class=\"ad-placement\"><div class=\"wpadcenter-ad-inner\" ><a id=\"wpadcenter_ad\" data-value=\"5305\" data-placement=\"\" href=\"https:\/\/ambcittadelmessico.esteri.it\/ambasciata_cittadelmessico\/it\/\" target=\"_blank\" class=\"wpadcenter-ad-inner__item\" ><img decoding=\"async\"   src=\"https:\/\/puntodincontro.mx\/wp-content\/uploads\/2022\/05\/Ambasciata.jpg\" class=\"attachment-post-thumbnail size-post-thumbnail wp-post-image\" alt=\"\" srcset=\"https:\/\/puntodincontro.mx\/wp-content\/uploads\/2022\/05\/Ambasciata.jpg 200w, https:\/\/puntodincontro.mx\/wp-content\/uploads\/2022\/05\/Ambasciata-18x5.jpg 18w\" sizes=\"(max-width: 200px) 100vw, 200px\" \/><\/a><\/div><\/div><\/div><div class=\"wpadcenter-ad-container\" ><div id=\"wpadcenter-ad-3781\" class=\"ad-placement\"><div class=\"wpadcenter-ad-inner\" ><a id=\"wpadcenter_ad\" data-value=\"3781\" data-placement=\"\" href=\"https:\/\/cannizzo.com.mx\/\" target=\"_blank\" class=\"wpadcenter-ad-inner__item\" ><img decoding=\"async\"   src=\"https:\/\/puntodincontro.mx\/wp-content\/uploads\/2022\/03\/cannizzo2.jpg\" class=\"attachment-post-thumbnail size-post-thumbnail wp-post-image\" alt=\"\" srcset=\"https:\/\/puntodincontro.mx\/wp-content\/uploads\/2022\/03\/cannizzo2.jpg 200w, https:\/\/puntodincontro.mx\/wp-content\/uploads\/2022\/03\/cannizzo2-18x5.jpg 18w\" sizes=\"(max-width: 200px) 100vw, 200px\" \/><\/a><\/div><\/div><\/div><\/div><div class=\"wpadcenter-adgroup__row wpadcenter-aligncenter\"><div class=\"wpadcenter-ad-container\" ><div id=\"wpadcenter-ad-1704\" class=\"ad-placement\"><div class=\"wpadcenter-ad-inner\" ><a id=\"wpadcenter_ad\" data-value=\"1704\" data-placement=\"\" href=\"https:\/\/puntodincontro.mx\/es\/2021\/12\/24\/inps-verificacion-de-supervivencia-de-los-pensionados-en-el-extranjero\/\" target=\"_blank\" class=\"wpadcenter-ad-inner__item\" ><img decoding=\"async\"   src=\"https:\/\/puntodincontro.mx\/wp-content\/uploads\/2021\/11\/logo-ital.jpg\" class=\"attachment-post-thumbnail size-post-thumbnail wp-post-image\" alt=\"Patronato ITAL Messico\" srcset=\"https:\/\/puntodincontro.mx\/wp-content\/uploads\/2021\/11\/logo-ital.jpg 200w, https:\/\/puntodincontro.mx\/wp-content\/uploads\/2021\/11\/logo-ital-16x5.jpg 16w\" sizes=\"(max-width: 200px) 100vw, 200px\" \/><\/a><\/div><\/div><\/div><div class=\"wpadcenter-ad-container\" ><div id=\"wpadcenter-ad-1538\" class=\"ad-placement\"><div class=\"wpadcenter-ad-inner\" ><a id=\"wpadcenter_ad\" data-value=\"1538\" data-placement=\"\" href=\"https:\/\/asociacionitaliana.org\/\" target=\"_blank\" class=\"wpadcenter-ad-inner__item\" ><img decoding=\"async\"   src=\"https:\/\/puntodincontro.mx\/wp-content\/uploads\/2021\/11\/aialogo.jpg\" class=\"attachment-post-thumbnail size-post-thumbnail wp-post-image\" alt=\"Associazione Italiana di Assistenza IAP\" srcset=\"https:\/\/puntodincontro.mx\/wp-content\/uploads\/2021\/11\/aialogo.jpg 200w, https:\/\/puntodincontro.mx\/wp-content\/uploads\/2021\/11\/aialogo-18x5.jpg 18w\" sizes=\"(max-width: 200px) 100vw, 200px\" \/><\/a><\/div><\/div><\/div><div class=\"wpadcenter-ad-container\" ><div id=\"wpadcenter-ad-1513\" class=\"ad-placement\"><div class=\"wpadcenter-ad-inner\" ><a id=\"wpadcenter_ad\" data-value=\"1513\" data-placement=\"\" href=\"https:\/\/gcinmuebles.mx\" target=\"_blank\" class=\"wpadcenter-ad-inner__item\" ><img decoding=\"async\"   src=\"https:\/\/puntodincontro.mx\/wp-content\/uploads\/2021\/10\/gcinmuebleslogopunto-1.jpg\" class=\"attachment-post-thumbnail size-post-thumbnail wp-post-image\" alt=\"\" srcset=\"https:\/\/puntodincontro.mx\/wp-content\/uploads\/2021\/10\/gcinmuebleslogopunto-1.jpg 200w, https:\/\/puntodincontro.mx\/wp-content\/uploads\/2021\/10\/gcinmuebleslogopunto-1-18x5.jpg 18w\" sizes=\"(max-width: 200px) 100vw, 200px\" \/><\/a><\/div><\/div><\/div><\/div><div class=\"wpadcenter-adgroup__row wpadcenter-aligncenter\"><div class=\"wpadcenter-ad-container\" ><div id=\"wpadcenter-ad-1374\" class=\"ad-placement\"><div class=\"wpadcenter-ad-inner\" ><a id=\"wpadcenter_ad\" data-value=\"1374\" data-placement=\"\" href=\"https:\/\/www.9colonne.it\/\" target=\"_blank\" class=\"wpadcenter-ad-inner__item\" ><img decoding=\"async\"   src=\"https:\/\/puntodincontro.mx\/wp-content\/uploads\/2021\/10\/Banner9colonne.gif\" class=\"attachment-post-thumbnail size-post-thumbnail wp-post-image\" alt=\"\" \/><\/a><\/div><\/div><\/div><div class=\"wpadcenter-ad-container\" ><div id=\"wpadcenter-ad-276\" class=\"ad-placement\"><div class=\"wpadcenter-ad-inner\" ><a id=\"wpadcenter_ad\" data-value=\"276\" data-placement=\"\" href=\"http:\/\/www.camaraitaliana.mx\/\" target=\"_blank\" class=\"wpadcenter-ad-inner__item\" ><img decoding=\"async\"   src=\"https:\/\/puntodincontro.mx\/wp-content\/uploads\/2021\/08\/ccimnuovo.jpg\" class=\"attachment-post-thumbnail size-post-thumbnail wp-post-image\" alt=\"\" srcset=\"https:\/\/puntodincontro.mx\/wp-content\/uploads\/2021\/08\/ccimnuovo.jpg 200w, https:\/\/puntodincontro.mx\/wp-content\/uploads\/2021\/08\/ccimnuovo-18x5.jpg 18w\" sizes=\"(max-width: 200px) 100vw, 200px\" \/><\/a><\/div><\/div><\/div><div class=\"wpadcenter-ad-container\" ><div id=\"wpadcenter-ad-272\" class=\"ad-placement\"><div class=\"wpadcenter-ad-inner\" ><a id=\"wpadcenter_ad\" data-value=\"272\" data-placement=\"\" href=\"http:\/\/corix.us\/\" target=\"_blank\" class=\"wpadcenter-ad-inner__item\" ><img decoding=\"async\"   src=\"https:\/\/puntodincontro.mx\/wp-content\/uploads\/2021\/08\/corixbanner-1.jpg\" class=\"attachment-post-thumbnail size-post-thumbnail wp-post-image\" alt=\"\" srcset=\"https:\/\/puntodincontro.mx\/wp-content\/uploads\/2021\/08\/corixbanner-1.jpg 200w, https:\/\/puntodincontro.mx\/wp-content\/uploads\/2021\/08\/corixbanner-1-16x5.jpg 16w\" sizes=\"(max-width: 200px) 100vw, 200px\" \/><\/a><\/div><\/div><\/div><\/div><div class=\"wpadcenter-adgroup__row wpadcenter-aligncenter\"><div class=\"wpadcenter-ad-container\" ><div id=\"wpadcenter-ad-266\" class=\"ad-placement\"><div class=\"wpadcenter-ad-inner\" ><a id=\"wpadcenter_ad\" data-value=\"266\" data-placement=\"\" href=\"https:\/\/www.prinsel.com.mx\/\" target=\"_blank\" class=\"wpadcenter-ad-inner__item\" ><img decoding=\"async\"   src=\"https:\/\/puntodincontro.mx\/wp-content\/uploads\/2021\/08\/prinselbanner-1.jpg\" class=\"attachment-post-thumbnail size-post-thumbnail wp-post-image\" alt=\"\" srcset=\"https:\/\/puntodincontro.mx\/wp-content\/uploads\/2021\/08\/prinselbanner-1.jpg 200w, https:\/\/puntodincontro.mx\/wp-content\/uploads\/2021\/08\/prinselbanner-1-16x5.jpg 16w\" sizes=\"(max-width: 200px) 100vw, 200px\" \/><\/a><\/div><\/div><\/div><div class=\"wpadcenter-ad-container\" ><div id=\"wpadcenter-ad-261\" class=\"ad-placement\"><div class=\"wpadcenter-ad-inner\" ><a id=\"wpadcenter_ad\" data-value=\"261\" data-placement=\"\" href=\"https:\/\/faitalia.com.mx\/\" target=\"_blank\" class=\"wpadcenter-ad-inner__item\" ><img decoding=\"async\"   src=\"https:\/\/puntodincontro.mx\/wp-content\/uploads\/2021\/08\/gruppodino.jpg\" class=\"attachment-post-thumbnail size-post-thumbnail wp-post-image\" alt=\"\" srcset=\"https:\/\/puntodincontro.mx\/wp-content\/uploads\/2021\/08\/gruppodino.jpg 200w, https:\/\/puntodincontro.mx\/wp-content\/uploads\/2021\/08\/gruppodino-18x5.jpg 18w\" sizes=\"(max-width: 200px) 100vw, 200px\" \/><\/a><\/div><\/div><\/div><\/div><\/div>\n\n\n<div style=\"height:12px\" aria-hidden=\"true\" class=\"wp-block-spacer\"><\/div>","protected":false},"excerpt":{"rendered":"<p>Ore 05.04 &#8211; Il sottosegretario di Stato al ministero degli Affari esteri e della Cooperazione internazionale Giorgio Silli \u00e8 intervenuto ieri nella cerimonia di apertura del 1\u00ba Colloquio Italia-Messico sull&#8217;architettura del XX secolo, che si svolge nella capitale del Paese latinoamericano. Il politico fiorentino, a cui sono state delegate le relazioni bilaterali con il Messico, ha descritto in un video-messaggio le principali caratteristiche del Distretto del Contemporaneo di Roma, progetto che intende riconoscere e valorizzare i caratteri architettonici e ambientali peculiari del settore Flaminio\/Foro Italico\/Farnesina e portare a conoscenza del pubblico internazionale un patrimonio di straordinaria importanza dal punto di&#8230; <\/p>","protected":false},"author":2,"featured_media":18200,"comment_status":"open","ping_status":"open","sticky":false,"template":"","format":"standard","meta":{"_monsterinsights_skip_tracking":false,"_monsterinsights_sitenote_active":false,"_monsterinsights_sitenote_note":"","_monsterinsights_sitenote_category":0,"footnotes":""},"categories":[25],"tags":[],"class_list":["post-18193","post","type-post","status-publish","format-standard","has-post-thumbnail","hentry","category-cultura"],"yoast_head":"<!-- This site is optimized with the Yoast SEO Premium plugin v18.4 (Yoast SEO v25.6) - https:\/\/yoast.com\/wordpress\/plugins\/seo\/ -->\n<title>Silli: \u00abUna nuova diplomazia dell\u2019architettura tra Italia e Messico\u00bb<\/title>\n<meta name=\"description\" content=\"Il sottosegretario Silli \u00e8 intervenuto ieri nella cerimonia di apertura del 1\u00ba Colloquio Italia-Messico sull&#039;architettura del XX secolo.\" \/>\n<meta name=\"robots\" content=\"index, follow, max-snippet:-1, max-image-preview:large, max-video-preview:-1\" \/>\n<link rel=\"canonical\" href=\"https:\/\/puntodincontro.mx\/es\/2024\/02\/28\/silli-una-nueva-diplomacia-de-la-arquitectura-entre-italia-y-mexico\/\" \/>\n<meta property=\"og:locale\" content=\"es_MX\" \/>\n<meta property=\"og:type\" content=\"article\" \/>\n<meta property=\"og:title\" content=\"Silli: \u00abUna nuova diplomazia dell\u2019architettura tra Italia e Messico\u00bb\" \/>\n<meta property=\"og:description\" content=\"Il sottosegretario Silli \u00e8 intervenuto ieri nella cerimonia di apertura del 1\u00ba Colloquio Italia-Messico sull&#039;architettura del XX secolo.\" \/>\n<meta property=\"og:url\" content=\"https:\/\/puntodincontro.mx\/es\/2024\/02\/28\/silli-una-nueva-diplomacia-de-la-arquitectura-entre-italia-y-mexico\/\" \/>\n<meta property=\"og:site_name\" content=\"Puntodincontro\" \/>\n<meta property=\"article:publisher\" content=\"https:\/\/www.facebook.com\/puntodincontro.mx\" \/>\n<meta property=\"article:published_time\" content=\"2024-02-28T11:31:54+00:00\" \/>\n<meta property=\"article:modified_time\" content=\"2024-02-28T11:31:55+00:00\" \/>\n<meta property=\"og:image\" content=\"https:\/\/puntodincontro.mx\/wp-content\/uploads\/2024\/02\/silliarchitetturacomp.jpg\" \/>\n\t<meta property=\"og:image:width\" content=\"932\" \/>\n\t<meta property=\"og:image:height\" content=\"488\" \/>\n\t<meta property=\"og:image:type\" content=\"image\/jpeg\" \/>\n<meta name=\"author\" content=\"Puntodincontro\" \/>\n<meta name=\"twitter:card\" content=\"summary_large_image\" \/>\n<meta name=\"twitter:creator\" content=\"@puntodincontro\" \/>\n<meta name=\"twitter:site\" content=\"@puntodincontro\" \/>\n<meta name=\"twitter:label1\" content=\"Escrito por\" \/>\n\t<meta name=\"twitter:data1\" content=\"Puntodincontro\" \/>\n\t<meta name=\"twitter:label2\" content=\"Tiempo de lectura\" \/>\n\t<meta name=\"twitter:data2\" content=\"2 minutos\" \/>\n<script type=\"application\/ld+json\" class=\"yoast-schema-graph\">{\"@context\":\"https:\/\/schema.org\",\"@graph\":[{\"@type\":\"NewsArticle\",\"@id\":\"https:\/\/puntodincontro.mx\/2024\/02\/28\/silli-una-nuova-diplomazia-dell-architettura-tra-italia-e-messico\/#article\",\"isPartOf\":{\"@id\":\"https:\/\/puntodincontro.mx\/2024\/02\/28\/silli-una-nuova-diplomazia-dell-architettura-tra-italia-e-messico\/\"},\"author\":{\"name\":\"Puntodincontro\",\"@id\":\"https:\/\/puntodincontro.mx\/#\/schema\/person\/d3066d18a16259cbb0c29b0d0e93b556\"},\"headline\":\"Silli: \u00abUna nuova diplomazia dell\u2019architettura tra Italia e Messico\u00bb\",\"datePublished\":\"2024-02-28T11:31:54+00:00\",\"dateModified\":\"2024-02-28T11:31:55+00:00\",\"mainEntityOfPage\":{\"@id\":\"https:\/\/puntodincontro.mx\/2024\/02\/28\/silli-una-nuova-diplomazia-dell-architettura-tra-italia-e-messico\/\"},\"wordCount\":481,\"commentCount\":0,\"publisher\":{\"@id\":\"https:\/\/puntodincontro.mx\/#organization\"},\"image\":{\"@id\":\"https:\/\/puntodincontro.mx\/2024\/02\/28\/silli-una-nuova-diplomazia-dell-architettura-tra-italia-e-messico\/#primaryimage\"},\"thumbnailUrl\":\"https:\/\/puntodincontro.mx\/wp-content\/uploads\/2024\/02\/silliarchitetturavert.webp\",\"articleSection\":[\"Cultura\"],\"inLanguage\":\"es\",\"potentialAction\":[{\"@type\":\"CommentAction\",\"name\":\"Comment\",\"target\":[\"https:\/\/puntodincontro.mx\/2024\/02\/28\/silli-una-nuova-diplomazia-dell-architettura-tra-italia-e-messico\/#respond\"]}]},{\"@type\":\"WebPage\",\"@id\":\"https:\/\/puntodincontro.mx\/2024\/02\/28\/silli-una-nuova-diplomazia-dell-architettura-tra-italia-e-messico\/\",\"url\":\"https:\/\/puntodincontro.mx\/2024\/02\/28\/silli-una-nuova-diplomazia-dell-architettura-tra-italia-e-messico\/\",\"name\":\"Silli: \u00abUna nuova diplomazia dell\u2019architettura tra Italia e Messico\u00bb\",\"isPartOf\":{\"@id\":\"https:\/\/puntodincontro.mx\/#website\"},\"primaryImageOfPage\":{\"@id\":\"https:\/\/puntodincontro.mx\/2024\/02\/28\/silli-una-nuova-diplomazia-dell-architettura-tra-italia-e-messico\/#primaryimage\"},\"image\":{\"@id\":\"https:\/\/puntodincontro.mx\/2024\/02\/28\/silli-una-nuova-diplomazia-dell-architettura-tra-italia-e-messico\/#primaryimage\"},\"thumbnailUrl\":\"https:\/\/puntodincontro.mx\/wp-content\/uploads\/2024\/02\/silliarchitetturavert.webp\",\"datePublished\":\"2024-02-28T11:31:54+00:00\",\"dateModified\":\"2024-02-28T11:31:55+00:00\",\"description\":\"Il sottosegretario Silli \u00e8 intervenuto ieri nella cerimonia di apertura del 1\u00ba Colloquio Italia-Messico sull'architettura del XX secolo.\",\"breadcrumb\":{\"@id\":\"https:\/\/puntodincontro.mx\/2024\/02\/28\/silli-una-nuova-diplomazia-dell-architettura-tra-italia-e-messico\/#breadcrumb\"},\"inLanguage\":\"es\",\"potentialAction\":[{\"@type\":\"ReadAction\",\"target\":[\"https:\/\/puntodincontro.mx\/2024\/02\/28\/silli-una-nuova-diplomazia-dell-architettura-tra-italia-e-messico\/\"]}]},{\"@type\":\"ImageObject\",\"inLanguage\":\"es\",\"@id\":\"https:\/\/puntodincontro.mx\/2024\/02\/28\/silli-una-nuova-diplomazia-dell-architettura-tra-italia-e-messico\/#primaryimage\",\"url\":\"https:\/\/puntodincontro.mx\/wp-content\/uploads\/2024\/02\/silliarchitetturavert.webp\",\"contentUrl\":\"https:\/\/puntodincontro.mx\/wp-content\/uploads\/2024\/02\/silliarchitetturavert.webp\",\"width\":423,\"height\":488,\"caption\":\"Silli: \u00abUna nuova diplomazia dell\u2019architettura tra Italia e Messico\u00bb \/ Foto: ministero degli Affari esteri e della Cooperazione internazionale\"},{\"@type\":\"BreadcrumbList\",\"@id\":\"https:\/\/puntodincontro.mx\/2024\/02\/28\/silli-una-nuova-diplomazia-dell-architettura-tra-italia-e-messico\/#breadcrumb\",\"itemListElement\":[{\"@type\":\"ListItem\",\"position\":1,\"name\":\"Home\",\"item\":\"https:\/\/puntodincontro.mx\/\"},{\"@type\":\"ListItem\",\"position\":2,\"name\":\"Silli: \u00abUna nuova diplomazia dell\u2019architettura tra Italia e Messico\u00bb\"}]},{\"@type\":\"WebSite\",\"@id\":\"https:\/\/puntodincontro.mx\/#website\",\"url\":\"https:\/\/puntodincontro.mx\/\",\"name\":\"Puntodincontro\",\"description\":\"Dal 2006 notizie sui rapporti Italia-Messico \/ Desde 2006 noticias sobre las relaciones entre Italia y M\u00e9xico\",\"publisher\":{\"@id\":\"https:\/\/puntodincontro.mx\/#organization\"},\"potentialAction\":[{\"@type\":\"SearchAction\",\"target\":{\"@type\":\"EntryPoint\",\"urlTemplate\":\"https:\/\/puntodincontro.mx\/?s={search_term_string}\"},\"query-input\":{\"@type\":\"PropertyValueSpecification\",\"valueRequired\":true,\"valueName\":\"search_term_string\"}}],\"inLanguage\":\"es\"},{\"@type\":\"Organization\",\"@id\":\"https:\/\/puntodincontro.mx\/#organization\",\"name\":\"Puntodincontro\",\"url\":\"https:\/\/puntodincontro.mx\/\",\"logo\":{\"@type\":\"ImageObject\",\"inLanguage\":\"es\",\"@id\":\"https:\/\/puntodincontro.mx\/#\/schema\/logo\/image\/\",\"url\":\"https:\/\/puntodincontro.mx\/wp-content\/uploads\/2021\/08\/Default-image-for-open-graph-settings.jpg\",\"contentUrl\":\"https:\/\/puntodincontro.mx\/wp-content\/uploads\/2021\/08\/Default-image-for-open-graph-settings.jpg\",\"width\":1200,\"height\":630,\"caption\":\"Puntodincontro\"},\"image\":{\"@id\":\"https:\/\/puntodincontro.mx\/#\/schema\/logo\/image\/\"},\"sameAs\":[\"https:\/\/www.facebook.com\/puntodincontro.mx\",\"https:\/\/x.com\/puntodincontro\",\"https:\/\/www.instagram.com\/puntodincontro.mx\/\",\"https:\/\/www.linkedin.com\/company\/puntodincontro\/\",\"https:\/\/www.youtube.com\/c\/puntodincontromessico\",\"https:\/\/www.patreon.com\/puntodincontro\",\"https:\/\/www.threads.net\/@puntodincontro.mx\"]},{\"@type\":\"Person\",\"@id\":\"https:\/\/puntodincontro.mx\/#\/schema\/person\/d3066d18a16259cbb0c29b0d0e93b556\",\"name\":\"Puntodincontro\",\"image\":{\"@type\":\"ImageObject\",\"inLanguage\":\"es\",\"@id\":\"https:\/\/puntodincontro.mx\/#\/schema\/person\/image\/\",\"url\":\"https:\/\/secure.gravatar.com\/avatar\/0e85b4b3b5e9d6bfcec6a4956d8cc63a?s=96&d=mm&r=g\",\"contentUrl\":\"https:\/\/secure.gravatar.com\/avatar\/0e85b4b3b5e9d6bfcec6a4956d8cc63a?s=96&d=mm&r=g\",\"caption\":\"Puntodincontro\"},\"url\":\"https:\/\/puntodincontro.mx\/es\/author\/puntodincontro\/\"}]}<\/script>\n<!-- \/ Yoast SEO Premium plugin. -->","yoast_head_json":{"title":"Silli: \u00abUna nueva diplomacia de la arquitectura entre Italia y M\u00e9xico\u00bb","description":"Il sottosegretario Silli \u00e8 intervenuto ieri nella cerimonia di apertura del 1\u00ba Colloquio Italia-Messico sull'architettura del XX secolo.","robots":{"index":"index","follow":"follow","max-snippet":"max-snippet:-1","max-image-preview":"max-image-preview:large","max-video-preview":"max-video-preview:-1"},"canonical":"https:\/\/puntodincontro.mx\/es\/2024\/02\/28\/silli-una-nueva-diplomacia-de-la-arquitectura-entre-italia-y-mexico\/","og_locale":"es_MX","og_type":"article","og_title":"Silli: \u00abUna nuova diplomazia dell\u2019architettura tra Italia e Messico\u00bb","og_description":"Il sottosegretario Silli \u00e8 intervenuto ieri nella cerimonia di apertura del 1\u00ba Colloquio Italia-Messico sull'architettura del XX secolo.","og_url":"https:\/\/puntodincontro.mx\/es\/2024\/02\/28\/silli-una-nueva-diplomacia-de-la-arquitectura-entre-italia-y-mexico\/","og_site_name":"Puntodincontro","article_publisher":"https:\/\/www.facebook.com\/puntodincontro.mx","article_published_time":"2024-02-28T11:31:54+00:00","article_modified_time":"2024-02-28T11:31:55+00:00","og_image":[{"width":932,"height":488,"url":"https:\/\/puntodincontro.mx\/wp-content\/uploads\/2024\/02\/silliarchitetturacomp.jpg","type":"image\/jpeg"}],"author":"Puntodincontro","twitter_card":"summary_large_image","twitter_creator":"@puntodincontro","twitter_site":"@puntodincontro","twitter_misc":{"Escrito por":"Puntodincontro","Tiempo de lectura":"2 minutos"},"schema":{"@context":"https:\/\/schema.org","@graph":[{"@type":"NewsArticle","@id":"https:\/\/puntodincontro.mx\/2024\/02\/28\/silli-una-nuova-diplomazia-dell-architettura-tra-italia-e-messico\/#article","isPartOf":{"@id":"https:\/\/puntodincontro.mx\/2024\/02\/28\/silli-una-nuova-diplomazia-dell-architettura-tra-italia-e-messico\/"},"author":{"name":"Puntodincontro","@id":"https:\/\/puntodincontro.mx\/#\/schema\/person\/d3066d18a16259cbb0c29b0d0e93b556"},"headline":"Silli: \u00abUna nuova diplomazia dell\u2019architettura tra Italia e Messico\u00bb","datePublished":"2024-02-28T11:31:54+00:00","dateModified":"2024-02-28T11:31:55+00:00","mainEntityOfPage":{"@id":"https:\/\/puntodincontro.mx\/2024\/02\/28\/silli-una-nuova-diplomazia-dell-architettura-tra-italia-e-messico\/"},"wordCount":481,"commentCount":0,"publisher":{"@id":"https:\/\/puntodincontro.mx\/#organization"},"image":{"@id":"https:\/\/puntodincontro.mx\/2024\/02\/28\/silli-una-nuova-diplomazia-dell-architettura-tra-italia-e-messico\/#primaryimage"},"thumbnailUrl":"https:\/\/puntodincontro.mx\/wp-content\/uploads\/2024\/02\/silliarchitetturavert.webp","articleSection":["Cultura"],"inLanguage":"es","potentialAction":[{"@type":"CommentAction","name":"Comment","target":["https:\/\/puntodincontro.mx\/2024\/02\/28\/silli-una-nuova-diplomazia-dell-architettura-tra-italia-e-messico\/#respond"]}]},{"@type":"WebPage","@id":"https:\/\/puntodincontro.mx\/2024\/02\/28\/silli-una-nuova-diplomazia-dell-architettura-tra-italia-e-messico\/","url":"https:\/\/puntodincontro.mx\/2024\/02\/28\/silli-una-nuova-diplomazia-dell-architettura-tra-italia-e-messico\/","name":"Silli: \u00abUna nueva diplomacia de la arquitectura entre Italia y M\u00e9xico\u00bb","isPartOf":{"@id":"https:\/\/puntodincontro.mx\/#website"},"primaryImageOfPage":{"@id":"https:\/\/puntodincontro.mx\/2024\/02\/28\/silli-una-nuova-diplomazia-dell-architettura-tra-italia-e-messico\/#primaryimage"},"image":{"@id":"https:\/\/puntodincontro.mx\/2024\/02\/28\/silli-una-nuova-diplomazia-dell-architettura-tra-italia-e-messico\/#primaryimage"},"thumbnailUrl":"https:\/\/puntodincontro.mx\/wp-content\/uploads\/2024\/02\/silliarchitetturavert.webp","datePublished":"2024-02-28T11:31:54+00:00","dateModified":"2024-02-28T11:31:55+00:00","description":"Il sottosegretario Silli \u00e8 intervenuto ieri nella cerimonia di apertura del 1\u00ba Colloquio Italia-Messico sull'architettura del XX secolo.","breadcrumb":{"@id":"https:\/\/puntodincontro.mx\/2024\/02\/28\/silli-una-nuova-diplomazia-dell-architettura-tra-italia-e-messico\/#breadcrumb"},"inLanguage":"es","potentialAction":[{"@type":"ReadAction","target":["https:\/\/puntodincontro.mx\/2024\/02\/28\/silli-una-nuova-diplomazia-dell-architettura-tra-italia-e-messico\/"]}]},{"@type":"ImageObject","inLanguage":"es","@id":"https:\/\/puntodincontro.mx\/2024\/02\/28\/silli-una-nuova-diplomazia-dell-architettura-tra-italia-e-messico\/#primaryimage","url":"https:\/\/puntodincontro.mx\/wp-content\/uploads\/2024\/02\/silliarchitetturavert.webp","contentUrl":"https:\/\/puntodincontro.mx\/wp-content\/uploads\/2024\/02\/silliarchitetturavert.webp","width":423,"height":488,"caption":"Silli: \u00abUna nuova diplomazia dell\u2019architettura tra Italia e Messico\u00bb \/ Foto: ministero degli Affari esteri e della Cooperazione internazionale"},{"@type":"BreadcrumbList","@id":"https:\/\/puntodincontro.mx\/2024\/02\/28\/silli-una-nuova-diplomazia-dell-architettura-tra-italia-e-messico\/#breadcrumb","itemListElement":[{"@type":"ListItem","position":1,"name":"Home","item":"https:\/\/puntodincontro.mx\/"},{"@type":"ListItem","position":2,"name":"Silli: \u00abUna nuova diplomazia dell\u2019architettura tra Italia e Messico\u00bb"}]},{"@type":"WebSite","@id":"https:\/\/puntodincontro.mx\/#website","url":"https:\/\/puntodincontro.mx\/","name":"Puntodincontro","description":"Desde el 2006 noticias sobre las relaciones entre Italia y M\u00e9xico \/ Dal 2006 notizie sui rapporti Italia-Messico","publisher":{"@id":"https:\/\/puntodincontro.mx\/#organization"},"potentialAction":[{"@type":"SearchAction","target":{"@type":"EntryPoint","urlTemplate":"https:\/\/puntodincontro.mx\/?s={search_term_string}"},"query-input":{"@type":"PropertyValueSpecification","valueRequired":true,"valueName":"search_term_string"}}],"inLanguage":"es"},{"@type":"Organization","@id":"https:\/\/puntodincontro.mx\/#organization","name":"Puntodincontro","url":"https:\/\/puntodincontro.mx\/","logo":{"@type":"ImageObject","inLanguage":"es","@id":"https:\/\/puntodincontro.mx\/#\/schema\/logo\/image\/","url":"https:\/\/puntodincontro.mx\/wp-content\/uploads\/2021\/08\/Default-image-for-open-graph-settings.jpg","contentUrl":"https:\/\/puntodincontro.mx\/wp-content\/uploads\/2021\/08\/Default-image-for-open-graph-settings.jpg","width":1200,"height":630,"caption":"Puntodincontro"},"image":{"@id":"https:\/\/puntodincontro.mx\/#\/schema\/logo\/image\/"},"sameAs":["https:\/\/www.facebook.com\/puntodincontro.mx","https:\/\/x.com\/puntodincontro","https:\/\/www.instagram.com\/puntodincontro.mx\/","https:\/\/www.linkedin.com\/company\/puntodincontro\/","https:\/\/www.youtube.com\/c\/puntodincontromessico","https:\/\/www.patreon.com\/puntodincontro","https:\/\/www.threads.net\/@puntodincontro.mx"]},{"@type":"Person","@id":"https:\/\/puntodincontro.mx\/#\/schema\/person\/d3066d18a16259cbb0c29b0d0e93b556","name":"Puntodincontro","image":{"@type":"ImageObject","inLanguage":"es","@id":"https:\/\/puntodincontro.mx\/#\/schema\/person\/image\/","url":"https:\/\/secure.gravatar.com\/avatar\/0e85b4b3b5e9d6bfcec6a4956d8cc63a?s=96&d=mm&r=g","contentUrl":"https:\/\/secure.gravatar.com\/avatar\/0e85b4b3b5e9d6bfcec6a4956d8cc63a?s=96&d=mm&r=g","caption":"Puntodincontro"},"url":"https:\/\/puntodincontro.mx\/es\/author\/puntodincontro\/"}]}},"_links":{"self":[{"href":"https:\/\/puntodincontro.mx\/es\/wp-json\/wp\/v2\/posts\/18193"}],"collection":[{"href":"https:\/\/puntodincontro.mx\/es\/wp-json\/wp\/v2\/posts"}],"about":[{"href":"https:\/\/puntodincontro.mx\/es\/wp-json\/wp\/v2\/types\/post"}],"author":[{"embeddable":true,"href":"https:\/\/puntodincontro.mx\/es\/wp-json\/wp\/v2\/users\/2"}],"replies":[{"embeddable":true,"href":"https:\/\/puntodincontro.mx\/es\/wp-json\/wp\/v2\/comments?post=18193"}],"version-history":[{"count":8,"href":"https:\/\/puntodincontro.mx\/es\/wp-json\/wp\/v2\/posts\/18193\/revisions"}],"predecessor-version":[{"id":18204,"href":"https:\/\/puntodincontro.mx\/es\/wp-json\/wp\/v2\/posts\/18193\/revisions\/18204"}],"wp:featuredmedia":[{"embeddable":true,"href":"https:\/\/puntodincontro.mx\/es\/wp-json\/wp\/v2\/media\/18200"}],"wp:attachment":[{"href":"https:\/\/puntodincontro.mx\/es\/wp-json\/wp\/v2\/media?parent=18193"}],"wp:term":[{"taxonomy":"category","embeddable":true,"href":"https:\/\/puntodincontro.mx\/es\/wp-json\/wp\/v2\/categories?post=18193"},{"taxonomy":"post_tag","embeddable":true,"href":"https:\/\/puntodincontro.mx\/es\/wp-json\/wp\/v2\/tags?post=18193"}],"curies":[{"name":"wp","href":"https:\/\/api.w.org\/{rel}","templated":true}]}}