{"id":18373,"date":"2024-03-08T02:29:27","date_gmt":"2024-03-08T08:29:27","guid":{"rendered":"https:\/\/puntodincontro.mx\/?p=18373"},"modified":"2024-03-08T02:30:10","modified_gmt":"2024-03-08T08:30:10","slug":"aeromexico-ita-airways-acuerdo-de-codigo-compartido-entre-mexico-e-italia","status":"publish","type":"post","link":"https:\/\/puntodincontro.mx\/es\/2024\/03\/08\/aeromexico-ita-airways-accordo-di-codice-condiviso-tra-messico-e-italia\/","title":{"rendered":"Aerom\u00e9xico-ITA Airways: acuerdo de c\u00f3digo compartido entre M\u00e9xico e Italia"},"content":{"rendered":"<p class=\"translation-block\"><strong>02:03 hrs.<\/strong> - Las dos principales aerol\u00edneas de M\u00e9xico e Italia han anunciado un acuerdo de c\u00f3digo compartido, gracias al cual sus clientes podr\u00e1n disfrutar de una red m\u00e1s amplia de conectividad y beneficios a partir del 10 de marzo.<\/p>\n\n\n\n<p class=\"translation-block\">El c\u00f3digo compartido, o <em>codeshare<\/em>, es un acuerdo cooperativo para transportar pasajeros cuyos boletos hayan sido emitidos por otra empresa. La intenci\u00f3n es ofrecer una variedad m\u00e1s amplia de destinos con respecto a los disponibles con una sola aerol\u00ednea.<\/p>\n\n\n\n<p class=\"translation-block\">Los viajeros de la ruta Ciudad de M\u00e9xico-Roma de <a href=\"https:\/\/aeromexico.com\/es-mx\/\" target=\"_blank\" rel=\"noreferrer noopener\">Aerom\u00e9xico<\/a> podr\u00e1n llegar a 15 destinos en Italia desde el Aeropuerto Internacional Fiumicino de Roma (FCO), mientras que los pasajeros de ITA Airways tendr\u00e1n acceso a 28 destinos tras llegar al Aeropuerto Internacional Benito Ju\u00e1rez de la Ciudad de M\u00e9xico (MEX).<\/p>\n\n\n\n<p>Gracias a este acuerdo, los clientes podr\u00e1n viajar con un boleto \u00fanico, documentando su equipaje en el aeropuerto de salida y continuando hacia ciudades como Mil\u00e1n, G\u00e9nova, Florencia, N\u00e1poles y Tur\u00edn, adem\u00e1s de Canc\u00fan, Guadalajara, Monterrey, Puerto Vallarta y M\u00e9rida, entre otras.<\/p>\n\n\n\n<p>Ambas compa\u00f1\u00edas permitir\u00e1n a sus respectivos clientes disfrutar de los beneficios de sus programas de fidelizaci\u00f3n para acumular puntos, adicionales a los que ya ofrecen como socios SkyTeam para miembros de Elite y Elite Plus.<\/p>\n\n\n\n<p>Adem\u00e1s, los socios Top Tier Platinum y Titanium de Aerom\u00e9xico Rewards disfrutar\u00e1n de beneficios adicionales, incluyendo el acceso a salas VIP de ITA Airways en Italia, check-in gratuito de una maleta adicional en mostradores preferenciales y embarque prioritario.<\/p>\n\n\n\n<p class=\"translation-block\">Asimismo, los socios de Club Premium y Club Executive de <em>Volare<\/em>, el programa de fidelizaci\u00f3n de ITA Airways, podr\u00e1n disfrutar de los mismos beneficios y acceder a los Salones Premier de Aerom\u00e9xico en la Ciudad. de M\u00e9xico, Monterrey, Guadalajara, Torre\u00f3n y Chihuahua.<\/p>\n\n\n\n<p>Para la conexi\u00f3n directa entre la Ciudad de M\u00e9xico y Roma, Aerom\u00e9xico seguir\u00e1 utilizando lo mejor de su flota de largo alcance, los Boeing 787 Dreamliner, uno de los aviones m\u00e1s c\u00f3modos, eficientes, modernos y amigables con el medio ambiente. Desde su entrada en servicio, la flota de Dreamliner ha reducido las emisiones de CO2 en casi 160 mil millones de libras y, gracias a la innovadora composici\u00f3n de sus motores, es capaz de reducir el nivel de ruido durante las fases de despegue y aterrizaje.<\/p>\n\n\n\n<p>La flota de ITA Airways incluye actualmente 83 aviones Airbus, de los cuales 40 son de \u00faltima generaci\u00f3n, entre ellos la familia A320neo y los modelos A220-300, A220-100, A330-900 y A350-900.<\/p>\n\n\n\n<p>Gracias a este nuevo acuerdo con Aerom\u00e9xico, ITA Airways cuenta con un total de 36 acuerdos de c\u00f3digo compartido, un logro alcanzado en poco m\u00e1s de dos a\u00f1os desde el inicio de sus operaciones.<\/p>\n\n\n\n<p class=\"has-small-font-size\">Imagen: aviacionline.com<\/p>\n\n\n\n<div style=\"height:12px\" aria-hidden=\"true\" class=\"wp-block-spacer\"><\/div>\n\n\n<!-- Ad space powered by WP AdCenter v2.5.7 - https:\/\/wpadcenter.com\/ --><div class=\"wpadcenter-adgroup\" ><div class=\"wpadcenter-adgroup__row wpadcenter-aligncenter\"><div class=\"wpadcenter-ad-container\" ><div id=\"wpadcenter-ad-18464\" class=\"ad-placement\"><div class=\"wpadcenter-ad-inner\" ><a id=\"wpadcenter_ad\" data-value=\"18464\" data-placement=\"\" href=\"https:\/\/www.productosremo.com\/\" target=\"_blank\" class=\"wpadcenter-ad-inner__item\" ><img decoding=\"async\"   src=\"https:\/\/puntodincontro.mx\/wp-content\/uploads\/2021\/08\/remobanner.jpg\" class=\"attachment-post-thumbnail size-post-thumbnail wp-post-image\" alt=\"\" srcset=\"https:\/\/puntodincontro.mx\/wp-content\/uploads\/2021\/08\/remobanner.jpg 200w, https:\/\/puntodincontro.mx\/wp-content\/uploads\/2021\/08\/remobanner-16x5.jpg 16w\" sizes=\"(max-width: 200px) 100vw, 200px\" \/><\/a><\/div><\/div><\/div><div class=\"wpadcenter-ad-container\" ><div id=\"wpadcenter-ad-5305\" class=\"ad-placement\"><div class=\"wpadcenter-ad-inner\" ><a id=\"wpadcenter_ad\" data-value=\"5305\" data-placement=\"\" href=\"https:\/\/ambcittadelmessico.esteri.it\/ambasciata_cittadelmessico\/it\/\" target=\"_blank\" class=\"wpadcenter-ad-inner__item\" ><img decoding=\"async\"   src=\"https:\/\/puntodincontro.mx\/wp-content\/uploads\/2022\/05\/Ambasciata.jpg\" class=\"attachment-post-thumbnail size-post-thumbnail wp-post-image\" alt=\"\" srcset=\"https:\/\/puntodincontro.mx\/wp-content\/uploads\/2022\/05\/Ambasciata.jpg 200w, https:\/\/puntodincontro.mx\/wp-content\/uploads\/2022\/05\/Ambasciata-18x5.jpg 18w\" sizes=\"(max-width: 200px) 100vw, 200px\" \/><\/a><\/div><\/div><\/div><div class=\"wpadcenter-ad-container\" ><div id=\"wpadcenter-ad-3781\" class=\"ad-placement\"><div class=\"wpadcenter-ad-inner\" ><a id=\"wpadcenter_ad\" data-value=\"3781\" data-placement=\"\" href=\"https:\/\/cannizzo.com.mx\/\" target=\"_blank\" class=\"wpadcenter-ad-inner__item\" ><img decoding=\"async\"   src=\"https:\/\/puntodincontro.mx\/wp-content\/uploads\/2022\/03\/cannizzo2.jpg\" class=\"attachment-post-thumbnail size-post-thumbnail wp-post-image\" alt=\"\" srcset=\"https:\/\/puntodincontro.mx\/wp-content\/uploads\/2022\/03\/cannizzo2.jpg 200w, https:\/\/puntodincontro.mx\/wp-content\/uploads\/2022\/03\/cannizzo2-18x5.jpg 18w\" sizes=\"(max-width: 200px) 100vw, 200px\" \/><\/a><\/div><\/div><\/div><\/div><div class=\"wpadcenter-adgroup__row wpadcenter-aligncenter\"><div class=\"wpadcenter-ad-container\" ><div id=\"wpadcenter-ad-1704\" class=\"ad-placement\"><div class=\"wpadcenter-ad-inner\" ><a id=\"wpadcenter_ad\" data-value=\"1704\" data-placement=\"\" href=\"https:\/\/puntodincontro.mx\/es\/2021\/12\/24\/inps-verificacion-de-supervivencia-de-los-pensionados-en-el-extranjero\/\" target=\"_blank\" class=\"wpadcenter-ad-inner__item\" ><img decoding=\"async\"   src=\"https:\/\/puntodincontro.mx\/wp-content\/uploads\/2021\/11\/logo-ital.jpg\" class=\"attachment-post-thumbnail size-post-thumbnail wp-post-image\" alt=\"Patronato ITAL Messico\" srcset=\"https:\/\/puntodincontro.mx\/wp-content\/uploads\/2021\/11\/logo-ital.jpg 200w, https:\/\/puntodincontro.mx\/wp-content\/uploads\/2021\/11\/logo-ital-16x5.jpg 16w\" sizes=\"(max-width: 200px) 100vw, 200px\" \/><\/a><\/div><\/div><\/div><div class=\"wpadcenter-ad-container\" ><div id=\"wpadcenter-ad-1538\" class=\"ad-placement\"><div class=\"wpadcenter-ad-inner\" ><a id=\"wpadcenter_ad\" data-value=\"1538\" data-placement=\"\" href=\"https:\/\/asociacionitaliana.org\/\" target=\"_blank\" class=\"wpadcenter-ad-inner__item\" ><img decoding=\"async\"   src=\"https:\/\/puntodincontro.mx\/wp-content\/uploads\/2021\/11\/aialogo.jpg\" class=\"attachment-post-thumbnail size-post-thumbnail wp-post-image\" alt=\"Associazione Italiana di Assistenza IAP\" srcset=\"https:\/\/puntodincontro.mx\/wp-content\/uploads\/2021\/11\/aialogo.jpg 200w, https:\/\/puntodincontro.mx\/wp-content\/uploads\/2021\/11\/aialogo-18x5.jpg 18w\" sizes=\"(max-width: 200px) 100vw, 200px\" \/><\/a><\/div><\/div><\/div><div class=\"wpadcenter-ad-container\" ><div id=\"wpadcenter-ad-1513\" class=\"ad-placement\"><div class=\"wpadcenter-ad-inner\" ><a id=\"wpadcenter_ad\" data-value=\"1513\" data-placement=\"\" href=\"https:\/\/gcinmuebles.mx\" target=\"_blank\" class=\"wpadcenter-ad-inner__item\" ><img decoding=\"async\"   src=\"https:\/\/puntodincontro.mx\/wp-content\/uploads\/2021\/10\/gcinmuebleslogopunto-1.jpg\" class=\"attachment-post-thumbnail size-post-thumbnail wp-post-image\" alt=\"\" srcset=\"https:\/\/puntodincontro.mx\/wp-content\/uploads\/2021\/10\/gcinmuebleslogopunto-1.jpg 200w, https:\/\/puntodincontro.mx\/wp-content\/uploads\/2021\/10\/gcinmuebleslogopunto-1-18x5.jpg 18w\" sizes=\"(max-width: 200px) 100vw, 200px\" \/><\/a><\/div><\/div><\/div><\/div><div class=\"wpadcenter-adgroup__row wpadcenter-aligncenter\"><div class=\"wpadcenter-ad-container\" ><div id=\"wpadcenter-ad-1374\" class=\"ad-placement\"><div class=\"wpadcenter-ad-inner\" ><a id=\"wpadcenter_ad\" data-value=\"1374\" data-placement=\"\" href=\"https:\/\/www.9colonne.it\/\" target=\"_blank\" class=\"wpadcenter-ad-inner__item\" ><img decoding=\"async\"   src=\"https:\/\/puntodincontro.mx\/wp-content\/uploads\/2021\/10\/Banner9colonne.gif\" class=\"attachment-post-thumbnail size-post-thumbnail wp-post-image\" alt=\"\" \/><\/a><\/div><\/div><\/div><div class=\"wpadcenter-ad-container\" ><div id=\"wpadcenter-ad-276\" class=\"ad-placement\"><div class=\"wpadcenter-ad-inner\" ><a id=\"wpadcenter_ad\" data-value=\"276\" data-placement=\"\" href=\"http:\/\/www.camaraitaliana.mx\/\" target=\"_blank\" class=\"wpadcenter-ad-inner__item\" ><img decoding=\"async\"   src=\"https:\/\/puntodincontro.mx\/wp-content\/uploads\/2021\/08\/ccimnuovo.jpg\" class=\"attachment-post-thumbnail size-post-thumbnail wp-post-image\" alt=\"\" srcset=\"https:\/\/puntodincontro.mx\/wp-content\/uploads\/2021\/08\/ccimnuovo.jpg 200w, https:\/\/puntodincontro.mx\/wp-content\/uploads\/2021\/08\/ccimnuovo-18x5.jpg 18w\" sizes=\"(max-width: 200px) 100vw, 200px\" \/><\/a><\/div><\/div><\/div><div class=\"wpadcenter-ad-container\" ><div id=\"wpadcenter-ad-272\" class=\"ad-placement\"><div class=\"wpadcenter-ad-inner\" ><a id=\"wpadcenter_ad\" data-value=\"272\" data-placement=\"\" href=\"http:\/\/corix.us\/\" target=\"_blank\" class=\"wpadcenter-ad-inner__item\" ><img decoding=\"async\"   src=\"https:\/\/puntodincontro.mx\/wp-content\/uploads\/2021\/08\/corixbanner-1.jpg\" class=\"attachment-post-thumbnail size-post-thumbnail wp-post-image\" alt=\"\" srcset=\"https:\/\/puntodincontro.mx\/wp-content\/uploads\/2021\/08\/corixbanner-1.jpg 200w, https:\/\/puntodincontro.mx\/wp-content\/uploads\/2021\/08\/corixbanner-1-16x5.jpg 16w\" sizes=\"(max-width: 200px) 100vw, 200px\" \/><\/a><\/div><\/div><\/div><\/div><div class=\"wpadcenter-adgroup__row wpadcenter-aligncenter\"><div class=\"wpadcenter-ad-container\" ><div id=\"wpadcenter-ad-266\" class=\"ad-placement\"><div class=\"wpadcenter-ad-inner\" ><a id=\"wpadcenter_ad\" data-value=\"266\" data-placement=\"\" href=\"https:\/\/www.prinsel.com.mx\/\" target=\"_blank\" class=\"wpadcenter-ad-inner__item\" ><img decoding=\"async\"   src=\"https:\/\/puntodincontro.mx\/wp-content\/uploads\/2021\/08\/prinselbanner-1.jpg\" class=\"attachment-post-thumbnail size-post-thumbnail wp-post-image\" alt=\"\" srcset=\"https:\/\/puntodincontro.mx\/wp-content\/uploads\/2021\/08\/prinselbanner-1.jpg 200w, https:\/\/puntodincontro.mx\/wp-content\/uploads\/2021\/08\/prinselbanner-1-16x5.jpg 16w\" sizes=\"(max-width: 200px) 100vw, 200px\" \/><\/a><\/div><\/div><\/div><div class=\"wpadcenter-ad-container\" ><div id=\"wpadcenter-ad-261\" class=\"ad-placement\"><div class=\"wpadcenter-ad-inner\" ><a id=\"wpadcenter_ad\" data-value=\"261\" data-placement=\"\" href=\"https:\/\/faitalia.com.mx\/\" target=\"_blank\" class=\"wpadcenter-ad-inner__item\" ><img decoding=\"async\"   src=\"https:\/\/puntodincontro.mx\/wp-content\/uploads\/2021\/08\/gruppodino.jpg\" class=\"attachment-post-thumbnail size-post-thumbnail wp-post-image\" alt=\"\" srcset=\"https:\/\/puntodincontro.mx\/wp-content\/uploads\/2021\/08\/gruppodino.jpg 200w, https:\/\/puntodincontro.mx\/wp-content\/uploads\/2021\/08\/gruppodino-18x5.jpg 18w\" sizes=\"(max-width: 200px) 100vw, 200px\" \/><\/a><\/div><\/div><\/div><\/div><\/div>\n\n\n<div style=\"height:12px\" aria-hidden=\"true\" class=\"wp-block-spacer\"><\/div>","protected":false},"excerpt":{"rendered":"<p>Ore 02.03 &#8211; Le due compagnie aeree di riferimento di Messico e Italia hanno annunciato un accordo di codice condiviso, grazie al quale i loro clienti potranno godere di una rete pi\u00f9 ampia di connettivit\u00e0 e vantaggi a partire dal 10 marzo. Il codice condiviso, o codeshare, \u00e8 un accordo di cooperazione per trasportare passeggeri i cui biglietti sono stati emessi da un&#8217;altra compagnia. L&#8217;intento \u00e8 quello di offrire una scelta pi\u00f9 ampia di destinazioni rispetto a quelle disponibili utilizzando un solo vettore. I viaggiatori sulla rotta Citt\u00e0 del Messico-Roma di Aerom\u00e9xico potranno raggiungere 15 destinazioni in Italia dall&#8217;Aeroporto Internazionale&#8230; <\/p>","protected":false},"author":2,"featured_media":18382,"comment_status":"open","ping_status":"open","sticky":false,"template":"","format":"standard","meta":{"_monsterinsights_skip_tracking":false,"_monsterinsights_sitenote_active":false,"_monsterinsights_sitenote_note":"","_monsterinsights_sitenote_category":0,"footnotes":""},"categories":[8],"tags":[],"class_list":["post-18373","post","type-post","status-publish","format-standard","has-post-thumbnail","hentry","category-viaggi"],"yoast_head":"<!-- This site is optimized with the Yoast SEO Premium plugin v18.4 (Yoast SEO v25.6) - https:\/\/yoast.com\/wordpress\/plugins\/seo\/ -->\n<title>Aerom\u00e9xico-ITA Airways: codice condiviso tra Messico e Italia<\/title>\n<meta name=\"description\" content=\"Le due compagnie aeree di riferimento di Messico e Italia hanno annunciato un accordo di codice condiviso che entrer\u00e0 in vigore il 10 marzo.\" \/>\n<meta name=\"robots\" content=\"index, follow, max-snippet:-1, max-image-preview:large, max-video-preview:-1\" \/>\n<link rel=\"canonical\" href=\"https:\/\/puntodincontro.mx\/es\/2024\/03\/08\/aeromexico-ita-airways-acuerdo-de-codigo-compartido-entre-mexico-e-italia\/\" \/>\n<meta property=\"og:locale\" content=\"es_MX\" \/>\n<meta property=\"og:type\" content=\"article\" \/>\n<meta property=\"og:title\" content=\"Aerom\u00e9xico-ITA Airways: accordo di codice condiviso tra Messico e Italia\" \/>\n<meta property=\"og:description\" content=\"Le due compagnie aeree di riferimento di Messico e Italia hanno annunciato un accordo di codice condiviso che entrer\u00e0 in vigore il 10 marzo.\" \/>\n<meta property=\"og:url\" content=\"https:\/\/puntodincontro.mx\/es\/2024\/03\/08\/aeromexico-ita-airways-acuerdo-de-codigo-compartido-entre-mexico-e-italia\/\" \/>\n<meta property=\"og:site_name\" content=\"Puntodincontro\" \/>\n<meta property=\"article:publisher\" content=\"https:\/\/www.facebook.com\/puntodincontro.mx\" \/>\n<meta property=\"article:published_time\" content=\"2024-03-08T08:29:27+00:00\" \/>\n<meta property=\"article:modified_time\" content=\"2024-03-08T08:30:10+00:00\" \/>\n<meta property=\"og:image\" content=\"https:\/\/puntodincontro.mx\/wp-content\/uploads\/2024\/03\/aeromexicoitaairwayscomp-1.jpg\" \/>\n\t<meta property=\"og:image:width\" content=\"932\" \/>\n\t<meta property=\"og:image:height\" content=\"488\" \/>\n\t<meta property=\"og:image:type\" content=\"image\/jpeg\" \/>\n<meta name=\"author\" content=\"Puntodincontro\" \/>\n<meta name=\"twitter:card\" content=\"summary_large_image\" \/>\n<meta name=\"twitter:creator\" content=\"@puntodincontro\" \/>\n<meta name=\"twitter:site\" content=\"@puntodincontro\" \/>\n<meta name=\"twitter:label1\" content=\"Escrito por\" \/>\n\t<meta name=\"twitter:data1\" content=\"Puntodincontro\" \/>\n\t<meta name=\"twitter:label2\" content=\"Tiempo de lectura\" \/>\n\t<meta name=\"twitter:data2\" content=\"2 minutos\" \/>\n<script type=\"application\/ld+json\" class=\"yoast-schema-graph\">{\"@context\":\"https:\/\/schema.org\",\"@graph\":[{\"@type\":\"NewsArticle\",\"@id\":\"https:\/\/puntodincontro.mx\/2024\/03\/08\/aeromexico-ita-airways-accordo-di-codice-condiviso-tra-messico-e-italia\/#article\",\"isPartOf\":{\"@id\":\"https:\/\/puntodincontro.mx\/2024\/03\/08\/aeromexico-ita-airways-accordo-di-codice-condiviso-tra-messico-e-italia\/\"},\"author\":{\"name\":\"Puntodincontro\",\"@id\":\"https:\/\/puntodincontro.mx\/#\/schema\/person\/d3066d18a16259cbb0c29b0d0e93b556\"},\"headline\":\"Aerom\u00e9xico-ITA Airways: accordo di codice condiviso tra Messico e Italia\",\"datePublished\":\"2024-03-08T08:29:27+00:00\",\"dateModified\":\"2024-03-08T08:30:10+00:00\",\"mainEntityOfPage\":{\"@id\":\"https:\/\/puntodincontro.mx\/2024\/03\/08\/aeromexico-ita-airways-accordo-di-codice-condiviso-tra-messico-e-italia\/\"},\"wordCount\":451,\"commentCount\":0,\"publisher\":{\"@id\":\"https:\/\/puntodincontro.mx\/#organization\"},\"image\":{\"@id\":\"https:\/\/puntodincontro.mx\/2024\/03\/08\/aeromexico-ita-airways-accordo-di-codice-condiviso-tra-messico-e-italia\/#primaryimage\"},\"thumbnailUrl\":\"https:\/\/puntodincontro.mx\/wp-content\/uploads\/2024\/03\/aeromexicoitaairwaysvert.webp\",\"articleSection\":[\"Viaggi\"],\"inLanguage\":\"es\",\"potentialAction\":[{\"@type\":\"CommentAction\",\"name\":\"Comment\",\"target\":[\"https:\/\/puntodincontro.mx\/2024\/03\/08\/aeromexico-ita-airways-accordo-di-codice-condiviso-tra-messico-e-italia\/#respond\"]}]},{\"@type\":\"WebPage\",\"@id\":\"https:\/\/puntodincontro.mx\/2024\/03\/08\/aeromexico-ita-airways-accordo-di-codice-condiviso-tra-messico-e-italia\/\",\"url\":\"https:\/\/puntodincontro.mx\/2024\/03\/08\/aeromexico-ita-airways-accordo-di-codice-condiviso-tra-messico-e-italia\/\",\"name\":\"Aerom\u00e9xico-ITA Airways: codice condiviso tra Messico e Italia\",\"isPartOf\":{\"@id\":\"https:\/\/puntodincontro.mx\/#website\"},\"primaryImageOfPage\":{\"@id\":\"https:\/\/puntodincontro.mx\/2024\/03\/08\/aeromexico-ita-airways-accordo-di-codice-condiviso-tra-messico-e-italia\/#primaryimage\"},\"image\":{\"@id\":\"https:\/\/puntodincontro.mx\/2024\/03\/08\/aeromexico-ita-airways-accordo-di-codice-condiviso-tra-messico-e-italia\/#primaryimage\"},\"thumbnailUrl\":\"https:\/\/puntodincontro.mx\/wp-content\/uploads\/2024\/03\/aeromexicoitaairwaysvert.webp\",\"datePublished\":\"2024-03-08T08:29:27+00:00\",\"dateModified\":\"2024-03-08T08:30:10+00:00\",\"description\":\"Le due compagnie aeree di riferimento di Messico e Italia hanno annunciato un accordo di codice condiviso che entrer\u00e0 in vigore il 10 marzo.\",\"breadcrumb\":{\"@id\":\"https:\/\/puntodincontro.mx\/2024\/03\/08\/aeromexico-ita-airways-accordo-di-codice-condiviso-tra-messico-e-italia\/#breadcrumb\"},\"inLanguage\":\"es\",\"potentialAction\":[{\"@type\":\"ReadAction\",\"target\":[\"https:\/\/puntodincontro.mx\/2024\/03\/08\/aeromexico-ita-airways-accordo-di-codice-condiviso-tra-messico-e-italia\/\"]}]},{\"@type\":\"ImageObject\",\"inLanguage\":\"es\",\"@id\":\"https:\/\/puntodincontro.mx\/2024\/03\/08\/aeromexico-ita-airways-accordo-di-codice-condiviso-tra-messico-e-italia\/#primaryimage\",\"url\":\"https:\/\/puntodincontro.mx\/wp-content\/uploads\/2024\/03\/aeromexicoitaairwaysvert.webp\",\"contentUrl\":\"https:\/\/puntodincontro.mx\/wp-content\/uploads\/2024\/03\/aeromexicoitaairwaysvert.webp\",\"width\":423,\"height\":488,\"caption\":\"Aerom\u00e9xico-ITA Airways: accordo di codice condiviso tra il Messico e l'Italia \/ Immagine: aviacionline.com\"},{\"@type\":\"BreadcrumbList\",\"@id\":\"https:\/\/puntodincontro.mx\/2024\/03\/08\/aeromexico-ita-airways-accordo-di-codice-condiviso-tra-messico-e-italia\/#breadcrumb\",\"itemListElement\":[{\"@type\":\"ListItem\",\"position\":1,\"name\":\"Home\",\"item\":\"https:\/\/puntodincontro.mx\/\"},{\"@type\":\"ListItem\",\"position\":2,\"name\":\"Aerom\u00e9xico-ITA Airways: accordo di codice condiviso tra Messico e Italia\"}]},{\"@type\":\"WebSite\",\"@id\":\"https:\/\/puntodincontro.mx\/#website\",\"url\":\"https:\/\/puntodincontro.mx\/\",\"name\":\"Puntodincontro\",\"description\":\"Dal 2006 notizie sui rapporti Italia-Messico \/ Desde 2006 noticias sobre las relaciones entre Italia y M\u00e9xico\",\"publisher\":{\"@id\":\"https:\/\/puntodincontro.mx\/#organization\"},\"potentialAction\":[{\"@type\":\"SearchAction\",\"target\":{\"@type\":\"EntryPoint\",\"urlTemplate\":\"https:\/\/puntodincontro.mx\/?s={search_term_string}\"},\"query-input\":{\"@type\":\"PropertyValueSpecification\",\"valueRequired\":true,\"valueName\":\"search_term_string\"}}],\"inLanguage\":\"es\"},{\"@type\":\"Organization\",\"@id\":\"https:\/\/puntodincontro.mx\/#organization\",\"name\":\"Puntodincontro\",\"url\":\"https:\/\/puntodincontro.mx\/\",\"logo\":{\"@type\":\"ImageObject\",\"inLanguage\":\"es\",\"@id\":\"https:\/\/puntodincontro.mx\/#\/schema\/logo\/image\/\",\"url\":\"https:\/\/puntodincontro.mx\/wp-content\/uploads\/2021\/08\/Default-image-for-open-graph-settings.jpg\",\"contentUrl\":\"https:\/\/puntodincontro.mx\/wp-content\/uploads\/2021\/08\/Default-image-for-open-graph-settings.jpg\",\"width\":1200,\"height\":630,\"caption\":\"Puntodincontro\"},\"image\":{\"@id\":\"https:\/\/puntodincontro.mx\/#\/schema\/logo\/image\/\"},\"sameAs\":[\"https:\/\/www.facebook.com\/puntodincontro.mx\",\"https:\/\/x.com\/puntodincontro\",\"https:\/\/www.instagram.com\/puntodincontro.mx\/\",\"https:\/\/www.linkedin.com\/company\/puntodincontro\/\",\"https:\/\/www.youtube.com\/c\/puntodincontromessico\",\"https:\/\/www.patreon.com\/puntodincontro\",\"https:\/\/www.threads.net\/@puntodincontro.mx\"]},{\"@type\":\"Person\",\"@id\":\"https:\/\/puntodincontro.mx\/#\/schema\/person\/d3066d18a16259cbb0c29b0d0e93b556\",\"name\":\"Puntodincontro\",\"image\":{\"@type\":\"ImageObject\",\"inLanguage\":\"es\",\"@id\":\"https:\/\/puntodincontro.mx\/#\/schema\/person\/image\/\",\"url\":\"https:\/\/secure.gravatar.com\/avatar\/0e85b4b3b5e9d6bfcec6a4956d8cc63a?s=96&d=mm&r=g\",\"contentUrl\":\"https:\/\/secure.gravatar.com\/avatar\/0e85b4b3b5e9d6bfcec6a4956d8cc63a?s=96&d=mm&r=g\",\"caption\":\"Puntodincontro\"},\"url\":\"https:\/\/puntodincontro.mx\/es\/author\/puntodincontro\/\"}]}<\/script>\n<!-- \/ Yoast SEO Premium plugin. -->","yoast_head_json":{"title":"Aerom\u00e9xico-ITA Airways: c\u00f3digo compartido entre M\u00e9xico e Italia","description":"Las dos principales aerol\u00edneas de M\u00e9xico e Italia han anunciado un acuerdo de c\u00f3digo compartido que entrar\u00e1 en vigor el pr\u00f3ximo 10 de marzo.","robots":{"index":"index","follow":"follow","max-snippet":"max-snippet:-1","max-image-preview":"max-image-preview:large","max-video-preview":"max-video-preview:-1"},"canonical":"https:\/\/puntodincontro.mx\/es\/2024\/03\/08\/aeromexico-ita-airways-acuerdo-de-codigo-compartido-entre-mexico-e-italia\/","og_locale":"es_MX","og_type":"article","og_title":"Aerom\u00e9xico-ITA Airways: accordo di codice condiviso tra Messico e Italia","og_description":"Le due compagnie aeree di riferimento di Messico e Italia hanno annunciato un accordo di codice condiviso che entrer\u00e0 in vigore il 10 marzo.","og_url":"https:\/\/puntodincontro.mx\/es\/2024\/03\/08\/aeromexico-ita-airways-acuerdo-de-codigo-compartido-entre-mexico-e-italia\/","og_site_name":"Puntodincontro","article_publisher":"https:\/\/www.facebook.com\/puntodincontro.mx","article_published_time":"2024-03-08T08:29:27+00:00","article_modified_time":"2024-03-08T08:30:10+00:00","og_image":[{"width":932,"height":488,"url":"https:\/\/puntodincontro.mx\/wp-content\/uploads\/2024\/03\/aeromexicoitaairwayscomp-1.jpg","type":"image\/jpeg"}],"author":"Puntodincontro","twitter_card":"summary_large_image","twitter_creator":"@puntodincontro","twitter_site":"@puntodincontro","twitter_misc":{"Escrito por":"Puntodincontro","Tiempo de lectura":"2 minutos"},"schema":{"@context":"https:\/\/schema.org","@graph":[{"@type":"NewsArticle","@id":"https:\/\/puntodincontro.mx\/2024\/03\/08\/aeromexico-ita-airways-accordo-di-codice-condiviso-tra-messico-e-italia\/#article","isPartOf":{"@id":"https:\/\/puntodincontro.mx\/2024\/03\/08\/aeromexico-ita-airways-accordo-di-codice-condiviso-tra-messico-e-italia\/"},"author":{"name":"Puntodincontro","@id":"https:\/\/puntodincontro.mx\/#\/schema\/person\/d3066d18a16259cbb0c29b0d0e93b556"},"headline":"Aerom\u00e9xico-ITA Airways: accordo di codice condiviso tra Messico e Italia","datePublished":"2024-03-08T08:29:27+00:00","dateModified":"2024-03-08T08:30:10+00:00","mainEntityOfPage":{"@id":"https:\/\/puntodincontro.mx\/2024\/03\/08\/aeromexico-ita-airways-accordo-di-codice-condiviso-tra-messico-e-italia\/"},"wordCount":451,"commentCount":0,"publisher":{"@id":"https:\/\/puntodincontro.mx\/#organization"},"image":{"@id":"https:\/\/puntodincontro.mx\/2024\/03\/08\/aeromexico-ita-airways-accordo-di-codice-condiviso-tra-messico-e-italia\/#primaryimage"},"thumbnailUrl":"https:\/\/puntodincontro.mx\/wp-content\/uploads\/2024\/03\/aeromexicoitaairwaysvert.webp","articleSection":["Viaggi"],"inLanguage":"es","potentialAction":[{"@type":"CommentAction","name":"Comment","target":["https:\/\/puntodincontro.mx\/2024\/03\/08\/aeromexico-ita-airways-accordo-di-codice-condiviso-tra-messico-e-italia\/#respond"]}]},{"@type":"WebPage","@id":"https:\/\/puntodincontro.mx\/2024\/03\/08\/aeromexico-ita-airways-accordo-di-codice-condiviso-tra-messico-e-italia\/","url":"https:\/\/puntodincontro.mx\/2024\/03\/08\/aeromexico-ita-airways-accordo-di-codice-condiviso-tra-messico-e-italia\/","name":"Aerom\u00e9xico-ITA Airways: c\u00f3digo compartido entre M\u00e9xico e Italia","isPartOf":{"@id":"https:\/\/puntodincontro.mx\/#website"},"primaryImageOfPage":{"@id":"https:\/\/puntodincontro.mx\/2024\/03\/08\/aeromexico-ita-airways-accordo-di-codice-condiviso-tra-messico-e-italia\/#primaryimage"},"image":{"@id":"https:\/\/puntodincontro.mx\/2024\/03\/08\/aeromexico-ita-airways-accordo-di-codice-condiviso-tra-messico-e-italia\/#primaryimage"},"thumbnailUrl":"https:\/\/puntodincontro.mx\/wp-content\/uploads\/2024\/03\/aeromexicoitaairwaysvert.webp","datePublished":"2024-03-08T08:29:27+00:00","dateModified":"2024-03-08T08:30:10+00:00","description":"Las dos principales aerol\u00edneas de M\u00e9xico e Italia han anunciado un acuerdo de c\u00f3digo compartido que entrar\u00e1 en vigor el pr\u00f3ximo 10 de marzo.","breadcrumb":{"@id":"https:\/\/puntodincontro.mx\/2024\/03\/08\/aeromexico-ita-airways-accordo-di-codice-condiviso-tra-messico-e-italia\/#breadcrumb"},"inLanguage":"es","potentialAction":[{"@type":"ReadAction","target":["https:\/\/puntodincontro.mx\/2024\/03\/08\/aeromexico-ita-airways-accordo-di-codice-condiviso-tra-messico-e-italia\/"]}]},{"@type":"ImageObject","inLanguage":"es","@id":"https:\/\/puntodincontro.mx\/2024\/03\/08\/aeromexico-ita-airways-accordo-di-codice-condiviso-tra-messico-e-italia\/#primaryimage","url":"https:\/\/puntodincontro.mx\/wp-content\/uploads\/2024\/03\/aeromexicoitaairwaysvert.webp","contentUrl":"https:\/\/puntodincontro.mx\/wp-content\/uploads\/2024\/03\/aeromexicoitaairwaysvert.webp","width":423,"height":488,"caption":"Aerom\u00e9xico-ITA Airways: accordo di codice condiviso tra il Messico e l'Italia \/ Immagine: aviacionline.com"},{"@type":"BreadcrumbList","@id":"https:\/\/puntodincontro.mx\/2024\/03\/08\/aeromexico-ita-airways-accordo-di-codice-condiviso-tra-messico-e-italia\/#breadcrumb","itemListElement":[{"@type":"ListItem","position":1,"name":"Home","item":"https:\/\/puntodincontro.mx\/"},{"@type":"ListItem","position":2,"name":"Aerom\u00e9xico-ITA Airways: accordo di codice condiviso tra Messico e Italia"}]},{"@type":"WebSite","@id":"https:\/\/puntodincontro.mx\/#website","url":"https:\/\/puntodincontro.mx\/","name":"Puntodincontro","description":"Desde el 2006 noticias sobre las relaciones entre Italia y M\u00e9xico \/ Dal 2006 notizie sui rapporti Italia-Messico","publisher":{"@id":"https:\/\/puntodincontro.mx\/#organization"},"potentialAction":[{"@type":"SearchAction","target":{"@type":"EntryPoint","urlTemplate":"https:\/\/puntodincontro.mx\/?s={search_term_string}"},"query-input":{"@type":"PropertyValueSpecification","valueRequired":true,"valueName":"search_term_string"}}],"inLanguage":"es"},{"@type":"Organization","@id":"https:\/\/puntodincontro.mx\/#organization","name":"Puntodincontro","url":"https:\/\/puntodincontro.mx\/","logo":{"@type":"ImageObject","inLanguage":"es","@id":"https:\/\/puntodincontro.mx\/#\/schema\/logo\/image\/","url":"https:\/\/puntodincontro.mx\/wp-content\/uploads\/2021\/08\/Default-image-for-open-graph-settings.jpg","contentUrl":"https:\/\/puntodincontro.mx\/wp-content\/uploads\/2021\/08\/Default-image-for-open-graph-settings.jpg","width":1200,"height":630,"caption":"Puntodincontro"},"image":{"@id":"https:\/\/puntodincontro.mx\/#\/schema\/logo\/image\/"},"sameAs":["https:\/\/www.facebook.com\/puntodincontro.mx","https:\/\/x.com\/puntodincontro","https:\/\/www.instagram.com\/puntodincontro.mx\/","https:\/\/www.linkedin.com\/company\/puntodincontro\/","https:\/\/www.youtube.com\/c\/puntodincontromessico","https:\/\/www.patreon.com\/puntodincontro","https:\/\/www.threads.net\/@puntodincontro.mx"]},{"@type":"Person","@id":"https:\/\/puntodincontro.mx\/#\/schema\/person\/d3066d18a16259cbb0c29b0d0e93b556","name":"Puntodincontro","image":{"@type":"ImageObject","inLanguage":"es","@id":"https:\/\/puntodincontro.mx\/#\/schema\/person\/image\/","url":"https:\/\/secure.gravatar.com\/avatar\/0e85b4b3b5e9d6bfcec6a4956d8cc63a?s=96&d=mm&r=g","contentUrl":"https:\/\/secure.gravatar.com\/avatar\/0e85b4b3b5e9d6bfcec6a4956d8cc63a?s=96&d=mm&r=g","caption":"Puntodincontro"},"url":"https:\/\/puntodincontro.mx\/es\/author\/puntodincontro\/"}]}},"_links":{"self":[{"href":"https:\/\/puntodincontro.mx\/es\/wp-json\/wp\/v2\/posts\/18373"}],"collection":[{"href":"https:\/\/puntodincontro.mx\/es\/wp-json\/wp\/v2\/posts"}],"about":[{"href":"https:\/\/puntodincontro.mx\/es\/wp-json\/wp\/v2\/types\/post"}],"author":[{"embeddable":true,"href":"https:\/\/puntodincontro.mx\/es\/wp-json\/wp\/v2\/users\/2"}],"replies":[{"embeddable":true,"href":"https:\/\/puntodincontro.mx\/es\/wp-json\/wp\/v2\/comments?post=18373"}],"version-history":[{"count":8,"href":"https:\/\/puntodincontro.mx\/es\/wp-json\/wp\/v2\/posts\/18373\/revisions"}],"predecessor-version":[{"id":18385,"href":"https:\/\/puntodincontro.mx\/es\/wp-json\/wp\/v2\/posts\/18373\/revisions\/18385"}],"wp:featuredmedia":[{"embeddable":true,"href":"https:\/\/puntodincontro.mx\/es\/wp-json\/wp\/v2\/media\/18382"}],"wp:attachment":[{"href":"https:\/\/puntodincontro.mx\/es\/wp-json\/wp\/v2\/media?parent=18373"}],"wp:term":[{"taxonomy":"category","embeddable":true,"href":"https:\/\/puntodincontro.mx\/es\/wp-json\/wp\/v2\/categories?post=18373"},{"taxonomy":"post_tag","embeddable":true,"href":"https:\/\/puntodincontro.mx\/es\/wp-json\/wp\/v2\/tags?post=18373"}],"curies":[{"name":"wp","href":"https:\/\/api.w.org\/{rel}","templated":true}]}}