{"id":1847,"date":"2021-11-19T11:34:57","date_gmt":"2021-11-19T17:34:57","guid":{"rendered":"https:\/\/puntodincontro.mx\/?p=1847"},"modified":"2021-11-19T12:50:45","modified_gmt":"2021-11-19T18:50:45","slug":"mexico-llega-a-la-casa-del-cine-de-roma","status":"publish","type":"post","link":"https:\/\/puntodincontro.mx\/es\/2021\/11\/19\/il-messico-arriva-alla-casa-del-cinema-di-roma\/","title":{"rendered":"M\u00e9xico llega a la Casa del Cine de Roma"},"content":{"rendered":"<p class=\"translation-block\"><strong>08:07 hrs.<\/strong> \u2013 El viernes 3 de diciembre, en la <em>Casa del Cinema di Roma<\/em>, se llevar\u00e1 a cabo la \u201cMuestra de Cine Mexicano Invierno 2021\u201d, un evento dedicado a las producciones para la gran pantalla de este pa\u00eds latino nordamericano. La entrada ser\u00e1 gratuita, sujeta a disponibilidad y previa presentaci\u00f3n del Green Pass.<\/p>\n\n\n\n<p>Se proyectar\u00e1n dos estrenos para la ciudad de Roma, ambos en espa\u00f1ol subtitulados en italiano.<\/p>\n\n\n\n<p>El primero es el largometraje <em>Redes<\/em>, dirigido por Emilio G\u00f3mez Muriel y Fred Zinnemann en 1936 durante la presidencia de L\u00e1zaro C\u00e1rdenas y restaurado para el Festival de Cannes 2009 por la World Cinema Foundation de Martin Scorsese.<\/p>\n\n\n\n<p>Rodada \u00edntegramente en el municipio de Alvarado del Estado de Veracruz, la pel\u00edcula fue realizada con la participaci\u00f3n de lugare\u00f1os. Es un cl\u00e1sico importante, cuya trama gira en torno a la vida de Miro \u2014quien pierde a su hijo por la extrema pobreza en la que vive su familia\u2014 y de un grupo de pescadores que deciden rebelarse contra quienes se aprovechan de ellos.<\/p>\n\n\n\n<p>Tambi\u00e9n se presentar\u00e1 por primera vez en Italia el documental \u201cAyotzinapa: el paso de la tortuga\u201d (2017) de Enrique Garc\u00eda Meza, quien estar\u00e1 presente como invitado de honor en esta edici\u00f3n de la Muestra.<\/p>\n\n\n\n<p>La pel\u00edcula, producida por Bertha Navarro, Guillermo del Toro y Alejandro Springall, es un documental de investigaci\u00f3n sobre la desaparici\u00f3n de 43 estudiantes de la Escuela Normal Rural Ra\u00fal Isidro Burgos en 2014.<\/p>\n\n\n\n<p>Durante el evento del 3 de diciembre, Cecilia Romo Pelayo, directora art\u00edstica de la Muestra de Cine Mexicano, anunciar\u00e1 la edici\u00f3n 2022 del festival, que volver\u00e1 a su \u201cformato normal\u201d.<\/p>\n\n\n\n<figure class=\"wp-block-embed is-type-video is-provider-youtube wp-block-embed-youtube wp-embed-aspect-16-9 wp-has-aspect-ratio\"><div class=\"wp-block-embed__wrapper\">\n<div class=\"epyt-video-wrapper\"><iframe loading=\"lazy\"  id=\"_ytid_65386\"  width=\"800\" height=\"450\"  data-origwidth=\"800\" data-origheight=\"450\"  data-relstop=\"1\" src=\"https:\/\/www.youtube.com\/embed\/1bYYIjdTUFU?enablejsapi=1&#038;autoplay=0&#038;cc_load_policy=0&#038;cc_lang_pref=&#038;iv_load_policy=1&#038;loop=0&#038;rel=0&#038;fs=1&#038;playsinline=0&#038;autohide=2&#038;theme=dark&#038;color=red&#038;controls=1&#038;disablekb=0&#038;\" class=\"__youtube_prefs__  epyt-is-override  no-lazyload\" title=\"YouTube player\"  allow=\"fullscreen; accelerometer; autoplay; clipboard-write; encrypted-media; gyroscope; picture-in-picture; web-share\" referrerpolicy=\"strict-origin-when-cross-origin\" allowfullscreen data-no-lazy=\"1\" data-skipgform_ajax_framebjll=\"\"><\/iframe><\/div>\n<\/div><\/figure>\n\n\n\n<figure class=\"wp-block-embed aligncenter is-type-video is-provider-youtube wp-block-embed-youtube wp-embed-aspect-16-9 wp-has-aspect-ratio\"><div class=\"wp-block-embed__wrapper\">\n<div class=\"epyt-video-wrapper\"><iframe loading=\"lazy\"  id=\"_ytid_20580\"  width=\"800\" height=\"450\"  data-origwidth=\"800\" data-origheight=\"450\"  data-relstop=\"1\" src=\"https:\/\/www.youtube.com\/embed\/aoJGIb1ynHE?enablejsapi=1&#038;autoplay=0&#038;cc_load_policy=0&#038;cc_lang_pref=&#038;iv_load_policy=1&#038;loop=0&#038;rel=0&#038;fs=1&#038;playsinline=0&#038;autohide=2&#038;theme=dark&#038;color=red&#038;controls=1&#038;disablekb=0&#038;\" class=\"__youtube_prefs__  epyt-is-override  no-lazyload\" title=\"YouTube player\"  allow=\"fullscreen; accelerometer; autoplay; clipboard-write; encrypted-media; gyroscope; picture-in-picture; web-share\" referrerpolicy=\"strict-origin-when-cross-origin\" allowfullscreen data-no-lazy=\"1\" data-skipgform_ajax_framebjll=\"\"><\/iframe><\/div>\n<\/div><\/figure>\n\n\n\n<div style=\"height:12px\" aria-hidden=\"true\" class=\"wp-block-spacer\"><\/div>\n\n\n\n\n\n<div style=\"height:12px\" aria-hidden=\"true\" class=\"wp-block-spacer\"><\/div>","protected":false},"excerpt":{"rendered":"<p>Ore 08.07 &#8211; Venerd\u00ec 3 dicembre, alla Casa del Cinema di Roma, si terr\u00e0 la \u201cMuestra de Cine Mexicano Inverno 2021\u201d, una giornata dedicata alle produzioni per il grande schermo di questo Paese latino nordamericano. L&#8217;ingresso sar\u00e0 gratuito fino a esaurimento posti e previa presentazione del Green Pass. Verranno proiettati due film in anteprima romana, entrambi in spagnolo sottotitolati in italiano. Il primo \u00e8 il lungometraggio \u201cRedes\u201d, diretto da Emilio G\u00f3mez Muriel e Fred Zinnemann nel 1936 durante la presidenza di L\u00e1zaro C\u00e1rdenas e restaurato per il festival di Cannes del 2009 dalla World Cinema Foundation di Martin Scorsese. Girata&#8230; <\/p>","protected":false},"author":2,"featured_media":1850,"comment_status":"open","ping_status":"open","sticky":false,"template":"","format":"standard","meta":{"_monsterinsights_skip_tracking":false,"_monsterinsights_sitenote_active":false,"_monsterinsights_sitenote_note":"","_monsterinsights_sitenote_category":0,"footnotes":""},"categories":[6],"tags":[],"class_list":["post-1847","post","type-post","status-publish","format-standard","has-post-thumbnail","hentry","category-messico-in-italia"],"yoast_head":"<!-- This site is optimized with the Yoast SEO Premium plugin v18.4 (Yoast SEO v25.6) - https:\/\/yoast.com\/wordpress\/plugins\/seo\/ -->\n<title>Il Messico arriva alla Casa del Cinema di Roma Puntodincontro<\/title>\n<meta name=\"description\" content=\"Venerd\u00ec 3 dicembre, alla Casa del Cinema di Roma, si terr\u00e0 la \u201cMuestra de Cine Mexicano Inverno 2021\u201d, una giornata dedicata alle produzioni per il grande schermo di questo Paese latino nordamericano. L&#039;ingresso sar\u00e0 gratuito fino a esaurimento posti e previa presentazione del Green Pass.\" \/>\n<meta name=\"robots\" content=\"index, follow, max-snippet:-1, max-image-preview:large, max-video-preview:-1\" \/>\n<link rel=\"canonical\" href=\"https:\/\/puntodincontro.mx\/es\/2021\/11\/19\/mexico-llega-a-la-casa-del-cine-de-roma\/\" \/>\n<meta property=\"og:locale\" content=\"es_MX\" \/>\n<meta property=\"og:type\" content=\"article\" \/>\n<meta property=\"og:title\" content=\"Il Messico arriva alla Casa del Cinema di Roma\" \/>\n<meta property=\"og:description\" content=\"Venerd\u00ec 3 dicembre, alla Casa del Cinema di Roma, si terr\u00e0 la \u201cMuestra de Cine Mexicano Inverno 2021\u201d, una giornata dedicata alle produzioni per il grande schermo di questo Paese latino nordamericano. L&#039;ingresso sar\u00e0 gratuito fino a esaurimento posti e previa presentazione del Green Pass.\" \/>\n<meta property=\"og:url\" content=\"https:\/\/puntodincontro.mx\/es\/2021\/11\/19\/mexico-llega-a-la-casa-del-cine-de-roma\/\" \/>\n<meta property=\"og:site_name\" content=\"Puntodincontro\" \/>\n<meta property=\"article:publisher\" content=\"https:\/\/www.facebook.com\/puntodincontro.mx\" \/>\n<meta property=\"article:published_time\" content=\"2021-11-19T17:34:57+00:00\" \/>\n<meta property=\"article:modified_time\" content=\"2021-11-19T18:50:45+00:00\" \/>\n<meta property=\"og:image\" content=\"https:\/\/puntodincontro.mx\/wp-content\/uploads\/2021\/11\/cinemamessicanoaromavert.webp\" \/>\n\t<meta property=\"og:image:width\" content=\"423\" \/>\n\t<meta property=\"og:image:height\" content=\"488\" \/>\n\t<meta property=\"og:image:type\" content=\"image\/webp\" \/>\n<meta name=\"author\" content=\"Puntodincontro\" \/>\n<meta name=\"twitter:card\" content=\"summary_large_image\" \/>\n<meta name=\"twitter:creator\" content=\"@puntodincontro\" \/>\n<meta name=\"twitter:site\" content=\"@puntodincontro\" \/>\n<meta name=\"twitter:label1\" content=\"Escrito por\" \/>\n\t<meta name=\"twitter:data1\" content=\"Puntodincontro\" \/>\n\t<meta name=\"twitter:label2\" content=\"Tiempo de lectura\" \/>\n\t<meta name=\"twitter:data2\" content=\"2 minutos\" \/>\n<script type=\"application\/ld+json\" class=\"yoast-schema-graph\">{\"@context\":\"https:\/\/schema.org\",\"@graph\":[{\"@type\":\"NewsArticle\",\"@id\":\"https:\/\/puntodincontro.mx\/2021\/11\/19\/il-messico-arriva-alla-casa-del-cinema-di-roma\/#article\",\"isPartOf\":{\"@id\":\"https:\/\/puntodincontro.mx\/2021\/11\/19\/il-messico-arriva-alla-casa-del-cinema-di-roma\/\"},\"author\":{\"name\":\"Puntodincontro\",\"@id\":\"https:\/\/puntodincontro.mx\/#\/schema\/person\/d3066d18a16259cbb0c29b0d0e93b556\"},\"headline\":\"Il Messico arriva alla Casa del Cinema di Roma\",\"datePublished\":\"2021-11-19T17:34:57+00:00\",\"dateModified\":\"2021-11-19T18:50:45+00:00\",\"mainEntityOfPage\":{\"@id\":\"https:\/\/puntodincontro.mx\/2021\/11\/19\/il-messico-arriva-alla-casa-del-cinema-di-roma\/\"},\"wordCount\":276,\"commentCount\":1,\"publisher\":{\"@id\":\"https:\/\/puntodincontro.mx\/#organization\"},\"image\":{\"@id\":\"https:\/\/puntodincontro.mx\/2021\/11\/19\/il-messico-arriva-alla-casa-del-cinema-di-roma\/#primaryimage\"},\"thumbnailUrl\":\"https:\/\/puntodincontro.mx\/wp-content\/uploads\/2021\/11\/cinemamessicanoaromavert.webp\",\"articleSection\":[\"Messico in Italia\"],\"inLanguage\":\"es\",\"potentialAction\":[{\"@type\":\"CommentAction\",\"name\":\"Comment\",\"target\":[\"https:\/\/puntodincontro.mx\/2021\/11\/19\/il-messico-arriva-alla-casa-del-cinema-di-roma\/#respond\"]}]},{\"@type\":\"WebPage\",\"@id\":\"https:\/\/puntodincontro.mx\/2021\/11\/19\/il-messico-arriva-alla-casa-del-cinema-di-roma\/\",\"url\":\"https:\/\/puntodincontro.mx\/2021\/11\/19\/il-messico-arriva-alla-casa-del-cinema-di-roma\/\",\"name\":\"Il Messico arriva alla Casa del Cinema di Roma Puntodincontro\",\"isPartOf\":{\"@id\":\"https:\/\/puntodincontro.mx\/#website\"},\"primaryImageOfPage\":{\"@id\":\"https:\/\/puntodincontro.mx\/2021\/11\/19\/il-messico-arriva-alla-casa-del-cinema-di-roma\/#primaryimage\"},\"image\":{\"@id\":\"https:\/\/puntodincontro.mx\/2021\/11\/19\/il-messico-arriva-alla-casa-del-cinema-di-roma\/#primaryimage\"},\"thumbnailUrl\":\"https:\/\/puntodincontro.mx\/wp-content\/uploads\/2021\/11\/cinemamessicanoaromavert.webp\",\"datePublished\":\"2021-11-19T17:34:57+00:00\",\"dateModified\":\"2021-11-19T18:50:45+00:00\",\"description\":\"Venerd\u00ec 3 dicembre, alla Casa del Cinema di Roma, si terr\u00e0 la \u201cMuestra de Cine Mexicano Inverno 2021\u201d, una giornata dedicata alle produzioni per il grande schermo di questo Paese latino nordamericano. L'ingresso sar\u00e0 gratuito fino a esaurimento posti e previa presentazione del Green Pass.\",\"breadcrumb\":{\"@id\":\"https:\/\/puntodincontro.mx\/2021\/11\/19\/il-messico-arriva-alla-casa-del-cinema-di-roma\/#breadcrumb\"},\"inLanguage\":\"es\",\"potentialAction\":[{\"@type\":\"ReadAction\",\"target\":[\"https:\/\/puntodincontro.mx\/2021\/11\/19\/il-messico-arriva-alla-casa-del-cinema-di-roma\/\"]}]},{\"@type\":\"ImageObject\",\"inLanguage\":\"es\",\"@id\":\"https:\/\/puntodincontro.mx\/2021\/11\/19\/il-messico-arriva-alla-casa-del-cinema-di-roma\/#primaryimage\",\"url\":\"https:\/\/puntodincontro.mx\/wp-content\/uploads\/2021\/11\/cinemamessicanoaromavert.webp\",\"contentUrl\":\"https:\/\/puntodincontro.mx\/wp-content\/uploads\/2021\/11\/cinemamessicanoaromavert.webp\",\"width\":423,\"height\":488},{\"@type\":\"BreadcrumbList\",\"@id\":\"https:\/\/puntodincontro.mx\/2021\/11\/19\/il-messico-arriva-alla-casa-del-cinema-di-roma\/#breadcrumb\",\"itemListElement\":[{\"@type\":\"ListItem\",\"position\":1,\"name\":\"Home\",\"item\":\"https:\/\/puntodincontro.mx\/\"},{\"@type\":\"ListItem\",\"position\":2,\"name\":\"Il Messico arriva alla Casa del Cinema di Roma\"}]},{\"@type\":\"WebSite\",\"@id\":\"https:\/\/puntodincontro.mx\/#website\",\"url\":\"https:\/\/puntodincontro.mx\/\",\"name\":\"Puntodincontro\",\"description\":\"Dal 2006 notizie sui rapporti Italia-Messico \/ Desde 2006 noticias sobre las relaciones entre Italia y M\u00e9xico\",\"publisher\":{\"@id\":\"https:\/\/puntodincontro.mx\/#organization\"},\"potentialAction\":[{\"@type\":\"SearchAction\",\"target\":{\"@type\":\"EntryPoint\",\"urlTemplate\":\"https:\/\/puntodincontro.mx\/?s={search_term_string}\"},\"query-input\":{\"@type\":\"PropertyValueSpecification\",\"valueRequired\":true,\"valueName\":\"search_term_string\"}}],\"inLanguage\":\"es\"},{\"@type\":\"Organization\",\"@id\":\"https:\/\/puntodincontro.mx\/#organization\",\"name\":\"Puntodincontro\",\"url\":\"https:\/\/puntodincontro.mx\/\",\"logo\":{\"@type\":\"ImageObject\",\"inLanguage\":\"es\",\"@id\":\"https:\/\/puntodincontro.mx\/#\/schema\/logo\/image\/\",\"url\":\"https:\/\/puntodincontro.mx\/wp-content\/uploads\/2021\/08\/Default-image-for-open-graph-settings.jpg\",\"contentUrl\":\"https:\/\/puntodincontro.mx\/wp-content\/uploads\/2021\/08\/Default-image-for-open-graph-settings.jpg\",\"width\":1200,\"height\":630,\"caption\":\"Puntodincontro\"},\"image\":{\"@id\":\"https:\/\/puntodincontro.mx\/#\/schema\/logo\/image\/\"},\"sameAs\":[\"https:\/\/www.facebook.com\/puntodincontro.mx\",\"https:\/\/x.com\/puntodincontro\",\"https:\/\/www.instagram.com\/puntodincontro.mx\/\",\"https:\/\/www.linkedin.com\/company\/puntodincontro\/\",\"https:\/\/www.youtube.com\/c\/puntodincontromessico\",\"https:\/\/www.patreon.com\/puntodincontro\",\"https:\/\/www.threads.net\/@puntodincontro.mx\"]},{\"@type\":\"Person\",\"@id\":\"https:\/\/puntodincontro.mx\/#\/schema\/person\/d3066d18a16259cbb0c29b0d0e93b556\",\"name\":\"Puntodincontro\",\"image\":{\"@type\":\"ImageObject\",\"inLanguage\":\"es\",\"@id\":\"https:\/\/puntodincontro.mx\/#\/schema\/person\/image\/\",\"url\":\"https:\/\/secure.gravatar.com\/avatar\/0e85b4b3b5e9d6bfcec6a4956d8cc63a?s=96&d=mm&r=g\",\"contentUrl\":\"https:\/\/secure.gravatar.com\/avatar\/0e85b4b3b5e9d6bfcec6a4956d8cc63a?s=96&d=mm&r=g\",\"caption\":\"Puntodincontro\"},\"url\":\"https:\/\/puntodincontro.mx\/es\/author\/puntodincontro\/\"}]}<\/script>\n<!-- \/ Yoast SEO Premium plugin. -->","yoast_head_json":{"title":"Il Messico arriva alla Casa del Cinema di Roma Puntodincontro","description":"Venerd\u00ec 3 dicembre, alla Casa del Cinema di Roma, si terr\u00e0 la \u201cMuestra de Cine Mexicano Inverno 2021\u201d, una giornata dedicata alle produzioni per il grande schermo di questo Paese latino nordamericano. L'ingresso sar\u00e0 gratuito fino a esaurimento posti e previa presentazione del Green Pass.","robots":{"index":"index","follow":"follow","max-snippet":"max-snippet:-1","max-image-preview":"max-image-preview:large","max-video-preview":"max-video-preview:-1"},"canonical":"https:\/\/puntodincontro.mx\/es\/2021\/11\/19\/mexico-llega-a-la-casa-del-cine-de-roma\/","og_locale":"es_MX","og_type":"article","og_title":"Il Messico arriva alla Casa del Cinema di Roma","og_description":"Venerd\u00ec 3 dicembre, alla Casa del Cinema di Roma, si terr\u00e0 la \u201cMuestra de Cine Mexicano Inverno 2021\u201d, una giornata dedicata alle produzioni per il grande schermo di questo Paese latino nordamericano. L'ingresso sar\u00e0 gratuito fino a esaurimento posti e previa presentazione del Green Pass.","og_url":"https:\/\/puntodincontro.mx\/es\/2021\/11\/19\/mexico-llega-a-la-casa-del-cine-de-roma\/","og_site_name":"Puntodincontro","article_publisher":"https:\/\/www.facebook.com\/puntodincontro.mx","article_published_time":"2021-11-19T17:34:57+00:00","article_modified_time":"2021-11-19T18:50:45+00:00","og_image":[{"width":423,"height":488,"url":"https:\/\/puntodincontro.mx\/wp-content\/uploads\/2021\/11\/cinemamessicanoaromavert.webp","type":"image\/webp"}],"author":"Puntodincontro","twitter_card":"summary_large_image","twitter_creator":"@puntodincontro","twitter_site":"@puntodincontro","twitter_misc":{"Escrito por":"Puntodincontro","Tiempo de lectura":"2 minutos"},"schema":{"@context":"https:\/\/schema.org","@graph":[{"@type":"NewsArticle","@id":"https:\/\/puntodincontro.mx\/2021\/11\/19\/il-messico-arriva-alla-casa-del-cinema-di-roma\/#article","isPartOf":{"@id":"https:\/\/puntodincontro.mx\/2021\/11\/19\/il-messico-arriva-alla-casa-del-cinema-di-roma\/"},"author":{"name":"Puntodincontro","@id":"https:\/\/puntodincontro.mx\/#\/schema\/person\/d3066d18a16259cbb0c29b0d0e93b556"},"headline":"Il Messico arriva alla Casa del Cinema di Roma","datePublished":"2021-11-19T17:34:57+00:00","dateModified":"2021-11-19T18:50:45+00:00","mainEntityOfPage":{"@id":"https:\/\/puntodincontro.mx\/2021\/11\/19\/il-messico-arriva-alla-casa-del-cinema-di-roma\/"},"wordCount":276,"commentCount":1,"publisher":{"@id":"https:\/\/puntodincontro.mx\/#organization"},"image":{"@id":"https:\/\/puntodincontro.mx\/2021\/11\/19\/il-messico-arriva-alla-casa-del-cinema-di-roma\/#primaryimage"},"thumbnailUrl":"https:\/\/puntodincontro.mx\/wp-content\/uploads\/2021\/11\/cinemamessicanoaromavert.webp","articleSection":["Messico in Italia"],"inLanguage":"es","potentialAction":[{"@type":"CommentAction","name":"Comment","target":["https:\/\/puntodincontro.mx\/2021\/11\/19\/il-messico-arriva-alla-casa-del-cinema-di-roma\/#respond"]}]},{"@type":"WebPage","@id":"https:\/\/puntodincontro.mx\/2021\/11\/19\/il-messico-arriva-alla-casa-del-cinema-di-roma\/","url":"https:\/\/puntodincontro.mx\/2021\/11\/19\/il-messico-arriva-alla-casa-del-cinema-di-roma\/","name":"Il Messico arriva alla Casa del Cinema di Roma Puntodincontro","isPartOf":{"@id":"https:\/\/puntodincontro.mx\/#website"},"primaryImageOfPage":{"@id":"https:\/\/puntodincontro.mx\/2021\/11\/19\/il-messico-arriva-alla-casa-del-cinema-di-roma\/#primaryimage"},"image":{"@id":"https:\/\/puntodincontro.mx\/2021\/11\/19\/il-messico-arriva-alla-casa-del-cinema-di-roma\/#primaryimage"},"thumbnailUrl":"https:\/\/puntodincontro.mx\/wp-content\/uploads\/2021\/11\/cinemamessicanoaromavert.webp","datePublished":"2021-11-19T17:34:57+00:00","dateModified":"2021-11-19T18:50:45+00:00","description":"Venerd\u00ec 3 dicembre, alla Casa del Cinema di Roma, si terr\u00e0 la \u201cMuestra de Cine Mexicano Inverno 2021\u201d, una giornata dedicata alle produzioni per il grande schermo di questo Paese latino nordamericano. L'ingresso sar\u00e0 gratuito fino a esaurimento posti e previa presentazione del Green Pass.","breadcrumb":{"@id":"https:\/\/puntodincontro.mx\/2021\/11\/19\/il-messico-arriva-alla-casa-del-cinema-di-roma\/#breadcrumb"},"inLanguage":"es","potentialAction":[{"@type":"ReadAction","target":["https:\/\/puntodincontro.mx\/2021\/11\/19\/il-messico-arriva-alla-casa-del-cinema-di-roma\/"]}]},{"@type":"ImageObject","inLanguage":"es","@id":"https:\/\/puntodincontro.mx\/2021\/11\/19\/il-messico-arriva-alla-casa-del-cinema-di-roma\/#primaryimage","url":"https:\/\/puntodincontro.mx\/wp-content\/uploads\/2021\/11\/cinemamessicanoaromavert.webp","contentUrl":"https:\/\/puntodincontro.mx\/wp-content\/uploads\/2021\/11\/cinemamessicanoaromavert.webp","width":423,"height":488},{"@type":"BreadcrumbList","@id":"https:\/\/puntodincontro.mx\/2021\/11\/19\/il-messico-arriva-alla-casa-del-cinema-di-roma\/#breadcrumb","itemListElement":[{"@type":"ListItem","position":1,"name":"Home","item":"https:\/\/puntodincontro.mx\/"},{"@type":"ListItem","position":2,"name":"Il Messico arriva alla Casa del Cinema di Roma"}]},{"@type":"WebSite","@id":"https:\/\/puntodincontro.mx\/#website","url":"https:\/\/puntodincontro.mx\/","name":"Puntodincontro","description":"Desde el 2006 noticias sobre las relaciones entre Italia y M\u00e9xico \/ Dal 2006 notizie sui rapporti Italia-Messico","publisher":{"@id":"https:\/\/puntodincontro.mx\/#organization"},"potentialAction":[{"@type":"SearchAction","target":{"@type":"EntryPoint","urlTemplate":"https:\/\/puntodincontro.mx\/?s={search_term_string}"},"query-input":{"@type":"PropertyValueSpecification","valueRequired":true,"valueName":"search_term_string"}}],"inLanguage":"es"},{"@type":"Organization","@id":"https:\/\/puntodincontro.mx\/#organization","name":"Puntodincontro","url":"https:\/\/puntodincontro.mx\/","logo":{"@type":"ImageObject","inLanguage":"es","@id":"https:\/\/puntodincontro.mx\/#\/schema\/logo\/image\/","url":"https:\/\/puntodincontro.mx\/wp-content\/uploads\/2021\/08\/Default-image-for-open-graph-settings.jpg","contentUrl":"https:\/\/puntodincontro.mx\/wp-content\/uploads\/2021\/08\/Default-image-for-open-graph-settings.jpg","width":1200,"height":630,"caption":"Puntodincontro"},"image":{"@id":"https:\/\/puntodincontro.mx\/#\/schema\/logo\/image\/"},"sameAs":["https:\/\/www.facebook.com\/puntodincontro.mx","https:\/\/x.com\/puntodincontro","https:\/\/www.instagram.com\/puntodincontro.mx\/","https:\/\/www.linkedin.com\/company\/puntodincontro\/","https:\/\/www.youtube.com\/c\/puntodincontromessico","https:\/\/www.patreon.com\/puntodincontro","https:\/\/www.threads.net\/@puntodincontro.mx"]},{"@type":"Person","@id":"https:\/\/puntodincontro.mx\/#\/schema\/person\/d3066d18a16259cbb0c29b0d0e93b556","name":"Puntodincontro","image":{"@type":"ImageObject","inLanguage":"es","@id":"https:\/\/puntodincontro.mx\/#\/schema\/person\/image\/","url":"https:\/\/secure.gravatar.com\/avatar\/0e85b4b3b5e9d6bfcec6a4956d8cc63a?s=96&d=mm&r=g","contentUrl":"https:\/\/secure.gravatar.com\/avatar\/0e85b4b3b5e9d6bfcec6a4956d8cc63a?s=96&d=mm&r=g","caption":"Puntodincontro"},"url":"https:\/\/puntodincontro.mx\/es\/author\/puntodincontro\/"}]}},"_links":{"self":[{"href":"https:\/\/puntodincontro.mx\/es\/wp-json\/wp\/v2\/posts\/1847"}],"collection":[{"href":"https:\/\/puntodincontro.mx\/es\/wp-json\/wp\/v2\/posts"}],"about":[{"href":"https:\/\/puntodincontro.mx\/es\/wp-json\/wp\/v2\/types\/post"}],"author":[{"embeddable":true,"href":"https:\/\/puntodincontro.mx\/es\/wp-json\/wp\/v2\/users\/2"}],"replies":[{"embeddable":true,"href":"https:\/\/puntodincontro.mx\/es\/wp-json\/wp\/v2\/comments?post=1847"}],"version-history":[{"count":2,"href":"https:\/\/puntodincontro.mx\/es\/wp-json\/wp\/v2\/posts\/1847\/revisions"}],"predecessor-version":[{"id":1851,"href":"https:\/\/puntodincontro.mx\/es\/wp-json\/wp\/v2\/posts\/1847\/revisions\/1851"}],"wp:featuredmedia":[{"embeddable":true,"href":"https:\/\/puntodincontro.mx\/es\/wp-json\/wp\/v2\/media\/1850"}],"wp:attachment":[{"href":"https:\/\/puntodincontro.mx\/es\/wp-json\/wp\/v2\/media?parent=1847"}],"wp:term":[{"taxonomy":"category","embeddable":true,"href":"https:\/\/puntodincontro.mx\/es\/wp-json\/wp\/v2\/categories?post=1847"},{"taxonomy":"post_tag","embeddable":true,"href":"https:\/\/puntodincontro.mx\/es\/wp-json\/wp\/v2\/tags?post=1847"}],"curies":[{"name":"wp","href":"https:\/\/api.w.org\/{rel}","templated":true}]}}