{"id":18526,"date":"2024-03-13T09:48:03","date_gmt":"2024-03-13T15:48:03","guid":{"rendered":"https:\/\/puntodincontro.mx\/?p=18526"},"modified":"2024-03-14T03:19:39","modified_gmt":"2024-03-14T09:19:39","slug":"programa-del-dia-del-diseno-italiano-en-la-ciudad-de-mexico","status":"publish","type":"post","link":"https:\/\/puntodincontro.mx\/es\/2024\/03\/13\/programma-della-giornata-del-design-italiano-a-citta-del-messico\/","title":{"rendered":"Programa del D\u00eda del Dise\u00f1o Italiano en la Ciudad de M\u00e9xico"},"content":{"rendered":"<p class=\"translation-block\"><strong>09:26 hrs.<\/strong> - El programa del D\u00eda del Dise\u00f1o Italiano 2024 en la Ciudad de M\u00e9xico tendr\u00e1 entre sus protagonistas a Francesco Faccin \u2014en esta ocasi\u00f3n embajador del dise\u00f1o del Bel Paese\u2014  con una conferencia magistral durante el evento central que se llevar\u00e1 a cabo el 14 de marzo en el Instituto Italiano de Cultura de Coyoac\u00e1n.<\/p>\n\n\n\n<p>Este \u00f3rgano perif\u00e9rico del ministerio de Asuntos Exteriores y Cooperaci\u00f3n Internacional albergar\u00e1, adem\u00e1s, una amplia selecci\u00f3n de objetos de dise\u00f1o provenientes de reconocidas salas de exposiciones presentes en M\u00e9xico.<\/p>\n\n\n\n<p>En el mismo complejo arquitect\u00f3nico tambi\u00e9n se montar\u00e1n dos exposiciones fotogr\u00e1ficas. La primera es dedicada a la trayectoria profesional de Faccin y la segunda, creada por la Canciller\u00eda italiana en conjunto con la casa editorial SKIRA, ilustrar\u00e1 la historia y los conceptos detr\u00e1s del jarr\u00f3n como objeto art\u00edstico.<\/p>\n\n\n\n<p class=\"translation-block\">El proyecto <em>100 jarrones italianos<\/em> pretende contar la historia del dise\u00f1o de estos recipientes desde principios del siglo pasado hasta nuestros d\u00edas, a trav\u00e9s de im\u00e1genes de los productos m\u00e1s emblem\u00e1ticos de grandes dise\u00f1adores del Bel Paese, trazando un camino de evoluci\u00f3n que refleja tanto las influencias hist\u00f3ricas como los desaf\u00edos contempor\u00e1neos.<\/p>\n\n\n\n<p class=\"translation-block\">Entre las actividades organizadas en el \u00e1mbito del D\u00eda del Dise\u00f1o Italiano, destaca este a\u00f1o la primera edici\u00f3n del <a href=\"https:\/\/www.italiansummit.mx\/\" target=\"_blank\"><em>Fashion and Design Summit<\/em><\/a>, coordinado por la C\u00e1mara de Comercio Italiana en M\u00e9xico en colaboraci\u00f3n con la Embajada de Italia. El evento se lleva a cabo hoy, 13 de marzo, en el Hotel SOFITEL de la Ciudad de M\u00e9xico.<\/p>\n\n\n\n<p class=\"translation-block\">El objetivo de la iniciativa es promover la excelencia italiana a trav\u00e9s de ponencias que buscan abrir un di\u00e1logo entre marcas, instituciones y medios de comunicaci\u00f3n de ambos pa\u00edses con el fin de sensibilizar la opini\u00f3n p\u00fablica sobre la calidad y el estilo del <em>Made in Italy<\/em> en los sectores del lujo, la moda y el dise\u00f1o.<\/p>\n\n\n\n<p><strong>Sal\u00f3n del mueble de Mil\u00e1n<\/strong><\/p>\n\n\n\n<p>Como en a\u00f1os anteriores, el Italian Design Day es una ocasi\u00f3n para promover la participaci\u00f3n internacional al Sal\u00f3n del Mueble de Mil\u00e1n, uno de los eventos m\u00e1s importantes a nivel mundial para el sector del mueble y del dise\u00f1o. La 62\u00aa edici\u00f3n de esta manifestaci\u00f3n se llevar\u00e1 a cabo del 16 al 21 de abril de 2024.<\/p>\n\n\n\n<p>Las empresas expositoras presentes en el Sal\u00f3n son testimonio de excelencia en t\u00e9rminos de estilo, calidad de producci\u00f3n y materiales, en una combinaci\u00f3n de est\u00e9tica y soluciones t\u00e9cnicas innovadoras con una orientaci\u00f3n cada vez m\u00e1s marcada hacia la sostenibilidad. El evento, adem\u00e1s de representar una oportunidad de encuentro entre creativos, expertos y productores, es tambi\u00e9n un punto de contacto entre empresas y compradores internacionales, generando as\u00ed una importante oportunidad para iniciar nuevas relaciones comerciales.<\/p>\n\n\n\n<p>La oficina de la Agencia ICE en la Ciudad de M\u00e9xico organizar\u00e1 una misi\u00f3n destinada a fomentar la participaci\u00f3n en el Sal\u00f3n de operadores mexicanos del sector del dise\u00f1o y del mueble.<\/p>\n\n\n\n<p><strong>Pabell\u00f3n de Italia en Habitat Expo<\/strong><\/p>\n\n\n\n<p>Como parte de las actividades de promoci\u00f3n en M\u00e9xico de las empresas italianas del sector del mueble y el dise\u00f1o, la Agencia ICE organiza una participaci\u00f3n colectiva en la feria Habitat Expo, que se llevar\u00e1 a cabo del 23 al 25 de mayo de 2024 en el World Trade Center de la Ciudad de M\u00e9xico.<\/p>\n\n\n\n<p>En un \u00e1rea de aproximadamente 200 m2, dentro del Pabell\u00f3n italiano estar\u00e1n presentes 12 fabricantes y proveedores de muebles y objetos de decoraci\u00f3n con soluciones caracterizadas por el estilo y la innovaci\u00f3n.<\/p>\n\n\n\n<p class=\"has-small-font-size\">Imagen: Embajada de Italia en M\u00e9xico<\/p>\n\n\n\n<div style=\"height:12px\" aria-hidden=\"true\" class=\"wp-block-spacer\"><\/div>\n\n\n<!-- Ad space powered by WP AdCenter v2.5.7 - https:\/\/wpadcenter.com\/ --><div class=\"wpadcenter-adgroup\" ><div class=\"wpadcenter-adgroup__row wpadcenter-aligncenter\"><div class=\"wpadcenter-ad-container\" ><div id=\"wpadcenter-ad-18464\" class=\"ad-placement\"><div class=\"wpadcenter-ad-inner\" ><a id=\"wpadcenter_ad\" data-value=\"18464\" data-placement=\"\" href=\"https:\/\/www.productosremo.com\/\" target=\"_blank\" class=\"wpadcenter-ad-inner__item\" ><img decoding=\"async\"   src=\"https:\/\/puntodincontro.mx\/wp-content\/uploads\/2021\/08\/remobanner.jpg\" class=\"attachment-post-thumbnail size-post-thumbnail wp-post-image\" alt=\"\" srcset=\"https:\/\/puntodincontro.mx\/wp-content\/uploads\/2021\/08\/remobanner.jpg 200w, https:\/\/puntodincontro.mx\/wp-content\/uploads\/2021\/08\/remobanner-16x5.jpg 16w\" sizes=\"(max-width: 200px) 100vw, 200px\" \/><\/a><\/div><\/div><\/div><div class=\"wpadcenter-ad-container\" ><div id=\"wpadcenter-ad-5305\" class=\"ad-placement\"><div class=\"wpadcenter-ad-inner\" ><a id=\"wpadcenter_ad\" data-value=\"5305\" data-placement=\"\" href=\"https:\/\/ambcittadelmessico.esteri.it\/ambasciata_cittadelmessico\/it\/\" target=\"_blank\" class=\"wpadcenter-ad-inner__item\" ><img decoding=\"async\"   src=\"https:\/\/puntodincontro.mx\/wp-content\/uploads\/2022\/05\/Ambasciata.jpg\" class=\"attachment-post-thumbnail size-post-thumbnail wp-post-image\" alt=\"\" srcset=\"https:\/\/puntodincontro.mx\/wp-content\/uploads\/2022\/05\/Ambasciata.jpg 200w, https:\/\/puntodincontro.mx\/wp-content\/uploads\/2022\/05\/Ambasciata-18x5.jpg 18w\" sizes=\"(max-width: 200px) 100vw, 200px\" \/><\/a><\/div><\/div><\/div><div class=\"wpadcenter-ad-container\" ><div id=\"wpadcenter-ad-3781\" class=\"ad-placement\"><div class=\"wpadcenter-ad-inner\" ><a id=\"wpadcenter_ad\" data-value=\"3781\" data-placement=\"\" href=\"https:\/\/cannizzo.com.mx\/\" target=\"_blank\" class=\"wpadcenter-ad-inner__item\" ><img decoding=\"async\"   src=\"https:\/\/puntodincontro.mx\/wp-content\/uploads\/2022\/03\/cannizzo2.jpg\" class=\"attachment-post-thumbnail size-post-thumbnail wp-post-image\" alt=\"\" srcset=\"https:\/\/puntodincontro.mx\/wp-content\/uploads\/2022\/03\/cannizzo2.jpg 200w, https:\/\/puntodincontro.mx\/wp-content\/uploads\/2022\/03\/cannizzo2-18x5.jpg 18w\" sizes=\"(max-width: 200px) 100vw, 200px\" \/><\/a><\/div><\/div><\/div><\/div><div class=\"wpadcenter-adgroup__row wpadcenter-aligncenter\"><div class=\"wpadcenter-ad-container\" ><div id=\"wpadcenter-ad-1704\" class=\"ad-placement\"><div class=\"wpadcenter-ad-inner\" ><a id=\"wpadcenter_ad\" data-value=\"1704\" data-placement=\"\" href=\"https:\/\/puntodincontro.mx\/es\/2021\/12\/24\/inps-verificacion-de-supervivencia-de-los-pensionados-en-el-extranjero\/\" target=\"_blank\" class=\"wpadcenter-ad-inner__item\" ><img decoding=\"async\"   src=\"https:\/\/puntodincontro.mx\/wp-content\/uploads\/2021\/11\/logo-ital.jpg\" class=\"attachment-post-thumbnail size-post-thumbnail wp-post-image\" alt=\"Patronato ITAL Messico\" srcset=\"https:\/\/puntodincontro.mx\/wp-content\/uploads\/2021\/11\/logo-ital.jpg 200w, https:\/\/puntodincontro.mx\/wp-content\/uploads\/2021\/11\/logo-ital-16x5.jpg 16w\" sizes=\"(max-width: 200px) 100vw, 200px\" \/><\/a><\/div><\/div><\/div><div class=\"wpadcenter-ad-container\" ><div id=\"wpadcenter-ad-1538\" class=\"ad-placement\"><div class=\"wpadcenter-ad-inner\" ><a id=\"wpadcenter_ad\" data-value=\"1538\" data-placement=\"\" href=\"https:\/\/asociacionitaliana.org\/\" target=\"_blank\" class=\"wpadcenter-ad-inner__item\" ><img decoding=\"async\"   src=\"https:\/\/puntodincontro.mx\/wp-content\/uploads\/2021\/11\/aialogo.jpg\" class=\"attachment-post-thumbnail size-post-thumbnail wp-post-image\" alt=\"Associazione Italiana di Assistenza IAP\" srcset=\"https:\/\/puntodincontro.mx\/wp-content\/uploads\/2021\/11\/aialogo.jpg 200w, https:\/\/puntodincontro.mx\/wp-content\/uploads\/2021\/11\/aialogo-18x5.jpg 18w\" sizes=\"(max-width: 200px) 100vw, 200px\" \/><\/a><\/div><\/div><\/div><div class=\"wpadcenter-ad-container\" ><div id=\"wpadcenter-ad-1513\" class=\"ad-placement\"><div class=\"wpadcenter-ad-inner\" ><a id=\"wpadcenter_ad\" data-value=\"1513\" data-placement=\"\" href=\"https:\/\/gcinmuebles.mx\" target=\"_blank\" class=\"wpadcenter-ad-inner__item\" ><img decoding=\"async\"   src=\"https:\/\/puntodincontro.mx\/wp-content\/uploads\/2021\/10\/gcinmuebleslogopunto-1.jpg\" class=\"attachment-post-thumbnail size-post-thumbnail wp-post-image\" alt=\"\" srcset=\"https:\/\/puntodincontro.mx\/wp-content\/uploads\/2021\/10\/gcinmuebleslogopunto-1.jpg 200w, https:\/\/puntodincontro.mx\/wp-content\/uploads\/2021\/10\/gcinmuebleslogopunto-1-18x5.jpg 18w\" sizes=\"(max-width: 200px) 100vw, 200px\" \/><\/a><\/div><\/div><\/div><\/div><div class=\"wpadcenter-adgroup__row wpadcenter-aligncenter\"><div class=\"wpadcenter-ad-container\" ><div id=\"wpadcenter-ad-1374\" class=\"ad-placement\"><div class=\"wpadcenter-ad-inner\" ><a id=\"wpadcenter_ad\" data-value=\"1374\" data-placement=\"\" href=\"https:\/\/www.9colonne.it\/\" target=\"_blank\" class=\"wpadcenter-ad-inner__item\" ><img decoding=\"async\"   src=\"https:\/\/puntodincontro.mx\/wp-content\/uploads\/2021\/10\/Banner9colonne.gif\" class=\"attachment-post-thumbnail size-post-thumbnail wp-post-image\" alt=\"\" \/><\/a><\/div><\/div><\/div><div class=\"wpadcenter-ad-container\" ><div id=\"wpadcenter-ad-276\" class=\"ad-placement\"><div class=\"wpadcenter-ad-inner\" ><a id=\"wpadcenter_ad\" data-value=\"276\" data-placement=\"\" href=\"http:\/\/www.camaraitaliana.mx\/\" target=\"_blank\" class=\"wpadcenter-ad-inner__item\" ><img decoding=\"async\"   src=\"https:\/\/puntodincontro.mx\/wp-content\/uploads\/2021\/08\/ccimnuovo.jpg\" class=\"attachment-post-thumbnail size-post-thumbnail wp-post-image\" alt=\"\" srcset=\"https:\/\/puntodincontro.mx\/wp-content\/uploads\/2021\/08\/ccimnuovo.jpg 200w, https:\/\/puntodincontro.mx\/wp-content\/uploads\/2021\/08\/ccimnuovo-18x5.jpg 18w\" sizes=\"(max-width: 200px) 100vw, 200px\" \/><\/a><\/div><\/div><\/div><div class=\"wpadcenter-ad-container\" ><div id=\"wpadcenter-ad-272\" class=\"ad-placement\"><div class=\"wpadcenter-ad-inner\" ><a id=\"wpadcenter_ad\" data-value=\"272\" data-placement=\"\" href=\"http:\/\/corix.us\/\" target=\"_blank\" class=\"wpadcenter-ad-inner__item\" ><img decoding=\"async\"   src=\"https:\/\/puntodincontro.mx\/wp-content\/uploads\/2021\/08\/corixbanner-1.jpg\" class=\"attachment-post-thumbnail size-post-thumbnail wp-post-image\" alt=\"\" srcset=\"https:\/\/puntodincontro.mx\/wp-content\/uploads\/2021\/08\/corixbanner-1.jpg 200w, https:\/\/puntodincontro.mx\/wp-content\/uploads\/2021\/08\/corixbanner-1-16x5.jpg 16w\" sizes=\"(max-width: 200px) 100vw, 200px\" \/><\/a><\/div><\/div><\/div><\/div><div class=\"wpadcenter-adgroup__row wpadcenter-aligncenter\"><div class=\"wpadcenter-ad-container\" ><div id=\"wpadcenter-ad-266\" class=\"ad-placement\"><div class=\"wpadcenter-ad-inner\" ><a id=\"wpadcenter_ad\" data-value=\"266\" data-placement=\"\" href=\"https:\/\/www.prinsel.com.mx\/\" target=\"_blank\" class=\"wpadcenter-ad-inner__item\" ><img decoding=\"async\"   src=\"https:\/\/puntodincontro.mx\/wp-content\/uploads\/2021\/08\/prinselbanner-1.jpg\" class=\"attachment-post-thumbnail size-post-thumbnail wp-post-image\" alt=\"\" srcset=\"https:\/\/puntodincontro.mx\/wp-content\/uploads\/2021\/08\/prinselbanner-1.jpg 200w, https:\/\/puntodincontro.mx\/wp-content\/uploads\/2021\/08\/prinselbanner-1-16x5.jpg 16w\" sizes=\"(max-width: 200px) 100vw, 200px\" \/><\/a><\/div><\/div><\/div><div class=\"wpadcenter-ad-container\" ><div id=\"wpadcenter-ad-261\" class=\"ad-placement\"><div class=\"wpadcenter-ad-inner\" ><a id=\"wpadcenter_ad\" data-value=\"261\" data-placement=\"\" href=\"https:\/\/faitalia.com.mx\/\" target=\"_blank\" class=\"wpadcenter-ad-inner__item\" ><img decoding=\"async\"   src=\"https:\/\/puntodincontro.mx\/wp-content\/uploads\/2021\/08\/gruppodino.jpg\" class=\"attachment-post-thumbnail size-post-thumbnail wp-post-image\" alt=\"\" srcset=\"https:\/\/puntodincontro.mx\/wp-content\/uploads\/2021\/08\/gruppodino.jpg 200w, https:\/\/puntodincontro.mx\/wp-content\/uploads\/2021\/08\/gruppodino-18x5.jpg 18w\" sizes=\"(max-width: 200px) 100vw, 200px\" \/><\/a><\/div><\/div><\/div><\/div><\/div>\n\n\n<div style=\"height:12px\" aria-hidden=\"true\" class=\"wp-block-spacer\"><\/div>","protected":false},"excerpt":{"rendered":"<p>Ore 09.26 &#8211; Il programma dell\u2019Italian Design Day 2024 a Citt\u00e0 del Messico vedr\u00e0 tra i protagonisti Francesco Faccin \u2014in questa occasione ambasciatore del design del Bel Paese\u2014 con una conferenza magistrale durante l\u2019evento centrale che si svolger\u00e0 il 14 marzo presso l\u2019Istituto Italiano di Cultura di Coyoac\u00e1n. Questo organo periferico del ministero degli Affari esteri e della Cooperazione internazionale ospiter\u00e0, inoltre, un&#8217;ampia selezione di oggetti di design provenienti da rinomate sale espositive presenti in Messico. Nello stesso complesso architettonico verranno allestite anche due mostre fotografiche. La prima \u00e8 dedicata al percorso professionale di Faccin mentre la seconda, realizzata dalla&#8230; <\/p>","protected":false},"author":2,"featured_media":18533,"comment_status":"open","ping_status":"open","sticky":false,"template":"","format":"standard","meta":{"_monsterinsights_skip_tracking":false,"_monsterinsights_sitenote_active":false,"_monsterinsights_sitenote_note":"","_monsterinsights_sitenote_category":0,"footnotes":""},"categories":[4],"tags":[],"class_list":["post-18526","post","type-post","status-publish","format-standard","has-post-thumbnail","hentry","category-italia-in-messico"],"yoast_head":"<!-- This site is optimized with the Yoast SEO Premium plugin v18.4 (Yoast SEO v25.6) - https:\/\/yoast.com\/wordpress\/plugins\/seo\/ -->\n<title>Programma della Giornata del Design Italiano a Citt\u00e0 del Messico<\/title>\n<meta name=\"description\" content=\"Il programma dell\u2019IDD 2024 a Citt\u00e0 del Messico vedr\u00e0 tra i protagonisti Francesco Faccin, in questa occasione ambasciatore del design.\" \/>\n<meta name=\"robots\" content=\"index, follow, max-snippet:-1, max-image-preview:large, max-video-preview:-1\" \/>\n<link rel=\"canonical\" href=\"https:\/\/puntodincontro.mx\/es\/2024\/03\/13\/programa-del-dia-del-diseno-italiano-en-la-ciudad-de-mexico\/\" \/>\n<meta property=\"og:locale\" content=\"es_MX\" \/>\n<meta property=\"og:type\" content=\"article\" \/>\n<meta property=\"og:title\" content=\"Programma della Giornata del Design Italiano a Citt\u00e0 del Messico\" \/>\n<meta property=\"og:description\" content=\"Il programma dell\u2019IDD 2024 a Citt\u00e0 del Messico vedr\u00e0 tra i protagonisti Francesco Faccin, in questa occasione ambasciatore del design.\" \/>\n<meta property=\"og:url\" content=\"https:\/\/puntodincontro.mx\/es\/2024\/03\/13\/programa-del-dia-del-diseno-italiano-en-la-ciudad-de-mexico\/\" \/>\n<meta property=\"og:site_name\" content=\"Puntodincontro\" \/>\n<meta property=\"article:publisher\" content=\"https:\/\/www.facebook.com\/puntodincontro.mx\" \/>\n<meta property=\"article:published_time\" content=\"2024-03-13T15:48:03+00:00\" \/>\n<meta property=\"article:modified_time\" content=\"2024-03-14T09:19:39+00:00\" \/>\n<meta property=\"og:image\" content=\"https:\/\/puntodincontro.mx\/wp-content\/uploads\/2024\/03\/oddcomp.jpg\" \/>\n\t<meta property=\"og:image:width\" content=\"932\" \/>\n\t<meta property=\"og:image:height\" content=\"488\" \/>\n\t<meta property=\"og:image:type\" content=\"image\/jpeg\" \/>\n<meta name=\"author\" content=\"Puntodincontro\" \/>\n<meta name=\"twitter:card\" content=\"summary_large_image\" \/>\n<meta name=\"twitter:creator\" content=\"@puntodincontro\" \/>\n<meta name=\"twitter:site\" content=\"@puntodincontro\" \/>\n<meta name=\"twitter:label1\" content=\"Escrito por\" \/>\n\t<meta name=\"twitter:data1\" content=\"Puntodincontro\" \/>\n\t<meta name=\"twitter:label2\" content=\"Tiempo de lectura\" \/>\n\t<meta name=\"twitter:data2\" content=\"2 minutos\" \/>\n<script type=\"application\/ld+json\" class=\"yoast-schema-graph\">{\"@context\":\"https:\/\/schema.org\",\"@graph\":[{\"@type\":\"NewsArticle\",\"@id\":\"https:\/\/puntodincontro.mx\/2024\/03\/13\/programma-della-giornata-del-design-italiano-a-citta-del-messico\/#article\",\"isPartOf\":{\"@id\":\"https:\/\/puntodincontro.mx\/2024\/03\/13\/programma-della-giornata-del-design-italiano-a-citta-del-messico\/\"},\"author\":{\"name\":\"Puntodincontro\",\"@id\":\"https:\/\/puntodincontro.mx\/#\/schema\/person\/d3066d18a16259cbb0c29b0d0e93b556\"},\"headline\":\"Programma della Giornata del Design Italiano a Citt\u00e0 del Messico\",\"datePublished\":\"2024-03-13T15:48:03+00:00\",\"dateModified\":\"2024-03-14T09:19:39+00:00\",\"mainEntityOfPage\":{\"@id\":\"https:\/\/puntodincontro.mx\/2024\/03\/13\/programma-della-giornata-del-design-italiano-a-citta-del-messico\/\"},\"wordCount\":511,\"commentCount\":0,\"publisher\":{\"@id\":\"https:\/\/puntodincontro.mx\/#organization\"},\"image\":{\"@id\":\"https:\/\/puntodincontro.mx\/2024\/03\/13\/programma-della-giornata-del-design-italiano-a-citta-del-messico\/#primaryimage\"},\"thumbnailUrl\":\"https:\/\/puntodincontro.mx\/wp-content\/uploads\/2024\/03\/oddvert.webp\",\"articleSection\":[\"Italia in Messico\"],\"inLanguage\":\"es\",\"potentialAction\":[{\"@type\":\"CommentAction\",\"name\":\"Comment\",\"target\":[\"https:\/\/puntodincontro.mx\/2024\/03\/13\/programma-della-giornata-del-design-italiano-a-citta-del-messico\/#respond\"]}]},{\"@type\":\"WebPage\",\"@id\":\"https:\/\/puntodincontro.mx\/2024\/03\/13\/programma-della-giornata-del-design-italiano-a-citta-del-messico\/\",\"url\":\"https:\/\/puntodincontro.mx\/2024\/03\/13\/programma-della-giornata-del-design-italiano-a-citta-del-messico\/\",\"name\":\"Programma della Giornata del Design Italiano a Citt\u00e0 del Messico\",\"isPartOf\":{\"@id\":\"https:\/\/puntodincontro.mx\/#website\"},\"primaryImageOfPage\":{\"@id\":\"https:\/\/puntodincontro.mx\/2024\/03\/13\/programma-della-giornata-del-design-italiano-a-citta-del-messico\/#primaryimage\"},\"image\":{\"@id\":\"https:\/\/puntodincontro.mx\/2024\/03\/13\/programma-della-giornata-del-design-italiano-a-citta-del-messico\/#primaryimage\"},\"thumbnailUrl\":\"https:\/\/puntodincontro.mx\/wp-content\/uploads\/2024\/03\/oddvert.webp\",\"datePublished\":\"2024-03-13T15:48:03+00:00\",\"dateModified\":\"2024-03-14T09:19:39+00:00\",\"description\":\"Il programma dell\u2019IDD 2024 a Citt\u00e0 del Messico vedr\u00e0 tra i protagonisti Francesco Faccin, in questa occasione ambasciatore del design.\",\"breadcrumb\":{\"@id\":\"https:\/\/puntodincontro.mx\/2024\/03\/13\/programma-della-giornata-del-design-italiano-a-citta-del-messico\/#breadcrumb\"},\"inLanguage\":\"es\",\"potentialAction\":[{\"@type\":\"ReadAction\",\"target\":[\"https:\/\/puntodincontro.mx\/2024\/03\/13\/programma-della-giornata-del-design-italiano-a-citta-del-messico\/\"]}]},{\"@type\":\"ImageObject\",\"inLanguage\":\"es\",\"@id\":\"https:\/\/puntodincontro.mx\/2024\/03\/13\/programma-della-giornata-del-design-italiano-a-citta-del-messico\/#primaryimage\",\"url\":\"https:\/\/puntodincontro.mx\/wp-content\/uploads\/2024\/03\/oddvert.webp\",\"contentUrl\":\"https:\/\/puntodincontro.mx\/wp-content\/uploads\/2024\/03\/oddvert.webp\",\"width\":423,\"height\":488,\"caption\":\"Programma della Giornata del Design Italiano a Citt\u00e0 del Messico \/ Immagine: Ambasciata d'Italia in Messico\"},{\"@type\":\"BreadcrumbList\",\"@id\":\"https:\/\/puntodincontro.mx\/2024\/03\/13\/programma-della-giornata-del-design-italiano-a-citta-del-messico\/#breadcrumb\",\"itemListElement\":[{\"@type\":\"ListItem\",\"position\":1,\"name\":\"Home\",\"item\":\"https:\/\/puntodincontro.mx\/\"},{\"@type\":\"ListItem\",\"position\":2,\"name\":\"Programma della Giornata del Design Italiano a Citt\u00e0 del Messico\"}]},{\"@type\":\"WebSite\",\"@id\":\"https:\/\/puntodincontro.mx\/#website\",\"url\":\"https:\/\/puntodincontro.mx\/\",\"name\":\"Puntodincontro\",\"description\":\"Dal 2006 notizie sui rapporti Italia-Messico \/ Desde 2006 noticias sobre las relaciones entre Italia y M\u00e9xico\",\"publisher\":{\"@id\":\"https:\/\/puntodincontro.mx\/#organization\"},\"potentialAction\":[{\"@type\":\"SearchAction\",\"target\":{\"@type\":\"EntryPoint\",\"urlTemplate\":\"https:\/\/puntodincontro.mx\/?s={search_term_string}\"},\"query-input\":{\"@type\":\"PropertyValueSpecification\",\"valueRequired\":true,\"valueName\":\"search_term_string\"}}],\"inLanguage\":\"es\"},{\"@type\":\"Organization\",\"@id\":\"https:\/\/puntodincontro.mx\/#organization\",\"name\":\"Puntodincontro\",\"url\":\"https:\/\/puntodincontro.mx\/\",\"logo\":{\"@type\":\"ImageObject\",\"inLanguage\":\"es\",\"@id\":\"https:\/\/puntodincontro.mx\/#\/schema\/logo\/image\/\",\"url\":\"https:\/\/puntodincontro.mx\/wp-content\/uploads\/2021\/08\/Default-image-for-open-graph-settings.jpg\",\"contentUrl\":\"https:\/\/puntodincontro.mx\/wp-content\/uploads\/2021\/08\/Default-image-for-open-graph-settings.jpg\",\"width\":1200,\"height\":630,\"caption\":\"Puntodincontro\"},\"image\":{\"@id\":\"https:\/\/puntodincontro.mx\/#\/schema\/logo\/image\/\"},\"sameAs\":[\"https:\/\/www.facebook.com\/puntodincontro.mx\",\"https:\/\/x.com\/puntodincontro\",\"https:\/\/www.instagram.com\/puntodincontro.mx\/\",\"https:\/\/www.linkedin.com\/company\/puntodincontro\/\",\"https:\/\/www.youtube.com\/c\/puntodincontromessico\",\"https:\/\/www.patreon.com\/puntodincontro\",\"https:\/\/www.threads.net\/@puntodincontro.mx\"]},{\"@type\":\"Person\",\"@id\":\"https:\/\/puntodincontro.mx\/#\/schema\/person\/d3066d18a16259cbb0c29b0d0e93b556\",\"name\":\"Puntodincontro\",\"image\":{\"@type\":\"ImageObject\",\"inLanguage\":\"es\",\"@id\":\"https:\/\/puntodincontro.mx\/#\/schema\/person\/image\/\",\"url\":\"https:\/\/secure.gravatar.com\/avatar\/0e85b4b3b5e9d6bfcec6a4956d8cc63a?s=96&d=mm&r=g\",\"contentUrl\":\"https:\/\/secure.gravatar.com\/avatar\/0e85b4b3b5e9d6bfcec6a4956d8cc63a?s=96&d=mm&r=g\",\"caption\":\"Puntodincontro\"},\"url\":\"https:\/\/puntodincontro.mx\/es\/author\/puntodincontro\/\"}]}<\/script>\n<!-- \/ Yoast SEO Premium plugin. -->","yoast_head_json":{"title":"Programa del D\u00eda del Dise\u00f1o Italiano en la Ciudad de M\u00e9xico","description":"El programa del IDD 2024 en la Ciudad de M\u00e9xico tendr\u00e1 entre los protagonistas a Francesco Faccin, en esta ocasi\u00f3n embajador del dise\u00f1o.","robots":{"index":"index","follow":"follow","max-snippet":"max-snippet:-1","max-image-preview":"max-image-preview:large","max-video-preview":"max-video-preview:-1"},"canonical":"https:\/\/puntodincontro.mx\/es\/2024\/03\/13\/programa-del-dia-del-diseno-italiano-en-la-ciudad-de-mexico\/","og_locale":"es_MX","og_type":"article","og_title":"Programma della Giornata del Design Italiano a Citt\u00e0 del Messico","og_description":"Il programma dell\u2019IDD 2024 a Citt\u00e0 del Messico vedr\u00e0 tra i protagonisti Francesco Faccin, in questa occasione ambasciatore del design.","og_url":"https:\/\/puntodincontro.mx\/es\/2024\/03\/13\/programa-del-dia-del-diseno-italiano-en-la-ciudad-de-mexico\/","og_site_name":"Puntodincontro","article_publisher":"https:\/\/www.facebook.com\/puntodincontro.mx","article_published_time":"2024-03-13T15:48:03+00:00","article_modified_time":"2024-03-14T09:19:39+00:00","og_image":[{"width":932,"height":488,"url":"https:\/\/puntodincontro.mx\/wp-content\/uploads\/2024\/03\/oddcomp.jpg","type":"image\/jpeg"}],"author":"Puntodincontro","twitter_card":"summary_large_image","twitter_creator":"@puntodincontro","twitter_site":"@puntodincontro","twitter_misc":{"Escrito por":"Puntodincontro","Tiempo de lectura":"2 minutos"},"schema":{"@context":"https:\/\/schema.org","@graph":[{"@type":"NewsArticle","@id":"https:\/\/puntodincontro.mx\/2024\/03\/13\/programma-della-giornata-del-design-italiano-a-citta-del-messico\/#article","isPartOf":{"@id":"https:\/\/puntodincontro.mx\/2024\/03\/13\/programma-della-giornata-del-design-italiano-a-citta-del-messico\/"},"author":{"name":"Puntodincontro","@id":"https:\/\/puntodincontro.mx\/#\/schema\/person\/d3066d18a16259cbb0c29b0d0e93b556"},"headline":"Programma della Giornata del Design Italiano a Citt\u00e0 del Messico","datePublished":"2024-03-13T15:48:03+00:00","dateModified":"2024-03-14T09:19:39+00:00","mainEntityOfPage":{"@id":"https:\/\/puntodincontro.mx\/2024\/03\/13\/programma-della-giornata-del-design-italiano-a-citta-del-messico\/"},"wordCount":511,"commentCount":0,"publisher":{"@id":"https:\/\/puntodincontro.mx\/#organization"},"image":{"@id":"https:\/\/puntodincontro.mx\/2024\/03\/13\/programma-della-giornata-del-design-italiano-a-citta-del-messico\/#primaryimage"},"thumbnailUrl":"https:\/\/puntodincontro.mx\/wp-content\/uploads\/2024\/03\/oddvert.webp","articleSection":["Italia in Messico"],"inLanguage":"es","potentialAction":[{"@type":"CommentAction","name":"Comment","target":["https:\/\/puntodincontro.mx\/2024\/03\/13\/programma-della-giornata-del-design-italiano-a-citta-del-messico\/#respond"]}]},{"@type":"WebPage","@id":"https:\/\/puntodincontro.mx\/2024\/03\/13\/programma-della-giornata-del-design-italiano-a-citta-del-messico\/","url":"https:\/\/puntodincontro.mx\/2024\/03\/13\/programma-della-giornata-del-design-italiano-a-citta-del-messico\/","name":"Programa del D\u00eda del Dise\u00f1o Italiano en la Ciudad de M\u00e9xico","isPartOf":{"@id":"https:\/\/puntodincontro.mx\/#website"},"primaryImageOfPage":{"@id":"https:\/\/puntodincontro.mx\/2024\/03\/13\/programma-della-giornata-del-design-italiano-a-citta-del-messico\/#primaryimage"},"image":{"@id":"https:\/\/puntodincontro.mx\/2024\/03\/13\/programma-della-giornata-del-design-italiano-a-citta-del-messico\/#primaryimage"},"thumbnailUrl":"https:\/\/puntodincontro.mx\/wp-content\/uploads\/2024\/03\/oddvert.webp","datePublished":"2024-03-13T15:48:03+00:00","dateModified":"2024-03-14T09:19:39+00:00","description":"El programa del IDD 2024 en la Ciudad de M\u00e9xico tendr\u00e1 entre los protagonistas a Francesco Faccin, en esta ocasi\u00f3n embajador del dise\u00f1o.","breadcrumb":{"@id":"https:\/\/puntodincontro.mx\/2024\/03\/13\/programma-della-giornata-del-design-italiano-a-citta-del-messico\/#breadcrumb"},"inLanguage":"es","potentialAction":[{"@type":"ReadAction","target":["https:\/\/puntodincontro.mx\/2024\/03\/13\/programma-della-giornata-del-design-italiano-a-citta-del-messico\/"]}]},{"@type":"ImageObject","inLanguage":"es","@id":"https:\/\/puntodincontro.mx\/2024\/03\/13\/programma-della-giornata-del-design-italiano-a-citta-del-messico\/#primaryimage","url":"https:\/\/puntodincontro.mx\/wp-content\/uploads\/2024\/03\/oddvert.webp","contentUrl":"https:\/\/puntodincontro.mx\/wp-content\/uploads\/2024\/03\/oddvert.webp","width":423,"height":488,"caption":"Programma della Giornata del Design Italiano a Citt\u00e0 del Messico \/ Immagine: Ambasciata d'Italia in Messico"},{"@type":"BreadcrumbList","@id":"https:\/\/puntodincontro.mx\/2024\/03\/13\/programma-della-giornata-del-design-italiano-a-citta-del-messico\/#breadcrumb","itemListElement":[{"@type":"ListItem","position":1,"name":"Home","item":"https:\/\/puntodincontro.mx\/"},{"@type":"ListItem","position":2,"name":"Programma della Giornata del Design Italiano a Citt\u00e0 del Messico"}]},{"@type":"WebSite","@id":"https:\/\/puntodincontro.mx\/#website","url":"https:\/\/puntodincontro.mx\/","name":"Puntodincontro","description":"Desde el 2006 noticias sobre las relaciones entre Italia y M\u00e9xico \/ Dal 2006 notizie sui rapporti Italia-Messico","publisher":{"@id":"https:\/\/puntodincontro.mx\/#organization"},"potentialAction":[{"@type":"SearchAction","target":{"@type":"EntryPoint","urlTemplate":"https:\/\/puntodincontro.mx\/?s={search_term_string}"},"query-input":{"@type":"PropertyValueSpecification","valueRequired":true,"valueName":"search_term_string"}}],"inLanguage":"es"},{"@type":"Organization","@id":"https:\/\/puntodincontro.mx\/#organization","name":"Puntodincontro","url":"https:\/\/puntodincontro.mx\/","logo":{"@type":"ImageObject","inLanguage":"es","@id":"https:\/\/puntodincontro.mx\/#\/schema\/logo\/image\/","url":"https:\/\/puntodincontro.mx\/wp-content\/uploads\/2021\/08\/Default-image-for-open-graph-settings.jpg","contentUrl":"https:\/\/puntodincontro.mx\/wp-content\/uploads\/2021\/08\/Default-image-for-open-graph-settings.jpg","width":1200,"height":630,"caption":"Puntodincontro"},"image":{"@id":"https:\/\/puntodincontro.mx\/#\/schema\/logo\/image\/"},"sameAs":["https:\/\/www.facebook.com\/puntodincontro.mx","https:\/\/x.com\/puntodincontro","https:\/\/www.instagram.com\/puntodincontro.mx\/","https:\/\/www.linkedin.com\/company\/puntodincontro\/","https:\/\/www.youtube.com\/c\/puntodincontromessico","https:\/\/www.patreon.com\/puntodincontro","https:\/\/www.threads.net\/@puntodincontro.mx"]},{"@type":"Person","@id":"https:\/\/puntodincontro.mx\/#\/schema\/person\/d3066d18a16259cbb0c29b0d0e93b556","name":"Puntodincontro","image":{"@type":"ImageObject","inLanguage":"es","@id":"https:\/\/puntodincontro.mx\/#\/schema\/person\/image\/","url":"https:\/\/secure.gravatar.com\/avatar\/0e85b4b3b5e9d6bfcec6a4956d8cc63a?s=96&d=mm&r=g","contentUrl":"https:\/\/secure.gravatar.com\/avatar\/0e85b4b3b5e9d6bfcec6a4956d8cc63a?s=96&d=mm&r=g","caption":"Puntodincontro"},"url":"https:\/\/puntodincontro.mx\/es\/author\/puntodincontro\/"}]}},"_links":{"self":[{"href":"https:\/\/puntodincontro.mx\/es\/wp-json\/wp\/v2\/posts\/18526"}],"collection":[{"href":"https:\/\/puntodincontro.mx\/es\/wp-json\/wp\/v2\/posts"}],"about":[{"href":"https:\/\/puntodincontro.mx\/es\/wp-json\/wp\/v2\/types\/post"}],"author":[{"embeddable":true,"href":"https:\/\/puntodincontro.mx\/es\/wp-json\/wp\/v2\/users\/2"}],"replies":[{"embeddable":true,"href":"https:\/\/puntodincontro.mx\/es\/wp-json\/wp\/v2\/comments?post=18526"}],"version-history":[{"count":12,"href":"https:\/\/puntodincontro.mx\/es\/wp-json\/wp\/v2\/posts\/18526\/revisions"}],"predecessor-version":[{"id":18543,"href":"https:\/\/puntodincontro.mx\/es\/wp-json\/wp\/v2\/posts\/18526\/revisions\/18543"}],"wp:featuredmedia":[{"embeddable":true,"href":"https:\/\/puntodincontro.mx\/es\/wp-json\/wp\/v2\/media\/18533"}],"wp:attachment":[{"href":"https:\/\/puntodincontro.mx\/es\/wp-json\/wp\/v2\/media?parent=18526"}],"wp:term":[{"taxonomy":"category","embeddable":true,"href":"https:\/\/puntodincontro.mx\/es\/wp-json\/wp\/v2\/categories?post=18526"},{"taxonomy":"post_tag","embeddable":true,"href":"https:\/\/puntodincontro.mx\/es\/wp-json\/wp\/v2\/tags?post=18526"}],"curies":[{"name":"wp","href":"https:\/\/api.w.org\/{rel}","templated":true}]}}