{"id":18899,"date":"2024-04-10T13:57:01","date_gmt":"2024-04-10T18:57:01","guid":{"rendered":"https:\/\/puntodincontro.mx\/?p=18899"},"modified":"2024-04-10T14:08:46","modified_gmt":"2024-04-10T19:08:46","slug":"eclipse-el-observatorio-de-turin-recopilo-datos-en-mexico2","status":"publish","type":"post","link":"https:\/\/puntodincontro.mx\/es\/2024\/04\/10\/eclisse-losservatorio-di-torino-ha-raccolto-dati-in-messico2\/","title":{"rendered":"Eclipse, el Observatorio de Tur\u00edn recopil\u00f3 datos en M\u00e9xico"},"content":{"rendered":"<p class=\"translation-block\"><strong>12:27 hrs.<\/strong> - El Observatorio Astrof\u00edsico de Tur\u00edn, administrado por el Instituto Nacional de Astrof\u00edsica, organiz\u00f3 una campa\u00f1a para la observaci\u00f3n en el norte de M\u00e9xico del eclipse solar total del 8 de abril de 2024, una oportunidad \u00fanica para el estudio de la corona.<\/p>\n\n\n\n<p>El proyecto est\u00e1 coordinado y desarrollado con la participaci\u00f3n de personal de la Agencia Espacial Europea, el apoyo t\u00e9cnico\/log\u00edstico del Observatorio Astron\u00f3mico de la regi\u00f3n aut\u00f3noma del Valle de Aosta y el apoyo t\u00e9cnico de la Universidad de Florencia. En la expedici\u00f3n participan nueve personas: siete investigadores y tecn\u00f3logos del INAF de Tur\u00edn, un investigador de la Agencia Espacial Europea y un estudiante del Departamento de F\u00edsica de la Universidad de Tur\u00edn. Se trata de Giorgio Bergamin, Gerardo Capobianco, Valeria Caracci, Silvano Fineschi, Herv\u00e9 Haudemand, Davide Loreggia, Maurizio Pancrazzi, Luca Zangrilli y Joe Zender.<\/p>\n\n\n\n<p>Dos d\u00edas antes de la fecha del eclipse, el grupo decidi\u00f3, dado el pron\u00f3stico meteorol\u00f3gico poco alentador debido a la nubosidad, dividirse en dos sitios de observaci\u00f3n diferentes para maximizar la probabilidad de \u00e9xito.<\/p>\n\n\n\n<p>Cinco miembros del equipo viajaron a Ciudad Ju\u00e1rez, en la frontera entre M\u00e9xico y Estados Unidos, y otros cuatro viajaron a Canatl\u00e1n, en el centro del Estado de Durango.<\/p>\n\n\n\n<p class=\"translation-block\">La expedici\u00f3n utiliz\u00f3 3 instrumentos: un telescopio para la observaci\u00f3n de la corona K polarizada (E-KPol) y dos telescopios para las observaciones espectropolarim\u00e9tricas de las l\u00edneas coronales de Fe XIV a 530,3 nm (la \u201cl\u00ednea verde\u201d) y He I D3. a 587,6 nm (E-CorMag y Strato-CorMag). Las mediciones adquiridas durante el eclipse (algunas nunca antes logradas) ofrecen una oportunidad \u00fanica de estudiar el campo magn\u00e9tico coronal muy cerca del limbo solar. Las observaciones realizadas durante el eclipse forman parte de una campa\u00f1a de observaci\u00f3n conjunta coordinada por la red <em>Whole Heliosphere and Planetary Interactions<\/em> (WHPI), una iniciativa internacional centrada en el per\u00edodo m\u00ednimo solar que pretende comprender el sistema interconectado formado por el sol, los planetas y la heliosfera.<\/p>\n\n\n\n<p>Las condiciones clim\u00e1ticas fueron bastante buenas y los dos grupos lograron adquirir im\u00e1genes y datos.<\/p>\n\n\n\n<p>\u00abFue una verdadera aventura, desde la preparaci\u00f3n de la misi\u00f3n cient\u00edfica hasta el momento del eclipse\u00bb, se lee en el sitio web del observatorio.<\/p>\n\n\n\n<p class=\"has-small-font-size\">Foto: torino.corriere.it<\/p>\n\n\n\n<div style=\"height:12px\" aria-hidden=\"true\" class=\"wp-block-spacer\"><\/div>\n\n\n<!-- Ad space powered by WP AdCenter v2.5.7 - https:\/\/wpadcenter.com\/ --><div class=\"wpadcenter-adgroup\" ><div class=\"wpadcenter-adgroup__row wpadcenter-aligncenter\"><div class=\"wpadcenter-ad-container\" ><div id=\"wpadcenter-ad-18464\" class=\"ad-placement\"><div class=\"wpadcenter-ad-inner\" ><a id=\"wpadcenter_ad\" data-value=\"18464\" data-placement=\"\" href=\"https:\/\/www.productosremo.com\/\" target=\"_blank\" class=\"wpadcenter-ad-inner__item\" ><img decoding=\"async\"   src=\"https:\/\/puntodincontro.mx\/wp-content\/uploads\/2021\/08\/remobanner.jpg\" class=\"attachment-post-thumbnail size-post-thumbnail wp-post-image\" alt=\"\" srcset=\"https:\/\/puntodincontro.mx\/wp-content\/uploads\/2021\/08\/remobanner.jpg 200w, https:\/\/puntodincontro.mx\/wp-content\/uploads\/2021\/08\/remobanner-16x5.jpg 16w\" sizes=\"(max-width: 200px) 100vw, 200px\" \/><\/a><\/div><\/div><\/div><div class=\"wpadcenter-ad-container\" ><div id=\"wpadcenter-ad-5305\" class=\"ad-placement\"><div class=\"wpadcenter-ad-inner\" ><a id=\"wpadcenter_ad\" data-value=\"5305\" data-placement=\"\" href=\"https:\/\/faitalia.com.mx\/\" target=\"_blank\" class=\"wpadcenter-ad-inner__item\" ><img decoding=\"async\"   src=\"https:\/\/puntodincontro.mx\/wp-content\/uploads\/2022\/05\/gruppodino.jpg\" class=\"attachment-post-thumbnail size-post-thumbnail wp-post-image\" alt=\"\" srcset=\"https:\/\/puntodincontro.mx\/wp-content\/uploads\/2022\/05\/gruppodino.jpg 200w, https:\/\/puntodincontro.mx\/wp-content\/uploads\/2022\/05\/gruppodino-18x5.jpg 18w\" sizes=\"(max-width: 200px) 100vw, 200px\" \/><\/a><\/div><\/div><\/div><div class=\"wpadcenter-ad-container\" ><div id=\"wpadcenter-ad-3781\" class=\"ad-placement\"><div class=\"wpadcenter-ad-inner\" ><a id=\"wpadcenter_ad\" data-value=\"3781\" data-placement=\"\" href=\"https:\/\/cannizzo.com.mx\/\" target=\"_blank\" class=\"wpadcenter-ad-inner__item\" ><img decoding=\"async\"   src=\"https:\/\/puntodincontro.mx\/wp-content\/uploads\/2022\/03\/cannizzo2.jpg\" class=\"attachment-post-thumbnail size-post-thumbnail wp-post-image\" alt=\"\" srcset=\"https:\/\/puntodincontro.mx\/wp-content\/uploads\/2022\/03\/cannizzo2.jpg 200w, https:\/\/puntodincontro.mx\/wp-content\/uploads\/2022\/03\/cannizzo2-18x5.jpg 18w\" sizes=\"(max-width: 200px) 100vw, 200px\" \/><\/a><\/div><\/div><\/div><\/div><div class=\"wpadcenter-adgroup__row wpadcenter-aligncenter\"><div class=\"wpadcenter-ad-container\" ><div id=\"wpadcenter-ad-1704\" class=\"ad-placement\"><div class=\"wpadcenter-ad-inner\" ><a id=\"wpadcenter_ad\" data-value=\"1704\" data-placement=\"\" href=\"https:\/\/puntodincontro.mx\/es\/2021\/12\/24\/inps-verificacion-de-supervivencia-de-los-pensionados-en-el-extranjero\/\" target=\"_blank\" class=\"wpadcenter-ad-inner__item\" ><img decoding=\"async\"   src=\"https:\/\/puntodincontro.mx\/wp-content\/uploads\/2021\/11\/logo-ital.jpg\" class=\"attachment-post-thumbnail size-post-thumbnail wp-post-image\" alt=\"Patronato ITAL Messico\" srcset=\"https:\/\/puntodincontro.mx\/wp-content\/uploads\/2021\/11\/logo-ital.jpg 200w, https:\/\/puntodincontro.mx\/wp-content\/uploads\/2021\/11\/logo-ital-16x5.jpg 16w\" sizes=\"(max-width: 200px) 100vw, 200px\" \/><\/a><\/div><\/div><\/div><div class=\"wpadcenter-ad-container\" ><div id=\"wpadcenter-ad-1538\" class=\"ad-placement\"><div class=\"wpadcenter-ad-inner\" ><a id=\"wpadcenter_ad\" data-value=\"1538\" data-placement=\"\" href=\"https:\/\/asociacionitaliana.org\/\" target=\"_blank\" class=\"wpadcenter-ad-inner__item\" ><img decoding=\"async\"   src=\"https:\/\/puntodincontro.mx\/wp-content\/uploads\/2021\/11\/aialogo.jpg\" class=\"attachment-post-thumbnail size-post-thumbnail wp-post-image\" alt=\"Associazione Italiana di Assistenza IAP\" srcset=\"https:\/\/puntodincontro.mx\/wp-content\/uploads\/2021\/11\/aialogo.jpg 200w, https:\/\/puntodincontro.mx\/wp-content\/uploads\/2021\/11\/aialogo-18x5.jpg 18w\" sizes=\"(max-width: 200px) 100vw, 200px\" \/><\/a><\/div><\/div><\/div><div class=\"wpadcenter-ad-container\" ><div id=\"wpadcenter-ad-1513\" class=\"ad-placement\"><div class=\"wpadcenter-ad-inner\" ><a id=\"wpadcenter_ad\" data-value=\"1513\" data-placement=\"\" href=\"https:\/\/gcinmuebles.mx\" target=\"_blank\" class=\"wpadcenter-ad-inner__item\" ><img decoding=\"async\"   src=\"https:\/\/puntodincontro.mx\/wp-content\/uploads\/2021\/10\/gcinmuebleslogopunto-1.jpg\" class=\"attachment-post-thumbnail size-post-thumbnail wp-post-image\" alt=\"\" srcset=\"https:\/\/puntodincontro.mx\/wp-content\/uploads\/2021\/10\/gcinmuebleslogopunto-1.jpg 200w, https:\/\/puntodincontro.mx\/wp-content\/uploads\/2021\/10\/gcinmuebleslogopunto-1-18x5.jpg 18w\" sizes=\"(max-width: 200px) 100vw, 200px\" \/><\/a><\/div><\/div><\/div><\/div><div class=\"wpadcenter-adgroup__row wpadcenter-aligncenter\"><div class=\"wpadcenter-ad-container\" ><div id=\"wpadcenter-ad-1374\" class=\"ad-placement\"><div class=\"wpadcenter-ad-inner\" ><a id=\"wpadcenter_ad\" data-value=\"1374\" data-placement=\"\" href=\"https:\/\/www.9colonne.it\/\" target=\"_blank\" class=\"wpadcenter-ad-inner__item\" ><img decoding=\"async\"   src=\"https:\/\/puntodincontro.mx\/wp-content\/uploads\/2021\/10\/Banner9colonne.gif\" class=\"attachment-post-thumbnail size-post-thumbnail wp-post-image\" alt=\"\" \/><\/a><\/div><\/div><\/div><div class=\"wpadcenter-ad-container\" ><div id=\"wpadcenter-ad-276\" class=\"ad-placement\"><div class=\"wpadcenter-ad-inner\" ><a id=\"wpadcenter_ad\" data-value=\"276\" data-placement=\"\" href=\"http:\/\/www.camaraitaliana.mx\/\" target=\"_blank\" class=\"wpadcenter-ad-inner__item\" ><img decoding=\"async\"   src=\"https:\/\/puntodincontro.mx\/wp-content\/uploads\/2021\/08\/ccimnuovo.jpg\" class=\"attachment-post-thumbnail size-post-thumbnail wp-post-image\" alt=\"\" srcset=\"https:\/\/puntodincontro.mx\/wp-content\/uploads\/2021\/08\/ccimnuovo.jpg 200w, https:\/\/puntodincontro.mx\/wp-content\/uploads\/2021\/08\/ccimnuovo-18x5.jpg 18w\" sizes=\"(max-width: 200px) 100vw, 200px\" \/><\/a><\/div><\/div><\/div><div class=\"wpadcenter-ad-container\" ><div id=\"wpadcenter-ad-272\" class=\"ad-placement\"><div class=\"wpadcenter-ad-inner\" ><a id=\"wpadcenter_ad\" data-value=\"272\" data-placement=\"\" href=\"http:\/\/corix.us\/\" target=\"_blank\" class=\"wpadcenter-ad-inner__item\" ><img decoding=\"async\"   src=\"https:\/\/puntodincontro.mx\/wp-content\/uploads\/2021\/08\/corixbanner-1.jpg\" class=\"attachment-post-thumbnail size-post-thumbnail wp-post-image\" alt=\"\" srcset=\"https:\/\/puntodincontro.mx\/wp-content\/uploads\/2021\/08\/corixbanner-1.jpg 200w, https:\/\/puntodincontro.mx\/wp-content\/uploads\/2021\/08\/corixbanner-1-16x5.jpg 16w\" sizes=\"(max-width: 200px) 100vw, 200px\" \/><\/a><\/div><\/div><\/div><\/div><div class=\"wpadcenter-adgroup__row wpadcenter-aligncenter\"><div class=\"wpadcenter-ad-container\" ><div id=\"wpadcenter-ad-266\" class=\"ad-placement\"><div class=\"wpadcenter-ad-inner\" ><a id=\"wpadcenter_ad\" data-value=\"266\" data-placement=\"\" href=\"https:\/\/www.prinsel.com.mx\/\" target=\"_blank\" class=\"wpadcenter-ad-inner__item\" ><img decoding=\"async\"   src=\"https:\/\/puntodincontro.mx\/wp-content\/uploads\/2021\/08\/prinselbanner-1.jpg\" class=\"attachment-post-thumbnail size-post-thumbnail wp-post-image\" alt=\"\" srcset=\"https:\/\/puntodincontro.mx\/wp-content\/uploads\/2021\/08\/prinselbanner-1.jpg 200w, https:\/\/puntodincontro.mx\/wp-content\/uploads\/2021\/08\/prinselbanner-1-16x5.jpg 16w\" sizes=\"(max-width: 200px) 100vw, 200px\" \/><\/a><\/div><\/div><\/div><div class=\"wpadcenter-ad-container\" ><div id=\"wpadcenter-ad-261\" class=\"ad-placement\"><div class=\"wpadcenter-ad-inner\" ><a id=\"wpadcenter_ad\" data-value=\"261\" data-placement=\"\" href=\"https:\/\/ambcittadelmessico.esteri.it\/ambasciata_cittadelmessico\/it\/\" target=\"_blank\" class=\"wpadcenter-ad-inner__item\" ><img decoding=\"async\"   src=\"https:\/\/puntodincontro.mx\/wp-content\/uploads\/2021\/08\/ambasciatabanner-1.jpg\" class=\"attachment-post-thumbnail size-post-thumbnail wp-post-image\" alt=\"\" srcset=\"https:\/\/puntodincontro.mx\/wp-content\/uploads\/2021\/08\/ambasciatabanner-1.jpg 200w, https:\/\/puntodincontro.mx\/wp-content\/uploads\/2021\/08\/ambasciatabanner-1-16x5.jpg 16w\" sizes=\"(max-width: 200px) 100vw, 200px\" \/><\/a><\/div><\/div><\/div><\/div><\/div>\n\n\n<div style=\"height:12px\" aria-hidden=\"true\" class=\"wp-block-spacer\"><\/div>","protected":false},"excerpt":{"rendered":"<p>Ore 12.27 &#8211; L&#8217;Osservatorio Astrofisico di Torino, gestito dall&#8217;Istituto nazionale di astrofisica, ha organizzato una campagna per l\u2019osservazione nel Messico settentrionale dell\u2019eclisse totale di Sole dell\u20198 Aprile 2024, un\u2019occasione unica per lo studio della corona. Il progetto \u00e8 coordinato e sviluppato con la partecipazione di personale dell\u2019Agenzia spaziale europea, il supporto tecnico\/logistico dell\u2019Osservatorio astronomico della regione autonoma Valle d\u2019Aosta e l&#8217;appoggio tecnico dell\u2019Universit\u00e0 di Firenze. Alla spedizione partecipano nove persone: sette ricercatori e tecnologi dell\u2019Inaf di Torino, un ricercatore dell\u2019Agenzia spaziale europea e uno studente del Dipartimento di fisica dell\u2019Universit\u00e0 di Torino. Sono Giorgio Bergamin, Gerardo Capobianco, Valeria Caracci, Silvano&#8230; <\/p>","protected":false},"author":2,"featured_media":18907,"comment_status":"open","ping_status":"open","sticky":false,"template":"","format":"standard","meta":{"_monsterinsights_skip_tracking":false,"_monsterinsights_sitenote_active":false,"_monsterinsights_sitenote_note":"","_monsterinsights_sitenote_category":0,"footnotes":""},"categories":[14],"tags":[],"class_list":["post-18899","post","type-post","status-publish","format-standard","has-post-thumbnail","hentry","category-scienza-e-tecnologia"],"yoast_head":"<!-- This site is optimized with the Yoast SEO Premium plugin v18.4 (Yoast SEO v25.6) - https:\/\/yoast.com\/wordpress\/plugins\/seo\/ -->\n<title>Eclisse, l\u2019Osservatorio di Torino ha raccolto dati in Messico<\/title>\n<meta name=\"description\" content=\"L&#039;Osservatorio Astrofisico di Torino ha organizzato una campagna per l\u2019osservazione in Messico dell\u2019eclisse totale di Sole dell\u20198 Aprile.\" \/>\n<meta name=\"robots\" content=\"index, follow, max-snippet:-1, max-image-preview:large, max-video-preview:-1\" \/>\n<link rel=\"canonical\" href=\"https:\/\/puntodincontro.mx\/es\/2024\/04\/10\/eclipse-el-observatorio-de-turin-recopilo-datos-en-mexico2\/\" \/>\n<meta property=\"og:locale\" content=\"es_MX\" \/>\n<meta property=\"og:type\" content=\"article\" \/>\n<meta property=\"og:title\" content=\"Eclisse, l&#039;Osservatorio di Torino ha raccolto dati in Messico\" \/>\n<meta property=\"og:description\" content=\"L&#039;Osservatorio Astrofisico di Torino ha organizzato una campagna per l\u2019osservazione in Messico dell\u2019eclisse totale di Sole dell\u20198 Aprile.\" \/>\n<meta property=\"og:url\" content=\"https:\/\/puntodincontro.mx\/es\/2024\/04\/10\/eclipse-el-observatorio-de-turin-recopilo-datos-en-mexico2\/\" \/>\n<meta property=\"og:site_name\" content=\"Puntodincontro\" \/>\n<meta property=\"article:publisher\" content=\"https:\/\/www.facebook.com\/puntodincontro.mx\" \/>\n<meta property=\"article:published_time\" content=\"2024-04-10T18:57:01+00:00\" \/>\n<meta property=\"article:modified_time\" content=\"2024-04-10T19:08:46+00:00\" \/>\n<meta property=\"og:image\" content=\"https:\/\/puntodincontro.mx\/wp-content\/uploads\/2024\/04\/eclissestrumenticomp2.jpg\" \/>\n\t<meta property=\"og:image:width\" content=\"932\" \/>\n\t<meta property=\"og:image:height\" content=\"488\" \/>\n\t<meta property=\"og:image:type\" content=\"image\/jpeg\" \/>\n<meta name=\"author\" content=\"Puntodincontro\" \/>\n<meta name=\"twitter:card\" content=\"summary_large_image\" \/>\n<meta name=\"twitter:creator\" content=\"@puntodincontro\" \/>\n<meta name=\"twitter:site\" content=\"@puntodincontro\" \/>\n<meta name=\"twitter:label1\" content=\"Escrito por\" \/>\n\t<meta name=\"twitter:data1\" content=\"Puntodincontro\" \/>\n\t<meta name=\"twitter:label2\" content=\"Tiempo de lectura\" \/>\n\t<meta name=\"twitter:data2\" content=\"2 minutos\" \/>\n<script type=\"application\/ld+json\" class=\"yoast-schema-graph\">{\"@context\":\"https:\/\/schema.org\",\"@graph\":[{\"@type\":\"NewsArticle\",\"@id\":\"https:\/\/puntodincontro.mx\/2024\/04\/10\/eclisse-losservatorio-di-torino-ha-raccolto-dati-in-messico2\/#article\",\"isPartOf\":{\"@id\":\"https:\/\/puntodincontro.mx\/2024\/04\/10\/eclisse-losservatorio-di-torino-ha-raccolto-dati-in-messico2\/\"},\"author\":{\"name\":\"Puntodincontro\",\"@id\":\"https:\/\/puntodincontro.mx\/#\/schema\/person\/d3066d18a16259cbb0c29b0d0e93b556\"},\"headline\":\"Eclisse, l&#8217;Osservatorio di Torino ha raccolto dati in Messico\",\"datePublished\":\"2024-04-10T18:57:01+00:00\",\"dateModified\":\"2024-04-10T19:08:46+00:00\",\"mainEntityOfPage\":{\"@id\":\"https:\/\/puntodincontro.mx\/2024\/04\/10\/eclisse-losservatorio-di-torino-ha-raccolto-dati-in-messico2\/\"},\"wordCount\":360,\"commentCount\":0,\"publisher\":{\"@id\":\"https:\/\/puntodincontro.mx\/#organization\"},\"image\":{\"@id\":\"https:\/\/puntodincontro.mx\/2024\/04\/10\/eclisse-losservatorio-di-torino-ha-raccolto-dati-in-messico2\/#primaryimage\"},\"thumbnailUrl\":\"https:\/\/puntodincontro.mx\/wp-content\/uploads\/2024\/04\/eclissestrumentivert.webp\",\"articleSection\":[\"Scienza e tecnologia\"],\"inLanguage\":\"es\",\"potentialAction\":[{\"@type\":\"CommentAction\",\"name\":\"Comment\",\"target\":[\"https:\/\/puntodincontro.mx\/2024\/04\/10\/eclisse-losservatorio-di-torino-ha-raccolto-dati-in-messico2\/#respond\"]}]},{\"@type\":\"WebPage\",\"@id\":\"https:\/\/puntodincontro.mx\/2024\/04\/10\/eclisse-losservatorio-di-torino-ha-raccolto-dati-in-messico2\/\",\"url\":\"https:\/\/puntodincontro.mx\/2024\/04\/10\/eclisse-losservatorio-di-torino-ha-raccolto-dati-in-messico2\/\",\"name\":\"Eclisse, l\u2019Osservatorio di Torino ha raccolto dati in Messico\",\"isPartOf\":{\"@id\":\"https:\/\/puntodincontro.mx\/#website\"},\"primaryImageOfPage\":{\"@id\":\"https:\/\/puntodincontro.mx\/2024\/04\/10\/eclisse-losservatorio-di-torino-ha-raccolto-dati-in-messico2\/#primaryimage\"},\"image\":{\"@id\":\"https:\/\/puntodincontro.mx\/2024\/04\/10\/eclisse-losservatorio-di-torino-ha-raccolto-dati-in-messico2\/#primaryimage\"},\"thumbnailUrl\":\"https:\/\/puntodincontro.mx\/wp-content\/uploads\/2024\/04\/eclissestrumentivert.webp\",\"datePublished\":\"2024-04-10T18:57:01+00:00\",\"dateModified\":\"2024-04-10T19:08:46+00:00\",\"description\":\"L'Osservatorio Astrofisico di Torino ha organizzato una campagna per l\u2019osservazione in Messico dell\u2019eclisse totale di Sole dell\u20198 Aprile.\",\"breadcrumb\":{\"@id\":\"https:\/\/puntodincontro.mx\/2024\/04\/10\/eclisse-losservatorio-di-torino-ha-raccolto-dati-in-messico2\/#breadcrumb\"},\"inLanguage\":\"es\",\"potentialAction\":[{\"@type\":\"ReadAction\",\"target\":[\"https:\/\/puntodincontro.mx\/2024\/04\/10\/eclisse-losservatorio-di-torino-ha-raccolto-dati-in-messico2\/\"]}]},{\"@type\":\"ImageObject\",\"inLanguage\":\"es\",\"@id\":\"https:\/\/puntodincontro.mx\/2024\/04\/10\/eclisse-losservatorio-di-torino-ha-raccolto-dati-in-messico2\/#primaryimage\",\"url\":\"https:\/\/puntodincontro.mx\/wp-content\/uploads\/2024\/04\/eclissestrumentivert.webp\",\"contentUrl\":\"https:\/\/puntodincontro.mx\/wp-content\/uploads\/2024\/04\/eclissestrumentivert.webp\",\"width\":423,\"height\":488,\"caption\":\"Eclisse, l'Osservatorio di Torino ha raccolto dati in Messico \/ Foto: torino.corriere.it\"},{\"@type\":\"BreadcrumbList\",\"@id\":\"https:\/\/puntodincontro.mx\/2024\/04\/10\/eclisse-losservatorio-di-torino-ha-raccolto-dati-in-messico2\/#breadcrumb\",\"itemListElement\":[{\"@type\":\"ListItem\",\"position\":1,\"name\":\"Home\",\"item\":\"https:\/\/puntodincontro.mx\/\"},{\"@type\":\"ListItem\",\"position\":2,\"name\":\"Eclisse, l&#8217;Osservatorio di Torino ha raccolto dati in Messico\"}]},{\"@type\":\"WebSite\",\"@id\":\"https:\/\/puntodincontro.mx\/#website\",\"url\":\"https:\/\/puntodincontro.mx\/\",\"name\":\"Puntodincontro\",\"description\":\"Dal 2006 notizie sui rapporti Italia-Messico \/ Desde 2006 noticias sobre las relaciones entre Italia y M\u00e9xico\",\"publisher\":{\"@id\":\"https:\/\/puntodincontro.mx\/#organization\"},\"potentialAction\":[{\"@type\":\"SearchAction\",\"target\":{\"@type\":\"EntryPoint\",\"urlTemplate\":\"https:\/\/puntodincontro.mx\/?s={search_term_string}\"},\"query-input\":{\"@type\":\"PropertyValueSpecification\",\"valueRequired\":true,\"valueName\":\"search_term_string\"}}],\"inLanguage\":\"es\"},{\"@type\":\"Organization\",\"@id\":\"https:\/\/puntodincontro.mx\/#organization\",\"name\":\"Puntodincontro\",\"url\":\"https:\/\/puntodincontro.mx\/\",\"logo\":{\"@type\":\"ImageObject\",\"inLanguage\":\"es\",\"@id\":\"https:\/\/puntodincontro.mx\/#\/schema\/logo\/image\/\",\"url\":\"https:\/\/puntodincontro.mx\/wp-content\/uploads\/2021\/08\/Default-image-for-open-graph-settings.jpg\",\"contentUrl\":\"https:\/\/puntodincontro.mx\/wp-content\/uploads\/2021\/08\/Default-image-for-open-graph-settings.jpg\",\"width\":1200,\"height\":630,\"caption\":\"Puntodincontro\"},\"image\":{\"@id\":\"https:\/\/puntodincontro.mx\/#\/schema\/logo\/image\/\"},\"sameAs\":[\"https:\/\/www.facebook.com\/puntodincontro.mx\",\"https:\/\/x.com\/puntodincontro\",\"https:\/\/www.instagram.com\/puntodincontro.mx\/\",\"https:\/\/www.linkedin.com\/company\/puntodincontro\/\",\"https:\/\/www.youtube.com\/c\/puntodincontromessico\",\"https:\/\/www.patreon.com\/puntodincontro\",\"https:\/\/www.threads.net\/@puntodincontro.mx\"]},{\"@type\":\"Person\",\"@id\":\"https:\/\/puntodincontro.mx\/#\/schema\/person\/d3066d18a16259cbb0c29b0d0e93b556\",\"name\":\"Puntodincontro\",\"image\":{\"@type\":\"ImageObject\",\"inLanguage\":\"es\",\"@id\":\"https:\/\/puntodincontro.mx\/#\/schema\/person\/image\/\",\"url\":\"https:\/\/secure.gravatar.com\/avatar\/0e85b4b3b5e9d6bfcec6a4956d8cc63a?s=96&d=mm&r=g\",\"contentUrl\":\"https:\/\/secure.gravatar.com\/avatar\/0e85b4b3b5e9d6bfcec6a4956d8cc63a?s=96&d=mm&r=g\",\"caption\":\"Puntodincontro\"},\"url\":\"https:\/\/puntodincontro.mx\/es\/author\/puntodincontro\/\"}]}<\/script>\n<!-- \/ Yoast SEO Premium plugin. -->","yoast_head_json":{"title":"Eclipse, el Observatorio de Tur\u00edn recopil\u00f3 datos en M\u00e9xico","description":"L'Osservatorio Astrofisico di Torino ha organizzato una campagna per l\u2019osservazione in Messico dell\u2019eclisse totale di Sole dell\u20198 Aprile.","robots":{"index":"index","follow":"follow","max-snippet":"max-snippet:-1","max-image-preview":"max-image-preview:large","max-video-preview":"max-video-preview:-1"},"canonical":"https:\/\/puntodincontro.mx\/es\/2024\/04\/10\/eclipse-el-observatorio-de-turin-recopilo-datos-en-mexico2\/","og_locale":"es_MX","og_type":"article","og_title":"Eclisse, l'Osservatorio di Torino ha raccolto dati in Messico","og_description":"L'Osservatorio Astrofisico di Torino ha organizzato una campagna per l\u2019osservazione in Messico dell\u2019eclisse totale di Sole dell\u20198 Aprile.","og_url":"https:\/\/puntodincontro.mx\/es\/2024\/04\/10\/eclipse-el-observatorio-de-turin-recopilo-datos-en-mexico2\/","og_site_name":"Puntodincontro","article_publisher":"https:\/\/www.facebook.com\/puntodincontro.mx","article_published_time":"2024-04-10T18:57:01+00:00","article_modified_time":"2024-04-10T19:08:46+00:00","og_image":[{"width":932,"height":488,"url":"https:\/\/puntodincontro.mx\/wp-content\/uploads\/2024\/04\/eclissestrumenticomp2.jpg","type":"image\/jpeg"}],"author":"Puntodincontro","twitter_card":"summary_large_image","twitter_creator":"@puntodincontro","twitter_site":"@puntodincontro","twitter_misc":{"Escrito por":"Puntodincontro","Tiempo de lectura":"2 minutos"},"schema":{"@context":"https:\/\/schema.org","@graph":[{"@type":"NewsArticle","@id":"https:\/\/puntodincontro.mx\/2024\/04\/10\/eclisse-losservatorio-di-torino-ha-raccolto-dati-in-messico2\/#article","isPartOf":{"@id":"https:\/\/puntodincontro.mx\/2024\/04\/10\/eclisse-losservatorio-di-torino-ha-raccolto-dati-in-messico2\/"},"author":{"name":"Puntodincontro","@id":"https:\/\/puntodincontro.mx\/#\/schema\/person\/d3066d18a16259cbb0c29b0d0e93b556"},"headline":"Eclisse, l&#8217;Osservatorio di Torino ha raccolto dati in Messico","datePublished":"2024-04-10T18:57:01+00:00","dateModified":"2024-04-10T19:08:46+00:00","mainEntityOfPage":{"@id":"https:\/\/puntodincontro.mx\/2024\/04\/10\/eclisse-losservatorio-di-torino-ha-raccolto-dati-in-messico2\/"},"wordCount":360,"commentCount":0,"publisher":{"@id":"https:\/\/puntodincontro.mx\/#organization"},"image":{"@id":"https:\/\/puntodincontro.mx\/2024\/04\/10\/eclisse-losservatorio-di-torino-ha-raccolto-dati-in-messico2\/#primaryimage"},"thumbnailUrl":"https:\/\/puntodincontro.mx\/wp-content\/uploads\/2024\/04\/eclissestrumentivert.webp","articleSection":["Scienza e tecnologia"],"inLanguage":"es","potentialAction":[{"@type":"CommentAction","name":"Comment","target":["https:\/\/puntodincontro.mx\/2024\/04\/10\/eclisse-losservatorio-di-torino-ha-raccolto-dati-in-messico2\/#respond"]}]},{"@type":"WebPage","@id":"https:\/\/puntodincontro.mx\/2024\/04\/10\/eclisse-losservatorio-di-torino-ha-raccolto-dati-in-messico2\/","url":"https:\/\/puntodincontro.mx\/2024\/04\/10\/eclisse-losservatorio-di-torino-ha-raccolto-dati-in-messico2\/","name":"Eclipse, el Observatorio de Tur\u00edn recopil\u00f3 datos en M\u00e9xico","isPartOf":{"@id":"https:\/\/puntodincontro.mx\/#website"},"primaryImageOfPage":{"@id":"https:\/\/puntodincontro.mx\/2024\/04\/10\/eclisse-losservatorio-di-torino-ha-raccolto-dati-in-messico2\/#primaryimage"},"image":{"@id":"https:\/\/puntodincontro.mx\/2024\/04\/10\/eclisse-losservatorio-di-torino-ha-raccolto-dati-in-messico2\/#primaryimage"},"thumbnailUrl":"https:\/\/puntodincontro.mx\/wp-content\/uploads\/2024\/04\/eclissestrumentivert.webp","datePublished":"2024-04-10T18:57:01+00:00","dateModified":"2024-04-10T19:08:46+00:00","description":"L'Osservatorio Astrofisico di Torino ha organizzato una campagna per l\u2019osservazione in Messico dell\u2019eclisse totale di Sole dell\u20198 Aprile.","breadcrumb":{"@id":"https:\/\/puntodincontro.mx\/2024\/04\/10\/eclisse-losservatorio-di-torino-ha-raccolto-dati-in-messico2\/#breadcrumb"},"inLanguage":"es","potentialAction":[{"@type":"ReadAction","target":["https:\/\/puntodincontro.mx\/2024\/04\/10\/eclisse-losservatorio-di-torino-ha-raccolto-dati-in-messico2\/"]}]},{"@type":"ImageObject","inLanguage":"es","@id":"https:\/\/puntodincontro.mx\/2024\/04\/10\/eclisse-losservatorio-di-torino-ha-raccolto-dati-in-messico2\/#primaryimage","url":"https:\/\/puntodincontro.mx\/wp-content\/uploads\/2024\/04\/eclissestrumentivert.webp","contentUrl":"https:\/\/puntodincontro.mx\/wp-content\/uploads\/2024\/04\/eclissestrumentivert.webp","width":423,"height":488,"caption":"Eclisse, l'Osservatorio di Torino ha raccolto dati in Messico \/ Foto: torino.corriere.it"},{"@type":"BreadcrumbList","@id":"https:\/\/puntodincontro.mx\/2024\/04\/10\/eclisse-losservatorio-di-torino-ha-raccolto-dati-in-messico2\/#breadcrumb","itemListElement":[{"@type":"ListItem","position":1,"name":"Home","item":"https:\/\/puntodincontro.mx\/"},{"@type":"ListItem","position":2,"name":"Eclisse, l&#8217;Osservatorio di Torino ha raccolto dati in Messico"}]},{"@type":"WebSite","@id":"https:\/\/puntodincontro.mx\/#website","url":"https:\/\/puntodincontro.mx\/","name":"Puntodincontro","description":"Desde el 2006 noticias sobre las relaciones entre Italia y M\u00e9xico \/ Dal 2006 notizie sui rapporti Italia-Messico","publisher":{"@id":"https:\/\/puntodincontro.mx\/#organization"},"potentialAction":[{"@type":"SearchAction","target":{"@type":"EntryPoint","urlTemplate":"https:\/\/puntodincontro.mx\/?s={search_term_string}"},"query-input":{"@type":"PropertyValueSpecification","valueRequired":true,"valueName":"search_term_string"}}],"inLanguage":"es"},{"@type":"Organization","@id":"https:\/\/puntodincontro.mx\/#organization","name":"Puntodincontro","url":"https:\/\/puntodincontro.mx\/","logo":{"@type":"ImageObject","inLanguage":"es","@id":"https:\/\/puntodincontro.mx\/#\/schema\/logo\/image\/","url":"https:\/\/puntodincontro.mx\/wp-content\/uploads\/2021\/08\/Default-image-for-open-graph-settings.jpg","contentUrl":"https:\/\/puntodincontro.mx\/wp-content\/uploads\/2021\/08\/Default-image-for-open-graph-settings.jpg","width":1200,"height":630,"caption":"Puntodincontro"},"image":{"@id":"https:\/\/puntodincontro.mx\/#\/schema\/logo\/image\/"},"sameAs":["https:\/\/www.facebook.com\/puntodincontro.mx","https:\/\/x.com\/puntodincontro","https:\/\/www.instagram.com\/puntodincontro.mx\/","https:\/\/www.linkedin.com\/company\/puntodincontro\/","https:\/\/www.youtube.com\/c\/puntodincontromessico","https:\/\/www.patreon.com\/puntodincontro","https:\/\/www.threads.net\/@puntodincontro.mx"]},{"@type":"Person","@id":"https:\/\/puntodincontro.mx\/#\/schema\/person\/d3066d18a16259cbb0c29b0d0e93b556","name":"Puntodincontro","image":{"@type":"ImageObject","inLanguage":"es","@id":"https:\/\/puntodincontro.mx\/#\/schema\/person\/image\/","url":"https:\/\/secure.gravatar.com\/avatar\/0e85b4b3b5e9d6bfcec6a4956d8cc63a?s=96&d=mm&r=g","contentUrl":"https:\/\/secure.gravatar.com\/avatar\/0e85b4b3b5e9d6bfcec6a4956d8cc63a?s=96&d=mm&r=g","caption":"Puntodincontro"},"url":"https:\/\/puntodincontro.mx\/es\/author\/puntodincontro\/"}]}},"_links":{"self":[{"href":"https:\/\/puntodincontro.mx\/es\/wp-json\/wp\/v2\/posts\/18899"}],"collection":[{"href":"https:\/\/puntodincontro.mx\/es\/wp-json\/wp\/v2\/posts"}],"about":[{"href":"https:\/\/puntodincontro.mx\/es\/wp-json\/wp\/v2\/types\/post"}],"author":[{"embeddable":true,"href":"https:\/\/puntodincontro.mx\/es\/wp-json\/wp\/v2\/users\/2"}],"replies":[{"embeddable":true,"href":"https:\/\/puntodincontro.mx\/es\/wp-json\/wp\/v2\/comments?post=18899"}],"version-history":[{"count":7,"href":"https:\/\/puntodincontro.mx\/es\/wp-json\/wp\/v2\/posts\/18899\/revisions"}],"predecessor-version":[{"id":18909,"href":"https:\/\/puntodincontro.mx\/es\/wp-json\/wp\/v2\/posts\/18899\/revisions\/18909"}],"wp:featuredmedia":[{"embeddable":true,"href":"https:\/\/puntodincontro.mx\/es\/wp-json\/wp\/v2\/media\/18907"}],"wp:attachment":[{"href":"https:\/\/puntodincontro.mx\/es\/wp-json\/wp\/v2\/media?parent=18899"}],"wp:term":[{"taxonomy":"category","embeddable":true,"href":"https:\/\/puntodincontro.mx\/es\/wp-json\/wp\/v2\/categories?post=18899"},{"taxonomy":"post_tag","embeddable":true,"href":"https:\/\/puntodincontro.mx\/es\/wp-json\/wp\/v2\/tags?post=18899"}],"curies":[{"name":"wp","href":"https:\/\/api.w.org\/{rel}","templated":true}]}}