{"id":18999,"date":"2024-04-13T19:06:40","date_gmt":"2024-04-14T00:06:40","guid":{"rendered":"https:\/\/puntodincontro.mx\/?p=18999"},"modified":"2024-04-13T20:30:54","modified_gmt":"2024-04-14T01:30:54","slug":"puebla-dos-expertos-italianos-en-el-foro-para-la-conservacion-del-patrimonio","status":"publish","type":"post","link":"https:\/\/puntodincontro.mx\/es\/2024\/04\/13\/puebla-due-esperti-italiani-al-forum-per-la-conservazione-del-patrimonio\/","title":{"rendered":"Puebla, dos expertos italianos en el Foro para la conservaci\u00f3n del patrimonio"},"content":{"rendered":"<p class=\"translation-block\"><strong>17:10 hrs.<\/strong> - Los d\u00edas 18 y 19 de abril, en la ciudad mexicana de Puebla, los expertos italianos Giovanni Cangi y Duccio Sanesi participar\u00e1n en la cuarta edici\u00f3n del Foro Internacional para la Innovaci\u00f3n, la Renovaci\u00f3n y la Conservaci\u00f3n del Patrimonio, evento organizado por la Secretar\u00eda de Cultura y el Centro INAH de Puebla con la C\u00e1mara Mexicana de la Industria de la Construcci\u00f3n que reunir\u00e1 en cuatro mesas de di\u00e1logo a especialistas, investigadores y t\u00e9cnicos en materia de salvaguardia del patrimonio cultural de las naciones.<\/p>\n\n\n\n<p class=\"translation-block\">Denominado <em>Retos y desaf\u00edos en la gesti\u00f3n del patrimonio material e inmaterial<\/em>, el evento \u2014coordinado por la arquitecta Leticia Balbuena Flores, quien tom\u00f3 contacto con Cangi\u2014 se llevar\u00e1 a cabo en el Museo Fuerte de Guadalupe y estar\u00e1 dedicado al intercambio de conocimientos y experiencias para avanzar en pr\u00e1cticas efectivas de preservaci\u00f3n.<\/p>\n\n\n\n<p>Las mesas estar\u00e1n dedicadas a la restauraci\u00f3n a trav\u00e9s de la identidad cultural mediante la rehabilitaci\u00f3n arquitect\u00f3nica (moderada por Catalina Montiel y Cecilia Vel\u00e1zquez); las t\u00e9cnicas para la intervenci\u00f3n simult\u00e1nea a la rehabilitaci\u00f3n arquitect\u00f3nica (moderada por Cecilia Vel\u00e1zquez); las asociaciones civiles como organismo coadyuvante en la gesti\u00f3n del patrimonio (moderada por Manuel Alfonso Melgarejo) y la gesti\u00f3n de tradiciones y bienes inmateriales (moderada por Rafael Navarro y Jos\u00e9 Ren\u00e9 Tabarez).<\/p>\n\n\n\n<p>Cangi, quien ser\u00e1 el relator en la primera conferencia magistral del programa, abordar\u00e1 el tema de los problemas estructurales relacionados con la restauraci\u00f3n y consolidaci\u00f3n de edificios monumentales hist\u00f3ricos en zonas s\u00edsmicas y en el campo arqueol\u00f3gico.<\/p>\n\n\n\n<p>Sanesi, en cambio, ofrecer\u00e1 una disertaci\u00f3n sobre la protecci\u00f3n de los murales cer\u00e1micos de Philips en Valencia, Espa\u00f1a.<\/p>\n\n\n\n<p>Giovanni Cangi es ingeniero civil, libre profesionista e investigador asociado en el Instituto de Ciencias del Patrimonio Cultural del Consejo Nacional de Investigaciones de Italia. Desarrolla sus actividades profesionales desde 1985, ocup\u00e1ndose principalmente de intervenciones de recuperaci\u00f3n y consolidaci\u00f3n antis\u00edsmicas en edificios hist\u00f3ricos.<\/p>\n\n\n\n<p>Tras haber obtenido el t\u00edtulo de Operador de bienes culturales en la facultad de Letras y Filosof\u00eda de la Universidad de Florencia, Duccio Sanesi complet\u00f3 su curr\u00edculum acad\u00e9mico con dos maestr\u00edas \u2014en restauraci\u00f3n del patrimonio hist\u00f3rico-art\u00edstico y en autentificaci\u00f3n del arte\u2014 cursadas en la Universitat Polit\u00e8cnica de Val\u00e8ncia. Desde que reside en Espa\u00f1a, ha realizado m\u00faltiples intervenciones en el campo de la restauraci\u00f3n, rehabilitaci\u00f3n, montaje, desmontaje y catalogaci\u00f3n de monumentos y obras hist\u00f3ricas.<\/p>\n\n\n\n<p class=\"translation-block\">Para mayor informaci\u00f3n e inscripciones <a href=\"https:\/\/www.cmicpuebla.org\/forointernacional\" target=\"_blank\" rel=\"noreferrer noopener\">https:\/\/www.cmicpuebla.org\/forointernacional<\/a>.<\/p>\n\n\n\n<p class=\"has-small-font-size\">Imagen: Puntodincontro<\/p>\n\n\n\n<div style=\"height:12px\" aria-hidden=\"true\" class=\"wp-block-spacer\"><\/div>\n\n\n<!-- Ad space powered by WP AdCenter v2.5.7 - https:\/\/wpadcenter.com\/ --><div class=\"wpadcenter-adgroup\" ><div class=\"wpadcenter-adgroup__row wpadcenter-aligncenter\"><div class=\"wpadcenter-ad-container\" ><div id=\"wpadcenter-ad-18464\" class=\"ad-placement\"><div class=\"wpadcenter-ad-inner\" ><a id=\"wpadcenter_ad\" data-value=\"18464\" data-placement=\"\" href=\"https:\/\/www.productosremo.com\/\" target=\"_blank\" class=\"wpadcenter-ad-inner__item\" ><img decoding=\"async\"   src=\"https:\/\/puntodincontro.mx\/wp-content\/uploads\/2021\/08\/remobanner.jpg\" class=\"attachment-post-thumbnail size-post-thumbnail wp-post-image\" alt=\"\" srcset=\"https:\/\/puntodincontro.mx\/wp-content\/uploads\/2021\/08\/remobanner.jpg 200w, https:\/\/puntodincontro.mx\/wp-content\/uploads\/2021\/08\/remobanner-16x5.jpg 16w\" sizes=\"(max-width: 200px) 100vw, 200px\" \/><\/a><\/div><\/div><\/div><div class=\"wpadcenter-ad-container\" ><div id=\"wpadcenter-ad-5305\" class=\"ad-placement\"><div class=\"wpadcenter-ad-inner\" ><a id=\"wpadcenter_ad\" data-value=\"5305\" data-placement=\"\" href=\"https:\/\/faitalia.com.mx\/\" target=\"_blank\" class=\"wpadcenter-ad-inner__item\" ><img decoding=\"async\"   src=\"https:\/\/puntodincontro.mx\/wp-content\/uploads\/2022\/05\/gruppodino.jpg\" class=\"attachment-post-thumbnail size-post-thumbnail wp-post-image\" alt=\"\" srcset=\"https:\/\/puntodincontro.mx\/wp-content\/uploads\/2022\/05\/gruppodino.jpg 200w, https:\/\/puntodincontro.mx\/wp-content\/uploads\/2022\/05\/gruppodino-18x5.jpg 18w\" sizes=\"(max-width: 200px) 100vw, 200px\" \/><\/a><\/div><\/div><\/div><div class=\"wpadcenter-ad-container\" ><div id=\"wpadcenter-ad-3781\" class=\"ad-placement\"><div class=\"wpadcenter-ad-inner\" ><a id=\"wpadcenter_ad\" data-value=\"3781\" data-placement=\"\" href=\"https:\/\/cannizzo.com.mx\/\" target=\"_blank\" class=\"wpadcenter-ad-inner__item\" ><img decoding=\"async\"   src=\"https:\/\/puntodincontro.mx\/wp-content\/uploads\/2022\/03\/cannizzo2.jpg\" class=\"attachment-post-thumbnail size-post-thumbnail wp-post-image\" alt=\"\" srcset=\"https:\/\/puntodincontro.mx\/wp-content\/uploads\/2022\/03\/cannizzo2.jpg 200w, https:\/\/puntodincontro.mx\/wp-content\/uploads\/2022\/03\/cannizzo2-18x5.jpg 18w\" sizes=\"(max-width: 200px) 100vw, 200px\" \/><\/a><\/div><\/div><\/div><\/div><div class=\"wpadcenter-adgroup__row wpadcenter-aligncenter\"><div class=\"wpadcenter-ad-container\" ><div id=\"wpadcenter-ad-1704\" class=\"ad-placement\"><div class=\"wpadcenter-ad-inner\" ><a id=\"wpadcenter_ad\" data-value=\"1704\" data-placement=\"\" href=\"https:\/\/puntodincontro.mx\/es\/2021\/12\/24\/inps-verificacion-de-supervivencia-de-los-pensionados-en-el-extranjero\/\" target=\"_blank\" class=\"wpadcenter-ad-inner__item\" ><img decoding=\"async\"   src=\"https:\/\/puntodincontro.mx\/wp-content\/uploads\/2021\/11\/logo-ital.jpg\" class=\"attachment-post-thumbnail size-post-thumbnail wp-post-image\" alt=\"Patronato ITAL Messico\" srcset=\"https:\/\/puntodincontro.mx\/wp-content\/uploads\/2021\/11\/logo-ital.jpg 200w, https:\/\/puntodincontro.mx\/wp-content\/uploads\/2021\/11\/logo-ital-16x5.jpg 16w\" sizes=\"(max-width: 200px) 100vw, 200px\" \/><\/a><\/div><\/div><\/div><div class=\"wpadcenter-ad-container\" ><div id=\"wpadcenter-ad-1538\" class=\"ad-placement\"><div class=\"wpadcenter-ad-inner\" ><a id=\"wpadcenter_ad\" data-value=\"1538\" data-placement=\"\" href=\"https:\/\/asociacionitaliana.org\/\" target=\"_blank\" class=\"wpadcenter-ad-inner__item\" ><img decoding=\"async\"   src=\"https:\/\/puntodincontro.mx\/wp-content\/uploads\/2021\/11\/aialogo.jpg\" class=\"attachment-post-thumbnail size-post-thumbnail wp-post-image\" alt=\"Associazione Italiana di Assistenza IAP\" srcset=\"https:\/\/puntodincontro.mx\/wp-content\/uploads\/2021\/11\/aialogo.jpg 200w, https:\/\/puntodincontro.mx\/wp-content\/uploads\/2021\/11\/aialogo-18x5.jpg 18w\" sizes=\"(max-width: 200px) 100vw, 200px\" \/><\/a><\/div><\/div><\/div><div class=\"wpadcenter-ad-container\" ><div id=\"wpadcenter-ad-1513\" class=\"ad-placement\"><div class=\"wpadcenter-ad-inner\" ><a id=\"wpadcenter_ad\" data-value=\"1513\" data-placement=\"\" href=\"https:\/\/gcinmuebles.mx\" target=\"_blank\" class=\"wpadcenter-ad-inner__item\" ><img decoding=\"async\"   src=\"https:\/\/puntodincontro.mx\/wp-content\/uploads\/2021\/10\/gcinmuebleslogopunto-1.jpg\" class=\"attachment-post-thumbnail size-post-thumbnail wp-post-image\" alt=\"\" srcset=\"https:\/\/puntodincontro.mx\/wp-content\/uploads\/2021\/10\/gcinmuebleslogopunto-1.jpg 200w, https:\/\/puntodincontro.mx\/wp-content\/uploads\/2021\/10\/gcinmuebleslogopunto-1-18x5.jpg 18w\" sizes=\"(max-width: 200px) 100vw, 200px\" \/><\/a><\/div><\/div><\/div><\/div><div class=\"wpadcenter-adgroup__row wpadcenter-aligncenter\"><div class=\"wpadcenter-ad-container\" ><div id=\"wpadcenter-ad-1374\" class=\"ad-placement\"><div class=\"wpadcenter-ad-inner\" ><a id=\"wpadcenter_ad\" data-value=\"1374\" data-placement=\"\" href=\"https:\/\/www.9colonne.it\/\" target=\"_blank\" class=\"wpadcenter-ad-inner__item\" ><img decoding=\"async\"   src=\"https:\/\/puntodincontro.mx\/wp-content\/uploads\/2021\/10\/Banner9colonne.gif\" class=\"attachment-post-thumbnail size-post-thumbnail wp-post-image\" alt=\"\" \/><\/a><\/div><\/div><\/div><div class=\"wpadcenter-ad-container\" ><div id=\"wpadcenter-ad-276\" class=\"ad-placement\"><div class=\"wpadcenter-ad-inner\" ><a id=\"wpadcenter_ad\" data-value=\"276\" data-placement=\"\" href=\"http:\/\/www.camaraitaliana.mx\/\" target=\"_blank\" class=\"wpadcenter-ad-inner__item\" ><img decoding=\"async\"   src=\"https:\/\/puntodincontro.mx\/wp-content\/uploads\/2021\/08\/ccimnuovo.jpg\" class=\"attachment-post-thumbnail size-post-thumbnail wp-post-image\" alt=\"\" srcset=\"https:\/\/puntodincontro.mx\/wp-content\/uploads\/2021\/08\/ccimnuovo.jpg 200w, https:\/\/puntodincontro.mx\/wp-content\/uploads\/2021\/08\/ccimnuovo-18x5.jpg 18w\" sizes=\"(max-width: 200px) 100vw, 200px\" \/><\/a><\/div><\/div><\/div><div class=\"wpadcenter-ad-container\" ><div id=\"wpadcenter-ad-272\" class=\"ad-placement\"><div class=\"wpadcenter-ad-inner\" ><a id=\"wpadcenter_ad\" data-value=\"272\" data-placement=\"\" href=\"http:\/\/corix.us\/\" target=\"_blank\" class=\"wpadcenter-ad-inner__item\" ><img decoding=\"async\"   src=\"https:\/\/puntodincontro.mx\/wp-content\/uploads\/2021\/08\/corixbanner-1.jpg\" class=\"attachment-post-thumbnail size-post-thumbnail wp-post-image\" alt=\"\" srcset=\"https:\/\/puntodincontro.mx\/wp-content\/uploads\/2021\/08\/corixbanner-1.jpg 200w, https:\/\/puntodincontro.mx\/wp-content\/uploads\/2021\/08\/corixbanner-1-16x5.jpg 16w\" sizes=\"(max-width: 200px) 100vw, 200px\" \/><\/a><\/div><\/div><\/div><\/div><div class=\"wpadcenter-adgroup__row wpadcenter-aligncenter\"><div class=\"wpadcenter-ad-container\" ><div id=\"wpadcenter-ad-266\" class=\"ad-placement\"><div class=\"wpadcenter-ad-inner\" ><a id=\"wpadcenter_ad\" data-value=\"266\" data-placement=\"\" href=\"https:\/\/www.prinsel.com.mx\/\" target=\"_blank\" class=\"wpadcenter-ad-inner__item\" ><img decoding=\"async\"   src=\"https:\/\/puntodincontro.mx\/wp-content\/uploads\/2021\/08\/prinselbanner-1.jpg\" class=\"attachment-post-thumbnail size-post-thumbnail wp-post-image\" alt=\"\" srcset=\"https:\/\/puntodincontro.mx\/wp-content\/uploads\/2021\/08\/prinselbanner-1.jpg 200w, https:\/\/puntodincontro.mx\/wp-content\/uploads\/2021\/08\/prinselbanner-1-16x5.jpg 16w\" sizes=\"(max-width: 200px) 100vw, 200px\" \/><\/a><\/div><\/div><\/div><div class=\"wpadcenter-ad-container\" ><div id=\"wpadcenter-ad-261\" class=\"ad-placement\"><div class=\"wpadcenter-ad-inner\" ><a id=\"wpadcenter_ad\" data-value=\"261\" data-placement=\"\" href=\"https:\/\/ambcittadelmessico.esteri.it\/ambasciata_cittadelmessico\/it\/\" target=\"_blank\" class=\"wpadcenter-ad-inner__item\" ><img decoding=\"async\"   src=\"https:\/\/puntodincontro.mx\/wp-content\/uploads\/2021\/08\/ambasciatabanner-1.jpg\" class=\"attachment-post-thumbnail size-post-thumbnail wp-post-image\" alt=\"\" srcset=\"https:\/\/puntodincontro.mx\/wp-content\/uploads\/2021\/08\/ambasciatabanner-1.jpg 200w, https:\/\/puntodincontro.mx\/wp-content\/uploads\/2021\/08\/ambasciatabanner-1-16x5.jpg 16w\" sizes=\"(max-width: 200px) 100vw, 200px\" \/><\/a><\/div><\/div><\/div><\/div><\/div>\n\n\n<div style=\"height:12px\" aria-hidden=\"true\" class=\"wp-block-spacer\"><\/div>","protected":false},"excerpt":{"rendered":"<p>Ore 17.10 &#8211; Il 18 e 19 aprile, nella citt\u00e0 messicana di Puebla, gli esperti italiani Giovanni Cangi e Duccio Sanesi parteciperanno alla quarta edizione del Forum internazionale per l&#8217;innovazione, la ristrutturazione e la conservazione del patrimonio, evento organizzato dal ministero della Cultura e il Centro INAH di Puebla con la Camera messicana dell&#8217;industria delle costruzioni che riunir\u00e0 in quattro tavole rotonde specialisti, ricercatori e tecnici nell&#8217;ambito della salvaguardia del patrimonio culturale delle nazioni. Intitolato Sfide ed opportunit\u00e0 nella gestione del patrimonio materiale e immateriale, l&#8217;evento \u2014coordinato dall&#8217;architetta Leticia Balbuena Flores, che ha contattato Cangi\u2014 si svolger\u00e0 presso il Museo&#8230; <\/p>","protected":false},"author":2,"featured_media":19006,"comment_status":"open","ping_status":"open","sticky":false,"template":"","format":"standard","meta":{"_monsterinsights_skip_tracking":false,"_monsterinsights_sitenote_active":false,"_monsterinsights_sitenote_note":"","_monsterinsights_sitenote_category":0,"footnotes":""},"categories":[14],"tags":[],"class_list":["post-18999","post","type-post","status-publish","format-standard","has-post-thumbnail","hentry","category-scienza-e-tecnologia"],"yoast_head":"<!-- This site is optimized with the Yoast SEO Premium plugin v18.4 (Yoast SEO v25.6) - https:\/\/yoast.com\/wordpress\/plugins\/seo\/ -->\n<title>Puebla, esperti italiani al Forum per la salvaguardia del patrimonio<\/title>\n<meta name=\"description\" content=\"A Puebla, Giovanni Cangi e Duccio Sanesi parteciperanno al Forum per l&#039;innovazione, ristrutturazione e conservazione del patrimonio.\" \/>\n<meta name=\"robots\" content=\"index, follow, max-snippet:-1, max-image-preview:large, max-video-preview:-1\" \/>\n<link rel=\"canonical\" href=\"https:\/\/puntodincontro.mx\/es\/2024\/04\/13\/puebla-dos-expertos-italianos-en-el-foro-para-la-conservacion-del-patrimonio\/\" \/>\n<meta property=\"og:locale\" content=\"es_MX\" \/>\n<meta property=\"og:type\" content=\"article\" \/>\n<meta property=\"og:title\" content=\"Puebla, due esperti italiani al Forum per la conservazione del patrimonio\" \/>\n<meta property=\"og:description\" content=\"A Puebla, Giovanni Cangi e Duccio Sanesi parteciperanno al Forum per l&#039;innovazione, ristrutturazione e conservazione del patrimonio.\" \/>\n<meta property=\"og:url\" content=\"https:\/\/puntodincontro.mx\/es\/2024\/04\/13\/puebla-dos-expertos-italianos-en-el-foro-para-la-conservacion-del-patrimonio\/\" \/>\n<meta property=\"og:site_name\" content=\"Puntodincontro\" \/>\n<meta property=\"article:publisher\" content=\"https:\/\/www.facebook.com\/puntodincontro.mx\" \/>\n<meta property=\"article:published_time\" content=\"2024-04-14T00:06:40+00:00\" \/>\n<meta property=\"article:modified_time\" content=\"2024-04-14T01:30:54+00:00\" \/>\n<meta property=\"og:image\" content=\"https:\/\/puntodincontro.mx\/wp-content\/uploads\/2024\/04\/espertiitalianicomp.jpg\" \/>\n\t<meta property=\"og:image:width\" content=\"932\" \/>\n\t<meta property=\"og:image:height\" content=\"488\" \/>\n\t<meta property=\"og:image:type\" content=\"image\/jpeg\" \/>\n<meta name=\"author\" content=\"Puntodincontro\" \/>\n<meta name=\"twitter:card\" content=\"summary_large_image\" \/>\n<meta name=\"twitter:creator\" content=\"@puntodincontro\" \/>\n<meta name=\"twitter:site\" content=\"@puntodincontro\" \/>\n<meta name=\"twitter:label1\" content=\"Escrito por\" \/>\n\t<meta name=\"twitter:data1\" content=\"Puntodincontro\" \/>\n\t<meta name=\"twitter:label2\" content=\"Tiempo de lectura\" \/>\n\t<meta name=\"twitter:data2\" content=\"2 minutos\" \/>\n<script type=\"application\/ld+json\" class=\"yoast-schema-graph\">{\"@context\":\"https:\/\/schema.org\",\"@graph\":[{\"@type\":\"NewsArticle\",\"@id\":\"https:\/\/puntodincontro.mx\/2024\/04\/13\/puebla-due-esperti-italiani-al-forum-per-la-conservazione-del-patrimonio\/#article\",\"isPartOf\":{\"@id\":\"https:\/\/puntodincontro.mx\/2024\/04\/13\/puebla-due-esperti-italiani-al-forum-per-la-conservazione-del-patrimonio\/\"},\"author\":{\"name\":\"Puntodincontro\",\"@id\":\"https:\/\/puntodincontro.mx\/#\/schema\/person\/d3066d18a16259cbb0c29b0d0e93b556\"},\"headline\":\"Puebla, due esperti italiani al Forum per la conservazione del patrimonio\",\"datePublished\":\"2024-04-14T00:06:40+00:00\",\"dateModified\":\"2024-04-14T01:30:54+00:00\",\"mainEntityOfPage\":{\"@id\":\"https:\/\/puntodincontro.mx\/2024\/04\/13\/puebla-due-esperti-italiani-al-forum-per-la-conservazione-del-patrimonio\/\"},\"wordCount\":376,\"commentCount\":0,\"publisher\":{\"@id\":\"https:\/\/puntodincontro.mx\/#organization\"},\"image\":{\"@id\":\"https:\/\/puntodincontro.mx\/2024\/04\/13\/puebla-due-esperti-italiani-al-forum-per-la-conservazione-del-patrimonio\/#primaryimage\"},\"thumbnailUrl\":\"https:\/\/puntodincontro.mx\/wp-content\/uploads\/2024\/04\/espertiitalianivert.webp\",\"articleSection\":[\"Scienza e tecnologia\"],\"inLanguage\":\"es\",\"potentialAction\":[{\"@type\":\"CommentAction\",\"name\":\"Comment\",\"target\":[\"https:\/\/puntodincontro.mx\/2024\/04\/13\/puebla-due-esperti-italiani-al-forum-per-la-conservazione-del-patrimonio\/#respond\"]}]},{\"@type\":\"WebPage\",\"@id\":\"https:\/\/puntodincontro.mx\/2024\/04\/13\/puebla-due-esperti-italiani-al-forum-per-la-conservazione-del-patrimonio\/\",\"url\":\"https:\/\/puntodincontro.mx\/2024\/04\/13\/puebla-due-esperti-italiani-al-forum-per-la-conservazione-del-patrimonio\/\",\"name\":\"Puebla, esperti italiani al Forum per la salvaguardia del patrimonio\",\"isPartOf\":{\"@id\":\"https:\/\/puntodincontro.mx\/#website\"},\"primaryImageOfPage\":{\"@id\":\"https:\/\/puntodincontro.mx\/2024\/04\/13\/puebla-due-esperti-italiani-al-forum-per-la-conservazione-del-patrimonio\/#primaryimage\"},\"image\":{\"@id\":\"https:\/\/puntodincontro.mx\/2024\/04\/13\/puebla-due-esperti-italiani-al-forum-per-la-conservazione-del-patrimonio\/#primaryimage\"},\"thumbnailUrl\":\"https:\/\/puntodincontro.mx\/wp-content\/uploads\/2024\/04\/espertiitalianivert.webp\",\"datePublished\":\"2024-04-14T00:06:40+00:00\",\"dateModified\":\"2024-04-14T01:30:54+00:00\",\"description\":\"A Puebla, Giovanni Cangi e Duccio Sanesi parteciperanno al Forum per l'innovazione, ristrutturazione e conservazione del patrimonio.\",\"breadcrumb\":{\"@id\":\"https:\/\/puntodincontro.mx\/2024\/04\/13\/puebla-due-esperti-italiani-al-forum-per-la-conservazione-del-patrimonio\/#breadcrumb\"},\"inLanguage\":\"es\",\"potentialAction\":[{\"@type\":\"ReadAction\",\"target\":[\"https:\/\/puntodincontro.mx\/2024\/04\/13\/puebla-due-esperti-italiani-al-forum-per-la-conservazione-del-patrimonio\/\"]}]},{\"@type\":\"ImageObject\",\"inLanguage\":\"es\",\"@id\":\"https:\/\/puntodincontro.mx\/2024\/04\/13\/puebla-due-esperti-italiani-al-forum-per-la-conservazione-del-patrimonio\/#primaryimage\",\"url\":\"https:\/\/puntodincontro.mx\/wp-content\/uploads\/2024\/04\/espertiitalianivert.webp\",\"contentUrl\":\"https:\/\/puntodincontro.mx\/wp-content\/uploads\/2024\/04\/espertiitalianivert.webp\",\"width\":423,\"height\":488,\"caption\":\"Puebla, due esperti italiani al Forum per la conservazione del patrimonio \/ Immagine: Puntodincontro\"},{\"@type\":\"BreadcrumbList\",\"@id\":\"https:\/\/puntodincontro.mx\/2024\/04\/13\/puebla-due-esperti-italiani-al-forum-per-la-conservazione-del-patrimonio\/#breadcrumb\",\"itemListElement\":[{\"@type\":\"ListItem\",\"position\":1,\"name\":\"Home\",\"item\":\"https:\/\/puntodincontro.mx\/\"},{\"@type\":\"ListItem\",\"position\":2,\"name\":\"Puebla, due esperti italiani al Forum per la conservazione del patrimonio\"}]},{\"@type\":\"WebSite\",\"@id\":\"https:\/\/puntodincontro.mx\/#website\",\"url\":\"https:\/\/puntodincontro.mx\/\",\"name\":\"Puntodincontro\",\"description\":\"Dal 2006 notizie sui rapporti Italia-Messico \/ Desde 2006 noticias sobre las relaciones entre Italia y M\u00e9xico\",\"publisher\":{\"@id\":\"https:\/\/puntodincontro.mx\/#organization\"},\"potentialAction\":[{\"@type\":\"SearchAction\",\"target\":{\"@type\":\"EntryPoint\",\"urlTemplate\":\"https:\/\/puntodincontro.mx\/?s={search_term_string}\"},\"query-input\":{\"@type\":\"PropertyValueSpecification\",\"valueRequired\":true,\"valueName\":\"search_term_string\"}}],\"inLanguage\":\"es\"},{\"@type\":\"Organization\",\"@id\":\"https:\/\/puntodincontro.mx\/#organization\",\"name\":\"Puntodincontro\",\"url\":\"https:\/\/puntodincontro.mx\/\",\"logo\":{\"@type\":\"ImageObject\",\"inLanguage\":\"es\",\"@id\":\"https:\/\/puntodincontro.mx\/#\/schema\/logo\/image\/\",\"url\":\"https:\/\/puntodincontro.mx\/wp-content\/uploads\/2021\/08\/Default-image-for-open-graph-settings.jpg\",\"contentUrl\":\"https:\/\/puntodincontro.mx\/wp-content\/uploads\/2021\/08\/Default-image-for-open-graph-settings.jpg\",\"width\":1200,\"height\":630,\"caption\":\"Puntodincontro\"},\"image\":{\"@id\":\"https:\/\/puntodincontro.mx\/#\/schema\/logo\/image\/\"},\"sameAs\":[\"https:\/\/www.facebook.com\/puntodincontro.mx\",\"https:\/\/x.com\/puntodincontro\",\"https:\/\/www.instagram.com\/puntodincontro.mx\/\",\"https:\/\/www.linkedin.com\/company\/puntodincontro\/\",\"https:\/\/www.youtube.com\/c\/puntodincontromessico\",\"https:\/\/www.patreon.com\/puntodincontro\",\"https:\/\/www.threads.net\/@puntodincontro.mx\"]},{\"@type\":\"Person\",\"@id\":\"https:\/\/puntodincontro.mx\/#\/schema\/person\/d3066d18a16259cbb0c29b0d0e93b556\",\"name\":\"Puntodincontro\",\"image\":{\"@type\":\"ImageObject\",\"inLanguage\":\"es\",\"@id\":\"https:\/\/puntodincontro.mx\/#\/schema\/person\/image\/\",\"url\":\"https:\/\/secure.gravatar.com\/avatar\/0e85b4b3b5e9d6bfcec6a4956d8cc63a?s=96&d=mm&r=g\",\"contentUrl\":\"https:\/\/secure.gravatar.com\/avatar\/0e85b4b3b5e9d6bfcec6a4956d8cc63a?s=96&d=mm&r=g\",\"caption\":\"Puntodincontro\"},\"url\":\"https:\/\/puntodincontro.mx\/es\/author\/puntodincontro\/\"}]}<\/script>\n<!-- \/ Yoast SEO Premium plugin. -->","yoast_head_json":{"title":"Puebla, expertos italianos en el Foro para la conservaci\u00f3n del patrimonio","description":"A Puebla, Giovanni Cangi e Duccio Sanesi parteciperanno al Forum per l'innovazione, ristrutturazione e conservazione del patrimonio.","robots":{"index":"index","follow":"follow","max-snippet":"max-snippet:-1","max-image-preview":"max-image-preview:large","max-video-preview":"max-video-preview:-1"},"canonical":"https:\/\/puntodincontro.mx\/es\/2024\/04\/13\/puebla-dos-expertos-italianos-en-el-foro-para-la-conservacion-del-patrimonio\/","og_locale":"es_MX","og_type":"article","og_title":"Puebla, due esperti italiani al Forum per la conservazione del patrimonio","og_description":"A Puebla, Giovanni Cangi e Duccio Sanesi parteciperanno al Forum per l'innovazione, ristrutturazione e conservazione del patrimonio.","og_url":"https:\/\/puntodincontro.mx\/es\/2024\/04\/13\/puebla-dos-expertos-italianos-en-el-foro-para-la-conservacion-del-patrimonio\/","og_site_name":"Puntodincontro","article_publisher":"https:\/\/www.facebook.com\/puntodincontro.mx","article_published_time":"2024-04-14T00:06:40+00:00","article_modified_time":"2024-04-14T01:30:54+00:00","og_image":[{"width":932,"height":488,"url":"https:\/\/puntodincontro.mx\/wp-content\/uploads\/2024\/04\/espertiitalianicomp.jpg","type":"image\/jpeg"}],"author":"Puntodincontro","twitter_card":"summary_large_image","twitter_creator":"@puntodincontro","twitter_site":"@puntodincontro","twitter_misc":{"Escrito por":"Puntodincontro","Tiempo de lectura":"2 minutos"},"schema":{"@context":"https:\/\/schema.org","@graph":[{"@type":"NewsArticle","@id":"https:\/\/puntodincontro.mx\/2024\/04\/13\/puebla-due-esperti-italiani-al-forum-per-la-conservazione-del-patrimonio\/#article","isPartOf":{"@id":"https:\/\/puntodincontro.mx\/2024\/04\/13\/puebla-due-esperti-italiani-al-forum-per-la-conservazione-del-patrimonio\/"},"author":{"name":"Puntodincontro","@id":"https:\/\/puntodincontro.mx\/#\/schema\/person\/d3066d18a16259cbb0c29b0d0e93b556"},"headline":"Puebla, due esperti italiani al Forum per la conservazione del patrimonio","datePublished":"2024-04-14T00:06:40+00:00","dateModified":"2024-04-14T01:30:54+00:00","mainEntityOfPage":{"@id":"https:\/\/puntodincontro.mx\/2024\/04\/13\/puebla-due-esperti-italiani-al-forum-per-la-conservazione-del-patrimonio\/"},"wordCount":376,"commentCount":0,"publisher":{"@id":"https:\/\/puntodincontro.mx\/#organization"},"image":{"@id":"https:\/\/puntodincontro.mx\/2024\/04\/13\/puebla-due-esperti-italiani-al-forum-per-la-conservazione-del-patrimonio\/#primaryimage"},"thumbnailUrl":"https:\/\/puntodincontro.mx\/wp-content\/uploads\/2024\/04\/espertiitalianivert.webp","articleSection":["Scienza e tecnologia"],"inLanguage":"es","potentialAction":[{"@type":"CommentAction","name":"Comment","target":["https:\/\/puntodincontro.mx\/2024\/04\/13\/puebla-due-esperti-italiani-al-forum-per-la-conservazione-del-patrimonio\/#respond"]}]},{"@type":"WebPage","@id":"https:\/\/puntodincontro.mx\/2024\/04\/13\/puebla-due-esperti-italiani-al-forum-per-la-conservazione-del-patrimonio\/","url":"https:\/\/puntodincontro.mx\/2024\/04\/13\/puebla-due-esperti-italiani-al-forum-per-la-conservazione-del-patrimonio\/","name":"Puebla, expertos italianos en el Foro para la conservaci\u00f3n del patrimonio","isPartOf":{"@id":"https:\/\/puntodincontro.mx\/#website"},"primaryImageOfPage":{"@id":"https:\/\/puntodincontro.mx\/2024\/04\/13\/puebla-due-esperti-italiani-al-forum-per-la-conservazione-del-patrimonio\/#primaryimage"},"image":{"@id":"https:\/\/puntodincontro.mx\/2024\/04\/13\/puebla-due-esperti-italiani-al-forum-per-la-conservazione-del-patrimonio\/#primaryimage"},"thumbnailUrl":"https:\/\/puntodincontro.mx\/wp-content\/uploads\/2024\/04\/espertiitalianivert.webp","datePublished":"2024-04-14T00:06:40+00:00","dateModified":"2024-04-14T01:30:54+00:00","description":"A Puebla, Giovanni Cangi e Duccio Sanesi parteciperanno al Forum per l'innovazione, ristrutturazione e conservazione del patrimonio.","breadcrumb":{"@id":"https:\/\/puntodincontro.mx\/2024\/04\/13\/puebla-due-esperti-italiani-al-forum-per-la-conservazione-del-patrimonio\/#breadcrumb"},"inLanguage":"es","potentialAction":[{"@type":"ReadAction","target":["https:\/\/puntodincontro.mx\/2024\/04\/13\/puebla-due-esperti-italiani-al-forum-per-la-conservazione-del-patrimonio\/"]}]},{"@type":"ImageObject","inLanguage":"es","@id":"https:\/\/puntodincontro.mx\/2024\/04\/13\/puebla-due-esperti-italiani-al-forum-per-la-conservazione-del-patrimonio\/#primaryimage","url":"https:\/\/puntodincontro.mx\/wp-content\/uploads\/2024\/04\/espertiitalianivert.webp","contentUrl":"https:\/\/puntodincontro.mx\/wp-content\/uploads\/2024\/04\/espertiitalianivert.webp","width":423,"height":488,"caption":"Puebla, due esperti italiani al Forum per la conservazione del patrimonio \/ Immagine: Puntodincontro"},{"@type":"BreadcrumbList","@id":"https:\/\/puntodincontro.mx\/2024\/04\/13\/puebla-due-esperti-italiani-al-forum-per-la-conservazione-del-patrimonio\/#breadcrumb","itemListElement":[{"@type":"ListItem","position":1,"name":"Home","item":"https:\/\/puntodincontro.mx\/"},{"@type":"ListItem","position":2,"name":"Puebla, due esperti italiani al Forum per la conservazione del patrimonio"}]},{"@type":"WebSite","@id":"https:\/\/puntodincontro.mx\/#website","url":"https:\/\/puntodincontro.mx\/","name":"Puntodincontro","description":"Desde el 2006 noticias sobre las relaciones entre Italia y M\u00e9xico \/ Dal 2006 notizie sui rapporti Italia-Messico","publisher":{"@id":"https:\/\/puntodincontro.mx\/#organization"},"potentialAction":[{"@type":"SearchAction","target":{"@type":"EntryPoint","urlTemplate":"https:\/\/puntodincontro.mx\/?s={search_term_string}"},"query-input":{"@type":"PropertyValueSpecification","valueRequired":true,"valueName":"search_term_string"}}],"inLanguage":"es"},{"@type":"Organization","@id":"https:\/\/puntodincontro.mx\/#organization","name":"Puntodincontro","url":"https:\/\/puntodincontro.mx\/","logo":{"@type":"ImageObject","inLanguage":"es","@id":"https:\/\/puntodincontro.mx\/#\/schema\/logo\/image\/","url":"https:\/\/puntodincontro.mx\/wp-content\/uploads\/2021\/08\/Default-image-for-open-graph-settings.jpg","contentUrl":"https:\/\/puntodincontro.mx\/wp-content\/uploads\/2021\/08\/Default-image-for-open-graph-settings.jpg","width":1200,"height":630,"caption":"Puntodincontro"},"image":{"@id":"https:\/\/puntodincontro.mx\/#\/schema\/logo\/image\/"},"sameAs":["https:\/\/www.facebook.com\/puntodincontro.mx","https:\/\/x.com\/puntodincontro","https:\/\/www.instagram.com\/puntodincontro.mx\/","https:\/\/www.linkedin.com\/company\/puntodincontro\/","https:\/\/www.youtube.com\/c\/puntodincontromessico","https:\/\/www.patreon.com\/puntodincontro","https:\/\/www.threads.net\/@puntodincontro.mx"]},{"@type":"Person","@id":"https:\/\/puntodincontro.mx\/#\/schema\/person\/d3066d18a16259cbb0c29b0d0e93b556","name":"Puntodincontro","image":{"@type":"ImageObject","inLanguage":"es","@id":"https:\/\/puntodincontro.mx\/#\/schema\/person\/image\/","url":"https:\/\/secure.gravatar.com\/avatar\/0e85b4b3b5e9d6bfcec6a4956d8cc63a?s=96&d=mm&r=g","contentUrl":"https:\/\/secure.gravatar.com\/avatar\/0e85b4b3b5e9d6bfcec6a4956d8cc63a?s=96&d=mm&r=g","caption":"Puntodincontro"},"url":"https:\/\/puntodincontro.mx\/es\/author\/puntodincontro\/"}]}},"_links":{"self":[{"href":"https:\/\/puntodincontro.mx\/es\/wp-json\/wp\/v2\/posts\/18999"}],"collection":[{"href":"https:\/\/puntodincontro.mx\/es\/wp-json\/wp\/v2\/posts"}],"about":[{"href":"https:\/\/puntodincontro.mx\/es\/wp-json\/wp\/v2\/types\/post"}],"author":[{"embeddable":true,"href":"https:\/\/puntodincontro.mx\/es\/wp-json\/wp\/v2\/users\/2"}],"replies":[{"embeddable":true,"href":"https:\/\/puntodincontro.mx\/es\/wp-json\/wp\/v2\/comments?post=18999"}],"version-history":[{"count":7,"href":"https:\/\/puntodincontro.mx\/es\/wp-json\/wp\/v2\/posts\/18999\/revisions"}],"predecessor-version":[{"id":19009,"href":"https:\/\/puntodincontro.mx\/es\/wp-json\/wp\/v2\/posts\/18999\/revisions\/19009"}],"wp:featuredmedia":[{"embeddable":true,"href":"https:\/\/puntodincontro.mx\/es\/wp-json\/wp\/v2\/media\/19006"}],"wp:attachment":[{"href":"https:\/\/puntodincontro.mx\/es\/wp-json\/wp\/v2\/media?parent=18999"}],"wp:term":[{"taxonomy":"category","embeddable":true,"href":"https:\/\/puntodincontro.mx\/es\/wp-json\/wp\/v2\/categories?post=18999"},{"taxonomy":"post_tag","embeddable":true,"href":"https:\/\/puntodincontro.mx\/es\/wp-json\/wp\/v2\/tags?post=18999"}],"curies":[{"name":"wp","href":"https:\/\/api.w.org\/{rel}","templated":true}]}}