{"id":19656,"date":"2024-05-28T09:50:05","date_gmt":"2024-05-28T14:50:05","guid":{"rendered":"https:\/\/puntodincontro.mx\/?p=19656"},"modified":"2024-05-28T09:59:04","modified_gmt":"2024-05-28T14:59:04","slug":"cerdena-mexico-la-region-recibe-al-embajador-garcia-de-alba","status":"publish","type":"post","link":"https:\/\/puntodincontro.mx\/es\/2024\/05\/28\/sardegna-messico-la-regione-riceve-lambasciatore-garcia-de-alba\/","title":{"rendered":"Cerde\u00f1a-M\u00e9xico, la Regi\u00f3n recibe al Embajador Garc\u00eda de Alba"},"content":{"rendered":"<p class=\"translation-block\"><strong>07:25 hrs.<\/strong> - El vicepresidente de la Regi\u00f3n de Cerde\u00f1a, Giuseppe Meloni, recibi\u00f3 al embajador de M\u00e9xico en Italia, Carlos Garc\u00eda de Alba, en ocasi\u00f3n de una visita institucional a Villa Devoto.<\/p>\n\n\n\n<p>Durante el encuentro con el diplom\u00e1tico mexicano se abordaron algunos temas de inter\u00e9s general.<\/p>\n\n\n\n<p>En particular, el vicepresidente Meloni ilustr\u00f3 las oportunidades de colaboraci\u00f3n para el desarrollo de las relaciones econ\u00f3micas y culturales con un pa\u00eds que representa un centro estrat\u00e9gico para todas las naciones ribere\u00f1as del Mediterr\u00e1neo.<\/p>\n\n\n\n<p>\u00abEl encuentro con el embajador\u00bb \u2014declar\u00f3 Meloni\u2014 \u00abfue una oportunidad para evaluar las posibles iniciativas a emprender tanto a nivel cultural como de actividades productivas y ofrecer un interesante impulso para una fruct\u00edfera colaboraci\u00f3n entre Cerde\u00f1a y M\u00e9xico\u00bb.<\/p>\n\n\n\n<p class=\"has-small-font-size\">Foto: regione.sardegna.it<\/p>\n\n\n\n<div style=\"height:12px\" aria-hidden=\"true\" class=\"wp-block-spacer\"><\/div>\n\n\n<!-- Ad space powered by WP AdCenter v2.5.7 - https:\/\/wpadcenter.com\/ --><div class=\"wpadcenter-adgroup\" ><div class=\"wpadcenter-adgroup__row wpadcenter-aligncenter\"><div class=\"wpadcenter-ad-container\" ><div id=\"wpadcenter-ad-18464\" class=\"ad-placement\"><div class=\"wpadcenter-ad-inner\" ><a id=\"wpadcenter_ad\" data-value=\"18464\" data-placement=\"\" href=\"https:\/\/www.productosremo.com\/\" target=\"_blank\" class=\"wpadcenter-ad-inner__item\" ><img decoding=\"async\"   src=\"https:\/\/puntodincontro.mx\/wp-content\/uploads\/2021\/08\/remobanner.jpg\" class=\"attachment-post-thumbnail size-post-thumbnail wp-post-image\" alt=\"\" srcset=\"https:\/\/puntodincontro.mx\/wp-content\/uploads\/2021\/08\/remobanner.jpg 200w, https:\/\/puntodincontro.mx\/wp-content\/uploads\/2021\/08\/remobanner-16x5.jpg 16w\" sizes=\"(max-width: 200px) 100vw, 200px\" \/><\/a><\/div><\/div><\/div><div class=\"wpadcenter-ad-container\" ><div id=\"wpadcenter-ad-5305\" class=\"ad-placement\"><div class=\"wpadcenter-ad-inner\" ><a id=\"wpadcenter_ad\" data-value=\"5305\" data-placement=\"\" href=\"https:\/\/ambcittadelmessico.esteri.it\/ambasciata_cittadelmessico\/it\/\" target=\"_blank\" class=\"wpadcenter-ad-inner__item\" ><img decoding=\"async\"   src=\"https:\/\/puntodincontro.mx\/wp-content\/uploads\/2022\/05\/Ambasciata.jpg\" class=\"attachment-post-thumbnail size-post-thumbnail wp-post-image\" alt=\"\" srcset=\"https:\/\/puntodincontro.mx\/wp-content\/uploads\/2022\/05\/Ambasciata.jpg 200w, https:\/\/puntodincontro.mx\/wp-content\/uploads\/2022\/05\/Ambasciata-18x5.jpg 18w\" sizes=\"(max-width: 200px) 100vw, 200px\" \/><\/a><\/div><\/div><\/div><div class=\"wpadcenter-ad-container\" ><div id=\"wpadcenter-ad-3781\" class=\"ad-placement\"><div class=\"wpadcenter-ad-inner\" ><a id=\"wpadcenter_ad\" data-value=\"3781\" data-placement=\"\" href=\"https:\/\/cannizzo.com.mx\/\" target=\"_blank\" class=\"wpadcenter-ad-inner__item\" ><img decoding=\"async\"   src=\"https:\/\/puntodincontro.mx\/wp-content\/uploads\/2022\/03\/cannizzo2.jpg\" class=\"attachment-post-thumbnail size-post-thumbnail wp-post-image\" alt=\"\" srcset=\"https:\/\/puntodincontro.mx\/wp-content\/uploads\/2022\/03\/cannizzo2.jpg 200w, https:\/\/puntodincontro.mx\/wp-content\/uploads\/2022\/03\/cannizzo2-18x5.jpg 18w\" sizes=\"(max-width: 200px) 100vw, 200px\" \/><\/a><\/div><\/div><\/div><\/div><div class=\"wpadcenter-adgroup__row wpadcenter-aligncenter\"><div class=\"wpadcenter-ad-container\" ><div id=\"wpadcenter-ad-1704\" class=\"ad-placement\"><div class=\"wpadcenter-ad-inner\" ><a id=\"wpadcenter_ad\" data-value=\"1704\" data-placement=\"\" href=\"https:\/\/puntodincontro.mx\/es\/2021\/12\/24\/inps-verificacion-de-supervivencia-de-los-pensionados-en-el-extranjero\/\" target=\"_blank\" class=\"wpadcenter-ad-inner__item\" ><img decoding=\"async\"   src=\"https:\/\/puntodincontro.mx\/wp-content\/uploads\/2021\/11\/logo-ital.jpg\" class=\"attachment-post-thumbnail size-post-thumbnail wp-post-image\" alt=\"Patronato ITAL Messico\" srcset=\"https:\/\/puntodincontro.mx\/wp-content\/uploads\/2021\/11\/logo-ital.jpg 200w, https:\/\/puntodincontro.mx\/wp-content\/uploads\/2021\/11\/logo-ital-16x5.jpg 16w\" sizes=\"(max-width: 200px) 100vw, 200px\" \/><\/a><\/div><\/div><\/div><div class=\"wpadcenter-ad-container\" ><div id=\"wpadcenter-ad-1538\" class=\"ad-placement\"><div class=\"wpadcenter-ad-inner\" ><a id=\"wpadcenter_ad\" data-value=\"1538\" data-placement=\"\" href=\"https:\/\/asociacionitaliana.org\/\" target=\"_blank\" class=\"wpadcenter-ad-inner__item\" ><img decoding=\"async\"   src=\"https:\/\/puntodincontro.mx\/wp-content\/uploads\/2021\/11\/aialogo.jpg\" class=\"attachment-post-thumbnail size-post-thumbnail wp-post-image\" alt=\"Associazione Italiana di Assistenza IAP\" srcset=\"https:\/\/puntodincontro.mx\/wp-content\/uploads\/2021\/11\/aialogo.jpg 200w, https:\/\/puntodincontro.mx\/wp-content\/uploads\/2021\/11\/aialogo-18x5.jpg 18w\" sizes=\"(max-width: 200px) 100vw, 200px\" \/><\/a><\/div><\/div><\/div><div class=\"wpadcenter-ad-container\" ><div id=\"wpadcenter-ad-1513\" class=\"ad-placement\"><div class=\"wpadcenter-ad-inner\" ><a id=\"wpadcenter_ad\" data-value=\"1513\" data-placement=\"\" href=\"https:\/\/gcinmuebles.mx\" target=\"_blank\" class=\"wpadcenter-ad-inner__item\" ><img decoding=\"async\"   src=\"https:\/\/puntodincontro.mx\/wp-content\/uploads\/2021\/10\/gcinmuebleslogopunto-1.jpg\" class=\"attachment-post-thumbnail size-post-thumbnail wp-post-image\" alt=\"\" srcset=\"https:\/\/puntodincontro.mx\/wp-content\/uploads\/2021\/10\/gcinmuebleslogopunto-1.jpg 200w, https:\/\/puntodincontro.mx\/wp-content\/uploads\/2021\/10\/gcinmuebleslogopunto-1-18x5.jpg 18w\" sizes=\"(max-width: 200px) 100vw, 200px\" \/><\/a><\/div><\/div><\/div><\/div><div class=\"wpadcenter-adgroup__row wpadcenter-aligncenter\"><div class=\"wpadcenter-ad-container\" ><div id=\"wpadcenter-ad-1374\" class=\"ad-placement\"><div class=\"wpadcenter-ad-inner\" ><a id=\"wpadcenter_ad\" data-value=\"1374\" data-placement=\"\" href=\"https:\/\/www.9colonne.it\/\" target=\"_blank\" class=\"wpadcenter-ad-inner__item\" ><img decoding=\"async\"   src=\"https:\/\/puntodincontro.mx\/wp-content\/uploads\/2021\/10\/Banner9colonne.gif\" class=\"attachment-post-thumbnail size-post-thumbnail wp-post-image\" alt=\"\" \/><\/a><\/div><\/div><\/div><div class=\"wpadcenter-ad-container\" ><div id=\"wpadcenter-ad-276\" class=\"ad-placement\"><div class=\"wpadcenter-ad-inner\" ><a id=\"wpadcenter_ad\" data-value=\"276\" data-placement=\"\" href=\"http:\/\/www.camaraitaliana.mx\/\" target=\"_blank\" class=\"wpadcenter-ad-inner__item\" ><img decoding=\"async\"   src=\"https:\/\/puntodincontro.mx\/wp-content\/uploads\/2021\/08\/ccimnuovo.jpg\" class=\"attachment-post-thumbnail size-post-thumbnail wp-post-image\" alt=\"\" srcset=\"https:\/\/puntodincontro.mx\/wp-content\/uploads\/2021\/08\/ccimnuovo.jpg 200w, https:\/\/puntodincontro.mx\/wp-content\/uploads\/2021\/08\/ccimnuovo-18x5.jpg 18w\" sizes=\"(max-width: 200px) 100vw, 200px\" \/><\/a><\/div><\/div><\/div><div class=\"wpadcenter-ad-container\" ><div id=\"wpadcenter-ad-272\" class=\"ad-placement\"><div class=\"wpadcenter-ad-inner\" ><a id=\"wpadcenter_ad\" data-value=\"272\" data-placement=\"\" href=\"http:\/\/corix.us\/\" target=\"_blank\" class=\"wpadcenter-ad-inner__item\" ><img decoding=\"async\"   src=\"https:\/\/puntodincontro.mx\/wp-content\/uploads\/2021\/08\/corixbanner-1.jpg\" class=\"attachment-post-thumbnail size-post-thumbnail wp-post-image\" alt=\"\" srcset=\"https:\/\/puntodincontro.mx\/wp-content\/uploads\/2021\/08\/corixbanner-1.jpg 200w, https:\/\/puntodincontro.mx\/wp-content\/uploads\/2021\/08\/corixbanner-1-16x5.jpg 16w\" sizes=\"(max-width: 200px) 100vw, 200px\" \/><\/a><\/div><\/div><\/div><\/div><div class=\"wpadcenter-adgroup__row wpadcenter-aligncenter\"><div class=\"wpadcenter-ad-container\" ><div id=\"wpadcenter-ad-266\" class=\"ad-placement\"><div class=\"wpadcenter-ad-inner\" ><a id=\"wpadcenter_ad\" data-value=\"266\" data-placement=\"\" href=\"https:\/\/www.prinsel.com.mx\/\" target=\"_blank\" class=\"wpadcenter-ad-inner__item\" ><img decoding=\"async\"   src=\"https:\/\/puntodincontro.mx\/wp-content\/uploads\/2021\/08\/prinselbanner-1.jpg\" class=\"attachment-post-thumbnail size-post-thumbnail wp-post-image\" alt=\"\" srcset=\"https:\/\/puntodincontro.mx\/wp-content\/uploads\/2021\/08\/prinselbanner-1.jpg 200w, https:\/\/puntodincontro.mx\/wp-content\/uploads\/2021\/08\/prinselbanner-1-16x5.jpg 16w\" sizes=\"(max-width: 200px) 100vw, 200px\" \/><\/a><\/div><\/div><\/div><div class=\"wpadcenter-ad-container\" ><div id=\"wpadcenter-ad-261\" class=\"ad-placement\"><div class=\"wpadcenter-ad-inner\" ><a id=\"wpadcenter_ad\" data-value=\"261\" data-placement=\"\" href=\"https:\/\/faitalia.com.mx\/\" target=\"_blank\" class=\"wpadcenter-ad-inner__item\" ><img decoding=\"async\"   src=\"https:\/\/puntodincontro.mx\/wp-content\/uploads\/2021\/08\/gruppodino.jpg\" class=\"attachment-post-thumbnail size-post-thumbnail wp-post-image\" alt=\"\" srcset=\"https:\/\/puntodincontro.mx\/wp-content\/uploads\/2021\/08\/gruppodino.jpg 200w, https:\/\/puntodincontro.mx\/wp-content\/uploads\/2021\/08\/gruppodino-18x5.jpg 18w\" sizes=\"(max-width: 200px) 100vw, 200px\" \/><\/a><\/div><\/div><\/div><\/div><\/div>\n\n\n<div style=\"height:12px\" aria-hidden=\"true\" class=\"wp-block-spacer\"><\/div>","protected":false},"excerpt":{"rendered":"<p>Ore 07.25 &#8211; Il vice presidente della Regione Sardegna, Giuseppe Meloni, ha ricevuto, nel corso di una visita istituzionale a Villa Devoto, l\u2019Ambasciatore del Messico in Italia, Carlos Garc\u00eda de Alba. Durante l&#8217;incontro con il diplomatico messicano sono stati affrontati alcuni temi di interesse generale. In particolare, il vice presidente Meloni ha illustrato le opportunit\u00e0 di collaborazione per lo sviluppo dei rapporti economici e culturali con un Paese che rappresenta uno strategico punto di snodo per tutti le nazioni che si affacciano sul Mediterraneo. \u00abL&#8217;incontro con l\u2019ambasciatore\u00bb \u2014ha dichiarato Meloni\u2014 \u00ab\u00e8 stata l&#8217;occasione per valutare le possibili iniziative da intraprendere&#8230; <\/p>","protected":false},"author":2,"featured_media":19661,"comment_status":"open","ping_status":"open","sticky":false,"template":"","format":"standard","meta":{"_monsterinsights_skip_tracking":false,"_monsterinsights_sitenote_active":false,"_monsterinsights_sitenote_note":"","_monsterinsights_sitenote_category":0,"footnotes":""},"categories":[6],"tags":[],"class_list":["post-19656","post","type-post","status-publish","format-standard","has-post-thumbnail","hentry","category-messico-in-italia"],"yoast_head":"<!-- This site is optimized with the Yoast SEO Premium plugin v18.4 (Yoast SEO v25.6) - https:\/\/yoast.com\/wordpress\/plugins\/seo\/ -->\n<title>Sardegna, la Regione riceve l&#039;Ambasciatore del Messico<\/title>\n<meta name=\"description\" content=\"Il vice presidente della Regione Sardegna, Giuseppe Meloni, ha ricevuto l\u2019Ambasciatore del Messico in Italia, Carlos Garc\u00eda de Alba.\" \/>\n<meta name=\"robots\" content=\"index, follow, max-snippet:-1, max-image-preview:large, max-video-preview:-1\" \/>\n<link rel=\"canonical\" href=\"https:\/\/puntodincontro.mx\/es\/2024\/05\/28\/cerdena-mexico-la-region-recibe-al-embajador-garcia-de-alba\/\" \/>\n<meta property=\"og:locale\" content=\"es_MX\" \/>\n<meta property=\"og:type\" content=\"article\" \/>\n<meta property=\"og:title\" content=\"Sardegna-Messico, la Regione riceve l&#039;Ambasciatore Garc\u00eda de Alba\" \/>\n<meta property=\"og:description\" content=\"Il vice presidente della Regione Sardegna, Giuseppe Meloni, ha ricevuto l\u2019Ambasciatore del Messico in Italia, Carlos Garc\u00eda de Alba.\" \/>\n<meta property=\"og:url\" content=\"https:\/\/puntodincontro.mx\/es\/2024\/05\/28\/cerdena-mexico-la-region-recibe-al-embajador-garcia-de-alba\/\" \/>\n<meta property=\"og:site_name\" content=\"Puntodincontro\" \/>\n<meta property=\"article:publisher\" content=\"https:\/\/www.facebook.com\/puntodincontro.mx\" \/>\n<meta property=\"article:published_time\" content=\"2024-05-28T14:50:05+00:00\" \/>\n<meta property=\"article:modified_time\" content=\"2024-05-28T14:59:04+00:00\" \/>\n<meta property=\"og:image\" content=\"https:\/\/puntodincontro.mx\/wp-content\/uploads\/2024\/05\/messicosardegnacomp.jpg\" \/>\n\t<meta property=\"og:image:width\" content=\"932\" \/>\n\t<meta property=\"og:image:height\" content=\"488\" \/>\n\t<meta property=\"og:image:type\" content=\"image\/jpeg\" \/>\n<meta name=\"author\" content=\"Puntodincontro\" \/>\n<meta name=\"twitter:card\" content=\"summary_large_image\" \/>\n<meta name=\"twitter:creator\" content=\"@puntodincontro\" \/>\n<meta name=\"twitter:site\" content=\"@puntodincontro\" \/>\n<meta name=\"twitter:label1\" content=\"Escrito por\" \/>\n\t<meta name=\"twitter:data1\" content=\"Puntodincontro\" \/>\n\t<meta name=\"twitter:label2\" content=\"Tiempo de lectura\" \/>\n\t<meta name=\"twitter:data2\" content=\"1 minuto\" \/>\n<script type=\"application\/ld+json\" class=\"yoast-schema-graph\">{\"@context\":\"https:\/\/schema.org\",\"@graph\":[{\"@type\":\"NewsArticle\",\"@id\":\"https:\/\/puntodincontro.mx\/2024\/05\/28\/sardegna-messico-la-regione-riceve-lambasciatore-garcia-de-alba\/#article\",\"isPartOf\":{\"@id\":\"https:\/\/puntodincontro.mx\/2024\/05\/28\/sardegna-messico-la-regione-riceve-lambasciatore-garcia-de-alba\/\"},\"author\":{\"name\":\"Puntodincontro\",\"@id\":\"https:\/\/puntodincontro.mx\/#\/schema\/person\/d3066d18a16259cbb0c29b0d0e93b556\"},\"headline\":\"Sardegna-Messico, la Regione riceve l&#8217;Ambasciatore Garc\u00eda de Alba\",\"datePublished\":\"2024-05-28T14:50:05+00:00\",\"dateModified\":\"2024-05-28T14:59:04+00:00\",\"mainEntityOfPage\":{\"@id\":\"https:\/\/puntodincontro.mx\/2024\/05\/28\/sardegna-messico-la-regione-riceve-lambasciatore-garcia-de-alba\/\"},\"wordCount\":143,\"commentCount\":0,\"publisher\":{\"@id\":\"https:\/\/puntodincontro.mx\/#organization\"},\"image\":{\"@id\":\"https:\/\/puntodincontro.mx\/2024\/05\/28\/sardegna-messico-la-regione-riceve-lambasciatore-garcia-de-alba\/#primaryimage\"},\"thumbnailUrl\":\"https:\/\/puntodincontro.mx\/wp-content\/uploads\/2024\/05\/messicosardegnavert.webp\",\"articleSection\":[\"Messico in Italia\"],\"inLanguage\":\"es\",\"potentialAction\":[{\"@type\":\"CommentAction\",\"name\":\"Comment\",\"target\":[\"https:\/\/puntodincontro.mx\/2024\/05\/28\/sardegna-messico-la-regione-riceve-lambasciatore-garcia-de-alba\/#respond\"]}]},{\"@type\":\"WebPage\",\"@id\":\"https:\/\/puntodincontro.mx\/2024\/05\/28\/sardegna-messico-la-regione-riceve-lambasciatore-garcia-de-alba\/\",\"url\":\"https:\/\/puntodincontro.mx\/2024\/05\/28\/sardegna-messico-la-regione-riceve-lambasciatore-garcia-de-alba\/\",\"name\":\"Sardegna, la Regione riceve l'Ambasciatore del Messico\",\"isPartOf\":{\"@id\":\"https:\/\/puntodincontro.mx\/#website\"},\"primaryImageOfPage\":{\"@id\":\"https:\/\/puntodincontro.mx\/2024\/05\/28\/sardegna-messico-la-regione-riceve-lambasciatore-garcia-de-alba\/#primaryimage\"},\"image\":{\"@id\":\"https:\/\/puntodincontro.mx\/2024\/05\/28\/sardegna-messico-la-regione-riceve-lambasciatore-garcia-de-alba\/#primaryimage\"},\"thumbnailUrl\":\"https:\/\/puntodincontro.mx\/wp-content\/uploads\/2024\/05\/messicosardegnavert.webp\",\"datePublished\":\"2024-05-28T14:50:05+00:00\",\"dateModified\":\"2024-05-28T14:59:04+00:00\",\"description\":\"Il vice presidente della Regione Sardegna, Giuseppe Meloni, ha ricevuto l\u2019Ambasciatore del Messico in Italia, Carlos Garc\u00eda de Alba.\",\"breadcrumb\":{\"@id\":\"https:\/\/puntodincontro.mx\/2024\/05\/28\/sardegna-messico-la-regione-riceve-lambasciatore-garcia-de-alba\/#breadcrumb\"},\"inLanguage\":\"es\",\"potentialAction\":[{\"@type\":\"ReadAction\",\"target\":[\"https:\/\/puntodincontro.mx\/2024\/05\/28\/sardegna-messico-la-regione-riceve-lambasciatore-garcia-de-alba\/\"]}]},{\"@type\":\"ImageObject\",\"inLanguage\":\"es\",\"@id\":\"https:\/\/puntodincontro.mx\/2024\/05\/28\/sardegna-messico-la-regione-riceve-lambasciatore-garcia-de-alba\/#primaryimage\",\"url\":\"https:\/\/puntodincontro.mx\/wp-content\/uploads\/2024\/05\/messicosardegnavert.webp\",\"contentUrl\":\"https:\/\/puntodincontro.mx\/wp-content\/uploads\/2024\/05\/messicosardegnavert.webp\",\"width\":423,\"height\":488,\"caption\":\"Sardegna-Messico, la Regione riceve l'Ambasciatore Garc\u00eda de Alba \/ Foto: regione.sardegna.it\"},{\"@type\":\"BreadcrumbList\",\"@id\":\"https:\/\/puntodincontro.mx\/2024\/05\/28\/sardegna-messico-la-regione-riceve-lambasciatore-garcia-de-alba\/#breadcrumb\",\"itemListElement\":[{\"@type\":\"ListItem\",\"position\":1,\"name\":\"Home\",\"item\":\"https:\/\/puntodincontro.mx\/\"},{\"@type\":\"ListItem\",\"position\":2,\"name\":\"Sardegna-Messico, la Regione riceve l&#8217;Ambasciatore Garc\u00eda de Alba\"}]},{\"@type\":\"WebSite\",\"@id\":\"https:\/\/puntodincontro.mx\/#website\",\"url\":\"https:\/\/puntodincontro.mx\/\",\"name\":\"Puntodincontro\",\"description\":\"Dal 2006 notizie sui rapporti Italia-Messico \/ Desde 2006 noticias sobre las relaciones entre Italia y M\u00e9xico\",\"publisher\":{\"@id\":\"https:\/\/puntodincontro.mx\/#organization\"},\"potentialAction\":[{\"@type\":\"SearchAction\",\"target\":{\"@type\":\"EntryPoint\",\"urlTemplate\":\"https:\/\/puntodincontro.mx\/?s={search_term_string}\"},\"query-input\":{\"@type\":\"PropertyValueSpecification\",\"valueRequired\":true,\"valueName\":\"search_term_string\"}}],\"inLanguage\":\"es\"},{\"@type\":\"Organization\",\"@id\":\"https:\/\/puntodincontro.mx\/#organization\",\"name\":\"Puntodincontro\",\"url\":\"https:\/\/puntodincontro.mx\/\",\"logo\":{\"@type\":\"ImageObject\",\"inLanguage\":\"es\",\"@id\":\"https:\/\/puntodincontro.mx\/#\/schema\/logo\/image\/\",\"url\":\"https:\/\/puntodincontro.mx\/wp-content\/uploads\/2021\/08\/Default-image-for-open-graph-settings.jpg\",\"contentUrl\":\"https:\/\/puntodincontro.mx\/wp-content\/uploads\/2021\/08\/Default-image-for-open-graph-settings.jpg\",\"width\":1200,\"height\":630,\"caption\":\"Puntodincontro\"},\"image\":{\"@id\":\"https:\/\/puntodincontro.mx\/#\/schema\/logo\/image\/\"},\"sameAs\":[\"https:\/\/www.facebook.com\/puntodincontro.mx\",\"https:\/\/x.com\/puntodincontro\",\"https:\/\/www.instagram.com\/puntodincontro.mx\/\",\"https:\/\/www.linkedin.com\/company\/puntodincontro\/\",\"https:\/\/www.youtube.com\/c\/puntodincontromessico\",\"https:\/\/www.patreon.com\/puntodincontro\",\"https:\/\/www.threads.net\/@puntodincontro.mx\"]},{\"@type\":\"Person\",\"@id\":\"https:\/\/puntodincontro.mx\/#\/schema\/person\/d3066d18a16259cbb0c29b0d0e93b556\",\"name\":\"Puntodincontro\",\"image\":{\"@type\":\"ImageObject\",\"inLanguage\":\"es\",\"@id\":\"https:\/\/puntodincontro.mx\/#\/schema\/person\/image\/\",\"url\":\"https:\/\/secure.gravatar.com\/avatar\/0e85b4b3b5e9d6bfcec6a4956d8cc63a?s=96&d=mm&r=g\",\"contentUrl\":\"https:\/\/secure.gravatar.com\/avatar\/0e85b4b3b5e9d6bfcec6a4956d8cc63a?s=96&d=mm&r=g\",\"caption\":\"Puntodincontro\"},\"url\":\"https:\/\/puntodincontro.mx\/es\/author\/puntodincontro\/\"}]}<\/script>\n<!-- \/ Yoast SEO Premium plugin. -->","yoast_head_json":{"title":"Sardegna, la Regione riceve l'Ambasciatore del Messico","description":"El vicepresidente de la Regi\u00f3n de Cerde\u00f1a, Giuseppe Meloni, recibi\u00f3 al embajador de M\u00e9xico en Italia, Carlos Garc\u00eda de Alba.","robots":{"index":"index","follow":"follow","max-snippet":"max-snippet:-1","max-image-preview":"max-image-preview:large","max-video-preview":"max-video-preview:-1"},"canonical":"https:\/\/puntodincontro.mx\/es\/2024\/05\/28\/cerdena-mexico-la-region-recibe-al-embajador-garcia-de-alba\/","og_locale":"es_MX","og_type":"article","og_title":"Sardegna-Messico, la Regione riceve l'Ambasciatore Garc\u00eda de Alba","og_description":"Il vice presidente della Regione Sardegna, Giuseppe Meloni, ha ricevuto l\u2019Ambasciatore del Messico in Italia, Carlos Garc\u00eda de Alba.","og_url":"https:\/\/puntodincontro.mx\/es\/2024\/05\/28\/cerdena-mexico-la-region-recibe-al-embajador-garcia-de-alba\/","og_site_name":"Puntodincontro","article_publisher":"https:\/\/www.facebook.com\/puntodincontro.mx","article_published_time":"2024-05-28T14:50:05+00:00","article_modified_time":"2024-05-28T14:59:04+00:00","og_image":[{"width":932,"height":488,"url":"https:\/\/puntodincontro.mx\/wp-content\/uploads\/2024\/05\/messicosardegnacomp.jpg","type":"image\/jpeg"}],"author":"Puntodincontro","twitter_card":"summary_large_image","twitter_creator":"@puntodincontro","twitter_site":"@puntodincontro","twitter_misc":{"Escrito por":"Puntodincontro","Tiempo de lectura":"1 minuto"},"schema":{"@context":"https:\/\/schema.org","@graph":[{"@type":"NewsArticle","@id":"https:\/\/puntodincontro.mx\/2024\/05\/28\/sardegna-messico-la-regione-riceve-lambasciatore-garcia-de-alba\/#article","isPartOf":{"@id":"https:\/\/puntodincontro.mx\/2024\/05\/28\/sardegna-messico-la-regione-riceve-lambasciatore-garcia-de-alba\/"},"author":{"name":"Puntodincontro","@id":"https:\/\/puntodincontro.mx\/#\/schema\/person\/d3066d18a16259cbb0c29b0d0e93b556"},"headline":"Sardegna-Messico, la Regione riceve l&#8217;Ambasciatore Garc\u00eda de Alba","datePublished":"2024-05-28T14:50:05+00:00","dateModified":"2024-05-28T14:59:04+00:00","mainEntityOfPage":{"@id":"https:\/\/puntodincontro.mx\/2024\/05\/28\/sardegna-messico-la-regione-riceve-lambasciatore-garcia-de-alba\/"},"wordCount":143,"commentCount":0,"publisher":{"@id":"https:\/\/puntodincontro.mx\/#organization"},"image":{"@id":"https:\/\/puntodincontro.mx\/2024\/05\/28\/sardegna-messico-la-regione-riceve-lambasciatore-garcia-de-alba\/#primaryimage"},"thumbnailUrl":"https:\/\/puntodincontro.mx\/wp-content\/uploads\/2024\/05\/messicosardegnavert.webp","articleSection":["Messico in Italia"],"inLanguage":"es","potentialAction":[{"@type":"CommentAction","name":"Comment","target":["https:\/\/puntodincontro.mx\/2024\/05\/28\/sardegna-messico-la-regione-riceve-lambasciatore-garcia-de-alba\/#respond"]}]},{"@type":"WebPage","@id":"https:\/\/puntodincontro.mx\/2024\/05\/28\/sardegna-messico-la-regione-riceve-lambasciatore-garcia-de-alba\/","url":"https:\/\/puntodincontro.mx\/2024\/05\/28\/sardegna-messico-la-regione-riceve-lambasciatore-garcia-de-alba\/","name":"Sardegna, la Regione riceve l'Ambasciatore del Messico","isPartOf":{"@id":"https:\/\/puntodincontro.mx\/#website"},"primaryImageOfPage":{"@id":"https:\/\/puntodincontro.mx\/2024\/05\/28\/sardegna-messico-la-regione-riceve-lambasciatore-garcia-de-alba\/#primaryimage"},"image":{"@id":"https:\/\/puntodincontro.mx\/2024\/05\/28\/sardegna-messico-la-regione-riceve-lambasciatore-garcia-de-alba\/#primaryimage"},"thumbnailUrl":"https:\/\/puntodincontro.mx\/wp-content\/uploads\/2024\/05\/messicosardegnavert.webp","datePublished":"2024-05-28T14:50:05+00:00","dateModified":"2024-05-28T14:59:04+00:00","description":"El vicepresidente de la Regi\u00f3n de Cerde\u00f1a, Giuseppe Meloni, recibi\u00f3 al embajador de M\u00e9xico en Italia, Carlos Garc\u00eda de Alba.","breadcrumb":{"@id":"https:\/\/puntodincontro.mx\/2024\/05\/28\/sardegna-messico-la-regione-riceve-lambasciatore-garcia-de-alba\/#breadcrumb"},"inLanguage":"es","potentialAction":[{"@type":"ReadAction","target":["https:\/\/puntodincontro.mx\/2024\/05\/28\/sardegna-messico-la-regione-riceve-lambasciatore-garcia-de-alba\/"]}]},{"@type":"ImageObject","inLanguage":"es","@id":"https:\/\/puntodincontro.mx\/2024\/05\/28\/sardegna-messico-la-regione-riceve-lambasciatore-garcia-de-alba\/#primaryimage","url":"https:\/\/puntodincontro.mx\/wp-content\/uploads\/2024\/05\/messicosardegnavert.webp","contentUrl":"https:\/\/puntodincontro.mx\/wp-content\/uploads\/2024\/05\/messicosardegnavert.webp","width":423,"height":488,"caption":"Sardegna-Messico, la Regione riceve l'Ambasciatore Garc\u00eda de Alba \/ Foto: regione.sardegna.it"},{"@type":"BreadcrumbList","@id":"https:\/\/puntodincontro.mx\/2024\/05\/28\/sardegna-messico-la-regione-riceve-lambasciatore-garcia-de-alba\/#breadcrumb","itemListElement":[{"@type":"ListItem","position":1,"name":"Home","item":"https:\/\/puntodincontro.mx\/"},{"@type":"ListItem","position":2,"name":"Sardegna-Messico, la Regione riceve l&#8217;Ambasciatore Garc\u00eda de Alba"}]},{"@type":"WebSite","@id":"https:\/\/puntodincontro.mx\/#website","url":"https:\/\/puntodincontro.mx\/","name":"Puntodincontro","description":"Desde el 2006 noticias sobre las relaciones entre Italia y M\u00e9xico \/ Dal 2006 notizie sui rapporti Italia-Messico","publisher":{"@id":"https:\/\/puntodincontro.mx\/#organization"},"potentialAction":[{"@type":"SearchAction","target":{"@type":"EntryPoint","urlTemplate":"https:\/\/puntodincontro.mx\/?s={search_term_string}"},"query-input":{"@type":"PropertyValueSpecification","valueRequired":true,"valueName":"search_term_string"}}],"inLanguage":"es"},{"@type":"Organization","@id":"https:\/\/puntodincontro.mx\/#organization","name":"Puntodincontro","url":"https:\/\/puntodincontro.mx\/","logo":{"@type":"ImageObject","inLanguage":"es","@id":"https:\/\/puntodincontro.mx\/#\/schema\/logo\/image\/","url":"https:\/\/puntodincontro.mx\/wp-content\/uploads\/2021\/08\/Default-image-for-open-graph-settings.jpg","contentUrl":"https:\/\/puntodincontro.mx\/wp-content\/uploads\/2021\/08\/Default-image-for-open-graph-settings.jpg","width":1200,"height":630,"caption":"Puntodincontro"},"image":{"@id":"https:\/\/puntodincontro.mx\/#\/schema\/logo\/image\/"},"sameAs":["https:\/\/www.facebook.com\/puntodincontro.mx","https:\/\/x.com\/puntodincontro","https:\/\/www.instagram.com\/puntodincontro.mx\/","https:\/\/www.linkedin.com\/company\/puntodincontro\/","https:\/\/www.youtube.com\/c\/puntodincontromessico","https:\/\/www.patreon.com\/puntodincontro","https:\/\/www.threads.net\/@puntodincontro.mx"]},{"@type":"Person","@id":"https:\/\/puntodincontro.mx\/#\/schema\/person\/d3066d18a16259cbb0c29b0d0e93b556","name":"Puntodincontro","image":{"@type":"ImageObject","inLanguage":"es","@id":"https:\/\/puntodincontro.mx\/#\/schema\/person\/image\/","url":"https:\/\/secure.gravatar.com\/avatar\/0e85b4b3b5e9d6bfcec6a4956d8cc63a?s=96&d=mm&r=g","contentUrl":"https:\/\/secure.gravatar.com\/avatar\/0e85b4b3b5e9d6bfcec6a4956d8cc63a?s=96&d=mm&r=g","caption":"Puntodincontro"},"url":"https:\/\/puntodincontro.mx\/es\/author\/puntodincontro\/"}]}},"_links":{"self":[{"href":"https:\/\/puntodincontro.mx\/es\/wp-json\/wp\/v2\/posts\/19656"}],"collection":[{"href":"https:\/\/puntodincontro.mx\/es\/wp-json\/wp\/v2\/posts"}],"about":[{"href":"https:\/\/puntodincontro.mx\/es\/wp-json\/wp\/v2\/types\/post"}],"author":[{"embeddable":true,"href":"https:\/\/puntodincontro.mx\/es\/wp-json\/wp\/v2\/users\/2"}],"replies":[{"embeddable":true,"href":"https:\/\/puntodincontro.mx\/es\/wp-json\/wp\/v2\/comments?post=19656"}],"version-history":[{"count":12,"href":"https:\/\/puntodincontro.mx\/es\/wp-json\/wp\/v2\/posts\/19656\/revisions"}],"predecessor-version":[{"id":19670,"href":"https:\/\/puntodincontro.mx\/es\/wp-json\/wp\/v2\/posts\/19656\/revisions\/19670"}],"wp:featuredmedia":[{"embeddable":true,"href":"https:\/\/puntodincontro.mx\/es\/wp-json\/wp\/v2\/media\/19661"}],"wp:attachment":[{"href":"https:\/\/puntodincontro.mx\/es\/wp-json\/wp\/v2\/media?parent=19656"}],"wp:term":[{"taxonomy":"category","embeddable":true,"href":"https:\/\/puntodincontro.mx\/es\/wp-json\/wp\/v2\/categories?post=19656"},{"taxonomy":"post_tag","embeddable":true,"href":"https:\/\/puntodincontro.mx\/es\/wp-json\/wp\/v2\/tags?post=19656"}],"curies":[{"name":"wp","href":"https:\/\/api.w.org\/{rel}","templated":true}]}}