{"id":19771,"date":"2024-06-12T18:10:22","date_gmt":"2024-06-12T23:10:22","guid":{"rendered":"https:\/\/puntodincontro.mx\/?p=19771"},"modified":"2024-06-12T18:10:23","modified_gmt":"2024-06-12T23:10:23","slug":"italia-mexico-150-anos-de-diplomacia-y-desafios-con-el-balon","status":"publish","type":"post","link":"https:\/\/puntodincontro.mx\/es\/2024\/06\/12\/italia-messico-150-anni-di-diplomazia-e-di-sfide-con-il-pallone\/","title":{"rendered":"Italia-M\u00e9xico, 150 a\u00f1os de diplomacia y desaf\u00edos con el bal\u00f3n"},"content":{"rendered":"<p class=\"translation-block\"><strong>16:44 hrs.<\/strong> - Hay un elemento que une a los pueblos y los iguala, eliminando cualquier diferencia: es el futbol, el deporte m\u00e1s popular del mundo que, en una calurosa tarde romana en la <a href=\"https:\/\/embamex.sre.gob.mx\/italia\/index.php\/es\/\" target=\"_blank\" rel=\"noreferrer noopener\">embajada<\/a> de M\u00e9xico en Roma, permiti\u00f3 recordar los momentos m\u00e1s importantes de algunas Copas del Mundo, empezando por la que se llev\u00f3 a cabo en las mesetas tan queridas por Moctezuma, all\u00e1 por 1970.<\/p>\n\n\n\n<p class=\"translation-block\">Y as\u00ed, en un traspaso ideal del testigo, dos a\u00f1os antes de la tercera cita mundialista en M\u00e9xico, despu\u00e9s de haber dejado atr\u00e1s la edici\u00f3n 1986, se alternaron campeones del pasado antiguo y m\u00e1s reciente.<\/p>\n\n\n\n<p>Cuauht\u00e9moc Blanco, Miguel Lay\u00fan, Giancarlo De Sisti y Fernando Quirarte. Pero tambi\u00e9n Lido Vieri y Enrique Borja, glorias del futbol en blanco y negro y a color, protagonistas de desaf\u00edos hist\u00f3ricos que se renovaron en la espl\u00e9ndida sede de la embajada, tambi\u00e9n por videoconferencia.<\/p>\n\n\n\n<p>La iniciativa naci\u00f3 de la pasi\u00f3n por el futbol del embajador Carlos Garc\u00eda de Alba, hombre de diplomacia y deporte.<\/p>\n\n\n\n<p class=\"translation-block\">El encuentro fue la ocasi\u00f3n para repasar an\u00e9cdotas y episodios que han hecho de este deporte un fen\u00f3meno mundial: el 4-1 que Italia le infligi\u00f3 a M\u00e9xico, el anfitri\u00f3n, en 1970 y luego el 4-3 en el <em>partido del siglo<\/em> entre Italia y Alemania Occidental en el estadio Azteca de la Ciudad de M\u00e9xico.<\/p>\n\n\n\n<p>El presidente de la Federaci\u00f3n Italiana de Futbol, Gabriele Gravina, record\u00f3 la tarde del 31 de mayo de 1970 y \u00abaquel M\u00e9xico-URSS en el que se utiliz\u00f3 por primera vez la tarjeta amarilla\u00bb en un Mundial.<\/p>\n\n\n\n<p class=\"translation-block\">Un campeonato revolucionario en tierra de revoluciones que <em>Picchio<\/em> De Sisti disput\u00f3 \u00abde principio a fin, gracias al comisario t\u00e9cnico Valcareggi\u00bb. \u00abEn aquella selecci\u00f3n\u00bb \u2014recuerda el ex centrocampista de la Fiorentina y de la Roma \u2014\u00abdesempe\u00f1\u00e9 un papel de top\u00f3grafo\u00bb. Italia-Alemania 4-3 fue \u00abel momento m\u00e1gico de mi carrera. Nos pusimos en ventaja bastante pronto y, teniendo en cuenta c\u00f3mo se jugaba en aquella \u00e9poca, decidimos apostar al contragolpe. Pero no hab\u00edamos hecho cuentas con Schnellinger. A partir de su gol comenz\u00f3 otro partido que nada tuvo que ver con la t\u00e1ctica. Intentamos ganar distorsionando la forma de jugar. Un momento despu\u00e9s est\u00e1bamos en la final y al cabo de unos instantes en el avi\u00f3n de vuelta a casa\u00bb.<\/p>\n\n\n\n<p>El tercer portero de los azzurri, con la camiseta n\u00famero 17, fue Lido Vieri (\u00abnadie la quer\u00eda por superstici\u00f3n, as\u00ed que yo la tom\u00e9\u00bb). Valcareggi le explic\u00f3 que no ten\u00eda ninguna posibilidad de jugar, porque estaban ah\u00ed Albertosi y Zoff, y le asign\u00f3 la tarea de \u00abmantener a raya a las chicas\u00bb que llegaban al hotel de los italianos. Entre ellas, Vieri no se olvida de Graciela, que \u00abiba a recogerlo en un Mustang rojo\u00bb, que manejaba a pesar de no tener licencia \u00abporque ten\u00eda 17 a\u00f1os\u00bb, record\u00f3 \u201cel guapo\u201d de la selecci\u00f3n italiana.<\/p>\n\n\n\n<p>Entre los invitados tambi\u00e9n estuvo Fernardo Quirarte, autor de dos goles en el Mundial de M\u00e9xico 1986: uno contra el equipo de B\u00e9lgica del legendario portero Jean-Marie Pfaff y otro contra Irak. \u00abDos goles muy importantes, porque cuatro meses antes hab\u00eda muerto mi padre, que quer\u00eda verme jugar\u00bb.<\/p>\n\n\n\n<p>El de 2002 fue uno de los Mundiales de Cuauht\u00e9moc Blanco, entre los nombres m\u00e1s importantes de la historia del futbol mexicano, que anot\u00f3 goles en tres ediciones del campeonato. Recuerda que, antes de enfrentarse a los azzurri, al salir del vestuario para entrar a la cancha, uno de sus compa\u00f1eros le se\u00f1al\u00f3 lo guapos que eran los jugadores de la selecci\u00f3n italiana, que contaba entonces con Nesta, Maldini y Totti. \u00abS\u00ed, son guapos, pero tienen dos ojos, dos piernas y dos brazos como nosotros. Les ganaremos\u00bb, respondi\u00f3 Blanco.<\/p>\n\n\n\n<p>El embajador de M\u00e9xico en Italia, Carlos Garc\u00eda de Alba, record\u00f3 que \u00absu majestad el f\u00fatbol\u00bb no pod\u00eda faltar en las iniciativas con motivo del 150 aniversario de las relaciones diplom\u00e1ticas entre ambos pa\u00edses. Las relaciones empezaron \u00aben 1874, 15 a\u00f1os antes de que llegara el futbol a Italia y 28 a\u00f1os antes de que llegara a M\u00e9xico. El futbol no pod\u00eda faltar. \u00bfQu\u00e9 une a dos pueblos m\u00e1s que el deporte? \u00bfQu\u00e9 hay m\u00e1s universal que el lenguaje del futbol? Puede que tengamos m\u00e1s o menos tiempo para todo, pero siempre sabremos d\u00f3nde vimos una final de un Mundial\u00bb, subray\u00f3 el diplom\u00e1tico (ANSA).<\/p>\n\n\n\n<div style=\"height:12px\" aria-hidden=\"true\" class=\"wp-block-spacer\"><\/div>\n\n\n<div class=\"wp-block-image\">\n<figure class=\"aligncenter size-full\"><img loading=\"lazy\" decoding=\"async\" width=\"800\" height=\"578\" src=\"https:\/\/puntodincontro.mx\/wp-content\/uploads\/2024\/06\/calciocarlosfoto.webp\" alt=\"\" class=\"wp-image-19776\" srcset=\"https:\/\/puntodincontro.mx\/wp-content\/uploads\/2024\/06\/calciocarlosfoto.webp 800w, https:\/\/puntodincontro.mx\/wp-content\/uploads\/2024\/06\/calciocarlosfoto-300x217.webp 300w, https:\/\/puntodincontro.mx\/wp-content\/uploads\/2024\/06\/calciocarlosfoto-768x555.webp 768w, https:\/\/puntodincontro.mx\/wp-content\/uploads\/2024\/06\/calciocarlosfoto-18x12.webp 18w\" sizes=\"(max-width: 800px) 100vw, 800px\" \/><\/figure><\/div>\n\n\n<div style=\"height:6px\" aria-hidden=\"true\" class=\"wp-block-spacer\"><\/div>\n\n\n\n<p class=\"has-text-align-center has-small-font-size\">Foto: ANSA<\/p>\n\n\n\n<div style=\"height:12px\" aria-hidden=\"true\" class=\"wp-block-spacer\"><\/div>\n\n\n<!-- Ad space powered by WP AdCenter v2.5.7 - https:\/\/wpadcenter.com\/ --><div class=\"wpadcenter-adgroup\" ><div class=\"wpadcenter-adgroup__row wpadcenter-aligncenter\"><div class=\"wpadcenter-ad-container\" ><div id=\"wpadcenter-ad-18464\" class=\"ad-placement\"><div class=\"wpadcenter-ad-inner\" ><a id=\"wpadcenter_ad\" data-value=\"18464\" data-placement=\"\" href=\"https:\/\/www.productosremo.com\/\" target=\"_blank\" class=\"wpadcenter-ad-inner__item\" ><img decoding=\"async\"   src=\"https:\/\/puntodincontro.mx\/wp-content\/uploads\/2021\/08\/remobanner.jpg\" class=\"attachment-post-thumbnail size-post-thumbnail wp-post-image\" alt=\"\" srcset=\"https:\/\/puntodincontro.mx\/wp-content\/uploads\/2021\/08\/remobanner.jpg 200w, https:\/\/puntodincontro.mx\/wp-content\/uploads\/2021\/08\/remobanner-16x5.jpg 16w\" sizes=\"(max-width: 200px) 100vw, 200px\" \/><\/a><\/div><\/div><\/div><div class=\"wpadcenter-ad-container\" ><div id=\"wpadcenter-ad-5305\" class=\"ad-placement\"><div class=\"wpadcenter-ad-inner\" ><a id=\"wpadcenter_ad\" data-value=\"5305\" data-placement=\"\" href=\"https:\/\/ambcittadelmessico.esteri.it\/ambasciata_cittadelmessico\/it\/\" target=\"_blank\" class=\"wpadcenter-ad-inner__item\" ><img decoding=\"async\"   src=\"https:\/\/puntodincontro.mx\/wp-content\/uploads\/2022\/05\/Ambasciata.jpg\" class=\"attachment-post-thumbnail size-post-thumbnail wp-post-image\" alt=\"\" srcset=\"https:\/\/puntodincontro.mx\/wp-content\/uploads\/2022\/05\/Ambasciata.jpg 200w, https:\/\/puntodincontro.mx\/wp-content\/uploads\/2022\/05\/Ambasciata-18x5.jpg 18w\" sizes=\"(max-width: 200px) 100vw, 200px\" \/><\/a><\/div><\/div><\/div><div class=\"wpadcenter-ad-container\" ><div id=\"wpadcenter-ad-3781\" class=\"ad-placement\"><div class=\"wpadcenter-ad-inner\" ><a id=\"wpadcenter_ad\" data-value=\"3781\" data-placement=\"\" href=\"https:\/\/cannizzo.com.mx\/\" target=\"_blank\" class=\"wpadcenter-ad-inner__item\" ><img decoding=\"async\"   src=\"https:\/\/puntodincontro.mx\/wp-content\/uploads\/2022\/03\/cannizzo2.jpg\" class=\"attachment-post-thumbnail size-post-thumbnail wp-post-image\" alt=\"\" srcset=\"https:\/\/puntodincontro.mx\/wp-content\/uploads\/2022\/03\/cannizzo2.jpg 200w, https:\/\/puntodincontro.mx\/wp-content\/uploads\/2022\/03\/cannizzo2-18x5.jpg 18w\" sizes=\"(max-width: 200px) 100vw, 200px\" \/><\/a><\/div><\/div><\/div><\/div><div class=\"wpadcenter-adgroup__row wpadcenter-aligncenter\"><div class=\"wpadcenter-ad-container\" ><div id=\"wpadcenter-ad-1704\" class=\"ad-placement\"><div class=\"wpadcenter-ad-inner\" ><a id=\"wpadcenter_ad\" data-value=\"1704\" data-placement=\"\" href=\"https:\/\/puntodincontro.mx\/es\/2021\/12\/24\/inps-verificacion-de-supervivencia-de-los-pensionados-en-el-extranjero\/\" target=\"_blank\" class=\"wpadcenter-ad-inner__item\" ><img decoding=\"async\"   src=\"https:\/\/puntodincontro.mx\/wp-content\/uploads\/2021\/11\/logo-ital.jpg\" class=\"attachment-post-thumbnail size-post-thumbnail wp-post-image\" alt=\"Patronato ITAL Messico\" srcset=\"https:\/\/puntodincontro.mx\/wp-content\/uploads\/2021\/11\/logo-ital.jpg 200w, https:\/\/puntodincontro.mx\/wp-content\/uploads\/2021\/11\/logo-ital-16x5.jpg 16w\" sizes=\"(max-width: 200px) 100vw, 200px\" \/><\/a><\/div><\/div><\/div><div class=\"wpadcenter-ad-container\" ><div id=\"wpadcenter-ad-1538\" class=\"ad-placement\"><div class=\"wpadcenter-ad-inner\" ><a id=\"wpadcenter_ad\" data-value=\"1538\" data-placement=\"\" href=\"https:\/\/asociacionitaliana.org\/\" target=\"_blank\" class=\"wpadcenter-ad-inner__item\" ><img decoding=\"async\"   src=\"https:\/\/puntodincontro.mx\/wp-content\/uploads\/2021\/11\/aialogo.jpg\" class=\"attachment-post-thumbnail size-post-thumbnail wp-post-image\" alt=\"Associazione Italiana di Assistenza IAP\" srcset=\"https:\/\/puntodincontro.mx\/wp-content\/uploads\/2021\/11\/aialogo.jpg 200w, https:\/\/puntodincontro.mx\/wp-content\/uploads\/2021\/11\/aialogo-18x5.jpg 18w\" sizes=\"(max-width: 200px) 100vw, 200px\" \/><\/a><\/div><\/div><\/div><div class=\"wpadcenter-ad-container\" ><div id=\"wpadcenter-ad-1513\" class=\"ad-placement\"><div class=\"wpadcenter-ad-inner\" ><a id=\"wpadcenter_ad\" data-value=\"1513\" data-placement=\"\" href=\"https:\/\/gcinmuebles.mx\" target=\"_blank\" class=\"wpadcenter-ad-inner__item\" ><img decoding=\"async\"   src=\"https:\/\/puntodincontro.mx\/wp-content\/uploads\/2021\/10\/gcinmuebleslogopunto-1.jpg\" class=\"attachment-post-thumbnail size-post-thumbnail wp-post-image\" alt=\"\" srcset=\"https:\/\/puntodincontro.mx\/wp-content\/uploads\/2021\/10\/gcinmuebleslogopunto-1.jpg 200w, https:\/\/puntodincontro.mx\/wp-content\/uploads\/2021\/10\/gcinmuebleslogopunto-1-18x5.jpg 18w\" sizes=\"(max-width: 200px) 100vw, 200px\" \/><\/a><\/div><\/div><\/div><\/div><div class=\"wpadcenter-adgroup__row wpadcenter-aligncenter\"><div class=\"wpadcenter-ad-container\" ><div id=\"wpadcenter-ad-1374\" class=\"ad-placement\"><div class=\"wpadcenter-ad-inner\" ><a id=\"wpadcenter_ad\" data-value=\"1374\" data-placement=\"\" href=\"https:\/\/www.9colonne.it\/\" target=\"_blank\" class=\"wpadcenter-ad-inner__item\" ><img decoding=\"async\"   src=\"https:\/\/puntodincontro.mx\/wp-content\/uploads\/2021\/10\/Banner9colonne.gif\" class=\"attachment-post-thumbnail size-post-thumbnail wp-post-image\" alt=\"\" \/><\/a><\/div><\/div><\/div><div class=\"wpadcenter-ad-container\" ><div id=\"wpadcenter-ad-276\" class=\"ad-placement\"><div class=\"wpadcenter-ad-inner\" ><a id=\"wpadcenter_ad\" data-value=\"276\" data-placement=\"\" href=\"http:\/\/www.camaraitaliana.mx\/\" target=\"_blank\" class=\"wpadcenter-ad-inner__item\" ><img decoding=\"async\"   src=\"https:\/\/puntodincontro.mx\/wp-content\/uploads\/2021\/08\/ccimnuovo.jpg\" class=\"attachment-post-thumbnail size-post-thumbnail wp-post-image\" alt=\"\" srcset=\"https:\/\/puntodincontro.mx\/wp-content\/uploads\/2021\/08\/ccimnuovo.jpg 200w, https:\/\/puntodincontro.mx\/wp-content\/uploads\/2021\/08\/ccimnuovo-18x5.jpg 18w\" sizes=\"(max-width: 200px) 100vw, 200px\" \/><\/a><\/div><\/div><\/div><div class=\"wpadcenter-ad-container\" ><div id=\"wpadcenter-ad-272\" class=\"ad-placement\"><div class=\"wpadcenter-ad-inner\" ><a id=\"wpadcenter_ad\" data-value=\"272\" data-placement=\"\" href=\"http:\/\/corix.us\/\" target=\"_blank\" class=\"wpadcenter-ad-inner__item\" ><img decoding=\"async\"   src=\"https:\/\/puntodincontro.mx\/wp-content\/uploads\/2021\/08\/corixbanner-1.jpg\" class=\"attachment-post-thumbnail size-post-thumbnail wp-post-image\" alt=\"\" srcset=\"https:\/\/puntodincontro.mx\/wp-content\/uploads\/2021\/08\/corixbanner-1.jpg 200w, https:\/\/puntodincontro.mx\/wp-content\/uploads\/2021\/08\/corixbanner-1-16x5.jpg 16w\" sizes=\"(max-width: 200px) 100vw, 200px\" \/><\/a><\/div><\/div><\/div><\/div><div class=\"wpadcenter-adgroup__row wpadcenter-aligncenter\"><div class=\"wpadcenter-ad-container\" ><div id=\"wpadcenter-ad-266\" class=\"ad-placement\"><div class=\"wpadcenter-ad-inner\" ><a id=\"wpadcenter_ad\" data-value=\"266\" data-placement=\"\" href=\"https:\/\/www.prinsel.com.mx\/\" target=\"_blank\" class=\"wpadcenter-ad-inner__item\" ><img decoding=\"async\"   src=\"https:\/\/puntodincontro.mx\/wp-content\/uploads\/2021\/08\/prinselbanner-1.jpg\" class=\"attachment-post-thumbnail size-post-thumbnail wp-post-image\" alt=\"\" srcset=\"https:\/\/puntodincontro.mx\/wp-content\/uploads\/2021\/08\/prinselbanner-1.jpg 200w, https:\/\/puntodincontro.mx\/wp-content\/uploads\/2021\/08\/prinselbanner-1-16x5.jpg 16w\" sizes=\"(max-width: 200px) 100vw, 200px\" \/><\/a><\/div><\/div><\/div><div class=\"wpadcenter-ad-container\" ><div id=\"wpadcenter-ad-261\" class=\"ad-placement\"><div class=\"wpadcenter-ad-inner\" ><a id=\"wpadcenter_ad\" data-value=\"261\" data-placement=\"\" href=\"https:\/\/faitalia.com.mx\/\" target=\"_blank\" class=\"wpadcenter-ad-inner__item\" ><img decoding=\"async\"   src=\"https:\/\/puntodincontro.mx\/wp-content\/uploads\/2021\/08\/gruppodino.jpg\" class=\"attachment-post-thumbnail size-post-thumbnail wp-post-image\" alt=\"\" srcset=\"https:\/\/puntodincontro.mx\/wp-content\/uploads\/2021\/08\/gruppodino.jpg 200w, https:\/\/puntodincontro.mx\/wp-content\/uploads\/2021\/08\/gruppodino-18x5.jpg 18w\" sizes=\"(max-width: 200px) 100vw, 200px\" \/><\/a><\/div><\/div><\/div><\/div><\/div>\n\n\n<div style=\"height:12px\" aria-hidden=\"true\" class=\"wp-block-spacer\"><\/div>","protected":false},"excerpt":{"rendered":"<p>Ore 16.44 &#8211; C&#8217;\u00e8 un elemento che unisce i popoli e li rende uguali, azzerando qualsiasi differenza: \u00e8 il calcio, lo sport pi\u00f9 popolare del mondo che, in un caldo pomeriggio romano vissuto all&#8217;ambasciata del Messico a Roma, ha permesso di ripercorrere i momenti pi\u00f9 importanti dei Mondiali, partendo da quelli organizzati proprio sugli altipiani tanto cari a Montezuma, nel lontano 1970. E cos\u00ec, in un ideale passaggio di testimone, a due anni dal terzo appuntamento iridato in Messico, passando dall&#8217;edizione del Mundial 1986, si sono alternati campioni del passato che fu e di quello pi\u00f9 recente. Da Cuauht\u00e9moc Blanco&#8230; <\/p>","protected":false},"author":2,"featured_media":19778,"comment_status":"open","ping_status":"open","sticky":false,"template":"","format":"standard","meta":{"_monsterinsights_skip_tracking":false,"_monsterinsights_sitenote_active":false,"_monsterinsights_sitenote_note":"","_monsterinsights_sitenote_category":0,"footnotes":""},"categories":[11],"tags":[],"class_list":["post-19771","post","type-post","status-publish","format-standard","has-post-thumbnail","hentry","category-sport"],"yoast_head":"<!-- This site is optimized with the Yoast SEO Premium plugin v18.4 (Yoast SEO v25.6) - https:\/\/yoast.com\/wordpress\/plugins\/seo\/ -->\n<title>Italia-Messico, 150 anni di diplomazia e di sfide con il pallone<\/title>\n<meta name=\"description\" content=\"Un caldo pomeriggio romano vissuto all&#039;ambasciata del Messico a Roma ha permesso di ripercorrere i momenti pi\u00f9 importanti dei Mondiali.\" \/>\n<meta name=\"robots\" content=\"index, follow, max-snippet:-1, max-image-preview:large, max-video-preview:-1\" \/>\n<link rel=\"canonical\" href=\"https:\/\/puntodincontro.mx\/es\/2024\/06\/12\/italia-mexico-150-anos-de-diplomacia-y-desafios-con-el-balon\/\" \/>\n<meta property=\"og:locale\" content=\"es_MX\" \/>\n<meta property=\"og:type\" content=\"article\" \/>\n<meta property=\"og:title\" content=\"Italia-Messico, 150 anni di diplomazia e di sfide con il pallone\" \/>\n<meta property=\"og:description\" content=\"Un caldo pomeriggio romano vissuto all&#039;ambasciata del Messico a Roma ha permesso di ripercorrere i momenti pi\u00f9 importanti dei Mondiali.\" \/>\n<meta property=\"og:url\" content=\"https:\/\/puntodincontro.mx\/es\/2024\/06\/12\/italia-mexico-150-anos-de-diplomacia-y-desafios-con-el-balon\/\" \/>\n<meta property=\"og:site_name\" content=\"Puntodincontro\" \/>\n<meta property=\"article:publisher\" content=\"https:\/\/www.facebook.com\/puntodincontro.mx\" \/>\n<meta property=\"article:published_time\" content=\"2024-06-12T23:10:22+00:00\" \/>\n<meta property=\"article:modified_time\" content=\"2024-06-12T23:10:23+00:00\" \/>\n<meta property=\"og:image\" content=\"https:\/\/puntodincontro.mx\/wp-content\/uploads\/2024\/06\/calciocarloscomp.jpg\" \/>\n\t<meta property=\"og:image:width\" content=\"932\" \/>\n\t<meta property=\"og:image:height\" content=\"488\" \/>\n\t<meta property=\"og:image:type\" content=\"image\/jpeg\" \/>\n<meta name=\"author\" content=\"Puntodincontro\" \/>\n<meta name=\"twitter:card\" content=\"summary_large_image\" \/>\n<meta name=\"twitter:creator\" content=\"@puntodincontro\" \/>\n<meta name=\"twitter:site\" content=\"@puntodincontro\" \/>\n<meta name=\"twitter:label1\" content=\"Escrito por\" \/>\n\t<meta name=\"twitter:data1\" content=\"Puntodincontro\" \/>\n\t<meta name=\"twitter:label2\" content=\"Tiempo de lectura\" \/>\n\t<meta name=\"twitter:data2\" content=\"3 minutos\" \/>\n<script type=\"application\/ld+json\" class=\"yoast-schema-graph\">{\"@context\":\"https:\/\/schema.org\",\"@graph\":[{\"@type\":\"NewsArticle\",\"@id\":\"https:\/\/puntodincontro.mx\/2024\/06\/12\/italia-messico-150-anni-di-diplomazia-e-di-sfide-con-il-pallone\/#article\",\"isPartOf\":{\"@id\":\"https:\/\/puntodincontro.mx\/2024\/06\/12\/italia-messico-150-anni-di-diplomazia-e-di-sfide-con-il-pallone\/\"},\"author\":{\"name\":\"Puntodincontro\",\"@id\":\"https:\/\/puntodincontro.mx\/#\/schema\/person\/d3066d18a16259cbb0c29b0d0e93b556\"},\"headline\":\"Italia-Messico, 150 anni di diplomazia e di sfide con il pallone\",\"datePublished\":\"2024-06-12T23:10:22+00:00\",\"dateModified\":\"2024-06-12T23:10:23+00:00\",\"mainEntityOfPage\":{\"@id\":\"https:\/\/puntodincontro.mx\/2024\/06\/12\/italia-messico-150-anni-di-diplomazia-e-di-sfide-con-il-pallone\/\"},\"wordCount\":681,\"commentCount\":0,\"publisher\":{\"@id\":\"https:\/\/puntodincontro.mx\/#organization\"},\"image\":{\"@id\":\"https:\/\/puntodincontro.mx\/2024\/06\/12\/italia-messico-150-anni-di-diplomazia-e-di-sfide-con-il-pallone\/#primaryimage\"},\"thumbnailUrl\":\"https:\/\/puntodincontro.mx\/wp-content\/uploads\/2024\/06\/calciocarlosvert.webp\",\"articleSection\":[\"Sport\"],\"inLanguage\":\"es\",\"potentialAction\":[{\"@type\":\"CommentAction\",\"name\":\"Comment\",\"target\":[\"https:\/\/puntodincontro.mx\/2024\/06\/12\/italia-messico-150-anni-di-diplomazia-e-di-sfide-con-il-pallone\/#respond\"]}]},{\"@type\":\"WebPage\",\"@id\":\"https:\/\/puntodincontro.mx\/2024\/06\/12\/italia-messico-150-anni-di-diplomazia-e-di-sfide-con-il-pallone\/\",\"url\":\"https:\/\/puntodincontro.mx\/2024\/06\/12\/italia-messico-150-anni-di-diplomazia-e-di-sfide-con-il-pallone\/\",\"name\":\"Italia-Messico, 150 anni di diplomazia e di sfide con il pallone\",\"isPartOf\":{\"@id\":\"https:\/\/puntodincontro.mx\/#website\"},\"primaryImageOfPage\":{\"@id\":\"https:\/\/puntodincontro.mx\/2024\/06\/12\/italia-messico-150-anni-di-diplomazia-e-di-sfide-con-il-pallone\/#primaryimage\"},\"image\":{\"@id\":\"https:\/\/puntodincontro.mx\/2024\/06\/12\/italia-messico-150-anni-di-diplomazia-e-di-sfide-con-il-pallone\/#primaryimage\"},\"thumbnailUrl\":\"https:\/\/puntodincontro.mx\/wp-content\/uploads\/2024\/06\/calciocarlosvert.webp\",\"datePublished\":\"2024-06-12T23:10:22+00:00\",\"dateModified\":\"2024-06-12T23:10:23+00:00\",\"description\":\"Un caldo pomeriggio romano vissuto all'ambasciata del Messico a Roma ha permesso di ripercorrere i momenti pi\u00f9 importanti dei Mondiali.\",\"breadcrumb\":{\"@id\":\"https:\/\/puntodincontro.mx\/2024\/06\/12\/italia-messico-150-anni-di-diplomazia-e-di-sfide-con-il-pallone\/#breadcrumb\"},\"inLanguage\":\"es\",\"potentialAction\":[{\"@type\":\"ReadAction\",\"target\":[\"https:\/\/puntodincontro.mx\/2024\/06\/12\/italia-messico-150-anni-di-diplomazia-e-di-sfide-con-il-pallone\/\"]}]},{\"@type\":\"ImageObject\",\"inLanguage\":\"es\",\"@id\":\"https:\/\/puntodincontro.mx\/2024\/06\/12\/italia-messico-150-anni-di-diplomazia-e-di-sfide-con-il-pallone\/#primaryimage\",\"url\":\"https:\/\/puntodincontro.mx\/wp-content\/uploads\/2024\/06\/calciocarlosvert.webp\",\"contentUrl\":\"https:\/\/puntodincontro.mx\/wp-content\/uploads\/2024\/06\/calciocarlosvert.webp\",\"width\":423,\"height\":488,\"caption\":\"Italia-Messico, 150 anni di diplomazia e di sfide con il pallone \/ Foto: ANSA\"},{\"@type\":\"BreadcrumbList\",\"@id\":\"https:\/\/puntodincontro.mx\/2024\/06\/12\/italia-messico-150-anni-di-diplomazia-e-di-sfide-con-il-pallone\/#breadcrumb\",\"itemListElement\":[{\"@type\":\"ListItem\",\"position\":1,\"name\":\"Home\",\"item\":\"https:\/\/puntodincontro.mx\/\"},{\"@type\":\"ListItem\",\"position\":2,\"name\":\"Italia-Messico, 150 anni di diplomazia e di sfide con il pallone\"}]},{\"@type\":\"WebSite\",\"@id\":\"https:\/\/puntodincontro.mx\/#website\",\"url\":\"https:\/\/puntodincontro.mx\/\",\"name\":\"Puntodincontro\",\"description\":\"Dal 2006 notizie sui rapporti Italia-Messico \/ Desde 2006 noticias sobre las relaciones entre Italia y M\u00e9xico\",\"publisher\":{\"@id\":\"https:\/\/puntodincontro.mx\/#organization\"},\"potentialAction\":[{\"@type\":\"SearchAction\",\"target\":{\"@type\":\"EntryPoint\",\"urlTemplate\":\"https:\/\/puntodincontro.mx\/?s={search_term_string}\"},\"query-input\":{\"@type\":\"PropertyValueSpecification\",\"valueRequired\":true,\"valueName\":\"search_term_string\"}}],\"inLanguage\":\"es\"},{\"@type\":\"Organization\",\"@id\":\"https:\/\/puntodincontro.mx\/#organization\",\"name\":\"Puntodincontro\",\"url\":\"https:\/\/puntodincontro.mx\/\",\"logo\":{\"@type\":\"ImageObject\",\"inLanguage\":\"es\",\"@id\":\"https:\/\/puntodincontro.mx\/#\/schema\/logo\/image\/\",\"url\":\"https:\/\/puntodincontro.mx\/wp-content\/uploads\/2021\/08\/Default-image-for-open-graph-settings.jpg\",\"contentUrl\":\"https:\/\/puntodincontro.mx\/wp-content\/uploads\/2021\/08\/Default-image-for-open-graph-settings.jpg\",\"width\":1200,\"height\":630,\"caption\":\"Puntodincontro\"},\"image\":{\"@id\":\"https:\/\/puntodincontro.mx\/#\/schema\/logo\/image\/\"},\"sameAs\":[\"https:\/\/www.facebook.com\/puntodincontro.mx\",\"https:\/\/x.com\/puntodincontro\",\"https:\/\/www.instagram.com\/puntodincontro.mx\/\",\"https:\/\/www.linkedin.com\/company\/puntodincontro\/\",\"https:\/\/www.youtube.com\/c\/puntodincontromessico\",\"https:\/\/www.patreon.com\/puntodincontro\",\"https:\/\/www.threads.net\/@puntodincontro.mx\"]},{\"@type\":\"Person\",\"@id\":\"https:\/\/puntodincontro.mx\/#\/schema\/person\/d3066d18a16259cbb0c29b0d0e93b556\",\"name\":\"Puntodincontro\",\"image\":{\"@type\":\"ImageObject\",\"inLanguage\":\"es\",\"@id\":\"https:\/\/puntodincontro.mx\/#\/schema\/person\/image\/\",\"url\":\"https:\/\/secure.gravatar.com\/avatar\/0e85b4b3b5e9d6bfcec6a4956d8cc63a?s=96&d=mm&r=g\",\"contentUrl\":\"https:\/\/secure.gravatar.com\/avatar\/0e85b4b3b5e9d6bfcec6a4956d8cc63a?s=96&d=mm&r=g\",\"caption\":\"Puntodincontro\"},\"url\":\"https:\/\/puntodincontro.mx\/es\/author\/puntodincontro\/\"}]}<\/script>\n<!-- \/ Yoast SEO Premium plugin. -->","yoast_head_json":{"title":"Italia-M\u00e9xico, 150 a\u00f1os de diplomacia y desaf\u00edos con el bal\u00f3n","description":"Un caldo pomeriggio romano vissuto all'ambasciata del Messico a Roma ha permesso di ripercorrere i momenti pi\u00f9 importanti dei Mondiali.","robots":{"index":"index","follow":"follow","max-snippet":"max-snippet:-1","max-image-preview":"max-image-preview:large","max-video-preview":"max-video-preview:-1"},"canonical":"https:\/\/puntodincontro.mx\/es\/2024\/06\/12\/italia-mexico-150-anos-de-diplomacia-y-desafios-con-el-balon\/","og_locale":"es_MX","og_type":"article","og_title":"Italia-Messico, 150 anni di diplomazia e di sfide con il pallone","og_description":"Un caldo pomeriggio romano vissuto all'ambasciata del Messico a Roma ha permesso di ripercorrere i momenti pi\u00f9 importanti dei Mondiali.","og_url":"https:\/\/puntodincontro.mx\/es\/2024\/06\/12\/italia-mexico-150-anos-de-diplomacia-y-desafios-con-el-balon\/","og_site_name":"Puntodincontro","article_publisher":"https:\/\/www.facebook.com\/puntodincontro.mx","article_published_time":"2024-06-12T23:10:22+00:00","article_modified_time":"2024-06-12T23:10:23+00:00","og_image":[{"width":932,"height":488,"url":"https:\/\/puntodincontro.mx\/wp-content\/uploads\/2024\/06\/calciocarloscomp.jpg","type":"image\/jpeg"}],"author":"Puntodincontro","twitter_card":"summary_large_image","twitter_creator":"@puntodincontro","twitter_site":"@puntodincontro","twitter_misc":{"Escrito por":"Puntodincontro","Tiempo de lectura":"3 minutos"},"schema":{"@context":"https:\/\/schema.org","@graph":[{"@type":"NewsArticle","@id":"https:\/\/puntodincontro.mx\/2024\/06\/12\/italia-messico-150-anni-di-diplomazia-e-di-sfide-con-il-pallone\/#article","isPartOf":{"@id":"https:\/\/puntodincontro.mx\/2024\/06\/12\/italia-messico-150-anni-di-diplomazia-e-di-sfide-con-il-pallone\/"},"author":{"name":"Puntodincontro","@id":"https:\/\/puntodincontro.mx\/#\/schema\/person\/d3066d18a16259cbb0c29b0d0e93b556"},"headline":"Italia-Messico, 150 anni di diplomazia e di sfide con il pallone","datePublished":"2024-06-12T23:10:22+00:00","dateModified":"2024-06-12T23:10:23+00:00","mainEntityOfPage":{"@id":"https:\/\/puntodincontro.mx\/2024\/06\/12\/italia-messico-150-anni-di-diplomazia-e-di-sfide-con-il-pallone\/"},"wordCount":681,"commentCount":0,"publisher":{"@id":"https:\/\/puntodincontro.mx\/#organization"},"image":{"@id":"https:\/\/puntodincontro.mx\/2024\/06\/12\/italia-messico-150-anni-di-diplomazia-e-di-sfide-con-il-pallone\/#primaryimage"},"thumbnailUrl":"https:\/\/puntodincontro.mx\/wp-content\/uploads\/2024\/06\/calciocarlosvert.webp","articleSection":["Sport"],"inLanguage":"es","potentialAction":[{"@type":"CommentAction","name":"Comment","target":["https:\/\/puntodincontro.mx\/2024\/06\/12\/italia-messico-150-anni-di-diplomazia-e-di-sfide-con-il-pallone\/#respond"]}]},{"@type":"WebPage","@id":"https:\/\/puntodincontro.mx\/2024\/06\/12\/italia-messico-150-anni-di-diplomazia-e-di-sfide-con-il-pallone\/","url":"https:\/\/puntodincontro.mx\/2024\/06\/12\/italia-messico-150-anni-di-diplomazia-e-di-sfide-con-il-pallone\/","name":"Italia-M\u00e9xico, 150 a\u00f1os de diplomacia y desaf\u00edos con el bal\u00f3n","isPartOf":{"@id":"https:\/\/puntodincontro.mx\/#website"},"primaryImageOfPage":{"@id":"https:\/\/puntodincontro.mx\/2024\/06\/12\/italia-messico-150-anni-di-diplomazia-e-di-sfide-con-il-pallone\/#primaryimage"},"image":{"@id":"https:\/\/puntodincontro.mx\/2024\/06\/12\/italia-messico-150-anni-di-diplomazia-e-di-sfide-con-il-pallone\/#primaryimage"},"thumbnailUrl":"https:\/\/puntodincontro.mx\/wp-content\/uploads\/2024\/06\/calciocarlosvert.webp","datePublished":"2024-06-12T23:10:22+00:00","dateModified":"2024-06-12T23:10:23+00:00","description":"Un caldo pomeriggio romano vissuto all'ambasciata del Messico a Roma ha permesso di ripercorrere i momenti pi\u00f9 importanti dei Mondiali.","breadcrumb":{"@id":"https:\/\/puntodincontro.mx\/2024\/06\/12\/italia-messico-150-anni-di-diplomazia-e-di-sfide-con-il-pallone\/#breadcrumb"},"inLanguage":"es","potentialAction":[{"@type":"ReadAction","target":["https:\/\/puntodincontro.mx\/2024\/06\/12\/italia-messico-150-anni-di-diplomazia-e-di-sfide-con-il-pallone\/"]}]},{"@type":"ImageObject","inLanguage":"es","@id":"https:\/\/puntodincontro.mx\/2024\/06\/12\/italia-messico-150-anni-di-diplomazia-e-di-sfide-con-il-pallone\/#primaryimage","url":"https:\/\/puntodincontro.mx\/wp-content\/uploads\/2024\/06\/calciocarlosvert.webp","contentUrl":"https:\/\/puntodincontro.mx\/wp-content\/uploads\/2024\/06\/calciocarlosvert.webp","width":423,"height":488,"caption":"Italia-Messico, 150 anni di diplomazia e di sfide con il pallone \/ Foto: ANSA"},{"@type":"BreadcrumbList","@id":"https:\/\/puntodincontro.mx\/2024\/06\/12\/italia-messico-150-anni-di-diplomazia-e-di-sfide-con-il-pallone\/#breadcrumb","itemListElement":[{"@type":"ListItem","position":1,"name":"Home","item":"https:\/\/puntodincontro.mx\/"},{"@type":"ListItem","position":2,"name":"Italia-Messico, 150 anni di diplomazia e di sfide con il pallone"}]},{"@type":"WebSite","@id":"https:\/\/puntodincontro.mx\/#website","url":"https:\/\/puntodincontro.mx\/","name":"Puntodincontro","description":"Desde el 2006 noticias sobre las relaciones entre Italia y M\u00e9xico \/ Dal 2006 notizie sui rapporti Italia-Messico","publisher":{"@id":"https:\/\/puntodincontro.mx\/#organization"},"potentialAction":[{"@type":"SearchAction","target":{"@type":"EntryPoint","urlTemplate":"https:\/\/puntodincontro.mx\/?s={search_term_string}"},"query-input":{"@type":"PropertyValueSpecification","valueRequired":true,"valueName":"search_term_string"}}],"inLanguage":"es"},{"@type":"Organization","@id":"https:\/\/puntodincontro.mx\/#organization","name":"Puntodincontro","url":"https:\/\/puntodincontro.mx\/","logo":{"@type":"ImageObject","inLanguage":"es","@id":"https:\/\/puntodincontro.mx\/#\/schema\/logo\/image\/","url":"https:\/\/puntodincontro.mx\/wp-content\/uploads\/2021\/08\/Default-image-for-open-graph-settings.jpg","contentUrl":"https:\/\/puntodincontro.mx\/wp-content\/uploads\/2021\/08\/Default-image-for-open-graph-settings.jpg","width":1200,"height":630,"caption":"Puntodincontro"},"image":{"@id":"https:\/\/puntodincontro.mx\/#\/schema\/logo\/image\/"},"sameAs":["https:\/\/www.facebook.com\/puntodincontro.mx","https:\/\/x.com\/puntodincontro","https:\/\/www.instagram.com\/puntodincontro.mx\/","https:\/\/www.linkedin.com\/company\/puntodincontro\/","https:\/\/www.youtube.com\/c\/puntodincontromessico","https:\/\/www.patreon.com\/puntodincontro","https:\/\/www.threads.net\/@puntodincontro.mx"]},{"@type":"Person","@id":"https:\/\/puntodincontro.mx\/#\/schema\/person\/d3066d18a16259cbb0c29b0d0e93b556","name":"Puntodincontro","image":{"@type":"ImageObject","inLanguage":"es","@id":"https:\/\/puntodincontro.mx\/#\/schema\/person\/image\/","url":"https:\/\/secure.gravatar.com\/avatar\/0e85b4b3b5e9d6bfcec6a4956d8cc63a?s=96&d=mm&r=g","contentUrl":"https:\/\/secure.gravatar.com\/avatar\/0e85b4b3b5e9d6bfcec6a4956d8cc63a?s=96&d=mm&r=g","caption":"Puntodincontro"},"url":"https:\/\/puntodincontro.mx\/es\/author\/puntodincontro\/"}]}},"_links":{"self":[{"href":"https:\/\/puntodincontro.mx\/es\/wp-json\/wp\/v2\/posts\/19771"}],"collection":[{"href":"https:\/\/puntodincontro.mx\/es\/wp-json\/wp\/v2\/posts"}],"about":[{"href":"https:\/\/puntodincontro.mx\/es\/wp-json\/wp\/v2\/types\/post"}],"author":[{"embeddable":true,"href":"https:\/\/puntodincontro.mx\/es\/wp-json\/wp\/v2\/users\/2"}],"replies":[{"embeddable":true,"href":"https:\/\/puntodincontro.mx\/es\/wp-json\/wp\/v2\/comments?post=19771"}],"version-history":[{"count":8,"href":"https:\/\/puntodincontro.mx\/es\/wp-json\/wp\/v2\/posts\/19771\/revisions"}],"predecessor-version":[{"id":19782,"href":"https:\/\/puntodincontro.mx\/es\/wp-json\/wp\/v2\/posts\/19771\/revisions\/19782"}],"wp:featuredmedia":[{"embeddable":true,"href":"https:\/\/puntodincontro.mx\/es\/wp-json\/wp\/v2\/media\/19778"}],"wp:attachment":[{"href":"https:\/\/puntodincontro.mx\/es\/wp-json\/wp\/v2\/media?parent=19771"}],"wp:term":[{"taxonomy":"category","embeddable":true,"href":"https:\/\/puntodincontro.mx\/es\/wp-json\/wp\/v2\/categories?post=19771"},{"taxonomy":"post_tag","embeddable":true,"href":"https:\/\/puntodincontro.mx\/es\/wp-json\/wp\/v2\/tags?post=19771"}],"curies":[{"name":"wp","href":"https:\/\/api.w.org\/{rel}","templated":true}]}}