{"id":1996,"date":"2021-11-27T07:31:44","date_gmt":"2021-11-27T13:31:44","guid":{"rendered":"https:\/\/puntodincontro.mx\/?p=1996"},"modified":"2021-11-27T09:09:14","modified_gmt":"2021-11-27T15:09:14","slug":"las-reacciones-de-italia-y-mexico-ante-la-variante-omicron","status":"publish","type":"post","link":"https:\/\/puntodincontro.mx\/es\/2021\/11\/27\/le-reazioni-di-italia-e-messico-alla-variante-omicron\/","title":{"rendered":"Las reacciones de Italia y M\u00e9xico ante la variante \u00d3micron"},"content":{"rendered":"<p class=\"translation-block\"><strong>07:25 hrs.<\/strong> \u2013 La variante sudafricana preocupa. El mundo se apresura a contener la nueva versi\u00f3n del coronavirus denominada \u00d3micron, despu\u00e9s de que la Organizaci\u00f3n Mundial de la Salud la clasificara el viernes como un \u00abvirus altamente transmisible\u00bb, la misma categor\u00eda que incluye la variante Delta. En Europa, despu\u00e9s de B\u00e9lgica, los primeros casos se registraron en los Pa\u00edses Bajos y Alemania, involucrando a pasajeros provenientes de Sud\u00e1frica.<\/p>\n\n\n\n<p>Varios pa\u00edses, incluyendo Italia, han impuesto restricciones de viaje inmediatas a los visitantes del sur de \u00c1frica, donde se descubri\u00f3 la mutaci\u00f3n. En Estados Unidos, la prohibici\u00f3n entrar\u00e1 en vigor el lunes. La Casa Blanca afirma que las agencias y las aerol\u00edneas necesitan tiempo para implementar las nuevas medidas.<\/p>\n\n\n\n<p>El presidente del Instituto Superior de Salud de Italia, Silvio Brusaferro, explic\u00f3 que hasta la fecha en el Bel Paese las secuencias de la variante aislada en Sud\u00e1frica no se han reportado en la base de datos nacional.<\/p>\n\n\n\n<p class=\"translation-block\">Hasta el momento, M\u00e9xico \u2014una de las naciones del mundo sin restricciones de viaje desde que comenz\u00f3 la pandemia de SARS-CoV-2\u2014 no se ha expresado sobre posibles limitaciones para turistas. La Secretaria de Salud del pa\u00eds inform\u00f3 que est\u00e1 actualizando sus protocolos de vigilancia gen\u00f3mica ante la aparici\u00f3n de la nueva mutaci\u00f3n. \u00abAnte el reciente reconocimiento de \u00d3micron como una variante de preocupaci\u00f3n por parte de la Organizaci\u00f3n Mundial de la Salud (OMS), la Secretar\u00eda de Salud se encuentra actualizando protocolos de vigilancia gen\u00f3mica para la b\u00fasqueda intencionada de dicha variante. As\u00ed, en caso necesario, las medidas sanitarias que se tomen ser\u00e1n guiadas por la evidencia cient\u00edfica disponible\u00bb, indic\u00f3 la dependencia.<\/p>\n\n\n\n<div style=\"height:12px\" aria-hidden=\"true\" class=\"wp-block-spacer\"><\/div>\n\n\n\n\n\n<div style=\"height:12px\" aria-hidden=\"true\" class=\"wp-block-spacer\"><\/div>","protected":false},"excerpt":{"rendered":"<p>Ore 07.25 &#8211; La variante sudafricana preoccupa. Il mondo sta correndo per contenere la nuova versione del coronavirus battezzata Omicron, dopo che venerd\u00ec l\u2019Organizzazione mondiale della sanit\u00e0 l\u2019ha classificata come un \u00abvirus altamente trasmissibile\u00bb, la stessa categoria che include la variante Delta. In Europa, dopo il Belgio, si registrano i primi casi in Olanda e Germania, su passeggeri provenienti dal Sudafrica. Diversi Paesi, tra cui l\u2019Italia, hanno imposto divieti di viaggio immediati ai visitatori provenienti dall\u2019Africa meridionale, dove \u00e8 stata scoperta la mutazione. Negli Stati Uniti il divieto scatter\u00e0 luned\u00ec. La Casa Bianca afferma che le agenzie e le compagnie&#8230; <\/p>","protected":false},"author":2,"featured_media":1998,"comment_status":"open","ping_status":"open","sticky":false,"template":"","format":"standard","meta":{"_monsterinsights_skip_tracking":false,"_monsterinsights_sitenote_active":false,"_monsterinsights_sitenote_note":"","_monsterinsights_sitenote_category":0,"footnotes":""},"categories":[7],"tags":[],"class_list":["post-1996","post","type-post","status-publish","format-standard","has-post-thumbnail","hentry","category-salute-e-benessere"],"yoast_head":"<!-- This site is optimized with the Yoast SEO Premium plugin v18.4 (Yoast SEO v25.6) - https:\/\/yoast.com\/wordpress\/plugins\/seo\/ -->\n<title>Le reazioni di Italia e Messico alla variante Omicron Puntodincontro<\/title>\n<meta name=\"description\" content=\"La variante sudafricana preoccupa. Il mondo sta correndo per contenere la nuova versione del coronavirus battezzata Omicron, dopo che venerd\u00ec l\u2019Organizzazione mondiale della sanit\u00e0 l\u2019ha classificata come un \u00abvirus altamente trasmissibile\u00bb, la stessa categoria che include la variante Delta. In Europa, dopo il Belgio, si registrano i primi casi in Olanda e Germania, su passeggeri provenienti dal Sudafrica.\" \/>\n<meta name=\"robots\" content=\"index, follow, max-snippet:-1, max-image-preview:large, max-video-preview:-1\" \/>\n<link rel=\"canonical\" href=\"https:\/\/puntodincontro.mx\/es\/2021\/11\/27\/las-reacciones-de-italia-y-mexico-ante-la-variante-omicron\/\" \/>\n<meta property=\"og:locale\" content=\"es_MX\" \/>\n<meta property=\"og:type\" content=\"article\" \/>\n<meta property=\"og:title\" content=\"Le reazioni di Italia e Messico alla variante Omicron\" \/>\n<meta property=\"og:description\" content=\"La variante sudafricana preoccupa. Il mondo sta correndo per contenere la nuova versione del coronavirus battezzata Omicron, dopo che venerd\u00ec l\u2019Organizzazione mondiale della sanit\u00e0 l\u2019ha classificata come un \u00abvirus altamente trasmissibile\u00bb, la stessa categoria che include la variante Delta. In Europa, dopo il Belgio, si registrano i primi casi in Olanda e Germania, su passeggeri provenienti dal Sudafrica.\" \/>\n<meta property=\"og:url\" content=\"https:\/\/puntodincontro.mx\/es\/2021\/11\/27\/las-reacciones-de-italia-y-mexico-ante-la-variante-omicron\/\" \/>\n<meta property=\"og:site_name\" content=\"Puntodincontro\" \/>\n<meta property=\"article:publisher\" content=\"https:\/\/www.facebook.com\/puntodincontro.mx\" \/>\n<meta property=\"article:published_time\" content=\"2021-11-27T13:31:44+00:00\" \/>\n<meta property=\"article:modified_time\" content=\"2021-11-27T15:09:14+00:00\" \/>\n<meta property=\"og:image\" content=\"https:\/\/puntodincontro.mx\/wp-content\/uploads\/2021\/11\/reazionimessicoeitaliavarianteomicronvert.webp\" \/>\n\t<meta property=\"og:image:width\" content=\"423\" \/>\n\t<meta property=\"og:image:height\" content=\"488\" \/>\n\t<meta property=\"og:image:type\" content=\"image\/webp\" \/>\n<meta name=\"author\" content=\"Puntodincontro\" \/>\n<meta name=\"twitter:card\" content=\"summary_large_image\" \/>\n<meta name=\"twitter:creator\" content=\"@puntodincontro\" \/>\n<meta name=\"twitter:site\" content=\"@puntodincontro\" \/>\n<meta name=\"twitter:label1\" content=\"Escrito por\" \/>\n\t<meta name=\"twitter:data1\" content=\"Puntodincontro\" \/>\n\t<meta name=\"twitter:label2\" content=\"Tiempo de lectura\" \/>\n\t<meta name=\"twitter:data2\" content=\"2 minutos\" \/>\n<script type=\"application\/ld+json\" class=\"yoast-schema-graph\">{\"@context\":\"https:\/\/schema.org\",\"@graph\":[{\"@type\":\"NewsArticle\",\"@id\":\"https:\/\/puntodincontro.mx\/2021\/11\/27\/le-reazioni-di-italia-e-messico-alla-variante-omicron\/#article\",\"isPartOf\":{\"@id\":\"https:\/\/puntodincontro.mx\/2021\/11\/27\/le-reazioni-di-italia-e-messico-alla-variante-omicron\/\"},\"author\":{\"name\":\"Puntodincontro\",\"@id\":\"https:\/\/puntodincontro.mx\/#\/schema\/person\/d3066d18a16259cbb0c29b0d0e93b556\"},\"headline\":\"Le reazioni di Italia e Messico alla variante Omicron\",\"datePublished\":\"2021-11-27T13:31:44+00:00\",\"dateModified\":\"2021-11-27T15:09:14+00:00\",\"mainEntityOfPage\":{\"@id\":\"https:\/\/puntodincontro.mx\/2021\/11\/27\/le-reazioni-di-italia-e-messico-alla-variante-omicron\/\"},\"wordCount\":256,\"commentCount\":0,\"publisher\":{\"@id\":\"https:\/\/puntodincontro.mx\/#organization\"},\"image\":{\"@id\":\"https:\/\/puntodincontro.mx\/2021\/11\/27\/le-reazioni-di-italia-e-messico-alla-variante-omicron\/#primaryimage\"},\"thumbnailUrl\":\"https:\/\/puntodincontro.mx\/wp-content\/uploads\/2021\/11\/reazionimessicoeitaliavarianteomicronvert.webp\",\"articleSection\":[\"Salute e benessere\"],\"inLanguage\":\"es\",\"potentialAction\":[{\"@type\":\"CommentAction\",\"name\":\"Comment\",\"target\":[\"https:\/\/puntodincontro.mx\/2021\/11\/27\/le-reazioni-di-italia-e-messico-alla-variante-omicron\/#respond\"]}]},{\"@type\":\"WebPage\",\"@id\":\"https:\/\/puntodincontro.mx\/2021\/11\/27\/le-reazioni-di-italia-e-messico-alla-variante-omicron\/\",\"url\":\"https:\/\/puntodincontro.mx\/2021\/11\/27\/le-reazioni-di-italia-e-messico-alla-variante-omicron\/\",\"name\":\"Le reazioni di Italia e Messico alla variante Omicron Puntodincontro\",\"isPartOf\":{\"@id\":\"https:\/\/puntodincontro.mx\/#website\"},\"primaryImageOfPage\":{\"@id\":\"https:\/\/puntodincontro.mx\/2021\/11\/27\/le-reazioni-di-italia-e-messico-alla-variante-omicron\/#primaryimage\"},\"image\":{\"@id\":\"https:\/\/puntodincontro.mx\/2021\/11\/27\/le-reazioni-di-italia-e-messico-alla-variante-omicron\/#primaryimage\"},\"thumbnailUrl\":\"https:\/\/puntodincontro.mx\/wp-content\/uploads\/2021\/11\/reazionimessicoeitaliavarianteomicronvert.webp\",\"datePublished\":\"2021-11-27T13:31:44+00:00\",\"dateModified\":\"2021-11-27T15:09:14+00:00\",\"description\":\"La variante sudafricana preoccupa. Il mondo sta correndo per contenere la nuova versione del coronavirus battezzata Omicron, dopo che venerd\u00ec l\u2019Organizzazione mondiale della sanit\u00e0 l\u2019ha classificata come un \u00abvirus altamente trasmissibile\u00bb, la stessa categoria che include la variante Delta. In Europa, dopo il Belgio, si registrano i primi casi in Olanda e Germania, su passeggeri provenienti dal Sudafrica.\",\"breadcrumb\":{\"@id\":\"https:\/\/puntodincontro.mx\/2021\/11\/27\/le-reazioni-di-italia-e-messico-alla-variante-omicron\/#breadcrumb\"},\"inLanguage\":\"es\",\"potentialAction\":[{\"@type\":\"ReadAction\",\"target\":[\"https:\/\/puntodincontro.mx\/2021\/11\/27\/le-reazioni-di-italia-e-messico-alla-variante-omicron\/\"]}]},{\"@type\":\"ImageObject\",\"inLanguage\":\"es\",\"@id\":\"https:\/\/puntodincontro.mx\/2021\/11\/27\/le-reazioni-di-italia-e-messico-alla-variante-omicron\/#primaryimage\",\"url\":\"https:\/\/puntodincontro.mx\/wp-content\/uploads\/2021\/11\/reazionimessicoeitaliavarianteomicronvert.webp\",\"contentUrl\":\"https:\/\/puntodincontro.mx\/wp-content\/uploads\/2021\/11\/reazionimessicoeitaliavarianteomicronvert.webp\",\"width\":423,\"height\":488,\"caption\":\"reazionimessicoeitaliavarianteomicron\"},{\"@type\":\"BreadcrumbList\",\"@id\":\"https:\/\/puntodincontro.mx\/2021\/11\/27\/le-reazioni-di-italia-e-messico-alla-variante-omicron\/#breadcrumb\",\"itemListElement\":[{\"@type\":\"ListItem\",\"position\":1,\"name\":\"Home\",\"item\":\"https:\/\/puntodincontro.mx\/\"},{\"@type\":\"ListItem\",\"position\":2,\"name\":\"Le reazioni di Italia e Messico alla variante Omicron\"}]},{\"@type\":\"WebSite\",\"@id\":\"https:\/\/puntodincontro.mx\/#website\",\"url\":\"https:\/\/puntodincontro.mx\/\",\"name\":\"Puntodincontro\",\"description\":\"Dal 2006 notizie sui rapporti Italia-Messico \/ Desde 2006 noticias sobre las relaciones entre Italia y M\u00e9xico\",\"publisher\":{\"@id\":\"https:\/\/puntodincontro.mx\/#organization\"},\"potentialAction\":[{\"@type\":\"SearchAction\",\"target\":{\"@type\":\"EntryPoint\",\"urlTemplate\":\"https:\/\/puntodincontro.mx\/?s={search_term_string}\"},\"query-input\":{\"@type\":\"PropertyValueSpecification\",\"valueRequired\":true,\"valueName\":\"search_term_string\"}}],\"inLanguage\":\"es\"},{\"@type\":\"Organization\",\"@id\":\"https:\/\/puntodincontro.mx\/#organization\",\"name\":\"Puntodincontro\",\"url\":\"https:\/\/puntodincontro.mx\/\",\"logo\":{\"@type\":\"ImageObject\",\"inLanguage\":\"es\",\"@id\":\"https:\/\/puntodincontro.mx\/#\/schema\/logo\/image\/\",\"url\":\"https:\/\/puntodincontro.mx\/wp-content\/uploads\/2021\/08\/Default-image-for-open-graph-settings.jpg\",\"contentUrl\":\"https:\/\/puntodincontro.mx\/wp-content\/uploads\/2021\/08\/Default-image-for-open-graph-settings.jpg\",\"width\":1200,\"height\":630,\"caption\":\"Puntodincontro\"},\"image\":{\"@id\":\"https:\/\/puntodincontro.mx\/#\/schema\/logo\/image\/\"},\"sameAs\":[\"https:\/\/www.facebook.com\/puntodincontro.mx\",\"https:\/\/x.com\/puntodincontro\",\"https:\/\/www.instagram.com\/puntodincontro.mx\/\",\"https:\/\/www.linkedin.com\/company\/puntodincontro\/\",\"https:\/\/www.youtube.com\/c\/puntodincontromessico\",\"https:\/\/www.patreon.com\/puntodincontro\",\"https:\/\/www.threads.net\/@puntodincontro.mx\"]},{\"@type\":\"Person\",\"@id\":\"https:\/\/puntodincontro.mx\/#\/schema\/person\/d3066d18a16259cbb0c29b0d0e93b556\",\"name\":\"Puntodincontro\",\"image\":{\"@type\":\"ImageObject\",\"inLanguage\":\"es\",\"@id\":\"https:\/\/puntodincontro.mx\/#\/schema\/person\/image\/\",\"url\":\"https:\/\/secure.gravatar.com\/avatar\/0e85b4b3b5e9d6bfcec6a4956d8cc63a?s=96&d=mm&r=g\",\"contentUrl\":\"https:\/\/secure.gravatar.com\/avatar\/0e85b4b3b5e9d6bfcec6a4956d8cc63a?s=96&d=mm&r=g\",\"caption\":\"Puntodincontro\"},\"url\":\"https:\/\/puntodincontro.mx\/es\/author\/puntodincontro\/\"}]}<\/script>\n<!-- \/ Yoast SEO Premium plugin. -->","yoast_head_json":{"title":"Le reazioni di Italia e Messico alla variante Omicron Puntodincontro","description":"La variante sudafricana preocupa. El mundo se apresura a contener la nueva versi\u00f3n del coronavirus denominada \u00d3micron, despu\u00e9s de que la Organizaci\u00f3n Mundial de la Salud la clasificara el viernes como un \u00abvirus altamente transmisible\u00bb, la misma categor\u00eda que incluye la variante Delta. En Europa, despu\u00e9s de B\u00e9lgica, los primeros casos se registraron en los Pa\u00edses Bajos y Alemania, involucrando a pasajeros provenientes de Sud\u00e1frica.","robots":{"index":"index","follow":"follow","max-snippet":"max-snippet:-1","max-image-preview":"max-image-preview:large","max-video-preview":"max-video-preview:-1"},"canonical":"https:\/\/puntodincontro.mx\/es\/2021\/11\/27\/las-reacciones-de-italia-y-mexico-ante-la-variante-omicron\/","og_locale":"es_MX","og_type":"article","og_title":"Le reazioni di Italia e Messico alla variante Omicron","og_description":"La variante sudafricana preoccupa. Il mondo sta correndo per contenere la nuova versione del coronavirus battezzata Omicron, dopo che venerd\u00ec l\u2019Organizzazione mondiale della sanit\u00e0 l\u2019ha classificata come un \u00abvirus altamente trasmissibile\u00bb, la stessa categoria che include la variante Delta. In Europa, dopo il Belgio, si registrano i primi casi in Olanda e Germania, su passeggeri provenienti dal Sudafrica.","og_url":"https:\/\/puntodincontro.mx\/es\/2021\/11\/27\/las-reacciones-de-italia-y-mexico-ante-la-variante-omicron\/","og_site_name":"Puntodincontro","article_publisher":"https:\/\/www.facebook.com\/puntodincontro.mx","article_published_time":"2021-11-27T13:31:44+00:00","article_modified_time":"2021-11-27T15:09:14+00:00","og_image":[{"width":423,"height":488,"url":"https:\/\/puntodincontro.mx\/wp-content\/uploads\/2021\/11\/reazionimessicoeitaliavarianteomicronvert.webp","type":"image\/webp"}],"author":"Puntodincontro","twitter_card":"summary_large_image","twitter_creator":"@puntodincontro","twitter_site":"@puntodincontro","twitter_misc":{"Escrito por":"Puntodincontro","Tiempo de lectura":"2 minutos"},"schema":{"@context":"https:\/\/schema.org","@graph":[{"@type":"NewsArticle","@id":"https:\/\/puntodincontro.mx\/2021\/11\/27\/le-reazioni-di-italia-e-messico-alla-variante-omicron\/#article","isPartOf":{"@id":"https:\/\/puntodincontro.mx\/2021\/11\/27\/le-reazioni-di-italia-e-messico-alla-variante-omicron\/"},"author":{"name":"Puntodincontro","@id":"https:\/\/puntodincontro.mx\/#\/schema\/person\/d3066d18a16259cbb0c29b0d0e93b556"},"headline":"Le reazioni di Italia e Messico alla variante Omicron","datePublished":"2021-11-27T13:31:44+00:00","dateModified":"2021-11-27T15:09:14+00:00","mainEntityOfPage":{"@id":"https:\/\/puntodincontro.mx\/2021\/11\/27\/le-reazioni-di-italia-e-messico-alla-variante-omicron\/"},"wordCount":256,"commentCount":0,"publisher":{"@id":"https:\/\/puntodincontro.mx\/#organization"},"image":{"@id":"https:\/\/puntodincontro.mx\/2021\/11\/27\/le-reazioni-di-italia-e-messico-alla-variante-omicron\/#primaryimage"},"thumbnailUrl":"https:\/\/puntodincontro.mx\/wp-content\/uploads\/2021\/11\/reazionimessicoeitaliavarianteomicronvert.webp","articleSection":["Salute e benessere"],"inLanguage":"es","potentialAction":[{"@type":"CommentAction","name":"Comment","target":["https:\/\/puntodincontro.mx\/2021\/11\/27\/le-reazioni-di-italia-e-messico-alla-variante-omicron\/#respond"]}]},{"@type":"WebPage","@id":"https:\/\/puntodincontro.mx\/2021\/11\/27\/le-reazioni-di-italia-e-messico-alla-variante-omicron\/","url":"https:\/\/puntodincontro.mx\/2021\/11\/27\/le-reazioni-di-italia-e-messico-alla-variante-omicron\/","name":"Le reazioni di Italia e Messico alla variante Omicron Puntodincontro","isPartOf":{"@id":"https:\/\/puntodincontro.mx\/#website"},"primaryImageOfPage":{"@id":"https:\/\/puntodincontro.mx\/2021\/11\/27\/le-reazioni-di-italia-e-messico-alla-variante-omicron\/#primaryimage"},"image":{"@id":"https:\/\/puntodincontro.mx\/2021\/11\/27\/le-reazioni-di-italia-e-messico-alla-variante-omicron\/#primaryimage"},"thumbnailUrl":"https:\/\/puntodincontro.mx\/wp-content\/uploads\/2021\/11\/reazionimessicoeitaliavarianteomicronvert.webp","datePublished":"2021-11-27T13:31:44+00:00","dateModified":"2021-11-27T15:09:14+00:00","description":"La variante sudafricana preocupa. El mundo se apresura a contener la nueva versi\u00f3n del coronavirus denominada \u00d3micron, despu\u00e9s de que la Organizaci\u00f3n Mundial de la Salud la clasificara el viernes como un \u00abvirus altamente transmisible\u00bb, la misma categor\u00eda que incluye la variante Delta. En Europa, despu\u00e9s de B\u00e9lgica, los primeros casos se registraron en los Pa\u00edses Bajos y Alemania, involucrando a pasajeros provenientes de Sud\u00e1frica.","breadcrumb":{"@id":"https:\/\/puntodincontro.mx\/2021\/11\/27\/le-reazioni-di-italia-e-messico-alla-variante-omicron\/#breadcrumb"},"inLanguage":"es","potentialAction":[{"@type":"ReadAction","target":["https:\/\/puntodincontro.mx\/2021\/11\/27\/le-reazioni-di-italia-e-messico-alla-variante-omicron\/"]}]},{"@type":"ImageObject","inLanguage":"es","@id":"https:\/\/puntodincontro.mx\/2021\/11\/27\/le-reazioni-di-italia-e-messico-alla-variante-omicron\/#primaryimage","url":"https:\/\/puntodincontro.mx\/wp-content\/uploads\/2021\/11\/reazionimessicoeitaliavarianteomicronvert.webp","contentUrl":"https:\/\/puntodincontro.mx\/wp-content\/uploads\/2021\/11\/reazionimessicoeitaliavarianteomicronvert.webp","width":423,"height":488,"caption":"reazionimessicoeitaliavarianteomicron"},{"@type":"BreadcrumbList","@id":"https:\/\/puntodincontro.mx\/2021\/11\/27\/le-reazioni-di-italia-e-messico-alla-variante-omicron\/#breadcrumb","itemListElement":[{"@type":"ListItem","position":1,"name":"Home","item":"https:\/\/puntodincontro.mx\/"},{"@type":"ListItem","position":2,"name":"Le reazioni di Italia e Messico alla variante Omicron"}]},{"@type":"WebSite","@id":"https:\/\/puntodincontro.mx\/#website","url":"https:\/\/puntodincontro.mx\/","name":"Puntodincontro","description":"Desde el 2006 noticias sobre las relaciones entre Italia y M\u00e9xico \/ Dal 2006 notizie sui rapporti Italia-Messico","publisher":{"@id":"https:\/\/puntodincontro.mx\/#organization"},"potentialAction":[{"@type":"SearchAction","target":{"@type":"EntryPoint","urlTemplate":"https:\/\/puntodincontro.mx\/?s={search_term_string}"},"query-input":{"@type":"PropertyValueSpecification","valueRequired":true,"valueName":"search_term_string"}}],"inLanguage":"es"},{"@type":"Organization","@id":"https:\/\/puntodincontro.mx\/#organization","name":"Puntodincontro","url":"https:\/\/puntodincontro.mx\/","logo":{"@type":"ImageObject","inLanguage":"es","@id":"https:\/\/puntodincontro.mx\/#\/schema\/logo\/image\/","url":"https:\/\/puntodincontro.mx\/wp-content\/uploads\/2021\/08\/Default-image-for-open-graph-settings.jpg","contentUrl":"https:\/\/puntodincontro.mx\/wp-content\/uploads\/2021\/08\/Default-image-for-open-graph-settings.jpg","width":1200,"height":630,"caption":"Puntodincontro"},"image":{"@id":"https:\/\/puntodincontro.mx\/#\/schema\/logo\/image\/"},"sameAs":["https:\/\/www.facebook.com\/puntodincontro.mx","https:\/\/x.com\/puntodincontro","https:\/\/www.instagram.com\/puntodincontro.mx\/","https:\/\/www.linkedin.com\/company\/puntodincontro\/","https:\/\/www.youtube.com\/c\/puntodincontromessico","https:\/\/www.patreon.com\/puntodincontro","https:\/\/www.threads.net\/@puntodincontro.mx"]},{"@type":"Person","@id":"https:\/\/puntodincontro.mx\/#\/schema\/person\/d3066d18a16259cbb0c29b0d0e93b556","name":"Puntodincontro","image":{"@type":"ImageObject","inLanguage":"es","@id":"https:\/\/puntodincontro.mx\/#\/schema\/person\/image\/","url":"https:\/\/secure.gravatar.com\/avatar\/0e85b4b3b5e9d6bfcec6a4956d8cc63a?s=96&d=mm&r=g","contentUrl":"https:\/\/secure.gravatar.com\/avatar\/0e85b4b3b5e9d6bfcec6a4956d8cc63a?s=96&d=mm&r=g","caption":"Puntodincontro"},"url":"https:\/\/puntodincontro.mx\/es\/author\/puntodincontro\/"}]}},"_links":{"self":[{"href":"https:\/\/puntodincontro.mx\/es\/wp-json\/wp\/v2\/posts\/1996"}],"collection":[{"href":"https:\/\/puntodincontro.mx\/es\/wp-json\/wp\/v2\/posts"}],"about":[{"href":"https:\/\/puntodincontro.mx\/es\/wp-json\/wp\/v2\/types\/post"}],"author":[{"embeddable":true,"href":"https:\/\/puntodincontro.mx\/es\/wp-json\/wp\/v2\/users\/2"}],"replies":[{"embeddable":true,"href":"https:\/\/puntodincontro.mx\/es\/wp-json\/wp\/v2\/comments?post=1996"}],"version-history":[{"count":2,"href":"https:\/\/puntodincontro.mx\/es\/wp-json\/wp\/v2\/posts\/1996\/revisions"}],"predecessor-version":[{"id":2000,"href":"https:\/\/puntodincontro.mx\/es\/wp-json\/wp\/v2\/posts\/1996\/revisions\/2000"}],"wp:featuredmedia":[{"embeddable":true,"href":"https:\/\/puntodincontro.mx\/es\/wp-json\/wp\/v2\/media\/1998"}],"wp:attachment":[{"href":"https:\/\/puntodincontro.mx\/es\/wp-json\/wp\/v2\/media?parent=1996"}],"wp:term":[{"taxonomy":"category","embeddable":true,"href":"https:\/\/puntodincontro.mx\/es\/wp-json\/wp\/v2\/categories?post=1996"},{"taxonomy":"post_tag","embeddable":true,"href":"https:\/\/puntodincontro.mx\/es\/wp-json\/wp\/v2\/tags?post=1996"}],"curies":[{"name":"wp","href":"https:\/\/api.w.org\/{rel}","templated":true}]}}