{"id":2001,"date":"2021-11-27T16:24:47","date_gmt":"2021-11-27T22:24:47","guid":{"rendered":"https:\/\/puntodincontro.mx\/?p=2001"},"modified":"2021-11-27T16:24:48","modified_gmt":"2021-11-27T22:24:48","slug":"lanzamiento-de-la-campana-italy-is-simply-extraordinary-beit","status":"publish","type":"post","link":"https:\/\/puntodincontro.mx\/es\/2021\/11\/27\/lancio-della-campagna-italy-is-simply-extraordinary-beit\/","title":{"rendered":"Lanzamiento de la campa\u00f1a \u201cItaly is simply extraordinary: beIT\u201d"},"content":{"rendered":"<p class=\"translation-block\"><strong>16:14 hrs.<\/strong> \u2013 Se llevar\u00e1 a cabo el lunes 29 de noviembre a las 11.30 horas (las 4.30 am en el centro de M\u00e9xico) en el Palazzo della Farnesina de Roma el acto de presentaci\u00f3n a la prensa italiana y extranjera del lanzamiento de <em>Italy is simply extraordinary: beIT<\/em>.<\/p>\n\n\n\n<p>Se trata de una campa\u00f1a de comunicaci\u00f3n que tiene como objetivo apoyar los productos, las exportaciones y la internacionalizaci\u00f3n del sistema econ\u00f3mico italiano, impulsada por el ministerio de Asuntos Exteriores y la Agencia ICE en 26 pa\u00edses de tres continentes: Europa, Asia y Am\u00e9rica. El ministro Luigi Di Maio abrir\u00e1 el evento.<\/p>\n\n\n\n<p class=\"translation-block\">Este proyecto de \u201cmarca nacional\u201d (nation branding) presentar\u00e1 una visi\u00f3n din\u00e1mica e innovadora construida en torno a los valores que caracterizan la esencia y las especializaciones de Italia: creatividad, pasi\u00f3n, tradici\u00f3n, estilo, innovaci\u00f3n y diversidad. El contenido ser\u00e1 optimizado para entrega a trav\u00e9s de canales digitales como la web, dispositivos m\u00f3viles, etc.<\/p>\n\n\n\n<p class=\"translation-block\">En el contexto de la globalizaci\u00f3n, desde 1990, el fen\u00f3meno denominado <em>nation branding<\/em> ha atra\u00eddo el inter\u00e9s de los investigadores por considerarse una de las formas de generar ventajas competitivas para los pa\u00edses.<\/p>\n\n\n\n<p class=\"translation-block\">El t\u00e9rmino fue utilizado por primera vez en 1996 por el consultor pol\u00edtico y fundador del \u201cGood Country Index\u201d Simon Anholt y ha crecido mucho en los \u00faltimos a\u00f1os. En 2005 fue catalogado como una de las ideas m\u00e1s importantes por el New York Times y, desde entonces, cada vez m\u00e1s acad\u00e9micos se han centrado en la idea de que la marca de un pa\u00eds puede moldear profundamente su destino econ\u00f3mico, cultural y pol\u00edtico, as\u00ed como su competitividad internacional.<\/p>\n\n\n\n<div style=\"height:12px\" aria-hidden=\"true\" class=\"wp-block-spacer\"><\/div>\n\n\n\n\n\n<div style=\"height:12px\" aria-hidden=\"true\" class=\"wp-block-spacer\"><\/div>","protected":false},"excerpt":{"rendered":"<p>Ore 16.14 &#8211; Si terr\u00e0 luned\u00ec 29 novembre, alle ore 11.30 (le 4.30 del mattino nel Messico centrale) al Palazzo della Farnesina di Roma l&#8217;evento di presentazione alla stampa italiana ed estera del lancio di Italy is simply extraordinary: beIT. Si tratta di una campagna di comunicazione che mira a sostenere i prodotti, le esportazioni e l&#8217;internazionalizzazione del sistema economico del Bel Paese, promossa dal ministero degli Affari Esteri e dall&#8217;Agenzia ICE in 26 nazioni di tre continenti: Europa, Asia e America. Aprir\u00e0 i lavori il ministro Luigi Di Maio. Questo progetto di nation branding presenter\u00e0 un racconto dinamico e&#8230; <\/p>","protected":false},"author":2,"featured_media":2004,"comment_status":"open","ping_status":"open","sticky":false,"template":"","format":"standard","meta":{"_monsterinsights_skip_tracking":false,"_monsterinsights_sitenote_active":false,"_monsterinsights_sitenote_note":"","_monsterinsights_sitenote_category":0,"footnotes":""},"categories":[5],"tags":[],"class_list":["post-2001","post","type-post","status-publish","format-standard","has-post-thumbnail","hentry","category-italia-nel-mondo"],"yoast_head":"<!-- This site is optimized with the Yoast SEO Premium plugin v18.4 (Yoast SEO v25.6) - https:\/\/yoast.com\/wordpress\/plugins\/seo\/ -->\n<title>Lancio della campagna \u201cItaly is simply extraordinary: beIT\u201d Puntodincontro<\/title>\n<meta name=\"description\" content=\"Si terr\u00e0 luned\u00ec 29 novembre, alle ore 11.30 (le 4.30 del mattino nel Messico centrale) al Palazzo della Farnesina di Roma l&#039;evento di presentazione alla stampa italiana ed estera del lancio di \u201cItaly is simply extraordinary: beIT\u201d. Si tratta di una campagna di comunicazione che mira a sostenere i prodotti, le esportazioni e l&#039;internazionalizzazione del sistema economico del Bel Paese, promossa dal ministero degli Affari Esteri e dall&#039;Agenzia ICE in 26 nazioni di tre continenti: Europa, Asia e America. Aprir\u00e0 i lavori il ministro Luigi Di Maio.\" \/>\n<meta name=\"robots\" content=\"index, follow, max-snippet:-1, max-image-preview:large, max-video-preview:-1\" \/>\n<link rel=\"canonical\" href=\"https:\/\/puntodincontro.mx\/es\/2021\/11\/27\/lanzamiento-de-la-campana-italy-is-simply-extraordinary-beit\/\" \/>\n<meta property=\"og:locale\" content=\"es_MX\" \/>\n<meta property=\"og:type\" content=\"article\" \/>\n<meta property=\"og:title\" content=\"Lancio della campagna \u201cItaly is simply extraordinary: beIT\u201d\" \/>\n<meta property=\"og:description\" content=\"Si terr\u00e0 luned\u00ec 29 novembre, alle ore 11.30 (le 4.30 del mattino nel Messico centrale) al Palazzo della Farnesina di Roma l&#039;evento di presentazione alla stampa italiana ed estera del lancio di \u201cItaly is simply extraordinary: beIT\u201d. Si tratta di una campagna di comunicazione che mira a sostenere i prodotti, le esportazioni e l&#039;internazionalizzazione del sistema economico del Bel Paese, promossa dal ministero degli Affari Esteri e dall&#039;Agenzia ICE in 26 nazioni di tre continenti: Europa, Asia e America. Aprir\u00e0 i lavori il ministro Luigi Di Maio.\" \/>\n<meta property=\"og:url\" content=\"https:\/\/puntodincontro.mx\/es\/2021\/11\/27\/lanzamiento-de-la-campana-italy-is-simply-extraordinary-beit\/\" \/>\n<meta property=\"og:site_name\" content=\"Puntodincontro\" \/>\n<meta property=\"article:publisher\" content=\"https:\/\/www.facebook.com\/puntodincontro.mx\" \/>\n<meta property=\"article:published_time\" content=\"2021-11-27T22:24:47+00:00\" \/>\n<meta property=\"article:modified_time\" content=\"2021-11-27T22:24:48+00:00\" \/>\n<meta property=\"og:image\" content=\"https:\/\/puntodincontro.mx\/wp-content\/uploads\/2021\/11\/lanciocampagnabeitvert.webp\" \/>\n\t<meta property=\"og:image:width\" content=\"423\" \/>\n\t<meta property=\"og:image:height\" content=\"488\" \/>\n\t<meta property=\"og:image:type\" content=\"image\/webp\" \/>\n<meta name=\"author\" content=\"Puntodincontro\" \/>\n<meta name=\"twitter:card\" content=\"summary_large_image\" \/>\n<meta name=\"twitter:creator\" content=\"@puntodincontro\" \/>\n<meta name=\"twitter:site\" content=\"@puntodincontro\" \/>\n<meta name=\"twitter:label1\" content=\"Escrito por\" \/>\n\t<meta name=\"twitter:data1\" content=\"Puntodincontro\" \/>\n\t<meta name=\"twitter:label2\" content=\"Tiempo de lectura\" \/>\n\t<meta name=\"twitter:data2\" content=\"2 minutos\" \/>\n<script type=\"application\/ld+json\" class=\"yoast-schema-graph\">{\"@context\":\"https:\/\/schema.org\",\"@graph\":[{\"@type\":\"NewsArticle\",\"@id\":\"https:\/\/puntodincontro.mx\/2021\/11\/27\/lancio-della-campagna-italy-is-simply-extraordinary-beit\/#article\",\"isPartOf\":{\"@id\":\"https:\/\/puntodincontro.mx\/2021\/11\/27\/lancio-della-campagna-italy-is-simply-extraordinary-beit\/\"},\"author\":{\"name\":\"Puntodincontro\",\"@id\":\"https:\/\/puntodincontro.mx\/#\/schema\/person\/d3066d18a16259cbb0c29b0d0e93b556\"},\"headline\":\"Lancio della campagna \u201cItaly is simply extraordinary: beIT\u201d\",\"datePublished\":\"2021-11-27T22:24:47+00:00\",\"dateModified\":\"2021-11-27T22:24:48+00:00\",\"mainEntityOfPage\":{\"@id\":\"https:\/\/puntodincontro.mx\/2021\/11\/27\/lancio-della-campagna-italy-is-simply-extraordinary-beit\/\"},\"wordCount\":246,\"commentCount\":2,\"publisher\":{\"@id\":\"https:\/\/puntodincontro.mx\/#organization\"},\"image\":{\"@id\":\"https:\/\/puntodincontro.mx\/2021\/11\/27\/lancio-della-campagna-italy-is-simply-extraordinary-beit\/#primaryimage\"},\"thumbnailUrl\":\"https:\/\/puntodincontro.mx\/wp-content\/uploads\/2021\/11\/lanciocampagnabeitvert.webp\",\"articleSection\":[\"Italia nel mondo\"],\"inLanguage\":\"es\",\"potentialAction\":[{\"@type\":\"CommentAction\",\"name\":\"Comment\",\"target\":[\"https:\/\/puntodincontro.mx\/2021\/11\/27\/lancio-della-campagna-italy-is-simply-extraordinary-beit\/#respond\"]}]},{\"@type\":\"WebPage\",\"@id\":\"https:\/\/puntodincontro.mx\/2021\/11\/27\/lancio-della-campagna-italy-is-simply-extraordinary-beit\/\",\"url\":\"https:\/\/puntodincontro.mx\/2021\/11\/27\/lancio-della-campagna-italy-is-simply-extraordinary-beit\/\",\"name\":\"Lancio della campagna \u201cItaly is simply extraordinary: beIT\u201d Puntodincontro\",\"isPartOf\":{\"@id\":\"https:\/\/puntodincontro.mx\/#website\"},\"primaryImageOfPage\":{\"@id\":\"https:\/\/puntodincontro.mx\/2021\/11\/27\/lancio-della-campagna-italy-is-simply-extraordinary-beit\/#primaryimage\"},\"image\":{\"@id\":\"https:\/\/puntodincontro.mx\/2021\/11\/27\/lancio-della-campagna-italy-is-simply-extraordinary-beit\/#primaryimage\"},\"thumbnailUrl\":\"https:\/\/puntodincontro.mx\/wp-content\/uploads\/2021\/11\/lanciocampagnabeitvert.webp\",\"datePublished\":\"2021-11-27T22:24:47+00:00\",\"dateModified\":\"2021-11-27T22:24:48+00:00\",\"description\":\"Si terr\u00e0 luned\u00ec 29 novembre, alle ore 11.30 (le 4.30 del mattino nel Messico centrale) al Palazzo della Farnesina di Roma l'evento di presentazione alla stampa italiana ed estera del lancio di \u201cItaly is simply extraordinary: beIT\u201d. Si tratta di una campagna di comunicazione che mira a sostenere i prodotti, le esportazioni e l'internazionalizzazione del sistema economico del Bel Paese, promossa dal ministero degli Affari Esteri e dall'Agenzia ICE in 26 nazioni di tre continenti: Europa, Asia e America. Aprir\u00e0 i lavori il ministro Luigi Di Maio.\",\"breadcrumb\":{\"@id\":\"https:\/\/puntodincontro.mx\/2021\/11\/27\/lancio-della-campagna-italy-is-simply-extraordinary-beit\/#breadcrumb\"},\"inLanguage\":\"es\",\"potentialAction\":[{\"@type\":\"ReadAction\",\"target\":[\"https:\/\/puntodincontro.mx\/2021\/11\/27\/lancio-della-campagna-italy-is-simply-extraordinary-beit\/\"]}]},{\"@type\":\"ImageObject\",\"inLanguage\":\"es\",\"@id\":\"https:\/\/puntodincontro.mx\/2021\/11\/27\/lancio-della-campagna-italy-is-simply-extraordinary-beit\/#primaryimage\",\"url\":\"https:\/\/puntodincontro.mx\/wp-content\/uploads\/2021\/11\/lanciocampagnabeitvert.webp\",\"contentUrl\":\"https:\/\/puntodincontro.mx\/wp-content\/uploads\/2021\/11\/lanciocampagnabeitvert.webp\",\"width\":423,\"height\":488,\"caption\":\"lanciocampagnabeit\"},{\"@type\":\"BreadcrumbList\",\"@id\":\"https:\/\/puntodincontro.mx\/2021\/11\/27\/lancio-della-campagna-italy-is-simply-extraordinary-beit\/#breadcrumb\",\"itemListElement\":[{\"@type\":\"ListItem\",\"position\":1,\"name\":\"Home\",\"item\":\"https:\/\/puntodincontro.mx\/\"},{\"@type\":\"ListItem\",\"position\":2,\"name\":\"Lancio della campagna \u201cItaly is simply extraordinary: beIT\u201d\"}]},{\"@type\":\"WebSite\",\"@id\":\"https:\/\/puntodincontro.mx\/#website\",\"url\":\"https:\/\/puntodincontro.mx\/\",\"name\":\"Puntodincontro\",\"description\":\"Dal 2006 notizie sui rapporti Italia-Messico \/ Desde 2006 noticias sobre las relaciones entre Italia y M\u00e9xico\",\"publisher\":{\"@id\":\"https:\/\/puntodincontro.mx\/#organization\"},\"potentialAction\":[{\"@type\":\"SearchAction\",\"target\":{\"@type\":\"EntryPoint\",\"urlTemplate\":\"https:\/\/puntodincontro.mx\/?s={search_term_string}\"},\"query-input\":{\"@type\":\"PropertyValueSpecification\",\"valueRequired\":true,\"valueName\":\"search_term_string\"}}],\"inLanguage\":\"es\"},{\"@type\":\"Organization\",\"@id\":\"https:\/\/puntodincontro.mx\/#organization\",\"name\":\"Puntodincontro\",\"url\":\"https:\/\/puntodincontro.mx\/\",\"logo\":{\"@type\":\"ImageObject\",\"inLanguage\":\"es\",\"@id\":\"https:\/\/puntodincontro.mx\/#\/schema\/logo\/image\/\",\"url\":\"https:\/\/puntodincontro.mx\/wp-content\/uploads\/2021\/08\/Default-image-for-open-graph-settings.jpg\",\"contentUrl\":\"https:\/\/puntodincontro.mx\/wp-content\/uploads\/2021\/08\/Default-image-for-open-graph-settings.jpg\",\"width\":1200,\"height\":630,\"caption\":\"Puntodincontro\"},\"image\":{\"@id\":\"https:\/\/puntodincontro.mx\/#\/schema\/logo\/image\/\"},\"sameAs\":[\"https:\/\/www.facebook.com\/puntodincontro.mx\",\"https:\/\/x.com\/puntodincontro\",\"https:\/\/www.instagram.com\/puntodincontro.mx\/\",\"https:\/\/www.linkedin.com\/company\/puntodincontro\/\",\"https:\/\/www.youtube.com\/c\/puntodincontromessico\",\"https:\/\/www.patreon.com\/puntodincontro\",\"https:\/\/www.threads.net\/@puntodincontro.mx\"]},{\"@type\":\"Person\",\"@id\":\"https:\/\/puntodincontro.mx\/#\/schema\/person\/d3066d18a16259cbb0c29b0d0e93b556\",\"name\":\"Puntodincontro\",\"image\":{\"@type\":\"ImageObject\",\"inLanguage\":\"es\",\"@id\":\"https:\/\/puntodincontro.mx\/#\/schema\/person\/image\/\",\"url\":\"https:\/\/secure.gravatar.com\/avatar\/0e85b4b3b5e9d6bfcec6a4956d8cc63a?s=96&d=mm&r=g\",\"contentUrl\":\"https:\/\/secure.gravatar.com\/avatar\/0e85b4b3b5e9d6bfcec6a4956d8cc63a?s=96&d=mm&r=g\",\"caption\":\"Puntodincontro\"},\"url\":\"https:\/\/puntodincontro.mx\/es\/author\/puntodincontro\/\"}]}<\/script>\n<!-- \/ Yoast SEO Premium plugin. -->","yoast_head_json":{"title":"Lancio della campagna \u201cItaly is simply extraordinary: beIT\u201d Puntodincontro","description":"Si terr\u00e0 luned\u00ec 29 novembre, alle ore 11.30 (le 4.30 del mattino nel Messico centrale) al Palazzo della Farnesina di Roma l'evento di presentazione alla stampa italiana ed estera del lancio di \u201cItaly is simply extraordinary: beIT\u201d. Si tratta di una campagna di comunicazione che mira a sostenere i prodotti, le esportazioni e l'internazionalizzazione del sistema economico del Bel Paese, promossa dal ministero degli Affari Esteri e dall'Agenzia ICE in 26 nazioni di tre continenti: Europa, Asia e America. Aprir\u00e0 i lavori il ministro Luigi Di Maio.","robots":{"index":"index","follow":"follow","max-snippet":"max-snippet:-1","max-image-preview":"max-image-preview:large","max-video-preview":"max-video-preview:-1"},"canonical":"https:\/\/puntodincontro.mx\/es\/2021\/11\/27\/lanzamiento-de-la-campana-italy-is-simply-extraordinary-beit\/","og_locale":"es_MX","og_type":"article","og_title":"Lancio della campagna \u201cItaly is simply extraordinary: beIT\u201d","og_description":"Si terr\u00e0 luned\u00ec 29 novembre, alle ore 11.30 (le 4.30 del mattino nel Messico centrale) al Palazzo della Farnesina di Roma l'evento di presentazione alla stampa italiana ed estera del lancio di \u201cItaly is simply extraordinary: beIT\u201d. Si tratta di una campagna di comunicazione che mira a sostenere i prodotti, le esportazioni e l'internazionalizzazione del sistema economico del Bel Paese, promossa dal ministero degli Affari Esteri e dall'Agenzia ICE in 26 nazioni di tre continenti: Europa, Asia e America. Aprir\u00e0 i lavori il ministro Luigi Di Maio.","og_url":"https:\/\/puntodincontro.mx\/es\/2021\/11\/27\/lanzamiento-de-la-campana-italy-is-simply-extraordinary-beit\/","og_site_name":"Puntodincontro","article_publisher":"https:\/\/www.facebook.com\/puntodincontro.mx","article_published_time":"2021-11-27T22:24:47+00:00","article_modified_time":"2021-11-27T22:24:48+00:00","og_image":[{"width":423,"height":488,"url":"https:\/\/puntodincontro.mx\/wp-content\/uploads\/2021\/11\/lanciocampagnabeitvert.webp","type":"image\/webp"}],"author":"Puntodincontro","twitter_card":"summary_large_image","twitter_creator":"@puntodincontro","twitter_site":"@puntodincontro","twitter_misc":{"Escrito por":"Puntodincontro","Tiempo de lectura":"2 minutos"},"schema":{"@context":"https:\/\/schema.org","@graph":[{"@type":"NewsArticle","@id":"https:\/\/puntodincontro.mx\/2021\/11\/27\/lancio-della-campagna-italy-is-simply-extraordinary-beit\/#article","isPartOf":{"@id":"https:\/\/puntodincontro.mx\/2021\/11\/27\/lancio-della-campagna-italy-is-simply-extraordinary-beit\/"},"author":{"name":"Puntodincontro","@id":"https:\/\/puntodincontro.mx\/#\/schema\/person\/d3066d18a16259cbb0c29b0d0e93b556"},"headline":"Lancio della campagna \u201cItaly is simply extraordinary: beIT\u201d","datePublished":"2021-11-27T22:24:47+00:00","dateModified":"2021-11-27T22:24:48+00:00","mainEntityOfPage":{"@id":"https:\/\/puntodincontro.mx\/2021\/11\/27\/lancio-della-campagna-italy-is-simply-extraordinary-beit\/"},"wordCount":246,"commentCount":2,"publisher":{"@id":"https:\/\/puntodincontro.mx\/#organization"},"image":{"@id":"https:\/\/puntodincontro.mx\/2021\/11\/27\/lancio-della-campagna-italy-is-simply-extraordinary-beit\/#primaryimage"},"thumbnailUrl":"https:\/\/puntodincontro.mx\/wp-content\/uploads\/2021\/11\/lanciocampagnabeitvert.webp","articleSection":["Italia nel mondo"],"inLanguage":"es","potentialAction":[{"@type":"CommentAction","name":"Comment","target":["https:\/\/puntodincontro.mx\/2021\/11\/27\/lancio-della-campagna-italy-is-simply-extraordinary-beit\/#respond"]}]},{"@type":"WebPage","@id":"https:\/\/puntodincontro.mx\/2021\/11\/27\/lancio-della-campagna-italy-is-simply-extraordinary-beit\/","url":"https:\/\/puntodincontro.mx\/2021\/11\/27\/lancio-della-campagna-italy-is-simply-extraordinary-beit\/","name":"Lancio della campagna \u201cItaly is simply extraordinary: beIT\u201d Puntodincontro","isPartOf":{"@id":"https:\/\/puntodincontro.mx\/#website"},"primaryImageOfPage":{"@id":"https:\/\/puntodincontro.mx\/2021\/11\/27\/lancio-della-campagna-italy-is-simply-extraordinary-beit\/#primaryimage"},"image":{"@id":"https:\/\/puntodincontro.mx\/2021\/11\/27\/lancio-della-campagna-italy-is-simply-extraordinary-beit\/#primaryimage"},"thumbnailUrl":"https:\/\/puntodincontro.mx\/wp-content\/uploads\/2021\/11\/lanciocampagnabeitvert.webp","datePublished":"2021-11-27T22:24:47+00:00","dateModified":"2021-11-27T22:24:48+00:00","description":"Si terr\u00e0 luned\u00ec 29 novembre, alle ore 11.30 (le 4.30 del mattino nel Messico centrale) al Palazzo della Farnesina di Roma l'evento di presentazione alla stampa italiana ed estera del lancio di \u201cItaly is simply extraordinary: beIT\u201d. Si tratta di una campagna di comunicazione che mira a sostenere i prodotti, le esportazioni e l'internazionalizzazione del sistema economico del Bel Paese, promossa dal ministero degli Affari Esteri e dall'Agenzia ICE in 26 nazioni di tre continenti: Europa, Asia e America. Aprir\u00e0 i lavori il ministro Luigi Di Maio.","breadcrumb":{"@id":"https:\/\/puntodincontro.mx\/2021\/11\/27\/lancio-della-campagna-italy-is-simply-extraordinary-beit\/#breadcrumb"},"inLanguage":"es","potentialAction":[{"@type":"ReadAction","target":["https:\/\/puntodincontro.mx\/2021\/11\/27\/lancio-della-campagna-italy-is-simply-extraordinary-beit\/"]}]},{"@type":"ImageObject","inLanguage":"es","@id":"https:\/\/puntodincontro.mx\/2021\/11\/27\/lancio-della-campagna-italy-is-simply-extraordinary-beit\/#primaryimage","url":"https:\/\/puntodincontro.mx\/wp-content\/uploads\/2021\/11\/lanciocampagnabeitvert.webp","contentUrl":"https:\/\/puntodincontro.mx\/wp-content\/uploads\/2021\/11\/lanciocampagnabeitvert.webp","width":423,"height":488,"caption":"lanciocampagnabeit"},{"@type":"BreadcrumbList","@id":"https:\/\/puntodincontro.mx\/2021\/11\/27\/lancio-della-campagna-italy-is-simply-extraordinary-beit\/#breadcrumb","itemListElement":[{"@type":"ListItem","position":1,"name":"Home","item":"https:\/\/puntodincontro.mx\/"},{"@type":"ListItem","position":2,"name":"Lancio della campagna \u201cItaly is simply extraordinary: beIT\u201d"}]},{"@type":"WebSite","@id":"https:\/\/puntodincontro.mx\/#website","url":"https:\/\/puntodincontro.mx\/","name":"Puntodincontro","description":"Desde el 2006 noticias sobre las relaciones entre Italia y M\u00e9xico \/ Dal 2006 notizie sui rapporti Italia-Messico","publisher":{"@id":"https:\/\/puntodincontro.mx\/#organization"},"potentialAction":[{"@type":"SearchAction","target":{"@type":"EntryPoint","urlTemplate":"https:\/\/puntodincontro.mx\/?s={search_term_string}"},"query-input":{"@type":"PropertyValueSpecification","valueRequired":true,"valueName":"search_term_string"}}],"inLanguage":"es"},{"@type":"Organization","@id":"https:\/\/puntodincontro.mx\/#organization","name":"Puntodincontro","url":"https:\/\/puntodincontro.mx\/","logo":{"@type":"ImageObject","inLanguage":"es","@id":"https:\/\/puntodincontro.mx\/#\/schema\/logo\/image\/","url":"https:\/\/puntodincontro.mx\/wp-content\/uploads\/2021\/08\/Default-image-for-open-graph-settings.jpg","contentUrl":"https:\/\/puntodincontro.mx\/wp-content\/uploads\/2021\/08\/Default-image-for-open-graph-settings.jpg","width":1200,"height":630,"caption":"Puntodincontro"},"image":{"@id":"https:\/\/puntodincontro.mx\/#\/schema\/logo\/image\/"},"sameAs":["https:\/\/www.facebook.com\/puntodincontro.mx","https:\/\/x.com\/puntodincontro","https:\/\/www.instagram.com\/puntodincontro.mx\/","https:\/\/www.linkedin.com\/company\/puntodincontro\/","https:\/\/www.youtube.com\/c\/puntodincontromessico","https:\/\/www.patreon.com\/puntodincontro","https:\/\/www.threads.net\/@puntodincontro.mx"]},{"@type":"Person","@id":"https:\/\/puntodincontro.mx\/#\/schema\/person\/d3066d18a16259cbb0c29b0d0e93b556","name":"Puntodincontro","image":{"@type":"ImageObject","inLanguage":"es","@id":"https:\/\/puntodincontro.mx\/#\/schema\/person\/image\/","url":"https:\/\/secure.gravatar.com\/avatar\/0e85b4b3b5e9d6bfcec6a4956d8cc63a?s=96&d=mm&r=g","contentUrl":"https:\/\/secure.gravatar.com\/avatar\/0e85b4b3b5e9d6bfcec6a4956d8cc63a?s=96&d=mm&r=g","caption":"Puntodincontro"},"url":"https:\/\/puntodincontro.mx\/es\/author\/puntodincontro\/"}]}},"_links":{"self":[{"href":"https:\/\/puntodincontro.mx\/es\/wp-json\/wp\/v2\/posts\/2001"}],"collection":[{"href":"https:\/\/puntodincontro.mx\/es\/wp-json\/wp\/v2\/posts"}],"about":[{"href":"https:\/\/puntodincontro.mx\/es\/wp-json\/wp\/v2\/types\/post"}],"author":[{"embeddable":true,"href":"https:\/\/puntodincontro.mx\/es\/wp-json\/wp\/v2\/users\/2"}],"replies":[{"embeddable":true,"href":"https:\/\/puntodincontro.mx\/es\/wp-json\/wp\/v2\/comments?post=2001"}],"version-history":[{"count":2,"href":"https:\/\/puntodincontro.mx\/es\/wp-json\/wp\/v2\/posts\/2001\/revisions"}],"predecessor-version":[{"id":2003,"href":"https:\/\/puntodincontro.mx\/es\/wp-json\/wp\/v2\/posts\/2001\/revisions\/2003"}],"wp:featuredmedia":[{"embeddable":true,"href":"https:\/\/puntodincontro.mx\/es\/wp-json\/wp\/v2\/media\/2004"}],"wp:attachment":[{"href":"https:\/\/puntodincontro.mx\/es\/wp-json\/wp\/v2\/media?parent=2001"}],"wp:term":[{"taxonomy":"category","embeddable":true,"href":"https:\/\/puntodincontro.mx\/es\/wp-json\/wp\/v2\/categories?post=2001"},{"taxonomy":"post_tag","embeddable":true,"href":"https:\/\/puntodincontro.mx\/es\/wp-json\/wp\/v2\/tags?post=2001"}],"curies":[{"name":"wp","href":"https:\/\/api.w.org\/{rel}","templated":true}]}}