{"id":2006,"date":"2021-11-29T04:02:36","date_gmt":"2021-11-29T10:02:36","guid":{"rendered":"https:\/\/puntodincontro.mx\/?p=2006"},"modified":"2021-11-29T05:07:59","modified_gmt":"2021-11-29T11:07:59","slug":"bice-mexico-e-italia-comparten-el-sabor-de-la-amistad","status":"publish","type":"post","link":"https:\/\/puntodincontro.mx\/es\/2021\/11\/29\/bice-messico-e-italia-condividono-il-gusto-dellamicizia\/","title":{"rendered":"BICE: \u00abM\u00e9xico e Italia comparten el sabor de la amistad\u00bb"},"content":{"rendered":"<p class=\"translation-block\"><strong>03:49 hrs.<\/strong> \u2013 En el marco de la iniciativa <em>Prodotto in Italia<\/em>, coordinada por la Bolsa Internacional de Comercio Electr\u00f3nico (BICE) y dedicada a la promoci\u00f3n y degustaci\u00f3n de vinos, caf\u00e9s y leches vegetales del Bel Paese, el jueves 25 de noviembre se llev\u00f3 a cabo en la residencia del Embajador de Italia en M\u00e9xico un aperitivo con la participaci\u00f3n de un grupo de representantes de las comunidades civiles y empresariales de ambos pa\u00edses.<\/p>\n\n\n\n<p>\u00abEl encuentro de esta noche\u00bb \u2014dijo Luigi De Chiara, embajador de Italia en M\u00e9xico\u2014 \u00abfue organizado por BICE, un nuevo proyecto comercial \u00edtalo-mexicano, y hoy estamos disfrutando de un maridaje entre vinos italianos y cocina de esta naci\u00f3n latinoamericana\u00bb.<\/p>\n\n\n\n<p>\u00abBICE tambi\u00e9n organiza otras actividades, entre ellas catas, para que el p\u00fablico mexicano pueda conocer una amplia variedad de lo que Italia \u2014que es el primer productor de vino en el mundo\u2014 puede ofrecer en este competido mercado\u00bb.<\/p>\n\n\n\n<p>\u00abEstas iniciativas se enmarcan en la semana de la cocina italiana, uno de los eventos que cada a\u00f1o el ministerio de Asuntos Exterieros organiza en coordinaci\u00f3n con las embajadas y consulados en el mundo para promocionar el Made in Italy, la tercera marca m\u00e1s conocida en el mundo despu\u00e9s de Coca Cola y Visa. Es el resultado del \u00e9xito del estilo italiano de vivir y de producir bienes y servicios que gustan a todos\u00bb.<\/p>\n\n\n\n<p>\u00abEste a\u00f1o hemos tenido una semana de la cocina \u2014que est\u00e1 durando pr\u00e1cticamente un mes\u2014 con much\u00edsimos eventos y, cuando BICE nos propuso organizar una reuni\u00f3n con un acento en el aspecto social de las catas de vino, aceptamos de inmediato ya que en esta, que es la residencia de Italia, cualquier idea que contribuya a la promoci\u00f3n del Made in Italy siempre es bienvenida\u00bb.<\/p>\n\n\n\n<p>Enrique Montijo, vicepresidente de BICE, agradeci\u00f3 la participaci\u00f3n de los asistentes y explic\u00f3 que \u00abla Bolsa Internacional de Comercio Electr\u00f3nico en esta ocasi\u00f3n est\u00e1 apoyando la difusi\u00f3n en M\u00e9xico de los productos de 10 vi\u00f1edos italianos que tienen inter\u00e9s en presentarse en el pa\u00eds. Utilizamos un esquema novedoso, con los representantes de los vi\u00f1edos presentes en videoconferencia ante las personas interesadas en sus productos, uno de los m\u00e9todos que nos permiten entablar una relaci\u00f3n comercial entre empresas que se encuentran en Europa y actores mexicanos\u00bb.<\/p>\n\n\n\n<p>\u00abTenemos en puerta otros eventos, ya que el pr\u00f3ximo a\u00f1o queremos participar no \u00fanicamente en el \u00e1rea de vinos, sino en el marco m\u00e1s amplio del mundo empresarial para poner en contacto ideas italianas y mexicanas\u00bb, concluy\u00f3.<\/p>\n\n\n\n<p>\u00abHemos realizado de manera conjunta con la Embajada este evento\u00bb \u2014recalc\u00f3 en un comunicado Patrizio Baroni, presidente de BICE\u2014 \u00abya que consideramos que la gastronom\u00eda, acompa\u00f1ada de un buen vino, representa una excelente herramienta capaz de facilitar el di\u00e1logo, creando tambi\u00e9n oportunidades para compartir culturas entre dos pa\u00edses tan similares como M\u00e9xico e Italia. De hecho, no solo compartimos el placer de la mesa y una gastronom\u00eda rica y variada, sino el sabor de la amistad. Por esta raz\u00f3n, como presidente de esta asociaci\u00f3n sin fines de lucro, espero que esta ocasi\u00f3n de encuentro facilite m\u00e1s oportunidades de colaboraci\u00f3n, en un amplio espectro, no solo en las \u00e1reas sociales y culturales, sino tambi\u00e9n en las comerciales y productivas entre nuestras naciones\u00bb.<\/p>\n\n\n\n<div class=\"wp-block-image\"><figure class=\"aligncenter size-full\"><img loading=\"lazy\" decoding=\"async\" width=\"932\" height=\"524\" src=\"https:\/\/puntodincontro.mx\/wp-content\/uploads\/2021\/11\/presentazionebice.webp\" alt=\"\" class=\"wp-image-2008\" srcset=\"https:\/\/puntodincontro.mx\/wp-content\/uploads\/2021\/11\/presentazionebice.webp 932w, https:\/\/puntodincontro.mx\/wp-content\/uploads\/2021\/11\/presentazionebice-300x169.webp 300w, https:\/\/puntodincontro.mx\/wp-content\/uploads\/2021\/11\/presentazionebice-768x432.webp 768w, https:\/\/puntodincontro.mx\/wp-content\/uploads\/2021\/11\/presentazionebice-16x9.webp 16w\" sizes=\"(max-width: 932px) 100vw, 932px\" \/><\/figure><\/div>\n\n\n\n<div style=\"height:12px\" aria-hidden=\"true\" class=\"wp-block-spacer\"><\/div>\n\n\n\n\n\n<div style=\"height:12px\" aria-hidden=\"true\" class=\"wp-block-spacer\"><\/div>","protected":false},"excerpt":{"rendered":"<p>Ore 03.49 &#8211; Nell&#8217;ambito dell&#8217;iniziativa \u201cProdotto in Italia\u201d, coordinata dalla Borsa Internazionale di Commercio Elettronico (BICE) e dedicata alla promozione e degustazione di vini, caff\u00e8 e latti vegetali del Bel Paese, si \u00e8 svolto gioved\u00ec 25 novembre presso la residenza dell&#8217;Ambasciatore d&#8217;Italia in Messico un aperitivo con la partecipazione di un gruppo di rappresentanti delle comunit\u00e0 civili e imprenditoriali di entrambi i Paesi. \u00abL&#8217;incontro di stasera\u00bb \u2014ha detto Luigi De Chiara, ambasciatore italiano in Messico\u2014 \u00ab\u00e8 stato organizzato da BICE, un nuovo progetto commerciale italo-messicano, e oggi siamo partecipi di un piacevolissimo abbinamento tra vini italiani e la cucina di&#8230; <\/p>","protected":false},"author":2,"featured_media":2007,"comment_status":"open","ping_status":"open","sticky":false,"template":"","format":"standard","meta":{"_monsterinsights_skip_tracking":false,"_monsterinsights_sitenote_active":false,"_monsterinsights_sitenote_note":"","_monsterinsights_sitenote_category":0,"footnotes":""},"categories":[4],"tags":[],"class_list":["post-2006","post","type-post","status-publish","format-standard","has-post-thumbnail","hentry","category-italia-in-messico"],"yoast_head":"<!-- This site is optimized with the Yoast SEO Premium plugin v18.4 (Yoast SEO v25.6) - https:\/\/yoast.com\/wordpress\/plugins\/seo\/ -->\n<title>BICE: \u00abMessico e Italia condividono il gusto dell&#039;amicizia\u00bb Puntodincontro<\/title>\n<meta name=\"description\" content=\"Nell&#039;ambito dell&#039;iniziativa \u201cProdotto in Italia\u201d, coordinata dalla Borsa Internazionale di Commercio Elettronico (BICE) e dedicata alla promozione e degustazione di vini, caff\u00e8 e latti vegetali del Bel Paese, si \u00e8 svolto gioved\u00ec 25 novembre presso la residenza dell&#039;Ambasciatore d&#039;Italia in Messico un aperitivo con la partecipazione di un gruppo di rappresentanti delle comunit\u00e0 civili e imprenditoriali di entrambi i Paesi.\" \/>\n<meta name=\"robots\" content=\"index, follow, max-snippet:-1, max-image-preview:large, max-video-preview:-1\" \/>\n<link rel=\"canonical\" href=\"https:\/\/puntodincontro.mx\/es\/2021\/11\/29\/bice-mexico-e-italia-comparten-el-sabor-de-la-amistad\/\" \/>\n<meta property=\"og:locale\" content=\"es_MX\" \/>\n<meta property=\"og:type\" content=\"article\" \/>\n<meta property=\"og:title\" content=\"BICE: \u00abMessico e Italia condividono il gusto dell&#039;amicizia\u00bb\" \/>\n<meta property=\"og:description\" content=\"Nell&#039;ambito dell&#039;iniziativa \u201cProdotto in Italia\u201d, coordinata dalla Borsa Internazionale di Commercio Elettronico (BICE) e dedicata alla promozione e degustazione di vini, caff\u00e8 e latti vegetali del Bel Paese, si \u00e8 svolto gioved\u00ec 25 novembre presso la residenza dell&#039;Ambasciatore d&#039;Italia in Messico un aperitivo con la partecipazione di un gruppo di rappresentanti delle comunit\u00e0 civili e imprenditoriali di entrambi i Paesi.\" \/>\n<meta property=\"og:url\" content=\"https:\/\/puntodincontro.mx\/es\/2021\/11\/29\/bice-mexico-e-italia-comparten-el-sabor-de-la-amistad\/\" \/>\n<meta property=\"og:site_name\" content=\"Puntodincontro\" \/>\n<meta property=\"article:publisher\" content=\"https:\/\/www.facebook.com\/puntodincontro.mx\" \/>\n<meta property=\"article:published_time\" content=\"2021-11-29T10:02:36+00:00\" \/>\n<meta property=\"article:modified_time\" content=\"2021-11-29T11:07:59+00:00\" \/>\n<meta property=\"og:image\" content=\"https:\/\/puntodincontro.mx\/wp-content\/uploads\/2021\/11\/cocktailbicevert.webp\" \/>\n\t<meta property=\"og:image:width\" content=\"423\" \/>\n\t<meta property=\"og:image:height\" content=\"488\" \/>\n\t<meta property=\"og:image:type\" content=\"image\/webp\" \/>\n<meta name=\"author\" content=\"Puntodincontro\" \/>\n<meta name=\"twitter:card\" content=\"summary_large_image\" \/>\n<meta name=\"twitter:creator\" content=\"@puntodincontro\" \/>\n<meta name=\"twitter:site\" content=\"@puntodincontro\" \/>\n<meta name=\"twitter:label1\" content=\"Escrito por\" \/>\n\t<meta name=\"twitter:data1\" content=\"Puntodincontro\" \/>\n\t<meta name=\"twitter:label2\" content=\"Tiempo de lectura\" \/>\n\t<meta name=\"twitter:data2\" content=\"3 minutos\" \/>\n<script type=\"application\/ld+json\" class=\"yoast-schema-graph\">{\"@context\":\"https:\/\/schema.org\",\"@graph\":[{\"@type\":\"NewsArticle\",\"@id\":\"https:\/\/puntodincontro.mx\/2021\/11\/29\/bice-messico-e-italia-condividono-il-gusto-dellamicizia\/#article\",\"isPartOf\":{\"@id\":\"https:\/\/puntodincontro.mx\/2021\/11\/29\/bice-messico-e-italia-condividono-il-gusto-dellamicizia\/\"},\"author\":{\"name\":\"Puntodincontro\",\"@id\":\"https:\/\/puntodincontro.mx\/#\/schema\/person\/d3066d18a16259cbb0c29b0d0e93b556\"},\"headline\":\"BICE: \u00abMessico e Italia condividono il gusto dell&#8217;amicizia\u00bb\",\"datePublished\":\"2021-11-29T10:02:36+00:00\",\"dateModified\":\"2021-11-29T11:07:59+00:00\",\"mainEntityOfPage\":{\"@id\":\"https:\/\/puntodincontro.mx\/2021\/11\/29\/bice-messico-e-italia-condividono-il-gusto-dellamicizia\/\"},\"wordCount\":511,\"commentCount\":0,\"publisher\":{\"@id\":\"https:\/\/puntodincontro.mx\/#organization\"},\"image\":{\"@id\":\"https:\/\/puntodincontro.mx\/2021\/11\/29\/bice-messico-e-italia-condividono-il-gusto-dellamicizia\/#primaryimage\"},\"thumbnailUrl\":\"https:\/\/puntodincontro.mx\/wp-content\/uploads\/2021\/11\/cocktailbicevert.webp\",\"articleSection\":[\"Italia in Messico\"],\"inLanguage\":\"es\",\"potentialAction\":[{\"@type\":\"CommentAction\",\"name\":\"Comment\",\"target\":[\"https:\/\/puntodincontro.mx\/2021\/11\/29\/bice-messico-e-italia-condividono-il-gusto-dellamicizia\/#respond\"]}]},{\"@type\":\"WebPage\",\"@id\":\"https:\/\/puntodincontro.mx\/2021\/11\/29\/bice-messico-e-italia-condividono-il-gusto-dellamicizia\/\",\"url\":\"https:\/\/puntodincontro.mx\/2021\/11\/29\/bice-messico-e-italia-condividono-il-gusto-dellamicizia\/\",\"name\":\"BICE: \u00abMessico e Italia condividono il gusto dell'amicizia\u00bb Puntodincontro\",\"isPartOf\":{\"@id\":\"https:\/\/puntodincontro.mx\/#website\"},\"primaryImageOfPage\":{\"@id\":\"https:\/\/puntodincontro.mx\/2021\/11\/29\/bice-messico-e-italia-condividono-il-gusto-dellamicizia\/#primaryimage\"},\"image\":{\"@id\":\"https:\/\/puntodincontro.mx\/2021\/11\/29\/bice-messico-e-italia-condividono-il-gusto-dellamicizia\/#primaryimage\"},\"thumbnailUrl\":\"https:\/\/puntodincontro.mx\/wp-content\/uploads\/2021\/11\/cocktailbicevert.webp\",\"datePublished\":\"2021-11-29T10:02:36+00:00\",\"dateModified\":\"2021-11-29T11:07:59+00:00\",\"description\":\"Nell'ambito dell'iniziativa \u201cProdotto in Italia\u201d, coordinata dalla Borsa Internazionale di Commercio Elettronico (BICE) e dedicata alla promozione e degustazione di vini, caff\u00e8 e latti vegetali del Bel Paese, si \u00e8 svolto gioved\u00ec 25 novembre presso la residenza dell'Ambasciatore d'Italia in Messico un aperitivo con la partecipazione di un gruppo di rappresentanti delle comunit\u00e0 civili e imprenditoriali di entrambi i Paesi.\",\"breadcrumb\":{\"@id\":\"https:\/\/puntodincontro.mx\/2021\/11\/29\/bice-messico-e-italia-condividono-il-gusto-dellamicizia\/#breadcrumb\"},\"inLanguage\":\"es\",\"potentialAction\":[{\"@type\":\"ReadAction\",\"target\":[\"https:\/\/puntodincontro.mx\/2021\/11\/29\/bice-messico-e-italia-condividono-il-gusto-dellamicizia\/\"]}]},{\"@type\":\"ImageObject\",\"inLanguage\":\"es\",\"@id\":\"https:\/\/puntodincontro.mx\/2021\/11\/29\/bice-messico-e-italia-condividono-il-gusto-dellamicizia\/#primaryimage\",\"url\":\"https:\/\/puntodincontro.mx\/wp-content\/uploads\/2021\/11\/cocktailbicevert.webp\",\"contentUrl\":\"https:\/\/puntodincontro.mx\/wp-content\/uploads\/2021\/11\/cocktailbicevert.webp\",\"width\":423,\"height\":488,\"caption\":\"cocktailbice\"},{\"@type\":\"BreadcrumbList\",\"@id\":\"https:\/\/puntodincontro.mx\/2021\/11\/29\/bice-messico-e-italia-condividono-il-gusto-dellamicizia\/#breadcrumb\",\"itemListElement\":[{\"@type\":\"ListItem\",\"position\":1,\"name\":\"Home\",\"item\":\"https:\/\/puntodincontro.mx\/\"},{\"@type\":\"ListItem\",\"position\":2,\"name\":\"BICE: \u00abMessico e Italia condividono il gusto dell&#8217;amicizia\u00bb\"}]},{\"@type\":\"WebSite\",\"@id\":\"https:\/\/puntodincontro.mx\/#website\",\"url\":\"https:\/\/puntodincontro.mx\/\",\"name\":\"Puntodincontro\",\"description\":\"Dal 2006 notizie sui rapporti Italia-Messico \/ Desde 2006 noticias sobre las relaciones entre Italia y M\u00e9xico\",\"publisher\":{\"@id\":\"https:\/\/puntodincontro.mx\/#organization\"},\"potentialAction\":[{\"@type\":\"SearchAction\",\"target\":{\"@type\":\"EntryPoint\",\"urlTemplate\":\"https:\/\/puntodincontro.mx\/?s={search_term_string}\"},\"query-input\":{\"@type\":\"PropertyValueSpecification\",\"valueRequired\":true,\"valueName\":\"search_term_string\"}}],\"inLanguage\":\"es\"},{\"@type\":\"Organization\",\"@id\":\"https:\/\/puntodincontro.mx\/#organization\",\"name\":\"Puntodincontro\",\"url\":\"https:\/\/puntodincontro.mx\/\",\"logo\":{\"@type\":\"ImageObject\",\"inLanguage\":\"es\",\"@id\":\"https:\/\/puntodincontro.mx\/#\/schema\/logo\/image\/\",\"url\":\"https:\/\/puntodincontro.mx\/wp-content\/uploads\/2021\/08\/Default-image-for-open-graph-settings.jpg\",\"contentUrl\":\"https:\/\/puntodincontro.mx\/wp-content\/uploads\/2021\/08\/Default-image-for-open-graph-settings.jpg\",\"width\":1200,\"height\":630,\"caption\":\"Puntodincontro\"},\"image\":{\"@id\":\"https:\/\/puntodincontro.mx\/#\/schema\/logo\/image\/\"},\"sameAs\":[\"https:\/\/www.facebook.com\/puntodincontro.mx\",\"https:\/\/x.com\/puntodincontro\",\"https:\/\/www.instagram.com\/puntodincontro.mx\/\",\"https:\/\/www.linkedin.com\/company\/puntodincontro\/\",\"https:\/\/www.youtube.com\/c\/puntodincontromessico\",\"https:\/\/www.patreon.com\/puntodincontro\",\"https:\/\/www.threads.net\/@puntodincontro.mx\"]},{\"@type\":\"Person\",\"@id\":\"https:\/\/puntodincontro.mx\/#\/schema\/person\/d3066d18a16259cbb0c29b0d0e93b556\",\"name\":\"Puntodincontro\",\"image\":{\"@type\":\"ImageObject\",\"inLanguage\":\"es\",\"@id\":\"https:\/\/puntodincontro.mx\/#\/schema\/person\/image\/\",\"url\":\"https:\/\/secure.gravatar.com\/avatar\/0e85b4b3b5e9d6bfcec6a4956d8cc63a?s=96&d=mm&r=g\",\"contentUrl\":\"https:\/\/secure.gravatar.com\/avatar\/0e85b4b3b5e9d6bfcec6a4956d8cc63a?s=96&d=mm&r=g\",\"caption\":\"Puntodincontro\"},\"url\":\"https:\/\/puntodincontro.mx\/es\/author\/puntodincontro\/\"}]}<\/script>\n<!-- \/ Yoast SEO Premium plugin. -->","yoast_head_json":{"title":"BICE: \u00abMessico e Italia condividono il gusto dell'amicizia\u00bb Puntodincontro","description":"Nell'ambito dell'iniziativa \u201cProdotto in Italia\u201d, coordinata dalla Borsa Internazionale di Commercio Elettronico (BICE) e dedicata alla promozione e degustazione di vini, caff\u00e8 e latti vegetali del Bel Paese, si \u00e8 svolto gioved\u00ec 25 novembre presso la residenza dell'Ambasciatore d'Italia in Messico un aperitivo con la partecipazione di un gruppo di rappresentanti delle comunit\u00e0 civili e imprenditoriali di entrambi i Paesi.","robots":{"index":"index","follow":"follow","max-snippet":"max-snippet:-1","max-image-preview":"max-image-preview:large","max-video-preview":"max-video-preview:-1"},"canonical":"https:\/\/puntodincontro.mx\/es\/2021\/11\/29\/bice-mexico-e-italia-comparten-el-sabor-de-la-amistad\/","og_locale":"es_MX","og_type":"article","og_title":"BICE: \u00abMessico e Italia condividono il gusto dell'amicizia\u00bb","og_description":"Nell'ambito dell'iniziativa \u201cProdotto in Italia\u201d, coordinata dalla Borsa Internazionale di Commercio Elettronico (BICE) e dedicata alla promozione e degustazione di vini, caff\u00e8 e latti vegetali del Bel Paese, si \u00e8 svolto gioved\u00ec 25 novembre presso la residenza dell'Ambasciatore d'Italia in Messico un aperitivo con la partecipazione di un gruppo di rappresentanti delle comunit\u00e0 civili e imprenditoriali di entrambi i Paesi.","og_url":"https:\/\/puntodincontro.mx\/es\/2021\/11\/29\/bice-mexico-e-italia-comparten-el-sabor-de-la-amistad\/","og_site_name":"Puntodincontro","article_publisher":"https:\/\/www.facebook.com\/puntodincontro.mx","article_published_time":"2021-11-29T10:02:36+00:00","article_modified_time":"2021-11-29T11:07:59+00:00","og_image":[{"width":423,"height":488,"url":"https:\/\/puntodincontro.mx\/wp-content\/uploads\/2021\/11\/cocktailbicevert.webp","type":"image\/webp"}],"author":"Puntodincontro","twitter_card":"summary_large_image","twitter_creator":"@puntodincontro","twitter_site":"@puntodincontro","twitter_misc":{"Escrito por":"Puntodincontro","Tiempo de lectura":"3 minutos"},"schema":{"@context":"https:\/\/schema.org","@graph":[{"@type":"NewsArticle","@id":"https:\/\/puntodincontro.mx\/2021\/11\/29\/bice-messico-e-italia-condividono-il-gusto-dellamicizia\/#article","isPartOf":{"@id":"https:\/\/puntodincontro.mx\/2021\/11\/29\/bice-messico-e-italia-condividono-il-gusto-dellamicizia\/"},"author":{"name":"Puntodincontro","@id":"https:\/\/puntodincontro.mx\/#\/schema\/person\/d3066d18a16259cbb0c29b0d0e93b556"},"headline":"BICE: \u00abMessico e Italia condividono il gusto dell&#8217;amicizia\u00bb","datePublished":"2021-11-29T10:02:36+00:00","dateModified":"2021-11-29T11:07:59+00:00","mainEntityOfPage":{"@id":"https:\/\/puntodincontro.mx\/2021\/11\/29\/bice-messico-e-italia-condividono-il-gusto-dellamicizia\/"},"wordCount":511,"commentCount":0,"publisher":{"@id":"https:\/\/puntodincontro.mx\/#organization"},"image":{"@id":"https:\/\/puntodincontro.mx\/2021\/11\/29\/bice-messico-e-italia-condividono-il-gusto-dellamicizia\/#primaryimage"},"thumbnailUrl":"https:\/\/puntodincontro.mx\/wp-content\/uploads\/2021\/11\/cocktailbicevert.webp","articleSection":["Italia in Messico"],"inLanguage":"es","potentialAction":[{"@type":"CommentAction","name":"Comment","target":["https:\/\/puntodincontro.mx\/2021\/11\/29\/bice-messico-e-italia-condividono-il-gusto-dellamicizia\/#respond"]}]},{"@type":"WebPage","@id":"https:\/\/puntodincontro.mx\/2021\/11\/29\/bice-messico-e-italia-condividono-il-gusto-dellamicizia\/","url":"https:\/\/puntodincontro.mx\/2021\/11\/29\/bice-messico-e-italia-condividono-il-gusto-dellamicizia\/","name":"BICE: \u00abMessico e Italia condividono il gusto dell'amicizia\u00bb Puntodincontro","isPartOf":{"@id":"https:\/\/puntodincontro.mx\/#website"},"primaryImageOfPage":{"@id":"https:\/\/puntodincontro.mx\/2021\/11\/29\/bice-messico-e-italia-condividono-il-gusto-dellamicizia\/#primaryimage"},"image":{"@id":"https:\/\/puntodincontro.mx\/2021\/11\/29\/bice-messico-e-italia-condividono-il-gusto-dellamicizia\/#primaryimage"},"thumbnailUrl":"https:\/\/puntodincontro.mx\/wp-content\/uploads\/2021\/11\/cocktailbicevert.webp","datePublished":"2021-11-29T10:02:36+00:00","dateModified":"2021-11-29T11:07:59+00:00","description":"Nell'ambito dell'iniziativa \u201cProdotto in Italia\u201d, coordinata dalla Borsa Internazionale di Commercio Elettronico (BICE) e dedicata alla promozione e degustazione di vini, caff\u00e8 e latti vegetali del Bel Paese, si \u00e8 svolto gioved\u00ec 25 novembre presso la residenza dell'Ambasciatore d'Italia in Messico un aperitivo con la partecipazione di un gruppo di rappresentanti delle comunit\u00e0 civili e imprenditoriali di entrambi i Paesi.","breadcrumb":{"@id":"https:\/\/puntodincontro.mx\/2021\/11\/29\/bice-messico-e-italia-condividono-il-gusto-dellamicizia\/#breadcrumb"},"inLanguage":"es","potentialAction":[{"@type":"ReadAction","target":["https:\/\/puntodincontro.mx\/2021\/11\/29\/bice-messico-e-italia-condividono-il-gusto-dellamicizia\/"]}]},{"@type":"ImageObject","inLanguage":"es","@id":"https:\/\/puntodincontro.mx\/2021\/11\/29\/bice-messico-e-italia-condividono-il-gusto-dellamicizia\/#primaryimage","url":"https:\/\/puntodincontro.mx\/wp-content\/uploads\/2021\/11\/cocktailbicevert.webp","contentUrl":"https:\/\/puntodincontro.mx\/wp-content\/uploads\/2021\/11\/cocktailbicevert.webp","width":423,"height":488,"caption":"cocktailbice"},{"@type":"BreadcrumbList","@id":"https:\/\/puntodincontro.mx\/2021\/11\/29\/bice-messico-e-italia-condividono-il-gusto-dellamicizia\/#breadcrumb","itemListElement":[{"@type":"ListItem","position":1,"name":"Home","item":"https:\/\/puntodincontro.mx\/"},{"@type":"ListItem","position":2,"name":"BICE: \u00abMessico e Italia condividono il gusto dell&#8217;amicizia\u00bb"}]},{"@type":"WebSite","@id":"https:\/\/puntodincontro.mx\/#website","url":"https:\/\/puntodincontro.mx\/","name":"Puntodincontro","description":"Desde el 2006 noticias sobre las relaciones entre Italia y M\u00e9xico \/ Dal 2006 notizie sui rapporti Italia-Messico","publisher":{"@id":"https:\/\/puntodincontro.mx\/#organization"},"potentialAction":[{"@type":"SearchAction","target":{"@type":"EntryPoint","urlTemplate":"https:\/\/puntodincontro.mx\/?s={search_term_string}"},"query-input":{"@type":"PropertyValueSpecification","valueRequired":true,"valueName":"search_term_string"}}],"inLanguage":"es"},{"@type":"Organization","@id":"https:\/\/puntodincontro.mx\/#organization","name":"Puntodincontro","url":"https:\/\/puntodincontro.mx\/","logo":{"@type":"ImageObject","inLanguage":"es","@id":"https:\/\/puntodincontro.mx\/#\/schema\/logo\/image\/","url":"https:\/\/puntodincontro.mx\/wp-content\/uploads\/2021\/08\/Default-image-for-open-graph-settings.jpg","contentUrl":"https:\/\/puntodincontro.mx\/wp-content\/uploads\/2021\/08\/Default-image-for-open-graph-settings.jpg","width":1200,"height":630,"caption":"Puntodincontro"},"image":{"@id":"https:\/\/puntodincontro.mx\/#\/schema\/logo\/image\/"},"sameAs":["https:\/\/www.facebook.com\/puntodincontro.mx","https:\/\/x.com\/puntodincontro","https:\/\/www.instagram.com\/puntodincontro.mx\/","https:\/\/www.linkedin.com\/company\/puntodincontro\/","https:\/\/www.youtube.com\/c\/puntodincontromessico","https:\/\/www.patreon.com\/puntodincontro","https:\/\/www.threads.net\/@puntodincontro.mx"]},{"@type":"Person","@id":"https:\/\/puntodincontro.mx\/#\/schema\/person\/d3066d18a16259cbb0c29b0d0e93b556","name":"Puntodincontro","image":{"@type":"ImageObject","inLanguage":"es","@id":"https:\/\/puntodincontro.mx\/#\/schema\/person\/image\/","url":"https:\/\/secure.gravatar.com\/avatar\/0e85b4b3b5e9d6bfcec6a4956d8cc63a?s=96&d=mm&r=g","contentUrl":"https:\/\/secure.gravatar.com\/avatar\/0e85b4b3b5e9d6bfcec6a4956d8cc63a?s=96&d=mm&r=g","caption":"Puntodincontro"},"url":"https:\/\/puntodincontro.mx\/es\/author\/puntodincontro\/"}]}},"_links":{"self":[{"href":"https:\/\/puntodincontro.mx\/es\/wp-json\/wp\/v2\/posts\/2006"}],"collection":[{"href":"https:\/\/puntodincontro.mx\/es\/wp-json\/wp\/v2\/posts"}],"about":[{"href":"https:\/\/puntodincontro.mx\/es\/wp-json\/wp\/v2\/types\/post"}],"author":[{"embeddable":true,"href":"https:\/\/puntodincontro.mx\/es\/wp-json\/wp\/v2\/users\/2"}],"replies":[{"embeddable":true,"href":"https:\/\/puntodincontro.mx\/es\/wp-json\/wp\/v2\/comments?post=2006"}],"version-history":[{"count":2,"href":"https:\/\/puntodincontro.mx\/es\/wp-json\/wp\/v2\/posts\/2006\/revisions"}],"predecessor-version":[{"id":2011,"href":"https:\/\/puntodincontro.mx\/es\/wp-json\/wp\/v2\/posts\/2006\/revisions\/2011"}],"wp:featuredmedia":[{"embeddable":true,"href":"https:\/\/puntodincontro.mx\/es\/wp-json\/wp\/v2\/media\/2007"}],"wp:attachment":[{"href":"https:\/\/puntodincontro.mx\/es\/wp-json\/wp\/v2\/media?parent=2006"}],"wp:term":[{"taxonomy":"category","embeddable":true,"href":"https:\/\/puntodincontro.mx\/es\/wp-json\/wp\/v2\/categories?post=2006"},{"taxonomy":"post_tag","embeddable":true,"href":"https:\/\/puntodincontro.mx\/es\/wp-json\/wp\/v2\/tags?post=2006"}],"curies":[{"name":"wp","href":"https:\/\/api.w.org\/{rel}","templated":true}]}}