{"id":20103,"date":"2024-07-27T14:24:07","date_gmt":"2024-07-27T19:24:07","guid":{"rendered":"https:\/\/puntodincontro.mx\/?p=20103"},"modified":"2024-07-27T16:40:01","modified_gmt":"2024-07-27T21:40:01","slug":"llega-a-roma-la-exposicion-tlapitzalli-ritos-y-sonidos-del-mexico-antiguo","status":"publish","type":"post","link":"https:\/\/puntodincontro.mx\/es\/2024\/07\/27\/al-via-a-roma-la-mostra-tlapitzalli-riti-e-suoni-del-messico-antico\/","title":{"rendered":"Llega a Roma la exposici\u00f3n \u201cTlapitzalli, ritos y sonidos del M\u00e9xico antiguo\u201d"},"content":{"rendered":"<p class=\"translation-block\"><strong>12:59 hrs.<\/strong> - Con motivo del 150 aniversario del establecimiento de relaciones diplom\u00e1ticas entre Italia y M\u00e9xico, las <em>Scuderie del Quirinale<\/em> de Roma \u2014uno de los espacios culturales m\u00e1s importantes de la capital italiana\u2014 acoge la exposici\u00f3n<em>Tlapitzalli, ritos y sonidos del M\u00e9xico antiguo<\/em>.<\/p>\n\n\n\n<p>Curada por Frida Montes de Oca Fiol \u2014restauradora del Instituto Nacional de Antropolog\u00eda e Historia del pa\u00eds latinoamericano\u2014 la muestra ofrece la oportunidad de sumergirse en la cultura musical precolombina, explorando instrumentos musicales antiguos y los rituales asociados a ellos.<\/p>\n\n\n\n<p>La exposici\u00f3n se inaugurar\u00e1 el 29 de julio con un avance para la prensa y permanecer\u00e1 abierta al p\u00fablico hasta el 15 de septiembre de 2024.<\/p>\n\n\n\n<p class=\"translation-block\"><em>Tlapitzalli, ritos y sonidos del M\u00e9xico antiguo<\/em>explora el papel de los instrumentos musicales en la sociedad prehisp\u00e1nica, revelando c\u00f3mo se integraban en los rituales religiosos, ceremoniales y la vida diaria. Las piezas expuestas, muchas de ellas raras y extraordinarias, son testigos de una cultura rica y compleja, donde la m\u00fasica jug\u00f3 un papel fundamental en la comunicaci\u00f3n con lo divino y en el fortalecimiento de los v\u00ednculos sociales.<\/p>\n\n\n\n<p>Se prev\u00e9n, adem\u00e1s, eventos colaterales que enriquecer\u00e1n la experiencia del visitante. Entre ellos, un concierto orquestal que se realizar\u00e1 en Roma y Palermo, donde actuar\u00e1n artistas de ambos pa\u00edses. Durante los dos meses y medio de duraci\u00f3n de la iniciativa, la cafeter\u00eda de las <em>Scuderie<\/em> habilitar\u00e1 un espacio especial en la terraza, ofreciendo una experiencia \u00fanica con vista a la ciudad.<\/p>\n\n\n\n<p class=\"translation-block\"><em>Tlapitzalli, ritos y sonidos del M\u00e9xico antiguo<\/em> representa una oportunidad extraordinaria para descubrir y apreciar una parte esencial del patrimonio cultural mexicano, al tiempo que resalta la importancia de la colaboraci\u00f3n y la amistad entre Italia y el pa\u00eds latinoamericano. La exposici\u00f3n promete ser un fascinante viaje a trav\u00e9s de sonidos y rituales que marcaron la historia de una de las civilizaciones m\u00e1s enigm\u00e1ticas y fascinantes del mundo precolombino y se entrelaza perfectamente con la exposici\u00f3n contempor\u00e1nea de las obras de Javier Mar\u00edn en las Termas de Diocleciano y el Palacio de las Exposiciones, que explora la riqueza cultural mexicana a trav\u00e9s de esculturas monumentales e innovadoras.<\/p>\n\n\n\n<div style=\"height:12px\" aria-hidden=\"true\" class=\"wp-block-spacer\"><\/div>\n\n\n<!-- Ad space powered by WP AdCenter v2.5.7 - https:\/\/wpadcenter.com\/ --><div class=\"wpadcenter-adgroup\" ><div class=\"wpadcenter-adgroup__row wpadcenter-aligncenter\"><div class=\"wpadcenter-ad-container\" ><div id=\"wpadcenter-ad-18464\" class=\"ad-placement\"><div class=\"wpadcenter-ad-inner\" ><a id=\"wpadcenter_ad\" data-value=\"18464\" data-placement=\"\" href=\"https:\/\/www.productosremo.com\/\" target=\"_blank\" class=\"wpadcenter-ad-inner__item\" ><img decoding=\"async\"   src=\"https:\/\/puntodincontro.mx\/wp-content\/uploads\/2021\/08\/remobanner.jpg\" class=\"attachment-post-thumbnail size-post-thumbnail wp-post-image\" alt=\"\" srcset=\"https:\/\/puntodincontro.mx\/wp-content\/uploads\/2021\/08\/remobanner.jpg 200w, https:\/\/puntodincontro.mx\/wp-content\/uploads\/2021\/08\/remobanner-16x5.jpg 16w\" sizes=\"(max-width: 200px) 100vw, 200px\" \/><\/a><\/div><\/div><\/div><div class=\"wpadcenter-ad-container\" ><div id=\"wpadcenter-ad-5305\" class=\"ad-placement\"><div class=\"wpadcenter-ad-inner\" ><a id=\"wpadcenter_ad\" data-value=\"5305\" data-placement=\"\" href=\"https:\/\/faitalia.com.mx\/\" target=\"_blank\" class=\"wpadcenter-ad-inner__item\" ><img decoding=\"async\"   src=\"https:\/\/puntodincontro.mx\/wp-content\/uploads\/2022\/05\/gruppodino.jpg\" class=\"attachment-post-thumbnail size-post-thumbnail wp-post-image\" alt=\"\" srcset=\"https:\/\/puntodincontro.mx\/wp-content\/uploads\/2022\/05\/gruppodino.jpg 200w, https:\/\/puntodincontro.mx\/wp-content\/uploads\/2022\/05\/gruppodino-18x5.jpg 18w\" sizes=\"(max-width: 200px) 100vw, 200px\" \/><\/a><\/div><\/div><\/div><div class=\"wpadcenter-ad-container\" ><div id=\"wpadcenter-ad-3781\" class=\"ad-placement\"><div class=\"wpadcenter-ad-inner\" ><a id=\"wpadcenter_ad\" data-value=\"3781\" data-placement=\"\" href=\"https:\/\/cannizzo.com.mx\/\" target=\"_blank\" class=\"wpadcenter-ad-inner__item\" ><img decoding=\"async\"   src=\"https:\/\/puntodincontro.mx\/wp-content\/uploads\/2022\/03\/cannizzo2.jpg\" class=\"attachment-post-thumbnail size-post-thumbnail wp-post-image\" alt=\"\" srcset=\"https:\/\/puntodincontro.mx\/wp-content\/uploads\/2022\/03\/cannizzo2.jpg 200w, https:\/\/puntodincontro.mx\/wp-content\/uploads\/2022\/03\/cannizzo2-18x5.jpg 18w\" sizes=\"(max-width: 200px) 100vw, 200px\" \/><\/a><\/div><\/div><\/div><\/div><div class=\"wpadcenter-adgroup__row wpadcenter-aligncenter\"><div class=\"wpadcenter-ad-container\" ><div id=\"wpadcenter-ad-1704\" class=\"ad-placement\"><div class=\"wpadcenter-ad-inner\" ><a id=\"wpadcenter_ad\" data-value=\"1704\" data-placement=\"\" href=\"https:\/\/puntodincontro.mx\/es\/2021\/12\/24\/inps-verificacion-de-supervivencia-de-los-pensionados-en-el-extranjero\/\" target=\"_blank\" class=\"wpadcenter-ad-inner__item\" ><img decoding=\"async\"   src=\"https:\/\/puntodincontro.mx\/wp-content\/uploads\/2021\/11\/logo-ital.jpg\" class=\"attachment-post-thumbnail size-post-thumbnail wp-post-image\" alt=\"Patronato ITAL Messico\" srcset=\"https:\/\/puntodincontro.mx\/wp-content\/uploads\/2021\/11\/logo-ital.jpg 200w, https:\/\/puntodincontro.mx\/wp-content\/uploads\/2021\/11\/logo-ital-16x5.jpg 16w\" sizes=\"(max-width: 200px) 100vw, 200px\" \/><\/a><\/div><\/div><\/div><div class=\"wpadcenter-ad-container\" ><div id=\"wpadcenter-ad-1538\" class=\"ad-placement\"><div class=\"wpadcenter-ad-inner\" ><a id=\"wpadcenter_ad\" data-value=\"1538\" data-placement=\"\" href=\"https:\/\/asociacionitaliana.org\/\" target=\"_blank\" class=\"wpadcenter-ad-inner__item\" ><img decoding=\"async\"   src=\"https:\/\/puntodincontro.mx\/wp-content\/uploads\/2021\/11\/aialogo.jpg\" class=\"attachment-post-thumbnail size-post-thumbnail wp-post-image\" alt=\"Associazione Italiana di Assistenza IAP\" srcset=\"https:\/\/puntodincontro.mx\/wp-content\/uploads\/2021\/11\/aialogo.jpg 200w, https:\/\/puntodincontro.mx\/wp-content\/uploads\/2021\/11\/aialogo-18x5.jpg 18w\" sizes=\"(max-width: 200px) 100vw, 200px\" \/><\/a><\/div><\/div><\/div><div class=\"wpadcenter-ad-container\" ><div id=\"wpadcenter-ad-1513\" class=\"ad-placement\"><div class=\"wpadcenter-ad-inner\" ><a id=\"wpadcenter_ad\" data-value=\"1513\" data-placement=\"\" href=\"https:\/\/gcinmuebles.mx\" target=\"_blank\" class=\"wpadcenter-ad-inner__item\" ><img decoding=\"async\"   src=\"https:\/\/puntodincontro.mx\/wp-content\/uploads\/2021\/10\/gcinmuebleslogopunto-1.jpg\" class=\"attachment-post-thumbnail size-post-thumbnail wp-post-image\" alt=\"\" srcset=\"https:\/\/puntodincontro.mx\/wp-content\/uploads\/2021\/10\/gcinmuebleslogopunto-1.jpg 200w, https:\/\/puntodincontro.mx\/wp-content\/uploads\/2021\/10\/gcinmuebleslogopunto-1-18x5.jpg 18w\" sizes=\"(max-width: 200px) 100vw, 200px\" \/><\/a><\/div><\/div><\/div><\/div><div class=\"wpadcenter-adgroup__row wpadcenter-aligncenter\"><div class=\"wpadcenter-ad-container\" ><div id=\"wpadcenter-ad-1374\" class=\"ad-placement\"><div class=\"wpadcenter-ad-inner\" ><a id=\"wpadcenter_ad\" data-value=\"1374\" data-placement=\"\" href=\"https:\/\/www.9colonne.it\/\" target=\"_blank\" class=\"wpadcenter-ad-inner__item\" ><img decoding=\"async\"   src=\"https:\/\/puntodincontro.mx\/wp-content\/uploads\/2021\/10\/Banner9colonne.gif\" class=\"attachment-post-thumbnail size-post-thumbnail wp-post-image\" alt=\"\" \/><\/a><\/div><\/div><\/div><div class=\"wpadcenter-ad-container\" ><div id=\"wpadcenter-ad-276\" class=\"ad-placement\"><div class=\"wpadcenter-ad-inner\" ><a id=\"wpadcenter_ad\" data-value=\"276\" data-placement=\"\" href=\"http:\/\/www.camaraitaliana.mx\/\" target=\"_blank\" class=\"wpadcenter-ad-inner__item\" ><img decoding=\"async\"   src=\"https:\/\/puntodincontro.mx\/wp-content\/uploads\/2021\/08\/ccimnuovo.jpg\" class=\"attachment-post-thumbnail size-post-thumbnail wp-post-image\" alt=\"\" srcset=\"https:\/\/puntodincontro.mx\/wp-content\/uploads\/2021\/08\/ccimnuovo.jpg 200w, https:\/\/puntodincontro.mx\/wp-content\/uploads\/2021\/08\/ccimnuovo-18x5.jpg 18w\" sizes=\"(max-width: 200px) 100vw, 200px\" \/><\/a><\/div><\/div><\/div><div class=\"wpadcenter-ad-container\" ><div id=\"wpadcenter-ad-272\" class=\"ad-placement\"><div class=\"wpadcenter-ad-inner\" ><a id=\"wpadcenter_ad\" data-value=\"272\" data-placement=\"\" href=\"http:\/\/corix.us\/\" target=\"_blank\" class=\"wpadcenter-ad-inner__item\" ><img decoding=\"async\"   src=\"https:\/\/puntodincontro.mx\/wp-content\/uploads\/2021\/08\/corixbanner-1.jpg\" class=\"attachment-post-thumbnail size-post-thumbnail wp-post-image\" alt=\"\" srcset=\"https:\/\/puntodincontro.mx\/wp-content\/uploads\/2021\/08\/corixbanner-1.jpg 200w, https:\/\/puntodincontro.mx\/wp-content\/uploads\/2021\/08\/corixbanner-1-16x5.jpg 16w\" sizes=\"(max-width: 200px) 100vw, 200px\" \/><\/a><\/div><\/div><\/div><\/div><div class=\"wpadcenter-adgroup__row wpadcenter-aligncenter\"><div class=\"wpadcenter-ad-container\" ><div id=\"wpadcenter-ad-266\" class=\"ad-placement\"><div class=\"wpadcenter-ad-inner\" ><a id=\"wpadcenter_ad\" data-value=\"266\" data-placement=\"\" href=\"https:\/\/www.prinsel.com.mx\/\" target=\"_blank\" class=\"wpadcenter-ad-inner__item\" ><img decoding=\"async\"   src=\"https:\/\/puntodincontro.mx\/wp-content\/uploads\/2021\/08\/prinselbanner-1.jpg\" class=\"attachment-post-thumbnail size-post-thumbnail wp-post-image\" alt=\"\" srcset=\"https:\/\/puntodincontro.mx\/wp-content\/uploads\/2021\/08\/prinselbanner-1.jpg 200w, https:\/\/puntodincontro.mx\/wp-content\/uploads\/2021\/08\/prinselbanner-1-16x5.jpg 16w\" sizes=\"(max-width: 200px) 100vw, 200px\" \/><\/a><\/div><\/div><\/div><div class=\"wpadcenter-ad-container\" ><div id=\"wpadcenter-ad-261\" class=\"ad-placement\"><div class=\"wpadcenter-ad-inner\" ><a id=\"wpadcenter_ad\" data-value=\"261\" data-placement=\"\" href=\"https:\/\/ambcittadelmessico.esteri.it\/ambasciata_cittadelmessico\/it\/\" target=\"_blank\" class=\"wpadcenter-ad-inner__item\" ><img decoding=\"async\"   src=\"https:\/\/puntodincontro.mx\/wp-content\/uploads\/2021\/08\/ambasciatabanner-1.jpg\" class=\"attachment-post-thumbnail size-post-thumbnail wp-post-image\" alt=\"\" srcset=\"https:\/\/puntodincontro.mx\/wp-content\/uploads\/2021\/08\/ambasciatabanner-1.jpg 200w, https:\/\/puntodincontro.mx\/wp-content\/uploads\/2021\/08\/ambasciatabanner-1-16x5.jpg 16w\" sizes=\"(max-width: 200px) 100vw, 200px\" \/><\/a><\/div><\/div><\/div><\/div><\/div>\n\n\n<div style=\"height:12px\" aria-hidden=\"true\" class=\"wp-block-spacer\"><\/div>","protected":false},"excerpt":{"rendered":"<p>Ore 12.59 &#8211; In occasione del 150\u00b0 anniversario dei rapporti diplomatici tra l&#8217;Italia e il Messico, le Scuderie del Quirinale di Roma \u2014una delle pi\u00f9 importanti sedi di eventi culturali della capitale italiana\u2014 ospitano la mostra Tlapitzalli, riti e suoni del Messico antico. Curata da Frida Montes de Oca Fiol \u2014restauratrice dell&#8217;Istituto nazionale di antropologia e storia del Paese latinoamericano\u2014 l&#8217;esposizione offre l&#8217;opportunit\u00e0 di immergersi nella cultura musicale precolombiana, esplorando antichi strumenti musicali e i rituali ad essi associati. La mostra sar\u00e0 inaugurata il 29 luglio con un&#8217;anteprima stampa e rimarr\u00e0 aperta al pubblico fino al 15 settembre 2024. Tlapitzalli,&#8230; <\/p>","protected":false},"author":2,"featured_media":20113,"comment_status":"open","ping_status":"open","sticky":false,"template":"","format":"standard","meta":{"_monsterinsights_skip_tracking":false,"_monsterinsights_sitenote_active":false,"_monsterinsights_sitenote_note":"","_monsterinsights_sitenote_category":0,"footnotes":""},"categories":[6],"tags":[],"class_list":["post-20103","post","type-post","status-publish","format-standard","has-post-thumbnail","hentry","category-messico-in-italia"],"yoast_head":"<!-- This site is optimized with the Yoast SEO Premium plugin v18.4 (Yoast SEO v25.6) - https:\/\/yoast.com\/wordpress\/plugins\/seo\/ -->\n<title>Al via a Roma la mostra \u201cTlapitzalli, riti e suoni del Messico antico\u201d<\/title>\n<meta name=\"description\" content=\"Dal 30 luglio al 15 settembre, le Scuderie del Quirinale di Roma ospitano la mostra \u201cTlapitzalli, riti e suoni del Messico antico\u201d.\" \/>\n<meta name=\"robots\" content=\"index, follow, max-snippet:-1, max-image-preview:large, max-video-preview:-1\" \/>\n<link rel=\"canonical\" href=\"https:\/\/puntodincontro.mx\/es\/2024\/07\/27\/llega-a-roma-la-exposicion-tlapitzalli-ritos-y-sonidos-del-mexico-antiguo\/\" \/>\n<meta property=\"og:locale\" content=\"es_MX\" \/>\n<meta property=\"og:type\" content=\"article\" \/>\n<meta property=\"og:title\" content=\"Al via a Roma la mostra \u201cTlapitzalli, riti e suoni del Messico antico\u201d\" \/>\n<meta property=\"og:description\" content=\"Dal 30 luglio al 15 settembre, le Scuderie del Quirinale di Roma ospitano la mostra \u201cTlapitzalli, riti e suoni del Messico antico\u201d.\" \/>\n<meta property=\"og:url\" content=\"https:\/\/puntodincontro.mx\/es\/2024\/07\/27\/llega-a-roma-la-exposicion-tlapitzalli-ritos-y-sonidos-del-mexico-antiguo\/\" \/>\n<meta property=\"og:site_name\" content=\"Puntodincontro\" \/>\n<meta property=\"article:publisher\" content=\"https:\/\/www.facebook.com\/puntodincontro.mx\" \/>\n<meta property=\"article:published_time\" content=\"2024-07-27T19:24:07+00:00\" \/>\n<meta property=\"article:modified_time\" content=\"2024-07-27T21:40:01+00:00\" \/>\n<meta property=\"og:image\" content=\"https:\/\/puntodincontro.mx\/wp-content\/uploads\/2024\/07\/mostraromacomp.jpg\" \/>\n\t<meta property=\"og:image:width\" content=\"932\" \/>\n\t<meta property=\"og:image:height\" content=\"488\" \/>\n\t<meta property=\"og:image:type\" content=\"image\/jpeg\" \/>\n<meta name=\"author\" content=\"Puntodincontro\" \/>\n<meta name=\"twitter:card\" content=\"summary_large_image\" \/>\n<meta name=\"twitter:creator\" content=\"@puntodincontro\" \/>\n<meta name=\"twitter:site\" content=\"@puntodincontro\" \/>\n<meta name=\"twitter:label1\" content=\"Escrito por\" \/>\n\t<meta name=\"twitter:data1\" content=\"Puntodincontro\" \/>\n\t<meta name=\"twitter:label2\" content=\"Tiempo de lectura\" \/>\n\t<meta name=\"twitter:data2\" content=\"2 minutos\" \/>\n<script type=\"application\/ld+json\" class=\"yoast-schema-graph\">{\"@context\":\"https:\/\/schema.org\",\"@graph\":[{\"@type\":\"NewsArticle\",\"@id\":\"https:\/\/puntodincontro.mx\/2024\/07\/27\/al-via-a-roma-la-mostra-tlapitzalli-riti-e-suoni-del-messico-antico\/#article\",\"isPartOf\":{\"@id\":\"https:\/\/puntodincontro.mx\/2024\/07\/27\/al-via-a-roma-la-mostra-tlapitzalli-riti-e-suoni-del-messico-antico\/\"},\"author\":{\"name\":\"Puntodincontro\",\"@id\":\"https:\/\/puntodincontro.mx\/#\/schema\/person\/d3066d18a16259cbb0c29b0d0e93b556\"},\"headline\":\"Al via a Roma la mostra \u201cTlapitzalli, riti e suoni del Messico antico\u201d\",\"datePublished\":\"2024-07-27T19:24:07+00:00\",\"dateModified\":\"2024-07-27T21:40:01+00:00\",\"mainEntityOfPage\":{\"@id\":\"https:\/\/puntodincontro.mx\/2024\/07\/27\/al-via-a-roma-la-mostra-tlapitzalli-riti-e-suoni-del-messico-antico\/\"},\"wordCount\":336,\"commentCount\":0,\"publisher\":{\"@id\":\"https:\/\/puntodincontro.mx\/#organization\"},\"image\":{\"@id\":\"https:\/\/puntodincontro.mx\/2024\/07\/27\/al-via-a-roma-la-mostra-tlapitzalli-riti-e-suoni-del-messico-antico\/#primaryimage\"},\"thumbnailUrl\":\"https:\/\/puntodincontro.mx\/wp-content\/uploads\/2024\/07\/mostraromavert.webp\",\"articleSection\":[\"Messico in Italia\"],\"inLanguage\":\"es\",\"potentialAction\":[{\"@type\":\"CommentAction\",\"name\":\"Comment\",\"target\":[\"https:\/\/puntodincontro.mx\/2024\/07\/27\/al-via-a-roma-la-mostra-tlapitzalli-riti-e-suoni-del-messico-antico\/#respond\"]}]},{\"@type\":\"WebPage\",\"@id\":\"https:\/\/puntodincontro.mx\/2024\/07\/27\/al-via-a-roma-la-mostra-tlapitzalli-riti-e-suoni-del-messico-antico\/\",\"url\":\"https:\/\/puntodincontro.mx\/2024\/07\/27\/al-via-a-roma-la-mostra-tlapitzalli-riti-e-suoni-del-messico-antico\/\",\"name\":\"Al via a Roma la mostra \u201cTlapitzalli, riti e suoni del Messico antico\u201d\",\"isPartOf\":{\"@id\":\"https:\/\/puntodincontro.mx\/#website\"},\"primaryImageOfPage\":{\"@id\":\"https:\/\/puntodincontro.mx\/2024\/07\/27\/al-via-a-roma-la-mostra-tlapitzalli-riti-e-suoni-del-messico-antico\/#primaryimage\"},\"image\":{\"@id\":\"https:\/\/puntodincontro.mx\/2024\/07\/27\/al-via-a-roma-la-mostra-tlapitzalli-riti-e-suoni-del-messico-antico\/#primaryimage\"},\"thumbnailUrl\":\"https:\/\/puntodincontro.mx\/wp-content\/uploads\/2024\/07\/mostraromavert.webp\",\"datePublished\":\"2024-07-27T19:24:07+00:00\",\"dateModified\":\"2024-07-27T21:40:01+00:00\",\"description\":\"Dal 30 luglio al 15 settembre, le Scuderie del Quirinale di Roma ospitano la mostra \u201cTlapitzalli, riti e suoni del Messico antico\u201d.\",\"breadcrumb\":{\"@id\":\"https:\/\/puntodincontro.mx\/2024\/07\/27\/al-via-a-roma-la-mostra-tlapitzalli-riti-e-suoni-del-messico-antico\/#breadcrumb\"},\"inLanguage\":\"es\",\"potentialAction\":[{\"@type\":\"ReadAction\",\"target\":[\"https:\/\/puntodincontro.mx\/2024\/07\/27\/al-via-a-roma-la-mostra-tlapitzalli-riti-e-suoni-del-messico-antico\/\"]}]},{\"@type\":\"ImageObject\",\"inLanguage\":\"es\",\"@id\":\"https:\/\/puntodincontro.mx\/2024\/07\/27\/al-via-a-roma-la-mostra-tlapitzalli-riti-e-suoni-del-messico-antico\/#primaryimage\",\"url\":\"https:\/\/puntodincontro.mx\/wp-content\/uploads\/2024\/07\/mostraromavert.webp\",\"contentUrl\":\"https:\/\/puntodincontro.mx\/wp-content\/uploads\/2024\/07\/mostraromavert.webp\",\"width\":423,\"height\":488,\"caption\":\"Roma, al via la mostra \u201cTlapitzalli, riti e suoni del Messico antico\u201d \/ Immagine: Scuderie del Quirinale\"},{\"@type\":\"BreadcrumbList\",\"@id\":\"https:\/\/puntodincontro.mx\/2024\/07\/27\/al-via-a-roma-la-mostra-tlapitzalli-riti-e-suoni-del-messico-antico\/#breadcrumb\",\"itemListElement\":[{\"@type\":\"ListItem\",\"position\":1,\"name\":\"Home\",\"item\":\"https:\/\/puntodincontro.mx\/\"},{\"@type\":\"ListItem\",\"position\":2,\"name\":\"Al via a Roma la mostra \u201cTlapitzalli, riti e suoni del Messico antico\u201d\"}]},{\"@type\":\"WebSite\",\"@id\":\"https:\/\/puntodincontro.mx\/#website\",\"url\":\"https:\/\/puntodincontro.mx\/\",\"name\":\"Puntodincontro\",\"description\":\"Dal 2006 notizie sui rapporti Italia-Messico \/ Desde 2006 noticias sobre las relaciones entre Italia y M\u00e9xico\",\"publisher\":{\"@id\":\"https:\/\/puntodincontro.mx\/#organization\"},\"potentialAction\":[{\"@type\":\"SearchAction\",\"target\":{\"@type\":\"EntryPoint\",\"urlTemplate\":\"https:\/\/puntodincontro.mx\/?s={search_term_string}\"},\"query-input\":{\"@type\":\"PropertyValueSpecification\",\"valueRequired\":true,\"valueName\":\"search_term_string\"}}],\"inLanguage\":\"es\"},{\"@type\":\"Organization\",\"@id\":\"https:\/\/puntodincontro.mx\/#organization\",\"name\":\"Puntodincontro\",\"url\":\"https:\/\/puntodincontro.mx\/\",\"logo\":{\"@type\":\"ImageObject\",\"inLanguage\":\"es\",\"@id\":\"https:\/\/puntodincontro.mx\/#\/schema\/logo\/image\/\",\"url\":\"https:\/\/puntodincontro.mx\/wp-content\/uploads\/2021\/08\/Default-image-for-open-graph-settings.jpg\",\"contentUrl\":\"https:\/\/puntodincontro.mx\/wp-content\/uploads\/2021\/08\/Default-image-for-open-graph-settings.jpg\",\"width\":1200,\"height\":630,\"caption\":\"Puntodincontro\"},\"image\":{\"@id\":\"https:\/\/puntodincontro.mx\/#\/schema\/logo\/image\/\"},\"sameAs\":[\"https:\/\/www.facebook.com\/puntodincontro.mx\",\"https:\/\/x.com\/puntodincontro\",\"https:\/\/www.instagram.com\/puntodincontro.mx\/\",\"https:\/\/www.linkedin.com\/company\/puntodincontro\/\",\"https:\/\/www.youtube.com\/c\/puntodincontromessico\",\"https:\/\/www.patreon.com\/puntodincontro\",\"https:\/\/www.threads.net\/@puntodincontro.mx\"]},{\"@type\":\"Person\",\"@id\":\"https:\/\/puntodincontro.mx\/#\/schema\/person\/d3066d18a16259cbb0c29b0d0e93b556\",\"name\":\"Puntodincontro\",\"image\":{\"@type\":\"ImageObject\",\"inLanguage\":\"es\",\"@id\":\"https:\/\/puntodincontro.mx\/#\/schema\/person\/image\/\",\"url\":\"https:\/\/secure.gravatar.com\/avatar\/0e85b4b3b5e9d6bfcec6a4956d8cc63a?s=96&d=mm&r=g\",\"contentUrl\":\"https:\/\/secure.gravatar.com\/avatar\/0e85b4b3b5e9d6bfcec6a4956d8cc63a?s=96&d=mm&r=g\",\"caption\":\"Puntodincontro\"},\"url\":\"https:\/\/puntodincontro.mx\/es\/author\/puntodincontro\/\"}]}<\/script>\n<!-- \/ Yoast SEO Premium plugin. -->","yoast_head_json":{"title":"Llega a Roma la exposici\u00f3n \u201cTlapitzalli, ritos y sonidos del M\u00e9xico antiguo\u201d","description":"Del 30 de julio al 15 de septiembre, las Scuderie del Quirinale de Roma acogen la exposici\u00f3n \"Tlapitzalli, ritos y sonidos del M\u00e9xico antiguo\".","robots":{"index":"index","follow":"follow","max-snippet":"max-snippet:-1","max-image-preview":"max-image-preview:large","max-video-preview":"max-video-preview:-1"},"canonical":"https:\/\/puntodincontro.mx\/es\/2024\/07\/27\/llega-a-roma-la-exposicion-tlapitzalli-ritos-y-sonidos-del-mexico-antiguo\/","og_locale":"es_MX","og_type":"article","og_title":"Al via a Roma la mostra \u201cTlapitzalli, riti e suoni del Messico antico\u201d","og_description":"Dal 30 luglio al 15 settembre, le Scuderie del Quirinale di Roma ospitano la mostra \u201cTlapitzalli, riti e suoni del Messico antico\u201d.","og_url":"https:\/\/puntodincontro.mx\/es\/2024\/07\/27\/llega-a-roma-la-exposicion-tlapitzalli-ritos-y-sonidos-del-mexico-antiguo\/","og_site_name":"Puntodincontro","article_publisher":"https:\/\/www.facebook.com\/puntodincontro.mx","article_published_time":"2024-07-27T19:24:07+00:00","article_modified_time":"2024-07-27T21:40:01+00:00","og_image":[{"width":932,"height":488,"url":"https:\/\/puntodincontro.mx\/wp-content\/uploads\/2024\/07\/mostraromacomp.jpg","type":"image\/jpeg"}],"author":"Puntodincontro","twitter_card":"summary_large_image","twitter_creator":"@puntodincontro","twitter_site":"@puntodincontro","twitter_misc":{"Escrito por":"Puntodincontro","Tiempo de lectura":"2 minutos"},"schema":{"@context":"https:\/\/schema.org","@graph":[{"@type":"NewsArticle","@id":"https:\/\/puntodincontro.mx\/2024\/07\/27\/al-via-a-roma-la-mostra-tlapitzalli-riti-e-suoni-del-messico-antico\/#article","isPartOf":{"@id":"https:\/\/puntodincontro.mx\/2024\/07\/27\/al-via-a-roma-la-mostra-tlapitzalli-riti-e-suoni-del-messico-antico\/"},"author":{"name":"Puntodincontro","@id":"https:\/\/puntodincontro.mx\/#\/schema\/person\/d3066d18a16259cbb0c29b0d0e93b556"},"headline":"Al via a Roma la mostra \u201cTlapitzalli, riti e suoni del Messico antico\u201d","datePublished":"2024-07-27T19:24:07+00:00","dateModified":"2024-07-27T21:40:01+00:00","mainEntityOfPage":{"@id":"https:\/\/puntodincontro.mx\/2024\/07\/27\/al-via-a-roma-la-mostra-tlapitzalli-riti-e-suoni-del-messico-antico\/"},"wordCount":336,"commentCount":0,"publisher":{"@id":"https:\/\/puntodincontro.mx\/#organization"},"image":{"@id":"https:\/\/puntodincontro.mx\/2024\/07\/27\/al-via-a-roma-la-mostra-tlapitzalli-riti-e-suoni-del-messico-antico\/#primaryimage"},"thumbnailUrl":"https:\/\/puntodincontro.mx\/wp-content\/uploads\/2024\/07\/mostraromavert.webp","articleSection":["Messico in Italia"],"inLanguage":"es","potentialAction":[{"@type":"CommentAction","name":"Comment","target":["https:\/\/puntodincontro.mx\/2024\/07\/27\/al-via-a-roma-la-mostra-tlapitzalli-riti-e-suoni-del-messico-antico\/#respond"]}]},{"@type":"WebPage","@id":"https:\/\/puntodincontro.mx\/2024\/07\/27\/al-via-a-roma-la-mostra-tlapitzalli-riti-e-suoni-del-messico-antico\/","url":"https:\/\/puntodincontro.mx\/2024\/07\/27\/al-via-a-roma-la-mostra-tlapitzalli-riti-e-suoni-del-messico-antico\/","name":"Llega a Roma la exposici\u00f3n \u201cTlapitzalli, ritos y sonidos del M\u00e9xico antiguo\u201d","isPartOf":{"@id":"https:\/\/puntodincontro.mx\/#website"},"primaryImageOfPage":{"@id":"https:\/\/puntodincontro.mx\/2024\/07\/27\/al-via-a-roma-la-mostra-tlapitzalli-riti-e-suoni-del-messico-antico\/#primaryimage"},"image":{"@id":"https:\/\/puntodincontro.mx\/2024\/07\/27\/al-via-a-roma-la-mostra-tlapitzalli-riti-e-suoni-del-messico-antico\/#primaryimage"},"thumbnailUrl":"https:\/\/puntodincontro.mx\/wp-content\/uploads\/2024\/07\/mostraromavert.webp","datePublished":"2024-07-27T19:24:07+00:00","dateModified":"2024-07-27T21:40:01+00:00","description":"Del 30 de julio al 15 de septiembre, las Scuderie del Quirinale de Roma acogen la exposici\u00f3n \"Tlapitzalli, ritos y sonidos del M\u00e9xico antiguo\".","breadcrumb":{"@id":"https:\/\/puntodincontro.mx\/2024\/07\/27\/al-via-a-roma-la-mostra-tlapitzalli-riti-e-suoni-del-messico-antico\/#breadcrumb"},"inLanguage":"es","potentialAction":[{"@type":"ReadAction","target":["https:\/\/puntodincontro.mx\/2024\/07\/27\/al-via-a-roma-la-mostra-tlapitzalli-riti-e-suoni-del-messico-antico\/"]}]},{"@type":"ImageObject","inLanguage":"es","@id":"https:\/\/puntodincontro.mx\/2024\/07\/27\/al-via-a-roma-la-mostra-tlapitzalli-riti-e-suoni-del-messico-antico\/#primaryimage","url":"https:\/\/puntodincontro.mx\/wp-content\/uploads\/2024\/07\/mostraromavert.webp","contentUrl":"https:\/\/puntodincontro.mx\/wp-content\/uploads\/2024\/07\/mostraromavert.webp","width":423,"height":488,"caption":"Roma, al via la mostra \u201cTlapitzalli, riti e suoni del Messico antico\u201d \/ Immagine: Scuderie del Quirinale"},{"@type":"BreadcrumbList","@id":"https:\/\/puntodincontro.mx\/2024\/07\/27\/al-via-a-roma-la-mostra-tlapitzalli-riti-e-suoni-del-messico-antico\/#breadcrumb","itemListElement":[{"@type":"ListItem","position":1,"name":"Home","item":"https:\/\/puntodincontro.mx\/"},{"@type":"ListItem","position":2,"name":"Al via a Roma la mostra \u201cTlapitzalli, riti e suoni del Messico antico\u201d"}]},{"@type":"WebSite","@id":"https:\/\/puntodincontro.mx\/#website","url":"https:\/\/puntodincontro.mx\/","name":"Puntodincontro","description":"Desde el 2006 noticias sobre las relaciones entre Italia y M\u00e9xico \/ Dal 2006 notizie sui rapporti Italia-Messico","publisher":{"@id":"https:\/\/puntodincontro.mx\/#organization"},"potentialAction":[{"@type":"SearchAction","target":{"@type":"EntryPoint","urlTemplate":"https:\/\/puntodincontro.mx\/?s={search_term_string}"},"query-input":{"@type":"PropertyValueSpecification","valueRequired":true,"valueName":"search_term_string"}}],"inLanguage":"es"},{"@type":"Organization","@id":"https:\/\/puntodincontro.mx\/#organization","name":"Puntodincontro","url":"https:\/\/puntodincontro.mx\/","logo":{"@type":"ImageObject","inLanguage":"es","@id":"https:\/\/puntodincontro.mx\/#\/schema\/logo\/image\/","url":"https:\/\/puntodincontro.mx\/wp-content\/uploads\/2021\/08\/Default-image-for-open-graph-settings.jpg","contentUrl":"https:\/\/puntodincontro.mx\/wp-content\/uploads\/2021\/08\/Default-image-for-open-graph-settings.jpg","width":1200,"height":630,"caption":"Puntodincontro"},"image":{"@id":"https:\/\/puntodincontro.mx\/#\/schema\/logo\/image\/"},"sameAs":["https:\/\/www.facebook.com\/puntodincontro.mx","https:\/\/x.com\/puntodincontro","https:\/\/www.instagram.com\/puntodincontro.mx\/","https:\/\/www.linkedin.com\/company\/puntodincontro\/","https:\/\/www.youtube.com\/c\/puntodincontromessico","https:\/\/www.patreon.com\/puntodincontro","https:\/\/www.threads.net\/@puntodincontro.mx"]},{"@type":"Person","@id":"https:\/\/puntodincontro.mx\/#\/schema\/person\/d3066d18a16259cbb0c29b0d0e93b556","name":"Puntodincontro","image":{"@type":"ImageObject","inLanguage":"es","@id":"https:\/\/puntodincontro.mx\/#\/schema\/person\/image\/","url":"https:\/\/secure.gravatar.com\/avatar\/0e85b4b3b5e9d6bfcec6a4956d8cc63a?s=96&d=mm&r=g","contentUrl":"https:\/\/secure.gravatar.com\/avatar\/0e85b4b3b5e9d6bfcec6a4956d8cc63a?s=96&d=mm&r=g","caption":"Puntodincontro"},"url":"https:\/\/puntodincontro.mx\/es\/author\/puntodincontro\/"}]}},"_links":{"self":[{"href":"https:\/\/puntodincontro.mx\/es\/wp-json\/wp\/v2\/posts\/20103"}],"collection":[{"href":"https:\/\/puntodincontro.mx\/es\/wp-json\/wp\/v2\/posts"}],"about":[{"href":"https:\/\/puntodincontro.mx\/es\/wp-json\/wp\/v2\/types\/post"}],"author":[{"embeddable":true,"href":"https:\/\/puntodincontro.mx\/es\/wp-json\/wp\/v2\/users\/2"}],"replies":[{"embeddable":true,"href":"https:\/\/puntodincontro.mx\/es\/wp-json\/wp\/v2\/comments?post=20103"}],"version-history":[{"count":10,"href":"https:\/\/puntodincontro.mx\/es\/wp-json\/wp\/v2\/posts\/20103\/revisions"}],"predecessor-version":[{"id":20115,"href":"https:\/\/puntodincontro.mx\/es\/wp-json\/wp\/v2\/posts\/20103\/revisions\/20115"}],"wp:featuredmedia":[{"embeddable":true,"href":"https:\/\/puntodincontro.mx\/es\/wp-json\/wp\/v2\/media\/20113"}],"wp:attachment":[{"href":"https:\/\/puntodincontro.mx\/es\/wp-json\/wp\/v2\/media?parent=20103"}],"wp:term":[{"taxonomy":"category","embeddable":true,"href":"https:\/\/puntodincontro.mx\/es\/wp-json\/wp\/v2\/categories?post=20103"},{"taxonomy":"post_tag","embeddable":true,"href":"https:\/\/puntodincontro.mx\/es\/wp-json\/wp\/v2\/tags?post=20103"}],"curies":[{"name":"wp","href":"https:\/\/api.w.org\/{rel}","templated":true}]}}