{"id":2013,"date":"2021-11-29T05:17:38","date_gmt":"2021-11-29T11:17:38","guid":{"rendered":"https:\/\/puntodincontro.mx\/?p=2013"},"modified":"2021-11-29T05:19:31","modified_gmt":"2021-11-29T11:19:31","slug":"omicron-lista-una-vacuna-en-italia","status":"publish","type":"post","link":"https:\/\/puntodincontro.mx\/es\/2021\/11\/29\/omicron-pronto-un-vaccino-in-italia\/","title":{"rendered":"\u00d3micron: lista una vacuna en Italia"},"content":{"rendered":"<p class=\"translation-block\"><strong>05:19 hrs.<\/strong> \u2013 Ya estar\u00eda lista la primera vacuna anti-Covid \u201cmoldeada\u201d para la variante \u00d3micron. Lo anunci\u00f3 la empresa de biotecnolog\u00eda con sede en Roma Takis, que en colaboraci\u00f3n con Rottapharm Biotech de Monza ha estado trabajando desde hace alg\u00fan tiempo en la vacuna candidata Covid-eVax, probada en la fase 1 en humanos.<\/p>\n\n\n\n<p>Seg\u00fan la compa\u00f1\u00eda italiana, el ant\u00eddoto, dise\u00f1ado espec\u00edficamente para contrarrestar la variante \u00d3micron, deber\u00eda iniciar a probarse en unas pocas semanas.<\/p>\n\n\n\n<p>La plataforma desarrollada por Takis permite actualizar r\u00e1pidamente los productos anti-covid, hoy con \u00d3micron como ya ha sucedido con Alpha, Beta, Gamma y Delta.<\/p>\n\n\n\n<p>\u00abGracias a todo lo que hemos aprendido desde el inicio de la pandemia, hemos dise\u00f1ado la vacuna Covid-eVax versi\u00f3n \u00d3micron en unas horas y dentro de pocas semanas podremos probarla en modelos precl\u00ednicos\u00bb, dijo Luigi Aurisicchio, CEO y Director Cient\u00edfico de Takis.<\/p>\n\n\n\n<p>\u00abMientras intentamos vencer la pandemia, es imperativo ser proactivos a medida que evoluciona el virus\u00bb, se\u00f1ala Aurisicchio. \u00abEn los \u00faltimos meses hemos generado modificaciones de Covid-eVax contra Alfa, Beta, Gamma, Delta y muchas otras variantes en tiempo casi real, demostrando su inmunogenicidad en modelos animales. A diferencia de las mutaciones anteriores, \u00d3micron tiene una gran cantidad de caracter\u00edsticas nuevas, por lo que es dif\u00edcil predecir si las vacunas actuales seguir\u00e1n siendo protectoras, por esto nos estamos moviendo lo m\u00e1s r\u00e1pido posible para adaptar nuestro Covid-eVax tambi\u00e9n contra esta variante\u00bb.<\/p>\n\n\n\n<div style=\"height:12px\" aria-hidden=\"true\" class=\"wp-block-spacer\"><\/div>\n\n\n\n\n\n<div style=\"height:12px\" aria-hidden=\"true\" class=\"wp-block-spacer\"><\/div>","protected":false},"excerpt":{"rendered":"<p>Ore 05.19 &#8211; Sarebbe gi\u00e0 pronto il primo vaccino anti Covid \u201cplasmato\u201d sulla variante Omicron. Lo ha reso noto la societ\u00e0 di biotecnologie con sede a Roma Takis, che in collaborazione con Rottapharm Biotech di Monza \u00e8 al lavoro da tempo sul candidato vaccino Covid-eVax, sperimentato nella fase 1 nell&#8217;uomo. Secondo quanto fa sapere l&#8217;azienda italiana l&#8217;antidoto \u2014progettato in modo specifico per contrastare la variante Omicron\u2014 dovrebbe essere testato entro poche settimane. La particolare piattaforma sviluppata da Takis permette di aggiornare velocemente i prodotti anti covid, oggi con Omicron come gi\u00e0 \u00e8 successo con Alpha, Beta, Gamma e Delta. \u00abGrazie&#8230; <\/p>","protected":false},"author":2,"featured_media":2015,"comment_status":"open","ping_status":"open","sticky":false,"template":"","format":"standard","meta":{"_monsterinsights_skip_tracking":false,"_monsterinsights_sitenote_active":false,"_monsterinsights_sitenote_note":"","_monsterinsights_sitenote_category":0,"footnotes":""},"categories":[7],"tags":[],"class_list":["post-2013","post","type-post","status-publish","format-standard","has-post-thumbnail","hentry","category-salute-e-benessere"],"yoast_head":"<!-- This site is optimized with the Yoast SEO Premium plugin v18.4 (Yoast SEO v25.6) - https:\/\/yoast.com\/wordpress\/plugins\/seo\/ -->\n<title>Omicron, pronto un vaccino in Italia Puntodincontro<\/title>\n<meta name=\"description\" content=\"Sarebbe gi\u00e0 pronto il primo vaccino anti Covid \u201cplasmato\u201d sulla variante Omicron. Lo ha reso noto la societ\u00e0 di biotecnologie con sede a Roma Takis, che in collaborazione con Rottapharm Biotech di Monza \u00e8 al lavoro da tempo sul candidato vaccino Covid-eVax, sperimentato nella fase 1 nell&#039;uomo.\" \/>\n<meta name=\"robots\" content=\"index, follow, max-snippet:-1, max-image-preview:large, max-video-preview:-1\" \/>\n<link rel=\"canonical\" href=\"https:\/\/puntodincontro.mx\/es\/2021\/11\/29\/omicron-lista-una-vacuna-en-italia\/\" \/>\n<meta property=\"og:locale\" content=\"es_MX\" \/>\n<meta property=\"og:type\" content=\"article\" \/>\n<meta property=\"og:title\" content=\"Omicron, pronto un vaccino in Italia\" \/>\n<meta property=\"og:description\" content=\"Sarebbe gi\u00e0 pronto il primo vaccino anti Covid \u201cplasmato\u201d sulla variante Omicron. Lo ha reso noto la societ\u00e0 di biotecnologie con sede a Roma Takis, che in collaborazione con Rottapharm Biotech di Monza \u00e8 al lavoro da tempo sul candidato vaccino Covid-eVax, sperimentato nella fase 1 nell&#039;uomo.\" \/>\n<meta property=\"og:url\" content=\"https:\/\/puntodincontro.mx\/es\/2021\/11\/29\/omicron-lista-una-vacuna-en-italia\/\" \/>\n<meta property=\"og:site_name\" content=\"Puntodincontro\" \/>\n<meta property=\"article:publisher\" content=\"https:\/\/www.facebook.com\/puntodincontro.mx\" \/>\n<meta property=\"article:published_time\" content=\"2021-11-29T11:17:38+00:00\" \/>\n<meta property=\"article:modified_time\" content=\"2021-11-29T11:19:31+00:00\" \/>\n<meta property=\"og:image\" content=\"https:\/\/puntodincontro.mx\/wp-content\/uploads\/2021\/11\/vaccinoitalianoantiomicronvert.webp\" \/>\n\t<meta property=\"og:image:width\" content=\"423\" \/>\n\t<meta property=\"og:image:height\" content=\"488\" \/>\n\t<meta property=\"og:image:type\" content=\"image\/webp\" \/>\n<meta name=\"author\" content=\"Puntodincontro\" \/>\n<meta name=\"twitter:card\" content=\"summary_large_image\" \/>\n<meta name=\"twitter:creator\" content=\"@puntodincontro\" \/>\n<meta name=\"twitter:site\" content=\"@puntodincontro\" \/>\n<meta name=\"twitter:label1\" content=\"Escrito por\" \/>\n\t<meta name=\"twitter:data1\" content=\"Puntodincontro\" \/>\n\t<meta name=\"twitter:label2\" content=\"Tiempo de lectura\" \/>\n\t<meta name=\"twitter:data2\" content=\"2 minutos\" \/>\n<script type=\"application\/ld+json\" class=\"yoast-schema-graph\">{\"@context\":\"https:\/\/schema.org\",\"@graph\":[{\"@type\":\"NewsArticle\",\"@id\":\"https:\/\/puntodincontro.mx\/2021\/11\/29\/omicron-pronto-un-vaccino-in-italia\/#article\",\"isPartOf\":{\"@id\":\"https:\/\/puntodincontro.mx\/2021\/11\/29\/omicron-pronto-un-vaccino-in-italia\/\"},\"author\":{\"name\":\"Puntodincontro\",\"@id\":\"https:\/\/puntodincontro.mx\/#\/schema\/person\/d3066d18a16259cbb0c29b0d0e93b556\"},\"headline\":\"Omicron, pronto un vaccino in Italia\",\"datePublished\":\"2021-11-29T11:17:38+00:00\",\"dateModified\":\"2021-11-29T11:19:31+00:00\",\"mainEntityOfPage\":{\"@id\":\"https:\/\/puntodincontro.mx\/2021\/11\/29\/omicron-pronto-un-vaccino-in-italia\/\"},\"wordCount\":237,\"commentCount\":0,\"publisher\":{\"@id\":\"https:\/\/puntodincontro.mx\/#organization\"},\"image\":{\"@id\":\"https:\/\/puntodincontro.mx\/2021\/11\/29\/omicron-pronto-un-vaccino-in-italia\/#primaryimage\"},\"thumbnailUrl\":\"https:\/\/puntodincontro.mx\/wp-content\/uploads\/2021\/11\/vaccinoitalianoantiomicronvert.webp\",\"articleSection\":[\"Salute e benessere\"],\"inLanguage\":\"es\",\"potentialAction\":[{\"@type\":\"CommentAction\",\"name\":\"Comment\",\"target\":[\"https:\/\/puntodincontro.mx\/2021\/11\/29\/omicron-pronto-un-vaccino-in-italia\/#respond\"]}]},{\"@type\":\"WebPage\",\"@id\":\"https:\/\/puntodincontro.mx\/2021\/11\/29\/omicron-pronto-un-vaccino-in-italia\/\",\"url\":\"https:\/\/puntodincontro.mx\/2021\/11\/29\/omicron-pronto-un-vaccino-in-italia\/\",\"name\":\"Omicron, pronto un vaccino in Italia Puntodincontro\",\"isPartOf\":{\"@id\":\"https:\/\/puntodincontro.mx\/#website\"},\"primaryImageOfPage\":{\"@id\":\"https:\/\/puntodincontro.mx\/2021\/11\/29\/omicron-pronto-un-vaccino-in-italia\/#primaryimage\"},\"image\":{\"@id\":\"https:\/\/puntodincontro.mx\/2021\/11\/29\/omicron-pronto-un-vaccino-in-italia\/#primaryimage\"},\"thumbnailUrl\":\"https:\/\/puntodincontro.mx\/wp-content\/uploads\/2021\/11\/vaccinoitalianoantiomicronvert.webp\",\"datePublished\":\"2021-11-29T11:17:38+00:00\",\"dateModified\":\"2021-11-29T11:19:31+00:00\",\"description\":\"Sarebbe gi\u00e0 pronto il primo vaccino anti Covid \u201cplasmato\u201d sulla variante Omicron. Lo ha reso noto la societ\u00e0 di biotecnologie con sede a Roma Takis, che in collaborazione con Rottapharm Biotech di Monza \u00e8 al lavoro da tempo sul candidato vaccino Covid-eVax, sperimentato nella fase 1 nell'uomo.\",\"breadcrumb\":{\"@id\":\"https:\/\/puntodincontro.mx\/2021\/11\/29\/omicron-pronto-un-vaccino-in-italia\/#breadcrumb\"},\"inLanguage\":\"es\",\"potentialAction\":[{\"@type\":\"ReadAction\",\"target\":[\"https:\/\/puntodincontro.mx\/2021\/11\/29\/omicron-pronto-un-vaccino-in-italia\/\"]}]},{\"@type\":\"ImageObject\",\"inLanguage\":\"es\",\"@id\":\"https:\/\/puntodincontro.mx\/2021\/11\/29\/omicron-pronto-un-vaccino-in-italia\/#primaryimage\",\"url\":\"https:\/\/puntodincontro.mx\/wp-content\/uploads\/2021\/11\/vaccinoitalianoantiomicronvert.webp\",\"contentUrl\":\"https:\/\/puntodincontro.mx\/wp-content\/uploads\/2021\/11\/vaccinoitalianoantiomicronvert.webp\",\"width\":423,\"height\":488,\"caption\":\"vaccinoitalianoantiomicron\"},{\"@type\":\"BreadcrumbList\",\"@id\":\"https:\/\/puntodincontro.mx\/2021\/11\/29\/omicron-pronto-un-vaccino-in-italia\/#breadcrumb\",\"itemListElement\":[{\"@type\":\"ListItem\",\"position\":1,\"name\":\"Home\",\"item\":\"https:\/\/puntodincontro.mx\/\"},{\"@type\":\"ListItem\",\"position\":2,\"name\":\"Omicron, pronto un vaccino in Italia\"}]},{\"@type\":\"WebSite\",\"@id\":\"https:\/\/puntodincontro.mx\/#website\",\"url\":\"https:\/\/puntodincontro.mx\/\",\"name\":\"Puntodincontro\",\"description\":\"Dal 2006 notizie sui rapporti Italia-Messico \/ Desde 2006 noticias sobre las relaciones entre Italia y M\u00e9xico\",\"publisher\":{\"@id\":\"https:\/\/puntodincontro.mx\/#organization\"},\"potentialAction\":[{\"@type\":\"SearchAction\",\"target\":{\"@type\":\"EntryPoint\",\"urlTemplate\":\"https:\/\/puntodincontro.mx\/?s={search_term_string}\"},\"query-input\":{\"@type\":\"PropertyValueSpecification\",\"valueRequired\":true,\"valueName\":\"search_term_string\"}}],\"inLanguage\":\"es\"},{\"@type\":\"Organization\",\"@id\":\"https:\/\/puntodincontro.mx\/#organization\",\"name\":\"Puntodincontro\",\"url\":\"https:\/\/puntodincontro.mx\/\",\"logo\":{\"@type\":\"ImageObject\",\"inLanguage\":\"es\",\"@id\":\"https:\/\/puntodincontro.mx\/#\/schema\/logo\/image\/\",\"url\":\"https:\/\/puntodincontro.mx\/wp-content\/uploads\/2021\/08\/Default-image-for-open-graph-settings.jpg\",\"contentUrl\":\"https:\/\/puntodincontro.mx\/wp-content\/uploads\/2021\/08\/Default-image-for-open-graph-settings.jpg\",\"width\":1200,\"height\":630,\"caption\":\"Puntodincontro\"},\"image\":{\"@id\":\"https:\/\/puntodincontro.mx\/#\/schema\/logo\/image\/\"},\"sameAs\":[\"https:\/\/www.facebook.com\/puntodincontro.mx\",\"https:\/\/x.com\/puntodincontro\",\"https:\/\/www.instagram.com\/puntodincontro.mx\/\",\"https:\/\/www.linkedin.com\/company\/puntodincontro\/\",\"https:\/\/www.youtube.com\/c\/puntodincontromessico\",\"https:\/\/www.patreon.com\/puntodincontro\",\"https:\/\/www.threads.net\/@puntodincontro.mx\"]},{\"@type\":\"Person\",\"@id\":\"https:\/\/puntodincontro.mx\/#\/schema\/person\/d3066d18a16259cbb0c29b0d0e93b556\",\"name\":\"Puntodincontro\",\"image\":{\"@type\":\"ImageObject\",\"inLanguage\":\"es\",\"@id\":\"https:\/\/puntodincontro.mx\/#\/schema\/person\/image\/\",\"url\":\"https:\/\/secure.gravatar.com\/avatar\/0e85b4b3b5e9d6bfcec6a4956d8cc63a?s=96&d=mm&r=g\",\"contentUrl\":\"https:\/\/secure.gravatar.com\/avatar\/0e85b4b3b5e9d6bfcec6a4956d8cc63a?s=96&d=mm&r=g\",\"caption\":\"Puntodincontro\"},\"url\":\"https:\/\/puntodincontro.mx\/es\/author\/puntodincontro\/\"}]}<\/script>\n<!-- \/ Yoast SEO Premium plugin. -->","yoast_head_json":{"title":"Omicron, pronto un vaccino in Italia Puntodincontro","description":"Sarebbe gi\u00e0 pronto il primo vaccino anti Covid \u201cplasmato\u201d sulla variante Omicron. Lo ha reso noto la societ\u00e0 di biotecnologie con sede a Roma Takis, che in collaborazione con Rottapharm Biotech di Monza \u00e8 al lavoro da tempo sul candidato vaccino Covid-eVax, sperimentato nella fase 1 nell'uomo.","robots":{"index":"index","follow":"follow","max-snippet":"max-snippet:-1","max-image-preview":"max-image-preview:large","max-video-preview":"max-video-preview:-1"},"canonical":"https:\/\/puntodincontro.mx\/es\/2021\/11\/29\/omicron-lista-una-vacuna-en-italia\/","og_locale":"es_MX","og_type":"article","og_title":"Omicron, pronto un vaccino in Italia","og_description":"Sarebbe gi\u00e0 pronto il primo vaccino anti Covid \u201cplasmato\u201d sulla variante Omicron. Lo ha reso noto la societ\u00e0 di biotecnologie con sede a Roma Takis, che in collaborazione con Rottapharm Biotech di Monza \u00e8 al lavoro da tempo sul candidato vaccino Covid-eVax, sperimentato nella fase 1 nell'uomo.","og_url":"https:\/\/puntodincontro.mx\/es\/2021\/11\/29\/omicron-lista-una-vacuna-en-italia\/","og_site_name":"Puntodincontro","article_publisher":"https:\/\/www.facebook.com\/puntodincontro.mx","article_published_time":"2021-11-29T11:17:38+00:00","article_modified_time":"2021-11-29T11:19:31+00:00","og_image":[{"width":423,"height":488,"url":"https:\/\/puntodincontro.mx\/wp-content\/uploads\/2021\/11\/vaccinoitalianoantiomicronvert.webp","type":"image\/webp"}],"author":"Puntodincontro","twitter_card":"summary_large_image","twitter_creator":"@puntodincontro","twitter_site":"@puntodincontro","twitter_misc":{"Escrito por":"Puntodincontro","Tiempo de lectura":"2 minutos"},"schema":{"@context":"https:\/\/schema.org","@graph":[{"@type":"NewsArticle","@id":"https:\/\/puntodincontro.mx\/2021\/11\/29\/omicron-pronto-un-vaccino-in-italia\/#article","isPartOf":{"@id":"https:\/\/puntodincontro.mx\/2021\/11\/29\/omicron-pronto-un-vaccino-in-italia\/"},"author":{"name":"Puntodincontro","@id":"https:\/\/puntodincontro.mx\/#\/schema\/person\/d3066d18a16259cbb0c29b0d0e93b556"},"headline":"Omicron, pronto un vaccino in Italia","datePublished":"2021-11-29T11:17:38+00:00","dateModified":"2021-11-29T11:19:31+00:00","mainEntityOfPage":{"@id":"https:\/\/puntodincontro.mx\/2021\/11\/29\/omicron-pronto-un-vaccino-in-italia\/"},"wordCount":237,"commentCount":0,"publisher":{"@id":"https:\/\/puntodincontro.mx\/#organization"},"image":{"@id":"https:\/\/puntodincontro.mx\/2021\/11\/29\/omicron-pronto-un-vaccino-in-italia\/#primaryimage"},"thumbnailUrl":"https:\/\/puntodincontro.mx\/wp-content\/uploads\/2021\/11\/vaccinoitalianoantiomicronvert.webp","articleSection":["Salute e benessere"],"inLanguage":"es","potentialAction":[{"@type":"CommentAction","name":"Comment","target":["https:\/\/puntodincontro.mx\/2021\/11\/29\/omicron-pronto-un-vaccino-in-italia\/#respond"]}]},{"@type":"WebPage","@id":"https:\/\/puntodincontro.mx\/2021\/11\/29\/omicron-pronto-un-vaccino-in-italia\/","url":"https:\/\/puntodincontro.mx\/2021\/11\/29\/omicron-pronto-un-vaccino-in-italia\/","name":"Omicron, pronto un vaccino in Italia Puntodincontro","isPartOf":{"@id":"https:\/\/puntodincontro.mx\/#website"},"primaryImageOfPage":{"@id":"https:\/\/puntodincontro.mx\/2021\/11\/29\/omicron-pronto-un-vaccino-in-italia\/#primaryimage"},"image":{"@id":"https:\/\/puntodincontro.mx\/2021\/11\/29\/omicron-pronto-un-vaccino-in-italia\/#primaryimage"},"thumbnailUrl":"https:\/\/puntodincontro.mx\/wp-content\/uploads\/2021\/11\/vaccinoitalianoantiomicronvert.webp","datePublished":"2021-11-29T11:17:38+00:00","dateModified":"2021-11-29T11:19:31+00:00","description":"Sarebbe gi\u00e0 pronto il primo vaccino anti Covid \u201cplasmato\u201d sulla variante Omicron. Lo ha reso noto la societ\u00e0 di biotecnologie con sede a Roma Takis, che in collaborazione con Rottapharm Biotech di Monza \u00e8 al lavoro da tempo sul candidato vaccino Covid-eVax, sperimentato nella fase 1 nell'uomo.","breadcrumb":{"@id":"https:\/\/puntodincontro.mx\/2021\/11\/29\/omicron-pronto-un-vaccino-in-italia\/#breadcrumb"},"inLanguage":"es","potentialAction":[{"@type":"ReadAction","target":["https:\/\/puntodincontro.mx\/2021\/11\/29\/omicron-pronto-un-vaccino-in-italia\/"]}]},{"@type":"ImageObject","inLanguage":"es","@id":"https:\/\/puntodincontro.mx\/2021\/11\/29\/omicron-pronto-un-vaccino-in-italia\/#primaryimage","url":"https:\/\/puntodincontro.mx\/wp-content\/uploads\/2021\/11\/vaccinoitalianoantiomicronvert.webp","contentUrl":"https:\/\/puntodincontro.mx\/wp-content\/uploads\/2021\/11\/vaccinoitalianoantiomicronvert.webp","width":423,"height":488,"caption":"vaccinoitalianoantiomicron"},{"@type":"BreadcrumbList","@id":"https:\/\/puntodincontro.mx\/2021\/11\/29\/omicron-pronto-un-vaccino-in-italia\/#breadcrumb","itemListElement":[{"@type":"ListItem","position":1,"name":"Home","item":"https:\/\/puntodincontro.mx\/"},{"@type":"ListItem","position":2,"name":"Omicron, pronto un vaccino in Italia"}]},{"@type":"WebSite","@id":"https:\/\/puntodincontro.mx\/#website","url":"https:\/\/puntodincontro.mx\/","name":"Puntodincontro","description":"Desde el 2006 noticias sobre las relaciones entre Italia y M\u00e9xico \/ Dal 2006 notizie sui rapporti Italia-Messico","publisher":{"@id":"https:\/\/puntodincontro.mx\/#organization"},"potentialAction":[{"@type":"SearchAction","target":{"@type":"EntryPoint","urlTemplate":"https:\/\/puntodincontro.mx\/?s={search_term_string}"},"query-input":{"@type":"PropertyValueSpecification","valueRequired":true,"valueName":"search_term_string"}}],"inLanguage":"es"},{"@type":"Organization","@id":"https:\/\/puntodincontro.mx\/#organization","name":"Puntodincontro","url":"https:\/\/puntodincontro.mx\/","logo":{"@type":"ImageObject","inLanguage":"es","@id":"https:\/\/puntodincontro.mx\/#\/schema\/logo\/image\/","url":"https:\/\/puntodincontro.mx\/wp-content\/uploads\/2021\/08\/Default-image-for-open-graph-settings.jpg","contentUrl":"https:\/\/puntodincontro.mx\/wp-content\/uploads\/2021\/08\/Default-image-for-open-graph-settings.jpg","width":1200,"height":630,"caption":"Puntodincontro"},"image":{"@id":"https:\/\/puntodincontro.mx\/#\/schema\/logo\/image\/"},"sameAs":["https:\/\/www.facebook.com\/puntodincontro.mx","https:\/\/x.com\/puntodincontro","https:\/\/www.instagram.com\/puntodincontro.mx\/","https:\/\/www.linkedin.com\/company\/puntodincontro\/","https:\/\/www.youtube.com\/c\/puntodincontromessico","https:\/\/www.patreon.com\/puntodincontro","https:\/\/www.threads.net\/@puntodincontro.mx"]},{"@type":"Person","@id":"https:\/\/puntodincontro.mx\/#\/schema\/person\/d3066d18a16259cbb0c29b0d0e93b556","name":"Puntodincontro","image":{"@type":"ImageObject","inLanguage":"es","@id":"https:\/\/puntodincontro.mx\/#\/schema\/person\/image\/","url":"https:\/\/secure.gravatar.com\/avatar\/0e85b4b3b5e9d6bfcec6a4956d8cc63a?s=96&d=mm&r=g","contentUrl":"https:\/\/secure.gravatar.com\/avatar\/0e85b4b3b5e9d6bfcec6a4956d8cc63a?s=96&d=mm&r=g","caption":"Puntodincontro"},"url":"https:\/\/puntodincontro.mx\/es\/author\/puntodincontro\/"}]}},"_links":{"self":[{"href":"https:\/\/puntodincontro.mx\/es\/wp-json\/wp\/v2\/posts\/2013"}],"collection":[{"href":"https:\/\/puntodincontro.mx\/es\/wp-json\/wp\/v2\/posts"}],"about":[{"href":"https:\/\/puntodincontro.mx\/es\/wp-json\/wp\/v2\/types\/post"}],"author":[{"embeddable":true,"href":"https:\/\/puntodincontro.mx\/es\/wp-json\/wp\/v2\/users\/2"}],"replies":[{"embeddable":true,"href":"https:\/\/puntodincontro.mx\/es\/wp-json\/wp\/v2\/comments?post=2013"}],"version-history":[{"count":2,"href":"https:\/\/puntodincontro.mx\/es\/wp-json\/wp\/v2\/posts\/2013\/revisions"}],"predecessor-version":[{"id":2017,"href":"https:\/\/puntodincontro.mx\/es\/wp-json\/wp\/v2\/posts\/2013\/revisions\/2017"}],"wp:featuredmedia":[{"embeddable":true,"href":"https:\/\/puntodincontro.mx\/es\/wp-json\/wp\/v2\/media\/2015"}],"wp:attachment":[{"href":"https:\/\/puntodincontro.mx\/es\/wp-json\/wp\/v2\/media?parent=2013"}],"wp:term":[{"taxonomy":"category","embeddable":true,"href":"https:\/\/puntodincontro.mx\/es\/wp-json\/wp\/v2\/categories?post=2013"},{"taxonomy":"post_tag","embeddable":true,"href":"https:\/\/puntodincontro.mx\/es\/wp-json\/wp\/v2\/tags?post=2013"}],"curies":[{"name":"wp","href":"https:\/\/api.w.org\/{rel}","templated":true}]}}