{"id":20215,"date":"2024-08-11T11:27:23","date_gmt":"2024-08-11T16:27:23","guid":{"rendered":"https:\/\/puntodincontro.mx\/?p=20215"},"modified":"2024-08-13T04:01:35","modified_gmt":"2024-08-13T09:01:35","slug":"fabiola-quezada-una-artista-que-lucha-por-la-paridad-de-genero2","status":"publish","type":"post","link":"https:\/\/puntodincontro.mx\/es\/2024\/08\/11\/fabiola-quezada-unartista-in-lotta-per-la-parita-di-genere2\/","title":{"rendered":"Fabiola Quezada, una artista que lucha por la paridad de g\u00e9nero"},"content":{"rendered":"<p>Por Sara Carrillo Reid<\/p>\n\n\n\n<p class=\"translation-block\"><strong>09:48 hrs.<\/strong> - Fabiola Quezada, la artista mexicana ganadora en 2004 del Premio de la Civica Galleria d'Arte Contemporanea de Lissone, en Lombard\u00eda, volvi\u00f3 a la escena art\u00edstica italiana con la exposici\u00f3n <em>El hombre al desnudo<\/em>, donde a trav\u00e9s de fotograf\u00edas, acuarelas y lienzos en \u00f3leo mostr\u00f3 la vulnerabilidad de la figura masculina desde la visi\u00f3n femenina.<\/p>\n\n\n\n<p class=\"translation-block\">La exposici\u00f3n se llev\u00f3 a cabo del 11 de julio al 7 de agosto de 2024 en el marco del evento <em><a href=\"https:\/\/puntodincontro.mx\/es\/2024\/07\/09\/dos-artistas-mexicanos-exponen-en-milan\/\" target=\"_blank\" rel=\"noreferrer noopener\">M\u00e9xico en Mil\u00e1n: celebrando los 150 a\u00f1os de relaciones diplom\u00e1ticas con Italia<\/a><\/em> organizado por el Consulado del pa\u00eds latinoamericano en la capital lombarda.<\/p>\n\n\n\n<p>En una entrevista de la periodista Sara Carrillo Reid para Puntodincontro, la pintora graduada con honores en la Academia de Bellas Artes de Brera, en Mil\u00e1n, platic\u00f3 sobre sus recientes reflexiones en torno al desnudo masculino, un tema con el que ha trabajado desde hace 20 a\u00f1os con el objetivo de reivindicar el derecho de las mujeres a interpretar el cuerpo del hombre, rompiendo con los viejos esquemas de las artes pl\u00e1sticas.<\/p>\n\n\n\n<p>En el estilo de la creadora nacida en Temascalapa, la identidad mexicana est\u00e1 presente en los colores \u2014mezclados con la tradici\u00f3n cl\u00e1sica, la pintura moderna y toques contempor\u00e1neos\u2014 en lienzos donde resalta la vulnerabilidad del cuerpo, con una mirada \u00edntima que deja lo expl\u00edcito de lado para adentrarse en lo emocional.<\/p>\n\n\n\n<p>Para la artista pl\u00e1stica esta b\u00fasqueda de la belleza masculina vista desde la mirada de una mujer contribuye a cambiar la percepci\u00f3n del machismo, romper los tab\u00faes sociales y luchar dentro de un mundo patriarcal por la igualdad de g\u00e9nero.<\/p>\n\n\n\n<p>\u00abIntuitivamente siempre he pensado que puedo hacer lo mismo que el hombre, no es que seamos iguales hombres y mujeres, pero tenemos las mismas oportunidades\u00bb, asegura Quezada. Su experiencia personal la ha llevado a una reflexi\u00f3n profunda acerca del trabajo y el arte de las mujeres como agente de cambio, en donde la creatividad feminista se muestra como una herramienta para poder expresar lo mismo que por muchos a\u00f1os ha expresado el hombre: el desnudo.<\/p>\n\n\n\n<p>Para Fabiola Quezada la oportunidad de desnudar a un hombre con los ojos ha sido un desaf\u00edo. \u00abHa sido dif\u00edcil, porque nadie me entiende, falta esa visi\u00f3n. Es muy dif\u00edcil que entiendan desnudos masculinos hechos por mujeres... y para m\u00ed es sumamente importante, porque para un hombre exponer a una mujer desnuda es muy normal, pero para una mujer, desde el contactar al modelo hombre se vuelve complicado\u00bb, dice la pintora, quien se ha enfrentado no s\u00f3lo a los tab\u00faes sociales y a la falta de visi\u00f3n del papel de la mujer en el mundo del arte, sino tambi\u00e9n a la falta de seguridad que puede implicar el realizar sus bocetos con un modelo en vivo.<\/p>\n\n\n\n<p>Pero estos desaf\u00edos han construido su identidad como artista con obras en el pasado con contenido social y pol\u00edtico, que hoy la llevan a ver de manera m\u00e1s consciente esos lienzos de m\u00e1s de un metro donde la flores toman un papel protag\u00f3nico y muestran la parte m\u00e1s \u00edntima de la figura masculina con mensajes impl\u00edcitos fuertes, corroborando que un artista dice m\u00e1s en su obra de lo que quiere decir.<\/p>\n\n\n\n<div style=\"height:12px\" aria-hidden=\"true\" class=\"wp-block-spacer\"><\/div>\n\n\n<div class=\"wp-block-image\">\n<figure class=\"aligncenter size-full\"><img loading=\"lazy\" decoding=\"async\" width=\"800\" height=\"363\" src=\"https:\/\/puntodincontro.mx\/wp-content\/uploads\/2024\/08\/fabiolaquesadafoto.webp\" alt=\"\" class=\"wp-image-20221\" srcset=\"https:\/\/puntodincontro.mx\/wp-content\/uploads\/2024\/08\/fabiolaquesadafoto.webp 800w, https:\/\/puntodincontro.mx\/wp-content\/uploads\/2024\/08\/fabiolaquesadafoto-300x136.webp 300w, https:\/\/puntodincontro.mx\/wp-content\/uploads\/2024\/08\/fabiolaquesadafoto-768x348.webp 768w, https:\/\/puntodincontro.mx\/wp-content\/uploads\/2024\/08\/fabiolaquesadafoto-18x8.webp 18w\" sizes=\"(max-width: 800px) 100vw, 800px\" \/><\/figure><\/div>\n\n\n<div style=\"height:6px\" aria-hidden=\"true\" class=\"wp-block-spacer\"><\/div>\n\n\n\n<p class=\"has-text-align-center has-small-font-size\">Foto: Fabiola Quezada<\/p>\n\n\n\n<div style=\"height:12px\" aria-hidden=\"true\" class=\"wp-block-spacer\"><\/div>\n\n\n<!-- Ad space powered by WP AdCenter v2.5.7 - https:\/\/wpadcenter.com\/ --><div class=\"wpadcenter-adgroup\" ><div class=\"wpadcenter-adgroup__row wpadcenter-aligncenter\"><div class=\"wpadcenter-ad-container\" ><div id=\"wpadcenter-ad-18464\" class=\"ad-placement\"><div class=\"wpadcenter-ad-inner\" ><a id=\"wpadcenter_ad\" data-value=\"18464\" data-placement=\"\" href=\"https:\/\/www.productosremo.com\/\" target=\"_blank\" class=\"wpadcenter-ad-inner__item\" ><img decoding=\"async\"   src=\"https:\/\/puntodincontro.mx\/wp-content\/uploads\/2021\/08\/remobanner.jpg\" class=\"attachment-post-thumbnail size-post-thumbnail wp-post-image\" alt=\"\" srcset=\"https:\/\/puntodincontro.mx\/wp-content\/uploads\/2021\/08\/remobanner.jpg 200w, https:\/\/puntodincontro.mx\/wp-content\/uploads\/2021\/08\/remobanner-16x5.jpg 16w\" sizes=\"(max-width: 200px) 100vw, 200px\" \/><\/a><\/div><\/div><\/div><div class=\"wpadcenter-ad-container\" ><div id=\"wpadcenter-ad-5305\" class=\"ad-placement\"><div class=\"wpadcenter-ad-inner\" ><a id=\"wpadcenter_ad\" data-value=\"5305\" data-placement=\"\" href=\"https:\/\/ambcittadelmessico.esteri.it\/ambasciata_cittadelmessico\/it\/\" target=\"_blank\" class=\"wpadcenter-ad-inner__item\" ><img decoding=\"async\"   src=\"https:\/\/puntodincontro.mx\/wp-content\/uploads\/2022\/05\/Ambasciata.jpg\" class=\"attachment-post-thumbnail size-post-thumbnail wp-post-image\" alt=\"\" srcset=\"https:\/\/puntodincontro.mx\/wp-content\/uploads\/2022\/05\/Ambasciata.jpg 200w, https:\/\/puntodincontro.mx\/wp-content\/uploads\/2022\/05\/Ambasciata-18x5.jpg 18w\" sizes=\"(max-width: 200px) 100vw, 200px\" \/><\/a><\/div><\/div><\/div><div class=\"wpadcenter-ad-container\" ><div id=\"wpadcenter-ad-3781\" class=\"ad-placement\"><div class=\"wpadcenter-ad-inner\" ><a id=\"wpadcenter_ad\" data-value=\"3781\" data-placement=\"\" href=\"https:\/\/cannizzo.com.mx\/\" target=\"_blank\" class=\"wpadcenter-ad-inner__item\" ><img decoding=\"async\"   src=\"https:\/\/puntodincontro.mx\/wp-content\/uploads\/2022\/03\/cannizzo2.jpg\" class=\"attachment-post-thumbnail size-post-thumbnail wp-post-image\" alt=\"\" srcset=\"https:\/\/puntodincontro.mx\/wp-content\/uploads\/2022\/03\/cannizzo2.jpg 200w, https:\/\/puntodincontro.mx\/wp-content\/uploads\/2022\/03\/cannizzo2-18x5.jpg 18w\" sizes=\"(max-width: 200px) 100vw, 200px\" \/><\/a><\/div><\/div><\/div><\/div><div class=\"wpadcenter-adgroup__row wpadcenter-aligncenter\"><div class=\"wpadcenter-ad-container\" ><div id=\"wpadcenter-ad-1704\" class=\"ad-placement\"><div class=\"wpadcenter-ad-inner\" ><a id=\"wpadcenter_ad\" data-value=\"1704\" data-placement=\"\" href=\"https:\/\/puntodincontro.mx\/es\/2021\/12\/24\/inps-verificacion-de-supervivencia-de-los-pensionados-en-el-extranjero\/\" target=\"_blank\" class=\"wpadcenter-ad-inner__item\" ><img decoding=\"async\"   src=\"https:\/\/puntodincontro.mx\/wp-content\/uploads\/2021\/11\/logo-ital.jpg\" class=\"attachment-post-thumbnail size-post-thumbnail wp-post-image\" alt=\"Patronato ITAL Messico\" srcset=\"https:\/\/puntodincontro.mx\/wp-content\/uploads\/2021\/11\/logo-ital.jpg 200w, https:\/\/puntodincontro.mx\/wp-content\/uploads\/2021\/11\/logo-ital-16x5.jpg 16w\" sizes=\"(max-width: 200px) 100vw, 200px\" \/><\/a><\/div><\/div><\/div><div class=\"wpadcenter-ad-container\" ><div id=\"wpadcenter-ad-1538\" class=\"ad-placement\"><div class=\"wpadcenter-ad-inner\" ><a id=\"wpadcenter_ad\" data-value=\"1538\" data-placement=\"\" href=\"https:\/\/asociacionitaliana.org\/\" target=\"_blank\" class=\"wpadcenter-ad-inner__item\" ><img decoding=\"async\"   src=\"https:\/\/puntodincontro.mx\/wp-content\/uploads\/2021\/11\/aialogo.jpg\" class=\"attachment-post-thumbnail size-post-thumbnail wp-post-image\" alt=\"Associazione Italiana di Assistenza IAP\" srcset=\"https:\/\/puntodincontro.mx\/wp-content\/uploads\/2021\/11\/aialogo.jpg 200w, https:\/\/puntodincontro.mx\/wp-content\/uploads\/2021\/11\/aialogo-18x5.jpg 18w\" sizes=\"(max-width: 200px) 100vw, 200px\" \/><\/a><\/div><\/div><\/div><div class=\"wpadcenter-ad-container\" ><div id=\"wpadcenter-ad-1513\" class=\"ad-placement\"><div class=\"wpadcenter-ad-inner\" ><a id=\"wpadcenter_ad\" data-value=\"1513\" data-placement=\"\" href=\"https:\/\/gcinmuebles.mx\" target=\"_blank\" class=\"wpadcenter-ad-inner__item\" ><img decoding=\"async\"   src=\"https:\/\/puntodincontro.mx\/wp-content\/uploads\/2021\/10\/gcinmuebleslogopunto-1.jpg\" class=\"attachment-post-thumbnail size-post-thumbnail wp-post-image\" alt=\"\" srcset=\"https:\/\/puntodincontro.mx\/wp-content\/uploads\/2021\/10\/gcinmuebleslogopunto-1.jpg 200w, https:\/\/puntodincontro.mx\/wp-content\/uploads\/2021\/10\/gcinmuebleslogopunto-1-18x5.jpg 18w\" sizes=\"(max-width: 200px) 100vw, 200px\" \/><\/a><\/div><\/div><\/div><\/div><div class=\"wpadcenter-adgroup__row wpadcenter-aligncenter\"><div class=\"wpadcenter-ad-container\" ><div id=\"wpadcenter-ad-1374\" class=\"ad-placement\"><div class=\"wpadcenter-ad-inner\" ><a id=\"wpadcenter_ad\" data-value=\"1374\" data-placement=\"\" href=\"https:\/\/www.9colonne.it\/\" target=\"_blank\" class=\"wpadcenter-ad-inner__item\" ><img decoding=\"async\"   src=\"https:\/\/puntodincontro.mx\/wp-content\/uploads\/2021\/10\/Banner9colonne.gif\" class=\"attachment-post-thumbnail size-post-thumbnail wp-post-image\" alt=\"\" \/><\/a><\/div><\/div><\/div><div class=\"wpadcenter-ad-container\" ><div id=\"wpadcenter-ad-276\" class=\"ad-placement\"><div class=\"wpadcenter-ad-inner\" ><a id=\"wpadcenter_ad\" data-value=\"276\" data-placement=\"\" href=\"http:\/\/www.camaraitaliana.mx\/\" target=\"_blank\" class=\"wpadcenter-ad-inner__item\" ><img decoding=\"async\"   src=\"https:\/\/puntodincontro.mx\/wp-content\/uploads\/2021\/08\/ccimnuovo.jpg\" class=\"attachment-post-thumbnail size-post-thumbnail wp-post-image\" alt=\"\" srcset=\"https:\/\/puntodincontro.mx\/wp-content\/uploads\/2021\/08\/ccimnuovo.jpg 200w, https:\/\/puntodincontro.mx\/wp-content\/uploads\/2021\/08\/ccimnuovo-18x5.jpg 18w\" sizes=\"(max-width: 200px) 100vw, 200px\" \/><\/a><\/div><\/div><\/div><div class=\"wpadcenter-ad-container\" ><div id=\"wpadcenter-ad-272\" class=\"ad-placement\"><div class=\"wpadcenter-ad-inner\" ><a id=\"wpadcenter_ad\" data-value=\"272\" data-placement=\"\" href=\"http:\/\/corix.us\/\" target=\"_blank\" class=\"wpadcenter-ad-inner__item\" ><img decoding=\"async\"   src=\"https:\/\/puntodincontro.mx\/wp-content\/uploads\/2021\/08\/corixbanner-1.jpg\" class=\"attachment-post-thumbnail size-post-thumbnail wp-post-image\" alt=\"\" srcset=\"https:\/\/puntodincontro.mx\/wp-content\/uploads\/2021\/08\/corixbanner-1.jpg 200w, https:\/\/puntodincontro.mx\/wp-content\/uploads\/2021\/08\/corixbanner-1-16x5.jpg 16w\" sizes=\"(max-width: 200px) 100vw, 200px\" \/><\/a><\/div><\/div><\/div><\/div><div class=\"wpadcenter-adgroup__row wpadcenter-aligncenter\"><div class=\"wpadcenter-ad-container\" ><div id=\"wpadcenter-ad-266\" class=\"ad-placement\"><div class=\"wpadcenter-ad-inner\" ><a id=\"wpadcenter_ad\" data-value=\"266\" data-placement=\"\" href=\"https:\/\/www.prinsel.com.mx\/\" target=\"_blank\" class=\"wpadcenter-ad-inner__item\" ><img decoding=\"async\"   src=\"https:\/\/puntodincontro.mx\/wp-content\/uploads\/2021\/08\/prinselbanner-1.jpg\" class=\"attachment-post-thumbnail size-post-thumbnail wp-post-image\" alt=\"\" srcset=\"https:\/\/puntodincontro.mx\/wp-content\/uploads\/2021\/08\/prinselbanner-1.jpg 200w, https:\/\/puntodincontro.mx\/wp-content\/uploads\/2021\/08\/prinselbanner-1-16x5.jpg 16w\" sizes=\"(max-width: 200px) 100vw, 200px\" \/><\/a><\/div><\/div><\/div><div class=\"wpadcenter-ad-container\" ><div id=\"wpadcenter-ad-261\" class=\"ad-placement\"><div class=\"wpadcenter-ad-inner\" ><a id=\"wpadcenter_ad\" data-value=\"261\" data-placement=\"\" href=\"https:\/\/faitalia.com.mx\/\" target=\"_blank\" class=\"wpadcenter-ad-inner__item\" ><img decoding=\"async\"   src=\"https:\/\/puntodincontro.mx\/wp-content\/uploads\/2021\/08\/gruppodino.jpg\" class=\"attachment-post-thumbnail size-post-thumbnail wp-post-image\" alt=\"\" srcset=\"https:\/\/puntodincontro.mx\/wp-content\/uploads\/2021\/08\/gruppodino.jpg 200w, https:\/\/puntodincontro.mx\/wp-content\/uploads\/2021\/08\/gruppodino-18x5.jpg 18w\" sizes=\"(max-width: 200px) 100vw, 200px\" \/><\/a><\/div><\/div><\/div><\/div><\/div>\n\n\n<div style=\"height:12px\" aria-hidden=\"true\" class=\"wp-block-spacer\"><\/div>","protected":false},"excerpt":{"rendered":"<p>Di Sara Carrillo Reid Ore 09.48 &#8211; Fabiola Quezada, l&#8217;artista messicana vincitrice nel 2004 del Premio della Civica Galleria d&#8217;Arte Contemporanea di Lissone, in Lombardia, \u00e8 tornata sulla scena artistica italiana con la mostra L&#8217;uomo a nudo, in cui attraverso fotografie, acquerelli e dipinti ad olio ha esposto la vulnerabilit\u00e0 della figura maschile dal punto di vista femminile. La mostra si \u00e8 svolta dall&#8217;11 luglio al 7 agosto 2024 nell&#8217;ambito della manifestazione Il Messico a Milano: celebrando i 150 anni di relazioni diplomatiche con l&#8217;Italia organizzata dal Consolato del Paese latinoamericano nel capoluogo lombardo. In un&#8217;intervista della giornalista Sara Carrillo&#8230; <\/p>","protected":false},"author":2,"featured_media":20220,"comment_status":"open","ping_status":"open","sticky":false,"template":"","format":"standard","meta":{"_monsterinsights_skip_tracking":false,"_monsterinsights_sitenote_active":false,"_monsterinsights_sitenote_note":"","_monsterinsights_sitenote_category":0,"footnotes":""},"categories":[25],"tags":[],"class_list":["post-20215","post","type-post","status-publish","format-standard","has-post-thumbnail","hentry","category-cultura"],"yoast_head":"<!-- This site is optimized with the Yoast SEO Premium plugin v18.4 (Yoast SEO v25.6) - https:\/\/yoast.com\/wordpress\/plugins\/seo\/ -->\n<title>Fabiola Quezada, un&#039;artista in lotta per la parit\u00e0 di genere<\/title>\n<meta name=\"description\" content=\"L&#039;artista messicana Fabiola Quezada \u00e8 tornata sulla scena artistica italiana con la mostra di fotografie e dipinti \u201cL&#039;uomo a nudo\u201d.\" \/>\n<meta name=\"robots\" content=\"index, follow, max-snippet:-1, max-image-preview:large, max-video-preview:-1\" \/>\n<link rel=\"canonical\" href=\"https:\/\/puntodincontro.mx\/es\/2024\/08\/11\/fabiola-quezada-una-artista-que-lucha-por-la-paridad-de-genero2\/\" \/>\n<meta property=\"og:locale\" content=\"es_MX\" \/>\n<meta property=\"og:type\" content=\"article\" \/>\n<meta property=\"og:title\" content=\"Fabiola Quezada, un&#039;artista in lotta per la parit\u00e0 di genere\" \/>\n<meta property=\"og:description\" content=\"L&#039;artista messicana Fabiola Quezada \u00e8 tornata sulla scena artistica italiana con la mostra di fotografie e dipinti \u201cL&#039;uomo a nudo\u201d.\" \/>\n<meta property=\"og:url\" content=\"https:\/\/puntodincontro.mx\/es\/2024\/08\/11\/fabiola-quezada-una-artista-que-lucha-por-la-paridad-de-genero2\/\" \/>\n<meta property=\"og:site_name\" content=\"Puntodincontro\" \/>\n<meta property=\"article:publisher\" content=\"https:\/\/www.facebook.com\/puntodincontro.mx\" \/>\n<meta property=\"article:published_time\" content=\"2024-08-11T16:27:23+00:00\" \/>\n<meta property=\"article:modified_time\" content=\"2024-08-13T09:01:35+00:00\" \/>\n<meta property=\"og:image\" content=\"https:\/\/puntodincontro.mx\/wp-content\/uploads\/2024\/08\/fabiolaquezadacomp.jpg\" \/>\n\t<meta property=\"og:image:width\" content=\"932\" \/>\n\t<meta property=\"og:image:height\" content=\"488\" \/>\n\t<meta property=\"og:image:type\" content=\"image\/jpeg\" \/>\n<meta name=\"author\" content=\"Puntodincontro\" \/>\n<meta name=\"twitter:card\" content=\"summary_large_image\" \/>\n<meta name=\"twitter:creator\" content=\"@puntodincontro\" \/>\n<meta name=\"twitter:site\" content=\"@puntodincontro\" \/>\n<meta name=\"twitter:label1\" content=\"Escrito por\" \/>\n\t<meta name=\"twitter:data1\" content=\"Puntodincontro\" \/>\n\t<meta name=\"twitter:label2\" content=\"Tiempo de lectura\" \/>\n\t<meta name=\"twitter:data2\" content=\"2 minutos\" \/>\n<script type=\"application\/ld+json\" class=\"yoast-schema-graph\">{\"@context\":\"https:\/\/schema.org\",\"@graph\":[{\"@type\":\"NewsArticle\",\"@id\":\"https:\/\/puntodincontro.mx\/2024\/08\/11\/fabiola-quezada-unartista-in-lotta-per-la-parita-di-genere2\/#article\",\"isPartOf\":{\"@id\":\"https:\/\/puntodincontro.mx\/2024\/08\/11\/fabiola-quezada-unartista-in-lotta-per-la-parita-di-genere2\/\"},\"author\":{\"name\":\"Puntodincontro\",\"@id\":\"https:\/\/puntodincontro.mx\/#\/schema\/person\/d3066d18a16259cbb0c29b0d0e93b556\"},\"headline\":\"Fabiola Quezada, un&#8217;artista in lotta per la parit\u00e0 di genere\",\"datePublished\":\"2024-08-11T16:27:23+00:00\",\"dateModified\":\"2024-08-13T09:01:35+00:00\",\"mainEntityOfPage\":{\"@id\":\"https:\/\/puntodincontro.mx\/2024\/08\/11\/fabiola-quezada-unartista-in-lotta-per-la-parita-di-genere2\/\"},\"wordCount\":500,\"commentCount\":0,\"publisher\":{\"@id\":\"https:\/\/puntodincontro.mx\/#organization\"},\"image\":{\"@id\":\"https:\/\/puntodincontro.mx\/2024\/08\/11\/fabiola-quezada-unartista-in-lotta-per-la-parita-di-genere2\/#primaryimage\"},\"thumbnailUrl\":\"https:\/\/puntodincontro.mx\/wp-content\/uploads\/2024\/08\/fabiolaquezadavert.webp\",\"articleSection\":[\"Cultura\"],\"inLanguage\":\"es\",\"potentialAction\":[{\"@type\":\"CommentAction\",\"name\":\"Comment\",\"target\":[\"https:\/\/puntodincontro.mx\/2024\/08\/11\/fabiola-quezada-unartista-in-lotta-per-la-parita-di-genere2\/#respond\"]}]},{\"@type\":\"WebPage\",\"@id\":\"https:\/\/puntodincontro.mx\/2024\/08\/11\/fabiola-quezada-unartista-in-lotta-per-la-parita-di-genere2\/\",\"url\":\"https:\/\/puntodincontro.mx\/2024\/08\/11\/fabiola-quezada-unartista-in-lotta-per-la-parita-di-genere2\/\",\"name\":\"Fabiola Quezada, un'artista in lotta per la parit\u00e0 di genere\",\"isPartOf\":{\"@id\":\"https:\/\/puntodincontro.mx\/#website\"},\"primaryImageOfPage\":{\"@id\":\"https:\/\/puntodincontro.mx\/2024\/08\/11\/fabiola-quezada-unartista-in-lotta-per-la-parita-di-genere2\/#primaryimage\"},\"image\":{\"@id\":\"https:\/\/puntodincontro.mx\/2024\/08\/11\/fabiola-quezada-unartista-in-lotta-per-la-parita-di-genere2\/#primaryimage\"},\"thumbnailUrl\":\"https:\/\/puntodincontro.mx\/wp-content\/uploads\/2024\/08\/fabiolaquezadavert.webp\",\"datePublished\":\"2024-08-11T16:27:23+00:00\",\"dateModified\":\"2024-08-13T09:01:35+00:00\",\"description\":\"L'artista messicana Fabiola Quezada \u00e8 tornata sulla scena artistica italiana con la mostra di fotografie e dipinti \u201cL'uomo a nudo\u201d.\",\"breadcrumb\":{\"@id\":\"https:\/\/puntodincontro.mx\/2024\/08\/11\/fabiola-quezada-unartista-in-lotta-per-la-parita-di-genere2\/#breadcrumb\"},\"inLanguage\":\"es\",\"potentialAction\":[{\"@type\":\"ReadAction\",\"target\":[\"https:\/\/puntodincontro.mx\/2024\/08\/11\/fabiola-quezada-unartista-in-lotta-per-la-parita-di-genere2\/\"]}]},{\"@type\":\"ImageObject\",\"inLanguage\":\"es\",\"@id\":\"https:\/\/puntodincontro.mx\/2024\/08\/11\/fabiola-quezada-unartista-in-lotta-per-la-parita-di-genere2\/#primaryimage\",\"url\":\"https:\/\/puntodincontro.mx\/wp-content\/uploads\/2024\/08\/fabiolaquezadavert.webp\",\"contentUrl\":\"https:\/\/puntodincontro.mx\/wp-content\/uploads\/2024\/08\/fabiolaquezadavert.webp\",\"width\":423,\"height\":488,\"caption\":\"Fabiola Quezada, un'artista in lotta per la parit\u00e0 di genere \/ Foto: Fabiola Quezada\"},{\"@type\":\"BreadcrumbList\",\"@id\":\"https:\/\/puntodincontro.mx\/2024\/08\/11\/fabiola-quezada-unartista-in-lotta-per-la-parita-di-genere2\/#breadcrumb\",\"itemListElement\":[{\"@type\":\"ListItem\",\"position\":1,\"name\":\"Home\",\"item\":\"https:\/\/puntodincontro.mx\/\"},{\"@type\":\"ListItem\",\"position\":2,\"name\":\"Fabiola Quezada, un&#8217;artista in lotta per la parit\u00e0 di genere\"}]},{\"@type\":\"WebSite\",\"@id\":\"https:\/\/puntodincontro.mx\/#website\",\"url\":\"https:\/\/puntodincontro.mx\/\",\"name\":\"Puntodincontro\",\"description\":\"Dal 2006 notizie sui rapporti Italia-Messico \/ Desde 2006 noticias sobre las relaciones entre Italia y M\u00e9xico\",\"publisher\":{\"@id\":\"https:\/\/puntodincontro.mx\/#organization\"},\"potentialAction\":[{\"@type\":\"SearchAction\",\"target\":{\"@type\":\"EntryPoint\",\"urlTemplate\":\"https:\/\/puntodincontro.mx\/?s={search_term_string}\"},\"query-input\":{\"@type\":\"PropertyValueSpecification\",\"valueRequired\":true,\"valueName\":\"search_term_string\"}}],\"inLanguage\":\"es\"},{\"@type\":\"Organization\",\"@id\":\"https:\/\/puntodincontro.mx\/#organization\",\"name\":\"Puntodincontro\",\"url\":\"https:\/\/puntodincontro.mx\/\",\"logo\":{\"@type\":\"ImageObject\",\"inLanguage\":\"es\",\"@id\":\"https:\/\/puntodincontro.mx\/#\/schema\/logo\/image\/\",\"url\":\"https:\/\/puntodincontro.mx\/wp-content\/uploads\/2021\/08\/Default-image-for-open-graph-settings.jpg\",\"contentUrl\":\"https:\/\/puntodincontro.mx\/wp-content\/uploads\/2021\/08\/Default-image-for-open-graph-settings.jpg\",\"width\":1200,\"height\":630,\"caption\":\"Puntodincontro\"},\"image\":{\"@id\":\"https:\/\/puntodincontro.mx\/#\/schema\/logo\/image\/\"},\"sameAs\":[\"https:\/\/www.facebook.com\/puntodincontro.mx\",\"https:\/\/x.com\/puntodincontro\",\"https:\/\/www.instagram.com\/puntodincontro.mx\/\",\"https:\/\/www.linkedin.com\/company\/puntodincontro\/\",\"https:\/\/www.youtube.com\/c\/puntodincontromessico\",\"https:\/\/www.patreon.com\/puntodincontro\",\"https:\/\/www.threads.net\/@puntodincontro.mx\"]},{\"@type\":\"Person\",\"@id\":\"https:\/\/puntodincontro.mx\/#\/schema\/person\/d3066d18a16259cbb0c29b0d0e93b556\",\"name\":\"Puntodincontro\",\"image\":{\"@type\":\"ImageObject\",\"inLanguage\":\"es\",\"@id\":\"https:\/\/puntodincontro.mx\/#\/schema\/person\/image\/\",\"url\":\"https:\/\/secure.gravatar.com\/avatar\/0e85b4b3b5e9d6bfcec6a4956d8cc63a?s=96&d=mm&r=g\",\"contentUrl\":\"https:\/\/secure.gravatar.com\/avatar\/0e85b4b3b5e9d6bfcec6a4956d8cc63a?s=96&d=mm&r=g\",\"caption\":\"Puntodincontro\"},\"url\":\"https:\/\/puntodincontro.mx\/es\/author\/puntodincontro\/\"}]}<\/script>\n<!-- \/ Yoast SEO Premium plugin. -->","yoast_head_json":{"title":"Fabiola Quezada, un'artista in lotta per la parit\u00e0 di genere","description":"L'artista messicana Fabiola Quezada \u00e8 tornata sulla scena artistica italiana con la mostra di fotografie e dipinti \u201cL'uomo a nudo\u201d.","robots":{"index":"index","follow":"follow","max-snippet":"max-snippet:-1","max-image-preview":"max-image-preview:large","max-video-preview":"max-video-preview:-1"},"canonical":"https:\/\/puntodincontro.mx\/es\/2024\/08\/11\/fabiola-quezada-una-artista-que-lucha-por-la-paridad-de-genero2\/","og_locale":"es_MX","og_type":"article","og_title":"Fabiola Quezada, un'artista in lotta per la parit\u00e0 di genere","og_description":"L'artista messicana Fabiola Quezada \u00e8 tornata sulla scena artistica italiana con la mostra di fotografie e dipinti \u201cL'uomo a nudo\u201d.","og_url":"https:\/\/puntodincontro.mx\/es\/2024\/08\/11\/fabiola-quezada-una-artista-que-lucha-por-la-paridad-de-genero2\/","og_site_name":"Puntodincontro","article_publisher":"https:\/\/www.facebook.com\/puntodincontro.mx","article_published_time":"2024-08-11T16:27:23+00:00","article_modified_time":"2024-08-13T09:01:35+00:00","og_image":[{"width":932,"height":488,"url":"https:\/\/puntodincontro.mx\/wp-content\/uploads\/2024\/08\/fabiolaquezadacomp.jpg","type":"image\/jpeg"}],"author":"Puntodincontro","twitter_card":"summary_large_image","twitter_creator":"@puntodincontro","twitter_site":"@puntodincontro","twitter_misc":{"Escrito por":"Puntodincontro","Tiempo de lectura":"2 minutos"},"schema":{"@context":"https:\/\/schema.org","@graph":[{"@type":"NewsArticle","@id":"https:\/\/puntodincontro.mx\/2024\/08\/11\/fabiola-quezada-unartista-in-lotta-per-la-parita-di-genere2\/#article","isPartOf":{"@id":"https:\/\/puntodincontro.mx\/2024\/08\/11\/fabiola-quezada-unartista-in-lotta-per-la-parita-di-genere2\/"},"author":{"name":"Puntodincontro","@id":"https:\/\/puntodincontro.mx\/#\/schema\/person\/d3066d18a16259cbb0c29b0d0e93b556"},"headline":"Fabiola Quezada, un&#8217;artista in lotta per la parit\u00e0 di genere","datePublished":"2024-08-11T16:27:23+00:00","dateModified":"2024-08-13T09:01:35+00:00","mainEntityOfPage":{"@id":"https:\/\/puntodincontro.mx\/2024\/08\/11\/fabiola-quezada-unartista-in-lotta-per-la-parita-di-genere2\/"},"wordCount":500,"commentCount":0,"publisher":{"@id":"https:\/\/puntodincontro.mx\/#organization"},"image":{"@id":"https:\/\/puntodincontro.mx\/2024\/08\/11\/fabiola-quezada-unartista-in-lotta-per-la-parita-di-genere2\/#primaryimage"},"thumbnailUrl":"https:\/\/puntodincontro.mx\/wp-content\/uploads\/2024\/08\/fabiolaquezadavert.webp","articleSection":["Cultura"],"inLanguage":"es","potentialAction":[{"@type":"CommentAction","name":"Comment","target":["https:\/\/puntodincontro.mx\/2024\/08\/11\/fabiola-quezada-unartista-in-lotta-per-la-parita-di-genere2\/#respond"]}]},{"@type":"WebPage","@id":"https:\/\/puntodincontro.mx\/2024\/08\/11\/fabiola-quezada-unartista-in-lotta-per-la-parita-di-genere2\/","url":"https:\/\/puntodincontro.mx\/2024\/08\/11\/fabiola-quezada-unartista-in-lotta-per-la-parita-di-genere2\/","name":"Fabiola Quezada, un'artista in lotta per la parit\u00e0 di genere","isPartOf":{"@id":"https:\/\/puntodincontro.mx\/#website"},"primaryImageOfPage":{"@id":"https:\/\/puntodincontro.mx\/2024\/08\/11\/fabiola-quezada-unartista-in-lotta-per-la-parita-di-genere2\/#primaryimage"},"image":{"@id":"https:\/\/puntodincontro.mx\/2024\/08\/11\/fabiola-quezada-unartista-in-lotta-per-la-parita-di-genere2\/#primaryimage"},"thumbnailUrl":"https:\/\/puntodincontro.mx\/wp-content\/uploads\/2024\/08\/fabiolaquezadavert.webp","datePublished":"2024-08-11T16:27:23+00:00","dateModified":"2024-08-13T09:01:35+00:00","description":"L'artista messicana Fabiola Quezada \u00e8 tornata sulla scena artistica italiana con la mostra di fotografie e dipinti \u201cL'uomo a nudo\u201d.","breadcrumb":{"@id":"https:\/\/puntodincontro.mx\/2024\/08\/11\/fabiola-quezada-unartista-in-lotta-per-la-parita-di-genere2\/#breadcrumb"},"inLanguage":"es","potentialAction":[{"@type":"ReadAction","target":["https:\/\/puntodincontro.mx\/2024\/08\/11\/fabiola-quezada-unartista-in-lotta-per-la-parita-di-genere2\/"]}]},{"@type":"ImageObject","inLanguage":"es","@id":"https:\/\/puntodincontro.mx\/2024\/08\/11\/fabiola-quezada-unartista-in-lotta-per-la-parita-di-genere2\/#primaryimage","url":"https:\/\/puntodincontro.mx\/wp-content\/uploads\/2024\/08\/fabiolaquezadavert.webp","contentUrl":"https:\/\/puntodincontro.mx\/wp-content\/uploads\/2024\/08\/fabiolaquezadavert.webp","width":423,"height":488,"caption":"Fabiola Quezada, un'artista in lotta per la parit\u00e0 di genere \/ Foto: Fabiola Quezada"},{"@type":"BreadcrumbList","@id":"https:\/\/puntodincontro.mx\/2024\/08\/11\/fabiola-quezada-unartista-in-lotta-per-la-parita-di-genere2\/#breadcrumb","itemListElement":[{"@type":"ListItem","position":1,"name":"Home","item":"https:\/\/puntodincontro.mx\/"},{"@type":"ListItem","position":2,"name":"Fabiola Quezada, un&#8217;artista in lotta per la parit\u00e0 di genere"}]},{"@type":"WebSite","@id":"https:\/\/puntodincontro.mx\/#website","url":"https:\/\/puntodincontro.mx\/","name":"Puntodincontro","description":"Desde el 2006 noticias sobre las relaciones entre Italia y M\u00e9xico \/ Dal 2006 notizie sui rapporti Italia-Messico","publisher":{"@id":"https:\/\/puntodincontro.mx\/#organization"},"potentialAction":[{"@type":"SearchAction","target":{"@type":"EntryPoint","urlTemplate":"https:\/\/puntodincontro.mx\/?s={search_term_string}"},"query-input":{"@type":"PropertyValueSpecification","valueRequired":true,"valueName":"search_term_string"}}],"inLanguage":"es"},{"@type":"Organization","@id":"https:\/\/puntodincontro.mx\/#organization","name":"Puntodincontro","url":"https:\/\/puntodincontro.mx\/","logo":{"@type":"ImageObject","inLanguage":"es","@id":"https:\/\/puntodincontro.mx\/#\/schema\/logo\/image\/","url":"https:\/\/puntodincontro.mx\/wp-content\/uploads\/2021\/08\/Default-image-for-open-graph-settings.jpg","contentUrl":"https:\/\/puntodincontro.mx\/wp-content\/uploads\/2021\/08\/Default-image-for-open-graph-settings.jpg","width":1200,"height":630,"caption":"Puntodincontro"},"image":{"@id":"https:\/\/puntodincontro.mx\/#\/schema\/logo\/image\/"},"sameAs":["https:\/\/www.facebook.com\/puntodincontro.mx","https:\/\/x.com\/puntodincontro","https:\/\/www.instagram.com\/puntodincontro.mx\/","https:\/\/www.linkedin.com\/company\/puntodincontro\/","https:\/\/www.youtube.com\/c\/puntodincontromessico","https:\/\/www.patreon.com\/puntodincontro","https:\/\/www.threads.net\/@puntodincontro.mx"]},{"@type":"Person","@id":"https:\/\/puntodincontro.mx\/#\/schema\/person\/d3066d18a16259cbb0c29b0d0e93b556","name":"Puntodincontro","image":{"@type":"ImageObject","inLanguage":"es","@id":"https:\/\/puntodincontro.mx\/#\/schema\/person\/image\/","url":"https:\/\/secure.gravatar.com\/avatar\/0e85b4b3b5e9d6bfcec6a4956d8cc63a?s=96&d=mm&r=g","contentUrl":"https:\/\/secure.gravatar.com\/avatar\/0e85b4b3b5e9d6bfcec6a4956d8cc63a?s=96&d=mm&r=g","caption":"Puntodincontro"},"url":"https:\/\/puntodincontro.mx\/es\/author\/puntodincontro\/"}]}},"_links":{"self":[{"href":"https:\/\/puntodincontro.mx\/es\/wp-json\/wp\/v2\/posts\/20215"}],"collection":[{"href":"https:\/\/puntodincontro.mx\/es\/wp-json\/wp\/v2\/posts"}],"about":[{"href":"https:\/\/puntodincontro.mx\/es\/wp-json\/wp\/v2\/types\/post"}],"author":[{"embeddable":true,"href":"https:\/\/puntodincontro.mx\/es\/wp-json\/wp\/v2\/users\/2"}],"replies":[{"embeddable":true,"href":"https:\/\/puntodincontro.mx\/es\/wp-json\/wp\/v2\/comments?post=20215"}],"version-history":[{"count":8,"href":"https:\/\/puntodincontro.mx\/es\/wp-json\/wp\/v2\/posts\/20215\/revisions"}],"predecessor-version":[{"id":20237,"href":"https:\/\/puntodincontro.mx\/es\/wp-json\/wp\/v2\/posts\/20215\/revisions\/20237"}],"wp:featuredmedia":[{"embeddable":true,"href":"https:\/\/puntodincontro.mx\/es\/wp-json\/wp\/v2\/media\/20220"}],"wp:attachment":[{"href":"https:\/\/puntodincontro.mx\/es\/wp-json\/wp\/v2\/media?parent=20215"}],"wp:term":[{"taxonomy":"category","embeddable":true,"href":"https:\/\/puntodincontro.mx\/es\/wp-json\/wp\/v2\/categories?post=20215"},{"taxonomy":"post_tag","embeddable":true,"href":"https:\/\/puntodincontro.mx\/es\/wp-json\/wp\/v2\/tags?post=20215"}],"curies":[{"name":"wp","href":"https:\/\/api.w.org\/{rel}","templated":true}]}}