{"id":20309,"date":"2024-08-27T09:21:53","date_gmt":"2024-08-27T14:21:53","guid":{"rendered":"https:\/\/puntodincontro.mx\/?p=20309"},"modified":"2024-08-27T09:26:05","modified_gmt":"2024-08-27T14:26:05","slug":"si-rinnova-il-personale-dellambasciata-ditalia-in-messico","status":"publish","type":"post","link":"https:\/\/puntodincontro.mx\/es\/2024\/08\/27\/si-rinnova-il-personale-dellambasciata-ditalia-in-messico\/","title":{"rendered":"Se renueva el personal de la Embajada de Italia en M\u00e9xico"},"content":{"rendered":"<p class=\"translation-block\"><strong>04:14 hrs.<\/strong> - El embajador de Italia en M\u00e9xico, Alessandro Modiano, present\u00f3 ante un grupo de funcionarios del gobierno federal, organismos internacionales y miembros de la comunidad italiana local, a los consejeros Gianpaolo Neri y Valentina Valente, quienes han pasado a formar parte del equipo de representaci\u00f3n diplom\u00e1tica, respectivamente responsables para las actividades pol\u00edticas y el despacho econ\u00f3mico-comercial.<\/p>\n\n\n\n<p>El evento fue tambi\u00e9n una oportunidad para despedir a Tommaso Coniglio, que regresa a Roma despu\u00e9s de haber ocupado el cargo de jefe adjunto de misi\u00f3n durante cuatro a\u00f1os.<\/p>\n\n\n\n<p>\u00abEs un momento recurrente y dif\u00edcil en nuestra vida como diplom\u00e1ticos\u00bb \u2014dijo el embajador\u2014 \u00abya que en esta ocasi\u00f3n debemos despedirnos de Tommaso Coniglio, que ha sido un colaborador muy valioso desde mi llegada hace siete meses y a quien deseo mucho \u00e9xito en sus futuras responsabilidades\u00bb.<\/p>\n\n\n\n<p>\u00abDamos una calurosa bienvenida a Gianpaolo Neri, a quien conozco desde hace mucho tiempo, un funcionario con una trayectoria importante. Estoy absolutamente optimista y creo que juntos llevaremos a cabo un trabajo fruct\u00edfero\u00bb.<\/p>\n\n\n\n<p>\u00abTambi\u00e9n nos complace dar la bienvenida a Valentina Valente, la nueva responsable de la oficina comercial en sustituci\u00f3n de Giovanna Mariotto. He tenido el placer de conocerla tambi\u00e9n desde hace varios a\u00f1os\u00bb.<\/p>\n\n\n\n<p>\u00abPara ambos ser\u00e1 un reto importante sustituir a personas que han dejado una huella muy positiva en este equipo\u00bb, concluy\u00f3 Modiano.<\/p>\n\n\n\n<p class=\"has-small-font-size\">Foto: Puntodincontro<\/p>\n\n\n\n<div style=\"height:12px\" aria-hidden=\"true\" class=\"wp-block-spacer\"><\/div>\n\n\n<!-- Ad space powered by WP AdCenter v2.5.7 - https:\/\/wpadcenter.com\/ --><div class=\"wpadcenter-adgroup\" ><div class=\"wpadcenter-adgroup__row wpadcenter-aligncenter\"><div class=\"wpadcenter-ad-container\" ><div id=\"wpadcenter-ad-18464\" class=\"ad-placement\"><div class=\"wpadcenter-ad-inner\" ><a id=\"wpadcenter_ad\" data-value=\"18464\" data-placement=\"\" href=\"https:\/\/www.productosremo.com\/\" target=\"_blank\" class=\"wpadcenter-ad-inner__item\" ><img decoding=\"async\"   src=\"https:\/\/puntodincontro.mx\/wp-content\/uploads\/2021\/08\/remobanner.jpg\" class=\"attachment-post-thumbnail size-post-thumbnail wp-post-image\" alt=\"\" srcset=\"https:\/\/puntodincontro.mx\/wp-content\/uploads\/2021\/08\/remobanner.jpg 200w, https:\/\/puntodincontro.mx\/wp-content\/uploads\/2021\/08\/remobanner-16x5.jpg 16w\" sizes=\"(max-width: 200px) 100vw, 200px\" \/><\/a><\/div><\/div><\/div><div class=\"wpadcenter-ad-container\" ><div id=\"wpadcenter-ad-5305\" class=\"ad-placement\"><div class=\"wpadcenter-ad-inner\" ><a id=\"wpadcenter_ad\" data-value=\"5305\" data-placement=\"\" href=\"https:\/\/ambcittadelmessico.esteri.it\/ambasciata_cittadelmessico\/it\/\" target=\"_blank\" class=\"wpadcenter-ad-inner__item\" ><img decoding=\"async\"   src=\"https:\/\/puntodincontro.mx\/wp-content\/uploads\/2022\/05\/Ambasciata.jpg\" class=\"attachment-post-thumbnail size-post-thumbnail wp-post-image\" alt=\"\" srcset=\"https:\/\/puntodincontro.mx\/wp-content\/uploads\/2022\/05\/Ambasciata.jpg 200w, https:\/\/puntodincontro.mx\/wp-content\/uploads\/2022\/05\/Ambasciata-18x5.jpg 18w\" sizes=\"(max-width: 200px) 100vw, 200px\" \/><\/a><\/div><\/div><\/div><div class=\"wpadcenter-ad-container\" ><div id=\"wpadcenter-ad-3781\" class=\"ad-placement\"><div class=\"wpadcenter-ad-inner\" ><a id=\"wpadcenter_ad\" data-value=\"3781\" data-placement=\"\" href=\"https:\/\/cannizzo.com.mx\/\" target=\"_blank\" class=\"wpadcenter-ad-inner__item\" ><img decoding=\"async\"   src=\"https:\/\/puntodincontro.mx\/wp-content\/uploads\/2022\/03\/cannizzo2.jpg\" class=\"attachment-post-thumbnail size-post-thumbnail wp-post-image\" alt=\"\" srcset=\"https:\/\/puntodincontro.mx\/wp-content\/uploads\/2022\/03\/cannizzo2.jpg 200w, https:\/\/puntodincontro.mx\/wp-content\/uploads\/2022\/03\/cannizzo2-18x5.jpg 18w\" sizes=\"(max-width: 200px) 100vw, 200px\" \/><\/a><\/div><\/div><\/div><\/div><div class=\"wpadcenter-adgroup__row wpadcenter-aligncenter\"><div class=\"wpadcenter-ad-container\" ><div id=\"wpadcenter-ad-1704\" class=\"ad-placement\"><div class=\"wpadcenter-ad-inner\" ><a id=\"wpadcenter_ad\" data-value=\"1704\" data-placement=\"\" href=\"https:\/\/puntodincontro.mx\/es\/2021\/12\/24\/inps-verificacion-de-supervivencia-de-los-pensionados-en-el-extranjero\/\" target=\"_blank\" class=\"wpadcenter-ad-inner__item\" ><img decoding=\"async\"   src=\"https:\/\/puntodincontro.mx\/wp-content\/uploads\/2021\/11\/logo-ital.jpg\" class=\"attachment-post-thumbnail size-post-thumbnail wp-post-image\" alt=\"Patronato ITAL Messico\" srcset=\"https:\/\/puntodincontro.mx\/wp-content\/uploads\/2021\/11\/logo-ital.jpg 200w, https:\/\/puntodincontro.mx\/wp-content\/uploads\/2021\/11\/logo-ital-16x5.jpg 16w\" sizes=\"(max-width: 200px) 100vw, 200px\" \/><\/a><\/div><\/div><\/div><div class=\"wpadcenter-ad-container\" ><div id=\"wpadcenter-ad-1538\" class=\"ad-placement\"><div class=\"wpadcenter-ad-inner\" ><a id=\"wpadcenter_ad\" data-value=\"1538\" data-placement=\"\" href=\"https:\/\/asociacionitaliana.org\/\" target=\"_blank\" class=\"wpadcenter-ad-inner__item\" ><img decoding=\"async\"   src=\"https:\/\/puntodincontro.mx\/wp-content\/uploads\/2021\/11\/aialogo.jpg\" class=\"attachment-post-thumbnail size-post-thumbnail wp-post-image\" alt=\"Associazione Italiana di Assistenza IAP\" srcset=\"https:\/\/puntodincontro.mx\/wp-content\/uploads\/2021\/11\/aialogo.jpg 200w, https:\/\/puntodincontro.mx\/wp-content\/uploads\/2021\/11\/aialogo-18x5.jpg 18w\" sizes=\"(max-width: 200px) 100vw, 200px\" \/><\/a><\/div><\/div><\/div><div class=\"wpadcenter-ad-container\" ><div id=\"wpadcenter-ad-1513\" class=\"ad-placement\"><div class=\"wpadcenter-ad-inner\" ><a id=\"wpadcenter_ad\" data-value=\"1513\" data-placement=\"\" href=\"https:\/\/gcinmuebles.mx\" target=\"_blank\" class=\"wpadcenter-ad-inner__item\" ><img decoding=\"async\"   src=\"https:\/\/puntodincontro.mx\/wp-content\/uploads\/2021\/10\/gcinmuebleslogopunto-1.jpg\" class=\"attachment-post-thumbnail size-post-thumbnail wp-post-image\" alt=\"\" srcset=\"https:\/\/puntodincontro.mx\/wp-content\/uploads\/2021\/10\/gcinmuebleslogopunto-1.jpg 200w, https:\/\/puntodincontro.mx\/wp-content\/uploads\/2021\/10\/gcinmuebleslogopunto-1-18x5.jpg 18w\" sizes=\"(max-width: 200px) 100vw, 200px\" \/><\/a><\/div><\/div><\/div><\/div><div class=\"wpadcenter-adgroup__row wpadcenter-aligncenter\"><div class=\"wpadcenter-ad-container\" ><div id=\"wpadcenter-ad-1374\" class=\"ad-placement\"><div class=\"wpadcenter-ad-inner\" ><a id=\"wpadcenter_ad\" data-value=\"1374\" data-placement=\"\" href=\"https:\/\/www.9colonne.it\/\" target=\"_blank\" class=\"wpadcenter-ad-inner__item\" ><img decoding=\"async\"   src=\"https:\/\/puntodincontro.mx\/wp-content\/uploads\/2021\/10\/Banner9colonne.gif\" class=\"attachment-post-thumbnail size-post-thumbnail wp-post-image\" alt=\"\" \/><\/a><\/div><\/div><\/div><div class=\"wpadcenter-ad-container\" ><div id=\"wpadcenter-ad-276\" class=\"ad-placement\"><div class=\"wpadcenter-ad-inner\" ><a id=\"wpadcenter_ad\" data-value=\"276\" data-placement=\"\" href=\"http:\/\/www.camaraitaliana.mx\/\" target=\"_blank\" class=\"wpadcenter-ad-inner__item\" ><img decoding=\"async\"   src=\"https:\/\/puntodincontro.mx\/wp-content\/uploads\/2021\/08\/ccimnuovo.jpg\" class=\"attachment-post-thumbnail size-post-thumbnail wp-post-image\" alt=\"\" srcset=\"https:\/\/puntodincontro.mx\/wp-content\/uploads\/2021\/08\/ccimnuovo.jpg 200w, https:\/\/puntodincontro.mx\/wp-content\/uploads\/2021\/08\/ccimnuovo-18x5.jpg 18w\" sizes=\"(max-width: 200px) 100vw, 200px\" \/><\/a><\/div><\/div><\/div><div class=\"wpadcenter-ad-container\" ><div id=\"wpadcenter-ad-272\" class=\"ad-placement\"><div class=\"wpadcenter-ad-inner\" ><a id=\"wpadcenter_ad\" data-value=\"272\" data-placement=\"\" href=\"http:\/\/corix.us\/\" target=\"_blank\" class=\"wpadcenter-ad-inner__item\" ><img decoding=\"async\"   src=\"https:\/\/puntodincontro.mx\/wp-content\/uploads\/2021\/08\/corixbanner-1.jpg\" class=\"attachment-post-thumbnail size-post-thumbnail wp-post-image\" alt=\"\" srcset=\"https:\/\/puntodincontro.mx\/wp-content\/uploads\/2021\/08\/corixbanner-1.jpg 200w, https:\/\/puntodincontro.mx\/wp-content\/uploads\/2021\/08\/corixbanner-1-16x5.jpg 16w\" sizes=\"(max-width: 200px) 100vw, 200px\" \/><\/a><\/div><\/div><\/div><\/div><div class=\"wpadcenter-adgroup__row wpadcenter-aligncenter\"><div class=\"wpadcenter-ad-container\" ><div id=\"wpadcenter-ad-266\" class=\"ad-placement\"><div class=\"wpadcenter-ad-inner\" ><a id=\"wpadcenter_ad\" data-value=\"266\" data-placement=\"\" href=\"https:\/\/www.prinsel.com.mx\/\" target=\"_blank\" class=\"wpadcenter-ad-inner__item\" ><img decoding=\"async\"   src=\"https:\/\/puntodincontro.mx\/wp-content\/uploads\/2021\/08\/prinselbanner-1.jpg\" class=\"attachment-post-thumbnail size-post-thumbnail wp-post-image\" alt=\"\" srcset=\"https:\/\/puntodincontro.mx\/wp-content\/uploads\/2021\/08\/prinselbanner-1.jpg 200w, https:\/\/puntodincontro.mx\/wp-content\/uploads\/2021\/08\/prinselbanner-1-16x5.jpg 16w\" sizes=\"(max-width: 200px) 100vw, 200px\" \/><\/a><\/div><\/div><\/div><div class=\"wpadcenter-ad-container\" ><div id=\"wpadcenter-ad-261\" class=\"ad-placement\"><div class=\"wpadcenter-ad-inner\" ><a id=\"wpadcenter_ad\" data-value=\"261\" data-placement=\"\" href=\"https:\/\/faitalia.com.mx\/\" target=\"_blank\" class=\"wpadcenter-ad-inner__item\" ><img decoding=\"async\"   src=\"https:\/\/puntodincontro.mx\/wp-content\/uploads\/2021\/08\/gruppodino.jpg\" class=\"attachment-post-thumbnail size-post-thumbnail wp-post-image\" alt=\"\" srcset=\"https:\/\/puntodincontro.mx\/wp-content\/uploads\/2021\/08\/gruppodino.jpg 200w, https:\/\/puntodincontro.mx\/wp-content\/uploads\/2021\/08\/gruppodino-18x5.jpg 18w\" sizes=\"(max-width: 200px) 100vw, 200px\" \/><\/a><\/div><\/div><\/div><\/div><\/div>","protected":false},"excerpt":{"rendered":"<p>Ore 04.14 &#8211; L&#8217;ambasciatore d&#8217;Italia in Messico, Alessandro Modiano, ha presentato ad un gruppo di funzionari del governo federale, delle organizzazioni internazionali e di membri della comunit\u00e0 italiana locale i consiglieri Gianpaolo Neri e Valentina Valente, che sono giunti a far parte della squadra di rappresentanza diplomatica, rispettivamente responsabili delle attivit\u00e0 politiche e dell&#8217;ufficio economico-commerciale. L&#8217;evento \u00e8 stato anche l&#8217;occasione per salutare Tommaso Coniglio, che rientra a Roma dopo aver ricoperto per quattro anni la carica di vice capo missione. \u00ab\u00c8 un momento ricorrente e difficile nella nostra vita di diplomatici\u00bb \u2014ha detto l&#8217;ambasciatore\u2014 \u00abpoich\u00e9 in questa occasione dobbiamo accomiatarci&#8230; <\/p>","protected":false},"author":2,"featured_media":20313,"comment_status":"open","ping_status":"open","sticky":false,"template":"","format":"standard","meta":{"_monsterinsights_skip_tracking":false,"_monsterinsights_sitenote_active":false,"_monsterinsights_sitenote_note":"","_monsterinsights_sitenote_category":0,"footnotes":""},"categories":[4],"tags":[],"class_list":["post-20309","post","type-post","status-publish","format-standard","has-post-thumbnail","hentry","category-italia-in-messico"],"yoast_head":"<!-- This site is optimized with the Yoast SEO Premium plugin v18.4 (Yoast SEO v25.6) - https:\/\/yoast.com\/wordpress\/plugins\/seo\/ -->\n<title>Si rinnova il personale dell&#039;Ambasciata d&#039;Italia in Messico<\/title>\n<meta name=\"description\" content=\"L\u2019ambasciatore d&#039;Italia in Messico, Alessandro Modiano, ha presentato i consiglieri Gianpaolo Neri e Valentina Valente.\" \/>\n<meta name=\"robots\" content=\"index, follow, max-snippet:-1, max-image-preview:large, max-video-preview:-1\" \/>\n<link rel=\"canonical\" href=\"https:\/\/puntodincontro.mx\/es\/2024\/08\/27\/si-rinnova-il-personale-dellambasciata-ditalia-in-messico\/\" \/>\n<meta property=\"og:locale\" content=\"es_MX\" \/>\n<meta property=\"og:type\" content=\"article\" \/>\n<meta property=\"og:title\" content=\"Si rinnova il personale dell&#039;Ambasciata d&#039;Italia in Messico\" \/>\n<meta property=\"og:description\" content=\"L\u2019ambasciatore d&#039;Italia in Messico, Alessandro Modiano, ha presentato i consiglieri Gianpaolo Neri e Valentina Valente.\" \/>\n<meta property=\"og:url\" content=\"https:\/\/puntodincontro.mx\/es\/2024\/08\/27\/si-rinnova-il-personale-dellambasciata-ditalia-in-messico\/\" \/>\n<meta property=\"og:site_name\" content=\"Puntodincontro\" \/>\n<meta property=\"article:publisher\" content=\"https:\/\/www.facebook.com\/puntodincontro.mx\" \/>\n<meta property=\"article:published_time\" content=\"2024-08-27T14:21:53+00:00\" \/>\n<meta property=\"article:modified_time\" content=\"2024-08-27T14:26:05+00:00\" \/>\n<meta property=\"og:image\" content=\"https:\/\/puntodincontro.mx\/wp-content\/uploads\/2024\/08\/personaleambasciatacomp.jpg\" \/>\n\t<meta property=\"og:image:width\" content=\"932\" \/>\n\t<meta property=\"og:image:height\" content=\"488\" \/>\n\t<meta property=\"og:image:type\" content=\"image\/jpeg\" \/>\n<meta name=\"author\" content=\"Puntodincontro\" \/>\n<meta name=\"twitter:card\" content=\"summary_large_image\" \/>\n<meta name=\"twitter:creator\" content=\"@puntodincontro\" \/>\n<meta name=\"twitter:site\" content=\"@puntodincontro\" \/>\n<meta name=\"twitter:label1\" content=\"Escrito por\" \/>\n\t<meta name=\"twitter:data1\" content=\"Puntodincontro\" \/>\n\t<meta name=\"twitter:label2\" content=\"Tiempo de lectura\" \/>\n\t<meta name=\"twitter:data2\" content=\"1 minuto\" \/>\n<script type=\"application\/ld+json\" class=\"yoast-schema-graph\">{\"@context\":\"https:\/\/schema.org\",\"@graph\":[{\"@type\":\"NewsArticle\",\"@id\":\"https:\/\/puntodincontro.mx\/2024\/08\/27\/si-rinnova-il-personale-dellambasciata-ditalia-in-messico\/#article\",\"isPartOf\":{\"@id\":\"https:\/\/puntodincontro.mx\/2024\/08\/27\/si-rinnova-il-personale-dellambasciata-ditalia-in-messico\/\"},\"author\":{\"name\":\"Puntodincontro\",\"@id\":\"https:\/\/puntodincontro.mx\/#\/schema\/person\/d3066d18a16259cbb0c29b0d0e93b556\"},\"headline\":\"Si rinnova il personale dell&#8217;Ambasciata d&#8217;Italia in Messico\",\"datePublished\":\"2024-08-27T14:21:53+00:00\",\"dateModified\":\"2024-08-27T14:26:05+00:00\",\"mainEntityOfPage\":{\"@id\":\"https:\/\/puntodincontro.mx\/2024\/08\/27\/si-rinnova-il-personale-dellambasciata-ditalia-in-messico\/\"},\"wordCount\":221,\"commentCount\":0,\"publisher\":{\"@id\":\"https:\/\/puntodincontro.mx\/#organization\"},\"image\":{\"@id\":\"https:\/\/puntodincontro.mx\/2024\/08\/27\/si-rinnova-il-personale-dellambasciata-ditalia-in-messico\/#primaryimage\"},\"thumbnailUrl\":\"https:\/\/puntodincontro.mx\/wp-content\/uploads\/2024\/08\/personaleambasciatavert.webp\",\"articleSection\":[\"Italia in Messico\"],\"inLanguage\":\"es\",\"potentialAction\":[{\"@type\":\"CommentAction\",\"name\":\"Comment\",\"target\":[\"https:\/\/puntodincontro.mx\/2024\/08\/27\/si-rinnova-il-personale-dellambasciata-ditalia-in-messico\/#respond\"]}]},{\"@type\":\"WebPage\",\"@id\":\"https:\/\/puntodincontro.mx\/2024\/08\/27\/si-rinnova-il-personale-dellambasciata-ditalia-in-messico\/\",\"url\":\"https:\/\/puntodincontro.mx\/2024\/08\/27\/si-rinnova-il-personale-dellambasciata-ditalia-in-messico\/\",\"name\":\"Si rinnova il personale dell'Ambasciata d'Italia in Messico\",\"isPartOf\":{\"@id\":\"https:\/\/puntodincontro.mx\/#website\"},\"primaryImageOfPage\":{\"@id\":\"https:\/\/puntodincontro.mx\/2024\/08\/27\/si-rinnova-il-personale-dellambasciata-ditalia-in-messico\/#primaryimage\"},\"image\":{\"@id\":\"https:\/\/puntodincontro.mx\/2024\/08\/27\/si-rinnova-il-personale-dellambasciata-ditalia-in-messico\/#primaryimage\"},\"thumbnailUrl\":\"https:\/\/puntodincontro.mx\/wp-content\/uploads\/2024\/08\/personaleambasciatavert.webp\",\"datePublished\":\"2024-08-27T14:21:53+00:00\",\"dateModified\":\"2024-08-27T14:26:05+00:00\",\"description\":\"L\u2019ambasciatore d'Italia in Messico, Alessandro Modiano, ha presentato i consiglieri Gianpaolo Neri e Valentina Valente.\",\"breadcrumb\":{\"@id\":\"https:\/\/puntodincontro.mx\/2024\/08\/27\/si-rinnova-il-personale-dellambasciata-ditalia-in-messico\/#breadcrumb\"},\"inLanguage\":\"es\",\"potentialAction\":[{\"@type\":\"ReadAction\",\"target\":[\"https:\/\/puntodincontro.mx\/2024\/08\/27\/si-rinnova-il-personale-dellambasciata-ditalia-in-messico\/\"]}]},{\"@type\":\"ImageObject\",\"inLanguage\":\"es\",\"@id\":\"https:\/\/puntodincontro.mx\/2024\/08\/27\/si-rinnova-il-personale-dellambasciata-ditalia-in-messico\/#primaryimage\",\"url\":\"https:\/\/puntodincontro.mx\/wp-content\/uploads\/2024\/08\/personaleambasciatavert.webp\",\"contentUrl\":\"https:\/\/puntodincontro.mx\/wp-content\/uploads\/2024\/08\/personaleambasciatavert.webp\",\"width\":423,\"height\":488,\"caption\":\"Si rinnova il personale dell'Ambasciata d'Italia in Messico \/ Foto: Puntodincontro\"},{\"@type\":\"BreadcrumbList\",\"@id\":\"https:\/\/puntodincontro.mx\/2024\/08\/27\/si-rinnova-il-personale-dellambasciata-ditalia-in-messico\/#breadcrumb\",\"itemListElement\":[{\"@type\":\"ListItem\",\"position\":1,\"name\":\"Home\",\"item\":\"https:\/\/puntodincontro.mx\/\"},{\"@type\":\"ListItem\",\"position\":2,\"name\":\"Si rinnova il personale dell&#8217;Ambasciata d&#8217;Italia in Messico\"}]},{\"@type\":\"WebSite\",\"@id\":\"https:\/\/puntodincontro.mx\/#website\",\"url\":\"https:\/\/puntodincontro.mx\/\",\"name\":\"Puntodincontro\",\"description\":\"Dal 2006 notizie sui rapporti Italia-Messico \/ Desde 2006 noticias sobre las relaciones entre Italia y M\u00e9xico\",\"publisher\":{\"@id\":\"https:\/\/puntodincontro.mx\/#organization\"},\"potentialAction\":[{\"@type\":\"SearchAction\",\"target\":{\"@type\":\"EntryPoint\",\"urlTemplate\":\"https:\/\/puntodincontro.mx\/?s={search_term_string}\"},\"query-input\":{\"@type\":\"PropertyValueSpecification\",\"valueRequired\":true,\"valueName\":\"search_term_string\"}}],\"inLanguage\":\"es\"},{\"@type\":\"Organization\",\"@id\":\"https:\/\/puntodincontro.mx\/#organization\",\"name\":\"Puntodincontro\",\"url\":\"https:\/\/puntodincontro.mx\/\",\"logo\":{\"@type\":\"ImageObject\",\"inLanguage\":\"es\",\"@id\":\"https:\/\/puntodincontro.mx\/#\/schema\/logo\/image\/\",\"url\":\"https:\/\/puntodincontro.mx\/wp-content\/uploads\/2021\/08\/Default-image-for-open-graph-settings.jpg\",\"contentUrl\":\"https:\/\/puntodincontro.mx\/wp-content\/uploads\/2021\/08\/Default-image-for-open-graph-settings.jpg\",\"width\":1200,\"height\":630,\"caption\":\"Puntodincontro\"},\"image\":{\"@id\":\"https:\/\/puntodincontro.mx\/#\/schema\/logo\/image\/\"},\"sameAs\":[\"https:\/\/www.facebook.com\/puntodincontro.mx\",\"https:\/\/x.com\/puntodincontro\",\"https:\/\/www.instagram.com\/puntodincontro.mx\/\",\"https:\/\/www.linkedin.com\/company\/puntodincontro\/\",\"https:\/\/www.youtube.com\/c\/puntodincontromessico\",\"https:\/\/www.patreon.com\/puntodincontro\",\"https:\/\/www.threads.net\/@puntodincontro.mx\"]},{\"@type\":\"Person\",\"@id\":\"https:\/\/puntodincontro.mx\/#\/schema\/person\/d3066d18a16259cbb0c29b0d0e93b556\",\"name\":\"Puntodincontro\",\"image\":{\"@type\":\"ImageObject\",\"inLanguage\":\"es\",\"@id\":\"https:\/\/puntodincontro.mx\/#\/schema\/person\/image\/\",\"url\":\"https:\/\/secure.gravatar.com\/avatar\/0e85b4b3b5e9d6bfcec6a4956d8cc63a?s=96&d=mm&r=g\",\"contentUrl\":\"https:\/\/secure.gravatar.com\/avatar\/0e85b4b3b5e9d6bfcec6a4956d8cc63a?s=96&d=mm&r=g\",\"caption\":\"Puntodincontro\"},\"url\":\"https:\/\/puntodincontro.mx\/es\/author\/puntodincontro\/\"}]}<\/script>\n<!-- \/ Yoast SEO Premium plugin. -->","yoast_head_json":{"title":"Si rinnova il personale dell'Ambasciata d'Italia in Messico","description":"L\u2019ambasciatore d'Italia in Messico, Alessandro Modiano, ha presentato i consiglieri Gianpaolo Neri e Valentina Valente.","robots":{"index":"index","follow":"follow","max-snippet":"max-snippet:-1","max-image-preview":"max-image-preview:large","max-video-preview":"max-video-preview:-1"},"canonical":"https:\/\/puntodincontro.mx\/es\/2024\/08\/27\/si-rinnova-il-personale-dellambasciata-ditalia-in-messico\/","og_locale":"es_MX","og_type":"article","og_title":"Si rinnova il personale dell'Ambasciata d'Italia in Messico","og_description":"L\u2019ambasciatore d'Italia in Messico, Alessandro Modiano, ha presentato i consiglieri Gianpaolo Neri e Valentina Valente.","og_url":"https:\/\/puntodincontro.mx\/es\/2024\/08\/27\/si-rinnova-il-personale-dellambasciata-ditalia-in-messico\/","og_site_name":"Puntodincontro","article_publisher":"https:\/\/www.facebook.com\/puntodincontro.mx","article_published_time":"2024-08-27T14:21:53+00:00","article_modified_time":"2024-08-27T14:26:05+00:00","og_image":[{"width":932,"height":488,"url":"https:\/\/puntodincontro.mx\/wp-content\/uploads\/2024\/08\/personaleambasciatacomp.jpg","type":"image\/jpeg"}],"author":"Puntodincontro","twitter_card":"summary_large_image","twitter_creator":"@puntodincontro","twitter_site":"@puntodincontro","twitter_misc":{"Escrito por":"Puntodincontro","Tiempo de lectura":"1 minuto"},"schema":{"@context":"https:\/\/schema.org","@graph":[{"@type":"NewsArticle","@id":"https:\/\/puntodincontro.mx\/2024\/08\/27\/si-rinnova-il-personale-dellambasciata-ditalia-in-messico\/#article","isPartOf":{"@id":"https:\/\/puntodincontro.mx\/2024\/08\/27\/si-rinnova-il-personale-dellambasciata-ditalia-in-messico\/"},"author":{"name":"Puntodincontro","@id":"https:\/\/puntodincontro.mx\/#\/schema\/person\/d3066d18a16259cbb0c29b0d0e93b556"},"headline":"Si rinnova il personale dell&#8217;Ambasciata d&#8217;Italia in Messico","datePublished":"2024-08-27T14:21:53+00:00","dateModified":"2024-08-27T14:26:05+00:00","mainEntityOfPage":{"@id":"https:\/\/puntodincontro.mx\/2024\/08\/27\/si-rinnova-il-personale-dellambasciata-ditalia-in-messico\/"},"wordCount":221,"commentCount":0,"publisher":{"@id":"https:\/\/puntodincontro.mx\/#organization"},"image":{"@id":"https:\/\/puntodincontro.mx\/2024\/08\/27\/si-rinnova-il-personale-dellambasciata-ditalia-in-messico\/#primaryimage"},"thumbnailUrl":"https:\/\/puntodincontro.mx\/wp-content\/uploads\/2024\/08\/personaleambasciatavert.webp","articleSection":["Italia in Messico"],"inLanguage":"es","potentialAction":[{"@type":"CommentAction","name":"Comment","target":["https:\/\/puntodincontro.mx\/2024\/08\/27\/si-rinnova-il-personale-dellambasciata-ditalia-in-messico\/#respond"]}]},{"@type":"WebPage","@id":"https:\/\/puntodincontro.mx\/2024\/08\/27\/si-rinnova-il-personale-dellambasciata-ditalia-in-messico\/","url":"https:\/\/puntodincontro.mx\/2024\/08\/27\/si-rinnova-il-personale-dellambasciata-ditalia-in-messico\/","name":"Si rinnova il personale dell'Ambasciata d'Italia in Messico","isPartOf":{"@id":"https:\/\/puntodincontro.mx\/#website"},"primaryImageOfPage":{"@id":"https:\/\/puntodincontro.mx\/2024\/08\/27\/si-rinnova-il-personale-dellambasciata-ditalia-in-messico\/#primaryimage"},"image":{"@id":"https:\/\/puntodincontro.mx\/2024\/08\/27\/si-rinnova-il-personale-dellambasciata-ditalia-in-messico\/#primaryimage"},"thumbnailUrl":"https:\/\/puntodincontro.mx\/wp-content\/uploads\/2024\/08\/personaleambasciatavert.webp","datePublished":"2024-08-27T14:21:53+00:00","dateModified":"2024-08-27T14:26:05+00:00","description":"L\u2019ambasciatore d'Italia in Messico, Alessandro Modiano, ha presentato i consiglieri Gianpaolo Neri e Valentina Valente.","breadcrumb":{"@id":"https:\/\/puntodincontro.mx\/2024\/08\/27\/si-rinnova-il-personale-dellambasciata-ditalia-in-messico\/#breadcrumb"},"inLanguage":"es","potentialAction":[{"@type":"ReadAction","target":["https:\/\/puntodincontro.mx\/2024\/08\/27\/si-rinnova-il-personale-dellambasciata-ditalia-in-messico\/"]}]},{"@type":"ImageObject","inLanguage":"es","@id":"https:\/\/puntodincontro.mx\/2024\/08\/27\/si-rinnova-il-personale-dellambasciata-ditalia-in-messico\/#primaryimage","url":"https:\/\/puntodincontro.mx\/wp-content\/uploads\/2024\/08\/personaleambasciatavert.webp","contentUrl":"https:\/\/puntodincontro.mx\/wp-content\/uploads\/2024\/08\/personaleambasciatavert.webp","width":423,"height":488,"caption":"Si rinnova il personale dell'Ambasciata d'Italia in Messico \/ Foto: Puntodincontro"},{"@type":"BreadcrumbList","@id":"https:\/\/puntodincontro.mx\/2024\/08\/27\/si-rinnova-il-personale-dellambasciata-ditalia-in-messico\/#breadcrumb","itemListElement":[{"@type":"ListItem","position":1,"name":"Home","item":"https:\/\/puntodincontro.mx\/"},{"@type":"ListItem","position":2,"name":"Si rinnova il personale dell&#8217;Ambasciata d&#8217;Italia in Messico"}]},{"@type":"WebSite","@id":"https:\/\/puntodincontro.mx\/#website","url":"https:\/\/puntodincontro.mx\/","name":"Puntodincontro","description":"Desde el 2006 noticias sobre las relaciones entre Italia y M\u00e9xico \/ Dal 2006 notizie sui rapporti Italia-Messico","publisher":{"@id":"https:\/\/puntodincontro.mx\/#organization"},"potentialAction":[{"@type":"SearchAction","target":{"@type":"EntryPoint","urlTemplate":"https:\/\/puntodincontro.mx\/?s={search_term_string}"},"query-input":{"@type":"PropertyValueSpecification","valueRequired":true,"valueName":"search_term_string"}}],"inLanguage":"es"},{"@type":"Organization","@id":"https:\/\/puntodincontro.mx\/#organization","name":"Puntodincontro","url":"https:\/\/puntodincontro.mx\/","logo":{"@type":"ImageObject","inLanguage":"es","@id":"https:\/\/puntodincontro.mx\/#\/schema\/logo\/image\/","url":"https:\/\/puntodincontro.mx\/wp-content\/uploads\/2021\/08\/Default-image-for-open-graph-settings.jpg","contentUrl":"https:\/\/puntodincontro.mx\/wp-content\/uploads\/2021\/08\/Default-image-for-open-graph-settings.jpg","width":1200,"height":630,"caption":"Puntodincontro"},"image":{"@id":"https:\/\/puntodincontro.mx\/#\/schema\/logo\/image\/"},"sameAs":["https:\/\/www.facebook.com\/puntodincontro.mx","https:\/\/x.com\/puntodincontro","https:\/\/www.instagram.com\/puntodincontro.mx\/","https:\/\/www.linkedin.com\/company\/puntodincontro\/","https:\/\/www.youtube.com\/c\/puntodincontromessico","https:\/\/www.patreon.com\/puntodincontro","https:\/\/www.threads.net\/@puntodincontro.mx"]},{"@type":"Person","@id":"https:\/\/puntodincontro.mx\/#\/schema\/person\/d3066d18a16259cbb0c29b0d0e93b556","name":"Puntodincontro","image":{"@type":"ImageObject","inLanguage":"es","@id":"https:\/\/puntodincontro.mx\/#\/schema\/person\/image\/","url":"https:\/\/secure.gravatar.com\/avatar\/0e85b4b3b5e9d6bfcec6a4956d8cc63a?s=96&d=mm&r=g","contentUrl":"https:\/\/secure.gravatar.com\/avatar\/0e85b4b3b5e9d6bfcec6a4956d8cc63a?s=96&d=mm&r=g","caption":"Puntodincontro"},"url":"https:\/\/puntodincontro.mx\/es\/author\/puntodincontro\/"}]}},"_links":{"self":[{"href":"https:\/\/puntodincontro.mx\/es\/wp-json\/wp\/v2\/posts\/20309"}],"collection":[{"href":"https:\/\/puntodincontro.mx\/es\/wp-json\/wp\/v2\/posts"}],"about":[{"href":"https:\/\/puntodincontro.mx\/es\/wp-json\/wp\/v2\/types\/post"}],"author":[{"embeddable":true,"href":"https:\/\/puntodincontro.mx\/es\/wp-json\/wp\/v2\/users\/2"}],"replies":[{"embeddable":true,"href":"https:\/\/puntodincontro.mx\/es\/wp-json\/wp\/v2\/comments?post=20309"}],"version-history":[{"count":4,"href":"https:\/\/puntodincontro.mx\/es\/wp-json\/wp\/v2\/posts\/20309\/revisions"}],"predecessor-version":[{"id":20315,"href":"https:\/\/puntodincontro.mx\/es\/wp-json\/wp\/v2\/posts\/20309\/revisions\/20315"}],"wp:featuredmedia":[{"embeddable":true,"href":"https:\/\/puntodincontro.mx\/es\/wp-json\/wp\/v2\/media\/20313"}],"wp:attachment":[{"href":"https:\/\/puntodincontro.mx\/es\/wp-json\/wp\/v2\/media?parent=20309"}],"wp:term":[{"taxonomy":"category","embeddable":true,"href":"https:\/\/puntodincontro.mx\/es\/wp-json\/wp\/v2\/categories?post=20309"},{"taxonomy":"post_tag","embeddable":true,"href":"https:\/\/puntodincontro.mx\/es\/wp-json\/wp\/v2\/tags?post=20309"}],"curies":[{"name":"wp","href":"https:\/\/api.w.org\/{rel}","templated":true}]}}