{"id":21029,"date":"2024-11-27T17:08:33","date_gmt":"2024-11-27T23:08:33","guid":{"rendered":"https:\/\/puntodincontro.mx\/?p=21029"},"modified":"2024-11-27T17:08:34","modified_gmt":"2024-11-27T23:08:34","slug":"ciudad-de-mexico-dos-artistas-italianos-en-la-exposicion-the-b-project","status":"publish","type":"post","link":"https:\/\/puntodincontro.mx\/es\/2024\/11\/27\/citta-del-messico-due-artisti-italiani-alla-mostra-the-b-project\/","title":{"rendered":"Ciudad de M\u00e9xico, dos artistas italianos en la exposici\u00f3n 'The B Project'"},"content":{"rendered":"<p class=\"translation-block\"><strong>15:57 hrs.<\/strong> - <em>The B Project<\/em> es la nueva exposici\u00f3n que podr\u00e1 ser visitada del 28 de noviembre al 1 de diciembre en la ic\u00f3nica <em>Casa del Atrio<\/em> en la Ciudad de M\u00e9xico, dise\u00f1ada por el arquitecto Antonio Attolini Lack.<\/p>\n\n\n\n<p>L&#8217;iniziativa \u00e8 coordinata da Galer\u00eda Errante, uno spazio espositivo nomade fondato nel 2015 da Alessandra Migliano, gallerista e curatrice italo-messicana che \u00e8 riuscita a incorporare grandi nomi dell\u2019arte internazionale nel corso della sua carriera.<\/p>\n\n\n\n<p>En la residencia se expondr\u00e1n las obras de diversos artistas, con la letra B en com\u00fan, como Betsabe\u00e9 Romero, Barry Wolfryd, el italo-estadounidense Bradley Narduzzi y los italianos Fabrizio Bonvicini y Benito Macerata.<\/p>\n\n\n\n<p>Macerata estar\u00e1 presente con obras que fusionan la pintura y la experimentaci\u00f3n con materiales. Ya dise\u00f1ador de moda para numerosas marcas, tras la presentaci\u00f3n de su historia art\u00edstica en la exclusiva Columbus Citizens Foundation de Nueva York y la exposici\u00f3n de sus creaciones en Dubai, Macerata ha iniciado una fruct\u00edfera colaboraci\u00f3n con Alpemare de Forte dei Marmi, propiedad de la familia de Andrea Bocelli.<\/p>\n\n\n\n<p>\u00abEsta oportunidad en M\u00e9xico es como la cereza en el pastel que concluye este hermoso a\u00f1o a nivel art\u00edstico, con la fant\u00e1stica experiencia con la familia Bocelli y su grupo de trabajo y la renovaci\u00f3n de la colaboraci\u00f3n para el pr\u00f3ximo a\u00f1o. As\u00ed cerramos una temporada fant\u00e1stica para mi crecimiento art\u00edstico. La satisfacci\u00f3n es enorme, con varias colaboraciones y mucha atenci\u00f3n y solicitudes de galer\u00edas internacionales. Adem\u00e1s de a la familia Bocelli, tambi\u00e9n agradezco a la Columbus Citizens Foundation las espl\u00e9ndidas oportunidades y posibilidades que me ha abierto en el mercado estadounidense. Ahora viene M\u00e9xico donde expondr\u00e9 pinturas en papel hecho a mano de una f\u00e1brica de papel en Fabriano, en las que inserto formas, encajes y trozos de cuero para componer mis obras\u00bb, dijo el artista en una entrevista con la agencia Adnkronos.<\/p>\n\n\n\n<p>El otro artista italiano presente ser\u00e1 Fabrizio Bonvicini, para quien la madera es un asunto de democracia.<\/p>\n\n\n\n<p>En comparaci\u00f3n con los metales o las piedras preciosas, este material est\u00e1 ampliamente disponible en la naturaleza y responde a las necesidades de muchos.<\/p>\n\n\n\n<p>Fabrizio crea utilizando diferentes t\u00e9cnicas, seg\u00fan la fase de trabajo y el tipo de objetivo: la motosierra para reducir el tama\u00f1o, el cincel, el cortador de dentista para las piezas m\u00e1s diminutas, las sierras japonesas forjadas a mano para obtener piezas geom\u00e9tricas, y toneladas de lijas.<\/p>\n\n\n\n<p>Influenciado por todo lo que lo rodea, desde la arquitectura hasta las formas abstractas, su mayor inspiraci\u00f3n proviene de la naturaleza y el efecto del viento y la lluvia en las rocas, una lenta y corrosiva acci\u00f3n de sedimentaci\u00f3n y estratificaci\u00f3n que representa la eternidad del tiempo en la materia.<\/p>\n\n\n\n<p>Y as\u00ed sus joyas se convierten en fuerza y energ\u00eda natural, una condensaci\u00f3n de agentes atmosf\u00e9ricos juntos, encerrados en peque\u00f1as esculturas que viven simb\u00f3licamente como amuletos, cargadas de fuerzas naturales y espirituales.<\/p>\n\n\n\n<p>En su vida Fabrizio ha dise\u00f1ado decoraci\u00f3n para el hogar, accesorios de moda y ha realizado investigaciones.<\/p>\n\n\n\n<p>Al alcanzar la madurez, decidi\u00f3 darse cuenta de lo que realmente le importa: producir joyas, eligiendo un material inusual como la madera, sin seguir la moda, sino simplemente investigando la forma y la armon\u00eda.<\/p>\n\n\n\n<p class=\"translation-block\">La exposici\u00f3n <em>The B Project<\/em> ser\u00e1 inaugurada el jueves 28 de noviembre de 2024 a las 5 pm en la <em>Casa del Atrio<\/em> de la Ciudad de M\u00e9xico, Campestre 20, San \u00c1ngel Inn y podr\u00e1 visitarse hasta el 1\u00ba de diciembre.<\/p>\n\n\n\n<div style=\"height:12px\" aria-hidden=\"true\" class=\"wp-block-spacer\"><\/div>\n\n\n<div class=\"wp-block-image\">\n<figure class=\"aligncenter size-full\"><img loading=\"lazy\" decoding=\"async\" width=\"600\" height=\"600\" src=\"https:\/\/puntodincontro.mx\/wp-content\/uploads\/2024\/11\/brojectpuntofoto.webp\" alt=\"\" class=\"wp-image-21041\" srcset=\"https:\/\/puntodincontro.mx\/wp-content\/uploads\/2024\/11\/brojectpuntofoto.webp 600w, https:\/\/puntodincontro.mx\/wp-content\/uploads\/2024\/11\/brojectpuntofoto-300x300.webp 300w, https:\/\/puntodincontro.mx\/wp-content\/uploads\/2024\/11\/brojectpuntofoto-150x150.webp 150w, https:\/\/puntodincontro.mx\/wp-content\/uploads\/2024\/11\/brojectpuntofoto-12x12.webp 12w\" sizes=\"(max-width: 600px) 100vw, 600px\" \/><\/figure><\/div>\n\n\n<div style=\"height:6px\" aria-hidden=\"true\" class=\"wp-block-spacer\"><\/div>\n\n\n\n<p class=\"has-text-align-center has-small-font-size\">Foto e immagini: Galer\u00eda Errante<\/p>\n\n\n\n<div style=\"height:12px\" aria-hidden=\"true\" class=\"wp-block-spacer\"><\/div>\n\n\n<!-- Ad space powered by WP AdCenter v2.5.7 - https:\/\/wpadcenter.com\/ --><div class=\"wpadcenter-adgroup\" ><div class=\"wpadcenter-adgroup__row wpadcenter-aligncenter\"><div class=\"wpadcenter-ad-container\" ><div id=\"wpadcenter-ad-18464\" class=\"ad-placement\"><div class=\"wpadcenter-ad-inner\" ><a id=\"wpadcenter_ad\" data-value=\"18464\" data-placement=\"\" href=\"https:\/\/www.productosremo.com\/\" target=\"_blank\" class=\"wpadcenter-ad-inner__item\" ><img decoding=\"async\"   src=\"https:\/\/puntodincontro.mx\/wp-content\/uploads\/2021\/08\/remobanner.jpg\" class=\"attachment-post-thumbnail size-post-thumbnail wp-post-image\" alt=\"\" srcset=\"https:\/\/puntodincontro.mx\/wp-content\/uploads\/2021\/08\/remobanner.jpg 200w, https:\/\/puntodincontro.mx\/wp-content\/uploads\/2021\/08\/remobanner-16x5.jpg 16w\" sizes=\"(max-width: 200px) 100vw, 200px\" \/><\/a><\/div><\/div><\/div><div class=\"wpadcenter-ad-container\" ><div id=\"wpadcenter-ad-5305\" class=\"ad-placement\"><div class=\"wpadcenter-ad-inner\" ><a id=\"wpadcenter_ad\" data-value=\"5305\" data-placement=\"\" href=\"https:\/\/faitalia.com.mx\/\" target=\"_blank\" class=\"wpadcenter-ad-inner__item\" ><img decoding=\"async\"   src=\"https:\/\/puntodincontro.mx\/wp-content\/uploads\/2022\/05\/gruppodino.jpg\" class=\"attachment-post-thumbnail size-post-thumbnail wp-post-image\" alt=\"\" srcset=\"https:\/\/puntodincontro.mx\/wp-content\/uploads\/2022\/05\/gruppodino.jpg 200w, https:\/\/puntodincontro.mx\/wp-content\/uploads\/2022\/05\/gruppodino-18x5.jpg 18w\" sizes=\"(max-width: 200px) 100vw, 200px\" \/><\/a><\/div><\/div><\/div><div class=\"wpadcenter-ad-container\" ><div id=\"wpadcenter-ad-3781\" class=\"ad-placement\"><div class=\"wpadcenter-ad-inner\" ><a id=\"wpadcenter_ad\" data-value=\"3781\" data-placement=\"\" href=\"https:\/\/cannizzo.com.mx\/\" target=\"_blank\" class=\"wpadcenter-ad-inner__item\" ><img decoding=\"async\"   src=\"https:\/\/puntodincontro.mx\/wp-content\/uploads\/2022\/03\/cannizzo2.jpg\" class=\"attachment-post-thumbnail size-post-thumbnail wp-post-image\" alt=\"\" srcset=\"https:\/\/puntodincontro.mx\/wp-content\/uploads\/2022\/03\/cannizzo2.jpg 200w, https:\/\/puntodincontro.mx\/wp-content\/uploads\/2022\/03\/cannizzo2-18x5.jpg 18w\" sizes=\"(max-width: 200px) 100vw, 200px\" \/><\/a><\/div><\/div><\/div><\/div><div class=\"wpadcenter-adgroup__row wpadcenter-aligncenter\"><div class=\"wpadcenter-ad-container\" ><div id=\"wpadcenter-ad-1704\" class=\"ad-placement\"><div class=\"wpadcenter-ad-inner\" ><a id=\"wpadcenter_ad\" data-value=\"1704\" data-placement=\"\" href=\"https:\/\/puntodincontro.mx\/es\/2021\/12\/24\/inps-verificacion-de-supervivencia-de-los-pensionados-en-el-extranjero\/\" target=\"_blank\" class=\"wpadcenter-ad-inner__item\" ><img decoding=\"async\"   src=\"https:\/\/puntodincontro.mx\/wp-content\/uploads\/2021\/11\/logo-ital.jpg\" class=\"attachment-post-thumbnail size-post-thumbnail wp-post-image\" alt=\"Patronato ITAL Messico\" srcset=\"https:\/\/puntodincontro.mx\/wp-content\/uploads\/2021\/11\/logo-ital.jpg 200w, https:\/\/puntodincontro.mx\/wp-content\/uploads\/2021\/11\/logo-ital-16x5.jpg 16w\" sizes=\"(max-width: 200px) 100vw, 200px\" \/><\/a><\/div><\/div><\/div><div class=\"wpadcenter-ad-container\" ><div id=\"wpadcenter-ad-1538\" class=\"ad-placement\"><div class=\"wpadcenter-ad-inner\" ><a id=\"wpadcenter_ad\" data-value=\"1538\" data-placement=\"\" href=\"https:\/\/asociacionitaliana.org\/\" target=\"_blank\" class=\"wpadcenter-ad-inner__item\" ><img decoding=\"async\"   src=\"https:\/\/puntodincontro.mx\/wp-content\/uploads\/2021\/11\/aialogo.jpg\" class=\"attachment-post-thumbnail size-post-thumbnail wp-post-image\" alt=\"Associazione Italiana di Assistenza IAP\" srcset=\"https:\/\/puntodincontro.mx\/wp-content\/uploads\/2021\/11\/aialogo.jpg 200w, https:\/\/puntodincontro.mx\/wp-content\/uploads\/2021\/11\/aialogo-18x5.jpg 18w\" sizes=\"(max-width: 200px) 100vw, 200px\" \/><\/a><\/div><\/div><\/div><div class=\"wpadcenter-ad-container\" ><div id=\"wpadcenter-ad-1513\" class=\"ad-placement\"><div class=\"wpadcenter-ad-inner\" ><a id=\"wpadcenter_ad\" data-value=\"1513\" data-placement=\"\" href=\"https:\/\/gcinmuebles.mx\" target=\"_blank\" class=\"wpadcenter-ad-inner__item\" ><img decoding=\"async\"   src=\"https:\/\/puntodincontro.mx\/wp-content\/uploads\/2021\/10\/gcinmuebleslogopunto-1.jpg\" class=\"attachment-post-thumbnail size-post-thumbnail wp-post-image\" alt=\"\" srcset=\"https:\/\/puntodincontro.mx\/wp-content\/uploads\/2021\/10\/gcinmuebleslogopunto-1.jpg 200w, https:\/\/puntodincontro.mx\/wp-content\/uploads\/2021\/10\/gcinmuebleslogopunto-1-18x5.jpg 18w\" sizes=\"(max-width: 200px) 100vw, 200px\" \/><\/a><\/div><\/div><\/div><\/div><div class=\"wpadcenter-adgroup__row wpadcenter-aligncenter\"><div class=\"wpadcenter-ad-container\" ><div id=\"wpadcenter-ad-1374\" class=\"ad-placement\"><div class=\"wpadcenter-ad-inner\" ><a id=\"wpadcenter_ad\" data-value=\"1374\" data-placement=\"\" href=\"https:\/\/www.9colonne.it\/\" target=\"_blank\" class=\"wpadcenter-ad-inner__item\" ><img decoding=\"async\"   src=\"https:\/\/puntodincontro.mx\/wp-content\/uploads\/2021\/10\/Banner9colonne.gif\" class=\"attachment-post-thumbnail size-post-thumbnail wp-post-image\" alt=\"\" \/><\/a><\/div><\/div><\/div><div class=\"wpadcenter-ad-container\" ><div id=\"wpadcenter-ad-276\" class=\"ad-placement\"><div class=\"wpadcenter-ad-inner\" ><a id=\"wpadcenter_ad\" data-value=\"276\" data-placement=\"\" href=\"http:\/\/www.camaraitaliana.mx\/\" target=\"_blank\" class=\"wpadcenter-ad-inner__item\" ><img decoding=\"async\"   src=\"https:\/\/puntodincontro.mx\/wp-content\/uploads\/2021\/08\/ccimnuovo.jpg\" class=\"attachment-post-thumbnail size-post-thumbnail wp-post-image\" alt=\"\" srcset=\"https:\/\/puntodincontro.mx\/wp-content\/uploads\/2021\/08\/ccimnuovo.jpg 200w, https:\/\/puntodincontro.mx\/wp-content\/uploads\/2021\/08\/ccimnuovo-18x5.jpg 18w\" sizes=\"(max-width: 200px) 100vw, 200px\" \/><\/a><\/div><\/div><\/div><div class=\"wpadcenter-ad-container\" ><div id=\"wpadcenter-ad-272\" class=\"ad-placement\"><div class=\"wpadcenter-ad-inner\" ><a id=\"wpadcenter_ad\" data-value=\"272\" data-placement=\"\" href=\"http:\/\/corix.us\/\" target=\"_blank\" class=\"wpadcenter-ad-inner__item\" ><img decoding=\"async\"   src=\"https:\/\/puntodincontro.mx\/wp-content\/uploads\/2021\/08\/corixbanner-1.jpg\" class=\"attachment-post-thumbnail size-post-thumbnail wp-post-image\" alt=\"\" srcset=\"https:\/\/puntodincontro.mx\/wp-content\/uploads\/2021\/08\/corixbanner-1.jpg 200w, https:\/\/puntodincontro.mx\/wp-content\/uploads\/2021\/08\/corixbanner-1-16x5.jpg 16w\" sizes=\"(max-width: 200px) 100vw, 200px\" \/><\/a><\/div><\/div><\/div><\/div><div class=\"wpadcenter-adgroup__row wpadcenter-aligncenter\"><div class=\"wpadcenter-ad-container\" ><div id=\"wpadcenter-ad-266\" class=\"ad-placement\"><div class=\"wpadcenter-ad-inner\" ><a id=\"wpadcenter_ad\" data-value=\"266\" data-placement=\"\" href=\"https:\/\/www.prinsel.com.mx\/\" target=\"_blank\" class=\"wpadcenter-ad-inner__item\" ><img decoding=\"async\"   src=\"https:\/\/puntodincontro.mx\/wp-content\/uploads\/2021\/08\/prinselbanner-1.jpg\" class=\"attachment-post-thumbnail size-post-thumbnail wp-post-image\" alt=\"\" srcset=\"https:\/\/puntodincontro.mx\/wp-content\/uploads\/2021\/08\/prinselbanner-1.jpg 200w, https:\/\/puntodincontro.mx\/wp-content\/uploads\/2021\/08\/prinselbanner-1-16x5.jpg 16w\" sizes=\"(max-width: 200px) 100vw, 200px\" \/><\/a><\/div><\/div><\/div><div class=\"wpadcenter-ad-container\" ><div id=\"wpadcenter-ad-261\" class=\"ad-placement\"><div class=\"wpadcenter-ad-inner\" ><a id=\"wpadcenter_ad\" data-value=\"261\" data-placement=\"\" href=\"https:\/\/ambcittadelmessico.esteri.it\/ambasciata_cittadelmessico\/it\/\" target=\"_blank\" class=\"wpadcenter-ad-inner__item\" ><img decoding=\"async\"   src=\"https:\/\/puntodincontro.mx\/wp-content\/uploads\/2021\/08\/ambasciatabanner-1.jpg\" class=\"attachment-post-thumbnail size-post-thumbnail wp-post-image\" alt=\"\" srcset=\"https:\/\/puntodincontro.mx\/wp-content\/uploads\/2021\/08\/ambasciatabanner-1.jpg 200w, https:\/\/puntodincontro.mx\/wp-content\/uploads\/2021\/08\/ambasciatabanner-1-16x5.jpg 16w\" sizes=\"(max-width: 200px) 100vw, 200px\" \/><\/a><\/div><\/div><\/div><\/div><\/div>\n\n\n<div style=\"height:12px\" aria-hidden=\"true\" class=\"wp-block-spacer\"><\/div>","protected":false},"excerpt":{"rendered":"<p>Ore 15.57 &#8211; The B Project \u00e8 la nuova mostra che prender\u00e0 il via il 28 novembre, fino al 1\u00ba dicembre, all&#8217;interno dell&#8217;iconica Casa del Atrio di Citt\u00e0 del Messico, progettata dall&#8217;architetto Antonio Attolini Lack. L&#8217;iniziativa \u00e8 coordinata da Galer\u00eda Errante, uno spazio espositivo nomade fondato nel 2015 da Alessandra Migliano, gallerista e curatrice italo-messicana che \u00e8 riuscita a incorporare grandi nomi dell\u2019arte internazionale nel corso della sua carriera. Nella residenza saranno esposte le opere di vari artisti, con la lettera B in comune, come Betsabe\u00e9 Romero, Barry Wolfryd, l&#8217;italo-statunitense Bradley Narduzzi e gli italiani Fabrizio Bonvicini e Benito Macerata&#8230;. <\/p>","protected":false},"author":2,"featured_media":21036,"comment_status":"open","ping_status":"open","sticky":false,"template":"","format":"standard","meta":{"_monsterinsights_skip_tracking":false,"_monsterinsights_sitenote_active":false,"_monsterinsights_sitenote_note":"","_monsterinsights_sitenote_category":0,"footnotes":""},"categories":[25],"tags":[],"class_list":["post-21029","post","type-post","status-publish","format-standard","has-post-thumbnail","hentry","category-cultura"],"yoast_head":"<!-- This site is optimized with the Yoast SEO Premium plugin v18.4 (Yoast SEO v25.6) - https:\/\/yoast.com\/wordpress\/plugins\/seo\/ -->\n<title>Citt\u00e0 del Messico, due artisti italiani alla mostra &#039;The B Project&#039;<\/title>\n<meta name=\"description\" content=\"&#039;The B Project&#039; \u00e8 la nuova mostra che prender\u00e0 il via il 28 novembre all&#039;interno dell&#039;iconica Casa del Atrio di Citt\u00e0 del Messico.\" \/>\n<meta name=\"robots\" content=\"index, follow, max-snippet:-1, max-image-preview:large, max-video-preview:-1\" \/>\n<link rel=\"canonical\" href=\"https:\/\/puntodincontro.mx\/es\/2024\/11\/27\/ciudad-de-mexico-dos-artistas-italianos-en-la-exposicion-the-b-project\/\" \/>\n<meta property=\"og:locale\" content=\"es_MX\" \/>\n<meta property=\"og:type\" content=\"article\" \/>\n<meta property=\"og:title\" content=\"Citt\u00e0 del Messico, due artisti italiani alla mostra &#039;The B Project&#039;\" \/>\n<meta property=\"og:description\" content=\"&#039;The B Project&#039; \u00e8 la nuova mostra che prender\u00e0 il via il 28 novembre all&#039;interno dell&#039;iconica Casa del Atrio di Citt\u00e0 del Messico.\" \/>\n<meta property=\"og:url\" content=\"https:\/\/puntodincontro.mx\/es\/2024\/11\/27\/ciudad-de-mexico-dos-artistas-italianos-en-la-exposicion-the-b-project\/\" \/>\n<meta property=\"og:site_name\" content=\"Puntodincontro\" \/>\n<meta property=\"article:publisher\" content=\"https:\/\/www.facebook.com\/puntodincontro.mx\" \/>\n<meta property=\"article:published_time\" content=\"2024-11-27T23:08:33+00:00\" \/>\n<meta property=\"article:modified_time\" content=\"2024-11-27T23:08:34+00:00\" \/>\n<meta property=\"og:image\" content=\"https:\/\/puntodincontro.mx\/wp-content\/uploads\/2024\/11\/bprojectpuntocomp.jpg\" \/>\n\t<meta property=\"og:image:width\" content=\"932\" \/>\n\t<meta property=\"og:image:height\" content=\"488\" \/>\n\t<meta property=\"og:image:type\" content=\"image\/jpeg\" \/>\n<meta name=\"author\" content=\"Puntodincontro\" \/>\n<meta name=\"twitter:card\" content=\"summary_large_image\" \/>\n<meta name=\"twitter:creator\" content=\"@puntodincontro\" \/>\n<meta name=\"twitter:site\" content=\"@puntodincontro\" \/>\n<meta name=\"twitter:label1\" content=\"Escrito por\" \/>\n\t<meta name=\"twitter:data1\" content=\"Puntodincontro\" \/>\n\t<meta name=\"twitter:label2\" content=\"Tiempo de lectura\" \/>\n\t<meta name=\"twitter:data2\" content=\"3 minutos\" \/>\n<script type=\"application\/ld+json\" class=\"yoast-schema-graph\">{\"@context\":\"https:\/\/schema.org\",\"@graph\":[{\"@type\":\"NewsArticle\",\"@id\":\"https:\/\/puntodincontro.mx\/2024\/11\/27\/citta-del-messico-due-artisti-italiani-alla-mostra-the-b-project\/#article\",\"isPartOf\":{\"@id\":\"https:\/\/puntodincontro.mx\/2024\/11\/27\/citta-del-messico-due-artisti-italiani-alla-mostra-the-b-project\/\"},\"author\":{\"name\":\"Puntodincontro\",\"@id\":\"https:\/\/puntodincontro.mx\/#\/schema\/person\/d3066d18a16259cbb0c29b0d0e93b556\"},\"headline\":\"Citt\u00e0 del Messico, due artisti italiani alla mostra &#8216;The B Project&#8217;\",\"datePublished\":\"2024-11-27T23:08:33+00:00\",\"dateModified\":\"2024-11-27T23:08:34+00:00\",\"mainEntityOfPage\":{\"@id\":\"https:\/\/puntodincontro.mx\/2024\/11\/27\/citta-del-messico-due-artisti-italiani-alla-mostra-the-b-project\/\"},\"wordCount\":552,\"commentCount\":0,\"publisher\":{\"@id\":\"https:\/\/puntodincontro.mx\/#organization\"},\"image\":{\"@id\":\"https:\/\/puntodincontro.mx\/2024\/11\/27\/citta-del-messico-due-artisti-italiani-alla-mostra-the-b-project\/#primaryimage\"},\"thumbnailUrl\":\"https:\/\/puntodincontro.mx\/wp-content\/uploads\/2024\/11\/bprojectpuntovert.webp\",\"articleSection\":[\"Cultura\"],\"inLanguage\":\"es\",\"potentialAction\":[{\"@type\":\"CommentAction\",\"name\":\"Comment\",\"target\":[\"https:\/\/puntodincontro.mx\/2024\/11\/27\/citta-del-messico-due-artisti-italiani-alla-mostra-the-b-project\/#respond\"]}]},{\"@type\":\"WebPage\",\"@id\":\"https:\/\/puntodincontro.mx\/2024\/11\/27\/citta-del-messico-due-artisti-italiani-alla-mostra-the-b-project\/\",\"url\":\"https:\/\/puntodincontro.mx\/2024\/11\/27\/citta-del-messico-due-artisti-italiani-alla-mostra-the-b-project\/\",\"name\":\"Citt\u00e0 del Messico, due artisti italiani alla mostra 'The B Project'\",\"isPartOf\":{\"@id\":\"https:\/\/puntodincontro.mx\/#website\"},\"primaryImageOfPage\":{\"@id\":\"https:\/\/puntodincontro.mx\/2024\/11\/27\/citta-del-messico-due-artisti-italiani-alla-mostra-the-b-project\/#primaryimage\"},\"image\":{\"@id\":\"https:\/\/puntodincontro.mx\/2024\/11\/27\/citta-del-messico-due-artisti-italiani-alla-mostra-the-b-project\/#primaryimage\"},\"thumbnailUrl\":\"https:\/\/puntodincontro.mx\/wp-content\/uploads\/2024\/11\/bprojectpuntovert.webp\",\"datePublished\":\"2024-11-27T23:08:33+00:00\",\"dateModified\":\"2024-11-27T23:08:34+00:00\",\"description\":\"'The B Project' \u00e8 la nuova mostra che prender\u00e0 il via il 28 novembre all'interno dell'iconica Casa del Atrio di Citt\u00e0 del Messico.\",\"breadcrumb\":{\"@id\":\"https:\/\/puntodincontro.mx\/2024\/11\/27\/citta-del-messico-due-artisti-italiani-alla-mostra-the-b-project\/#breadcrumb\"},\"inLanguage\":\"es\",\"potentialAction\":[{\"@type\":\"ReadAction\",\"target\":[\"https:\/\/puntodincontro.mx\/2024\/11\/27\/citta-del-messico-due-artisti-italiani-alla-mostra-the-b-project\/\"]}]},{\"@type\":\"ImageObject\",\"inLanguage\":\"es\",\"@id\":\"https:\/\/puntodincontro.mx\/2024\/11\/27\/citta-del-messico-due-artisti-italiani-alla-mostra-the-b-project\/#primaryimage\",\"url\":\"https:\/\/puntodincontro.mx\/wp-content\/uploads\/2024\/11\/bprojectpuntovert.webp\",\"contentUrl\":\"https:\/\/puntodincontro.mx\/wp-content\/uploads\/2024\/11\/bprojectpuntovert.webp\",\"width\":423,\"height\":488,\"caption\":\"Citt\u00e0 del Messico, due artisti italiani alla mostra 'The B Project' \/ Foto e immagini: Galer\u00eda Errante\"},{\"@type\":\"BreadcrumbList\",\"@id\":\"https:\/\/puntodincontro.mx\/2024\/11\/27\/citta-del-messico-due-artisti-italiani-alla-mostra-the-b-project\/#breadcrumb\",\"itemListElement\":[{\"@type\":\"ListItem\",\"position\":1,\"name\":\"Home\",\"item\":\"https:\/\/puntodincontro.mx\/\"},{\"@type\":\"ListItem\",\"position\":2,\"name\":\"Citt\u00e0 del Messico, due artisti italiani alla mostra &#8216;The B Project&#8217;\"}]},{\"@type\":\"WebSite\",\"@id\":\"https:\/\/puntodincontro.mx\/#website\",\"url\":\"https:\/\/puntodincontro.mx\/\",\"name\":\"Puntodincontro\",\"description\":\"Dal 2006 notizie sui rapporti Italia-Messico \/ Desde 2006 noticias sobre las relaciones entre Italia y M\u00e9xico\",\"publisher\":{\"@id\":\"https:\/\/puntodincontro.mx\/#organization\"},\"potentialAction\":[{\"@type\":\"SearchAction\",\"target\":{\"@type\":\"EntryPoint\",\"urlTemplate\":\"https:\/\/puntodincontro.mx\/?s={search_term_string}\"},\"query-input\":{\"@type\":\"PropertyValueSpecification\",\"valueRequired\":true,\"valueName\":\"search_term_string\"}}],\"inLanguage\":\"es\"},{\"@type\":\"Organization\",\"@id\":\"https:\/\/puntodincontro.mx\/#organization\",\"name\":\"Puntodincontro\",\"url\":\"https:\/\/puntodincontro.mx\/\",\"logo\":{\"@type\":\"ImageObject\",\"inLanguage\":\"es\",\"@id\":\"https:\/\/puntodincontro.mx\/#\/schema\/logo\/image\/\",\"url\":\"https:\/\/puntodincontro.mx\/wp-content\/uploads\/2021\/08\/Default-image-for-open-graph-settings.jpg\",\"contentUrl\":\"https:\/\/puntodincontro.mx\/wp-content\/uploads\/2021\/08\/Default-image-for-open-graph-settings.jpg\",\"width\":1200,\"height\":630,\"caption\":\"Puntodincontro\"},\"image\":{\"@id\":\"https:\/\/puntodincontro.mx\/#\/schema\/logo\/image\/\"},\"sameAs\":[\"https:\/\/www.facebook.com\/puntodincontro.mx\",\"https:\/\/x.com\/puntodincontro\",\"https:\/\/www.instagram.com\/puntodincontro.mx\/\",\"https:\/\/www.linkedin.com\/company\/puntodincontro\/\",\"https:\/\/www.youtube.com\/c\/puntodincontromessico\",\"https:\/\/www.patreon.com\/puntodincontro\",\"https:\/\/www.threads.net\/@puntodincontro.mx\"]},{\"@type\":\"Person\",\"@id\":\"https:\/\/puntodincontro.mx\/#\/schema\/person\/d3066d18a16259cbb0c29b0d0e93b556\",\"name\":\"Puntodincontro\",\"image\":{\"@type\":\"ImageObject\",\"inLanguage\":\"es\",\"@id\":\"https:\/\/puntodincontro.mx\/#\/schema\/person\/image\/\",\"url\":\"https:\/\/secure.gravatar.com\/avatar\/0e85b4b3b5e9d6bfcec6a4956d8cc63a?s=96&d=mm&r=g\",\"contentUrl\":\"https:\/\/secure.gravatar.com\/avatar\/0e85b4b3b5e9d6bfcec6a4956d8cc63a?s=96&d=mm&r=g\",\"caption\":\"Puntodincontro\"},\"url\":\"https:\/\/puntodincontro.mx\/es\/author\/puntodincontro\/\"}]}<\/script>\n<!-- \/ Yoast SEO Premium plugin. -->","yoast_head_json":{"title":"Citt\u00e0 del Messico, due artisti italiani alla mostra 'The B Project'","description":"'The B Project' \u00e8 la nuova mostra che prender\u00e0 il via il 28 novembre all'interno dell'iconica Casa del Atrio di Citt\u00e0 del Messico.","robots":{"index":"index","follow":"follow","max-snippet":"max-snippet:-1","max-image-preview":"max-image-preview:large","max-video-preview":"max-video-preview:-1"},"canonical":"https:\/\/puntodincontro.mx\/es\/2024\/11\/27\/ciudad-de-mexico-dos-artistas-italianos-en-la-exposicion-the-b-project\/","og_locale":"es_MX","og_type":"article","og_title":"Citt\u00e0 del Messico, due artisti italiani alla mostra 'The B Project'","og_description":"'The B Project' \u00e8 la nuova mostra che prender\u00e0 il via il 28 novembre all'interno dell'iconica Casa del Atrio di Citt\u00e0 del Messico.","og_url":"https:\/\/puntodincontro.mx\/es\/2024\/11\/27\/ciudad-de-mexico-dos-artistas-italianos-en-la-exposicion-the-b-project\/","og_site_name":"Puntodincontro","article_publisher":"https:\/\/www.facebook.com\/puntodincontro.mx","article_published_time":"2024-11-27T23:08:33+00:00","article_modified_time":"2024-11-27T23:08:34+00:00","og_image":[{"width":932,"height":488,"url":"https:\/\/puntodincontro.mx\/wp-content\/uploads\/2024\/11\/bprojectpuntocomp.jpg","type":"image\/jpeg"}],"author":"Puntodincontro","twitter_card":"summary_large_image","twitter_creator":"@puntodincontro","twitter_site":"@puntodincontro","twitter_misc":{"Escrito por":"Puntodincontro","Tiempo de lectura":"3 minutos"},"schema":{"@context":"https:\/\/schema.org","@graph":[{"@type":"NewsArticle","@id":"https:\/\/puntodincontro.mx\/2024\/11\/27\/citta-del-messico-due-artisti-italiani-alla-mostra-the-b-project\/#article","isPartOf":{"@id":"https:\/\/puntodincontro.mx\/2024\/11\/27\/citta-del-messico-due-artisti-italiani-alla-mostra-the-b-project\/"},"author":{"name":"Puntodincontro","@id":"https:\/\/puntodincontro.mx\/#\/schema\/person\/d3066d18a16259cbb0c29b0d0e93b556"},"headline":"Citt\u00e0 del Messico, due artisti italiani alla mostra &#8216;The B Project&#8217;","datePublished":"2024-11-27T23:08:33+00:00","dateModified":"2024-11-27T23:08:34+00:00","mainEntityOfPage":{"@id":"https:\/\/puntodincontro.mx\/2024\/11\/27\/citta-del-messico-due-artisti-italiani-alla-mostra-the-b-project\/"},"wordCount":552,"commentCount":0,"publisher":{"@id":"https:\/\/puntodincontro.mx\/#organization"},"image":{"@id":"https:\/\/puntodincontro.mx\/2024\/11\/27\/citta-del-messico-due-artisti-italiani-alla-mostra-the-b-project\/#primaryimage"},"thumbnailUrl":"https:\/\/puntodincontro.mx\/wp-content\/uploads\/2024\/11\/bprojectpuntovert.webp","articleSection":["Cultura"],"inLanguage":"es","potentialAction":[{"@type":"CommentAction","name":"Comment","target":["https:\/\/puntodincontro.mx\/2024\/11\/27\/citta-del-messico-due-artisti-italiani-alla-mostra-the-b-project\/#respond"]}]},{"@type":"WebPage","@id":"https:\/\/puntodincontro.mx\/2024\/11\/27\/citta-del-messico-due-artisti-italiani-alla-mostra-the-b-project\/","url":"https:\/\/puntodincontro.mx\/2024\/11\/27\/citta-del-messico-due-artisti-italiani-alla-mostra-the-b-project\/","name":"Citt\u00e0 del Messico, due artisti italiani alla mostra 'The B Project'","isPartOf":{"@id":"https:\/\/puntodincontro.mx\/#website"},"primaryImageOfPage":{"@id":"https:\/\/puntodincontro.mx\/2024\/11\/27\/citta-del-messico-due-artisti-italiani-alla-mostra-the-b-project\/#primaryimage"},"image":{"@id":"https:\/\/puntodincontro.mx\/2024\/11\/27\/citta-del-messico-due-artisti-italiani-alla-mostra-the-b-project\/#primaryimage"},"thumbnailUrl":"https:\/\/puntodincontro.mx\/wp-content\/uploads\/2024\/11\/bprojectpuntovert.webp","datePublished":"2024-11-27T23:08:33+00:00","dateModified":"2024-11-27T23:08:34+00:00","description":"'The B Project' \u00e8 la nuova mostra che prender\u00e0 il via il 28 novembre all'interno dell'iconica Casa del Atrio di Citt\u00e0 del Messico.","breadcrumb":{"@id":"https:\/\/puntodincontro.mx\/2024\/11\/27\/citta-del-messico-due-artisti-italiani-alla-mostra-the-b-project\/#breadcrumb"},"inLanguage":"es","potentialAction":[{"@type":"ReadAction","target":["https:\/\/puntodincontro.mx\/2024\/11\/27\/citta-del-messico-due-artisti-italiani-alla-mostra-the-b-project\/"]}]},{"@type":"ImageObject","inLanguage":"es","@id":"https:\/\/puntodincontro.mx\/2024\/11\/27\/citta-del-messico-due-artisti-italiani-alla-mostra-the-b-project\/#primaryimage","url":"https:\/\/puntodincontro.mx\/wp-content\/uploads\/2024\/11\/bprojectpuntovert.webp","contentUrl":"https:\/\/puntodincontro.mx\/wp-content\/uploads\/2024\/11\/bprojectpuntovert.webp","width":423,"height":488,"caption":"Citt\u00e0 del Messico, due artisti italiani alla mostra 'The B Project' \/ Foto e immagini: Galer\u00eda Errante"},{"@type":"BreadcrumbList","@id":"https:\/\/puntodincontro.mx\/2024\/11\/27\/citta-del-messico-due-artisti-italiani-alla-mostra-the-b-project\/#breadcrumb","itemListElement":[{"@type":"ListItem","position":1,"name":"Home","item":"https:\/\/puntodincontro.mx\/"},{"@type":"ListItem","position":2,"name":"Citt\u00e0 del Messico, due artisti italiani alla mostra &#8216;The B Project&#8217;"}]},{"@type":"WebSite","@id":"https:\/\/puntodincontro.mx\/#website","url":"https:\/\/puntodincontro.mx\/","name":"Puntodincontro","description":"Desde el 2006 noticias sobre las relaciones entre Italia y M\u00e9xico \/ Dal 2006 notizie sui rapporti Italia-Messico","publisher":{"@id":"https:\/\/puntodincontro.mx\/#organization"},"potentialAction":[{"@type":"SearchAction","target":{"@type":"EntryPoint","urlTemplate":"https:\/\/puntodincontro.mx\/?s={search_term_string}"},"query-input":{"@type":"PropertyValueSpecification","valueRequired":true,"valueName":"search_term_string"}}],"inLanguage":"es"},{"@type":"Organization","@id":"https:\/\/puntodincontro.mx\/#organization","name":"Puntodincontro","url":"https:\/\/puntodincontro.mx\/","logo":{"@type":"ImageObject","inLanguage":"es","@id":"https:\/\/puntodincontro.mx\/#\/schema\/logo\/image\/","url":"https:\/\/puntodincontro.mx\/wp-content\/uploads\/2021\/08\/Default-image-for-open-graph-settings.jpg","contentUrl":"https:\/\/puntodincontro.mx\/wp-content\/uploads\/2021\/08\/Default-image-for-open-graph-settings.jpg","width":1200,"height":630,"caption":"Puntodincontro"},"image":{"@id":"https:\/\/puntodincontro.mx\/#\/schema\/logo\/image\/"},"sameAs":["https:\/\/www.facebook.com\/puntodincontro.mx","https:\/\/x.com\/puntodincontro","https:\/\/www.instagram.com\/puntodincontro.mx\/","https:\/\/www.linkedin.com\/company\/puntodincontro\/","https:\/\/www.youtube.com\/c\/puntodincontromessico","https:\/\/www.patreon.com\/puntodincontro","https:\/\/www.threads.net\/@puntodincontro.mx"]},{"@type":"Person","@id":"https:\/\/puntodincontro.mx\/#\/schema\/person\/d3066d18a16259cbb0c29b0d0e93b556","name":"Puntodincontro","image":{"@type":"ImageObject","inLanguage":"es","@id":"https:\/\/puntodincontro.mx\/#\/schema\/person\/image\/","url":"https:\/\/secure.gravatar.com\/avatar\/0e85b4b3b5e9d6bfcec6a4956d8cc63a?s=96&d=mm&r=g","contentUrl":"https:\/\/secure.gravatar.com\/avatar\/0e85b4b3b5e9d6bfcec6a4956d8cc63a?s=96&d=mm&r=g","caption":"Puntodincontro"},"url":"https:\/\/puntodincontro.mx\/es\/author\/puntodincontro\/"}]}},"_links":{"self":[{"href":"https:\/\/puntodincontro.mx\/es\/wp-json\/wp\/v2\/posts\/21029"}],"collection":[{"href":"https:\/\/puntodincontro.mx\/es\/wp-json\/wp\/v2\/posts"}],"about":[{"href":"https:\/\/puntodincontro.mx\/es\/wp-json\/wp\/v2\/types\/post"}],"author":[{"embeddable":true,"href":"https:\/\/puntodincontro.mx\/es\/wp-json\/wp\/v2\/users\/2"}],"replies":[{"embeddable":true,"href":"https:\/\/puntodincontro.mx\/es\/wp-json\/wp\/v2\/comments?post=21029"}],"version-history":[{"count":10,"href":"https:\/\/puntodincontro.mx\/es\/wp-json\/wp\/v2\/posts\/21029\/revisions"}],"predecessor-version":[{"id":21042,"href":"https:\/\/puntodincontro.mx\/es\/wp-json\/wp\/v2\/posts\/21029\/revisions\/21042"}],"wp:featuredmedia":[{"embeddable":true,"href":"https:\/\/puntodincontro.mx\/es\/wp-json\/wp\/v2\/media\/21036"}],"wp:attachment":[{"href":"https:\/\/puntodincontro.mx\/es\/wp-json\/wp\/v2\/media?parent=21029"}],"wp:term":[{"taxonomy":"category","embeddable":true,"href":"https:\/\/puntodincontro.mx\/es\/wp-json\/wp\/v2\/categories?post=21029"},{"taxonomy":"post_tag","embeddable":true,"href":"https:\/\/puntodincontro.mx\/es\/wp-json\/wp\/v2\/tags?post=21029"}],"curies":[{"name":"wp","href":"https:\/\/api.w.org\/{rel}","templated":true}]}}