{"id":21062,"date":"2024-12-01T13:33:41","date_gmt":"2024-12-01T19:33:41","guid":{"rendered":"https:\/\/puntodincontro.mx\/?p=21062"},"modified":"2024-12-01T13:34:09","modified_gmt":"2024-12-01T19:34:09","slug":"visita-a-trieste-del-gobernador-de-yucatan-joaquin-diaz","status":"publish","type":"post","link":"https:\/\/puntodincontro.mx\/es\/2024\/12\/01\/visita-a-trieste-del-governatore-dello-yucatan-joaquin-diaz\/","title":{"rendered":"Visita a Trieste del gobernador de Yucat\u00e1n Joaqu\u00edn D\u00edaz"},"content":{"rendered":"<p class=\"translation-block\"><strong>13:12 hrs.<\/strong> - El gobernador del estado mexicano de Yucat\u00e1n, Joaqu\u00edn D\u00edaz, llev\u00f3 a cabo una misi\u00f3n en la ciudad italiana de Trieste, donde se reuni\u00f3 con el alcalde y visit\u00f3 el complejo productivo de Fincantieri.<\/p>\n\n\n\n<p>\u00abEstamos trabajando para que Yucat\u00e1n pueda tener un sitio como este\u00bb, declar\u00f3 D\u00edaz tras recorrer las instalaciones especializadas en el mantenimiento de cruceros y barcos de carga del grupo industrial italiano, donde trabajan 2 mil personas, modelo que eval\u00faa como una opci\u00f3n para modernizar el muelle fiscal de la ciudad de Progreso, considerado desde el a\u00f1o 2023 por el Guinness World Records el m\u00e1s largo del mundo, con una longitud total de 8,018.96 metros.<\/p>\n\n\n\n<p>Trieste, reconocida como una de las mejores ciudades para vivir en Italia, ha sido protagonista de un notable boom econ\u00f3mico y social gracias a la aportaci\u00f3n de estructuras como la de Fincantieri, una de las principales empresas del sector de la construcci\u00f3n naval a nivel mundial.<\/p>\n\n\n\n<p>Durante el recorrido, D\u00edaz, acompa\u00f1ado por funcionarios de la administraci\u00f3n p\u00fablica de Yucat\u00e1n analiz\u00f3 el impacto positivo que estos proyectos pueden tener en el estado.<\/p>\n\n\n\n<p>\u00abEste modelo nos inspira para replicarlo en el puerto de Progreso, lo que permitir\u00eda modernizar nuestra infraestructura, generar empleos de calidad y abrir nuevas oportunidades para los yucatecos\u00bb, a\u00f1adi\u00f3 el gobernador.<\/p>\n\n\n\n<p>La comitiva yucateca sostuvo pl\u00e1ticas en la sede del municipio con el alcalde Roberto Dipiazza y un grupo de ejecutivos de Fincantieri, entre ellos Massimo Costa (Ceo Fincantieri Service Usa), Alessandro Toci (chairman Fincantieri Service Usa), Francesco Moschini y Lino Cezza (rappresentante Fincantieri in Messico).<\/p>\n\n\n\n<p class=\"translation-block\">D\u00edaz asegur\u00f3 que la ampliaci\u00f3n del puerto de Progreso es una de las piezas clave del proyecto <em>Renacimiento Maya<\/em>, una iniciativa donde se incluyen importantes obras de infraestructura y de desarrollo educativo, cultural y deportivo.<\/p>\n\n\n\n<p>\u00abEstas reuniones son fundamentales para compartir experiencias y buscar sinergias que beneficien a Yucat\u00e1n. La transformaci\u00f3n de Progreso ser\u00e1 un parteaguas que atraer\u00e1 inversiones y fortalecer\u00e1 la econom\u00eda local\u00bb, afirm\u00f3.<\/p>\n\n\n\n<p class=\"has-small-font-size\">Foto: yucatan.gob.mx &#8211; comune.trieste.it<\/p>\n\n\n\n<div style=\"height:12px\" aria-hidden=\"true\" class=\"wp-block-spacer\"><\/div>\n\n\n<!-- Ad space powered by WP AdCenter v2.5.7 - https:\/\/wpadcenter.com\/ --><div class=\"wpadcenter-adgroup\" ><div class=\"wpadcenter-adgroup__row wpadcenter-aligncenter\"><div class=\"wpadcenter-ad-container\" ><div id=\"wpadcenter-ad-18464\" class=\"ad-placement\"><div class=\"wpadcenter-ad-inner\" ><a id=\"wpadcenter_ad\" data-value=\"18464\" data-placement=\"\" href=\"https:\/\/www.productosremo.com\/\" target=\"_blank\" class=\"wpadcenter-ad-inner__item\" ><img decoding=\"async\"   src=\"https:\/\/puntodincontro.mx\/wp-content\/uploads\/2021\/08\/remobanner.jpg\" class=\"attachment-post-thumbnail size-post-thumbnail wp-post-image\" alt=\"\" srcset=\"https:\/\/puntodincontro.mx\/wp-content\/uploads\/2021\/08\/remobanner.jpg 200w, https:\/\/puntodincontro.mx\/wp-content\/uploads\/2021\/08\/remobanner-16x5.jpg 16w\" sizes=\"(max-width: 200px) 100vw, 200px\" \/><\/a><\/div><\/div><\/div><div class=\"wpadcenter-ad-container\" ><div id=\"wpadcenter-ad-5305\" class=\"ad-placement\"><div class=\"wpadcenter-ad-inner\" ><a id=\"wpadcenter_ad\" data-value=\"5305\" data-placement=\"\" href=\"https:\/\/ambcittadelmessico.esteri.it\/ambasciata_cittadelmessico\/it\/\" target=\"_blank\" class=\"wpadcenter-ad-inner__item\" ><img decoding=\"async\"   src=\"https:\/\/puntodincontro.mx\/wp-content\/uploads\/2022\/05\/Ambasciata.jpg\" class=\"attachment-post-thumbnail size-post-thumbnail wp-post-image\" alt=\"\" srcset=\"https:\/\/puntodincontro.mx\/wp-content\/uploads\/2022\/05\/Ambasciata.jpg 200w, https:\/\/puntodincontro.mx\/wp-content\/uploads\/2022\/05\/Ambasciata-18x5.jpg 18w\" sizes=\"(max-width: 200px) 100vw, 200px\" \/><\/a><\/div><\/div><\/div><div class=\"wpadcenter-ad-container\" ><div id=\"wpadcenter-ad-3781\" class=\"ad-placement\"><div class=\"wpadcenter-ad-inner\" ><a id=\"wpadcenter_ad\" data-value=\"3781\" data-placement=\"\" href=\"https:\/\/cannizzo.com.mx\/\" target=\"_blank\" class=\"wpadcenter-ad-inner__item\" ><img decoding=\"async\"   src=\"https:\/\/puntodincontro.mx\/wp-content\/uploads\/2022\/03\/cannizzo2.jpg\" class=\"attachment-post-thumbnail size-post-thumbnail wp-post-image\" alt=\"\" srcset=\"https:\/\/puntodincontro.mx\/wp-content\/uploads\/2022\/03\/cannizzo2.jpg 200w, https:\/\/puntodincontro.mx\/wp-content\/uploads\/2022\/03\/cannizzo2-18x5.jpg 18w\" sizes=\"(max-width: 200px) 100vw, 200px\" \/><\/a><\/div><\/div><\/div><\/div><div class=\"wpadcenter-adgroup__row wpadcenter-aligncenter\"><div class=\"wpadcenter-ad-container\" ><div id=\"wpadcenter-ad-1704\" class=\"ad-placement\"><div class=\"wpadcenter-ad-inner\" ><a id=\"wpadcenter_ad\" data-value=\"1704\" data-placement=\"\" href=\"https:\/\/puntodincontro.mx\/es\/2021\/12\/24\/inps-verificacion-de-supervivencia-de-los-pensionados-en-el-extranjero\/\" target=\"_blank\" class=\"wpadcenter-ad-inner__item\" ><img decoding=\"async\"   src=\"https:\/\/puntodincontro.mx\/wp-content\/uploads\/2021\/11\/logo-ital.jpg\" class=\"attachment-post-thumbnail size-post-thumbnail wp-post-image\" alt=\"Patronato ITAL Messico\" srcset=\"https:\/\/puntodincontro.mx\/wp-content\/uploads\/2021\/11\/logo-ital.jpg 200w, https:\/\/puntodincontro.mx\/wp-content\/uploads\/2021\/11\/logo-ital-16x5.jpg 16w\" sizes=\"(max-width: 200px) 100vw, 200px\" \/><\/a><\/div><\/div><\/div><div class=\"wpadcenter-ad-container\" ><div id=\"wpadcenter-ad-1538\" class=\"ad-placement\"><div class=\"wpadcenter-ad-inner\" ><a id=\"wpadcenter_ad\" data-value=\"1538\" data-placement=\"\" href=\"https:\/\/asociacionitaliana.org\/\" target=\"_blank\" class=\"wpadcenter-ad-inner__item\" ><img decoding=\"async\"   src=\"https:\/\/puntodincontro.mx\/wp-content\/uploads\/2021\/11\/aialogo.jpg\" class=\"attachment-post-thumbnail size-post-thumbnail wp-post-image\" alt=\"Associazione Italiana di Assistenza IAP\" srcset=\"https:\/\/puntodincontro.mx\/wp-content\/uploads\/2021\/11\/aialogo.jpg 200w, https:\/\/puntodincontro.mx\/wp-content\/uploads\/2021\/11\/aialogo-18x5.jpg 18w\" sizes=\"(max-width: 200px) 100vw, 200px\" \/><\/a><\/div><\/div><\/div><div class=\"wpadcenter-ad-container\" ><div id=\"wpadcenter-ad-1513\" class=\"ad-placement\"><div class=\"wpadcenter-ad-inner\" ><a id=\"wpadcenter_ad\" data-value=\"1513\" data-placement=\"\" href=\"https:\/\/gcinmuebles.mx\" target=\"_blank\" class=\"wpadcenter-ad-inner__item\" ><img decoding=\"async\"   src=\"https:\/\/puntodincontro.mx\/wp-content\/uploads\/2021\/10\/gcinmuebleslogopunto-1.jpg\" class=\"attachment-post-thumbnail size-post-thumbnail wp-post-image\" alt=\"\" srcset=\"https:\/\/puntodincontro.mx\/wp-content\/uploads\/2021\/10\/gcinmuebleslogopunto-1.jpg 200w, https:\/\/puntodincontro.mx\/wp-content\/uploads\/2021\/10\/gcinmuebleslogopunto-1-18x5.jpg 18w\" sizes=\"(max-width: 200px) 100vw, 200px\" \/><\/a><\/div><\/div><\/div><\/div><div class=\"wpadcenter-adgroup__row wpadcenter-aligncenter\"><div class=\"wpadcenter-ad-container\" ><div id=\"wpadcenter-ad-1374\" class=\"ad-placement\"><div class=\"wpadcenter-ad-inner\" ><a id=\"wpadcenter_ad\" data-value=\"1374\" data-placement=\"\" href=\"https:\/\/www.9colonne.it\/\" target=\"_blank\" class=\"wpadcenter-ad-inner__item\" ><img decoding=\"async\"   src=\"https:\/\/puntodincontro.mx\/wp-content\/uploads\/2021\/10\/Banner9colonne.gif\" class=\"attachment-post-thumbnail size-post-thumbnail wp-post-image\" alt=\"\" \/><\/a><\/div><\/div><\/div><div class=\"wpadcenter-ad-container\" ><div id=\"wpadcenter-ad-276\" class=\"ad-placement\"><div class=\"wpadcenter-ad-inner\" ><a id=\"wpadcenter_ad\" data-value=\"276\" data-placement=\"\" href=\"http:\/\/www.camaraitaliana.mx\/\" target=\"_blank\" class=\"wpadcenter-ad-inner__item\" ><img decoding=\"async\"   src=\"https:\/\/puntodincontro.mx\/wp-content\/uploads\/2021\/08\/ccimnuovo.jpg\" class=\"attachment-post-thumbnail size-post-thumbnail wp-post-image\" alt=\"\" srcset=\"https:\/\/puntodincontro.mx\/wp-content\/uploads\/2021\/08\/ccimnuovo.jpg 200w, https:\/\/puntodincontro.mx\/wp-content\/uploads\/2021\/08\/ccimnuovo-18x5.jpg 18w\" sizes=\"(max-width: 200px) 100vw, 200px\" \/><\/a><\/div><\/div><\/div><div class=\"wpadcenter-ad-container\" ><div id=\"wpadcenter-ad-272\" class=\"ad-placement\"><div class=\"wpadcenter-ad-inner\" ><a id=\"wpadcenter_ad\" data-value=\"272\" data-placement=\"\" href=\"http:\/\/corix.us\/\" target=\"_blank\" class=\"wpadcenter-ad-inner__item\" ><img decoding=\"async\"   src=\"https:\/\/puntodincontro.mx\/wp-content\/uploads\/2021\/08\/corixbanner-1.jpg\" class=\"attachment-post-thumbnail size-post-thumbnail wp-post-image\" alt=\"\" srcset=\"https:\/\/puntodincontro.mx\/wp-content\/uploads\/2021\/08\/corixbanner-1.jpg 200w, https:\/\/puntodincontro.mx\/wp-content\/uploads\/2021\/08\/corixbanner-1-16x5.jpg 16w\" sizes=\"(max-width: 200px) 100vw, 200px\" \/><\/a><\/div><\/div><\/div><\/div><div class=\"wpadcenter-adgroup__row wpadcenter-aligncenter\"><div class=\"wpadcenter-ad-container\" ><div id=\"wpadcenter-ad-266\" class=\"ad-placement\"><div class=\"wpadcenter-ad-inner\" ><a id=\"wpadcenter_ad\" data-value=\"266\" data-placement=\"\" href=\"https:\/\/www.prinsel.com.mx\/\" target=\"_blank\" class=\"wpadcenter-ad-inner__item\" ><img decoding=\"async\"   src=\"https:\/\/puntodincontro.mx\/wp-content\/uploads\/2021\/08\/prinselbanner-1.jpg\" class=\"attachment-post-thumbnail size-post-thumbnail wp-post-image\" alt=\"\" srcset=\"https:\/\/puntodincontro.mx\/wp-content\/uploads\/2021\/08\/prinselbanner-1.jpg 200w, https:\/\/puntodincontro.mx\/wp-content\/uploads\/2021\/08\/prinselbanner-1-16x5.jpg 16w\" sizes=\"(max-width: 200px) 100vw, 200px\" \/><\/a><\/div><\/div><\/div><div class=\"wpadcenter-ad-container\" ><div id=\"wpadcenter-ad-261\" class=\"ad-placement\"><div class=\"wpadcenter-ad-inner\" ><a id=\"wpadcenter_ad\" data-value=\"261\" data-placement=\"\" href=\"https:\/\/faitalia.com.mx\/\" target=\"_blank\" class=\"wpadcenter-ad-inner__item\" ><img decoding=\"async\"   src=\"https:\/\/puntodincontro.mx\/wp-content\/uploads\/2021\/08\/gruppodino.jpg\" class=\"attachment-post-thumbnail size-post-thumbnail wp-post-image\" alt=\"\" srcset=\"https:\/\/puntodincontro.mx\/wp-content\/uploads\/2021\/08\/gruppodino.jpg 200w, https:\/\/puntodincontro.mx\/wp-content\/uploads\/2021\/08\/gruppodino-18x5.jpg 18w\" sizes=\"(max-width: 200px) 100vw, 200px\" \/><\/a><\/div><\/div><\/div><\/div><\/div>\n\n\n<div style=\"height:12px\" aria-hidden=\"true\" class=\"wp-block-spacer\"><\/div>","protected":false},"excerpt":{"rendered":"<p>Ore 13.12 &#8211; Il governatore dello stato messicano dello Yucatan, Joaqu\u00edn D\u00edaz, si \u00e8 recato in missione a Trieste, dove si \u00e8 riunito con il sindaco e ha visitato il complesso produttivo di Fincantieri. \u00abStiamo lavorando affinch\u00e9 lo Yucatan possa avere un sito come questo\u00bb, ha dichiarato D\u00edaz dopo aver visitato le strutture specializzate nella manutenzione di navi da crociera e mercantili del gruppo industriale italiano, dove lavorano 2.000 persone, un modello che valuta come un&#8217;opzione per ammodernare la darsena fiscale della citt\u00e0 di Progreso, considerata dal 2023 dal Guinness World Records la pi\u00f9 lunga del mondo, con una estensione&#8230; <\/p>","protected":false},"author":2,"featured_media":21066,"comment_status":"open","ping_status":"open","sticky":false,"template":"","format":"standard","meta":{"_monsterinsights_skip_tracking":false,"_monsterinsights_sitenote_active":false,"_monsterinsights_sitenote_note":"","_monsterinsights_sitenote_category":0,"footnotes":""},"categories":[6],"tags":[],"class_list":["post-21062","post","type-post","status-publish","format-standard","has-post-thumbnail","hentry","category-messico-in-italia"],"yoast_head":"<!-- This site is optimized with the Yoast SEO Premium plugin v18.4 (Yoast SEO v25.6) - https:\/\/yoast.com\/wordpress\/plugins\/seo\/ -->\n<title>Visita a Trieste del governatore dello Yucatan Joaqu\u00edn D\u00edaz<\/title>\n<meta name=\"description\" content=\"Il governatore dello Yucatan, Joaqu\u00edn D\u00edaz, si \u00e8 recato in missione a Trieste, dove si \u00e8 riunito con il sindaco e Fincantieri.\" \/>\n<meta name=\"robots\" content=\"index, follow, max-snippet:-1, max-image-preview:large, max-video-preview:-1\" \/>\n<link rel=\"canonical\" href=\"https:\/\/puntodincontro.mx\/es\/2024\/12\/01\/visita-a-trieste-del-gobernador-de-yucatan-joaquin-diaz\/\" \/>\n<meta property=\"og:locale\" content=\"es_MX\" \/>\n<meta property=\"og:type\" content=\"article\" \/>\n<meta property=\"og:title\" content=\"Visita a Trieste del governatore dello Yucatan Joaqu\u00edn D\u00edaz\" \/>\n<meta property=\"og:description\" content=\"Il governatore dello Yucatan, Joaqu\u00edn D\u00edaz, si \u00e8 recato in missione a Trieste, dove si \u00e8 riunito con il sindaco e Fincantieri.\" \/>\n<meta property=\"og:url\" content=\"https:\/\/puntodincontro.mx\/es\/2024\/12\/01\/visita-a-trieste-del-gobernador-de-yucatan-joaquin-diaz\/\" \/>\n<meta property=\"og:site_name\" content=\"Puntodincontro\" \/>\n<meta property=\"article:publisher\" content=\"https:\/\/www.facebook.com\/puntodincontro.mx\" \/>\n<meta property=\"article:published_time\" content=\"2024-12-01T19:33:41+00:00\" \/>\n<meta property=\"article:modified_time\" content=\"2024-12-01T19:34:09+00:00\" \/>\n<meta property=\"og:image\" content=\"https:\/\/puntodincontro.mx\/wp-content\/uploads\/2024\/12\/yucatanfincantiericomp.jpg\" \/>\n\t<meta property=\"og:image:width\" content=\"932\" \/>\n\t<meta property=\"og:image:height\" content=\"488\" \/>\n\t<meta property=\"og:image:type\" content=\"image\/jpeg\" \/>\n<meta name=\"author\" content=\"Puntodincontro\" \/>\n<meta name=\"twitter:card\" content=\"summary_large_image\" \/>\n<meta name=\"twitter:creator\" content=\"@puntodincontro\" \/>\n<meta name=\"twitter:site\" content=\"@puntodincontro\" \/>\n<meta name=\"twitter:label1\" content=\"Escrito por\" \/>\n\t<meta name=\"twitter:data1\" content=\"Puntodincontro\" \/>\n\t<meta name=\"twitter:label2\" content=\"Tiempo de lectura\" \/>\n\t<meta name=\"twitter:data2\" content=\"2 minutos\" \/>\n<script type=\"application\/ld+json\" class=\"yoast-schema-graph\">{\"@context\":\"https:\/\/schema.org\",\"@graph\":[{\"@type\":\"NewsArticle\",\"@id\":\"https:\/\/puntodincontro.mx\/2024\/12\/01\/visita-a-trieste-del-governatore-dello-yucatan-joaquin-diaz\/#article\",\"isPartOf\":{\"@id\":\"https:\/\/puntodincontro.mx\/2024\/12\/01\/visita-a-trieste-del-governatore-dello-yucatan-joaquin-diaz\/\"},\"author\":{\"name\":\"Puntodincontro\",\"@id\":\"https:\/\/puntodincontro.mx\/#\/schema\/person\/d3066d18a16259cbb0c29b0d0e93b556\"},\"headline\":\"Visita a Trieste del governatore dello Yucatan Joaqu\u00edn D\u00edaz\",\"datePublished\":\"2024-12-01T19:33:41+00:00\",\"dateModified\":\"2024-12-01T19:34:09+00:00\",\"mainEntityOfPage\":{\"@id\":\"https:\/\/puntodincontro.mx\/2024\/12\/01\/visita-a-trieste-del-governatore-dello-yucatan-joaquin-diaz\/\"},\"wordCount\":335,\"commentCount\":0,\"publisher\":{\"@id\":\"https:\/\/puntodincontro.mx\/#organization\"},\"image\":{\"@id\":\"https:\/\/puntodincontro.mx\/2024\/12\/01\/visita-a-trieste-del-governatore-dello-yucatan-joaquin-diaz\/#primaryimage\"},\"thumbnailUrl\":\"https:\/\/puntodincontro.mx\/wp-content\/uploads\/2024\/12\/yucatanfincantierivert.webp\",\"articleSection\":[\"Messico in Italia\"],\"inLanguage\":\"es\",\"potentialAction\":[{\"@type\":\"CommentAction\",\"name\":\"Comment\",\"target\":[\"https:\/\/puntodincontro.mx\/2024\/12\/01\/visita-a-trieste-del-governatore-dello-yucatan-joaquin-diaz\/#respond\"]}]},{\"@type\":\"WebPage\",\"@id\":\"https:\/\/puntodincontro.mx\/2024\/12\/01\/visita-a-trieste-del-governatore-dello-yucatan-joaquin-diaz\/\",\"url\":\"https:\/\/puntodincontro.mx\/2024\/12\/01\/visita-a-trieste-del-governatore-dello-yucatan-joaquin-diaz\/\",\"name\":\"Visita a Trieste del governatore dello Yucatan Joaqu\u00edn D\u00edaz\",\"isPartOf\":{\"@id\":\"https:\/\/puntodincontro.mx\/#website\"},\"primaryImageOfPage\":{\"@id\":\"https:\/\/puntodincontro.mx\/2024\/12\/01\/visita-a-trieste-del-governatore-dello-yucatan-joaquin-diaz\/#primaryimage\"},\"image\":{\"@id\":\"https:\/\/puntodincontro.mx\/2024\/12\/01\/visita-a-trieste-del-governatore-dello-yucatan-joaquin-diaz\/#primaryimage\"},\"thumbnailUrl\":\"https:\/\/puntodincontro.mx\/wp-content\/uploads\/2024\/12\/yucatanfincantierivert.webp\",\"datePublished\":\"2024-12-01T19:33:41+00:00\",\"dateModified\":\"2024-12-01T19:34:09+00:00\",\"description\":\"Il governatore dello Yucatan, Joaqu\u00edn D\u00edaz, si \u00e8 recato in missione a Trieste, dove si \u00e8 riunito con il sindaco e Fincantieri.\",\"breadcrumb\":{\"@id\":\"https:\/\/puntodincontro.mx\/2024\/12\/01\/visita-a-trieste-del-governatore-dello-yucatan-joaquin-diaz\/#breadcrumb\"},\"inLanguage\":\"es\",\"potentialAction\":[{\"@type\":\"ReadAction\",\"target\":[\"https:\/\/puntodincontro.mx\/2024\/12\/01\/visita-a-trieste-del-governatore-dello-yucatan-joaquin-diaz\/\"]}]},{\"@type\":\"ImageObject\",\"inLanguage\":\"es\",\"@id\":\"https:\/\/puntodincontro.mx\/2024\/12\/01\/visita-a-trieste-del-governatore-dello-yucatan-joaquin-diaz\/#primaryimage\",\"url\":\"https:\/\/puntodincontro.mx\/wp-content\/uploads\/2024\/12\/yucatanfincantierivert.webp\",\"contentUrl\":\"https:\/\/puntodincontro.mx\/wp-content\/uploads\/2024\/12\/yucatanfincantierivert.webp\",\"width\":423,\"height\":488,\"caption\":\"Visita a Trieste del governatore dello Yucatan Joaqu\u00edn D\u00edaz \/ Foto: yucatan.gob.mx - comune.trieste.it\"},{\"@type\":\"BreadcrumbList\",\"@id\":\"https:\/\/puntodincontro.mx\/2024\/12\/01\/visita-a-trieste-del-governatore-dello-yucatan-joaquin-diaz\/#breadcrumb\",\"itemListElement\":[{\"@type\":\"ListItem\",\"position\":1,\"name\":\"Home\",\"item\":\"https:\/\/puntodincontro.mx\/\"},{\"@type\":\"ListItem\",\"position\":2,\"name\":\"Visita a Trieste del governatore dello Yucatan Joaqu\u00edn D\u00edaz\"}]},{\"@type\":\"WebSite\",\"@id\":\"https:\/\/puntodincontro.mx\/#website\",\"url\":\"https:\/\/puntodincontro.mx\/\",\"name\":\"Puntodincontro\",\"description\":\"Dal 2006 notizie sui rapporti Italia-Messico \/ Desde 2006 noticias sobre las relaciones entre Italia y M\u00e9xico\",\"publisher\":{\"@id\":\"https:\/\/puntodincontro.mx\/#organization\"},\"potentialAction\":[{\"@type\":\"SearchAction\",\"target\":{\"@type\":\"EntryPoint\",\"urlTemplate\":\"https:\/\/puntodincontro.mx\/?s={search_term_string}\"},\"query-input\":{\"@type\":\"PropertyValueSpecification\",\"valueRequired\":true,\"valueName\":\"search_term_string\"}}],\"inLanguage\":\"es\"},{\"@type\":\"Organization\",\"@id\":\"https:\/\/puntodincontro.mx\/#organization\",\"name\":\"Puntodincontro\",\"url\":\"https:\/\/puntodincontro.mx\/\",\"logo\":{\"@type\":\"ImageObject\",\"inLanguage\":\"es\",\"@id\":\"https:\/\/puntodincontro.mx\/#\/schema\/logo\/image\/\",\"url\":\"https:\/\/puntodincontro.mx\/wp-content\/uploads\/2021\/08\/Default-image-for-open-graph-settings.jpg\",\"contentUrl\":\"https:\/\/puntodincontro.mx\/wp-content\/uploads\/2021\/08\/Default-image-for-open-graph-settings.jpg\",\"width\":1200,\"height\":630,\"caption\":\"Puntodincontro\"},\"image\":{\"@id\":\"https:\/\/puntodincontro.mx\/#\/schema\/logo\/image\/\"},\"sameAs\":[\"https:\/\/www.facebook.com\/puntodincontro.mx\",\"https:\/\/x.com\/puntodincontro\",\"https:\/\/www.instagram.com\/puntodincontro.mx\/\",\"https:\/\/www.linkedin.com\/company\/puntodincontro\/\",\"https:\/\/www.youtube.com\/c\/puntodincontromessico\",\"https:\/\/www.patreon.com\/puntodincontro\",\"https:\/\/www.threads.net\/@puntodincontro.mx\"]},{\"@type\":\"Person\",\"@id\":\"https:\/\/puntodincontro.mx\/#\/schema\/person\/d3066d18a16259cbb0c29b0d0e93b556\",\"name\":\"Puntodincontro\",\"image\":{\"@type\":\"ImageObject\",\"inLanguage\":\"es\",\"@id\":\"https:\/\/puntodincontro.mx\/#\/schema\/person\/image\/\",\"url\":\"https:\/\/secure.gravatar.com\/avatar\/0e85b4b3b5e9d6bfcec6a4956d8cc63a?s=96&d=mm&r=g\",\"contentUrl\":\"https:\/\/secure.gravatar.com\/avatar\/0e85b4b3b5e9d6bfcec6a4956d8cc63a?s=96&d=mm&r=g\",\"caption\":\"Puntodincontro\"},\"url\":\"https:\/\/puntodincontro.mx\/es\/author\/puntodincontro\/\"}]}<\/script>\n<!-- \/ Yoast SEO Premium plugin. -->","yoast_head_json":{"title":"Visita a Trieste del gobernador de Yucat\u00e1n Joaqu\u00edn D\u00edaz","description":"El gobernador de Yucat\u00e1n, Joaqu\u00edn D\u00edaz, visit\u00f3 la ciudad italiana de Trieste, donde se reuni\u00f3 con el alcalde y Fincantieri.","robots":{"index":"index","follow":"follow","max-snippet":"max-snippet:-1","max-image-preview":"max-image-preview:large","max-video-preview":"max-video-preview:-1"},"canonical":"https:\/\/puntodincontro.mx\/es\/2024\/12\/01\/visita-a-trieste-del-gobernador-de-yucatan-joaquin-diaz\/","og_locale":"es_MX","og_type":"article","og_title":"Visita a Trieste del governatore dello Yucatan Joaqu\u00edn D\u00edaz","og_description":"Il governatore dello Yucatan, Joaqu\u00edn D\u00edaz, si \u00e8 recato in missione a Trieste, dove si \u00e8 riunito con il sindaco e Fincantieri.","og_url":"https:\/\/puntodincontro.mx\/es\/2024\/12\/01\/visita-a-trieste-del-gobernador-de-yucatan-joaquin-diaz\/","og_site_name":"Puntodincontro","article_publisher":"https:\/\/www.facebook.com\/puntodincontro.mx","article_published_time":"2024-12-01T19:33:41+00:00","article_modified_time":"2024-12-01T19:34:09+00:00","og_image":[{"width":932,"height":488,"url":"https:\/\/puntodincontro.mx\/wp-content\/uploads\/2024\/12\/yucatanfincantiericomp.jpg","type":"image\/jpeg"}],"author":"Puntodincontro","twitter_card":"summary_large_image","twitter_creator":"@puntodincontro","twitter_site":"@puntodincontro","twitter_misc":{"Escrito por":"Puntodincontro","Tiempo de lectura":"2 minutos"},"schema":{"@context":"https:\/\/schema.org","@graph":[{"@type":"NewsArticle","@id":"https:\/\/puntodincontro.mx\/2024\/12\/01\/visita-a-trieste-del-governatore-dello-yucatan-joaquin-diaz\/#article","isPartOf":{"@id":"https:\/\/puntodincontro.mx\/2024\/12\/01\/visita-a-trieste-del-governatore-dello-yucatan-joaquin-diaz\/"},"author":{"name":"Puntodincontro","@id":"https:\/\/puntodincontro.mx\/#\/schema\/person\/d3066d18a16259cbb0c29b0d0e93b556"},"headline":"Visita a Trieste del governatore dello Yucatan Joaqu\u00edn D\u00edaz","datePublished":"2024-12-01T19:33:41+00:00","dateModified":"2024-12-01T19:34:09+00:00","mainEntityOfPage":{"@id":"https:\/\/puntodincontro.mx\/2024\/12\/01\/visita-a-trieste-del-governatore-dello-yucatan-joaquin-diaz\/"},"wordCount":335,"commentCount":0,"publisher":{"@id":"https:\/\/puntodincontro.mx\/#organization"},"image":{"@id":"https:\/\/puntodincontro.mx\/2024\/12\/01\/visita-a-trieste-del-governatore-dello-yucatan-joaquin-diaz\/#primaryimage"},"thumbnailUrl":"https:\/\/puntodincontro.mx\/wp-content\/uploads\/2024\/12\/yucatanfincantierivert.webp","articleSection":["Messico in Italia"],"inLanguage":"es","potentialAction":[{"@type":"CommentAction","name":"Comment","target":["https:\/\/puntodincontro.mx\/2024\/12\/01\/visita-a-trieste-del-governatore-dello-yucatan-joaquin-diaz\/#respond"]}]},{"@type":"WebPage","@id":"https:\/\/puntodincontro.mx\/2024\/12\/01\/visita-a-trieste-del-governatore-dello-yucatan-joaquin-diaz\/","url":"https:\/\/puntodincontro.mx\/2024\/12\/01\/visita-a-trieste-del-governatore-dello-yucatan-joaquin-diaz\/","name":"Visita a Trieste del gobernador de Yucat\u00e1n Joaqu\u00edn D\u00edaz","isPartOf":{"@id":"https:\/\/puntodincontro.mx\/#website"},"primaryImageOfPage":{"@id":"https:\/\/puntodincontro.mx\/2024\/12\/01\/visita-a-trieste-del-governatore-dello-yucatan-joaquin-diaz\/#primaryimage"},"image":{"@id":"https:\/\/puntodincontro.mx\/2024\/12\/01\/visita-a-trieste-del-governatore-dello-yucatan-joaquin-diaz\/#primaryimage"},"thumbnailUrl":"https:\/\/puntodincontro.mx\/wp-content\/uploads\/2024\/12\/yucatanfincantierivert.webp","datePublished":"2024-12-01T19:33:41+00:00","dateModified":"2024-12-01T19:34:09+00:00","description":"El gobernador de Yucat\u00e1n, Joaqu\u00edn D\u00edaz, visit\u00f3 la ciudad italiana de Trieste, donde se reuni\u00f3 con el alcalde y Fincantieri.","breadcrumb":{"@id":"https:\/\/puntodincontro.mx\/2024\/12\/01\/visita-a-trieste-del-governatore-dello-yucatan-joaquin-diaz\/#breadcrumb"},"inLanguage":"es","potentialAction":[{"@type":"ReadAction","target":["https:\/\/puntodincontro.mx\/2024\/12\/01\/visita-a-trieste-del-governatore-dello-yucatan-joaquin-diaz\/"]}]},{"@type":"ImageObject","inLanguage":"es","@id":"https:\/\/puntodincontro.mx\/2024\/12\/01\/visita-a-trieste-del-governatore-dello-yucatan-joaquin-diaz\/#primaryimage","url":"https:\/\/puntodincontro.mx\/wp-content\/uploads\/2024\/12\/yucatanfincantierivert.webp","contentUrl":"https:\/\/puntodincontro.mx\/wp-content\/uploads\/2024\/12\/yucatanfincantierivert.webp","width":423,"height":488,"caption":"Visita a Trieste del governatore dello Yucatan Joaqu\u00edn D\u00edaz \/ Foto: yucatan.gob.mx - comune.trieste.it"},{"@type":"BreadcrumbList","@id":"https:\/\/puntodincontro.mx\/2024\/12\/01\/visita-a-trieste-del-governatore-dello-yucatan-joaquin-diaz\/#breadcrumb","itemListElement":[{"@type":"ListItem","position":1,"name":"Home","item":"https:\/\/puntodincontro.mx\/"},{"@type":"ListItem","position":2,"name":"Visita a Trieste del governatore dello Yucatan Joaqu\u00edn D\u00edaz"}]},{"@type":"WebSite","@id":"https:\/\/puntodincontro.mx\/#website","url":"https:\/\/puntodincontro.mx\/","name":"Puntodincontro","description":"Desde el 2006 noticias sobre las relaciones entre Italia y M\u00e9xico \/ Dal 2006 notizie sui rapporti Italia-Messico","publisher":{"@id":"https:\/\/puntodincontro.mx\/#organization"},"potentialAction":[{"@type":"SearchAction","target":{"@type":"EntryPoint","urlTemplate":"https:\/\/puntodincontro.mx\/?s={search_term_string}"},"query-input":{"@type":"PropertyValueSpecification","valueRequired":true,"valueName":"search_term_string"}}],"inLanguage":"es"},{"@type":"Organization","@id":"https:\/\/puntodincontro.mx\/#organization","name":"Puntodincontro","url":"https:\/\/puntodincontro.mx\/","logo":{"@type":"ImageObject","inLanguage":"es","@id":"https:\/\/puntodincontro.mx\/#\/schema\/logo\/image\/","url":"https:\/\/puntodincontro.mx\/wp-content\/uploads\/2021\/08\/Default-image-for-open-graph-settings.jpg","contentUrl":"https:\/\/puntodincontro.mx\/wp-content\/uploads\/2021\/08\/Default-image-for-open-graph-settings.jpg","width":1200,"height":630,"caption":"Puntodincontro"},"image":{"@id":"https:\/\/puntodincontro.mx\/#\/schema\/logo\/image\/"},"sameAs":["https:\/\/www.facebook.com\/puntodincontro.mx","https:\/\/x.com\/puntodincontro","https:\/\/www.instagram.com\/puntodincontro.mx\/","https:\/\/www.linkedin.com\/company\/puntodincontro\/","https:\/\/www.youtube.com\/c\/puntodincontromessico","https:\/\/www.patreon.com\/puntodincontro","https:\/\/www.threads.net\/@puntodincontro.mx"]},{"@type":"Person","@id":"https:\/\/puntodincontro.mx\/#\/schema\/person\/d3066d18a16259cbb0c29b0d0e93b556","name":"Puntodincontro","image":{"@type":"ImageObject","inLanguage":"es","@id":"https:\/\/puntodincontro.mx\/#\/schema\/person\/image\/","url":"https:\/\/secure.gravatar.com\/avatar\/0e85b4b3b5e9d6bfcec6a4956d8cc63a?s=96&d=mm&r=g","contentUrl":"https:\/\/secure.gravatar.com\/avatar\/0e85b4b3b5e9d6bfcec6a4956d8cc63a?s=96&d=mm&r=g","caption":"Puntodincontro"},"url":"https:\/\/puntodincontro.mx\/es\/author\/puntodincontro\/"}]}},"_links":{"self":[{"href":"https:\/\/puntodincontro.mx\/es\/wp-json\/wp\/v2\/posts\/21062"}],"collection":[{"href":"https:\/\/puntodincontro.mx\/es\/wp-json\/wp\/v2\/posts"}],"about":[{"href":"https:\/\/puntodincontro.mx\/es\/wp-json\/wp\/v2\/types\/post"}],"author":[{"embeddable":true,"href":"https:\/\/puntodincontro.mx\/es\/wp-json\/wp\/v2\/users\/2"}],"replies":[{"embeddable":true,"href":"https:\/\/puntodincontro.mx\/es\/wp-json\/wp\/v2\/comments?post=21062"}],"version-history":[{"count":5,"href":"https:\/\/puntodincontro.mx\/es\/wp-json\/wp\/v2\/posts\/21062\/revisions"}],"predecessor-version":[{"id":21069,"href":"https:\/\/puntodincontro.mx\/es\/wp-json\/wp\/v2\/posts\/21062\/revisions\/21069"}],"wp:featuredmedia":[{"embeddable":true,"href":"https:\/\/puntodincontro.mx\/es\/wp-json\/wp\/v2\/media\/21066"}],"wp:attachment":[{"href":"https:\/\/puntodincontro.mx\/es\/wp-json\/wp\/v2\/media?parent=21062"}],"wp:term":[{"taxonomy":"category","embeddable":true,"href":"https:\/\/puntodincontro.mx\/es\/wp-json\/wp\/v2\/categories?post=21062"},{"taxonomy":"post_tag","embeddable":true,"href":"https:\/\/puntodincontro.mx\/es\/wp-json\/wp\/v2\/tags?post=21062"}],"curies":[{"name":"wp","href":"https:\/\/api.w.org\/{rel}","templated":true}]}}