{"id":21288,"date":"2025-01-10T18:42:39","date_gmt":"2025-01-11T00:42:39","guid":{"rendered":"https:\/\/puntodincontro.mx\/?p=21288"},"modified":"2025-01-10T18:59:13","modified_gmt":"2025-01-11T00:59:13","slug":"una-artista-italiana-participa-en-un-tzompantli-contemporaneo-en-mexico4","status":"publish","type":"post","link":"https:\/\/puntodincontro.mx\/es\/2025\/01\/10\/unartista-italiana-partecipa-a-un-tzompantli-contemporaneo-in-messico4\/","title":{"rendered":"Una artista italiana participa en un 'Tzompantli' contempor\u00e1neo en M\u00e9xico"},"content":{"rendered":"<p class=\"translation-block\"><strong>15:51 hrs.<\/strong> - La artista italiana Francesca Dalla Benetta participa, junto con Olinka Dom\u00ednguez y Maritza Morillas, en la exposici\u00f3n <em>Tzompantli<\/em>, organizada por el colectivo <em>Art Spectrum<\/em> acerca de un tema de gran importancia cultural en M\u00e9xico.<\/p>\n\n\n\n<p class=\"translation-block\">Cada una con las propuestas est\u00e9ticas que definen sus trabajos, y con las que han logrado incidir en el arte actual, enriquecen esta iniciativa, inaugurada anoche en el espacio expositivo <em>Amplia Galer\u00eda<\/em>, de Emmanuel Mart\u00ednez D\u00edaz, localizado en Baja California 212, colonia Roma Sur, de la capital del pa\u00eds. La exposici\u00f3n podr\u00e1 ser vidsitada hasta el 29 de enero.<\/p>\n\n\n\n<p>Esta recreaci\u00f3n en clave contempor\u00e1nea de una antigua tradici\u00f3n prehisp\u00e1nica es retomado de la cultura mexica, que colocaba en hilera los cr\u00e1neos como s\u00edmbolo de la muerte, pero tambi\u00e9n de continuidad de las almas.<\/p>\n\n\n\n<p class=\"translation-block\">De acuerdo con el Instituto Nacional de Antropolog\u00eda e Historia, los tzompantli \u00abfueron monumentos emblem\u00e1ticos de diversas culturas mesoamericanas, como la maya y la mexica. Estas estructuras, generalmente de madera, serv\u00edan para colocar y exhibir, en hilera, los cr\u00e1neos de personas sacrificadas, principalmente prisioneros de guerra, en rituales vinculados al ciclo de la vida, la muerte, la fertilidad y el orden c\u00f3smico\u00bb.<\/p>\n\n\n\n<p class=\"translation-block\">Francesca Dalla Benetta realiz\u00f3 para la exposici\u00f3n un relieve \u2014titulado <em>Hasta que la muerte nos separe<\/em>\u2014 con resinas de color claro y con flores tridimensionales emergiendo del lienzo, aunque tambi\u00e9n pint\u00f3 otras flores para dar un efecto de profundidad.<\/p>\n\n\n\n<p>\u00abTengo una sola pieza en la exposici\u00f3n\u00bb \u2014afirm\u00f3 la artista en una entrevista con el peri\u00f3dico Milenio\u2014 \u00abpor lo que conceb\u00ed un cr\u00e1neo en bajo relieve para que fuera en mi formato escult\u00f3rico, inspirado en la vida y la muerte, entendiendo a la muerte como un puerta hacia otras realidades\u00bb.<\/p>\n\n\n\n<p>La artista originaria de Florencia afincada en M\u00e9xico realiz\u00f3 sus estudios en la Academia de Bellas Artes de Brera en Mil\u00e1n. Desde el a\u00f1o 2004 se hab\u00eda dedicado a la realizaci\u00f3n de efectos especiales y escultura para la industria del cine y gracias a esta profesi\u00f3n aprendi\u00f3 t\u00e9cnicas de modelado, que comenz\u00f3 a trasladar a su trabajo personal como artista.<\/p>\n\n\n\n<p class=\"has-small-font-size\">Imagen: Francesca Dalla Benetta \u2013 milenio.com<\/p>\n\n\n\n<div style=\"height:12px\" aria-hidden=\"true\" class=\"wp-block-spacer\"><\/div>\n\n\n<!-- Ad space powered by WP AdCenter v2.5.7 - https:\/\/wpadcenter.com\/ --><div class=\"wpadcenter-adgroup\" ><div class=\"wpadcenter-adgroup__row wpadcenter-aligncenter\"><div class=\"wpadcenter-ad-container\" ><div id=\"wpadcenter-ad-18464\" class=\"ad-placement\"><div class=\"wpadcenter-ad-inner\" ><a id=\"wpadcenter_ad\" data-value=\"18464\" data-placement=\"\" href=\"https:\/\/www.productosremo.com\/\" target=\"_blank\" class=\"wpadcenter-ad-inner__item\" ><img decoding=\"async\"   src=\"https:\/\/puntodincontro.mx\/wp-content\/uploads\/2021\/08\/remobanner.jpg\" class=\"attachment-post-thumbnail size-post-thumbnail wp-post-image\" alt=\"\" srcset=\"https:\/\/puntodincontro.mx\/wp-content\/uploads\/2021\/08\/remobanner.jpg 200w, https:\/\/puntodincontro.mx\/wp-content\/uploads\/2021\/08\/remobanner-16x5.jpg 16w\" sizes=\"(max-width: 200px) 100vw, 200px\" \/><\/a><\/div><\/div><\/div><div class=\"wpadcenter-ad-container\" ><div id=\"wpadcenter-ad-5305\" class=\"ad-placement\"><div class=\"wpadcenter-ad-inner\" ><a id=\"wpadcenter_ad\" data-value=\"5305\" data-placement=\"\" href=\"https:\/\/ambcittadelmessico.esteri.it\/ambasciata_cittadelmessico\/it\/\" target=\"_blank\" class=\"wpadcenter-ad-inner__item\" ><img decoding=\"async\"   src=\"https:\/\/puntodincontro.mx\/wp-content\/uploads\/2022\/05\/Ambasciata.jpg\" class=\"attachment-post-thumbnail size-post-thumbnail wp-post-image\" alt=\"\" srcset=\"https:\/\/puntodincontro.mx\/wp-content\/uploads\/2022\/05\/Ambasciata.jpg 200w, https:\/\/puntodincontro.mx\/wp-content\/uploads\/2022\/05\/Ambasciata-18x5.jpg 18w\" sizes=\"(max-width: 200px) 100vw, 200px\" \/><\/a><\/div><\/div><\/div><div class=\"wpadcenter-ad-container\" ><div id=\"wpadcenter-ad-3781\" class=\"ad-placement\"><div class=\"wpadcenter-ad-inner\" ><a id=\"wpadcenter_ad\" data-value=\"3781\" data-placement=\"\" href=\"https:\/\/cannizzo.com.mx\/\" target=\"_blank\" class=\"wpadcenter-ad-inner__item\" ><img decoding=\"async\"   src=\"https:\/\/puntodincontro.mx\/wp-content\/uploads\/2022\/03\/cannizzo2.jpg\" class=\"attachment-post-thumbnail size-post-thumbnail wp-post-image\" alt=\"\" srcset=\"https:\/\/puntodincontro.mx\/wp-content\/uploads\/2022\/03\/cannizzo2.jpg 200w, https:\/\/puntodincontro.mx\/wp-content\/uploads\/2022\/03\/cannizzo2-18x5.jpg 18w\" sizes=\"(max-width: 200px) 100vw, 200px\" \/><\/a><\/div><\/div><\/div><\/div><div class=\"wpadcenter-adgroup__row wpadcenter-aligncenter\"><div class=\"wpadcenter-ad-container\" ><div id=\"wpadcenter-ad-1704\" class=\"ad-placement\"><div class=\"wpadcenter-ad-inner\" ><a id=\"wpadcenter_ad\" data-value=\"1704\" data-placement=\"\" href=\"https:\/\/puntodincontro.mx\/es\/2021\/12\/24\/inps-verificacion-de-supervivencia-de-los-pensionados-en-el-extranjero\/\" target=\"_blank\" class=\"wpadcenter-ad-inner__item\" ><img decoding=\"async\"   src=\"https:\/\/puntodincontro.mx\/wp-content\/uploads\/2021\/11\/logo-ital.jpg\" class=\"attachment-post-thumbnail size-post-thumbnail wp-post-image\" alt=\"Patronato ITAL Messico\" srcset=\"https:\/\/puntodincontro.mx\/wp-content\/uploads\/2021\/11\/logo-ital.jpg 200w, https:\/\/puntodincontro.mx\/wp-content\/uploads\/2021\/11\/logo-ital-16x5.jpg 16w\" sizes=\"(max-width: 200px) 100vw, 200px\" \/><\/a><\/div><\/div><\/div><div class=\"wpadcenter-ad-container\" ><div id=\"wpadcenter-ad-1538\" class=\"ad-placement\"><div class=\"wpadcenter-ad-inner\" ><a id=\"wpadcenter_ad\" data-value=\"1538\" data-placement=\"\" href=\"https:\/\/asociacionitaliana.org\/\" target=\"_blank\" class=\"wpadcenter-ad-inner__item\" ><img decoding=\"async\"   src=\"https:\/\/puntodincontro.mx\/wp-content\/uploads\/2021\/11\/aialogo.jpg\" class=\"attachment-post-thumbnail size-post-thumbnail wp-post-image\" alt=\"Associazione Italiana di Assistenza IAP\" srcset=\"https:\/\/puntodincontro.mx\/wp-content\/uploads\/2021\/11\/aialogo.jpg 200w, https:\/\/puntodincontro.mx\/wp-content\/uploads\/2021\/11\/aialogo-18x5.jpg 18w\" sizes=\"(max-width: 200px) 100vw, 200px\" \/><\/a><\/div><\/div><\/div><div class=\"wpadcenter-ad-container\" ><div id=\"wpadcenter-ad-1513\" class=\"ad-placement\"><div class=\"wpadcenter-ad-inner\" ><a id=\"wpadcenter_ad\" data-value=\"1513\" data-placement=\"\" href=\"https:\/\/gcinmuebles.mx\" target=\"_blank\" class=\"wpadcenter-ad-inner__item\" ><img decoding=\"async\"   src=\"https:\/\/puntodincontro.mx\/wp-content\/uploads\/2021\/10\/gcinmuebleslogopunto-1.jpg\" class=\"attachment-post-thumbnail size-post-thumbnail wp-post-image\" alt=\"\" srcset=\"https:\/\/puntodincontro.mx\/wp-content\/uploads\/2021\/10\/gcinmuebleslogopunto-1.jpg 200w, https:\/\/puntodincontro.mx\/wp-content\/uploads\/2021\/10\/gcinmuebleslogopunto-1-18x5.jpg 18w\" sizes=\"(max-width: 200px) 100vw, 200px\" \/><\/a><\/div><\/div><\/div><\/div><div class=\"wpadcenter-adgroup__row wpadcenter-aligncenter\"><div class=\"wpadcenter-ad-container\" ><div id=\"wpadcenter-ad-1374\" class=\"ad-placement\"><div class=\"wpadcenter-ad-inner\" ><a id=\"wpadcenter_ad\" data-value=\"1374\" data-placement=\"\" href=\"https:\/\/www.9colonne.it\/\" target=\"_blank\" class=\"wpadcenter-ad-inner__item\" ><img decoding=\"async\"   src=\"https:\/\/puntodincontro.mx\/wp-content\/uploads\/2021\/10\/Banner9colonne.gif\" class=\"attachment-post-thumbnail size-post-thumbnail wp-post-image\" alt=\"\" \/><\/a><\/div><\/div><\/div><div class=\"wpadcenter-ad-container\" ><div id=\"wpadcenter-ad-276\" class=\"ad-placement\"><div class=\"wpadcenter-ad-inner\" ><a id=\"wpadcenter_ad\" data-value=\"276\" data-placement=\"\" href=\"http:\/\/www.camaraitaliana.mx\/\" target=\"_blank\" class=\"wpadcenter-ad-inner__item\" ><img decoding=\"async\"   src=\"https:\/\/puntodincontro.mx\/wp-content\/uploads\/2021\/08\/ccimnuovo.jpg\" class=\"attachment-post-thumbnail size-post-thumbnail wp-post-image\" alt=\"\" srcset=\"https:\/\/puntodincontro.mx\/wp-content\/uploads\/2021\/08\/ccimnuovo.jpg 200w, https:\/\/puntodincontro.mx\/wp-content\/uploads\/2021\/08\/ccimnuovo-18x5.jpg 18w\" sizes=\"(max-width: 200px) 100vw, 200px\" \/><\/a><\/div><\/div><\/div><div class=\"wpadcenter-ad-container\" ><div id=\"wpadcenter-ad-272\" class=\"ad-placement\"><div class=\"wpadcenter-ad-inner\" ><a id=\"wpadcenter_ad\" data-value=\"272\" data-placement=\"\" href=\"http:\/\/corix.us\/\" target=\"_blank\" class=\"wpadcenter-ad-inner__item\" ><img decoding=\"async\"   src=\"https:\/\/puntodincontro.mx\/wp-content\/uploads\/2021\/08\/corixbanner-1.jpg\" class=\"attachment-post-thumbnail size-post-thumbnail wp-post-image\" alt=\"\" srcset=\"https:\/\/puntodincontro.mx\/wp-content\/uploads\/2021\/08\/corixbanner-1.jpg 200w, https:\/\/puntodincontro.mx\/wp-content\/uploads\/2021\/08\/corixbanner-1-16x5.jpg 16w\" sizes=\"(max-width: 200px) 100vw, 200px\" \/><\/a><\/div><\/div><\/div><\/div><div class=\"wpadcenter-adgroup__row wpadcenter-aligncenter\"><div class=\"wpadcenter-ad-container\" ><div id=\"wpadcenter-ad-266\" class=\"ad-placement\"><div class=\"wpadcenter-ad-inner\" ><a id=\"wpadcenter_ad\" data-value=\"266\" data-placement=\"\" href=\"https:\/\/www.prinsel.com.mx\/\" target=\"_blank\" class=\"wpadcenter-ad-inner__item\" ><img decoding=\"async\"   src=\"https:\/\/puntodincontro.mx\/wp-content\/uploads\/2021\/08\/prinselbanner-1.jpg\" class=\"attachment-post-thumbnail size-post-thumbnail wp-post-image\" alt=\"\" srcset=\"https:\/\/puntodincontro.mx\/wp-content\/uploads\/2021\/08\/prinselbanner-1.jpg 200w, https:\/\/puntodincontro.mx\/wp-content\/uploads\/2021\/08\/prinselbanner-1-16x5.jpg 16w\" sizes=\"(max-width: 200px) 100vw, 200px\" \/><\/a><\/div><\/div><\/div><div class=\"wpadcenter-ad-container\" ><div id=\"wpadcenter-ad-261\" class=\"ad-placement\"><div class=\"wpadcenter-ad-inner\" ><a id=\"wpadcenter_ad\" data-value=\"261\" data-placement=\"\" href=\"https:\/\/faitalia.com.mx\/\" target=\"_blank\" class=\"wpadcenter-ad-inner__item\" ><img decoding=\"async\"   src=\"https:\/\/puntodincontro.mx\/wp-content\/uploads\/2021\/08\/gruppodino.jpg\" class=\"attachment-post-thumbnail size-post-thumbnail wp-post-image\" alt=\"\" srcset=\"https:\/\/puntodincontro.mx\/wp-content\/uploads\/2021\/08\/gruppodino.jpg 200w, https:\/\/puntodincontro.mx\/wp-content\/uploads\/2021\/08\/gruppodino-18x5.jpg 18w\" sizes=\"(max-width: 200px) 100vw, 200px\" \/><\/a><\/div><\/div><\/div><\/div><\/div>\n\n\n<div style=\"height:12px\" aria-hidden=\"true\" class=\"wp-block-spacer\"><\/div>","protected":false},"excerpt":{"rendered":"<p>Ore 15.51 &#8211; L&#8217;artista italiana Francesca Dalla Benetta partecipa, insieme a Olinka Dom\u00ednguez e Maritza Morillas, alla mostra Tzompantli, organizzata dal collettivo Art Spectrum su un tema di grande importanza culturale in Messico. Ognuna delle proposte estetiche che definiscono le loro opere, e con le quali sono riuscite a influenzare l&#8217;arte attuale, arricchiscono questa iniziativa, inaugurata ieri sera nello spazio espositivo Amplia Galer\u00eda, di Emmanuel Mart\u00ednez D\u00edaz, situato in Baja California 212, quartiere Roma Sur, nella capitale del Paese. L&#8217;esposizione potr\u00e0 essere visitata fino al 29 gennaio. Questa rivisitazione contemporanea di un&#8217;antica tradizione preispanica trae spunto dalla cultura Mexica, che&#8230; <\/p>","protected":false},"author":2,"featured_media":21297,"comment_status":"open","ping_status":"open","sticky":false,"template":"","format":"standard","meta":{"_monsterinsights_skip_tracking":false,"_monsterinsights_sitenote_active":false,"_monsterinsights_sitenote_note":"","_monsterinsights_sitenote_category":0,"footnotes":""},"categories":[25],"tags":[],"class_list":["post-21288","post","type-post","status-publish","format-standard","has-post-thumbnail","hentry","category-cultura"],"yoast_head":"<!-- This site is optimized with the Yoast SEO Premium plugin v18.4 (Yoast SEO v25.6) - https:\/\/yoast.com\/wordpress\/plugins\/seo\/ -->\n<title>Un&#039;artista italiana partecipa alla mostra &#039;Tzompantli&#039; in Messico<\/title>\n<meta name=\"description\" content=\"L&#039;artista italiana Francesca Dalla Benetta partecipa alla mostra &#039;Tzompantli&#039;, organizzata dal collettivo Art Spectrum in Messico.\" \/>\n<meta name=\"robots\" content=\"index, follow, max-snippet:-1, max-image-preview:large, max-video-preview:-1\" \/>\n<link rel=\"canonical\" href=\"https:\/\/puntodincontro.mx\/es\/2025\/01\/10\/una-artista-italiana-participa-en-un-tzompantli-contemporaneo-en-mexico4\/\" \/>\n<meta property=\"og:locale\" content=\"es_MX\" \/>\n<meta property=\"og:type\" content=\"article\" \/>\n<meta property=\"og:title\" content=\"Un&#039;artista italiana partecipa a un &#039;Tzompantli&#039; contemporaneo in Messico\" \/>\n<meta property=\"og:description\" content=\"L&#039;artista italiana Francesca Dalla Benetta partecipa alla mostra &#039;Tzompantli&#039;, organizzata dal collettivo Art Spectrum in Messico.\" \/>\n<meta property=\"og:url\" content=\"https:\/\/puntodincontro.mx\/es\/2025\/01\/10\/una-artista-italiana-participa-en-un-tzompantli-contemporaneo-en-mexico4\/\" \/>\n<meta property=\"og:site_name\" content=\"Puntodincontro\" \/>\n<meta property=\"article:publisher\" content=\"https:\/\/www.facebook.com\/puntodincontro.mx\" \/>\n<meta property=\"article:published_time\" content=\"2025-01-11T00:42:39+00:00\" \/>\n<meta property=\"article:modified_time\" content=\"2025-01-11T00:59:13+00:00\" \/>\n<meta property=\"og:image\" content=\"https:\/\/puntodincontro.mx\/wp-content\/uploads\/2025\/01\/nuovafotoartistaitalianapuntocomp.jpg\" \/>\n\t<meta property=\"og:image:width\" content=\"932\" \/>\n\t<meta property=\"og:image:height\" content=\"488\" \/>\n\t<meta property=\"og:image:type\" content=\"image\/jpeg\" \/>\n<meta name=\"author\" content=\"Puntodincontro\" \/>\n<meta name=\"twitter:card\" content=\"summary_large_image\" \/>\n<meta name=\"twitter:creator\" content=\"@puntodincontro\" \/>\n<meta name=\"twitter:site\" content=\"@puntodincontro\" \/>\n<meta name=\"twitter:label1\" content=\"Escrito por\" \/>\n\t<meta name=\"twitter:data1\" content=\"Puntodincontro\" \/>\n\t<meta name=\"twitter:label2\" content=\"Tiempo de lectura\" \/>\n\t<meta name=\"twitter:data2\" content=\"2 minutos\" \/>\n<script type=\"application\/ld+json\" class=\"yoast-schema-graph\">{\"@context\":\"https:\/\/schema.org\",\"@graph\":[{\"@type\":\"NewsArticle\",\"@id\":\"https:\/\/puntodincontro.mx\/2025\/01\/10\/unartista-italiana-partecipa-a-un-tzompantli-contemporaneo-in-messico4\/#article\",\"isPartOf\":{\"@id\":\"https:\/\/puntodincontro.mx\/2025\/01\/10\/unartista-italiana-partecipa-a-un-tzompantli-contemporaneo-in-messico4\/\"},\"author\":{\"name\":\"Puntodincontro\",\"@id\":\"https:\/\/puntodincontro.mx\/#\/schema\/person\/d3066d18a16259cbb0c29b0d0e93b556\"},\"headline\":\"Un&#8217;artista italiana partecipa a un &#8216;Tzompantli&#8217; contemporaneo in Messico\",\"datePublished\":\"2025-01-11T00:42:39+00:00\",\"dateModified\":\"2025-01-11T00:59:13+00:00\",\"mainEntityOfPage\":{\"@id\":\"https:\/\/puntodincontro.mx\/2025\/01\/10\/unartista-italiana-partecipa-a-un-tzompantli-contemporaneo-in-messico4\/\"},\"wordCount\":335,\"commentCount\":0,\"publisher\":{\"@id\":\"https:\/\/puntodincontro.mx\/#organization\"},\"image\":{\"@id\":\"https:\/\/puntodincontro.mx\/2025\/01\/10\/unartista-italiana-partecipa-a-un-tzompantli-contemporaneo-in-messico4\/#primaryimage\"},\"thumbnailUrl\":\"https:\/\/puntodincontro.mx\/wp-content\/uploads\/2025\/01\/artistaitalianapuntovert.webp\",\"articleSection\":[\"Cultura\"],\"inLanguage\":\"es\",\"potentialAction\":[{\"@type\":\"CommentAction\",\"name\":\"Comment\",\"target\":[\"https:\/\/puntodincontro.mx\/2025\/01\/10\/unartista-italiana-partecipa-a-un-tzompantli-contemporaneo-in-messico4\/#respond\"]}]},{\"@type\":\"WebPage\",\"@id\":\"https:\/\/puntodincontro.mx\/2025\/01\/10\/unartista-italiana-partecipa-a-un-tzompantli-contemporaneo-in-messico4\/\",\"url\":\"https:\/\/puntodincontro.mx\/2025\/01\/10\/unartista-italiana-partecipa-a-un-tzompantli-contemporaneo-in-messico4\/\",\"name\":\"Un'artista italiana partecipa alla mostra 'Tzompantli' in Messico\",\"isPartOf\":{\"@id\":\"https:\/\/puntodincontro.mx\/#website\"},\"primaryImageOfPage\":{\"@id\":\"https:\/\/puntodincontro.mx\/2025\/01\/10\/unartista-italiana-partecipa-a-un-tzompantli-contemporaneo-in-messico4\/#primaryimage\"},\"image\":{\"@id\":\"https:\/\/puntodincontro.mx\/2025\/01\/10\/unartista-italiana-partecipa-a-un-tzompantli-contemporaneo-in-messico4\/#primaryimage\"},\"thumbnailUrl\":\"https:\/\/puntodincontro.mx\/wp-content\/uploads\/2025\/01\/artistaitalianapuntovert.webp\",\"datePublished\":\"2025-01-11T00:42:39+00:00\",\"dateModified\":\"2025-01-11T00:59:13+00:00\",\"description\":\"L'artista italiana Francesca Dalla Benetta partecipa alla mostra 'Tzompantli', organizzata dal collettivo Art Spectrum in Messico.\",\"breadcrumb\":{\"@id\":\"https:\/\/puntodincontro.mx\/2025\/01\/10\/unartista-italiana-partecipa-a-un-tzompantli-contemporaneo-in-messico4\/#breadcrumb\"},\"inLanguage\":\"es\",\"potentialAction\":[{\"@type\":\"ReadAction\",\"target\":[\"https:\/\/puntodincontro.mx\/2025\/01\/10\/unartista-italiana-partecipa-a-un-tzompantli-contemporaneo-in-messico4\/\"]}]},{\"@type\":\"ImageObject\",\"inLanguage\":\"es\",\"@id\":\"https:\/\/puntodincontro.mx\/2025\/01\/10\/unartista-italiana-partecipa-a-un-tzompantli-contemporaneo-in-messico4\/#primaryimage\",\"url\":\"https:\/\/puntodincontro.mx\/wp-content\/uploads\/2025\/01\/artistaitalianapuntovert.webp\",\"contentUrl\":\"https:\/\/puntodincontro.mx\/wp-content\/uploads\/2025\/01\/artistaitalianapuntovert.webp\",\"width\":423,\"height\":488,\"caption\":\"Un'artista italiana partecipa a un Tzompantli contemporaneo in Messico \/ Immagine: Francesca Dalla Benetta - milenio.com\"},{\"@type\":\"BreadcrumbList\",\"@id\":\"https:\/\/puntodincontro.mx\/2025\/01\/10\/unartista-italiana-partecipa-a-un-tzompantli-contemporaneo-in-messico4\/#breadcrumb\",\"itemListElement\":[{\"@type\":\"ListItem\",\"position\":1,\"name\":\"Home\",\"item\":\"https:\/\/puntodincontro.mx\/\"},{\"@type\":\"ListItem\",\"position\":2,\"name\":\"Un&#8217;artista italiana partecipa a un &#8216;Tzompantli&#8217; contemporaneo in Messico\"}]},{\"@type\":\"WebSite\",\"@id\":\"https:\/\/puntodincontro.mx\/#website\",\"url\":\"https:\/\/puntodincontro.mx\/\",\"name\":\"Puntodincontro\",\"description\":\"Dal 2006 notizie sui rapporti Italia-Messico \/ Desde 2006 noticias sobre las relaciones entre Italia y M\u00e9xico\",\"publisher\":{\"@id\":\"https:\/\/puntodincontro.mx\/#organization\"},\"potentialAction\":[{\"@type\":\"SearchAction\",\"target\":{\"@type\":\"EntryPoint\",\"urlTemplate\":\"https:\/\/puntodincontro.mx\/?s={search_term_string}\"},\"query-input\":{\"@type\":\"PropertyValueSpecification\",\"valueRequired\":true,\"valueName\":\"search_term_string\"}}],\"inLanguage\":\"es\"},{\"@type\":\"Organization\",\"@id\":\"https:\/\/puntodincontro.mx\/#organization\",\"name\":\"Puntodincontro\",\"url\":\"https:\/\/puntodincontro.mx\/\",\"logo\":{\"@type\":\"ImageObject\",\"inLanguage\":\"es\",\"@id\":\"https:\/\/puntodincontro.mx\/#\/schema\/logo\/image\/\",\"url\":\"https:\/\/puntodincontro.mx\/wp-content\/uploads\/2021\/08\/Default-image-for-open-graph-settings.jpg\",\"contentUrl\":\"https:\/\/puntodincontro.mx\/wp-content\/uploads\/2021\/08\/Default-image-for-open-graph-settings.jpg\",\"width\":1200,\"height\":630,\"caption\":\"Puntodincontro\"},\"image\":{\"@id\":\"https:\/\/puntodincontro.mx\/#\/schema\/logo\/image\/\"},\"sameAs\":[\"https:\/\/www.facebook.com\/puntodincontro.mx\",\"https:\/\/x.com\/puntodincontro\",\"https:\/\/www.instagram.com\/puntodincontro.mx\/\",\"https:\/\/www.linkedin.com\/company\/puntodincontro\/\",\"https:\/\/www.youtube.com\/c\/puntodincontromessico\",\"https:\/\/www.patreon.com\/puntodincontro\",\"https:\/\/www.threads.net\/@puntodincontro.mx\"]},{\"@type\":\"Person\",\"@id\":\"https:\/\/puntodincontro.mx\/#\/schema\/person\/d3066d18a16259cbb0c29b0d0e93b556\",\"name\":\"Puntodincontro\",\"image\":{\"@type\":\"ImageObject\",\"inLanguage\":\"es\",\"@id\":\"https:\/\/puntodincontro.mx\/#\/schema\/person\/image\/\",\"url\":\"https:\/\/secure.gravatar.com\/avatar\/0e85b4b3b5e9d6bfcec6a4956d8cc63a?s=96&d=mm&r=g\",\"contentUrl\":\"https:\/\/secure.gravatar.com\/avatar\/0e85b4b3b5e9d6bfcec6a4956d8cc63a?s=96&d=mm&r=g\",\"caption\":\"Puntodincontro\"},\"url\":\"https:\/\/puntodincontro.mx\/es\/author\/puntodincontro\/\"}]}<\/script>\n<!-- \/ Yoast SEO Premium plugin. -->","yoast_head_json":{"title":"Una artista italiana participa en la exposici\u00f3n 'Tzompantli' en M\u00e9xico","description":"La artista italiana Francesca Dalla Benetta participa en la exposici\u00f3n \u2018Tzompantli\u2019, organizada por el colectivo Art Spectrum en M\u00e9xico.","robots":{"index":"index","follow":"follow","max-snippet":"max-snippet:-1","max-image-preview":"max-image-preview:large","max-video-preview":"max-video-preview:-1"},"canonical":"https:\/\/puntodincontro.mx\/es\/2025\/01\/10\/una-artista-italiana-participa-en-un-tzompantli-contemporaneo-en-mexico4\/","og_locale":"es_MX","og_type":"article","og_title":"Un'artista italiana partecipa a un 'Tzompantli' contemporaneo in Messico","og_description":"L'artista italiana Francesca Dalla Benetta partecipa alla mostra 'Tzompantli', organizzata dal collettivo Art Spectrum in Messico.","og_url":"https:\/\/puntodincontro.mx\/es\/2025\/01\/10\/una-artista-italiana-participa-en-un-tzompantli-contemporaneo-en-mexico4\/","og_site_name":"Puntodincontro","article_publisher":"https:\/\/www.facebook.com\/puntodincontro.mx","article_published_time":"2025-01-11T00:42:39+00:00","article_modified_time":"2025-01-11T00:59:13+00:00","og_image":[{"width":932,"height":488,"url":"https:\/\/puntodincontro.mx\/wp-content\/uploads\/2025\/01\/nuovafotoartistaitalianapuntocomp.jpg","type":"image\/jpeg"}],"author":"Puntodincontro","twitter_card":"summary_large_image","twitter_creator":"@puntodincontro","twitter_site":"@puntodincontro","twitter_misc":{"Escrito por":"Puntodincontro","Tiempo de lectura":"2 minutos"},"schema":{"@context":"https:\/\/schema.org","@graph":[{"@type":"NewsArticle","@id":"https:\/\/puntodincontro.mx\/2025\/01\/10\/unartista-italiana-partecipa-a-un-tzompantli-contemporaneo-in-messico4\/#article","isPartOf":{"@id":"https:\/\/puntodincontro.mx\/2025\/01\/10\/unartista-italiana-partecipa-a-un-tzompantli-contemporaneo-in-messico4\/"},"author":{"name":"Puntodincontro","@id":"https:\/\/puntodincontro.mx\/#\/schema\/person\/d3066d18a16259cbb0c29b0d0e93b556"},"headline":"Un&#8217;artista italiana partecipa a un &#8216;Tzompantli&#8217; contemporaneo in Messico","datePublished":"2025-01-11T00:42:39+00:00","dateModified":"2025-01-11T00:59:13+00:00","mainEntityOfPage":{"@id":"https:\/\/puntodincontro.mx\/2025\/01\/10\/unartista-italiana-partecipa-a-un-tzompantli-contemporaneo-in-messico4\/"},"wordCount":335,"commentCount":0,"publisher":{"@id":"https:\/\/puntodincontro.mx\/#organization"},"image":{"@id":"https:\/\/puntodincontro.mx\/2025\/01\/10\/unartista-italiana-partecipa-a-un-tzompantli-contemporaneo-in-messico4\/#primaryimage"},"thumbnailUrl":"https:\/\/puntodincontro.mx\/wp-content\/uploads\/2025\/01\/artistaitalianapuntovert.webp","articleSection":["Cultura"],"inLanguage":"es","potentialAction":[{"@type":"CommentAction","name":"Comment","target":["https:\/\/puntodincontro.mx\/2025\/01\/10\/unartista-italiana-partecipa-a-un-tzompantli-contemporaneo-in-messico4\/#respond"]}]},{"@type":"WebPage","@id":"https:\/\/puntodincontro.mx\/2025\/01\/10\/unartista-italiana-partecipa-a-un-tzompantli-contemporaneo-in-messico4\/","url":"https:\/\/puntodincontro.mx\/2025\/01\/10\/unartista-italiana-partecipa-a-un-tzompantli-contemporaneo-in-messico4\/","name":"Una artista italiana participa en la exposici\u00f3n 'Tzompantli' en M\u00e9xico","isPartOf":{"@id":"https:\/\/puntodincontro.mx\/#website"},"primaryImageOfPage":{"@id":"https:\/\/puntodincontro.mx\/2025\/01\/10\/unartista-italiana-partecipa-a-un-tzompantli-contemporaneo-in-messico4\/#primaryimage"},"image":{"@id":"https:\/\/puntodincontro.mx\/2025\/01\/10\/unartista-italiana-partecipa-a-un-tzompantli-contemporaneo-in-messico4\/#primaryimage"},"thumbnailUrl":"https:\/\/puntodincontro.mx\/wp-content\/uploads\/2025\/01\/artistaitalianapuntovert.webp","datePublished":"2025-01-11T00:42:39+00:00","dateModified":"2025-01-11T00:59:13+00:00","description":"La artista italiana Francesca Dalla Benetta participa en la exposici\u00f3n \u2018Tzompantli\u2019, organizada por el colectivo Art Spectrum en M\u00e9xico.","breadcrumb":{"@id":"https:\/\/puntodincontro.mx\/2025\/01\/10\/unartista-italiana-partecipa-a-un-tzompantli-contemporaneo-in-messico4\/#breadcrumb"},"inLanguage":"es","potentialAction":[{"@type":"ReadAction","target":["https:\/\/puntodincontro.mx\/2025\/01\/10\/unartista-italiana-partecipa-a-un-tzompantli-contemporaneo-in-messico4\/"]}]},{"@type":"ImageObject","inLanguage":"es","@id":"https:\/\/puntodincontro.mx\/2025\/01\/10\/unartista-italiana-partecipa-a-un-tzompantli-contemporaneo-in-messico4\/#primaryimage","url":"https:\/\/puntodincontro.mx\/wp-content\/uploads\/2025\/01\/artistaitalianapuntovert.webp","contentUrl":"https:\/\/puntodincontro.mx\/wp-content\/uploads\/2025\/01\/artistaitalianapuntovert.webp","width":423,"height":488,"caption":"Un'artista italiana partecipa a un Tzompantli contemporaneo in Messico \/ Immagine: Francesca Dalla Benetta - milenio.com"},{"@type":"BreadcrumbList","@id":"https:\/\/puntodincontro.mx\/2025\/01\/10\/unartista-italiana-partecipa-a-un-tzompantli-contemporaneo-in-messico4\/#breadcrumb","itemListElement":[{"@type":"ListItem","position":1,"name":"Home","item":"https:\/\/puntodincontro.mx\/"},{"@type":"ListItem","position":2,"name":"Un&#8217;artista italiana partecipa a un &#8216;Tzompantli&#8217; contemporaneo in Messico"}]},{"@type":"WebSite","@id":"https:\/\/puntodincontro.mx\/#website","url":"https:\/\/puntodincontro.mx\/","name":"Puntodincontro","description":"Desde el 2006 noticias sobre las relaciones entre Italia y M\u00e9xico \/ Dal 2006 notizie sui rapporti Italia-Messico","publisher":{"@id":"https:\/\/puntodincontro.mx\/#organization"},"potentialAction":[{"@type":"SearchAction","target":{"@type":"EntryPoint","urlTemplate":"https:\/\/puntodincontro.mx\/?s={search_term_string}"},"query-input":{"@type":"PropertyValueSpecification","valueRequired":true,"valueName":"search_term_string"}}],"inLanguage":"es"},{"@type":"Organization","@id":"https:\/\/puntodincontro.mx\/#organization","name":"Puntodincontro","url":"https:\/\/puntodincontro.mx\/","logo":{"@type":"ImageObject","inLanguage":"es","@id":"https:\/\/puntodincontro.mx\/#\/schema\/logo\/image\/","url":"https:\/\/puntodincontro.mx\/wp-content\/uploads\/2021\/08\/Default-image-for-open-graph-settings.jpg","contentUrl":"https:\/\/puntodincontro.mx\/wp-content\/uploads\/2021\/08\/Default-image-for-open-graph-settings.jpg","width":1200,"height":630,"caption":"Puntodincontro"},"image":{"@id":"https:\/\/puntodincontro.mx\/#\/schema\/logo\/image\/"},"sameAs":["https:\/\/www.facebook.com\/puntodincontro.mx","https:\/\/x.com\/puntodincontro","https:\/\/www.instagram.com\/puntodincontro.mx\/","https:\/\/www.linkedin.com\/company\/puntodincontro\/","https:\/\/www.youtube.com\/c\/puntodincontromessico","https:\/\/www.patreon.com\/puntodincontro","https:\/\/www.threads.net\/@puntodincontro.mx"]},{"@type":"Person","@id":"https:\/\/puntodincontro.mx\/#\/schema\/person\/d3066d18a16259cbb0c29b0d0e93b556","name":"Puntodincontro","image":{"@type":"ImageObject","inLanguage":"es","@id":"https:\/\/puntodincontro.mx\/#\/schema\/person\/image\/","url":"https:\/\/secure.gravatar.com\/avatar\/0e85b4b3b5e9d6bfcec6a4956d8cc63a?s=96&d=mm&r=g","contentUrl":"https:\/\/secure.gravatar.com\/avatar\/0e85b4b3b5e9d6bfcec6a4956d8cc63a?s=96&d=mm&r=g","caption":"Puntodincontro"},"url":"https:\/\/puntodincontro.mx\/es\/author\/puntodincontro\/"}]}},"_links":{"self":[{"href":"https:\/\/puntodincontro.mx\/es\/wp-json\/wp\/v2\/posts\/21288"}],"collection":[{"href":"https:\/\/puntodincontro.mx\/es\/wp-json\/wp\/v2\/posts"}],"about":[{"href":"https:\/\/puntodincontro.mx\/es\/wp-json\/wp\/v2\/types\/post"}],"author":[{"embeddable":true,"href":"https:\/\/puntodincontro.mx\/es\/wp-json\/wp\/v2\/users\/2"}],"replies":[{"embeddable":true,"href":"https:\/\/puntodincontro.mx\/es\/wp-json\/wp\/v2\/comments?post=21288"}],"version-history":[{"count":13,"href":"https:\/\/puntodincontro.mx\/es\/wp-json\/wp\/v2\/posts\/21288\/revisions"}],"predecessor-version":[{"id":21303,"href":"https:\/\/puntodincontro.mx\/es\/wp-json\/wp\/v2\/posts\/21288\/revisions\/21303"}],"wp:featuredmedia":[{"embeddable":true,"href":"https:\/\/puntodincontro.mx\/es\/wp-json\/wp\/v2\/media\/21297"}],"wp:attachment":[{"href":"https:\/\/puntodincontro.mx\/es\/wp-json\/wp\/v2\/media?parent=21288"}],"wp:term":[{"taxonomy":"category","embeddable":true,"href":"https:\/\/puntodincontro.mx\/es\/wp-json\/wp\/v2\/categories?post=21288"},{"taxonomy":"post_tag","embeddable":true,"href":"https:\/\/puntodincontro.mx\/es\/wp-json\/wp\/v2\/tags?post=21288"}],"curies":[{"name":"wp","href":"https:\/\/api.w.org\/{rel}","templated":true}]}}