{"id":2144,"date":"2021-12-09T07:19:41","date_gmt":"2021-12-09T13:19:41","guid":{"rendered":"https:\/\/puntodincontro.mx\/?p=2144"},"modified":"2021-12-09T07:25:44","modified_gmt":"2021-12-09T13:25:44","slug":"fallecio-lina-wertmuller-la-primera-directora-nominada-a-un-oscar","status":"publish","type":"post","link":"https:\/\/puntodincontro.mx\/es\/2021\/12\/09\/addio-a-lina-wertmuller-prima-regista-candidata-alloscar\/","title":{"rendered":"Falleci\u00f3 Lina Wertm\u00fcller, la primera directora nominada a un \u00d3scar"},"content":{"rendered":"<p class=\"translation-block\"><strong>07:06 hrs.<\/strong> \u2013 Falleci\u00f3 Lina Wertm\u00fcller.<\/p>\n\n\n\n<p>La directora italiana, de 93 a\u00f1os, muri\u00f3 durante la noche en Roma.<\/p>\n\n\n\n<p class=\"translation-block\">Dirigi\u00f3 pel\u00edculas como <em>Mim\u00ec metallurgico ferito nell'onore<\/em> (1972), <em>Ins\u00f3lita aventura de verano<\/em> (1974) y <em>Pasqualino Siete Bellezas<\/em> (1975), que marcaron la historia de la comedia en el cine del Bel Paese.<\/p>\n\n\n\n<p>La cineasta romana hizo historia en 1977 cuando se convirti\u00f3 en la primera mujer nominada al Oscar a mejor directora.<\/p>\n\n\n\n<p>Ser\u00e1 velada en la sede de representaci\u00f3n del municipio de Roma, en el Campidoglio. La noticia fue difundida por el alcalde de Roma Roberto Gualtieri, quien en un tuit la recuerda como \u00abuna gran directora que hizo pel\u00edculas llenas de iron\u00eda e inteligencia, la primera mujer nominada al \u00d3scar a la mejor directora\u00bb.<\/p>\n\n\n\n<p>Ten\u00eda el car\u00e1cter decisivo de quien nunca oculta sus ideas, como su afiliaci\u00f3n al Partido Socialista o la reivindicaci\u00f3n de los derechos de la mujer. \u00abSiempre he tenido un car\u00e1cter fuerte desde que era ni\u00f1a\u00bb, dec\u00eda acerca de s\u00ed misma. \u00abIncluso me echaron de once escuelas, pero a la hora de filmar siempre he sido yo la que manda. Segu\u00ed mi camino sin titubeos, eligiendo siempre hacer lo que me gustaba\u00bb.<\/p>\n\n\n\n<p>Y lo logr\u00f3, como lo demuestra una carrera llena de \u00e9xitos.<\/p>\n\n\n\n<div style=\"height:12px\" aria-hidden=\"true\" class=\"wp-block-spacer\"><\/div>\n\n\n\n\n\n<div style=\"height:12px\" aria-hidden=\"true\" class=\"wp-block-spacer\"><\/div>","protected":false},"excerpt":{"rendered":"<p>Ore 07.06 &#8211; \u00c8 morta Lina Wertm\u00fcller. La regista italiana, che aveva 93 anni, si \u00e8 spenta nella notte a Roma. Aveva diretto film come Mim\u00ec metallurgico ferito nell&#8217;onore (1972), Travolti da un insolito destino nell&#8217;azzurro mare di agosto (1974) e Pasqualino settebellezze (1975), segnando la storia della commedia nel cinema del Bel Paese. La cineasta romana fece la storia nel 1977 quando divenne la prima donna candidata all&#8217;Oscar per la miglior regia. La camera ardente sar\u00e0 allestita nella sede di rappresentanza del comune di Roma, in Campidoglio. La notizia \u00e8 stata data dal sindaco di Roma Roberto Gualtieri che&#8230; <\/p>","protected":false},"author":2,"featured_media":2148,"comment_status":"open","ping_status":"open","sticky":false,"template":"","format":"standard","meta":{"_monsterinsights_skip_tracking":false,"_monsterinsights_sitenote_active":false,"_monsterinsights_sitenote_note":"","_monsterinsights_sitenote_category":0,"footnotes":""},"categories":[25],"tags":[],"class_list":["post-2144","post","type-post","status-publish","format-standard","has-post-thumbnail","hentry","category-cultura"],"yoast_head":"<!-- This site is optimized with the Yoast SEO Premium plugin v18.4 (Yoast SEO v25.6) - https:\/\/yoast.com\/wordpress\/plugins\/seo\/ -->\n<title>Addio a Lina Wertm\u00fcller, prima regista candidata all&#039;Oscar Puntodincontro<\/title>\n<meta name=\"description\" content=\"\u00c8 morta Lina Lina Wertm\u00fcller. La regista italiana, che aveva 93 anni, si \u00e8 spenta nella notte a Roma. Aveva diretto film come \u201cMim\u00ec metallurgico ferito nell&#039;onore\u201d (1972), \u201cTravolti da un insolito destino nell&#039;azzurro mare di agosto\u201d (1974) e \u201cPasqualino settebellezze\u201d (1975), segnando la storia della commedia nel cinema del Bel Paese.\" \/>\n<meta name=\"robots\" content=\"index, follow, max-snippet:-1, max-image-preview:large, max-video-preview:-1\" \/>\n<link rel=\"canonical\" href=\"https:\/\/puntodincontro.mx\/es\/2021\/12\/09\/fallecio-lina-wertmuller-la-primera-directora-nominada-a-un-oscar\/\" \/>\n<meta property=\"og:locale\" content=\"es_MX\" \/>\n<meta property=\"og:type\" content=\"article\" \/>\n<meta property=\"og:title\" content=\"Addio a Lina Wertm\u00fcller, prima regista candidata all&#039;Oscar\" \/>\n<meta property=\"og:description\" content=\"\u00c8 morta Lina Lina Wertm\u00fcller. La regista italiana, che aveva 93 anni, si \u00e8 spenta nella notte a Roma. Aveva diretto film come \u201cMim\u00ec metallurgico ferito nell&#039;onore\u201d (1972), \u201cTravolti da un insolito destino nell&#039;azzurro mare di agosto\u201d (1974) e \u201cPasqualino settebellezze\u201d (1975), segnando la storia della commedia nel cinema del Bel Paese.\" \/>\n<meta property=\"og:url\" content=\"https:\/\/puntodincontro.mx\/es\/2021\/12\/09\/fallecio-lina-wertmuller-la-primera-directora-nominada-a-un-oscar\/\" \/>\n<meta property=\"og:site_name\" content=\"Puntodincontro\" \/>\n<meta property=\"article:publisher\" content=\"https:\/\/www.facebook.com\/puntodincontro.mx\" \/>\n<meta property=\"article:published_time\" content=\"2021-12-09T13:19:41+00:00\" \/>\n<meta property=\"article:modified_time\" content=\"2021-12-09T13:25:44+00:00\" \/>\n<meta property=\"og:image\" content=\"https:\/\/puntodincontro.mx\/wp-content\/uploads\/2021\/12\/addioalinawertmullervert.webp\" \/>\n\t<meta property=\"og:image:width\" content=\"423\" \/>\n\t<meta property=\"og:image:height\" content=\"488\" \/>\n\t<meta property=\"og:image:type\" content=\"image\/webp\" \/>\n<meta name=\"author\" content=\"Puntodincontro\" \/>\n<meta name=\"twitter:card\" content=\"summary_large_image\" \/>\n<meta name=\"twitter:creator\" content=\"@puntodincontro\" \/>\n<meta name=\"twitter:site\" content=\"@puntodincontro\" \/>\n<meta name=\"twitter:label1\" content=\"Escrito por\" \/>\n\t<meta name=\"twitter:data1\" content=\"Puntodincontro\" \/>\n\t<meta name=\"twitter:label2\" content=\"Tiempo de lectura\" \/>\n\t<meta name=\"twitter:data2\" content=\"1 minuto\" \/>\n<script type=\"application\/ld+json\" class=\"yoast-schema-graph\">{\"@context\":\"https:\/\/schema.org\",\"@graph\":[{\"@type\":\"NewsArticle\",\"@id\":\"https:\/\/puntodincontro.mx\/2021\/12\/09\/addio-a-lina-wertmuller-prima-regista-candidata-alloscar\/#article\",\"isPartOf\":{\"@id\":\"https:\/\/puntodincontro.mx\/2021\/12\/09\/addio-a-lina-wertmuller-prima-regista-candidata-alloscar\/\"},\"author\":{\"name\":\"Puntodincontro\",\"@id\":\"https:\/\/puntodincontro.mx\/#\/schema\/person\/d3066d18a16259cbb0c29b0d0e93b556\"},\"headline\":\"Addio a Lina Wertm\u00fcller, prima regista candidata all&#8217;Oscar\",\"datePublished\":\"2021-12-09T13:19:41+00:00\",\"dateModified\":\"2021-12-09T13:25:44+00:00\",\"mainEntityOfPage\":{\"@id\":\"https:\/\/puntodincontro.mx\/2021\/12\/09\/addio-a-lina-wertmuller-prima-regista-candidata-alloscar\/\"},\"wordCount\":211,\"commentCount\":0,\"publisher\":{\"@id\":\"https:\/\/puntodincontro.mx\/#organization\"},\"image\":{\"@id\":\"https:\/\/puntodincontro.mx\/2021\/12\/09\/addio-a-lina-wertmuller-prima-regista-candidata-alloscar\/#primaryimage\"},\"thumbnailUrl\":\"https:\/\/puntodincontro.mx\/wp-content\/uploads\/2021\/12\/addioalinawertmullervert.webp\",\"articleSection\":[\"Cultura\"],\"inLanguage\":\"es\",\"potentialAction\":[{\"@type\":\"CommentAction\",\"name\":\"Comment\",\"target\":[\"https:\/\/puntodincontro.mx\/2021\/12\/09\/addio-a-lina-wertmuller-prima-regista-candidata-alloscar\/#respond\"]}]},{\"@type\":\"WebPage\",\"@id\":\"https:\/\/puntodincontro.mx\/2021\/12\/09\/addio-a-lina-wertmuller-prima-regista-candidata-alloscar\/\",\"url\":\"https:\/\/puntodincontro.mx\/2021\/12\/09\/addio-a-lina-wertmuller-prima-regista-candidata-alloscar\/\",\"name\":\"Addio a Lina Wertm\u00fcller, prima regista candidata all'Oscar Puntodincontro\",\"isPartOf\":{\"@id\":\"https:\/\/puntodincontro.mx\/#website\"},\"primaryImageOfPage\":{\"@id\":\"https:\/\/puntodincontro.mx\/2021\/12\/09\/addio-a-lina-wertmuller-prima-regista-candidata-alloscar\/#primaryimage\"},\"image\":{\"@id\":\"https:\/\/puntodincontro.mx\/2021\/12\/09\/addio-a-lina-wertmuller-prima-regista-candidata-alloscar\/#primaryimage\"},\"thumbnailUrl\":\"https:\/\/puntodincontro.mx\/wp-content\/uploads\/2021\/12\/addioalinawertmullervert.webp\",\"datePublished\":\"2021-12-09T13:19:41+00:00\",\"dateModified\":\"2021-12-09T13:25:44+00:00\",\"description\":\"\u00c8 morta Lina Lina Wertm\u00fcller. La regista italiana, che aveva 93 anni, si \u00e8 spenta nella notte a Roma. Aveva diretto film come \u201cMim\u00ec metallurgico ferito nell'onore\u201d (1972), \u201cTravolti da un insolito destino nell'azzurro mare di agosto\u201d (1974) e \u201cPasqualino settebellezze\u201d (1975), segnando la storia della commedia nel cinema del Bel Paese.\",\"breadcrumb\":{\"@id\":\"https:\/\/puntodincontro.mx\/2021\/12\/09\/addio-a-lina-wertmuller-prima-regista-candidata-alloscar\/#breadcrumb\"},\"inLanguage\":\"es\",\"potentialAction\":[{\"@type\":\"ReadAction\",\"target\":[\"https:\/\/puntodincontro.mx\/2021\/12\/09\/addio-a-lina-wertmuller-prima-regista-candidata-alloscar\/\"]}]},{\"@type\":\"ImageObject\",\"inLanguage\":\"es\",\"@id\":\"https:\/\/puntodincontro.mx\/2021\/12\/09\/addio-a-lina-wertmuller-prima-regista-candidata-alloscar\/#primaryimage\",\"url\":\"https:\/\/puntodincontro.mx\/wp-content\/uploads\/2021\/12\/addioalinawertmullervert.webp\",\"contentUrl\":\"https:\/\/puntodincontro.mx\/wp-content\/uploads\/2021\/12\/addioalinawertmullervert.webp\",\"width\":423,\"height\":488,\"caption\":\"Addio a Lina Wertm\u00fcller, prima regista candidata all'Oscar\"},{\"@type\":\"BreadcrumbList\",\"@id\":\"https:\/\/puntodincontro.mx\/2021\/12\/09\/addio-a-lina-wertmuller-prima-regista-candidata-alloscar\/#breadcrumb\",\"itemListElement\":[{\"@type\":\"ListItem\",\"position\":1,\"name\":\"Home\",\"item\":\"https:\/\/puntodincontro.mx\/\"},{\"@type\":\"ListItem\",\"position\":2,\"name\":\"Addio a Lina Wertm\u00fcller, prima regista candidata all&#8217;Oscar\"}]},{\"@type\":\"WebSite\",\"@id\":\"https:\/\/puntodincontro.mx\/#website\",\"url\":\"https:\/\/puntodincontro.mx\/\",\"name\":\"Puntodincontro\",\"description\":\"Dal 2006 notizie sui rapporti Italia-Messico \/ Desde 2006 noticias sobre las relaciones entre Italia y M\u00e9xico\",\"publisher\":{\"@id\":\"https:\/\/puntodincontro.mx\/#organization\"},\"potentialAction\":[{\"@type\":\"SearchAction\",\"target\":{\"@type\":\"EntryPoint\",\"urlTemplate\":\"https:\/\/puntodincontro.mx\/?s={search_term_string}\"},\"query-input\":{\"@type\":\"PropertyValueSpecification\",\"valueRequired\":true,\"valueName\":\"search_term_string\"}}],\"inLanguage\":\"es\"},{\"@type\":\"Organization\",\"@id\":\"https:\/\/puntodincontro.mx\/#organization\",\"name\":\"Puntodincontro\",\"url\":\"https:\/\/puntodincontro.mx\/\",\"logo\":{\"@type\":\"ImageObject\",\"inLanguage\":\"es\",\"@id\":\"https:\/\/puntodincontro.mx\/#\/schema\/logo\/image\/\",\"url\":\"https:\/\/puntodincontro.mx\/wp-content\/uploads\/2021\/08\/Default-image-for-open-graph-settings.jpg\",\"contentUrl\":\"https:\/\/puntodincontro.mx\/wp-content\/uploads\/2021\/08\/Default-image-for-open-graph-settings.jpg\",\"width\":1200,\"height\":630,\"caption\":\"Puntodincontro\"},\"image\":{\"@id\":\"https:\/\/puntodincontro.mx\/#\/schema\/logo\/image\/\"},\"sameAs\":[\"https:\/\/www.facebook.com\/puntodincontro.mx\",\"https:\/\/x.com\/puntodincontro\",\"https:\/\/www.instagram.com\/puntodincontro.mx\/\",\"https:\/\/www.linkedin.com\/company\/puntodincontro\/\",\"https:\/\/www.youtube.com\/c\/puntodincontromessico\",\"https:\/\/www.patreon.com\/puntodincontro\",\"https:\/\/www.threads.net\/@puntodincontro.mx\"]},{\"@type\":\"Person\",\"@id\":\"https:\/\/puntodincontro.mx\/#\/schema\/person\/d3066d18a16259cbb0c29b0d0e93b556\",\"name\":\"Puntodincontro\",\"image\":{\"@type\":\"ImageObject\",\"inLanguage\":\"es\",\"@id\":\"https:\/\/puntodincontro.mx\/#\/schema\/person\/image\/\",\"url\":\"https:\/\/secure.gravatar.com\/avatar\/0e85b4b3b5e9d6bfcec6a4956d8cc63a?s=96&d=mm&r=g\",\"contentUrl\":\"https:\/\/secure.gravatar.com\/avatar\/0e85b4b3b5e9d6bfcec6a4956d8cc63a?s=96&d=mm&r=g\",\"caption\":\"Puntodincontro\"},\"url\":\"https:\/\/puntodincontro.mx\/es\/author\/puntodincontro\/\"}]}<\/script>\n<!-- \/ Yoast SEO Premium plugin. -->","yoast_head_json":{"title":"Addio a Lina Wertm\u00fcller, prima regista candidata all'Oscar Puntodincontro","description":"\u00c8 morta Lina Lina Wertm\u00fcller. La regista italiana, che aveva 93 anni, si \u00e8 spenta nella notte a Roma. Aveva diretto film come \u201cMim\u00ec metallurgico ferito nell'onore\u201d (1972), \u201cTravolti da un insolito destino nell'azzurro mare di agosto\u201d (1974) e \u201cPasqualino settebellezze\u201d (1975), segnando la storia della commedia nel cinema del Bel Paese.","robots":{"index":"index","follow":"follow","max-snippet":"max-snippet:-1","max-image-preview":"max-image-preview:large","max-video-preview":"max-video-preview:-1"},"canonical":"https:\/\/puntodincontro.mx\/es\/2021\/12\/09\/fallecio-lina-wertmuller-la-primera-directora-nominada-a-un-oscar\/","og_locale":"es_MX","og_type":"article","og_title":"Addio a Lina Wertm\u00fcller, prima regista candidata all'Oscar","og_description":"\u00c8 morta Lina Lina Wertm\u00fcller. La regista italiana, che aveva 93 anni, si \u00e8 spenta nella notte a Roma. Aveva diretto film come \u201cMim\u00ec metallurgico ferito nell'onore\u201d (1972), \u201cTravolti da un insolito destino nell'azzurro mare di agosto\u201d (1974) e \u201cPasqualino settebellezze\u201d (1975), segnando la storia della commedia nel cinema del Bel Paese.","og_url":"https:\/\/puntodincontro.mx\/es\/2021\/12\/09\/fallecio-lina-wertmuller-la-primera-directora-nominada-a-un-oscar\/","og_site_name":"Puntodincontro","article_publisher":"https:\/\/www.facebook.com\/puntodincontro.mx","article_published_time":"2021-12-09T13:19:41+00:00","article_modified_time":"2021-12-09T13:25:44+00:00","og_image":[{"width":423,"height":488,"url":"https:\/\/puntodincontro.mx\/wp-content\/uploads\/2021\/12\/addioalinawertmullervert.webp","type":"image\/webp"}],"author":"Puntodincontro","twitter_card":"summary_large_image","twitter_creator":"@puntodincontro","twitter_site":"@puntodincontro","twitter_misc":{"Escrito por":"Puntodincontro","Tiempo de lectura":"1 minuto"},"schema":{"@context":"https:\/\/schema.org","@graph":[{"@type":"NewsArticle","@id":"https:\/\/puntodincontro.mx\/2021\/12\/09\/addio-a-lina-wertmuller-prima-regista-candidata-alloscar\/#article","isPartOf":{"@id":"https:\/\/puntodincontro.mx\/2021\/12\/09\/addio-a-lina-wertmuller-prima-regista-candidata-alloscar\/"},"author":{"name":"Puntodincontro","@id":"https:\/\/puntodincontro.mx\/#\/schema\/person\/d3066d18a16259cbb0c29b0d0e93b556"},"headline":"Addio a Lina Wertm\u00fcller, prima regista candidata all&#8217;Oscar","datePublished":"2021-12-09T13:19:41+00:00","dateModified":"2021-12-09T13:25:44+00:00","mainEntityOfPage":{"@id":"https:\/\/puntodincontro.mx\/2021\/12\/09\/addio-a-lina-wertmuller-prima-regista-candidata-alloscar\/"},"wordCount":211,"commentCount":0,"publisher":{"@id":"https:\/\/puntodincontro.mx\/#organization"},"image":{"@id":"https:\/\/puntodincontro.mx\/2021\/12\/09\/addio-a-lina-wertmuller-prima-regista-candidata-alloscar\/#primaryimage"},"thumbnailUrl":"https:\/\/puntodincontro.mx\/wp-content\/uploads\/2021\/12\/addioalinawertmullervert.webp","articleSection":["Cultura"],"inLanguage":"es","potentialAction":[{"@type":"CommentAction","name":"Comment","target":["https:\/\/puntodincontro.mx\/2021\/12\/09\/addio-a-lina-wertmuller-prima-regista-candidata-alloscar\/#respond"]}]},{"@type":"WebPage","@id":"https:\/\/puntodincontro.mx\/2021\/12\/09\/addio-a-lina-wertmuller-prima-regista-candidata-alloscar\/","url":"https:\/\/puntodincontro.mx\/2021\/12\/09\/addio-a-lina-wertmuller-prima-regista-candidata-alloscar\/","name":"Addio a Lina Wertm\u00fcller, prima regista candidata all'Oscar Puntodincontro","isPartOf":{"@id":"https:\/\/puntodincontro.mx\/#website"},"primaryImageOfPage":{"@id":"https:\/\/puntodincontro.mx\/2021\/12\/09\/addio-a-lina-wertmuller-prima-regista-candidata-alloscar\/#primaryimage"},"image":{"@id":"https:\/\/puntodincontro.mx\/2021\/12\/09\/addio-a-lina-wertmuller-prima-regista-candidata-alloscar\/#primaryimage"},"thumbnailUrl":"https:\/\/puntodincontro.mx\/wp-content\/uploads\/2021\/12\/addioalinawertmullervert.webp","datePublished":"2021-12-09T13:19:41+00:00","dateModified":"2021-12-09T13:25:44+00:00","description":"\u00c8 morta Lina Lina Wertm\u00fcller. La regista italiana, che aveva 93 anni, si \u00e8 spenta nella notte a Roma. Aveva diretto film come \u201cMim\u00ec metallurgico ferito nell'onore\u201d (1972), \u201cTravolti da un insolito destino nell'azzurro mare di agosto\u201d (1974) e \u201cPasqualino settebellezze\u201d (1975), segnando la storia della commedia nel cinema del Bel Paese.","breadcrumb":{"@id":"https:\/\/puntodincontro.mx\/2021\/12\/09\/addio-a-lina-wertmuller-prima-regista-candidata-alloscar\/#breadcrumb"},"inLanguage":"es","potentialAction":[{"@type":"ReadAction","target":["https:\/\/puntodincontro.mx\/2021\/12\/09\/addio-a-lina-wertmuller-prima-regista-candidata-alloscar\/"]}]},{"@type":"ImageObject","inLanguage":"es","@id":"https:\/\/puntodincontro.mx\/2021\/12\/09\/addio-a-lina-wertmuller-prima-regista-candidata-alloscar\/#primaryimage","url":"https:\/\/puntodincontro.mx\/wp-content\/uploads\/2021\/12\/addioalinawertmullervert.webp","contentUrl":"https:\/\/puntodincontro.mx\/wp-content\/uploads\/2021\/12\/addioalinawertmullervert.webp","width":423,"height":488,"caption":"Addio a Lina Wertm\u00fcller, prima regista candidata all'Oscar"},{"@type":"BreadcrumbList","@id":"https:\/\/puntodincontro.mx\/2021\/12\/09\/addio-a-lina-wertmuller-prima-regista-candidata-alloscar\/#breadcrumb","itemListElement":[{"@type":"ListItem","position":1,"name":"Home","item":"https:\/\/puntodincontro.mx\/"},{"@type":"ListItem","position":2,"name":"Addio a Lina Wertm\u00fcller, prima regista candidata all&#8217;Oscar"}]},{"@type":"WebSite","@id":"https:\/\/puntodincontro.mx\/#website","url":"https:\/\/puntodincontro.mx\/","name":"Puntodincontro","description":"Desde el 2006 noticias sobre las relaciones entre Italia y M\u00e9xico \/ Dal 2006 notizie sui rapporti Italia-Messico","publisher":{"@id":"https:\/\/puntodincontro.mx\/#organization"},"potentialAction":[{"@type":"SearchAction","target":{"@type":"EntryPoint","urlTemplate":"https:\/\/puntodincontro.mx\/?s={search_term_string}"},"query-input":{"@type":"PropertyValueSpecification","valueRequired":true,"valueName":"search_term_string"}}],"inLanguage":"es"},{"@type":"Organization","@id":"https:\/\/puntodincontro.mx\/#organization","name":"Puntodincontro","url":"https:\/\/puntodincontro.mx\/","logo":{"@type":"ImageObject","inLanguage":"es","@id":"https:\/\/puntodincontro.mx\/#\/schema\/logo\/image\/","url":"https:\/\/puntodincontro.mx\/wp-content\/uploads\/2021\/08\/Default-image-for-open-graph-settings.jpg","contentUrl":"https:\/\/puntodincontro.mx\/wp-content\/uploads\/2021\/08\/Default-image-for-open-graph-settings.jpg","width":1200,"height":630,"caption":"Puntodincontro"},"image":{"@id":"https:\/\/puntodincontro.mx\/#\/schema\/logo\/image\/"},"sameAs":["https:\/\/www.facebook.com\/puntodincontro.mx","https:\/\/x.com\/puntodincontro","https:\/\/www.instagram.com\/puntodincontro.mx\/","https:\/\/www.linkedin.com\/company\/puntodincontro\/","https:\/\/www.youtube.com\/c\/puntodincontromessico","https:\/\/www.patreon.com\/puntodincontro","https:\/\/www.threads.net\/@puntodincontro.mx"]},{"@type":"Person","@id":"https:\/\/puntodincontro.mx\/#\/schema\/person\/d3066d18a16259cbb0c29b0d0e93b556","name":"Puntodincontro","image":{"@type":"ImageObject","inLanguage":"es","@id":"https:\/\/puntodincontro.mx\/#\/schema\/person\/image\/","url":"https:\/\/secure.gravatar.com\/avatar\/0e85b4b3b5e9d6bfcec6a4956d8cc63a?s=96&d=mm&r=g","contentUrl":"https:\/\/secure.gravatar.com\/avatar\/0e85b4b3b5e9d6bfcec6a4956d8cc63a?s=96&d=mm&r=g","caption":"Puntodincontro"},"url":"https:\/\/puntodincontro.mx\/es\/author\/puntodincontro\/"}]}},"_links":{"self":[{"href":"https:\/\/puntodincontro.mx\/es\/wp-json\/wp\/v2\/posts\/2144"}],"collection":[{"href":"https:\/\/puntodincontro.mx\/es\/wp-json\/wp\/v2\/posts"}],"about":[{"href":"https:\/\/puntodincontro.mx\/es\/wp-json\/wp\/v2\/types\/post"}],"author":[{"embeddable":true,"href":"https:\/\/puntodincontro.mx\/es\/wp-json\/wp\/v2\/users\/2"}],"replies":[{"embeddable":true,"href":"https:\/\/puntodincontro.mx\/es\/wp-json\/wp\/v2\/comments?post=2144"}],"version-history":[{"count":5,"href":"https:\/\/puntodincontro.mx\/es\/wp-json\/wp\/v2\/posts\/2144\/revisions"}],"predecessor-version":[{"id":2151,"href":"https:\/\/puntodincontro.mx\/es\/wp-json\/wp\/v2\/posts\/2144\/revisions\/2151"}],"wp:featuredmedia":[{"embeddable":true,"href":"https:\/\/puntodincontro.mx\/es\/wp-json\/wp\/v2\/media\/2148"}],"wp:attachment":[{"href":"https:\/\/puntodincontro.mx\/es\/wp-json\/wp\/v2\/media?parent=2144"}],"wp:term":[{"taxonomy":"category","embeddable":true,"href":"https:\/\/puntodincontro.mx\/es\/wp-json\/wp\/v2\/categories?post=2144"},{"taxonomy":"post_tag","embeddable":true,"href":"https:\/\/puntodincontro.mx\/es\/wp-json\/wp\/v2\/tags?post=2144"}],"curies":[{"name":"wp","href":"https:\/\/api.w.org\/{rel}","templated":true}]}}