{"id":2174,"date":"2021-12-10T18:06:00","date_gmt":"2021-12-11T00:06:00","guid":{"rendered":"https:\/\/puntodincontro.mx\/?p=2174"},"modified":"2021-12-10T18:06:02","modified_gmt":"2021-12-11T00:06:02","slug":"entrevista-a-gianluca-brocca-expresidente-del-comites-en-mexico","status":"publish","type":"post","link":"https:\/\/puntodincontro.mx\/es\/2021\/12\/10\/intervista-a-gianluca-brocca-ex-presidente-del-comites-in-messico\/","title":{"rendered":"Entrevista a Gianluca Brocca, expresidente del Comites en M\u00e9xico"},"content":{"rendered":"<p class=\"translation-block\"><strong>17:52 hrs.<\/strong> \u2013 Formulamos algunas preguntas a Gianluca Brocca, ex presidente del Com.It.Es. en el distrito consular de la Ciudad de M\u00e9xico \u2014el \u00fanico en el territorio de este pa\u00eds norteamericano\u2014 pocos d\u00edas despu\u00e9s de finalizar su mandato.<\/p>\n\n\n\n<p><strong>La ley define los Comit\u00e9s de Italianos en el Extranjero como \u00f3rganos representativos de la comunidad italiana que contribuyen a su desarrollo, promueven iniciativas y colaboran con las autoridades consulares. Durante el per\u00edodo 2015-2021, \u00bfcu\u00e1les fueron los eventos m\u00e1s importantes realizados por el Comites en el contexto de estas funciones?<\/strong><\/p>\n\n\n\n<p>Durante nuestro mandato intentamos recoger las necesidades de la comunidad y transmitirlas a las autoridades competentes, que siempre estuvieron disponibles y atentas a nuestros comentarios, aunque no siempre logramos solucionar los problemas cr\u00edticos. Me refiero en particular a los servicios consulares, donde los tiempos de espera \u2014a menudo demasiado largos\u2014 se deben en gran medida a la falta de personal, un aspecto controlado directamente por el ministerio en Roma y no localmente.<\/p>\n\n\n\n<p>Tambi\u00e9n tuvimos una relaci\u00f3n constante con algunos diputados y senadores electos en nuestra <em>ripartizione<\/em> a quienes transmitimos los problemas que vive la comunidad italiana en M\u00e9xico. En particular a trav\u00e9s de la Diputada Francesca La Marca pudimos presentar la idea de un acuerdo entre el IMSS mexicano y el INPS italiano en materia de pensiones y salud. Lamentablemente, los subsecretarios que discutieron la propuesta concluyeron que no hab\u00eda cobertura financiera y no percibimos mucho inter\u00e9s por parte mexicana en llegar a un acuerdo.<\/p>\n\n\n\n<p>Intentamos mantenernos en contacto con las distintas comunidades del pa\u00eds y, en particular, viajamos a zonas que nunca antes hab\u00edan recibido una visita del Comites, como los Estados de Aguascalientes y Durango.<\/p>\n\n\n\n<p>Una relaci\u00f3n muy importante fue con la Asociaci\u00f3n Italiana de Asistencia, que se dedica a apoyar a los connacionales, as\u00ed como sus familiares y descendientes que se encuentran en dificultades. Reportamos solicitudes de ayuda a la asociaci\u00f3n y tambi\u00e9n colaboramos en publicitar los eventos de recaudaci\u00f3n de fondos.<\/p>\n\n\n\n<p>Como parte de la difusi\u00f3n de la lengua y la cultura italiana, colaboramos en diversas iniciativas con la Sociedad Dante Alighieri, la Asociaci\u00f3n de Investigadores Italianos en M\u00e9xico (ARIM) y la Academia de Arte de Florencia, entre otras instituciones. Gracias al esfuerzo del vicepresidente Dino Poli, Italia y el Comites estuvieron presentes en la Feria Internacional del Libro de Guadalajara, uno de los eventos m\u00e1s prestigiosos del mundo en el sector editorial.<\/p>\n\n\n\n<p><strong>\u00bfEn qu\u00e9 situaci\u00f3n se encontraba la comunidad italiana en M\u00e9xico en abril de 2015?<\/strong><\/p>\n\n\n\n<p>En 2015, cuando asumimos el cargo, nos encontramos con diversas situaciones cr\u00edticas en la comunidad incluyendo un conflicto en la Junta Directiva de la Sociedad Dante Alighieri de la Ciudad de M\u00e9xico, malentendidos entre los profesores y la direcci\u00f3n del Instituto Italiano de Cultura, el reemplazo de algunos c\u00f3nsules honorarios por haber alcanzado los l\u00edmites de edad, un n\u00famero muy reducido de traductores expertos concentrados sobre todo en la capital y servicios consulares a menudo deficientes.<\/p>\n\n\n\n<p>No pretendo afirmar que nuestro Comites haya resuelto todos estos problemas, pero ciertamente ayudamos a solucionarlos. En este momento solo en el \u00e1rea de servicios consulares todav\u00eda hay deficiencias, debido a la falta de personal, aunque la introducci\u00f3n del lector \u00f3ptico para la detecci\u00f3n de huellas dactilares en el proceso de emisi\u00f3n de pasaportes en Guadalajara y Playa del Carmen ha mejorado significativamente los servicios en estas dos localidades y \u00e1reas vecinas.<\/p>\n\n\n\n<p><strong>En el mundo hubo 177.835 italianos inscritos en el registro de electores para renovar los Comites, el 3.76% de los derechohabientes. En Centroam\u00e9rica y Norteam\u00e9rica, de 426,924 adultos residentes y registrados en AIRE, se inscribieron 11,575: el 2.71%. En M\u00e9xico, 378 personas completaron el registro, pero solo 232 votaron. Son cifras muy bajas. \u00bfCu\u00e1les son sus comentarios?<\/strong><\/p>\n\n\n\n<p>Son, sin duda, cifras preocupantes: a pesar del aumento de los inscritos en el AIRE, el n\u00famero de votantes disminuye. Es un s\u00edntoma claro de la necesidad de una reforma de las funciones y objetivos de los Comites y esperamos que pronto se aborde el asunto en nuestro parlamento.<\/p>\n\n\n\n<p><strong>En su opini\u00f3n, \u00bfel hecho de que solo se haya presentado una lista en estas elecciones y en las elecciones anteriores es un reflejo del desinter\u00e9s de la comunidad italiana por la instituci\u00f3n del Comites?<\/strong><\/p>\n\n\n\n<p>Hist\u00f3ricamente en M\u00e9xico siempre ha habido una sola lista. La comunidad italiana no es muy numerosa, en comparaci\u00f3n con otros pa\u00edses, y las dificultades para presentar una lista son elementos que limitan la participaci\u00f3n de los connacionales en los Comites.<\/p>\n\n\n\n<p><strong>\u00bfHa tenido contacto con los consejeros del Comit\u00e9 que tom\u00f3 posesi\u00f3n hace unos d\u00edas? \u00bfCu\u00e1les fueron los temas tratados?<\/strong><\/p>\n\n\n\n<p>Tuve contacto con algunos de los consejeros electos que conoc\u00eda previamente y despu\u00e9s de la publicaci\u00f3n de los resultados llam\u00e9 a Giovanni Buzzurro, quien present\u00f3 la lista y obtuvo el mayor n\u00famero de votos, para felicitarlo y garantizar nuestra colaboraci\u00f3n para un traspaso que les permita comenzar trabajando de la mejor manera.<\/p>\n\n\n\n<p><strong>El nuevo Comites fue constituido y promovido bajo los auspicios del Movimento Associativo Italiani all'Estero, un partido pol\u00edtico fundado en Argentina y actualmente representado en el parlamento italiano. \u00bfCree que este hecho podr\u00eda contribuir a un estilo de gesti\u00f3n diferente al del Comites que usted presidi\u00f3 y que fue completamente apol\u00edtico?<\/strong><\/p>\n\n\n\n<p>Creo que los Comites deben estar al servicio de la comunidad y no de un partido ni de una ideolog\u00eda pol\u00edtica. La lista \u201cmexicana\u201d no se present\u00f3 como emanaci\u00f3n de un partido, aunque algunos de sus integrantes son miembros del MAIE y el MAIE anunci\u00f3 que hab\u00eda ganado en M\u00e9xico. Veremos c\u00f3mo se desarrollan los eventos, pero personalmente no considerar\u00eda al nuevo Comites como el comit\u00e9 de un partido.<\/p>\n\n\n\n<p><strong>\u00bfQuiere enviar un mensaje a la comunidad italiana en M\u00e9xico?<\/strong><\/p>\n\n\n\n<p>En primer lugar, quiero agradecer a los consejeros que durante seis a\u00f1os formaron el Comites que presid\u00ed: Dino Poli, Alberto Dose, Massimo Barzizza, Vittoria Lochis, Mario Davide Ferro, Remo Stabile, Giancarlo Mortola, Ernesto de Gasperin, Boris Dallafontana, Luca Dori y Giancarlo Rinversi que, lamentablemente, nos dej\u00f3 hace unos d\u00edas. Me gustar\u00eda recordarlo de manera particular por su disponibilidad y por el entusiasmo con el que ayud\u00f3 a la comunidad italiana de Monterrey. Tambi\u00e9n agradezco a todos los embajadores, c\u00f3nsules y personal del consulado con los que colaboramos a lo largo de estos a\u00f1os.<\/p>\n\n\n\n<p>Mi agradecimiento a la comunidad italiana por permitirnos representarla. Nos habr\u00eda gustado obtener muchos m\u00e1s resultados, pero muchas veces la soluci\u00f3n no estuvo en nuestras manos.<\/p>\n\n\n\n<div class=\"wp-block-image\"><figure class=\"aligncenter size-full\"><img loading=\"lazy\" decoding=\"async\" width=\"932\" height=\"667\" src=\"https:\/\/puntodincontro.mx\/wp-content\/uploads\/2021\/12\/intervistaagianlucabroccacomites.webp\" alt=\"\" class=\"wp-image-2178\" srcset=\"https:\/\/puntodincontro.mx\/wp-content\/uploads\/2021\/12\/intervistaagianlucabroccacomites.webp 932w, https:\/\/puntodincontro.mx\/wp-content\/uploads\/2021\/12\/intervistaagianlucabroccacomites-300x215.webp 300w, https:\/\/puntodincontro.mx\/wp-content\/uploads\/2021\/12\/intervistaagianlucabroccacomites-768x550.webp 768w, https:\/\/puntodincontro.mx\/wp-content\/uploads\/2021\/12\/intervistaagianlucabroccacomites-16x12.webp 16w\" sizes=\"(max-width: 932px) 100vw, 932px\" \/><\/figure><\/div>\n\n\n\n<div style=\"height:12px\" aria-hidden=\"true\" class=\"wp-block-spacer\"><\/div>\n\n\n\n\n\n<div style=\"height:12px\" aria-hidden=\"true\" class=\"wp-block-spacer\"><\/div>","protected":false},"excerpt":{"rendered":"<p>Ore 17.52 &#8211; Abbiamo rivolto alcune domande a Gianluca Brocca, ex-presidente del Com.It.Es. nella circoscrizione consolare di Citt\u00e0 del Messico \u2014l&#8217;unica nel territorio di questo Paese nordamericano\u2014 alcuni giorni dopo la conclusione del suo mandato. La legge definisce i Comitati degli Italiani all&#8217;Estero come organismi rappresentativi della collettivit\u00e0 italiana che contribuiscono al suo sviluppo, promuovono iniziative e collaborano con le autorit\u00e0 consolari. Durante il periodo 2015-2021 quali sono stati gli eventi pi\u00f9 importanti svolti dal Comites nell&#8217;ambito di queste funzioni? Durante il nostro mandato abbiamo cercato di raccogliere le esigenze della comunit\u00e0 e trasmetterle alle autorit\u00e0 competenti, che sono sempre&#8230; <\/p>","protected":false},"author":2,"featured_media":2176,"comment_status":"open","ping_status":"open","sticky":false,"template":"","format":"standard","meta":{"_monsterinsights_skip_tracking":false,"_monsterinsights_sitenote_active":false,"_monsterinsights_sitenote_note":"","_monsterinsights_sitenote_category":0,"footnotes":""},"categories":[4],"tags":[],"class_list":["post-2174","post","type-post","status-publish","format-standard","has-post-thumbnail","hentry","category-italia-in-messico"],"yoast_head":"<!-- This site is optimized with the Yoast SEO Premium plugin v18.4 (Yoast SEO v25.6) - https:\/\/yoast.com\/wordpress\/plugins\/seo\/ -->\n<title>Intervista a Gianluca Brocca, ex presidente del Comites in Messico Puntodincontro<\/title>\n<meta name=\"description\" content=\"Abbiamo rivolto alcune domande a Gianluca Brocca, ex-presidente del Com.It.Es. nella circoscrizione consolare di Citt\u00e0 del Messico \u2014l&#039;unica nel territorio di questo Paese nordamericano\u2014 alcuni giorni dopo la conclusione del suo mandato.\" \/>\n<meta name=\"robots\" content=\"index, follow, max-snippet:-1, max-image-preview:large, max-video-preview:-1\" \/>\n<link rel=\"canonical\" href=\"https:\/\/puntodincontro.mx\/es\/2021\/12\/10\/entrevista-a-gianluca-brocca-expresidente-del-comites-en-mexico\/\" \/>\n<meta property=\"og:locale\" content=\"es_MX\" \/>\n<meta property=\"og:type\" content=\"article\" \/>\n<meta property=\"og:title\" content=\"Intervista a Gianluca Brocca, ex presidente del Comites in Messico\" \/>\n<meta property=\"og:description\" content=\"Abbiamo rivolto alcune domande a Gianluca Brocca, ex-presidente del Com.It.Es. nella circoscrizione consolare di Citt\u00e0 del Messico \u2014l&#039;unica nel territorio di questo Paese nordamericano\u2014 alcuni giorni dopo la conclusione del suo mandato.\" \/>\n<meta property=\"og:url\" content=\"https:\/\/puntodincontro.mx\/es\/2021\/12\/10\/entrevista-a-gianluca-brocca-expresidente-del-comites-en-mexico\/\" \/>\n<meta property=\"og:site_name\" content=\"Puntodincontro\" \/>\n<meta property=\"article:publisher\" content=\"https:\/\/www.facebook.com\/puntodincontro.mx\" \/>\n<meta property=\"article:published_time\" content=\"2021-12-11T00:06:00+00:00\" \/>\n<meta property=\"article:modified_time\" content=\"2021-12-11T00:06:02+00:00\" \/>\n<meta property=\"og:image\" content=\"https:\/\/puntodincontro.mx\/wp-content\/uploads\/2021\/12\/intervistaagianlucabroccavert.webp\" \/>\n\t<meta property=\"og:image:width\" content=\"423\" \/>\n\t<meta property=\"og:image:height\" content=\"488\" \/>\n\t<meta property=\"og:image:type\" content=\"image\/webp\" \/>\n<meta name=\"author\" content=\"Puntodincontro\" \/>\n<meta name=\"twitter:card\" content=\"summary_large_image\" \/>\n<meta name=\"twitter:creator\" content=\"@puntodincontro\" \/>\n<meta name=\"twitter:site\" content=\"@puntodincontro\" \/>\n<meta name=\"twitter:label1\" content=\"Escrito por\" \/>\n\t<meta name=\"twitter:data1\" content=\"Puntodincontro\" \/>\n\t<meta name=\"twitter:label2\" content=\"Tiempo de lectura\" \/>\n\t<meta name=\"twitter:data2\" content=\"5 minutos\" \/>\n<script type=\"application\/ld+json\" class=\"yoast-schema-graph\">{\"@context\":\"https:\/\/schema.org\",\"@graph\":[{\"@type\":\"NewsArticle\",\"@id\":\"https:\/\/puntodincontro.mx\/2021\/12\/10\/intervista-a-gianluca-brocca-ex-presidente-del-comites-in-messico\/#article\",\"isPartOf\":{\"@id\":\"https:\/\/puntodincontro.mx\/2021\/12\/10\/intervista-a-gianluca-brocca-ex-presidente-del-comites-in-messico\/\"},\"author\":{\"name\":\"Puntodincontro\",\"@id\":\"https:\/\/puntodincontro.mx\/#\/schema\/person\/d3066d18a16259cbb0c29b0d0e93b556\"},\"headline\":\"Intervista a Gianluca Brocca, ex presidente del Comites in Messico\",\"datePublished\":\"2021-12-11T00:06:00+00:00\",\"dateModified\":\"2021-12-11T00:06:02+00:00\",\"mainEntityOfPage\":{\"@id\":\"https:\/\/puntodincontro.mx\/2021\/12\/10\/intervista-a-gianluca-brocca-ex-presidente-del-comites-in-messico\/\"},\"wordCount\":1061,\"commentCount\":1,\"publisher\":{\"@id\":\"https:\/\/puntodincontro.mx\/#organization\"},\"image\":{\"@id\":\"https:\/\/puntodincontro.mx\/2021\/12\/10\/intervista-a-gianluca-brocca-ex-presidente-del-comites-in-messico\/#primaryimage\"},\"thumbnailUrl\":\"https:\/\/puntodincontro.mx\/wp-content\/uploads\/2021\/12\/intervistaagianlucabroccavert.webp\",\"articleSection\":[\"Italia in Messico\"],\"inLanguage\":\"es\",\"potentialAction\":[{\"@type\":\"CommentAction\",\"name\":\"Comment\",\"target\":[\"https:\/\/puntodincontro.mx\/2021\/12\/10\/intervista-a-gianluca-brocca-ex-presidente-del-comites-in-messico\/#respond\"]}]},{\"@type\":\"WebPage\",\"@id\":\"https:\/\/puntodincontro.mx\/2021\/12\/10\/intervista-a-gianluca-brocca-ex-presidente-del-comites-in-messico\/\",\"url\":\"https:\/\/puntodincontro.mx\/2021\/12\/10\/intervista-a-gianluca-brocca-ex-presidente-del-comites-in-messico\/\",\"name\":\"Intervista a Gianluca Brocca, ex presidente del Comites in Messico Puntodincontro\",\"isPartOf\":{\"@id\":\"https:\/\/puntodincontro.mx\/#website\"},\"primaryImageOfPage\":{\"@id\":\"https:\/\/puntodincontro.mx\/2021\/12\/10\/intervista-a-gianluca-brocca-ex-presidente-del-comites-in-messico\/#primaryimage\"},\"image\":{\"@id\":\"https:\/\/puntodincontro.mx\/2021\/12\/10\/intervista-a-gianluca-brocca-ex-presidente-del-comites-in-messico\/#primaryimage\"},\"thumbnailUrl\":\"https:\/\/puntodincontro.mx\/wp-content\/uploads\/2021\/12\/intervistaagianlucabroccavert.webp\",\"datePublished\":\"2021-12-11T00:06:00+00:00\",\"dateModified\":\"2021-12-11T00:06:02+00:00\",\"description\":\"Abbiamo rivolto alcune domande a Gianluca Brocca, ex-presidente del Com.It.Es. nella circoscrizione consolare di Citt\u00e0 del Messico \u2014l'unica nel territorio di questo Paese nordamericano\u2014 alcuni giorni dopo la conclusione del suo mandato.\",\"breadcrumb\":{\"@id\":\"https:\/\/puntodincontro.mx\/2021\/12\/10\/intervista-a-gianluca-brocca-ex-presidente-del-comites-in-messico\/#breadcrumb\"},\"inLanguage\":\"es\",\"potentialAction\":[{\"@type\":\"ReadAction\",\"target\":[\"https:\/\/puntodincontro.mx\/2021\/12\/10\/intervista-a-gianluca-brocca-ex-presidente-del-comites-in-messico\/\"]}]},{\"@type\":\"ImageObject\",\"inLanguage\":\"es\",\"@id\":\"https:\/\/puntodincontro.mx\/2021\/12\/10\/intervista-a-gianluca-brocca-ex-presidente-del-comites-in-messico\/#primaryimage\",\"url\":\"https:\/\/puntodincontro.mx\/wp-content\/uploads\/2021\/12\/intervistaagianlucabroccavert.webp\",\"contentUrl\":\"https:\/\/puntodincontro.mx\/wp-content\/uploads\/2021\/12\/intervistaagianlucabroccavert.webp\",\"width\":423,\"height\":488,\"caption\":\"Intervista a Gianluca Brocca, ex presidente del Comites in Messico\"},{\"@type\":\"BreadcrumbList\",\"@id\":\"https:\/\/puntodincontro.mx\/2021\/12\/10\/intervista-a-gianluca-brocca-ex-presidente-del-comites-in-messico\/#breadcrumb\",\"itemListElement\":[{\"@type\":\"ListItem\",\"position\":1,\"name\":\"Home\",\"item\":\"https:\/\/puntodincontro.mx\/\"},{\"@type\":\"ListItem\",\"position\":2,\"name\":\"Intervista a Gianluca Brocca, ex presidente del Comites in Messico\"}]},{\"@type\":\"WebSite\",\"@id\":\"https:\/\/puntodincontro.mx\/#website\",\"url\":\"https:\/\/puntodincontro.mx\/\",\"name\":\"Puntodincontro\",\"description\":\"Dal 2006 notizie sui rapporti Italia-Messico \/ Desde 2006 noticias sobre las relaciones entre Italia y M\u00e9xico\",\"publisher\":{\"@id\":\"https:\/\/puntodincontro.mx\/#organization\"},\"potentialAction\":[{\"@type\":\"SearchAction\",\"target\":{\"@type\":\"EntryPoint\",\"urlTemplate\":\"https:\/\/puntodincontro.mx\/?s={search_term_string}\"},\"query-input\":{\"@type\":\"PropertyValueSpecification\",\"valueRequired\":true,\"valueName\":\"search_term_string\"}}],\"inLanguage\":\"es\"},{\"@type\":\"Organization\",\"@id\":\"https:\/\/puntodincontro.mx\/#organization\",\"name\":\"Puntodincontro\",\"url\":\"https:\/\/puntodincontro.mx\/\",\"logo\":{\"@type\":\"ImageObject\",\"inLanguage\":\"es\",\"@id\":\"https:\/\/puntodincontro.mx\/#\/schema\/logo\/image\/\",\"url\":\"https:\/\/puntodincontro.mx\/wp-content\/uploads\/2021\/08\/Default-image-for-open-graph-settings.jpg\",\"contentUrl\":\"https:\/\/puntodincontro.mx\/wp-content\/uploads\/2021\/08\/Default-image-for-open-graph-settings.jpg\",\"width\":1200,\"height\":630,\"caption\":\"Puntodincontro\"},\"image\":{\"@id\":\"https:\/\/puntodincontro.mx\/#\/schema\/logo\/image\/\"},\"sameAs\":[\"https:\/\/www.facebook.com\/puntodincontro.mx\",\"https:\/\/x.com\/puntodincontro\",\"https:\/\/www.instagram.com\/puntodincontro.mx\/\",\"https:\/\/www.linkedin.com\/company\/puntodincontro\/\",\"https:\/\/www.youtube.com\/c\/puntodincontromessico\",\"https:\/\/www.patreon.com\/puntodincontro\",\"https:\/\/www.threads.net\/@puntodincontro.mx\"]},{\"@type\":\"Person\",\"@id\":\"https:\/\/puntodincontro.mx\/#\/schema\/person\/d3066d18a16259cbb0c29b0d0e93b556\",\"name\":\"Puntodincontro\",\"image\":{\"@type\":\"ImageObject\",\"inLanguage\":\"es\",\"@id\":\"https:\/\/puntodincontro.mx\/#\/schema\/person\/image\/\",\"url\":\"https:\/\/secure.gravatar.com\/avatar\/0e85b4b3b5e9d6bfcec6a4956d8cc63a?s=96&d=mm&r=g\",\"contentUrl\":\"https:\/\/secure.gravatar.com\/avatar\/0e85b4b3b5e9d6bfcec6a4956d8cc63a?s=96&d=mm&r=g\",\"caption\":\"Puntodincontro\"},\"url\":\"https:\/\/puntodincontro.mx\/es\/author\/puntodincontro\/\"}]}<\/script>\n<!-- \/ Yoast SEO Premium plugin. -->","yoast_head_json":{"title":"Intervista a Gianluca Brocca, ex presidente del Comites in Messico Puntodincontro","description":"Abbiamo rivolto alcune domande a Gianluca Brocca, ex-presidente del Com.It.Es. nella circoscrizione consolare di Citt\u00e0 del Messico \u2014l'unica nel territorio di questo Paese nordamericano\u2014 alcuni giorni dopo la conclusione del suo mandato.","robots":{"index":"index","follow":"follow","max-snippet":"max-snippet:-1","max-image-preview":"max-image-preview:large","max-video-preview":"max-video-preview:-1"},"canonical":"https:\/\/puntodincontro.mx\/es\/2021\/12\/10\/entrevista-a-gianluca-brocca-expresidente-del-comites-en-mexico\/","og_locale":"es_MX","og_type":"article","og_title":"Intervista a Gianluca Brocca, ex presidente del Comites in Messico","og_description":"Abbiamo rivolto alcune domande a Gianluca Brocca, ex-presidente del Com.It.Es. nella circoscrizione consolare di Citt\u00e0 del Messico \u2014l'unica nel territorio di questo Paese nordamericano\u2014 alcuni giorni dopo la conclusione del suo mandato.","og_url":"https:\/\/puntodincontro.mx\/es\/2021\/12\/10\/entrevista-a-gianluca-brocca-expresidente-del-comites-en-mexico\/","og_site_name":"Puntodincontro","article_publisher":"https:\/\/www.facebook.com\/puntodincontro.mx","article_published_time":"2021-12-11T00:06:00+00:00","article_modified_time":"2021-12-11T00:06:02+00:00","og_image":[{"width":423,"height":488,"url":"https:\/\/puntodincontro.mx\/wp-content\/uploads\/2021\/12\/intervistaagianlucabroccavert.webp","type":"image\/webp"}],"author":"Puntodincontro","twitter_card":"summary_large_image","twitter_creator":"@puntodincontro","twitter_site":"@puntodincontro","twitter_misc":{"Escrito por":"Puntodincontro","Tiempo de lectura":"5 minutos"},"schema":{"@context":"https:\/\/schema.org","@graph":[{"@type":"NewsArticle","@id":"https:\/\/puntodincontro.mx\/2021\/12\/10\/intervista-a-gianluca-brocca-ex-presidente-del-comites-in-messico\/#article","isPartOf":{"@id":"https:\/\/puntodincontro.mx\/2021\/12\/10\/intervista-a-gianluca-brocca-ex-presidente-del-comites-in-messico\/"},"author":{"name":"Puntodincontro","@id":"https:\/\/puntodincontro.mx\/#\/schema\/person\/d3066d18a16259cbb0c29b0d0e93b556"},"headline":"Intervista a Gianluca Brocca, ex presidente del Comites in Messico","datePublished":"2021-12-11T00:06:00+00:00","dateModified":"2021-12-11T00:06:02+00:00","mainEntityOfPage":{"@id":"https:\/\/puntodincontro.mx\/2021\/12\/10\/intervista-a-gianluca-brocca-ex-presidente-del-comites-in-messico\/"},"wordCount":1061,"commentCount":1,"publisher":{"@id":"https:\/\/puntodincontro.mx\/#organization"},"image":{"@id":"https:\/\/puntodincontro.mx\/2021\/12\/10\/intervista-a-gianluca-brocca-ex-presidente-del-comites-in-messico\/#primaryimage"},"thumbnailUrl":"https:\/\/puntodincontro.mx\/wp-content\/uploads\/2021\/12\/intervistaagianlucabroccavert.webp","articleSection":["Italia in Messico"],"inLanguage":"es","potentialAction":[{"@type":"CommentAction","name":"Comment","target":["https:\/\/puntodincontro.mx\/2021\/12\/10\/intervista-a-gianluca-brocca-ex-presidente-del-comites-in-messico\/#respond"]}]},{"@type":"WebPage","@id":"https:\/\/puntodincontro.mx\/2021\/12\/10\/intervista-a-gianluca-brocca-ex-presidente-del-comites-in-messico\/","url":"https:\/\/puntodincontro.mx\/2021\/12\/10\/intervista-a-gianluca-brocca-ex-presidente-del-comites-in-messico\/","name":"Intervista a Gianluca Brocca, ex presidente del Comites in Messico Puntodincontro","isPartOf":{"@id":"https:\/\/puntodincontro.mx\/#website"},"primaryImageOfPage":{"@id":"https:\/\/puntodincontro.mx\/2021\/12\/10\/intervista-a-gianluca-brocca-ex-presidente-del-comites-in-messico\/#primaryimage"},"image":{"@id":"https:\/\/puntodincontro.mx\/2021\/12\/10\/intervista-a-gianluca-brocca-ex-presidente-del-comites-in-messico\/#primaryimage"},"thumbnailUrl":"https:\/\/puntodincontro.mx\/wp-content\/uploads\/2021\/12\/intervistaagianlucabroccavert.webp","datePublished":"2021-12-11T00:06:00+00:00","dateModified":"2021-12-11T00:06:02+00:00","description":"Abbiamo rivolto alcune domande a Gianluca Brocca, ex-presidente del Com.It.Es. nella circoscrizione consolare di Citt\u00e0 del Messico \u2014l'unica nel territorio di questo Paese nordamericano\u2014 alcuni giorni dopo la conclusione del suo mandato.","breadcrumb":{"@id":"https:\/\/puntodincontro.mx\/2021\/12\/10\/intervista-a-gianluca-brocca-ex-presidente-del-comites-in-messico\/#breadcrumb"},"inLanguage":"es","potentialAction":[{"@type":"ReadAction","target":["https:\/\/puntodincontro.mx\/2021\/12\/10\/intervista-a-gianluca-brocca-ex-presidente-del-comites-in-messico\/"]}]},{"@type":"ImageObject","inLanguage":"es","@id":"https:\/\/puntodincontro.mx\/2021\/12\/10\/intervista-a-gianluca-brocca-ex-presidente-del-comites-in-messico\/#primaryimage","url":"https:\/\/puntodincontro.mx\/wp-content\/uploads\/2021\/12\/intervistaagianlucabroccavert.webp","contentUrl":"https:\/\/puntodincontro.mx\/wp-content\/uploads\/2021\/12\/intervistaagianlucabroccavert.webp","width":423,"height":488,"caption":"Intervista a Gianluca Brocca, ex presidente del Comites in Messico"},{"@type":"BreadcrumbList","@id":"https:\/\/puntodincontro.mx\/2021\/12\/10\/intervista-a-gianluca-brocca-ex-presidente-del-comites-in-messico\/#breadcrumb","itemListElement":[{"@type":"ListItem","position":1,"name":"Home","item":"https:\/\/puntodincontro.mx\/"},{"@type":"ListItem","position":2,"name":"Intervista a Gianluca Brocca, ex presidente del Comites in Messico"}]},{"@type":"WebSite","@id":"https:\/\/puntodincontro.mx\/#website","url":"https:\/\/puntodincontro.mx\/","name":"Puntodincontro","description":"Desde el 2006 noticias sobre las relaciones entre Italia y M\u00e9xico \/ Dal 2006 notizie sui rapporti Italia-Messico","publisher":{"@id":"https:\/\/puntodincontro.mx\/#organization"},"potentialAction":[{"@type":"SearchAction","target":{"@type":"EntryPoint","urlTemplate":"https:\/\/puntodincontro.mx\/?s={search_term_string}"},"query-input":{"@type":"PropertyValueSpecification","valueRequired":true,"valueName":"search_term_string"}}],"inLanguage":"es"},{"@type":"Organization","@id":"https:\/\/puntodincontro.mx\/#organization","name":"Puntodincontro","url":"https:\/\/puntodincontro.mx\/","logo":{"@type":"ImageObject","inLanguage":"es","@id":"https:\/\/puntodincontro.mx\/#\/schema\/logo\/image\/","url":"https:\/\/puntodincontro.mx\/wp-content\/uploads\/2021\/08\/Default-image-for-open-graph-settings.jpg","contentUrl":"https:\/\/puntodincontro.mx\/wp-content\/uploads\/2021\/08\/Default-image-for-open-graph-settings.jpg","width":1200,"height":630,"caption":"Puntodincontro"},"image":{"@id":"https:\/\/puntodincontro.mx\/#\/schema\/logo\/image\/"},"sameAs":["https:\/\/www.facebook.com\/puntodincontro.mx","https:\/\/x.com\/puntodincontro","https:\/\/www.instagram.com\/puntodincontro.mx\/","https:\/\/www.linkedin.com\/company\/puntodincontro\/","https:\/\/www.youtube.com\/c\/puntodincontromessico","https:\/\/www.patreon.com\/puntodincontro","https:\/\/www.threads.net\/@puntodincontro.mx"]},{"@type":"Person","@id":"https:\/\/puntodincontro.mx\/#\/schema\/person\/d3066d18a16259cbb0c29b0d0e93b556","name":"Puntodincontro","image":{"@type":"ImageObject","inLanguage":"es","@id":"https:\/\/puntodincontro.mx\/#\/schema\/person\/image\/","url":"https:\/\/secure.gravatar.com\/avatar\/0e85b4b3b5e9d6bfcec6a4956d8cc63a?s=96&d=mm&r=g","contentUrl":"https:\/\/secure.gravatar.com\/avatar\/0e85b4b3b5e9d6bfcec6a4956d8cc63a?s=96&d=mm&r=g","caption":"Puntodincontro"},"url":"https:\/\/puntodincontro.mx\/es\/author\/puntodincontro\/"}]}},"_links":{"self":[{"href":"https:\/\/puntodincontro.mx\/es\/wp-json\/wp\/v2\/posts\/2174"}],"collection":[{"href":"https:\/\/puntodincontro.mx\/es\/wp-json\/wp\/v2\/posts"}],"about":[{"href":"https:\/\/puntodincontro.mx\/es\/wp-json\/wp\/v2\/types\/post"}],"author":[{"embeddable":true,"href":"https:\/\/puntodincontro.mx\/es\/wp-json\/wp\/v2\/users\/2"}],"replies":[{"embeddable":true,"href":"https:\/\/puntodincontro.mx\/es\/wp-json\/wp\/v2\/comments?post=2174"}],"version-history":[{"count":2,"href":"https:\/\/puntodincontro.mx\/es\/wp-json\/wp\/v2\/posts\/2174\/revisions"}],"predecessor-version":[{"id":2179,"href":"https:\/\/puntodincontro.mx\/es\/wp-json\/wp\/v2\/posts\/2174\/revisions\/2179"}],"wp:featuredmedia":[{"embeddable":true,"href":"https:\/\/puntodincontro.mx\/es\/wp-json\/wp\/v2\/media\/2176"}],"wp:attachment":[{"href":"https:\/\/puntodincontro.mx\/es\/wp-json\/wp\/v2\/media?parent=2174"}],"wp:term":[{"taxonomy":"category","embeddable":true,"href":"https:\/\/puntodincontro.mx\/es\/wp-json\/wp\/v2\/categories?post=2174"},{"taxonomy":"post_tag","embeddable":true,"href":"https:\/\/puntodincontro.mx\/es\/wp-json\/wp\/v2\/tags?post=2174"}],"curies":[{"name":"wp","href":"https:\/\/api.w.org\/{rel}","templated":true}]}}