{"id":21849,"date":"2025-03-16T11:05:51","date_gmt":"2025-03-16T17:05:51","guid":{"rendered":"https:\/\/puntodincontro.mx\/?p=21849"},"modified":"2025-03-16T11:12:08","modified_gmt":"2025-03-16T17:12:08","slug":"del-5-al-10-de-mayo-mision-empresarial-italiana-en-tres-ciudades-de-mexico","status":"publish","type":"post","link":"https:\/\/puntodincontro.mx\/es\/2025\/03\/16\/dal-5-al-10-maggio-missione-imprenditoriale-italiana-in-tre-citta-messicane\/","title":{"rendered":"Del 5 al 10 de mayo misi\u00f3n empresarial italiana en tres ciudades mexicanas"},"content":{"rendered":"<p class=\"translation-block\"><b>10:42 hrs.<\/b> - Del 5 al 10 de mayo de 2025 se realizar\u00e1 una misi\u00f3n empresarial italiana a M\u00e9xico, organizada por el Consulado General de M\u00e9xico en Mil\u00e1n, el Consejo Empresarial Mexicano de Comercio Exterior, Inversi\u00f3n y Tecnolog\u00eda (COMCE) y la C\u00e1mara de Comercio Italiana en M\u00e9xico, en colaboraci\u00f3n con la Industria Nacional de Autopartes (INA), la Asociaci\u00f3n Nacional de la Cadena de Suministro de la Industria Automotriz en Italia (ANFIA), la Asociaci\u00f3n Mexicana de Parques Industriales Privados (AMPIP), la C\u00e1mara de Comercio Mexicana en Italia (CaMexItal) y Promos Italia.<\/p>\n\n\n\n<p>La invitaci\u00f3n est\u00e1 dirigida a directivos de empresas de Lombard\u00eda y en general del norte de Italia que deseen explorar los sectores automotriz y de componentes, aeroespacial, pinturas y plantas industriales, con el fin de conocer de primera mano las ventajas que M\u00e9xico ofrece en el contexto internacional actual y como plataforma de negocios (nearshoring), con el objetivo de incentivar mayores y nuevas inversiones que contribuyan a posicionar al Bel Paese entre los principales inversionistas extranjeros en M\u00e9xico.<\/p>\n\n\n\n<p>La misi\u00f3n iniciar\u00e1 en la Ciudad de M\u00e9xico, donde se realizar\u00e1n reuniones institucionales y con asociaciones industriales.<\/p>\n\n\n\n<p class=\"translation-block\">Los empresarios visitar\u00e1n posteriormente Quer\u00e9taro, donde participar\u00e1n en la tercera edici\u00f3n internacional del <em>International Automotive Industry Supply Summit<\/em>, la principal plataforma de negocios que conecta la oferta y demanda de materiales y productos del sector automotor y donde la mayor\u00eda de las empresas mexicanas y de otros pa\u00edses cierran negocios a trav\u00e9s de reuniones B2B y otros momentos de contacto. Posteriormente se visitar\u00e1 el Parque Industrial de Quer\u00e9taro \u2014donde ya tienen presencia 7 empresas italianas\u2014 y se llevar\u00e1n a caabo reuniones con representantes de gobierno e industriales locales.<\/p>\n\n\n\n<p class=\"translation-block\">La \u00faltima etapa de la misi\u00f3n ser\u00e1 en Guanajuato, donde, adem\u00e1s de sostener reuniones institucionales de alto nivel, se tiene prevista una visita al Parque Industrial Puerto Interior, sede de tres empresas del pa\u00eds de la bota, entre ellas Pirelli.<br>Los empresarios italianos pueden registrarse para la la misi\u00f3n hasta el lunes 24 de marzo de 2025, <a href=\"https:\/\/forms.gle\/XCBYZQuzQfiM8xibA\" target=\"_self\">llenando los cuestionarios disponibles aqu\u00ed.<\/a>.<\/p>\n\n\n\n<p class=\"translation-block\">Para mayor informaci\u00f3n es posible contactar al Consulado General de M\u00e9xico en Mil\u00e1n al correo electr\u00f3nico <a href=\"mailto:infomil@sre.gob.mx\" target=\"_blank\" rel=\"noreferrer noopener\">infomil@sre.gob.mx<\/a>.<\/p>\n\n\n\n<p class=\"has-small-font-size\">Foto: ge.camcom.gov.it<\/p>\n\n\n\n<div style=\"height:12px\" aria-hidden=\"true\" class=\"wp-block-spacer\"><\/div>\n\n\n<!-- Ad space powered by WP AdCenter v2.5.7 - https:\/\/wpadcenter.com\/ --><div class=\"wpadcenter-adgroup\" ><div class=\"wpadcenter-adgroup__row wpadcenter-aligncenter\"><div class=\"wpadcenter-ad-container\" ><div id=\"wpadcenter-ad-18464\" class=\"ad-placement\"><div class=\"wpadcenter-ad-inner\" ><a id=\"wpadcenter_ad\" data-value=\"18464\" data-placement=\"\" href=\"https:\/\/www.productosremo.com\/\" target=\"_blank\" class=\"wpadcenter-ad-inner__item\" ><img decoding=\"async\"   src=\"https:\/\/puntodincontro.mx\/wp-content\/uploads\/2021\/08\/remobanner.jpg\" class=\"attachment-post-thumbnail size-post-thumbnail wp-post-image\" alt=\"\" srcset=\"https:\/\/puntodincontro.mx\/wp-content\/uploads\/2021\/08\/remobanner.jpg 200w, https:\/\/puntodincontro.mx\/wp-content\/uploads\/2021\/08\/remobanner-16x5.jpg 16w\" sizes=\"(max-width: 200px) 100vw, 200px\" \/><\/a><\/div><\/div><\/div><div class=\"wpadcenter-ad-container\" ><div id=\"wpadcenter-ad-5305\" class=\"ad-placement\"><div class=\"wpadcenter-ad-inner\" ><a id=\"wpadcenter_ad\" data-value=\"5305\" data-placement=\"\" href=\"https:\/\/ambcittadelmessico.esteri.it\/ambasciata_cittadelmessico\/it\/\" target=\"_blank\" class=\"wpadcenter-ad-inner__item\" ><img decoding=\"async\"   src=\"https:\/\/puntodincontro.mx\/wp-content\/uploads\/2022\/05\/Ambasciata.jpg\" class=\"attachment-post-thumbnail size-post-thumbnail wp-post-image\" alt=\"\" srcset=\"https:\/\/puntodincontro.mx\/wp-content\/uploads\/2022\/05\/Ambasciata.jpg 200w, https:\/\/puntodincontro.mx\/wp-content\/uploads\/2022\/05\/Ambasciata-18x5.jpg 18w\" sizes=\"(max-width: 200px) 100vw, 200px\" \/><\/a><\/div><\/div><\/div><div class=\"wpadcenter-ad-container\" ><div id=\"wpadcenter-ad-3781\" class=\"ad-placement\"><div class=\"wpadcenter-ad-inner\" ><a id=\"wpadcenter_ad\" data-value=\"3781\" data-placement=\"\" href=\"https:\/\/cannizzo.com.mx\/\" target=\"_blank\" class=\"wpadcenter-ad-inner__item\" ><img decoding=\"async\"   src=\"https:\/\/puntodincontro.mx\/wp-content\/uploads\/2022\/03\/cannizzo2.jpg\" class=\"attachment-post-thumbnail size-post-thumbnail wp-post-image\" alt=\"\" srcset=\"https:\/\/puntodincontro.mx\/wp-content\/uploads\/2022\/03\/cannizzo2.jpg 200w, https:\/\/puntodincontro.mx\/wp-content\/uploads\/2022\/03\/cannizzo2-18x5.jpg 18w\" sizes=\"(max-width: 200px) 100vw, 200px\" \/><\/a><\/div><\/div><\/div><\/div><div class=\"wpadcenter-adgroup__row wpadcenter-aligncenter\"><div class=\"wpadcenter-ad-container\" ><div id=\"wpadcenter-ad-1704\" class=\"ad-placement\"><div class=\"wpadcenter-ad-inner\" ><a id=\"wpadcenter_ad\" data-value=\"1704\" data-placement=\"\" href=\"https:\/\/puntodincontro.mx\/es\/2021\/12\/24\/inps-verificacion-de-supervivencia-de-los-pensionados-en-el-extranjero\/\" target=\"_blank\" class=\"wpadcenter-ad-inner__item\" ><img decoding=\"async\"   src=\"https:\/\/puntodincontro.mx\/wp-content\/uploads\/2021\/11\/logo-ital.jpg\" class=\"attachment-post-thumbnail size-post-thumbnail wp-post-image\" alt=\"Patronato ITAL Messico\" srcset=\"https:\/\/puntodincontro.mx\/wp-content\/uploads\/2021\/11\/logo-ital.jpg 200w, https:\/\/puntodincontro.mx\/wp-content\/uploads\/2021\/11\/logo-ital-16x5.jpg 16w\" sizes=\"(max-width: 200px) 100vw, 200px\" \/><\/a><\/div><\/div><\/div><div class=\"wpadcenter-ad-container\" ><div id=\"wpadcenter-ad-1538\" class=\"ad-placement\"><div class=\"wpadcenter-ad-inner\" ><a id=\"wpadcenter_ad\" data-value=\"1538\" data-placement=\"\" href=\"https:\/\/asociacionitaliana.org\/\" target=\"_blank\" class=\"wpadcenter-ad-inner__item\" ><img decoding=\"async\"   src=\"https:\/\/puntodincontro.mx\/wp-content\/uploads\/2021\/11\/aialogo.jpg\" class=\"attachment-post-thumbnail size-post-thumbnail wp-post-image\" alt=\"Associazione Italiana di Assistenza IAP\" srcset=\"https:\/\/puntodincontro.mx\/wp-content\/uploads\/2021\/11\/aialogo.jpg 200w, https:\/\/puntodincontro.mx\/wp-content\/uploads\/2021\/11\/aialogo-18x5.jpg 18w\" sizes=\"(max-width: 200px) 100vw, 200px\" \/><\/a><\/div><\/div><\/div><div class=\"wpadcenter-ad-container\" ><div id=\"wpadcenter-ad-1513\" class=\"ad-placement\"><div class=\"wpadcenter-ad-inner\" ><a id=\"wpadcenter_ad\" data-value=\"1513\" data-placement=\"\" href=\"https:\/\/gcinmuebles.mx\" target=\"_blank\" class=\"wpadcenter-ad-inner__item\" ><img decoding=\"async\"   src=\"https:\/\/puntodincontro.mx\/wp-content\/uploads\/2021\/10\/gcinmuebleslogopunto-1.jpg\" class=\"attachment-post-thumbnail size-post-thumbnail wp-post-image\" alt=\"\" srcset=\"https:\/\/puntodincontro.mx\/wp-content\/uploads\/2021\/10\/gcinmuebleslogopunto-1.jpg 200w, https:\/\/puntodincontro.mx\/wp-content\/uploads\/2021\/10\/gcinmuebleslogopunto-1-18x5.jpg 18w\" sizes=\"(max-width: 200px) 100vw, 200px\" \/><\/a><\/div><\/div><\/div><\/div><div class=\"wpadcenter-adgroup__row wpadcenter-aligncenter\"><div class=\"wpadcenter-ad-container\" ><div id=\"wpadcenter-ad-1374\" class=\"ad-placement\"><div class=\"wpadcenter-ad-inner\" ><a id=\"wpadcenter_ad\" data-value=\"1374\" data-placement=\"\" href=\"https:\/\/www.9colonne.it\/\" target=\"_blank\" class=\"wpadcenter-ad-inner__item\" ><img decoding=\"async\"   src=\"https:\/\/puntodincontro.mx\/wp-content\/uploads\/2021\/10\/Banner9colonne.gif\" class=\"attachment-post-thumbnail size-post-thumbnail wp-post-image\" alt=\"\" \/><\/a><\/div><\/div><\/div><div class=\"wpadcenter-ad-container\" ><div id=\"wpadcenter-ad-276\" class=\"ad-placement\"><div class=\"wpadcenter-ad-inner\" ><a id=\"wpadcenter_ad\" data-value=\"276\" data-placement=\"\" href=\"http:\/\/www.camaraitaliana.mx\/\" target=\"_blank\" class=\"wpadcenter-ad-inner__item\" ><img decoding=\"async\"   src=\"https:\/\/puntodincontro.mx\/wp-content\/uploads\/2021\/08\/ccimnuovo.jpg\" class=\"attachment-post-thumbnail size-post-thumbnail wp-post-image\" alt=\"\" srcset=\"https:\/\/puntodincontro.mx\/wp-content\/uploads\/2021\/08\/ccimnuovo.jpg 200w, https:\/\/puntodincontro.mx\/wp-content\/uploads\/2021\/08\/ccimnuovo-18x5.jpg 18w\" sizes=\"(max-width: 200px) 100vw, 200px\" \/><\/a><\/div><\/div><\/div><div class=\"wpadcenter-ad-container\" ><div id=\"wpadcenter-ad-272\" class=\"ad-placement\"><div class=\"wpadcenter-ad-inner\" ><a id=\"wpadcenter_ad\" data-value=\"272\" data-placement=\"\" href=\"http:\/\/corix.us\/\" target=\"_blank\" class=\"wpadcenter-ad-inner__item\" ><img decoding=\"async\"   src=\"https:\/\/puntodincontro.mx\/wp-content\/uploads\/2021\/08\/corixbanner-1.jpg\" class=\"attachment-post-thumbnail size-post-thumbnail wp-post-image\" alt=\"\" srcset=\"https:\/\/puntodincontro.mx\/wp-content\/uploads\/2021\/08\/corixbanner-1.jpg 200w, https:\/\/puntodincontro.mx\/wp-content\/uploads\/2021\/08\/corixbanner-1-16x5.jpg 16w\" sizes=\"(max-width: 200px) 100vw, 200px\" \/><\/a><\/div><\/div><\/div><\/div><div class=\"wpadcenter-adgroup__row wpadcenter-aligncenter\"><div class=\"wpadcenter-ad-container\" ><div id=\"wpadcenter-ad-266\" class=\"ad-placement\"><div class=\"wpadcenter-ad-inner\" ><a id=\"wpadcenter_ad\" data-value=\"266\" data-placement=\"\" href=\"https:\/\/www.prinsel.com.mx\/\" target=\"_blank\" class=\"wpadcenter-ad-inner__item\" ><img decoding=\"async\"   src=\"https:\/\/puntodincontro.mx\/wp-content\/uploads\/2021\/08\/prinselbanner-1.jpg\" class=\"attachment-post-thumbnail size-post-thumbnail wp-post-image\" alt=\"\" srcset=\"https:\/\/puntodincontro.mx\/wp-content\/uploads\/2021\/08\/prinselbanner-1.jpg 200w, https:\/\/puntodincontro.mx\/wp-content\/uploads\/2021\/08\/prinselbanner-1-16x5.jpg 16w\" sizes=\"(max-width: 200px) 100vw, 200px\" \/><\/a><\/div><\/div><\/div><div class=\"wpadcenter-ad-container\" ><div id=\"wpadcenter-ad-261\" class=\"ad-placement\"><div class=\"wpadcenter-ad-inner\" ><a id=\"wpadcenter_ad\" data-value=\"261\" data-placement=\"\" href=\"https:\/\/faitalia.com.mx\/\" target=\"_blank\" class=\"wpadcenter-ad-inner__item\" ><img decoding=\"async\"   src=\"https:\/\/puntodincontro.mx\/wp-content\/uploads\/2021\/08\/gruppodino.jpg\" class=\"attachment-post-thumbnail size-post-thumbnail wp-post-image\" alt=\"\" srcset=\"https:\/\/puntodincontro.mx\/wp-content\/uploads\/2021\/08\/gruppodino.jpg 200w, https:\/\/puntodincontro.mx\/wp-content\/uploads\/2021\/08\/gruppodino-18x5.jpg 18w\" sizes=\"(max-width: 200px) 100vw, 200px\" \/><\/a><\/div><\/div><\/div><\/div><\/div>\n\n\n<div style=\"height:12px\" aria-hidden=\"true\" class=\"wp-block-spacer\"><\/div>","protected":false},"excerpt":{"rendered":"<p>Ore 10:42 &#8211; Dal 5 al 10 maggio 2025 si terr\u00e0 una missione imprenditoriale italiana in Messico, organizzata dal Consolato generale del Messico a Milano, il Consiglio imprenditoriale messicano per il commercio estero, gli investimenti e la tecnologia (Comce) e la Camera di commercio italiana in Messico, in collaborazione con l&#8217;Industria nazionale di componenti auto (Ina), l&#8217;Associazione nazionale filiera dell&#8217;industria automobilistica in Italia (Anfia), l&#8217;Associazione messicana dei parchi industriali privati (Ampip), la Camera di commercio messicana in Italia (CaMexItal) e Promos Italia. L\u2019invito \u00e8 rivolto ai dirigenti delle imprese lombarde e in generale del nord Italia che desiderano esplorare i&#8230; <\/p>","protected":false},"author":2,"featured_media":21858,"comment_status":"open","ping_status":"open","sticky":false,"template":"","format":"standard","meta":{"_monsterinsights_skip_tracking":false,"_monsterinsights_sitenote_active":false,"_monsterinsights_sitenote_note":"","_monsterinsights_sitenote_category":0,"footnotes":""},"categories":[3],"tags":[],"class_list":["post-21849","post","type-post","status-publish","format-standard","has-post-thumbnail","hentry","category-economia-e-finanza"],"yoast_head":"<!-- This site is optimized with the Yoast SEO Premium plugin v18.4 (Yoast SEO v25.6) - https:\/\/yoast.com\/wordpress\/plugins\/seo\/ -->\n<title>Dal 5 al 10 maggio missione imprenditoriale italiana in Messico<\/title>\n<meta name=\"description\" content=\"Dal 5 al 10 maggio 2025 si terr\u00e0 una missione imprenditoriale italiana in Messico focalizzata sul settore automobilistico.\" \/>\n<meta name=\"robots\" content=\"index, follow, max-snippet:-1, max-image-preview:large, max-video-preview:-1\" \/>\n<link rel=\"canonical\" href=\"https:\/\/puntodincontro.mx\/es\/2025\/03\/16\/del-5-al-10-de-mayo-mision-empresarial-italiana-en-tres-ciudades-de-mexico\/\" \/>\n<meta property=\"og:locale\" content=\"es_MX\" \/>\n<meta property=\"og:type\" content=\"article\" \/>\n<meta property=\"og:title\" content=\"Dal 5 al 10 maggio missione imprenditoriale italiana in tre citt\u00e0 messicane\" \/>\n<meta property=\"og:description\" content=\"Dal 5 al 10 maggio 2025 si terr\u00e0 una missione imprenditoriale italiana in Messico focalizzata sul settore automobilistico.\" \/>\n<meta property=\"og:url\" content=\"https:\/\/puntodincontro.mx\/es\/2025\/03\/16\/del-5-al-10-de-mayo-mision-empresarial-italiana-en-tres-ciudades-de-mexico\/\" \/>\n<meta property=\"og:site_name\" content=\"Puntodincontro\" \/>\n<meta property=\"article:publisher\" content=\"https:\/\/www.facebook.com\/puntodincontro.mx\" \/>\n<meta property=\"article:published_time\" content=\"2025-03-16T17:05:51+00:00\" \/>\n<meta property=\"article:modified_time\" content=\"2025-03-16T17:12:08+00:00\" \/>\n<meta property=\"og:image\" content=\"https:\/\/puntodincontro.mx\/wp-content\/uploads\/2025\/03\/missioneitamessicomaggiopuntocomp.jpg\" \/>\n\t<meta property=\"og:image:width\" content=\"932\" \/>\n\t<meta property=\"og:image:height\" content=\"488\" \/>\n\t<meta property=\"og:image:type\" content=\"image\/jpeg\" \/>\n<meta name=\"author\" content=\"Puntodincontro\" \/>\n<meta name=\"twitter:card\" content=\"summary_large_image\" \/>\n<meta name=\"twitter:creator\" content=\"@puntodincontro\" \/>\n<meta name=\"twitter:site\" content=\"@puntodincontro\" \/>\n<meta name=\"twitter:label1\" content=\"Escrito por\" \/>\n\t<meta name=\"twitter:data1\" content=\"Puntodincontro\" \/>\n\t<meta name=\"twitter:label2\" content=\"Tiempo de lectura\" \/>\n\t<meta name=\"twitter:data2\" content=\"2 minutos\" \/>\n<script type=\"application\/ld+json\" class=\"yoast-schema-graph\">{\"@context\":\"https:\/\/schema.org\",\"@graph\":[{\"@type\":\"NewsArticle\",\"@id\":\"https:\/\/puntodincontro.mx\/2025\/03\/16\/dal-5-al-10-maggio-missione-imprenditoriale-italiana-in-tre-citta-messicane\/#article\",\"isPartOf\":{\"@id\":\"https:\/\/puntodincontro.mx\/2025\/03\/16\/dal-5-al-10-maggio-missione-imprenditoriale-italiana-in-tre-citta-messicane\/\"},\"author\":{\"name\":\"Puntodincontro\",\"@id\":\"https:\/\/puntodincontro.mx\/#\/schema\/person\/d3066d18a16259cbb0c29b0d0e93b556\"},\"headline\":\"Dal 5 al 10 maggio missione imprenditoriale italiana in tre citt\u00e0 messicane\",\"datePublished\":\"2025-03-16T17:05:51+00:00\",\"dateModified\":\"2025-03-16T17:12:08+00:00\",\"mainEntityOfPage\":{\"@id\":\"https:\/\/puntodincontro.mx\/2025\/03\/16\/dal-5-al-10-maggio-missione-imprenditoriale-italiana-in-tre-citta-messicane\/\"},\"wordCount\":339,\"commentCount\":0,\"publisher\":{\"@id\":\"https:\/\/puntodincontro.mx\/#organization\"},\"image\":{\"@id\":\"https:\/\/puntodincontro.mx\/2025\/03\/16\/dal-5-al-10-maggio-missione-imprenditoriale-italiana-in-tre-citta-messicane\/#primaryimage\"},\"thumbnailUrl\":\"https:\/\/puntodincontro.mx\/wp-content\/uploads\/2025\/03\/missioneitamessicomaggiopuntovert.webp\",\"articleSection\":[\"Economia e finanza\"],\"inLanguage\":\"es\",\"potentialAction\":[{\"@type\":\"CommentAction\",\"name\":\"Comment\",\"target\":[\"https:\/\/puntodincontro.mx\/2025\/03\/16\/dal-5-al-10-maggio-missione-imprenditoriale-italiana-in-tre-citta-messicane\/#respond\"]}]},{\"@type\":\"WebPage\",\"@id\":\"https:\/\/puntodincontro.mx\/2025\/03\/16\/dal-5-al-10-maggio-missione-imprenditoriale-italiana-in-tre-citta-messicane\/\",\"url\":\"https:\/\/puntodincontro.mx\/2025\/03\/16\/dal-5-al-10-maggio-missione-imprenditoriale-italiana-in-tre-citta-messicane\/\",\"name\":\"Dal 5 al 10 maggio missione imprenditoriale italiana in Messico\",\"isPartOf\":{\"@id\":\"https:\/\/puntodincontro.mx\/#website\"},\"primaryImageOfPage\":{\"@id\":\"https:\/\/puntodincontro.mx\/2025\/03\/16\/dal-5-al-10-maggio-missione-imprenditoriale-italiana-in-tre-citta-messicane\/#primaryimage\"},\"image\":{\"@id\":\"https:\/\/puntodincontro.mx\/2025\/03\/16\/dal-5-al-10-maggio-missione-imprenditoriale-italiana-in-tre-citta-messicane\/#primaryimage\"},\"thumbnailUrl\":\"https:\/\/puntodincontro.mx\/wp-content\/uploads\/2025\/03\/missioneitamessicomaggiopuntovert.webp\",\"datePublished\":\"2025-03-16T17:05:51+00:00\",\"dateModified\":\"2025-03-16T17:12:08+00:00\",\"description\":\"Dal 5 al 10 maggio 2025 si terr\u00e0 una missione imprenditoriale italiana in Messico focalizzata sul settore automobilistico.\",\"breadcrumb\":{\"@id\":\"https:\/\/puntodincontro.mx\/2025\/03\/16\/dal-5-al-10-maggio-missione-imprenditoriale-italiana-in-tre-citta-messicane\/#breadcrumb\"},\"inLanguage\":\"es\",\"potentialAction\":[{\"@type\":\"ReadAction\",\"target\":[\"https:\/\/puntodincontro.mx\/2025\/03\/16\/dal-5-al-10-maggio-missione-imprenditoriale-italiana-in-tre-citta-messicane\/\"]}]},{\"@type\":\"ImageObject\",\"inLanguage\":\"es\",\"@id\":\"https:\/\/puntodincontro.mx\/2025\/03\/16\/dal-5-al-10-maggio-missione-imprenditoriale-italiana-in-tre-citta-messicane\/#primaryimage\",\"url\":\"https:\/\/puntodincontro.mx\/wp-content\/uploads\/2025\/03\/missioneitamessicomaggiopuntovert.webp\",\"contentUrl\":\"https:\/\/puntodincontro.mx\/wp-content\/uploads\/2025\/03\/missioneitamessicomaggiopuntovert.webp\",\"width\":423,\"height\":488,\"caption\":\"Dal 5 al 10 maggio missione imprenditoriale italiana in tre citt\u00e0 messicane \/ Foto: ge.camcom.gov.it\"},{\"@type\":\"BreadcrumbList\",\"@id\":\"https:\/\/puntodincontro.mx\/2025\/03\/16\/dal-5-al-10-maggio-missione-imprenditoriale-italiana-in-tre-citta-messicane\/#breadcrumb\",\"itemListElement\":[{\"@type\":\"ListItem\",\"position\":1,\"name\":\"Home\",\"item\":\"https:\/\/puntodincontro.mx\/\"},{\"@type\":\"ListItem\",\"position\":2,\"name\":\"Dal 5 al 10 maggio missione imprenditoriale italiana in tre citt\u00e0 messicane\"}]},{\"@type\":\"WebSite\",\"@id\":\"https:\/\/puntodincontro.mx\/#website\",\"url\":\"https:\/\/puntodincontro.mx\/\",\"name\":\"Puntodincontro\",\"description\":\"Dal 2006 notizie sui rapporti Italia-Messico \/ Desde 2006 noticias sobre las relaciones entre Italia y M\u00e9xico\",\"publisher\":{\"@id\":\"https:\/\/puntodincontro.mx\/#organization\"},\"potentialAction\":[{\"@type\":\"SearchAction\",\"target\":{\"@type\":\"EntryPoint\",\"urlTemplate\":\"https:\/\/puntodincontro.mx\/?s={search_term_string}\"},\"query-input\":{\"@type\":\"PropertyValueSpecification\",\"valueRequired\":true,\"valueName\":\"search_term_string\"}}],\"inLanguage\":\"es\"},{\"@type\":\"Organization\",\"@id\":\"https:\/\/puntodincontro.mx\/#organization\",\"name\":\"Puntodincontro\",\"url\":\"https:\/\/puntodincontro.mx\/\",\"logo\":{\"@type\":\"ImageObject\",\"inLanguage\":\"es\",\"@id\":\"https:\/\/puntodincontro.mx\/#\/schema\/logo\/image\/\",\"url\":\"https:\/\/puntodincontro.mx\/wp-content\/uploads\/2021\/08\/Default-image-for-open-graph-settings.jpg\",\"contentUrl\":\"https:\/\/puntodincontro.mx\/wp-content\/uploads\/2021\/08\/Default-image-for-open-graph-settings.jpg\",\"width\":1200,\"height\":630,\"caption\":\"Puntodincontro\"},\"image\":{\"@id\":\"https:\/\/puntodincontro.mx\/#\/schema\/logo\/image\/\"},\"sameAs\":[\"https:\/\/www.facebook.com\/puntodincontro.mx\",\"https:\/\/x.com\/puntodincontro\",\"https:\/\/www.instagram.com\/puntodincontro.mx\/\",\"https:\/\/www.linkedin.com\/company\/puntodincontro\/\",\"https:\/\/www.youtube.com\/c\/puntodincontromessico\",\"https:\/\/www.patreon.com\/puntodincontro\",\"https:\/\/www.threads.net\/@puntodincontro.mx\"]},{\"@type\":\"Person\",\"@id\":\"https:\/\/puntodincontro.mx\/#\/schema\/person\/d3066d18a16259cbb0c29b0d0e93b556\",\"name\":\"Puntodincontro\",\"image\":{\"@type\":\"ImageObject\",\"inLanguage\":\"es\",\"@id\":\"https:\/\/puntodincontro.mx\/#\/schema\/person\/image\/\",\"url\":\"https:\/\/secure.gravatar.com\/avatar\/0e85b4b3b5e9d6bfcec6a4956d8cc63a?s=96&d=mm&r=g\",\"contentUrl\":\"https:\/\/secure.gravatar.com\/avatar\/0e85b4b3b5e9d6bfcec6a4956d8cc63a?s=96&d=mm&r=g\",\"caption\":\"Puntodincontro\"},\"url\":\"https:\/\/puntodincontro.mx\/es\/author\/puntodincontro\/\"}]}<\/script>\n<!-- \/ Yoast SEO Premium plugin. -->","yoast_head_json":{"title":"Del 5 al 10 de mayo misi\u00f3n empresarial italiana en M\u00e9xico","description":"Del 5 al 10 de mayo de 2025 se realizar\u00e1 en M\u00e9xico una misi\u00f3n empresarial italiana enfocada en el sector automotor.","robots":{"index":"index","follow":"follow","max-snippet":"max-snippet:-1","max-image-preview":"max-image-preview:large","max-video-preview":"max-video-preview:-1"},"canonical":"https:\/\/puntodincontro.mx\/es\/2025\/03\/16\/del-5-al-10-de-mayo-mision-empresarial-italiana-en-tres-ciudades-de-mexico\/","og_locale":"es_MX","og_type":"article","og_title":"Dal 5 al 10 maggio missione imprenditoriale italiana in tre citt\u00e0 messicane","og_description":"Dal 5 al 10 maggio 2025 si terr\u00e0 una missione imprenditoriale italiana in Messico focalizzata sul settore automobilistico.","og_url":"https:\/\/puntodincontro.mx\/es\/2025\/03\/16\/del-5-al-10-de-mayo-mision-empresarial-italiana-en-tres-ciudades-de-mexico\/","og_site_name":"Puntodincontro","article_publisher":"https:\/\/www.facebook.com\/puntodincontro.mx","article_published_time":"2025-03-16T17:05:51+00:00","article_modified_time":"2025-03-16T17:12:08+00:00","og_image":[{"width":932,"height":488,"url":"https:\/\/puntodincontro.mx\/wp-content\/uploads\/2025\/03\/missioneitamessicomaggiopuntocomp.jpg","type":"image\/jpeg"}],"author":"Puntodincontro","twitter_card":"summary_large_image","twitter_creator":"@puntodincontro","twitter_site":"@puntodincontro","twitter_misc":{"Escrito por":"Puntodincontro","Tiempo de lectura":"2 minutos"},"schema":{"@context":"https:\/\/schema.org","@graph":[{"@type":"NewsArticle","@id":"https:\/\/puntodincontro.mx\/2025\/03\/16\/dal-5-al-10-maggio-missione-imprenditoriale-italiana-in-tre-citta-messicane\/#article","isPartOf":{"@id":"https:\/\/puntodincontro.mx\/2025\/03\/16\/dal-5-al-10-maggio-missione-imprenditoriale-italiana-in-tre-citta-messicane\/"},"author":{"name":"Puntodincontro","@id":"https:\/\/puntodincontro.mx\/#\/schema\/person\/d3066d18a16259cbb0c29b0d0e93b556"},"headline":"Dal 5 al 10 maggio missione imprenditoriale italiana in tre citt\u00e0 messicane","datePublished":"2025-03-16T17:05:51+00:00","dateModified":"2025-03-16T17:12:08+00:00","mainEntityOfPage":{"@id":"https:\/\/puntodincontro.mx\/2025\/03\/16\/dal-5-al-10-maggio-missione-imprenditoriale-italiana-in-tre-citta-messicane\/"},"wordCount":339,"commentCount":0,"publisher":{"@id":"https:\/\/puntodincontro.mx\/#organization"},"image":{"@id":"https:\/\/puntodincontro.mx\/2025\/03\/16\/dal-5-al-10-maggio-missione-imprenditoriale-italiana-in-tre-citta-messicane\/#primaryimage"},"thumbnailUrl":"https:\/\/puntodincontro.mx\/wp-content\/uploads\/2025\/03\/missioneitamessicomaggiopuntovert.webp","articleSection":["Economia e finanza"],"inLanguage":"es","potentialAction":[{"@type":"CommentAction","name":"Comment","target":["https:\/\/puntodincontro.mx\/2025\/03\/16\/dal-5-al-10-maggio-missione-imprenditoriale-italiana-in-tre-citta-messicane\/#respond"]}]},{"@type":"WebPage","@id":"https:\/\/puntodincontro.mx\/2025\/03\/16\/dal-5-al-10-maggio-missione-imprenditoriale-italiana-in-tre-citta-messicane\/","url":"https:\/\/puntodincontro.mx\/2025\/03\/16\/dal-5-al-10-maggio-missione-imprenditoriale-italiana-in-tre-citta-messicane\/","name":"Del 5 al 10 de mayo misi\u00f3n empresarial italiana en M\u00e9xico","isPartOf":{"@id":"https:\/\/puntodincontro.mx\/#website"},"primaryImageOfPage":{"@id":"https:\/\/puntodincontro.mx\/2025\/03\/16\/dal-5-al-10-maggio-missione-imprenditoriale-italiana-in-tre-citta-messicane\/#primaryimage"},"image":{"@id":"https:\/\/puntodincontro.mx\/2025\/03\/16\/dal-5-al-10-maggio-missione-imprenditoriale-italiana-in-tre-citta-messicane\/#primaryimage"},"thumbnailUrl":"https:\/\/puntodincontro.mx\/wp-content\/uploads\/2025\/03\/missioneitamessicomaggiopuntovert.webp","datePublished":"2025-03-16T17:05:51+00:00","dateModified":"2025-03-16T17:12:08+00:00","description":"Del 5 al 10 de mayo de 2025 se realizar\u00e1 en M\u00e9xico una misi\u00f3n empresarial italiana enfocada en el sector automotor.","breadcrumb":{"@id":"https:\/\/puntodincontro.mx\/2025\/03\/16\/dal-5-al-10-maggio-missione-imprenditoriale-italiana-in-tre-citta-messicane\/#breadcrumb"},"inLanguage":"es","potentialAction":[{"@type":"ReadAction","target":["https:\/\/puntodincontro.mx\/2025\/03\/16\/dal-5-al-10-maggio-missione-imprenditoriale-italiana-in-tre-citta-messicane\/"]}]},{"@type":"ImageObject","inLanguage":"es","@id":"https:\/\/puntodincontro.mx\/2025\/03\/16\/dal-5-al-10-maggio-missione-imprenditoriale-italiana-in-tre-citta-messicane\/#primaryimage","url":"https:\/\/puntodincontro.mx\/wp-content\/uploads\/2025\/03\/missioneitamessicomaggiopuntovert.webp","contentUrl":"https:\/\/puntodincontro.mx\/wp-content\/uploads\/2025\/03\/missioneitamessicomaggiopuntovert.webp","width":423,"height":488,"caption":"Dal 5 al 10 maggio missione imprenditoriale italiana in tre citt\u00e0 messicane \/ Foto: ge.camcom.gov.it"},{"@type":"BreadcrumbList","@id":"https:\/\/puntodincontro.mx\/2025\/03\/16\/dal-5-al-10-maggio-missione-imprenditoriale-italiana-in-tre-citta-messicane\/#breadcrumb","itemListElement":[{"@type":"ListItem","position":1,"name":"Home","item":"https:\/\/puntodincontro.mx\/"},{"@type":"ListItem","position":2,"name":"Dal 5 al 10 maggio missione imprenditoriale italiana in tre citt\u00e0 messicane"}]},{"@type":"WebSite","@id":"https:\/\/puntodincontro.mx\/#website","url":"https:\/\/puntodincontro.mx\/","name":"Puntodincontro","description":"Desde el 2006 noticias sobre las relaciones entre Italia y M\u00e9xico \/ Dal 2006 notizie sui rapporti Italia-Messico","publisher":{"@id":"https:\/\/puntodincontro.mx\/#organization"},"potentialAction":[{"@type":"SearchAction","target":{"@type":"EntryPoint","urlTemplate":"https:\/\/puntodincontro.mx\/?s={search_term_string}"},"query-input":{"@type":"PropertyValueSpecification","valueRequired":true,"valueName":"search_term_string"}}],"inLanguage":"es"},{"@type":"Organization","@id":"https:\/\/puntodincontro.mx\/#organization","name":"Puntodincontro","url":"https:\/\/puntodincontro.mx\/","logo":{"@type":"ImageObject","inLanguage":"es","@id":"https:\/\/puntodincontro.mx\/#\/schema\/logo\/image\/","url":"https:\/\/puntodincontro.mx\/wp-content\/uploads\/2021\/08\/Default-image-for-open-graph-settings.jpg","contentUrl":"https:\/\/puntodincontro.mx\/wp-content\/uploads\/2021\/08\/Default-image-for-open-graph-settings.jpg","width":1200,"height":630,"caption":"Puntodincontro"},"image":{"@id":"https:\/\/puntodincontro.mx\/#\/schema\/logo\/image\/"},"sameAs":["https:\/\/www.facebook.com\/puntodincontro.mx","https:\/\/x.com\/puntodincontro","https:\/\/www.instagram.com\/puntodincontro.mx\/","https:\/\/www.linkedin.com\/company\/puntodincontro\/","https:\/\/www.youtube.com\/c\/puntodincontromessico","https:\/\/www.patreon.com\/puntodincontro","https:\/\/www.threads.net\/@puntodincontro.mx"]},{"@type":"Person","@id":"https:\/\/puntodincontro.mx\/#\/schema\/person\/d3066d18a16259cbb0c29b0d0e93b556","name":"Puntodincontro","image":{"@type":"ImageObject","inLanguage":"es","@id":"https:\/\/puntodincontro.mx\/#\/schema\/person\/image\/","url":"https:\/\/secure.gravatar.com\/avatar\/0e85b4b3b5e9d6bfcec6a4956d8cc63a?s=96&d=mm&r=g","contentUrl":"https:\/\/secure.gravatar.com\/avatar\/0e85b4b3b5e9d6bfcec6a4956d8cc63a?s=96&d=mm&r=g","caption":"Puntodincontro"},"url":"https:\/\/puntodincontro.mx\/es\/author\/puntodincontro\/"}]}},"_links":{"self":[{"href":"https:\/\/puntodincontro.mx\/es\/wp-json\/wp\/v2\/posts\/21849"}],"collection":[{"href":"https:\/\/puntodincontro.mx\/es\/wp-json\/wp\/v2\/posts"}],"about":[{"href":"https:\/\/puntodincontro.mx\/es\/wp-json\/wp\/v2\/types\/post"}],"author":[{"embeddable":true,"href":"https:\/\/puntodincontro.mx\/es\/wp-json\/wp\/v2\/users\/2"}],"replies":[{"embeddable":true,"href":"https:\/\/puntodincontro.mx\/es\/wp-json\/wp\/v2\/comments?post=21849"}],"version-history":[{"count":9,"href":"https:\/\/puntodincontro.mx\/es\/wp-json\/wp\/v2\/posts\/21849\/revisions"}],"predecessor-version":[{"id":21860,"href":"https:\/\/puntodincontro.mx\/es\/wp-json\/wp\/v2\/posts\/21849\/revisions\/21860"}],"wp:featuredmedia":[{"embeddable":true,"href":"https:\/\/puntodincontro.mx\/es\/wp-json\/wp\/v2\/media\/21858"}],"wp:attachment":[{"href":"https:\/\/puntodincontro.mx\/es\/wp-json\/wp\/v2\/media?parent=21849"}],"wp:term":[{"taxonomy":"category","embeddable":true,"href":"https:\/\/puntodincontro.mx\/es\/wp-json\/wp\/v2\/categories?post=21849"},{"taxonomy":"post_tag","embeddable":true,"href":"https:\/\/puntodincontro.mx\/es\/wp-json\/wp\/v2\/tags?post=21849"}],"curies":[{"name":"wp","href":"https:\/\/api.w.org\/{rel}","templated":true}]}}