{"id":2187,"date":"2021-12-12T08:11:45","date_gmt":"2021-12-12T14:11:45","guid":{"rendered":"https:\/\/puntodincontro.mx\/?p=2187"},"modified":"2021-12-12T08:11:47","modified_gmt":"2021-12-12T14:11:47","slug":"murio-el-cantante-mexicano-vicente-fernandez","status":"publish","type":"post","link":"https:\/\/puntodincontro.mx\/es\/2021\/12\/12\/e-morto-il-cantante-messicano-vicente-fernandez\/","title":{"rendered":"Muri\u00f3 el cantante mexicano Vicente Fern\u00e1ndez"},"content":{"rendered":"<p class=\"translation-block\"><strong>07:58 hrs.<\/strong> \u2013 Vicente Fern\u00e1ndez, un \u00edcono de la m\u00fasica ranchera mexicana, falleci\u00f3 hoy a la edad de 81 a\u00f1os. Se encontraba hospitalizado en una cl\u00ednica de Guadalajara desde agosto, tras sufrir una ca\u00edda accidental en su rancho que le provoc\u00f3 un traumatismo en la columna vertebral.<\/p>\n\n\n\n<p>El llamado \"Charro de Huentit\u00e1n\" hab\u00eda sido internado en julio pasado por una infecci\u00f3n en las v\u00edas urinarias, que inicialmente se crey\u00f3 era coronavirus.<\/p>\n\n\n\n<p>Fern\u00e1ndez es considerado uno de los m\u00e1ximos exponentes de la m\u00fasica regional mexicana a nivel mundial, con unas 80 producciones discogr\u00e1ficas y 25 pel\u00edculas.<\/p>\n\n\n\n<p>En su carrera obtuvo 3 Premios Grammy, 8 Grammy Latino y una estrella en el Paseo de la Fama de Hollywood.<\/p>\n\n\n\n<p>La noticia del fallecimiento del int\u00e9rprete fue difundida por la familia que, a trav\u00e9s de redes sociales, inform\u00f3 que el deceso ocurri\u00f3 hoy a las 6.15 de la ma\u00f1ana.<\/p>\n\n\n\n<p>A pesar de su desaparici\u00f3n, la larga y premiada trayectoria de Fern\u00e1ndez a\u00fan no llega a su fin, pues a finales de 2020 anunci\u00f3 que ten\u00eda much\u00edsimo material preparado en su famoso rancho Los tres potrillos: \u00abTengo m\u00e1s de 100 \u00e1lbumes en el mercado y he grabado m\u00e1s de 300 canciones que a\u00fan no se han dado a conocer. Mi vicio es cantar\u00bb.<\/p>\n\n\n\n<div style=\"height:12px\" aria-hidden=\"true\" class=\"wp-block-spacer\"><\/div>\n\n\n\n\n\n<div style=\"height:12px\" aria-hidden=\"true\" class=\"wp-block-spacer\"><\/div>","protected":false},"excerpt":{"rendered":"<p>Ore 07.58 &#8211; Vicente Fern\u00e1ndez, icona della musica ranchera messicana, \u00e8 morto all&#8217;et\u00e0 di 81 anni. Era ricoverato in una clinica di Guadalajara da agosto, dopo aver subito una caduta accidentale che gli aveva provocato un trauma alla colonna vertebrale. Il cosiddetto \u201cCharro de Huentit\u00e1n\u201d era stato ricoverato lo scorso luglio per un&#8217;infezione delle vie urinarie, che inizialmente si pensava potesse essere Covid-19. Fern\u00e1ndez \u00e8 considerato uno dei maggiori esponenti della musica regionale messicana in tutto il mondo, con circa 80 produzioni discografiche e 25 film. Nella sua carriera ha vinto 3 Grammy, 8 Latin Grammy e gli \u00e8 stata&#8230; <\/p>","protected":false},"author":2,"featured_media":2190,"comment_status":"open","ping_status":"open","sticky":false,"template":"","format":"standard","meta":{"_monsterinsights_skip_tracking":false,"_monsterinsights_sitenote_active":false,"_monsterinsights_sitenote_note":"","_monsterinsights_sitenote_category":0,"footnotes":""},"categories":[16],"tags":[],"class_list":["post-2187","post","type-post","status-publish","format-standard","has-post-thumbnail","hentry","category-messico-nel-mondo"],"yoast_head":"<!-- This site is optimized with the Yoast SEO Premium plugin v18.4 (Yoast SEO v25.6) - https:\/\/yoast.com\/wordpress\/plugins\/seo\/ -->\n<title>\u00c8 morto il cantante messicano Vicente Fern\u00e1ndez Puntodincontro<\/title>\n<meta name=\"description\" content=\"Vicente Fern\u00e1ndez, icona della musica ranchera messicana, \u00e8 morto all&#039;et\u00e0 di 81 anni. Era ricoverato in una clinica di Guadalajara da agosto, dopo aver subito una caduta accidentale che gli aveva provocato un trauma alla colonna vertebrale.\" \/>\n<meta name=\"robots\" content=\"index, follow, max-snippet:-1, max-image-preview:large, max-video-preview:-1\" \/>\n<link rel=\"canonical\" href=\"https:\/\/puntodincontro.mx\/es\/2021\/12\/12\/murio-el-cantante-mexicano-vicente-fernandez\/\" \/>\n<meta property=\"og:locale\" content=\"es_MX\" \/>\n<meta property=\"og:type\" content=\"article\" \/>\n<meta property=\"og:title\" content=\"\u00c8 morto il cantante messicano Vicente Fern\u00e1ndez\" \/>\n<meta property=\"og:description\" content=\"Vicente Fern\u00e1ndez, icona della musica ranchera messicana, \u00e8 morto all&#039;et\u00e0 di 81 anni. Era ricoverato in una clinica di Guadalajara da agosto, dopo aver subito una caduta accidentale che gli aveva provocato un trauma alla colonna vertebrale.\" \/>\n<meta property=\"og:url\" content=\"https:\/\/puntodincontro.mx\/es\/2021\/12\/12\/murio-el-cantante-mexicano-vicente-fernandez\/\" \/>\n<meta property=\"og:site_name\" content=\"Puntodincontro\" \/>\n<meta property=\"article:publisher\" content=\"https:\/\/www.facebook.com\/puntodincontro.mx\" \/>\n<meta property=\"article:published_time\" content=\"2021-12-12T14:11:45+00:00\" \/>\n<meta property=\"article:modified_time\" content=\"2021-12-12T14:11:47+00:00\" \/>\n<meta property=\"og:image\" content=\"https:\/\/puntodincontro.mx\/wp-content\/uploads\/2021\/12\/mortovicentefernandezvert.webp\" \/>\n\t<meta property=\"og:image:width\" content=\"423\" \/>\n\t<meta property=\"og:image:height\" content=\"488\" \/>\n\t<meta property=\"og:image:type\" content=\"image\/webp\" \/>\n<meta name=\"author\" content=\"Puntodincontro\" \/>\n<meta name=\"twitter:card\" content=\"summary_large_image\" \/>\n<meta name=\"twitter:creator\" content=\"@puntodincontro\" \/>\n<meta name=\"twitter:site\" content=\"@puntodincontro\" \/>\n<meta name=\"twitter:label1\" content=\"Escrito por\" \/>\n\t<meta name=\"twitter:data1\" content=\"Puntodincontro\" \/>\n\t<meta name=\"twitter:label2\" content=\"Tiempo de lectura\" \/>\n\t<meta name=\"twitter:data2\" content=\"1 minuto\" \/>\n<script type=\"application\/ld+json\" class=\"yoast-schema-graph\">{\"@context\":\"https:\/\/schema.org\",\"@graph\":[{\"@type\":\"NewsArticle\",\"@id\":\"https:\/\/puntodincontro.mx\/2021\/12\/12\/e-morto-il-cantante-messicano-vicente-fernandez\/#article\",\"isPartOf\":{\"@id\":\"https:\/\/puntodincontro.mx\/2021\/12\/12\/e-morto-il-cantante-messicano-vicente-fernandez\/\"},\"author\":{\"name\":\"Puntodincontro\",\"@id\":\"https:\/\/puntodincontro.mx\/#\/schema\/person\/d3066d18a16259cbb0c29b0d0e93b556\"},\"headline\":\"\u00c8 morto il cantante messicano Vicente Fern\u00e1ndez\",\"datePublished\":\"2021-12-12T14:11:45+00:00\",\"dateModified\":\"2021-12-12T14:11:47+00:00\",\"mainEntityOfPage\":{\"@id\":\"https:\/\/puntodincontro.mx\/2021\/12\/12\/e-morto-il-cantante-messicano-vicente-fernandez\/\"},\"wordCount\":190,\"commentCount\":0,\"publisher\":{\"@id\":\"https:\/\/puntodincontro.mx\/#organization\"},\"image\":{\"@id\":\"https:\/\/puntodincontro.mx\/2021\/12\/12\/e-morto-il-cantante-messicano-vicente-fernandez\/#primaryimage\"},\"thumbnailUrl\":\"https:\/\/puntodincontro.mx\/wp-content\/uploads\/2021\/12\/mortovicentefernandezvert.webp\",\"articleSection\":[\"Messico nel mondo\"],\"inLanguage\":\"es\",\"potentialAction\":[{\"@type\":\"CommentAction\",\"name\":\"Comment\",\"target\":[\"https:\/\/puntodincontro.mx\/2021\/12\/12\/e-morto-il-cantante-messicano-vicente-fernandez\/#respond\"]}]},{\"@type\":\"WebPage\",\"@id\":\"https:\/\/puntodincontro.mx\/2021\/12\/12\/e-morto-il-cantante-messicano-vicente-fernandez\/\",\"url\":\"https:\/\/puntodincontro.mx\/2021\/12\/12\/e-morto-il-cantante-messicano-vicente-fernandez\/\",\"name\":\"\u00c8 morto il cantante messicano Vicente Fern\u00e1ndez Puntodincontro\",\"isPartOf\":{\"@id\":\"https:\/\/puntodincontro.mx\/#website\"},\"primaryImageOfPage\":{\"@id\":\"https:\/\/puntodincontro.mx\/2021\/12\/12\/e-morto-il-cantante-messicano-vicente-fernandez\/#primaryimage\"},\"image\":{\"@id\":\"https:\/\/puntodincontro.mx\/2021\/12\/12\/e-morto-il-cantante-messicano-vicente-fernandez\/#primaryimage\"},\"thumbnailUrl\":\"https:\/\/puntodincontro.mx\/wp-content\/uploads\/2021\/12\/mortovicentefernandezvert.webp\",\"datePublished\":\"2021-12-12T14:11:45+00:00\",\"dateModified\":\"2021-12-12T14:11:47+00:00\",\"description\":\"Vicente Fern\u00e1ndez, icona della musica ranchera messicana, \u00e8 morto all'et\u00e0 di 81 anni. Era ricoverato in una clinica di Guadalajara da agosto, dopo aver subito una caduta accidentale che gli aveva provocato un trauma alla colonna vertebrale.\",\"breadcrumb\":{\"@id\":\"https:\/\/puntodincontro.mx\/2021\/12\/12\/e-morto-il-cantante-messicano-vicente-fernandez\/#breadcrumb\"},\"inLanguage\":\"es\",\"potentialAction\":[{\"@type\":\"ReadAction\",\"target\":[\"https:\/\/puntodincontro.mx\/2021\/12\/12\/e-morto-il-cantante-messicano-vicente-fernandez\/\"]}]},{\"@type\":\"ImageObject\",\"inLanguage\":\"es\",\"@id\":\"https:\/\/puntodincontro.mx\/2021\/12\/12\/e-morto-il-cantante-messicano-vicente-fernandez\/#primaryimage\",\"url\":\"https:\/\/puntodincontro.mx\/wp-content\/uploads\/2021\/12\/mortovicentefernandezvert.webp\",\"contentUrl\":\"https:\/\/puntodincontro.mx\/wp-content\/uploads\/2021\/12\/mortovicentefernandezvert.webp\",\"width\":423,\"height\":488,\"caption\":\"\u00c8 morto il cantante messicano Vicente Fern\u00e1ndez\"},{\"@type\":\"BreadcrumbList\",\"@id\":\"https:\/\/puntodincontro.mx\/2021\/12\/12\/e-morto-il-cantante-messicano-vicente-fernandez\/#breadcrumb\",\"itemListElement\":[{\"@type\":\"ListItem\",\"position\":1,\"name\":\"Home\",\"item\":\"https:\/\/puntodincontro.mx\/\"},{\"@type\":\"ListItem\",\"position\":2,\"name\":\"\u00c8 morto il cantante messicano Vicente Fern\u00e1ndez\"}]},{\"@type\":\"WebSite\",\"@id\":\"https:\/\/puntodincontro.mx\/#website\",\"url\":\"https:\/\/puntodincontro.mx\/\",\"name\":\"Puntodincontro\",\"description\":\"Dal 2006 notizie sui rapporti Italia-Messico \/ Desde 2006 noticias sobre las relaciones entre Italia y M\u00e9xico\",\"publisher\":{\"@id\":\"https:\/\/puntodincontro.mx\/#organization\"},\"potentialAction\":[{\"@type\":\"SearchAction\",\"target\":{\"@type\":\"EntryPoint\",\"urlTemplate\":\"https:\/\/puntodincontro.mx\/?s={search_term_string}\"},\"query-input\":{\"@type\":\"PropertyValueSpecification\",\"valueRequired\":true,\"valueName\":\"search_term_string\"}}],\"inLanguage\":\"es\"},{\"@type\":\"Organization\",\"@id\":\"https:\/\/puntodincontro.mx\/#organization\",\"name\":\"Puntodincontro\",\"url\":\"https:\/\/puntodincontro.mx\/\",\"logo\":{\"@type\":\"ImageObject\",\"inLanguage\":\"es\",\"@id\":\"https:\/\/puntodincontro.mx\/#\/schema\/logo\/image\/\",\"url\":\"https:\/\/puntodincontro.mx\/wp-content\/uploads\/2021\/08\/Default-image-for-open-graph-settings.jpg\",\"contentUrl\":\"https:\/\/puntodincontro.mx\/wp-content\/uploads\/2021\/08\/Default-image-for-open-graph-settings.jpg\",\"width\":1200,\"height\":630,\"caption\":\"Puntodincontro\"},\"image\":{\"@id\":\"https:\/\/puntodincontro.mx\/#\/schema\/logo\/image\/\"},\"sameAs\":[\"https:\/\/www.facebook.com\/puntodincontro.mx\",\"https:\/\/x.com\/puntodincontro\",\"https:\/\/www.instagram.com\/puntodincontro.mx\/\",\"https:\/\/www.linkedin.com\/company\/puntodincontro\/\",\"https:\/\/www.youtube.com\/c\/puntodincontromessico\",\"https:\/\/www.patreon.com\/puntodincontro\",\"https:\/\/www.threads.net\/@puntodincontro.mx\"]},{\"@type\":\"Person\",\"@id\":\"https:\/\/puntodincontro.mx\/#\/schema\/person\/d3066d18a16259cbb0c29b0d0e93b556\",\"name\":\"Puntodincontro\",\"image\":{\"@type\":\"ImageObject\",\"inLanguage\":\"es\",\"@id\":\"https:\/\/puntodincontro.mx\/#\/schema\/person\/image\/\",\"url\":\"https:\/\/secure.gravatar.com\/avatar\/0e85b4b3b5e9d6bfcec6a4956d8cc63a?s=96&d=mm&r=g\",\"contentUrl\":\"https:\/\/secure.gravatar.com\/avatar\/0e85b4b3b5e9d6bfcec6a4956d8cc63a?s=96&d=mm&r=g\",\"caption\":\"Puntodincontro\"},\"url\":\"https:\/\/puntodincontro.mx\/es\/author\/puntodincontro\/\"}]}<\/script>\n<!-- \/ Yoast SEO Premium plugin. -->","yoast_head_json":{"title":"\u00c8 morto il cantante messicano Vicente Fern\u00e1ndez Puntodincontro","description":"Vicente Fern\u00e1ndez, icona della musica ranchera messicana, \u00e8 morto all'et\u00e0 di 81 anni. Era ricoverato in una clinica di Guadalajara da agosto, dopo aver subito una caduta accidentale che gli aveva provocato un trauma alla colonna vertebrale.","robots":{"index":"index","follow":"follow","max-snippet":"max-snippet:-1","max-image-preview":"max-image-preview:large","max-video-preview":"max-video-preview:-1"},"canonical":"https:\/\/puntodincontro.mx\/es\/2021\/12\/12\/murio-el-cantante-mexicano-vicente-fernandez\/","og_locale":"es_MX","og_type":"article","og_title":"\u00c8 morto il cantante messicano Vicente Fern\u00e1ndez","og_description":"Vicente Fern\u00e1ndez, icona della musica ranchera messicana, \u00e8 morto all'et\u00e0 di 81 anni. Era ricoverato in una clinica di Guadalajara da agosto, dopo aver subito una caduta accidentale che gli aveva provocato un trauma alla colonna vertebrale.","og_url":"https:\/\/puntodincontro.mx\/es\/2021\/12\/12\/murio-el-cantante-mexicano-vicente-fernandez\/","og_site_name":"Puntodincontro","article_publisher":"https:\/\/www.facebook.com\/puntodincontro.mx","article_published_time":"2021-12-12T14:11:45+00:00","article_modified_time":"2021-12-12T14:11:47+00:00","og_image":[{"width":423,"height":488,"url":"https:\/\/puntodincontro.mx\/wp-content\/uploads\/2021\/12\/mortovicentefernandezvert.webp","type":"image\/webp"}],"author":"Puntodincontro","twitter_card":"summary_large_image","twitter_creator":"@puntodincontro","twitter_site":"@puntodincontro","twitter_misc":{"Escrito por":"Puntodincontro","Tiempo de lectura":"1 minuto"},"schema":{"@context":"https:\/\/schema.org","@graph":[{"@type":"NewsArticle","@id":"https:\/\/puntodincontro.mx\/2021\/12\/12\/e-morto-il-cantante-messicano-vicente-fernandez\/#article","isPartOf":{"@id":"https:\/\/puntodincontro.mx\/2021\/12\/12\/e-morto-il-cantante-messicano-vicente-fernandez\/"},"author":{"name":"Puntodincontro","@id":"https:\/\/puntodincontro.mx\/#\/schema\/person\/d3066d18a16259cbb0c29b0d0e93b556"},"headline":"\u00c8 morto il cantante messicano Vicente Fern\u00e1ndez","datePublished":"2021-12-12T14:11:45+00:00","dateModified":"2021-12-12T14:11:47+00:00","mainEntityOfPage":{"@id":"https:\/\/puntodincontro.mx\/2021\/12\/12\/e-morto-il-cantante-messicano-vicente-fernandez\/"},"wordCount":190,"commentCount":0,"publisher":{"@id":"https:\/\/puntodincontro.mx\/#organization"},"image":{"@id":"https:\/\/puntodincontro.mx\/2021\/12\/12\/e-morto-il-cantante-messicano-vicente-fernandez\/#primaryimage"},"thumbnailUrl":"https:\/\/puntodincontro.mx\/wp-content\/uploads\/2021\/12\/mortovicentefernandezvert.webp","articleSection":["Messico nel mondo"],"inLanguage":"es","potentialAction":[{"@type":"CommentAction","name":"Comment","target":["https:\/\/puntodincontro.mx\/2021\/12\/12\/e-morto-il-cantante-messicano-vicente-fernandez\/#respond"]}]},{"@type":"WebPage","@id":"https:\/\/puntodincontro.mx\/2021\/12\/12\/e-morto-il-cantante-messicano-vicente-fernandez\/","url":"https:\/\/puntodincontro.mx\/2021\/12\/12\/e-morto-il-cantante-messicano-vicente-fernandez\/","name":"\u00c8 morto il cantante messicano Vicente Fern\u00e1ndez Puntodincontro","isPartOf":{"@id":"https:\/\/puntodincontro.mx\/#website"},"primaryImageOfPage":{"@id":"https:\/\/puntodincontro.mx\/2021\/12\/12\/e-morto-il-cantante-messicano-vicente-fernandez\/#primaryimage"},"image":{"@id":"https:\/\/puntodincontro.mx\/2021\/12\/12\/e-morto-il-cantante-messicano-vicente-fernandez\/#primaryimage"},"thumbnailUrl":"https:\/\/puntodincontro.mx\/wp-content\/uploads\/2021\/12\/mortovicentefernandezvert.webp","datePublished":"2021-12-12T14:11:45+00:00","dateModified":"2021-12-12T14:11:47+00:00","description":"Vicente Fern\u00e1ndez, icona della musica ranchera messicana, \u00e8 morto all'et\u00e0 di 81 anni. Era ricoverato in una clinica di Guadalajara da agosto, dopo aver subito una caduta accidentale che gli aveva provocato un trauma alla colonna vertebrale.","breadcrumb":{"@id":"https:\/\/puntodincontro.mx\/2021\/12\/12\/e-morto-il-cantante-messicano-vicente-fernandez\/#breadcrumb"},"inLanguage":"es","potentialAction":[{"@type":"ReadAction","target":["https:\/\/puntodincontro.mx\/2021\/12\/12\/e-morto-il-cantante-messicano-vicente-fernandez\/"]}]},{"@type":"ImageObject","inLanguage":"es","@id":"https:\/\/puntodincontro.mx\/2021\/12\/12\/e-morto-il-cantante-messicano-vicente-fernandez\/#primaryimage","url":"https:\/\/puntodincontro.mx\/wp-content\/uploads\/2021\/12\/mortovicentefernandezvert.webp","contentUrl":"https:\/\/puntodincontro.mx\/wp-content\/uploads\/2021\/12\/mortovicentefernandezvert.webp","width":423,"height":488,"caption":"\u00c8 morto il cantante messicano Vicente Fern\u00e1ndez"},{"@type":"BreadcrumbList","@id":"https:\/\/puntodincontro.mx\/2021\/12\/12\/e-morto-il-cantante-messicano-vicente-fernandez\/#breadcrumb","itemListElement":[{"@type":"ListItem","position":1,"name":"Home","item":"https:\/\/puntodincontro.mx\/"},{"@type":"ListItem","position":2,"name":"\u00c8 morto il cantante messicano Vicente Fern\u00e1ndez"}]},{"@type":"WebSite","@id":"https:\/\/puntodincontro.mx\/#website","url":"https:\/\/puntodincontro.mx\/","name":"Puntodincontro","description":"Desde el 2006 noticias sobre las relaciones entre Italia y M\u00e9xico \/ Dal 2006 notizie sui rapporti Italia-Messico","publisher":{"@id":"https:\/\/puntodincontro.mx\/#organization"},"potentialAction":[{"@type":"SearchAction","target":{"@type":"EntryPoint","urlTemplate":"https:\/\/puntodincontro.mx\/?s={search_term_string}"},"query-input":{"@type":"PropertyValueSpecification","valueRequired":true,"valueName":"search_term_string"}}],"inLanguage":"es"},{"@type":"Organization","@id":"https:\/\/puntodincontro.mx\/#organization","name":"Puntodincontro","url":"https:\/\/puntodincontro.mx\/","logo":{"@type":"ImageObject","inLanguage":"es","@id":"https:\/\/puntodincontro.mx\/#\/schema\/logo\/image\/","url":"https:\/\/puntodincontro.mx\/wp-content\/uploads\/2021\/08\/Default-image-for-open-graph-settings.jpg","contentUrl":"https:\/\/puntodincontro.mx\/wp-content\/uploads\/2021\/08\/Default-image-for-open-graph-settings.jpg","width":1200,"height":630,"caption":"Puntodincontro"},"image":{"@id":"https:\/\/puntodincontro.mx\/#\/schema\/logo\/image\/"},"sameAs":["https:\/\/www.facebook.com\/puntodincontro.mx","https:\/\/x.com\/puntodincontro","https:\/\/www.instagram.com\/puntodincontro.mx\/","https:\/\/www.linkedin.com\/company\/puntodincontro\/","https:\/\/www.youtube.com\/c\/puntodincontromessico","https:\/\/www.patreon.com\/puntodincontro","https:\/\/www.threads.net\/@puntodincontro.mx"]},{"@type":"Person","@id":"https:\/\/puntodincontro.mx\/#\/schema\/person\/d3066d18a16259cbb0c29b0d0e93b556","name":"Puntodincontro","image":{"@type":"ImageObject","inLanguage":"es","@id":"https:\/\/puntodincontro.mx\/#\/schema\/person\/image\/","url":"https:\/\/secure.gravatar.com\/avatar\/0e85b4b3b5e9d6bfcec6a4956d8cc63a?s=96&d=mm&r=g","contentUrl":"https:\/\/secure.gravatar.com\/avatar\/0e85b4b3b5e9d6bfcec6a4956d8cc63a?s=96&d=mm&r=g","caption":"Puntodincontro"},"url":"https:\/\/puntodincontro.mx\/es\/author\/puntodincontro\/"}]}},"_links":{"self":[{"href":"https:\/\/puntodincontro.mx\/es\/wp-json\/wp\/v2\/posts\/2187"}],"collection":[{"href":"https:\/\/puntodincontro.mx\/es\/wp-json\/wp\/v2\/posts"}],"about":[{"href":"https:\/\/puntodincontro.mx\/es\/wp-json\/wp\/v2\/types\/post"}],"author":[{"embeddable":true,"href":"https:\/\/puntodincontro.mx\/es\/wp-json\/wp\/v2\/users\/2"}],"replies":[{"embeddable":true,"href":"https:\/\/puntodincontro.mx\/es\/wp-json\/wp\/v2\/comments?post=2187"}],"version-history":[{"count":5,"href":"https:\/\/puntodincontro.mx\/es\/wp-json\/wp\/v2\/posts\/2187\/revisions"}],"predecessor-version":[{"id":2194,"href":"https:\/\/puntodincontro.mx\/es\/wp-json\/wp\/v2\/posts\/2187\/revisions\/2194"}],"wp:featuredmedia":[{"embeddable":true,"href":"https:\/\/puntodincontro.mx\/es\/wp-json\/wp\/v2\/media\/2190"}],"wp:attachment":[{"href":"https:\/\/puntodincontro.mx\/es\/wp-json\/wp\/v2\/media?parent=2187"}],"wp:term":[{"taxonomy":"category","embeddable":true,"href":"https:\/\/puntodincontro.mx\/es\/wp-json\/wp\/v2\/categories?post=2187"},{"taxonomy":"post_tag","embeddable":true,"href":"https:\/\/puntodincontro.mx\/es\/wp-json\/wp\/v2\/tags?post=2187"}],"curies":[{"name":"wp","href":"https:\/\/api.w.org\/{rel}","templated":true}]}}