{"id":22009,"date":"2025-03-31T11:16:17","date_gmt":"2025-03-31T17:16:17","guid":{"rendered":"https:\/\/puntodincontro.mx\/?p=22009"},"modified":"2025-03-31T11:16:18","modified_gmt":"2025-03-31T17:16:18","slug":"un-nuevo-decreto-limita-la-ciudadania-italiana-por-descendencia","status":"publish","type":"post","link":"https:\/\/puntodincontro.mx\/es\/2025\/03\/31\/un-nuovo-decreto-limita-la-cittadinanza-italiana-iure-sanguinis\/","title":{"rendered":"Nuevo decreto limita la ciudadan\u00eda italiana por descendencia"},"content":{"rendered":"<p class=\"translation-block\"><b>10:56 hrs.<\/b> - El 28 de marzo de 2025, el Gobierno italiano emiti\u00f3, mediante procedimiento de urgencia, el decreto-ley (<a href=\"https:\/\/www.gazzettaufficiale.it\/eli\/id\/2025\/03\/28\/25G00049\/SG\" target=\"_blank\">n. 36\/2025<\/a>) que modifica dr\u00e1sticamente la Ley 91\/1992 sobre la ciudadan\u00eda italiana.<\/p>\n\n\n\n<p class=\"translation-block\">La disposici\u00f3n, publicada en el Diario Oficial con efecto inmediato, sorprendi\u00f3 a abogados, familias y cientos de descendientes de italianos que esperan el reconocimiento de la ciudadan\u00eda iure sanguinis.<\/p>\n\n\n\n<p>Seg\u00fan la abogada Irene Damiani, del despacho internacional Damiani &amp; Damiani, la ley no s\u00f3lo cambia radicalmente los criterios de transmisi\u00f3n de la ciudadan\u00eda, sino que aplica retroactivamente una fecha l\u00edmite \u2013fijada para el 27 de marzo de 2025\u2013 m\u00e1s all\u00e1 de la cual las solicitudes son rechazadas autom\u00e1ticamente, incluso si est\u00e1n listas para ser presentadas.<\/p>\n\n\n\n<p>A partir del 29 de marzo de 2025, la ciudadan\u00eda italiana por nacimiento de ciudadano italiano (iure sanguinis) ser\u00e1 reconocida s\u00f3lo hasta la segunda generaci\u00f3n, es decir a los nietos directos del ciudadano italiano nacido en Italia.<\/p>\n\n\n\n<p>Los bisnietos (tercera generaci\u00f3n) podr\u00e1n acceder a la ciudadan\u00eda s\u00f3lo si uno de los padres naci\u00f3 en Italia o residi\u00f3 en Italia durante al menos dos a\u00f1os antes del nacimiento del hijo.<\/p>\n\n\n\n<p>Los recursos interpuestos despu\u00e9s del 27 de marzo de 2025 se consideran tard\u00edos e infundados por ley, incluso si se preparan antes de la publicaci\u00f3n del decreto.<\/p>\n\n\n\n<p>Se proh\u00edbe el uso de medios de prueba como el juramento o el testimonio en procedimientos judiciales relativos a la ciudadan\u00eda italiana, contradiciendo principios establecidos del derecho civil.<\/p>\n\n\n\n<p class=\"has-small-font-size\">Imagen: insieme.com.br<\/p>\n\n\n\n<div style=\"height:12px\" aria-hidden=\"true\" class=\"wp-block-spacer\"><\/div>\n\n\n<!-- Ad space powered by WP AdCenter v2.5.7 - https:\/\/wpadcenter.com\/ --><div class=\"wpadcenter-adgroup\" ><div class=\"wpadcenter-adgroup__row wpadcenter-aligncenter\"><div class=\"wpadcenter-ad-container\" ><div id=\"wpadcenter-ad-18464\" class=\"ad-placement\"><div class=\"wpadcenter-ad-inner\" ><a id=\"wpadcenter_ad\" data-value=\"18464\" data-placement=\"\" href=\"https:\/\/www.productosremo.com\/\" target=\"_blank\" class=\"wpadcenter-ad-inner__item\" ><img decoding=\"async\"   src=\"https:\/\/puntodincontro.mx\/wp-content\/uploads\/2021\/08\/remobanner.jpg\" class=\"attachment-post-thumbnail size-post-thumbnail wp-post-image\" alt=\"\" srcset=\"https:\/\/puntodincontro.mx\/wp-content\/uploads\/2021\/08\/remobanner.jpg 200w, https:\/\/puntodincontro.mx\/wp-content\/uploads\/2021\/08\/remobanner-16x5.jpg 16w\" sizes=\"(max-width: 200px) 100vw, 200px\" \/><\/a><\/div><\/div><\/div><div class=\"wpadcenter-ad-container\" ><div id=\"wpadcenter-ad-5305\" class=\"ad-placement\"><div class=\"wpadcenter-ad-inner\" ><a id=\"wpadcenter_ad\" data-value=\"5305\" data-placement=\"\" href=\"https:\/\/ambcittadelmessico.esteri.it\/ambasciata_cittadelmessico\/it\/\" target=\"_blank\" class=\"wpadcenter-ad-inner__item\" ><img decoding=\"async\"   src=\"https:\/\/puntodincontro.mx\/wp-content\/uploads\/2022\/05\/Ambasciata.jpg\" class=\"attachment-post-thumbnail size-post-thumbnail wp-post-image\" alt=\"\" srcset=\"https:\/\/puntodincontro.mx\/wp-content\/uploads\/2022\/05\/Ambasciata.jpg 200w, https:\/\/puntodincontro.mx\/wp-content\/uploads\/2022\/05\/Ambasciata-18x5.jpg 18w\" sizes=\"(max-width: 200px) 100vw, 200px\" \/><\/a><\/div><\/div><\/div><div class=\"wpadcenter-ad-container\" ><div id=\"wpadcenter-ad-3781\" class=\"ad-placement\"><div class=\"wpadcenter-ad-inner\" ><a id=\"wpadcenter_ad\" data-value=\"3781\" data-placement=\"\" href=\"https:\/\/cannizzo.com.mx\/\" target=\"_blank\" class=\"wpadcenter-ad-inner__item\" ><img decoding=\"async\"   src=\"https:\/\/puntodincontro.mx\/wp-content\/uploads\/2022\/03\/cannizzo2.jpg\" class=\"attachment-post-thumbnail size-post-thumbnail wp-post-image\" alt=\"\" srcset=\"https:\/\/puntodincontro.mx\/wp-content\/uploads\/2022\/03\/cannizzo2.jpg 200w, https:\/\/puntodincontro.mx\/wp-content\/uploads\/2022\/03\/cannizzo2-18x5.jpg 18w\" sizes=\"(max-width: 200px) 100vw, 200px\" \/><\/a><\/div><\/div><\/div><\/div><div class=\"wpadcenter-adgroup__row wpadcenter-aligncenter\"><div class=\"wpadcenter-ad-container\" ><div id=\"wpadcenter-ad-1704\" class=\"ad-placement\"><div class=\"wpadcenter-ad-inner\" ><a id=\"wpadcenter_ad\" data-value=\"1704\" data-placement=\"\" href=\"https:\/\/puntodincontro.mx\/es\/2021\/12\/24\/inps-verificacion-de-supervivencia-de-los-pensionados-en-el-extranjero\/\" target=\"_blank\" class=\"wpadcenter-ad-inner__item\" ><img decoding=\"async\"   src=\"https:\/\/puntodincontro.mx\/wp-content\/uploads\/2021\/11\/logo-ital.jpg\" class=\"attachment-post-thumbnail size-post-thumbnail wp-post-image\" alt=\"Patronato ITAL Messico\" srcset=\"https:\/\/puntodincontro.mx\/wp-content\/uploads\/2021\/11\/logo-ital.jpg 200w, https:\/\/puntodincontro.mx\/wp-content\/uploads\/2021\/11\/logo-ital-16x5.jpg 16w\" sizes=\"(max-width: 200px) 100vw, 200px\" \/><\/a><\/div><\/div><\/div><div class=\"wpadcenter-ad-container\" ><div id=\"wpadcenter-ad-1538\" class=\"ad-placement\"><div class=\"wpadcenter-ad-inner\" ><a id=\"wpadcenter_ad\" data-value=\"1538\" data-placement=\"\" href=\"https:\/\/asociacionitaliana.org\/\" target=\"_blank\" class=\"wpadcenter-ad-inner__item\" ><img decoding=\"async\"   src=\"https:\/\/puntodincontro.mx\/wp-content\/uploads\/2021\/11\/aialogo.jpg\" class=\"attachment-post-thumbnail size-post-thumbnail wp-post-image\" alt=\"Associazione Italiana di Assistenza IAP\" srcset=\"https:\/\/puntodincontro.mx\/wp-content\/uploads\/2021\/11\/aialogo.jpg 200w, https:\/\/puntodincontro.mx\/wp-content\/uploads\/2021\/11\/aialogo-18x5.jpg 18w\" sizes=\"(max-width: 200px) 100vw, 200px\" \/><\/a><\/div><\/div><\/div><div class=\"wpadcenter-ad-container\" ><div id=\"wpadcenter-ad-1513\" class=\"ad-placement\"><div class=\"wpadcenter-ad-inner\" ><a id=\"wpadcenter_ad\" data-value=\"1513\" data-placement=\"\" href=\"https:\/\/gcinmuebles.mx\" target=\"_blank\" class=\"wpadcenter-ad-inner__item\" ><img decoding=\"async\"   src=\"https:\/\/puntodincontro.mx\/wp-content\/uploads\/2021\/10\/gcinmuebleslogopunto-1.jpg\" class=\"attachment-post-thumbnail size-post-thumbnail wp-post-image\" alt=\"\" srcset=\"https:\/\/puntodincontro.mx\/wp-content\/uploads\/2021\/10\/gcinmuebleslogopunto-1.jpg 200w, https:\/\/puntodincontro.mx\/wp-content\/uploads\/2021\/10\/gcinmuebleslogopunto-1-18x5.jpg 18w\" sizes=\"(max-width: 200px) 100vw, 200px\" \/><\/a><\/div><\/div><\/div><\/div><div class=\"wpadcenter-adgroup__row wpadcenter-aligncenter\"><div class=\"wpadcenter-ad-container\" ><div id=\"wpadcenter-ad-1374\" class=\"ad-placement\"><div class=\"wpadcenter-ad-inner\" ><a id=\"wpadcenter_ad\" data-value=\"1374\" data-placement=\"\" href=\"https:\/\/www.9colonne.it\/\" target=\"_blank\" class=\"wpadcenter-ad-inner__item\" ><img decoding=\"async\"   src=\"https:\/\/puntodincontro.mx\/wp-content\/uploads\/2021\/10\/Banner9colonne.gif\" class=\"attachment-post-thumbnail size-post-thumbnail wp-post-image\" alt=\"\" \/><\/a><\/div><\/div><\/div><div class=\"wpadcenter-ad-container\" ><div id=\"wpadcenter-ad-276\" class=\"ad-placement\"><div class=\"wpadcenter-ad-inner\" ><a id=\"wpadcenter_ad\" data-value=\"276\" data-placement=\"\" href=\"http:\/\/www.camaraitaliana.mx\/\" target=\"_blank\" class=\"wpadcenter-ad-inner__item\" ><img decoding=\"async\"   src=\"https:\/\/puntodincontro.mx\/wp-content\/uploads\/2021\/08\/ccimnuovo.jpg\" class=\"attachment-post-thumbnail size-post-thumbnail wp-post-image\" alt=\"\" srcset=\"https:\/\/puntodincontro.mx\/wp-content\/uploads\/2021\/08\/ccimnuovo.jpg 200w, https:\/\/puntodincontro.mx\/wp-content\/uploads\/2021\/08\/ccimnuovo-18x5.jpg 18w\" sizes=\"(max-width: 200px) 100vw, 200px\" \/><\/a><\/div><\/div><\/div><div class=\"wpadcenter-ad-container\" ><div id=\"wpadcenter-ad-272\" class=\"ad-placement\"><div class=\"wpadcenter-ad-inner\" ><a id=\"wpadcenter_ad\" data-value=\"272\" data-placement=\"\" href=\"http:\/\/corix.us\/\" target=\"_blank\" class=\"wpadcenter-ad-inner__item\" ><img decoding=\"async\"   src=\"https:\/\/puntodincontro.mx\/wp-content\/uploads\/2021\/08\/corixbanner-1.jpg\" class=\"attachment-post-thumbnail size-post-thumbnail wp-post-image\" alt=\"\" srcset=\"https:\/\/puntodincontro.mx\/wp-content\/uploads\/2021\/08\/corixbanner-1.jpg 200w, https:\/\/puntodincontro.mx\/wp-content\/uploads\/2021\/08\/corixbanner-1-16x5.jpg 16w\" sizes=\"(max-width: 200px) 100vw, 200px\" \/><\/a><\/div><\/div><\/div><\/div><div class=\"wpadcenter-adgroup__row wpadcenter-aligncenter\"><div class=\"wpadcenter-ad-container\" ><div id=\"wpadcenter-ad-266\" class=\"ad-placement\"><div class=\"wpadcenter-ad-inner\" ><a id=\"wpadcenter_ad\" data-value=\"266\" data-placement=\"\" href=\"https:\/\/www.prinsel.com.mx\/\" target=\"_blank\" class=\"wpadcenter-ad-inner__item\" ><img decoding=\"async\"   src=\"https:\/\/puntodincontro.mx\/wp-content\/uploads\/2021\/08\/prinselbanner-1.jpg\" class=\"attachment-post-thumbnail size-post-thumbnail wp-post-image\" alt=\"\" srcset=\"https:\/\/puntodincontro.mx\/wp-content\/uploads\/2021\/08\/prinselbanner-1.jpg 200w, https:\/\/puntodincontro.mx\/wp-content\/uploads\/2021\/08\/prinselbanner-1-16x5.jpg 16w\" sizes=\"(max-width: 200px) 100vw, 200px\" \/><\/a><\/div><\/div><\/div><div class=\"wpadcenter-ad-container\" ><div id=\"wpadcenter-ad-261\" class=\"ad-placement\"><div class=\"wpadcenter-ad-inner\" ><a id=\"wpadcenter_ad\" data-value=\"261\" data-placement=\"\" href=\"https:\/\/faitalia.com.mx\/\" target=\"_blank\" class=\"wpadcenter-ad-inner__item\" ><img decoding=\"async\"   src=\"https:\/\/puntodincontro.mx\/wp-content\/uploads\/2021\/08\/gruppodino.jpg\" class=\"attachment-post-thumbnail size-post-thumbnail wp-post-image\" alt=\"\" srcset=\"https:\/\/puntodincontro.mx\/wp-content\/uploads\/2021\/08\/gruppodino.jpg 200w, https:\/\/puntodincontro.mx\/wp-content\/uploads\/2021\/08\/gruppodino-18x5.jpg 18w\" sizes=\"(max-width: 200px) 100vw, 200px\" \/><\/a><\/div><\/div><\/div><\/div><\/div>\n\n\n<div style=\"height:12px\" aria-hidden=\"true\" class=\"wp-block-spacer\"><\/div>","protected":false},"excerpt":{"rendered":"<p>Ore 10:50 &#8211; Il 28 marzo 2025 il governo italiano ha emanato, con procedura d\u2019urgenza, un decreto-legge (n. 36\/2025) che modifica drasticamente la legge 91\/1992 sulla cittadinanza italiana. Il provvedimento, pubblicato in Gazzetta Ufficiale con effetto immediato, ha lasciato sorpresi avvocati, famiglie e centinaia di cittadini in attesa del riconoscimento della cittadinanza iure sanguinis. Secondo l\u2019avvocata Irene Damiani, dello studio internazionale Damiani &amp; Damiani, la norma non solo cambia radicalmente i criteri di trasmissione della cittadinanza, ma applica retroattivamente un termine di decadenza \u2013fissato al 27 marzo 2025\u2013 oltre il quale le domande vengono automaticamente respinte, anche se pronte per&#8230; <\/p>","protected":false},"author":2,"featured_media":22020,"comment_status":"open","ping_status":"open","sticky":false,"template":"","format":"standard","meta":{"_monsterinsights_skip_tracking":false,"_monsterinsights_sitenote_active":false,"_monsterinsights_sitenote_note":"","_monsterinsights_sitenote_category":0,"footnotes":""},"categories":[5],"tags":[],"class_list":["post-22009","post","type-post","status-publish","format-standard","has-post-thumbnail","hentry","category-italia-nel-mondo"],"yoast_head":"<!-- This site is optimized with the Yoast SEO Premium plugin v18.4 (Yoast SEO v25.6) - https:\/\/yoast.com\/wordpress\/plugins\/seo\/ -->\n<title>Un nuovo decreto limita la cittadinanza italiana iure sanguinis<\/title>\n<meta name=\"description\" content=\"Il 28 marzo 2025 il governo italiano ha emanato, con procedura d\u2019urgenza, un decreto-legge che modifica le norme sulla cittadinanza.\" \/>\n<meta name=\"robots\" content=\"index, follow, max-snippet:-1, max-image-preview:large, max-video-preview:-1\" \/>\n<link rel=\"canonical\" href=\"https:\/\/puntodincontro.mx\/es\/2025\/03\/31\/un-nuevo-decreto-limita-la-ciudadania-italiana-por-descendencia\/\" \/>\n<meta property=\"og:locale\" content=\"es_MX\" \/>\n<meta property=\"og:type\" content=\"article\" \/>\n<meta property=\"og:title\" content=\"Un nuovo decreto limita la cittadinanza italiana iure sanguinis\" \/>\n<meta property=\"og:description\" content=\"Il 28 marzo 2025 il governo italiano ha emanato, con procedura d\u2019urgenza, un decreto-legge che modifica le norme sulla cittadinanza.\" \/>\n<meta property=\"og:url\" content=\"https:\/\/puntodincontro.mx\/es\/2025\/03\/31\/un-nuevo-decreto-limita-la-ciudadania-italiana-por-descendencia\/\" \/>\n<meta property=\"og:site_name\" content=\"Puntodincontro\" \/>\n<meta property=\"article:publisher\" content=\"https:\/\/www.facebook.com\/puntodincontro.mx\" \/>\n<meta property=\"article:published_time\" content=\"2025-03-31T17:16:17+00:00\" \/>\n<meta property=\"article:modified_time\" content=\"2025-03-31T17:16:18+00:00\" \/>\n<meta property=\"og:image\" content=\"https:\/\/puntodincontro.mx\/wp-content\/uploads\/2025\/03\/decretoleggepuntocomp.jpg\" \/>\n\t<meta property=\"og:image:width\" content=\"932\" \/>\n\t<meta property=\"og:image:height\" content=\"488\" \/>\n\t<meta property=\"og:image:type\" content=\"image\/jpeg\" \/>\n<meta name=\"author\" content=\"Puntodincontro\" \/>\n<meta name=\"twitter:card\" content=\"summary_large_image\" \/>\n<meta name=\"twitter:creator\" content=\"@puntodincontro\" \/>\n<meta name=\"twitter:site\" content=\"@puntodincontro\" \/>\n<meta name=\"twitter:label1\" content=\"Escrito por\" \/>\n\t<meta name=\"twitter:data1\" content=\"Puntodincontro\" \/>\n\t<meta name=\"twitter:label2\" content=\"Tiempo de lectura\" \/>\n\t<meta name=\"twitter:data2\" content=\"1 minuto\" \/>\n<script type=\"application\/ld+json\" class=\"yoast-schema-graph\">{\"@context\":\"https:\/\/schema.org\",\"@graph\":[{\"@type\":\"NewsArticle\",\"@id\":\"https:\/\/puntodincontro.mx\/2025\/03\/31\/un-nuovo-decreto-limita-la-cittadinanza-italiana-iure-sanguinis\/#article\",\"isPartOf\":{\"@id\":\"https:\/\/puntodincontro.mx\/2025\/03\/31\/un-nuovo-decreto-limita-la-cittadinanza-italiana-iure-sanguinis\/\"},\"author\":{\"name\":\"Puntodincontro\",\"@id\":\"https:\/\/puntodincontro.mx\/#\/schema\/person\/d3066d18a16259cbb0c29b0d0e93b556\"},\"headline\":\"Un nuovo decreto limita la cittadinanza italiana iure sanguinis\",\"datePublished\":\"2025-03-31T17:16:17+00:00\",\"dateModified\":\"2025-03-31T17:16:18+00:00\",\"mainEntityOfPage\":{\"@id\":\"https:\/\/puntodincontro.mx\/2025\/03\/31\/un-nuovo-decreto-limita-la-cittadinanza-italiana-iure-sanguinis\/\"},\"wordCount\":218,\"commentCount\":0,\"publisher\":{\"@id\":\"https:\/\/puntodincontro.mx\/#organization\"},\"image\":{\"@id\":\"https:\/\/puntodincontro.mx\/2025\/03\/31\/un-nuovo-decreto-limita-la-cittadinanza-italiana-iure-sanguinis\/#primaryimage\"},\"thumbnailUrl\":\"https:\/\/puntodincontro.mx\/wp-content\/uploads\/2025\/03\/decretoleggepuntohor.webp\",\"articleSection\":[\"Italia nel mondo\"],\"inLanguage\":\"es\",\"potentialAction\":[{\"@type\":\"CommentAction\",\"name\":\"Comment\",\"target\":[\"https:\/\/puntodincontro.mx\/2025\/03\/31\/un-nuovo-decreto-limita-la-cittadinanza-italiana-iure-sanguinis\/#respond\"]}]},{\"@type\":\"WebPage\",\"@id\":\"https:\/\/puntodincontro.mx\/2025\/03\/31\/un-nuovo-decreto-limita-la-cittadinanza-italiana-iure-sanguinis\/\",\"url\":\"https:\/\/puntodincontro.mx\/2025\/03\/31\/un-nuovo-decreto-limita-la-cittadinanza-italiana-iure-sanguinis\/\",\"name\":\"Un nuovo decreto limita la cittadinanza italiana iure sanguinis\",\"isPartOf\":{\"@id\":\"https:\/\/puntodincontro.mx\/#website\"},\"primaryImageOfPage\":{\"@id\":\"https:\/\/puntodincontro.mx\/2025\/03\/31\/un-nuovo-decreto-limita-la-cittadinanza-italiana-iure-sanguinis\/#primaryimage\"},\"image\":{\"@id\":\"https:\/\/puntodincontro.mx\/2025\/03\/31\/un-nuovo-decreto-limita-la-cittadinanza-italiana-iure-sanguinis\/#primaryimage\"},\"thumbnailUrl\":\"https:\/\/puntodincontro.mx\/wp-content\/uploads\/2025\/03\/decretoleggepuntohor.webp\",\"datePublished\":\"2025-03-31T17:16:17+00:00\",\"dateModified\":\"2025-03-31T17:16:18+00:00\",\"description\":\"Il 28 marzo 2025 il governo italiano ha emanato, con procedura d\u2019urgenza, un decreto-legge che modifica le norme sulla cittadinanza.\",\"breadcrumb\":{\"@id\":\"https:\/\/puntodincontro.mx\/2025\/03\/31\/un-nuovo-decreto-limita-la-cittadinanza-italiana-iure-sanguinis\/#breadcrumb\"},\"inLanguage\":\"es\",\"potentialAction\":[{\"@type\":\"ReadAction\",\"target\":[\"https:\/\/puntodincontro.mx\/2025\/03\/31\/un-nuovo-decreto-limita-la-cittadinanza-italiana-iure-sanguinis\/\"]}]},{\"@type\":\"ImageObject\",\"inLanguage\":\"es\",\"@id\":\"https:\/\/puntodincontro.mx\/2025\/03\/31\/un-nuovo-decreto-limita-la-cittadinanza-italiana-iure-sanguinis\/#primaryimage\",\"url\":\"https:\/\/puntodincontro.mx\/wp-content\/uploads\/2025\/03\/decretoleggepuntohor.webp\",\"contentUrl\":\"https:\/\/puntodincontro.mx\/wp-content\/uploads\/2025\/03\/decretoleggepuntohor.webp\",\"width\":932,\"height\":488,\"caption\":\"Un nuovo decreto limita la cittadinanza italiana iure sanguinis \/ Immagine: insieme.com.br\"},{\"@type\":\"BreadcrumbList\",\"@id\":\"https:\/\/puntodincontro.mx\/2025\/03\/31\/un-nuovo-decreto-limita-la-cittadinanza-italiana-iure-sanguinis\/#breadcrumb\",\"itemListElement\":[{\"@type\":\"ListItem\",\"position\":1,\"name\":\"Home\",\"item\":\"https:\/\/puntodincontro.mx\/\"},{\"@type\":\"ListItem\",\"position\":2,\"name\":\"Un nuovo decreto limita la cittadinanza italiana iure sanguinis\"}]},{\"@type\":\"WebSite\",\"@id\":\"https:\/\/puntodincontro.mx\/#website\",\"url\":\"https:\/\/puntodincontro.mx\/\",\"name\":\"Puntodincontro\",\"description\":\"Dal 2006 notizie sui rapporti Italia-Messico \/ Desde 2006 noticias sobre las relaciones entre Italia y M\u00e9xico\",\"publisher\":{\"@id\":\"https:\/\/puntodincontro.mx\/#organization\"},\"potentialAction\":[{\"@type\":\"SearchAction\",\"target\":{\"@type\":\"EntryPoint\",\"urlTemplate\":\"https:\/\/puntodincontro.mx\/?s={search_term_string}\"},\"query-input\":{\"@type\":\"PropertyValueSpecification\",\"valueRequired\":true,\"valueName\":\"search_term_string\"}}],\"inLanguage\":\"es\"},{\"@type\":\"Organization\",\"@id\":\"https:\/\/puntodincontro.mx\/#organization\",\"name\":\"Puntodincontro\",\"url\":\"https:\/\/puntodincontro.mx\/\",\"logo\":{\"@type\":\"ImageObject\",\"inLanguage\":\"es\",\"@id\":\"https:\/\/puntodincontro.mx\/#\/schema\/logo\/image\/\",\"url\":\"https:\/\/puntodincontro.mx\/wp-content\/uploads\/2021\/08\/Default-image-for-open-graph-settings.jpg\",\"contentUrl\":\"https:\/\/puntodincontro.mx\/wp-content\/uploads\/2021\/08\/Default-image-for-open-graph-settings.jpg\",\"width\":1200,\"height\":630,\"caption\":\"Puntodincontro\"},\"image\":{\"@id\":\"https:\/\/puntodincontro.mx\/#\/schema\/logo\/image\/\"},\"sameAs\":[\"https:\/\/www.facebook.com\/puntodincontro.mx\",\"https:\/\/x.com\/puntodincontro\",\"https:\/\/www.instagram.com\/puntodincontro.mx\/\",\"https:\/\/www.linkedin.com\/company\/puntodincontro\/\",\"https:\/\/www.youtube.com\/c\/puntodincontromessico\",\"https:\/\/www.patreon.com\/puntodincontro\",\"https:\/\/www.threads.net\/@puntodincontro.mx\"]},{\"@type\":\"Person\",\"@id\":\"https:\/\/puntodincontro.mx\/#\/schema\/person\/d3066d18a16259cbb0c29b0d0e93b556\",\"name\":\"Puntodincontro\",\"image\":{\"@type\":\"ImageObject\",\"inLanguage\":\"es\",\"@id\":\"https:\/\/puntodincontro.mx\/#\/schema\/person\/image\/\",\"url\":\"https:\/\/secure.gravatar.com\/avatar\/0e85b4b3b5e9d6bfcec6a4956d8cc63a?s=96&d=mm&r=g\",\"contentUrl\":\"https:\/\/secure.gravatar.com\/avatar\/0e85b4b3b5e9d6bfcec6a4956d8cc63a?s=96&d=mm&r=g\",\"caption\":\"Puntodincontro\"},\"url\":\"https:\/\/puntodincontro.mx\/es\/author\/puntodincontro\/\"}]}<\/script>\n<!-- \/ Yoast SEO Premium plugin. -->","yoast_head_json":{"title":"Nuevo decreto limita la ciudadan\u00eda italiana por descendencia","description":"El 28 de marzo de 2025 el gobierno italiano emiti\u00f3, mediante procedimiento de urgencia, un decreto-ley que modifica las normas sobre la ciudadan\u00eda.","robots":{"index":"index","follow":"follow","max-snippet":"max-snippet:-1","max-image-preview":"max-image-preview:large","max-video-preview":"max-video-preview:-1"},"canonical":"https:\/\/puntodincontro.mx\/es\/2025\/03\/31\/un-nuevo-decreto-limita-la-ciudadania-italiana-por-descendencia\/","og_locale":"es_MX","og_type":"article","og_title":"Un nuovo decreto limita la cittadinanza italiana iure sanguinis","og_description":"Il 28 marzo 2025 il governo italiano ha emanato, con procedura d\u2019urgenza, un decreto-legge che modifica le norme sulla cittadinanza.","og_url":"https:\/\/puntodincontro.mx\/es\/2025\/03\/31\/un-nuevo-decreto-limita-la-ciudadania-italiana-por-descendencia\/","og_site_name":"Puntodincontro","article_publisher":"https:\/\/www.facebook.com\/puntodincontro.mx","article_published_time":"2025-03-31T17:16:17+00:00","article_modified_time":"2025-03-31T17:16:18+00:00","og_image":[{"width":932,"height":488,"url":"https:\/\/puntodincontro.mx\/wp-content\/uploads\/2025\/03\/decretoleggepuntocomp.jpg","type":"image\/jpeg"}],"author":"Puntodincontro","twitter_card":"summary_large_image","twitter_creator":"@puntodincontro","twitter_site":"@puntodincontro","twitter_misc":{"Escrito por":"Puntodincontro","Tiempo de lectura":"1 minuto"},"schema":{"@context":"https:\/\/schema.org","@graph":[{"@type":"NewsArticle","@id":"https:\/\/puntodincontro.mx\/2025\/03\/31\/un-nuovo-decreto-limita-la-cittadinanza-italiana-iure-sanguinis\/#article","isPartOf":{"@id":"https:\/\/puntodincontro.mx\/2025\/03\/31\/un-nuovo-decreto-limita-la-cittadinanza-italiana-iure-sanguinis\/"},"author":{"name":"Puntodincontro","@id":"https:\/\/puntodincontro.mx\/#\/schema\/person\/d3066d18a16259cbb0c29b0d0e93b556"},"headline":"Un nuovo decreto limita la cittadinanza italiana iure sanguinis","datePublished":"2025-03-31T17:16:17+00:00","dateModified":"2025-03-31T17:16:18+00:00","mainEntityOfPage":{"@id":"https:\/\/puntodincontro.mx\/2025\/03\/31\/un-nuovo-decreto-limita-la-cittadinanza-italiana-iure-sanguinis\/"},"wordCount":218,"commentCount":0,"publisher":{"@id":"https:\/\/puntodincontro.mx\/#organization"},"image":{"@id":"https:\/\/puntodincontro.mx\/2025\/03\/31\/un-nuovo-decreto-limita-la-cittadinanza-italiana-iure-sanguinis\/#primaryimage"},"thumbnailUrl":"https:\/\/puntodincontro.mx\/wp-content\/uploads\/2025\/03\/decretoleggepuntohor.webp","articleSection":["Italia nel mondo"],"inLanguage":"es","potentialAction":[{"@type":"CommentAction","name":"Comment","target":["https:\/\/puntodincontro.mx\/2025\/03\/31\/un-nuovo-decreto-limita-la-cittadinanza-italiana-iure-sanguinis\/#respond"]}]},{"@type":"WebPage","@id":"https:\/\/puntodincontro.mx\/2025\/03\/31\/un-nuovo-decreto-limita-la-cittadinanza-italiana-iure-sanguinis\/","url":"https:\/\/puntodincontro.mx\/2025\/03\/31\/un-nuovo-decreto-limita-la-cittadinanza-italiana-iure-sanguinis\/","name":"Nuevo decreto limita la ciudadan\u00eda italiana por descendencia","isPartOf":{"@id":"https:\/\/puntodincontro.mx\/#website"},"primaryImageOfPage":{"@id":"https:\/\/puntodincontro.mx\/2025\/03\/31\/un-nuovo-decreto-limita-la-cittadinanza-italiana-iure-sanguinis\/#primaryimage"},"image":{"@id":"https:\/\/puntodincontro.mx\/2025\/03\/31\/un-nuovo-decreto-limita-la-cittadinanza-italiana-iure-sanguinis\/#primaryimage"},"thumbnailUrl":"https:\/\/puntodincontro.mx\/wp-content\/uploads\/2025\/03\/decretoleggepuntohor.webp","datePublished":"2025-03-31T17:16:17+00:00","dateModified":"2025-03-31T17:16:18+00:00","description":"El 28 de marzo de 2025 el gobierno italiano emiti\u00f3, mediante procedimiento de urgencia, un decreto-ley que modifica las normas sobre la ciudadan\u00eda.","breadcrumb":{"@id":"https:\/\/puntodincontro.mx\/2025\/03\/31\/un-nuovo-decreto-limita-la-cittadinanza-italiana-iure-sanguinis\/#breadcrumb"},"inLanguage":"es","potentialAction":[{"@type":"ReadAction","target":["https:\/\/puntodincontro.mx\/2025\/03\/31\/un-nuovo-decreto-limita-la-cittadinanza-italiana-iure-sanguinis\/"]}]},{"@type":"ImageObject","inLanguage":"es","@id":"https:\/\/puntodincontro.mx\/2025\/03\/31\/un-nuovo-decreto-limita-la-cittadinanza-italiana-iure-sanguinis\/#primaryimage","url":"https:\/\/puntodincontro.mx\/wp-content\/uploads\/2025\/03\/decretoleggepuntohor.webp","contentUrl":"https:\/\/puntodincontro.mx\/wp-content\/uploads\/2025\/03\/decretoleggepuntohor.webp","width":932,"height":488,"caption":"Un nuovo decreto limita la cittadinanza italiana iure sanguinis \/ Immagine: insieme.com.br"},{"@type":"BreadcrumbList","@id":"https:\/\/puntodincontro.mx\/2025\/03\/31\/un-nuovo-decreto-limita-la-cittadinanza-italiana-iure-sanguinis\/#breadcrumb","itemListElement":[{"@type":"ListItem","position":1,"name":"Home","item":"https:\/\/puntodincontro.mx\/"},{"@type":"ListItem","position":2,"name":"Un nuovo decreto limita la cittadinanza italiana iure sanguinis"}]},{"@type":"WebSite","@id":"https:\/\/puntodincontro.mx\/#website","url":"https:\/\/puntodincontro.mx\/","name":"Puntodincontro","description":"Desde el 2006 noticias sobre las relaciones entre Italia y M\u00e9xico \/ Dal 2006 notizie sui rapporti Italia-Messico","publisher":{"@id":"https:\/\/puntodincontro.mx\/#organization"},"potentialAction":[{"@type":"SearchAction","target":{"@type":"EntryPoint","urlTemplate":"https:\/\/puntodincontro.mx\/?s={search_term_string}"},"query-input":{"@type":"PropertyValueSpecification","valueRequired":true,"valueName":"search_term_string"}}],"inLanguage":"es"},{"@type":"Organization","@id":"https:\/\/puntodincontro.mx\/#organization","name":"Puntodincontro","url":"https:\/\/puntodincontro.mx\/","logo":{"@type":"ImageObject","inLanguage":"es","@id":"https:\/\/puntodincontro.mx\/#\/schema\/logo\/image\/","url":"https:\/\/puntodincontro.mx\/wp-content\/uploads\/2021\/08\/Default-image-for-open-graph-settings.jpg","contentUrl":"https:\/\/puntodincontro.mx\/wp-content\/uploads\/2021\/08\/Default-image-for-open-graph-settings.jpg","width":1200,"height":630,"caption":"Puntodincontro"},"image":{"@id":"https:\/\/puntodincontro.mx\/#\/schema\/logo\/image\/"},"sameAs":["https:\/\/www.facebook.com\/puntodincontro.mx","https:\/\/x.com\/puntodincontro","https:\/\/www.instagram.com\/puntodincontro.mx\/","https:\/\/www.linkedin.com\/company\/puntodincontro\/","https:\/\/www.youtube.com\/c\/puntodincontromessico","https:\/\/www.patreon.com\/puntodincontro","https:\/\/www.threads.net\/@puntodincontro.mx"]},{"@type":"Person","@id":"https:\/\/puntodincontro.mx\/#\/schema\/person\/d3066d18a16259cbb0c29b0d0e93b556","name":"Puntodincontro","image":{"@type":"ImageObject","inLanguage":"es","@id":"https:\/\/puntodincontro.mx\/#\/schema\/person\/image\/","url":"https:\/\/secure.gravatar.com\/avatar\/0e85b4b3b5e9d6bfcec6a4956d8cc63a?s=96&d=mm&r=g","contentUrl":"https:\/\/secure.gravatar.com\/avatar\/0e85b4b3b5e9d6bfcec6a4956d8cc63a?s=96&d=mm&r=g","caption":"Puntodincontro"},"url":"https:\/\/puntodincontro.mx\/es\/author\/puntodincontro\/"}]}},"_links":{"self":[{"href":"https:\/\/puntodincontro.mx\/es\/wp-json\/wp\/v2\/posts\/22009"}],"collection":[{"href":"https:\/\/puntodincontro.mx\/es\/wp-json\/wp\/v2\/posts"}],"about":[{"href":"https:\/\/puntodincontro.mx\/es\/wp-json\/wp\/v2\/types\/post"}],"author":[{"embeddable":true,"href":"https:\/\/puntodincontro.mx\/es\/wp-json\/wp\/v2\/users\/2"}],"replies":[{"embeddable":true,"href":"https:\/\/puntodincontro.mx\/es\/wp-json\/wp\/v2\/comments?post=22009"}],"version-history":[{"count":10,"href":"https:\/\/puntodincontro.mx\/es\/wp-json\/wp\/v2\/posts\/22009\/revisions"}],"predecessor-version":[{"id":22019,"href":"https:\/\/puntodincontro.mx\/es\/wp-json\/wp\/v2\/posts\/22009\/revisions\/22019"}],"wp:featuredmedia":[{"embeddable":true,"href":"https:\/\/puntodincontro.mx\/es\/wp-json\/wp\/v2\/media\/22020"}],"wp:attachment":[{"href":"https:\/\/puntodincontro.mx\/es\/wp-json\/wp\/v2\/media?parent=22009"}],"wp:term":[{"taxonomy":"category","embeddable":true,"href":"https:\/\/puntodincontro.mx\/es\/wp-json\/wp\/v2\/categories?post=22009"},{"taxonomy":"post_tag","embeddable":true,"href":"https:\/\/puntodincontro.mx\/es\/wp-json\/wp\/v2\/tags?post=22009"}],"curies":[{"name":"wp","href":"https:\/\/api.w.org\/{rel}","templated":true}]}}