{"id":22034,"date":"2025-04-01T17:29:06","date_gmt":"2025-04-01T23:29:06","guid":{"rendered":"https:\/\/puntodincontro.mx\/?p=22034"},"modified":"2025-04-01T17:29:21","modified_gmt":"2025-04-01T23:29:21","slug":"decreto-de-ciudadania-la-marca-pd-asi-no-nos-opondremos","status":"publish","type":"post","link":"https:\/\/puntodincontro.mx\/es\/2025\/04\/01\/decreto-sulla-cittadinanza-la-marca-pd-metodo-sbagliato-ci-opporremo\/","title":{"rendered":"Decreto de ciudadan\u00eda, La Marca (PD): \u00abAs\u00ed no, nos opondremos\u00bb"},"content":{"rendered":"<p class=\"translation-block\"><b>10:26 hrs.<\/b> - \u00abUn decreto-ley aprobado de prisa, un viernes, sin ning\u00fan aviso, sin ninguna consulta a quienes representan a los italianos en el extranjero. El ministro Tajani demuestra, una vez m\u00e1s, que no tiene ning\u00fan respeto por los parlamentarios elegidos en el extranjero e ignora el valor de la ciudadan\u00eda italiana para millones de descendientes en todo el mundo. No solo es la primera vez que esto ocurre, sino una demostraci\u00f3n m\u00e1s de un m\u00e9todo mediante el cual este Gobierno excluye el debate. En este sentido, no queda claro por qu\u00e9 quisimos proceder con un decreto ley y no con un proyecto de ley, un instrumento m\u00e1s adecuado para regular un asunto tan importante\u00bb. Comenta as\u00ed la senadora La Marca (PD) la medida aprobada por el Consejo de Ministros de Italia el 28 de marzo, que introduce nuevas restricciones al reconocimiento de la ciudadan\u00eda italiana por descendencia (el llamado ius sanguinis).<\/p>\n\n\n\n<p>La nueva ley prev\u00e9 que, a partir de ahora, ser\u00e1n ciudadanos italianos desde el nacimiento s\u00f3lo aquellos que tengan al menos un padre, abuelo o abuela nacido en Italia. Las generaciones posteriores ya no tendr\u00e1n derecho autom\u00e1tico a la ciudadan\u00eda, incluso si no se ha interrumpido la cadena de descendencia. Adem\u00e1s, los descendientes de italianos nacidos en el extranjero podr\u00e1n obtener la ciudadan\u00eda s\u00f3lo si uno de sus padres vivi\u00f3 en Italia durante al menos dos a\u00f1os antes de su nacimiento.<\/p>\n\n\n\n<p>Otra novedad se refiere a la introducci\u00f3n de una obligaci\u00f3n para quienes ya tienen la ciudadan\u00eda italiana: ser\u00e1 necesario demostrar que han ejercido al menos uno de los derechos o deberes vinculados al estado de ciudadano al menos una vez cada 25 a\u00f1os. Por ejemplo, bastar\u00e1 con renovar el pasaporte o el documento de identidad, votar, actualizar el estado civil o tener un contacto m\u00ednimo con la administraci\u00f3n p\u00fablica italiana.<\/p>\n\n\n\n<p>Los procedimientos administrativos tambi\u00e9n cambiar\u00e1n: los tr\u00e1mites de ciudadan\u00eda ya no ser\u00e1n gestionados por las oficinas consulares, sino por una oficina centralizada del Ministerio de Asuntos Exteriores que deber\u00eda comenzar a funcionar dentro de un a\u00f1o desde la entrada en vigor del decreto. Una nueva gesti\u00f3n que, si no est\u00e1 adecuadamente organizada, corre el riesgo de aumentar la burocracia en lugar de agilizarla. Adem\u00e1s, se ha anunciado un aumento del costo de los procedimientos, que situar\u00eda el importe en 700 euros.<\/p>\n\n\n\n<p>\u00abEra necesario revisar algunos aspectos de la legislaci\u00f3n de ciudadan\u00eda y podemos discutir los m\u00e9ritos de esta reforma pero el m\u00e9todo fue err\u00f3neo. Una vez m\u00e1s, el Gobierno actu\u00f3 sin involucrar a quienes representan a los italianos en el extranjero. Se pudieron haber evaluado criterios diferentes, como el reconocimiento del conocimiento adecuado de la lengua, de la cultura italiana y otros\u00bb, subraya La Marca.<\/p>\n\n\n\n<p>\u00abEstimado ministro Tajani, usted ha decidido por su cuenta limitar el derecho a la ciudadan\u00eda a las dos primeras generaciones. Pues bien, vamos a dejar las cosas bien claras: sin hipocres\u00eda, aprobemos tambi\u00e9n el proyecto de ley que he firmado primero sobre la readquisici\u00f3n de la ciudadan\u00eda italiana por parte de quienes la han perdido. Ser\u00eda al menos una se\u00f1al de justicia para las muchas personas privadas de la ciudadan\u00eda debido a leyes del pasado\u00bb.<\/p>\n\n\n\n<p>\u00abNo se sabe a\u00fan cu\u00e1ndo llegar\u00e1 el decreto a la C\u00e1mara ni si el examen comenzar\u00e1 en la C\u00e1mara o en el Senado. Pero en un punto no hay dudas: el grupo de parlamentarios del PD elegidos en el extranjero dar\u00e0 batalla en el proceso de aprobaci\u00f3n de este decreto\u00bb.<\/p>\n\n\n\n<p>Respecto a las numerosas solicitudes de aclaraci\u00f3n que est\u00e1n llegando a nuestra oficina en estos d\u00edas, cabe se\u00f1alar que el marco regulatorio a\u00fan se est\u00e1 definiendo. El equipo de la senadora La Marca est\u00e1 siguiendo de cerca la evoluci\u00f3n de la situaci\u00f3n para comprender mejor las implicaciones del decreto y los pr\u00f3ximos movimientos parlamentarios. Por lo tanto, en este momento no es posible proporcionar respuestas detalladas sobre casos individuales a la espera de nuevos desarrollos oficiales.<\/p>\n\n\n\n<p class=\"has-small-font-size\">Foto: Francesco Fotia \/ AGF \u2013 Pasaporte italiano<\/p>\n\n\n\n<div style=\"height:12px\" aria-hidden=\"true\" class=\"wp-block-spacer\"><\/div>\n\n\n<!-- Ad space powered by WP AdCenter v2.5.7 - https:\/\/wpadcenter.com\/ --><div class=\"wpadcenter-adgroup\" ><div class=\"wpadcenter-adgroup__row wpadcenter-aligncenter\"><div class=\"wpadcenter-ad-container\" ><div id=\"wpadcenter-ad-18464\" class=\"ad-placement\"><div class=\"wpadcenter-ad-inner\" ><a id=\"wpadcenter_ad\" data-value=\"18464\" data-placement=\"\" href=\"https:\/\/www.productosremo.com\/\" target=\"_blank\" class=\"wpadcenter-ad-inner__item\" ><img decoding=\"async\"   src=\"https:\/\/puntodincontro.mx\/wp-content\/uploads\/2021\/08\/remobanner.jpg\" class=\"attachment-post-thumbnail size-post-thumbnail wp-post-image\" alt=\"\" srcset=\"https:\/\/puntodincontro.mx\/wp-content\/uploads\/2021\/08\/remobanner.jpg 200w, https:\/\/puntodincontro.mx\/wp-content\/uploads\/2021\/08\/remobanner-16x5.jpg 16w\" sizes=\"(max-width: 200px) 100vw, 200px\" \/><\/a><\/div><\/div><\/div><div class=\"wpadcenter-ad-container\" ><div id=\"wpadcenter-ad-5305\" class=\"ad-placement\"><div class=\"wpadcenter-ad-inner\" ><a id=\"wpadcenter_ad\" data-value=\"5305\" data-placement=\"\" href=\"https:\/\/ambcittadelmessico.esteri.it\/ambasciata_cittadelmessico\/it\/\" target=\"_blank\" class=\"wpadcenter-ad-inner__item\" ><img decoding=\"async\"   src=\"https:\/\/puntodincontro.mx\/wp-content\/uploads\/2022\/05\/Ambasciata.jpg\" class=\"attachment-post-thumbnail size-post-thumbnail wp-post-image\" alt=\"\" srcset=\"https:\/\/puntodincontro.mx\/wp-content\/uploads\/2022\/05\/Ambasciata.jpg 200w, https:\/\/puntodincontro.mx\/wp-content\/uploads\/2022\/05\/Ambasciata-18x5.jpg 18w\" sizes=\"(max-width: 200px) 100vw, 200px\" \/><\/a><\/div><\/div><\/div><div class=\"wpadcenter-ad-container\" ><div id=\"wpadcenter-ad-3781\" class=\"ad-placement\"><div class=\"wpadcenter-ad-inner\" ><a id=\"wpadcenter_ad\" data-value=\"3781\" data-placement=\"\" href=\"https:\/\/cannizzo.com.mx\/\" target=\"_blank\" class=\"wpadcenter-ad-inner__item\" ><img decoding=\"async\"   src=\"https:\/\/puntodincontro.mx\/wp-content\/uploads\/2022\/03\/cannizzo2.jpg\" class=\"attachment-post-thumbnail size-post-thumbnail wp-post-image\" alt=\"\" srcset=\"https:\/\/puntodincontro.mx\/wp-content\/uploads\/2022\/03\/cannizzo2.jpg 200w, https:\/\/puntodincontro.mx\/wp-content\/uploads\/2022\/03\/cannizzo2-18x5.jpg 18w\" sizes=\"(max-width: 200px) 100vw, 200px\" \/><\/a><\/div><\/div><\/div><\/div><div class=\"wpadcenter-adgroup__row wpadcenter-aligncenter\"><div class=\"wpadcenter-ad-container\" ><div id=\"wpadcenter-ad-1704\" class=\"ad-placement\"><div class=\"wpadcenter-ad-inner\" ><a id=\"wpadcenter_ad\" data-value=\"1704\" data-placement=\"\" href=\"https:\/\/puntodincontro.mx\/es\/2021\/12\/24\/inps-verificacion-de-supervivencia-de-los-pensionados-en-el-extranjero\/\" target=\"_blank\" class=\"wpadcenter-ad-inner__item\" ><img decoding=\"async\"   src=\"https:\/\/puntodincontro.mx\/wp-content\/uploads\/2021\/11\/logo-ital.jpg\" class=\"attachment-post-thumbnail size-post-thumbnail wp-post-image\" alt=\"Patronato ITAL Messico\" srcset=\"https:\/\/puntodincontro.mx\/wp-content\/uploads\/2021\/11\/logo-ital.jpg 200w, https:\/\/puntodincontro.mx\/wp-content\/uploads\/2021\/11\/logo-ital-16x5.jpg 16w\" sizes=\"(max-width: 200px) 100vw, 200px\" \/><\/a><\/div><\/div><\/div><div class=\"wpadcenter-ad-container\" ><div id=\"wpadcenter-ad-1538\" class=\"ad-placement\"><div class=\"wpadcenter-ad-inner\" ><a id=\"wpadcenter_ad\" data-value=\"1538\" data-placement=\"\" href=\"https:\/\/asociacionitaliana.org\/\" target=\"_blank\" class=\"wpadcenter-ad-inner__item\" ><img decoding=\"async\"   src=\"https:\/\/puntodincontro.mx\/wp-content\/uploads\/2021\/11\/aialogo.jpg\" class=\"attachment-post-thumbnail size-post-thumbnail wp-post-image\" alt=\"Associazione Italiana di Assistenza IAP\" srcset=\"https:\/\/puntodincontro.mx\/wp-content\/uploads\/2021\/11\/aialogo.jpg 200w, https:\/\/puntodincontro.mx\/wp-content\/uploads\/2021\/11\/aialogo-18x5.jpg 18w\" sizes=\"(max-width: 200px) 100vw, 200px\" \/><\/a><\/div><\/div><\/div><div class=\"wpadcenter-ad-container\" ><div id=\"wpadcenter-ad-1513\" class=\"ad-placement\"><div class=\"wpadcenter-ad-inner\" ><a id=\"wpadcenter_ad\" data-value=\"1513\" data-placement=\"\" href=\"https:\/\/gcinmuebles.mx\" target=\"_blank\" class=\"wpadcenter-ad-inner__item\" ><img decoding=\"async\"   src=\"https:\/\/puntodincontro.mx\/wp-content\/uploads\/2021\/10\/gcinmuebleslogopunto-1.jpg\" class=\"attachment-post-thumbnail size-post-thumbnail wp-post-image\" alt=\"\" srcset=\"https:\/\/puntodincontro.mx\/wp-content\/uploads\/2021\/10\/gcinmuebleslogopunto-1.jpg 200w, https:\/\/puntodincontro.mx\/wp-content\/uploads\/2021\/10\/gcinmuebleslogopunto-1-18x5.jpg 18w\" sizes=\"(max-width: 200px) 100vw, 200px\" \/><\/a><\/div><\/div><\/div><\/div><div class=\"wpadcenter-adgroup__row wpadcenter-aligncenter\"><div class=\"wpadcenter-ad-container\" ><div id=\"wpadcenter-ad-1374\" class=\"ad-placement\"><div class=\"wpadcenter-ad-inner\" ><a id=\"wpadcenter_ad\" data-value=\"1374\" data-placement=\"\" href=\"https:\/\/www.9colonne.it\/\" target=\"_blank\" class=\"wpadcenter-ad-inner__item\" ><img decoding=\"async\"   src=\"https:\/\/puntodincontro.mx\/wp-content\/uploads\/2021\/10\/Banner9colonne.gif\" class=\"attachment-post-thumbnail size-post-thumbnail wp-post-image\" alt=\"\" \/><\/a><\/div><\/div><\/div><div class=\"wpadcenter-ad-container\" ><div id=\"wpadcenter-ad-276\" class=\"ad-placement\"><div class=\"wpadcenter-ad-inner\" ><a id=\"wpadcenter_ad\" data-value=\"276\" data-placement=\"\" href=\"http:\/\/www.camaraitaliana.mx\/\" target=\"_blank\" class=\"wpadcenter-ad-inner__item\" ><img decoding=\"async\"   src=\"https:\/\/puntodincontro.mx\/wp-content\/uploads\/2021\/08\/ccimnuovo.jpg\" class=\"attachment-post-thumbnail size-post-thumbnail wp-post-image\" alt=\"\" srcset=\"https:\/\/puntodincontro.mx\/wp-content\/uploads\/2021\/08\/ccimnuovo.jpg 200w, https:\/\/puntodincontro.mx\/wp-content\/uploads\/2021\/08\/ccimnuovo-18x5.jpg 18w\" sizes=\"(max-width: 200px) 100vw, 200px\" \/><\/a><\/div><\/div><\/div><div class=\"wpadcenter-ad-container\" ><div id=\"wpadcenter-ad-272\" class=\"ad-placement\"><div class=\"wpadcenter-ad-inner\" ><a id=\"wpadcenter_ad\" data-value=\"272\" data-placement=\"\" href=\"http:\/\/corix.us\/\" target=\"_blank\" class=\"wpadcenter-ad-inner__item\" ><img decoding=\"async\"   src=\"https:\/\/puntodincontro.mx\/wp-content\/uploads\/2021\/08\/corixbanner-1.jpg\" class=\"attachment-post-thumbnail size-post-thumbnail wp-post-image\" alt=\"\" srcset=\"https:\/\/puntodincontro.mx\/wp-content\/uploads\/2021\/08\/corixbanner-1.jpg 200w, https:\/\/puntodincontro.mx\/wp-content\/uploads\/2021\/08\/corixbanner-1-16x5.jpg 16w\" sizes=\"(max-width: 200px) 100vw, 200px\" \/><\/a><\/div><\/div><\/div><\/div><div class=\"wpadcenter-adgroup__row wpadcenter-aligncenter\"><div class=\"wpadcenter-ad-container\" ><div id=\"wpadcenter-ad-266\" class=\"ad-placement\"><div class=\"wpadcenter-ad-inner\" ><a id=\"wpadcenter_ad\" data-value=\"266\" data-placement=\"\" href=\"https:\/\/www.prinsel.com.mx\/\" target=\"_blank\" class=\"wpadcenter-ad-inner__item\" ><img decoding=\"async\"   src=\"https:\/\/puntodincontro.mx\/wp-content\/uploads\/2021\/08\/prinselbanner-1.jpg\" class=\"attachment-post-thumbnail size-post-thumbnail wp-post-image\" alt=\"\" srcset=\"https:\/\/puntodincontro.mx\/wp-content\/uploads\/2021\/08\/prinselbanner-1.jpg 200w, https:\/\/puntodincontro.mx\/wp-content\/uploads\/2021\/08\/prinselbanner-1-16x5.jpg 16w\" sizes=\"(max-width: 200px) 100vw, 200px\" \/><\/a><\/div><\/div><\/div><div class=\"wpadcenter-ad-container\" ><div id=\"wpadcenter-ad-261\" class=\"ad-placement\"><div class=\"wpadcenter-ad-inner\" ><a id=\"wpadcenter_ad\" data-value=\"261\" data-placement=\"\" href=\"https:\/\/faitalia.com.mx\/\" target=\"_blank\" class=\"wpadcenter-ad-inner__item\" ><img decoding=\"async\"   src=\"https:\/\/puntodincontro.mx\/wp-content\/uploads\/2021\/08\/gruppodino.jpg\" class=\"attachment-post-thumbnail size-post-thumbnail wp-post-image\" alt=\"\" srcset=\"https:\/\/puntodincontro.mx\/wp-content\/uploads\/2021\/08\/gruppodino.jpg 200w, https:\/\/puntodincontro.mx\/wp-content\/uploads\/2021\/08\/gruppodino-18x5.jpg 18w\" sizes=\"(max-width: 200px) 100vw, 200px\" \/><\/a><\/div><\/div><\/div><\/div><\/div>\n\n\n<div style=\"height:12px\" aria-hidden=\"true\" class=\"wp-block-spacer\"><\/div>","protected":false},"excerpt":{"rendered":"<p>Ore 10:26 &#8211; \u00abUn decreto-legge approvato in fretta, di venerd\u00ec, senza alcun preavviso, senza alcun confronto con chi rappresenta gli italiani all\u2019estero. Il ministro Tajani dimostra, ancora una volta, di non avere rispetto per i parlamentari eletti all&#8217;estero e di ignorare il valore della cittadinanza italiana per milioni di discendenti nel mondo. Non \u00e8 solo la prima volta che ci\u00f2 accade, ma l&#8217;ennesima dimostrazione di un metodo attraverso il quale questo Governo esclude il confronto. In tal senso, risulta davvero poco chiaro il perch\u00e9 si \u00e8 voluto procedere con un decreto legge e non con un normale disegno di legge,&#8230; <\/p>","protected":false},"author":2,"featured_media":22039,"comment_status":"open","ping_status":"open","sticky":false,"template":"","format":"standard","meta":{"_monsterinsights_skip_tracking":false,"_monsterinsights_sitenote_active":false,"_monsterinsights_sitenote_note":"","_monsterinsights_sitenote_category":0,"footnotes":""},"categories":[5],"tags":[],"class_list":["post-22034","post","type-post","status-publish","format-standard","has-post-thumbnail","hentry","category-italia-nel-mondo"],"yoast_head":"<!-- This site is optimized with the Yoast SEO Premium plugin v18.4 (Yoast SEO v25.6) - https:\/\/yoast.com\/wordpress\/plugins\/seo\/ -->\n<title>Decreto sulla cittadinanza, La Marca (PD): \u00abCi opporremo\u00bb<\/title>\n<meta name=\"description\" content=\"\u00abUn decreto-legge approvato in fretta, di venerd\u00ec, senza alcun preavviso, senza alcun confronto con chi rappresenta gli italiani all\u2019estero\u00bb.\" \/>\n<meta name=\"robots\" content=\"index, follow, max-snippet:-1, max-image-preview:large, max-video-preview:-1\" \/>\n<link rel=\"canonical\" href=\"https:\/\/puntodincontro.mx\/es\/2025\/04\/01\/decreto-de-ciudadania-la-marca-pd-asi-no-nos-opondremos\/\" \/>\n<meta property=\"og:locale\" content=\"es_MX\" \/>\n<meta property=\"og:type\" content=\"article\" \/>\n<meta property=\"og:title\" content=\"Decreto sulla cittadinanza, La Marca (PD): \u00abMetodo sbagliato, ci opporremo\u00bb\" \/>\n<meta property=\"og:description\" content=\"\u00abUn decreto-legge approvato in fretta, di venerd\u00ec, senza alcun preavviso, senza alcun confronto con chi rappresenta gli italiani all\u2019estero\u00bb.\" \/>\n<meta property=\"og:url\" content=\"https:\/\/puntodincontro.mx\/es\/2025\/04\/01\/decreto-de-ciudadania-la-marca-pd-asi-no-nos-opondremos\/\" \/>\n<meta property=\"og:site_name\" content=\"Puntodincontro\" \/>\n<meta property=\"article:publisher\" content=\"https:\/\/www.facebook.com\/puntodincontro.mx\" \/>\n<meta property=\"article:published_time\" content=\"2025-04-01T23:29:06+00:00\" \/>\n<meta property=\"article:modified_time\" content=\"2025-04-01T23:29:21+00:00\" \/>\n<meta property=\"og:image\" content=\"https:\/\/puntodincontro.mx\/wp-content\/uploads\/2025\/04\/cittadinanzapuntocomp.jpg\" \/>\n\t<meta property=\"og:image:width\" content=\"932\" \/>\n\t<meta property=\"og:image:height\" content=\"488\" \/>\n\t<meta property=\"og:image:type\" content=\"image\/jpeg\" \/>\n<meta name=\"author\" content=\"Puntodincontro\" \/>\n<meta name=\"twitter:card\" content=\"summary_large_image\" \/>\n<meta name=\"twitter:creator\" content=\"@puntodincontro\" \/>\n<meta name=\"twitter:site\" content=\"@puntodincontro\" \/>\n<meta name=\"twitter:label1\" content=\"Escrito por\" \/>\n\t<meta name=\"twitter:data1\" content=\"Puntodincontro\" \/>\n\t<meta name=\"twitter:label2\" content=\"Tiempo de lectura\" \/>\n\t<meta name=\"twitter:data2\" content=\"3 minutos\" \/>\n<script type=\"application\/ld+json\" class=\"yoast-schema-graph\">{\"@context\":\"https:\/\/schema.org\",\"@graph\":[{\"@type\":\"NewsArticle\",\"@id\":\"https:\/\/puntodincontro.mx\/2025\/04\/01\/decreto-sulla-cittadinanza-la-marca-pd-metodo-sbagliato-ci-opporremo\/#article\",\"isPartOf\":{\"@id\":\"https:\/\/puntodincontro.mx\/2025\/04\/01\/decreto-sulla-cittadinanza-la-marca-pd-metodo-sbagliato-ci-opporremo\/\"},\"author\":{\"name\":\"Puntodincontro\",\"@id\":\"https:\/\/puntodincontro.mx\/#\/schema\/person\/d3066d18a16259cbb0c29b0d0e93b556\"},\"headline\":\"Decreto sulla cittadinanza, La Marca (PD): \u00abMetodo sbagliato, ci opporremo\u00bb\",\"datePublished\":\"2025-04-01T23:29:06+00:00\",\"dateModified\":\"2025-04-01T23:29:21+00:00\",\"mainEntityOfPage\":{\"@id\":\"https:\/\/puntodincontro.mx\/2025\/04\/01\/decreto-sulla-cittadinanza-la-marca-pd-metodo-sbagliato-ci-opporremo\/\"},\"wordCount\":614,\"commentCount\":0,\"publisher\":{\"@id\":\"https:\/\/puntodincontro.mx\/#organization\"},\"image\":{\"@id\":\"https:\/\/puntodincontro.mx\/2025\/04\/01\/decreto-sulla-cittadinanza-la-marca-pd-metodo-sbagliato-ci-opporremo\/#primaryimage\"},\"thumbnailUrl\":\"https:\/\/puntodincontro.mx\/wp-content\/uploads\/2025\/04\/cittadinanzapuntovert.webp\",\"articleSection\":[\"Italia nel mondo\"],\"inLanguage\":\"es\",\"potentialAction\":[{\"@type\":\"CommentAction\",\"name\":\"Comment\",\"target\":[\"https:\/\/puntodincontro.mx\/2025\/04\/01\/decreto-sulla-cittadinanza-la-marca-pd-metodo-sbagliato-ci-opporremo\/#respond\"]}]},{\"@type\":\"WebPage\",\"@id\":\"https:\/\/puntodincontro.mx\/2025\/04\/01\/decreto-sulla-cittadinanza-la-marca-pd-metodo-sbagliato-ci-opporremo\/\",\"url\":\"https:\/\/puntodincontro.mx\/2025\/04\/01\/decreto-sulla-cittadinanza-la-marca-pd-metodo-sbagliato-ci-opporremo\/\",\"name\":\"Decreto sulla cittadinanza, La Marca (PD): \u00abCi opporremo\u00bb\",\"isPartOf\":{\"@id\":\"https:\/\/puntodincontro.mx\/#website\"},\"primaryImageOfPage\":{\"@id\":\"https:\/\/puntodincontro.mx\/2025\/04\/01\/decreto-sulla-cittadinanza-la-marca-pd-metodo-sbagliato-ci-opporremo\/#primaryimage\"},\"image\":{\"@id\":\"https:\/\/puntodincontro.mx\/2025\/04\/01\/decreto-sulla-cittadinanza-la-marca-pd-metodo-sbagliato-ci-opporremo\/#primaryimage\"},\"thumbnailUrl\":\"https:\/\/puntodincontro.mx\/wp-content\/uploads\/2025\/04\/cittadinanzapuntovert.webp\",\"datePublished\":\"2025-04-01T23:29:06+00:00\",\"dateModified\":\"2025-04-01T23:29:21+00:00\",\"description\":\"\u00abUn decreto-legge approvato in fretta, di venerd\u00ec, senza alcun preavviso, senza alcun confronto con chi rappresenta gli italiani all\u2019estero\u00bb.\",\"breadcrumb\":{\"@id\":\"https:\/\/puntodincontro.mx\/2025\/04\/01\/decreto-sulla-cittadinanza-la-marca-pd-metodo-sbagliato-ci-opporremo\/#breadcrumb\"},\"inLanguage\":\"es\",\"potentialAction\":[{\"@type\":\"ReadAction\",\"target\":[\"https:\/\/puntodincontro.mx\/2025\/04\/01\/decreto-sulla-cittadinanza-la-marca-pd-metodo-sbagliato-ci-opporremo\/\"]}]},{\"@type\":\"ImageObject\",\"inLanguage\":\"es\",\"@id\":\"https:\/\/puntodincontro.mx\/2025\/04\/01\/decreto-sulla-cittadinanza-la-marca-pd-metodo-sbagliato-ci-opporremo\/#primaryimage\",\"url\":\"https:\/\/puntodincontro.mx\/wp-content\/uploads\/2025\/04\/cittadinanzapuntovert.webp\",\"contentUrl\":\"https:\/\/puntodincontro.mx\/wp-content\/uploads\/2025\/04\/cittadinanzapuntovert.webp\",\"width\":423,\"height\":488,\"caption\":\"Decreto sulla cittadinanza, La Marca (PD): \u00abMetodo sbagliato, ci opporremo\u00bb \/ Foto: Francesco Fotia \/ AGF - Passaporto italiano\"},{\"@type\":\"BreadcrumbList\",\"@id\":\"https:\/\/puntodincontro.mx\/2025\/04\/01\/decreto-sulla-cittadinanza-la-marca-pd-metodo-sbagliato-ci-opporremo\/#breadcrumb\",\"itemListElement\":[{\"@type\":\"ListItem\",\"position\":1,\"name\":\"Home\",\"item\":\"https:\/\/puntodincontro.mx\/\"},{\"@type\":\"ListItem\",\"position\":2,\"name\":\"Decreto sulla cittadinanza, La Marca (PD): \u00abMetodo sbagliato, ci opporremo\u00bb\"}]},{\"@type\":\"WebSite\",\"@id\":\"https:\/\/puntodincontro.mx\/#website\",\"url\":\"https:\/\/puntodincontro.mx\/\",\"name\":\"Puntodincontro\",\"description\":\"Dal 2006 notizie sui rapporti Italia-Messico \/ Desde 2006 noticias sobre las relaciones entre Italia y M\u00e9xico\",\"publisher\":{\"@id\":\"https:\/\/puntodincontro.mx\/#organization\"},\"potentialAction\":[{\"@type\":\"SearchAction\",\"target\":{\"@type\":\"EntryPoint\",\"urlTemplate\":\"https:\/\/puntodincontro.mx\/?s={search_term_string}\"},\"query-input\":{\"@type\":\"PropertyValueSpecification\",\"valueRequired\":true,\"valueName\":\"search_term_string\"}}],\"inLanguage\":\"es\"},{\"@type\":\"Organization\",\"@id\":\"https:\/\/puntodincontro.mx\/#organization\",\"name\":\"Puntodincontro\",\"url\":\"https:\/\/puntodincontro.mx\/\",\"logo\":{\"@type\":\"ImageObject\",\"inLanguage\":\"es\",\"@id\":\"https:\/\/puntodincontro.mx\/#\/schema\/logo\/image\/\",\"url\":\"https:\/\/puntodincontro.mx\/wp-content\/uploads\/2021\/08\/Default-image-for-open-graph-settings.jpg\",\"contentUrl\":\"https:\/\/puntodincontro.mx\/wp-content\/uploads\/2021\/08\/Default-image-for-open-graph-settings.jpg\",\"width\":1200,\"height\":630,\"caption\":\"Puntodincontro\"},\"image\":{\"@id\":\"https:\/\/puntodincontro.mx\/#\/schema\/logo\/image\/\"},\"sameAs\":[\"https:\/\/www.facebook.com\/puntodincontro.mx\",\"https:\/\/x.com\/puntodincontro\",\"https:\/\/www.instagram.com\/puntodincontro.mx\/\",\"https:\/\/www.linkedin.com\/company\/puntodincontro\/\",\"https:\/\/www.youtube.com\/c\/puntodincontromessico\",\"https:\/\/www.patreon.com\/puntodincontro\",\"https:\/\/www.threads.net\/@puntodincontro.mx\"]},{\"@type\":\"Person\",\"@id\":\"https:\/\/puntodincontro.mx\/#\/schema\/person\/d3066d18a16259cbb0c29b0d0e93b556\",\"name\":\"Puntodincontro\",\"image\":{\"@type\":\"ImageObject\",\"inLanguage\":\"es\",\"@id\":\"https:\/\/puntodincontro.mx\/#\/schema\/person\/image\/\",\"url\":\"https:\/\/secure.gravatar.com\/avatar\/0e85b4b3b5e9d6bfcec6a4956d8cc63a?s=96&d=mm&r=g\",\"contentUrl\":\"https:\/\/secure.gravatar.com\/avatar\/0e85b4b3b5e9d6bfcec6a4956d8cc63a?s=96&d=mm&r=g\",\"caption\":\"Puntodincontro\"},\"url\":\"https:\/\/puntodincontro.mx\/es\/author\/puntodincontro\/\"}]}<\/script>\n<!-- \/ Yoast SEO Premium plugin. -->","yoast_head_json":{"title":"Decreto de ciudadan\u00eda, La Marca (PD): \u00abNos opondremos\u00bb","description":"\u00abUn decreto-ley aprobado a toda prisa, un viernes, sin previo aviso, sin ninguna consulta con quienes representan a los italianos en el extranjero\u00bb.","robots":{"index":"index","follow":"follow","max-snippet":"max-snippet:-1","max-image-preview":"max-image-preview:large","max-video-preview":"max-video-preview:-1"},"canonical":"https:\/\/puntodincontro.mx\/es\/2025\/04\/01\/decreto-de-ciudadania-la-marca-pd-asi-no-nos-opondremos\/","og_locale":"es_MX","og_type":"article","og_title":"Decreto sulla cittadinanza, La Marca (PD): \u00abMetodo sbagliato, ci opporremo\u00bb","og_description":"\u00abUn decreto-legge approvato in fretta, di venerd\u00ec, senza alcun preavviso, senza alcun confronto con chi rappresenta gli italiani all\u2019estero\u00bb.","og_url":"https:\/\/puntodincontro.mx\/es\/2025\/04\/01\/decreto-de-ciudadania-la-marca-pd-asi-no-nos-opondremos\/","og_site_name":"Puntodincontro","article_publisher":"https:\/\/www.facebook.com\/puntodincontro.mx","article_published_time":"2025-04-01T23:29:06+00:00","article_modified_time":"2025-04-01T23:29:21+00:00","og_image":[{"width":932,"height":488,"url":"https:\/\/puntodincontro.mx\/wp-content\/uploads\/2025\/04\/cittadinanzapuntocomp.jpg","type":"image\/jpeg"}],"author":"Puntodincontro","twitter_card":"summary_large_image","twitter_creator":"@puntodincontro","twitter_site":"@puntodincontro","twitter_misc":{"Escrito por":"Puntodincontro","Tiempo de lectura":"3 minutos"},"schema":{"@context":"https:\/\/schema.org","@graph":[{"@type":"NewsArticle","@id":"https:\/\/puntodincontro.mx\/2025\/04\/01\/decreto-sulla-cittadinanza-la-marca-pd-metodo-sbagliato-ci-opporremo\/#article","isPartOf":{"@id":"https:\/\/puntodincontro.mx\/2025\/04\/01\/decreto-sulla-cittadinanza-la-marca-pd-metodo-sbagliato-ci-opporremo\/"},"author":{"name":"Puntodincontro","@id":"https:\/\/puntodincontro.mx\/#\/schema\/person\/d3066d18a16259cbb0c29b0d0e93b556"},"headline":"Decreto sulla cittadinanza, La Marca (PD): \u00abMetodo sbagliato, ci opporremo\u00bb","datePublished":"2025-04-01T23:29:06+00:00","dateModified":"2025-04-01T23:29:21+00:00","mainEntityOfPage":{"@id":"https:\/\/puntodincontro.mx\/2025\/04\/01\/decreto-sulla-cittadinanza-la-marca-pd-metodo-sbagliato-ci-opporremo\/"},"wordCount":614,"commentCount":0,"publisher":{"@id":"https:\/\/puntodincontro.mx\/#organization"},"image":{"@id":"https:\/\/puntodincontro.mx\/2025\/04\/01\/decreto-sulla-cittadinanza-la-marca-pd-metodo-sbagliato-ci-opporremo\/#primaryimage"},"thumbnailUrl":"https:\/\/puntodincontro.mx\/wp-content\/uploads\/2025\/04\/cittadinanzapuntovert.webp","articleSection":["Italia nel mondo"],"inLanguage":"es","potentialAction":[{"@type":"CommentAction","name":"Comment","target":["https:\/\/puntodincontro.mx\/2025\/04\/01\/decreto-sulla-cittadinanza-la-marca-pd-metodo-sbagliato-ci-opporremo\/#respond"]}]},{"@type":"WebPage","@id":"https:\/\/puntodincontro.mx\/2025\/04\/01\/decreto-sulla-cittadinanza-la-marca-pd-metodo-sbagliato-ci-opporremo\/","url":"https:\/\/puntodincontro.mx\/2025\/04\/01\/decreto-sulla-cittadinanza-la-marca-pd-metodo-sbagliato-ci-opporremo\/","name":"Decreto de ciudadan\u00eda, La Marca (PD): \u00abNos opondremos\u00bb","isPartOf":{"@id":"https:\/\/puntodincontro.mx\/#website"},"primaryImageOfPage":{"@id":"https:\/\/puntodincontro.mx\/2025\/04\/01\/decreto-sulla-cittadinanza-la-marca-pd-metodo-sbagliato-ci-opporremo\/#primaryimage"},"image":{"@id":"https:\/\/puntodincontro.mx\/2025\/04\/01\/decreto-sulla-cittadinanza-la-marca-pd-metodo-sbagliato-ci-opporremo\/#primaryimage"},"thumbnailUrl":"https:\/\/puntodincontro.mx\/wp-content\/uploads\/2025\/04\/cittadinanzapuntovert.webp","datePublished":"2025-04-01T23:29:06+00:00","dateModified":"2025-04-01T23:29:21+00:00","description":"\u00abUn decreto-ley aprobado a toda prisa, un viernes, sin previo aviso, sin ninguna consulta con quienes representan a los italianos en el extranjero\u00bb.","breadcrumb":{"@id":"https:\/\/puntodincontro.mx\/2025\/04\/01\/decreto-sulla-cittadinanza-la-marca-pd-metodo-sbagliato-ci-opporremo\/#breadcrumb"},"inLanguage":"es","potentialAction":[{"@type":"ReadAction","target":["https:\/\/puntodincontro.mx\/2025\/04\/01\/decreto-sulla-cittadinanza-la-marca-pd-metodo-sbagliato-ci-opporremo\/"]}]},{"@type":"ImageObject","inLanguage":"es","@id":"https:\/\/puntodincontro.mx\/2025\/04\/01\/decreto-sulla-cittadinanza-la-marca-pd-metodo-sbagliato-ci-opporremo\/#primaryimage","url":"https:\/\/puntodincontro.mx\/wp-content\/uploads\/2025\/04\/cittadinanzapuntovert.webp","contentUrl":"https:\/\/puntodincontro.mx\/wp-content\/uploads\/2025\/04\/cittadinanzapuntovert.webp","width":423,"height":488,"caption":"Decreto sulla cittadinanza, La Marca (PD): \u00abMetodo sbagliato, ci opporremo\u00bb \/ Foto: Francesco Fotia \/ AGF - Passaporto italiano"},{"@type":"BreadcrumbList","@id":"https:\/\/puntodincontro.mx\/2025\/04\/01\/decreto-sulla-cittadinanza-la-marca-pd-metodo-sbagliato-ci-opporremo\/#breadcrumb","itemListElement":[{"@type":"ListItem","position":1,"name":"Home","item":"https:\/\/puntodincontro.mx\/"},{"@type":"ListItem","position":2,"name":"Decreto sulla cittadinanza, La Marca (PD): \u00abMetodo sbagliato, ci opporremo\u00bb"}]},{"@type":"WebSite","@id":"https:\/\/puntodincontro.mx\/#website","url":"https:\/\/puntodincontro.mx\/","name":"Puntodincontro","description":"Desde el 2006 noticias sobre las relaciones entre Italia y M\u00e9xico \/ Dal 2006 notizie sui rapporti Italia-Messico","publisher":{"@id":"https:\/\/puntodincontro.mx\/#organization"},"potentialAction":[{"@type":"SearchAction","target":{"@type":"EntryPoint","urlTemplate":"https:\/\/puntodincontro.mx\/?s={search_term_string}"},"query-input":{"@type":"PropertyValueSpecification","valueRequired":true,"valueName":"search_term_string"}}],"inLanguage":"es"},{"@type":"Organization","@id":"https:\/\/puntodincontro.mx\/#organization","name":"Puntodincontro","url":"https:\/\/puntodincontro.mx\/","logo":{"@type":"ImageObject","inLanguage":"es","@id":"https:\/\/puntodincontro.mx\/#\/schema\/logo\/image\/","url":"https:\/\/puntodincontro.mx\/wp-content\/uploads\/2021\/08\/Default-image-for-open-graph-settings.jpg","contentUrl":"https:\/\/puntodincontro.mx\/wp-content\/uploads\/2021\/08\/Default-image-for-open-graph-settings.jpg","width":1200,"height":630,"caption":"Puntodincontro"},"image":{"@id":"https:\/\/puntodincontro.mx\/#\/schema\/logo\/image\/"},"sameAs":["https:\/\/www.facebook.com\/puntodincontro.mx","https:\/\/x.com\/puntodincontro","https:\/\/www.instagram.com\/puntodincontro.mx\/","https:\/\/www.linkedin.com\/company\/puntodincontro\/","https:\/\/www.youtube.com\/c\/puntodincontromessico","https:\/\/www.patreon.com\/puntodincontro","https:\/\/www.threads.net\/@puntodincontro.mx"]},{"@type":"Person","@id":"https:\/\/puntodincontro.mx\/#\/schema\/person\/d3066d18a16259cbb0c29b0d0e93b556","name":"Puntodincontro","image":{"@type":"ImageObject","inLanguage":"es","@id":"https:\/\/puntodincontro.mx\/#\/schema\/person\/image\/","url":"https:\/\/secure.gravatar.com\/avatar\/0e85b4b3b5e9d6bfcec6a4956d8cc63a?s=96&d=mm&r=g","contentUrl":"https:\/\/secure.gravatar.com\/avatar\/0e85b4b3b5e9d6bfcec6a4956d8cc63a?s=96&d=mm&r=g","caption":"Puntodincontro"},"url":"https:\/\/puntodincontro.mx\/es\/author\/puntodincontro\/"}]}},"_links":{"self":[{"href":"https:\/\/puntodincontro.mx\/es\/wp-json\/wp\/v2\/posts\/22034"}],"collection":[{"href":"https:\/\/puntodincontro.mx\/es\/wp-json\/wp\/v2\/posts"}],"about":[{"href":"https:\/\/puntodincontro.mx\/es\/wp-json\/wp\/v2\/types\/post"}],"author":[{"embeddable":true,"href":"https:\/\/puntodincontro.mx\/es\/wp-json\/wp\/v2\/users\/2"}],"replies":[{"embeddable":true,"href":"https:\/\/puntodincontro.mx\/es\/wp-json\/wp\/v2\/comments?post=22034"}],"version-history":[{"count":5,"href":"https:\/\/puntodincontro.mx\/es\/wp-json\/wp\/v2\/posts\/22034\/revisions"}],"predecessor-version":[{"id":22040,"href":"https:\/\/puntodincontro.mx\/es\/wp-json\/wp\/v2\/posts\/22034\/revisions\/22040"}],"wp:featuredmedia":[{"embeddable":true,"href":"https:\/\/puntodincontro.mx\/es\/wp-json\/wp\/v2\/media\/22039"}],"wp:attachment":[{"href":"https:\/\/puntodincontro.mx\/es\/wp-json\/wp\/v2\/media?parent=22034"}],"wp:term":[{"taxonomy":"category","embeddable":true,"href":"https:\/\/puntodincontro.mx\/es\/wp-json\/wp\/v2\/categories?post=22034"},{"taxonomy":"post_tag","embeddable":true,"href":"https:\/\/puntodincontro.mx\/es\/wp-json\/wp\/v2\/tags?post=22034"}],"curies":[{"name":"wp","href":"https:\/\/api.w.org\/{rel}","templated":true}]}}