{"id":22055,"date":"2025-04-02T07:49:03","date_gmt":"2025-04-02T13:49:03","guid":{"rendered":"https:\/\/puntodincontro.mx\/?p=22055"},"modified":"2025-04-02T07:49:23","modified_gmt":"2025-04-02T13:49:23","slug":"arranca-en-italia-la-edicion-2025-de-mexico-maravilloso","status":"publish","type":"post","link":"https:\/\/puntodincontro.mx\/es\/2025\/04\/02\/parte-in-italia-ledizione-2025-di-mexico-maravilloso\/","title":{"rendered":"Arranca en Italia la edici\u00f3n 2025 de 'M\u00e9xico Maravilloso'"},"content":{"rendered":"<p class=\"translation-block\"><b>04:29 hrs.<\/b> - Arranca en Roma el roadshow <em>M\u00e9xico Maravilloso<\/em> 2025, el proyecto impulsado por la C\u00e1mara de Comercio de M\u00e9xico en Italia (CaMexItal), que pasar\u00e1 por seis ciudades italianas para fortalecer las relaciones econ\u00f3micas y culturales entre los dos pa\u00edses.<\/p>\n\n\n\n<p>Una iniciativa multifac\u00e9tica, integrada por eventos, seminarios y programas experienciales, que tendr\u00e1 como protagonistas al turismo, la gastronom\u00eda, la artesan\u00eda y los principales sectores estrat\u00e9gicos de la econom\u00eda mexicana.<\/p>\n\n\n\n<p>Tras el \u00e9xito de la primera edici\u00f3n, la gira 2025\/2026 se ampl\u00eda y toca Roma, Mil\u00e1n, Verona, Florencia, N\u00e1poles y Reggio Calabria. El objetivo es doble: por un lado, valorizar la identidad cultural de M\u00e9xico a trav\u00e9s de eventos abiertos al p\u00fablico y a las empresas, y por otro, fomentar nuevas sinergias entre empresas italianas y mexicanas en sectores clave como la automoci\u00f3n, la alimentaci\u00f3n, el dise\u00f1o, la tecnolog\u00eda y la hosteler\u00eda.<\/p>\n\n\n\n<p>Il progetto gode del patrocinio dell\u2019<a href=\"https:\/\/puntodincontro.mx\/es\/?s=ambasciata+del+messico&amp;trp-form-language=es\" target=\"_blank\" rel=\"noreferrer noopener\">Ambasciata del Messico<\/a> in Italia e del Consolato generale del Messico a Milano, con il supporto di realt\u00e0 come Palladium Hotel Group, Caribe Mexicano, Air Europa e Bahia Principe.<\/p>\n\n\n\n<p>Mauricio Guerrero, jefe de Canciller\u00eda de la Embajada de M\u00e9xico, destac\u00f3 c\u00f3mo el pa\u00eds latinoamericano es ahora el sexto destino tur\u00edstico mundial, con 45 millones de visitantes internacionales en 2024. \u00abItalia representa un mercado importante y en continuo crecimiento\u00bb, afirma Guerrero. \u00abEl vuelo directo Roma-Ciudad de M\u00e9xico, inaugurado hace dos a\u00f1os, ha fortalecido a\u00fan m\u00e1s los lazos tur\u00edsticos y econ\u00f3micos entre nuestras naciones\u00bb.<\/p>\n\n\n\n<p>Massimo Ariello, delegado de Turismo de la CaMexItal, a\u00f1adi\u00f3: \u00abM\u00e9xico Maravilloso promueve itinerarios aut\u00e9nticos y seminarios tambi\u00e9n dedicados a la historia precolombina, ofreciendo herramientas \u00fatiles a los operadores italianos para promover a M\u00e9xico con mayor conciencia y pasi\u00f3n\u00bb.<\/p>\n\n\n\n<p class=\"has-small-font-size\">Foto: qualitytravel.it<\/p>\n\n\n\n<div style=\"height:12px\" aria-hidden=\"true\" class=\"wp-block-spacer\"><\/div>\n\n\n<!-- Ad space powered by WP AdCenter v2.5.7 - https:\/\/wpadcenter.com\/ --><div class=\"wpadcenter-adgroup\" ><div class=\"wpadcenter-adgroup__row wpadcenter-aligncenter\"><div class=\"wpadcenter-ad-container\" ><div id=\"wpadcenter-ad-18464\" class=\"ad-placement\"><div class=\"wpadcenter-ad-inner\" ><a id=\"wpadcenter_ad\" data-value=\"18464\" data-placement=\"\" href=\"https:\/\/www.productosremo.com\/\" target=\"_blank\" class=\"wpadcenter-ad-inner__item\" ><img decoding=\"async\"   src=\"https:\/\/puntodincontro.mx\/wp-content\/uploads\/2021\/08\/remobanner.jpg\" class=\"attachment-post-thumbnail size-post-thumbnail wp-post-image\" alt=\"\" srcset=\"https:\/\/puntodincontro.mx\/wp-content\/uploads\/2021\/08\/remobanner.jpg 200w, https:\/\/puntodincontro.mx\/wp-content\/uploads\/2021\/08\/remobanner-16x5.jpg 16w\" sizes=\"(max-width: 200px) 100vw, 200px\" \/><\/a><\/div><\/div><\/div><div class=\"wpadcenter-ad-container\" ><div id=\"wpadcenter-ad-5305\" class=\"ad-placement\"><div class=\"wpadcenter-ad-inner\" ><a id=\"wpadcenter_ad\" data-value=\"5305\" data-placement=\"\" href=\"https:\/\/ambcittadelmessico.esteri.it\/ambasciata_cittadelmessico\/it\/\" target=\"_blank\" class=\"wpadcenter-ad-inner__item\" ><img decoding=\"async\"   src=\"https:\/\/puntodincontro.mx\/wp-content\/uploads\/2022\/05\/Ambasciata.jpg\" class=\"attachment-post-thumbnail size-post-thumbnail wp-post-image\" alt=\"\" srcset=\"https:\/\/puntodincontro.mx\/wp-content\/uploads\/2022\/05\/Ambasciata.jpg 200w, https:\/\/puntodincontro.mx\/wp-content\/uploads\/2022\/05\/Ambasciata-18x5.jpg 18w\" sizes=\"(max-width: 200px) 100vw, 200px\" \/><\/a><\/div><\/div><\/div><div class=\"wpadcenter-ad-container\" ><div id=\"wpadcenter-ad-3781\" class=\"ad-placement\"><div class=\"wpadcenter-ad-inner\" ><a id=\"wpadcenter_ad\" data-value=\"3781\" data-placement=\"\" href=\"https:\/\/cannizzo.com.mx\/\" target=\"_blank\" class=\"wpadcenter-ad-inner__item\" ><img decoding=\"async\"   src=\"https:\/\/puntodincontro.mx\/wp-content\/uploads\/2022\/03\/cannizzo2.jpg\" class=\"attachment-post-thumbnail size-post-thumbnail wp-post-image\" alt=\"\" srcset=\"https:\/\/puntodincontro.mx\/wp-content\/uploads\/2022\/03\/cannizzo2.jpg 200w, https:\/\/puntodincontro.mx\/wp-content\/uploads\/2022\/03\/cannizzo2-18x5.jpg 18w\" sizes=\"(max-width: 200px) 100vw, 200px\" \/><\/a><\/div><\/div><\/div><\/div><div class=\"wpadcenter-adgroup__row wpadcenter-aligncenter\"><div class=\"wpadcenter-ad-container\" ><div id=\"wpadcenter-ad-1704\" class=\"ad-placement\"><div class=\"wpadcenter-ad-inner\" ><a id=\"wpadcenter_ad\" data-value=\"1704\" data-placement=\"\" href=\"https:\/\/puntodincontro.mx\/es\/2021\/12\/24\/inps-verificacion-de-supervivencia-de-los-pensionados-en-el-extranjero\/\" target=\"_blank\" class=\"wpadcenter-ad-inner__item\" ><img decoding=\"async\"   src=\"https:\/\/puntodincontro.mx\/wp-content\/uploads\/2021\/11\/logo-ital.jpg\" class=\"attachment-post-thumbnail size-post-thumbnail wp-post-image\" alt=\"Patronato ITAL Messico\" srcset=\"https:\/\/puntodincontro.mx\/wp-content\/uploads\/2021\/11\/logo-ital.jpg 200w, https:\/\/puntodincontro.mx\/wp-content\/uploads\/2021\/11\/logo-ital-16x5.jpg 16w\" sizes=\"(max-width: 200px) 100vw, 200px\" \/><\/a><\/div><\/div><\/div><div class=\"wpadcenter-ad-container\" ><div id=\"wpadcenter-ad-1538\" class=\"ad-placement\"><div class=\"wpadcenter-ad-inner\" ><a id=\"wpadcenter_ad\" data-value=\"1538\" data-placement=\"\" href=\"https:\/\/asociacionitaliana.org\/\" target=\"_blank\" class=\"wpadcenter-ad-inner__item\" ><img decoding=\"async\"   src=\"https:\/\/puntodincontro.mx\/wp-content\/uploads\/2021\/11\/aialogo.jpg\" class=\"attachment-post-thumbnail size-post-thumbnail wp-post-image\" alt=\"Associazione Italiana di Assistenza IAP\" srcset=\"https:\/\/puntodincontro.mx\/wp-content\/uploads\/2021\/11\/aialogo.jpg 200w, https:\/\/puntodincontro.mx\/wp-content\/uploads\/2021\/11\/aialogo-18x5.jpg 18w\" sizes=\"(max-width: 200px) 100vw, 200px\" \/><\/a><\/div><\/div><\/div><div class=\"wpadcenter-ad-container\" ><div id=\"wpadcenter-ad-1513\" class=\"ad-placement\"><div class=\"wpadcenter-ad-inner\" ><a id=\"wpadcenter_ad\" data-value=\"1513\" data-placement=\"\" href=\"https:\/\/gcinmuebles.mx\" target=\"_blank\" class=\"wpadcenter-ad-inner__item\" ><img decoding=\"async\"   src=\"https:\/\/puntodincontro.mx\/wp-content\/uploads\/2021\/10\/gcinmuebleslogopunto-1.jpg\" class=\"attachment-post-thumbnail size-post-thumbnail wp-post-image\" alt=\"\" srcset=\"https:\/\/puntodincontro.mx\/wp-content\/uploads\/2021\/10\/gcinmuebleslogopunto-1.jpg 200w, https:\/\/puntodincontro.mx\/wp-content\/uploads\/2021\/10\/gcinmuebleslogopunto-1-18x5.jpg 18w\" sizes=\"(max-width: 200px) 100vw, 200px\" \/><\/a><\/div><\/div><\/div><\/div><div class=\"wpadcenter-adgroup__row wpadcenter-aligncenter\"><div class=\"wpadcenter-ad-container\" ><div id=\"wpadcenter-ad-1374\" class=\"ad-placement\"><div class=\"wpadcenter-ad-inner\" ><a id=\"wpadcenter_ad\" data-value=\"1374\" data-placement=\"\" href=\"https:\/\/www.9colonne.it\/\" target=\"_blank\" class=\"wpadcenter-ad-inner__item\" ><img decoding=\"async\"   src=\"https:\/\/puntodincontro.mx\/wp-content\/uploads\/2021\/10\/Banner9colonne.gif\" class=\"attachment-post-thumbnail size-post-thumbnail wp-post-image\" alt=\"\" \/><\/a><\/div><\/div><\/div><div class=\"wpadcenter-ad-container\" ><div id=\"wpadcenter-ad-276\" class=\"ad-placement\"><div class=\"wpadcenter-ad-inner\" ><a id=\"wpadcenter_ad\" data-value=\"276\" data-placement=\"\" href=\"http:\/\/www.camaraitaliana.mx\/\" target=\"_blank\" class=\"wpadcenter-ad-inner__item\" ><img decoding=\"async\"   src=\"https:\/\/puntodincontro.mx\/wp-content\/uploads\/2021\/08\/ccimnuovo.jpg\" class=\"attachment-post-thumbnail size-post-thumbnail wp-post-image\" alt=\"\" srcset=\"https:\/\/puntodincontro.mx\/wp-content\/uploads\/2021\/08\/ccimnuovo.jpg 200w, https:\/\/puntodincontro.mx\/wp-content\/uploads\/2021\/08\/ccimnuovo-18x5.jpg 18w\" sizes=\"(max-width: 200px) 100vw, 200px\" \/><\/a><\/div><\/div><\/div><div class=\"wpadcenter-ad-container\" ><div id=\"wpadcenter-ad-272\" class=\"ad-placement\"><div class=\"wpadcenter-ad-inner\" ><a id=\"wpadcenter_ad\" data-value=\"272\" data-placement=\"\" href=\"http:\/\/corix.us\/\" target=\"_blank\" class=\"wpadcenter-ad-inner__item\" ><img decoding=\"async\"   src=\"https:\/\/puntodincontro.mx\/wp-content\/uploads\/2021\/08\/corixbanner-1.jpg\" class=\"attachment-post-thumbnail size-post-thumbnail wp-post-image\" alt=\"\" srcset=\"https:\/\/puntodincontro.mx\/wp-content\/uploads\/2021\/08\/corixbanner-1.jpg 200w, https:\/\/puntodincontro.mx\/wp-content\/uploads\/2021\/08\/corixbanner-1-16x5.jpg 16w\" sizes=\"(max-width: 200px) 100vw, 200px\" \/><\/a><\/div><\/div><\/div><\/div><div class=\"wpadcenter-adgroup__row wpadcenter-aligncenter\"><div class=\"wpadcenter-ad-container\" ><div id=\"wpadcenter-ad-266\" class=\"ad-placement\"><div class=\"wpadcenter-ad-inner\" ><a id=\"wpadcenter_ad\" data-value=\"266\" data-placement=\"\" href=\"https:\/\/www.prinsel.com.mx\/\" target=\"_blank\" class=\"wpadcenter-ad-inner__item\" ><img decoding=\"async\"   src=\"https:\/\/puntodincontro.mx\/wp-content\/uploads\/2021\/08\/prinselbanner-1.jpg\" class=\"attachment-post-thumbnail size-post-thumbnail wp-post-image\" alt=\"\" srcset=\"https:\/\/puntodincontro.mx\/wp-content\/uploads\/2021\/08\/prinselbanner-1.jpg 200w, https:\/\/puntodincontro.mx\/wp-content\/uploads\/2021\/08\/prinselbanner-1-16x5.jpg 16w\" sizes=\"(max-width: 200px) 100vw, 200px\" \/><\/a><\/div><\/div><\/div><div class=\"wpadcenter-ad-container\" ><div id=\"wpadcenter-ad-261\" class=\"ad-placement\"><div class=\"wpadcenter-ad-inner\" ><a id=\"wpadcenter_ad\" data-value=\"261\" data-placement=\"\" href=\"https:\/\/faitalia.com.mx\/\" target=\"_blank\" class=\"wpadcenter-ad-inner__item\" ><img decoding=\"async\"   src=\"https:\/\/puntodincontro.mx\/wp-content\/uploads\/2021\/08\/gruppodino.jpg\" class=\"attachment-post-thumbnail size-post-thumbnail wp-post-image\" alt=\"\" srcset=\"https:\/\/puntodincontro.mx\/wp-content\/uploads\/2021\/08\/gruppodino.jpg 200w, https:\/\/puntodincontro.mx\/wp-content\/uploads\/2021\/08\/gruppodino-18x5.jpg 18w\" sizes=\"(max-width: 200px) 100vw, 200px\" \/><\/a><\/div><\/div><\/div><\/div><\/div>\n\n\n<div style=\"height:12px\" aria-hidden=\"true\" class=\"wp-block-spacer\"><\/div>","protected":false},"excerpt":{"rendered":"<p>Ore 04:29 &#8211; Parte da Roma il roadshow M\u00e9xico Maravilloso 2025, il progetto promosso dalla Camera di commercio del Messico in Italia (CaMexItal) che attraverser\u00e0 sei citt\u00e0 italiane per rafforzare i rapporti economici e culturali tra i due Paesi. Una iniziativa articolata, fatta di eventi, seminari e programmi esperienziali, che vedr\u00e0 protagonisti il turismo, la gastronomia, l\u2019artigianato e i principali settori strategici dell\u2019economia messicana. Dopo il successo della prima edizione, il tour 2025\/2026 si amplia e tocca Roma, Milano, Verona, Firenze, Napoli e Reggio Calabria. L\u2019obiettivo \u00e8 duplice: da un lato valorizzare l\u2019identit\u00e0 culturale del Messico attraverso eventi aperti al&#8230; <\/p>","protected":false},"author":2,"featured_media":22059,"comment_status":"open","ping_status":"open","sticky":false,"template":"","format":"standard","meta":{"_monsterinsights_skip_tracking":false,"_monsterinsights_sitenote_active":false,"_monsterinsights_sitenote_note":"","_monsterinsights_sitenote_category":0,"footnotes":""},"categories":[6],"tags":[],"class_list":["post-22055","post","type-post","status-publish","format-standard","has-post-thumbnail","hentry","category-messico-in-italia"],"yoast_head":"<!-- This site is optimized with the Yoast SEO Premium plugin v18.4 (Yoast SEO v25.6) - https:\/\/yoast.com\/wordpress\/plugins\/seo\/ -->\n<title>Parte in Italia l&#039;edizione 2025 di &#039;M\u00e9xico Maravilloso&#039;<\/title>\n<meta name=\"description\" content=\"Parte il roadshow M\u00e9xico Maravilloso 2025, progetto della Camera di commercio del Messico in Italia che attraverser\u00e0 sei citt\u00e0 del Bel Paese.\" \/>\n<meta name=\"robots\" content=\"index, follow, max-snippet:-1, max-image-preview:large, max-video-preview:-1\" \/>\n<link rel=\"canonical\" href=\"https:\/\/puntodincontro.mx\/es\/2025\/04\/02\/arranca-en-italia-la-edicion-2025-de-mexico-maravilloso\/\" \/>\n<meta property=\"og:locale\" content=\"es_MX\" \/>\n<meta property=\"og:type\" content=\"article\" \/>\n<meta property=\"og:title\" content=\"Parte in Italia l&#039;edizione 2025 di &#039;M\u00e9xico Maravilloso&#039;\" \/>\n<meta property=\"og:description\" content=\"Parte il roadshow M\u00e9xico Maravilloso 2025, progetto della Camera di commercio del Messico in Italia che attraverser\u00e0 sei citt\u00e0 del Bel Paese.\" \/>\n<meta property=\"og:url\" content=\"https:\/\/puntodincontro.mx\/es\/2025\/04\/02\/arranca-en-italia-la-edicion-2025-de-mexico-maravilloso\/\" \/>\n<meta property=\"og:site_name\" content=\"Puntodincontro\" \/>\n<meta property=\"article:publisher\" content=\"https:\/\/www.facebook.com\/puntodincontro.mx\" \/>\n<meta property=\"article:published_time\" content=\"2025-04-02T13:49:03+00:00\" \/>\n<meta property=\"article:modified_time\" content=\"2025-04-02T13:49:23+00:00\" \/>\n<meta property=\"og:image\" content=\"https:\/\/puntodincontro.mx\/wp-content\/uploads\/2025\/04\/mexicomaravillosopuntohor.webp\" \/>\n\t<meta property=\"og:image:width\" content=\"932\" \/>\n\t<meta property=\"og:image:height\" content=\"488\" \/>\n\t<meta property=\"og:image:type\" content=\"image\/webp\" \/>\n<meta name=\"author\" content=\"Puntodincontro\" \/>\n<meta name=\"twitter:card\" content=\"summary_large_image\" \/>\n<meta name=\"twitter:creator\" content=\"@puntodincontro\" \/>\n<meta name=\"twitter:site\" content=\"@puntodincontro\" \/>\n<meta name=\"twitter:label1\" content=\"Escrito por\" \/>\n\t<meta name=\"twitter:data1\" content=\"Puntodincontro\" \/>\n\t<meta name=\"twitter:label2\" content=\"Tiempo de lectura\" \/>\n\t<meta name=\"twitter:data2\" content=\"1 minuto\" \/>\n<script type=\"application\/ld+json\" class=\"yoast-schema-graph\">{\"@context\":\"https:\/\/schema.org\",\"@graph\":[{\"@type\":\"NewsArticle\",\"@id\":\"https:\/\/puntodincontro.mx\/2025\/04\/02\/parte-in-italia-ledizione-2025-di-mexico-maravilloso\/#article\",\"isPartOf\":{\"@id\":\"https:\/\/puntodincontro.mx\/2025\/04\/02\/parte-in-italia-ledizione-2025-di-mexico-maravilloso\/\"},\"author\":{\"name\":\"Puntodincontro\",\"@id\":\"https:\/\/puntodincontro.mx\/#\/schema\/person\/d3066d18a16259cbb0c29b0d0e93b556\"},\"headline\":\"Parte in Italia l&#8217;edizione 2025 di &#8216;M\u00e9xico Maravilloso&#8217;\",\"datePublished\":\"2025-04-02T13:49:03+00:00\",\"dateModified\":\"2025-04-02T13:49:23+00:00\",\"mainEntityOfPage\":{\"@id\":\"https:\/\/puntodincontro.mx\/2025\/04\/02\/parte-in-italia-ledizione-2025-di-mexico-maravilloso\/\"},\"wordCount\":275,\"commentCount\":0,\"publisher\":{\"@id\":\"https:\/\/puntodincontro.mx\/#organization\"},\"image\":{\"@id\":\"https:\/\/puntodincontro.mx\/2025\/04\/02\/parte-in-italia-ledizione-2025-di-mexico-maravilloso\/#primaryimage\"},\"thumbnailUrl\":\"https:\/\/puntodincontro.mx\/wp-content\/uploads\/2025\/04\/mexicomaravillosopuntohor.webp\",\"articleSection\":[\"Messico in Italia\"],\"inLanguage\":\"es\",\"potentialAction\":[{\"@type\":\"CommentAction\",\"name\":\"Comment\",\"target\":[\"https:\/\/puntodincontro.mx\/2025\/04\/02\/parte-in-italia-ledizione-2025-di-mexico-maravilloso\/#respond\"]}]},{\"@type\":\"WebPage\",\"@id\":\"https:\/\/puntodincontro.mx\/2025\/04\/02\/parte-in-italia-ledizione-2025-di-mexico-maravilloso\/\",\"url\":\"https:\/\/puntodincontro.mx\/2025\/04\/02\/parte-in-italia-ledizione-2025-di-mexico-maravilloso\/\",\"name\":\"Parte in Italia l'edizione 2025 di 'M\u00e9xico Maravilloso'\",\"isPartOf\":{\"@id\":\"https:\/\/puntodincontro.mx\/#website\"},\"primaryImageOfPage\":{\"@id\":\"https:\/\/puntodincontro.mx\/2025\/04\/02\/parte-in-italia-ledizione-2025-di-mexico-maravilloso\/#primaryimage\"},\"image\":{\"@id\":\"https:\/\/puntodincontro.mx\/2025\/04\/02\/parte-in-italia-ledizione-2025-di-mexico-maravilloso\/#primaryimage\"},\"thumbnailUrl\":\"https:\/\/puntodincontro.mx\/wp-content\/uploads\/2025\/04\/mexicomaravillosopuntohor.webp\",\"datePublished\":\"2025-04-02T13:49:03+00:00\",\"dateModified\":\"2025-04-02T13:49:23+00:00\",\"description\":\"Parte il roadshow M\u00e9xico Maravilloso 2025, progetto della Camera di commercio del Messico in Italia che attraverser\u00e0 sei citt\u00e0 del Bel Paese.\",\"breadcrumb\":{\"@id\":\"https:\/\/puntodincontro.mx\/2025\/04\/02\/parte-in-italia-ledizione-2025-di-mexico-maravilloso\/#breadcrumb\"},\"inLanguage\":\"es\",\"potentialAction\":[{\"@type\":\"ReadAction\",\"target\":[\"https:\/\/puntodincontro.mx\/2025\/04\/02\/parte-in-italia-ledizione-2025-di-mexico-maravilloso\/\"]}]},{\"@type\":\"ImageObject\",\"inLanguage\":\"es\",\"@id\":\"https:\/\/puntodincontro.mx\/2025\/04\/02\/parte-in-italia-ledizione-2025-di-mexico-maravilloso\/#primaryimage\",\"url\":\"https:\/\/puntodincontro.mx\/wp-content\/uploads\/2025\/04\/mexicomaravillosopuntohor.webp\",\"contentUrl\":\"https:\/\/puntodincontro.mx\/wp-content\/uploads\/2025\/04\/mexicomaravillosopuntohor.webp\",\"width\":932,\"height\":488,\"caption\":\"Parte in Italia l'edizione 2025 di 'M\u00e9xico Maravilloso' \/ Foto: qualitytravel.it\"},{\"@type\":\"BreadcrumbList\",\"@id\":\"https:\/\/puntodincontro.mx\/2025\/04\/02\/parte-in-italia-ledizione-2025-di-mexico-maravilloso\/#breadcrumb\",\"itemListElement\":[{\"@type\":\"ListItem\",\"position\":1,\"name\":\"Home\",\"item\":\"https:\/\/puntodincontro.mx\/\"},{\"@type\":\"ListItem\",\"position\":2,\"name\":\"Parte in Italia l&#8217;edizione 2025 di &#8216;M\u00e9xico Maravilloso&#8217;\"}]},{\"@type\":\"WebSite\",\"@id\":\"https:\/\/puntodincontro.mx\/#website\",\"url\":\"https:\/\/puntodincontro.mx\/\",\"name\":\"Puntodincontro\",\"description\":\"Dal 2006 notizie sui rapporti Italia-Messico \/ Desde 2006 noticias sobre las relaciones entre Italia y M\u00e9xico\",\"publisher\":{\"@id\":\"https:\/\/puntodincontro.mx\/#organization\"},\"potentialAction\":[{\"@type\":\"SearchAction\",\"target\":{\"@type\":\"EntryPoint\",\"urlTemplate\":\"https:\/\/puntodincontro.mx\/?s={search_term_string}\"},\"query-input\":{\"@type\":\"PropertyValueSpecification\",\"valueRequired\":true,\"valueName\":\"search_term_string\"}}],\"inLanguage\":\"es\"},{\"@type\":\"Organization\",\"@id\":\"https:\/\/puntodincontro.mx\/#organization\",\"name\":\"Puntodincontro\",\"url\":\"https:\/\/puntodincontro.mx\/\",\"logo\":{\"@type\":\"ImageObject\",\"inLanguage\":\"es\",\"@id\":\"https:\/\/puntodincontro.mx\/#\/schema\/logo\/image\/\",\"url\":\"https:\/\/puntodincontro.mx\/wp-content\/uploads\/2021\/08\/Default-image-for-open-graph-settings.jpg\",\"contentUrl\":\"https:\/\/puntodincontro.mx\/wp-content\/uploads\/2021\/08\/Default-image-for-open-graph-settings.jpg\",\"width\":1200,\"height\":630,\"caption\":\"Puntodincontro\"},\"image\":{\"@id\":\"https:\/\/puntodincontro.mx\/#\/schema\/logo\/image\/\"},\"sameAs\":[\"https:\/\/www.facebook.com\/puntodincontro.mx\",\"https:\/\/x.com\/puntodincontro\",\"https:\/\/www.instagram.com\/puntodincontro.mx\/\",\"https:\/\/www.linkedin.com\/company\/puntodincontro\/\",\"https:\/\/www.youtube.com\/c\/puntodincontromessico\",\"https:\/\/www.patreon.com\/puntodincontro\",\"https:\/\/www.threads.net\/@puntodincontro.mx\"]},{\"@type\":\"Person\",\"@id\":\"https:\/\/puntodincontro.mx\/#\/schema\/person\/d3066d18a16259cbb0c29b0d0e93b556\",\"name\":\"Puntodincontro\",\"image\":{\"@type\":\"ImageObject\",\"inLanguage\":\"es\",\"@id\":\"https:\/\/puntodincontro.mx\/#\/schema\/person\/image\/\",\"url\":\"https:\/\/secure.gravatar.com\/avatar\/0e85b4b3b5e9d6bfcec6a4956d8cc63a?s=96&d=mm&r=g\",\"contentUrl\":\"https:\/\/secure.gravatar.com\/avatar\/0e85b4b3b5e9d6bfcec6a4956d8cc63a?s=96&d=mm&r=g\",\"caption\":\"Puntodincontro\"},\"url\":\"https:\/\/puntodincontro.mx\/es\/author\/puntodincontro\/\"}]}<\/script>\n<!-- \/ Yoast SEO Premium plugin. -->","yoast_head_json":{"title":"Arranca en Italia la edici\u00f3n 2025 de 'M\u00e9xico Maravilloso'","description":"Arranca el roadshow M\u00e9xico Maravilloso 2025, un proyecto de la C\u00e1mara de Comercio de M\u00e9xico en Italia que recorrer\u00e1 seis ciudades del Bel Paese.","robots":{"index":"index","follow":"follow","max-snippet":"max-snippet:-1","max-image-preview":"max-image-preview:large","max-video-preview":"max-video-preview:-1"},"canonical":"https:\/\/puntodincontro.mx\/es\/2025\/04\/02\/arranca-en-italia-la-edicion-2025-de-mexico-maravilloso\/","og_locale":"es_MX","og_type":"article","og_title":"Parte in Italia l'edizione 2025 di 'M\u00e9xico Maravilloso'","og_description":"Parte il roadshow M\u00e9xico Maravilloso 2025, progetto della Camera di commercio del Messico in Italia che attraverser\u00e0 sei citt\u00e0 del Bel Paese.","og_url":"https:\/\/puntodincontro.mx\/es\/2025\/04\/02\/arranca-en-italia-la-edicion-2025-de-mexico-maravilloso\/","og_site_name":"Puntodincontro","article_publisher":"https:\/\/www.facebook.com\/puntodincontro.mx","article_published_time":"2025-04-02T13:49:03+00:00","article_modified_time":"2025-04-02T13:49:23+00:00","og_image":[{"width":932,"height":488,"url":"https:\/\/puntodincontro.mx\/wp-content\/uploads\/2025\/04\/mexicomaravillosopuntohor.webp","type":"image\/webp"}],"author":"Puntodincontro","twitter_card":"summary_large_image","twitter_creator":"@puntodincontro","twitter_site":"@puntodincontro","twitter_misc":{"Escrito por":"Puntodincontro","Tiempo de lectura":"1 minuto"},"schema":{"@context":"https:\/\/schema.org","@graph":[{"@type":"NewsArticle","@id":"https:\/\/puntodincontro.mx\/2025\/04\/02\/parte-in-italia-ledizione-2025-di-mexico-maravilloso\/#article","isPartOf":{"@id":"https:\/\/puntodincontro.mx\/2025\/04\/02\/parte-in-italia-ledizione-2025-di-mexico-maravilloso\/"},"author":{"name":"Puntodincontro","@id":"https:\/\/puntodincontro.mx\/#\/schema\/person\/d3066d18a16259cbb0c29b0d0e93b556"},"headline":"Parte in Italia l&#8217;edizione 2025 di &#8216;M\u00e9xico Maravilloso&#8217;","datePublished":"2025-04-02T13:49:03+00:00","dateModified":"2025-04-02T13:49:23+00:00","mainEntityOfPage":{"@id":"https:\/\/puntodincontro.mx\/2025\/04\/02\/parte-in-italia-ledizione-2025-di-mexico-maravilloso\/"},"wordCount":275,"commentCount":0,"publisher":{"@id":"https:\/\/puntodincontro.mx\/#organization"},"image":{"@id":"https:\/\/puntodincontro.mx\/2025\/04\/02\/parte-in-italia-ledizione-2025-di-mexico-maravilloso\/#primaryimage"},"thumbnailUrl":"https:\/\/puntodincontro.mx\/wp-content\/uploads\/2025\/04\/mexicomaravillosopuntohor.webp","articleSection":["Messico in Italia"],"inLanguage":"es","potentialAction":[{"@type":"CommentAction","name":"Comment","target":["https:\/\/puntodincontro.mx\/2025\/04\/02\/parte-in-italia-ledizione-2025-di-mexico-maravilloso\/#respond"]}]},{"@type":"WebPage","@id":"https:\/\/puntodincontro.mx\/2025\/04\/02\/parte-in-italia-ledizione-2025-di-mexico-maravilloso\/","url":"https:\/\/puntodincontro.mx\/2025\/04\/02\/parte-in-italia-ledizione-2025-di-mexico-maravilloso\/","name":"Arranca en Italia la edici\u00f3n 2025 de 'M\u00e9xico Maravilloso'","isPartOf":{"@id":"https:\/\/puntodincontro.mx\/#website"},"primaryImageOfPage":{"@id":"https:\/\/puntodincontro.mx\/2025\/04\/02\/parte-in-italia-ledizione-2025-di-mexico-maravilloso\/#primaryimage"},"image":{"@id":"https:\/\/puntodincontro.mx\/2025\/04\/02\/parte-in-italia-ledizione-2025-di-mexico-maravilloso\/#primaryimage"},"thumbnailUrl":"https:\/\/puntodincontro.mx\/wp-content\/uploads\/2025\/04\/mexicomaravillosopuntohor.webp","datePublished":"2025-04-02T13:49:03+00:00","dateModified":"2025-04-02T13:49:23+00:00","description":"Arranca el roadshow M\u00e9xico Maravilloso 2025, un proyecto de la C\u00e1mara de Comercio de M\u00e9xico en Italia que recorrer\u00e1 seis ciudades del Bel Paese.","breadcrumb":{"@id":"https:\/\/puntodincontro.mx\/2025\/04\/02\/parte-in-italia-ledizione-2025-di-mexico-maravilloso\/#breadcrumb"},"inLanguage":"es","potentialAction":[{"@type":"ReadAction","target":["https:\/\/puntodincontro.mx\/2025\/04\/02\/parte-in-italia-ledizione-2025-di-mexico-maravilloso\/"]}]},{"@type":"ImageObject","inLanguage":"es","@id":"https:\/\/puntodincontro.mx\/2025\/04\/02\/parte-in-italia-ledizione-2025-di-mexico-maravilloso\/#primaryimage","url":"https:\/\/puntodincontro.mx\/wp-content\/uploads\/2025\/04\/mexicomaravillosopuntohor.webp","contentUrl":"https:\/\/puntodincontro.mx\/wp-content\/uploads\/2025\/04\/mexicomaravillosopuntohor.webp","width":932,"height":488,"caption":"Parte in Italia l'edizione 2025 di 'M\u00e9xico Maravilloso' \/ Foto: qualitytravel.it"},{"@type":"BreadcrumbList","@id":"https:\/\/puntodincontro.mx\/2025\/04\/02\/parte-in-italia-ledizione-2025-di-mexico-maravilloso\/#breadcrumb","itemListElement":[{"@type":"ListItem","position":1,"name":"Home","item":"https:\/\/puntodincontro.mx\/"},{"@type":"ListItem","position":2,"name":"Parte in Italia l&#8217;edizione 2025 di &#8216;M\u00e9xico Maravilloso&#8217;"}]},{"@type":"WebSite","@id":"https:\/\/puntodincontro.mx\/#website","url":"https:\/\/puntodincontro.mx\/","name":"Puntodincontro","description":"Desde el 2006 noticias sobre las relaciones entre Italia y M\u00e9xico \/ Dal 2006 notizie sui rapporti Italia-Messico","publisher":{"@id":"https:\/\/puntodincontro.mx\/#organization"},"potentialAction":[{"@type":"SearchAction","target":{"@type":"EntryPoint","urlTemplate":"https:\/\/puntodincontro.mx\/?s={search_term_string}"},"query-input":{"@type":"PropertyValueSpecification","valueRequired":true,"valueName":"search_term_string"}}],"inLanguage":"es"},{"@type":"Organization","@id":"https:\/\/puntodincontro.mx\/#organization","name":"Puntodincontro","url":"https:\/\/puntodincontro.mx\/","logo":{"@type":"ImageObject","inLanguage":"es","@id":"https:\/\/puntodincontro.mx\/#\/schema\/logo\/image\/","url":"https:\/\/puntodincontro.mx\/wp-content\/uploads\/2021\/08\/Default-image-for-open-graph-settings.jpg","contentUrl":"https:\/\/puntodincontro.mx\/wp-content\/uploads\/2021\/08\/Default-image-for-open-graph-settings.jpg","width":1200,"height":630,"caption":"Puntodincontro"},"image":{"@id":"https:\/\/puntodincontro.mx\/#\/schema\/logo\/image\/"},"sameAs":["https:\/\/www.facebook.com\/puntodincontro.mx","https:\/\/x.com\/puntodincontro","https:\/\/www.instagram.com\/puntodincontro.mx\/","https:\/\/www.linkedin.com\/company\/puntodincontro\/","https:\/\/www.youtube.com\/c\/puntodincontromessico","https:\/\/www.patreon.com\/puntodincontro","https:\/\/www.threads.net\/@puntodincontro.mx"]},{"@type":"Person","@id":"https:\/\/puntodincontro.mx\/#\/schema\/person\/d3066d18a16259cbb0c29b0d0e93b556","name":"Puntodincontro","image":{"@type":"ImageObject","inLanguage":"es","@id":"https:\/\/puntodincontro.mx\/#\/schema\/person\/image\/","url":"https:\/\/secure.gravatar.com\/avatar\/0e85b4b3b5e9d6bfcec6a4956d8cc63a?s=96&d=mm&r=g","contentUrl":"https:\/\/secure.gravatar.com\/avatar\/0e85b4b3b5e9d6bfcec6a4956d8cc63a?s=96&d=mm&r=g","caption":"Puntodincontro"},"url":"https:\/\/puntodincontro.mx\/es\/author\/puntodincontro\/"}]}},"_links":{"self":[{"href":"https:\/\/puntodincontro.mx\/es\/wp-json\/wp\/v2\/posts\/22055"}],"collection":[{"href":"https:\/\/puntodincontro.mx\/es\/wp-json\/wp\/v2\/posts"}],"about":[{"href":"https:\/\/puntodincontro.mx\/es\/wp-json\/wp\/v2\/types\/post"}],"author":[{"embeddable":true,"href":"https:\/\/puntodincontro.mx\/es\/wp-json\/wp\/v2\/users\/2"}],"replies":[{"embeddable":true,"href":"https:\/\/puntodincontro.mx\/es\/wp-json\/wp\/v2\/comments?post=22055"}],"version-history":[{"count":5,"href":"https:\/\/puntodincontro.mx\/es\/wp-json\/wp\/v2\/posts\/22055\/revisions"}],"predecessor-version":[{"id":22061,"href":"https:\/\/puntodincontro.mx\/es\/wp-json\/wp\/v2\/posts\/22055\/revisions\/22061"}],"wp:featuredmedia":[{"embeddable":true,"href":"https:\/\/puntodincontro.mx\/es\/wp-json\/wp\/v2\/media\/22059"}],"wp:attachment":[{"href":"https:\/\/puntodincontro.mx\/es\/wp-json\/wp\/v2\/media?parent=22055"}],"wp:term":[{"taxonomy":"category","embeddable":true,"href":"https:\/\/puntodincontro.mx\/es\/wp-json\/wp\/v2\/categories?post=22055"},{"taxonomy":"post_tag","embeddable":true,"href":"https:\/\/puntodincontro.mx\/es\/wp-json\/wp\/v2\/tags?post=22055"}],"curies":[{"name":"wp","href":"https:\/\/api.w.org\/{rel}","templated":true}]}}