{"id":22094,"date":"2025-04-05T10:01:21","date_gmt":"2025-04-05T16:01:21","guid":{"rendered":"https:\/\/puntodincontro.mx\/?p=22094"},"modified":"2025-04-05T10:10:16","modified_gmt":"2025-04-05T16:10:16","slug":"en-junio-los-italianos-votan-tambien-en-el-extranjero-para-cinco-referendos","status":"publish","type":"post","link":"https:\/\/puntodincontro.mx\/es\/2025\/04\/05\/a-giugno-gli-italiani-votano-anche-allestero-su-cinque-referendum\/","title":{"rendered":"En junio los italianos votan, tambi\u00e9n en el extranjero, para cinco referendos"},"content":{"rendered":"<p class=\"translation-block\"><b>09:59 hrs.<\/b> - Por decreto del Presidente de la Rep\u00fablica Italiana del 31 de marzo de 2025, publicado en la <em>Gazzetta Ufficiale<\/em>, se fij\u00f3 para los d\u00edas 8 y 9 de junio de 2025 la fecha de los referendos abrogativos de conformidad con el art. 75 de la Constituci\u00f3n.<\/p>\n\n\n\n<p class=\"translation-block\">De conformidad con la Ley del 27 de diciembre de 2001, n. 459, los ciudadanos italianos residentes en el extranjero, inscritos en las listas electorales, pueden votar por correo, recibiendo el paquete electoral en su direcci\u00f3n de residencia. Para tal efecto, se recomienda verificar y regularizar sus datos personales y domicilio en la oficina consular competente, preferiblemente utilizando el portal de servicios consulares en l\u00ednea <a href=\"https:\/\/serviziconsolari.esteri.it\/ScoFE\/index.sco\" target=\"_blank\" rel=\"noreferrer noopener\">Fast It<\/a>.<\/p>\n\n\n\n<p>Como alternativa al voto por correspondencia, los electores inscritos en el A.I.R.E. pueden optar por votar en Italia en su propio municipio de registro electoral, comunicando su elecci\u00f3n (opci\u00f3n) por escrito al Consulado a m\u00e1s tardar el d\u00e9cimo d\u00eda siguiente al anuncio del voto. Los electores que decidan votar en Italia con motivo del pr\u00f3ximo refer\u00e9ndum recibir\u00e1n de sus respectivos municipios italianos la notificaci\u00f3n-tarjeta postal para votar en los centros de votaci\u00f3n en Italia. La elecci\u00f3n (opci\u00f3n) de votar en Italia es v\u00e1lida s\u00f3lo para el refer\u00e9ndum patra el que se expresa.<\/p>\n\n\n\n<p>Se reitera que en todo caso la opci\u00f3n deber\u00e1 llegar a la Oficina Consular a m\u00e1s tardar el d\u00e9cimo d\u00eda despu\u00e9s de la fecha de la convocatoria a la votaci\u00f3n, o bien a m\u00e1s tardar el 10 de abril de 2025. Esta comunicaci\u00f3n podr\u00e1 redactarse en papel simple y \u2013para su validez\u2013 deber\u00e1 contener nombre, apellidos, fecha y lugar de nacimiento, lugar de residencia y firma del elector, acompa\u00f1ada de copia de un documento de identidad vigente del declarante.<\/p>\n\n\n\n<p>El formulario, debidamente cumplimentado, firmado y acompa\u00f1ado de un documento de identidad, podr\u00e1 entregarse\/enviarse:<\/p>\n\n\n\n<ul class=\"wp-block-list\">\n<li>a mano: Embajada de Italia en la Ciudad de M\u00e9xico \u2013 Paseo de las Palmas 1994 (Lunes a jueves, 9:00 a 13:00 horas)<\/li>\n\n\n\n<li>por correo: Embajada de Italia en la Ciudad de M\u00e9xico \u2013 Paseo de las Palmas 1994, CP 11000<\/li>\n\n\n\n<li>por correo electr\u00f3nico ordinario: consolare.messico@esteri.it<\/li>\n\n\n\n<li>por correo electr\u00f3nico certificado: amb.cittadelmessico@cert.esteri.it<\/li>\n<\/ul>\n\n\n\n<p>Seg\u00fan lo exige la legislaci\u00f3n vigente, los electores ser\u00e1n responsables de verificar que la comunicaci\u00f3n de la opci\u00f3n enviada por correo haya sido recibida a tiempo por su Oficina Consular. Las solicitudes recibidas despu\u00e9s de la fecha l\u00edmite indicada anteriormente no ser\u00e1n consideradas v\u00e1lidas.<\/p>\n\n\n\n<p>La elecci\u00f3n de votar en Italia puede ser revocada posteriormente mediante comunicaci\u00f3n escrita que deber\u00e1 enviarse o entregarse a la Oficina Consular utilizando las mismas modalidades y en la misma fecha prevista para el ejercicio de la opci\u00f3n.<\/p>\n\n\n\n<p>Si el elector decide regresar a Italia para votar, la ley no prev\u00e9 ning\u00fan tipo de reembolso de los gastos de viaje, sino s\u00f3lo concesiones tarifarias dentro del territorio italiano.<\/p>\n\n\n\n<p><strong>Las 5 preguntas<\/strong><\/p>\n\n\n\n<p>Para ser v\u00e1lidos, los referendos abrogativos deben superar un qu\u00f3rum del 50% m\u00e1s uno del cuerpo electoral. Esto es lo que hay que saber:<\/p>\n\n\n\n<p>La pregunta n.\u00ba 1 dice: \u00ab\u00bfQuiere la derogaci\u00f3n del Decreto legislativo del 4 de marzo de 2015, n. 23, que contiene 'Disposiciones relativas a los contratos de trabajo indefinidos con protecciones crecientes, en aplicaci\u00f3n de la Ley del 10 de diciembre de 2014, n. 183' en su totalidad?\u00bb.<\/p>\n\n\n\n<p>El objetivo de la pregunta del refer\u00e9ndum es derogar las normas sobre despidos en el contrato de protecci\u00f3n creciente de la Ley de Empleo. La legislaci\u00f3n vigente establece que, en las empresas de m\u00e1s de 15 trabajadores, los trabajadores contratados a partir del 7 de marzo de 2015 no pueden reincorporarse a su puesto de trabajo tras un despido improcedente.<\/p>\n\n\n\n<p>La pregunta n\u00ba 2 establece: \u00ab\u00bfSe desea la derogaci\u00f3n del art\u00edculo 8 de la Ley del 15 de julio de 1966, n\u00famero 604, que contiene \u201cReglas sobre despidos individuales\u201d, sustituidas por el art. 2, apartado 3, de la Ley del 11 de mayo de 1990, n\u00famero 108, limitado a las palabras: \u201c<em>compreso tra un<\/em>\u201d y las palabras \u201c<em>ed un massimo di 6<\/em>\u201d y las palabras \u201c<em>La misura massima della predetta indennit\u00e0 pu\u00f2 essere maggiorata fino a 10 mensilit\u00e0 per il prestatore di lavoro con anzianit\u00e0 superiore ai dieci anni e fino a 14 mensilit\u00e0 per il prestatore di lavoro con anzianit\u00e0 superiore ai venti anni, se dipendenti da datore di lavoro che occupa pi\u00f9 di quindici prestatori di lavoro\u201d<\/em>\u201d?\u201d.<\/p>\n\n\n\n<p>El objetivo es eliminar el tope a las indemnizaciones por despido en las peque\u00f1as empresas: en aquellas con menos de 16 empleados, en caso de despido improcedente, un trabajador puede obtener actualmente un m\u00e1ximo de 6 meses de indemnizaci\u00f3n, incluso si un juez considera improcedente la terminaci\u00f3n de la relaci\u00f3n laboral. El objetivo es aumentar la protecci\u00f3n de los trabajadores eliminando el l\u00edmite m\u00e1ximo de seis meses de salario por indemnizaci\u00f3n en caso de despido injustificado, para que el juez pueda determinar la indemnizaci\u00f3n justa sin l\u00edmite alguno.<\/p>\n\n\n\n<p>La pregunta n\u00ba 3 establece: \u00ab\u00bfSe desea la derogaci\u00f3n del art\u00edculo 19 del decreto legislativo del 15 de junio de 2015, n. 81, que contiene la \u201cDisciplina org\u00e1nica de los contratos de trabajo y revisi\u00f3n de la legislaci\u00f3n sobre deberes, de conformidad con el art\u00edculo 1, apartado 7, de la Ley n.\u00ba 183 del 10 de diciembre de 2014\u201d, apartado 1, limitado a las palabras \u201c<em>non superiore a dodici mesi. Il contratto pu\u00f2 avere una durata superiore, ma comunque<\/em>\u201d, las palabras \u201c<em>in presenza di almeno una delle seguenti condizioni<\/em>\u201d, las palabras \u201c<em>in assenza delle previsioni di cui alla lettera a), nei contratti collettivi applicati in azienda, e comunque entro il 31 dicembre 2025, per esigenze di natura tecnica, organizzativa e produttiva individuate dalle parti;<\/em>\u201d; p\u00e1rrafo 1-bis, limitado a las palabras \u201c<em>di durata superiore a dodici mesi<\/em>\u201d y las palabras \u201c<em>dalla data di superamento del termine di dodici mesi<\/em>\u201d; p\u00e1rrafo 4, limitado a las palabras \u201c<em>,in caso di rinnovo,<\/em>\u201d y las palabras \u201c<em>solo quando il termine complessivo eccede i dodici mesi<\/em>\u201d; art\u00edculo 21, numeral 01, limitado a las palabras \u201c<em>liberamente nei primi dodici mesi e, successivamente,<\/em>\u201d?\u00bb.<\/p>\n\n\n\n<p>De aprobarse, la pregunta del refer\u00e9ndum pretende ampliar nuevamente la obligaci\u00f3n de proporcionar una justificaci\u00f3n para los contratos (y relaciones) de trabajo cuya duraci\u00f3n sea inferior a 12 meses y excluir la facultad de las partes de identificar justificaciones para la estipulaci\u00f3n (o extensi\u00f3n o renovaci\u00f3n) de dichos contratos.<\/p>\n\n\n\n<p>La pregunta n\u00ba 4 dice: \u00ab\u00bfQuiere la derogaci\u00f3n del art. 26, apartado 4, del Decreto Legislativo del 9 de abril de 2008, n. 81, que contiene \u201cAplicaci\u00f3n del art\u00edculo 1 de la Ley N\u00ba 123 de 3 del agosto de 2007, relativa a la protecci\u00f3n de la salud y seguridad en el trabajo\u201d, modificado por el art. 16 del decreto legislativo del 3 de agosto de 2009 n. 106, del art. 32 del Decreto Legislativo 21 de junio de 2013, n. 69, convertida con modificaciones por ley el 9 de agosto de 2013, n. 98, as\u00ed como por el art. 13 del Decreto Legislativo del 21 de octubre de 2021, n. 146, convertida con modificaciones por ley del 17 de diciembre de 2021, n. 215, limitado a las palabras \"<em>Le disposizioni del presente comma non si applicano ai danni conseguenza dei rischi specifici propri dell\u2019attivit\u00e0 delle imprese appaltatrici o subappaltatrici?<\/em>\u00bb.<\/p>\n\n\n\n<p>El objetivo de la cuarta pregunta es intervenir en el \u00e1mbito de la seguridad en el trabajo. La ley actual, tal y como est\u00e1 redactada, establece la responsabilidad solidaria del empresario cliente con el contratista y cada uno de los subcontratistas \"por todos los da\u00f1os por los cuales el trabajador, empleado por el contratista o el subcontratista, no sea indemnizado por el Instituto Nacional de Seguro de Accidentes de Trabajo (INAIL) o el Instituto de Seguridad Social del Sector Mar\u00edtimo (IPSEMA)\". En caso de resultado favorable del refer\u00e9ndum, el cliente ser\u00eda responsable y tendr\u00eda que indemnizar por los da\u00f1os sufridos por el trabajador incluso si surgen de riesgos espec\u00edficos del contratista o subcontratista.<\/p>\n\n\n\n<p>La pregunta n\u00ba 5 establece: \u00ab\u00bfSe desea derogar el art\u00edculo 9, apartado 1, letra b), limitado a las palabras \u201c<em>adottato da cittadino italiano<\/em>\u201d y \u201c<em>successivamente alla adozione<\/em>\u201d; as\u00ed como la letra f), que contiene la siguiente previsi\u00f3n: \u201cf) al extranjero que haya residido legalmente durante al menos diez a\u00f1os en el territorio de la Rep\u00fablica.\u201d, de la Ley del 5 de febrero de 1992, n\u00famero 91, que contiene nuevas reglas sobre la ciudadan\u00eda?\u00bb.<\/p>\n\n\n\n<p>El objetivo es reducir de 10 a 5 a\u00f1os el per\u00edodo de residencia legal en Italia requerido para solicitar la ciudadan\u00eda italiana, extendiendo autom\u00e1ticamente este derecho a los hijos menores de los solicitantes. La propuesta tiene como objetivo facilitar la integraci\u00f3n de los ciudadanos extranjeros que residen permanentemente en Italia, reconociendo su contribuci\u00f3n a la sociedad local.<\/p>\n\n\n\n<p class=\"has-small-font-size\">Imagen: comune.zagarolo.rm.it<\/p>\n\n\n\n<div style=\"height:12px\" aria-hidden=\"true\" class=\"wp-block-spacer\"><\/div>\n\n\n<!-- Ad space powered by WP AdCenter v2.5.7 - https:\/\/wpadcenter.com\/ --><div class=\"wpadcenter-adgroup\" ><div class=\"wpadcenter-adgroup__row wpadcenter-aligncenter\"><div class=\"wpadcenter-ad-container\" ><div id=\"wpadcenter-ad-18464\" class=\"ad-placement\"><div class=\"wpadcenter-ad-inner\" ><a id=\"wpadcenter_ad\" data-value=\"18464\" data-placement=\"\" href=\"https:\/\/www.productosremo.com\/\" target=\"_blank\" class=\"wpadcenter-ad-inner__item\" ><img decoding=\"async\"   src=\"https:\/\/puntodincontro.mx\/wp-content\/uploads\/2021\/08\/remobanner.jpg\" class=\"attachment-post-thumbnail size-post-thumbnail wp-post-image\" alt=\"\" srcset=\"https:\/\/puntodincontro.mx\/wp-content\/uploads\/2021\/08\/remobanner.jpg 200w, https:\/\/puntodincontro.mx\/wp-content\/uploads\/2021\/08\/remobanner-16x5.jpg 16w\" sizes=\"(max-width: 200px) 100vw, 200px\" \/><\/a><\/div><\/div><\/div><div class=\"wpadcenter-ad-container\" ><div id=\"wpadcenter-ad-5305\" class=\"ad-placement\"><div class=\"wpadcenter-ad-inner\" ><a id=\"wpadcenter_ad\" data-value=\"5305\" data-placement=\"\" href=\"https:\/\/ambcittadelmessico.esteri.it\/ambasciata_cittadelmessico\/it\/\" target=\"_blank\" class=\"wpadcenter-ad-inner__item\" ><img decoding=\"async\"   src=\"https:\/\/puntodincontro.mx\/wp-content\/uploads\/2022\/05\/Ambasciata.jpg\" class=\"attachment-post-thumbnail size-post-thumbnail wp-post-image\" alt=\"\" srcset=\"https:\/\/puntodincontro.mx\/wp-content\/uploads\/2022\/05\/Ambasciata.jpg 200w, https:\/\/puntodincontro.mx\/wp-content\/uploads\/2022\/05\/Ambasciata-18x5.jpg 18w\" sizes=\"(max-width: 200px) 100vw, 200px\" \/><\/a><\/div><\/div><\/div><div class=\"wpadcenter-ad-container\" ><div id=\"wpadcenter-ad-3781\" class=\"ad-placement\"><div class=\"wpadcenter-ad-inner\" ><a id=\"wpadcenter_ad\" data-value=\"3781\" data-placement=\"\" href=\"https:\/\/cannizzo.com.mx\/\" target=\"_blank\" class=\"wpadcenter-ad-inner__item\" ><img decoding=\"async\"   src=\"https:\/\/puntodincontro.mx\/wp-content\/uploads\/2022\/03\/cannizzo2.jpg\" class=\"attachment-post-thumbnail size-post-thumbnail wp-post-image\" alt=\"\" srcset=\"https:\/\/puntodincontro.mx\/wp-content\/uploads\/2022\/03\/cannizzo2.jpg 200w, https:\/\/puntodincontro.mx\/wp-content\/uploads\/2022\/03\/cannizzo2-18x5.jpg 18w\" sizes=\"(max-width: 200px) 100vw, 200px\" \/><\/a><\/div><\/div><\/div><\/div><div class=\"wpadcenter-adgroup__row wpadcenter-aligncenter\"><div class=\"wpadcenter-ad-container\" ><div id=\"wpadcenter-ad-1704\" class=\"ad-placement\"><div class=\"wpadcenter-ad-inner\" ><a id=\"wpadcenter_ad\" data-value=\"1704\" data-placement=\"\" href=\"https:\/\/puntodincontro.mx\/es\/2021\/12\/24\/inps-verificacion-de-supervivencia-de-los-pensionados-en-el-extranjero\/\" target=\"_blank\" class=\"wpadcenter-ad-inner__item\" ><img decoding=\"async\"   src=\"https:\/\/puntodincontro.mx\/wp-content\/uploads\/2021\/11\/logo-ital.jpg\" class=\"attachment-post-thumbnail size-post-thumbnail wp-post-image\" alt=\"Patronato ITAL Messico\" srcset=\"https:\/\/puntodincontro.mx\/wp-content\/uploads\/2021\/11\/logo-ital.jpg 200w, https:\/\/puntodincontro.mx\/wp-content\/uploads\/2021\/11\/logo-ital-16x5.jpg 16w\" sizes=\"(max-width: 200px) 100vw, 200px\" \/><\/a><\/div><\/div><\/div><div class=\"wpadcenter-ad-container\" ><div id=\"wpadcenter-ad-1538\" class=\"ad-placement\"><div class=\"wpadcenter-ad-inner\" ><a id=\"wpadcenter_ad\" data-value=\"1538\" data-placement=\"\" href=\"https:\/\/asociacionitaliana.org\/\" target=\"_blank\" class=\"wpadcenter-ad-inner__item\" ><img decoding=\"async\"   src=\"https:\/\/puntodincontro.mx\/wp-content\/uploads\/2021\/11\/aialogo.jpg\" class=\"attachment-post-thumbnail size-post-thumbnail wp-post-image\" alt=\"Associazione Italiana di Assistenza IAP\" srcset=\"https:\/\/puntodincontro.mx\/wp-content\/uploads\/2021\/11\/aialogo.jpg 200w, https:\/\/puntodincontro.mx\/wp-content\/uploads\/2021\/11\/aialogo-18x5.jpg 18w\" sizes=\"(max-width: 200px) 100vw, 200px\" \/><\/a><\/div><\/div><\/div><div class=\"wpadcenter-ad-container\" ><div id=\"wpadcenter-ad-1513\" class=\"ad-placement\"><div class=\"wpadcenter-ad-inner\" ><a id=\"wpadcenter_ad\" data-value=\"1513\" data-placement=\"\" href=\"https:\/\/gcinmuebles.mx\" target=\"_blank\" class=\"wpadcenter-ad-inner__item\" ><img decoding=\"async\"   src=\"https:\/\/puntodincontro.mx\/wp-content\/uploads\/2021\/10\/gcinmuebleslogopunto-1.jpg\" class=\"attachment-post-thumbnail size-post-thumbnail wp-post-image\" alt=\"\" srcset=\"https:\/\/puntodincontro.mx\/wp-content\/uploads\/2021\/10\/gcinmuebleslogopunto-1.jpg 200w, https:\/\/puntodincontro.mx\/wp-content\/uploads\/2021\/10\/gcinmuebleslogopunto-1-18x5.jpg 18w\" sizes=\"(max-width: 200px) 100vw, 200px\" \/><\/a><\/div><\/div><\/div><\/div><div class=\"wpadcenter-adgroup__row wpadcenter-aligncenter\"><div class=\"wpadcenter-ad-container\" ><div id=\"wpadcenter-ad-1374\" class=\"ad-placement\"><div class=\"wpadcenter-ad-inner\" ><a id=\"wpadcenter_ad\" data-value=\"1374\" data-placement=\"\" href=\"https:\/\/www.9colonne.it\/\" target=\"_blank\" class=\"wpadcenter-ad-inner__item\" ><img decoding=\"async\"   src=\"https:\/\/puntodincontro.mx\/wp-content\/uploads\/2021\/10\/Banner9colonne.gif\" class=\"attachment-post-thumbnail size-post-thumbnail wp-post-image\" alt=\"\" \/><\/a><\/div><\/div><\/div><div class=\"wpadcenter-ad-container\" ><div id=\"wpadcenter-ad-276\" class=\"ad-placement\"><div class=\"wpadcenter-ad-inner\" ><a id=\"wpadcenter_ad\" data-value=\"276\" data-placement=\"\" href=\"http:\/\/www.camaraitaliana.mx\/\" target=\"_blank\" class=\"wpadcenter-ad-inner__item\" ><img decoding=\"async\"   src=\"https:\/\/puntodincontro.mx\/wp-content\/uploads\/2021\/08\/ccimnuovo.jpg\" class=\"attachment-post-thumbnail size-post-thumbnail wp-post-image\" alt=\"\" srcset=\"https:\/\/puntodincontro.mx\/wp-content\/uploads\/2021\/08\/ccimnuovo.jpg 200w, https:\/\/puntodincontro.mx\/wp-content\/uploads\/2021\/08\/ccimnuovo-18x5.jpg 18w\" sizes=\"(max-width: 200px) 100vw, 200px\" \/><\/a><\/div><\/div><\/div><div class=\"wpadcenter-ad-container\" ><div id=\"wpadcenter-ad-272\" class=\"ad-placement\"><div class=\"wpadcenter-ad-inner\" ><a id=\"wpadcenter_ad\" data-value=\"272\" data-placement=\"\" href=\"http:\/\/corix.us\/\" target=\"_blank\" class=\"wpadcenter-ad-inner__item\" ><img decoding=\"async\"   src=\"https:\/\/puntodincontro.mx\/wp-content\/uploads\/2021\/08\/corixbanner-1.jpg\" class=\"attachment-post-thumbnail size-post-thumbnail wp-post-image\" alt=\"\" srcset=\"https:\/\/puntodincontro.mx\/wp-content\/uploads\/2021\/08\/corixbanner-1.jpg 200w, https:\/\/puntodincontro.mx\/wp-content\/uploads\/2021\/08\/corixbanner-1-16x5.jpg 16w\" sizes=\"(max-width: 200px) 100vw, 200px\" \/><\/a><\/div><\/div><\/div><\/div><div class=\"wpadcenter-adgroup__row wpadcenter-aligncenter\"><div class=\"wpadcenter-ad-container\" ><div id=\"wpadcenter-ad-266\" class=\"ad-placement\"><div class=\"wpadcenter-ad-inner\" ><a id=\"wpadcenter_ad\" data-value=\"266\" data-placement=\"\" href=\"https:\/\/www.prinsel.com.mx\/\" target=\"_blank\" class=\"wpadcenter-ad-inner__item\" ><img decoding=\"async\"   src=\"https:\/\/puntodincontro.mx\/wp-content\/uploads\/2021\/08\/prinselbanner-1.jpg\" class=\"attachment-post-thumbnail size-post-thumbnail wp-post-image\" alt=\"\" srcset=\"https:\/\/puntodincontro.mx\/wp-content\/uploads\/2021\/08\/prinselbanner-1.jpg 200w, https:\/\/puntodincontro.mx\/wp-content\/uploads\/2021\/08\/prinselbanner-1-16x5.jpg 16w\" sizes=\"(max-width: 200px) 100vw, 200px\" \/><\/a><\/div><\/div><\/div><div class=\"wpadcenter-ad-container\" ><div id=\"wpadcenter-ad-261\" class=\"ad-placement\"><div class=\"wpadcenter-ad-inner\" ><a id=\"wpadcenter_ad\" data-value=\"261\" data-placement=\"\" href=\"https:\/\/faitalia.com.mx\/\" target=\"_blank\" class=\"wpadcenter-ad-inner__item\" ><img decoding=\"async\"   src=\"https:\/\/puntodincontro.mx\/wp-content\/uploads\/2021\/08\/gruppodino.jpg\" class=\"attachment-post-thumbnail size-post-thumbnail wp-post-image\" alt=\"\" srcset=\"https:\/\/puntodincontro.mx\/wp-content\/uploads\/2021\/08\/gruppodino.jpg 200w, https:\/\/puntodincontro.mx\/wp-content\/uploads\/2021\/08\/gruppodino-18x5.jpg 18w\" sizes=\"(max-width: 200px) 100vw, 200px\" \/><\/a><\/div><\/div><\/div><\/div><\/div>\n\n\n<div style=\"height:12px\" aria-hidden=\"true\" class=\"wp-block-spacer\"><\/div>","protected":false},"excerpt":{"rendered":"<p>Ore 09:59 &#8211; Con decreti del Presidente della Repubblica del 31 marzo 2025, pubblicati nella Gazzetta Ufficiale, \u00e8 stata fissata ai giorni 8 e 9 giugno 2025 la data dei referendum abrogativi italiani ex art. 75 della Costituzione. In base alla Legge 27 dicembre 2001, n. 459, i cittadini italiani residenti all\u2019estero, iscritti nelle liste elettorali, possono votare per posta, ricevendo il plico elettorale al proprio indirizzo di residenza. A tal fine, si raccomanda di controllare e regolarizzare la propria situazione anagrafica e di indirizzo presso l\u2019Ufficio consolare competente, utilizzando preferibilmente il portale online dei servizi consolari Fast It. In&#8230; <\/p>","protected":false},"author":2,"featured_media":22103,"comment_status":"open","ping_status":"open","sticky":false,"template":"","format":"standard","meta":{"_monsterinsights_skip_tracking":false,"_monsterinsights_sitenote_active":false,"_monsterinsights_sitenote_note":"","_monsterinsights_sitenote_category":0,"footnotes":""},"categories":[4],"tags":[],"class_list":["post-22094","post","type-post","status-publish","format-standard","has-post-thumbnail","hentry","category-italia-in-messico"],"yoast_head":"<!-- This site is optimized with the Yoast SEO Premium plugin v18.4 (Yoast SEO v25.6) - https:\/\/yoast.com\/wordpress\/plugins\/seo\/ -->\n<title>A giugno gli italiani votano, anche all&#039;estero, su cinque referendum<\/title>\n<meta name=\"description\" content=\"Si svolgeranno a giugno le votaziioni per i referendum abrogativi italiani del 2025, a cui partecipano anche i residenti all&#039;estero.\" \/>\n<meta name=\"robots\" content=\"index, follow, max-snippet:-1, max-image-preview:large, max-video-preview:-1\" \/>\n<link rel=\"canonical\" href=\"https:\/\/puntodincontro.mx\/es\/2025\/04\/05\/en-junio-los-italianos-votan-tambien-en-el-extranjero-para-cinco-referendos\/\" \/>\n<meta property=\"og:locale\" content=\"es_MX\" \/>\n<meta property=\"og:type\" content=\"article\" \/>\n<meta property=\"og:title\" content=\"A giugno gli italiani votano, anche all&#039;estero, su cinque referendum\" \/>\n<meta property=\"og:description\" content=\"Si svolgeranno a giugno le votaziioni per i referendum abrogativi italiani del 2025, a cui partecipano anche i residenti all&#039;estero.\" \/>\n<meta property=\"og:url\" content=\"https:\/\/puntodincontro.mx\/es\/2025\/04\/05\/en-junio-los-italianos-votan-tambien-en-el-extranjero-para-cinco-referendos\/\" \/>\n<meta property=\"og:site_name\" content=\"Puntodincontro\" \/>\n<meta property=\"article:publisher\" content=\"https:\/\/www.facebook.com\/puntodincontro.mx\" \/>\n<meta property=\"article:published_time\" content=\"2025-04-05T16:01:21+00:00\" \/>\n<meta property=\"article:modified_time\" content=\"2025-04-05T16:10:16+00:00\" \/>\n<meta property=\"og:image\" content=\"https:\/\/puntodincontro.mx\/wp-content\/uploads\/2025\/04\/referendum89giugnopuntocomp.jpg\" \/>\n\t<meta property=\"og:image:width\" content=\"932\" \/>\n\t<meta property=\"og:image:height\" content=\"488\" \/>\n\t<meta property=\"og:image:type\" content=\"image\/jpeg\" \/>\n<meta name=\"author\" content=\"Puntodincontro\" \/>\n<meta name=\"twitter:card\" content=\"summary_large_image\" \/>\n<meta name=\"twitter:creator\" content=\"@puntodincontro\" \/>\n<meta name=\"twitter:site\" content=\"@puntodincontro\" \/>\n<meta name=\"twitter:label1\" content=\"Escrito por\" \/>\n\t<meta name=\"twitter:data1\" content=\"Puntodincontro\" \/>\n\t<meta name=\"twitter:label2\" content=\"Tiempo de lectura\" \/>\n\t<meta name=\"twitter:data2\" content=\"6 minutos\" \/>\n<script type=\"application\/ld+json\" class=\"yoast-schema-graph\">{\"@context\":\"https:\/\/schema.org\",\"@graph\":[{\"@type\":\"NewsArticle\",\"@id\":\"https:\/\/puntodincontro.mx\/2025\/04\/05\/a-giugno-gli-italiani-votano-anche-allestero-su-cinque-referendum\/#article\",\"isPartOf\":{\"@id\":\"https:\/\/puntodincontro.mx\/2025\/04\/05\/a-giugno-gli-italiani-votano-anche-allestero-su-cinque-referendum\/\"},\"author\":{\"name\":\"Puntodincontro\",\"@id\":\"https:\/\/puntodincontro.mx\/#\/schema\/person\/d3066d18a16259cbb0c29b0d0e93b556\"},\"headline\":\"A giugno gli italiani votano, anche all&#8217;estero, su cinque referendum\",\"datePublished\":\"2025-04-05T16:01:21+00:00\",\"dateModified\":\"2025-04-05T16:10:16+00:00\",\"mainEntityOfPage\":{\"@id\":\"https:\/\/puntodincontro.mx\/2025\/04\/05\/a-giugno-gli-italiani-votano-anche-allestero-su-cinque-referendum\/\"},\"wordCount\":1238,\"commentCount\":0,\"publisher\":{\"@id\":\"https:\/\/puntodincontro.mx\/#organization\"},\"image\":{\"@id\":\"https:\/\/puntodincontro.mx\/2025\/04\/05\/a-giugno-gli-italiani-votano-anche-allestero-su-cinque-referendum\/#primaryimage\"},\"thumbnailUrl\":\"https:\/\/puntodincontro.mx\/wp-content\/uploads\/2025\/04\/referendum89giugnopuntovert.webp\",\"articleSection\":[\"Italia in Messico\"],\"inLanguage\":\"es\",\"potentialAction\":[{\"@type\":\"CommentAction\",\"name\":\"Comment\",\"target\":[\"https:\/\/puntodincontro.mx\/2025\/04\/05\/a-giugno-gli-italiani-votano-anche-allestero-su-cinque-referendum\/#respond\"]}]},{\"@type\":\"WebPage\",\"@id\":\"https:\/\/puntodincontro.mx\/2025\/04\/05\/a-giugno-gli-italiani-votano-anche-allestero-su-cinque-referendum\/\",\"url\":\"https:\/\/puntodincontro.mx\/2025\/04\/05\/a-giugno-gli-italiani-votano-anche-allestero-su-cinque-referendum\/\",\"name\":\"A giugno gli italiani votano, anche all'estero, su cinque referendum\",\"isPartOf\":{\"@id\":\"https:\/\/puntodincontro.mx\/#website\"},\"primaryImageOfPage\":{\"@id\":\"https:\/\/puntodincontro.mx\/2025\/04\/05\/a-giugno-gli-italiani-votano-anche-allestero-su-cinque-referendum\/#primaryimage\"},\"image\":{\"@id\":\"https:\/\/puntodincontro.mx\/2025\/04\/05\/a-giugno-gli-italiani-votano-anche-allestero-su-cinque-referendum\/#primaryimage\"},\"thumbnailUrl\":\"https:\/\/puntodincontro.mx\/wp-content\/uploads\/2025\/04\/referendum89giugnopuntovert.webp\",\"datePublished\":\"2025-04-05T16:01:21+00:00\",\"dateModified\":\"2025-04-05T16:10:16+00:00\",\"description\":\"Si svolgeranno a giugno le votaziioni per i referendum abrogativi italiani del 2025, a cui partecipano anche i residenti all'estero.\",\"breadcrumb\":{\"@id\":\"https:\/\/puntodincontro.mx\/2025\/04\/05\/a-giugno-gli-italiani-votano-anche-allestero-su-cinque-referendum\/#breadcrumb\"},\"inLanguage\":\"es\",\"potentialAction\":[{\"@type\":\"ReadAction\",\"target\":[\"https:\/\/puntodincontro.mx\/2025\/04\/05\/a-giugno-gli-italiani-votano-anche-allestero-su-cinque-referendum\/\"]}]},{\"@type\":\"ImageObject\",\"inLanguage\":\"es\",\"@id\":\"https:\/\/puntodincontro.mx\/2025\/04\/05\/a-giugno-gli-italiani-votano-anche-allestero-su-cinque-referendum\/#primaryimage\",\"url\":\"https:\/\/puntodincontro.mx\/wp-content\/uploads\/2025\/04\/referendum89giugnopuntovert.webp\",\"contentUrl\":\"https:\/\/puntodincontro.mx\/wp-content\/uploads\/2025\/04\/referendum89giugnopuntovert.webp\",\"width\":423,\"height\":488,\"caption\":\"A giugno gli italiani votano, anche all'estero, su cinque referendum abrogativi \/ Immagine: comune.zagarolo.rm.it\"},{\"@type\":\"BreadcrumbList\",\"@id\":\"https:\/\/puntodincontro.mx\/2025\/04\/05\/a-giugno-gli-italiani-votano-anche-allestero-su-cinque-referendum\/#breadcrumb\",\"itemListElement\":[{\"@type\":\"ListItem\",\"position\":1,\"name\":\"Home\",\"item\":\"https:\/\/puntodincontro.mx\/\"},{\"@type\":\"ListItem\",\"position\":2,\"name\":\"A giugno gli italiani votano, anche all&#8217;estero, su cinque referendum\"}]},{\"@type\":\"WebSite\",\"@id\":\"https:\/\/puntodincontro.mx\/#website\",\"url\":\"https:\/\/puntodincontro.mx\/\",\"name\":\"Puntodincontro\",\"description\":\"Dal 2006 notizie sui rapporti Italia-Messico \/ Desde 2006 noticias sobre las relaciones entre Italia y M\u00e9xico\",\"publisher\":{\"@id\":\"https:\/\/puntodincontro.mx\/#organization\"},\"potentialAction\":[{\"@type\":\"SearchAction\",\"target\":{\"@type\":\"EntryPoint\",\"urlTemplate\":\"https:\/\/puntodincontro.mx\/?s={search_term_string}\"},\"query-input\":{\"@type\":\"PropertyValueSpecification\",\"valueRequired\":true,\"valueName\":\"search_term_string\"}}],\"inLanguage\":\"es\"},{\"@type\":\"Organization\",\"@id\":\"https:\/\/puntodincontro.mx\/#organization\",\"name\":\"Puntodincontro\",\"url\":\"https:\/\/puntodincontro.mx\/\",\"logo\":{\"@type\":\"ImageObject\",\"inLanguage\":\"es\",\"@id\":\"https:\/\/puntodincontro.mx\/#\/schema\/logo\/image\/\",\"url\":\"https:\/\/puntodincontro.mx\/wp-content\/uploads\/2021\/08\/Default-image-for-open-graph-settings.jpg\",\"contentUrl\":\"https:\/\/puntodincontro.mx\/wp-content\/uploads\/2021\/08\/Default-image-for-open-graph-settings.jpg\",\"width\":1200,\"height\":630,\"caption\":\"Puntodincontro\"},\"image\":{\"@id\":\"https:\/\/puntodincontro.mx\/#\/schema\/logo\/image\/\"},\"sameAs\":[\"https:\/\/www.facebook.com\/puntodincontro.mx\",\"https:\/\/x.com\/puntodincontro\",\"https:\/\/www.instagram.com\/puntodincontro.mx\/\",\"https:\/\/www.linkedin.com\/company\/puntodincontro\/\",\"https:\/\/www.youtube.com\/c\/puntodincontromessico\",\"https:\/\/www.patreon.com\/puntodincontro\",\"https:\/\/www.threads.net\/@puntodincontro.mx\"]},{\"@type\":\"Person\",\"@id\":\"https:\/\/puntodincontro.mx\/#\/schema\/person\/d3066d18a16259cbb0c29b0d0e93b556\",\"name\":\"Puntodincontro\",\"image\":{\"@type\":\"ImageObject\",\"inLanguage\":\"es\",\"@id\":\"https:\/\/puntodincontro.mx\/#\/schema\/person\/image\/\",\"url\":\"https:\/\/secure.gravatar.com\/avatar\/0e85b4b3b5e9d6bfcec6a4956d8cc63a?s=96&d=mm&r=g\",\"contentUrl\":\"https:\/\/secure.gravatar.com\/avatar\/0e85b4b3b5e9d6bfcec6a4956d8cc63a?s=96&d=mm&r=g\",\"caption\":\"Puntodincontro\"},\"url\":\"https:\/\/puntodincontro.mx\/es\/author\/puntodincontro\/\"}]}<\/script>\n<!-- \/ Yoast SEO Premium plugin. -->","yoast_head_json":{"title":"En junio los italianos votan, tambi\u00e9n en el extranjero, para cinco referendos","description":"Se celebrar\u00e1n en junio las votaciones para los referendos abrogatorios italianos de 2025, en los que tambi\u00e9n participan los residentes en el extranjero.","robots":{"index":"index","follow":"follow","max-snippet":"max-snippet:-1","max-image-preview":"max-image-preview:large","max-video-preview":"max-video-preview:-1"},"canonical":"https:\/\/puntodincontro.mx\/es\/2025\/04\/05\/en-junio-los-italianos-votan-tambien-en-el-extranjero-para-cinco-referendos\/","og_locale":"es_MX","og_type":"article","og_title":"A giugno gli italiani votano, anche all'estero, su cinque referendum","og_description":"Si svolgeranno a giugno le votaziioni per i referendum abrogativi italiani del 2025, a cui partecipano anche i residenti all'estero.","og_url":"https:\/\/puntodincontro.mx\/es\/2025\/04\/05\/en-junio-los-italianos-votan-tambien-en-el-extranjero-para-cinco-referendos\/","og_site_name":"Puntodincontro","article_publisher":"https:\/\/www.facebook.com\/puntodincontro.mx","article_published_time":"2025-04-05T16:01:21+00:00","article_modified_time":"2025-04-05T16:10:16+00:00","og_image":[{"width":932,"height":488,"url":"https:\/\/puntodincontro.mx\/wp-content\/uploads\/2025\/04\/referendum89giugnopuntocomp.jpg","type":"image\/jpeg"}],"author":"Puntodincontro","twitter_card":"summary_large_image","twitter_creator":"@puntodincontro","twitter_site":"@puntodincontro","twitter_misc":{"Escrito por":"Puntodincontro","Tiempo de lectura":"6 minutos"},"schema":{"@context":"https:\/\/schema.org","@graph":[{"@type":"NewsArticle","@id":"https:\/\/puntodincontro.mx\/2025\/04\/05\/a-giugno-gli-italiani-votano-anche-allestero-su-cinque-referendum\/#article","isPartOf":{"@id":"https:\/\/puntodincontro.mx\/2025\/04\/05\/a-giugno-gli-italiani-votano-anche-allestero-su-cinque-referendum\/"},"author":{"name":"Puntodincontro","@id":"https:\/\/puntodincontro.mx\/#\/schema\/person\/d3066d18a16259cbb0c29b0d0e93b556"},"headline":"A giugno gli italiani votano, anche all&#8217;estero, su cinque referendum","datePublished":"2025-04-05T16:01:21+00:00","dateModified":"2025-04-05T16:10:16+00:00","mainEntityOfPage":{"@id":"https:\/\/puntodincontro.mx\/2025\/04\/05\/a-giugno-gli-italiani-votano-anche-allestero-su-cinque-referendum\/"},"wordCount":1238,"commentCount":0,"publisher":{"@id":"https:\/\/puntodincontro.mx\/#organization"},"image":{"@id":"https:\/\/puntodincontro.mx\/2025\/04\/05\/a-giugno-gli-italiani-votano-anche-allestero-su-cinque-referendum\/#primaryimage"},"thumbnailUrl":"https:\/\/puntodincontro.mx\/wp-content\/uploads\/2025\/04\/referendum89giugnopuntovert.webp","articleSection":["Italia in Messico"],"inLanguage":"es","potentialAction":[{"@type":"CommentAction","name":"Comment","target":["https:\/\/puntodincontro.mx\/2025\/04\/05\/a-giugno-gli-italiani-votano-anche-allestero-su-cinque-referendum\/#respond"]}]},{"@type":"WebPage","@id":"https:\/\/puntodincontro.mx\/2025\/04\/05\/a-giugno-gli-italiani-votano-anche-allestero-su-cinque-referendum\/","url":"https:\/\/puntodincontro.mx\/2025\/04\/05\/a-giugno-gli-italiani-votano-anche-allestero-su-cinque-referendum\/","name":"En junio los italianos votan, tambi\u00e9n en el extranjero, para cinco referendos","isPartOf":{"@id":"https:\/\/puntodincontro.mx\/#website"},"primaryImageOfPage":{"@id":"https:\/\/puntodincontro.mx\/2025\/04\/05\/a-giugno-gli-italiani-votano-anche-allestero-su-cinque-referendum\/#primaryimage"},"image":{"@id":"https:\/\/puntodincontro.mx\/2025\/04\/05\/a-giugno-gli-italiani-votano-anche-allestero-su-cinque-referendum\/#primaryimage"},"thumbnailUrl":"https:\/\/puntodincontro.mx\/wp-content\/uploads\/2025\/04\/referendum89giugnopuntovert.webp","datePublished":"2025-04-05T16:01:21+00:00","dateModified":"2025-04-05T16:10:16+00:00","description":"Se celebrar\u00e1n en junio las votaciones para los referendos abrogatorios italianos de 2025, en los que tambi\u00e9n participan los residentes en el extranjero.","breadcrumb":{"@id":"https:\/\/puntodincontro.mx\/2025\/04\/05\/a-giugno-gli-italiani-votano-anche-allestero-su-cinque-referendum\/#breadcrumb"},"inLanguage":"es","potentialAction":[{"@type":"ReadAction","target":["https:\/\/puntodincontro.mx\/2025\/04\/05\/a-giugno-gli-italiani-votano-anche-allestero-su-cinque-referendum\/"]}]},{"@type":"ImageObject","inLanguage":"es","@id":"https:\/\/puntodincontro.mx\/2025\/04\/05\/a-giugno-gli-italiani-votano-anche-allestero-su-cinque-referendum\/#primaryimage","url":"https:\/\/puntodincontro.mx\/wp-content\/uploads\/2025\/04\/referendum89giugnopuntovert.webp","contentUrl":"https:\/\/puntodincontro.mx\/wp-content\/uploads\/2025\/04\/referendum89giugnopuntovert.webp","width":423,"height":488,"caption":"A giugno gli italiani votano, anche all'estero, su cinque referendum abrogativi \/ Immagine: comune.zagarolo.rm.it"},{"@type":"BreadcrumbList","@id":"https:\/\/puntodincontro.mx\/2025\/04\/05\/a-giugno-gli-italiani-votano-anche-allestero-su-cinque-referendum\/#breadcrumb","itemListElement":[{"@type":"ListItem","position":1,"name":"Home","item":"https:\/\/puntodincontro.mx\/"},{"@type":"ListItem","position":2,"name":"A giugno gli italiani votano, anche all&#8217;estero, su cinque referendum"}]},{"@type":"WebSite","@id":"https:\/\/puntodincontro.mx\/#website","url":"https:\/\/puntodincontro.mx\/","name":"Puntodincontro","description":"Desde el 2006 noticias sobre las relaciones entre Italia y M\u00e9xico \/ Dal 2006 notizie sui rapporti Italia-Messico","publisher":{"@id":"https:\/\/puntodincontro.mx\/#organization"},"potentialAction":[{"@type":"SearchAction","target":{"@type":"EntryPoint","urlTemplate":"https:\/\/puntodincontro.mx\/?s={search_term_string}"},"query-input":{"@type":"PropertyValueSpecification","valueRequired":true,"valueName":"search_term_string"}}],"inLanguage":"es"},{"@type":"Organization","@id":"https:\/\/puntodincontro.mx\/#organization","name":"Puntodincontro","url":"https:\/\/puntodincontro.mx\/","logo":{"@type":"ImageObject","inLanguage":"es","@id":"https:\/\/puntodincontro.mx\/#\/schema\/logo\/image\/","url":"https:\/\/puntodincontro.mx\/wp-content\/uploads\/2021\/08\/Default-image-for-open-graph-settings.jpg","contentUrl":"https:\/\/puntodincontro.mx\/wp-content\/uploads\/2021\/08\/Default-image-for-open-graph-settings.jpg","width":1200,"height":630,"caption":"Puntodincontro"},"image":{"@id":"https:\/\/puntodincontro.mx\/#\/schema\/logo\/image\/"},"sameAs":["https:\/\/www.facebook.com\/puntodincontro.mx","https:\/\/x.com\/puntodincontro","https:\/\/www.instagram.com\/puntodincontro.mx\/","https:\/\/www.linkedin.com\/company\/puntodincontro\/","https:\/\/www.youtube.com\/c\/puntodincontromessico","https:\/\/www.patreon.com\/puntodincontro","https:\/\/www.threads.net\/@puntodincontro.mx"]},{"@type":"Person","@id":"https:\/\/puntodincontro.mx\/#\/schema\/person\/d3066d18a16259cbb0c29b0d0e93b556","name":"Puntodincontro","image":{"@type":"ImageObject","inLanguage":"es","@id":"https:\/\/puntodincontro.mx\/#\/schema\/person\/image\/","url":"https:\/\/secure.gravatar.com\/avatar\/0e85b4b3b5e9d6bfcec6a4956d8cc63a?s=96&d=mm&r=g","contentUrl":"https:\/\/secure.gravatar.com\/avatar\/0e85b4b3b5e9d6bfcec6a4956d8cc63a?s=96&d=mm&r=g","caption":"Puntodincontro"},"url":"https:\/\/puntodincontro.mx\/es\/author\/puntodincontro\/"}]}},"_links":{"self":[{"href":"https:\/\/puntodincontro.mx\/es\/wp-json\/wp\/v2\/posts\/22094"}],"collection":[{"href":"https:\/\/puntodincontro.mx\/es\/wp-json\/wp\/v2\/posts"}],"about":[{"href":"https:\/\/puntodincontro.mx\/es\/wp-json\/wp\/v2\/types\/post"}],"author":[{"embeddable":true,"href":"https:\/\/puntodincontro.mx\/es\/wp-json\/wp\/v2\/users\/2"}],"replies":[{"embeddable":true,"href":"https:\/\/puntodincontro.mx\/es\/wp-json\/wp\/v2\/comments?post=22094"}],"version-history":[{"count":11,"href":"https:\/\/puntodincontro.mx\/es\/wp-json\/wp\/v2\/posts\/22094\/revisions"}],"predecessor-version":[{"id":22107,"href":"https:\/\/puntodincontro.mx\/es\/wp-json\/wp\/v2\/posts\/22094\/revisions\/22107"}],"wp:featuredmedia":[{"embeddable":true,"href":"https:\/\/puntodincontro.mx\/es\/wp-json\/wp\/v2\/media\/22103"}],"wp:attachment":[{"href":"https:\/\/puntodincontro.mx\/es\/wp-json\/wp\/v2\/media?parent=22094"}],"wp:term":[{"taxonomy":"category","embeddable":true,"href":"https:\/\/puntodincontro.mx\/es\/wp-json\/wp\/v2\/categories?post=22094"},{"taxonomy":"post_tag","embeddable":true,"href":"https:\/\/puntodincontro.mx\/es\/wp-json\/wp\/v2\/tags?post=22094"}],"curies":[{"name":"wp","href":"https:\/\/api.w.org\/{rel}","templated":true}]}}