{"id":22109,"date":"2025-04-06T09:50:03","date_gmt":"2025-04-06T15:50:03","guid":{"rendered":"https:\/\/puntodincontro.mx\/?p=22109"},"modified":"2025-04-06T10:48:57","modified_gmt":"2025-04-06T16:48:57","slug":"desde-iatlia-600-millones-de-inversion-en-el-sector-automotor-de-mexico","status":"publish","type":"post","link":"https:\/\/puntodincontro.mx\/es\/2025\/04\/06\/dallitalia-investimento-da-27-milioni-nel-settore-automobilistico-in-messico\/","title":{"rendered":"Desde Italia 600 millones de inversi\u00f3n en el sector automotor de M\u00e9xico"},"content":{"rendered":"<p class=\"translation-block\"><b>09:01 hrs.<\/b> - En el marco de una misi\u00f3n a Europa, la gobernadora del estado mexicano de Aguascalientes, Tere Jim\u00e9nez, viaj\u00f3 a N\u00e1poles, donde directivos del grupo Proma anunciaron su intenci\u00f3n de invertir 600 millones de pesos (aproximadamente 26,8 millones de euros) en una planta dedicada a la producci\u00f3n de asientos para el sector automotor en este territorio del centro de M\u00e9xico. El proyecto generar\u00e1 225 empleos.<\/p>\n\n\n\n<p>\u00abMe da mucho gusto saber que tomaron la decisi\u00f3n despu\u00e9s de visitar Aguascalientes y conocer de primera mano las ventajas competitivas de nuestro estado\u00bb, dijo Jim\u00e9nez.<\/p>\n\n\n\n<p>Durante el encuentro, la gobernadora asegur\u00f3 que la administraci\u00f3n que encabeza trabaja d\u00eda a d\u00eda para generar las condiciones que necesitan los inversionistas para asegurar el \u00e9xito de sus actividades.<\/p>\n\n\n\n<p>Proma opera desde los a\u00f1os 80 como empresa l\u00edder en el dise\u00f1o, desarrollo y producci\u00f3n de componentes para la industria automotriz. La empresa se especializa en la fabricaci\u00f3n de estructuras y mecanismos de asientos, subconjuntos de carrocer\u00eda y chasis, travesa\u00f1os de parachoques y piezas m\u00f3viles.<\/p>\n\n\n\n<p>En tierra azteca, la compa\u00f1\u00eda ya ha realizado importantes inversiones, entre ellas la adquisici\u00f3n en 2024 de Allgaier de Puebla, empresa especializada en la producci\u00f3n de componentes estructurales suministrados a fabricantes de autom\u00f3viles internacionales y, en a\u00f1os anteriores, en sitios de producci\u00f3n en los estados de Guanajuato y Coahuila.<\/p>\n\n\n\n<p>Jim\u00e9nez tambi\u00e9n se reuni\u00f3 en Roma con empresarios y miembros de la C\u00e1mara Mexicana de Comercio (CaMexItal), as\u00ed como con los embajadores de M\u00e9xico en Italia y ante la Santa Sede, Carlos Garc\u00eda de Alba y Alberto Barranco. <a href=\"https:\/\/puntodincontro.mx\/es\/?s=carlos+garc%C3%ADa\" target=\"_blank\" rel=\"noreferrer noopener\">Carlos Garc\u00eda de Alba<\/a> e Alberto Barranco.<\/p>\n\n\n\n<p class=\"has-small-font-size\">Imagen: promagroup.com<\/p>\n\n\n\n<div style=\"height:12px\" aria-hidden=\"true\" class=\"wp-block-spacer\"><\/div>\n\n\n<!-- Ad space powered by WP AdCenter v2.5.7 - https:\/\/wpadcenter.com\/ --><div class=\"wpadcenter-adgroup\" ><div class=\"wpadcenter-adgroup__row wpadcenter-aligncenter\"><div class=\"wpadcenter-ad-container\" ><div id=\"wpadcenter-ad-18464\" class=\"ad-placement\"><div class=\"wpadcenter-ad-inner\" ><a id=\"wpadcenter_ad\" data-value=\"18464\" data-placement=\"\" href=\"https:\/\/www.productosremo.com\/\" target=\"_blank\" class=\"wpadcenter-ad-inner__item\" ><img decoding=\"async\"   src=\"https:\/\/puntodincontro.mx\/wp-content\/uploads\/2021\/08\/remobanner.jpg\" class=\"attachment-post-thumbnail size-post-thumbnail wp-post-image\" alt=\"\" srcset=\"https:\/\/puntodincontro.mx\/wp-content\/uploads\/2021\/08\/remobanner.jpg 200w, https:\/\/puntodincontro.mx\/wp-content\/uploads\/2021\/08\/remobanner-16x5.jpg 16w\" sizes=\"(max-width: 200px) 100vw, 200px\" \/><\/a><\/div><\/div><\/div><div class=\"wpadcenter-ad-container\" ><div id=\"wpadcenter-ad-5305\" class=\"ad-placement\"><div class=\"wpadcenter-ad-inner\" ><a id=\"wpadcenter_ad\" data-value=\"5305\" data-placement=\"\" href=\"https:\/\/ambcittadelmessico.esteri.it\/ambasciata_cittadelmessico\/it\/\" target=\"_blank\" class=\"wpadcenter-ad-inner__item\" ><img decoding=\"async\"   src=\"https:\/\/puntodincontro.mx\/wp-content\/uploads\/2022\/05\/Ambasciata.jpg\" class=\"attachment-post-thumbnail size-post-thumbnail wp-post-image\" alt=\"\" srcset=\"https:\/\/puntodincontro.mx\/wp-content\/uploads\/2022\/05\/Ambasciata.jpg 200w, https:\/\/puntodincontro.mx\/wp-content\/uploads\/2022\/05\/Ambasciata-18x5.jpg 18w\" sizes=\"(max-width: 200px) 100vw, 200px\" \/><\/a><\/div><\/div><\/div><div class=\"wpadcenter-ad-container\" ><div id=\"wpadcenter-ad-3781\" class=\"ad-placement\"><div class=\"wpadcenter-ad-inner\" ><a id=\"wpadcenter_ad\" data-value=\"3781\" data-placement=\"\" href=\"https:\/\/cannizzo.com.mx\/\" target=\"_blank\" class=\"wpadcenter-ad-inner__item\" ><img decoding=\"async\"   src=\"https:\/\/puntodincontro.mx\/wp-content\/uploads\/2022\/03\/cannizzo2.jpg\" class=\"attachment-post-thumbnail size-post-thumbnail wp-post-image\" alt=\"\" srcset=\"https:\/\/puntodincontro.mx\/wp-content\/uploads\/2022\/03\/cannizzo2.jpg 200w, https:\/\/puntodincontro.mx\/wp-content\/uploads\/2022\/03\/cannizzo2-18x5.jpg 18w\" sizes=\"(max-width: 200px) 100vw, 200px\" \/><\/a><\/div><\/div><\/div><\/div><div class=\"wpadcenter-adgroup__row wpadcenter-aligncenter\"><div class=\"wpadcenter-ad-container\" ><div id=\"wpadcenter-ad-1704\" class=\"ad-placement\"><div class=\"wpadcenter-ad-inner\" ><a id=\"wpadcenter_ad\" data-value=\"1704\" data-placement=\"\" href=\"https:\/\/puntodincontro.mx\/es\/2021\/12\/24\/inps-verificacion-de-supervivencia-de-los-pensionados-en-el-extranjero\/\" target=\"_blank\" class=\"wpadcenter-ad-inner__item\" ><img decoding=\"async\"   src=\"https:\/\/puntodincontro.mx\/wp-content\/uploads\/2021\/11\/logo-ital.jpg\" class=\"attachment-post-thumbnail size-post-thumbnail wp-post-image\" alt=\"Patronato ITAL Messico\" srcset=\"https:\/\/puntodincontro.mx\/wp-content\/uploads\/2021\/11\/logo-ital.jpg 200w, https:\/\/puntodincontro.mx\/wp-content\/uploads\/2021\/11\/logo-ital-16x5.jpg 16w\" sizes=\"(max-width: 200px) 100vw, 200px\" \/><\/a><\/div><\/div><\/div><div class=\"wpadcenter-ad-container\" ><div id=\"wpadcenter-ad-1538\" class=\"ad-placement\"><div class=\"wpadcenter-ad-inner\" ><a id=\"wpadcenter_ad\" data-value=\"1538\" data-placement=\"\" href=\"https:\/\/asociacionitaliana.org\/\" target=\"_blank\" class=\"wpadcenter-ad-inner__item\" ><img decoding=\"async\"   src=\"https:\/\/puntodincontro.mx\/wp-content\/uploads\/2021\/11\/aialogo.jpg\" class=\"attachment-post-thumbnail size-post-thumbnail wp-post-image\" alt=\"Associazione Italiana di Assistenza IAP\" srcset=\"https:\/\/puntodincontro.mx\/wp-content\/uploads\/2021\/11\/aialogo.jpg 200w, https:\/\/puntodincontro.mx\/wp-content\/uploads\/2021\/11\/aialogo-18x5.jpg 18w\" sizes=\"(max-width: 200px) 100vw, 200px\" \/><\/a><\/div><\/div><\/div><div class=\"wpadcenter-ad-container\" ><div id=\"wpadcenter-ad-1513\" class=\"ad-placement\"><div class=\"wpadcenter-ad-inner\" ><a id=\"wpadcenter_ad\" data-value=\"1513\" data-placement=\"\" href=\"https:\/\/gcinmuebles.mx\" target=\"_blank\" class=\"wpadcenter-ad-inner__item\" ><img decoding=\"async\"   src=\"https:\/\/puntodincontro.mx\/wp-content\/uploads\/2021\/10\/gcinmuebleslogopunto-1.jpg\" class=\"attachment-post-thumbnail size-post-thumbnail wp-post-image\" alt=\"\" srcset=\"https:\/\/puntodincontro.mx\/wp-content\/uploads\/2021\/10\/gcinmuebleslogopunto-1.jpg 200w, https:\/\/puntodincontro.mx\/wp-content\/uploads\/2021\/10\/gcinmuebleslogopunto-1-18x5.jpg 18w\" sizes=\"(max-width: 200px) 100vw, 200px\" \/><\/a><\/div><\/div><\/div><\/div><div class=\"wpadcenter-adgroup__row wpadcenter-aligncenter\"><div class=\"wpadcenter-ad-container\" ><div id=\"wpadcenter-ad-1374\" class=\"ad-placement\"><div class=\"wpadcenter-ad-inner\" ><a id=\"wpadcenter_ad\" data-value=\"1374\" data-placement=\"\" href=\"https:\/\/www.9colonne.it\/\" target=\"_blank\" class=\"wpadcenter-ad-inner__item\" ><img decoding=\"async\"   src=\"https:\/\/puntodincontro.mx\/wp-content\/uploads\/2021\/10\/Banner9colonne.gif\" class=\"attachment-post-thumbnail size-post-thumbnail wp-post-image\" alt=\"\" \/><\/a><\/div><\/div><\/div><div class=\"wpadcenter-ad-container\" ><div id=\"wpadcenter-ad-276\" class=\"ad-placement\"><div class=\"wpadcenter-ad-inner\" ><a id=\"wpadcenter_ad\" data-value=\"276\" data-placement=\"\" href=\"http:\/\/www.camaraitaliana.mx\/\" target=\"_blank\" class=\"wpadcenter-ad-inner__item\" ><img decoding=\"async\"   src=\"https:\/\/puntodincontro.mx\/wp-content\/uploads\/2021\/08\/ccimnuovo.jpg\" class=\"attachment-post-thumbnail size-post-thumbnail wp-post-image\" alt=\"\" srcset=\"https:\/\/puntodincontro.mx\/wp-content\/uploads\/2021\/08\/ccimnuovo.jpg 200w, https:\/\/puntodincontro.mx\/wp-content\/uploads\/2021\/08\/ccimnuovo-18x5.jpg 18w\" sizes=\"(max-width: 200px) 100vw, 200px\" \/><\/a><\/div><\/div><\/div><div class=\"wpadcenter-ad-container\" ><div id=\"wpadcenter-ad-272\" class=\"ad-placement\"><div class=\"wpadcenter-ad-inner\" ><a id=\"wpadcenter_ad\" data-value=\"272\" data-placement=\"\" href=\"http:\/\/corix.us\/\" target=\"_blank\" class=\"wpadcenter-ad-inner__item\" ><img decoding=\"async\"   src=\"https:\/\/puntodincontro.mx\/wp-content\/uploads\/2021\/08\/corixbanner-1.jpg\" class=\"attachment-post-thumbnail size-post-thumbnail wp-post-image\" alt=\"\" srcset=\"https:\/\/puntodincontro.mx\/wp-content\/uploads\/2021\/08\/corixbanner-1.jpg 200w, https:\/\/puntodincontro.mx\/wp-content\/uploads\/2021\/08\/corixbanner-1-16x5.jpg 16w\" sizes=\"(max-width: 200px) 100vw, 200px\" \/><\/a><\/div><\/div><\/div><\/div><div class=\"wpadcenter-adgroup__row wpadcenter-aligncenter\"><div class=\"wpadcenter-ad-container\" ><div id=\"wpadcenter-ad-266\" class=\"ad-placement\"><div class=\"wpadcenter-ad-inner\" ><a id=\"wpadcenter_ad\" data-value=\"266\" data-placement=\"\" href=\"https:\/\/www.prinsel.com.mx\/\" target=\"_blank\" class=\"wpadcenter-ad-inner__item\" ><img decoding=\"async\"   src=\"https:\/\/puntodincontro.mx\/wp-content\/uploads\/2021\/08\/prinselbanner-1.jpg\" class=\"attachment-post-thumbnail size-post-thumbnail wp-post-image\" alt=\"\" srcset=\"https:\/\/puntodincontro.mx\/wp-content\/uploads\/2021\/08\/prinselbanner-1.jpg 200w, https:\/\/puntodincontro.mx\/wp-content\/uploads\/2021\/08\/prinselbanner-1-16x5.jpg 16w\" sizes=\"(max-width: 200px) 100vw, 200px\" \/><\/a><\/div><\/div><\/div><div class=\"wpadcenter-ad-container\" ><div id=\"wpadcenter-ad-261\" class=\"ad-placement\"><div class=\"wpadcenter-ad-inner\" ><a id=\"wpadcenter_ad\" data-value=\"261\" data-placement=\"\" href=\"https:\/\/faitalia.com.mx\/\" target=\"_blank\" class=\"wpadcenter-ad-inner__item\" ><img decoding=\"async\"   src=\"https:\/\/puntodincontro.mx\/wp-content\/uploads\/2021\/08\/gruppodino.jpg\" class=\"attachment-post-thumbnail size-post-thumbnail wp-post-image\" alt=\"\" srcset=\"https:\/\/puntodincontro.mx\/wp-content\/uploads\/2021\/08\/gruppodino.jpg 200w, https:\/\/puntodincontro.mx\/wp-content\/uploads\/2021\/08\/gruppodino-18x5.jpg 18w\" sizes=\"(max-width: 200px) 100vw, 200px\" \/><\/a><\/div><\/div><\/div><\/div><\/div>\n\n\n<div style=\"height:12px\" aria-hidden=\"true\" class=\"wp-block-spacer\"><\/div>","protected":false},"excerpt":{"rendered":"<p>Ore 09:01 &#8211; Nell&#8217;ambito di una missione in Europa, la governatrice dello stato messicano di Aguascalientes, Tere Jim\u00e9nez, si \u00e8 recata a Napoli, dove i dirigenti del gruppo Proma hanno annunciato l&#8217;intenzione di investire 600 milioni di pesos (circa 26,8 milioni di euro) in uno stabilimento dedicato alla produzione di sedili per il settore automobilistico in questo territorio del Messico centrale. Il progetto generer\u00e0 225 posti di lavoro. \u00abSono molto contenta di sapere che avete preso la decisione dopo aver visitato Aguascalientes e aver constatato di persona i vantaggi competitivi del nostro stato\u00bb, ha affermato Jim\u00e9nez. Nel corso dell&#8217;incontro, la&#8230; <\/p>","protected":false},"author":2,"featured_media":22119,"comment_status":"open","ping_status":"open","sticky":false,"template":"","format":"standard","meta":{"_monsterinsights_skip_tracking":false,"_monsterinsights_sitenote_active":false,"_monsterinsights_sitenote_note":"","_monsterinsights_sitenote_category":0,"footnotes":""},"categories":[3],"tags":[],"class_list":["post-22109","post","type-post","status-publish","format-standard","has-post-thumbnail","hentry","category-economia-e-finanza"],"yoast_head":"<!-- This site is optimized with the Yoast SEO Premium plugin v18.4 (Yoast SEO v25.6) - https:\/\/yoast.com\/wordpress\/plugins\/seo\/ -->\n<title>Dall&#039;Italia investimento da 27 milioni nell&#039;automotive in Messico<\/title>\n<meta name=\"description\" content=\"La governatrice di Aguascalientes si \u00e8 recata a Napoli, dove il gruppo Proma ha annunciato un investimento da 27 milioni nel Messico centrale.\" \/>\n<meta name=\"robots\" content=\"index, follow, max-snippet:-1, max-image-preview:large, max-video-preview:-1\" \/>\n<link rel=\"canonical\" href=\"https:\/\/puntodincontro.mx\/es\/2025\/04\/06\/desde-iatlia-600-millones-de-inversion-en-el-sector-automotor-de-mexico\/\" \/>\n<meta property=\"og:locale\" content=\"es_MX\" \/>\n<meta property=\"og:type\" content=\"article\" \/>\n<meta property=\"og:title\" content=\"Dall&#039;Italia investimento da 27 milioni nel settore automobilistico in Messico\" \/>\n<meta property=\"og:description\" content=\"La governatrice di Aguascalientes si \u00e8 recata a Napoli, dove il gruppo Proma ha annunciato un investimento da 27 milioni nel Messico centrale.\" \/>\n<meta property=\"og:url\" content=\"https:\/\/puntodincontro.mx\/es\/2025\/04\/06\/desde-iatlia-600-millones-de-inversion-en-el-sector-automotor-de-mexico\/\" \/>\n<meta property=\"og:site_name\" content=\"Puntodincontro\" \/>\n<meta property=\"article:publisher\" content=\"https:\/\/www.facebook.com\/puntodincontro.mx\" \/>\n<meta property=\"article:published_time\" content=\"2025-04-06T15:50:03+00:00\" \/>\n<meta property=\"article:modified_time\" content=\"2025-04-06T16:48:57+00:00\" \/>\n<meta property=\"og:image\" content=\"https:\/\/puntodincontro.mx\/wp-content\/uploads\/2025\/04\/promainvesteaguascalientespuntocomp.jpg\" \/>\n\t<meta property=\"og:image:width\" content=\"932\" \/>\n\t<meta property=\"og:image:height\" content=\"488\" \/>\n\t<meta property=\"og:image:type\" content=\"image\/jpeg\" \/>\n<meta name=\"author\" content=\"Puntodincontro\" \/>\n<meta name=\"twitter:card\" content=\"summary_large_image\" \/>\n<meta name=\"twitter:creator\" content=\"@puntodincontro\" \/>\n<meta name=\"twitter:site\" content=\"@puntodincontro\" \/>\n<meta name=\"twitter:label1\" content=\"Escrito por\" \/>\n\t<meta name=\"twitter:data1\" content=\"Puntodincontro\" \/>\n\t<meta name=\"twitter:label2\" content=\"Tiempo de lectura\" \/>\n\t<meta name=\"twitter:data2\" content=\"1 minuto\" \/>\n<script type=\"application\/ld+json\" class=\"yoast-schema-graph\">{\"@context\":\"https:\/\/schema.org\",\"@graph\":[{\"@type\":\"NewsArticle\",\"@id\":\"https:\/\/puntodincontro.mx\/2025\/04\/06\/dallitalia-investimento-da-27-milioni-nel-settore-automobilistico-in-messico\/#article\",\"isPartOf\":{\"@id\":\"https:\/\/puntodincontro.mx\/2025\/04\/06\/dallitalia-investimento-da-27-milioni-nel-settore-automobilistico-in-messico\/\"},\"author\":{\"name\":\"Puntodincontro\",\"@id\":\"https:\/\/puntodincontro.mx\/#\/schema\/person\/d3066d18a16259cbb0c29b0d0e93b556\"},\"headline\":\"Dall&#8217;Italia investimento da 27 milioni nel settore automobilistico in Messico\",\"datePublished\":\"2025-04-06T15:50:03+00:00\",\"dateModified\":\"2025-04-06T16:48:57+00:00\",\"mainEntityOfPage\":{\"@id\":\"https:\/\/puntodincontro.mx\/2025\/04\/06\/dallitalia-investimento-da-27-milioni-nel-settore-automobilistico-in-messico\/\"},\"wordCount\":263,\"commentCount\":0,\"publisher\":{\"@id\":\"https:\/\/puntodincontro.mx\/#organization\"},\"image\":{\"@id\":\"https:\/\/puntodincontro.mx\/2025\/04\/06\/dallitalia-investimento-da-27-milioni-nel-settore-automobilistico-in-messico\/#primaryimage\"},\"thumbnailUrl\":\"https:\/\/puntodincontro.mx\/wp-content\/uploads\/2025\/04\/promainvesteaguascalientespuntohor.webp\",\"articleSection\":[\"Economia e finanza\"],\"inLanguage\":\"es\",\"potentialAction\":[{\"@type\":\"CommentAction\",\"name\":\"Comment\",\"target\":[\"https:\/\/puntodincontro.mx\/2025\/04\/06\/dallitalia-investimento-da-27-milioni-nel-settore-automobilistico-in-messico\/#respond\"]}]},{\"@type\":\"WebPage\",\"@id\":\"https:\/\/puntodincontro.mx\/2025\/04\/06\/dallitalia-investimento-da-27-milioni-nel-settore-automobilistico-in-messico\/\",\"url\":\"https:\/\/puntodincontro.mx\/2025\/04\/06\/dallitalia-investimento-da-27-milioni-nel-settore-automobilistico-in-messico\/\",\"name\":\"Dall'Italia investimento da 27 milioni nell'automotive in Messico\",\"isPartOf\":{\"@id\":\"https:\/\/puntodincontro.mx\/#website\"},\"primaryImageOfPage\":{\"@id\":\"https:\/\/puntodincontro.mx\/2025\/04\/06\/dallitalia-investimento-da-27-milioni-nel-settore-automobilistico-in-messico\/#primaryimage\"},\"image\":{\"@id\":\"https:\/\/puntodincontro.mx\/2025\/04\/06\/dallitalia-investimento-da-27-milioni-nel-settore-automobilistico-in-messico\/#primaryimage\"},\"thumbnailUrl\":\"https:\/\/puntodincontro.mx\/wp-content\/uploads\/2025\/04\/promainvesteaguascalientespuntohor.webp\",\"datePublished\":\"2025-04-06T15:50:03+00:00\",\"dateModified\":\"2025-04-06T16:48:57+00:00\",\"description\":\"La governatrice di Aguascalientes si \u00e8 recata a Napoli, dove il gruppo Proma ha annunciato un investimento da 27 milioni nel Messico centrale.\",\"breadcrumb\":{\"@id\":\"https:\/\/puntodincontro.mx\/2025\/04\/06\/dallitalia-investimento-da-27-milioni-nel-settore-automobilistico-in-messico\/#breadcrumb\"},\"inLanguage\":\"es\",\"potentialAction\":[{\"@type\":\"ReadAction\",\"target\":[\"https:\/\/puntodincontro.mx\/2025\/04\/06\/dallitalia-investimento-da-27-milioni-nel-settore-automobilistico-in-messico\/\"]}]},{\"@type\":\"ImageObject\",\"inLanguage\":\"es\",\"@id\":\"https:\/\/puntodincontro.mx\/2025\/04\/06\/dallitalia-investimento-da-27-milioni-nel-settore-automobilistico-in-messico\/#primaryimage\",\"url\":\"https:\/\/puntodincontro.mx\/wp-content\/uploads\/2025\/04\/promainvesteaguascalientespuntohor.webp\",\"contentUrl\":\"https:\/\/puntodincontro.mx\/wp-content\/uploads\/2025\/04\/promainvesteaguascalientespuntohor.webp\",\"width\":932,\"height\":488,\"caption\":\"Dall'Italia investimento da 27 milioni nel settore automobilistico in Messico \/ Immagine: promagroup.com\"},{\"@type\":\"BreadcrumbList\",\"@id\":\"https:\/\/puntodincontro.mx\/2025\/04\/06\/dallitalia-investimento-da-27-milioni-nel-settore-automobilistico-in-messico\/#breadcrumb\",\"itemListElement\":[{\"@type\":\"ListItem\",\"position\":1,\"name\":\"Home\",\"item\":\"https:\/\/puntodincontro.mx\/\"},{\"@type\":\"ListItem\",\"position\":2,\"name\":\"Dall&#8217;Italia investimento da 27 milioni nel settore automobilistico in Messico\"}]},{\"@type\":\"WebSite\",\"@id\":\"https:\/\/puntodincontro.mx\/#website\",\"url\":\"https:\/\/puntodincontro.mx\/\",\"name\":\"Puntodincontro\",\"description\":\"Dal 2006 notizie sui rapporti Italia-Messico \/ Desde 2006 noticias sobre las relaciones entre Italia y M\u00e9xico\",\"publisher\":{\"@id\":\"https:\/\/puntodincontro.mx\/#organization\"},\"potentialAction\":[{\"@type\":\"SearchAction\",\"target\":{\"@type\":\"EntryPoint\",\"urlTemplate\":\"https:\/\/puntodincontro.mx\/?s={search_term_string}\"},\"query-input\":{\"@type\":\"PropertyValueSpecification\",\"valueRequired\":true,\"valueName\":\"search_term_string\"}}],\"inLanguage\":\"es\"},{\"@type\":\"Organization\",\"@id\":\"https:\/\/puntodincontro.mx\/#organization\",\"name\":\"Puntodincontro\",\"url\":\"https:\/\/puntodincontro.mx\/\",\"logo\":{\"@type\":\"ImageObject\",\"inLanguage\":\"es\",\"@id\":\"https:\/\/puntodincontro.mx\/#\/schema\/logo\/image\/\",\"url\":\"https:\/\/puntodincontro.mx\/wp-content\/uploads\/2021\/08\/Default-image-for-open-graph-settings.jpg\",\"contentUrl\":\"https:\/\/puntodincontro.mx\/wp-content\/uploads\/2021\/08\/Default-image-for-open-graph-settings.jpg\",\"width\":1200,\"height\":630,\"caption\":\"Puntodincontro\"},\"image\":{\"@id\":\"https:\/\/puntodincontro.mx\/#\/schema\/logo\/image\/\"},\"sameAs\":[\"https:\/\/www.facebook.com\/puntodincontro.mx\",\"https:\/\/x.com\/puntodincontro\",\"https:\/\/www.instagram.com\/puntodincontro.mx\/\",\"https:\/\/www.linkedin.com\/company\/puntodincontro\/\",\"https:\/\/www.youtube.com\/c\/puntodincontromessico\",\"https:\/\/www.patreon.com\/puntodincontro\",\"https:\/\/www.threads.net\/@puntodincontro.mx\"]},{\"@type\":\"Person\",\"@id\":\"https:\/\/puntodincontro.mx\/#\/schema\/person\/d3066d18a16259cbb0c29b0d0e93b556\",\"name\":\"Puntodincontro\",\"image\":{\"@type\":\"ImageObject\",\"inLanguage\":\"es\",\"@id\":\"https:\/\/puntodincontro.mx\/#\/schema\/person\/image\/\",\"url\":\"https:\/\/secure.gravatar.com\/avatar\/0e85b4b3b5e9d6bfcec6a4956d8cc63a?s=96&d=mm&r=g\",\"contentUrl\":\"https:\/\/secure.gravatar.com\/avatar\/0e85b4b3b5e9d6bfcec6a4956d8cc63a?s=96&d=mm&r=g\",\"caption\":\"Puntodincontro\"},\"url\":\"https:\/\/puntodincontro.mx\/es\/author\/puntodincontro\/\"}]}<\/script>\n<!-- \/ Yoast SEO Premium plugin. -->","yoast_head_json":{"title":"Desde Italia 600 millones de inversi\u00f3n en el sector automotor de M\u00e9xico","description":"La gobernadora de Aguascalientes viaj\u00f3 a N\u00e1poles, donde el grupo Proma anunci\u00f3 una inversi\u00f3n de 27 millones de euros en el centro de M\u00e9xico.","robots":{"index":"index","follow":"follow","max-snippet":"max-snippet:-1","max-image-preview":"max-image-preview:large","max-video-preview":"max-video-preview:-1"},"canonical":"https:\/\/puntodincontro.mx\/es\/2025\/04\/06\/desde-iatlia-600-millones-de-inversion-en-el-sector-automotor-de-mexico\/","og_locale":"es_MX","og_type":"article","og_title":"Dall'Italia investimento da 27 milioni nel settore automobilistico in Messico","og_description":"La governatrice di Aguascalientes si \u00e8 recata a Napoli, dove il gruppo Proma ha annunciato un investimento da 27 milioni nel Messico centrale.","og_url":"https:\/\/puntodincontro.mx\/es\/2025\/04\/06\/desde-iatlia-600-millones-de-inversion-en-el-sector-automotor-de-mexico\/","og_site_name":"Puntodincontro","article_publisher":"https:\/\/www.facebook.com\/puntodincontro.mx","article_published_time":"2025-04-06T15:50:03+00:00","article_modified_time":"2025-04-06T16:48:57+00:00","og_image":[{"width":932,"height":488,"url":"https:\/\/puntodincontro.mx\/wp-content\/uploads\/2025\/04\/promainvesteaguascalientespuntocomp.jpg","type":"image\/jpeg"}],"author":"Puntodincontro","twitter_card":"summary_large_image","twitter_creator":"@puntodincontro","twitter_site":"@puntodincontro","twitter_misc":{"Escrito por":"Puntodincontro","Tiempo de lectura":"1 minuto"},"schema":{"@context":"https:\/\/schema.org","@graph":[{"@type":"NewsArticle","@id":"https:\/\/puntodincontro.mx\/2025\/04\/06\/dallitalia-investimento-da-27-milioni-nel-settore-automobilistico-in-messico\/#article","isPartOf":{"@id":"https:\/\/puntodincontro.mx\/2025\/04\/06\/dallitalia-investimento-da-27-milioni-nel-settore-automobilistico-in-messico\/"},"author":{"name":"Puntodincontro","@id":"https:\/\/puntodincontro.mx\/#\/schema\/person\/d3066d18a16259cbb0c29b0d0e93b556"},"headline":"Dall&#8217;Italia investimento da 27 milioni nel settore automobilistico in Messico","datePublished":"2025-04-06T15:50:03+00:00","dateModified":"2025-04-06T16:48:57+00:00","mainEntityOfPage":{"@id":"https:\/\/puntodincontro.mx\/2025\/04\/06\/dallitalia-investimento-da-27-milioni-nel-settore-automobilistico-in-messico\/"},"wordCount":263,"commentCount":0,"publisher":{"@id":"https:\/\/puntodincontro.mx\/#organization"},"image":{"@id":"https:\/\/puntodincontro.mx\/2025\/04\/06\/dallitalia-investimento-da-27-milioni-nel-settore-automobilistico-in-messico\/#primaryimage"},"thumbnailUrl":"https:\/\/puntodincontro.mx\/wp-content\/uploads\/2025\/04\/promainvesteaguascalientespuntohor.webp","articleSection":["Economia e finanza"],"inLanguage":"es","potentialAction":[{"@type":"CommentAction","name":"Comment","target":["https:\/\/puntodincontro.mx\/2025\/04\/06\/dallitalia-investimento-da-27-milioni-nel-settore-automobilistico-in-messico\/#respond"]}]},{"@type":"WebPage","@id":"https:\/\/puntodincontro.mx\/2025\/04\/06\/dallitalia-investimento-da-27-milioni-nel-settore-automobilistico-in-messico\/","url":"https:\/\/puntodincontro.mx\/2025\/04\/06\/dallitalia-investimento-da-27-milioni-nel-settore-automobilistico-in-messico\/","name":"Desde Italia 600 millones de inversi\u00f3n en el sector automotor de M\u00e9xico","isPartOf":{"@id":"https:\/\/puntodincontro.mx\/#website"},"primaryImageOfPage":{"@id":"https:\/\/puntodincontro.mx\/2025\/04\/06\/dallitalia-investimento-da-27-milioni-nel-settore-automobilistico-in-messico\/#primaryimage"},"image":{"@id":"https:\/\/puntodincontro.mx\/2025\/04\/06\/dallitalia-investimento-da-27-milioni-nel-settore-automobilistico-in-messico\/#primaryimage"},"thumbnailUrl":"https:\/\/puntodincontro.mx\/wp-content\/uploads\/2025\/04\/promainvesteaguascalientespuntohor.webp","datePublished":"2025-04-06T15:50:03+00:00","dateModified":"2025-04-06T16:48:57+00:00","description":"La gobernadora de Aguascalientes viaj\u00f3 a N\u00e1poles, donde el grupo Proma anunci\u00f3 una inversi\u00f3n de 27 millones de euros en el centro de M\u00e9xico.","breadcrumb":{"@id":"https:\/\/puntodincontro.mx\/2025\/04\/06\/dallitalia-investimento-da-27-milioni-nel-settore-automobilistico-in-messico\/#breadcrumb"},"inLanguage":"es","potentialAction":[{"@type":"ReadAction","target":["https:\/\/puntodincontro.mx\/2025\/04\/06\/dallitalia-investimento-da-27-milioni-nel-settore-automobilistico-in-messico\/"]}]},{"@type":"ImageObject","inLanguage":"es","@id":"https:\/\/puntodincontro.mx\/2025\/04\/06\/dallitalia-investimento-da-27-milioni-nel-settore-automobilistico-in-messico\/#primaryimage","url":"https:\/\/puntodincontro.mx\/wp-content\/uploads\/2025\/04\/promainvesteaguascalientespuntohor.webp","contentUrl":"https:\/\/puntodincontro.mx\/wp-content\/uploads\/2025\/04\/promainvesteaguascalientespuntohor.webp","width":932,"height":488,"caption":"Dall'Italia investimento da 27 milioni nel settore automobilistico in Messico \/ Immagine: promagroup.com"},{"@type":"BreadcrumbList","@id":"https:\/\/puntodincontro.mx\/2025\/04\/06\/dallitalia-investimento-da-27-milioni-nel-settore-automobilistico-in-messico\/#breadcrumb","itemListElement":[{"@type":"ListItem","position":1,"name":"Home","item":"https:\/\/puntodincontro.mx\/"},{"@type":"ListItem","position":2,"name":"Dall&#8217;Italia investimento da 27 milioni nel settore automobilistico in Messico"}]},{"@type":"WebSite","@id":"https:\/\/puntodincontro.mx\/#website","url":"https:\/\/puntodincontro.mx\/","name":"Puntodincontro","description":"Desde el 2006 noticias sobre las relaciones entre Italia y M\u00e9xico \/ Dal 2006 notizie sui rapporti Italia-Messico","publisher":{"@id":"https:\/\/puntodincontro.mx\/#organization"},"potentialAction":[{"@type":"SearchAction","target":{"@type":"EntryPoint","urlTemplate":"https:\/\/puntodincontro.mx\/?s={search_term_string}"},"query-input":{"@type":"PropertyValueSpecification","valueRequired":true,"valueName":"search_term_string"}}],"inLanguage":"es"},{"@type":"Organization","@id":"https:\/\/puntodincontro.mx\/#organization","name":"Puntodincontro","url":"https:\/\/puntodincontro.mx\/","logo":{"@type":"ImageObject","inLanguage":"es","@id":"https:\/\/puntodincontro.mx\/#\/schema\/logo\/image\/","url":"https:\/\/puntodincontro.mx\/wp-content\/uploads\/2021\/08\/Default-image-for-open-graph-settings.jpg","contentUrl":"https:\/\/puntodincontro.mx\/wp-content\/uploads\/2021\/08\/Default-image-for-open-graph-settings.jpg","width":1200,"height":630,"caption":"Puntodincontro"},"image":{"@id":"https:\/\/puntodincontro.mx\/#\/schema\/logo\/image\/"},"sameAs":["https:\/\/www.facebook.com\/puntodincontro.mx","https:\/\/x.com\/puntodincontro","https:\/\/www.instagram.com\/puntodincontro.mx\/","https:\/\/www.linkedin.com\/company\/puntodincontro\/","https:\/\/www.youtube.com\/c\/puntodincontromessico","https:\/\/www.patreon.com\/puntodincontro","https:\/\/www.threads.net\/@puntodincontro.mx"]},{"@type":"Person","@id":"https:\/\/puntodincontro.mx\/#\/schema\/person\/d3066d18a16259cbb0c29b0d0e93b556","name":"Puntodincontro","image":{"@type":"ImageObject","inLanguage":"es","@id":"https:\/\/puntodincontro.mx\/#\/schema\/person\/image\/","url":"https:\/\/secure.gravatar.com\/avatar\/0e85b4b3b5e9d6bfcec6a4956d8cc63a?s=96&d=mm&r=g","contentUrl":"https:\/\/secure.gravatar.com\/avatar\/0e85b4b3b5e9d6bfcec6a4956d8cc63a?s=96&d=mm&r=g","caption":"Puntodincontro"},"url":"https:\/\/puntodincontro.mx\/es\/author\/puntodincontro\/"}]}},"_links":{"self":[{"href":"https:\/\/puntodincontro.mx\/es\/wp-json\/wp\/v2\/posts\/22109"}],"collection":[{"href":"https:\/\/puntodincontro.mx\/es\/wp-json\/wp\/v2\/posts"}],"about":[{"href":"https:\/\/puntodincontro.mx\/es\/wp-json\/wp\/v2\/types\/post"}],"author":[{"embeddable":true,"href":"https:\/\/puntodincontro.mx\/es\/wp-json\/wp\/v2\/users\/2"}],"replies":[{"embeddable":true,"href":"https:\/\/puntodincontro.mx\/es\/wp-json\/wp\/v2\/comments?post=22109"}],"version-history":[{"count":10,"href":"https:\/\/puntodincontro.mx\/es\/wp-json\/wp\/v2\/posts\/22109\/revisions"}],"predecessor-version":[{"id":22121,"href":"https:\/\/puntodincontro.mx\/es\/wp-json\/wp\/v2\/posts\/22109\/revisions\/22121"}],"wp:featuredmedia":[{"embeddable":true,"href":"https:\/\/puntodincontro.mx\/es\/wp-json\/wp\/v2\/media\/22119"}],"wp:attachment":[{"href":"https:\/\/puntodincontro.mx\/es\/wp-json\/wp\/v2\/media?parent=22109"}],"wp:term":[{"taxonomy":"category","embeddable":true,"href":"https:\/\/puntodincontro.mx\/es\/wp-json\/wp\/v2\/categories?post=22109"},{"taxonomy":"post_tag","embeddable":true,"href":"https:\/\/puntodincontro.mx\/es\/wp-json\/wp\/v2\/tags?post=22109"}],"curies":[{"name":"wp","href":"https:\/\/api.w.org\/{rel}","templated":true}]}}