{"id":22505,"date":"2025-05-16T12:03:42","date_gmt":"2025-05-16T18:03:42","guid":{"rendered":"https:\/\/puntodincontro.mx\/?p=22505"},"modified":"2025-05-16T12:03:43","modified_gmt":"2025-05-16T18:03:43","slug":"la-eurodiputada-vivaldini-alianza-ue-mexico-decision-estrategica","status":"publish","type":"post","link":"https:\/\/puntodincontro.mx\/es\/2025\/05\/16\/leuroparlamentare-vivaldini-lalleanza-ue-messico-scelta-strategica\/","title":{"rendered":"La eurodiputada Vivaldini: \u00abAlianza UE-M\u00e9xico es una decisi\u00f3n estrat\u00e9gica\u00bb"},"content":{"rendered":"<p class=\"translation-block\"><b>11:42 hrs.<\/b> - La eurodiputada Mariateresa Vivaldini intervino, como vicepresidenta de la delegaci\u00f3n mexicana, en la XXXI reuni\u00f3n de la Comisi\u00f3n Parlamentaria Mixta M\u00e9xico-Uni\u00f3n Europea, destacando el papel estrat\u00e9gico del nuevo acuerdo global recientemente concluido y pendiente de ratificaci\u00f3n.<\/p>\n\n\n\n<p>\u00abEn el contexto actual de polarizaci\u00f3n y fragmentaci\u00f3n\u00bb \u2014subray\u00f3\u2014 \u00abla alianza econ\u00f3mica UE-M\u00e9xico representa una opci\u00f3n estrat\u00e9gica en favor de un multilateralismo reformado, sostenible y regulado\u00bb.<\/p>\n\n\n\n<p class=\"translation-block\">El acuerdo, que moderniza y ampl\u00eda el del a\u00f1o 2000, prev\u00e9 la eliminaci\u00f3n casi total de los aranceles aduaneros, la protecci\u00f3n de m\u00e1s de 500 indicaciones geogr\u00e1ficas europeas, un acceso igualitario a la contrataci\u00f3n p\u00fablica mexicana y un sistema avanzado de protecci\u00f3n a las inversiones. Seg\u00fan Vivaldini, es una herramienta esencial para promover una cooperaci\u00f3n econ\u00f3mica profunda y moderna.<\/p>\n\n\n\n<p>\u00abEn un momento tan delicado, en primer lugar en las relaciones econ\u00f3micas con Estados Unidos\u00bb \u2014a\u00f1adi\u00f3\u2014 \u00abes a\u00fan m\u00e1s importante fortalecer las relaciones y el comercio con otras naciones. El acuerdo renovado entre la Uni\u00f3n Europea y M\u00e9xico representa una gran oportunidad de desarrollo y diversificaci\u00f3n comercial para ambas partes\u00bb.<\/p>\n\n\n\n<p>\u00abEsta colaboraci\u00f3n no es solo econ\u00f3mica, sino de valores, de pol\u00edtica y de sociedad\u00bb \u2014declar\u00f3\u2014 \u00aby, por tanto, nos interesa a todos fortalecerla y promoverla tambi\u00e9n ante los retos globales que nos aguardan: desde la transici\u00f3n verde a la digitalizaci\u00f3n, desde la cohesi\u00f3n social a la inclusi\u00f3n financiera\u00bb.<\/p>\n\n\n\n<p class=\"translation-block\">M\u00e9xico tambi\u00e9n es un centro clave en la estrategia europea <em>Global Gateway<\/em>, que busca movilizar inversiones en sectores cruciales como la infraestructura digital, las energ\u00edas renovables, la educaci\u00f3n y la salud. En este contexto, Italia participa activamente a trav\u00e9s de proyectos promovidos tambi\u00e9n por la Organizaci\u00f3n Internacional Italo-Latinoamericana (IILA), contribuyendo a consolidar los lazos estrat\u00e9gicos entre Europa y Am\u00e9rica Latina.<\/p>\n\n\n\n<p>\u00abEs importante no olvidar lo que tambi\u00e9n han subrayado varios colegas, es decir, el valor crucial de la cl\u00e1usula democr\u00e1tica y su aplicaci\u00f3n, especialmente en presencia de violaciones de los derechos humanos\u00bb.<\/p>\n\n\n\n<p>La plena implementaci\u00f3n de las disposiciones de los acuerdos depende tambi\u00e9n de la capacidad de M\u00e9xico para garantizar el estado de derecho, ofreciendo as\u00ed seguridad a los inversionistas y haciendo que los instrumentos jur\u00eddicos sean verdaderamente efectivos y protectores.<\/p>\n\n\n\n<p>\u00abEs nuestro deber, como representantes parlamentarios\u00bb \u2014concluy\u00f3 Vivaldini\u2014 \u00abseguir apoyando y promoviendo estas relaciones, garantizando que los beneficios de la cooperaci\u00f3n lleguen a todos los ciudadanos\u00bb.<\/p>\n\n\n\n<p class=\"has-small-font-size\">Foto: facebook.com\/mtvivaldini<\/p>\n\n\n\n<div style=\"height:12px\" aria-hidden=\"true\" class=\"wp-block-spacer\"><\/div>\n\n\n<!-- Ad space powered by WP AdCenter v2.5.7 - https:\/\/wpadcenter.com\/ --><div class=\"wpadcenter-adgroup\" ><div class=\"wpadcenter-adgroup__row wpadcenter-aligncenter\"><div class=\"wpadcenter-ad-container\" ><div id=\"wpadcenter-ad-18464\" class=\"ad-placement\"><div class=\"wpadcenter-ad-inner\" ><a id=\"wpadcenter_ad\" data-value=\"18464\" data-placement=\"\" href=\"https:\/\/www.productosremo.com\/\" target=\"_blank\" class=\"wpadcenter-ad-inner__item\" ><img decoding=\"async\"   src=\"https:\/\/puntodincontro.mx\/wp-content\/uploads\/2021\/08\/remobanner.jpg\" class=\"attachment-post-thumbnail size-post-thumbnail wp-post-image\" alt=\"\" srcset=\"https:\/\/puntodincontro.mx\/wp-content\/uploads\/2021\/08\/remobanner.jpg 200w, https:\/\/puntodincontro.mx\/wp-content\/uploads\/2021\/08\/remobanner-16x5.jpg 16w\" sizes=\"(max-width: 200px) 100vw, 200px\" \/><\/a><\/div><\/div><\/div><div class=\"wpadcenter-ad-container\" ><div id=\"wpadcenter-ad-5305\" class=\"ad-placement\"><div class=\"wpadcenter-ad-inner\" ><a id=\"wpadcenter_ad\" data-value=\"5305\" data-placement=\"\" href=\"https:\/\/ambcittadelmessico.esteri.it\/ambasciata_cittadelmessico\/it\/\" target=\"_blank\" class=\"wpadcenter-ad-inner__item\" ><img decoding=\"async\"   src=\"https:\/\/puntodincontro.mx\/wp-content\/uploads\/2022\/05\/Ambasciata.jpg\" class=\"attachment-post-thumbnail size-post-thumbnail wp-post-image\" alt=\"\" srcset=\"https:\/\/puntodincontro.mx\/wp-content\/uploads\/2022\/05\/Ambasciata.jpg 200w, https:\/\/puntodincontro.mx\/wp-content\/uploads\/2022\/05\/Ambasciata-18x5.jpg 18w\" sizes=\"(max-width: 200px) 100vw, 200px\" \/><\/a><\/div><\/div><\/div><div class=\"wpadcenter-ad-container\" ><div id=\"wpadcenter-ad-3781\" class=\"ad-placement\"><div class=\"wpadcenter-ad-inner\" ><a id=\"wpadcenter_ad\" data-value=\"3781\" data-placement=\"\" href=\"https:\/\/cannizzo.com.mx\/\" target=\"_blank\" class=\"wpadcenter-ad-inner__item\" ><img decoding=\"async\"   src=\"https:\/\/puntodincontro.mx\/wp-content\/uploads\/2022\/03\/cannizzo2.jpg\" class=\"attachment-post-thumbnail size-post-thumbnail wp-post-image\" alt=\"\" srcset=\"https:\/\/puntodincontro.mx\/wp-content\/uploads\/2022\/03\/cannizzo2.jpg 200w, https:\/\/puntodincontro.mx\/wp-content\/uploads\/2022\/03\/cannizzo2-18x5.jpg 18w\" sizes=\"(max-width: 200px) 100vw, 200px\" \/><\/a><\/div><\/div><\/div><\/div><div class=\"wpadcenter-adgroup__row wpadcenter-aligncenter\"><div class=\"wpadcenter-ad-container\" ><div id=\"wpadcenter-ad-1704\" class=\"ad-placement\"><div class=\"wpadcenter-ad-inner\" ><a id=\"wpadcenter_ad\" data-value=\"1704\" data-placement=\"\" href=\"https:\/\/puntodincontro.mx\/es\/2021\/12\/24\/inps-verificacion-de-supervivencia-de-los-pensionados-en-el-extranjero\/\" target=\"_blank\" class=\"wpadcenter-ad-inner__item\" ><img decoding=\"async\"   src=\"https:\/\/puntodincontro.mx\/wp-content\/uploads\/2021\/11\/logo-ital.jpg\" class=\"attachment-post-thumbnail size-post-thumbnail wp-post-image\" alt=\"Patronato ITAL Messico\" srcset=\"https:\/\/puntodincontro.mx\/wp-content\/uploads\/2021\/11\/logo-ital.jpg 200w, https:\/\/puntodincontro.mx\/wp-content\/uploads\/2021\/11\/logo-ital-16x5.jpg 16w\" sizes=\"(max-width: 200px) 100vw, 200px\" \/><\/a><\/div><\/div><\/div><div class=\"wpadcenter-ad-container\" ><div id=\"wpadcenter-ad-1538\" class=\"ad-placement\"><div class=\"wpadcenter-ad-inner\" ><a id=\"wpadcenter_ad\" data-value=\"1538\" data-placement=\"\" href=\"https:\/\/asociacionitaliana.org\/\" target=\"_blank\" class=\"wpadcenter-ad-inner__item\" ><img decoding=\"async\"   src=\"https:\/\/puntodincontro.mx\/wp-content\/uploads\/2021\/11\/aialogo.jpg\" class=\"attachment-post-thumbnail size-post-thumbnail wp-post-image\" alt=\"Associazione Italiana di Assistenza IAP\" srcset=\"https:\/\/puntodincontro.mx\/wp-content\/uploads\/2021\/11\/aialogo.jpg 200w, https:\/\/puntodincontro.mx\/wp-content\/uploads\/2021\/11\/aialogo-18x5.jpg 18w\" sizes=\"(max-width: 200px) 100vw, 200px\" \/><\/a><\/div><\/div><\/div><div class=\"wpadcenter-ad-container\" ><div id=\"wpadcenter-ad-1513\" class=\"ad-placement\"><div class=\"wpadcenter-ad-inner\" ><a id=\"wpadcenter_ad\" data-value=\"1513\" data-placement=\"\" href=\"https:\/\/gcinmuebles.mx\" target=\"_blank\" class=\"wpadcenter-ad-inner__item\" ><img decoding=\"async\"   src=\"https:\/\/puntodincontro.mx\/wp-content\/uploads\/2021\/10\/gcinmuebleslogopunto-1.jpg\" class=\"attachment-post-thumbnail size-post-thumbnail wp-post-image\" alt=\"\" srcset=\"https:\/\/puntodincontro.mx\/wp-content\/uploads\/2021\/10\/gcinmuebleslogopunto-1.jpg 200w, https:\/\/puntodincontro.mx\/wp-content\/uploads\/2021\/10\/gcinmuebleslogopunto-1-18x5.jpg 18w\" sizes=\"(max-width: 200px) 100vw, 200px\" \/><\/a><\/div><\/div><\/div><\/div><div class=\"wpadcenter-adgroup__row wpadcenter-aligncenter\"><div class=\"wpadcenter-ad-container\" ><div id=\"wpadcenter-ad-1374\" class=\"ad-placement\"><div class=\"wpadcenter-ad-inner\" ><a id=\"wpadcenter_ad\" data-value=\"1374\" data-placement=\"\" href=\"https:\/\/www.9colonne.it\/\" target=\"_blank\" class=\"wpadcenter-ad-inner__item\" ><img decoding=\"async\"   src=\"https:\/\/puntodincontro.mx\/wp-content\/uploads\/2021\/10\/Banner9colonne.gif\" class=\"attachment-post-thumbnail size-post-thumbnail wp-post-image\" alt=\"\" \/><\/a><\/div><\/div><\/div><div class=\"wpadcenter-ad-container\" ><div id=\"wpadcenter-ad-276\" class=\"ad-placement\"><div class=\"wpadcenter-ad-inner\" ><a id=\"wpadcenter_ad\" data-value=\"276\" data-placement=\"\" href=\"http:\/\/www.camaraitaliana.mx\/\" target=\"_blank\" class=\"wpadcenter-ad-inner__item\" ><img decoding=\"async\"   src=\"https:\/\/puntodincontro.mx\/wp-content\/uploads\/2021\/08\/ccimnuovo.jpg\" class=\"attachment-post-thumbnail size-post-thumbnail wp-post-image\" alt=\"\" srcset=\"https:\/\/puntodincontro.mx\/wp-content\/uploads\/2021\/08\/ccimnuovo.jpg 200w, https:\/\/puntodincontro.mx\/wp-content\/uploads\/2021\/08\/ccimnuovo-18x5.jpg 18w\" sizes=\"(max-width: 200px) 100vw, 200px\" \/><\/a><\/div><\/div><\/div><div class=\"wpadcenter-ad-container\" ><div id=\"wpadcenter-ad-272\" class=\"ad-placement\"><div class=\"wpadcenter-ad-inner\" ><a id=\"wpadcenter_ad\" data-value=\"272\" data-placement=\"\" href=\"http:\/\/corix.us\/\" target=\"_blank\" class=\"wpadcenter-ad-inner__item\" ><img decoding=\"async\"   src=\"https:\/\/puntodincontro.mx\/wp-content\/uploads\/2021\/08\/corixbanner-1.jpg\" class=\"attachment-post-thumbnail size-post-thumbnail wp-post-image\" alt=\"\" srcset=\"https:\/\/puntodincontro.mx\/wp-content\/uploads\/2021\/08\/corixbanner-1.jpg 200w, https:\/\/puntodincontro.mx\/wp-content\/uploads\/2021\/08\/corixbanner-1-16x5.jpg 16w\" sizes=\"(max-width: 200px) 100vw, 200px\" \/><\/a><\/div><\/div><\/div><\/div><div class=\"wpadcenter-adgroup__row wpadcenter-aligncenter\"><div class=\"wpadcenter-ad-container\" ><div id=\"wpadcenter-ad-266\" class=\"ad-placement\"><div class=\"wpadcenter-ad-inner\" ><a id=\"wpadcenter_ad\" data-value=\"266\" data-placement=\"\" href=\"https:\/\/www.prinsel.com.mx\/\" target=\"_blank\" class=\"wpadcenter-ad-inner__item\" ><img decoding=\"async\"   src=\"https:\/\/puntodincontro.mx\/wp-content\/uploads\/2021\/08\/prinselbanner-1.jpg\" class=\"attachment-post-thumbnail size-post-thumbnail wp-post-image\" alt=\"\" srcset=\"https:\/\/puntodincontro.mx\/wp-content\/uploads\/2021\/08\/prinselbanner-1.jpg 200w, https:\/\/puntodincontro.mx\/wp-content\/uploads\/2021\/08\/prinselbanner-1-16x5.jpg 16w\" sizes=\"(max-width: 200px) 100vw, 200px\" \/><\/a><\/div><\/div><\/div><div class=\"wpadcenter-ad-container\" ><div id=\"wpadcenter-ad-261\" class=\"ad-placement\"><div class=\"wpadcenter-ad-inner\" ><a id=\"wpadcenter_ad\" data-value=\"261\" data-placement=\"\" href=\"https:\/\/faitalia.com.mx\/\" target=\"_blank\" class=\"wpadcenter-ad-inner__item\" ><img decoding=\"async\"   src=\"https:\/\/puntodincontro.mx\/wp-content\/uploads\/2021\/08\/gruppodino.jpg\" class=\"attachment-post-thumbnail size-post-thumbnail wp-post-image\" alt=\"\" srcset=\"https:\/\/puntodincontro.mx\/wp-content\/uploads\/2021\/08\/gruppodino.jpg 200w, https:\/\/puntodincontro.mx\/wp-content\/uploads\/2021\/08\/gruppodino-18x5.jpg 18w\" sizes=\"(max-width: 200px) 100vw, 200px\" \/><\/a><\/div><\/div><\/div><\/div><\/div>\n\n\n<div style=\"height:12px\" aria-hidden=\"true\" class=\"wp-block-spacer\"><\/div>","protected":false},"excerpt":{"rendered":"<p>Ore 11:42 &#8211; L\u2019europarlamentare Mariateresa Vivaldini \u00e8 intervenuta, in qualit\u00e0 di vice presidente della delegazione del Messico, alla XXXI riunione della Commissione parlamentare mista Messico\u2013Unione europea, mettendo in evidenza il ruolo strategico del nuovo accordo globale recentemente concluso e in attesa di ratifica. \u00abNel contesto attuale di polarizzazione e frammentazione\u00bb \u2014ha sottolineato\u2014 \u00abl\u2019alleanza economica UE-Messico rappresenta una scelta strategica in favore di un multilateralismo riformato, sostenibile e regolato\u00bb. L\u2019accordo, che modernizza e amplia l\u2019intesa del 2000, prevede l\u2019eliminazione quasi totale dei dazi doganali, la protezione di oltre 500 indicazioni geografiche europee, l\u2019accesso paritario agli appalti pubblici messicani e un sistema&#8230; <\/p>","protected":false},"author":2,"featured_media":22511,"comment_status":"open","ping_status":"open","sticky":false,"template":"","format":"standard","meta":{"_monsterinsights_skip_tracking":false,"_monsterinsights_sitenote_active":false,"_monsterinsights_sitenote_note":"","_monsterinsights_sitenote_category":0,"footnotes":""},"categories":[3],"tags":[],"class_list":["post-22505","post","type-post","status-publish","format-standard","has-post-thumbnail","hentry","category-economia-e-finanza"],"yoast_head":"<!-- This site is optimized with the Yoast SEO Premium plugin v18.4 (Yoast SEO v25.6) - https:\/\/yoast.com\/wordpress\/plugins\/seo\/ -->\n<title>L&#039;eurodeputata Vivaldini: \u00abL\u2019alleanza UE-Messico scelta strategica\u00bb<\/title>\n<meta name=\"description\" content=\"L\u2019europarlamentare Mariateresa Vivaldini \u00e8 intervenuta alla XXXI riunione della Commissione parlamentare mista Messico \u2013 Unione europea.\" \/>\n<meta name=\"robots\" content=\"index, follow, max-snippet:-1, max-image-preview:large, max-video-preview:-1\" \/>\n<link rel=\"canonical\" href=\"https:\/\/puntodincontro.mx\/es\/2025\/05\/16\/la-eurodiputada-vivaldini-alianza-ue-mexico-decision-estrategica\/\" \/>\n<meta property=\"og:locale\" content=\"es_MX\" \/>\n<meta property=\"og:type\" content=\"article\" \/>\n<meta property=\"og:title\" content=\"L&#039;europarlamentare Vivaldini: \u00abL\u2019alleanza UE-Messico scelta strategica\u00bb\" \/>\n<meta property=\"og:description\" content=\"L\u2019europarlamentare Mariateresa Vivaldini \u00e8 intervenuta alla XXXI riunione della Commissione parlamentare mista Messico \u2013 Unione europea.\" \/>\n<meta property=\"og:url\" content=\"https:\/\/puntodincontro.mx\/es\/2025\/05\/16\/la-eurodiputada-vivaldini-alianza-ue-mexico-decision-estrategica\/\" \/>\n<meta property=\"og:site_name\" content=\"Puntodincontro\" \/>\n<meta property=\"article:publisher\" content=\"https:\/\/www.facebook.com\/puntodincontro.mx\" \/>\n<meta property=\"article:published_time\" content=\"2025-05-16T18:03:42+00:00\" \/>\n<meta property=\"article:modified_time\" content=\"2025-05-16T18:03:43+00:00\" \/>\n<meta property=\"og:image\" content=\"https:\/\/puntodincontro.mx\/wp-content\/uploads\/2025\/05\/vivaldinimessicopuntocomp.jpg\" \/>\n\t<meta property=\"og:image:width\" content=\"932\" \/>\n\t<meta property=\"og:image:height\" content=\"488\" \/>\n\t<meta property=\"og:image:type\" content=\"image\/jpeg\" \/>\n<meta name=\"author\" content=\"Puntodincontro\" \/>\n<meta name=\"twitter:card\" content=\"summary_large_image\" \/>\n<meta name=\"twitter:creator\" content=\"@puntodincontro\" \/>\n<meta name=\"twitter:site\" content=\"@puntodincontro\" \/>\n<meta name=\"twitter:label1\" content=\"Escrito por\" \/>\n\t<meta name=\"twitter:data1\" content=\"Puntodincontro\" \/>\n\t<meta name=\"twitter:label2\" content=\"Tiempo de lectura\" \/>\n\t<meta name=\"twitter:data2\" content=\"2 minutos\" \/>\n<script type=\"application\/ld+json\" class=\"yoast-schema-graph\">{\"@context\":\"https:\/\/schema.org\",\"@graph\":[{\"@type\":\"NewsArticle\",\"@id\":\"https:\/\/puntodincontro.mx\/2025\/05\/16\/leuroparlamentare-vivaldini-lalleanza-ue-messico-scelta-strategica\/#article\",\"isPartOf\":{\"@id\":\"https:\/\/puntodincontro.mx\/2025\/05\/16\/leuroparlamentare-vivaldini-lalleanza-ue-messico-scelta-strategica\/\"},\"author\":{\"name\":\"Puntodincontro\",\"@id\":\"https:\/\/puntodincontro.mx\/#\/schema\/person\/d3066d18a16259cbb0c29b0d0e93b556\"},\"headline\":\"L&#8217;europarlamentare Vivaldini: \u00abL\u2019alleanza UE-Messico scelta strategica\u00bb\",\"datePublished\":\"2025-05-16T18:03:42+00:00\",\"dateModified\":\"2025-05-16T18:03:43+00:00\",\"mainEntityOfPage\":{\"@id\":\"https:\/\/puntodincontro.mx\/2025\/05\/16\/leuroparlamentare-vivaldini-lalleanza-ue-messico-scelta-strategica\/\"},\"wordCount\":374,\"commentCount\":0,\"publisher\":{\"@id\":\"https:\/\/puntodincontro.mx\/#organization\"},\"image\":{\"@id\":\"https:\/\/puntodincontro.mx\/2025\/05\/16\/leuroparlamentare-vivaldini-lalleanza-ue-messico-scelta-strategica\/#primaryimage\"},\"thumbnailUrl\":\"https:\/\/puntodincontro.mx\/wp-content\/uploads\/2025\/05\/vivaldinimessicopuntovert.webp\",\"articleSection\":[\"Economia e finanza\"],\"inLanguage\":\"es\",\"potentialAction\":[{\"@type\":\"CommentAction\",\"name\":\"Comment\",\"target\":[\"https:\/\/puntodincontro.mx\/2025\/05\/16\/leuroparlamentare-vivaldini-lalleanza-ue-messico-scelta-strategica\/#respond\"]}]},{\"@type\":\"WebPage\",\"@id\":\"https:\/\/puntodincontro.mx\/2025\/05\/16\/leuroparlamentare-vivaldini-lalleanza-ue-messico-scelta-strategica\/\",\"url\":\"https:\/\/puntodincontro.mx\/2025\/05\/16\/leuroparlamentare-vivaldini-lalleanza-ue-messico-scelta-strategica\/\",\"name\":\"L'eurodeputata Vivaldini: \u00abL\u2019alleanza UE-Messico scelta strategica\u00bb\",\"isPartOf\":{\"@id\":\"https:\/\/puntodincontro.mx\/#website\"},\"primaryImageOfPage\":{\"@id\":\"https:\/\/puntodincontro.mx\/2025\/05\/16\/leuroparlamentare-vivaldini-lalleanza-ue-messico-scelta-strategica\/#primaryimage\"},\"image\":{\"@id\":\"https:\/\/puntodincontro.mx\/2025\/05\/16\/leuroparlamentare-vivaldini-lalleanza-ue-messico-scelta-strategica\/#primaryimage\"},\"thumbnailUrl\":\"https:\/\/puntodincontro.mx\/wp-content\/uploads\/2025\/05\/vivaldinimessicopuntovert.webp\",\"datePublished\":\"2025-05-16T18:03:42+00:00\",\"dateModified\":\"2025-05-16T18:03:43+00:00\",\"description\":\"L\u2019europarlamentare Mariateresa Vivaldini \u00e8 intervenuta alla XXXI riunione della Commissione parlamentare mista Messico \u2013 Unione europea.\",\"breadcrumb\":{\"@id\":\"https:\/\/puntodincontro.mx\/2025\/05\/16\/leuroparlamentare-vivaldini-lalleanza-ue-messico-scelta-strategica\/#breadcrumb\"},\"inLanguage\":\"es\",\"potentialAction\":[{\"@type\":\"ReadAction\",\"target\":[\"https:\/\/puntodincontro.mx\/2025\/05\/16\/leuroparlamentare-vivaldini-lalleanza-ue-messico-scelta-strategica\/\"]}]},{\"@type\":\"ImageObject\",\"inLanguage\":\"es\",\"@id\":\"https:\/\/puntodincontro.mx\/2025\/05\/16\/leuroparlamentare-vivaldini-lalleanza-ue-messico-scelta-strategica\/#primaryimage\",\"url\":\"https:\/\/puntodincontro.mx\/wp-content\/uploads\/2025\/05\/vivaldinimessicopuntovert.webp\",\"contentUrl\":\"https:\/\/puntodincontro.mx\/wp-content\/uploads\/2025\/05\/vivaldinimessicopuntovert.webp\",\"width\":423,\"height\":488,\"caption\":\"L'europarlamentare Vivaldini: \u00abL\u2019alleanza UE-Messico scelta strategica\u00bb \/ Foto: facebook.com\/mtvivaldini\"},{\"@type\":\"BreadcrumbList\",\"@id\":\"https:\/\/puntodincontro.mx\/2025\/05\/16\/leuroparlamentare-vivaldini-lalleanza-ue-messico-scelta-strategica\/#breadcrumb\",\"itemListElement\":[{\"@type\":\"ListItem\",\"position\":1,\"name\":\"Home\",\"item\":\"https:\/\/puntodincontro.mx\/\"},{\"@type\":\"ListItem\",\"position\":2,\"name\":\"L&#8217;europarlamentare Vivaldini: \u00abL\u2019alleanza UE-Messico scelta strategica\u00bb\"}]},{\"@type\":\"WebSite\",\"@id\":\"https:\/\/puntodincontro.mx\/#website\",\"url\":\"https:\/\/puntodincontro.mx\/\",\"name\":\"Puntodincontro\",\"description\":\"Dal 2006 notizie sui rapporti Italia-Messico \/ Desde 2006 noticias sobre las relaciones entre Italia y M\u00e9xico\",\"publisher\":{\"@id\":\"https:\/\/puntodincontro.mx\/#organization\"},\"potentialAction\":[{\"@type\":\"SearchAction\",\"target\":{\"@type\":\"EntryPoint\",\"urlTemplate\":\"https:\/\/puntodincontro.mx\/?s={search_term_string}\"},\"query-input\":{\"@type\":\"PropertyValueSpecification\",\"valueRequired\":true,\"valueName\":\"search_term_string\"}}],\"inLanguage\":\"es\"},{\"@type\":\"Organization\",\"@id\":\"https:\/\/puntodincontro.mx\/#organization\",\"name\":\"Puntodincontro\",\"url\":\"https:\/\/puntodincontro.mx\/\",\"logo\":{\"@type\":\"ImageObject\",\"inLanguage\":\"es\",\"@id\":\"https:\/\/puntodincontro.mx\/#\/schema\/logo\/image\/\",\"url\":\"https:\/\/puntodincontro.mx\/wp-content\/uploads\/2021\/08\/Default-image-for-open-graph-settings.jpg\",\"contentUrl\":\"https:\/\/puntodincontro.mx\/wp-content\/uploads\/2021\/08\/Default-image-for-open-graph-settings.jpg\",\"width\":1200,\"height\":630,\"caption\":\"Puntodincontro\"},\"image\":{\"@id\":\"https:\/\/puntodincontro.mx\/#\/schema\/logo\/image\/\"},\"sameAs\":[\"https:\/\/www.facebook.com\/puntodincontro.mx\",\"https:\/\/x.com\/puntodincontro\",\"https:\/\/www.instagram.com\/puntodincontro.mx\/\",\"https:\/\/www.linkedin.com\/company\/puntodincontro\/\",\"https:\/\/www.youtube.com\/c\/puntodincontromessico\",\"https:\/\/www.patreon.com\/puntodincontro\",\"https:\/\/www.threads.net\/@puntodincontro.mx\"]},{\"@type\":\"Person\",\"@id\":\"https:\/\/puntodincontro.mx\/#\/schema\/person\/d3066d18a16259cbb0c29b0d0e93b556\",\"name\":\"Puntodincontro\",\"image\":{\"@type\":\"ImageObject\",\"inLanguage\":\"es\",\"@id\":\"https:\/\/puntodincontro.mx\/#\/schema\/person\/image\/\",\"url\":\"https:\/\/secure.gravatar.com\/avatar\/0e85b4b3b5e9d6bfcec6a4956d8cc63a?s=96&d=mm&r=g\",\"contentUrl\":\"https:\/\/secure.gravatar.com\/avatar\/0e85b4b3b5e9d6bfcec6a4956d8cc63a?s=96&d=mm&r=g\",\"caption\":\"Puntodincontro\"},\"url\":\"https:\/\/puntodincontro.mx\/es\/author\/puntodincontro\/\"}]}<\/script>\n<!-- \/ Yoast SEO Premium plugin. -->","yoast_head_json":{"title":"La eurodiputada Vivaldini: \u00abLa alianza UE-M\u00e9xico es una decisi\u00f3n estrat\u00e9gica\u00bb","description":"La eurodiputada Mariateresa Vivaldini intervino en la XXXI reuni\u00f3n de la Comisi\u00f3n Parlamentaria Mixta M\u00e9xico-Uni\u00f3n Europea.","robots":{"index":"index","follow":"follow","max-snippet":"max-snippet:-1","max-image-preview":"max-image-preview:large","max-video-preview":"max-video-preview:-1"},"canonical":"https:\/\/puntodincontro.mx\/es\/2025\/05\/16\/la-eurodiputada-vivaldini-alianza-ue-mexico-decision-estrategica\/","og_locale":"es_MX","og_type":"article","og_title":"L'europarlamentare Vivaldini: \u00abL\u2019alleanza UE-Messico scelta strategica\u00bb","og_description":"L\u2019europarlamentare Mariateresa Vivaldini \u00e8 intervenuta alla XXXI riunione della Commissione parlamentare mista Messico \u2013 Unione europea.","og_url":"https:\/\/puntodincontro.mx\/es\/2025\/05\/16\/la-eurodiputada-vivaldini-alianza-ue-mexico-decision-estrategica\/","og_site_name":"Puntodincontro","article_publisher":"https:\/\/www.facebook.com\/puntodincontro.mx","article_published_time":"2025-05-16T18:03:42+00:00","article_modified_time":"2025-05-16T18:03:43+00:00","og_image":[{"width":932,"height":488,"url":"https:\/\/puntodincontro.mx\/wp-content\/uploads\/2025\/05\/vivaldinimessicopuntocomp.jpg","type":"image\/jpeg"}],"author":"Puntodincontro","twitter_card":"summary_large_image","twitter_creator":"@puntodincontro","twitter_site":"@puntodincontro","twitter_misc":{"Escrito por":"Puntodincontro","Tiempo de lectura":"2 minutos"},"schema":{"@context":"https:\/\/schema.org","@graph":[{"@type":"NewsArticle","@id":"https:\/\/puntodincontro.mx\/2025\/05\/16\/leuroparlamentare-vivaldini-lalleanza-ue-messico-scelta-strategica\/#article","isPartOf":{"@id":"https:\/\/puntodincontro.mx\/2025\/05\/16\/leuroparlamentare-vivaldini-lalleanza-ue-messico-scelta-strategica\/"},"author":{"name":"Puntodincontro","@id":"https:\/\/puntodincontro.mx\/#\/schema\/person\/d3066d18a16259cbb0c29b0d0e93b556"},"headline":"L&#8217;europarlamentare Vivaldini: \u00abL\u2019alleanza UE-Messico scelta strategica\u00bb","datePublished":"2025-05-16T18:03:42+00:00","dateModified":"2025-05-16T18:03:43+00:00","mainEntityOfPage":{"@id":"https:\/\/puntodincontro.mx\/2025\/05\/16\/leuroparlamentare-vivaldini-lalleanza-ue-messico-scelta-strategica\/"},"wordCount":374,"commentCount":0,"publisher":{"@id":"https:\/\/puntodincontro.mx\/#organization"},"image":{"@id":"https:\/\/puntodincontro.mx\/2025\/05\/16\/leuroparlamentare-vivaldini-lalleanza-ue-messico-scelta-strategica\/#primaryimage"},"thumbnailUrl":"https:\/\/puntodincontro.mx\/wp-content\/uploads\/2025\/05\/vivaldinimessicopuntovert.webp","articleSection":["Economia e finanza"],"inLanguage":"es","potentialAction":[{"@type":"CommentAction","name":"Comment","target":["https:\/\/puntodincontro.mx\/2025\/05\/16\/leuroparlamentare-vivaldini-lalleanza-ue-messico-scelta-strategica\/#respond"]}]},{"@type":"WebPage","@id":"https:\/\/puntodincontro.mx\/2025\/05\/16\/leuroparlamentare-vivaldini-lalleanza-ue-messico-scelta-strategica\/","url":"https:\/\/puntodincontro.mx\/2025\/05\/16\/leuroparlamentare-vivaldini-lalleanza-ue-messico-scelta-strategica\/","name":"La eurodiputada Vivaldini: \u00abLa alianza UE-M\u00e9xico es una decisi\u00f3n estrat\u00e9gica\u00bb","isPartOf":{"@id":"https:\/\/puntodincontro.mx\/#website"},"primaryImageOfPage":{"@id":"https:\/\/puntodincontro.mx\/2025\/05\/16\/leuroparlamentare-vivaldini-lalleanza-ue-messico-scelta-strategica\/#primaryimage"},"image":{"@id":"https:\/\/puntodincontro.mx\/2025\/05\/16\/leuroparlamentare-vivaldini-lalleanza-ue-messico-scelta-strategica\/#primaryimage"},"thumbnailUrl":"https:\/\/puntodincontro.mx\/wp-content\/uploads\/2025\/05\/vivaldinimessicopuntovert.webp","datePublished":"2025-05-16T18:03:42+00:00","dateModified":"2025-05-16T18:03:43+00:00","description":"La eurodiputada Mariateresa Vivaldini intervino en la XXXI reuni\u00f3n de la Comisi\u00f3n Parlamentaria Mixta M\u00e9xico-Uni\u00f3n Europea.","breadcrumb":{"@id":"https:\/\/puntodincontro.mx\/2025\/05\/16\/leuroparlamentare-vivaldini-lalleanza-ue-messico-scelta-strategica\/#breadcrumb"},"inLanguage":"es","potentialAction":[{"@type":"ReadAction","target":["https:\/\/puntodincontro.mx\/2025\/05\/16\/leuroparlamentare-vivaldini-lalleanza-ue-messico-scelta-strategica\/"]}]},{"@type":"ImageObject","inLanguage":"es","@id":"https:\/\/puntodincontro.mx\/2025\/05\/16\/leuroparlamentare-vivaldini-lalleanza-ue-messico-scelta-strategica\/#primaryimage","url":"https:\/\/puntodincontro.mx\/wp-content\/uploads\/2025\/05\/vivaldinimessicopuntovert.webp","contentUrl":"https:\/\/puntodincontro.mx\/wp-content\/uploads\/2025\/05\/vivaldinimessicopuntovert.webp","width":423,"height":488,"caption":"L'europarlamentare Vivaldini: \u00abL\u2019alleanza UE-Messico scelta strategica\u00bb \/ Foto: facebook.com\/mtvivaldini"},{"@type":"BreadcrumbList","@id":"https:\/\/puntodincontro.mx\/2025\/05\/16\/leuroparlamentare-vivaldini-lalleanza-ue-messico-scelta-strategica\/#breadcrumb","itemListElement":[{"@type":"ListItem","position":1,"name":"Home","item":"https:\/\/puntodincontro.mx\/"},{"@type":"ListItem","position":2,"name":"L&#8217;europarlamentare Vivaldini: \u00abL\u2019alleanza UE-Messico scelta strategica\u00bb"}]},{"@type":"WebSite","@id":"https:\/\/puntodincontro.mx\/#website","url":"https:\/\/puntodincontro.mx\/","name":"Puntodincontro","description":"Desde el 2006 noticias sobre las relaciones entre Italia y M\u00e9xico \/ Dal 2006 notizie sui rapporti Italia-Messico","publisher":{"@id":"https:\/\/puntodincontro.mx\/#organization"},"potentialAction":[{"@type":"SearchAction","target":{"@type":"EntryPoint","urlTemplate":"https:\/\/puntodincontro.mx\/?s={search_term_string}"},"query-input":{"@type":"PropertyValueSpecification","valueRequired":true,"valueName":"search_term_string"}}],"inLanguage":"es"},{"@type":"Organization","@id":"https:\/\/puntodincontro.mx\/#organization","name":"Puntodincontro","url":"https:\/\/puntodincontro.mx\/","logo":{"@type":"ImageObject","inLanguage":"es","@id":"https:\/\/puntodincontro.mx\/#\/schema\/logo\/image\/","url":"https:\/\/puntodincontro.mx\/wp-content\/uploads\/2021\/08\/Default-image-for-open-graph-settings.jpg","contentUrl":"https:\/\/puntodincontro.mx\/wp-content\/uploads\/2021\/08\/Default-image-for-open-graph-settings.jpg","width":1200,"height":630,"caption":"Puntodincontro"},"image":{"@id":"https:\/\/puntodincontro.mx\/#\/schema\/logo\/image\/"},"sameAs":["https:\/\/www.facebook.com\/puntodincontro.mx","https:\/\/x.com\/puntodincontro","https:\/\/www.instagram.com\/puntodincontro.mx\/","https:\/\/www.linkedin.com\/company\/puntodincontro\/","https:\/\/www.youtube.com\/c\/puntodincontromessico","https:\/\/www.patreon.com\/puntodincontro","https:\/\/www.threads.net\/@puntodincontro.mx"]},{"@type":"Person","@id":"https:\/\/puntodincontro.mx\/#\/schema\/person\/d3066d18a16259cbb0c29b0d0e93b556","name":"Puntodincontro","image":{"@type":"ImageObject","inLanguage":"es","@id":"https:\/\/puntodincontro.mx\/#\/schema\/person\/image\/","url":"https:\/\/secure.gravatar.com\/avatar\/0e85b4b3b5e9d6bfcec6a4956d8cc63a?s=96&d=mm&r=g","contentUrl":"https:\/\/secure.gravatar.com\/avatar\/0e85b4b3b5e9d6bfcec6a4956d8cc63a?s=96&d=mm&r=g","caption":"Puntodincontro"},"url":"https:\/\/puntodincontro.mx\/es\/author\/puntodincontro\/"}]}},"_links":{"self":[{"href":"https:\/\/puntodincontro.mx\/es\/wp-json\/wp\/v2\/posts\/22505"}],"collection":[{"href":"https:\/\/puntodincontro.mx\/es\/wp-json\/wp\/v2\/posts"}],"about":[{"href":"https:\/\/puntodincontro.mx\/es\/wp-json\/wp\/v2\/types\/post"}],"author":[{"embeddable":true,"href":"https:\/\/puntodincontro.mx\/es\/wp-json\/wp\/v2\/users\/2"}],"replies":[{"embeddable":true,"href":"https:\/\/puntodincontro.mx\/es\/wp-json\/wp\/v2\/comments?post=22505"}],"version-history":[{"count":6,"href":"https:\/\/puntodincontro.mx\/es\/wp-json\/wp\/v2\/posts\/22505\/revisions"}],"predecessor-version":[{"id":22513,"href":"https:\/\/puntodincontro.mx\/es\/wp-json\/wp\/v2\/posts\/22505\/revisions\/22513"}],"wp:featuredmedia":[{"embeddable":true,"href":"https:\/\/puntodincontro.mx\/es\/wp-json\/wp\/v2\/media\/22511"}],"wp:attachment":[{"href":"https:\/\/puntodincontro.mx\/es\/wp-json\/wp\/v2\/media?parent=22505"}],"wp:term":[{"taxonomy":"category","embeddable":true,"href":"https:\/\/puntodincontro.mx\/es\/wp-json\/wp\/v2\/categories?post=22505"},{"taxonomy":"post_tag","embeddable":true,"href":"https:\/\/puntodincontro.mx\/es\/wp-json\/wp\/v2\/tags?post=22505"}],"curies":[{"name":"wp","href":"https:\/\/api.w.org\/{rel}","templated":true}]}}