{"id":22777,"date":"2025-06-20T09:28:24","date_gmt":"2025-06-20T15:28:24","guid":{"rendered":"https:\/\/puntodincontro.mx\/?p=22777"},"modified":"2025-06-20T09:28:44","modified_gmt":"2025-06-20T15:28:44","slug":"en-mexico-se-presenta-la-exposicion-queridismo-pinocho","status":"publish","type":"post","link":"https:\/\/puntodincontro.mx\/es\/2025\/06\/20\/in-messico-la-mostra-carissimo-pinocchio\/","title":{"rendered":"En M\u00e9xico se presenta la exposici\u00f3n 'Querid\u00edsimo Pinocho'"},"content":{"rendered":"<p class=\"translation-block\"><b>08:30 hrs.<\/b> - (ANSA) El <a href=\"https:\/\/puntodincontro.mx\/es\/?s=istituto+italiano+di+cultura\" target=\"_blank\" rel=\"noreferrer noopener\">Instituto Italiano de Cultura<\/a> de la Ciudad de M\u00e9xico, en colaboraci\u00f3n con el Museo de Dise\u00f1o ADI de Mil\u00e1n, <a href=\"https:\/\/www.instagram.com\/p\/DKfQoW1ud-u\/\" target=\"_blank\" rel=\"noreferrer noopener\">presenta la exposici\u00f3n<\/a> <em>Querid\u00edsimo Pinocho<\/em>, curada por Giulio Iacchetti, con la instalaci\u00f3n de Matteo Vercelloni y las gr\u00e1ficas de Federica Marziale Iadevaia.<\/p>\n\n\n\n<p class=\"translation-block\">140 a\u00f1os despu\u00e9s de la primera edici\u00f3n de <em>Las aventuras de Pinocho<\/em>, el evento rinde homenaje al ic\u00f3nico t\u00edtere de Carlo Collodi, convertido en un s\u00edmbolo de la cultura del Bel Paese y su imaginario. La exposici\u00f3n re\u00fane una selecci\u00f3n de objetos de dise\u00f1o inspirados en el famoso personaje y fabricados por empresas italianas, as\u00ed como nuevos proyectos gr\u00e1ficos y de dise\u00f1o creados para la ocasi\u00f3n.<\/p>\n\n\n\n<p>La muestra ofrece una visi\u00f3n caleidosc\u00f3pica y sorprendente de la creatividad italiana, que demuestra la capacidad del dise\u00f1o para reinterpretar iconos culturales con originalidad e innovaci\u00f3n.<\/p>\n\n\n\n<p class=\"translation-block\">Publicado en 1883 por Carlo Collodi, <em>Las aventuras de Pinocho: historia de un t\u00edtere<\/em> es el libro m\u00e1s traducido del mundo, despu\u00e9s de la Biblia.<\/p>\n\n\n\n<p>El primero en dibujar al protagonista de la historia fue Enrico Mazzanti, contempor\u00e1neo de Collodi, quien ilustr\u00f3 la edici\u00f3n del volumen impresa por la Librer\u00eda Editrice Felice Paggi de Florencia, retrat\u00e1ndolo con una gorguera y un sombrero c\u00f3nico en espl\u00e9ndidos dibujos a tinta.<\/p>\n\n\n\n<p>Desde entonces, dise\u00f1adores gr\u00e1ficos y creativos lo han reproducido de mil maneras diferentes: candelabros, taburetes, sacacorchos, jarrones, embudos e incluso llaves para el lavabo.<\/p>\n\n\n\n<p>La exposici\u00f3n en la Ciudad de M\u00e9xico puede visitarse gratuitamente en la sede del Instituto Italiano de Cultura de Coyoac\u00e1n hasta el 30 de junio de 2025.<\/p>\n\n\n\n<p class=\"has-small-font-size\">Im\u00e1genes: Instituto Italiano de Cultura de la Ciudad de M\u00e9xico<\/p>\n\n\n\n<div style=\"height:12px\" aria-hidden=\"true\" class=\"wp-block-spacer\"><\/div>\n\n\n<!-- Ad space powered by WP AdCenter v2.5.7 - https:\/\/wpadcenter.com\/ --><div class=\"wpadcenter-adgroup\" ><div class=\"wpadcenter-adgroup__row wpadcenter-aligncenter\"><div class=\"wpadcenter-ad-container\" ><div id=\"wpadcenter-ad-18464\" class=\"ad-placement\"><div class=\"wpadcenter-ad-inner\" ><a id=\"wpadcenter_ad\" data-value=\"18464\" data-placement=\"\" href=\"https:\/\/www.productosremo.com\/\" target=\"_blank\" class=\"wpadcenter-ad-inner__item\" ><img decoding=\"async\"   src=\"https:\/\/puntodincontro.mx\/wp-content\/uploads\/2021\/08\/remobanner.jpg\" class=\"attachment-post-thumbnail size-post-thumbnail wp-post-image\" alt=\"\" srcset=\"https:\/\/puntodincontro.mx\/wp-content\/uploads\/2021\/08\/remobanner.jpg 200w, https:\/\/puntodincontro.mx\/wp-content\/uploads\/2021\/08\/remobanner-16x5.jpg 16w\" sizes=\"(max-width: 200px) 100vw, 200px\" \/><\/a><\/div><\/div><\/div><div class=\"wpadcenter-ad-container\" ><div id=\"wpadcenter-ad-5305\" class=\"ad-placement\"><div class=\"wpadcenter-ad-inner\" ><a id=\"wpadcenter_ad\" data-value=\"5305\" data-placement=\"\" href=\"https:\/\/faitalia.com.mx\/\" target=\"_blank\" class=\"wpadcenter-ad-inner__item\" ><img decoding=\"async\"   src=\"https:\/\/puntodincontro.mx\/wp-content\/uploads\/2022\/05\/gruppodino.jpg\" class=\"attachment-post-thumbnail size-post-thumbnail wp-post-image\" alt=\"\" srcset=\"https:\/\/puntodincontro.mx\/wp-content\/uploads\/2022\/05\/gruppodino.jpg 200w, https:\/\/puntodincontro.mx\/wp-content\/uploads\/2022\/05\/gruppodino-18x5.jpg 18w\" sizes=\"(max-width: 200px) 100vw, 200px\" \/><\/a><\/div><\/div><\/div><div class=\"wpadcenter-ad-container\" ><div id=\"wpadcenter-ad-3781\" class=\"ad-placement\"><div class=\"wpadcenter-ad-inner\" ><a id=\"wpadcenter_ad\" data-value=\"3781\" data-placement=\"\" href=\"https:\/\/cannizzo.com.mx\/\" target=\"_blank\" class=\"wpadcenter-ad-inner__item\" ><img decoding=\"async\"   src=\"https:\/\/puntodincontro.mx\/wp-content\/uploads\/2022\/03\/cannizzo2.jpg\" class=\"attachment-post-thumbnail size-post-thumbnail wp-post-image\" alt=\"\" srcset=\"https:\/\/puntodincontro.mx\/wp-content\/uploads\/2022\/03\/cannizzo2.jpg 200w, https:\/\/puntodincontro.mx\/wp-content\/uploads\/2022\/03\/cannizzo2-18x5.jpg 18w\" sizes=\"(max-width: 200px) 100vw, 200px\" \/><\/a><\/div><\/div><\/div><\/div><div class=\"wpadcenter-adgroup__row wpadcenter-aligncenter\"><div class=\"wpadcenter-ad-container\" ><div id=\"wpadcenter-ad-1704\" class=\"ad-placement\"><div class=\"wpadcenter-ad-inner\" ><a id=\"wpadcenter_ad\" data-value=\"1704\" data-placement=\"\" href=\"https:\/\/puntodincontro.mx\/es\/2021\/12\/24\/inps-verificacion-de-supervivencia-de-los-pensionados-en-el-extranjero\/\" target=\"_blank\" class=\"wpadcenter-ad-inner__item\" ><img decoding=\"async\"   src=\"https:\/\/puntodincontro.mx\/wp-content\/uploads\/2021\/11\/logo-ital.jpg\" class=\"attachment-post-thumbnail size-post-thumbnail wp-post-image\" alt=\"Patronato ITAL Messico\" srcset=\"https:\/\/puntodincontro.mx\/wp-content\/uploads\/2021\/11\/logo-ital.jpg 200w, https:\/\/puntodincontro.mx\/wp-content\/uploads\/2021\/11\/logo-ital-16x5.jpg 16w\" sizes=\"(max-width: 200px) 100vw, 200px\" \/><\/a><\/div><\/div><\/div><div class=\"wpadcenter-ad-container\" ><div id=\"wpadcenter-ad-1538\" class=\"ad-placement\"><div class=\"wpadcenter-ad-inner\" ><a id=\"wpadcenter_ad\" data-value=\"1538\" data-placement=\"\" href=\"https:\/\/asociacionitaliana.org\/\" target=\"_blank\" class=\"wpadcenter-ad-inner__item\" ><img decoding=\"async\"   src=\"https:\/\/puntodincontro.mx\/wp-content\/uploads\/2021\/11\/aialogo.jpg\" class=\"attachment-post-thumbnail size-post-thumbnail wp-post-image\" alt=\"Associazione Italiana di Assistenza IAP\" srcset=\"https:\/\/puntodincontro.mx\/wp-content\/uploads\/2021\/11\/aialogo.jpg 200w, https:\/\/puntodincontro.mx\/wp-content\/uploads\/2021\/11\/aialogo-18x5.jpg 18w\" sizes=\"(max-width: 200px) 100vw, 200px\" \/><\/a><\/div><\/div><\/div><div class=\"wpadcenter-ad-container\" ><div id=\"wpadcenter-ad-1513\" class=\"ad-placement\"><div class=\"wpadcenter-ad-inner\" ><a id=\"wpadcenter_ad\" data-value=\"1513\" data-placement=\"\" href=\"https:\/\/gcinmuebles.mx\" target=\"_blank\" class=\"wpadcenter-ad-inner__item\" ><img decoding=\"async\"   src=\"https:\/\/puntodincontro.mx\/wp-content\/uploads\/2021\/10\/gcinmuebleslogopunto-1.jpg\" class=\"attachment-post-thumbnail size-post-thumbnail wp-post-image\" alt=\"\" srcset=\"https:\/\/puntodincontro.mx\/wp-content\/uploads\/2021\/10\/gcinmuebleslogopunto-1.jpg 200w, https:\/\/puntodincontro.mx\/wp-content\/uploads\/2021\/10\/gcinmuebleslogopunto-1-18x5.jpg 18w\" sizes=\"(max-width: 200px) 100vw, 200px\" \/><\/a><\/div><\/div><\/div><\/div><div class=\"wpadcenter-adgroup__row wpadcenter-aligncenter\"><div class=\"wpadcenter-ad-container\" ><div id=\"wpadcenter-ad-1374\" class=\"ad-placement\"><div class=\"wpadcenter-ad-inner\" ><a id=\"wpadcenter_ad\" data-value=\"1374\" data-placement=\"\" href=\"https:\/\/www.9colonne.it\/\" target=\"_blank\" class=\"wpadcenter-ad-inner__item\" ><img decoding=\"async\"   src=\"https:\/\/puntodincontro.mx\/wp-content\/uploads\/2021\/10\/Banner9colonne.gif\" class=\"attachment-post-thumbnail size-post-thumbnail wp-post-image\" alt=\"\" \/><\/a><\/div><\/div><\/div><div class=\"wpadcenter-ad-container\" ><div id=\"wpadcenter-ad-276\" class=\"ad-placement\"><div class=\"wpadcenter-ad-inner\" ><a id=\"wpadcenter_ad\" data-value=\"276\" data-placement=\"\" href=\"http:\/\/www.camaraitaliana.mx\/\" target=\"_blank\" class=\"wpadcenter-ad-inner__item\" ><img decoding=\"async\"   src=\"https:\/\/puntodincontro.mx\/wp-content\/uploads\/2021\/08\/ccimnuovo.jpg\" class=\"attachment-post-thumbnail size-post-thumbnail wp-post-image\" alt=\"\" srcset=\"https:\/\/puntodincontro.mx\/wp-content\/uploads\/2021\/08\/ccimnuovo.jpg 200w, https:\/\/puntodincontro.mx\/wp-content\/uploads\/2021\/08\/ccimnuovo-18x5.jpg 18w\" sizes=\"(max-width: 200px) 100vw, 200px\" \/><\/a><\/div><\/div><\/div><div class=\"wpadcenter-ad-container\" ><div id=\"wpadcenter-ad-272\" class=\"ad-placement\"><div class=\"wpadcenter-ad-inner\" ><a id=\"wpadcenter_ad\" data-value=\"272\" data-placement=\"\" href=\"http:\/\/corix.us\/\" target=\"_blank\" class=\"wpadcenter-ad-inner__item\" ><img decoding=\"async\"   src=\"https:\/\/puntodincontro.mx\/wp-content\/uploads\/2021\/08\/corixbanner-1.jpg\" class=\"attachment-post-thumbnail size-post-thumbnail wp-post-image\" alt=\"\" srcset=\"https:\/\/puntodincontro.mx\/wp-content\/uploads\/2021\/08\/corixbanner-1.jpg 200w, https:\/\/puntodincontro.mx\/wp-content\/uploads\/2021\/08\/corixbanner-1-16x5.jpg 16w\" sizes=\"(max-width: 200px) 100vw, 200px\" \/><\/a><\/div><\/div><\/div><\/div><div class=\"wpadcenter-adgroup__row wpadcenter-aligncenter\"><div class=\"wpadcenter-ad-container\" ><div id=\"wpadcenter-ad-266\" class=\"ad-placement\"><div class=\"wpadcenter-ad-inner\" ><a id=\"wpadcenter_ad\" data-value=\"266\" data-placement=\"\" href=\"https:\/\/www.prinsel.com.mx\/\" target=\"_blank\" class=\"wpadcenter-ad-inner__item\" ><img decoding=\"async\"   src=\"https:\/\/puntodincontro.mx\/wp-content\/uploads\/2021\/08\/prinselbanner-1.jpg\" class=\"attachment-post-thumbnail size-post-thumbnail wp-post-image\" alt=\"\" srcset=\"https:\/\/puntodincontro.mx\/wp-content\/uploads\/2021\/08\/prinselbanner-1.jpg 200w, https:\/\/puntodincontro.mx\/wp-content\/uploads\/2021\/08\/prinselbanner-1-16x5.jpg 16w\" sizes=\"(max-width: 200px) 100vw, 200px\" \/><\/a><\/div><\/div><\/div><div class=\"wpadcenter-ad-container\" ><div id=\"wpadcenter-ad-261\" class=\"ad-placement\"><div class=\"wpadcenter-ad-inner\" ><a id=\"wpadcenter_ad\" data-value=\"261\" data-placement=\"\" href=\"https:\/\/ambcittadelmessico.esteri.it\/ambasciata_cittadelmessico\/it\/\" target=\"_blank\" class=\"wpadcenter-ad-inner__item\" ><img decoding=\"async\"   src=\"https:\/\/puntodincontro.mx\/wp-content\/uploads\/2021\/08\/ambasciatabanner-1.jpg\" class=\"attachment-post-thumbnail size-post-thumbnail wp-post-image\" alt=\"\" srcset=\"https:\/\/puntodincontro.mx\/wp-content\/uploads\/2021\/08\/ambasciatabanner-1.jpg 200w, https:\/\/puntodincontro.mx\/wp-content\/uploads\/2021\/08\/ambasciatabanner-1-16x5.jpg 16w\" sizes=\"(max-width: 200px) 100vw, 200px\" \/><\/a><\/div><\/div><\/div><\/div><\/div>\n\n\n<div style=\"height:12px\" aria-hidden=\"true\" class=\"wp-block-spacer\"><\/div>","protected":false},"excerpt":{"rendered":"<p>Ore 08:30 &#8211; (ANSA) L\u2019Istituto italiano di cultura di Citt\u00e0 del Messico, in collaborazione con ADI Design Museum di Milano, presenta la mostra Carissimo Pinocchio, curata da Giulio Iacchetti, con l&#8217;allestimento di Matteo Vercelloni e le grafiche di Federica Marziale Iadevaia. A 140 anni dalla prima edizione de Le avventure di Pinocchio, l\u2019evento celebra l\u2019iconico burattino di Carlo Collodi, divenuto simbolo della cultura del Bel Paese e del suo immaginario. L&#8217;esposizione raccoglie una selezione di oggetti di design ispirati al noto personaggio e realizzati da aziende italiane, oltre a progetti grafici e inediti creati per l\u2019occasione. Il percorso espositivo offre&#8230; <\/p>","protected":false},"author":2,"featured_media":22783,"comment_status":"open","ping_status":"open","sticky":false,"template":"","format":"standard","meta":{"_monsterinsights_skip_tracking":false,"_monsterinsights_sitenote_active":false,"_monsterinsights_sitenote_note":"","_monsterinsights_sitenote_category":0,"footnotes":""},"categories":[4],"tags":[],"class_list":["post-22777","post","type-post","status-publish","format-standard","has-post-thumbnail","hentry","category-italia-in-messico"],"yoast_head":"<!-- This site is optimized with the Yoast SEO Premium plugin v18.4 (Yoast SEO v25.6) - https:\/\/yoast.com\/wordpress\/plugins\/seo\/ -->\n<title>In Messico la mostra \u201cCarissimo Pinocchio\u201c<\/title>\n<meta name=\"description\" content=\"L\u2019Istituto italiano di cultura di Citt\u00e0 del Messico, in collaborazione con ADI Design Museum, presenta la mostra &#039;Carissimo Pinocchio&#039;.\" \/>\n<meta name=\"robots\" content=\"index, follow, max-snippet:-1, max-image-preview:large, max-video-preview:-1\" \/>\n<link rel=\"canonical\" href=\"https:\/\/puntodincontro.mx\/es\/2025\/06\/20\/en-mexico-se-presenta-la-exposicion-queridismo-pinocho\/\" \/>\n<meta property=\"og:locale\" content=\"es_MX\" \/>\n<meta property=\"og:type\" content=\"article\" \/>\n<meta property=\"og:title\" content=\"In Messico la mostra &#039;Carissimo Pinocchio&#039;\" \/>\n<meta property=\"og:description\" content=\"L\u2019Istituto italiano di cultura di Citt\u00e0 del Messico, in collaborazione con ADI Design Museum, presenta la mostra &#039;Carissimo Pinocchio&#039;.\" \/>\n<meta property=\"og:url\" content=\"https:\/\/puntodincontro.mx\/es\/2025\/06\/20\/en-mexico-se-presenta-la-exposicion-queridismo-pinocho\/\" \/>\n<meta property=\"og:site_name\" content=\"Puntodincontro\" \/>\n<meta property=\"article:publisher\" content=\"https:\/\/www.facebook.com\/puntodincontro.mx\" \/>\n<meta property=\"article:published_time\" content=\"2025-06-20T15:28:24+00:00\" \/>\n<meta property=\"article:modified_time\" content=\"2025-06-20T15:28:44+00:00\" \/>\n<meta property=\"og:image\" content=\"https:\/\/puntodincontro.mx\/wp-content\/uploads\/2025\/06\/pinocchiopuntocomp.jpg\" \/>\n\t<meta property=\"og:image:width\" content=\"932\" \/>\n\t<meta property=\"og:image:height\" content=\"488\" \/>\n\t<meta property=\"og:image:type\" content=\"image\/jpeg\" \/>\n<meta name=\"author\" content=\"Puntodincontro\" \/>\n<meta name=\"twitter:card\" content=\"summary_large_image\" \/>\n<meta name=\"twitter:creator\" content=\"@puntodincontro\" \/>\n<meta name=\"twitter:site\" content=\"@puntodincontro\" \/>\n<meta name=\"twitter:label1\" content=\"Escrito por\" \/>\n\t<meta name=\"twitter:data1\" content=\"Puntodincontro\" \/>\n\t<meta name=\"twitter:label2\" content=\"Tiempo de lectura\" \/>\n\t<meta name=\"twitter:data2\" content=\"1 minuto\" \/>\n<script type=\"application\/ld+json\" class=\"yoast-schema-graph\">{\"@context\":\"https:\/\/schema.org\",\"@graph\":[{\"@type\":\"NewsArticle\",\"@id\":\"https:\/\/puntodincontro.mx\/2025\/06\/20\/in-messico-la-mostra-carissimo-pinocchio\/#article\",\"isPartOf\":{\"@id\":\"https:\/\/puntodincontro.mx\/2025\/06\/20\/in-messico-la-mostra-carissimo-pinocchio\/\"},\"author\":{\"name\":\"Puntodincontro\",\"@id\":\"https:\/\/puntodincontro.mx\/#\/schema\/person\/d3066d18a16259cbb0c29b0d0e93b556\"},\"headline\":\"In Messico la mostra &#8216;Carissimo Pinocchio&#8217;\",\"datePublished\":\"2025-06-20T15:28:24+00:00\",\"dateModified\":\"2025-06-20T15:28:44+00:00\",\"mainEntityOfPage\":{\"@id\":\"https:\/\/puntodincontro.mx\/2025\/06\/20\/in-messico-la-mostra-carissimo-pinocchio\/\"},\"wordCount\":248,\"commentCount\":0,\"publisher\":{\"@id\":\"https:\/\/puntodincontro.mx\/#organization\"},\"image\":{\"@id\":\"https:\/\/puntodincontro.mx\/2025\/06\/20\/in-messico-la-mostra-carissimo-pinocchio\/#primaryimage\"},\"thumbnailUrl\":\"https:\/\/puntodincontro.mx\/wp-content\/uploads\/2025\/06\/pinocchiopuntovert.webp\",\"articleSection\":[\"Italia in Messico\"],\"inLanguage\":\"es\",\"potentialAction\":[{\"@type\":\"CommentAction\",\"name\":\"Comment\",\"target\":[\"https:\/\/puntodincontro.mx\/2025\/06\/20\/in-messico-la-mostra-carissimo-pinocchio\/#respond\"]}]},{\"@type\":\"WebPage\",\"@id\":\"https:\/\/puntodincontro.mx\/2025\/06\/20\/in-messico-la-mostra-carissimo-pinocchio\/\",\"url\":\"https:\/\/puntodincontro.mx\/2025\/06\/20\/in-messico-la-mostra-carissimo-pinocchio\/\",\"name\":\"In Messico la mostra \u201cCarissimo Pinocchio\u201c\",\"isPartOf\":{\"@id\":\"https:\/\/puntodincontro.mx\/#website\"},\"primaryImageOfPage\":{\"@id\":\"https:\/\/puntodincontro.mx\/2025\/06\/20\/in-messico-la-mostra-carissimo-pinocchio\/#primaryimage\"},\"image\":{\"@id\":\"https:\/\/puntodincontro.mx\/2025\/06\/20\/in-messico-la-mostra-carissimo-pinocchio\/#primaryimage\"},\"thumbnailUrl\":\"https:\/\/puntodincontro.mx\/wp-content\/uploads\/2025\/06\/pinocchiopuntovert.webp\",\"datePublished\":\"2025-06-20T15:28:24+00:00\",\"dateModified\":\"2025-06-20T15:28:44+00:00\",\"description\":\"L\u2019Istituto italiano di cultura di Citt\u00e0 del Messico, in collaborazione con ADI Design Museum, presenta la mostra 'Carissimo Pinocchio'.\",\"breadcrumb\":{\"@id\":\"https:\/\/puntodincontro.mx\/2025\/06\/20\/in-messico-la-mostra-carissimo-pinocchio\/#breadcrumb\"},\"inLanguage\":\"es\",\"potentialAction\":[{\"@type\":\"ReadAction\",\"target\":[\"https:\/\/puntodincontro.mx\/2025\/06\/20\/in-messico-la-mostra-carissimo-pinocchio\/\"]}]},{\"@type\":\"ImageObject\",\"inLanguage\":\"es\",\"@id\":\"https:\/\/puntodincontro.mx\/2025\/06\/20\/in-messico-la-mostra-carissimo-pinocchio\/#primaryimage\",\"url\":\"https:\/\/puntodincontro.mx\/wp-content\/uploads\/2025\/06\/pinocchiopuntovert.webp\",\"contentUrl\":\"https:\/\/puntodincontro.mx\/wp-content\/uploads\/2025\/06\/pinocchiopuntovert.webp\",\"width\":423,\"height\":488,\"caption\":\"In Messico la mostra 'Carissimo Pinocchio' \/ Immagini: Istituto italiano di cultura Citt\u00e0 del Messico\"},{\"@type\":\"BreadcrumbList\",\"@id\":\"https:\/\/puntodincontro.mx\/2025\/06\/20\/in-messico-la-mostra-carissimo-pinocchio\/#breadcrumb\",\"itemListElement\":[{\"@type\":\"ListItem\",\"position\":1,\"name\":\"Home\",\"item\":\"https:\/\/puntodincontro.mx\/\"},{\"@type\":\"ListItem\",\"position\":2,\"name\":\"In Messico la mostra &#8216;Carissimo Pinocchio&#8217;\"}]},{\"@type\":\"WebSite\",\"@id\":\"https:\/\/puntodincontro.mx\/#website\",\"url\":\"https:\/\/puntodincontro.mx\/\",\"name\":\"Puntodincontro\",\"description\":\"Dal 2006 notizie sui rapporti Italia-Messico \/ Desde 2006 noticias sobre las relaciones entre Italia y M\u00e9xico\",\"publisher\":{\"@id\":\"https:\/\/puntodincontro.mx\/#organization\"},\"potentialAction\":[{\"@type\":\"SearchAction\",\"target\":{\"@type\":\"EntryPoint\",\"urlTemplate\":\"https:\/\/puntodincontro.mx\/?s={search_term_string}\"},\"query-input\":{\"@type\":\"PropertyValueSpecification\",\"valueRequired\":true,\"valueName\":\"search_term_string\"}}],\"inLanguage\":\"es\"},{\"@type\":\"Organization\",\"@id\":\"https:\/\/puntodincontro.mx\/#organization\",\"name\":\"Puntodincontro\",\"url\":\"https:\/\/puntodincontro.mx\/\",\"logo\":{\"@type\":\"ImageObject\",\"inLanguage\":\"es\",\"@id\":\"https:\/\/puntodincontro.mx\/#\/schema\/logo\/image\/\",\"url\":\"https:\/\/puntodincontro.mx\/wp-content\/uploads\/2021\/08\/Default-image-for-open-graph-settings.jpg\",\"contentUrl\":\"https:\/\/puntodincontro.mx\/wp-content\/uploads\/2021\/08\/Default-image-for-open-graph-settings.jpg\",\"width\":1200,\"height\":630,\"caption\":\"Puntodincontro\"},\"image\":{\"@id\":\"https:\/\/puntodincontro.mx\/#\/schema\/logo\/image\/\"},\"sameAs\":[\"https:\/\/www.facebook.com\/puntodincontro.mx\",\"https:\/\/x.com\/puntodincontro\",\"https:\/\/www.instagram.com\/puntodincontro.mx\/\",\"https:\/\/www.linkedin.com\/company\/puntodincontro\/\",\"https:\/\/www.youtube.com\/c\/puntodincontromessico\",\"https:\/\/www.patreon.com\/puntodincontro\",\"https:\/\/www.threads.net\/@puntodincontro.mx\"]},{\"@type\":\"Person\",\"@id\":\"https:\/\/puntodincontro.mx\/#\/schema\/person\/d3066d18a16259cbb0c29b0d0e93b556\",\"name\":\"Puntodincontro\",\"image\":{\"@type\":\"ImageObject\",\"inLanguage\":\"es\",\"@id\":\"https:\/\/puntodincontro.mx\/#\/schema\/person\/image\/\",\"url\":\"https:\/\/secure.gravatar.com\/avatar\/0e85b4b3b5e9d6bfcec6a4956d8cc63a?s=96&d=mm&r=g\",\"contentUrl\":\"https:\/\/secure.gravatar.com\/avatar\/0e85b4b3b5e9d6bfcec6a4956d8cc63a?s=96&d=mm&r=g\",\"caption\":\"Puntodincontro\"},\"url\":\"https:\/\/puntodincontro.mx\/es\/author\/puntodincontro\/\"}]}<\/script>\n<!-- \/ Yoast SEO Premium plugin. -->","yoast_head_json":{"title":"En M\u00e9xico se presenta la exposici\u00f3n 'Querid\u00edsimo Pinocho'","description":"El Instituto Italiano de Cultura de la Ciudad de M\u00e9xico, en colaboraci\u00f3n con ADI Museo de Dise\u00f1o, presenta la exposici\u00f3n \u2018Carissimo Pinocchio\u2019.","robots":{"index":"index","follow":"follow","max-snippet":"max-snippet:-1","max-image-preview":"max-image-preview:large","max-video-preview":"max-video-preview:-1"},"canonical":"https:\/\/puntodincontro.mx\/es\/2025\/06\/20\/en-mexico-se-presenta-la-exposicion-queridismo-pinocho\/","og_locale":"es_MX","og_type":"article","og_title":"In Messico la mostra 'Carissimo Pinocchio'","og_description":"L\u2019Istituto italiano di cultura di Citt\u00e0 del Messico, in collaborazione con ADI Design Museum, presenta la mostra 'Carissimo Pinocchio'.","og_url":"https:\/\/puntodincontro.mx\/es\/2025\/06\/20\/en-mexico-se-presenta-la-exposicion-queridismo-pinocho\/","og_site_name":"Puntodincontro","article_publisher":"https:\/\/www.facebook.com\/puntodincontro.mx","article_published_time":"2025-06-20T15:28:24+00:00","article_modified_time":"2025-06-20T15:28:44+00:00","og_image":[{"width":932,"height":488,"url":"https:\/\/puntodincontro.mx\/wp-content\/uploads\/2025\/06\/pinocchiopuntocomp.jpg","type":"image\/jpeg"}],"author":"Puntodincontro","twitter_card":"summary_large_image","twitter_creator":"@puntodincontro","twitter_site":"@puntodincontro","twitter_misc":{"Escrito por":"Puntodincontro","Tiempo de lectura":"1 minuto"},"schema":{"@context":"https:\/\/schema.org","@graph":[{"@type":"NewsArticle","@id":"https:\/\/puntodincontro.mx\/2025\/06\/20\/in-messico-la-mostra-carissimo-pinocchio\/#article","isPartOf":{"@id":"https:\/\/puntodincontro.mx\/2025\/06\/20\/in-messico-la-mostra-carissimo-pinocchio\/"},"author":{"name":"Puntodincontro","@id":"https:\/\/puntodincontro.mx\/#\/schema\/person\/d3066d18a16259cbb0c29b0d0e93b556"},"headline":"In Messico la mostra &#8216;Carissimo Pinocchio&#8217;","datePublished":"2025-06-20T15:28:24+00:00","dateModified":"2025-06-20T15:28:44+00:00","mainEntityOfPage":{"@id":"https:\/\/puntodincontro.mx\/2025\/06\/20\/in-messico-la-mostra-carissimo-pinocchio\/"},"wordCount":248,"commentCount":0,"publisher":{"@id":"https:\/\/puntodincontro.mx\/#organization"},"image":{"@id":"https:\/\/puntodincontro.mx\/2025\/06\/20\/in-messico-la-mostra-carissimo-pinocchio\/#primaryimage"},"thumbnailUrl":"https:\/\/puntodincontro.mx\/wp-content\/uploads\/2025\/06\/pinocchiopuntovert.webp","articleSection":["Italia in Messico"],"inLanguage":"es","potentialAction":[{"@type":"CommentAction","name":"Comment","target":["https:\/\/puntodincontro.mx\/2025\/06\/20\/in-messico-la-mostra-carissimo-pinocchio\/#respond"]}]},{"@type":"WebPage","@id":"https:\/\/puntodincontro.mx\/2025\/06\/20\/in-messico-la-mostra-carissimo-pinocchio\/","url":"https:\/\/puntodincontro.mx\/2025\/06\/20\/in-messico-la-mostra-carissimo-pinocchio\/","name":"En M\u00e9xico se presenta la exposici\u00f3n 'Querid\u00edsimo Pinocho'","isPartOf":{"@id":"https:\/\/puntodincontro.mx\/#website"},"primaryImageOfPage":{"@id":"https:\/\/puntodincontro.mx\/2025\/06\/20\/in-messico-la-mostra-carissimo-pinocchio\/#primaryimage"},"image":{"@id":"https:\/\/puntodincontro.mx\/2025\/06\/20\/in-messico-la-mostra-carissimo-pinocchio\/#primaryimage"},"thumbnailUrl":"https:\/\/puntodincontro.mx\/wp-content\/uploads\/2025\/06\/pinocchiopuntovert.webp","datePublished":"2025-06-20T15:28:24+00:00","dateModified":"2025-06-20T15:28:44+00:00","description":"El Instituto Italiano de Cultura de la Ciudad de M\u00e9xico, en colaboraci\u00f3n con ADI Museo de Dise\u00f1o, presenta la exposici\u00f3n \u2018Carissimo Pinocchio\u2019.","breadcrumb":{"@id":"https:\/\/puntodincontro.mx\/2025\/06\/20\/in-messico-la-mostra-carissimo-pinocchio\/#breadcrumb"},"inLanguage":"es","potentialAction":[{"@type":"ReadAction","target":["https:\/\/puntodincontro.mx\/2025\/06\/20\/in-messico-la-mostra-carissimo-pinocchio\/"]}]},{"@type":"ImageObject","inLanguage":"es","@id":"https:\/\/puntodincontro.mx\/2025\/06\/20\/in-messico-la-mostra-carissimo-pinocchio\/#primaryimage","url":"https:\/\/puntodincontro.mx\/wp-content\/uploads\/2025\/06\/pinocchiopuntovert.webp","contentUrl":"https:\/\/puntodincontro.mx\/wp-content\/uploads\/2025\/06\/pinocchiopuntovert.webp","width":423,"height":488,"caption":"In Messico la mostra 'Carissimo Pinocchio' \/ Immagini: Istituto italiano di cultura Citt\u00e0 del Messico"},{"@type":"BreadcrumbList","@id":"https:\/\/puntodincontro.mx\/2025\/06\/20\/in-messico-la-mostra-carissimo-pinocchio\/#breadcrumb","itemListElement":[{"@type":"ListItem","position":1,"name":"Home","item":"https:\/\/puntodincontro.mx\/"},{"@type":"ListItem","position":2,"name":"In Messico la mostra &#8216;Carissimo Pinocchio&#8217;"}]},{"@type":"WebSite","@id":"https:\/\/puntodincontro.mx\/#website","url":"https:\/\/puntodincontro.mx\/","name":"Puntodincontro","description":"Desde el 2006 noticias sobre las relaciones entre Italia y M\u00e9xico \/ Dal 2006 notizie sui rapporti Italia-Messico","publisher":{"@id":"https:\/\/puntodincontro.mx\/#organization"},"potentialAction":[{"@type":"SearchAction","target":{"@type":"EntryPoint","urlTemplate":"https:\/\/puntodincontro.mx\/?s={search_term_string}"},"query-input":{"@type":"PropertyValueSpecification","valueRequired":true,"valueName":"search_term_string"}}],"inLanguage":"es"},{"@type":"Organization","@id":"https:\/\/puntodincontro.mx\/#organization","name":"Puntodincontro","url":"https:\/\/puntodincontro.mx\/","logo":{"@type":"ImageObject","inLanguage":"es","@id":"https:\/\/puntodincontro.mx\/#\/schema\/logo\/image\/","url":"https:\/\/puntodincontro.mx\/wp-content\/uploads\/2021\/08\/Default-image-for-open-graph-settings.jpg","contentUrl":"https:\/\/puntodincontro.mx\/wp-content\/uploads\/2021\/08\/Default-image-for-open-graph-settings.jpg","width":1200,"height":630,"caption":"Puntodincontro"},"image":{"@id":"https:\/\/puntodincontro.mx\/#\/schema\/logo\/image\/"},"sameAs":["https:\/\/www.facebook.com\/puntodincontro.mx","https:\/\/x.com\/puntodincontro","https:\/\/www.instagram.com\/puntodincontro.mx\/","https:\/\/www.linkedin.com\/company\/puntodincontro\/","https:\/\/www.youtube.com\/c\/puntodincontromessico","https:\/\/www.patreon.com\/puntodincontro","https:\/\/www.threads.net\/@puntodincontro.mx"]},{"@type":"Person","@id":"https:\/\/puntodincontro.mx\/#\/schema\/person\/d3066d18a16259cbb0c29b0d0e93b556","name":"Puntodincontro","image":{"@type":"ImageObject","inLanguage":"es","@id":"https:\/\/puntodincontro.mx\/#\/schema\/person\/image\/","url":"https:\/\/secure.gravatar.com\/avatar\/0e85b4b3b5e9d6bfcec6a4956d8cc63a?s=96&d=mm&r=g","contentUrl":"https:\/\/secure.gravatar.com\/avatar\/0e85b4b3b5e9d6bfcec6a4956d8cc63a?s=96&d=mm&r=g","caption":"Puntodincontro"},"url":"https:\/\/puntodincontro.mx\/es\/author\/puntodincontro\/"}]}},"_links":{"self":[{"href":"https:\/\/puntodincontro.mx\/es\/wp-json\/wp\/v2\/posts\/22777"}],"collection":[{"href":"https:\/\/puntodincontro.mx\/es\/wp-json\/wp\/v2\/posts"}],"about":[{"href":"https:\/\/puntodincontro.mx\/es\/wp-json\/wp\/v2\/types\/post"}],"author":[{"embeddable":true,"href":"https:\/\/puntodincontro.mx\/es\/wp-json\/wp\/v2\/users\/2"}],"replies":[{"embeddable":true,"href":"https:\/\/puntodincontro.mx\/es\/wp-json\/wp\/v2\/comments?post=22777"}],"version-history":[{"count":7,"href":"https:\/\/puntodincontro.mx\/es\/wp-json\/wp\/v2\/posts\/22777\/revisions"}],"predecessor-version":[{"id":22786,"href":"https:\/\/puntodincontro.mx\/es\/wp-json\/wp\/v2\/posts\/22777\/revisions\/22786"}],"wp:featuredmedia":[{"embeddable":true,"href":"https:\/\/puntodincontro.mx\/es\/wp-json\/wp\/v2\/media\/22783"}],"wp:attachment":[{"href":"https:\/\/puntodincontro.mx\/es\/wp-json\/wp\/v2\/media?parent=22777"}],"wp:term":[{"taxonomy":"category","embeddable":true,"href":"https:\/\/puntodincontro.mx\/es\/wp-json\/wp\/v2\/categories?post=22777"},{"taxonomy":"post_tag","embeddable":true,"href":"https:\/\/puntodincontro.mx\/es\/wp-json\/wp\/v2\/tags?post=22777"}],"curies":[{"name":"wp","href":"https:\/\/api.w.org\/{rel}","templated":true}]}}