{"id":22861,"date":"2025-07-02T09:52:51","date_gmt":"2025-07-02T15:52:51","guid":{"rendered":"https:\/\/puntodincontro.mx\/?p=22861"},"modified":"2025-07-02T10:04:33","modified_gmt":"2025-07-02T16:04:33","slug":"con-el-nuevo-acuerdo-12-anual-exportaciones-mexicanas-a-la-ue2","status":"publish","type":"post","link":"https:\/\/puntodincontro.mx\/es\/2025\/07\/02\/con-il-nuovo-accordo-12-annuo-esportazioni-messicane-verso-lue2\/","title":{"rendered":"\u00abCon el nuevo acuerdo, +12% anual en exportaciones mexicanas a la UE\u00bb"},"content":{"rendered":"<p class=\"translation-block\"><b>08:44 hrs.<\/b> - La modernizaci\u00f3n del acuerdo global entre M\u00e9xico y la Uni\u00f3n Europea promete revolucionar el panorama comercial, con pron\u00f3sticos de un aumento significativo en las exportaciones del pa\u00eds latinoamericano. Rogelio Granguillhome, jefe de la misi\u00f3n del gobierno encabezado por la presidente Sheinbaum ante la UE, afirm\u00f3 que las exportaciones al viejo continente podr\u00edan crecer un 12% anual.<\/p>\n\n\n\n<p class=\"translation-block\">En su intervenci\u00f3n en las Juntas Internacionales de la Confederaci\u00f3n Patronal de la Rep\u00fablica Mexicana (Coparmex), el diplom\u00e1tico reconoci\u00f3 que la revisi\u00f3n del texto ha tardado m\u00e1s de lo previsto, pero destac\u00f3 que \u00abla conclusi\u00f3n y la pr\u00f3xima firma del acuerdo modernizado tendr\u00e1n lugar en un momento crucial\u00bb. Este nuevo cap\u00edtulo, a\u00f1adi\u00f3, marcar\u00e1 \u00abuna nueva etapa de mayor eficiencia y competitividad en las relaciones entre M\u00e9xico y la UE, en un marco de normas claras y modernas, adaptadas a sus respectivas necesidades de crecimiento y desarrollo\u00bb.<\/p>\n\n\n\n<p>Durante la \u00faltima d\u00e9cada, las exportaciones mexicanas a la UE han crecido a una tasa promedio del 7% anual. Si bien es positiva, el funcionario consider\u00f3 esta cifra \u00abinsuficiente para responder a las demandas de crecimiento y competitividad de sectores clave\u00bb. Con el nuevo tratado, en un escenario de inversiones estables y condiciones comerciales favorables, Granguillhome afirm\u00f3 que \u00ablas exportaciones mexicanas podr\u00edan crecer un 12% anual, lo que implicar\u00eda duplicarlas en seis o siete a\u00f1os\u00bb.<\/p>\n\n\n\n<p>El gobierno de la presidente Claudia Sheinbaum, explic\u00f3, busca un impacto m\u00e1s amplio del acuerdo global, que no se limite al aumento de las exportaciones y las inversiones, sino que tambi\u00e9n se traduzca en una mejora significativa del empleo y el bienestar de los ciudadanos mexicanos.<\/p>\n\n\n\n<p class=\"translation-block\">La UE, a\u00f1adi\u00f3, ha expresado gran inter\u00e9s en el Plan M\u00e9xico \u2014el programa rector para el desarrollo del pa\u00eds en los pr\u00f3ximos a\u00f1os\u2014, especialmente en las \u00e1reas de innovaci\u00f3n y tecnolog\u00eda. Seg\u00fan Granguillhome, gracias al nuevo acuerdo, \u00ablas oportunidades no solo se multiplicar\u00e1n, sino que tambi\u00e9n ser\u00e1n m\u00e1s accesibles\u00bb.<\/p>\n\n\n\n<p>Durante su discurso, el embajador tambi\u00e9n se refiri\u00f3 al tema de las inversiones, destacando que la UE es la segunda mayor potencia en este \u00e1mbito en M\u00e9xico. La entrada en vigor del tratado ayudar\u00e1, afirm\u00f3, a atraer m\u00e1s proyectos europeos a territorio azteca, favoreciendo un crecimiento estable y predecible.<\/p>\n\n\n\n<p>Los sectores con mayores oportunidades incluyen la manufactura para la electromovilidad, el sector automotor, la aeron\u00e1utica, la agroindustria y la industria farmac\u00e9utica.<\/p>\n\n\n\n<p>El diplom\u00e1tico concluy\u00f3 afirmando que el acuerdo global, cuya concreci\u00f3n se prev\u00e9 entre finales de este a\u00f1o y principios de 2026, abrir\u00e1 una etapa mucho m\u00e1s fruct\u00edfera en las relaciones bilaterales, en la que la industria mexicana ser\u00e1 protagonista y la Coparmex desempe\u00f1ar\u00e1 un papel fundamental.<\/p>\n\n\n\n<p class=\"has-small-font-size\">Foto: eldiariodelnoroeste.mx<\/p>\n\n\n\n<div style=\"height:12px\" aria-hidden=\"true\" class=\"wp-block-spacer\"><\/div>\n\n\n<!-- Ad space powered by WP AdCenter v2.5.7 - https:\/\/wpadcenter.com\/ --><div class=\"wpadcenter-adgroup\" ><div class=\"wpadcenter-adgroup__row wpadcenter-aligncenter\"><div class=\"wpadcenter-ad-container\" ><div id=\"wpadcenter-ad-18464\" class=\"ad-placement\"><div class=\"wpadcenter-ad-inner\" ><a id=\"wpadcenter_ad\" data-value=\"18464\" data-placement=\"\" href=\"https:\/\/www.productosremo.com\/\" target=\"_blank\" class=\"wpadcenter-ad-inner__item\" ><img decoding=\"async\"   src=\"https:\/\/puntodincontro.mx\/wp-content\/uploads\/2021\/08\/remobanner.jpg\" class=\"attachment-post-thumbnail size-post-thumbnail wp-post-image\" alt=\"\" srcset=\"https:\/\/puntodincontro.mx\/wp-content\/uploads\/2021\/08\/remobanner.jpg 200w, https:\/\/puntodincontro.mx\/wp-content\/uploads\/2021\/08\/remobanner-16x5.jpg 16w\" sizes=\"(max-width: 200px) 100vw, 200px\" \/><\/a><\/div><\/div><\/div><div class=\"wpadcenter-ad-container\" ><div id=\"wpadcenter-ad-5305\" class=\"ad-placement\"><div class=\"wpadcenter-ad-inner\" ><a id=\"wpadcenter_ad\" data-value=\"5305\" data-placement=\"\" href=\"https:\/\/ambcittadelmessico.esteri.it\/ambasciata_cittadelmessico\/it\/\" target=\"_blank\" class=\"wpadcenter-ad-inner__item\" ><img decoding=\"async\"   src=\"https:\/\/puntodincontro.mx\/wp-content\/uploads\/2022\/05\/Ambasciata.jpg\" class=\"attachment-post-thumbnail size-post-thumbnail wp-post-image\" alt=\"\" srcset=\"https:\/\/puntodincontro.mx\/wp-content\/uploads\/2022\/05\/Ambasciata.jpg 200w, https:\/\/puntodincontro.mx\/wp-content\/uploads\/2022\/05\/Ambasciata-18x5.jpg 18w\" sizes=\"(max-width: 200px) 100vw, 200px\" \/><\/a><\/div><\/div><\/div><div class=\"wpadcenter-ad-container\" ><div id=\"wpadcenter-ad-3781\" class=\"ad-placement\"><div class=\"wpadcenter-ad-inner\" ><a id=\"wpadcenter_ad\" data-value=\"3781\" data-placement=\"\" href=\"https:\/\/cannizzo.com.mx\/\" target=\"_blank\" class=\"wpadcenter-ad-inner__item\" ><img decoding=\"async\"   src=\"https:\/\/puntodincontro.mx\/wp-content\/uploads\/2022\/03\/cannizzo2.jpg\" class=\"attachment-post-thumbnail size-post-thumbnail wp-post-image\" alt=\"\" srcset=\"https:\/\/puntodincontro.mx\/wp-content\/uploads\/2022\/03\/cannizzo2.jpg 200w, https:\/\/puntodincontro.mx\/wp-content\/uploads\/2022\/03\/cannizzo2-18x5.jpg 18w\" sizes=\"(max-width: 200px) 100vw, 200px\" \/><\/a><\/div><\/div><\/div><\/div><div class=\"wpadcenter-adgroup__row wpadcenter-aligncenter\"><div class=\"wpadcenter-ad-container\" ><div id=\"wpadcenter-ad-1704\" class=\"ad-placement\"><div class=\"wpadcenter-ad-inner\" ><a id=\"wpadcenter_ad\" data-value=\"1704\" data-placement=\"\" href=\"https:\/\/puntodincontro.mx\/es\/2021\/12\/24\/inps-verificacion-de-supervivencia-de-los-pensionados-en-el-extranjero\/\" target=\"_blank\" class=\"wpadcenter-ad-inner__item\" ><img decoding=\"async\"   src=\"https:\/\/puntodincontro.mx\/wp-content\/uploads\/2021\/11\/logo-ital.jpg\" class=\"attachment-post-thumbnail size-post-thumbnail wp-post-image\" alt=\"Patronato ITAL Messico\" srcset=\"https:\/\/puntodincontro.mx\/wp-content\/uploads\/2021\/11\/logo-ital.jpg 200w, https:\/\/puntodincontro.mx\/wp-content\/uploads\/2021\/11\/logo-ital-16x5.jpg 16w\" sizes=\"(max-width: 200px) 100vw, 200px\" \/><\/a><\/div><\/div><\/div><div class=\"wpadcenter-ad-container\" ><div id=\"wpadcenter-ad-1538\" class=\"ad-placement\"><div class=\"wpadcenter-ad-inner\" ><a id=\"wpadcenter_ad\" data-value=\"1538\" data-placement=\"\" href=\"https:\/\/asociacionitaliana.org\/\" target=\"_blank\" class=\"wpadcenter-ad-inner__item\" ><img decoding=\"async\"   src=\"https:\/\/puntodincontro.mx\/wp-content\/uploads\/2021\/11\/aialogo.jpg\" class=\"attachment-post-thumbnail size-post-thumbnail wp-post-image\" alt=\"Associazione Italiana di Assistenza IAP\" srcset=\"https:\/\/puntodincontro.mx\/wp-content\/uploads\/2021\/11\/aialogo.jpg 200w, https:\/\/puntodincontro.mx\/wp-content\/uploads\/2021\/11\/aialogo-18x5.jpg 18w\" sizes=\"(max-width: 200px) 100vw, 200px\" \/><\/a><\/div><\/div><\/div><div class=\"wpadcenter-ad-container\" ><div id=\"wpadcenter-ad-1513\" class=\"ad-placement\"><div class=\"wpadcenter-ad-inner\" ><a id=\"wpadcenter_ad\" data-value=\"1513\" data-placement=\"\" href=\"https:\/\/gcinmuebles.mx\" target=\"_blank\" class=\"wpadcenter-ad-inner__item\" ><img decoding=\"async\"   src=\"https:\/\/puntodincontro.mx\/wp-content\/uploads\/2021\/10\/gcinmuebleslogopunto-1.jpg\" class=\"attachment-post-thumbnail size-post-thumbnail wp-post-image\" alt=\"\" srcset=\"https:\/\/puntodincontro.mx\/wp-content\/uploads\/2021\/10\/gcinmuebleslogopunto-1.jpg 200w, https:\/\/puntodincontro.mx\/wp-content\/uploads\/2021\/10\/gcinmuebleslogopunto-1-18x5.jpg 18w\" sizes=\"(max-width: 200px) 100vw, 200px\" \/><\/a><\/div><\/div><\/div><\/div><div class=\"wpadcenter-adgroup__row wpadcenter-aligncenter\"><div class=\"wpadcenter-ad-container\" ><div id=\"wpadcenter-ad-1374\" class=\"ad-placement\"><div class=\"wpadcenter-ad-inner\" ><a id=\"wpadcenter_ad\" data-value=\"1374\" data-placement=\"\" href=\"https:\/\/www.9colonne.it\/\" target=\"_blank\" class=\"wpadcenter-ad-inner__item\" ><img decoding=\"async\"   src=\"https:\/\/puntodincontro.mx\/wp-content\/uploads\/2021\/10\/Banner9colonne.gif\" class=\"attachment-post-thumbnail size-post-thumbnail wp-post-image\" alt=\"\" \/><\/a><\/div><\/div><\/div><div class=\"wpadcenter-ad-container\" ><div id=\"wpadcenter-ad-276\" class=\"ad-placement\"><div class=\"wpadcenter-ad-inner\" ><a id=\"wpadcenter_ad\" data-value=\"276\" data-placement=\"\" href=\"http:\/\/www.camaraitaliana.mx\/\" target=\"_blank\" class=\"wpadcenter-ad-inner__item\" ><img decoding=\"async\"   src=\"https:\/\/puntodincontro.mx\/wp-content\/uploads\/2021\/08\/ccimnuovo.jpg\" class=\"attachment-post-thumbnail size-post-thumbnail wp-post-image\" alt=\"\" srcset=\"https:\/\/puntodincontro.mx\/wp-content\/uploads\/2021\/08\/ccimnuovo.jpg 200w, https:\/\/puntodincontro.mx\/wp-content\/uploads\/2021\/08\/ccimnuovo-18x5.jpg 18w\" sizes=\"(max-width: 200px) 100vw, 200px\" \/><\/a><\/div><\/div><\/div><div class=\"wpadcenter-ad-container\" ><div id=\"wpadcenter-ad-272\" class=\"ad-placement\"><div class=\"wpadcenter-ad-inner\" ><a id=\"wpadcenter_ad\" data-value=\"272\" data-placement=\"\" href=\"http:\/\/corix.us\/\" target=\"_blank\" class=\"wpadcenter-ad-inner__item\" ><img decoding=\"async\"   src=\"https:\/\/puntodincontro.mx\/wp-content\/uploads\/2021\/08\/corixbanner-1.jpg\" class=\"attachment-post-thumbnail size-post-thumbnail wp-post-image\" alt=\"\" srcset=\"https:\/\/puntodincontro.mx\/wp-content\/uploads\/2021\/08\/corixbanner-1.jpg 200w, https:\/\/puntodincontro.mx\/wp-content\/uploads\/2021\/08\/corixbanner-1-16x5.jpg 16w\" sizes=\"(max-width: 200px) 100vw, 200px\" \/><\/a><\/div><\/div><\/div><\/div><div class=\"wpadcenter-adgroup__row wpadcenter-aligncenter\"><div class=\"wpadcenter-ad-container\" ><div id=\"wpadcenter-ad-266\" class=\"ad-placement\"><div class=\"wpadcenter-ad-inner\" ><a id=\"wpadcenter_ad\" data-value=\"266\" data-placement=\"\" href=\"https:\/\/www.prinsel.com.mx\/\" target=\"_blank\" class=\"wpadcenter-ad-inner__item\" ><img decoding=\"async\"   src=\"https:\/\/puntodincontro.mx\/wp-content\/uploads\/2021\/08\/prinselbanner-1.jpg\" class=\"attachment-post-thumbnail size-post-thumbnail wp-post-image\" alt=\"\" srcset=\"https:\/\/puntodincontro.mx\/wp-content\/uploads\/2021\/08\/prinselbanner-1.jpg 200w, https:\/\/puntodincontro.mx\/wp-content\/uploads\/2021\/08\/prinselbanner-1-16x5.jpg 16w\" sizes=\"(max-width: 200px) 100vw, 200px\" \/><\/a><\/div><\/div><\/div><div class=\"wpadcenter-ad-container\" ><div id=\"wpadcenter-ad-261\" class=\"ad-placement\"><div class=\"wpadcenter-ad-inner\" ><a id=\"wpadcenter_ad\" data-value=\"261\" data-placement=\"\" href=\"https:\/\/faitalia.com.mx\/\" target=\"_blank\" class=\"wpadcenter-ad-inner__item\" ><img decoding=\"async\"   src=\"https:\/\/puntodincontro.mx\/wp-content\/uploads\/2021\/08\/gruppodino.jpg\" class=\"attachment-post-thumbnail size-post-thumbnail wp-post-image\" alt=\"\" srcset=\"https:\/\/puntodincontro.mx\/wp-content\/uploads\/2021\/08\/gruppodino.jpg 200w, https:\/\/puntodincontro.mx\/wp-content\/uploads\/2021\/08\/gruppodino-18x5.jpg 18w\" sizes=\"(max-width: 200px) 100vw, 200px\" \/><\/a><\/div><\/div><\/div><\/div><\/div>\n\n\n<div style=\"height:12px\" aria-hidden=\"true\" class=\"wp-block-spacer\"><\/div>","protected":false},"excerpt":{"rendered":"<p>Ore 08:44 &#8211; La modernizzazione dell&#8217;accordo globale tra il Messico e l&#8217;Unione europea promette di rivoluzionare il panorama commerciale, con previsioni di un notevole aumento delle esportazioni del Paese latinoamericano. Rogelio Granguillhome, capo della missione del governo guidato dalla presidente Sheinbaum presso l&#8217;Ue, ha dichiarato che le esportazioni verso il vecchio continente potrebbero crescere del 12% annuo. Intervenendo alle Juntas Internacionales della Confederaci\u00f3n Patronal de la Rep\u00fablica Mexicana (Coparmex), il diplomatico ha riconosciuto che la revisione del testo ha richiesto pi\u00f9 tempo del previsto, ma ha sottolineato che \u00abla conclusione e la prossima firma dell&#8217;intesa modernizzata avverranno in un momento&#8230; <\/p>","protected":false},"author":2,"featured_media":22868,"comment_status":"open","ping_status":"open","sticky":false,"template":"","format":"standard","meta":{"_monsterinsights_skip_tracking":false,"_monsterinsights_sitenote_active":false,"_monsterinsights_sitenote_note":"","_monsterinsights_sitenote_category":0,"footnotes":""},"categories":[3],"tags":[],"class_list":["post-22861","post","type-post","status-publish","format-standard","has-post-thumbnail","hentry","category-economia-e-finanza"],"yoast_head":"<!-- This site is optimized with the Yoast SEO Premium plugin v18.4 (Yoast SEO v25.6) - https:\/\/yoast.com\/wordpress\/plugins\/seo\/ -->\n<title>\u00abCon il nuovo accordo, +12% esportazioni dal Messico all&#039;Ue\u00bb<\/title>\n<meta name=\"description\" content=\"La modernizzazione dell&#039;accordo globale tra il Messico e l&#039;Unione europea promette di rivoluzionare il panorama commerciale.\" \/>\n<meta name=\"robots\" content=\"index, follow, max-snippet:-1, max-image-preview:large, max-video-preview:-1\" \/>\n<link rel=\"canonical\" href=\"https:\/\/puntodincontro.mx\/es\/2025\/07\/02\/con-el-nuevo-acuerdo-12-anual-exportaciones-mexicanas-a-la-ue2\/\" \/>\n<meta property=\"og:locale\" content=\"es_MX\" \/>\n<meta property=\"og:type\" content=\"article\" \/>\n<meta property=\"og:title\" content=\"\u00abCon il nuovo accordo, +12% annuo esportazioni messicane verso l&#039;Ue\u00bb\" \/>\n<meta property=\"og:description\" content=\"La modernizzazione dell&#039;accordo globale tra il Messico e l&#039;Unione europea promette di rivoluzionare il panorama commerciale.\" \/>\n<meta property=\"og:url\" content=\"https:\/\/puntodincontro.mx\/es\/2025\/07\/02\/con-el-nuevo-acuerdo-12-anual-exportaciones-mexicanas-a-la-ue2\/\" \/>\n<meta property=\"og:site_name\" content=\"Puntodincontro\" \/>\n<meta property=\"article:publisher\" content=\"https:\/\/www.facebook.com\/puntodincontro.mx\" \/>\n<meta property=\"article:published_time\" content=\"2025-07-02T15:52:51+00:00\" \/>\n<meta property=\"article:modified_time\" content=\"2025-07-02T16:04:33+00:00\" \/>\n<meta property=\"og:image\" content=\"https:\/\/puntodincontro.mx\/wp-content\/uploads\/2025\/07\/mexicouepuntocomp2.jpg\" \/>\n\t<meta property=\"og:image:width\" content=\"932\" \/>\n\t<meta property=\"og:image:height\" content=\"488\" \/>\n\t<meta property=\"og:image:type\" content=\"image\/jpeg\" \/>\n<meta name=\"author\" content=\"Puntodincontro\" \/>\n<meta name=\"twitter:card\" content=\"summary_large_image\" \/>\n<meta name=\"twitter:creator\" content=\"@puntodincontro\" \/>\n<meta name=\"twitter:site\" content=\"@puntodincontro\" \/>\n<meta name=\"twitter:label1\" content=\"Escrito por\" \/>\n\t<meta name=\"twitter:data1\" content=\"Puntodincontro\" \/>\n\t<meta name=\"twitter:label2\" content=\"Tiempo de lectura\" \/>\n\t<meta name=\"twitter:data2\" content=\"2 minutos\" \/>\n<script type=\"application\/ld+json\" class=\"yoast-schema-graph\">{\"@context\":\"https:\/\/schema.org\",\"@graph\":[{\"@type\":\"NewsArticle\",\"@id\":\"https:\/\/puntodincontro.mx\/2025\/07\/02\/con-il-nuovo-accordo-12-annuo-esportazioni-messicane-verso-lue2\/#article\",\"isPartOf\":{\"@id\":\"https:\/\/puntodincontro.mx\/2025\/07\/02\/con-il-nuovo-accordo-12-annuo-esportazioni-messicane-verso-lue2\/\"},\"author\":{\"name\":\"Puntodincontro\",\"@id\":\"https:\/\/puntodincontro.mx\/#\/schema\/person\/d3066d18a16259cbb0c29b0d0e93b556\"},\"headline\":\"\u00abCon il nuovo accordo, +12% annuo esportazioni messicane verso l&#8217;Ue\u00bb\",\"datePublished\":\"2025-07-02T15:52:51+00:00\",\"dateModified\":\"2025-07-02T16:04:33+00:00\",\"mainEntityOfPage\":{\"@id\":\"https:\/\/puntodincontro.mx\/2025\/07\/02\/con-il-nuovo-accordo-12-annuo-esportazioni-messicane-verso-lue2\/\"},\"wordCount\":442,\"commentCount\":0,\"publisher\":{\"@id\":\"https:\/\/puntodincontro.mx\/#organization\"},\"image\":{\"@id\":\"https:\/\/puntodincontro.mx\/2025\/07\/02\/con-il-nuovo-accordo-12-annuo-esportazioni-messicane-verso-lue2\/#primaryimage\"},\"thumbnailUrl\":\"https:\/\/puntodincontro.mx\/wp-content\/uploads\/2025\/07\/mexicouepuntovert.webp\",\"articleSection\":[\"Economia e finanza\"],\"inLanguage\":\"es\",\"potentialAction\":[{\"@type\":\"CommentAction\",\"name\":\"Comment\",\"target\":[\"https:\/\/puntodincontro.mx\/2025\/07\/02\/con-il-nuovo-accordo-12-annuo-esportazioni-messicane-verso-lue2\/#respond\"]}]},{\"@type\":\"WebPage\",\"@id\":\"https:\/\/puntodincontro.mx\/2025\/07\/02\/con-il-nuovo-accordo-12-annuo-esportazioni-messicane-verso-lue2\/\",\"url\":\"https:\/\/puntodincontro.mx\/2025\/07\/02\/con-il-nuovo-accordo-12-annuo-esportazioni-messicane-verso-lue2\/\",\"name\":\"\u00abCon il nuovo accordo, +12% esportazioni dal Messico all'Ue\u00bb\",\"isPartOf\":{\"@id\":\"https:\/\/puntodincontro.mx\/#website\"},\"primaryImageOfPage\":{\"@id\":\"https:\/\/puntodincontro.mx\/2025\/07\/02\/con-il-nuovo-accordo-12-annuo-esportazioni-messicane-verso-lue2\/#primaryimage\"},\"image\":{\"@id\":\"https:\/\/puntodincontro.mx\/2025\/07\/02\/con-il-nuovo-accordo-12-annuo-esportazioni-messicane-verso-lue2\/#primaryimage\"},\"thumbnailUrl\":\"https:\/\/puntodincontro.mx\/wp-content\/uploads\/2025\/07\/mexicouepuntovert.webp\",\"datePublished\":\"2025-07-02T15:52:51+00:00\",\"dateModified\":\"2025-07-02T16:04:33+00:00\",\"description\":\"La modernizzazione dell'accordo globale tra il Messico e l'Unione europea promette di rivoluzionare il panorama commerciale.\",\"breadcrumb\":{\"@id\":\"https:\/\/puntodincontro.mx\/2025\/07\/02\/con-il-nuovo-accordo-12-annuo-esportazioni-messicane-verso-lue2\/#breadcrumb\"},\"inLanguage\":\"es\",\"potentialAction\":[{\"@type\":\"ReadAction\",\"target\":[\"https:\/\/puntodincontro.mx\/2025\/07\/02\/con-il-nuovo-accordo-12-annuo-esportazioni-messicane-verso-lue2\/\"]}]},{\"@type\":\"ImageObject\",\"inLanguage\":\"es\",\"@id\":\"https:\/\/puntodincontro.mx\/2025\/07\/02\/con-il-nuovo-accordo-12-annuo-esportazioni-messicane-verso-lue2\/#primaryimage\",\"url\":\"https:\/\/puntodincontro.mx\/wp-content\/uploads\/2025\/07\/mexicouepuntovert.webp\",\"contentUrl\":\"https:\/\/puntodincontro.mx\/wp-content\/uploads\/2025\/07\/mexicouepuntovert.webp\",\"width\":423,\"height\":488,\"caption\":\"\u00abCon il nuovo accordo, +12% annuo esportazioni messicane verso l'Ue\u00bb \/ Foto: eldiariodelnoroeste.mx\"},{\"@type\":\"BreadcrumbList\",\"@id\":\"https:\/\/puntodincontro.mx\/2025\/07\/02\/con-il-nuovo-accordo-12-annuo-esportazioni-messicane-verso-lue2\/#breadcrumb\",\"itemListElement\":[{\"@type\":\"ListItem\",\"position\":1,\"name\":\"Home\",\"item\":\"https:\/\/puntodincontro.mx\/\"},{\"@type\":\"ListItem\",\"position\":2,\"name\":\"\u00abCon il nuovo accordo, +12% annuo esportazioni messicane verso l&#8217;Ue\u00bb\"}]},{\"@type\":\"WebSite\",\"@id\":\"https:\/\/puntodincontro.mx\/#website\",\"url\":\"https:\/\/puntodincontro.mx\/\",\"name\":\"Puntodincontro\",\"description\":\"Dal 2006 notizie sui rapporti Italia-Messico \/ Desde 2006 noticias sobre las relaciones entre Italia y M\u00e9xico\",\"publisher\":{\"@id\":\"https:\/\/puntodincontro.mx\/#organization\"},\"potentialAction\":[{\"@type\":\"SearchAction\",\"target\":{\"@type\":\"EntryPoint\",\"urlTemplate\":\"https:\/\/puntodincontro.mx\/?s={search_term_string}\"},\"query-input\":{\"@type\":\"PropertyValueSpecification\",\"valueRequired\":true,\"valueName\":\"search_term_string\"}}],\"inLanguage\":\"es\"},{\"@type\":\"Organization\",\"@id\":\"https:\/\/puntodincontro.mx\/#organization\",\"name\":\"Puntodincontro\",\"url\":\"https:\/\/puntodincontro.mx\/\",\"logo\":{\"@type\":\"ImageObject\",\"inLanguage\":\"es\",\"@id\":\"https:\/\/puntodincontro.mx\/#\/schema\/logo\/image\/\",\"url\":\"https:\/\/puntodincontro.mx\/wp-content\/uploads\/2021\/08\/Default-image-for-open-graph-settings.jpg\",\"contentUrl\":\"https:\/\/puntodincontro.mx\/wp-content\/uploads\/2021\/08\/Default-image-for-open-graph-settings.jpg\",\"width\":1200,\"height\":630,\"caption\":\"Puntodincontro\"},\"image\":{\"@id\":\"https:\/\/puntodincontro.mx\/#\/schema\/logo\/image\/\"},\"sameAs\":[\"https:\/\/www.facebook.com\/puntodincontro.mx\",\"https:\/\/x.com\/puntodincontro\",\"https:\/\/www.instagram.com\/puntodincontro.mx\/\",\"https:\/\/www.linkedin.com\/company\/puntodincontro\/\",\"https:\/\/www.youtube.com\/c\/puntodincontromessico\",\"https:\/\/www.patreon.com\/puntodincontro\",\"https:\/\/www.threads.net\/@puntodincontro.mx\"]},{\"@type\":\"Person\",\"@id\":\"https:\/\/puntodincontro.mx\/#\/schema\/person\/d3066d18a16259cbb0c29b0d0e93b556\",\"name\":\"Puntodincontro\",\"image\":{\"@type\":\"ImageObject\",\"inLanguage\":\"es\",\"@id\":\"https:\/\/puntodincontro.mx\/#\/schema\/person\/image\/\",\"url\":\"https:\/\/secure.gravatar.com\/avatar\/0e85b4b3b5e9d6bfcec6a4956d8cc63a?s=96&d=mm&r=g\",\"contentUrl\":\"https:\/\/secure.gravatar.com\/avatar\/0e85b4b3b5e9d6bfcec6a4956d8cc63a?s=96&d=mm&r=g\",\"caption\":\"Puntodincontro\"},\"url\":\"https:\/\/puntodincontro.mx\/es\/author\/puntodincontro\/\"}]}<\/script>\n<!-- \/ Yoast SEO Premium plugin. -->","yoast_head_json":{"title":"Con el nuevo acuerdo, +12% exportaciones de M\u00e9xico a la UE","description":"La modernizaci\u00f3n del acuerdo integral entre M\u00e9xico y la Uni\u00f3n Europea promete revolucionar el panorama comercial.","robots":{"index":"index","follow":"follow","max-snippet":"max-snippet:-1","max-image-preview":"max-image-preview:large","max-video-preview":"max-video-preview:-1"},"canonical":"https:\/\/puntodincontro.mx\/es\/2025\/07\/02\/con-el-nuevo-acuerdo-12-anual-exportaciones-mexicanas-a-la-ue2\/","og_locale":"es_MX","og_type":"article","og_title":"\u00abCon il nuovo accordo, +12% annuo esportazioni messicane verso l'Ue\u00bb","og_description":"La modernizzazione dell'accordo globale tra il Messico e l'Unione europea promette di rivoluzionare il panorama commerciale.","og_url":"https:\/\/puntodincontro.mx\/es\/2025\/07\/02\/con-el-nuevo-acuerdo-12-anual-exportaciones-mexicanas-a-la-ue2\/","og_site_name":"Puntodincontro","article_publisher":"https:\/\/www.facebook.com\/puntodincontro.mx","article_published_time":"2025-07-02T15:52:51+00:00","article_modified_time":"2025-07-02T16:04:33+00:00","og_image":[{"width":932,"height":488,"url":"https:\/\/puntodincontro.mx\/wp-content\/uploads\/2025\/07\/mexicouepuntocomp2.jpg","type":"image\/jpeg"}],"author":"Puntodincontro","twitter_card":"summary_large_image","twitter_creator":"@puntodincontro","twitter_site":"@puntodincontro","twitter_misc":{"Escrito por":"Puntodincontro","Tiempo de lectura":"2 minutos"},"schema":{"@context":"https:\/\/schema.org","@graph":[{"@type":"NewsArticle","@id":"https:\/\/puntodincontro.mx\/2025\/07\/02\/con-il-nuovo-accordo-12-annuo-esportazioni-messicane-verso-lue2\/#article","isPartOf":{"@id":"https:\/\/puntodincontro.mx\/2025\/07\/02\/con-il-nuovo-accordo-12-annuo-esportazioni-messicane-verso-lue2\/"},"author":{"name":"Puntodincontro","@id":"https:\/\/puntodincontro.mx\/#\/schema\/person\/d3066d18a16259cbb0c29b0d0e93b556"},"headline":"\u00abCon il nuovo accordo, +12% annuo esportazioni messicane verso l&#8217;Ue\u00bb","datePublished":"2025-07-02T15:52:51+00:00","dateModified":"2025-07-02T16:04:33+00:00","mainEntityOfPage":{"@id":"https:\/\/puntodincontro.mx\/2025\/07\/02\/con-il-nuovo-accordo-12-annuo-esportazioni-messicane-verso-lue2\/"},"wordCount":442,"commentCount":0,"publisher":{"@id":"https:\/\/puntodincontro.mx\/#organization"},"image":{"@id":"https:\/\/puntodincontro.mx\/2025\/07\/02\/con-il-nuovo-accordo-12-annuo-esportazioni-messicane-verso-lue2\/#primaryimage"},"thumbnailUrl":"https:\/\/puntodincontro.mx\/wp-content\/uploads\/2025\/07\/mexicouepuntovert.webp","articleSection":["Economia e finanza"],"inLanguage":"es","potentialAction":[{"@type":"CommentAction","name":"Comment","target":["https:\/\/puntodincontro.mx\/2025\/07\/02\/con-il-nuovo-accordo-12-annuo-esportazioni-messicane-verso-lue2\/#respond"]}]},{"@type":"WebPage","@id":"https:\/\/puntodincontro.mx\/2025\/07\/02\/con-il-nuovo-accordo-12-annuo-esportazioni-messicane-verso-lue2\/","url":"https:\/\/puntodincontro.mx\/2025\/07\/02\/con-il-nuovo-accordo-12-annuo-esportazioni-messicane-verso-lue2\/","name":"Con el nuevo acuerdo, +12% exportaciones de M\u00e9xico a la UE","isPartOf":{"@id":"https:\/\/puntodincontro.mx\/#website"},"primaryImageOfPage":{"@id":"https:\/\/puntodincontro.mx\/2025\/07\/02\/con-il-nuovo-accordo-12-annuo-esportazioni-messicane-verso-lue2\/#primaryimage"},"image":{"@id":"https:\/\/puntodincontro.mx\/2025\/07\/02\/con-il-nuovo-accordo-12-annuo-esportazioni-messicane-verso-lue2\/#primaryimage"},"thumbnailUrl":"https:\/\/puntodincontro.mx\/wp-content\/uploads\/2025\/07\/mexicouepuntovert.webp","datePublished":"2025-07-02T15:52:51+00:00","dateModified":"2025-07-02T16:04:33+00:00","description":"La modernizaci\u00f3n del acuerdo integral entre M\u00e9xico y la Uni\u00f3n Europea promete revolucionar el panorama comercial.","breadcrumb":{"@id":"https:\/\/puntodincontro.mx\/2025\/07\/02\/con-il-nuovo-accordo-12-annuo-esportazioni-messicane-verso-lue2\/#breadcrumb"},"inLanguage":"es","potentialAction":[{"@type":"ReadAction","target":["https:\/\/puntodincontro.mx\/2025\/07\/02\/con-il-nuovo-accordo-12-annuo-esportazioni-messicane-verso-lue2\/"]}]},{"@type":"ImageObject","inLanguage":"es","@id":"https:\/\/puntodincontro.mx\/2025\/07\/02\/con-il-nuovo-accordo-12-annuo-esportazioni-messicane-verso-lue2\/#primaryimage","url":"https:\/\/puntodincontro.mx\/wp-content\/uploads\/2025\/07\/mexicouepuntovert.webp","contentUrl":"https:\/\/puntodincontro.mx\/wp-content\/uploads\/2025\/07\/mexicouepuntovert.webp","width":423,"height":488,"caption":"\u00abCon il nuovo accordo, +12% annuo esportazioni messicane verso l'Ue\u00bb \/ Foto: eldiariodelnoroeste.mx"},{"@type":"BreadcrumbList","@id":"https:\/\/puntodincontro.mx\/2025\/07\/02\/con-il-nuovo-accordo-12-annuo-esportazioni-messicane-verso-lue2\/#breadcrumb","itemListElement":[{"@type":"ListItem","position":1,"name":"Home","item":"https:\/\/puntodincontro.mx\/"},{"@type":"ListItem","position":2,"name":"\u00abCon il nuovo accordo, +12% annuo esportazioni messicane verso l&#8217;Ue\u00bb"}]},{"@type":"WebSite","@id":"https:\/\/puntodincontro.mx\/#website","url":"https:\/\/puntodincontro.mx\/","name":"Puntodincontro","description":"Desde el 2006 noticias sobre las relaciones entre Italia y M\u00e9xico \/ Dal 2006 notizie sui rapporti Italia-Messico","publisher":{"@id":"https:\/\/puntodincontro.mx\/#organization"},"potentialAction":[{"@type":"SearchAction","target":{"@type":"EntryPoint","urlTemplate":"https:\/\/puntodincontro.mx\/?s={search_term_string}"},"query-input":{"@type":"PropertyValueSpecification","valueRequired":true,"valueName":"search_term_string"}}],"inLanguage":"es"},{"@type":"Organization","@id":"https:\/\/puntodincontro.mx\/#organization","name":"Puntodincontro","url":"https:\/\/puntodincontro.mx\/","logo":{"@type":"ImageObject","inLanguage":"es","@id":"https:\/\/puntodincontro.mx\/#\/schema\/logo\/image\/","url":"https:\/\/puntodincontro.mx\/wp-content\/uploads\/2021\/08\/Default-image-for-open-graph-settings.jpg","contentUrl":"https:\/\/puntodincontro.mx\/wp-content\/uploads\/2021\/08\/Default-image-for-open-graph-settings.jpg","width":1200,"height":630,"caption":"Puntodincontro"},"image":{"@id":"https:\/\/puntodincontro.mx\/#\/schema\/logo\/image\/"},"sameAs":["https:\/\/www.facebook.com\/puntodincontro.mx","https:\/\/x.com\/puntodincontro","https:\/\/www.instagram.com\/puntodincontro.mx\/","https:\/\/www.linkedin.com\/company\/puntodincontro\/","https:\/\/www.youtube.com\/c\/puntodincontromessico","https:\/\/www.patreon.com\/puntodincontro","https:\/\/www.threads.net\/@puntodincontro.mx"]},{"@type":"Person","@id":"https:\/\/puntodincontro.mx\/#\/schema\/person\/d3066d18a16259cbb0c29b0d0e93b556","name":"Puntodincontro","image":{"@type":"ImageObject","inLanguage":"es","@id":"https:\/\/puntodincontro.mx\/#\/schema\/person\/image\/","url":"https:\/\/secure.gravatar.com\/avatar\/0e85b4b3b5e9d6bfcec6a4956d8cc63a?s=96&d=mm&r=g","contentUrl":"https:\/\/secure.gravatar.com\/avatar\/0e85b4b3b5e9d6bfcec6a4956d8cc63a?s=96&d=mm&r=g","caption":"Puntodincontro"},"url":"https:\/\/puntodincontro.mx\/es\/author\/puntodincontro\/"}]}},"_links":{"self":[{"href":"https:\/\/puntodincontro.mx\/es\/wp-json\/wp\/v2\/posts\/22861"}],"collection":[{"href":"https:\/\/puntodincontro.mx\/es\/wp-json\/wp\/v2\/posts"}],"about":[{"href":"https:\/\/puntodincontro.mx\/es\/wp-json\/wp\/v2\/types\/post"}],"author":[{"embeddable":true,"href":"https:\/\/puntodincontro.mx\/es\/wp-json\/wp\/v2\/users\/2"}],"replies":[{"embeddable":true,"href":"https:\/\/puntodincontro.mx\/es\/wp-json\/wp\/v2\/comments?post=22861"}],"version-history":[{"count":6,"href":"https:\/\/puntodincontro.mx\/es\/wp-json\/wp\/v2\/posts\/22861\/revisions"}],"predecessor-version":[{"id":22867,"href":"https:\/\/puntodincontro.mx\/es\/wp-json\/wp\/v2\/posts\/22861\/revisions\/22867"}],"wp:featuredmedia":[{"embeddable":true,"href":"https:\/\/puntodincontro.mx\/es\/wp-json\/wp\/v2\/media\/22868"}],"wp:attachment":[{"href":"https:\/\/puntodincontro.mx\/es\/wp-json\/wp\/v2\/media?parent=22861"}],"wp:term":[{"taxonomy":"category","embeddable":true,"href":"https:\/\/puntodincontro.mx\/es\/wp-json\/wp\/v2\/categories?post=22861"},{"taxonomy":"post_tag","embeddable":true,"href":"https:\/\/puntodincontro.mx\/es\/wp-json\/wp\/v2\/tags?post=22861"}],"curies":[{"name":"wp","href":"https:\/\/api.w.org\/{rel}","templated":true}]}}