{"id":2292,"date":"2021-12-20T02:57:06","date_gmt":"2021-12-20T08:57:06","guid":{"rendered":"https:\/\/puntodincontro.mx\/?p=2292"},"modified":"2021-12-20T02:57:09","modified_gmt":"2021-12-20T08:57:09","slug":"ermenegildo-zegna-debuta-en-wall-street","status":"publish","type":"post","link":"https:\/\/puntodincontro.mx\/es\/2021\/12\/20\/ermenegildo-zegna-debutta-a-wall-street\/","title":{"rendered":"Ermenegildo Zegna debuta en Wall Street"},"content":{"rendered":"<p class=\"translation-block\"><strong>02:49 hrs.<\/strong> \u2013 \u00abEspero dar un ejemplo de valent\u00eda y orgullo del Made in Italy. Al elegir Nueva York, subimos el list\u00f3n. Estamos listos para arrancar\u00bb. Lo afirm\u00f3 Ermenegildo Zegna, CEO del Grupo Zegna, al comentar la llegada de la empresa a Wall Street. A las 9.30 en la costa este de los Estados Unidos de Am\u00e9rica (las 8.30 en el centro de M\u00e9xico y las 15.30 en Italia), con el rito de la 'campana' y la apertura del mercado, la marca de ropa de lujo masculina se convertir\u00e1 oficialmente en la primera de la moda italiana en cotizar en la bolsa de valores m\u00e1s famosa del mundo, el New York Stock Exchange (NYSE).<\/p>\n\n\n\n<p>La casa de ropa fundada en Trivero, Piamonte, en 1910, saldr\u00e1 al mercado a trav\u00e9s de una agregaci\u00f3n con Investindustrial Acquisition Corp (IIAC), veh\u00edculo corporativo de Investindustrial VII L.P., liderado por Sergio Ermotti, ex CEO de UBS. Zegna mantendr\u00e1 el control de la nueva entidad con el 66% de las acciones. El valor inicial global ser\u00e1 de aproximadamente 3.2 mil millones de d\u00f3lares.<\/p>\n\n\n\n<p>El debut en el mercado financiero neoyorquino marca lo que ser\u00e1 un punto culminante despu\u00e9s del momento m\u00e1s dram\u00e1tico, para muchas empresas, de la pandemia de Covid, que provoc\u00f3 el colapso de los ingresos y el cierre de muchas tiendas.<\/p>\n\n\n\n<p>Seg\u00fan datos de Bain Consulting Group, la marca italiana registr\u00f3 un crecimiento del 30% respecto a 2020. \u00abEste fue el a\u00f1o de Italia\u00bb \u2014coment\u00f3 Zegna en una entrevista con el New York Times\u2014 \u00abser\u00e1 el a\u00f1o de nuestra historia y creo que tambi\u00e9n el del resto de la industria. Es el momento en el que Italia tiene tanta energ\u00eda que queremos afirmar nuestro papel en el mundo\u00bb. La marca cuenta con casi 300 tiendas en todo el mundo y se espera que cierre el a\u00f1o con unos ingresos de 1,200 millones de euros.<\/p>\n\n\n\n<p>Al ingresar al NYSE, Zegna lanza un desaf\u00edo a gigantes del lujo como Louis Vuitton, Tiffany &amp; Company y Dior. En el pasado hubo ofertas p\u00fablicas de adquisici\u00f3n en Wall Street por parte de otras marcas italianas, como Ferrari en 2015 y el grupo Luxottica en el '90, que luego se retir\u00f3 de la lista, mientras que otros dos protagonistas de la moda, Prada y Ferragamo, prefirieron cotizar en las bolsas de Hong Kong y Mil\u00e1n.<\/p>\n\n\n\n<div style=\"height:12px\" aria-hidden=\"true\" class=\"wp-block-spacer\"><\/div>\n\n\n\n\n\n<div style=\"height:12px\" aria-hidden=\"true\" class=\"wp-block-spacer\"><\/div>","protected":false},"excerpt":{"rendered":"<p>Ore 02.49 &#8211; \u00abSpero di dare un esempio sull&#8217;essere coraggiosi e orgogliosi del Made in Italy. Scegliendo New York abbiamo alzato l&#8217;asticella. Siamo pronti a partire\u00bb. Lo ha detto Ermenegildo Zegna, amministratore delegato del Gruppo Zegna, commentando lo sbarco dell&#8217;azienda a Wall Street. Alle 9,30 della costa orientale degli Stati Uniti d&#8217;America (le 8,30 nel Messico centrale e le 15,30 in Italia), con il rito della &#8216;campanella&#8217; e l&#8217;apertura delle contrattazioni, il marchio di abbigliamento di lusso maschile diventer\u00e0 ufficialmente il primo della moda italiana a quotarsi alla Borsa pi\u00f9 famosa del mondo, il New York Stock Exchange (NYSE). La&#8230; <\/p>","protected":false},"author":2,"featured_media":2294,"comment_status":"open","ping_status":"open","sticky":false,"template":"","format":"standard","meta":{"_monsterinsights_skip_tracking":false,"_monsterinsights_sitenote_active":false,"_monsterinsights_sitenote_note":"","_monsterinsights_sitenote_category":0,"footnotes":""},"categories":[3],"tags":[],"class_list":["post-2292","post","type-post","status-publish","format-standard","has-post-thumbnail","hentry","category-economia-e-finanza"],"yoast_head":"<!-- This site is optimized with the Yoast SEO Premium plugin v18.4 (Yoast SEO v25.6) - https:\/\/yoast.com\/wordpress\/plugins\/seo\/ -->\n<title>Ermenegildo Zegna debutta a Wall Street Puntodincontro<\/title>\n<meta name=\"description\" content=\"\u00abSpero di dare un esempio sull&#039;essere coraggiosi e orgogliosi del Made in Italy. Scegliendo New York abbiamo alzato l&#039;asticella. Siamo pronti a partire\u00bb. Lo ha detto Ermenegildo Zegna, amministratore delegato del Gruppo Zegna, commentando lo sbarco dell&#039;azienda a Wall Street. Alle 9,30 della costa orientale degli Stati Uniti d&#039;America (le 8,30 nel Messico centrale e le 15,30 in Italia), con il rito della &#039;campanella&#039; e l&#039;apertura delle contrattazioni, il marchio di abbigliamento di lusso maschile diventer\u00e0 ufficialmente il primo della moda italiana a quotarsi alla Borsa pi\u00f9 famosa del mondo, il New York Stock Exchange (NYSE).\" \/>\n<meta name=\"robots\" content=\"index, follow, max-snippet:-1, max-image-preview:large, max-video-preview:-1\" \/>\n<link rel=\"canonical\" href=\"https:\/\/puntodincontro.mx\/es\/2021\/12\/20\/ermenegildo-zegna-debuta-en-wall-street\/\" \/>\n<meta property=\"og:locale\" content=\"es_MX\" \/>\n<meta property=\"og:type\" content=\"article\" \/>\n<meta property=\"og:title\" content=\"Ermenegildo Zegna debutta a Wall Street\" \/>\n<meta property=\"og:description\" content=\"\u00abSpero di dare un esempio sull&#039;essere coraggiosi e orgogliosi del Made in Italy. Scegliendo New York abbiamo alzato l&#039;asticella. Siamo pronti a partire\u00bb. Lo ha detto Ermenegildo Zegna, amministratore delegato del Gruppo Zegna, commentando lo sbarco dell&#039;azienda a Wall Street. Alle 9,30 della costa orientale degli Stati Uniti d&#039;America (le 8,30 nel Messico centrale e le 15,30 in Italia), con il rito della &#039;campanella&#039; e l&#039;apertura delle contrattazioni, il marchio di abbigliamento di lusso maschile diventer\u00e0 ufficialmente il primo della moda italiana a quotarsi alla Borsa pi\u00f9 famosa del mondo, il New York Stock Exchange (NYSE).\" \/>\n<meta property=\"og:url\" content=\"https:\/\/puntodincontro.mx\/es\/2021\/12\/20\/ermenegildo-zegna-debuta-en-wall-street\/\" \/>\n<meta property=\"og:site_name\" content=\"Puntodincontro\" \/>\n<meta property=\"article:publisher\" content=\"https:\/\/www.facebook.com\/puntodincontro.mx\" \/>\n<meta property=\"article:published_time\" content=\"2021-12-20T08:57:06+00:00\" \/>\n<meta property=\"article:modified_time\" content=\"2021-12-20T08:57:09+00:00\" \/>\n<meta property=\"og:image\" content=\"https:\/\/puntodincontro.mx\/wp-content\/uploads\/2021\/12\/zegnacittadelmessicovert.webp\" \/>\n\t<meta property=\"og:image:width\" content=\"423\" \/>\n\t<meta property=\"og:image:height\" content=\"488\" \/>\n\t<meta property=\"og:image:type\" content=\"image\/webp\" \/>\n<meta name=\"author\" content=\"Puntodincontro\" \/>\n<meta name=\"twitter:card\" content=\"summary_large_image\" \/>\n<meta name=\"twitter:creator\" content=\"@puntodincontro\" \/>\n<meta name=\"twitter:site\" content=\"@puntodincontro\" \/>\n<meta name=\"twitter:label1\" content=\"Escrito por\" \/>\n\t<meta name=\"twitter:data1\" content=\"Puntodincontro\" \/>\n\t<meta name=\"twitter:label2\" content=\"Tiempo de lectura\" \/>\n\t<meta name=\"twitter:data2\" content=\"2 minutos\" \/>\n<script type=\"application\/ld+json\" class=\"yoast-schema-graph\">{\"@context\":\"https:\/\/schema.org\",\"@graph\":[{\"@type\":\"NewsArticle\",\"@id\":\"https:\/\/puntodincontro.mx\/2021\/12\/20\/ermenegildo-zegna-debutta-a-wall-street\/#article\",\"isPartOf\":{\"@id\":\"https:\/\/puntodincontro.mx\/2021\/12\/20\/ermenegildo-zegna-debutta-a-wall-street\/\"},\"author\":{\"name\":\"Puntodincontro\",\"@id\":\"https:\/\/puntodincontro.mx\/#\/schema\/person\/d3066d18a16259cbb0c29b0d0e93b556\"},\"headline\":\"Ermenegildo Zegna debutta a Wall Street\",\"datePublished\":\"2021-12-20T08:57:06+00:00\",\"dateModified\":\"2021-12-20T08:57:09+00:00\",\"mainEntityOfPage\":{\"@id\":\"https:\/\/puntodincontro.mx\/2021\/12\/20\/ermenegildo-zegna-debutta-a-wall-street\/\"},\"wordCount\":361,\"commentCount\":0,\"publisher\":{\"@id\":\"https:\/\/puntodincontro.mx\/#organization\"},\"image\":{\"@id\":\"https:\/\/puntodincontro.mx\/2021\/12\/20\/ermenegildo-zegna-debutta-a-wall-street\/#primaryimage\"},\"thumbnailUrl\":\"https:\/\/puntodincontro.mx\/wp-content\/uploads\/2021\/12\/zegnacittadelmessicovert.webp\",\"articleSection\":[\"Economia e finanza\"],\"inLanguage\":\"es\",\"potentialAction\":[{\"@type\":\"CommentAction\",\"name\":\"Comment\",\"target\":[\"https:\/\/puntodincontro.mx\/2021\/12\/20\/ermenegildo-zegna-debutta-a-wall-street\/#respond\"]}]},{\"@type\":\"WebPage\",\"@id\":\"https:\/\/puntodincontro.mx\/2021\/12\/20\/ermenegildo-zegna-debutta-a-wall-street\/\",\"url\":\"https:\/\/puntodincontro.mx\/2021\/12\/20\/ermenegildo-zegna-debutta-a-wall-street\/\",\"name\":\"Ermenegildo Zegna debutta a Wall Street Puntodincontro\",\"isPartOf\":{\"@id\":\"https:\/\/puntodincontro.mx\/#website\"},\"primaryImageOfPage\":{\"@id\":\"https:\/\/puntodincontro.mx\/2021\/12\/20\/ermenegildo-zegna-debutta-a-wall-street\/#primaryimage\"},\"image\":{\"@id\":\"https:\/\/puntodincontro.mx\/2021\/12\/20\/ermenegildo-zegna-debutta-a-wall-street\/#primaryimage\"},\"thumbnailUrl\":\"https:\/\/puntodincontro.mx\/wp-content\/uploads\/2021\/12\/zegnacittadelmessicovert.webp\",\"datePublished\":\"2021-12-20T08:57:06+00:00\",\"dateModified\":\"2021-12-20T08:57:09+00:00\",\"description\":\"\u00abSpero di dare un esempio sull'essere coraggiosi e orgogliosi del Made in Italy. Scegliendo New York abbiamo alzato l'asticella. Siamo pronti a partire\u00bb. Lo ha detto Ermenegildo Zegna, amministratore delegato del Gruppo Zegna, commentando lo sbarco dell'azienda a Wall Street. Alle 9,30 della costa orientale degli Stati Uniti d'America (le 8,30 nel Messico centrale e le 15,30 in Italia), con il rito della 'campanella' e l'apertura delle contrattazioni, il marchio di abbigliamento di lusso maschile diventer\u00e0 ufficialmente il primo della moda italiana a quotarsi alla Borsa pi\u00f9 famosa del mondo, il New York Stock Exchange (NYSE).\",\"breadcrumb\":{\"@id\":\"https:\/\/puntodincontro.mx\/2021\/12\/20\/ermenegildo-zegna-debutta-a-wall-street\/#breadcrumb\"},\"inLanguage\":\"es\",\"potentialAction\":[{\"@type\":\"ReadAction\",\"target\":[\"https:\/\/puntodincontro.mx\/2021\/12\/20\/ermenegildo-zegna-debutta-a-wall-street\/\"]}]},{\"@type\":\"ImageObject\",\"inLanguage\":\"es\",\"@id\":\"https:\/\/puntodincontro.mx\/2021\/12\/20\/ermenegildo-zegna-debutta-a-wall-street\/#primaryimage\",\"url\":\"https:\/\/puntodincontro.mx\/wp-content\/uploads\/2021\/12\/zegnacittadelmessicovert.webp\",\"contentUrl\":\"https:\/\/puntodincontro.mx\/wp-content\/uploads\/2021\/12\/zegnacittadelmessicovert.webp\",\"width\":423,\"height\":488,\"caption\":\"Ermenegildo Zegna debutta a Wall Street\"},{\"@type\":\"BreadcrumbList\",\"@id\":\"https:\/\/puntodincontro.mx\/2021\/12\/20\/ermenegildo-zegna-debutta-a-wall-street\/#breadcrumb\",\"itemListElement\":[{\"@type\":\"ListItem\",\"position\":1,\"name\":\"Home\",\"item\":\"https:\/\/puntodincontro.mx\/\"},{\"@type\":\"ListItem\",\"position\":2,\"name\":\"Ermenegildo Zegna debutta a Wall Street\"}]},{\"@type\":\"WebSite\",\"@id\":\"https:\/\/puntodincontro.mx\/#website\",\"url\":\"https:\/\/puntodincontro.mx\/\",\"name\":\"Puntodincontro\",\"description\":\"Dal 2006 notizie sui rapporti Italia-Messico \/ Desde 2006 noticias sobre las relaciones entre Italia y M\u00e9xico\",\"publisher\":{\"@id\":\"https:\/\/puntodincontro.mx\/#organization\"},\"potentialAction\":[{\"@type\":\"SearchAction\",\"target\":{\"@type\":\"EntryPoint\",\"urlTemplate\":\"https:\/\/puntodincontro.mx\/?s={search_term_string}\"},\"query-input\":{\"@type\":\"PropertyValueSpecification\",\"valueRequired\":true,\"valueName\":\"search_term_string\"}}],\"inLanguage\":\"es\"},{\"@type\":\"Organization\",\"@id\":\"https:\/\/puntodincontro.mx\/#organization\",\"name\":\"Puntodincontro\",\"url\":\"https:\/\/puntodincontro.mx\/\",\"logo\":{\"@type\":\"ImageObject\",\"inLanguage\":\"es\",\"@id\":\"https:\/\/puntodincontro.mx\/#\/schema\/logo\/image\/\",\"url\":\"https:\/\/puntodincontro.mx\/wp-content\/uploads\/2021\/08\/Default-image-for-open-graph-settings.jpg\",\"contentUrl\":\"https:\/\/puntodincontro.mx\/wp-content\/uploads\/2021\/08\/Default-image-for-open-graph-settings.jpg\",\"width\":1200,\"height\":630,\"caption\":\"Puntodincontro\"},\"image\":{\"@id\":\"https:\/\/puntodincontro.mx\/#\/schema\/logo\/image\/\"},\"sameAs\":[\"https:\/\/www.facebook.com\/puntodincontro.mx\",\"https:\/\/x.com\/puntodincontro\",\"https:\/\/www.instagram.com\/puntodincontro.mx\/\",\"https:\/\/www.linkedin.com\/company\/puntodincontro\/\",\"https:\/\/www.youtube.com\/c\/puntodincontromessico\",\"https:\/\/www.patreon.com\/puntodincontro\",\"https:\/\/www.threads.net\/@puntodincontro.mx\"]},{\"@type\":\"Person\",\"@id\":\"https:\/\/puntodincontro.mx\/#\/schema\/person\/d3066d18a16259cbb0c29b0d0e93b556\",\"name\":\"Puntodincontro\",\"image\":{\"@type\":\"ImageObject\",\"inLanguage\":\"es\",\"@id\":\"https:\/\/puntodincontro.mx\/#\/schema\/person\/image\/\",\"url\":\"https:\/\/secure.gravatar.com\/avatar\/0e85b4b3b5e9d6bfcec6a4956d8cc63a?s=96&d=mm&r=g\",\"contentUrl\":\"https:\/\/secure.gravatar.com\/avatar\/0e85b4b3b5e9d6bfcec6a4956d8cc63a?s=96&d=mm&r=g\",\"caption\":\"Puntodincontro\"},\"url\":\"https:\/\/puntodincontro.mx\/es\/author\/puntodincontro\/\"}]}<\/script>\n<!-- \/ Yoast SEO Premium plugin. -->","yoast_head_json":{"title":"Ermenegildo Zegna debutta a Wall Street Puntodincontro","description":"\u00abSpero di dare un esempio sull'essere coraggiosi e orgogliosi del Made in Italy. Scegliendo New York abbiamo alzato l'asticella. Siamo pronti a partire\u00bb. Lo ha detto Ermenegildo Zegna, amministratore delegato del Gruppo Zegna, commentando lo sbarco dell'azienda a Wall Street. Alle 9,30 della costa orientale degli Stati Uniti d'America (le 8,30 nel Messico centrale e le 15,30 in Italia), con il rito della 'campanella' e l'apertura delle contrattazioni, il marchio di abbigliamento di lusso maschile diventer\u00e0 ufficialmente il primo della moda italiana a quotarsi alla Borsa pi\u00f9 famosa del mondo, il New York Stock Exchange (NYSE).","robots":{"index":"index","follow":"follow","max-snippet":"max-snippet:-1","max-image-preview":"max-image-preview:large","max-video-preview":"max-video-preview:-1"},"canonical":"https:\/\/puntodincontro.mx\/es\/2021\/12\/20\/ermenegildo-zegna-debuta-en-wall-street\/","og_locale":"es_MX","og_type":"article","og_title":"Ermenegildo Zegna debutta a Wall Street","og_description":"\u00abSpero di dare un esempio sull'essere coraggiosi e orgogliosi del Made in Italy. Scegliendo New York abbiamo alzato l'asticella. Siamo pronti a partire\u00bb. Lo ha detto Ermenegildo Zegna, amministratore delegato del Gruppo Zegna, commentando lo sbarco dell'azienda a Wall Street. Alle 9,30 della costa orientale degli Stati Uniti d'America (le 8,30 nel Messico centrale e le 15,30 in Italia), con il rito della 'campanella' e l'apertura delle contrattazioni, il marchio di abbigliamento di lusso maschile diventer\u00e0 ufficialmente il primo della moda italiana a quotarsi alla Borsa pi\u00f9 famosa del mondo, il New York Stock Exchange (NYSE).","og_url":"https:\/\/puntodincontro.mx\/es\/2021\/12\/20\/ermenegildo-zegna-debuta-en-wall-street\/","og_site_name":"Puntodincontro","article_publisher":"https:\/\/www.facebook.com\/puntodincontro.mx","article_published_time":"2021-12-20T08:57:06+00:00","article_modified_time":"2021-12-20T08:57:09+00:00","og_image":[{"width":423,"height":488,"url":"https:\/\/puntodincontro.mx\/wp-content\/uploads\/2021\/12\/zegnacittadelmessicovert.webp","type":"image\/webp"}],"author":"Puntodincontro","twitter_card":"summary_large_image","twitter_creator":"@puntodincontro","twitter_site":"@puntodincontro","twitter_misc":{"Escrito por":"Puntodincontro","Tiempo de lectura":"2 minutos"},"schema":{"@context":"https:\/\/schema.org","@graph":[{"@type":"NewsArticle","@id":"https:\/\/puntodincontro.mx\/2021\/12\/20\/ermenegildo-zegna-debutta-a-wall-street\/#article","isPartOf":{"@id":"https:\/\/puntodincontro.mx\/2021\/12\/20\/ermenegildo-zegna-debutta-a-wall-street\/"},"author":{"name":"Puntodincontro","@id":"https:\/\/puntodincontro.mx\/#\/schema\/person\/d3066d18a16259cbb0c29b0d0e93b556"},"headline":"Ermenegildo Zegna debutta a Wall Street","datePublished":"2021-12-20T08:57:06+00:00","dateModified":"2021-12-20T08:57:09+00:00","mainEntityOfPage":{"@id":"https:\/\/puntodincontro.mx\/2021\/12\/20\/ermenegildo-zegna-debutta-a-wall-street\/"},"wordCount":361,"commentCount":0,"publisher":{"@id":"https:\/\/puntodincontro.mx\/#organization"},"image":{"@id":"https:\/\/puntodincontro.mx\/2021\/12\/20\/ermenegildo-zegna-debutta-a-wall-street\/#primaryimage"},"thumbnailUrl":"https:\/\/puntodincontro.mx\/wp-content\/uploads\/2021\/12\/zegnacittadelmessicovert.webp","articleSection":["Economia e finanza"],"inLanguage":"es","potentialAction":[{"@type":"CommentAction","name":"Comment","target":["https:\/\/puntodincontro.mx\/2021\/12\/20\/ermenegildo-zegna-debutta-a-wall-street\/#respond"]}]},{"@type":"WebPage","@id":"https:\/\/puntodincontro.mx\/2021\/12\/20\/ermenegildo-zegna-debutta-a-wall-street\/","url":"https:\/\/puntodincontro.mx\/2021\/12\/20\/ermenegildo-zegna-debutta-a-wall-street\/","name":"Ermenegildo Zegna debutta a Wall Street Puntodincontro","isPartOf":{"@id":"https:\/\/puntodincontro.mx\/#website"},"primaryImageOfPage":{"@id":"https:\/\/puntodincontro.mx\/2021\/12\/20\/ermenegildo-zegna-debutta-a-wall-street\/#primaryimage"},"image":{"@id":"https:\/\/puntodincontro.mx\/2021\/12\/20\/ermenegildo-zegna-debutta-a-wall-street\/#primaryimage"},"thumbnailUrl":"https:\/\/puntodincontro.mx\/wp-content\/uploads\/2021\/12\/zegnacittadelmessicovert.webp","datePublished":"2021-12-20T08:57:06+00:00","dateModified":"2021-12-20T08:57:09+00:00","description":"\u00abSpero di dare un esempio sull'essere coraggiosi e orgogliosi del Made in Italy. Scegliendo New York abbiamo alzato l'asticella. Siamo pronti a partire\u00bb. Lo ha detto Ermenegildo Zegna, amministratore delegato del Gruppo Zegna, commentando lo sbarco dell'azienda a Wall Street. Alle 9,30 della costa orientale degli Stati Uniti d'America (le 8,30 nel Messico centrale e le 15,30 in Italia), con il rito della 'campanella' e l'apertura delle contrattazioni, il marchio di abbigliamento di lusso maschile diventer\u00e0 ufficialmente il primo della moda italiana a quotarsi alla Borsa pi\u00f9 famosa del mondo, il New York Stock Exchange (NYSE).","breadcrumb":{"@id":"https:\/\/puntodincontro.mx\/2021\/12\/20\/ermenegildo-zegna-debutta-a-wall-street\/#breadcrumb"},"inLanguage":"es","potentialAction":[{"@type":"ReadAction","target":["https:\/\/puntodincontro.mx\/2021\/12\/20\/ermenegildo-zegna-debutta-a-wall-street\/"]}]},{"@type":"ImageObject","inLanguage":"es","@id":"https:\/\/puntodincontro.mx\/2021\/12\/20\/ermenegildo-zegna-debutta-a-wall-street\/#primaryimage","url":"https:\/\/puntodincontro.mx\/wp-content\/uploads\/2021\/12\/zegnacittadelmessicovert.webp","contentUrl":"https:\/\/puntodincontro.mx\/wp-content\/uploads\/2021\/12\/zegnacittadelmessicovert.webp","width":423,"height":488,"caption":"Ermenegildo Zegna debutta a Wall Street"},{"@type":"BreadcrumbList","@id":"https:\/\/puntodincontro.mx\/2021\/12\/20\/ermenegildo-zegna-debutta-a-wall-street\/#breadcrumb","itemListElement":[{"@type":"ListItem","position":1,"name":"Home","item":"https:\/\/puntodincontro.mx\/"},{"@type":"ListItem","position":2,"name":"Ermenegildo Zegna debutta a Wall Street"}]},{"@type":"WebSite","@id":"https:\/\/puntodincontro.mx\/#website","url":"https:\/\/puntodincontro.mx\/","name":"Puntodincontro","description":"Desde el 2006 noticias sobre las relaciones entre Italia y M\u00e9xico \/ Dal 2006 notizie sui rapporti Italia-Messico","publisher":{"@id":"https:\/\/puntodincontro.mx\/#organization"},"potentialAction":[{"@type":"SearchAction","target":{"@type":"EntryPoint","urlTemplate":"https:\/\/puntodincontro.mx\/?s={search_term_string}"},"query-input":{"@type":"PropertyValueSpecification","valueRequired":true,"valueName":"search_term_string"}}],"inLanguage":"es"},{"@type":"Organization","@id":"https:\/\/puntodincontro.mx\/#organization","name":"Puntodincontro","url":"https:\/\/puntodincontro.mx\/","logo":{"@type":"ImageObject","inLanguage":"es","@id":"https:\/\/puntodincontro.mx\/#\/schema\/logo\/image\/","url":"https:\/\/puntodincontro.mx\/wp-content\/uploads\/2021\/08\/Default-image-for-open-graph-settings.jpg","contentUrl":"https:\/\/puntodincontro.mx\/wp-content\/uploads\/2021\/08\/Default-image-for-open-graph-settings.jpg","width":1200,"height":630,"caption":"Puntodincontro"},"image":{"@id":"https:\/\/puntodincontro.mx\/#\/schema\/logo\/image\/"},"sameAs":["https:\/\/www.facebook.com\/puntodincontro.mx","https:\/\/x.com\/puntodincontro","https:\/\/www.instagram.com\/puntodincontro.mx\/","https:\/\/www.linkedin.com\/company\/puntodincontro\/","https:\/\/www.youtube.com\/c\/puntodincontromessico","https:\/\/www.patreon.com\/puntodincontro","https:\/\/www.threads.net\/@puntodincontro.mx"]},{"@type":"Person","@id":"https:\/\/puntodincontro.mx\/#\/schema\/person\/d3066d18a16259cbb0c29b0d0e93b556","name":"Puntodincontro","image":{"@type":"ImageObject","inLanguage":"es","@id":"https:\/\/puntodincontro.mx\/#\/schema\/person\/image\/","url":"https:\/\/secure.gravatar.com\/avatar\/0e85b4b3b5e9d6bfcec6a4956d8cc63a?s=96&d=mm&r=g","contentUrl":"https:\/\/secure.gravatar.com\/avatar\/0e85b4b3b5e9d6bfcec6a4956d8cc63a?s=96&d=mm&r=g","caption":"Puntodincontro"},"url":"https:\/\/puntodincontro.mx\/es\/author\/puntodincontro\/"}]}},"_links":{"self":[{"href":"https:\/\/puntodincontro.mx\/es\/wp-json\/wp\/v2\/posts\/2292"}],"collection":[{"href":"https:\/\/puntodincontro.mx\/es\/wp-json\/wp\/v2\/posts"}],"about":[{"href":"https:\/\/puntodincontro.mx\/es\/wp-json\/wp\/v2\/types\/post"}],"author":[{"embeddable":true,"href":"https:\/\/puntodincontro.mx\/es\/wp-json\/wp\/v2\/users\/2"}],"replies":[{"embeddable":true,"href":"https:\/\/puntodincontro.mx\/es\/wp-json\/wp\/v2\/comments?post=2292"}],"version-history":[{"count":1,"href":"https:\/\/puntodincontro.mx\/es\/wp-json\/wp\/v2\/posts\/2292\/revisions"}],"predecessor-version":[{"id":2293,"href":"https:\/\/puntodincontro.mx\/es\/wp-json\/wp\/v2\/posts\/2292\/revisions\/2293"}],"wp:featuredmedia":[{"embeddable":true,"href":"https:\/\/puntodincontro.mx\/es\/wp-json\/wp\/v2\/media\/2294"}],"wp:attachment":[{"href":"https:\/\/puntodincontro.mx\/es\/wp-json\/wp\/v2\/media?parent=2292"}],"wp:term":[{"taxonomy":"category","embeddable":true,"href":"https:\/\/puntodincontro.mx\/es\/wp-json\/wp\/v2\/categories?post=2292"},{"taxonomy":"post_tag","embeddable":true,"href":"https:\/\/puntodincontro.mx\/es\/wp-json\/wp\/v2\/tags?post=2292"}],"curies":[{"name":"wp","href":"https:\/\/api.w.org\/{rel}","templated":true}]}}