{"id":2296,"date":"2021-12-20T04:27:45","date_gmt":"2021-12-20T10:27:45","guid":{"rendered":"https:\/\/puntodincontro.mx\/?p=2296"},"modified":"2021-12-20T06:57:30","modified_gmt":"2021-12-20T12:57:30","slug":"en-roma-la-xiv-conferencia-de-los-embajadores-de-italia-en-el-mundo","status":"publish","type":"post","link":"https:\/\/puntodincontro.mx\/es\/2021\/12\/20\/a-roma-la-xiv-conferenza-degli-ambasciatori-ditalia-nel-mondo\/","title":{"rendered":"En Roma la XIV Conferencia de los embajadores de Italia en el mundo"},"content":{"rendered":"<p class=\"translation-block\"><strong>04:19 hrs.<\/strong> \u2013 Hoy y ma\u00f1ana tiene lugar en Roma la XIV Conferencia de los embajadores de Italia en el mundo.<\/p>\n\n\n\n<p>\u00abMirando hacia atr\u00e1s en los \u00faltimos 7 a\u00f1os, solo puedo se\u00f1alar c\u00f3mo la actividad internacional no habr\u00eda sido posible sin la Canciller\u00eda, sin su disponibilidad, apoyo e indicaciones. Gracias a ustedes, la Rep\u00fablica sigue dando testimonio de los valores de la paz\u00bb, dijo el Presidente de la Rep\u00fablica, Sergio Mattarella, en su discurso.<\/p>\n\n\n\n<p>\u00abCon el lanzamiento de 'Next Generation'\u00bb \u2014a\u00f1adi\u00f3 el mandatario\u2014 \u00abEuropa ha logrado construir una respuesta articulada a los devastadores efectos econ\u00f3micos y sociales de la crisis. Una acci\u00f3n com\u00fan, fruto de una clara elecci\u00f3n, que surge de la conciencia de que los destinos y los intereses de los europeos est\u00e1n estrechamente entrelazados\u00bb.<\/p>\n\n\n\n<p>\u00abPor \u00faltimo, perm\u00edtanme, en esta \u00faltima ocasi\u00f3n en la que puedo dirigirme a su comunidad, expresarles mis mejores deseos para esta Navidad, el a\u00f1o nuevo y el futuro. A todos ustedes y a sus familias\u00bb, concluy\u00f3 Mattarella.<\/p>\n\n\n\n<p>\u00abLa propagaci\u00f3n del virus ha recordado a todos que hoy nos enfrentamos a un escenario global marcado por caracter\u00edsticas cada vez m\u00e1s inciertas, inesperadas e impredecibles. Por eso es tan importante la acci\u00f3n de las embajadoras y de los embajadores. Hoy m\u00e1s que nunca\u00bb, dijo el canciller Luigi Di Maio.<\/p>\n\n\n\n<p>\u00abLas relaciones internacionales\u00bb \u2014agreg\u00f3\u2014 \u00abya no son solo un \u201ctablero de ajedrez\u201d est\u00e1tico donde los Estados soberanos cooperan o se enfrentan entre s\u00ed protegidos por sus fronteras. El mundo de hoy es tambi\u00e9n, y quiz\u00e1s sobre todo, una red de conexiones e interdependencias din\u00e1micas: un conjunto de oportunidades importantes, pero tambi\u00e9n de desaf\u00edos complejos. Un mundo donde se ha vuelto imprescindible saber gestionar los m\u00faltiples flujos que lo atraviesan: flujos de personas, bienes, datos e informaci\u00f3n, capitales y tecnolog\u00edas\u00bb.<\/p>\n\n\n\n<p>\u00abPara navegar en este escenario que cambia r\u00e1pidamente\u00bb \u2014continu\u00f3 Di Maio\u2014 \u00abla diplomacia sigue siendo una herramienta esencial. De hecho, necesitamos una pol\u00edtica exterior capaz de interpretar y anticipar los cambios, de combinar el an\u00e1lisis pol\u00edtico y la promoci\u00f3n econ\u00f3mica. Necesitamos una diplomacia que tenga profundidad estrat\u00e9gica, un sentido de prioridades y una visi\u00f3n realista del papel internacional de Italia. Se necesitan herramientas innovadoras y recursos adecuados para un Ministerio de Relaciones Exteriores llamado a actuar con rapidez, eficacia y visi\u00f3n de futuro para proteger el inter\u00e9s nacional del pa\u00eds\u00bb.<\/p>\n\n\n\n<p>La conferencia de embajadoras y embajadores de Italia es una cita para el debate y la reflexi\u00f3n sobre la acci\u00f3n internacional del Bel Paese, que involucra a los jefes de misi\u00f3n y a la alta direcci\u00f3n del Ministerio de Asuntos Exteriores y Cooperaci\u00f3n Internacional. Naci\u00f3 en 1998 siguiendo el ejemplo de iniciativas similares en otros pa\u00edses europeos y no europeos y, a partir de 2004, se decidi\u00f3 nombrar el encuentro con un tema espec\u00edfico para orientar el rumbo del trabajo.<\/p>\n\n\n\n<p>Este a\u00f1o, la Canciller\u00eda vuelve a reunir en Roma a unos 100 jefes de misiones diplom\u00e1ticas italianas en el mundo y el tema es \u201cVolver a arrancar juntos: la contribuci\u00f3n de la pol\u00edtica exterior y europea de Italia a la transformaci\u00f3n del sistema internacional\u201d.<\/p>\n\n\n\n<div class=\"wp-block-image\"><figure class=\"aligncenter size-full\"><img loading=\"lazy\" decoding=\"async\" width=\"932\" height=\"626\" src=\"https:\/\/puntodincontro.mx\/wp-content\/uploads\/2021\/12\/mattarelladimaioambasciatori2.webp\" alt=\"\" class=\"wp-image-2305\" srcset=\"https:\/\/puntodincontro.mx\/wp-content\/uploads\/2021\/12\/mattarelladimaioambasciatori2.webp 932w, https:\/\/puntodincontro.mx\/wp-content\/uploads\/2021\/12\/mattarelladimaioambasciatori2-300x202.webp 300w, https:\/\/puntodincontro.mx\/wp-content\/uploads\/2021\/12\/mattarelladimaioambasciatori2-768x516.webp 768w, https:\/\/puntodincontro.mx\/wp-content\/uploads\/2021\/12\/mattarelladimaioambasciatori2-16x12.webp 16w\" sizes=\"(max-width: 932px) 100vw, 932px\" \/><\/figure><\/div>\n\n\n\n<div style=\"height:12px\" aria-hidden=\"true\" class=\"wp-block-spacer\"><\/div>\n\n\n\n\n\n<div style=\"height:12px\" aria-hidden=\"true\" class=\"wp-block-spacer\"><\/div>","protected":false},"excerpt":{"rendered":"<p>Ore 04.19 &#8211; Oggi e domani si svolge alla Farnesina la XIV Conferenza degli ambasciatori d&#8217;Italia nel mondo. \u00abNel volgere lo sguardo nei 7 anni passati non posso che rilevare come l&#8217;attivit\u00e0 internazione non sarebbe stata possibile senza il ministero degli Esteri, senza disponibilit\u00e0, sostegno e indicazioni. Grazie a voi la Repubblica continua nell&#8217;opera di testimonianza dei valori della pace\u00bb, ha detto il presidente della Repubblica, Sergio Mattarella. \u00abCon il lancio di \u201cNext Generation\u201d\u00bb \u2014ha aggiunto il capo dello Stato\u2014 \u00abl&#8217;Europa \u00e8 riuscita a costruire un&#8217;articolata risposta ai devastanti effetti economici e sociali della crisi. Un&#8217;azione comune, frutto di una&#8230; <\/p>","protected":false},"author":2,"featured_media":2298,"comment_status":"open","ping_status":"open","sticky":false,"template":"","format":"standard","meta":{"_monsterinsights_skip_tracking":false,"_monsterinsights_sitenote_active":false,"_monsterinsights_sitenote_note":"","_monsterinsights_sitenote_category":0,"footnotes":""},"categories":[5],"tags":[],"class_list":["post-2296","post","type-post","status-publish","format-standard","has-post-thumbnail","hentry","category-italia-nel-mondo"],"yoast_head":"<!-- This site is optimized with the Yoast SEO Premium plugin v18.4 (Yoast SEO v25.6) - https:\/\/yoast.com\/wordpress\/plugins\/seo\/ -->\n<title>A Roma la XIV Conferenza degli ambasciatori d&#039;Italia nel mondo Puntodincontro<\/title>\n<meta name=\"description\" content=\"Oggi e domani si svolge alla Farnesina la XIV Conferenza degli ambasciatori d&#039;Italia nel mondo. \u00abNel volgere lo sguardo nei 7 anni passati non posso che rilevare come l&#039;attivit\u00e0 internazione non sarebbe stata possibile senza il ministero degli Esteri, senza disponibilit\u00e0, sostegno e indicazioni. Grazie a voi la Repubblica continua nell&#039;opera di testimonianza dei valori della pace\u00bb, ha detto il presidente della Repubblica, Sergio Mattarella.\" \/>\n<meta name=\"robots\" content=\"index, follow, max-snippet:-1, max-image-preview:large, max-video-preview:-1\" \/>\n<link rel=\"canonical\" href=\"https:\/\/puntodincontro.mx\/es\/2021\/12\/20\/en-roma-la-xiv-conferencia-de-los-embajadores-de-italia-en-el-mundo\/\" \/>\n<meta property=\"og:locale\" content=\"es_MX\" \/>\n<meta property=\"og:type\" content=\"article\" \/>\n<meta property=\"og:title\" content=\"A Roma la XIV Conferenza degli ambasciatori d&#039;Italia nel mondo\" \/>\n<meta property=\"og:description\" content=\"Oggi e domani si svolge alla Farnesina la XIV Conferenza degli ambasciatori d&#039;Italia nel mondo. \u00abNel volgere lo sguardo nei 7 anni passati non posso che rilevare come l&#039;attivit\u00e0 internazione non sarebbe stata possibile senza il ministero degli Esteri, senza disponibilit\u00e0, sostegno e indicazioni. Grazie a voi la Repubblica continua nell&#039;opera di testimonianza dei valori della pace\u00bb, ha detto il presidente della Repubblica, Sergio Mattarella.\" \/>\n<meta property=\"og:url\" content=\"https:\/\/puntodincontro.mx\/es\/2021\/12\/20\/en-roma-la-xiv-conferencia-de-los-embajadores-de-italia-en-el-mundo\/\" \/>\n<meta property=\"og:site_name\" content=\"Puntodincontro\" \/>\n<meta property=\"article:publisher\" content=\"https:\/\/www.facebook.com\/puntodincontro.mx\" \/>\n<meta property=\"article:published_time\" content=\"2021-12-20T10:27:45+00:00\" \/>\n<meta property=\"article:modified_time\" content=\"2021-12-20T12:57:30+00:00\" \/>\n<meta property=\"og:image\" content=\"https:\/\/puntodincontro.mx\/wp-content\/uploads\/2021\/12\/mattarellaconferenzaambasciatorivert.webp\" \/>\n\t<meta property=\"og:image:width\" content=\"423\" \/>\n\t<meta property=\"og:image:height\" content=\"488\" \/>\n\t<meta property=\"og:image:type\" content=\"image\/webp\" \/>\n<meta name=\"author\" content=\"Puntodincontro\" \/>\n<meta name=\"twitter:card\" content=\"summary_large_image\" \/>\n<meta name=\"twitter:creator\" content=\"@puntodincontro\" \/>\n<meta name=\"twitter:site\" content=\"@puntodincontro\" \/>\n<meta name=\"twitter:label1\" content=\"Escrito por\" \/>\n\t<meta name=\"twitter:data1\" content=\"Puntodincontro\" \/>\n\t<meta name=\"twitter:label2\" content=\"Tiempo de lectura\" \/>\n\t<meta name=\"twitter:data2\" content=\"3 minutos\" \/>\n<script type=\"application\/ld+json\" class=\"yoast-schema-graph\">{\"@context\":\"https:\/\/schema.org\",\"@graph\":[{\"@type\":\"NewsArticle\",\"@id\":\"https:\/\/puntodincontro.mx\/2021\/12\/20\/a-roma-la-xiv-conferenza-degli-ambasciatori-ditalia-nel-mondo\/#article\",\"isPartOf\":{\"@id\":\"https:\/\/puntodincontro.mx\/2021\/12\/20\/a-roma-la-xiv-conferenza-degli-ambasciatori-ditalia-nel-mondo\/\"},\"author\":{\"name\":\"Puntodincontro\",\"@id\":\"https:\/\/puntodincontro.mx\/#\/schema\/person\/d3066d18a16259cbb0c29b0d0e93b556\"},\"headline\":\"A Roma la XIV Conferenza degli ambasciatori d&#8217;Italia nel mondo\",\"datePublished\":\"2021-12-20T10:27:45+00:00\",\"dateModified\":\"2021-12-20T12:57:30+00:00\",\"mainEntityOfPage\":{\"@id\":\"https:\/\/puntodincontro.mx\/2021\/12\/20\/a-roma-la-xiv-conferenza-degli-ambasciatori-ditalia-nel-mondo\/\"},\"wordCount\":487,\"commentCount\":0,\"publisher\":{\"@id\":\"https:\/\/puntodincontro.mx\/#organization\"},\"image\":{\"@id\":\"https:\/\/puntodincontro.mx\/2021\/12\/20\/a-roma-la-xiv-conferenza-degli-ambasciatori-ditalia-nel-mondo\/#primaryimage\"},\"thumbnailUrl\":\"https:\/\/puntodincontro.mx\/wp-content\/uploads\/2021\/12\/mattarellaconferenzaambasciatorivert.webp\",\"articleSection\":[\"Italia nel mondo\"],\"inLanguage\":\"es\",\"potentialAction\":[{\"@type\":\"CommentAction\",\"name\":\"Comment\",\"target\":[\"https:\/\/puntodincontro.mx\/2021\/12\/20\/a-roma-la-xiv-conferenza-degli-ambasciatori-ditalia-nel-mondo\/#respond\"]}]},{\"@type\":\"WebPage\",\"@id\":\"https:\/\/puntodincontro.mx\/2021\/12\/20\/a-roma-la-xiv-conferenza-degli-ambasciatori-ditalia-nel-mondo\/\",\"url\":\"https:\/\/puntodincontro.mx\/2021\/12\/20\/a-roma-la-xiv-conferenza-degli-ambasciatori-ditalia-nel-mondo\/\",\"name\":\"A Roma la XIV Conferenza degli ambasciatori d'Italia nel mondo Puntodincontro\",\"isPartOf\":{\"@id\":\"https:\/\/puntodincontro.mx\/#website\"},\"primaryImageOfPage\":{\"@id\":\"https:\/\/puntodincontro.mx\/2021\/12\/20\/a-roma-la-xiv-conferenza-degli-ambasciatori-ditalia-nel-mondo\/#primaryimage\"},\"image\":{\"@id\":\"https:\/\/puntodincontro.mx\/2021\/12\/20\/a-roma-la-xiv-conferenza-degli-ambasciatori-ditalia-nel-mondo\/#primaryimage\"},\"thumbnailUrl\":\"https:\/\/puntodincontro.mx\/wp-content\/uploads\/2021\/12\/mattarellaconferenzaambasciatorivert.webp\",\"datePublished\":\"2021-12-20T10:27:45+00:00\",\"dateModified\":\"2021-12-20T12:57:30+00:00\",\"description\":\"Oggi e domani si svolge alla Farnesina la XIV Conferenza degli ambasciatori d'Italia nel mondo. \u00abNel volgere lo sguardo nei 7 anni passati non posso che rilevare come l'attivit\u00e0 internazione non sarebbe stata possibile senza il ministero degli Esteri, senza disponibilit\u00e0, sostegno e indicazioni. Grazie a voi la Repubblica continua nell'opera di testimonianza dei valori della pace\u00bb, ha detto il presidente della Repubblica, Sergio Mattarella.\",\"breadcrumb\":{\"@id\":\"https:\/\/puntodincontro.mx\/2021\/12\/20\/a-roma-la-xiv-conferenza-degli-ambasciatori-ditalia-nel-mondo\/#breadcrumb\"},\"inLanguage\":\"es\",\"potentialAction\":[{\"@type\":\"ReadAction\",\"target\":[\"https:\/\/puntodincontro.mx\/2021\/12\/20\/a-roma-la-xiv-conferenza-degli-ambasciatori-ditalia-nel-mondo\/\"]}]},{\"@type\":\"ImageObject\",\"inLanguage\":\"es\",\"@id\":\"https:\/\/puntodincontro.mx\/2021\/12\/20\/a-roma-la-xiv-conferenza-degli-ambasciatori-ditalia-nel-mondo\/#primaryimage\",\"url\":\"https:\/\/puntodincontro.mx\/wp-content\/uploads\/2021\/12\/mattarellaconferenzaambasciatorivert.webp\",\"contentUrl\":\"https:\/\/puntodincontro.mx\/wp-content\/uploads\/2021\/12\/mattarellaconferenzaambasciatorivert.webp\",\"width\":423,\"height\":488,\"caption\":\"A Roma la XIV Conferenza degli ambasciatori d'Italia nel mondo\"},{\"@type\":\"BreadcrumbList\",\"@id\":\"https:\/\/puntodincontro.mx\/2021\/12\/20\/a-roma-la-xiv-conferenza-degli-ambasciatori-ditalia-nel-mondo\/#breadcrumb\",\"itemListElement\":[{\"@type\":\"ListItem\",\"position\":1,\"name\":\"Home\",\"item\":\"https:\/\/puntodincontro.mx\/\"},{\"@type\":\"ListItem\",\"position\":2,\"name\":\"A Roma la XIV Conferenza degli ambasciatori d&#8217;Italia nel mondo\"}]},{\"@type\":\"WebSite\",\"@id\":\"https:\/\/puntodincontro.mx\/#website\",\"url\":\"https:\/\/puntodincontro.mx\/\",\"name\":\"Puntodincontro\",\"description\":\"Dal 2006 notizie sui rapporti Italia-Messico \/ Desde 2006 noticias sobre las relaciones entre Italia y M\u00e9xico\",\"publisher\":{\"@id\":\"https:\/\/puntodincontro.mx\/#organization\"},\"potentialAction\":[{\"@type\":\"SearchAction\",\"target\":{\"@type\":\"EntryPoint\",\"urlTemplate\":\"https:\/\/puntodincontro.mx\/?s={search_term_string}\"},\"query-input\":{\"@type\":\"PropertyValueSpecification\",\"valueRequired\":true,\"valueName\":\"search_term_string\"}}],\"inLanguage\":\"es\"},{\"@type\":\"Organization\",\"@id\":\"https:\/\/puntodincontro.mx\/#organization\",\"name\":\"Puntodincontro\",\"url\":\"https:\/\/puntodincontro.mx\/\",\"logo\":{\"@type\":\"ImageObject\",\"inLanguage\":\"es\",\"@id\":\"https:\/\/puntodincontro.mx\/#\/schema\/logo\/image\/\",\"url\":\"https:\/\/puntodincontro.mx\/wp-content\/uploads\/2021\/08\/Default-image-for-open-graph-settings.jpg\",\"contentUrl\":\"https:\/\/puntodincontro.mx\/wp-content\/uploads\/2021\/08\/Default-image-for-open-graph-settings.jpg\",\"width\":1200,\"height\":630,\"caption\":\"Puntodincontro\"},\"image\":{\"@id\":\"https:\/\/puntodincontro.mx\/#\/schema\/logo\/image\/\"},\"sameAs\":[\"https:\/\/www.facebook.com\/puntodincontro.mx\",\"https:\/\/x.com\/puntodincontro\",\"https:\/\/www.instagram.com\/puntodincontro.mx\/\",\"https:\/\/www.linkedin.com\/company\/puntodincontro\/\",\"https:\/\/www.youtube.com\/c\/puntodincontromessico\",\"https:\/\/www.patreon.com\/puntodincontro\",\"https:\/\/www.threads.net\/@puntodincontro.mx\"]},{\"@type\":\"Person\",\"@id\":\"https:\/\/puntodincontro.mx\/#\/schema\/person\/d3066d18a16259cbb0c29b0d0e93b556\",\"name\":\"Puntodincontro\",\"image\":{\"@type\":\"ImageObject\",\"inLanguage\":\"es\",\"@id\":\"https:\/\/puntodincontro.mx\/#\/schema\/person\/image\/\",\"url\":\"https:\/\/secure.gravatar.com\/avatar\/0e85b4b3b5e9d6bfcec6a4956d8cc63a?s=96&d=mm&r=g\",\"contentUrl\":\"https:\/\/secure.gravatar.com\/avatar\/0e85b4b3b5e9d6bfcec6a4956d8cc63a?s=96&d=mm&r=g\",\"caption\":\"Puntodincontro\"},\"url\":\"https:\/\/puntodincontro.mx\/es\/author\/puntodincontro\/\"}]}<\/script>\n<!-- \/ Yoast SEO Premium plugin. -->","yoast_head_json":{"title":"A Roma la XIV Conferenza degli ambasciatori d'Italia nel mondo Puntodincontro","description":"Oggi e domani si svolge alla Farnesina la XIV Conferenza degli ambasciatori d'Italia nel mondo. \u00abNel volgere lo sguardo nei 7 anni passati non posso che rilevare come l'attivit\u00e0 internazione non sarebbe stata possibile senza il ministero degli Esteri, senza disponibilit\u00e0, sostegno e indicazioni. Grazie a voi la Repubblica continua nell'opera di testimonianza dei valori della pace\u00bb, ha detto il presidente della Repubblica, Sergio Mattarella.","robots":{"index":"index","follow":"follow","max-snippet":"max-snippet:-1","max-image-preview":"max-image-preview:large","max-video-preview":"max-video-preview:-1"},"canonical":"https:\/\/puntodincontro.mx\/es\/2021\/12\/20\/en-roma-la-xiv-conferencia-de-los-embajadores-de-italia-en-el-mundo\/","og_locale":"es_MX","og_type":"article","og_title":"A Roma la XIV Conferenza degli ambasciatori d'Italia nel mondo","og_description":"Oggi e domani si svolge alla Farnesina la XIV Conferenza degli ambasciatori d'Italia nel mondo. \u00abNel volgere lo sguardo nei 7 anni passati non posso che rilevare come l'attivit\u00e0 internazione non sarebbe stata possibile senza il ministero degli Esteri, senza disponibilit\u00e0, sostegno e indicazioni. Grazie a voi la Repubblica continua nell'opera di testimonianza dei valori della pace\u00bb, ha detto il presidente della Repubblica, Sergio Mattarella.","og_url":"https:\/\/puntodincontro.mx\/es\/2021\/12\/20\/en-roma-la-xiv-conferencia-de-los-embajadores-de-italia-en-el-mundo\/","og_site_name":"Puntodincontro","article_publisher":"https:\/\/www.facebook.com\/puntodincontro.mx","article_published_time":"2021-12-20T10:27:45+00:00","article_modified_time":"2021-12-20T12:57:30+00:00","og_image":[{"width":423,"height":488,"url":"https:\/\/puntodincontro.mx\/wp-content\/uploads\/2021\/12\/mattarellaconferenzaambasciatorivert.webp","type":"image\/webp"}],"author":"Puntodincontro","twitter_card":"summary_large_image","twitter_creator":"@puntodincontro","twitter_site":"@puntodincontro","twitter_misc":{"Escrito por":"Puntodincontro","Tiempo de lectura":"3 minutos"},"schema":{"@context":"https:\/\/schema.org","@graph":[{"@type":"NewsArticle","@id":"https:\/\/puntodincontro.mx\/2021\/12\/20\/a-roma-la-xiv-conferenza-degli-ambasciatori-ditalia-nel-mondo\/#article","isPartOf":{"@id":"https:\/\/puntodincontro.mx\/2021\/12\/20\/a-roma-la-xiv-conferenza-degli-ambasciatori-ditalia-nel-mondo\/"},"author":{"name":"Puntodincontro","@id":"https:\/\/puntodincontro.mx\/#\/schema\/person\/d3066d18a16259cbb0c29b0d0e93b556"},"headline":"A Roma la XIV Conferenza degli ambasciatori d&#8217;Italia nel mondo","datePublished":"2021-12-20T10:27:45+00:00","dateModified":"2021-12-20T12:57:30+00:00","mainEntityOfPage":{"@id":"https:\/\/puntodincontro.mx\/2021\/12\/20\/a-roma-la-xiv-conferenza-degli-ambasciatori-ditalia-nel-mondo\/"},"wordCount":487,"commentCount":0,"publisher":{"@id":"https:\/\/puntodincontro.mx\/#organization"},"image":{"@id":"https:\/\/puntodincontro.mx\/2021\/12\/20\/a-roma-la-xiv-conferenza-degli-ambasciatori-ditalia-nel-mondo\/#primaryimage"},"thumbnailUrl":"https:\/\/puntodincontro.mx\/wp-content\/uploads\/2021\/12\/mattarellaconferenzaambasciatorivert.webp","articleSection":["Italia nel mondo"],"inLanguage":"es","potentialAction":[{"@type":"CommentAction","name":"Comment","target":["https:\/\/puntodincontro.mx\/2021\/12\/20\/a-roma-la-xiv-conferenza-degli-ambasciatori-ditalia-nel-mondo\/#respond"]}]},{"@type":"WebPage","@id":"https:\/\/puntodincontro.mx\/2021\/12\/20\/a-roma-la-xiv-conferenza-degli-ambasciatori-ditalia-nel-mondo\/","url":"https:\/\/puntodincontro.mx\/2021\/12\/20\/a-roma-la-xiv-conferenza-degli-ambasciatori-ditalia-nel-mondo\/","name":"A Roma la XIV Conferenza degli ambasciatori d'Italia nel mondo Puntodincontro","isPartOf":{"@id":"https:\/\/puntodincontro.mx\/#website"},"primaryImageOfPage":{"@id":"https:\/\/puntodincontro.mx\/2021\/12\/20\/a-roma-la-xiv-conferenza-degli-ambasciatori-ditalia-nel-mondo\/#primaryimage"},"image":{"@id":"https:\/\/puntodincontro.mx\/2021\/12\/20\/a-roma-la-xiv-conferenza-degli-ambasciatori-ditalia-nel-mondo\/#primaryimage"},"thumbnailUrl":"https:\/\/puntodincontro.mx\/wp-content\/uploads\/2021\/12\/mattarellaconferenzaambasciatorivert.webp","datePublished":"2021-12-20T10:27:45+00:00","dateModified":"2021-12-20T12:57:30+00:00","description":"Oggi e domani si svolge alla Farnesina la XIV Conferenza degli ambasciatori d'Italia nel mondo. \u00abNel volgere lo sguardo nei 7 anni passati non posso che rilevare come l'attivit\u00e0 internazione non sarebbe stata possibile senza il ministero degli Esteri, senza disponibilit\u00e0, sostegno e indicazioni. Grazie a voi la Repubblica continua nell'opera di testimonianza dei valori della pace\u00bb, ha detto il presidente della Repubblica, Sergio Mattarella.","breadcrumb":{"@id":"https:\/\/puntodincontro.mx\/2021\/12\/20\/a-roma-la-xiv-conferenza-degli-ambasciatori-ditalia-nel-mondo\/#breadcrumb"},"inLanguage":"es","potentialAction":[{"@type":"ReadAction","target":["https:\/\/puntodincontro.mx\/2021\/12\/20\/a-roma-la-xiv-conferenza-degli-ambasciatori-ditalia-nel-mondo\/"]}]},{"@type":"ImageObject","inLanguage":"es","@id":"https:\/\/puntodincontro.mx\/2021\/12\/20\/a-roma-la-xiv-conferenza-degli-ambasciatori-ditalia-nel-mondo\/#primaryimage","url":"https:\/\/puntodincontro.mx\/wp-content\/uploads\/2021\/12\/mattarellaconferenzaambasciatorivert.webp","contentUrl":"https:\/\/puntodincontro.mx\/wp-content\/uploads\/2021\/12\/mattarellaconferenzaambasciatorivert.webp","width":423,"height":488,"caption":"A Roma la XIV Conferenza degli ambasciatori d'Italia nel mondo"},{"@type":"BreadcrumbList","@id":"https:\/\/puntodincontro.mx\/2021\/12\/20\/a-roma-la-xiv-conferenza-degli-ambasciatori-ditalia-nel-mondo\/#breadcrumb","itemListElement":[{"@type":"ListItem","position":1,"name":"Home","item":"https:\/\/puntodincontro.mx\/"},{"@type":"ListItem","position":2,"name":"A Roma la XIV Conferenza degli ambasciatori d&#8217;Italia nel mondo"}]},{"@type":"WebSite","@id":"https:\/\/puntodincontro.mx\/#website","url":"https:\/\/puntodincontro.mx\/","name":"Puntodincontro","description":"Desde el 2006 noticias sobre las relaciones entre Italia y M\u00e9xico \/ Dal 2006 notizie sui rapporti Italia-Messico","publisher":{"@id":"https:\/\/puntodincontro.mx\/#organization"},"potentialAction":[{"@type":"SearchAction","target":{"@type":"EntryPoint","urlTemplate":"https:\/\/puntodincontro.mx\/?s={search_term_string}"},"query-input":{"@type":"PropertyValueSpecification","valueRequired":true,"valueName":"search_term_string"}}],"inLanguage":"es"},{"@type":"Organization","@id":"https:\/\/puntodincontro.mx\/#organization","name":"Puntodincontro","url":"https:\/\/puntodincontro.mx\/","logo":{"@type":"ImageObject","inLanguage":"es","@id":"https:\/\/puntodincontro.mx\/#\/schema\/logo\/image\/","url":"https:\/\/puntodincontro.mx\/wp-content\/uploads\/2021\/08\/Default-image-for-open-graph-settings.jpg","contentUrl":"https:\/\/puntodincontro.mx\/wp-content\/uploads\/2021\/08\/Default-image-for-open-graph-settings.jpg","width":1200,"height":630,"caption":"Puntodincontro"},"image":{"@id":"https:\/\/puntodincontro.mx\/#\/schema\/logo\/image\/"},"sameAs":["https:\/\/www.facebook.com\/puntodincontro.mx","https:\/\/x.com\/puntodincontro","https:\/\/www.instagram.com\/puntodincontro.mx\/","https:\/\/www.linkedin.com\/company\/puntodincontro\/","https:\/\/www.youtube.com\/c\/puntodincontromessico","https:\/\/www.patreon.com\/puntodincontro","https:\/\/www.threads.net\/@puntodincontro.mx"]},{"@type":"Person","@id":"https:\/\/puntodincontro.mx\/#\/schema\/person\/d3066d18a16259cbb0c29b0d0e93b556","name":"Puntodincontro","image":{"@type":"ImageObject","inLanguage":"es","@id":"https:\/\/puntodincontro.mx\/#\/schema\/person\/image\/","url":"https:\/\/secure.gravatar.com\/avatar\/0e85b4b3b5e9d6bfcec6a4956d8cc63a?s=96&d=mm&r=g","contentUrl":"https:\/\/secure.gravatar.com\/avatar\/0e85b4b3b5e9d6bfcec6a4956d8cc63a?s=96&d=mm&r=g","caption":"Puntodincontro"},"url":"https:\/\/puntodincontro.mx\/es\/author\/puntodincontro\/"}]}},"_links":{"self":[{"href":"https:\/\/puntodincontro.mx\/es\/wp-json\/wp\/v2\/posts\/2296"}],"collection":[{"href":"https:\/\/puntodincontro.mx\/es\/wp-json\/wp\/v2\/posts"}],"about":[{"href":"https:\/\/puntodincontro.mx\/es\/wp-json\/wp\/v2\/types\/post"}],"author":[{"embeddable":true,"href":"https:\/\/puntodincontro.mx\/es\/wp-json\/wp\/v2\/users\/2"}],"replies":[{"embeddable":true,"href":"https:\/\/puntodincontro.mx\/es\/wp-json\/wp\/v2\/comments?post=2296"}],"version-history":[{"count":6,"href":"https:\/\/puntodincontro.mx\/es\/wp-json\/wp\/v2\/posts\/2296\/revisions"}],"predecessor-version":[{"id":2306,"href":"https:\/\/puntodincontro.mx\/es\/wp-json\/wp\/v2\/posts\/2296\/revisions\/2306"}],"wp:featuredmedia":[{"embeddable":true,"href":"https:\/\/puntodincontro.mx\/es\/wp-json\/wp\/v2\/media\/2298"}],"wp:attachment":[{"href":"https:\/\/puntodincontro.mx\/es\/wp-json\/wp\/v2\/media?parent=2296"}],"wp:term":[{"taxonomy":"category","embeddable":true,"href":"https:\/\/puntodincontro.mx\/es\/wp-json\/wp\/v2\/categories?post=2296"},{"taxonomy":"post_tag","embeddable":true,"href":"https:\/\/puntodincontro.mx\/es\/wp-json\/wp\/v2\/tags?post=2296"}],"curies":[{"name":"wp","href":"https:\/\/api.w.org\/{rel}","templated":true}]}}