{"id":23043,"date":"2025-07-24T15:45:38","date_gmt":"2025-07-24T21:45:38","guid":{"rendered":"https:\/\/puntodincontro.mx\/?p=23043"},"modified":"2025-07-24T15:57:55","modified_gmt":"2025-07-24T21:57:55","slug":"la-primera-ministra-italiana-meloni-en-la-portada-de-time2","status":"publish","type":"post","link":"https:\/\/puntodincontro.mx\/es\/2025\/07\/24\/la-premier-italiana-meloni-in-copertina-sul-time2\/","title":{"rendered":"La primera ministra italiana Meloni en la portada de Time"},"content":{"rendered":"<p class=\"translation-block\"><b>15:35 hrs.<\/b> - (ANSA) Un nuevo nacionalismo, populista, nativista y prooccidental, pero fiel a Europa y a la Alianza Atl\u00e1ntica: esta es la postura pol\u00edtica de Giorgia Meloni, seg\u00fan la revista Time, que la presenta en la portada de su nueva edici\u00f3n mundial, como sucedi\u00f3 (pero en la edici\u00f3n europea) con otros primeros ministros de Italia: Silvio Berlusconi en 2011 (<em>El hombre detr\u00e1s de la econom\u00eda m\u00e1s peligrosa del mundo<\/em>) y Mario Monti en 2012 (<em>\u00bfPuede este hombre salvar a Europa?<\/em>), o Matteo Salvini en 2018, con el t\u00edtulo <em>El nuevo rostro de Europa<\/em>.<\/p>\n\n\n\n<p class=\"translation-block\"><em>Donde Giorgia Meloni est\u00e1 llevando a Europa<\/em> es, en esta ocasi\u00f3n, el t\u00edtulo del art\u00edculo de Massimo Calabresi, jefe de la oficina en Washington de la hist\u00f3rica revista estadounidense de noticias pol\u00edticas y econ\u00f3micas, seg\u00fan la cual, en sus casi tres a\u00f1os de mandato, la primera ministra \u00abse ha consolidado como una de las figuras m\u00e1s interesantes\u00bb del continente.<\/p>\n\n\n\n<p>\u00abY su forma de ser l\u00edder podr\u00eda cambiar el mundo\u00bb, se lee en el post con el que Time relanz\u00f3 la portada, que anteriormente ya hab\u00eda presentado a otros italianos como Gianni Agnelli, Sergio Marchionne, Mario Balotelli, Fabio Cannavaro, Gianni Versace, Giorgio Armani, Luciano Pavarotti y Sophia Loren.<\/p>\n\n\n\n<p>En cuanto a su idea del nacionalismo, la primera ministra \u2014en una entrevista realizada 4 de julio en el Palacio Chigi\u2014 explic\u00f3 que \u00abante todo, debemos defender qui\u00e9nes somos, nuestra cultura, nuestra identidad, nuestra civilizaci\u00f3n\u00bb.<\/p>\n\n\n\n<p>Su nacionalismo, a\u00f1adi\u00f3, \u00abes principalmente una forma de defendernos de una globalizaci\u00f3n que no ha funcionado\u00bb. Y declar\u00f3 su intenci\u00f3n de \u00abreconstruir nuestra identidad, reconstruir nuestro orgullo, el orgullo de ser quienes somos... a cualquier precio\u00bb.<\/p>\n\n\n\n<p>Seg\u00fan el reportaje, las habilidades de Meloni quedaron patentes en su m\u00e1s reciente reuni\u00f3n en la Casa Blanca con Donald Trump, que la primera ministra prepar\u00f3 con una pila de antoaciones que detallaban su postura sobre todos los temas que pod\u00edan tratarse.<\/p>\n\n\n\n<p>Y super\u00f3 la prueba p\u00fablica con compostura, enfatiza Calabresi. \u00abSoy Capricornio\u00bb, explic\u00f3 Meloni, \u00abdigamos que tengo ideas fijas acerca de ciertas cosas\u00bb.<\/p>\n\n\n\n<p>El autor relata que, una vez que la prensa abandon\u00f3 el Despacho Oval, cuando la conversaci\u00f3n con Trump se centr\u00f3 en Ucrania, la primera ministra defendi\u00f3 apasionadamente a Zelenski y la necesidad de apoyar a Ucrania hasta el final. Trump escuch\u00f3 y respondi\u00f3, pero sin que el intercambio se volviera pol\u00e9mico, seg\u00fan Meloni: \u00ab\u00c9l es un luchador y yo soy una luchadora\u00bb.<\/p>\n\n\n\n<p>El reportaje tambi\u00e9n rememora momentos de su juventud, incluyendo el incendio que destruy\u00f3 la casa donde ella, su madre y su hermana Arianna viv\u00edan antes de mudarse a Garbatella.<\/p>\n\n\n\n<p>\u00abQuiz\u00e1s por eso\u00bb \u2014dijo la primera ministra sonriendo\u2014 \u00abme un\u00ed al <em>Movimento Sociale Italiano<\/em> (la agrupaci\u00f3n pol\u00edtica considerada la heredera del partido fascista de Benito Mussolini, nota del redactor), por la llama (que se encuentra en su logo, nota del redactor)\u00bb.<\/p>\n\n\n\n<p>Treinta a\u00f1os despu\u00e9s, se convirti\u00f3 en la primera mujer en dirigir el gobierno italiano. Dijo que \u00abtuvo que enfrentarse a estereotipos rid\u00edculos\u00bb, as\u00ed como al escepticismo inicial del entonces presidente estadounidense Joe Biden.<\/p>\n\n\n\n<p>\u00abSimplemente no creo que supiera de lo que hablaba\u00bb, dijo, desestimando tambi\u00e9n las cr\u00edticas de sus adversarios internos. \u00abMe han acusado de todo lo imaginable, desde la guerra en Ucrania hasta la muerte de personas en el Mediterr\u00e1neo. Es simplemente porque no tienen argumentos. No soy racista. No soy hom\u00f3foba. No soy todas las cosas que dicen de m\u00ed\u00bb. Y al final de la conversaci\u00f3n, Meloni se dirigi\u00f3 a Calabresi: \u00abT\u00fa eres una persona honesta: \u00bfHay algo del fascismo que mi experiencia te recuerda o que se relacione con lo que hago en el gobierno?\u00bb.<\/p>\n\n\n\n<p class=\"has-small-font-size\">Foto: Time &#8211; open.online<\/p>\n\n\n\n<div style=\"height:12px\" aria-hidden=\"true\" class=\"wp-block-spacer\"><\/div>\n\n\n<!-- Ad space powered by WP AdCenter v2.5.7 - https:\/\/wpadcenter.com\/ --><div class=\"wpadcenter-adgroup\" ><div class=\"wpadcenter-adgroup__row wpadcenter-aligncenter\"><div class=\"wpadcenter-ad-container\" ><div id=\"wpadcenter-ad-18464\" class=\"ad-placement\"><div class=\"wpadcenter-ad-inner\" ><a id=\"wpadcenter_ad\" data-value=\"18464\" data-placement=\"\" href=\"https:\/\/www.productosremo.com\/\" target=\"_blank\" class=\"wpadcenter-ad-inner__item\" ><img decoding=\"async\"   src=\"https:\/\/puntodincontro.mx\/wp-content\/uploads\/2021\/08\/remobanner.jpg\" class=\"attachment-post-thumbnail size-post-thumbnail wp-post-image\" alt=\"\" srcset=\"https:\/\/puntodincontro.mx\/wp-content\/uploads\/2021\/08\/remobanner.jpg 200w, https:\/\/puntodincontro.mx\/wp-content\/uploads\/2021\/08\/remobanner-16x5.jpg 16w\" sizes=\"(max-width: 200px) 100vw, 200px\" \/><\/a><\/div><\/div><\/div><div class=\"wpadcenter-ad-container\" ><div id=\"wpadcenter-ad-5305\" class=\"ad-placement\"><div class=\"wpadcenter-ad-inner\" ><a id=\"wpadcenter_ad\" data-value=\"5305\" data-placement=\"\" href=\"https:\/\/ambcittadelmessico.esteri.it\/ambasciata_cittadelmessico\/it\/\" target=\"_blank\" class=\"wpadcenter-ad-inner__item\" ><img decoding=\"async\"   src=\"https:\/\/puntodincontro.mx\/wp-content\/uploads\/2022\/05\/Ambasciata.jpg\" class=\"attachment-post-thumbnail size-post-thumbnail wp-post-image\" alt=\"\" srcset=\"https:\/\/puntodincontro.mx\/wp-content\/uploads\/2022\/05\/Ambasciata.jpg 200w, https:\/\/puntodincontro.mx\/wp-content\/uploads\/2022\/05\/Ambasciata-18x5.jpg 18w\" sizes=\"(max-width: 200px) 100vw, 200px\" \/><\/a><\/div><\/div><\/div><div class=\"wpadcenter-ad-container\" ><div id=\"wpadcenter-ad-3781\" class=\"ad-placement\"><div class=\"wpadcenter-ad-inner\" ><a id=\"wpadcenter_ad\" data-value=\"3781\" data-placement=\"\" href=\"https:\/\/cannizzo.com.mx\/\" target=\"_blank\" class=\"wpadcenter-ad-inner__item\" ><img decoding=\"async\"   src=\"https:\/\/puntodincontro.mx\/wp-content\/uploads\/2022\/03\/cannizzo2.jpg\" class=\"attachment-post-thumbnail size-post-thumbnail wp-post-image\" alt=\"\" srcset=\"https:\/\/puntodincontro.mx\/wp-content\/uploads\/2022\/03\/cannizzo2.jpg 200w, https:\/\/puntodincontro.mx\/wp-content\/uploads\/2022\/03\/cannizzo2-18x5.jpg 18w\" sizes=\"(max-width: 200px) 100vw, 200px\" \/><\/a><\/div><\/div><\/div><\/div><div class=\"wpadcenter-adgroup__row wpadcenter-aligncenter\"><div class=\"wpadcenter-ad-container\" ><div id=\"wpadcenter-ad-1704\" class=\"ad-placement\"><div class=\"wpadcenter-ad-inner\" ><a id=\"wpadcenter_ad\" data-value=\"1704\" data-placement=\"\" href=\"https:\/\/puntodincontro.mx\/es\/2021\/12\/24\/inps-verificacion-de-supervivencia-de-los-pensionados-en-el-extranjero\/\" target=\"_blank\" class=\"wpadcenter-ad-inner__item\" ><img decoding=\"async\"   src=\"https:\/\/puntodincontro.mx\/wp-content\/uploads\/2021\/11\/logo-ital.jpg\" class=\"attachment-post-thumbnail size-post-thumbnail wp-post-image\" alt=\"Patronato ITAL Messico\" srcset=\"https:\/\/puntodincontro.mx\/wp-content\/uploads\/2021\/11\/logo-ital.jpg 200w, https:\/\/puntodincontro.mx\/wp-content\/uploads\/2021\/11\/logo-ital-16x5.jpg 16w\" sizes=\"(max-width: 200px) 100vw, 200px\" \/><\/a><\/div><\/div><\/div><div class=\"wpadcenter-ad-container\" ><div id=\"wpadcenter-ad-1538\" class=\"ad-placement\"><div class=\"wpadcenter-ad-inner\" ><a id=\"wpadcenter_ad\" data-value=\"1538\" data-placement=\"\" href=\"https:\/\/asociacionitaliana.org\/\" target=\"_blank\" class=\"wpadcenter-ad-inner__item\" ><img decoding=\"async\"   src=\"https:\/\/puntodincontro.mx\/wp-content\/uploads\/2021\/11\/aialogo.jpg\" class=\"attachment-post-thumbnail size-post-thumbnail wp-post-image\" alt=\"Associazione Italiana di Assistenza IAP\" srcset=\"https:\/\/puntodincontro.mx\/wp-content\/uploads\/2021\/11\/aialogo.jpg 200w, https:\/\/puntodincontro.mx\/wp-content\/uploads\/2021\/11\/aialogo-18x5.jpg 18w\" sizes=\"(max-width: 200px) 100vw, 200px\" \/><\/a><\/div><\/div><\/div><div class=\"wpadcenter-ad-container\" ><div id=\"wpadcenter-ad-1513\" class=\"ad-placement\"><div class=\"wpadcenter-ad-inner\" ><a id=\"wpadcenter_ad\" data-value=\"1513\" data-placement=\"\" href=\"https:\/\/gcinmuebles.mx\" target=\"_blank\" class=\"wpadcenter-ad-inner__item\" ><img decoding=\"async\"   src=\"https:\/\/puntodincontro.mx\/wp-content\/uploads\/2021\/10\/gcinmuebleslogopunto-1.jpg\" class=\"attachment-post-thumbnail size-post-thumbnail wp-post-image\" alt=\"\" srcset=\"https:\/\/puntodincontro.mx\/wp-content\/uploads\/2021\/10\/gcinmuebleslogopunto-1.jpg 200w, https:\/\/puntodincontro.mx\/wp-content\/uploads\/2021\/10\/gcinmuebleslogopunto-1-18x5.jpg 18w\" sizes=\"(max-width: 200px) 100vw, 200px\" \/><\/a><\/div><\/div><\/div><\/div><div class=\"wpadcenter-adgroup__row wpadcenter-aligncenter\"><div class=\"wpadcenter-ad-container\" ><div id=\"wpadcenter-ad-1374\" class=\"ad-placement\"><div class=\"wpadcenter-ad-inner\" ><a id=\"wpadcenter_ad\" data-value=\"1374\" data-placement=\"\" href=\"https:\/\/www.9colonne.it\/\" target=\"_blank\" class=\"wpadcenter-ad-inner__item\" ><img decoding=\"async\"   src=\"https:\/\/puntodincontro.mx\/wp-content\/uploads\/2021\/10\/Banner9colonne.gif\" class=\"attachment-post-thumbnail size-post-thumbnail wp-post-image\" alt=\"\" \/><\/a><\/div><\/div><\/div><div class=\"wpadcenter-ad-container\" ><div id=\"wpadcenter-ad-276\" class=\"ad-placement\"><div class=\"wpadcenter-ad-inner\" ><a id=\"wpadcenter_ad\" data-value=\"276\" data-placement=\"\" href=\"http:\/\/www.camaraitaliana.mx\/\" target=\"_blank\" class=\"wpadcenter-ad-inner__item\" ><img decoding=\"async\"   src=\"https:\/\/puntodincontro.mx\/wp-content\/uploads\/2021\/08\/ccimnuovo.jpg\" class=\"attachment-post-thumbnail size-post-thumbnail wp-post-image\" alt=\"\" srcset=\"https:\/\/puntodincontro.mx\/wp-content\/uploads\/2021\/08\/ccimnuovo.jpg 200w, https:\/\/puntodincontro.mx\/wp-content\/uploads\/2021\/08\/ccimnuovo-18x5.jpg 18w\" sizes=\"(max-width: 200px) 100vw, 200px\" \/><\/a><\/div><\/div><\/div><div class=\"wpadcenter-ad-container\" ><div id=\"wpadcenter-ad-272\" class=\"ad-placement\"><div class=\"wpadcenter-ad-inner\" ><a id=\"wpadcenter_ad\" data-value=\"272\" data-placement=\"\" href=\"http:\/\/corix.us\/\" target=\"_blank\" class=\"wpadcenter-ad-inner__item\" ><img decoding=\"async\"   src=\"https:\/\/puntodincontro.mx\/wp-content\/uploads\/2021\/08\/corixbanner-1.jpg\" class=\"attachment-post-thumbnail size-post-thumbnail wp-post-image\" alt=\"\" srcset=\"https:\/\/puntodincontro.mx\/wp-content\/uploads\/2021\/08\/corixbanner-1.jpg 200w, https:\/\/puntodincontro.mx\/wp-content\/uploads\/2021\/08\/corixbanner-1-16x5.jpg 16w\" sizes=\"(max-width: 200px) 100vw, 200px\" \/><\/a><\/div><\/div><\/div><\/div><div class=\"wpadcenter-adgroup__row wpadcenter-aligncenter\"><div class=\"wpadcenter-ad-container\" ><div id=\"wpadcenter-ad-266\" class=\"ad-placement\"><div class=\"wpadcenter-ad-inner\" ><a id=\"wpadcenter_ad\" data-value=\"266\" data-placement=\"\" href=\"https:\/\/www.prinsel.com.mx\/\" target=\"_blank\" class=\"wpadcenter-ad-inner__item\" ><img decoding=\"async\"   src=\"https:\/\/puntodincontro.mx\/wp-content\/uploads\/2021\/08\/prinselbanner-1.jpg\" class=\"attachment-post-thumbnail size-post-thumbnail wp-post-image\" alt=\"\" srcset=\"https:\/\/puntodincontro.mx\/wp-content\/uploads\/2021\/08\/prinselbanner-1.jpg 200w, https:\/\/puntodincontro.mx\/wp-content\/uploads\/2021\/08\/prinselbanner-1-16x5.jpg 16w\" sizes=\"(max-width: 200px) 100vw, 200px\" \/><\/a><\/div><\/div><\/div><div class=\"wpadcenter-ad-container\" ><div id=\"wpadcenter-ad-261\" class=\"ad-placement\"><div class=\"wpadcenter-ad-inner\" ><a id=\"wpadcenter_ad\" data-value=\"261\" data-placement=\"\" href=\"https:\/\/faitalia.com.mx\/\" target=\"_blank\" class=\"wpadcenter-ad-inner__item\" ><img decoding=\"async\"   src=\"https:\/\/puntodincontro.mx\/wp-content\/uploads\/2021\/08\/gruppodino.jpg\" class=\"attachment-post-thumbnail size-post-thumbnail wp-post-image\" alt=\"\" srcset=\"https:\/\/puntodincontro.mx\/wp-content\/uploads\/2021\/08\/gruppodino.jpg 200w, https:\/\/puntodincontro.mx\/wp-content\/uploads\/2021\/08\/gruppodino-18x5.jpg 18w\" sizes=\"(max-width: 200px) 100vw, 200px\" \/><\/a><\/div><\/div><\/div><\/div><\/div>\n\n\n<div style=\"height:12px\" aria-hidden=\"true\" class=\"wp-block-spacer\"><\/div>","protected":false},"excerpt":{"rendered":"<p>Ore 15:35 &#8211; (ANSA) Un nuovo nazionalismo, populista, nativista e pro-Occidente, ma fedele all&#8217;Europa e all&#8217;Alleanza atlantica: \u00e8 la dimensione politica di Giorgia Meloni secondo il Time, che le dedica la copertina del nuovo numero dell&#8217;edizione mondo, come capitato (ma nell&#8217;edizione europea del giornale) ad altri presidenti del Consiglio: Silvio Berlusconi nel 2011 (L&#8217;uomo dietro l&#8217;economia pi\u00f9 pericolosa al mondo) e Mario Monti nel 2012 (Pu\u00f2 quest&#8217;uomo salvare l&#8217;Europa?), o a Matteo Salvini, nel 2018, con il titolo Il nuovo volto dell&#8217;Europa. Dove Giorgia Meloni sta conducendo l&#8217;Europa \u00e8, questa volta, il titolo del servizio firmato da Massimo Calabresi, capo&#8230; <\/p>","protected":false},"author":2,"featured_media":23047,"comment_status":"open","ping_status":"open","sticky":false,"template":"","format":"standard","meta":{"_monsterinsights_skip_tracking":false,"_monsterinsights_sitenote_active":false,"_monsterinsights_sitenote_note":"","_monsterinsights_sitenote_category":0,"footnotes":""},"categories":[5],"tags":[],"class_list":["post-23043","post","type-post","status-publish","format-standard","has-post-thumbnail","hentry","category-italia-nel-mondo"],"yoast_head":"<!-- This site is optimized with the Yoast SEO Premium plugin v18.4 (Yoast SEO v25.6) - https:\/\/yoast.com\/wordpress\/plugins\/seo\/ -->\n<title>La premier italiana Meloni in copertina sul Time<\/title>\n<meta name=\"description\" content=\"Un nuovo nazionalismo, populista e pro-Occidente, ma fedele all&#039;Europa e alla Nato: \u00e8 la dimensione politica di Meloni secondo il Time.\" \/>\n<meta name=\"robots\" content=\"index, follow, max-snippet:-1, max-image-preview:large, max-video-preview:-1\" \/>\n<link rel=\"canonical\" href=\"https:\/\/puntodincontro.mx\/es\/2025\/07\/24\/la-primera-ministra-italiana-meloni-en-la-portada-de-time2\/\" \/>\n<meta property=\"og:locale\" content=\"es_MX\" \/>\n<meta property=\"og:type\" content=\"article\" \/>\n<meta property=\"og:title\" content=\"La premier italiana Meloni in copertina sul Time\" \/>\n<meta property=\"og:description\" content=\"Un nuovo nazionalismo, populista e pro-Occidente, ma fedele all&#039;Europa e alla Nato: \u00e8 la dimensione politica di Meloni secondo il Time.\" \/>\n<meta property=\"og:url\" content=\"https:\/\/puntodincontro.mx\/es\/2025\/07\/24\/la-primera-ministra-italiana-meloni-en-la-portada-de-time2\/\" \/>\n<meta property=\"og:site_name\" content=\"Puntodincontro\" \/>\n<meta property=\"article:publisher\" content=\"https:\/\/www.facebook.com\/puntodincontro.mx\" \/>\n<meta property=\"article:published_time\" content=\"2025-07-24T21:45:38+00:00\" \/>\n<meta property=\"article:modified_time\" content=\"2025-07-24T21:57:55+00:00\" \/>\n<meta property=\"og:image\" content=\"https:\/\/puntodincontro.mx\/wp-content\/uploads\/2025\/07\/melonitimepuntocomp.jpg\" \/>\n\t<meta property=\"og:image:width\" content=\"932\" \/>\n\t<meta property=\"og:image:height\" content=\"488\" \/>\n\t<meta property=\"og:image:type\" content=\"image\/jpeg\" \/>\n<meta name=\"author\" content=\"Puntodincontro\" \/>\n<meta name=\"twitter:card\" content=\"summary_large_image\" \/>\n<meta name=\"twitter:creator\" content=\"@puntodincontro\" \/>\n<meta name=\"twitter:site\" content=\"@puntodincontro\" \/>\n<meta name=\"twitter:label1\" content=\"Escrito por\" \/>\n\t<meta name=\"twitter:data1\" content=\"Puntodincontro\" \/>\n\t<meta name=\"twitter:label2\" content=\"Tiempo de lectura\" \/>\n\t<meta name=\"twitter:data2\" content=\"3 minutos\" \/>\n<script type=\"application\/ld+json\" class=\"yoast-schema-graph\">{\"@context\":\"https:\/\/schema.org\",\"@graph\":[{\"@type\":\"NewsArticle\",\"@id\":\"https:\/\/puntodincontro.mx\/2025\/07\/24\/la-premier-italiana-meloni-in-copertina-sul-time2\/#article\",\"isPartOf\":{\"@id\":\"https:\/\/puntodincontro.mx\/2025\/07\/24\/la-premier-italiana-meloni-in-copertina-sul-time2\/\"},\"author\":{\"name\":\"Puntodincontro\",\"@id\":\"https:\/\/puntodincontro.mx\/#\/schema\/person\/d3066d18a16259cbb0c29b0d0e93b556\"},\"headline\":\"La premier italiana Meloni in copertina sul Time\",\"datePublished\":\"2025-07-24T21:45:38+00:00\",\"dateModified\":\"2025-07-24T21:57:55+00:00\",\"mainEntityOfPage\":{\"@id\":\"https:\/\/puntodincontro.mx\/2025\/07\/24\/la-premier-italiana-meloni-in-copertina-sul-time2\/\"},\"wordCount\":570,\"commentCount\":0,\"publisher\":{\"@id\":\"https:\/\/puntodincontro.mx\/#organization\"},\"image\":{\"@id\":\"https:\/\/puntodincontro.mx\/2025\/07\/24\/la-premier-italiana-meloni-in-copertina-sul-time2\/#primaryimage\"},\"thumbnailUrl\":\"https:\/\/puntodincontro.mx\/wp-content\/uploads\/2025\/07\/melonitimepuntovert.webp\",\"articleSection\":[\"Italia nel mondo\"],\"inLanguage\":\"es\",\"potentialAction\":[{\"@type\":\"CommentAction\",\"name\":\"Comment\",\"target\":[\"https:\/\/puntodincontro.mx\/2025\/07\/24\/la-premier-italiana-meloni-in-copertina-sul-time2\/#respond\"]}]},{\"@type\":\"WebPage\",\"@id\":\"https:\/\/puntodincontro.mx\/2025\/07\/24\/la-premier-italiana-meloni-in-copertina-sul-time2\/\",\"url\":\"https:\/\/puntodincontro.mx\/2025\/07\/24\/la-premier-italiana-meloni-in-copertina-sul-time2\/\",\"name\":\"La premier italiana Meloni in copertina sul Time\",\"isPartOf\":{\"@id\":\"https:\/\/puntodincontro.mx\/#website\"},\"primaryImageOfPage\":{\"@id\":\"https:\/\/puntodincontro.mx\/2025\/07\/24\/la-premier-italiana-meloni-in-copertina-sul-time2\/#primaryimage\"},\"image\":{\"@id\":\"https:\/\/puntodincontro.mx\/2025\/07\/24\/la-premier-italiana-meloni-in-copertina-sul-time2\/#primaryimage\"},\"thumbnailUrl\":\"https:\/\/puntodincontro.mx\/wp-content\/uploads\/2025\/07\/melonitimepuntovert.webp\",\"datePublished\":\"2025-07-24T21:45:38+00:00\",\"dateModified\":\"2025-07-24T21:57:55+00:00\",\"description\":\"Un nuovo nazionalismo, populista e pro-Occidente, ma fedele all'Europa e alla Nato: \u00e8 la dimensione politica di Meloni secondo il Time.\",\"breadcrumb\":{\"@id\":\"https:\/\/puntodincontro.mx\/2025\/07\/24\/la-premier-italiana-meloni-in-copertina-sul-time2\/#breadcrumb\"},\"inLanguage\":\"es\",\"potentialAction\":[{\"@type\":\"ReadAction\",\"target\":[\"https:\/\/puntodincontro.mx\/2025\/07\/24\/la-premier-italiana-meloni-in-copertina-sul-time2\/\"]}]},{\"@type\":\"ImageObject\",\"inLanguage\":\"es\",\"@id\":\"https:\/\/puntodincontro.mx\/2025\/07\/24\/la-premier-italiana-meloni-in-copertina-sul-time2\/#primaryimage\",\"url\":\"https:\/\/puntodincontro.mx\/wp-content\/uploads\/2025\/07\/melonitimepuntovert.webp\",\"contentUrl\":\"https:\/\/puntodincontro.mx\/wp-content\/uploads\/2025\/07\/melonitimepuntovert.webp\",\"width\":423,\"height\":488,\"caption\":\"La premier italiana Meloni in copertina sul Time \/ Foto: Time - open.online\"},{\"@type\":\"BreadcrumbList\",\"@id\":\"https:\/\/puntodincontro.mx\/2025\/07\/24\/la-premier-italiana-meloni-in-copertina-sul-time2\/#breadcrumb\",\"itemListElement\":[{\"@type\":\"ListItem\",\"position\":1,\"name\":\"Home\",\"item\":\"https:\/\/puntodincontro.mx\/\"},{\"@type\":\"ListItem\",\"position\":2,\"name\":\"La premier italiana Meloni in copertina sul Time\"}]},{\"@type\":\"WebSite\",\"@id\":\"https:\/\/puntodincontro.mx\/#website\",\"url\":\"https:\/\/puntodincontro.mx\/\",\"name\":\"Puntodincontro\",\"description\":\"Dal 2006 notizie sui rapporti Italia-Messico \/ Desde 2006 noticias sobre las relaciones entre Italia y M\u00e9xico\",\"publisher\":{\"@id\":\"https:\/\/puntodincontro.mx\/#organization\"},\"potentialAction\":[{\"@type\":\"SearchAction\",\"target\":{\"@type\":\"EntryPoint\",\"urlTemplate\":\"https:\/\/puntodincontro.mx\/?s={search_term_string}\"},\"query-input\":{\"@type\":\"PropertyValueSpecification\",\"valueRequired\":true,\"valueName\":\"search_term_string\"}}],\"inLanguage\":\"es\"},{\"@type\":\"Organization\",\"@id\":\"https:\/\/puntodincontro.mx\/#organization\",\"name\":\"Puntodincontro\",\"url\":\"https:\/\/puntodincontro.mx\/\",\"logo\":{\"@type\":\"ImageObject\",\"inLanguage\":\"es\",\"@id\":\"https:\/\/puntodincontro.mx\/#\/schema\/logo\/image\/\",\"url\":\"https:\/\/puntodincontro.mx\/wp-content\/uploads\/2021\/08\/Default-image-for-open-graph-settings.jpg\",\"contentUrl\":\"https:\/\/puntodincontro.mx\/wp-content\/uploads\/2021\/08\/Default-image-for-open-graph-settings.jpg\",\"width\":1200,\"height\":630,\"caption\":\"Puntodincontro\"},\"image\":{\"@id\":\"https:\/\/puntodincontro.mx\/#\/schema\/logo\/image\/\"},\"sameAs\":[\"https:\/\/www.facebook.com\/puntodincontro.mx\",\"https:\/\/x.com\/puntodincontro\",\"https:\/\/www.instagram.com\/puntodincontro.mx\/\",\"https:\/\/www.linkedin.com\/company\/puntodincontro\/\",\"https:\/\/www.youtube.com\/c\/puntodincontromessico\",\"https:\/\/www.patreon.com\/puntodincontro\",\"https:\/\/www.threads.net\/@puntodincontro.mx\"]},{\"@type\":\"Person\",\"@id\":\"https:\/\/puntodincontro.mx\/#\/schema\/person\/d3066d18a16259cbb0c29b0d0e93b556\",\"name\":\"Puntodincontro\",\"image\":{\"@type\":\"ImageObject\",\"inLanguage\":\"es\",\"@id\":\"https:\/\/puntodincontro.mx\/#\/schema\/person\/image\/\",\"url\":\"https:\/\/secure.gravatar.com\/avatar\/0e85b4b3b5e9d6bfcec6a4956d8cc63a?s=96&d=mm&r=g\",\"contentUrl\":\"https:\/\/secure.gravatar.com\/avatar\/0e85b4b3b5e9d6bfcec6a4956d8cc63a?s=96&d=mm&r=g\",\"caption\":\"Puntodincontro\"},\"url\":\"https:\/\/puntodincontro.mx\/es\/author\/puntodincontro\/\"}]}<\/script>\n<!-- \/ Yoast SEO Premium plugin. -->","yoast_head_json":{"title":"La primera ministra italiana Meloni en la portada de Time","description":"Un nuevo nacionalismo, populista y prooccidental, pero fiel a Europa y a la OTAN: \u00e9sta es la dimensi\u00f3n pol\u00edtica de Meloni seg\u00fan la revista Time.","robots":{"index":"index","follow":"follow","max-snippet":"max-snippet:-1","max-image-preview":"max-image-preview:large","max-video-preview":"max-video-preview:-1"},"canonical":"https:\/\/puntodincontro.mx\/es\/2025\/07\/24\/la-primera-ministra-italiana-meloni-en-la-portada-de-time2\/","og_locale":"es_MX","og_type":"article","og_title":"La premier italiana Meloni in copertina sul Time","og_description":"Un nuovo nazionalismo, populista e pro-Occidente, ma fedele all'Europa e alla Nato: \u00e8 la dimensione politica di Meloni secondo il Time.","og_url":"https:\/\/puntodincontro.mx\/es\/2025\/07\/24\/la-primera-ministra-italiana-meloni-en-la-portada-de-time2\/","og_site_name":"Puntodincontro","article_publisher":"https:\/\/www.facebook.com\/puntodincontro.mx","article_published_time":"2025-07-24T21:45:38+00:00","article_modified_time":"2025-07-24T21:57:55+00:00","og_image":[{"width":932,"height":488,"url":"https:\/\/puntodincontro.mx\/wp-content\/uploads\/2025\/07\/melonitimepuntocomp.jpg","type":"image\/jpeg"}],"author":"Puntodincontro","twitter_card":"summary_large_image","twitter_creator":"@puntodincontro","twitter_site":"@puntodincontro","twitter_misc":{"Escrito por":"Puntodincontro","Tiempo de lectura":"3 minutos"},"schema":{"@context":"https:\/\/schema.org","@graph":[{"@type":"NewsArticle","@id":"https:\/\/puntodincontro.mx\/2025\/07\/24\/la-premier-italiana-meloni-in-copertina-sul-time2\/#article","isPartOf":{"@id":"https:\/\/puntodincontro.mx\/2025\/07\/24\/la-premier-italiana-meloni-in-copertina-sul-time2\/"},"author":{"name":"Puntodincontro","@id":"https:\/\/puntodincontro.mx\/#\/schema\/person\/d3066d18a16259cbb0c29b0d0e93b556"},"headline":"La premier italiana Meloni in copertina sul Time","datePublished":"2025-07-24T21:45:38+00:00","dateModified":"2025-07-24T21:57:55+00:00","mainEntityOfPage":{"@id":"https:\/\/puntodincontro.mx\/2025\/07\/24\/la-premier-italiana-meloni-in-copertina-sul-time2\/"},"wordCount":570,"commentCount":0,"publisher":{"@id":"https:\/\/puntodincontro.mx\/#organization"},"image":{"@id":"https:\/\/puntodincontro.mx\/2025\/07\/24\/la-premier-italiana-meloni-in-copertina-sul-time2\/#primaryimage"},"thumbnailUrl":"https:\/\/puntodincontro.mx\/wp-content\/uploads\/2025\/07\/melonitimepuntovert.webp","articleSection":["Italia nel mondo"],"inLanguage":"es","potentialAction":[{"@type":"CommentAction","name":"Comment","target":["https:\/\/puntodincontro.mx\/2025\/07\/24\/la-premier-italiana-meloni-in-copertina-sul-time2\/#respond"]}]},{"@type":"WebPage","@id":"https:\/\/puntodincontro.mx\/2025\/07\/24\/la-premier-italiana-meloni-in-copertina-sul-time2\/","url":"https:\/\/puntodincontro.mx\/2025\/07\/24\/la-premier-italiana-meloni-in-copertina-sul-time2\/","name":"La primera ministra italiana Meloni en la portada de Time","isPartOf":{"@id":"https:\/\/puntodincontro.mx\/#website"},"primaryImageOfPage":{"@id":"https:\/\/puntodincontro.mx\/2025\/07\/24\/la-premier-italiana-meloni-in-copertina-sul-time2\/#primaryimage"},"image":{"@id":"https:\/\/puntodincontro.mx\/2025\/07\/24\/la-premier-italiana-meloni-in-copertina-sul-time2\/#primaryimage"},"thumbnailUrl":"https:\/\/puntodincontro.mx\/wp-content\/uploads\/2025\/07\/melonitimepuntovert.webp","datePublished":"2025-07-24T21:45:38+00:00","dateModified":"2025-07-24T21:57:55+00:00","description":"Un nuevo nacionalismo, populista y prooccidental, pero fiel a Europa y a la OTAN: \u00e9sta es la dimensi\u00f3n pol\u00edtica de Meloni seg\u00fan la revista Time.","breadcrumb":{"@id":"https:\/\/puntodincontro.mx\/2025\/07\/24\/la-premier-italiana-meloni-in-copertina-sul-time2\/#breadcrumb"},"inLanguage":"es","potentialAction":[{"@type":"ReadAction","target":["https:\/\/puntodincontro.mx\/2025\/07\/24\/la-premier-italiana-meloni-in-copertina-sul-time2\/"]}]},{"@type":"ImageObject","inLanguage":"es","@id":"https:\/\/puntodincontro.mx\/2025\/07\/24\/la-premier-italiana-meloni-in-copertina-sul-time2\/#primaryimage","url":"https:\/\/puntodincontro.mx\/wp-content\/uploads\/2025\/07\/melonitimepuntovert.webp","contentUrl":"https:\/\/puntodincontro.mx\/wp-content\/uploads\/2025\/07\/melonitimepuntovert.webp","width":423,"height":488,"caption":"La premier italiana Meloni in copertina sul Time \/ Foto: Time - open.online"},{"@type":"BreadcrumbList","@id":"https:\/\/puntodincontro.mx\/2025\/07\/24\/la-premier-italiana-meloni-in-copertina-sul-time2\/#breadcrumb","itemListElement":[{"@type":"ListItem","position":1,"name":"Home","item":"https:\/\/puntodincontro.mx\/"},{"@type":"ListItem","position":2,"name":"La premier italiana Meloni in copertina sul Time"}]},{"@type":"WebSite","@id":"https:\/\/puntodincontro.mx\/#website","url":"https:\/\/puntodincontro.mx\/","name":"Puntodincontro","description":"Desde el 2006 noticias sobre las relaciones entre Italia y M\u00e9xico \/ Dal 2006 notizie sui rapporti Italia-Messico","publisher":{"@id":"https:\/\/puntodincontro.mx\/#organization"},"potentialAction":[{"@type":"SearchAction","target":{"@type":"EntryPoint","urlTemplate":"https:\/\/puntodincontro.mx\/?s={search_term_string}"},"query-input":{"@type":"PropertyValueSpecification","valueRequired":true,"valueName":"search_term_string"}}],"inLanguage":"es"},{"@type":"Organization","@id":"https:\/\/puntodincontro.mx\/#organization","name":"Puntodincontro","url":"https:\/\/puntodincontro.mx\/","logo":{"@type":"ImageObject","inLanguage":"es","@id":"https:\/\/puntodincontro.mx\/#\/schema\/logo\/image\/","url":"https:\/\/puntodincontro.mx\/wp-content\/uploads\/2021\/08\/Default-image-for-open-graph-settings.jpg","contentUrl":"https:\/\/puntodincontro.mx\/wp-content\/uploads\/2021\/08\/Default-image-for-open-graph-settings.jpg","width":1200,"height":630,"caption":"Puntodincontro"},"image":{"@id":"https:\/\/puntodincontro.mx\/#\/schema\/logo\/image\/"},"sameAs":["https:\/\/www.facebook.com\/puntodincontro.mx","https:\/\/x.com\/puntodincontro","https:\/\/www.instagram.com\/puntodincontro.mx\/","https:\/\/www.linkedin.com\/company\/puntodincontro\/","https:\/\/www.youtube.com\/c\/puntodincontromessico","https:\/\/www.patreon.com\/puntodincontro","https:\/\/www.threads.net\/@puntodincontro.mx"]},{"@type":"Person","@id":"https:\/\/puntodincontro.mx\/#\/schema\/person\/d3066d18a16259cbb0c29b0d0e93b556","name":"Puntodincontro","image":{"@type":"ImageObject","inLanguage":"es","@id":"https:\/\/puntodincontro.mx\/#\/schema\/person\/image\/","url":"https:\/\/secure.gravatar.com\/avatar\/0e85b4b3b5e9d6bfcec6a4956d8cc63a?s=96&d=mm&r=g","contentUrl":"https:\/\/secure.gravatar.com\/avatar\/0e85b4b3b5e9d6bfcec6a4956d8cc63a?s=96&d=mm&r=g","caption":"Puntodincontro"},"url":"https:\/\/puntodincontro.mx\/es\/author\/puntodincontro\/"}]}},"_links":{"self":[{"href":"https:\/\/puntodincontro.mx\/es\/wp-json\/wp\/v2\/posts\/23043"}],"collection":[{"href":"https:\/\/puntodincontro.mx\/es\/wp-json\/wp\/v2\/posts"}],"about":[{"href":"https:\/\/puntodincontro.mx\/es\/wp-json\/wp\/v2\/types\/post"}],"author":[{"embeddable":true,"href":"https:\/\/puntodincontro.mx\/es\/wp-json\/wp\/v2\/users\/2"}],"replies":[{"embeddable":true,"href":"https:\/\/puntodincontro.mx\/es\/wp-json\/wp\/v2\/comments?post=23043"}],"version-history":[{"count":4,"href":"https:\/\/puntodincontro.mx\/es\/wp-json\/wp\/v2\/posts\/23043\/revisions"}],"predecessor-version":[{"id":23049,"href":"https:\/\/puntodincontro.mx\/es\/wp-json\/wp\/v2\/posts\/23043\/revisions\/23049"}],"wp:featuredmedia":[{"embeddable":true,"href":"https:\/\/puntodincontro.mx\/es\/wp-json\/wp\/v2\/media\/23047"}],"wp:attachment":[{"href":"https:\/\/puntodincontro.mx\/es\/wp-json\/wp\/v2\/media?parent=23043"}],"wp:term":[{"taxonomy":"category","embeddable":true,"href":"https:\/\/puntodincontro.mx\/es\/wp-json\/wp\/v2\/categories?post=23043"},{"taxonomy":"post_tag","embeddable":true,"href":"https:\/\/puntodincontro.mx\/es\/wp-json\/wp\/v2\/tags?post=23043"}],"curies":[{"name":"wp","href":"https:\/\/api.w.org\/{rel}","templated":true}]}}