{"id":23050,"date":"2025-07-26T05:15:36","date_gmt":"2025-07-26T11:15:36","guid":{"rendered":"https:\/\/puntodincontro.mx\/?p=23050"},"modified":"2025-07-26T05:15:37","modified_gmt":"2025-07-26T11:15:37","slug":"xix-conferencia-de-los-investigadores-italianos-en-el-mundo-un-resumen","status":"publish","type":"post","link":"https:\/\/puntodincontro.mx\/es\/2025\/07\/26\/xix-conferenza-dei-ricercatori-italiani-nel-mondo-una-sintesi\/","title":{"rendered":"XIX Conferencia de Investigadores Italianos en el Mundo, un resumen"},"content":{"rendered":"<p class=\"translation-block\"><b>04:33 hrs.<\/b> - La XIX Conferencia de los Investigadores Italianos en el Mundo, celebrada en Bruselas, en el seno de las instituciones europeas y bajo los auspicios del Parlamento Europeo, represent\u00f3 quiz\u00e1s la se\u00f1al m\u00e1s contundente y concreta enviada a la pol\u00edtica italiana en los \u00faltimos a\u00f1os. En B\u00e9lgica se reuni\u00f3 la mejor representaci\u00f3n cient\u00edfica internacional del pa\u00eds de la bota: una comunidad global de acad\u00e9micos y profesores universitarios de alto perfil que representaron la excelencia del ingenio italiano, pero que residen y trabajaban en el extranjero. Italia, tras haberlos formado y educado, los vio partir hacia otros pa\u00edses, a los que contribuyen gracias a buenas perspectivas laborales y profesionales.<\/p>\n\n\n\n<p class=\"translation-block\">Durante a\u00f1os, la pol\u00edtica italiana ha sido incapaz de proponer planes adecuados para esta di\u00e1spora en auge, que incluye a decenas de miles de <em>cerebros en fuga<\/em> \u2014o mejor dicho, <em>cerebros expatriados<\/em>\u2014 para fomentar el regreso de estas figuras destacadas. Su experiencia, en \u00faltima instancia, beneficia a otras naciones, a menudo competidoras de Italia en innovaci\u00f3n, tecnolog\u00eda y ciencia.<\/p>\n\n\n\n<p>Vincenzo Arcobelli, fundador de la Conferencia y presidente de esta edici\u00f3n, es miembro del CGIE (Consejo General de Italianos en el Extranjero) y presidente del CTIM (Comit\u00e9 Tricolor para los Italianos en el Extranjero).<\/p>\n\n\n\n<p>En su discurso, se\u00f1al\u00f3 que \u00abhay aproximadamente 120 mil investigadores italianos en el extranjero, 15 mil solo en Estados Unidos\u00bb. Durante 13 a\u00f1os, de 2011 a 2024, la salida de 550 mil j\u00f3venes de entre 18 y 34 a\u00f1os ha causado da\u00f1os econ\u00f3micos a Italia por un valor de 134 mil millones de euros (fuente: Fondazione Nord Est). \u00bfC\u00f3mo se puede revertir esta tendencia?<\/p>\n\n\n\n<p>Seg\u00fan Arcobelli, el gobierno italiano debe tomar medidas estrat\u00e9gicas inaplazables. En primer lugar, se necesita m\u00e1s financiamiento para la investigaci\u00f3n; en segundo lugar, es necesario estabilizar contractualmente a los investigadores; es necesario promover la meritocracia (en un pa\u00eds como Italia, a\u00fan plagado de nepotismo y baron\u00edas universitarias); es necesario desarrollar sinergias entre universidades y empresas; modernizar las infraestructuras; simplificar los tr\u00e1mites administrativos y utilizar sistem\u00e1ticamente el programa marco <em>Horizon Europe<\/em>, destinado a la investigaci\u00f3n y la innovaci\u00f3n para el per\u00edodo 2021-2027.<\/p>\n\n\n\n<p>En este contexto de altibajos, un avance positivo es la asignaci\u00f3n de 50 millones de euros de parte de Italia a favor de infraestructuras de investigaci\u00f3n y el retorno de los estudiosos, a diferencia, por ejemplo, de Estados Unidos, donde la actual pol\u00edtica federal est\u00e1 provocando la fuga de profesores y estudiantes hacia al extranjero. Sin embargo, para ser eficaces, estas intervenciones deben ser estructurales y no eventuales, a fin de transformar el mundo de la investigaci\u00f3n en Italia en un centro atractivo, competitivo e inclusivo.<\/p>\n\n\n\n<p>Gabriele Andreoli, presidente del <em>Institute for advanced studies and cooperation<\/em> (IASC), present\u00f3 a los ponentes institucionales de la Conferencia de Bruselas.<\/p>\n\n\n\n<p>Entre ellos, la vicepresidente del Parlamento Europeo, Antonella Sberna, la vicerrectora de la Universidad Libre de Bruselas, Anne Weyembergh, el presidente de la <em>Texas Scientific Italian Community<\/em>, Andrea Giuffrida, el coordinador del evento, Antonio Cenini, la embajadora de Italia en B\u00e9lgica, Federica Favi, y el ministro de Salud italiano, Orazio Schillaci, quien particip\u00f3 mediante un mensaje de video. Tambi\u00e9n pronunciaron discursos los m\u00e1ximos representantes de la C\u00e1mara de Diputados, el Senado y el Gobierno italiano. Sus intervenciones se inspiraron en el reconocimiento del verdadero valor estrat\u00e9gico de la investigaci\u00f3n cient\u00edfica y la cooperaci\u00f3n internacional. La presencia de miles de talentos italianos en el extranjero tambi\u00e9n debe considerarse una oportunidad para desarrollar un n\u00famero significativo de colaboraciones entre el Bel Paese y otros pa\u00edses del mundo, con proyectos de cooperaci\u00f3n que permitan a Italia desempe\u00f1ar un papel m\u00e1s destacado en la innovaci\u00f3n cient\u00edfica y tecnol\u00f3gica.<\/p>\n\n\n\n<p>El profesor Simone Lucatello, investigador del Instituto Jos\u00e9 Mar\u00eda Luis Mora de la Secretar\u00eda de Ciencia de M\u00e9xico y coordinador del informe GEO7 (Programa de las Naciones Unidas para el Medio Ambiente), destac\u00f3 uno de los temas recurrentes: \u00abNecesitamos una relaci\u00f3n m\u00e1s pr\u00e1ctica, clara y continua entre los investigadores en el extranjero y las instituciones italianas, capaz de construir una verdadera visi\u00f3n a largo plazo\u00bb.<\/p>\n\n\n\n<p>Adem\u00e1s de Lucatello, participaron como ponentes Cristina Bettin (Israel), Ilaria Pagani (Australia), Rossana De Angelis (Francia), Carla Molteni (Gran Breta\u00f1a) y Fabio Pinna (B\u00e9lgica).<\/p>\n\n\n\n<p>La conferencia se centr\u00f3 en cuatro \u00e1reas estrat\u00e9gicas en las que los investigadores italianos operan con \u00e9xito en el extranjero: aeroespacial, tecnolog\u00eda, medicina y ciencias humanas. El sector aeroespacial destac\u00f3 la crucial contribuci\u00f3n de los investigadores italianos a los proyectos de la Agencia Espacial Europea y de la NASA, como subray\u00f3 el coordinador Stefano Boccaletti, quien moder\u00f3 las presentaciones de Adriano Ghedina, Cesare Brava y Claudia Paladini. En este contexto, las contribuciones son relevantes, abarcando desde telescopios espaciales hasta misiones interplanetarias, con una comunidad altamente integrada y din\u00e1mica a nivel internacional.<\/p>\n\n\n\n<p class=\"translation-block\">Un argumento similar se aplica a la innovaci\u00f3n tecnol\u00f3gica. Timoteo Carletti y Simone Napolitano abordaron los temas de las redes complejas y los llamados materiales amorfos (s\u00f3lidos cuyas mol\u00e9culas se distribuyen aleatoriamente), gracias a las contribuciones de Itamar Procaccia, Riccardo Muolo, Charo del Genio y Ludovico Minati. Fueron presentadas tambi\u00e9n las actividades en el \u00e1rea de la bioeconom\u00eda circular (que busca conciliar el crecimiento econ\u00f3mico, la creaci\u00f3n de empleo, la protecci\u00f3n del medio ambiente y la salud humana y animal), los <em>digital twins<\/em> (r\u00e9plicas virtuales de objetos o procesos reales para estudiar y mejorar su comportamiento), y la espectroscopia fotoac\u00fastica (\u00fatil, por ejemplo, para la detecci\u00f3n de contaminantes). Alessandro Parente, David Cannella, Luca Fiorani, Elio Tuci, Simone Lucatello y Angelo Pinto ilustraron estas investigaciones.<\/p>\n\n\n\n<p>Tambi\u00e9n en el campo de la medicina, la aportaci\u00f3n de Italia al mundo siempre es relevante.<\/p>\n\n\n\n<p>Andrea Giuffrida y Maddalena Parafati organizaron un panel con ponentes de renombre: Antonio Colaprico, Pietro Coletti, Enkelejda Miho, Eleonora Leucci, Viviana Vella, Antonella Fioravanti, Sara Piccirillo y Casimiro Gerarduzzi. Estos expertos ofrecieron una evaluaci\u00f3n de la excelencia italiana en este sector, incluyendo la medicina \u00f3mica, que estudia los sistemas biol\u00f3gicos a nivel molecular, la medicina traslacional, que combina la investigaci\u00f3n cient\u00edfica con la pr\u00e1ctica cl\u00ednica, la neuroinform\u00e1tica, que aprovecha los datos de la investigaci\u00f3n en neurociencia, y la oncolog\u00eda de vanguardia.<\/p>\n\n\n\n<p class=\"translation-block\">Un cap\u00edtulo importante de la Conferencia de Bruselas fue dedicado al humanismo y la inteligencia artificial (IA), donde el dualismo entre \u00e9tica y bienestar se encuentra actualmente en el centro del debate internacional. En particular, se analiz\u00f3 la relaci\u00f3n entre la espiritualidad y la IA. El profesor Michele Vincenti, de la UCW (Universidad Canada West) de Vancouver, observ\u00f3 que, a lo largo de los siglos, los <em>Ejercicios Espirituales<\/em> y la <em>Lectio Divina<\/em> de San Ignacio de Loyola han demostrado ser herramientas \u00fatiles para aumentar la autoconciencia, la formaci\u00f3n para el liderazgo y el discernimiento \u00e9tico.<\/p>\n\n\n\n<p class=\"translation-block\">Eugenia Cenini, investigadora en Ciencias de la Educaci\u00f3n de la Universidad de Espirito Santo (Brasil), present\u00f3 su proyecto <em>Mens Sana<\/em>, cuyo objetivo es evaluar el bienestar f\u00edsico y psicol\u00f3gico, as\u00ed como la calidad de vida, mediante un enfoque integrado que incluye par\u00e1metros de salud f\u00edsica, psicol\u00f3gica y gen\u00e9tica.<\/p>\n\n\n\n<p class=\"translation-block\">La XIX Conferencia de Investigadores Italianos en el Mundo confirm\u00f3, en general, el dinamismo de esta comunidad, activa en numerosos pa\u00edses del mundo, dotada de una vitalidad y una capacidad de innovaci\u00f3n que deber\u00edan emularse tambi\u00e9n en Italia. El pa\u00eds de la bota corre el riesgo de quedar al margen del desarrollo si no se adapta a los desaf\u00edos del mercado y, sobre todo, si no logra conectar el <em>Sistema Italia<\/em> con su capital humano en el extranjero. Ahora les toca a los pol\u00edticos demostrar concreci\u00f3n y coherencia. Mientras tanto, los investigadores quedaron en volverse a encontrar en Roma para la edici\u00f3n 20 de la Conferencia, con la esperanza de finalmente poder influir en las pol\u00edticas y decisiones gubernamentales mediante la colaboraci\u00f3n con las instituciones locales.<\/p>\n\n\n\n<p class=\"has-small-font-size translation-block\">Art\u00edculo de Alessandro Bettero publicado en el n\u00famero de julio-agosto de 2025 del <em>Messaggero di Sant\u2019Antonio<\/em>, edici\u00f3n italiana para el exterior, de la casa editorial <em>Messaggero di Sant\u2019Antonio<\/em>, vinculada a los Frailes Menores Conventuales de la Bas\u00edlica de San Antonio de Padua.<br>Foto: lavocedelpatriota.it<\/p>\n\n\n\n<div style=\"height:12px\" aria-hidden=\"true\" class=\"wp-block-spacer\"><\/div>\n\n\n<!-- Ad space powered by WP AdCenter v2.5.7 - https:\/\/wpadcenter.com\/ --><div class=\"wpadcenter-adgroup\" ><div class=\"wpadcenter-adgroup__row wpadcenter-aligncenter\"><div class=\"wpadcenter-ad-container\" ><div id=\"wpadcenter-ad-18464\" class=\"ad-placement\"><div class=\"wpadcenter-ad-inner\" ><a id=\"wpadcenter_ad\" data-value=\"18464\" data-placement=\"\" href=\"https:\/\/www.productosremo.com\/\" target=\"_blank\" class=\"wpadcenter-ad-inner__item\" ><img decoding=\"async\"   src=\"https:\/\/puntodincontro.mx\/wp-content\/uploads\/2021\/08\/remobanner.jpg\" class=\"attachment-post-thumbnail size-post-thumbnail wp-post-image\" alt=\"\" srcset=\"https:\/\/puntodincontro.mx\/wp-content\/uploads\/2021\/08\/remobanner.jpg 200w, https:\/\/puntodincontro.mx\/wp-content\/uploads\/2021\/08\/remobanner-16x5.jpg 16w\" sizes=\"(max-width: 200px) 100vw, 200px\" \/><\/a><\/div><\/div><\/div><div class=\"wpadcenter-ad-container\" ><div id=\"wpadcenter-ad-5305\" class=\"ad-placement\"><div class=\"wpadcenter-ad-inner\" ><a id=\"wpadcenter_ad\" data-value=\"5305\" data-placement=\"\" href=\"https:\/\/faitalia.com.mx\/\" target=\"_blank\" class=\"wpadcenter-ad-inner__item\" ><img decoding=\"async\"   src=\"https:\/\/puntodincontro.mx\/wp-content\/uploads\/2022\/05\/gruppodino.jpg\" class=\"attachment-post-thumbnail size-post-thumbnail wp-post-image\" alt=\"\" srcset=\"https:\/\/puntodincontro.mx\/wp-content\/uploads\/2022\/05\/gruppodino.jpg 200w, https:\/\/puntodincontro.mx\/wp-content\/uploads\/2022\/05\/gruppodino-18x5.jpg 18w\" sizes=\"(max-width: 200px) 100vw, 200px\" \/><\/a><\/div><\/div><\/div><div class=\"wpadcenter-ad-container\" ><div id=\"wpadcenter-ad-3781\" class=\"ad-placement\"><div class=\"wpadcenter-ad-inner\" ><a id=\"wpadcenter_ad\" data-value=\"3781\" data-placement=\"\" href=\"https:\/\/cannizzo.com.mx\/\" target=\"_blank\" class=\"wpadcenter-ad-inner__item\" ><img decoding=\"async\"   src=\"https:\/\/puntodincontro.mx\/wp-content\/uploads\/2022\/03\/cannizzo2.jpg\" class=\"attachment-post-thumbnail size-post-thumbnail wp-post-image\" alt=\"\" srcset=\"https:\/\/puntodincontro.mx\/wp-content\/uploads\/2022\/03\/cannizzo2.jpg 200w, https:\/\/puntodincontro.mx\/wp-content\/uploads\/2022\/03\/cannizzo2-18x5.jpg 18w\" sizes=\"(max-width: 200px) 100vw, 200px\" \/><\/a><\/div><\/div><\/div><\/div><div class=\"wpadcenter-adgroup__row wpadcenter-aligncenter\"><div class=\"wpadcenter-ad-container\" ><div id=\"wpadcenter-ad-1704\" class=\"ad-placement\"><div class=\"wpadcenter-ad-inner\" ><a id=\"wpadcenter_ad\" data-value=\"1704\" data-placement=\"\" href=\"https:\/\/puntodincontro.mx\/es\/2021\/12\/24\/inps-verificacion-de-supervivencia-de-los-pensionados-en-el-extranjero\/\" target=\"_blank\" class=\"wpadcenter-ad-inner__item\" ><img decoding=\"async\"   src=\"https:\/\/puntodincontro.mx\/wp-content\/uploads\/2021\/11\/logo-ital.jpg\" class=\"attachment-post-thumbnail size-post-thumbnail wp-post-image\" alt=\"Patronato ITAL Messico\" srcset=\"https:\/\/puntodincontro.mx\/wp-content\/uploads\/2021\/11\/logo-ital.jpg 200w, https:\/\/puntodincontro.mx\/wp-content\/uploads\/2021\/11\/logo-ital-16x5.jpg 16w\" sizes=\"(max-width: 200px) 100vw, 200px\" \/><\/a><\/div><\/div><\/div><div class=\"wpadcenter-ad-container\" ><div id=\"wpadcenter-ad-1538\" class=\"ad-placement\"><div class=\"wpadcenter-ad-inner\" ><a id=\"wpadcenter_ad\" data-value=\"1538\" data-placement=\"\" href=\"https:\/\/asociacionitaliana.org\/\" target=\"_blank\" class=\"wpadcenter-ad-inner__item\" ><img decoding=\"async\"   src=\"https:\/\/puntodincontro.mx\/wp-content\/uploads\/2021\/11\/aialogo.jpg\" class=\"attachment-post-thumbnail size-post-thumbnail wp-post-image\" alt=\"Associazione Italiana di Assistenza IAP\" srcset=\"https:\/\/puntodincontro.mx\/wp-content\/uploads\/2021\/11\/aialogo.jpg 200w, https:\/\/puntodincontro.mx\/wp-content\/uploads\/2021\/11\/aialogo-18x5.jpg 18w\" sizes=\"(max-width: 200px) 100vw, 200px\" \/><\/a><\/div><\/div><\/div><div class=\"wpadcenter-ad-container\" ><div id=\"wpadcenter-ad-1513\" class=\"ad-placement\"><div class=\"wpadcenter-ad-inner\" ><a id=\"wpadcenter_ad\" data-value=\"1513\" data-placement=\"\" href=\"https:\/\/gcinmuebles.mx\" target=\"_blank\" class=\"wpadcenter-ad-inner__item\" ><img decoding=\"async\"   src=\"https:\/\/puntodincontro.mx\/wp-content\/uploads\/2021\/10\/gcinmuebleslogopunto-1.jpg\" class=\"attachment-post-thumbnail size-post-thumbnail wp-post-image\" alt=\"\" srcset=\"https:\/\/puntodincontro.mx\/wp-content\/uploads\/2021\/10\/gcinmuebleslogopunto-1.jpg 200w, https:\/\/puntodincontro.mx\/wp-content\/uploads\/2021\/10\/gcinmuebleslogopunto-1-18x5.jpg 18w\" sizes=\"(max-width: 200px) 100vw, 200px\" \/><\/a><\/div><\/div><\/div><\/div><div class=\"wpadcenter-adgroup__row wpadcenter-aligncenter\"><div class=\"wpadcenter-ad-container\" ><div id=\"wpadcenter-ad-1374\" class=\"ad-placement\"><div class=\"wpadcenter-ad-inner\" ><a id=\"wpadcenter_ad\" data-value=\"1374\" data-placement=\"\" href=\"https:\/\/www.9colonne.it\/\" target=\"_blank\" class=\"wpadcenter-ad-inner__item\" ><img decoding=\"async\"   src=\"https:\/\/puntodincontro.mx\/wp-content\/uploads\/2021\/10\/Banner9colonne.gif\" class=\"attachment-post-thumbnail size-post-thumbnail wp-post-image\" alt=\"\" \/><\/a><\/div><\/div><\/div><div class=\"wpadcenter-ad-container\" ><div id=\"wpadcenter-ad-276\" class=\"ad-placement\"><div class=\"wpadcenter-ad-inner\" ><a id=\"wpadcenter_ad\" data-value=\"276\" data-placement=\"\" href=\"http:\/\/www.camaraitaliana.mx\/\" target=\"_blank\" class=\"wpadcenter-ad-inner__item\" ><img decoding=\"async\"   src=\"https:\/\/puntodincontro.mx\/wp-content\/uploads\/2021\/08\/ccimnuovo.jpg\" class=\"attachment-post-thumbnail size-post-thumbnail wp-post-image\" alt=\"\" srcset=\"https:\/\/puntodincontro.mx\/wp-content\/uploads\/2021\/08\/ccimnuovo.jpg 200w, https:\/\/puntodincontro.mx\/wp-content\/uploads\/2021\/08\/ccimnuovo-18x5.jpg 18w\" sizes=\"(max-width: 200px) 100vw, 200px\" \/><\/a><\/div><\/div><\/div><div class=\"wpadcenter-ad-container\" ><div id=\"wpadcenter-ad-272\" class=\"ad-placement\"><div class=\"wpadcenter-ad-inner\" ><a id=\"wpadcenter_ad\" data-value=\"272\" data-placement=\"\" href=\"http:\/\/corix.us\/\" target=\"_blank\" class=\"wpadcenter-ad-inner__item\" ><img decoding=\"async\"   src=\"https:\/\/puntodincontro.mx\/wp-content\/uploads\/2021\/08\/corixbanner-1.jpg\" class=\"attachment-post-thumbnail size-post-thumbnail wp-post-image\" alt=\"\" srcset=\"https:\/\/puntodincontro.mx\/wp-content\/uploads\/2021\/08\/corixbanner-1.jpg 200w, https:\/\/puntodincontro.mx\/wp-content\/uploads\/2021\/08\/corixbanner-1-16x5.jpg 16w\" sizes=\"(max-width: 200px) 100vw, 200px\" \/><\/a><\/div><\/div><\/div><\/div><div class=\"wpadcenter-adgroup__row wpadcenter-aligncenter\"><div class=\"wpadcenter-ad-container\" ><div id=\"wpadcenter-ad-266\" class=\"ad-placement\"><div class=\"wpadcenter-ad-inner\" ><a id=\"wpadcenter_ad\" data-value=\"266\" data-placement=\"\" href=\"https:\/\/www.prinsel.com.mx\/\" target=\"_blank\" class=\"wpadcenter-ad-inner__item\" ><img decoding=\"async\"   src=\"https:\/\/puntodincontro.mx\/wp-content\/uploads\/2021\/08\/prinselbanner-1.jpg\" class=\"attachment-post-thumbnail size-post-thumbnail wp-post-image\" alt=\"\" srcset=\"https:\/\/puntodincontro.mx\/wp-content\/uploads\/2021\/08\/prinselbanner-1.jpg 200w, https:\/\/puntodincontro.mx\/wp-content\/uploads\/2021\/08\/prinselbanner-1-16x5.jpg 16w\" sizes=\"(max-width: 200px) 100vw, 200px\" \/><\/a><\/div><\/div><\/div><div class=\"wpadcenter-ad-container\" ><div id=\"wpadcenter-ad-261\" class=\"ad-placement\"><div class=\"wpadcenter-ad-inner\" ><a id=\"wpadcenter_ad\" data-value=\"261\" data-placement=\"\" href=\"https:\/\/ambcittadelmessico.esteri.it\/ambasciata_cittadelmessico\/it\/\" target=\"_blank\" class=\"wpadcenter-ad-inner__item\" ><img decoding=\"async\"   src=\"https:\/\/puntodincontro.mx\/wp-content\/uploads\/2021\/08\/ambasciatabanner-1.jpg\" class=\"attachment-post-thumbnail size-post-thumbnail wp-post-image\" alt=\"\" srcset=\"https:\/\/puntodincontro.mx\/wp-content\/uploads\/2021\/08\/ambasciatabanner-1.jpg 200w, https:\/\/puntodincontro.mx\/wp-content\/uploads\/2021\/08\/ambasciatabanner-1-16x5.jpg 16w\" sizes=\"(max-width: 200px) 100vw, 200px\" \/><\/a><\/div><\/div><\/div><\/div><\/div>\n\n\n<div style=\"height:12px\" aria-hidden=\"true\" class=\"wp-block-spacer\"><\/div>","protected":false},"excerpt":{"rendered":"<p>Ore 04:33 &#8211; La XIX Conferenza dei ricercatori italiani nel mondo, svoltasi a Bruxelles, nel cuore delle istituzioni europee e sotto l&#8217;egida del Parlamento europeo, ha rappresentato il segnale forse pi\u00f9 forte e concreto lanciato in questi anni alla politica italiana. In Belgio, infatti, si sono riunite le migliori competenze scientifiche internazionali: una comunit\u00e0 globale di studiosi e docenti universitari italiani di altissimo profilo che rappresentano il meglio dell\u2019ingegno tricolore, ma residente e operante all&#8217;estero, dato che l\u2019Italia, dopo averli formati e \u00abcresciuti\u00bb, li ha visti partire verso altri lidi dove hanno portato il loro contributo grazie a buone prospettive&#8230; <\/p>","protected":false},"author":2,"featured_media":23059,"comment_status":"open","ping_status":"open","sticky":false,"template":"","format":"standard","meta":{"_monsterinsights_skip_tracking":false,"_monsterinsights_sitenote_active":false,"_monsterinsights_sitenote_note":"","_monsterinsights_sitenote_category":0,"footnotes":""},"categories":[14],"tags":[],"class_list":["post-23050","post","type-post","status-publish","format-standard","has-post-thumbnail","hentry","category-scienza-e-tecnologia"],"yoast_head":"<!-- This site is optimized with the Yoast SEO Premium plugin v18.4 (Yoast SEO v25.6) - https:\/\/yoast.com\/wordpress\/plugins\/seo\/ -->\n<title>XIX Conferenza dei ricercatori italiani nel mondo, una sintesi<\/title>\n<meta name=\"description\" content=\"Si \u00e8 svolta a Bruxelles, sotto l&#039;egida del Parlamento europeo, la XIX Conferenza dei ricercatori italiani nel mondo.\" \/>\n<meta name=\"robots\" content=\"index, follow, max-snippet:-1, max-image-preview:large, max-video-preview:-1\" \/>\n<link rel=\"canonical\" href=\"https:\/\/puntodincontro.mx\/es\/2025\/07\/26\/xix-conferencia-de-los-investigadores-italianos-en-el-mundo-un-resumen\/\" \/>\n<meta property=\"og:locale\" content=\"es_MX\" \/>\n<meta property=\"og:type\" content=\"article\" \/>\n<meta property=\"og:title\" content=\"XIX Conferenza dei ricercatori italiani nel mondo, una sintesi\" \/>\n<meta property=\"og:description\" content=\"Si \u00e8 svolta a Bruxelles, sotto l&#039;egida del Parlamento europeo, la XIX Conferenza dei ricercatori italiani nel mondo.\" \/>\n<meta property=\"og:url\" content=\"https:\/\/puntodincontro.mx\/es\/2025\/07\/26\/xix-conferencia-de-los-investigadores-italianos-en-el-mundo-un-resumen\/\" \/>\n<meta property=\"og:site_name\" content=\"Puntodincontro\" \/>\n<meta property=\"article:publisher\" content=\"https:\/\/www.facebook.com\/puntodincontro.mx\" \/>\n<meta property=\"article:published_time\" content=\"2025-07-26T11:15:36+00:00\" \/>\n<meta property=\"article:modified_time\" content=\"2025-07-26T11:15:37+00:00\" \/>\n<meta property=\"og:image\" content=\"https:\/\/puntodincontro.mx\/wp-content\/uploads\/2025\/07\/ricercatoripuntocomp.jpg\" \/>\n\t<meta property=\"og:image:width\" content=\"932\" \/>\n\t<meta property=\"og:image:height\" content=\"488\" \/>\n\t<meta property=\"og:image:type\" content=\"image\/jpeg\" \/>\n<meta name=\"author\" content=\"Puntodincontro\" \/>\n<meta name=\"twitter:card\" content=\"summary_large_image\" \/>\n<meta name=\"twitter:creator\" content=\"@puntodincontro\" \/>\n<meta name=\"twitter:site\" content=\"@puntodincontro\" \/>\n<meta name=\"twitter:label1\" content=\"Escrito por\" \/>\n\t<meta name=\"twitter:data1\" content=\"Puntodincontro\" \/>\n\t<meta name=\"twitter:label2\" content=\"Tiempo de lectura\" \/>\n\t<meta name=\"twitter:data2\" content=\"6 minutos\" \/>\n<script type=\"application\/ld+json\" class=\"yoast-schema-graph\">{\"@context\":\"https:\/\/schema.org\",\"@graph\":[{\"@type\":\"NewsArticle\",\"@id\":\"https:\/\/puntodincontro.mx\/2025\/07\/26\/xix-conferenza-dei-ricercatori-italiani-nel-mondo-una-sintesi\/#article\",\"isPartOf\":{\"@id\":\"https:\/\/puntodincontro.mx\/2025\/07\/26\/xix-conferenza-dei-ricercatori-italiani-nel-mondo-una-sintesi\/\"},\"author\":{\"name\":\"Puntodincontro\",\"@id\":\"https:\/\/puntodincontro.mx\/#\/schema\/person\/d3066d18a16259cbb0c29b0d0e93b556\"},\"headline\":\"XIX Conferenza dei ricercatori italiani nel mondo, una sintesi\",\"datePublished\":\"2025-07-26T11:15:36+00:00\",\"dateModified\":\"2025-07-26T11:15:37+00:00\",\"mainEntityOfPage\":{\"@id\":\"https:\/\/puntodincontro.mx\/2025\/07\/26\/xix-conferenza-dei-ricercatori-italiani-nel-mondo-una-sintesi\/\"},\"wordCount\":1294,\"commentCount\":0,\"publisher\":{\"@id\":\"https:\/\/puntodincontro.mx\/#organization\"},\"image\":{\"@id\":\"https:\/\/puntodincontro.mx\/2025\/07\/26\/xix-conferenza-dei-ricercatori-italiani-nel-mondo-una-sintesi\/#primaryimage\"},\"thumbnailUrl\":\"https:\/\/puntodincontro.mx\/wp-content\/uploads\/2025\/07\/ricercatoripuntovert.webp\",\"articleSection\":[\"Scienza e tecnologia\"],\"inLanguage\":\"es\",\"potentialAction\":[{\"@type\":\"CommentAction\",\"name\":\"Comment\",\"target\":[\"https:\/\/puntodincontro.mx\/2025\/07\/26\/xix-conferenza-dei-ricercatori-italiani-nel-mondo-una-sintesi\/#respond\"]}]},{\"@type\":\"WebPage\",\"@id\":\"https:\/\/puntodincontro.mx\/2025\/07\/26\/xix-conferenza-dei-ricercatori-italiani-nel-mondo-una-sintesi\/\",\"url\":\"https:\/\/puntodincontro.mx\/2025\/07\/26\/xix-conferenza-dei-ricercatori-italiani-nel-mondo-una-sintesi\/\",\"name\":\"XIX Conferenza dei ricercatori italiani nel mondo, una sintesi\",\"isPartOf\":{\"@id\":\"https:\/\/puntodincontro.mx\/#website\"},\"primaryImageOfPage\":{\"@id\":\"https:\/\/puntodincontro.mx\/2025\/07\/26\/xix-conferenza-dei-ricercatori-italiani-nel-mondo-una-sintesi\/#primaryimage\"},\"image\":{\"@id\":\"https:\/\/puntodincontro.mx\/2025\/07\/26\/xix-conferenza-dei-ricercatori-italiani-nel-mondo-una-sintesi\/#primaryimage\"},\"thumbnailUrl\":\"https:\/\/puntodincontro.mx\/wp-content\/uploads\/2025\/07\/ricercatoripuntovert.webp\",\"datePublished\":\"2025-07-26T11:15:36+00:00\",\"dateModified\":\"2025-07-26T11:15:37+00:00\",\"description\":\"Si \u00e8 svolta a Bruxelles, sotto l'egida del Parlamento europeo, la XIX Conferenza dei ricercatori italiani nel mondo.\",\"breadcrumb\":{\"@id\":\"https:\/\/puntodincontro.mx\/2025\/07\/26\/xix-conferenza-dei-ricercatori-italiani-nel-mondo-una-sintesi\/#breadcrumb\"},\"inLanguage\":\"es\",\"potentialAction\":[{\"@type\":\"ReadAction\",\"target\":[\"https:\/\/puntodincontro.mx\/2025\/07\/26\/xix-conferenza-dei-ricercatori-italiani-nel-mondo-una-sintesi\/\"]}]},{\"@type\":\"ImageObject\",\"inLanguage\":\"es\",\"@id\":\"https:\/\/puntodincontro.mx\/2025\/07\/26\/xix-conferenza-dei-ricercatori-italiani-nel-mondo-una-sintesi\/#primaryimage\",\"url\":\"https:\/\/puntodincontro.mx\/wp-content\/uploads\/2025\/07\/ricercatoripuntovert.webp\",\"contentUrl\":\"https:\/\/puntodincontro.mx\/wp-content\/uploads\/2025\/07\/ricercatoripuntovert.webp\",\"width\":423,\"height\":488,\"caption\":\"XIX Conferenza dei ricercatori italiani nel mondo, una sintesi \/ Foto: lavocedelpatriota.it\"},{\"@type\":\"BreadcrumbList\",\"@id\":\"https:\/\/puntodincontro.mx\/2025\/07\/26\/xix-conferenza-dei-ricercatori-italiani-nel-mondo-una-sintesi\/#breadcrumb\",\"itemListElement\":[{\"@type\":\"ListItem\",\"position\":1,\"name\":\"Home\",\"item\":\"https:\/\/puntodincontro.mx\/\"},{\"@type\":\"ListItem\",\"position\":2,\"name\":\"XIX Conferenza dei ricercatori italiani nel mondo, una sintesi\"}]},{\"@type\":\"WebSite\",\"@id\":\"https:\/\/puntodincontro.mx\/#website\",\"url\":\"https:\/\/puntodincontro.mx\/\",\"name\":\"Puntodincontro\",\"description\":\"Dal 2006 notizie sui rapporti Italia-Messico \/ Desde 2006 noticias sobre las relaciones entre Italia y M\u00e9xico\",\"publisher\":{\"@id\":\"https:\/\/puntodincontro.mx\/#organization\"},\"potentialAction\":[{\"@type\":\"SearchAction\",\"target\":{\"@type\":\"EntryPoint\",\"urlTemplate\":\"https:\/\/puntodincontro.mx\/?s={search_term_string}\"},\"query-input\":{\"@type\":\"PropertyValueSpecification\",\"valueRequired\":true,\"valueName\":\"search_term_string\"}}],\"inLanguage\":\"es\"},{\"@type\":\"Organization\",\"@id\":\"https:\/\/puntodincontro.mx\/#organization\",\"name\":\"Puntodincontro\",\"url\":\"https:\/\/puntodincontro.mx\/\",\"logo\":{\"@type\":\"ImageObject\",\"inLanguage\":\"es\",\"@id\":\"https:\/\/puntodincontro.mx\/#\/schema\/logo\/image\/\",\"url\":\"https:\/\/puntodincontro.mx\/wp-content\/uploads\/2021\/08\/Default-image-for-open-graph-settings.jpg\",\"contentUrl\":\"https:\/\/puntodincontro.mx\/wp-content\/uploads\/2021\/08\/Default-image-for-open-graph-settings.jpg\",\"width\":1200,\"height\":630,\"caption\":\"Puntodincontro\"},\"image\":{\"@id\":\"https:\/\/puntodincontro.mx\/#\/schema\/logo\/image\/\"},\"sameAs\":[\"https:\/\/www.facebook.com\/puntodincontro.mx\",\"https:\/\/x.com\/puntodincontro\",\"https:\/\/www.instagram.com\/puntodincontro.mx\/\",\"https:\/\/www.linkedin.com\/company\/puntodincontro\/\",\"https:\/\/www.youtube.com\/c\/puntodincontromessico\",\"https:\/\/www.patreon.com\/puntodincontro\",\"https:\/\/www.threads.net\/@puntodincontro.mx\"]},{\"@type\":\"Person\",\"@id\":\"https:\/\/puntodincontro.mx\/#\/schema\/person\/d3066d18a16259cbb0c29b0d0e93b556\",\"name\":\"Puntodincontro\",\"image\":{\"@type\":\"ImageObject\",\"inLanguage\":\"es\",\"@id\":\"https:\/\/puntodincontro.mx\/#\/schema\/person\/image\/\",\"url\":\"https:\/\/secure.gravatar.com\/avatar\/0e85b4b3b5e9d6bfcec6a4956d8cc63a?s=96&d=mm&r=g\",\"contentUrl\":\"https:\/\/secure.gravatar.com\/avatar\/0e85b4b3b5e9d6bfcec6a4956d8cc63a?s=96&d=mm&r=g\",\"caption\":\"Puntodincontro\"},\"url\":\"https:\/\/puntodincontro.mx\/es\/author\/puntodincontro\/\"}]}<\/script>\n<!-- \/ Yoast SEO Premium plugin. -->","yoast_head_json":{"title":"XIX Conferencia de Investigadores Italianos en el Mundo, un resumen","description":"Se llev\u00f3 a cabo en Bruselas, bajo los auspicios del Parlamento Europeo, la XIX Conferencia de los Investigadores Italianos en el Mundo.","robots":{"index":"index","follow":"follow","max-snippet":"max-snippet:-1","max-image-preview":"max-image-preview:large","max-video-preview":"max-video-preview:-1"},"canonical":"https:\/\/puntodincontro.mx\/es\/2025\/07\/26\/xix-conferencia-de-los-investigadores-italianos-en-el-mundo-un-resumen\/","og_locale":"es_MX","og_type":"article","og_title":"XIX Conferenza dei ricercatori italiani nel mondo, una sintesi","og_description":"Si \u00e8 svolta a Bruxelles, sotto l'egida del Parlamento europeo, la XIX Conferenza dei ricercatori italiani nel mondo.","og_url":"https:\/\/puntodincontro.mx\/es\/2025\/07\/26\/xix-conferencia-de-los-investigadores-italianos-en-el-mundo-un-resumen\/","og_site_name":"Puntodincontro","article_publisher":"https:\/\/www.facebook.com\/puntodincontro.mx","article_published_time":"2025-07-26T11:15:36+00:00","article_modified_time":"2025-07-26T11:15:37+00:00","og_image":[{"width":932,"height":488,"url":"https:\/\/puntodincontro.mx\/wp-content\/uploads\/2025\/07\/ricercatoripuntocomp.jpg","type":"image\/jpeg"}],"author":"Puntodincontro","twitter_card":"summary_large_image","twitter_creator":"@puntodincontro","twitter_site":"@puntodincontro","twitter_misc":{"Escrito por":"Puntodincontro","Tiempo de lectura":"6 minutos"},"schema":{"@context":"https:\/\/schema.org","@graph":[{"@type":"NewsArticle","@id":"https:\/\/puntodincontro.mx\/2025\/07\/26\/xix-conferenza-dei-ricercatori-italiani-nel-mondo-una-sintesi\/#article","isPartOf":{"@id":"https:\/\/puntodincontro.mx\/2025\/07\/26\/xix-conferenza-dei-ricercatori-italiani-nel-mondo-una-sintesi\/"},"author":{"name":"Puntodincontro","@id":"https:\/\/puntodincontro.mx\/#\/schema\/person\/d3066d18a16259cbb0c29b0d0e93b556"},"headline":"XIX Conferenza dei ricercatori italiani nel mondo, una sintesi","datePublished":"2025-07-26T11:15:36+00:00","dateModified":"2025-07-26T11:15:37+00:00","mainEntityOfPage":{"@id":"https:\/\/puntodincontro.mx\/2025\/07\/26\/xix-conferenza-dei-ricercatori-italiani-nel-mondo-una-sintesi\/"},"wordCount":1294,"commentCount":0,"publisher":{"@id":"https:\/\/puntodincontro.mx\/#organization"},"image":{"@id":"https:\/\/puntodincontro.mx\/2025\/07\/26\/xix-conferenza-dei-ricercatori-italiani-nel-mondo-una-sintesi\/#primaryimage"},"thumbnailUrl":"https:\/\/puntodincontro.mx\/wp-content\/uploads\/2025\/07\/ricercatoripuntovert.webp","articleSection":["Scienza e tecnologia"],"inLanguage":"es","potentialAction":[{"@type":"CommentAction","name":"Comment","target":["https:\/\/puntodincontro.mx\/2025\/07\/26\/xix-conferenza-dei-ricercatori-italiani-nel-mondo-una-sintesi\/#respond"]}]},{"@type":"WebPage","@id":"https:\/\/puntodincontro.mx\/2025\/07\/26\/xix-conferenza-dei-ricercatori-italiani-nel-mondo-una-sintesi\/","url":"https:\/\/puntodincontro.mx\/2025\/07\/26\/xix-conferenza-dei-ricercatori-italiani-nel-mondo-una-sintesi\/","name":"XIX Conferencia de Investigadores Italianos en el Mundo, un resumen","isPartOf":{"@id":"https:\/\/puntodincontro.mx\/#website"},"primaryImageOfPage":{"@id":"https:\/\/puntodincontro.mx\/2025\/07\/26\/xix-conferenza-dei-ricercatori-italiani-nel-mondo-una-sintesi\/#primaryimage"},"image":{"@id":"https:\/\/puntodincontro.mx\/2025\/07\/26\/xix-conferenza-dei-ricercatori-italiani-nel-mondo-una-sintesi\/#primaryimage"},"thumbnailUrl":"https:\/\/puntodincontro.mx\/wp-content\/uploads\/2025\/07\/ricercatoripuntovert.webp","datePublished":"2025-07-26T11:15:36+00:00","dateModified":"2025-07-26T11:15:37+00:00","description":"Se llev\u00f3 a cabo en Bruselas, bajo los auspicios del Parlamento Europeo, la XIX Conferencia de los Investigadores Italianos en el Mundo.","breadcrumb":{"@id":"https:\/\/puntodincontro.mx\/2025\/07\/26\/xix-conferenza-dei-ricercatori-italiani-nel-mondo-una-sintesi\/#breadcrumb"},"inLanguage":"es","potentialAction":[{"@type":"ReadAction","target":["https:\/\/puntodincontro.mx\/2025\/07\/26\/xix-conferenza-dei-ricercatori-italiani-nel-mondo-una-sintesi\/"]}]},{"@type":"ImageObject","inLanguage":"es","@id":"https:\/\/puntodincontro.mx\/2025\/07\/26\/xix-conferenza-dei-ricercatori-italiani-nel-mondo-una-sintesi\/#primaryimage","url":"https:\/\/puntodincontro.mx\/wp-content\/uploads\/2025\/07\/ricercatoripuntovert.webp","contentUrl":"https:\/\/puntodincontro.mx\/wp-content\/uploads\/2025\/07\/ricercatoripuntovert.webp","width":423,"height":488,"caption":"XIX Conferenza dei ricercatori italiani nel mondo, una sintesi \/ Foto: lavocedelpatriota.it"},{"@type":"BreadcrumbList","@id":"https:\/\/puntodincontro.mx\/2025\/07\/26\/xix-conferenza-dei-ricercatori-italiani-nel-mondo-una-sintesi\/#breadcrumb","itemListElement":[{"@type":"ListItem","position":1,"name":"Home","item":"https:\/\/puntodincontro.mx\/"},{"@type":"ListItem","position":2,"name":"XIX Conferenza dei ricercatori italiani nel mondo, una sintesi"}]},{"@type":"WebSite","@id":"https:\/\/puntodincontro.mx\/#website","url":"https:\/\/puntodincontro.mx\/","name":"Puntodincontro","description":"Desde el 2006 noticias sobre las relaciones entre Italia y M\u00e9xico \/ Dal 2006 notizie sui rapporti Italia-Messico","publisher":{"@id":"https:\/\/puntodincontro.mx\/#organization"},"potentialAction":[{"@type":"SearchAction","target":{"@type":"EntryPoint","urlTemplate":"https:\/\/puntodincontro.mx\/?s={search_term_string}"},"query-input":{"@type":"PropertyValueSpecification","valueRequired":true,"valueName":"search_term_string"}}],"inLanguage":"es"},{"@type":"Organization","@id":"https:\/\/puntodincontro.mx\/#organization","name":"Puntodincontro","url":"https:\/\/puntodincontro.mx\/","logo":{"@type":"ImageObject","inLanguage":"es","@id":"https:\/\/puntodincontro.mx\/#\/schema\/logo\/image\/","url":"https:\/\/puntodincontro.mx\/wp-content\/uploads\/2021\/08\/Default-image-for-open-graph-settings.jpg","contentUrl":"https:\/\/puntodincontro.mx\/wp-content\/uploads\/2021\/08\/Default-image-for-open-graph-settings.jpg","width":1200,"height":630,"caption":"Puntodincontro"},"image":{"@id":"https:\/\/puntodincontro.mx\/#\/schema\/logo\/image\/"},"sameAs":["https:\/\/www.facebook.com\/puntodincontro.mx","https:\/\/x.com\/puntodincontro","https:\/\/www.instagram.com\/puntodincontro.mx\/","https:\/\/www.linkedin.com\/company\/puntodincontro\/","https:\/\/www.youtube.com\/c\/puntodincontromessico","https:\/\/www.patreon.com\/puntodincontro","https:\/\/www.threads.net\/@puntodincontro.mx"]},{"@type":"Person","@id":"https:\/\/puntodincontro.mx\/#\/schema\/person\/d3066d18a16259cbb0c29b0d0e93b556","name":"Puntodincontro","image":{"@type":"ImageObject","inLanguage":"es","@id":"https:\/\/puntodincontro.mx\/#\/schema\/person\/image\/","url":"https:\/\/secure.gravatar.com\/avatar\/0e85b4b3b5e9d6bfcec6a4956d8cc63a?s=96&d=mm&r=g","contentUrl":"https:\/\/secure.gravatar.com\/avatar\/0e85b4b3b5e9d6bfcec6a4956d8cc63a?s=96&d=mm&r=g","caption":"Puntodincontro"},"url":"https:\/\/puntodincontro.mx\/es\/author\/puntodincontro\/"}]}},"_links":{"self":[{"href":"https:\/\/puntodincontro.mx\/es\/wp-json\/wp\/v2\/posts\/23050"}],"collection":[{"href":"https:\/\/puntodincontro.mx\/es\/wp-json\/wp\/v2\/posts"}],"about":[{"href":"https:\/\/puntodincontro.mx\/es\/wp-json\/wp\/v2\/types\/post"}],"author":[{"embeddable":true,"href":"https:\/\/puntodincontro.mx\/es\/wp-json\/wp\/v2\/users\/2"}],"replies":[{"embeddable":true,"href":"https:\/\/puntodincontro.mx\/es\/wp-json\/wp\/v2\/comments?post=23050"}],"version-history":[{"count":8,"href":"https:\/\/puntodincontro.mx\/es\/wp-json\/wp\/v2\/posts\/23050\/revisions"}],"predecessor-version":[{"id":23058,"href":"https:\/\/puntodincontro.mx\/es\/wp-json\/wp\/v2\/posts\/23050\/revisions\/23058"}],"wp:featuredmedia":[{"embeddable":true,"href":"https:\/\/puntodincontro.mx\/es\/wp-json\/wp\/v2\/media\/23059"}],"wp:attachment":[{"href":"https:\/\/puntodincontro.mx\/es\/wp-json\/wp\/v2\/media?parent=23050"}],"wp:term":[{"taxonomy":"category","embeddable":true,"href":"https:\/\/puntodincontro.mx\/es\/wp-json\/wp\/v2\/categories?post=23050"},{"taxonomy":"post_tag","embeddable":true,"href":"https:\/\/puntodincontro.mx\/es\/wp-json\/wp\/v2\/tags?post=23050"}],"curies":[{"name":"wp","href":"https:\/\/api.w.org\/{rel}","templated":true}]}}