{"id":23061,"date":"2025-07-26T16:00:41","date_gmt":"2025-07-26T22:00:41","guid":{"rendered":"https:\/\/puntodincontro.mx\/?p=23061"},"modified":"2025-07-26T18:06:44","modified_gmt":"2025-07-27T00:06:44","slug":"la-memoria-redescubierta-de-los-marineros-italianos-en-mexico","status":"publish","type":"post","link":"https:\/\/puntodincontro.mx\/es\/2025\/07\/26\/la-memoria-ritrovata-dei-marinai-italiani-prigionieri-in-messico\/","title":{"rendered":"La memoria redescubierta de los marineros italianos prisioneros en M\u00e9xico"},"content":{"rendered":"<p class=\"translation-block\"><b>11:21 hrs.<\/b> - Durante la Segunda Guerra Mundial, la flota mercante italiana, entonces una de las m\u00e1s grandes del mundo, fue devastada en forma dram\u00e1tica por eventos b\u00e9licos, un destino en gran parte olvidado hoy en d\u00eda.<\/p>\n\n\n\n<p>Cuando Italia entr\u00f3 en el conflicto al lado de Alemania \u2014el 10 de junio de 1940\u2014 m\u00e1s de 200 buques mercantes con bandera italiana se vieron imposibilitados de regresar al Mediterr\u00e1neo, al no poder cruzar el Estrecho de Gibraltar, controlado, entonces como ahora, por el Reino Unido.<\/p>\n\n\n\n<p>Entre ellos se encontraban muchos petroleros de propiedad ligur, como el Atlas Genova, que en ese momento se encontraba en el puerto de Tampico, M\u00e9xico, y por lo tanto se qued\u00f3 varado lejos de Europa. Aunque oficialmente neutral, M\u00e9xico decidi\u00f3 requisar varios buques extranjeros con el objetivo de fortalecer su flota petrolera y promover el comercio con Estados Unidos, que estaba a punto de entrar en la guerra junto con Francia y el Reino Unido.<\/p>\n\n\n\n<p>Fue en este contexto que Dom\u00e9nico Bruzzone, originario de G\u00e9nova-Pegli y jefe de m\u00e1quinas del petrolero, vivi\u00f3 su dram\u00e1tica experiencia de cautiverio, redescubierta por su nieto, que lleva su mismo nombre.<\/p>\n\n\n\n<p>\u00abLos acontecimientos salieron a la luz gracias a una investigaci\u00f3n acerca de una imagen del Atlas Genova, que no figuraba en ninguno de los textos o documentos oficiales que describ\u00edan estos sucesos: se encontr\u00f3 en forma de postal, ofrecida por un vendedor estadounidense en eBay\u00bb, relata Bruzzone.<\/p>\n\n\n\n<p>El destino de Dom\u00e9nico y los dem\u00e1s marineros italianos en M\u00e9xico revela, seg\u00fan su sobrino, \u00abaspectos multifac\u00e9ticos de la condici\u00f3n humana en tiempos de guerra: mientras las naciones act\u00faan seg\u00fan l\u00f3gicas geopol\u00edticas y comerciales, las personas viven experiencias emocionales y existenciales, marcadas por las relaciones, el sufrimiento, las ilusiones y las esperanzas\u00bb.<\/p>\n\n\n\n<p class=\"translation-block\">El Atlas Genova era un petrolero de vapor construido en Estados Unidos y adquirido por el armador genov\u00e9s Barbagelata. Siguiendo \u00f3rdenes del Almirantazgo italiano, el capit\u00e1n intent\u00f3 hundir el buque para impedir su uso por parte de M\u00e9xico. \u00abEl Atlas se hundi\u00f3 en aguas poco profundas, fue recuperado posteriormente por los mexicanos, rebautizado con el nombre de <em>Las Choapas<\/em> y finalmente hundido por un submarino alem\u00e1n\u00bb, explica Bruzzone.<\/p>\n\n\n\n<p>La tripulaci\u00f3n fue arrestada, acusada de sabotaje y Dom\u00e9nico Bruzzone fue encarcelado primero en Tampico y luego en la Fortaleza de San Carlos de Perote, una antigua construcci\u00f3n espa\u00f1ola convertida en penitenciar\u00eda, conocida por sus duras condiciones de aislamiento, fr\u00edo y humedad.<\/p>\n\n\n\n<p>Tras aproximadamente dos a\u00f1os de cautiverio, muri\u00f3 de neumon\u00eda en mayo de 1942 y su fallecimiento \u00abfue comunicado a la familia con m\u00e1s de un a\u00f1o de retraso, utilizando el fr\u00edo lenguaje burocr\u00e1tico de estas circunstancias, acompa\u00f1ado de un inventario de sus escasas pertenencias personales\u00bb, relata su nieto.<\/p>\n\n\n\n<p>Sin embargo, junto a la frialdad de los documentos, emergen pruebas de gran humanidad y afecto, como se aprecia en la correspondencia entre Bruzzone y su esposa, compuesta por \u00abcartas sencillas pero delicadas y afectuosas\u00bb, que revelan \u00abun mundo emocional de respeto y modestia, caracter\u00edstico de la \u00e9poca y del contexto de la cultura obrera ligur\u00bb.<\/p>\n\n\n\n<p>El lenguaje de la correspondencia privada de Bruzzone y de sus compa\u00f1eros de prisi\u00f3n \u00abcontrasta marcadamente con la naturaleza \u00e1rida, burocr\u00e1tica y fr\u00eda de las comunicaciones oficiales\u00bb.<\/p>\n\n\n\n<p>Durante su encarcelamiento en Perote, la coexistencia forzada de italianos, alemanes \u2014y probablemente tambi\u00e9n algunos japoneses\u2014 propici\u00f3 el surgimiento espont\u00e1neo de lazos de solidaridad en un entorno hostil y aislado, marcado por la penuria y la distancia.<\/p>\n\n\n\n<p>\u00abLa vida en comunidad, con sus rituales improvisados y las banderas de los Saboya y de los nazis que parecen caer de ramas desprevenidas, sugiere que, incluso en los contextos m\u00e1s hostiles, es posible crear formas de cohesi\u00f3n, impulsadas por la necesidad de resistir y encontrar sentido al compartir y arraigarse en el amor y el afecto\u00bb, reflexiona el nieto del ingeniero jefe del Atlas Genova.<\/p>\n\n\n\n<p class=\"translation-block\">Muchos de estos marineros, una vez liberados, decidieron permanecer en M\u00e9xico, donde se integraron a la comunidad italiana, gracias a la cual, con el paso de los a\u00f1os, se fundaron instituciones como la Casa de Italia y la Sociedad Dante Alighieri (el Comit\u00e9 de la Ciudad de M\u00e9xico de la Sociedad Dante Alighieri ya se hab\u00eda fundado en 1901, nota del redactor), para mantener vivos los v\u00ednculos con su patria.<\/p>\n\n\n\n<p class=\"translation-block\">La investigaci\u00f3n colectiva y digital jug\u00f3 un papel importante en la reconstrucci\u00f3n de estos acontecimientos. Entre ellos, se encuentra el blog <em><a href=\"https:\/\/conlapelleappesaaunchiodo.blogspot.com\/\" target=\"_blank\" rel=\"noreferrer noopener\">Con la pelle appesa a un chiodo<\/a><\/em>, editado por Lorenzo Colombo, que contribuy\u00f3 a sacar a la luz numerosas historias olvidadas de buques mercantes  y sus tripulaciones durante el conflicto.<\/p>\n\n\n\n<p>\u00abAlgunos descendientes de aquellos hombres son ahora figuras p\u00fablicas, profesionales y emprendedores que perpet\u00faan la memoria de sus padres y abuelos a trav\u00e9s de iniciativas culturales, educativas y conmemorativas\u00bb, explica Bruzzone, quien ha convertido la reconstrucci\u00f3n de estos acontecimientos en un proyecto activo.<\/p>\n\n\n\n<p>\u00abNo se trata solo de honrar a un familiar\u00bb, aclara, explicando que este esfuerzo de \u00abposmemoria\u00bb, como \u00e9l lo llama, tambi\u00e9n sirve para \u00abdenunciar la ausencia del Estado y el sinsentido de la guerra, con el fin de reafirmar valores humanos fundamentales como la solidaridad, el emprendimiento y el compromiso social\u00bb.<\/p>\n\n\n\n<p>Hoy, el regreso simb\u00f3lico de la familia Bruzzone a Latinoam\u00e9rica, con la fundaci\u00f3n de la empresa agr\u00edcola Pique Roto en Uruguay, tambi\u00e9n da vida a un c\u00edrculo: una elecci\u00f3n que transforma la trayectoria forzada de un migrante involuntario, la del abuelo, en un acto de apoyo consciente liderado por su nieto.<\/p>\n\n\n\n<p>\u00abUna empresa dedicada al cultivo del olivo y al desarrollo de productos derivados, con sus ra\u00edces italianas y su influencia latinoamericana, es una forma de continuidad, un puente entre el pasado y el futuro, entre lugares y personas, entre la memoria y la creaci\u00f3n y esto tambi\u00e9n materializa un proyecto cultural\u00bb, enfatiza.<\/p>\n\n\n\n<p class=\"translation-block\">Una ulterior exploraci\u00f3n de acontecimientos relacionados puede ser encontrada en el libro <em>Il viaggio inaspettato<\/em>, publicado en 2011 por De Ferrari Editore y escrito por Adri\u00e1n Daneri Navarro (a su vez descendiente de un oficial ligur encarcelado en M\u00e9xico), Ana Isabel Gonz\u00e1lez Ramella y Giacomo Daneri Hern\u00e1ndez.<\/p>\n\n\n\n<p>El libro, fruto de a\u00f1os de investigaci\u00f3n sobre m\u00e1s de 1,500 documentos y testimonios, fue reeditado en una nueva edici\u00f3n patrocinada por la Sociedad Dante Alighieri de Guadalajara. Se present\u00f3 el 27 de junio en G\u00e9nova, durante una conferencia organizada por la C\u00e1mara de Comercio y promovida por Casa Am\u00e9rica, con el patrocinio del Ayuntamiento.<\/p>\n\n\n\n<p>Para la ocasi\u00f3n, una delegaci\u00f3n de descendientes de marinos italianos en M\u00e9xico \u2014ahora ciudadanos mexicanos\u2014 viaj\u00f3 a la capital de Liguria para participar en el encuentro, en un viaje en el tiempo que reconect\u00f3 los hilos de la memoria familiar y colectiva. Un regreso simb\u00f3lico a la tierra de sus antepasados, que devuelve rostros y nombres a una p\u00e1gina de la historia olvidada durante demasiado tiempo. Y que demuestra c\u00f3mo, ochenta a\u00f1os despu\u00e9s, los recuerdos siguen siendo una poderosa herramienta para reconstruir identidades y fortalecer v\u00ednculos.<\/p>\n\n\n\n<p class=\"has-small-font-size\"><em>Art\u00edculo de Lorenzo Meneghini, publicado el 18 de junio de 2025 por ilglobo.com, la plataforma online del peri\u00f3dico Il Globo, que se dirige a a la comunidad italiana en el extranjero.<\/em><\/p>\n\n\n\n<p class=\"has-small-font-size\"><em>Im\u00e1genes: ilglobo.com<\/em><\/p>\n\n\n\n<div style=\"height:12px\" aria-hidden=\"true\" class=\"wp-block-spacer\"><\/div>\n\n\n<!-- Ad space powered by WP AdCenter v2.5.7 - https:\/\/wpadcenter.com\/ --><div class=\"wpadcenter-adgroup\" ><div class=\"wpadcenter-adgroup__row wpadcenter-aligncenter\"><div class=\"wpadcenter-ad-container\" ><div id=\"wpadcenter-ad-18464\" class=\"ad-placement\"><div class=\"wpadcenter-ad-inner\" ><a id=\"wpadcenter_ad\" data-value=\"18464\" data-placement=\"\" href=\"https:\/\/www.productosremo.com\/\" target=\"_blank\" class=\"wpadcenter-ad-inner__item\" ><img decoding=\"async\"   src=\"https:\/\/puntodincontro.mx\/wp-content\/uploads\/2021\/08\/remobanner.jpg\" class=\"attachment-post-thumbnail size-post-thumbnail wp-post-image\" alt=\"\" srcset=\"https:\/\/puntodincontro.mx\/wp-content\/uploads\/2021\/08\/remobanner.jpg 200w, https:\/\/puntodincontro.mx\/wp-content\/uploads\/2021\/08\/remobanner-16x5.jpg 16w\" sizes=\"(max-width: 200px) 100vw, 200px\" \/><\/a><\/div><\/div><\/div><div class=\"wpadcenter-ad-container\" ><div id=\"wpadcenter-ad-5305\" class=\"ad-placement\"><div class=\"wpadcenter-ad-inner\" ><a id=\"wpadcenter_ad\" data-value=\"5305\" data-placement=\"\" href=\"https:\/\/ambcittadelmessico.esteri.it\/ambasciata_cittadelmessico\/it\/\" target=\"_blank\" class=\"wpadcenter-ad-inner__item\" ><img decoding=\"async\"   src=\"https:\/\/puntodincontro.mx\/wp-content\/uploads\/2022\/05\/Ambasciata.jpg\" class=\"attachment-post-thumbnail size-post-thumbnail wp-post-image\" alt=\"\" srcset=\"https:\/\/puntodincontro.mx\/wp-content\/uploads\/2022\/05\/Ambasciata.jpg 200w, https:\/\/puntodincontro.mx\/wp-content\/uploads\/2022\/05\/Ambasciata-18x5.jpg 18w\" sizes=\"(max-width: 200px) 100vw, 200px\" \/><\/a><\/div><\/div><\/div><div class=\"wpadcenter-ad-container\" ><div id=\"wpadcenter-ad-3781\" class=\"ad-placement\"><div class=\"wpadcenter-ad-inner\" ><a id=\"wpadcenter_ad\" data-value=\"3781\" data-placement=\"\" href=\"https:\/\/cannizzo.com.mx\/\" target=\"_blank\" class=\"wpadcenter-ad-inner__item\" ><img decoding=\"async\"   src=\"https:\/\/puntodincontro.mx\/wp-content\/uploads\/2022\/03\/cannizzo2.jpg\" class=\"attachment-post-thumbnail size-post-thumbnail wp-post-image\" alt=\"\" srcset=\"https:\/\/puntodincontro.mx\/wp-content\/uploads\/2022\/03\/cannizzo2.jpg 200w, https:\/\/puntodincontro.mx\/wp-content\/uploads\/2022\/03\/cannizzo2-18x5.jpg 18w\" sizes=\"(max-width: 200px) 100vw, 200px\" \/><\/a><\/div><\/div><\/div><\/div><div class=\"wpadcenter-adgroup__row wpadcenter-aligncenter\"><div class=\"wpadcenter-ad-container\" ><div id=\"wpadcenter-ad-1704\" class=\"ad-placement\"><div class=\"wpadcenter-ad-inner\" ><a id=\"wpadcenter_ad\" data-value=\"1704\" data-placement=\"\" href=\"https:\/\/puntodincontro.mx\/es\/2021\/12\/24\/inps-verificacion-de-supervivencia-de-los-pensionados-en-el-extranjero\/\" target=\"_blank\" class=\"wpadcenter-ad-inner__item\" ><img decoding=\"async\"   src=\"https:\/\/puntodincontro.mx\/wp-content\/uploads\/2021\/11\/logo-ital.jpg\" class=\"attachment-post-thumbnail size-post-thumbnail wp-post-image\" alt=\"Patronato ITAL Messico\" srcset=\"https:\/\/puntodincontro.mx\/wp-content\/uploads\/2021\/11\/logo-ital.jpg 200w, https:\/\/puntodincontro.mx\/wp-content\/uploads\/2021\/11\/logo-ital-16x5.jpg 16w\" sizes=\"(max-width: 200px) 100vw, 200px\" \/><\/a><\/div><\/div><\/div><div class=\"wpadcenter-ad-container\" ><div id=\"wpadcenter-ad-1538\" class=\"ad-placement\"><div class=\"wpadcenter-ad-inner\" ><a id=\"wpadcenter_ad\" data-value=\"1538\" data-placement=\"\" href=\"https:\/\/asociacionitaliana.org\/\" target=\"_blank\" class=\"wpadcenter-ad-inner__item\" ><img decoding=\"async\"   src=\"https:\/\/puntodincontro.mx\/wp-content\/uploads\/2021\/11\/aialogo.jpg\" class=\"attachment-post-thumbnail size-post-thumbnail wp-post-image\" alt=\"Associazione Italiana di Assistenza IAP\" srcset=\"https:\/\/puntodincontro.mx\/wp-content\/uploads\/2021\/11\/aialogo.jpg 200w, https:\/\/puntodincontro.mx\/wp-content\/uploads\/2021\/11\/aialogo-18x5.jpg 18w\" sizes=\"(max-width: 200px) 100vw, 200px\" \/><\/a><\/div><\/div><\/div><div class=\"wpadcenter-ad-container\" ><div id=\"wpadcenter-ad-1513\" class=\"ad-placement\"><div class=\"wpadcenter-ad-inner\" ><a id=\"wpadcenter_ad\" data-value=\"1513\" data-placement=\"\" href=\"https:\/\/gcinmuebles.mx\" target=\"_blank\" class=\"wpadcenter-ad-inner__item\" ><img decoding=\"async\"   src=\"https:\/\/puntodincontro.mx\/wp-content\/uploads\/2021\/10\/gcinmuebleslogopunto-1.jpg\" class=\"attachment-post-thumbnail size-post-thumbnail wp-post-image\" alt=\"\" srcset=\"https:\/\/puntodincontro.mx\/wp-content\/uploads\/2021\/10\/gcinmuebleslogopunto-1.jpg 200w, https:\/\/puntodincontro.mx\/wp-content\/uploads\/2021\/10\/gcinmuebleslogopunto-1-18x5.jpg 18w\" sizes=\"(max-width: 200px) 100vw, 200px\" \/><\/a><\/div><\/div><\/div><\/div><div class=\"wpadcenter-adgroup__row wpadcenter-aligncenter\"><div class=\"wpadcenter-ad-container\" ><div id=\"wpadcenter-ad-1374\" class=\"ad-placement\"><div class=\"wpadcenter-ad-inner\" ><a id=\"wpadcenter_ad\" data-value=\"1374\" data-placement=\"\" href=\"https:\/\/www.9colonne.it\/\" target=\"_blank\" class=\"wpadcenter-ad-inner__item\" ><img decoding=\"async\"   src=\"https:\/\/puntodincontro.mx\/wp-content\/uploads\/2021\/10\/Banner9colonne.gif\" class=\"attachment-post-thumbnail size-post-thumbnail wp-post-image\" alt=\"\" \/><\/a><\/div><\/div><\/div><div class=\"wpadcenter-ad-container\" ><div id=\"wpadcenter-ad-276\" class=\"ad-placement\"><div class=\"wpadcenter-ad-inner\" ><a id=\"wpadcenter_ad\" data-value=\"276\" data-placement=\"\" href=\"http:\/\/www.camaraitaliana.mx\/\" target=\"_blank\" class=\"wpadcenter-ad-inner__item\" ><img decoding=\"async\"   src=\"https:\/\/puntodincontro.mx\/wp-content\/uploads\/2021\/08\/ccimnuovo.jpg\" class=\"attachment-post-thumbnail size-post-thumbnail wp-post-image\" alt=\"\" srcset=\"https:\/\/puntodincontro.mx\/wp-content\/uploads\/2021\/08\/ccimnuovo.jpg 200w, https:\/\/puntodincontro.mx\/wp-content\/uploads\/2021\/08\/ccimnuovo-18x5.jpg 18w\" sizes=\"(max-width: 200px) 100vw, 200px\" \/><\/a><\/div><\/div><\/div><div class=\"wpadcenter-ad-container\" ><div id=\"wpadcenter-ad-272\" class=\"ad-placement\"><div class=\"wpadcenter-ad-inner\" ><a id=\"wpadcenter_ad\" data-value=\"272\" data-placement=\"\" href=\"http:\/\/corix.us\/\" target=\"_blank\" class=\"wpadcenter-ad-inner__item\" ><img decoding=\"async\"   src=\"https:\/\/puntodincontro.mx\/wp-content\/uploads\/2021\/08\/corixbanner-1.jpg\" class=\"attachment-post-thumbnail size-post-thumbnail wp-post-image\" alt=\"\" srcset=\"https:\/\/puntodincontro.mx\/wp-content\/uploads\/2021\/08\/corixbanner-1.jpg 200w, https:\/\/puntodincontro.mx\/wp-content\/uploads\/2021\/08\/corixbanner-1-16x5.jpg 16w\" sizes=\"(max-width: 200px) 100vw, 200px\" \/><\/a><\/div><\/div><\/div><\/div><div class=\"wpadcenter-adgroup__row wpadcenter-aligncenter\"><div class=\"wpadcenter-ad-container\" ><div id=\"wpadcenter-ad-266\" class=\"ad-placement\"><div class=\"wpadcenter-ad-inner\" ><a id=\"wpadcenter_ad\" data-value=\"266\" data-placement=\"\" href=\"https:\/\/www.prinsel.com.mx\/\" target=\"_blank\" class=\"wpadcenter-ad-inner__item\" ><img decoding=\"async\"   src=\"https:\/\/puntodincontro.mx\/wp-content\/uploads\/2021\/08\/prinselbanner-1.jpg\" class=\"attachment-post-thumbnail size-post-thumbnail wp-post-image\" alt=\"\" srcset=\"https:\/\/puntodincontro.mx\/wp-content\/uploads\/2021\/08\/prinselbanner-1.jpg 200w, https:\/\/puntodincontro.mx\/wp-content\/uploads\/2021\/08\/prinselbanner-1-16x5.jpg 16w\" sizes=\"(max-width: 200px) 100vw, 200px\" \/><\/a><\/div><\/div><\/div><div class=\"wpadcenter-ad-container\" ><div id=\"wpadcenter-ad-261\" class=\"ad-placement\"><div class=\"wpadcenter-ad-inner\" ><a id=\"wpadcenter_ad\" data-value=\"261\" data-placement=\"\" href=\"https:\/\/faitalia.com.mx\/\" target=\"_blank\" class=\"wpadcenter-ad-inner__item\" ><img decoding=\"async\"   src=\"https:\/\/puntodincontro.mx\/wp-content\/uploads\/2021\/08\/gruppodino.jpg\" class=\"attachment-post-thumbnail size-post-thumbnail wp-post-image\" alt=\"\" srcset=\"https:\/\/puntodincontro.mx\/wp-content\/uploads\/2021\/08\/gruppodino.jpg 200w, https:\/\/puntodincontro.mx\/wp-content\/uploads\/2021\/08\/gruppodino-18x5.jpg 18w\" sizes=\"(max-width: 200px) 100vw, 200px\" \/><\/a><\/div><\/div><\/div><\/div><\/div>\n\n\n<div style=\"height:12px\" aria-hidden=\"true\" class=\"wp-block-spacer\"><\/div>\n\n\n\n<p><\/p>","protected":false},"excerpt":{"rendered":"<p>Ore 11:21 &#8211; Durante la Seconda guerra mondiale, la flotta mercantile italiana \u2014allora tra le pi\u00f9 importanti al mondo\u2014 venne travolta da eventi bellici, anche in Messico, con una sorte drammatica, oggi in gran parte dimenticata. Al momento dell\u2019entrata nel conflitto dell\u2019Italia al fianco della Germania \u2014il 10 giugno 1940\u2014 pi\u00f9 di 200 navi commerciali battenti bandiera tricolore si ritrovarono impossibilitate a ritornare nel Mediterraneo, non potendo attraversare lo Stretto di Gibilterra controllato, allora come oggi, dal Regno Unito. Tra queste vi erano molte petroliere di armatori liguri, come la Atlas Genova, che in quel periodo si trovava nel porto&#8230; <\/p>","protected":false},"author":2,"featured_media":23069,"comment_status":"open","ping_status":"open","sticky":false,"template":"","format":"standard","meta":{"_monsterinsights_skip_tracking":false,"_monsterinsights_sitenote_active":false,"_monsterinsights_sitenote_note":"","_monsterinsights_sitenote_category":0,"footnotes":""},"categories":[4],"tags":[],"class_list":["post-23061","post","type-post","status-publish","format-standard","has-post-thumbnail","hentry","category-italia-in-messico"],"yoast_head":"<!-- This site is optimized with the Yoast SEO Premium plugin v18.4 (Yoast SEO v25.6) - https:\/\/yoast.com\/wordpress\/plugins\/seo\/ -->\n<title>La memoria ritrovata dei marinai italiani prigionieri in Messico<\/title>\n<meta name=\"description\" content=\"Durante la Seconda guerra mondiale la flotta mercantile italiana venne travolta da eventi bellici, anche in Messico.\" \/>\n<meta name=\"robots\" content=\"index, follow, max-snippet:-1, max-image-preview:large, max-video-preview:-1\" \/>\n<link rel=\"canonical\" href=\"https:\/\/puntodincontro.mx\/es\/2025\/07\/26\/la-memoria-redescubierta-de-los-marineros-italianos-en-mexico\/\" \/>\n<meta property=\"og:locale\" content=\"es_MX\" \/>\n<meta property=\"og:type\" content=\"article\" \/>\n<meta property=\"og:title\" content=\"La memoria ritrovata dei marinai italiani prigionieri in Messico\" \/>\n<meta property=\"og:description\" content=\"Durante la Seconda guerra mondiale la flotta mercantile italiana venne travolta da eventi bellici, anche in Messico.\" \/>\n<meta property=\"og:url\" content=\"https:\/\/puntodincontro.mx\/es\/2025\/07\/26\/la-memoria-redescubierta-de-los-marineros-italianos-en-mexico\/\" \/>\n<meta property=\"og:site_name\" content=\"Puntodincontro\" \/>\n<meta property=\"article:publisher\" content=\"https:\/\/www.facebook.com\/puntodincontro.mx\" \/>\n<meta property=\"article:published_time\" content=\"2025-07-26T22:00:41+00:00\" \/>\n<meta property=\"article:modified_time\" content=\"2025-07-27T00:06:44+00:00\" \/>\n<meta property=\"og:image\" content=\"https:\/\/puntodincontro.mx\/wp-content\/uploads\/2025\/07\/naveitalianapuntocomp.jpg\" \/>\n\t<meta property=\"og:image:width\" content=\"932\" \/>\n\t<meta property=\"og:image:height\" content=\"488\" \/>\n\t<meta property=\"og:image:type\" content=\"image\/jpeg\" \/>\n<meta name=\"author\" content=\"Puntodincontro\" \/>\n<meta name=\"twitter:card\" content=\"summary_large_image\" \/>\n<meta name=\"twitter:creator\" content=\"@puntodincontro\" \/>\n<meta name=\"twitter:site\" content=\"@puntodincontro\" \/>\n<meta name=\"twitter:label1\" content=\"Escrito por\" \/>\n\t<meta name=\"twitter:data1\" content=\"Puntodincontro\" \/>\n\t<meta name=\"twitter:label2\" content=\"Tiempo de lectura\" \/>\n\t<meta name=\"twitter:data2\" content=\"5 minutos\" \/>\n<script type=\"application\/ld+json\" class=\"yoast-schema-graph\">{\"@context\":\"https:\/\/schema.org\",\"@graph\":[{\"@type\":\"NewsArticle\",\"@id\":\"https:\/\/puntodincontro.mx\/2025\/07\/26\/la-memoria-ritrovata-dei-marinai-italiani-prigionieri-in-messico\/#article\",\"isPartOf\":{\"@id\":\"https:\/\/puntodincontro.mx\/2025\/07\/26\/la-memoria-ritrovata-dei-marinai-italiani-prigionieri-in-messico\/\"},\"author\":{\"name\":\"Puntodincontro\",\"@id\":\"https:\/\/puntodincontro.mx\/#\/schema\/person\/d3066d18a16259cbb0c29b0d0e93b556\"},\"headline\":\"La memoria ritrovata dei marinai italiani prigionieri in Messico\",\"datePublished\":\"2025-07-26T22:00:41+00:00\",\"dateModified\":\"2025-07-27T00:06:44+00:00\",\"mainEntityOfPage\":{\"@id\":\"https:\/\/puntodincontro.mx\/2025\/07\/26\/la-memoria-ritrovata-dei-marinai-italiani-prigionieri-in-messico\/\"},\"wordCount\":1102,\"commentCount\":1,\"publisher\":{\"@id\":\"https:\/\/puntodincontro.mx\/#organization\"},\"image\":{\"@id\":\"https:\/\/puntodincontro.mx\/2025\/07\/26\/la-memoria-ritrovata-dei-marinai-italiani-prigionieri-in-messico\/#primaryimage\"},\"thumbnailUrl\":\"https:\/\/puntodincontro.mx\/wp-content\/uploads\/2025\/07\/naveitalianapuntovert.webp\",\"articleSection\":[\"Italia in Messico\"],\"inLanguage\":\"es\",\"potentialAction\":[{\"@type\":\"CommentAction\",\"name\":\"Comment\",\"target\":[\"https:\/\/puntodincontro.mx\/2025\/07\/26\/la-memoria-ritrovata-dei-marinai-italiani-prigionieri-in-messico\/#respond\"]}]},{\"@type\":\"WebPage\",\"@id\":\"https:\/\/puntodincontro.mx\/2025\/07\/26\/la-memoria-ritrovata-dei-marinai-italiani-prigionieri-in-messico\/\",\"url\":\"https:\/\/puntodincontro.mx\/2025\/07\/26\/la-memoria-ritrovata-dei-marinai-italiani-prigionieri-in-messico\/\",\"name\":\"La memoria ritrovata dei marinai italiani prigionieri in Messico\",\"isPartOf\":{\"@id\":\"https:\/\/puntodincontro.mx\/#website\"},\"primaryImageOfPage\":{\"@id\":\"https:\/\/puntodincontro.mx\/2025\/07\/26\/la-memoria-ritrovata-dei-marinai-italiani-prigionieri-in-messico\/#primaryimage\"},\"image\":{\"@id\":\"https:\/\/puntodincontro.mx\/2025\/07\/26\/la-memoria-ritrovata-dei-marinai-italiani-prigionieri-in-messico\/#primaryimage\"},\"thumbnailUrl\":\"https:\/\/puntodincontro.mx\/wp-content\/uploads\/2025\/07\/naveitalianapuntovert.webp\",\"datePublished\":\"2025-07-26T22:00:41+00:00\",\"dateModified\":\"2025-07-27T00:06:44+00:00\",\"description\":\"Durante la Seconda guerra mondiale la flotta mercantile italiana venne travolta da eventi bellici, anche in Messico.\",\"breadcrumb\":{\"@id\":\"https:\/\/puntodincontro.mx\/2025\/07\/26\/la-memoria-ritrovata-dei-marinai-italiani-prigionieri-in-messico\/#breadcrumb\"},\"inLanguage\":\"es\",\"potentialAction\":[{\"@type\":\"ReadAction\",\"target\":[\"https:\/\/puntodincontro.mx\/2025\/07\/26\/la-memoria-ritrovata-dei-marinai-italiani-prigionieri-in-messico\/\"]}]},{\"@type\":\"ImageObject\",\"inLanguage\":\"es\",\"@id\":\"https:\/\/puntodincontro.mx\/2025\/07\/26\/la-memoria-ritrovata-dei-marinai-italiani-prigionieri-in-messico\/#primaryimage\",\"url\":\"https:\/\/puntodincontro.mx\/wp-content\/uploads\/2025\/07\/naveitalianapuntovert.webp\",\"contentUrl\":\"https:\/\/puntodincontro.mx\/wp-content\/uploads\/2025\/07\/naveitalianapuntovert.webp\",\"width\":423,\"height\":488,\"caption\":\"La memoria ritrovata dei marinai italiani prigionieri in Messico \/ Immagini: ilglobo.com\"},{\"@type\":\"BreadcrumbList\",\"@id\":\"https:\/\/puntodincontro.mx\/2025\/07\/26\/la-memoria-ritrovata-dei-marinai-italiani-prigionieri-in-messico\/#breadcrumb\",\"itemListElement\":[{\"@type\":\"ListItem\",\"position\":1,\"name\":\"Home\",\"item\":\"https:\/\/puntodincontro.mx\/\"},{\"@type\":\"ListItem\",\"position\":2,\"name\":\"La memoria ritrovata dei marinai italiani prigionieri in Messico\"}]},{\"@type\":\"WebSite\",\"@id\":\"https:\/\/puntodincontro.mx\/#website\",\"url\":\"https:\/\/puntodincontro.mx\/\",\"name\":\"Puntodincontro\",\"description\":\"Dal 2006 notizie sui rapporti Italia-Messico \/ Desde 2006 noticias sobre las relaciones entre Italia y M\u00e9xico\",\"publisher\":{\"@id\":\"https:\/\/puntodincontro.mx\/#organization\"},\"potentialAction\":[{\"@type\":\"SearchAction\",\"target\":{\"@type\":\"EntryPoint\",\"urlTemplate\":\"https:\/\/puntodincontro.mx\/?s={search_term_string}\"},\"query-input\":{\"@type\":\"PropertyValueSpecification\",\"valueRequired\":true,\"valueName\":\"search_term_string\"}}],\"inLanguage\":\"es\"},{\"@type\":\"Organization\",\"@id\":\"https:\/\/puntodincontro.mx\/#organization\",\"name\":\"Puntodincontro\",\"url\":\"https:\/\/puntodincontro.mx\/\",\"logo\":{\"@type\":\"ImageObject\",\"inLanguage\":\"es\",\"@id\":\"https:\/\/puntodincontro.mx\/#\/schema\/logo\/image\/\",\"url\":\"https:\/\/puntodincontro.mx\/wp-content\/uploads\/2021\/08\/Default-image-for-open-graph-settings.jpg\",\"contentUrl\":\"https:\/\/puntodincontro.mx\/wp-content\/uploads\/2021\/08\/Default-image-for-open-graph-settings.jpg\",\"width\":1200,\"height\":630,\"caption\":\"Puntodincontro\"},\"image\":{\"@id\":\"https:\/\/puntodincontro.mx\/#\/schema\/logo\/image\/\"},\"sameAs\":[\"https:\/\/www.facebook.com\/puntodincontro.mx\",\"https:\/\/x.com\/puntodincontro\",\"https:\/\/www.instagram.com\/puntodincontro.mx\/\",\"https:\/\/www.linkedin.com\/company\/puntodincontro\/\",\"https:\/\/www.youtube.com\/c\/puntodincontromessico\",\"https:\/\/www.patreon.com\/puntodincontro\",\"https:\/\/www.threads.net\/@puntodincontro.mx\"]},{\"@type\":\"Person\",\"@id\":\"https:\/\/puntodincontro.mx\/#\/schema\/person\/d3066d18a16259cbb0c29b0d0e93b556\",\"name\":\"Puntodincontro\",\"image\":{\"@type\":\"ImageObject\",\"inLanguage\":\"es\",\"@id\":\"https:\/\/puntodincontro.mx\/#\/schema\/person\/image\/\",\"url\":\"https:\/\/secure.gravatar.com\/avatar\/0e85b4b3b5e9d6bfcec6a4956d8cc63a?s=96&d=mm&r=g\",\"contentUrl\":\"https:\/\/secure.gravatar.com\/avatar\/0e85b4b3b5e9d6bfcec6a4956d8cc63a?s=96&d=mm&r=g\",\"caption\":\"Puntodincontro\"},\"url\":\"https:\/\/puntodincontro.mx\/es\/author\/puntodincontro\/\"}]}<\/script>\n<!-- \/ Yoast SEO Premium plugin. -->","yoast_head_json":{"title":"La memoria redescubierta de los marineros italianos prisioneros en M\u00e9xico","description":"Durante la Segunda Guerra Mundial la flota mercante italiana se vio involucrada en acontecimientos b\u00e9licos, tambi\u00e9n en M\u00e9xico.","robots":{"index":"index","follow":"follow","max-snippet":"max-snippet:-1","max-image-preview":"max-image-preview:large","max-video-preview":"max-video-preview:-1"},"canonical":"https:\/\/puntodincontro.mx\/es\/2025\/07\/26\/la-memoria-redescubierta-de-los-marineros-italianos-en-mexico\/","og_locale":"es_MX","og_type":"article","og_title":"La memoria ritrovata dei marinai italiani prigionieri in Messico","og_description":"Durante la Seconda guerra mondiale la flotta mercantile italiana venne travolta da eventi bellici, anche in Messico.","og_url":"https:\/\/puntodincontro.mx\/es\/2025\/07\/26\/la-memoria-redescubierta-de-los-marineros-italianos-en-mexico\/","og_site_name":"Puntodincontro","article_publisher":"https:\/\/www.facebook.com\/puntodincontro.mx","article_published_time":"2025-07-26T22:00:41+00:00","article_modified_time":"2025-07-27T00:06:44+00:00","og_image":[{"width":932,"height":488,"url":"https:\/\/puntodincontro.mx\/wp-content\/uploads\/2025\/07\/naveitalianapuntocomp.jpg","type":"image\/jpeg"}],"author":"Puntodincontro","twitter_card":"summary_large_image","twitter_creator":"@puntodincontro","twitter_site":"@puntodincontro","twitter_misc":{"Escrito por":"Puntodincontro","Tiempo de lectura":"5 minutos"},"schema":{"@context":"https:\/\/schema.org","@graph":[{"@type":"NewsArticle","@id":"https:\/\/puntodincontro.mx\/2025\/07\/26\/la-memoria-ritrovata-dei-marinai-italiani-prigionieri-in-messico\/#article","isPartOf":{"@id":"https:\/\/puntodincontro.mx\/2025\/07\/26\/la-memoria-ritrovata-dei-marinai-italiani-prigionieri-in-messico\/"},"author":{"name":"Puntodincontro","@id":"https:\/\/puntodincontro.mx\/#\/schema\/person\/d3066d18a16259cbb0c29b0d0e93b556"},"headline":"La memoria ritrovata dei marinai italiani prigionieri in Messico","datePublished":"2025-07-26T22:00:41+00:00","dateModified":"2025-07-27T00:06:44+00:00","mainEntityOfPage":{"@id":"https:\/\/puntodincontro.mx\/2025\/07\/26\/la-memoria-ritrovata-dei-marinai-italiani-prigionieri-in-messico\/"},"wordCount":1102,"commentCount":1,"publisher":{"@id":"https:\/\/puntodincontro.mx\/#organization"},"image":{"@id":"https:\/\/puntodincontro.mx\/2025\/07\/26\/la-memoria-ritrovata-dei-marinai-italiani-prigionieri-in-messico\/#primaryimage"},"thumbnailUrl":"https:\/\/puntodincontro.mx\/wp-content\/uploads\/2025\/07\/naveitalianapuntovert.webp","articleSection":["Italia in Messico"],"inLanguage":"es","potentialAction":[{"@type":"CommentAction","name":"Comment","target":["https:\/\/puntodincontro.mx\/2025\/07\/26\/la-memoria-ritrovata-dei-marinai-italiani-prigionieri-in-messico\/#respond"]}]},{"@type":"WebPage","@id":"https:\/\/puntodincontro.mx\/2025\/07\/26\/la-memoria-ritrovata-dei-marinai-italiani-prigionieri-in-messico\/","url":"https:\/\/puntodincontro.mx\/2025\/07\/26\/la-memoria-ritrovata-dei-marinai-italiani-prigionieri-in-messico\/","name":"La memoria redescubierta de los marineros italianos prisioneros en M\u00e9xico","isPartOf":{"@id":"https:\/\/puntodincontro.mx\/#website"},"primaryImageOfPage":{"@id":"https:\/\/puntodincontro.mx\/2025\/07\/26\/la-memoria-ritrovata-dei-marinai-italiani-prigionieri-in-messico\/#primaryimage"},"image":{"@id":"https:\/\/puntodincontro.mx\/2025\/07\/26\/la-memoria-ritrovata-dei-marinai-italiani-prigionieri-in-messico\/#primaryimage"},"thumbnailUrl":"https:\/\/puntodincontro.mx\/wp-content\/uploads\/2025\/07\/naveitalianapuntovert.webp","datePublished":"2025-07-26T22:00:41+00:00","dateModified":"2025-07-27T00:06:44+00:00","description":"Durante la Segunda Guerra Mundial la flota mercante italiana se vio involucrada en acontecimientos b\u00e9licos, tambi\u00e9n en M\u00e9xico.","breadcrumb":{"@id":"https:\/\/puntodincontro.mx\/2025\/07\/26\/la-memoria-ritrovata-dei-marinai-italiani-prigionieri-in-messico\/#breadcrumb"},"inLanguage":"es","potentialAction":[{"@type":"ReadAction","target":["https:\/\/puntodincontro.mx\/2025\/07\/26\/la-memoria-ritrovata-dei-marinai-italiani-prigionieri-in-messico\/"]}]},{"@type":"ImageObject","inLanguage":"es","@id":"https:\/\/puntodincontro.mx\/2025\/07\/26\/la-memoria-ritrovata-dei-marinai-italiani-prigionieri-in-messico\/#primaryimage","url":"https:\/\/puntodincontro.mx\/wp-content\/uploads\/2025\/07\/naveitalianapuntovert.webp","contentUrl":"https:\/\/puntodincontro.mx\/wp-content\/uploads\/2025\/07\/naveitalianapuntovert.webp","width":423,"height":488,"caption":"La memoria ritrovata dei marinai italiani prigionieri in Messico \/ Immagini: ilglobo.com"},{"@type":"BreadcrumbList","@id":"https:\/\/puntodincontro.mx\/2025\/07\/26\/la-memoria-ritrovata-dei-marinai-italiani-prigionieri-in-messico\/#breadcrumb","itemListElement":[{"@type":"ListItem","position":1,"name":"Home","item":"https:\/\/puntodincontro.mx\/"},{"@type":"ListItem","position":2,"name":"La memoria ritrovata dei marinai italiani prigionieri in Messico"}]},{"@type":"WebSite","@id":"https:\/\/puntodincontro.mx\/#website","url":"https:\/\/puntodincontro.mx\/","name":"Puntodincontro","description":"Desde el 2006 noticias sobre las relaciones entre Italia y M\u00e9xico \/ Dal 2006 notizie sui rapporti Italia-Messico","publisher":{"@id":"https:\/\/puntodincontro.mx\/#organization"},"potentialAction":[{"@type":"SearchAction","target":{"@type":"EntryPoint","urlTemplate":"https:\/\/puntodincontro.mx\/?s={search_term_string}"},"query-input":{"@type":"PropertyValueSpecification","valueRequired":true,"valueName":"search_term_string"}}],"inLanguage":"es"},{"@type":"Organization","@id":"https:\/\/puntodincontro.mx\/#organization","name":"Puntodincontro","url":"https:\/\/puntodincontro.mx\/","logo":{"@type":"ImageObject","inLanguage":"es","@id":"https:\/\/puntodincontro.mx\/#\/schema\/logo\/image\/","url":"https:\/\/puntodincontro.mx\/wp-content\/uploads\/2021\/08\/Default-image-for-open-graph-settings.jpg","contentUrl":"https:\/\/puntodincontro.mx\/wp-content\/uploads\/2021\/08\/Default-image-for-open-graph-settings.jpg","width":1200,"height":630,"caption":"Puntodincontro"},"image":{"@id":"https:\/\/puntodincontro.mx\/#\/schema\/logo\/image\/"},"sameAs":["https:\/\/www.facebook.com\/puntodincontro.mx","https:\/\/x.com\/puntodincontro","https:\/\/www.instagram.com\/puntodincontro.mx\/","https:\/\/www.linkedin.com\/company\/puntodincontro\/","https:\/\/www.youtube.com\/c\/puntodincontromessico","https:\/\/www.patreon.com\/puntodincontro","https:\/\/www.threads.net\/@puntodincontro.mx"]},{"@type":"Person","@id":"https:\/\/puntodincontro.mx\/#\/schema\/person\/d3066d18a16259cbb0c29b0d0e93b556","name":"Puntodincontro","image":{"@type":"ImageObject","inLanguage":"es","@id":"https:\/\/puntodincontro.mx\/#\/schema\/person\/image\/","url":"https:\/\/secure.gravatar.com\/avatar\/0e85b4b3b5e9d6bfcec6a4956d8cc63a?s=96&d=mm&r=g","contentUrl":"https:\/\/secure.gravatar.com\/avatar\/0e85b4b3b5e9d6bfcec6a4956d8cc63a?s=96&d=mm&r=g","caption":"Puntodincontro"},"url":"https:\/\/puntodincontro.mx\/es\/author\/puntodincontro\/"}]}},"_links":{"self":[{"href":"https:\/\/puntodincontro.mx\/es\/wp-json\/wp\/v2\/posts\/23061"}],"collection":[{"href":"https:\/\/puntodincontro.mx\/es\/wp-json\/wp\/v2\/posts"}],"about":[{"href":"https:\/\/puntodincontro.mx\/es\/wp-json\/wp\/v2\/types\/post"}],"author":[{"embeddable":true,"href":"https:\/\/puntodincontro.mx\/es\/wp-json\/wp\/v2\/users\/2"}],"replies":[{"embeddable":true,"href":"https:\/\/puntodincontro.mx\/es\/wp-json\/wp\/v2\/comments?post=23061"}],"version-history":[{"count":16,"href":"https:\/\/puntodincontro.mx\/es\/wp-json\/wp\/v2\/posts\/23061\/revisions"}],"predecessor-version":[{"id":23082,"href":"https:\/\/puntodincontro.mx\/es\/wp-json\/wp\/v2\/posts\/23061\/revisions\/23082"}],"wp:featuredmedia":[{"embeddable":true,"href":"https:\/\/puntodincontro.mx\/es\/wp-json\/wp\/v2\/media\/23069"}],"wp:attachment":[{"href":"https:\/\/puntodincontro.mx\/es\/wp-json\/wp\/v2\/media?parent=23061"}],"wp:term":[{"taxonomy":"category","embeddable":true,"href":"https:\/\/puntodincontro.mx\/es\/wp-json\/wp\/v2\/categories?post=23061"},{"taxonomy":"post_tag","embeddable":true,"href":"https:\/\/puntodincontro.mx\/es\/wp-json\/wp\/v2\/tags?post=23061"}],"curies":[{"name":"wp","href":"https:\/\/api.w.org\/{rel}","templated":true}]}}