{"id":23084,"date":"2025-07-27T15:32:35","date_gmt":"2025-07-27T21:32:35","guid":{"rendered":"https:\/\/puntodincontro.mx\/?p=23084"},"modified":"2025-07-27T15:32:36","modified_gmt":"2025-07-27T21:32:36","slug":"el-arzobispo-gallagher-la-iglesia-colabora-con-mexico","status":"publish","type":"post","link":"https:\/\/puntodincontro.mx\/es\/2025\/07\/27\/mons-gallagher-la-chiesa-collabora-con-il-messico\/","title":{"rendered":"El Arzobispo Gallagher: \u00abLa Iglesia colabora con M\u00e9xico\u00bb"},"content":{"rendered":"<p class=\"translation-block\"><b>15:03 hrs.<\/b> - En ocasi\u00f3n de la celebraci\u00f3n \u00abde la primera fiesta del Papa desde la elecci\u00f3n de Le\u00f3n XIV\u00bb, Mons. Paul Gallagher \u2014secretario para las Relaciones con los Estados de la Santa Sede en misi\u00f3n en M\u00e9xico\u2014 se dirigi\u00f3 a un nutrido grupo de representantes eclesi\u00e1sticos, funcionarios p\u00fablicos, miembros del cuerpo diplom\u00e1tico y de la sociedad civil reunidos en la Nunciatura Apost\u00f3lica de la capital del pa\u00eds latinoamericano.<\/p>\n\n\n\n<p>\u00abMuy buenas tardes. Es un profundo honor estar hoy ante ustedes en esta tierra rica de historia, cultura y profundas ra\u00edces espirituales para celebrar la primera fiesta del Papa en esta nunciatura desde la elecci\u00f3n de su santidad, el Papa Le\u00f3n XIV. Deseo agradecer a su excelencia, Monse\u00f1or Spiteri, a sus colaboradores y personal por la labor realizada para organizar esta recepci\u00f3n y el resto de mi visita a esta gran naci\u00f3n\u00bb.<\/p>\n\n\n\n<p>\u00abPerm\u00edtanme, en primer lugar, expresar la gratitud de la Santa Sede por la presencia de todos ustedes aqu\u00ed. Su presencia es de testimonio no solo de la amistad con la nunciatura y la fraternidad entre las naciones, sino tambi\u00e9n del reconocimiento del papel \u00fanico y perdurable que desempe\u00f1a la iglesia cat\u00f3lica en el di\u00e1logo internacional. Me complace transmitirles la oraci\u00f3n y la buena voluntad de su Santidad, quien inicia su pontificado con el coraz\u00f3n abierto a todos los pueblos y con la mirada fija en la justicia, la reconciliaci\u00f3n y la paz\u00bb.<\/p>\n\n\n\n<p>\u00abEs un privilegio estar aqu\u00ed en M\u00e9xico, una naci\u00f3n donde la fe se encuentra arraigada en los corazones de millones de personas, donde la iglesia ha acompa\u00f1ado al pueblo tanto en las penas como en los triunfos y donde la historia da testimonio de una naci\u00f3n marcada tanto por la complejidad, como por un profundo afecto mutuo\u00bb.<\/p>\n\n\n\n<p>\u00abHablar de Iglesia en M\u00e9xico es hablar de ciclos de fe vivida, cultura y testimonio. Desde la llegada de los primeros misioneros, a principios del siglo XVI, el Evangelio se proclam\u00f3 en estas tierras, no solo como una doctrina abstracta, sino como un encuentro con el Dios vivo y como un llamado a la justicia, a la misericordia y a la dignidad humana. Los primeros misioneros de la iglesia, como Fray Juan de Zum\u00e1rraga, en el primer arzobispo de M\u00e9xico, sentaron las bases no solo de las estructuras eclesi\u00e1sticas, sino tambi\u00e9n de escuelas, hospitales y protecci\u00f3n para los pueblos ind\u00edgenas, a pesar de las fallas y deficiencias tan evidentes en gran parte de la historia colonial. \u00bfY c\u00f3mo podemos hablar de fe en M\u00e9xico sin mencionar a Nuestra Se\u00f1ora de Guadalupe cuya aparici\u00f3n en 1531 marc\u00f3 un punto de inflexi\u00f3n, no solo para la evangelizaci\u00f3n, sino para la profunda inculturaci\u00f3n de la fe? Su imagen, sus palabras, su mirada maternal, no fueron impuestas, sino aceptadas, no eran ajenas, sino familiares. Ella es el puente entre los pueblos y la protectora de los pobres y sigue siendo, hasta el d\u00eda de hoy, el s\u00edmbolo m\u00e1s poderoso de unidad entre la iglesia y el pueblo de M\u00e9xico\u00bb.<\/p>\n\n\n\n<p>\u00abA lo largo de los siglos la Iglesia en M\u00e9xico ha sido una fiel compa\u00f1era de su pueblo, en medio de la independencia, la revoluci\u00f3n y la reforma social. Desde la supresi\u00f3n de la pr\u00e1ctica religiosa durante el siglo XX hasta el testimonio de tantos m\u00e1rtires, la iglesia ha vivido sin duda las vicisitudes de la historia en esta tierra\u00bb.<\/p>\n\n\n\n<p>\u00abLa Iglesia sigue estando presente en las aulas, en los hospitales, en el campo y en las ciudades, siempre buscando proclamar que cada persona est\u00e1 hecha a imagen y semejanza de Dios. En este sentido, la Santa Sede reafirma su compromiso de colaborar con el gobierno y el pueblo de M\u00e9xico sobre la base del respeto mutuo, los valores compartidos y la b\u00fasqueda com\u00fan de la paz y el desarrollo humano integrado\u00bb.<\/p>\n\n\n\n<p>\u00abLas relaciones diplom\u00e1ticas entre la Santa Sede y M\u00e9xico se restablecieron formalmente hace poco m\u00e1s de 30 a\u00f1os, en 1992, tras un largo par\u00e9ntesis hist\u00f3rico. Desde entonces, los lazos se han fortalecido, se han vuelto m\u00e1s transparentes y fruct\u00edferos. M\u00e9xico ha desempe\u00f1ado un papel clave en la promoci\u00f3n del di\u00e1logo y la paz en Am\u00e9rica Latina, particularmente en contextos de conflicto y migraci\u00f3n. En nombre del Papa Le\u00f3n reafirmo nuestra voluntad de caminar juntos, especialmente en defensa de los pobres, los migrantes, los ind\u00edgenas, las v\u00edctimas de la violencia y todos aquellos que se encuentran en las periferias de la sociedad\u00bb.<\/p>\n\n\n\n<p>\u00abLa Iglesia, por su parte, seguir\u00e1 abogando por los principios del Evangelio, la dignidad humana, la solidaridad y el bien com\u00fan. En estos tiempos de polarizaci\u00f3n y fragmentaci\u00f3n social, estos principios son m\u00e1s necesarios que nunca. Somos conscientes de que nuestro mundo actual est\u00e1 marcado por inmensos desaf\u00edos, que han sido definidos como las heridas silenciosas de la humanidad: la pobreza, la violencia, la devastaci\u00f3n geol\u00f3gica y la omisi\u00f3n de la verdad en el discurso p\u00fablico\u00bb.<\/p>\n\n\n\n<p>\u00abM\u00e9xico conoce profundamente estos desaf\u00edos. Las heridas causadas por el crimen organizado, la corrupci\u00f3n y la desigualdad econ\u00f3mica son reales, pero tambi\u00e9n lo es la resiliencia del pueblo mexicano y es aqu\u00ed, una vez m\u00e1s, donde la Iglesia debe caminar junto a la sociedad civil y al Estado, no para dominar, sino para servir, no para imponer, sino para acompa\u00f1ar\u00bb.<\/p>\n\n\n\n<p>\u00abEn esto, la comunidad diplom\u00e1tica desempe\u00f1a un papel vital. Gracias a los esfuerzos de muchos aqu\u00ed presentes, se pueden abrir canales de paz y cooperaci\u00f3n, se pueden abordar las crisis antes de que se conviertan en cat\u00e1strofes. El Papa Le\u00f3n cree profundamente en el multilateralismo como un medio para garantizar que ninguna naci\u00f3n, ning\u00fan pueblo, ni ning\u00fan clamor de los pobres sea ignorado\u00bb.<\/p>\n\n\n\n<p>\u00abSiguiendo la visi\u00f3n del Papa Francisco, ahora continuada por el Papa Le\u00f3n, la Iglesia busca promover una cultura de encuentro, un enfoque que prioriza la escucha, porque cuando escuchamos, realmente escuchamos las experiencias de quienes sufren, los desplazados, los explotados, los migrantes, los familiares de los desaparecidos, comenzamos a ver el rostro de Cristo en ellos. Y s\u00f3lo entonces la pol\u00edtica puede formularse no como un ejercicio de poder, sino como un acto de justicia. Queridos amigos, M\u00e9xico es una naci\u00f3n donde han brotado flores de la sangre de los m\u00e1rtires y donde la esperanza ha triunfado sobre las dificultades\u00bb.<\/p>\n\n\n\n<p>\u00abLa Iglesia en M\u00e9xico no ha sido perfecta, pero ha perseverado con el pueblo y para el pueblo. Trabajemos juntos, gobiernos, comunidades de fe y sociedad civil, para forjar un camino digno de la dignidad de la humana que todos apreciamos. Recordemos que la pol\u00edtica y la diplomacia son, en su mejor expresi\u00f3n, expresiones de amor por quienes servimos. Y no olvidemos que, en cada ni\u00f1o, cada migrante, cada v\u00edctima de violencia no encontramos una estad\u00edstica, sino una hermana o un hermano\u00bb.<\/p>\n\n\n\n<p>\u00abTermino con las palabras que Nuestra Se\u00f1ora de Guadalupe dirigi\u00f3 a San Juan Diego hace casi quinientos a\u00f1os: \u201c\u00bfAcaso no estoy yo aqu\u00ed, que soy tu madre? \u00bfNo est\u00e1s bajo mi protecci\u00f3n?\u201d. Que su intercesi\u00f3n nos gu\u00ede y que el pontificado del Papa Le\u00f3n sea de renovaci\u00f3n, compasi\u00f3n y paz. Much\u00edsimas gracias\u00bb.<\/p>\n\n\n\n<p class=\"has-small-font-size\">Foto: Puntodincontro<\/p>\n\n\n\n<div style=\"height:12px\" aria-hidden=\"true\" class=\"wp-block-spacer\"><\/div>\n\n\n<!-- Ad space powered by WP AdCenter v2.5.7 - https:\/\/wpadcenter.com\/ --><div class=\"wpadcenter-adgroup\" ><div class=\"wpadcenter-adgroup__row wpadcenter-aligncenter\"><div class=\"wpadcenter-ad-container\" ><div id=\"wpadcenter-ad-18464\" class=\"ad-placement\"><div class=\"wpadcenter-ad-inner\" ><a id=\"wpadcenter_ad\" data-value=\"18464\" data-placement=\"\" href=\"https:\/\/www.productosremo.com\/\" target=\"_blank\" class=\"wpadcenter-ad-inner__item\" ><img decoding=\"async\"   src=\"https:\/\/puntodincontro.mx\/wp-content\/uploads\/2021\/08\/remobanner.jpg\" class=\"attachment-post-thumbnail size-post-thumbnail wp-post-image\" alt=\"\" srcset=\"https:\/\/puntodincontro.mx\/wp-content\/uploads\/2021\/08\/remobanner.jpg 200w, https:\/\/puntodincontro.mx\/wp-content\/uploads\/2021\/08\/remobanner-16x5.jpg 16w\" sizes=\"(max-width: 200px) 100vw, 200px\" \/><\/a><\/div><\/div><\/div><div class=\"wpadcenter-ad-container\" ><div id=\"wpadcenter-ad-5305\" class=\"ad-placement\"><div class=\"wpadcenter-ad-inner\" ><a id=\"wpadcenter_ad\" data-value=\"5305\" data-placement=\"\" href=\"https:\/\/ambcittadelmessico.esteri.it\/ambasciata_cittadelmessico\/it\/\" target=\"_blank\" class=\"wpadcenter-ad-inner__item\" ><img decoding=\"async\"   src=\"https:\/\/puntodincontro.mx\/wp-content\/uploads\/2022\/05\/Ambasciata.jpg\" class=\"attachment-post-thumbnail size-post-thumbnail wp-post-image\" alt=\"\" srcset=\"https:\/\/puntodincontro.mx\/wp-content\/uploads\/2022\/05\/Ambasciata.jpg 200w, https:\/\/puntodincontro.mx\/wp-content\/uploads\/2022\/05\/Ambasciata-18x5.jpg 18w\" sizes=\"(max-width: 200px) 100vw, 200px\" \/><\/a><\/div><\/div><\/div><div class=\"wpadcenter-ad-container\" ><div id=\"wpadcenter-ad-3781\" class=\"ad-placement\"><div class=\"wpadcenter-ad-inner\" ><a id=\"wpadcenter_ad\" data-value=\"3781\" data-placement=\"\" href=\"https:\/\/cannizzo.com.mx\/\" target=\"_blank\" class=\"wpadcenter-ad-inner__item\" ><img decoding=\"async\"   src=\"https:\/\/puntodincontro.mx\/wp-content\/uploads\/2022\/03\/cannizzo2.jpg\" class=\"attachment-post-thumbnail size-post-thumbnail wp-post-image\" alt=\"\" srcset=\"https:\/\/puntodincontro.mx\/wp-content\/uploads\/2022\/03\/cannizzo2.jpg 200w, https:\/\/puntodincontro.mx\/wp-content\/uploads\/2022\/03\/cannizzo2-18x5.jpg 18w\" sizes=\"(max-width: 200px) 100vw, 200px\" \/><\/a><\/div><\/div><\/div><\/div><div class=\"wpadcenter-adgroup__row wpadcenter-aligncenter\"><div class=\"wpadcenter-ad-container\" ><div id=\"wpadcenter-ad-1704\" class=\"ad-placement\"><div class=\"wpadcenter-ad-inner\" ><a id=\"wpadcenter_ad\" data-value=\"1704\" data-placement=\"\" href=\"https:\/\/puntodincontro.mx\/es\/2021\/12\/24\/inps-verificacion-de-supervivencia-de-los-pensionados-en-el-extranjero\/\" target=\"_blank\" class=\"wpadcenter-ad-inner__item\" ><img decoding=\"async\"   src=\"https:\/\/puntodincontro.mx\/wp-content\/uploads\/2021\/11\/logo-ital.jpg\" class=\"attachment-post-thumbnail size-post-thumbnail wp-post-image\" alt=\"Patronato ITAL Messico\" srcset=\"https:\/\/puntodincontro.mx\/wp-content\/uploads\/2021\/11\/logo-ital.jpg 200w, https:\/\/puntodincontro.mx\/wp-content\/uploads\/2021\/11\/logo-ital-16x5.jpg 16w\" sizes=\"(max-width: 200px) 100vw, 200px\" \/><\/a><\/div><\/div><\/div><div class=\"wpadcenter-ad-container\" ><div id=\"wpadcenter-ad-1538\" class=\"ad-placement\"><div class=\"wpadcenter-ad-inner\" ><a id=\"wpadcenter_ad\" data-value=\"1538\" data-placement=\"\" href=\"https:\/\/asociacionitaliana.org\/\" target=\"_blank\" class=\"wpadcenter-ad-inner__item\" ><img decoding=\"async\"   src=\"https:\/\/puntodincontro.mx\/wp-content\/uploads\/2021\/11\/aialogo.jpg\" class=\"attachment-post-thumbnail size-post-thumbnail wp-post-image\" alt=\"Associazione Italiana di Assistenza IAP\" srcset=\"https:\/\/puntodincontro.mx\/wp-content\/uploads\/2021\/11\/aialogo.jpg 200w, https:\/\/puntodincontro.mx\/wp-content\/uploads\/2021\/11\/aialogo-18x5.jpg 18w\" sizes=\"(max-width: 200px) 100vw, 200px\" \/><\/a><\/div><\/div><\/div><div class=\"wpadcenter-ad-container\" ><div id=\"wpadcenter-ad-1513\" class=\"ad-placement\"><div class=\"wpadcenter-ad-inner\" ><a id=\"wpadcenter_ad\" data-value=\"1513\" data-placement=\"\" href=\"https:\/\/gcinmuebles.mx\" target=\"_blank\" class=\"wpadcenter-ad-inner__item\" ><img decoding=\"async\"   src=\"https:\/\/puntodincontro.mx\/wp-content\/uploads\/2021\/10\/gcinmuebleslogopunto-1.jpg\" class=\"attachment-post-thumbnail size-post-thumbnail wp-post-image\" alt=\"\" srcset=\"https:\/\/puntodincontro.mx\/wp-content\/uploads\/2021\/10\/gcinmuebleslogopunto-1.jpg 200w, https:\/\/puntodincontro.mx\/wp-content\/uploads\/2021\/10\/gcinmuebleslogopunto-1-18x5.jpg 18w\" sizes=\"(max-width: 200px) 100vw, 200px\" \/><\/a><\/div><\/div><\/div><\/div><div class=\"wpadcenter-adgroup__row wpadcenter-aligncenter\"><div class=\"wpadcenter-ad-container\" ><div id=\"wpadcenter-ad-1374\" class=\"ad-placement\"><div class=\"wpadcenter-ad-inner\" ><a id=\"wpadcenter_ad\" data-value=\"1374\" data-placement=\"\" href=\"https:\/\/www.9colonne.it\/\" target=\"_blank\" class=\"wpadcenter-ad-inner__item\" ><img decoding=\"async\"   src=\"https:\/\/puntodincontro.mx\/wp-content\/uploads\/2021\/10\/Banner9colonne.gif\" class=\"attachment-post-thumbnail size-post-thumbnail wp-post-image\" alt=\"\" \/><\/a><\/div><\/div><\/div><div class=\"wpadcenter-ad-container\" ><div id=\"wpadcenter-ad-276\" class=\"ad-placement\"><div class=\"wpadcenter-ad-inner\" ><a id=\"wpadcenter_ad\" data-value=\"276\" data-placement=\"\" href=\"http:\/\/www.camaraitaliana.mx\/\" target=\"_blank\" class=\"wpadcenter-ad-inner__item\" ><img decoding=\"async\"   src=\"https:\/\/puntodincontro.mx\/wp-content\/uploads\/2021\/08\/ccimnuovo.jpg\" class=\"attachment-post-thumbnail size-post-thumbnail wp-post-image\" alt=\"\" srcset=\"https:\/\/puntodincontro.mx\/wp-content\/uploads\/2021\/08\/ccimnuovo.jpg 200w, https:\/\/puntodincontro.mx\/wp-content\/uploads\/2021\/08\/ccimnuovo-18x5.jpg 18w\" sizes=\"(max-width: 200px) 100vw, 200px\" \/><\/a><\/div><\/div><\/div><div class=\"wpadcenter-ad-container\" ><div id=\"wpadcenter-ad-272\" class=\"ad-placement\"><div class=\"wpadcenter-ad-inner\" ><a id=\"wpadcenter_ad\" data-value=\"272\" data-placement=\"\" href=\"http:\/\/corix.us\/\" target=\"_blank\" class=\"wpadcenter-ad-inner__item\" ><img decoding=\"async\"   src=\"https:\/\/puntodincontro.mx\/wp-content\/uploads\/2021\/08\/corixbanner-1.jpg\" class=\"attachment-post-thumbnail size-post-thumbnail wp-post-image\" alt=\"\" srcset=\"https:\/\/puntodincontro.mx\/wp-content\/uploads\/2021\/08\/corixbanner-1.jpg 200w, https:\/\/puntodincontro.mx\/wp-content\/uploads\/2021\/08\/corixbanner-1-16x5.jpg 16w\" sizes=\"(max-width: 200px) 100vw, 200px\" \/><\/a><\/div><\/div><\/div><\/div><div class=\"wpadcenter-adgroup__row wpadcenter-aligncenter\"><div class=\"wpadcenter-ad-container\" ><div id=\"wpadcenter-ad-266\" class=\"ad-placement\"><div class=\"wpadcenter-ad-inner\" ><a id=\"wpadcenter_ad\" data-value=\"266\" data-placement=\"\" href=\"https:\/\/www.prinsel.com.mx\/\" target=\"_blank\" class=\"wpadcenter-ad-inner__item\" ><img decoding=\"async\"   src=\"https:\/\/puntodincontro.mx\/wp-content\/uploads\/2021\/08\/prinselbanner-1.jpg\" class=\"attachment-post-thumbnail size-post-thumbnail wp-post-image\" alt=\"\" srcset=\"https:\/\/puntodincontro.mx\/wp-content\/uploads\/2021\/08\/prinselbanner-1.jpg 200w, https:\/\/puntodincontro.mx\/wp-content\/uploads\/2021\/08\/prinselbanner-1-16x5.jpg 16w\" sizes=\"(max-width: 200px) 100vw, 200px\" \/><\/a><\/div><\/div><\/div><div class=\"wpadcenter-ad-container\" ><div id=\"wpadcenter-ad-261\" class=\"ad-placement\"><div class=\"wpadcenter-ad-inner\" ><a id=\"wpadcenter_ad\" data-value=\"261\" data-placement=\"\" href=\"https:\/\/faitalia.com.mx\/\" target=\"_blank\" class=\"wpadcenter-ad-inner__item\" ><img decoding=\"async\"   src=\"https:\/\/puntodincontro.mx\/wp-content\/uploads\/2021\/08\/gruppodino.jpg\" class=\"attachment-post-thumbnail size-post-thumbnail wp-post-image\" alt=\"\" srcset=\"https:\/\/puntodincontro.mx\/wp-content\/uploads\/2021\/08\/gruppodino.jpg 200w, https:\/\/puntodincontro.mx\/wp-content\/uploads\/2021\/08\/gruppodino-18x5.jpg 18w\" sizes=\"(max-width: 200px) 100vw, 200px\" \/><\/a><\/div><\/div><\/div><\/div><\/div>\n\n\n<div style=\"height:12px\" aria-hidden=\"true\" class=\"wp-block-spacer\"><\/div>\n\n\n\n<p><\/p>","protected":false},"excerpt":{"rendered":"<p>Ore 15:03 &#8211; In occasione della celebrazione della \u00abprima festa papale dall&#8217;elezione di Leone XIV\u00bb, l&#8217;arcivescovo Paul Gallagher \u2014segretario per i Rapporti con gli Stati della Santa Sede, in missione in Messico\u2014 si \u00e8 rivolto a un folto gruppo di rappresentanti ecclesiastici, funzionari pubblici, membri del corpo diplomatico e della societ\u00e0 civile riuniti presso la Nunziatura Apostolica della capitale del Paese latinoamericano. \u00abBuon pomeriggio. \u00c8 per me un profondo onore essere oggi dinanzi a voi, in questa terra ricca di storia, cultura e profonde radici spirituali, per celebrare la prima festa papale in questa nunziatura dall&#8217;elezione di Sua Santit\u00e0 Papa&#8230; <\/p>","protected":false},"author":2,"featured_media":23091,"comment_status":"open","ping_status":"open","sticky":false,"template":"","format":"standard","meta":{"_monsterinsights_skip_tracking":false,"_monsterinsights_sitenote_active":false,"_monsterinsights_sitenote_note":"","_monsterinsights_sitenote_category":0,"footnotes":""},"categories":[18],"tags":[],"class_list":["post-23084","post","type-post","status-publish","format-standard","has-post-thumbnail","hentry","category-cronaca"],"yoast_head":"<!-- This site is optimized with the Yoast SEO Premium plugin v18.4 (Yoast SEO v25.6) - https:\/\/yoast.com\/wordpress\/plugins\/seo\/ -->\n<title>Mons. Gallagher: \u00abLa Chiesa collabora con il Messico\u00bb<\/title>\n<meta name=\"description\" content=\"Discorso del segretario per i Rapporti con gli Stati della Santa Sede, Paul Gallagher, in missione in Messico.\" \/>\n<meta name=\"robots\" content=\"index, follow, max-snippet:-1, max-image-preview:large, max-video-preview:-1\" \/>\n<link rel=\"canonical\" href=\"https:\/\/puntodincontro.mx\/es\/2025\/07\/27\/el-arzobispo-gallagher-la-iglesia-colabora-con-mexico\/\" \/>\n<meta property=\"og:locale\" content=\"es_MX\" \/>\n<meta property=\"og:type\" content=\"article\" \/>\n<meta property=\"og:title\" content=\"Mons. Gallagher: \u00abLa Chiesa collabora con il Messico\u00bb\" \/>\n<meta property=\"og:description\" content=\"Discorso del segretario per i Rapporti con gli Stati della Santa Sede, Paul Gallagher, in missione in Messico.\" \/>\n<meta property=\"og:url\" content=\"https:\/\/puntodincontro.mx\/es\/2025\/07\/27\/el-arzobispo-gallagher-la-iglesia-colabora-con-mexico\/\" \/>\n<meta property=\"og:site_name\" content=\"Puntodincontro\" \/>\n<meta property=\"article:publisher\" content=\"https:\/\/www.facebook.com\/puntodincontro.mx\" \/>\n<meta property=\"article:published_time\" content=\"2025-07-27T21:32:35+00:00\" \/>\n<meta property=\"article:modified_time\" content=\"2025-07-27T21:32:36+00:00\" \/>\n<meta property=\"og:image\" content=\"https:\/\/puntodincontro.mx\/wp-content\/uploads\/2025\/07\/gallagherpuntofinalecomp.jpg\" \/>\n\t<meta property=\"og:image:width\" content=\"932\" \/>\n\t<meta property=\"og:image:height\" content=\"488\" \/>\n\t<meta property=\"og:image:type\" content=\"image\/jpeg\" \/>\n<meta name=\"author\" content=\"Puntodincontro\" \/>\n<meta name=\"twitter:card\" content=\"summary_large_image\" \/>\n<meta name=\"twitter:creator\" content=\"@puntodincontro\" \/>\n<meta name=\"twitter:site\" content=\"@puntodincontro\" \/>\n<meta name=\"twitter:label1\" content=\"Escrito por\" \/>\n\t<meta name=\"twitter:data1\" content=\"Puntodincontro\" \/>\n\t<meta name=\"twitter:label2\" content=\"Tiempo de lectura\" \/>\n\t<meta name=\"twitter:data2\" content=\"5 minutos\" \/>\n<script type=\"application\/ld+json\" class=\"yoast-schema-graph\">{\"@context\":\"https:\/\/schema.org\",\"@graph\":[{\"@type\":\"NewsArticle\",\"@id\":\"https:\/\/puntodincontro.mx\/2025\/07\/27\/mons-gallagher-la-chiesa-collabora-con-il-messico\/#article\",\"isPartOf\":{\"@id\":\"https:\/\/puntodincontro.mx\/2025\/07\/27\/mons-gallagher-la-chiesa-collabora-con-il-messico\/\"},\"author\":{\"name\":\"Puntodincontro\",\"@id\":\"https:\/\/puntodincontro.mx\/#\/schema\/person\/d3066d18a16259cbb0c29b0d0e93b556\"},\"headline\":\"Mons. Gallagher: \u00abLa Chiesa collabora con il Messico\u00bb\",\"datePublished\":\"2025-07-27T21:32:35+00:00\",\"dateModified\":\"2025-07-27T21:32:36+00:00\",\"mainEntityOfPage\":{\"@id\":\"https:\/\/puntodincontro.mx\/2025\/07\/27\/mons-gallagher-la-chiesa-collabora-con-il-messico\/\"},\"wordCount\":1093,\"commentCount\":0,\"publisher\":{\"@id\":\"https:\/\/puntodincontro.mx\/#organization\"},\"image\":{\"@id\":\"https:\/\/puntodincontro.mx\/2025\/07\/27\/mons-gallagher-la-chiesa-collabora-con-il-messico\/#primaryimage\"},\"thumbnailUrl\":\"https:\/\/puntodincontro.mx\/wp-content\/uploads\/2025\/07\/gallagherpuntofinalevert.webp\",\"articleSection\":[\"Cronaca\"],\"inLanguage\":\"es\",\"potentialAction\":[{\"@type\":\"CommentAction\",\"name\":\"Comment\",\"target\":[\"https:\/\/puntodincontro.mx\/2025\/07\/27\/mons-gallagher-la-chiesa-collabora-con-il-messico\/#respond\"]}]},{\"@type\":\"WebPage\",\"@id\":\"https:\/\/puntodincontro.mx\/2025\/07\/27\/mons-gallagher-la-chiesa-collabora-con-il-messico\/\",\"url\":\"https:\/\/puntodincontro.mx\/2025\/07\/27\/mons-gallagher-la-chiesa-collabora-con-il-messico\/\",\"name\":\"Mons. Gallagher: \u00abLa Chiesa collabora con il Messico\u00bb\",\"isPartOf\":{\"@id\":\"https:\/\/puntodincontro.mx\/#website\"},\"primaryImageOfPage\":{\"@id\":\"https:\/\/puntodincontro.mx\/2025\/07\/27\/mons-gallagher-la-chiesa-collabora-con-il-messico\/#primaryimage\"},\"image\":{\"@id\":\"https:\/\/puntodincontro.mx\/2025\/07\/27\/mons-gallagher-la-chiesa-collabora-con-il-messico\/#primaryimage\"},\"thumbnailUrl\":\"https:\/\/puntodincontro.mx\/wp-content\/uploads\/2025\/07\/gallagherpuntofinalevert.webp\",\"datePublished\":\"2025-07-27T21:32:35+00:00\",\"dateModified\":\"2025-07-27T21:32:36+00:00\",\"description\":\"Discorso del segretario per i Rapporti con gli Stati della Santa Sede, Paul Gallagher, in missione in Messico.\",\"breadcrumb\":{\"@id\":\"https:\/\/puntodincontro.mx\/2025\/07\/27\/mons-gallagher-la-chiesa-collabora-con-il-messico\/#breadcrumb\"},\"inLanguage\":\"es\",\"potentialAction\":[{\"@type\":\"ReadAction\",\"target\":[\"https:\/\/puntodincontro.mx\/2025\/07\/27\/mons-gallagher-la-chiesa-collabora-con-il-messico\/\"]}]},{\"@type\":\"ImageObject\",\"inLanguage\":\"es\",\"@id\":\"https:\/\/puntodincontro.mx\/2025\/07\/27\/mons-gallagher-la-chiesa-collabora-con-il-messico\/#primaryimage\",\"url\":\"https:\/\/puntodincontro.mx\/wp-content\/uploads\/2025\/07\/gallagherpuntofinalevert.webp\",\"contentUrl\":\"https:\/\/puntodincontro.mx\/wp-content\/uploads\/2025\/07\/gallagherpuntofinalevert.webp\",\"width\":423,\"height\":488,\"caption\":\"Mons. Gallagher: \u00abLa Chiesa collabora con il Messico\u00bb \/ Foto: Puntodincontro\"},{\"@type\":\"BreadcrumbList\",\"@id\":\"https:\/\/puntodincontro.mx\/2025\/07\/27\/mons-gallagher-la-chiesa-collabora-con-il-messico\/#breadcrumb\",\"itemListElement\":[{\"@type\":\"ListItem\",\"position\":1,\"name\":\"Home\",\"item\":\"https:\/\/puntodincontro.mx\/\"},{\"@type\":\"ListItem\",\"position\":2,\"name\":\"Mons. Gallagher: \u00abLa Chiesa collabora con il Messico\u00bb\"}]},{\"@type\":\"WebSite\",\"@id\":\"https:\/\/puntodincontro.mx\/#website\",\"url\":\"https:\/\/puntodincontro.mx\/\",\"name\":\"Puntodincontro\",\"description\":\"Dal 2006 notizie sui rapporti Italia-Messico \/ Desde 2006 noticias sobre las relaciones entre Italia y M\u00e9xico\",\"publisher\":{\"@id\":\"https:\/\/puntodincontro.mx\/#organization\"},\"potentialAction\":[{\"@type\":\"SearchAction\",\"target\":{\"@type\":\"EntryPoint\",\"urlTemplate\":\"https:\/\/puntodincontro.mx\/?s={search_term_string}\"},\"query-input\":{\"@type\":\"PropertyValueSpecification\",\"valueRequired\":true,\"valueName\":\"search_term_string\"}}],\"inLanguage\":\"es\"},{\"@type\":\"Organization\",\"@id\":\"https:\/\/puntodincontro.mx\/#organization\",\"name\":\"Puntodincontro\",\"url\":\"https:\/\/puntodincontro.mx\/\",\"logo\":{\"@type\":\"ImageObject\",\"inLanguage\":\"es\",\"@id\":\"https:\/\/puntodincontro.mx\/#\/schema\/logo\/image\/\",\"url\":\"https:\/\/puntodincontro.mx\/wp-content\/uploads\/2021\/08\/Default-image-for-open-graph-settings.jpg\",\"contentUrl\":\"https:\/\/puntodincontro.mx\/wp-content\/uploads\/2021\/08\/Default-image-for-open-graph-settings.jpg\",\"width\":1200,\"height\":630,\"caption\":\"Puntodincontro\"},\"image\":{\"@id\":\"https:\/\/puntodincontro.mx\/#\/schema\/logo\/image\/\"},\"sameAs\":[\"https:\/\/www.facebook.com\/puntodincontro.mx\",\"https:\/\/x.com\/puntodincontro\",\"https:\/\/www.instagram.com\/puntodincontro.mx\/\",\"https:\/\/www.linkedin.com\/company\/puntodincontro\/\",\"https:\/\/www.youtube.com\/c\/puntodincontromessico\",\"https:\/\/www.patreon.com\/puntodincontro\",\"https:\/\/www.threads.net\/@puntodincontro.mx\"]},{\"@type\":\"Person\",\"@id\":\"https:\/\/puntodincontro.mx\/#\/schema\/person\/d3066d18a16259cbb0c29b0d0e93b556\",\"name\":\"Puntodincontro\",\"image\":{\"@type\":\"ImageObject\",\"inLanguage\":\"es\",\"@id\":\"https:\/\/puntodincontro.mx\/#\/schema\/person\/image\/\",\"url\":\"https:\/\/secure.gravatar.com\/avatar\/0e85b4b3b5e9d6bfcec6a4956d8cc63a?s=96&d=mm&r=g\",\"contentUrl\":\"https:\/\/secure.gravatar.com\/avatar\/0e85b4b3b5e9d6bfcec6a4956d8cc63a?s=96&d=mm&r=g\",\"caption\":\"Puntodincontro\"},\"url\":\"https:\/\/puntodincontro.mx\/es\/author\/puntodincontro\/\"}]}<\/script>\n<!-- \/ Yoast SEO Premium plugin. -->","yoast_head_json":{"title":"El Arzobispo Gallagher: \u00abLa Iglesia colabora con M\u00e9xico\u00bb","description":"Discurso de Paul Gallagher, Secretario para las Relaciones con los Estados de la Santa Sede, en misi\u00f3n en M\u00e9xico.","robots":{"index":"index","follow":"follow","max-snippet":"max-snippet:-1","max-image-preview":"max-image-preview:large","max-video-preview":"max-video-preview:-1"},"canonical":"https:\/\/puntodincontro.mx\/es\/2025\/07\/27\/el-arzobispo-gallagher-la-iglesia-colabora-con-mexico\/","og_locale":"es_MX","og_type":"article","og_title":"Mons. Gallagher: \u00abLa Chiesa collabora con il Messico\u00bb","og_description":"Discorso del segretario per i Rapporti con gli Stati della Santa Sede, Paul Gallagher, in missione in Messico.","og_url":"https:\/\/puntodincontro.mx\/es\/2025\/07\/27\/el-arzobispo-gallagher-la-iglesia-colabora-con-mexico\/","og_site_name":"Puntodincontro","article_publisher":"https:\/\/www.facebook.com\/puntodincontro.mx","article_published_time":"2025-07-27T21:32:35+00:00","article_modified_time":"2025-07-27T21:32:36+00:00","og_image":[{"width":932,"height":488,"url":"https:\/\/puntodincontro.mx\/wp-content\/uploads\/2025\/07\/gallagherpuntofinalecomp.jpg","type":"image\/jpeg"}],"author":"Puntodincontro","twitter_card":"summary_large_image","twitter_creator":"@puntodincontro","twitter_site":"@puntodincontro","twitter_misc":{"Escrito por":"Puntodincontro","Tiempo de lectura":"5 minutos"},"schema":{"@context":"https:\/\/schema.org","@graph":[{"@type":"NewsArticle","@id":"https:\/\/puntodincontro.mx\/2025\/07\/27\/mons-gallagher-la-chiesa-collabora-con-il-messico\/#article","isPartOf":{"@id":"https:\/\/puntodincontro.mx\/2025\/07\/27\/mons-gallagher-la-chiesa-collabora-con-il-messico\/"},"author":{"name":"Puntodincontro","@id":"https:\/\/puntodincontro.mx\/#\/schema\/person\/d3066d18a16259cbb0c29b0d0e93b556"},"headline":"Mons. Gallagher: \u00abLa Chiesa collabora con il Messico\u00bb","datePublished":"2025-07-27T21:32:35+00:00","dateModified":"2025-07-27T21:32:36+00:00","mainEntityOfPage":{"@id":"https:\/\/puntodincontro.mx\/2025\/07\/27\/mons-gallagher-la-chiesa-collabora-con-il-messico\/"},"wordCount":1093,"commentCount":0,"publisher":{"@id":"https:\/\/puntodincontro.mx\/#organization"},"image":{"@id":"https:\/\/puntodincontro.mx\/2025\/07\/27\/mons-gallagher-la-chiesa-collabora-con-il-messico\/#primaryimage"},"thumbnailUrl":"https:\/\/puntodincontro.mx\/wp-content\/uploads\/2025\/07\/gallagherpuntofinalevert.webp","articleSection":["Cronaca"],"inLanguage":"es","potentialAction":[{"@type":"CommentAction","name":"Comment","target":["https:\/\/puntodincontro.mx\/2025\/07\/27\/mons-gallagher-la-chiesa-collabora-con-il-messico\/#respond"]}]},{"@type":"WebPage","@id":"https:\/\/puntodincontro.mx\/2025\/07\/27\/mons-gallagher-la-chiesa-collabora-con-il-messico\/","url":"https:\/\/puntodincontro.mx\/2025\/07\/27\/mons-gallagher-la-chiesa-collabora-con-il-messico\/","name":"El Arzobispo Gallagher: \u00abLa Iglesia colabora con M\u00e9xico\u00bb","isPartOf":{"@id":"https:\/\/puntodincontro.mx\/#website"},"primaryImageOfPage":{"@id":"https:\/\/puntodincontro.mx\/2025\/07\/27\/mons-gallagher-la-chiesa-collabora-con-il-messico\/#primaryimage"},"image":{"@id":"https:\/\/puntodincontro.mx\/2025\/07\/27\/mons-gallagher-la-chiesa-collabora-con-il-messico\/#primaryimage"},"thumbnailUrl":"https:\/\/puntodincontro.mx\/wp-content\/uploads\/2025\/07\/gallagherpuntofinalevert.webp","datePublished":"2025-07-27T21:32:35+00:00","dateModified":"2025-07-27T21:32:36+00:00","description":"Discurso de Paul Gallagher, Secretario para las Relaciones con los Estados de la Santa Sede, en misi\u00f3n en M\u00e9xico.","breadcrumb":{"@id":"https:\/\/puntodincontro.mx\/2025\/07\/27\/mons-gallagher-la-chiesa-collabora-con-il-messico\/#breadcrumb"},"inLanguage":"es","potentialAction":[{"@type":"ReadAction","target":["https:\/\/puntodincontro.mx\/2025\/07\/27\/mons-gallagher-la-chiesa-collabora-con-il-messico\/"]}]},{"@type":"ImageObject","inLanguage":"es","@id":"https:\/\/puntodincontro.mx\/2025\/07\/27\/mons-gallagher-la-chiesa-collabora-con-il-messico\/#primaryimage","url":"https:\/\/puntodincontro.mx\/wp-content\/uploads\/2025\/07\/gallagherpuntofinalevert.webp","contentUrl":"https:\/\/puntodincontro.mx\/wp-content\/uploads\/2025\/07\/gallagherpuntofinalevert.webp","width":423,"height":488,"caption":"Mons. Gallagher: \u00abLa Chiesa collabora con il Messico\u00bb \/ Foto: Puntodincontro"},{"@type":"BreadcrumbList","@id":"https:\/\/puntodincontro.mx\/2025\/07\/27\/mons-gallagher-la-chiesa-collabora-con-il-messico\/#breadcrumb","itemListElement":[{"@type":"ListItem","position":1,"name":"Home","item":"https:\/\/puntodincontro.mx\/"},{"@type":"ListItem","position":2,"name":"Mons. Gallagher: \u00abLa Chiesa collabora con il Messico\u00bb"}]},{"@type":"WebSite","@id":"https:\/\/puntodincontro.mx\/#website","url":"https:\/\/puntodincontro.mx\/","name":"Puntodincontro","description":"Desde el 2006 noticias sobre las relaciones entre Italia y M\u00e9xico \/ Dal 2006 notizie sui rapporti Italia-Messico","publisher":{"@id":"https:\/\/puntodincontro.mx\/#organization"},"potentialAction":[{"@type":"SearchAction","target":{"@type":"EntryPoint","urlTemplate":"https:\/\/puntodincontro.mx\/?s={search_term_string}"},"query-input":{"@type":"PropertyValueSpecification","valueRequired":true,"valueName":"search_term_string"}}],"inLanguage":"es"},{"@type":"Organization","@id":"https:\/\/puntodincontro.mx\/#organization","name":"Puntodincontro","url":"https:\/\/puntodincontro.mx\/","logo":{"@type":"ImageObject","inLanguage":"es","@id":"https:\/\/puntodincontro.mx\/#\/schema\/logo\/image\/","url":"https:\/\/puntodincontro.mx\/wp-content\/uploads\/2021\/08\/Default-image-for-open-graph-settings.jpg","contentUrl":"https:\/\/puntodincontro.mx\/wp-content\/uploads\/2021\/08\/Default-image-for-open-graph-settings.jpg","width":1200,"height":630,"caption":"Puntodincontro"},"image":{"@id":"https:\/\/puntodincontro.mx\/#\/schema\/logo\/image\/"},"sameAs":["https:\/\/www.facebook.com\/puntodincontro.mx","https:\/\/x.com\/puntodincontro","https:\/\/www.instagram.com\/puntodincontro.mx\/","https:\/\/www.linkedin.com\/company\/puntodincontro\/","https:\/\/www.youtube.com\/c\/puntodincontromessico","https:\/\/www.patreon.com\/puntodincontro","https:\/\/www.threads.net\/@puntodincontro.mx"]},{"@type":"Person","@id":"https:\/\/puntodincontro.mx\/#\/schema\/person\/d3066d18a16259cbb0c29b0d0e93b556","name":"Puntodincontro","image":{"@type":"ImageObject","inLanguage":"es","@id":"https:\/\/puntodincontro.mx\/#\/schema\/person\/image\/","url":"https:\/\/secure.gravatar.com\/avatar\/0e85b4b3b5e9d6bfcec6a4956d8cc63a?s=96&d=mm&r=g","contentUrl":"https:\/\/secure.gravatar.com\/avatar\/0e85b4b3b5e9d6bfcec6a4956d8cc63a?s=96&d=mm&r=g","caption":"Puntodincontro"},"url":"https:\/\/puntodincontro.mx\/es\/author\/puntodincontro\/"}]}},"_links":{"self":[{"href":"https:\/\/puntodincontro.mx\/es\/wp-json\/wp\/v2\/posts\/23084"}],"collection":[{"href":"https:\/\/puntodincontro.mx\/es\/wp-json\/wp\/v2\/posts"}],"about":[{"href":"https:\/\/puntodincontro.mx\/es\/wp-json\/wp\/v2\/types\/post"}],"author":[{"embeddable":true,"href":"https:\/\/puntodincontro.mx\/es\/wp-json\/wp\/v2\/users\/2"}],"replies":[{"embeddable":true,"href":"https:\/\/puntodincontro.mx\/es\/wp-json\/wp\/v2\/comments?post=23084"}],"version-history":[{"count":6,"href":"https:\/\/puntodincontro.mx\/es\/wp-json\/wp\/v2\/posts\/23084\/revisions"}],"predecessor-version":[{"id":23090,"href":"https:\/\/puntodincontro.mx\/es\/wp-json\/wp\/v2\/posts\/23084\/revisions\/23090"}],"wp:featuredmedia":[{"embeddable":true,"href":"https:\/\/puntodincontro.mx\/es\/wp-json\/wp\/v2\/media\/23091"}],"wp:attachment":[{"href":"https:\/\/puntodincontro.mx\/es\/wp-json\/wp\/v2\/media?parent=23084"}],"wp:term":[{"taxonomy":"category","embeddable":true,"href":"https:\/\/puntodincontro.mx\/es\/wp-json\/wp\/v2\/categories?post=23084"},{"taxonomy":"post_tag","embeddable":true,"href":"https:\/\/puntodincontro.mx\/es\/wp-json\/wp\/v2\/tags?post=23084"}],"curies":[{"name":"wp","href":"https:\/\/api.w.org\/{rel}","templated":true}]}}