{"id":23398,"date":"2025-08-31T11:20:38","date_gmt":"2025-08-31T17:20:38","guid":{"rendered":"https:\/\/puntodincontro.mx\/?p=23398"},"modified":"2025-08-31T16:53:41","modified_gmt":"2025-08-31T22:53:41","slug":"frankenstein-de-guillermo-del-toro-un-monstruo-en-el-festival-de-venecia6","status":"publish","type":"post","link":"https:\/\/puntodincontro.mx\/es\/2025\/08\/31\/frankenstein-di-guillermo-del-toro-un-mostro-in-mostra-a-venezia6\/","title":{"rendered":"Frankenstein de Guillermo del Toro: un monstruo en el Festival de Venecia"},"content":{"rendered":"<p class=\"translation-block\"><b>10:27 hrs.<\/b> - (tg24.sky.it) \u00abAs\u00ed se romper\u00e1 el coraz\u00f3n, y aun as\u00ed, roto, vivir\u00e1\u00bb, escribi\u00f3 Lord Byron. Y es con esta herida que arranca <em>Frankenstein<\/em> de Guillermo del Toro, presentada en el Festival de Cine de Venecia y que llegar\u00e1 a Netflix el 7 de noviembre. No se trata de una simple adaptaci\u00f3n de la novela de Mary Shelley, sino de una liturgia g\u00f3tica que es a la vez una confesi\u00f3n personal y el ep\u00edtome del cine del director mexicano.<\/p>\n\n\n\n<p>El propio Del Toro dijo: \u00abEs m\u00e1s que un sue\u00f1o, es una religi\u00f3n\u00bb. Para \u00e9l, los monstruos son santos patronos, compa\u00f1eros secretos de quienes se sienten fuera de lugar. Y aqu\u00ed, el monstruo eterno se convierte en un espejo de nuestra fr\u00e1gil e imperfecta humanidad.<\/p>\n\n\n\n<p>Ambientada entre la Guerra de Crimea y el hielo del \u00c1rtico, la pel\u00edcula sigue al brillante V\u00edctor Frankenstein (Oscar Isaac), un cient\u00edfico-artista con la energ\u00eda de una celebridad ca\u00edda, obsesionado con la idea de desafiar a la muerte. Su criatura (Jacob Elordi), concebida como un mosaico de cad\u00e1veres mutilados, nace no para inspirar horror, sino compasi\u00f3n: una estatua de alabastro agrietada, un Prometeo reconstruido que encarna la belleza y el horror de la vida.<\/p>\n\n\n\n<p>Del Toro rechaza las monstruosas costuras de la tradici\u00f3n: \u00abNo quer\u00eda que fuera un cad\u00e1ver mutilado. V\u00edctor no es un carnicero, quer\u00eda al hombre perfecto\u00bb. La criatura se convierte en un ni\u00f1o, un fil\u00f3sofo, un soldado resucitado, una figura tr\u00e1gica y sublime.<\/p>\n\n\n\n<p>El eje central de la pel\u00edcula es la relaci\u00f3n entre V\u00edctor y la criatura: padre e hijo, verdugo y v\u00edctima, espejos distorsionados del mismo dolor. Oscar Isaac retrata a un V\u00edctor fr\u00e1gil y monstruoso a la vez: \u00abun tirano que se cree una v\u00edctima\u00bb, como lo define del Toro.<\/p>\n\n\n\n<p>Jacob Elordi, por su parte, aporta a la criatura la inocencia de un reci\u00e9n nacido y la gravedad de un fil\u00f3sofo, movi\u00e9ndose con una lentitud ritual, inspirada en la danza Butoh. Es un cuerpo que aprende a existir, un perro fiel traicionado, un \u00e1ngel ca\u00eddo. Su hermandad rota se convierte en una met\u00e1fora del trauma que se extiende por generaciones, de padres que no saben amar e hijos que buscan gu\u00eda.<\/p>\n\n\n\n<div style=\"height:12px\" aria-hidden=\"true\" class=\"wp-block-spacer\"><\/div>\n\n\n\n<figure class=\"wp-block-embed aligncenter is-type-video is-provider-youtube wp-block-embed-youtube wp-embed-aspect-16-9 wp-has-aspect-ratio\"><div class=\"wp-block-embed__wrapper\">\n<div class=\"epyt-video-wrapper\"><iframe loading=\"lazy\"  id=\"_ytid_48402\"  width=\"800\" height=\"450\"  data-origwidth=\"800\" data-origheight=\"450\"  data-relstop=\"1\" src=\"https:\/\/www.youtube.com\/embed\/q3Y6oMX4a4M?enablejsapi=1&#038;autoplay=0&#038;cc_load_policy=0&#038;cc_lang_pref=&#038;iv_load_policy=1&#038;loop=0&#038;rel=0&#038;fs=1&#038;playsinline=0&#038;autohide=2&#038;theme=dark&#038;color=red&#038;controls=1&#038;disablekb=0&#038;\" class=\"__youtube_prefs__  epyt-is-override  no-lazyload\" title=\"YouTube player\"  allow=\"fullscreen; accelerometer; autoplay; clipboard-write; encrypted-media; gyroscope; picture-in-picture; web-share\" referrerpolicy=\"strict-origin-when-cross-origin\" allowfullscreen data-no-lazy=\"1\" data-skipgform_ajax_framebjll=\"\"><\/iframe><\/div>\n<\/div><\/figure>\n\n\n\n<div style=\"height:12px\" aria-hidden=\"true\" class=\"wp-block-spacer\"><\/div>\n\n\n\n<p>Junto a ellos, Mia Goth es Elizabeth, una criatura et\u00e9rea y de otro mundo, atra\u00edda por el mundo natural como una entom\u00f3loga de almas. Es el coraz\u00f3n luminoso de una pel\u00edcula inmersa en la oscuridad, un espejo de la madre perdida de Victor y una promesa de amor incumplida. Su presencia, fr\u00e1gil y cortante, nos recuerda que ning\u00fan monstruo nace solo: es la sociedad la que lo crea.<\/p>\n\n\n\n<p class=\"translation-block\">Basta con mirar los atuendos verdes con toques morados que luce: una reina del grito contempor\u00e1nea y suntuosa, capaz de revolucionar el ideal de la futura novia. Su mirada rezuma majestuosidad, dignidad, fuerza, pero tambi\u00e9n la libertad de decir que el alma vive solo en el libre albedr\u00edo. Como las mariposas amadas por del Toro: magn\u00edficas, pero siempre destinadas a la jaula o al alfiler, prisioneras de una colecci\u00f3n.<\/p>\n\n\n\n<p>Del Toro afirm\u00f3: \u00abLa pel\u00edcula demuestra nuestro derecho a la imperfecci\u00f3n y nos recuerda lo que significa seguir siendo humanos en el per\u00edodo menos humanizador de la historia\u00bb.<\/p>\n\n\n\n<p class=\"translation-block\"><em>Frankenstein<\/em> se convierte as\u00ed en un manifiesto pol\u00edtico y po\u00e9tico. No es una pel\u00edcula de terror de \u00e9poca, sino un melodrama rock, vibrante en rojo y negro, de cuerpos y almas heridas en busca de amor. Es una pel\u00edcula que retrata la ansiedad de la adolescencia, la rebeli\u00f3n contra Dios y el capitalismo, las preguntas radicales que arden y permanecen sin respuesta. Y del Toro esparce se\u00f1ales: la cadena del chaleco del capit\u00e1n del barco dan\u00e9s que se transforma de gema en ancla, el detalle que divide.<\/p>\n\n\n\n<p>Rodada en Toronto, Edimburgo y Glasgow, la pel\u00edcula es una sinfon\u00eda visual. La cinematograf\u00eda de Dan Laustsen alterna azules siderales y rojos sangre, luz \u00e1rtica y sombras g\u00f3ticas. El dise\u00f1o de producci\u00f3n de Tamara Deverell construye laboratorios circulares, naves mec\u00e1nicas oscilantes y castillos que recuerdan a Barry Lyndon y La Cumbre Escarlata.<\/p>\n\n\n\n<p>Todo es real: decorados colosales, pr\u00f3tesis, naves mec\u00e1nicas. Del Toro ha evitado lo digital para hacer vibrar cada material de carne y hierro. El resultado es un cine que parece tallado en piedra, devolviendo al g\u00f3tico su monumentalidad.<\/p>\n\n\n\n<p>Los primeros experimentos del Bar\u00f3n son visionarios: aut\u00f3matas que parecen surgir de las m\u00e1quinas anat\u00f3micas de Giuseppe Salerno, aterradoras composiciones de venas y huesos. Es el cuerpo el que se convierte en teatro, el monstruo deformado pero no deformado, inmortal pero aterrorizado por su propio destino, como habr\u00eda comentado Borges.<\/p>\n\n\n\n<p>La banda sonora de Alexandre Desplat acompa\u00f1a la pel\u00edcula como un r\u00e9quiem de amor. Cuerdas vibrantes, \u00f3rganos sagrados, coros solemnes. Un tema que oscila entre lo l\u00edrico y lo demencial, capaz de transformar el dolor de V\u00edctor en m\u00fasica y dar voz a la criatura. La partitura se convierte en otro cuerpo vivo, respirando con los personajes, una plegaria que evoca la eternidad.<\/p>\n\n\n\n<p class=\"translation-block\">Para del Toro, <em>Frankenstein<\/em> es un ajuste de cuentas personal: una pel\u00edcula que concluye un ciclo iniciado con <em>Cronos<\/em> y continuado con <em>El laberinto del fauno<\/em> y <em>La forma del agua<\/em>. Una pel\u00edcula que pregunta: \u00ab\u00bfQui\u00e9nes somos cuando estamos solos? \u00bfQu\u00e9 queda cuando la perfecci\u00f3n se derrumba?\u00bb.<\/p>\n\n\n\n<p>Y en el enfrentamiento entre V\u00edctor y la Criatura, vuelve la frase que cierra la pel\u00edcula: \u00abEn la vida se rompe el coraz\u00f3n humano, pero incluso con el coraz\u00f3n roto se vive\u00bb.<\/p>\n\n\n\n<p class=\"has-small-font-size\">Foto: EFE-EPA-Riccardo Antimiani e Invision-AP-Lapresse Alessandra Tarantino<\/p>\n\n\n\n<div style=\"height:12px\" aria-hidden=\"true\" class=\"wp-block-spacer\"><\/div>\n\n\n<!-- Ad space powered by WP AdCenter v2.5.7 - https:\/\/wpadcenter.com\/ --><div class=\"wpadcenter-adgroup\" ><div class=\"wpadcenter-adgroup__row wpadcenter-aligncenter\"><div class=\"wpadcenter-ad-container\" ><div id=\"wpadcenter-ad-18464\" class=\"ad-placement\"><div class=\"wpadcenter-ad-inner\" ><a id=\"wpadcenter_ad\" data-value=\"18464\" data-placement=\"\" href=\"https:\/\/www.productosremo.com\/\" target=\"_blank\" class=\"wpadcenter-ad-inner__item\" ><img decoding=\"async\"   src=\"https:\/\/puntodincontro.mx\/wp-content\/uploads\/2021\/08\/remobanner.jpg\" class=\"attachment-post-thumbnail size-post-thumbnail wp-post-image\" alt=\"\" srcset=\"https:\/\/puntodincontro.mx\/wp-content\/uploads\/2021\/08\/remobanner.jpg 200w, https:\/\/puntodincontro.mx\/wp-content\/uploads\/2021\/08\/remobanner-16x5.jpg 16w\" sizes=\"(max-width: 200px) 100vw, 200px\" \/><\/a><\/div><\/div><\/div><div class=\"wpadcenter-ad-container\" ><div id=\"wpadcenter-ad-5305\" class=\"ad-placement\"><div class=\"wpadcenter-ad-inner\" ><a id=\"wpadcenter_ad\" data-value=\"5305\" data-placement=\"\" href=\"https:\/\/faitalia.com.mx\/\" target=\"_blank\" class=\"wpadcenter-ad-inner__item\" ><img decoding=\"async\"   src=\"https:\/\/puntodincontro.mx\/wp-content\/uploads\/2022\/05\/gruppodino.jpg\" class=\"attachment-post-thumbnail size-post-thumbnail wp-post-image\" alt=\"\" srcset=\"https:\/\/puntodincontro.mx\/wp-content\/uploads\/2022\/05\/gruppodino.jpg 200w, https:\/\/puntodincontro.mx\/wp-content\/uploads\/2022\/05\/gruppodino-18x5.jpg 18w\" sizes=\"(max-width: 200px) 100vw, 200px\" \/><\/a><\/div><\/div><\/div><div class=\"wpadcenter-ad-container\" ><div id=\"wpadcenter-ad-3781\" class=\"ad-placement\"><div class=\"wpadcenter-ad-inner\" ><a id=\"wpadcenter_ad\" data-value=\"3781\" data-placement=\"\" href=\"https:\/\/cannizzo.com.mx\/\" target=\"_blank\" class=\"wpadcenter-ad-inner__item\" ><img decoding=\"async\"   src=\"https:\/\/puntodincontro.mx\/wp-content\/uploads\/2022\/03\/cannizzo2.jpg\" class=\"attachment-post-thumbnail size-post-thumbnail wp-post-image\" alt=\"\" srcset=\"https:\/\/puntodincontro.mx\/wp-content\/uploads\/2022\/03\/cannizzo2.jpg 200w, https:\/\/puntodincontro.mx\/wp-content\/uploads\/2022\/03\/cannizzo2-18x5.jpg 18w\" sizes=\"(max-width: 200px) 100vw, 200px\" \/><\/a><\/div><\/div><\/div><\/div><div class=\"wpadcenter-adgroup__row wpadcenter-aligncenter\"><div class=\"wpadcenter-ad-container\" ><div id=\"wpadcenter-ad-1704\" class=\"ad-placement\"><div class=\"wpadcenter-ad-inner\" ><a id=\"wpadcenter_ad\" data-value=\"1704\" data-placement=\"\" href=\"https:\/\/puntodincontro.mx\/es\/2021\/12\/24\/inps-verificacion-de-supervivencia-de-los-pensionados-en-el-extranjero\/\" target=\"_blank\" class=\"wpadcenter-ad-inner__item\" ><img decoding=\"async\"   src=\"https:\/\/puntodincontro.mx\/wp-content\/uploads\/2021\/11\/logo-ital.jpg\" class=\"attachment-post-thumbnail size-post-thumbnail wp-post-image\" alt=\"Patronato ITAL Messico\" srcset=\"https:\/\/puntodincontro.mx\/wp-content\/uploads\/2021\/11\/logo-ital.jpg 200w, https:\/\/puntodincontro.mx\/wp-content\/uploads\/2021\/11\/logo-ital-16x5.jpg 16w\" sizes=\"(max-width: 200px) 100vw, 200px\" \/><\/a><\/div><\/div><\/div><div class=\"wpadcenter-ad-container\" ><div id=\"wpadcenter-ad-1538\" class=\"ad-placement\"><div class=\"wpadcenter-ad-inner\" ><a id=\"wpadcenter_ad\" data-value=\"1538\" data-placement=\"\" href=\"https:\/\/asociacionitaliana.org\/\" target=\"_blank\" class=\"wpadcenter-ad-inner__item\" ><img decoding=\"async\"   src=\"https:\/\/puntodincontro.mx\/wp-content\/uploads\/2021\/11\/aialogo.jpg\" class=\"attachment-post-thumbnail size-post-thumbnail wp-post-image\" alt=\"Associazione Italiana di Assistenza IAP\" srcset=\"https:\/\/puntodincontro.mx\/wp-content\/uploads\/2021\/11\/aialogo.jpg 200w, https:\/\/puntodincontro.mx\/wp-content\/uploads\/2021\/11\/aialogo-18x5.jpg 18w\" sizes=\"(max-width: 200px) 100vw, 200px\" \/><\/a><\/div><\/div><\/div><div class=\"wpadcenter-ad-container\" ><div id=\"wpadcenter-ad-1513\" class=\"ad-placement\"><div class=\"wpadcenter-ad-inner\" ><a id=\"wpadcenter_ad\" data-value=\"1513\" data-placement=\"\" href=\"https:\/\/gcinmuebles.mx\" target=\"_blank\" class=\"wpadcenter-ad-inner__item\" ><img decoding=\"async\"   src=\"https:\/\/puntodincontro.mx\/wp-content\/uploads\/2021\/10\/gcinmuebleslogopunto-1.jpg\" class=\"attachment-post-thumbnail size-post-thumbnail wp-post-image\" alt=\"\" srcset=\"https:\/\/puntodincontro.mx\/wp-content\/uploads\/2021\/10\/gcinmuebleslogopunto-1.jpg 200w, https:\/\/puntodincontro.mx\/wp-content\/uploads\/2021\/10\/gcinmuebleslogopunto-1-18x5.jpg 18w\" sizes=\"(max-width: 200px) 100vw, 200px\" \/><\/a><\/div><\/div><\/div><\/div><div class=\"wpadcenter-adgroup__row wpadcenter-aligncenter\"><div class=\"wpadcenter-ad-container\" ><div id=\"wpadcenter-ad-1374\" class=\"ad-placement\"><div class=\"wpadcenter-ad-inner\" ><a id=\"wpadcenter_ad\" data-value=\"1374\" data-placement=\"\" href=\"https:\/\/www.9colonne.it\/\" target=\"_blank\" class=\"wpadcenter-ad-inner__item\" ><img decoding=\"async\"   src=\"https:\/\/puntodincontro.mx\/wp-content\/uploads\/2021\/10\/Banner9colonne.gif\" class=\"attachment-post-thumbnail size-post-thumbnail wp-post-image\" alt=\"\" \/><\/a><\/div><\/div><\/div><div class=\"wpadcenter-ad-container\" ><div id=\"wpadcenter-ad-276\" class=\"ad-placement\"><div class=\"wpadcenter-ad-inner\" ><a id=\"wpadcenter_ad\" data-value=\"276\" data-placement=\"\" href=\"http:\/\/www.camaraitaliana.mx\/\" target=\"_blank\" class=\"wpadcenter-ad-inner__item\" ><img decoding=\"async\"   src=\"https:\/\/puntodincontro.mx\/wp-content\/uploads\/2021\/08\/ccimnuovo.jpg\" class=\"attachment-post-thumbnail size-post-thumbnail wp-post-image\" alt=\"\" srcset=\"https:\/\/puntodincontro.mx\/wp-content\/uploads\/2021\/08\/ccimnuovo.jpg 200w, https:\/\/puntodincontro.mx\/wp-content\/uploads\/2021\/08\/ccimnuovo-18x5.jpg 18w\" sizes=\"(max-width: 200px) 100vw, 200px\" \/><\/a><\/div><\/div><\/div><div class=\"wpadcenter-ad-container\" ><div id=\"wpadcenter-ad-272\" class=\"ad-placement\"><div class=\"wpadcenter-ad-inner\" ><a id=\"wpadcenter_ad\" data-value=\"272\" data-placement=\"\" href=\"http:\/\/corix.us\/\" target=\"_blank\" class=\"wpadcenter-ad-inner__item\" ><img decoding=\"async\"   src=\"https:\/\/puntodincontro.mx\/wp-content\/uploads\/2021\/08\/corixbanner-1.jpg\" class=\"attachment-post-thumbnail size-post-thumbnail wp-post-image\" alt=\"\" srcset=\"https:\/\/puntodincontro.mx\/wp-content\/uploads\/2021\/08\/corixbanner-1.jpg 200w, https:\/\/puntodincontro.mx\/wp-content\/uploads\/2021\/08\/corixbanner-1-16x5.jpg 16w\" sizes=\"(max-width: 200px) 100vw, 200px\" \/><\/a><\/div><\/div><\/div><\/div><div class=\"wpadcenter-adgroup__row wpadcenter-aligncenter\"><div class=\"wpadcenter-ad-container\" ><div id=\"wpadcenter-ad-266\" class=\"ad-placement\"><div class=\"wpadcenter-ad-inner\" ><a id=\"wpadcenter_ad\" data-value=\"266\" data-placement=\"\" href=\"https:\/\/www.prinsel.com.mx\/\" target=\"_blank\" class=\"wpadcenter-ad-inner__item\" ><img decoding=\"async\"   src=\"https:\/\/puntodincontro.mx\/wp-content\/uploads\/2021\/08\/prinselbanner-1.jpg\" class=\"attachment-post-thumbnail size-post-thumbnail wp-post-image\" alt=\"\" srcset=\"https:\/\/puntodincontro.mx\/wp-content\/uploads\/2021\/08\/prinselbanner-1.jpg 200w, https:\/\/puntodincontro.mx\/wp-content\/uploads\/2021\/08\/prinselbanner-1-16x5.jpg 16w\" sizes=\"(max-width: 200px) 100vw, 200px\" \/><\/a><\/div><\/div><\/div><div class=\"wpadcenter-ad-container\" ><div id=\"wpadcenter-ad-261\" class=\"ad-placement\"><div class=\"wpadcenter-ad-inner\" ><a id=\"wpadcenter_ad\" data-value=\"261\" data-placement=\"\" href=\"https:\/\/ambcittadelmessico.esteri.it\/ambasciata_cittadelmessico\/it\/\" target=\"_blank\" class=\"wpadcenter-ad-inner__item\" ><img decoding=\"async\"   src=\"https:\/\/puntodincontro.mx\/wp-content\/uploads\/2021\/08\/ambasciatabanner-1.jpg\" class=\"attachment-post-thumbnail size-post-thumbnail wp-post-image\" alt=\"\" srcset=\"https:\/\/puntodincontro.mx\/wp-content\/uploads\/2021\/08\/ambasciatabanner-1.jpg 200w, https:\/\/puntodincontro.mx\/wp-content\/uploads\/2021\/08\/ambasciatabanner-1-16x5.jpg 16w\" sizes=\"(max-width: 200px) 100vw, 200px\" \/><\/a><\/div><\/div><\/div><\/div><\/div>\n\n\n<div style=\"height:12px\" aria-hidden=\"true\" class=\"wp-block-spacer\"><\/div>","protected":false},"excerpt":{"rendered":"<p>Ore 10:27 &#8211; (tg24.sky.it) \u00abCos\u00ec il cuore si spezzer\u00e0, eppure spezzato vivr\u00e0\u00bb, scriveva Lord Byron. Ed \u00e8 con questa ferita che si apre Frankenstein di Guillermo del Toro, presentato alla Mostra di Venezia e in arrivo su Netflix dal 7 novembre. Non un semplice adattamento del romanzo di Mary Shelley, ma una liturgia gotica che \u00e8 insieme confessione personale e summa del cinema del regista messicano. Del Toro stesso lo ha detto: \u00ab\u00c8 pi\u00f9 di un sogno, \u00e8 una religione\u00bb. Per lui, i mostri sono santi patroni, compagni segreti di chi si sente fuori posto. E qui il mostro di&#8230; <\/p>","protected":false},"author":2,"featured_media":23411,"comment_status":"open","ping_status":"open","sticky":false,"template":"","format":"standard","meta":{"_monsterinsights_skip_tracking":false,"_monsterinsights_sitenote_active":false,"_monsterinsights_sitenote_note":"","_monsterinsights_sitenote_category":0,"footnotes":""},"categories":[25],"tags":[],"class_list":["post-23398","post","type-post","status-publish","format-standard","has-post-thumbnail","hentry","category-cultura"],"yoast_head":"<!-- This site is optimized with the Yoast SEO Premium plugin v18.4 (Yoast SEO v25.6) - https:\/\/yoast.com\/wordpress\/plugins\/seo\/ -->\n<title>Frankenstein di Guillermo del Toro, un mostro in Mostra a Venezia<\/title>\n<meta name=\"description\" content=\"Frankenstein, del messicano Guillermo del Toro, \u00e8 stato presentato alla Mostra di Venezia ed \u00e8 in arrivo su Netflix dal 7 novembre.\" \/>\n<meta name=\"robots\" content=\"index, follow, max-snippet:-1, max-image-preview:large, max-video-preview:-1\" \/>\n<link rel=\"canonical\" href=\"https:\/\/puntodincontro.mx\/es\/2025\/08\/31\/frankenstein-de-guillermo-del-toro-un-monstruo-en-el-festival-de-venecia6\/\" \/>\n<meta property=\"og:locale\" content=\"es_MX\" \/>\n<meta property=\"og:type\" content=\"article\" \/>\n<meta property=\"og:title\" content=\"Frankenstein di Guillermo del Toro, un mostro in Mostra a Venezia\" \/>\n<meta property=\"og:description\" content=\"Frankenstein, del messicano Guillermo del Toro, \u00e8 stato presentato alla Mostra di Venezia ed \u00e8 in arrivo su Netflix dal 7 novembre.\" \/>\n<meta property=\"og:url\" content=\"https:\/\/puntodincontro.mx\/es\/2025\/08\/31\/frankenstein-de-guillermo-del-toro-un-monstruo-en-el-festival-de-venecia6\/\" \/>\n<meta property=\"og:site_name\" content=\"Puntodincontro\" \/>\n<meta property=\"article:publisher\" content=\"https:\/\/www.facebook.com\/puntodincontro.mx\" \/>\n<meta property=\"article:published_time\" content=\"2025-08-31T17:20:38+00:00\" \/>\n<meta property=\"article:modified_time\" content=\"2025-08-31T22:53:41+00:00\" \/>\n<meta property=\"og:image\" content=\"https:\/\/puntodincontro.mx\/wp-content\/uploads\/2025\/08\/fotofrankpuntocomp.jpg\" \/>\n\t<meta property=\"og:image:width\" content=\"932\" \/>\n\t<meta property=\"og:image:height\" content=\"488\" \/>\n\t<meta property=\"og:image:type\" content=\"image\/jpeg\" \/>\n<meta name=\"author\" content=\"Puntodincontro\" \/>\n<meta name=\"twitter:card\" content=\"summary_large_image\" \/>\n<meta name=\"twitter:creator\" content=\"@puntodincontro\" \/>\n<meta name=\"twitter:site\" content=\"@puntodincontro\" \/>\n<meta name=\"twitter:label1\" content=\"Escrito por\" \/>\n\t<meta name=\"twitter:data1\" content=\"Puntodincontro\" \/>\n\t<meta name=\"twitter:label2\" content=\"Tiempo de lectura\" \/>\n\t<meta name=\"twitter:data2\" content=\"4 minutos\" \/>\n<script type=\"application\/ld+json\" class=\"yoast-schema-graph\">{\"@context\":\"https:\/\/schema.org\",\"@graph\":[{\"@type\":\"NewsArticle\",\"@id\":\"https:\/\/puntodincontro.mx\/2025\/08\/31\/frankenstein-di-guillermo-del-toro-un-mostro-in-mostra-a-venezia6\/#article\",\"isPartOf\":{\"@id\":\"https:\/\/puntodincontro.mx\/2025\/08\/31\/frankenstein-di-guillermo-del-toro-un-mostro-in-mostra-a-venezia6\/\"},\"author\":{\"name\":\"Puntodincontro\",\"@id\":\"https:\/\/puntodincontro.mx\/#\/schema\/person\/d3066d18a16259cbb0c29b0d0e93b556\"},\"headline\":\"Frankenstein di Guillermo del Toro, un mostro in Mostra a Venezia\",\"datePublished\":\"2025-08-31T17:20:38+00:00\",\"dateModified\":\"2025-08-31T22:53:41+00:00\",\"mainEntityOfPage\":{\"@id\":\"https:\/\/puntodincontro.mx\/2025\/08\/31\/frankenstein-di-guillermo-del-toro-un-mostro-in-mostra-a-venezia6\/\"},\"wordCount\":839,\"commentCount\":0,\"publisher\":{\"@id\":\"https:\/\/puntodincontro.mx\/#organization\"},\"image\":{\"@id\":\"https:\/\/puntodincontro.mx\/2025\/08\/31\/frankenstein-di-guillermo-del-toro-un-mostro-in-mostra-a-venezia6\/#primaryimage\"},\"thumbnailUrl\":\"https:\/\/puntodincontro.mx\/wp-content\/uploads\/2025\/08\/frankensteinfotobuonavert.jpg\",\"articleSection\":[\"Cultura\"],\"inLanguage\":\"es\",\"potentialAction\":[{\"@type\":\"CommentAction\",\"name\":\"Comment\",\"target\":[\"https:\/\/puntodincontro.mx\/2025\/08\/31\/frankenstein-di-guillermo-del-toro-un-mostro-in-mostra-a-venezia6\/#respond\"]}]},{\"@type\":\"WebPage\",\"@id\":\"https:\/\/puntodincontro.mx\/2025\/08\/31\/frankenstein-di-guillermo-del-toro-un-mostro-in-mostra-a-venezia6\/\",\"url\":\"https:\/\/puntodincontro.mx\/2025\/08\/31\/frankenstein-di-guillermo-del-toro-un-mostro-in-mostra-a-venezia6\/\",\"name\":\"Frankenstein di Guillermo del Toro, un mostro in Mostra a Venezia\",\"isPartOf\":{\"@id\":\"https:\/\/puntodincontro.mx\/#website\"},\"primaryImageOfPage\":{\"@id\":\"https:\/\/puntodincontro.mx\/2025\/08\/31\/frankenstein-di-guillermo-del-toro-un-mostro-in-mostra-a-venezia6\/#primaryimage\"},\"image\":{\"@id\":\"https:\/\/puntodincontro.mx\/2025\/08\/31\/frankenstein-di-guillermo-del-toro-un-mostro-in-mostra-a-venezia6\/#primaryimage\"},\"thumbnailUrl\":\"https:\/\/puntodincontro.mx\/wp-content\/uploads\/2025\/08\/frankensteinfotobuonavert.jpg\",\"datePublished\":\"2025-08-31T17:20:38+00:00\",\"dateModified\":\"2025-08-31T22:53:41+00:00\",\"description\":\"Frankenstein, del messicano Guillermo del Toro, \u00e8 stato presentato alla Mostra di Venezia ed \u00e8 in arrivo su Netflix dal 7 novembre.\",\"breadcrumb\":{\"@id\":\"https:\/\/puntodincontro.mx\/2025\/08\/31\/frankenstein-di-guillermo-del-toro-un-mostro-in-mostra-a-venezia6\/#breadcrumb\"},\"inLanguage\":\"es\",\"potentialAction\":[{\"@type\":\"ReadAction\",\"target\":[\"https:\/\/puntodincontro.mx\/2025\/08\/31\/frankenstein-di-guillermo-del-toro-un-mostro-in-mostra-a-venezia6\/\"]}]},{\"@type\":\"ImageObject\",\"inLanguage\":\"es\",\"@id\":\"https:\/\/puntodincontro.mx\/2025\/08\/31\/frankenstein-di-guillermo-del-toro-un-mostro-in-mostra-a-venezia6\/#primaryimage\",\"url\":\"https:\/\/puntodincontro.mx\/wp-content\/uploads\/2025\/08\/frankensteinfotobuonavert.jpg\",\"contentUrl\":\"https:\/\/puntodincontro.mx\/wp-content\/uploads\/2025\/08\/frankensteinfotobuonavert.jpg\",\"width\":423,\"height\":488,\"caption\":\"Frankenstein di Guillermo del Toro, un mostro in Mostra a Venezia \/ Foto: EFE-EPA-Riccardo Antimiani e Invision-AP-Lapresse Alessandra Tarantino\"},{\"@type\":\"BreadcrumbList\",\"@id\":\"https:\/\/puntodincontro.mx\/2025\/08\/31\/frankenstein-di-guillermo-del-toro-un-mostro-in-mostra-a-venezia6\/#breadcrumb\",\"itemListElement\":[{\"@type\":\"ListItem\",\"position\":1,\"name\":\"Home\",\"item\":\"https:\/\/puntodincontro.mx\/\"},{\"@type\":\"ListItem\",\"position\":2,\"name\":\"Frankenstein di Guillermo del Toro, un mostro in Mostra a Venezia\"}]},{\"@type\":\"WebSite\",\"@id\":\"https:\/\/puntodincontro.mx\/#website\",\"url\":\"https:\/\/puntodincontro.mx\/\",\"name\":\"Puntodincontro\",\"description\":\"Dal 2006 notizie sui rapporti Italia-Messico \/ Desde 2006 noticias sobre las relaciones entre Italia y M\u00e9xico\",\"publisher\":{\"@id\":\"https:\/\/puntodincontro.mx\/#organization\"},\"potentialAction\":[{\"@type\":\"SearchAction\",\"target\":{\"@type\":\"EntryPoint\",\"urlTemplate\":\"https:\/\/puntodincontro.mx\/?s={search_term_string}\"},\"query-input\":{\"@type\":\"PropertyValueSpecification\",\"valueRequired\":true,\"valueName\":\"search_term_string\"}}],\"inLanguage\":\"es\"},{\"@type\":\"Organization\",\"@id\":\"https:\/\/puntodincontro.mx\/#organization\",\"name\":\"Puntodincontro\",\"url\":\"https:\/\/puntodincontro.mx\/\",\"logo\":{\"@type\":\"ImageObject\",\"inLanguage\":\"es\",\"@id\":\"https:\/\/puntodincontro.mx\/#\/schema\/logo\/image\/\",\"url\":\"https:\/\/puntodincontro.mx\/wp-content\/uploads\/2021\/08\/Default-image-for-open-graph-settings.jpg\",\"contentUrl\":\"https:\/\/puntodincontro.mx\/wp-content\/uploads\/2021\/08\/Default-image-for-open-graph-settings.jpg\",\"width\":1200,\"height\":630,\"caption\":\"Puntodincontro\"},\"image\":{\"@id\":\"https:\/\/puntodincontro.mx\/#\/schema\/logo\/image\/\"},\"sameAs\":[\"https:\/\/www.facebook.com\/puntodincontro.mx\",\"https:\/\/x.com\/puntodincontro\",\"https:\/\/www.instagram.com\/puntodincontro.mx\/\",\"https:\/\/www.linkedin.com\/company\/puntodincontro\/\",\"https:\/\/www.youtube.com\/c\/puntodincontromessico\",\"https:\/\/www.patreon.com\/puntodincontro\",\"https:\/\/www.threads.net\/@puntodincontro.mx\"]},{\"@type\":\"Person\",\"@id\":\"https:\/\/puntodincontro.mx\/#\/schema\/person\/d3066d18a16259cbb0c29b0d0e93b556\",\"name\":\"Puntodincontro\",\"image\":{\"@type\":\"ImageObject\",\"inLanguage\":\"es\",\"@id\":\"https:\/\/puntodincontro.mx\/#\/schema\/person\/image\/\",\"url\":\"https:\/\/secure.gravatar.com\/avatar\/0e85b4b3b5e9d6bfcec6a4956d8cc63a?s=96&d=mm&r=g\",\"contentUrl\":\"https:\/\/secure.gravatar.com\/avatar\/0e85b4b3b5e9d6bfcec6a4956d8cc63a?s=96&d=mm&r=g\",\"caption\":\"Puntodincontro\"},\"url\":\"https:\/\/puntodincontro.mx\/es\/author\/puntodincontro\/\"}]}<\/script>\n<!-- \/ Yoast SEO Premium plugin. -->","yoast_head_json":{"title":"Frankenstein de Guillermo del Toro: un monstruo en el Festival de Venecia","description":"Frankenstein, del director mexicano Guillermo del Toro, fue presentado en el Festival de Venecia y llegar\u00e1 a Netflix a partir del 7 de noviembre.","robots":{"index":"index","follow":"follow","max-snippet":"max-snippet:-1","max-image-preview":"max-image-preview:large","max-video-preview":"max-video-preview:-1"},"canonical":"https:\/\/puntodincontro.mx\/es\/2025\/08\/31\/frankenstein-de-guillermo-del-toro-un-monstruo-en-el-festival-de-venecia6\/","og_locale":"es_MX","og_type":"article","og_title":"Frankenstein di Guillermo del Toro, un mostro in Mostra a Venezia","og_description":"Frankenstein, del messicano Guillermo del Toro, \u00e8 stato presentato alla Mostra di Venezia ed \u00e8 in arrivo su Netflix dal 7 novembre.","og_url":"https:\/\/puntodincontro.mx\/es\/2025\/08\/31\/frankenstein-de-guillermo-del-toro-un-monstruo-en-el-festival-de-venecia6\/","og_site_name":"Puntodincontro","article_publisher":"https:\/\/www.facebook.com\/puntodincontro.mx","article_published_time":"2025-08-31T17:20:38+00:00","article_modified_time":"2025-08-31T22:53:41+00:00","og_image":[{"width":932,"height":488,"url":"https:\/\/puntodincontro.mx\/wp-content\/uploads\/2025\/08\/fotofrankpuntocomp.jpg","type":"image\/jpeg"}],"author":"Puntodincontro","twitter_card":"summary_large_image","twitter_creator":"@puntodincontro","twitter_site":"@puntodincontro","twitter_misc":{"Escrito por":"Puntodincontro","Tiempo de lectura":"4 minutos"},"schema":{"@context":"https:\/\/schema.org","@graph":[{"@type":"NewsArticle","@id":"https:\/\/puntodincontro.mx\/2025\/08\/31\/frankenstein-di-guillermo-del-toro-un-mostro-in-mostra-a-venezia6\/#article","isPartOf":{"@id":"https:\/\/puntodincontro.mx\/2025\/08\/31\/frankenstein-di-guillermo-del-toro-un-mostro-in-mostra-a-venezia6\/"},"author":{"name":"Puntodincontro","@id":"https:\/\/puntodincontro.mx\/#\/schema\/person\/d3066d18a16259cbb0c29b0d0e93b556"},"headline":"Frankenstein di Guillermo del Toro, un mostro in Mostra a Venezia","datePublished":"2025-08-31T17:20:38+00:00","dateModified":"2025-08-31T22:53:41+00:00","mainEntityOfPage":{"@id":"https:\/\/puntodincontro.mx\/2025\/08\/31\/frankenstein-di-guillermo-del-toro-un-mostro-in-mostra-a-venezia6\/"},"wordCount":839,"commentCount":0,"publisher":{"@id":"https:\/\/puntodincontro.mx\/#organization"},"image":{"@id":"https:\/\/puntodincontro.mx\/2025\/08\/31\/frankenstein-di-guillermo-del-toro-un-mostro-in-mostra-a-venezia6\/#primaryimage"},"thumbnailUrl":"https:\/\/puntodincontro.mx\/wp-content\/uploads\/2025\/08\/frankensteinfotobuonavert.jpg","articleSection":["Cultura"],"inLanguage":"es","potentialAction":[{"@type":"CommentAction","name":"Comment","target":["https:\/\/puntodincontro.mx\/2025\/08\/31\/frankenstein-di-guillermo-del-toro-un-mostro-in-mostra-a-venezia6\/#respond"]}]},{"@type":"WebPage","@id":"https:\/\/puntodincontro.mx\/2025\/08\/31\/frankenstein-di-guillermo-del-toro-un-mostro-in-mostra-a-venezia6\/","url":"https:\/\/puntodincontro.mx\/2025\/08\/31\/frankenstein-di-guillermo-del-toro-un-mostro-in-mostra-a-venezia6\/","name":"Frankenstein de Guillermo del Toro: un monstruo en el Festival de Venecia","isPartOf":{"@id":"https:\/\/puntodincontro.mx\/#website"},"primaryImageOfPage":{"@id":"https:\/\/puntodincontro.mx\/2025\/08\/31\/frankenstein-di-guillermo-del-toro-un-mostro-in-mostra-a-venezia6\/#primaryimage"},"image":{"@id":"https:\/\/puntodincontro.mx\/2025\/08\/31\/frankenstein-di-guillermo-del-toro-un-mostro-in-mostra-a-venezia6\/#primaryimage"},"thumbnailUrl":"https:\/\/puntodincontro.mx\/wp-content\/uploads\/2025\/08\/frankensteinfotobuonavert.jpg","datePublished":"2025-08-31T17:20:38+00:00","dateModified":"2025-08-31T22:53:41+00:00","description":"Frankenstein, del director mexicano Guillermo del Toro, fue presentado en el Festival de Venecia y llegar\u00e1 a Netflix a partir del 7 de noviembre.","breadcrumb":{"@id":"https:\/\/puntodincontro.mx\/2025\/08\/31\/frankenstein-di-guillermo-del-toro-un-mostro-in-mostra-a-venezia6\/#breadcrumb"},"inLanguage":"es","potentialAction":[{"@type":"ReadAction","target":["https:\/\/puntodincontro.mx\/2025\/08\/31\/frankenstein-di-guillermo-del-toro-un-mostro-in-mostra-a-venezia6\/"]}]},{"@type":"ImageObject","inLanguage":"es","@id":"https:\/\/puntodincontro.mx\/2025\/08\/31\/frankenstein-di-guillermo-del-toro-un-mostro-in-mostra-a-venezia6\/#primaryimage","url":"https:\/\/puntodincontro.mx\/wp-content\/uploads\/2025\/08\/frankensteinfotobuonavert.jpg","contentUrl":"https:\/\/puntodincontro.mx\/wp-content\/uploads\/2025\/08\/frankensteinfotobuonavert.jpg","width":423,"height":488,"caption":"Frankenstein di Guillermo del Toro, un mostro in Mostra a Venezia \/ Foto: EFE-EPA-Riccardo Antimiani e Invision-AP-Lapresse Alessandra Tarantino"},{"@type":"BreadcrumbList","@id":"https:\/\/puntodincontro.mx\/2025\/08\/31\/frankenstein-di-guillermo-del-toro-un-mostro-in-mostra-a-venezia6\/#breadcrumb","itemListElement":[{"@type":"ListItem","position":1,"name":"Home","item":"https:\/\/puntodincontro.mx\/"},{"@type":"ListItem","position":2,"name":"Frankenstein di Guillermo del Toro, un mostro in Mostra a Venezia"}]},{"@type":"WebSite","@id":"https:\/\/puntodincontro.mx\/#website","url":"https:\/\/puntodincontro.mx\/","name":"Puntodincontro","description":"Desde el 2006 noticias sobre las relaciones entre Italia y M\u00e9xico \/ Dal 2006 notizie sui rapporti Italia-Messico","publisher":{"@id":"https:\/\/puntodincontro.mx\/#organization"},"potentialAction":[{"@type":"SearchAction","target":{"@type":"EntryPoint","urlTemplate":"https:\/\/puntodincontro.mx\/?s={search_term_string}"},"query-input":{"@type":"PropertyValueSpecification","valueRequired":true,"valueName":"search_term_string"}}],"inLanguage":"es"},{"@type":"Organization","@id":"https:\/\/puntodincontro.mx\/#organization","name":"Puntodincontro","url":"https:\/\/puntodincontro.mx\/","logo":{"@type":"ImageObject","inLanguage":"es","@id":"https:\/\/puntodincontro.mx\/#\/schema\/logo\/image\/","url":"https:\/\/puntodincontro.mx\/wp-content\/uploads\/2021\/08\/Default-image-for-open-graph-settings.jpg","contentUrl":"https:\/\/puntodincontro.mx\/wp-content\/uploads\/2021\/08\/Default-image-for-open-graph-settings.jpg","width":1200,"height":630,"caption":"Puntodincontro"},"image":{"@id":"https:\/\/puntodincontro.mx\/#\/schema\/logo\/image\/"},"sameAs":["https:\/\/www.facebook.com\/puntodincontro.mx","https:\/\/x.com\/puntodincontro","https:\/\/www.instagram.com\/puntodincontro.mx\/","https:\/\/www.linkedin.com\/company\/puntodincontro\/","https:\/\/www.youtube.com\/c\/puntodincontromessico","https:\/\/www.patreon.com\/puntodincontro","https:\/\/www.threads.net\/@puntodincontro.mx"]},{"@type":"Person","@id":"https:\/\/puntodincontro.mx\/#\/schema\/person\/d3066d18a16259cbb0c29b0d0e93b556","name":"Puntodincontro","image":{"@type":"ImageObject","inLanguage":"es","@id":"https:\/\/puntodincontro.mx\/#\/schema\/person\/image\/","url":"https:\/\/secure.gravatar.com\/avatar\/0e85b4b3b5e9d6bfcec6a4956d8cc63a?s=96&d=mm&r=g","contentUrl":"https:\/\/secure.gravatar.com\/avatar\/0e85b4b3b5e9d6bfcec6a4956d8cc63a?s=96&d=mm&r=g","caption":"Puntodincontro"},"url":"https:\/\/puntodincontro.mx\/es\/author\/puntodincontro\/"}]}},"_links":{"self":[{"href":"https:\/\/puntodincontro.mx\/es\/wp-json\/wp\/v2\/posts\/23398"}],"collection":[{"href":"https:\/\/puntodincontro.mx\/es\/wp-json\/wp\/v2\/posts"}],"about":[{"href":"https:\/\/puntodincontro.mx\/es\/wp-json\/wp\/v2\/types\/post"}],"author":[{"embeddable":true,"href":"https:\/\/puntodincontro.mx\/es\/wp-json\/wp\/v2\/users\/2"}],"replies":[{"embeddable":true,"href":"https:\/\/puntodincontro.mx\/es\/wp-json\/wp\/v2\/comments?post=23398"}],"version-history":[{"count":11,"href":"https:\/\/puntodincontro.mx\/es\/wp-json\/wp\/v2\/posts\/23398\/revisions"}],"predecessor-version":[{"id":23413,"href":"https:\/\/puntodincontro.mx\/es\/wp-json\/wp\/v2\/posts\/23398\/revisions\/23413"}],"wp:featuredmedia":[{"embeddable":true,"href":"https:\/\/puntodincontro.mx\/es\/wp-json\/wp\/v2\/media\/23411"}],"wp:attachment":[{"href":"https:\/\/puntodincontro.mx\/es\/wp-json\/wp\/v2\/media?parent=23398"}],"wp:term":[{"taxonomy":"category","embeddable":true,"href":"https:\/\/puntodincontro.mx\/es\/wp-json\/wp\/v2\/categories?post=23398"},{"taxonomy":"post_tag","embeddable":true,"href":"https:\/\/puntodincontro.mx\/es\/wp-json\/wp\/v2\/tags?post=23398"}],"curies":[{"name":"wp","href":"https:\/\/api.w.org\/{rel}","templated":true}]}}