{"id":23451,"date":"2025-09-04T06:25:37","date_gmt":"2025-09-04T12:25:37","guid":{"rendered":"https:\/\/puntodincontro.mx\/?p=23451"},"modified":"2025-09-04T06:25:38","modified_gmt":"2025-09-04T12:25:38","slug":"en-busto-arsizio-la-tercera-edicion-del-evento-scopri-il-messico","status":"publish","type":"post","link":"https:\/\/puntodincontro.mx\/es\/2025\/09\/04\/a-busto-arsizio-la-terza-edizione-dellevento-scopri-il-messico\/","title":{"rendered":"En Busto Arsizio la tercera edici\u00f3n del evento 'Scopri il Messico!'"},"content":{"rendered":"<p class=\"translation-block\"><b>06:05 hrs.<\/b> - El municipio italiano de Busto Arsizio, en Lombard\u00eda, acoge por tercer a\u00f1o consecutivo la iniciativa <em>Scopri il Messico, vivi la nostra festa nazionale<\/em>, que conmemora el 215\u00ba aniversario del inicio de la Guerra de Independencia del pa\u00eds latinoamericano.<\/p>\n\n\n\n<p class=\"translation-block\">La asociaci\u00f3n cultural <em>M\u00e9xico per tutti<\/em> presenta una semana de eventos y actividades para celebrar la cultura de la \u00fanica naci\u00f3n latinoamericana de Norteam\u00e9rica. la iniciativa, que tendr\u00e1 lugar hasta el 7 de septiembre en el Museo Textil, cuenta con el patrocinio del municipio y la cadena de restaurantes Calavera, en colaboraci\u00f3n con el Consulado General de M\u00e9xico en Mil\u00e1n.<\/p>\n\n\n\n<p class=\"translation-block\">La celebraci\u00f3n comenz\u00f3 con la inauguraci\u00f3n de la exposici\u00f3n <em>El rebozo: primera y \u00faltima caricia<\/em> en la sala de bordados del museo. La exposici\u00f3n est\u00e1 dedicada al tradicional rebozo mexicano, s\u00edmbolo de identidad y feminidad, con piezas \u00fanicas del estado de Michoac\u00e1n.<\/p>\n\n\n\n<p class=\"translation-block\">A partir del 5 de septiembre, el Jard\u00edn Cuadrado de la galer\u00eda se animar\u00e1 con un espect\u00e1culo de danza folcl\u00f3rica a cargo del grupo Luna Mexikanusche y la m\u00fasica itinerante del mariachi Sol de M\u00e9xico. Los invitados podr\u00e1n degustar aut\u00e9nticas especialidades culinarias y admirar la artesan\u00eda local. Por la noche, a las 20:00 horas, con la presencia de la c\u00f3nsul general de M\u00e9xico en Mil\u00e1n, Mar\u00eda de los \u00c1ngeles Arriola Aguirre, se celebrar\u00e1 el tradicional Grito de Dolores, un momento solemne que simboliza la independencia del pa\u00eds.<\/p>\n\n\n\n<p class=\"translation-block\">El 7 de septiembre ser\u00e1 un d\u00eda dedicado al deporte y al entretenimiento, con una emocionante lucha libre a cargo de la Asociaci\u00f3n Vila Catch. Para quienes quieran poner a prueba sus habilidades, se ofrecer\u00e1n miniclases de esta disciplina para adultos y ni\u00f1os. Durante los dos d\u00edas del festival, tambi\u00e9n ser\u00e1 posible participar en varios talleres con reservaci\u00f3n previa: un taller de bordado Tenango, un seminario de gastronom\u00eda mexicana y una conferencia-cata de mezcal y tequila.<\/p>\n\n\n\n<div style=\"height:12px\" aria-hidden=\"true\" class=\"wp-block-spacer\"><\/div>\n\n\n<div class=\"wp-block-image\">\n<figure class=\"aligncenter size-full\"><img loading=\"lazy\" decoding=\"async\" width=\"600\" height=\"750\" src=\"https:\/\/puntodincontro.mx\/wp-content\/uploads\/2025\/09\/bustoarsiziolocandina.jpg\" alt=\"\" class=\"wp-image-23458\" srcset=\"https:\/\/puntodincontro.mx\/wp-content\/uploads\/2025\/09\/bustoarsiziolocandina.jpg 600w, https:\/\/puntodincontro.mx\/wp-content\/uploads\/2025\/09\/bustoarsiziolocandina-240x300.jpg 240w, https:\/\/puntodincontro.mx\/wp-content\/uploads\/2025\/09\/bustoarsiziolocandina-10x12.jpg 10w\" sizes=\"(max-width: 600px) 100vw, 600px\" \/><\/figure><\/div>\n\n\n<div style=\"height:6px\" aria-hidden=\"true\" class=\"wp-block-spacer\"><\/div>\n\n\n\n<p class=\"has-text-align-center has-small-font-size\">Immagini: comune.bustoarsizio.va.it<\/p>\n\n\n\n<div style=\"height:12px\" aria-hidden=\"true\" class=\"wp-block-spacer\"><\/div>\n\n\n<!-- Ad space powered by WP AdCenter v2.5.7 - https:\/\/wpadcenter.com\/ --><div class=\"wpadcenter-adgroup\" ><div class=\"wpadcenter-adgroup__row wpadcenter-aligncenter\"><div class=\"wpadcenter-ad-container\" ><div id=\"wpadcenter-ad-18464\" class=\"ad-placement\"><div class=\"wpadcenter-ad-inner\" ><a id=\"wpadcenter_ad\" data-value=\"18464\" data-placement=\"\" href=\"https:\/\/www.productosremo.com\/\" target=\"_blank\" class=\"wpadcenter-ad-inner__item\" ><img decoding=\"async\"   src=\"https:\/\/puntodincontro.mx\/wp-content\/uploads\/2021\/08\/remobanner.jpg\" class=\"attachment-post-thumbnail size-post-thumbnail wp-post-image\" alt=\"\" srcset=\"https:\/\/puntodincontro.mx\/wp-content\/uploads\/2021\/08\/remobanner.jpg 200w, https:\/\/puntodincontro.mx\/wp-content\/uploads\/2021\/08\/remobanner-16x5.jpg 16w\" sizes=\"(max-width: 200px) 100vw, 200px\" \/><\/a><\/div><\/div><\/div><div class=\"wpadcenter-ad-container\" ><div id=\"wpadcenter-ad-5305\" class=\"ad-placement\"><div class=\"wpadcenter-ad-inner\" ><a id=\"wpadcenter_ad\" data-value=\"5305\" data-placement=\"\" href=\"https:\/\/ambcittadelmessico.esteri.it\/ambasciata_cittadelmessico\/it\/\" target=\"_blank\" class=\"wpadcenter-ad-inner__item\" ><img decoding=\"async\"   src=\"https:\/\/puntodincontro.mx\/wp-content\/uploads\/2022\/05\/Ambasciata.jpg\" class=\"attachment-post-thumbnail size-post-thumbnail wp-post-image\" alt=\"\" srcset=\"https:\/\/puntodincontro.mx\/wp-content\/uploads\/2022\/05\/Ambasciata.jpg 200w, https:\/\/puntodincontro.mx\/wp-content\/uploads\/2022\/05\/Ambasciata-18x5.jpg 18w\" sizes=\"(max-width: 200px) 100vw, 200px\" \/><\/a><\/div><\/div><\/div><div class=\"wpadcenter-ad-container\" ><div id=\"wpadcenter-ad-3781\" class=\"ad-placement\"><div class=\"wpadcenter-ad-inner\" ><a id=\"wpadcenter_ad\" data-value=\"3781\" data-placement=\"\" href=\"https:\/\/cannizzo.com.mx\/\" target=\"_blank\" class=\"wpadcenter-ad-inner__item\" ><img decoding=\"async\"   src=\"https:\/\/puntodincontro.mx\/wp-content\/uploads\/2022\/03\/cannizzo2.jpg\" class=\"attachment-post-thumbnail size-post-thumbnail wp-post-image\" alt=\"\" srcset=\"https:\/\/puntodincontro.mx\/wp-content\/uploads\/2022\/03\/cannizzo2.jpg 200w, https:\/\/puntodincontro.mx\/wp-content\/uploads\/2022\/03\/cannizzo2-18x5.jpg 18w\" sizes=\"(max-width: 200px) 100vw, 200px\" \/><\/a><\/div><\/div><\/div><\/div><div class=\"wpadcenter-adgroup__row wpadcenter-aligncenter\"><div class=\"wpadcenter-ad-container\" ><div id=\"wpadcenter-ad-1704\" class=\"ad-placement\"><div class=\"wpadcenter-ad-inner\" ><a id=\"wpadcenter_ad\" data-value=\"1704\" data-placement=\"\" href=\"https:\/\/puntodincontro.mx\/es\/2021\/12\/24\/inps-verificacion-de-supervivencia-de-los-pensionados-en-el-extranjero\/\" target=\"_blank\" class=\"wpadcenter-ad-inner__item\" ><img decoding=\"async\"   src=\"https:\/\/puntodincontro.mx\/wp-content\/uploads\/2021\/11\/logo-ital.jpg\" class=\"attachment-post-thumbnail size-post-thumbnail wp-post-image\" alt=\"Patronato ITAL Messico\" srcset=\"https:\/\/puntodincontro.mx\/wp-content\/uploads\/2021\/11\/logo-ital.jpg 200w, https:\/\/puntodincontro.mx\/wp-content\/uploads\/2021\/11\/logo-ital-16x5.jpg 16w\" sizes=\"(max-width: 200px) 100vw, 200px\" \/><\/a><\/div><\/div><\/div><div class=\"wpadcenter-ad-container\" ><div id=\"wpadcenter-ad-1538\" class=\"ad-placement\"><div class=\"wpadcenter-ad-inner\" ><a id=\"wpadcenter_ad\" data-value=\"1538\" data-placement=\"\" href=\"https:\/\/asociacionitaliana.org\/\" target=\"_blank\" class=\"wpadcenter-ad-inner__item\" ><img decoding=\"async\"   src=\"https:\/\/puntodincontro.mx\/wp-content\/uploads\/2021\/11\/aialogo.jpg\" class=\"attachment-post-thumbnail size-post-thumbnail wp-post-image\" alt=\"Associazione Italiana di Assistenza IAP\" srcset=\"https:\/\/puntodincontro.mx\/wp-content\/uploads\/2021\/11\/aialogo.jpg 200w, https:\/\/puntodincontro.mx\/wp-content\/uploads\/2021\/11\/aialogo-18x5.jpg 18w\" sizes=\"(max-width: 200px) 100vw, 200px\" \/><\/a><\/div><\/div><\/div><div class=\"wpadcenter-ad-container\" ><div id=\"wpadcenter-ad-1513\" class=\"ad-placement\"><div class=\"wpadcenter-ad-inner\" ><a id=\"wpadcenter_ad\" data-value=\"1513\" data-placement=\"\" href=\"https:\/\/gcinmuebles.mx\" target=\"_blank\" class=\"wpadcenter-ad-inner__item\" ><img decoding=\"async\"   src=\"https:\/\/puntodincontro.mx\/wp-content\/uploads\/2021\/10\/gcinmuebleslogopunto-1.jpg\" class=\"attachment-post-thumbnail size-post-thumbnail wp-post-image\" alt=\"\" srcset=\"https:\/\/puntodincontro.mx\/wp-content\/uploads\/2021\/10\/gcinmuebleslogopunto-1.jpg 200w, https:\/\/puntodincontro.mx\/wp-content\/uploads\/2021\/10\/gcinmuebleslogopunto-1-18x5.jpg 18w\" sizes=\"(max-width: 200px) 100vw, 200px\" \/><\/a><\/div><\/div><\/div><\/div><div class=\"wpadcenter-adgroup__row wpadcenter-aligncenter\"><div class=\"wpadcenter-ad-container\" ><div id=\"wpadcenter-ad-1374\" class=\"ad-placement\"><div class=\"wpadcenter-ad-inner\" ><a id=\"wpadcenter_ad\" data-value=\"1374\" data-placement=\"\" href=\"https:\/\/www.9colonne.it\/\" target=\"_blank\" class=\"wpadcenter-ad-inner__item\" ><img decoding=\"async\"   src=\"https:\/\/puntodincontro.mx\/wp-content\/uploads\/2021\/10\/Banner9colonne.gif\" class=\"attachment-post-thumbnail size-post-thumbnail wp-post-image\" alt=\"\" \/><\/a><\/div><\/div><\/div><div class=\"wpadcenter-ad-container\" ><div id=\"wpadcenter-ad-276\" class=\"ad-placement\"><div class=\"wpadcenter-ad-inner\" ><a id=\"wpadcenter_ad\" data-value=\"276\" data-placement=\"\" href=\"http:\/\/www.camaraitaliana.mx\/\" target=\"_blank\" class=\"wpadcenter-ad-inner__item\" ><img decoding=\"async\"   src=\"https:\/\/puntodincontro.mx\/wp-content\/uploads\/2021\/08\/ccimnuovo.jpg\" class=\"attachment-post-thumbnail size-post-thumbnail wp-post-image\" alt=\"\" srcset=\"https:\/\/puntodincontro.mx\/wp-content\/uploads\/2021\/08\/ccimnuovo.jpg 200w, https:\/\/puntodincontro.mx\/wp-content\/uploads\/2021\/08\/ccimnuovo-18x5.jpg 18w\" sizes=\"(max-width: 200px) 100vw, 200px\" \/><\/a><\/div><\/div><\/div><div class=\"wpadcenter-ad-container\" ><div id=\"wpadcenter-ad-272\" class=\"ad-placement\"><div class=\"wpadcenter-ad-inner\" ><a id=\"wpadcenter_ad\" data-value=\"272\" data-placement=\"\" href=\"http:\/\/corix.us\/\" target=\"_blank\" class=\"wpadcenter-ad-inner__item\" ><img decoding=\"async\"   src=\"https:\/\/puntodincontro.mx\/wp-content\/uploads\/2021\/08\/corixbanner-1.jpg\" class=\"attachment-post-thumbnail size-post-thumbnail wp-post-image\" alt=\"\" srcset=\"https:\/\/puntodincontro.mx\/wp-content\/uploads\/2021\/08\/corixbanner-1.jpg 200w, https:\/\/puntodincontro.mx\/wp-content\/uploads\/2021\/08\/corixbanner-1-16x5.jpg 16w\" sizes=\"(max-width: 200px) 100vw, 200px\" \/><\/a><\/div><\/div><\/div><\/div><div class=\"wpadcenter-adgroup__row wpadcenter-aligncenter\"><div class=\"wpadcenter-ad-container\" ><div id=\"wpadcenter-ad-266\" class=\"ad-placement\"><div class=\"wpadcenter-ad-inner\" ><a id=\"wpadcenter_ad\" data-value=\"266\" data-placement=\"\" href=\"https:\/\/www.prinsel.com.mx\/\" target=\"_blank\" class=\"wpadcenter-ad-inner__item\" ><img decoding=\"async\"   src=\"https:\/\/puntodincontro.mx\/wp-content\/uploads\/2021\/08\/prinselbanner-1.jpg\" class=\"attachment-post-thumbnail size-post-thumbnail wp-post-image\" alt=\"\" srcset=\"https:\/\/puntodincontro.mx\/wp-content\/uploads\/2021\/08\/prinselbanner-1.jpg 200w, https:\/\/puntodincontro.mx\/wp-content\/uploads\/2021\/08\/prinselbanner-1-16x5.jpg 16w\" sizes=\"(max-width: 200px) 100vw, 200px\" \/><\/a><\/div><\/div><\/div><div class=\"wpadcenter-ad-container\" ><div id=\"wpadcenter-ad-261\" class=\"ad-placement\"><div class=\"wpadcenter-ad-inner\" ><a id=\"wpadcenter_ad\" data-value=\"261\" data-placement=\"\" href=\"https:\/\/faitalia.com.mx\/\" target=\"_blank\" class=\"wpadcenter-ad-inner__item\" ><img decoding=\"async\"   src=\"https:\/\/puntodincontro.mx\/wp-content\/uploads\/2021\/08\/gruppodino.jpg\" class=\"attachment-post-thumbnail size-post-thumbnail wp-post-image\" alt=\"\" srcset=\"https:\/\/puntodincontro.mx\/wp-content\/uploads\/2021\/08\/gruppodino.jpg 200w, https:\/\/puntodincontro.mx\/wp-content\/uploads\/2021\/08\/gruppodino-18x5.jpg 18w\" sizes=\"(max-width: 200px) 100vw, 200px\" \/><\/a><\/div><\/div><\/div><\/div><\/div>\n\n\n<div style=\"height:12px\" aria-hidden=\"true\" class=\"wp-block-spacer\"><\/div>","protected":false},"excerpt":{"rendered":"<p>Ore 06:05 &#8211; Il comune italiano di Busto Arsizio, in Lombardia, \u00e8 per il terzo anno consecutivo sede dell&#8217;iniziativa Scopri il Messico, vivi la nostra festa nazionale, in occasione del 215esimo anniversario dell&#8217;inizio della Guerra per l&#8217;indipendenza del Paese latinoamericano. L&#8217;associazione culturale M\u00e9xico per tutti presenta una settimana di eventi e attivit\u00e0 per celebrare la cultura dell&#8217;unica nazione latina dell&#8217;America del Nord. L&#8217;evento, che si svolger\u00e0 fino al 7 settembre presso il Museo del Tessile, \u00e8 patrocinato dal Comune e dalla catena di ristorazione Calavera, in collaborazione con il consolato generale del Messico a Milano. La celebrazione \u00e8 iniziata con&#8230; <\/p>","protected":false},"author":2,"featured_media":23461,"comment_status":"open","ping_status":"open","sticky":false,"template":"","format":"standard","meta":{"_monsterinsights_skip_tracking":false,"_monsterinsights_sitenote_active":false,"_monsterinsights_sitenote_note":"","_monsterinsights_sitenote_category":0,"footnotes":""},"categories":[6],"tags":[],"class_list":["post-23451","post","type-post","status-publish","format-standard","has-post-thumbnail","hentry","category-messico-in-italia"],"yoast_head":"<!-- This site is optimized with the Yoast SEO Premium plugin v18.4 (Yoast SEO v25.6) - https:\/\/yoast.com\/wordpress\/plugins\/seo\/ -->\n<title>A Busto Arsizio la terza edizione dell&#039;evento &#039;Scopri il Messico!&#039;<\/title>\n<meta name=\"description\" content=\"Il comune italiano di Busto Arsizio, in Lombardia, \u00e8 per il terzo anno consecutivo sede dell&#039;iniziativa &#039;Scopri il Messico!&#039;\" \/>\n<meta name=\"robots\" content=\"index, follow, max-snippet:-1, max-image-preview:large, max-video-preview:-1\" \/>\n<link rel=\"canonical\" href=\"https:\/\/puntodincontro.mx\/es\/2025\/09\/04\/en-busto-arsizio-la-tercera-edicion-del-evento-scopri-il-messico\/\" \/>\n<meta property=\"og:locale\" content=\"es_MX\" \/>\n<meta property=\"og:type\" content=\"article\" \/>\n<meta property=\"og:title\" content=\"A Busto Arsizio la terza edizione dell&#039;evento &#039;Scopri il Messico!&#039;\" \/>\n<meta property=\"og:description\" content=\"Il comune italiano di Busto Arsizio, in Lombardia, \u00e8 per il terzo anno consecutivo sede dell&#039;iniziativa &#039;Scopri il Messico!&#039;\" \/>\n<meta property=\"og:url\" content=\"https:\/\/puntodincontro.mx\/es\/2025\/09\/04\/en-busto-arsizio-la-tercera-edicion-del-evento-scopri-il-messico\/\" \/>\n<meta property=\"og:site_name\" content=\"Puntodincontro\" \/>\n<meta property=\"article:publisher\" content=\"https:\/\/www.facebook.com\/puntodincontro.mx\" \/>\n<meta property=\"article:published_time\" content=\"2025-09-04T12:25:37+00:00\" \/>\n<meta property=\"article:modified_time\" content=\"2025-09-04T12:25:38+00:00\" \/>\n<meta property=\"og:image\" content=\"https:\/\/puntodincontro.mx\/wp-content\/uploads\/2025\/09\/bustoarsiziopuntocomp.jpg\" \/>\n\t<meta property=\"og:image:width\" content=\"932\" \/>\n\t<meta property=\"og:image:height\" content=\"488\" \/>\n\t<meta property=\"og:image:type\" content=\"image\/jpeg\" \/>\n<meta name=\"author\" content=\"Puntodincontro\" \/>\n<meta name=\"twitter:card\" content=\"summary_large_image\" \/>\n<meta name=\"twitter:creator\" content=\"@puntodincontro\" \/>\n<meta name=\"twitter:site\" content=\"@puntodincontro\" \/>\n<meta name=\"twitter:label1\" content=\"Escrito por\" \/>\n\t<meta name=\"twitter:data1\" content=\"Puntodincontro\" \/>\n\t<meta name=\"twitter:label2\" content=\"Tiempo de lectura\" \/>\n\t<meta name=\"twitter:data2\" content=\"1 minuto\" \/>\n<script type=\"application\/ld+json\" class=\"yoast-schema-graph\">{\"@context\":\"https:\/\/schema.org\",\"@graph\":[{\"@type\":\"NewsArticle\",\"@id\":\"https:\/\/puntodincontro.mx\/2025\/09\/04\/a-busto-arsizio-la-terza-edizione-dellevento-scopri-il-messico\/#article\",\"isPartOf\":{\"@id\":\"https:\/\/puntodincontro.mx\/2025\/09\/04\/a-busto-arsizio-la-terza-edizione-dellevento-scopri-il-messico\/\"},\"author\":{\"name\":\"Puntodincontro\",\"@id\":\"https:\/\/puntodincontro.mx\/#\/schema\/person\/d3066d18a16259cbb0c29b0d0e93b556\"},\"headline\":\"A Busto Arsizio la terza edizione dell&#8217;evento &#8216;Scopri il Messico!&#8217;\",\"datePublished\":\"2025-09-04T12:25:37+00:00\",\"dateModified\":\"2025-09-04T12:25:38+00:00\",\"mainEntityOfPage\":{\"@id\":\"https:\/\/puntodincontro.mx\/2025\/09\/04\/a-busto-arsizio-la-terza-edizione-dellevento-scopri-il-messico\/\"},\"wordCount\":305,\"commentCount\":0,\"publisher\":{\"@id\":\"https:\/\/puntodincontro.mx\/#organization\"},\"image\":{\"@id\":\"https:\/\/puntodincontro.mx\/2025\/09\/04\/a-busto-arsizio-la-terza-edizione-dellevento-scopri-il-messico\/#primaryimage\"},\"thumbnailUrl\":\"https:\/\/puntodincontro.mx\/wp-content\/uploads\/2025\/09\/bustoarsiziopuntovert.webp\",\"articleSection\":[\"Messico in Italia\"],\"inLanguage\":\"es\",\"potentialAction\":[{\"@type\":\"CommentAction\",\"name\":\"Comment\",\"target\":[\"https:\/\/puntodincontro.mx\/2025\/09\/04\/a-busto-arsizio-la-terza-edizione-dellevento-scopri-il-messico\/#respond\"]}]},{\"@type\":\"WebPage\",\"@id\":\"https:\/\/puntodincontro.mx\/2025\/09\/04\/a-busto-arsizio-la-terza-edizione-dellevento-scopri-il-messico\/\",\"url\":\"https:\/\/puntodincontro.mx\/2025\/09\/04\/a-busto-arsizio-la-terza-edizione-dellevento-scopri-il-messico\/\",\"name\":\"A Busto Arsizio la terza edizione dell'evento 'Scopri il Messico!'\",\"isPartOf\":{\"@id\":\"https:\/\/puntodincontro.mx\/#website\"},\"primaryImageOfPage\":{\"@id\":\"https:\/\/puntodincontro.mx\/2025\/09\/04\/a-busto-arsizio-la-terza-edizione-dellevento-scopri-il-messico\/#primaryimage\"},\"image\":{\"@id\":\"https:\/\/puntodincontro.mx\/2025\/09\/04\/a-busto-arsizio-la-terza-edizione-dellevento-scopri-il-messico\/#primaryimage\"},\"thumbnailUrl\":\"https:\/\/puntodincontro.mx\/wp-content\/uploads\/2025\/09\/bustoarsiziopuntovert.webp\",\"datePublished\":\"2025-09-04T12:25:37+00:00\",\"dateModified\":\"2025-09-04T12:25:38+00:00\",\"description\":\"Il comune italiano di Busto Arsizio, in Lombardia, \u00e8 per il terzo anno consecutivo sede dell'iniziativa 'Scopri il Messico!'\",\"breadcrumb\":{\"@id\":\"https:\/\/puntodincontro.mx\/2025\/09\/04\/a-busto-arsizio-la-terza-edizione-dellevento-scopri-il-messico\/#breadcrumb\"},\"inLanguage\":\"es\",\"potentialAction\":[{\"@type\":\"ReadAction\",\"target\":[\"https:\/\/puntodincontro.mx\/2025\/09\/04\/a-busto-arsizio-la-terza-edizione-dellevento-scopri-il-messico\/\"]}]},{\"@type\":\"ImageObject\",\"inLanguage\":\"es\",\"@id\":\"https:\/\/puntodincontro.mx\/2025\/09\/04\/a-busto-arsizio-la-terza-edizione-dellevento-scopri-il-messico\/#primaryimage\",\"url\":\"https:\/\/puntodincontro.mx\/wp-content\/uploads\/2025\/09\/bustoarsiziopuntovert.webp\",\"contentUrl\":\"https:\/\/puntodincontro.mx\/wp-content\/uploads\/2025\/09\/bustoarsiziopuntovert.webp\",\"width\":423,\"height\":488,\"caption\":\"A Busto Arsizio la terza edizione dell'evento 'Scopri il Messico!' \/ Immagini: comune.bustoarsizio.va.it\"},{\"@type\":\"BreadcrumbList\",\"@id\":\"https:\/\/puntodincontro.mx\/2025\/09\/04\/a-busto-arsizio-la-terza-edizione-dellevento-scopri-il-messico\/#breadcrumb\",\"itemListElement\":[{\"@type\":\"ListItem\",\"position\":1,\"name\":\"Home\",\"item\":\"https:\/\/puntodincontro.mx\/\"},{\"@type\":\"ListItem\",\"position\":2,\"name\":\"A Busto Arsizio la terza edizione dell&#8217;evento &#8216;Scopri il Messico!&#8217;\"}]},{\"@type\":\"WebSite\",\"@id\":\"https:\/\/puntodincontro.mx\/#website\",\"url\":\"https:\/\/puntodincontro.mx\/\",\"name\":\"Puntodincontro\",\"description\":\"Dal 2006 notizie sui rapporti Italia-Messico \/ Desde 2006 noticias sobre las relaciones entre Italia y M\u00e9xico\",\"publisher\":{\"@id\":\"https:\/\/puntodincontro.mx\/#organization\"},\"potentialAction\":[{\"@type\":\"SearchAction\",\"target\":{\"@type\":\"EntryPoint\",\"urlTemplate\":\"https:\/\/puntodincontro.mx\/?s={search_term_string}\"},\"query-input\":{\"@type\":\"PropertyValueSpecification\",\"valueRequired\":true,\"valueName\":\"search_term_string\"}}],\"inLanguage\":\"es\"},{\"@type\":\"Organization\",\"@id\":\"https:\/\/puntodincontro.mx\/#organization\",\"name\":\"Puntodincontro\",\"url\":\"https:\/\/puntodincontro.mx\/\",\"logo\":{\"@type\":\"ImageObject\",\"inLanguage\":\"es\",\"@id\":\"https:\/\/puntodincontro.mx\/#\/schema\/logo\/image\/\",\"url\":\"https:\/\/puntodincontro.mx\/wp-content\/uploads\/2021\/08\/Default-image-for-open-graph-settings.jpg\",\"contentUrl\":\"https:\/\/puntodincontro.mx\/wp-content\/uploads\/2021\/08\/Default-image-for-open-graph-settings.jpg\",\"width\":1200,\"height\":630,\"caption\":\"Puntodincontro\"},\"image\":{\"@id\":\"https:\/\/puntodincontro.mx\/#\/schema\/logo\/image\/\"},\"sameAs\":[\"https:\/\/www.facebook.com\/puntodincontro.mx\",\"https:\/\/x.com\/puntodincontro\",\"https:\/\/www.instagram.com\/puntodincontro.mx\/\",\"https:\/\/www.linkedin.com\/company\/puntodincontro\/\",\"https:\/\/www.youtube.com\/c\/puntodincontromessico\",\"https:\/\/www.patreon.com\/puntodincontro\",\"https:\/\/www.threads.net\/@puntodincontro.mx\"]},{\"@type\":\"Person\",\"@id\":\"https:\/\/puntodincontro.mx\/#\/schema\/person\/d3066d18a16259cbb0c29b0d0e93b556\",\"name\":\"Puntodincontro\",\"image\":{\"@type\":\"ImageObject\",\"inLanguage\":\"es\",\"@id\":\"https:\/\/puntodincontro.mx\/#\/schema\/person\/image\/\",\"url\":\"https:\/\/secure.gravatar.com\/avatar\/0e85b4b3b5e9d6bfcec6a4956d8cc63a?s=96&d=mm&r=g\",\"contentUrl\":\"https:\/\/secure.gravatar.com\/avatar\/0e85b4b3b5e9d6bfcec6a4956d8cc63a?s=96&d=mm&r=g\",\"caption\":\"Puntodincontro\"},\"url\":\"https:\/\/puntodincontro.mx\/es\/author\/puntodincontro\/\"}]}<\/script>\n<!-- \/ Yoast SEO Premium plugin. -->","yoast_head_json":{"title":"En Busto Arsizio la tercera edici\u00f3n del evento 'Scopri il Messico!'","description":"El municipio italiano de Busto Arsizio, en Lombard\u00eda, acoge por tercer a\u00f1o consecutivo la iniciativa \u2018Scopri il Messico!\u2019","robots":{"index":"index","follow":"follow","max-snippet":"max-snippet:-1","max-image-preview":"max-image-preview:large","max-video-preview":"max-video-preview:-1"},"canonical":"https:\/\/puntodincontro.mx\/es\/2025\/09\/04\/en-busto-arsizio-la-tercera-edicion-del-evento-scopri-il-messico\/","og_locale":"es_MX","og_type":"article","og_title":"A Busto Arsizio la terza edizione dell'evento 'Scopri il Messico!'","og_description":"Il comune italiano di Busto Arsizio, in Lombardia, \u00e8 per il terzo anno consecutivo sede dell'iniziativa 'Scopri il Messico!'","og_url":"https:\/\/puntodincontro.mx\/es\/2025\/09\/04\/en-busto-arsizio-la-tercera-edicion-del-evento-scopri-il-messico\/","og_site_name":"Puntodincontro","article_publisher":"https:\/\/www.facebook.com\/puntodincontro.mx","article_published_time":"2025-09-04T12:25:37+00:00","article_modified_time":"2025-09-04T12:25:38+00:00","og_image":[{"width":932,"height":488,"url":"https:\/\/puntodincontro.mx\/wp-content\/uploads\/2025\/09\/bustoarsiziopuntocomp.jpg","type":"image\/jpeg"}],"author":"Puntodincontro","twitter_card":"summary_large_image","twitter_creator":"@puntodincontro","twitter_site":"@puntodincontro","twitter_misc":{"Escrito por":"Puntodincontro","Tiempo de lectura":"1 minuto"},"schema":{"@context":"https:\/\/schema.org","@graph":[{"@type":"NewsArticle","@id":"https:\/\/puntodincontro.mx\/2025\/09\/04\/a-busto-arsizio-la-terza-edizione-dellevento-scopri-il-messico\/#article","isPartOf":{"@id":"https:\/\/puntodincontro.mx\/2025\/09\/04\/a-busto-arsizio-la-terza-edizione-dellevento-scopri-il-messico\/"},"author":{"name":"Puntodincontro","@id":"https:\/\/puntodincontro.mx\/#\/schema\/person\/d3066d18a16259cbb0c29b0d0e93b556"},"headline":"A Busto Arsizio la terza edizione dell&#8217;evento &#8216;Scopri il Messico!&#8217;","datePublished":"2025-09-04T12:25:37+00:00","dateModified":"2025-09-04T12:25:38+00:00","mainEntityOfPage":{"@id":"https:\/\/puntodincontro.mx\/2025\/09\/04\/a-busto-arsizio-la-terza-edizione-dellevento-scopri-il-messico\/"},"wordCount":305,"commentCount":0,"publisher":{"@id":"https:\/\/puntodincontro.mx\/#organization"},"image":{"@id":"https:\/\/puntodincontro.mx\/2025\/09\/04\/a-busto-arsizio-la-terza-edizione-dellevento-scopri-il-messico\/#primaryimage"},"thumbnailUrl":"https:\/\/puntodincontro.mx\/wp-content\/uploads\/2025\/09\/bustoarsiziopuntovert.webp","articleSection":["Messico in Italia"],"inLanguage":"es","potentialAction":[{"@type":"CommentAction","name":"Comment","target":["https:\/\/puntodincontro.mx\/2025\/09\/04\/a-busto-arsizio-la-terza-edizione-dellevento-scopri-il-messico\/#respond"]}]},{"@type":"WebPage","@id":"https:\/\/puntodincontro.mx\/2025\/09\/04\/a-busto-arsizio-la-terza-edizione-dellevento-scopri-il-messico\/","url":"https:\/\/puntodincontro.mx\/2025\/09\/04\/a-busto-arsizio-la-terza-edizione-dellevento-scopri-il-messico\/","name":"En Busto Arsizio la tercera edici\u00f3n del evento 'Scopri il Messico!'","isPartOf":{"@id":"https:\/\/puntodincontro.mx\/#website"},"primaryImageOfPage":{"@id":"https:\/\/puntodincontro.mx\/2025\/09\/04\/a-busto-arsizio-la-terza-edizione-dellevento-scopri-il-messico\/#primaryimage"},"image":{"@id":"https:\/\/puntodincontro.mx\/2025\/09\/04\/a-busto-arsizio-la-terza-edizione-dellevento-scopri-il-messico\/#primaryimage"},"thumbnailUrl":"https:\/\/puntodincontro.mx\/wp-content\/uploads\/2025\/09\/bustoarsiziopuntovert.webp","datePublished":"2025-09-04T12:25:37+00:00","dateModified":"2025-09-04T12:25:38+00:00","description":"El municipio italiano de Busto Arsizio, en Lombard\u00eda, acoge por tercer a\u00f1o consecutivo la iniciativa \u2018Scopri il Messico!\u2019","breadcrumb":{"@id":"https:\/\/puntodincontro.mx\/2025\/09\/04\/a-busto-arsizio-la-terza-edizione-dellevento-scopri-il-messico\/#breadcrumb"},"inLanguage":"es","potentialAction":[{"@type":"ReadAction","target":["https:\/\/puntodincontro.mx\/2025\/09\/04\/a-busto-arsizio-la-terza-edizione-dellevento-scopri-il-messico\/"]}]},{"@type":"ImageObject","inLanguage":"es","@id":"https:\/\/puntodincontro.mx\/2025\/09\/04\/a-busto-arsizio-la-terza-edizione-dellevento-scopri-il-messico\/#primaryimage","url":"https:\/\/puntodincontro.mx\/wp-content\/uploads\/2025\/09\/bustoarsiziopuntovert.webp","contentUrl":"https:\/\/puntodincontro.mx\/wp-content\/uploads\/2025\/09\/bustoarsiziopuntovert.webp","width":423,"height":488,"caption":"A Busto Arsizio la terza edizione dell'evento 'Scopri il Messico!' \/ Immagini: comune.bustoarsizio.va.it"},{"@type":"BreadcrumbList","@id":"https:\/\/puntodincontro.mx\/2025\/09\/04\/a-busto-arsizio-la-terza-edizione-dellevento-scopri-il-messico\/#breadcrumb","itemListElement":[{"@type":"ListItem","position":1,"name":"Home","item":"https:\/\/puntodincontro.mx\/"},{"@type":"ListItem","position":2,"name":"A Busto Arsizio la terza edizione dell&#8217;evento &#8216;Scopri il Messico!&#8217;"}]},{"@type":"WebSite","@id":"https:\/\/puntodincontro.mx\/#website","url":"https:\/\/puntodincontro.mx\/","name":"Puntodincontro","description":"Desde el 2006 noticias sobre las relaciones entre Italia y M\u00e9xico \/ Dal 2006 notizie sui rapporti Italia-Messico","publisher":{"@id":"https:\/\/puntodincontro.mx\/#organization"},"potentialAction":[{"@type":"SearchAction","target":{"@type":"EntryPoint","urlTemplate":"https:\/\/puntodincontro.mx\/?s={search_term_string}"},"query-input":{"@type":"PropertyValueSpecification","valueRequired":true,"valueName":"search_term_string"}}],"inLanguage":"es"},{"@type":"Organization","@id":"https:\/\/puntodincontro.mx\/#organization","name":"Puntodincontro","url":"https:\/\/puntodincontro.mx\/","logo":{"@type":"ImageObject","inLanguage":"es","@id":"https:\/\/puntodincontro.mx\/#\/schema\/logo\/image\/","url":"https:\/\/puntodincontro.mx\/wp-content\/uploads\/2021\/08\/Default-image-for-open-graph-settings.jpg","contentUrl":"https:\/\/puntodincontro.mx\/wp-content\/uploads\/2021\/08\/Default-image-for-open-graph-settings.jpg","width":1200,"height":630,"caption":"Puntodincontro"},"image":{"@id":"https:\/\/puntodincontro.mx\/#\/schema\/logo\/image\/"},"sameAs":["https:\/\/www.facebook.com\/puntodincontro.mx","https:\/\/x.com\/puntodincontro","https:\/\/www.instagram.com\/puntodincontro.mx\/","https:\/\/www.linkedin.com\/company\/puntodincontro\/","https:\/\/www.youtube.com\/c\/puntodincontromessico","https:\/\/www.patreon.com\/puntodincontro","https:\/\/www.threads.net\/@puntodincontro.mx"]},{"@type":"Person","@id":"https:\/\/puntodincontro.mx\/#\/schema\/person\/d3066d18a16259cbb0c29b0d0e93b556","name":"Puntodincontro","image":{"@type":"ImageObject","inLanguage":"es","@id":"https:\/\/puntodincontro.mx\/#\/schema\/person\/image\/","url":"https:\/\/secure.gravatar.com\/avatar\/0e85b4b3b5e9d6bfcec6a4956d8cc63a?s=96&d=mm&r=g","contentUrl":"https:\/\/secure.gravatar.com\/avatar\/0e85b4b3b5e9d6bfcec6a4956d8cc63a?s=96&d=mm&r=g","caption":"Puntodincontro"},"url":"https:\/\/puntodincontro.mx\/es\/author\/puntodincontro\/"}]}},"_links":{"self":[{"href":"https:\/\/puntodincontro.mx\/es\/wp-json\/wp\/v2\/posts\/23451"}],"collection":[{"href":"https:\/\/puntodincontro.mx\/es\/wp-json\/wp\/v2\/posts"}],"about":[{"href":"https:\/\/puntodincontro.mx\/es\/wp-json\/wp\/v2\/types\/post"}],"author":[{"embeddable":true,"href":"https:\/\/puntodincontro.mx\/es\/wp-json\/wp\/v2\/users\/2"}],"replies":[{"embeddable":true,"href":"https:\/\/puntodincontro.mx\/es\/wp-json\/wp\/v2\/comments?post=23451"}],"version-history":[{"count":8,"href":"https:\/\/puntodincontro.mx\/es\/wp-json\/wp\/v2\/posts\/23451\/revisions"}],"predecessor-version":[{"id":23460,"href":"https:\/\/puntodincontro.mx\/es\/wp-json\/wp\/v2\/posts\/23451\/revisions\/23460"}],"wp:featuredmedia":[{"embeddable":true,"href":"https:\/\/puntodincontro.mx\/es\/wp-json\/wp\/v2\/media\/23461"}],"wp:attachment":[{"href":"https:\/\/puntodincontro.mx\/es\/wp-json\/wp\/v2\/media?parent=23451"}],"wp:term":[{"taxonomy":"category","embeddable":true,"href":"https:\/\/puntodincontro.mx\/es\/wp-json\/wp\/v2\/categories?post=23451"},{"taxonomy":"post_tag","embeddable":true,"href":"https:\/\/puntodincontro.mx\/es\/wp-json\/wp\/v2\/tags?post=23451"}],"curies":[{"name":"wp","href":"https:\/\/api.w.org\/{rel}","templated":true}]}}