{"id":23583,"date":"2025-09-10T12:19:36","date_gmt":"2025-09-10T18:19:36","guid":{"rendered":"https:\/\/puntodincontro.mx\/?p=23583"},"modified":"2025-09-10T12:19:36","modified_gmt":"2025-09-10T18:19:36","slug":"en-la-cdmx-la-exposicion-buone-nuove-women-changing-architecture","status":"publish","type":"post","link":"https:\/\/puntodincontro.mx\/es\/2025\/09\/10\/a-citta-del-messico-la-mostra-buone-nuove-women-changing-architecture\/","title":{"rendered":"En la CdMx la exposici\u00f3n 'Buone Nuove. Women changing architecture'"},"content":{"rendered":"<p class=\"translation-block\"><b>11:48 hrs.<\/b> - Abri\u00f3 al p\u00fablico en la Facultad de Arquitectura de la Universidad Nacional Aut\u00f3noma de M\u00e9xico (UNAM), en la capital del pa\u00eds latinoamericano, la exposici\u00f3n <em>Buone Nuove. Women changing architecture<\/em>, organizada por el MAXXI \u2014Museo Nacional de Artes del Siglo XXI de Roma\u2014 en colaboraci\u00f3n con la Canciller\u00eda italiana y el Instituto Italiano de Cultura.<\/p>\n\n\n\n<p>La muestra busca ofrecer una perspectiva nueva y m\u00e1s inclusiva de la arquitectura, centr\u00e1ndose en el papel de las mujeres en Italia dentro de la disciplina, desde las talentosas pioneras del siglo XX hasta las voces m\u00e1s incisivas de la escena contempor\u00e1nea.<\/p>\n\n\n\n<p class=\"translation-block\">Indisolublemente ligada a la exposici\u00f3n <em>Buone Nuove. Donne in architettura<\/em>, presentada en el MAXXI, la exhibici\u00f3n se divide en varios cap\u00edtulos: el primero, <em>Historias de arquitectas italianas<\/em>, est\u00e1 dedicado a los proyectos y biograf\u00edas de algunas de las principales exponentes de la posguerra, como Lina Bo Bardi, Gae Aulenti, Cini Boeri y Maria Giuseppina Grasso Cannizzo.<\/p>\n\n\n\n<p class=\"translation-block\">El segundo, <em>Pr\u00e1cticas en Italia<\/em>, se centra en las obras de dise\u00f1adoras internacionales.<\/p>\n\n\n\n<p class=\"translation-block\">Los cap\u00edtulos finales, <em>Narraciones<\/em> y <\/em>Visiones<\/em>, exploran la relaci\u00f3n entre g\u00e9nero y arquitectura a trav\u00e9s de entrevistas con acad\u00e9micos y expertos en la materia y una selecci\u00f3n de v\u00eddeos que exploran la relaci\u00f3n cada vez m\u00e1s consciente y cr\u00edtica entre cuerpo, identidad, espacio y proyecto.<\/p>\n\n\n\n<p class=\"translation-block\">El n\u00facleo de la exposici\u00f3n es una secuencia de cuatro grandes mesas repletas de bocetos, dibujos, fotograf\u00edas, documentos y videos, que construyen una narrativa visual y material dividida en cuatro etapas cronol\u00f3gicas y tem\u00e1ticas: <em>Las pioneras de la disciplina<\/em>, <em>La \u00e9poca dorada del dise\u00f1o<\/em>, <em>Dise\u00f1ando en contexto<\/em> y <em>Las nuevas generaciones<\/em>.<\/p>\n\n\n\n<p>La exposici\u00f3n, instalada en el atrio de la Facultad de Arquitectura de la UNAM, estar\u00e1 abierta hasta el 16 de octubre. Fue inaugurada con la presencia de la directora de la Facultad, M\u00f3nica Cejudo Collera, el curador Pippo Ciorra, y Loreta Castro, Ana Isabel Ruiz y Yolanda Kelly, arquitectas y profesoras de la casa de estudios, invitadas a una mesa redonda que, a partir de los temas de la exposici\u00f3n, estimul\u00f3 una interesante reflexi\u00f3n sobre el papel de la mujer en la arquitectura contempor\u00e1nea en M\u00e9xico e Italia.<\/p>\n\n\n\n<div style=\"height:12px\" aria-hidden=\"true\" class=\"wp-block-spacer\"><\/div>\n\n\n<div class=\"wp-block-image\">\n<figure class=\"aligncenter size-full\"><img loading=\"lazy\" decoding=\"async\" width=\"850\" height=\"450\" src=\"https:\/\/puntodincontro.mx\/wp-content\/uploads\/2025\/09\/buonenuovepuntofoto.webp\" alt=\"\" class=\"wp-image-23591\" srcset=\"https:\/\/puntodincontro.mx\/wp-content\/uploads\/2025\/09\/buonenuovepuntofoto.webp 850w, https:\/\/puntodincontro.mx\/wp-content\/uploads\/2025\/09\/buonenuovepuntofoto-300x159.webp 300w, https:\/\/puntodincontro.mx\/wp-content\/uploads\/2025\/09\/buonenuovepuntofoto-768x407.webp 768w, https:\/\/puntodincontro.mx\/wp-content\/uploads\/2025\/09\/buonenuovepuntofoto-18x10.webp 18w\" sizes=\"(max-width: 850px) 100vw, 850px\" \/><\/figure><\/div>\n\n\n<div style=\"height:6px\" aria-hidden=\"true\" class=\"wp-block-spacer\"><\/div>\n\n\n\n<p class=\"has-text-align-center has-small-font-size\">Foto: esteri.it<\/p>\n\n\n\n<div style=\"height:12px\" aria-hidden=\"true\" class=\"wp-block-spacer\"><\/div>\n\n\n<!-- Ad space powered by WP AdCenter v2.5.7 - https:\/\/wpadcenter.com\/ --><div class=\"wpadcenter-adgroup\" ><div class=\"wpadcenter-adgroup__row wpadcenter-aligncenter\"><div class=\"wpadcenter-ad-container\" ><div id=\"wpadcenter-ad-18464\" class=\"ad-placement\"><div class=\"wpadcenter-ad-inner\" ><a id=\"wpadcenter_ad\" data-value=\"18464\" data-placement=\"\" href=\"https:\/\/www.productosremo.com\/\" target=\"_blank\" class=\"wpadcenter-ad-inner__item\" ><img decoding=\"async\"   src=\"https:\/\/puntodincontro.mx\/wp-content\/uploads\/2021\/08\/remobanner.jpg\" class=\"attachment-post-thumbnail size-post-thumbnail wp-post-image\" alt=\"\" srcset=\"https:\/\/puntodincontro.mx\/wp-content\/uploads\/2021\/08\/remobanner.jpg 200w, https:\/\/puntodincontro.mx\/wp-content\/uploads\/2021\/08\/remobanner-16x5.jpg 16w\" sizes=\"(max-width: 200px) 100vw, 200px\" \/><\/a><\/div><\/div><\/div><div class=\"wpadcenter-ad-container\" ><div id=\"wpadcenter-ad-5305\" class=\"ad-placement\"><div class=\"wpadcenter-ad-inner\" ><a id=\"wpadcenter_ad\" data-value=\"5305\" data-placement=\"\" href=\"https:\/\/ambcittadelmessico.esteri.it\/ambasciata_cittadelmessico\/it\/\" target=\"_blank\" class=\"wpadcenter-ad-inner__item\" ><img decoding=\"async\"   src=\"https:\/\/puntodincontro.mx\/wp-content\/uploads\/2022\/05\/Ambasciata.jpg\" class=\"attachment-post-thumbnail size-post-thumbnail wp-post-image\" alt=\"\" srcset=\"https:\/\/puntodincontro.mx\/wp-content\/uploads\/2022\/05\/Ambasciata.jpg 200w, https:\/\/puntodincontro.mx\/wp-content\/uploads\/2022\/05\/Ambasciata-18x5.jpg 18w\" sizes=\"(max-width: 200px) 100vw, 200px\" \/><\/a><\/div><\/div><\/div><div class=\"wpadcenter-ad-container\" ><div id=\"wpadcenter-ad-3781\" class=\"ad-placement\"><div class=\"wpadcenter-ad-inner\" ><a id=\"wpadcenter_ad\" data-value=\"3781\" data-placement=\"\" href=\"https:\/\/cannizzo.com.mx\/\" target=\"_blank\" class=\"wpadcenter-ad-inner__item\" ><img decoding=\"async\"   src=\"https:\/\/puntodincontro.mx\/wp-content\/uploads\/2022\/03\/cannizzo2.jpg\" class=\"attachment-post-thumbnail size-post-thumbnail wp-post-image\" alt=\"\" srcset=\"https:\/\/puntodincontro.mx\/wp-content\/uploads\/2022\/03\/cannizzo2.jpg 200w, https:\/\/puntodincontro.mx\/wp-content\/uploads\/2022\/03\/cannizzo2-18x5.jpg 18w\" sizes=\"(max-width: 200px) 100vw, 200px\" \/><\/a><\/div><\/div><\/div><\/div><div class=\"wpadcenter-adgroup__row wpadcenter-aligncenter\"><div class=\"wpadcenter-ad-container\" ><div id=\"wpadcenter-ad-1704\" class=\"ad-placement\"><div class=\"wpadcenter-ad-inner\" ><a id=\"wpadcenter_ad\" data-value=\"1704\" data-placement=\"\" href=\"https:\/\/puntodincontro.mx\/es\/2021\/12\/24\/inps-verificacion-de-supervivencia-de-los-pensionados-en-el-extranjero\/\" target=\"_blank\" class=\"wpadcenter-ad-inner__item\" ><img decoding=\"async\"   src=\"https:\/\/puntodincontro.mx\/wp-content\/uploads\/2021\/11\/logo-ital.jpg\" class=\"attachment-post-thumbnail size-post-thumbnail wp-post-image\" alt=\"Patronato ITAL Messico\" srcset=\"https:\/\/puntodincontro.mx\/wp-content\/uploads\/2021\/11\/logo-ital.jpg 200w, https:\/\/puntodincontro.mx\/wp-content\/uploads\/2021\/11\/logo-ital-16x5.jpg 16w\" sizes=\"(max-width: 200px) 100vw, 200px\" \/><\/a><\/div><\/div><\/div><div class=\"wpadcenter-ad-container\" ><div id=\"wpadcenter-ad-1538\" class=\"ad-placement\"><div class=\"wpadcenter-ad-inner\" ><a id=\"wpadcenter_ad\" data-value=\"1538\" data-placement=\"\" href=\"https:\/\/asociacionitaliana.org\/\" target=\"_blank\" class=\"wpadcenter-ad-inner__item\" ><img decoding=\"async\"   src=\"https:\/\/puntodincontro.mx\/wp-content\/uploads\/2021\/11\/aialogo.jpg\" class=\"attachment-post-thumbnail size-post-thumbnail wp-post-image\" alt=\"Associazione Italiana di Assistenza IAP\" srcset=\"https:\/\/puntodincontro.mx\/wp-content\/uploads\/2021\/11\/aialogo.jpg 200w, https:\/\/puntodincontro.mx\/wp-content\/uploads\/2021\/11\/aialogo-18x5.jpg 18w\" sizes=\"(max-width: 200px) 100vw, 200px\" \/><\/a><\/div><\/div><\/div><div class=\"wpadcenter-ad-container\" ><div id=\"wpadcenter-ad-1513\" class=\"ad-placement\"><div class=\"wpadcenter-ad-inner\" ><a id=\"wpadcenter_ad\" data-value=\"1513\" data-placement=\"\" href=\"https:\/\/gcinmuebles.mx\" target=\"_blank\" class=\"wpadcenter-ad-inner__item\" ><img decoding=\"async\"   src=\"https:\/\/puntodincontro.mx\/wp-content\/uploads\/2021\/10\/gcinmuebleslogopunto-1.jpg\" class=\"attachment-post-thumbnail size-post-thumbnail wp-post-image\" alt=\"\" srcset=\"https:\/\/puntodincontro.mx\/wp-content\/uploads\/2021\/10\/gcinmuebleslogopunto-1.jpg 200w, https:\/\/puntodincontro.mx\/wp-content\/uploads\/2021\/10\/gcinmuebleslogopunto-1-18x5.jpg 18w\" sizes=\"(max-width: 200px) 100vw, 200px\" \/><\/a><\/div><\/div><\/div><\/div><div class=\"wpadcenter-adgroup__row wpadcenter-aligncenter\"><div class=\"wpadcenter-ad-container\" ><div id=\"wpadcenter-ad-1374\" class=\"ad-placement\"><div class=\"wpadcenter-ad-inner\" ><a id=\"wpadcenter_ad\" data-value=\"1374\" data-placement=\"\" href=\"https:\/\/www.9colonne.it\/\" target=\"_blank\" class=\"wpadcenter-ad-inner__item\" ><img decoding=\"async\"   src=\"https:\/\/puntodincontro.mx\/wp-content\/uploads\/2021\/10\/Banner9colonne.gif\" class=\"attachment-post-thumbnail size-post-thumbnail wp-post-image\" alt=\"\" \/><\/a><\/div><\/div><\/div><div class=\"wpadcenter-ad-container\" ><div id=\"wpadcenter-ad-276\" class=\"ad-placement\"><div class=\"wpadcenter-ad-inner\" ><a id=\"wpadcenter_ad\" data-value=\"276\" data-placement=\"\" href=\"http:\/\/www.camaraitaliana.mx\/\" target=\"_blank\" class=\"wpadcenter-ad-inner__item\" ><img decoding=\"async\"   src=\"https:\/\/puntodincontro.mx\/wp-content\/uploads\/2021\/08\/ccimnuovo.jpg\" class=\"attachment-post-thumbnail size-post-thumbnail wp-post-image\" alt=\"\" srcset=\"https:\/\/puntodincontro.mx\/wp-content\/uploads\/2021\/08\/ccimnuovo.jpg 200w, https:\/\/puntodincontro.mx\/wp-content\/uploads\/2021\/08\/ccimnuovo-18x5.jpg 18w\" sizes=\"(max-width: 200px) 100vw, 200px\" \/><\/a><\/div><\/div><\/div><div class=\"wpadcenter-ad-container\" ><div id=\"wpadcenter-ad-272\" class=\"ad-placement\"><div class=\"wpadcenter-ad-inner\" ><a id=\"wpadcenter_ad\" data-value=\"272\" data-placement=\"\" href=\"http:\/\/corix.us\/\" target=\"_blank\" class=\"wpadcenter-ad-inner__item\" ><img decoding=\"async\"   src=\"https:\/\/puntodincontro.mx\/wp-content\/uploads\/2021\/08\/corixbanner-1.jpg\" class=\"attachment-post-thumbnail size-post-thumbnail wp-post-image\" alt=\"\" srcset=\"https:\/\/puntodincontro.mx\/wp-content\/uploads\/2021\/08\/corixbanner-1.jpg 200w, https:\/\/puntodincontro.mx\/wp-content\/uploads\/2021\/08\/corixbanner-1-16x5.jpg 16w\" sizes=\"(max-width: 200px) 100vw, 200px\" \/><\/a><\/div><\/div><\/div><\/div><div class=\"wpadcenter-adgroup__row wpadcenter-aligncenter\"><div class=\"wpadcenter-ad-container\" ><div id=\"wpadcenter-ad-266\" class=\"ad-placement\"><div class=\"wpadcenter-ad-inner\" ><a id=\"wpadcenter_ad\" data-value=\"266\" data-placement=\"\" href=\"https:\/\/www.prinsel.com.mx\/\" target=\"_blank\" class=\"wpadcenter-ad-inner__item\" ><img decoding=\"async\"   src=\"https:\/\/puntodincontro.mx\/wp-content\/uploads\/2021\/08\/prinselbanner-1.jpg\" class=\"attachment-post-thumbnail size-post-thumbnail wp-post-image\" alt=\"\" srcset=\"https:\/\/puntodincontro.mx\/wp-content\/uploads\/2021\/08\/prinselbanner-1.jpg 200w, https:\/\/puntodincontro.mx\/wp-content\/uploads\/2021\/08\/prinselbanner-1-16x5.jpg 16w\" sizes=\"(max-width: 200px) 100vw, 200px\" \/><\/a><\/div><\/div><\/div><div class=\"wpadcenter-ad-container\" ><div id=\"wpadcenter-ad-261\" class=\"ad-placement\"><div class=\"wpadcenter-ad-inner\" ><a id=\"wpadcenter_ad\" data-value=\"261\" data-placement=\"\" href=\"https:\/\/faitalia.com.mx\/\" target=\"_blank\" class=\"wpadcenter-ad-inner__item\" ><img decoding=\"async\"   src=\"https:\/\/puntodincontro.mx\/wp-content\/uploads\/2021\/08\/gruppodino.jpg\" class=\"attachment-post-thumbnail size-post-thumbnail wp-post-image\" alt=\"\" srcset=\"https:\/\/puntodincontro.mx\/wp-content\/uploads\/2021\/08\/gruppodino.jpg 200w, https:\/\/puntodincontro.mx\/wp-content\/uploads\/2021\/08\/gruppodino-18x5.jpg 18w\" sizes=\"(max-width: 200px) 100vw, 200px\" \/><\/a><\/div><\/div><\/div><\/div><\/div>\n\n\n<div style=\"height:12px\" aria-hidden=\"true\" class=\"wp-block-spacer\"><\/div>","protected":false},"excerpt":{"rendered":"<p>Ore 11:48 &#8211; \u00c8 in corso presso la Facolt\u00e0 di Architettura dell\u2019Universit\u00e0 nazionale autonoma del Messico (Unam), nella capitale del Paese latinoamericano, la mostra Buone Nuove. Women changing architecture, realizzata dal MAXXI \u2014il Museo nazionale delle arti del XXI secolo di Roma\u2014 in collaborazione con il ministero degli Affari esteri e della Cooperazione internazionale e l&#8217;Istituto italiano di cultura. L&#8217;esposizione intende offrire al pubblico un nuovo e pi\u00f9 inclusivo punto di vista sull\u2019architettura, focalizzandosi sul ruolo svolto dalle donne in Italia nell&#8217;ambito di questa disciplina, dalle talentuose pioniere del XX secolo alle voci pi\u00f9 incisive della scena contemporanea. Legata a&#8230; <\/p>","protected":false},"author":2,"featured_media":23589,"comment_status":"open","ping_status":"open","sticky":false,"template":"","format":"standard","meta":{"_monsterinsights_skip_tracking":false,"_monsterinsights_sitenote_active":false,"_monsterinsights_sitenote_note":"","_monsterinsights_sitenote_category":0,"footnotes":""},"categories":[25],"tags":[],"class_list":["post-23583","post","type-post","status-publish","format-standard","has-post-thumbnail","hentry","category-cultura"],"yoast_head":"<!-- This site is optimized with the Yoast SEO Premium plugin v18.4 (Yoast SEO v25.6) - https:\/\/yoast.com\/wordpress\/plugins\/seo\/ -->\n<title>In Messico la mostra &#039;Buone Nuove. Women changing architecture&#039;<\/title>\n<meta name=\"description\" content=\"\u00c8 in corso presso la Facolt\u00e0 di Architettura dell\u2019Unam, a Citt\u00e0 del Messico, la mostra &#039;Buone Nuove. Women changing architecture&#039;.\" \/>\n<meta name=\"robots\" content=\"index, follow, max-snippet:-1, max-image-preview:large, max-video-preview:-1\" \/>\n<link rel=\"canonical\" href=\"https:\/\/puntodincontro.mx\/es\/2025\/09\/10\/en-la-cdmx-la-exposicion-buone-nuove-women-changing-architecture\/\" \/>\n<meta property=\"og:locale\" content=\"es_MX\" \/>\n<meta property=\"og:type\" content=\"article\" \/>\n<meta property=\"og:title\" content=\"A Citt\u00e0 del Messico la mostra &#039;Buone Nuove. Women changing architecture&#039;\" \/>\n<meta property=\"og:description\" content=\"\u00c8 in corso presso la Facolt\u00e0 di Architettura dell\u2019Unam, a Citt\u00e0 del Messico, la mostra &#039;Buone Nuove. Women changing architecture&#039;.\" \/>\n<meta property=\"og:url\" content=\"https:\/\/puntodincontro.mx\/es\/2025\/09\/10\/en-la-cdmx-la-exposicion-buone-nuove-women-changing-architecture\/\" \/>\n<meta property=\"og:site_name\" content=\"Puntodincontro\" \/>\n<meta property=\"article:publisher\" content=\"https:\/\/www.facebook.com\/puntodincontro.mx\" \/>\n<meta property=\"article:published_time\" content=\"2025-09-10T18:19:36+00:00\" \/>\n<meta property=\"og:image\" content=\"https:\/\/puntodincontro.mx\/wp-content\/uploads\/2025\/09\/buonenuovepuntocomp.jpg\" \/>\n\t<meta property=\"og:image:width\" content=\"932\" \/>\n\t<meta property=\"og:image:height\" content=\"488\" \/>\n\t<meta property=\"og:image:type\" content=\"image\/jpeg\" \/>\n<meta name=\"author\" content=\"Puntodincontro\" \/>\n<meta name=\"twitter:card\" content=\"summary_large_image\" \/>\n<meta name=\"twitter:creator\" content=\"@puntodincontro\" \/>\n<meta name=\"twitter:site\" content=\"@puntodincontro\" \/>\n<meta name=\"twitter:label1\" content=\"Escrito por\" \/>\n\t<meta name=\"twitter:data1\" content=\"Puntodincontro\" \/>\n\t<meta name=\"twitter:label2\" content=\"Tiempo de lectura\" \/>\n\t<meta name=\"twitter:data2\" content=\"2 minutos\" \/>\n<script type=\"application\/ld+json\" class=\"yoast-schema-graph\">{\"@context\":\"https:\/\/schema.org\",\"@graph\":[{\"@type\":\"NewsArticle\",\"@id\":\"https:\/\/puntodincontro.mx\/2025\/09\/10\/a-citta-del-messico-la-mostra-buone-nuove-women-changing-architecture\/#article\",\"isPartOf\":{\"@id\":\"https:\/\/puntodincontro.mx\/2025\/09\/10\/a-citta-del-messico-la-mostra-buone-nuove-women-changing-architecture\/\"},\"author\":{\"name\":\"Puntodincontro\",\"@id\":\"https:\/\/puntodincontro.mx\/#\/schema\/person\/d3066d18a16259cbb0c29b0d0e93b556\"},\"headline\":\"A Citt\u00e0 del Messico la mostra &#8216;Buone Nuove. Women changing architecture&#8217;\",\"datePublished\":\"2025-09-10T18:19:36+00:00\",\"mainEntityOfPage\":{\"@id\":\"https:\/\/puntodincontro.mx\/2025\/09\/10\/a-citta-del-messico-la-mostra-buone-nuove-women-changing-architecture\/\"},\"wordCount\":356,\"commentCount\":0,\"publisher\":{\"@id\":\"https:\/\/puntodincontro.mx\/#organization\"},\"image\":{\"@id\":\"https:\/\/puntodincontro.mx\/2025\/09\/10\/a-citta-del-messico-la-mostra-buone-nuove-women-changing-architecture\/#primaryimage\"},\"thumbnailUrl\":\"https:\/\/puntodincontro.mx\/wp-content\/uploads\/2025\/09\/buonenuovepuntovert.webp\",\"articleSection\":[\"Cultura\"],\"inLanguage\":\"es\",\"potentialAction\":[{\"@type\":\"CommentAction\",\"name\":\"Comment\",\"target\":[\"https:\/\/puntodincontro.mx\/2025\/09\/10\/a-citta-del-messico-la-mostra-buone-nuove-women-changing-architecture\/#respond\"]}]},{\"@type\":\"WebPage\",\"@id\":\"https:\/\/puntodincontro.mx\/2025\/09\/10\/a-citta-del-messico-la-mostra-buone-nuove-women-changing-architecture\/\",\"url\":\"https:\/\/puntodincontro.mx\/2025\/09\/10\/a-citta-del-messico-la-mostra-buone-nuove-women-changing-architecture\/\",\"name\":\"In Messico la mostra 'Buone Nuove. Women changing architecture'\",\"isPartOf\":{\"@id\":\"https:\/\/puntodincontro.mx\/#website\"},\"primaryImageOfPage\":{\"@id\":\"https:\/\/puntodincontro.mx\/2025\/09\/10\/a-citta-del-messico-la-mostra-buone-nuove-women-changing-architecture\/#primaryimage\"},\"image\":{\"@id\":\"https:\/\/puntodincontro.mx\/2025\/09\/10\/a-citta-del-messico-la-mostra-buone-nuove-women-changing-architecture\/#primaryimage\"},\"thumbnailUrl\":\"https:\/\/puntodincontro.mx\/wp-content\/uploads\/2025\/09\/buonenuovepuntovert.webp\",\"datePublished\":\"2025-09-10T18:19:36+00:00\",\"description\":\"\u00c8 in corso presso la Facolt\u00e0 di Architettura dell\u2019Unam, a Citt\u00e0 del Messico, la mostra 'Buone Nuove. Women changing architecture'.\",\"breadcrumb\":{\"@id\":\"https:\/\/puntodincontro.mx\/2025\/09\/10\/a-citta-del-messico-la-mostra-buone-nuove-women-changing-architecture\/#breadcrumb\"},\"inLanguage\":\"es\",\"potentialAction\":[{\"@type\":\"ReadAction\",\"target\":[\"https:\/\/puntodincontro.mx\/2025\/09\/10\/a-citta-del-messico-la-mostra-buone-nuove-women-changing-architecture\/\"]}]},{\"@type\":\"ImageObject\",\"inLanguage\":\"es\",\"@id\":\"https:\/\/puntodincontro.mx\/2025\/09\/10\/a-citta-del-messico-la-mostra-buone-nuove-women-changing-architecture\/#primaryimage\",\"url\":\"https:\/\/puntodincontro.mx\/wp-content\/uploads\/2025\/09\/buonenuovepuntovert.webp\",\"contentUrl\":\"https:\/\/puntodincontro.mx\/wp-content\/uploads\/2025\/09\/buonenuovepuntovert.webp\",\"width\":423,\"height\":488,\"caption\":\"A Citt\u00e0 del Messico la mostra 'Buone Nuove. Women changing architecture' \/ foto: esteri.it\"},{\"@type\":\"BreadcrumbList\",\"@id\":\"https:\/\/puntodincontro.mx\/2025\/09\/10\/a-citta-del-messico-la-mostra-buone-nuove-women-changing-architecture\/#breadcrumb\",\"itemListElement\":[{\"@type\":\"ListItem\",\"position\":1,\"name\":\"Home\",\"item\":\"https:\/\/puntodincontro.mx\/\"},{\"@type\":\"ListItem\",\"position\":2,\"name\":\"A Citt\u00e0 del Messico la mostra &#8216;Buone Nuove. Women changing architecture&#8217;\"}]},{\"@type\":\"WebSite\",\"@id\":\"https:\/\/puntodincontro.mx\/#website\",\"url\":\"https:\/\/puntodincontro.mx\/\",\"name\":\"Puntodincontro\",\"description\":\"Dal 2006 notizie sui rapporti Italia-Messico \/ Desde 2006 noticias sobre las relaciones entre Italia y M\u00e9xico\",\"publisher\":{\"@id\":\"https:\/\/puntodincontro.mx\/#organization\"},\"potentialAction\":[{\"@type\":\"SearchAction\",\"target\":{\"@type\":\"EntryPoint\",\"urlTemplate\":\"https:\/\/puntodincontro.mx\/?s={search_term_string}\"},\"query-input\":{\"@type\":\"PropertyValueSpecification\",\"valueRequired\":true,\"valueName\":\"search_term_string\"}}],\"inLanguage\":\"es\"},{\"@type\":\"Organization\",\"@id\":\"https:\/\/puntodincontro.mx\/#organization\",\"name\":\"Puntodincontro\",\"url\":\"https:\/\/puntodincontro.mx\/\",\"logo\":{\"@type\":\"ImageObject\",\"inLanguage\":\"es\",\"@id\":\"https:\/\/puntodincontro.mx\/#\/schema\/logo\/image\/\",\"url\":\"https:\/\/puntodincontro.mx\/wp-content\/uploads\/2021\/08\/Default-image-for-open-graph-settings.jpg\",\"contentUrl\":\"https:\/\/puntodincontro.mx\/wp-content\/uploads\/2021\/08\/Default-image-for-open-graph-settings.jpg\",\"width\":1200,\"height\":630,\"caption\":\"Puntodincontro\"},\"image\":{\"@id\":\"https:\/\/puntodincontro.mx\/#\/schema\/logo\/image\/\"},\"sameAs\":[\"https:\/\/www.facebook.com\/puntodincontro.mx\",\"https:\/\/x.com\/puntodincontro\",\"https:\/\/www.instagram.com\/puntodincontro.mx\/\",\"https:\/\/www.linkedin.com\/company\/puntodincontro\/\",\"https:\/\/www.youtube.com\/c\/puntodincontromessico\",\"https:\/\/www.patreon.com\/puntodincontro\",\"https:\/\/www.threads.net\/@puntodincontro.mx\"]},{\"@type\":\"Person\",\"@id\":\"https:\/\/puntodincontro.mx\/#\/schema\/person\/d3066d18a16259cbb0c29b0d0e93b556\",\"name\":\"Puntodincontro\",\"image\":{\"@type\":\"ImageObject\",\"inLanguage\":\"es\",\"@id\":\"https:\/\/puntodincontro.mx\/#\/schema\/person\/image\/\",\"url\":\"https:\/\/secure.gravatar.com\/avatar\/0e85b4b3b5e9d6bfcec6a4956d8cc63a?s=96&d=mm&r=g\",\"contentUrl\":\"https:\/\/secure.gravatar.com\/avatar\/0e85b4b3b5e9d6bfcec6a4956d8cc63a?s=96&d=mm&r=g\",\"caption\":\"Puntodincontro\"},\"url\":\"https:\/\/puntodincontro.mx\/es\/author\/puntodincontro\/\"}]}<\/script>\n<!-- \/ Yoast SEO Premium plugin. -->","yoast_head_json":{"title":"En M\u00e9xico la exposici\u00f3n 'Buone Nuove. Women changing architecture'","description":"Abri\u00f3 al p\u00fablico en la Facultad de Arquitectura de la UNAM, en la Ciudad de M\u00e9xico, la exposici\u00f3n 'Buone Nuove. Women changing architecture'.","robots":{"index":"index","follow":"follow","max-snippet":"max-snippet:-1","max-image-preview":"max-image-preview:large","max-video-preview":"max-video-preview:-1"},"canonical":"https:\/\/puntodincontro.mx\/es\/2025\/09\/10\/en-la-cdmx-la-exposicion-buone-nuove-women-changing-architecture\/","og_locale":"es_MX","og_type":"article","og_title":"A Citt\u00e0 del Messico la mostra 'Buone Nuove. Women changing architecture'","og_description":"\u00c8 in corso presso la Facolt\u00e0 di Architettura dell\u2019Unam, a Citt\u00e0 del Messico, la mostra 'Buone Nuove. Women changing architecture'.","og_url":"https:\/\/puntodincontro.mx\/es\/2025\/09\/10\/en-la-cdmx-la-exposicion-buone-nuove-women-changing-architecture\/","og_site_name":"Puntodincontro","article_publisher":"https:\/\/www.facebook.com\/puntodincontro.mx","article_published_time":"2025-09-10T18:19:36+00:00","og_image":[{"width":932,"height":488,"url":"https:\/\/puntodincontro.mx\/wp-content\/uploads\/2025\/09\/buonenuovepuntocomp.jpg","type":"image\/jpeg"}],"author":"Puntodincontro","twitter_card":"summary_large_image","twitter_creator":"@puntodincontro","twitter_site":"@puntodincontro","twitter_misc":{"Escrito por":"Puntodincontro","Tiempo de lectura":"2 minutos"},"schema":{"@context":"https:\/\/schema.org","@graph":[{"@type":"NewsArticle","@id":"https:\/\/puntodincontro.mx\/2025\/09\/10\/a-citta-del-messico-la-mostra-buone-nuove-women-changing-architecture\/#article","isPartOf":{"@id":"https:\/\/puntodincontro.mx\/2025\/09\/10\/a-citta-del-messico-la-mostra-buone-nuove-women-changing-architecture\/"},"author":{"name":"Puntodincontro","@id":"https:\/\/puntodincontro.mx\/#\/schema\/person\/d3066d18a16259cbb0c29b0d0e93b556"},"headline":"A Citt\u00e0 del Messico la mostra &#8216;Buone Nuove. Women changing architecture&#8217;","datePublished":"2025-09-10T18:19:36+00:00","mainEntityOfPage":{"@id":"https:\/\/puntodincontro.mx\/2025\/09\/10\/a-citta-del-messico-la-mostra-buone-nuove-women-changing-architecture\/"},"wordCount":356,"commentCount":0,"publisher":{"@id":"https:\/\/puntodincontro.mx\/#organization"},"image":{"@id":"https:\/\/puntodincontro.mx\/2025\/09\/10\/a-citta-del-messico-la-mostra-buone-nuove-women-changing-architecture\/#primaryimage"},"thumbnailUrl":"https:\/\/puntodincontro.mx\/wp-content\/uploads\/2025\/09\/buonenuovepuntovert.webp","articleSection":["Cultura"],"inLanguage":"es","potentialAction":[{"@type":"CommentAction","name":"Comment","target":["https:\/\/puntodincontro.mx\/2025\/09\/10\/a-citta-del-messico-la-mostra-buone-nuove-women-changing-architecture\/#respond"]}]},{"@type":"WebPage","@id":"https:\/\/puntodincontro.mx\/2025\/09\/10\/a-citta-del-messico-la-mostra-buone-nuove-women-changing-architecture\/","url":"https:\/\/puntodincontro.mx\/2025\/09\/10\/a-citta-del-messico-la-mostra-buone-nuove-women-changing-architecture\/","name":"En M\u00e9xico la exposici\u00f3n 'Buone Nuove. Women changing architecture'","isPartOf":{"@id":"https:\/\/puntodincontro.mx\/#website"},"primaryImageOfPage":{"@id":"https:\/\/puntodincontro.mx\/2025\/09\/10\/a-citta-del-messico-la-mostra-buone-nuove-women-changing-architecture\/#primaryimage"},"image":{"@id":"https:\/\/puntodincontro.mx\/2025\/09\/10\/a-citta-del-messico-la-mostra-buone-nuove-women-changing-architecture\/#primaryimage"},"thumbnailUrl":"https:\/\/puntodincontro.mx\/wp-content\/uploads\/2025\/09\/buonenuovepuntovert.webp","datePublished":"2025-09-10T18:19:36+00:00","description":"Abri\u00f3 al p\u00fablico en la Facultad de Arquitectura de la UNAM, en la Ciudad de M\u00e9xico, la exposici\u00f3n 'Buone Nuove. Women changing architecture'.","breadcrumb":{"@id":"https:\/\/puntodincontro.mx\/2025\/09\/10\/a-citta-del-messico-la-mostra-buone-nuove-women-changing-architecture\/#breadcrumb"},"inLanguage":"es","potentialAction":[{"@type":"ReadAction","target":["https:\/\/puntodincontro.mx\/2025\/09\/10\/a-citta-del-messico-la-mostra-buone-nuove-women-changing-architecture\/"]}]},{"@type":"ImageObject","inLanguage":"es","@id":"https:\/\/puntodincontro.mx\/2025\/09\/10\/a-citta-del-messico-la-mostra-buone-nuove-women-changing-architecture\/#primaryimage","url":"https:\/\/puntodincontro.mx\/wp-content\/uploads\/2025\/09\/buonenuovepuntovert.webp","contentUrl":"https:\/\/puntodincontro.mx\/wp-content\/uploads\/2025\/09\/buonenuovepuntovert.webp","width":423,"height":488,"caption":"A Citt\u00e0 del Messico la mostra 'Buone Nuove. Women changing architecture' \/ foto: esteri.it"},{"@type":"BreadcrumbList","@id":"https:\/\/puntodincontro.mx\/2025\/09\/10\/a-citta-del-messico-la-mostra-buone-nuove-women-changing-architecture\/#breadcrumb","itemListElement":[{"@type":"ListItem","position":1,"name":"Home","item":"https:\/\/puntodincontro.mx\/"},{"@type":"ListItem","position":2,"name":"A Citt\u00e0 del Messico la mostra &#8216;Buone Nuove. Women changing architecture&#8217;"}]},{"@type":"WebSite","@id":"https:\/\/puntodincontro.mx\/#website","url":"https:\/\/puntodincontro.mx\/","name":"Puntodincontro","description":"Desde el 2006 noticias sobre las relaciones entre Italia y M\u00e9xico \/ Dal 2006 notizie sui rapporti Italia-Messico","publisher":{"@id":"https:\/\/puntodincontro.mx\/#organization"},"potentialAction":[{"@type":"SearchAction","target":{"@type":"EntryPoint","urlTemplate":"https:\/\/puntodincontro.mx\/?s={search_term_string}"},"query-input":{"@type":"PropertyValueSpecification","valueRequired":true,"valueName":"search_term_string"}}],"inLanguage":"es"},{"@type":"Organization","@id":"https:\/\/puntodincontro.mx\/#organization","name":"Puntodincontro","url":"https:\/\/puntodincontro.mx\/","logo":{"@type":"ImageObject","inLanguage":"es","@id":"https:\/\/puntodincontro.mx\/#\/schema\/logo\/image\/","url":"https:\/\/puntodincontro.mx\/wp-content\/uploads\/2021\/08\/Default-image-for-open-graph-settings.jpg","contentUrl":"https:\/\/puntodincontro.mx\/wp-content\/uploads\/2021\/08\/Default-image-for-open-graph-settings.jpg","width":1200,"height":630,"caption":"Puntodincontro"},"image":{"@id":"https:\/\/puntodincontro.mx\/#\/schema\/logo\/image\/"},"sameAs":["https:\/\/www.facebook.com\/puntodincontro.mx","https:\/\/x.com\/puntodincontro","https:\/\/www.instagram.com\/puntodincontro.mx\/","https:\/\/www.linkedin.com\/company\/puntodincontro\/","https:\/\/www.youtube.com\/c\/puntodincontromessico","https:\/\/www.patreon.com\/puntodincontro","https:\/\/www.threads.net\/@puntodincontro.mx"]},{"@type":"Person","@id":"https:\/\/puntodincontro.mx\/#\/schema\/person\/d3066d18a16259cbb0c29b0d0e93b556","name":"Puntodincontro","image":{"@type":"ImageObject","inLanguage":"es","@id":"https:\/\/puntodincontro.mx\/#\/schema\/person\/image\/","url":"https:\/\/secure.gravatar.com\/avatar\/0e85b4b3b5e9d6bfcec6a4956d8cc63a?s=96&d=mm&r=g","contentUrl":"https:\/\/secure.gravatar.com\/avatar\/0e85b4b3b5e9d6bfcec6a4956d8cc63a?s=96&d=mm&r=g","caption":"Puntodincontro"},"url":"https:\/\/puntodincontro.mx\/es\/author\/puntodincontro\/"}]}},"_links":{"self":[{"href":"https:\/\/puntodincontro.mx\/es\/wp-json\/wp\/v2\/posts\/23583"}],"collection":[{"href":"https:\/\/puntodincontro.mx\/es\/wp-json\/wp\/v2\/posts"}],"about":[{"href":"https:\/\/puntodincontro.mx\/es\/wp-json\/wp\/v2\/types\/post"}],"author":[{"embeddable":true,"href":"https:\/\/puntodincontro.mx\/es\/wp-json\/wp\/v2\/users\/2"}],"replies":[{"embeddable":true,"href":"https:\/\/puntodincontro.mx\/es\/wp-json\/wp\/v2\/comments?post=23583"}],"version-history":[{"count":7,"href":"https:\/\/puntodincontro.mx\/es\/wp-json\/wp\/v2\/posts\/23583\/revisions"}],"predecessor-version":[{"id":23593,"href":"https:\/\/puntodincontro.mx\/es\/wp-json\/wp\/v2\/posts\/23583\/revisions\/23593"}],"wp:featuredmedia":[{"embeddable":true,"href":"https:\/\/puntodincontro.mx\/es\/wp-json\/wp\/v2\/media\/23589"}],"wp:attachment":[{"href":"https:\/\/puntodincontro.mx\/es\/wp-json\/wp\/v2\/media?parent=23583"}],"wp:term":[{"taxonomy":"category","embeddable":true,"href":"https:\/\/puntodincontro.mx\/es\/wp-json\/wp\/v2\/categories?post=23583"},{"taxonomy":"post_tag","embeddable":true,"href":"https:\/\/puntodincontro.mx\/es\/wp-json\/wp\/v2\/tags?post=23583"}],"curies":[{"name":"wp","href":"https:\/\/api.w.org\/{rel}","templated":true}]}}