{"id":23735,"date":"2025-09-30T16:23:27","date_gmt":"2025-09-30T22:23:27","guid":{"rendered":"https:\/\/puntodincontro.mx\/?p=23735"},"modified":"2025-09-30T16:25:39","modified_gmt":"2025-09-30T22:25:39","slug":"las-caras-desconocidas-de-mexico-en-la-feria-ttg-travel-de-rimini","status":"publish","type":"post","link":"https:\/\/puntodincontro.mx\/es\/2025\/09\/30\/i-volti-sconosciuti-del-messico-alla-ttg-travel-di-rimini\/","title":{"rendered":"Las caras desconocidas de M\u00e9xico en la feria TTG Travel de R\u00edmini"},"content":{"rendered":"<p class=\"translation-block\"><b>16:02 hrs.<\/b> - El plan de acci\u00f3n para promover el turismo hacia M\u00e9xico en Italia, dise\u00f1ado por la C\u00e1mara de Comercio del pa\u00eds latinoamericano (CaMexItal), en colaboraci\u00f3n con la Embajada en Roma y el Consulado General en Mil\u00e1n, culminar\u00e1 en la <em>TTG Travel Experience<\/em> de R\u00edmini, el evento l\u00edder en el <em>Bel Paese<\/em> para la promoci\u00f3n del turismo global, que se celebrar\u00e1 del 8 al 10 de octubre.<\/p>\n\n\n\n<p>\u00abEste a\u00f1o, siguiendo la experiencia de ediciones anteriores, quisimos presentarnos en la rese\u00f1a con las muchas caras desconocidas de M\u00e9xico como destino\u00bb, enfatizaron el embajador designado, Genaro Lozano, y la c\u00f3nsul general en Mil\u00e1n, Mar\u00eda de los \u00c1ngeles Arriola.<\/p>\n\n\n\n<p>\u00abCon seminarios de capacitaci\u00f3n en promoci\u00f3n tur\u00edstica dirigidos a operadores tur\u00edsticos italianos\u00bb \u2014explic\u00f3 Massimo Ariello, delegado de turismo de la CaMexItal\u2014 \u00abinvitamos a los agentes a mostrar un M\u00e9xico con espectaculares paisajes marinos \u2014desde Canc\u00fan, Playa del Carmen y el Tulum felliniano, hasta Cabo San Lucas, Cozumel y las playas de Oaxaca como Puerto Escondido y Playa Carrizalillo\u2014, pero tambi\u00e9n un viaje espectacular en el Tren Maya o por las rutas del tequila en Jalisco, durmiendo en hoteles con habitaciones en forma de barril, inmersos en plantaciones de agave y descubriendo una concentraci\u00f3n de costumbres y tradiciones coloniales. Estas y otras caras de M\u00e9xico ser\u00e1n un tema recurrente en el programa de capacitaci\u00f3n para 2026 y 2027\u00bb.<\/p>\n\n\n\n<p>M\u00e9xico se ubica como la decimotercera econom\u00eda m\u00e1s grande del mundo por producto interno bruto, con una s\u00f3lida base industrial, como se\u00f1al\u00f3 Letizia Magaldi, presidente de la CaMexItal.<\/p>\n\n\n\n<p>\u00abNuestras 90 empresas y negocios miembros\u00bb \u2014afirm\u00f3\u2014 \u00abrepresentan una importante red comercial para el turismo y otros sectores. Estos aspectos se destacar\u00e1n en el pr\u00f3ximo foro Italia-M\u00e9xico, el 18 de noviembre, con un premio dedicado a las compa\u00f1\u00edas que representan la excelencia de ambos pa\u00edses\u00bb.<\/p>\n\n\n\n<div style=\"height:12px\" aria-hidden=\"true\" class=\"wp-block-spacer\"><\/div>\n\n\n<!-- Ad space powered by WP AdCenter v2.5.7 - https:\/\/wpadcenter.com\/ --><div class=\"wpadcenter-adgroup\" ><div class=\"wpadcenter-adgroup__row wpadcenter-aligncenter\"><div class=\"wpadcenter-ad-container\" ><div id=\"wpadcenter-ad-18464\" class=\"ad-placement\"><div class=\"wpadcenter-ad-inner\" ><a id=\"wpadcenter_ad\" data-value=\"18464\" data-placement=\"\" href=\"https:\/\/www.productosremo.com\/\" target=\"_blank\" class=\"wpadcenter-ad-inner__item\" ><img decoding=\"async\"   src=\"https:\/\/puntodincontro.mx\/wp-content\/uploads\/2021\/08\/remobanner.jpg\" class=\"attachment-post-thumbnail size-post-thumbnail wp-post-image\" alt=\"\" srcset=\"https:\/\/puntodincontro.mx\/wp-content\/uploads\/2021\/08\/remobanner.jpg 200w, https:\/\/puntodincontro.mx\/wp-content\/uploads\/2021\/08\/remobanner-16x5.jpg 16w\" sizes=\"(max-width: 200px) 100vw, 200px\" \/><\/a><\/div><\/div><\/div><div class=\"wpadcenter-ad-container\" ><div id=\"wpadcenter-ad-5305\" class=\"ad-placement\"><div class=\"wpadcenter-ad-inner\" ><a id=\"wpadcenter_ad\" data-value=\"5305\" data-placement=\"\" href=\"https:\/\/ambcittadelmessico.esteri.it\/ambasciata_cittadelmessico\/it\/\" target=\"_blank\" class=\"wpadcenter-ad-inner__item\" ><img decoding=\"async\"   src=\"https:\/\/puntodincontro.mx\/wp-content\/uploads\/2022\/05\/Ambasciata.jpg\" class=\"attachment-post-thumbnail size-post-thumbnail wp-post-image\" alt=\"\" srcset=\"https:\/\/puntodincontro.mx\/wp-content\/uploads\/2022\/05\/Ambasciata.jpg 200w, https:\/\/puntodincontro.mx\/wp-content\/uploads\/2022\/05\/Ambasciata-18x5.jpg 18w\" sizes=\"(max-width: 200px) 100vw, 200px\" \/><\/a><\/div><\/div><\/div><div class=\"wpadcenter-ad-container\" ><div id=\"wpadcenter-ad-3781\" class=\"ad-placement\"><div class=\"wpadcenter-ad-inner\" ><a id=\"wpadcenter_ad\" data-value=\"3781\" data-placement=\"\" href=\"https:\/\/cannizzo.com.mx\/\" target=\"_blank\" class=\"wpadcenter-ad-inner__item\" ><img decoding=\"async\"   src=\"https:\/\/puntodincontro.mx\/wp-content\/uploads\/2022\/03\/cannizzo2.jpg\" class=\"attachment-post-thumbnail size-post-thumbnail wp-post-image\" alt=\"\" srcset=\"https:\/\/puntodincontro.mx\/wp-content\/uploads\/2022\/03\/cannizzo2.jpg 200w, https:\/\/puntodincontro.mx\/wp-content\/uploads\/2022\/03\/cannizzo2-18x5.jpg 18w\" sizes=\"(max-width: 200px) 100vw, 200px\" \/><\/a><\/div><\/div><\/div><\/div><div class=\"wpadcenter-adgroup__row wpadcenter-aligncenter\"><div class=\"wpadcenter-ad-container\" ><div id=\"wpadcenter-ad-1704\" class=\"ad-placement\"><div class=\"wpadcenter-ad-inner\" ><a id=\"wpadcenter_ad\" data-value=\"1704\" data-placement=\"\" href=\"https:\/\/puntodincontro.mx\/es\/2021\/12\/24\/inps-verificacion-de-supervivencia-de-los-pensionados-en-el-extranjero\/\" target=\"_blank\" class=\"wpadcenter-ad-inner__item\" ><img decoding=\"async\"   src=\"https:\/\/puntodincontro.mx\/wp-content\/uploads\/2021\/11\/logo-ital.jpg\" class=\"attachment-post-thumbnail size-post-thumbnail wp-post-image\" alt=\"Patronato ITAL Messico\" srcset=\"https:\/\/puntodincontro.mx\/wp-content\/uploads\/2021\/11\/logo-ital.jpg 200w, https:\/\/puntodincontro.mx\/wp-content\/uploads\/2021\/11\/logo-ital-16x5.jpg 16w\" sizes=\"(max-width: 200px) 100vw, 200px\" \/><\/a><\/div><\/div><\/div><div class=\"wpadcenter-ad-container\" ><div id=\"wpadcenter-ad-1538\" class=\"ad-placement\"><div class=\"wpadcenter-ad-inner\" ><a id=\"wpadcenter_ad\" data-value=\"1538\" data-placement=\"\" href=\"https:\/\/asociacionitaliana.org\/\" target=\"_blank\" class=\"wpadcenter-ad-inner__item\" ><img decoding=\"async\"   src=\"https:\/\/puntodincontro.mx\/wp-content\/uploads\/2021\/11\/aialogo.jpg\" class=\"attachment-post-thumbnail size-post-thumbnail wp-post-image\" alt=\"Associazione Italiana di Assistenza IAP\" srcset=\"https:\/\/puntodincontro.mx\/wp-content\/uploads\/2021\/11\/aialogo.jpg 200w, https:\/\/puntodincontro.mx\/wp-content\/uploads\/2021\/11\/aialogo-18x5.jpg 18w\" sizes=\"(max-width: 200px) 100vw, 200px\" \/><\/a><\/div><\/div><\/div><div class=\"wpadcenter-ad-container\" ><div id=\"wpadcenter-ad-1513\" class=\"ad-placement\"><div class=\"wpadcenter-ad-inner\" ><a id=\"wpadcenter_ad\" data-value=\"1513\" data-placement=\"\" href=\"https:\/\/gcinmuebles.mx\" target=\"_blank\" class=\"wpadcenter-ad-inner__item\" ><img decoding=\"async\"   src=\"https:\/\/puntodincontro.mx\/wp-content\/uploads\/2021\/10\/gcinmuebleslogopunto-1.jpg\" class=\"attachment-post-thumbnail size-post-thumbnail wp-post-image\" alt=\"\" srcset=\"https:\/\/puntodincontro.mx\/wp-content\/uploads\/2021\/10\/gcinmuebleslogopunto-1.jpg 200w, https:\/\/puntodincontro.mx\/wp-content\/uploads\/2021\/10\/gcinmuebleslogopunto-1-18x5.jpg 18w\" sizes=\"(max-width: 200px) 100vw, 200px\" \/><\/a><\/div><\/div><\/div><\/div><div class=\"wpadcenter-adgroup__row wpadcenter-aligncenter\"><div class=\"wpadcenter-ad-container\" ><div id=\"wpadcenter-ad-1374\" class=\"ad-placement\"><div class=\"wpadcenter-ad-inner\" ><a id=\"wpadcenter_ad\" data-value=\"1374\" data-placement=\"\" href=\"https:\/\/www.9colonne.it\/\" target=\"_blank\" class=\"wpadcenter-ad-inner__item\" ><img decoding=\"async\"   src=\"https:\/\/puntodincontro.mx\/wp-content\/uploads\/2021\/10\/Banner9colonne.gif\" class=\"attachment-post-thumbnail size-post-thumbnail wp-post-image\" alt=\"\" \/><\/a><\/div><\/div><\/div><div class=\"wpadcenter-ad-container\" ><div id=\"wpadcenter-ad-276\" class=\"ad-placement\"><div class=\"wpadcenter-ad-inner\" ><a id=\"wpadcenter_ad\" data-value=\"276\" data-placement=\"\" href=\"http:\/\/www.camaraitaliana.mx\/\" target=\"_blank\" class=\"wpadcenter-ad-inner__item\" ><img decoding=\"async\"   src=\"https:\/\/puntodincontro.mx\/wp-content\/uploads\/2021\/08\/ccimnuovo.jpg\" class=\"attachment-post-thumbnail size-post-thumbnail wp-post-image\" alt=\"\" srcset=\"https:\/\/puntodincontro.mx\/wp-content\/uploads\/2021\/08\/ccimnuovo.jpg 200w, https:\/\/puntodincontro.mx\/wp-content\/uploads\/2021\/08\/ccimnuovo-18x5.jpg 18w\" sizes=\"(max-width: 200px) 100vw, 200px\" \/><\/a><\/div><\/div><\/div><div class=\"wpadcenter-ad-container\" ><div id=\"wpadcenter-ad-272\" class=\"ad-placement\"><div class=\"wpadcenter-ad-inner\" ><a id=\"wpadcenter_ad\" data-value=\"272\" data-placement=\"\" href=\"http:\/\/corix.us\/\" target=\"_blank\" class=\"wpadcenter-ad-inner__item\" ><img decoding=\"async\"   src=\"https:\/\/puntodincontro.mx\/wp-content\/uploads\/2021\/08\/corixbanner-1.jpg\" class=\"attachment-post-thumbnail size-post-thumbnail wp-post-image\" alt=\"\" srcset=\"https:\/\/puntodincontro.mx\/wp-content\/uploads\/2021\/08\/corixbanner-1.jpg 200w, https:\/\/puntodincontro.mx\/wp-content\/uploads\/2021\/08\/corixbanner-1-16x5.jpg 16w\" sizes=\"(max-width: 200px) 100vw, 200px\" \/><\/a><\/div><\/div><\/div><\/div><div class=\"wpadcenter-adgroup__row wpadcenter-aligncenter\"><div class=\"wpadcenter-ad-container\" ><div id=\"wpadcenter-ad-266\" class=\"ad-placement\"><div class=\"wpadcenter-ad-inner\" ><a id=\"wpadcenter_ad\" data-value=\"266\" data-placement=\"\" href=\"https:\/\/www.prinsel.com.mx\/\" target=\"_blank\" class=\"wpadcenter-ad-inner__item\" ><img decoding=\"async\"   src=\"https:\/\/puntodincontro.mx\/wp-content\/uploads\/2021\/08\/prinselbanner-1.jpg\" class=\"attachment-post-thumbnail size-post-thumbnail wp-post-image\" alt=\"\" srcset=\"https:\/\/puntodincontro.mx\/wp-content\/uploads\/2021\/08\/prinselbanner-1.jpg 200w, https:\/\/puntodincontro.mx\/wp-content\/uploads\/2021\/08\/prinselbanner-1-16x5.jpg 16w\" sizes=\"(max-width: 200px) 100vw, 200px\" \/><\/a><\/div><\/div><\/div><div class=\"wpadcenter-ad-container\" ><div id=\"wpadcenter-ad-261\" class=\"ad-placement\"><div class=\"wpadcenter-ad-inner\" ><a id=\"wpadcenter_ad\" data-value=\"261\" data-placement=\"\" href=\"https:\/\/faitalia.com.mx\/\" target=\"_blank\" class=\"wpadcenter-ad-inner__item\" ><img decoding=\"async\"   src=\"https:\/\/puntodincontro.mx\/wp-content\/uploads\/2021\/08\/gruppodino.jpg\" class=\"attachment-post-thumbnail size-post-thumbnail wp-post-image\" alt=\"\" srcset=\"https:\/\/puntodincontro.mx\/wp-content\/uploads\/2021\/08\/gruppodino.jpg 200w, https:\/\/puntodincontro.mx\/wp-content\/uploads\/2021\/08\/gruppodino-18x5.jpg 18w\" sizes=\"(max-width: 200px) 100vw, 200px\" \/><\/a><\/div><\/div><\/div><\/div><\/div>\n\n\n<div style=\"height:12px\" aria-hidden=\"true\" class=\"wp-block-spacer\"><\/div>","protected":false},"excerpt":{"rendered":"<p>Ore 16:02 &#8211; Il piano d&#8217;azione della promozione turistica del Messico in Italia, disegnato dalla Camera di commercio del Paese latinoamericano (CaMexItal) in collaborazione con l&#8217;ambasciata a Roma e il consolato generale a Milano, vedr\u00e0 il suo punto centrale in occasione della TTG Travel Experience di Rimini \u2014la manifestazione di riferimento nel Bel Paese per la promozione del turismo mondiale\u2014 che si terr\u00e0 dall\u20198 al 10 ottobre prossimo. \u00abQuest\u2019anno, dopo le esperienze delle scorse edizioni, abbiamo voluto presentarci alla rassegna anche con i tanti volti sconosciuti della destinazione Messico\u00bb, hanno sottolineato l\u2019ambasciatore designato, Genaro Lozano, e la console generale a&#8230; <\/p>","protected":false},"author":2,"featured_media":23738,"comment_status":"open","ping_status":"open","sticky":false,"template":"","format":"standard","meta":{"_monsterinsights_skip_tracking":false,"_monsterinsights_sitenote_active":false,"_monsterinsights_sitenote_note":"","_monsterinsights_sitenote_category":0,"footnotes":""},"categories":[8],"tags":[],"class_list":["post-23735","post","type-post","status-publish","format-standard","has-post-thumbnail","hentry","category-viaggi"],"yoast_head":"<!-- This site is optimized with the Yoast SEO Premium plugin v18.4 (Yoast SEO v25.6) - https:\/\/yoast.com\/wordpress\/plugins\/seo\/ -->\n<title>I volti sconosciuti del Messico alla TTG Travel di Rimini<\/title>\n<meta name=\"description\" content=\"Il piano della CaMexItal per la promozione turistica del Messico in Italia toccher\u00e0 il vertice alla TTG Travel Experience di Rimini.\" \/>\n<meta name=\"robots\" content=\"index, follow, max-snippet:-1, max-image-preview:large, max-video-preview:-1\" \/>\n<link rel=\"canonical\" href=\"https:\/\/puntodincontro.mx\/es\/2025\/09\/30\/las-caras-desconocidas-de-mexico-en-la-feria-ttg-travel-de-rimini\/\" \/>\n<meta property=\"og:locale\" content=\"es_MX\" \/>\n<meta property=\"og:type\" content=\"article\" \/>\n<meta property=\"og:title\" content=\"I volti sconosciuti del Messico alla TTG Travel di Rimini\" \/>\n<meta property=\"og:description\" content=\"Il piano della CaMexItal per la promozione turistica del Messico in Italia toccher\u00e0 il vertice alla TTG Travel Experience di Rimini.\" \/>\n<meta property=\"og:url\" content=\"https:\/\/puntodincontro.mx\/es\/2025\/09\/30\/las-caras-desconocidas-de-mexico-en-la-feria-ttg-travel-de-rimini\/\" \/>\n<meta property=\"og:site_name\" content=\"Puntodincontro\" \/>\n<meta property=\"article:publisher\" content=\"https:\/\/www.facebook.com\/puntodincontro.mx\" \/>\n<meta property=\"article:published_time\" content=\"2025-09-30T22:23:27+00:00\" \/>\n<meta property=\"article:modified_time\" content=\"2025-09-30T22:25:39+00:00\" \/>\n<meta property=\"og:image\" content=\"https:\/\/puntodincontro.mx\/wp-content\/uploads\/2025\/09\/turismomessicopuntocomp.jpg\" \/>\n\t<meta property=\"og:image:width\" content=\"932\" \/>\n\t<meta property=\"og:image:height\" content=\"583\" \/>\n\t<meta property=\"og:image:type\" content=\"image\/jpeg\" \/>\n<meta name=\"author\" content=\"Puntodincontro\" \/>\n<meta name=\"twitter:card\" content=\"summary_large_image\" \/>\n<meta name=\"twitter:creator\" content=\"@puntodincontro\" \/>\n<meta name=\"twitter:site\" content=\"@puntodincontro\" \/>\n<meta name=\"twitter:label1\" content=\"Escrito por\" \/>\n\t<meta name=\"twitter:data1\" content=\"Puntodincontro\" \/>\n\t<meta name=\"twitter:label2\" content=\"Tiempo de lectura\" \/>\n\t<meta name=\"twitter:data2\" content=\"1 minuto\" \/>\n<script type=\"application\/ld+json\" class=\"yoast-schema-graph\">{\"@context\":\"https:\/\/schema.org\",\"@graph\":[{\"@type\":\"NewsArticle\",\"@id\":\"https:\/\/puntodincontro.mx\/2025\/09\/30\/i-volti-sconosciuti-del-messico-alla-ttg-travel-di-rimini\/#article\",\"isPartOf\":{\"@id\":\"https:\/\/puntodincontro.mx\/2025\/09\/30\/i-volti-sconosciuti-del-messico-alla-ttg-travel-di-rimini\/\"},\"author\":{\"name\":\"Puntodincontro\",\"@id\":\"https:\/\/puntodincontro.mx\/#\/schema\/person\/d3066d18a16259cbb0c29b0d0e93b556\"},\"headline\":\"I volti sconosciuti del Messico alla TTG Travel di Rimini\",\"datePublished\":\"2025-09-30T22:23:27+00:00\",\"dateModified\":\"2025-09-30T22:25:39+00:00\",\"mainEntityOfPage\":{\"@id\":\"https:\/\/puntodincontro.mx\/2025\/09\/30\/i-volti-sconosciuti-del-messico-alla-ttg-travel-di-rimini\/\"},\"wordCount\":308,\"commentCount\":0,\"publisher\":{\"@id\":\"https:\/\/puntodincontro.mx\/#organization\"},\"image\":{\"@id\":\"https:\/\/puntodincontro.mx\/2025\/09\/30\/i-volti-sconosciuti-del-messico-alla-ttg-travel-di-rimini\/#primaryimage\"},\"thumbnailUrl\":\"https:\/\/puntodincontro.mx\/wp-content\/uploads\/2025\/09\/turismomessicopuntovert.webp\",\"articleSection\":[\"Viaggi\"],\"inLanguage\":\"es\",\"potentialAction\":[{\"@type\":\"CommentAction\",\"name\":\"Comment\",\"target\":[\"https:\/\/puntodincontro.mx\/2025\/09\/30\/i-volti-sconosciuti-del-messico-alla-ttg-travel-di-rimini\/#respond\"]}]},{\"@type\":\"WebPage\",\"@id\":\"https:\/\/puntodincontro.mx\/2025\/09\/30\/i-volti-sconosciuti-del-messico-alla-ttg-travel-di-rimini\/\",\"url\":\"https:\/\/puntodincontro.mx\/2025\/09\/30\/i-volti-sconosciuti-del-messico-alla-ttg-travel-di-rimini\/\",\"name\":\"I volti sconosciuti del Messico alla TTG Travel di Rimini\",\"isPartOf\":{\"@id\":\"https:\/\/puntodincontro.mx\/#website\"},\"primaryImageOfPage\":{\"@id\":\"https:\/\/puntodincontro.mx\/2025\/09\/30\/i-volti-sconosciuti-del-messico-alla-ttg-travel-di-rimini\/#primaryimage\"},\"image\":{\"@id\":\"https:\/\/puntodincontro.mx\/2025\/09\/30\/i-volti-sconosciuti-del-messico-alla-ttg-travel-di-rimini\/#primaryimage\"},\"thumbnailUrl\":\"https:\/\/puntodincontro.mx\/wp-content\/uploads\/2025\/09\/turismomessicopuntovert.webp\",\"datePublished\":\"2025-09-30T22:23:27+00:00\",\"dateModified\":\"2025-09-30T22:25:39+00:00\",\"description\":\"Il piano della CaMexItal per la promozione turistica del Messico in Italia toccher\u00e0 il vertice alla TTG Travel Experience di Rimini.\",\"breadcrumb\":{\"@id\":\"https:\/\/puntodincontro.mx\/2025\/09\/30\/i-volti-sconosciuti-del-messico-alla-ttg-travel-di-rimini\/#breadcrumb\"},\"inLanguage\":\"es\",\"potentialAction\":[{\"@type\":\"ReadAction\",\"target\":[\"https:\/\/puntodincontro.mx\/2025\/09\/30\/i-volti-sconosciuti-del-messico-alla-ttg-travel-di-rimini\/\"]}]},{\"@type\":\"ImageObject\",\"inLanguage\":\"es\",\"@id\":\"https:\/\/puntodincontro.mx\/2025\/09\/30\/i-volti-sconosciuti-del-messico-alla-ttg-travel-di-rimini\/#primaryimage\",\"url\":\"https:\/\/puntodincontro.mx\/wp-content\/uploads\/2025\/09\/turismomessicopuntovert.webp\",\"contentUrl\":\"https:\/\/puntodincontro.mx\/wp-content\/uploads\/2025\/09\/turismomessicopuntovert.webp\",\"width\":423,\"height\":488,\"caption\":\"I volti sconosciuti del Messico alla TTG Travel di Rimini \/ Foto: primapress.it\"},{\"@type\":\"BreadcrumbList\",\"@id\":\"https:\/\/puntodincontro.mx\/2025\/09\/30\/i-volti-sconosciuti-del-messico-alla-ttg-travel-di-rimini\/#breadcrumb\",\"itemListElement\":[{\"@type\":\"ListItem\",\"position\":1,\"name\":\"Home\",\"item\":\"https:\/\/puntodincontro.mx\/\"},{\"@type\":\"ListItem\",\"position\":2,\"name\":\"I volti sconosciuti del Messico alla TTG Travel di Rimini\"}]},{\"@type\":\"WebSite\",\"@id\":\"https:\/\/puntodincontro.mx\/#website\",\"url\":\"https:\/\/puntodincontro.mx\/\",\"name\":\"Puntodincontro\",\"description\":\"Dal 2006 notizie sui rapporti Italia-Messico \/ Desde 2006 noticias sobre las relaciones entre Italia y M\u00e9xico\",\"publisher\":{\"@id\":\"https:\/\/puntodincontro.mx\/#organization\"},\"potentialAction\":[{\"@type\":\"SearchAction\",\"target\":{\"@type\":\"EntryPoint\",\"urlTemplate\":\"https:\/\/puntodincontro.mx\/?s={search_term_string}\"},\"query-input\":{\"@type\":\"PropertyValueSpecification\",\"valueRequired\":true,\"valueName\":\"search_term_string\"}}],\"inLanguage\":\"es\"},{\"@type\":\"Organization\",\"@id\":\"https:\/\/puntodincontro.mx\/#organization\",\"name\":\"Puntodincontro\",\"url\":\"https:\/\/puntodincontro.mx\/\",\"logo\":{\"@type\":\"ImageObject\",\"inLanguage\":\"es\",\"@id\":\"https:\/\/puntodincontro.mx\/#\/schema\/logo\/image\/\",\"url\":\"https:\/\/puntodincontro.mx\/wp-content\/uploads\/2021\/08\/Default-image-for-open-graph-settings.jpg\",\"contentUrl\":\"https:\/\/puntodincontro.mx\/wp-content\/uploads\/2021\/08\/Default-image-for-open-graph-settings.jpg\",\"width\":1200,\"height\":630,\"caption\":\"Puntodincontro\"},\"image\":{\"@id\":\"https:\/\/puntodincontro.mx\/#\/schema\/logo\/image\/\"},\"sameAs\":[\"https:\/\/www.facebook.com\/puntodincontro.mx\",\"https:\/\/x.com\/puntodincontro\",\"https:\/\/www.instagram.com\/puntodincontro.mx\/\",\"https:\/\/www.linkedin.com\/company\/puntodincontro\/\",\"https:\/\/www.youtube.com\/c\/puntodincontromessico\",\"https:\/\/www.patreon.com\/puntodincontro\",\"https:\/\/www.threads.net\/@puntodincontro.mx\"]},{\"@type\":\"Person\",\"@id\":\"https:\/\/puntodincontro.mx\/#\/schema\/person\/d3066d18a16259cbb0c29b0d0e93b556\",\"name\":\"Puntodincontro\",\"image\":{\"@type\":\"ImageObject\",\"inLanguage\":\"es\",\"@id\":\"https:\/\/puntodincontro.mx\/#\/schema\/person\/image\/\",\"url\":\"https:\/\/secure.gravatar.com\/avatar\/0e85b4b3b5e9d6bfcec6a4956d8cc63a?s=96&d=mm&r=g\",\"contentUrl\":\"https:\/\/secure.gravatar.com\/avatar\/0e85b4b3b5e9d6bfcec6a4956d8cc63a?s=96&d=mm&r=g\",\"caption\":\"Puntodincontro\"},\"url\":\"https:\/\/puntodincontro.mx\/es\/author\/puntodincontro\/\"}]}<\/script>\n<!-- \/ Yoast SEO Premium plugin. -->","yoast_head_json":{"title":"Las caras desconocidas de M\u00e9xico en la feria TTG Travel de R\u00edmini","description":"El plan de la CaMexItal para promover tur\u00edsticamente a M\u00e9xco en Italia alcanzar\u00e1 su punto m\u00e1ximo en la TTG Travel Experience de R\u00edmini.","robots":{"index":"index","follow":"follow","max-snippet":"max-snippet:-1","max-image-preview":"max-image-preview:large","max-video-preview":"max-video-preview:-1"},"canonical":"https:\/\/puntodincontro.mx\/es\/2025\/09\/30\/las-caras-desconocidas-de-mexico-en-la-feria-ttg-travel-de-rimini\/","og_locale":"es_MX","og_type":"article","og_title":"I volti sconosciuti del Messico alla TTG Travel di Rimini","og_description":"Il piano della CaMexItal per la promozione turistica del Messico in Italia toccher\u00e0 il vertice alla TTG Travel Experience di Rimini.","og_url":"https:\/\/puntodincontro.mx\/es\/2025\/09\/30\/las-caras-desconocidas-de-mexico-en-la-feria-ttg-travel-de-rimini\/","og_site_name":"Puntodincontro","article_publisher":"https:\/\/www.facebook.com\/puntodincontro.mx","article_published_time":"2025-09-30T22:23:27+00:00","article_modified_time":"2025-09-30T22:25:39+00:00","og_image":[{"width":932,"height":583,"url":"https:\/\/puntodincontro.mx\/wp-content\/uploads\/2025\/09\/turismomessicopuntocomp.jpg","type":"image\/jpeg"}],"author":"Puntodincontro","twitter_card":"summary_large_image","twitter_creator":"@puntodincontro","twitter_site":"@puntodincontro","twitter_misc":{"Escrito por":"Puntodincontro","Tiempo de lectura":"1 minuto"},"schema":{"@context":"https:\/\/schema.org","@graph":[{"@type":"NewsArticle","@id":"https:\/\/puntodincontro.mx\/2025\/09\/30\/i-volti-sconosciuti-del-messico-alla-ttg-travel-di-rimini\/#article","isPartOf":{"@id":"https:\/\/puntodincontro.mx\/2025\/09\/30\/i-volti-sconosciuti-del-messico-alla-ttg-travel-di-rimini\/"},"author":{"name":"Puntodincontro","@id":"https:\/\/puntodincontro.mx\/#\/schema\/person\/d3066d18a16259cbb0c29b0d0e93b556"},"headline":"I volti sconosciuti del Messico alla TTG Travel di Rimini","datePublished":"2025-09-30T22:23:27+00:00","dateModified":"2025-09-30T22:25:39+00:00","mainEntityOfPage":{"@id":"https:\/\/puntodincontro.mx\/2025\/09\/30\/i-volti-sconosciuti-del-messico-alla-ttg-travel-di-rimini\/"},"wordCount":308,"commentCount":0,"publisher":{"@id":"https:\/\/puntodincontro.mx\/#organization"},"image":{"@id":"https:\/\/puntodincontro.mx\/2025\/09\/30\/i-volti-sconosciuti-del-messico-alla-ttg-travel-di-rimini\/#primaryimage"},"thumbnailUrl":"https:\/\/puntodincontro.mx\/wp-content\/uploads\/2025\/09\/turismomessicopuntovert.webp","articleSection":["Viaggi"],"inLanguage":"es","potentialAction":[{"@type":"CommentAction","name":"Comment","target":["https:\/\/puntodincontro.mx\/2025\/09\/30\/i-volti-sconosciuti-del-messico-alla-ttg-travel-di-rimini\/#respond"]}]},{"@type":"WebPage","@id":"https:\/\/puntodincontro.mx\/2025\/09\/30\/i-volti-sconosciuti-del-messico-alla-ttg-travel-di-rimini\/","url":"https:\/\/puntodincontro.mx\/2025\/09\/30\/i-volti-sconosciuti-del-messico-alla-ttg-travel-di-rimini\/","name":"Las caras desconocidas de M\u00e9xico en la feria TTG Travel de R\u00edmini","isPartOf":{"@id":"https:\/\/puntodincontro.mx\/#website"},"primaryImageOfPage":{"@id":"https:\/\/puntodincontro.mx\/2025\/09\/30\/i-volti-sconosciuti-del-messico-alla-ttg-travel-di-rimini\/#primaryimage"},"image":{"@id":"https:\/\/puntodincontro.mx\/2025\/09\/30\/i-volti-sconosciuti-del-messico-alla-ttg-travel-di-rimini\/#primaryimage"},"thumbnailUrl":"https:\/\/puntodincontro.mx\/wp-content\/uploads\/2025\/09\/turismomessicopuntovert.webp","datePublished":"2025-09-30T22:23:27+00:00","dateModified":"2025-09-30T22:25:39+00:00","description":"El plan de la CaMexItal para promover tur\u00edsticamente a M\u00e9xco en Italia alcanzar\u00e1 su punto m\u00e1ximo en la TTG Travel Experience de R\u00edmini.","breadcrumb":{"@id":"https:\/\/puntodincontro.mx\/2025\/09\/30\/i-volti-sconosciuti-del-messico-alla-ttg-travel-di-rimini\/#breadcrumb"},"inLanguage":"es","potentialAction":[{"@type":"ReadAction","target":["https:\/\/puntodincontro.mx\/2025\/09\/30\/i-volti-sconosciuti-del-messico-alla-ttg-travel-di-rimini\/"]}]},{"@type":"ImageObject","inLanguage":"es","@id":"https:\/\/puntodincontro.mx\/2025\/09\/30\/i-volti-sconosciuti-del-messico-alla-ttg-travel-di-rimini\/#primaryimage","url":"https:\/\/puntodincontro.mx\/wp-content\/uploads\/2025\/09\/turismomessicopuntovert.webp","contentUrl":"https:\/\/puntodincontro.mx\/wp-content\/uploads\/2025\/09\/turismomessicopuntovert.webp","width":423,"height":488,"caption":"I volti sconosciuti del Messico alla TTG Travel di Rimini \/ Foto: primapress.it"},{"@type":"BreadcrumbList","@id":"https:\/\/puntodincontro.mx\/2025\/09\/30\/i-volti-sconosciuti-del-messico-alla-ttg-travel-di-rimini\/#breadcrumb","itemListElement":[{"@type":"ListItem","position":1,"name":"Home","item":"https:\/\/puntodincontro.mx\/"},{"@type":"ListItem","position":2,"name":"I volti sconosciuti del Messico alla TTG Travel di Rimini"}]},{"@type":"WebSite","@id":"https:\/\/puntodincontro.mx\/#website","url":"https:\/\/puntodincontro.mx\/","name":"Puntodincontro","description":"Desde el 2006 noticias sobre las relaciones entre Italia y M\u00e9xico \/ Dal 2006 notizie sui rapporti Italia-Messico","publisher":{"@id":"https:\/\/puntodincontro.mx\/#organization"},"potentialAction":[{"@type":"SearchAction","target":{"@type":"EntryPoint","urlTemplate":"https:\/\/puntodincontro.mx\/?s={search_term_string}"},"query-input":{"@type":"PropertyValueSpecification","valueRequired":true,"valueName":"search_term_string"}}],"inLanguage":"es"},{"@type":"Organization","@id":"https:\/\/puntodincontro.mx\/#organization","name":"Puntodincontro","url":"https:\/\/puntodincontro.mx\/","logo":{"@type":"ImageObject","inLanguage":"es","@id":"https:\/\/puntodincontro.mx\/#\/schema\/logo\/image\/","url":"https:\/\/puntodincontro.mx\/wp-content\/uploads\/2021\/08\/Default-image-for-open-graph-settings.jpg","contentUrl":"https:\/\/puntodincontro.mx\/wp-content\/uploads\/2021\/08\/Default-image-for-open-graph-settings.jpg","width":1200,"height":630,"caption":"Puntodincontro"},"image":{"@id":"https:\/\/puntodincontro.mx\/#\/schema\/logo\/image\/"},"sameAs":["https:\/\/www.facebook.com\/puntodincontro.mx","https:\/\/x.com\/puntodincontro","https:\/\/www.instagram.com\/puntodincontro.mx\/","https:\/\/www.linkedin.com\/company\/puntodincontro\/","https:\/\/www.youtube.com\/c\/puntodincontromessico","https:\/\/www.patreon.com\/puntodincontro","https:\/\/www.threads.net\/@puntodincontro.mx"]},{"@type":"Person","@id":"https:\/\/puntodincontro.mx\/#\/schema\/person\/d3066d18a16259cbb0c29b0d0e93b556","name":"Puntodincontro","image":{"@type":"ImageObject","inLanguage":"es","@id":"https:\/\/puntodincontro.mx\/#\/schema\/person\/image\/","url":"https:\/\/secure.gravatar.com\/avatar\/0e85b4b3b5e9d6bfcec6a4956d8cc63a?s=96&d=mm&r=g","contentUrl":"https:\/\/secure.gravatar.com\/avatar\/0e85b4b3b5e9d6bfcec6a4956d8cc63a?s=96&d=mm&r=g","caption":"Puntodincontro"},"url":"https:\/\/puntodincontro.mx\/es\/author\/puntodincontro\/"}]}},"_links":{"self":[{"href":"https:\/\/puntodincontro.mx\/es\/wp-json\/wp\/v2\/posts\/23735"}],"collection":[{"href":"https:\/\/puntodincontro.mx\/es\/wp-json\/wp\/v2\/posts"}],"about":[{"href":"https:\/\/puntodincontro.mx\/es\/wp-json\/wp\/v2\/types\/post"}],"author":[{"embeddable":true,"href":"https:\/\/puntodincontro.mx\/es\/wp-json\/wp\/v2\/users\/2"}],"replies":[{"embeddable":true,"href":"https:\/\/puntodincontro.mx\/es\/wp-json\/wp\/v2\/comments?post=23735"}],"version-history":[{"count":2,"href":"https:\/\/puntodincontro.mx\/es\/wp-json\/wp\/v2\/posts\/23735\/revisions"}],"predecessor-version":[{"id":23737,"href":"https:\/\/puntodincontro.mx\/es\/wp-json\/wp\/v2\/posts\/23735\/revisions\/23737"}],"wp:featuredmedia":[{"embeddable":true,"href":"https:\/\/puntodincontro.mx\/es\/wp-json\/wp\/v2\/media\/23738"}],"wp:attachment":[{"href":"https:\/\/puntodincontro.mx\/es\/wp-json\/wp\/v2\/media?parent=23735"}],"wp:term":[{"taxonomy":"category","embeddable":true,"href":"https:\/\/puntodincontro.mx\/es\/wp-json\/wp\/v2\/categories?post=23735"},{"taxonomy":"post_tag","embeddable":true,"href":"https:\/\/puntodincontro.mx\/es\/wp-json\/wp\/v2\/tags?post=23735"}],"curies":[{"name":"wp","href":"https:\/\/api.w.org\/{rel}","templated":true}]}}