{"id":24139,"date":"2025-10-31T11:17:42","date_gmt":"2025-10-31T17:17:42","guid":{"rendered":"https:\/\/puntodincontro.mx\/?p=24139"},"modified":"2025-10-31T11:17:43","modified_gmt":"2025-10-31T17:17:43","slug":"sace-para-italia-mexico-y-brasil-entre-los-mercados-mas-prometedores","status":"publish","type":"post","link":"https:\/\/puntodincontro.mx\/es\/2025\/10\/31\/sace-per-litalia-messico-e-brasile-tra-i-mercati-piu-promettenti\/","title":{"rendered":"SACE: \u00abPara Italia, M\u00e9xico y Brasil entre los mercados m\u00e1s prometedores\u00bb"},"content":{"rendered":"<p class=\"translation-block\"><b>10:59 hrs.<\/b> - (ilsole24ore.com) Si bien los aranceles estadounidenses y su impacto en el comercio mundial fueron el tema central del <em>Made in Italy Summit<\/em> organizado por Il Sole 24 Ore, el Financial Times y Sky TG24, el mensaje m\u00e1s contundente que surgi\u00f3 del evento de tres d\u00edas fue alentador para las empresas italianas.<\/p>\n\n\n\n<p>El contexto internacional, marcado por guerras y nuevas formas de proteccionismo, plantea importantes desaf\u00edos, pero existe un camino para superarlos que reside en dos conceptos clave: la innovaci\u00f3n tecnol\u00f3gica y la diversificaci\u00f3n de mercados.<\/p>\n\n\n\n<p>Precisamente los mercados \u2014nuevos o prometedores\u2014 fueron el tema de la sesi\u00f3n de clausura de ayer, que atrajo a 27 mil asistentes en l\u00ednea durante los tres d\u00edas.<\/p>\n\n\n\n<p>\u00abEn tiempos complejos como los que vivimos, oportunidades como esta cumbre fortalecen las relaciones\u00bb, afirm\u00f3 Andrea Duilio, director general de Sky Italia, al presentar el evento. \u00abEstoy seguro\u00bb \u2014a\u00f1adi\u00f3\u2014 \u00abde que este debate puede generar ideas y colaboraciones capaces de dar un nuevo impulso al Made in Italy\u00bb.<\/p>\n\n\n\n<p>El Made in Italy, como se\u00f1al\u00f3 Federico Silvestri, CEO del Grupo 24 ORE, \u00abno se limita a la moda, el dise\u00f1o y la alimentaci\u00f3n: abarca nuestra gran industria, la manufactura y la innovaci\u00f3n, referentes a nivel mundial\u00bb.<\/p>\n\n\n\n<p>No es casualidad que entre los sectores que mejor se mantienen durante este dif\u00edcil periodo se encuentren el qu\u00edmico y el farmac\u00e9utico, como explic\u00f3 Matteo Zoppas, presidente de la Agencia Italiana de Comercio Exterior (ICE). \u00abLas empresas italianas deben afrontar complejos desaf\u00edos como los aranceles estadounidenses, la devaluaci\u00f3n del d\u00f3lar y una competencia cada vez m\u00e1s estructural por parte de pa\u00edses extranjeros, como China\u00bb \u2014continu\u00f3\u2014 \u00aby a pesar de todo, mantienen su posici\u00f3n en los mercados internacionales y conquistan otros nuevos\u00bb.<\/p>\n\n\n\n<p>Esto se demuestra con los datos del ISTAT sobre el comercio exterior con pa\u00edses no pertenecientes a la Uni\u00f3n Europea, que, como se\u00f1al\u00f3 Regina Corradini D'Arienzo, CEO y Directora General de Simest, registr\u00f3 un crecimiento interanual del 9.9%% en septiembre, a pesar de la entrada en vigor de los aranceles estadounidenses.<\/p>\n\n\n\n<p>\u00abDebemos tener fe en el sistema y trabajar juntos, porque existen grandes oportunidades de crecimiento para las empresas italianas en Europa y m\u00e1s all\u00e1\u00bb, afirm\u00f3. \u00abSin embargo\u00bb \u2014enfatiz\u00f3\u2014 \u00abes necesario ampliar la base de las empresas exportadoras italianas, apoyando especialmente a las pymes, que representan el 96% de nuestro tejido empresarial, con herramientas espec\u00edficas. Simest ha extendido sus servicios para incluir a empresas que no exportan, pero que forman parte de cadenas de suministro con una fuerte presencia internacional, trabajando para crear una cultura empresarial orientada a la internacionalizaci\u00f3n\u00bb.<\/p>\n\n\n\n<p>SACE, la agencia estatal de cr\u00e9dito a la exportaci\u00f3n, tambi\u00e9n se encuentra entre las instituciones comprometidas con el apoyo a Italia en el extranjero: \u00abcon un PIB italiano de 2.3 billones de euros, SACE cuenta con un fondo de garant\u00eda de 270 mil millones de euros con 60,000 empresas clientes\u00bb \u2014se\u00f1al\u00f3 el presidente Guglielmo Picchi\u2014 \u00aby los mercados m\u00e1s prometedores para las empresas son M\u00e9xico, Brasil y el resto de Latinoam\u00e9rica, junto con el Sudeste Asi\u00e1tico, y despu\u00e9s \u00c1frica, donde las exportaciones representan solo el 3.2%. Con el Plan Mattei esperamos afrontar el reto del crecimiento en \u00c1frica\u00bb.<\/p>\n\n\n\n<p class=\"has-small-font-size\">Foto: ilsole24ore.com<\/p>\n\n\n\n<div style=\"height:12px\" aria-hidden=\"true\" class=\"wp-block-spacer\"><\/div>\n\n\n<!-- Ad space powered by WP AdCenter v2.5.7 - https:\/\/wpadcenter.com\/ --><div class=\"wpadcenter-adgroup\" ><div class=\"wpadcenter-adgroup__row wpadcenter-aligncenter\"><div class=\"wpadcenter-ad-container\" ><div id=\"wpadcenter-ad-18464\" class=\"ad-placement\"><div class=\"wpadcenter-ad-inner\" ><a id=\"wpadcenter_ad\" data-value=\"18464\" data-placement=\"\" href=\"https:\/\/www.productosremo.com\/\" target=\"_blank\" class=\"wpadcenter-ad-inner__item\" ><img decoding=\"async\"   src=\"https:\/\/puntodincontro.mx\/wp-content\/uploads\/2021\/08\/remobanner.jpg\" class=\"attachment-post-thumbnail size-post-thumbnail wp-post-image\" alt=\"\" srcset=\"https:\/\/puntodincontro.mx\/wp-content\/uploads\/2021\/08\/remobanner.jpg 200w, https:\/\/puntodincontro.mx\/wp-content\/uploads\/2021\/08\/remobanner-16x5.jpg 16w\" sizes=\"(max-width: 200px) 100vw, 200px\" \/><\/a><\/div><\/div><\/div><div class=\"wpadcenter-ad-container\" ><div id=\"wpadcenter-ad-5305\" class=\"ad-placement\"><div class=\"wpadcenter-ad-inner\" ><a id=\"wpadcenter_ad\" data-value=\"5305\" data-placement=\"\" href=\"https:\/\/ambcittadelmessico.esteri.it\/ambasciata_cittadelmessico\/it\/\" target=\"_blank\" class=\"wpadcenter-ad-inner__item\" ><img decoding=\"async\"   src=\"https:\/\/puntodincontro.mx\/wp-content\/uploads\/2022\/05\/Ambasciata.jpg\" class=\"attachment-post-thumbnail size-post-thumbnail wp-post-image\" alt=\"\" srcset=\"https:\/\/puntodincontro.mx\/wp-content\/uploads\/2022\/05\/Ambasciata.jpg 200w, https:\/\/puntodincontro.mx\/wp-content\/uploads\/2022\/05\/Ambasciata-18x5.jpg 18w\" sizes=\"(max-width: 200px) 100vw, 200px\" \/><\/a><\/div><\/div><\/div><div class=\"wpadcenter-ad-container\" ><div id=\"wpadcenter-ad-3781\" class=\"ad-placement\"><div class=\"wpadcenter-ad-inner\" ><a id=\"wpadcenter_ad\" data-value=\"3781\" data-placement=\"\" href=\"https:\/\/cannizzo.com.mx\/\" target=\"_blank\" class=\"wpadcenter-ad-inner__item\" ><img decoding=\"async\"   src=\"https:\/\/puntodincontro.mx\/wp-content\/uploads\/2022\/03\/cannizzo2.jpg\" class=\"attachment-post-thumbnail size-post-thumbnail wp-post-image\" alt=\"\" srcset=\"https:\/\/puntodincontro.mx\/wp-content\/uploads\/2022\/03\/cannizzo2.jpg 200w, https:\/\/puntodincontro.mx\/wp-content\/uploads\/2022\/03\/cannizzo2-18x5.jpg 18w\" sizes=\"(max-width: 200px) 100vw, 200px\" \/><\/a><\/div><\/div><\/div><\/div><div class=\"wpadcenter-adgroup__row wpadcenter-aligncenter\"><div class=\"wpadcenter-ad-container\" ><div id=\"wpadcenter-ad-1704\" class=\"ad-placement\"><div class=\"wpadcenter-ad-inner\" ><a id=\"wpadcenter_ad\" data-value=\"1704\" data-placement=\"\" href=\"https:\/\/puntodincontro.mx\/es\/2021\/12\/24\/inps-verificacion-de-supervivencia-de-los-pensionados-en-el-extranjero\/\" target=\"_blank\" class=\"wpadcenter-ad-inner__item\" ><img decoding=\"async\"   src=\"https:\/\/puntodincontro.mx\/wp-content\/uploads\/2021\/11\/logo-ital.jpg\" class=\"attachment-post-thumbnail size-post-thumbnail wp-post-image\" alt=\"Patronato ITAL Messico\" srcset=\"https:\/\/puntodincontro.mx\/wp-content\/uploads\/2021\/11\/logo-ital.jpg 200w, https:\/\/puntodincontro.mx\/wp-content\/uploads\/2021\/11\/logo-ital-16x5.jpg 16w\" sizes=\"(max-width: 200px) 100vw, 200px\" \/><\/a><\/div><\/div><\/div><div class=\"wpadcenter-ad-container\" ><div id=\"wpadcenter-ad-1538\" class=\"ad-placement\"><div class=\"wpadcenter-ad-inner\" ><a id=\"wpadcenter_ad\" data-value=\"1538\" data-placement=\"\" href=\"https:\/\/asociacionitaliana.org\/\" target=\"_blank\" class=\"wpadcenter-ad-inner__item\" ><img decoding=\"async\"   src=\"https:\/\/puntodincontro.mx\/wp-content\/uploads\/2021\/11\/aialogo.jpg\" class=\"attachment-post-thumbnail size-post-thumbnail wp-post-image\" alt=\"Associazione Italiana di Assistenza IAP\" srcset=\"https:\/\/puntodincontro.mx\/wp-content\/uploads\/2021\/11\/aialogo.jpg 200w, https:\/\/puntodincontro.mx\/wp-content\/uploads\/2021\/11\/aialogo-18x5.jpg 18w\" sizes=\"(max-width: 200px) 100vw, 200px\" \/><\/a><\/div><\/div><\/div><div class=\"wpadcenter-ad-container\" ><div id=\"wpadcenter-ad-1513\" class=\"ad-placement\"><div class=\"wpadcenter-ad-inner\" ><a id=\"wpadcenter_ad\" data-value=\"1513\" data-placement=\"\" href=\"https:\/\/gcinmuebles.mx\" target=\"_blank\" class=\"wpadcenter-ad-inner__item\" ><img decoding=\"async\"   src=\"https:\/\/puntodincontro.mx\/wp-content\/uploads\/2021\/10\/gcinmuebleslogopunto-1.jpg\" class=\"attachment-post-thumbnail size-post-thumbnail wp-post-image\" alt=\"\" srcset=\"https:\/\/puntodincontro.mx\/wp-content\/uploads\/2021\/10\/gcinmuebleslogopunto-1.jpg 200w, https:\/\/puntodincontro.mx\/wp-content\/uploads\/2021\/10\/gcinmuebleslogopunto-1-18x5.jpg 18w\" sizes=\"(max-width: 200px) 100vw, 200px\" \/><\/a><\/div><\/div><\/div><\/div><div class=\"wpadcenter-adgroup__row wpadcenter-aligncenter\"><div class=\"wpadcenter-ad-container\" ><div id=\"wpadcenter-ad-1374\" class=\"ad-placement\"><div class=\"wpadcenter-ad-inner\" ><a id=\"wpadcenter_ad\" data-value=\"1374\" data-placement=\"\" href=\"https:\/\/www.9colonne.it\/\" target=\"_blank\" class=\"wpadcenter-ad-inner__item\" ><img decoding=\"async\"   src=\"https:\/\/puntodincontro.mx\/wp-content\/uploads\/2021\/10\/Banner9colonne.gif\" class=\"attachment-post-thumbnail size-post-thumbnail wp-post-image\" alt=\"\" \/><\/a><\/div><\/div><\/div><div class=\"wpadcenter-ad-container\" ><div id=\"wpadcenter-ad-276\" class=\"ad-placement\"><div class=\"wpadcenter-ad-inner\" ><a id=\"wpadcenter_ad\" data-value=\"276\" data-placement=\"\" href=\"http:\/\/www.camaraitaliana.mx\/\" target=\"_blank\" class=\"wpadcenter-ad-inner__item\" ><img decoding=\"async\"   src=\"https:\/\/puntodincontro.mx\/wp-content\/uploads\/2021\/08\/ccimnuovo.jpg\" class=\"attachment-post-thumbnail size-post-thumbnail wp-post-image\" alt=\"\" srcset=\"https:\/\/puntodincontro.mx\/wp-content\/uploads\/2021\/08\/ccimnuovo.jpg 200w, https:\/\/puntodincontro.mx\/wp-content\/uploads\/2021\/08\/ccimnuovo-18x5.jpg 18w\" sizes=\"(max-width: 200px) 100vw, 200px\" \/><\/a><\/div><\/div><\/div><div class=\"wpadcenter-ad-container\" ><div id=\"wpadcenter-ad-272\" class=\"ad-placement\"><div class=\"wpadcenter-ad-inner\" ><a id=\"wpadcenter_ad\" data-value=\"272\" data-placement=\"\" href=\"http:\/\/corix.us\/\" target=\"_blank\" class=\"wpadcenter-ad-inner__item\" ><img decoding=\"async\"   src=\"https:\/\/puntodincontro.mx\/wp-content\/uploads\/2021\/08\/corixbanner-1.jpg\" class=\"attachment-post-thumbnail size-post-thumbnail wp-post-image\" alt=\"\" srcset=\"https:\/\/puntodincontro.mx\/wp-content\/uploads\/2021\/08\/corixbanner-1.jpg 200w, https:\/\/puntodincontro.mx\/wp-content\/uploads\/2021\/08\/corixbanner-1-16x5.jpg 16w\" sizes=\"(max-width: 200px) 100vw, 200px\" \/><\/a><\/div><\/div><\/div><\/div><div class=\"wpadcenter-adgroup__row wpadcenter-aligncenter\"><div class=\"wpadcenter-ad-container\" ><div id=\"wpadcenter-ad-266\" class=\"ad-placement\"><div class=\"wpadcenter-ad-inner\" ><a id=\"wpadcenter_ad\" data-value=\"266\" data-placement=\"\" href=\"https:\/\/www.prinsel.com.mx\/\" target=\"_blank\" class=\"wpadcenter-ad-inner__item\" ><img decoding=\"async\"   src=\"https:\/\/puntodincontro.mx\/wp-content\/uploads\/2021\/08\/prinselbanner-1.jpg\" class=\"attachment-post-thumbnail size-post-thumbnail wp-post-image\" alt=\"\" srcset=\"https:\/\/puntodincontro.mx\/wp-content\/uploads\/2021\/08\/prinselbanner-1.jpg 200w, https:\/\/puntodincontro.mx\/wp-content\/uploads\/2021\/08\/prinselbanner-1-16x5.jpg 16w\" sizes=\"(max-width: 200px) 100vw, 200px\" \/><\/a><\/div><\/div><\/div><div class=\"wpadcenter-ad-container\" ><div id=\"wpadcenter-ad-261\" class=\"ad-placement\"><div class=\"wpadcenter-ad-inner\" ><a id=\"wpadcenter_ad\" data-value=\"261\" data-placement=\"\" href=\"https:\/\/faitalia.com.mx\/\" target=\"_blank\" class=\"wpadcenter-ad-inner__item\" ><img decoding=\"async\"   src=\"https:\/\/puntodincontro.mx\/wp-content\/uploads\/2021\/08\/gruppodino.jpg\" class=\"attachment-post-thumbnail size-post-thumbnail wp-post-image\" alt=\"\" srcset=\"https:\/\/puntodincontro.mx\/wp-content\/uploads\/2021\/08\/gruppodino.jpg 200w, https:\/\/puntodincontro.mx\/wp-content\/uploads\/2021\/08\/gruppodino-18x5.jpg 18w\" sizes=\"(max-width: 200px) 100vw, 200px\" \/><\/a><\/div><\/div><\/div><\/div><\/div>\n\n\n<div style=\"height:12px\" aria-hidden=\"true\" class=\"wp-block-spacer\"><\/div>","protected":false},"excerpt":{"rendered":"<p>Ore 10:59 &#8211; (ilsole24ore.com) Se i dazi statunitensi e i loro effetti sui mercati globali sono stati i protagonisti assoluti al Made in Italy Summit organizzato da Sole 24 Ore, Financial Times e Sky TG24, il messaggio pi\u00f9 forte emerso nei tre giorni dell\u2019evento \u00e8 incoraggiante per le aziende italiane. Il contesto internazionale, gravato da conflitti bellici e nuovi protezionismi, pone grandi sfide, ma la strada per superarle esiste e passa attraverso due concetti chiave: innovazione tecnologica e diversificazione dei mercati. Proprio di mercati \u2014nuovi o promettenti\u2014 si \u00e8 parlato ieri, durante la sessione conclusiva dell\u2019evento, che in tre giorni&#8230; <\/p>","protected":false},"author":2,"featured_media":24145,"comment_status":"open","ping_status":"open","sticky":false,"template":"","format":"standard","meta":{"_monsterinsights_skip_tracking":false,"_monsterinsights_sitenote_active":false,"_monsterinsights_sitenote_note":"","_monsterinsights_sitenote_category":0,"footnotes":""},"categories":[3],"tags":[],"class_list":["post-24139","post","type-post","status-publish","format-standard","has-post-thumbnail","hentry","category-economia-e-finanza"],"yoast_head":"<!-- This site is optimized with the Yoast SEO Premium plugin v18.4 (Yoast SEO v25.6) - https:\/\/yoast.com\/wordpress\/plugins\/seo\/ -->\n<title>Sace: \u00abper l&#039;Italia, Messico e Brasile tra i mercati pi\u00f9 promettenti\u00bb<\/title>\n<meta name=\"description\" content=\"I dazi Usa sono stati i protagonisti al &#039;Made in Italy Summit&#039;, organizzato da Sole 24 Ore, Financial Times e Sky TG24.\" \/>\n<meta name=\"robots\" content=\"index, follow, max-snippet:-1, max-image-preview:large, max-video-preview:-1\" \/>\n<link rel=\"canonical\" href=\"https:\/\/puntodincontro.mx\/es\/2025\/10\/31\/sace-para-italia-mexico-y-brasil-entre-los-mercados-mas-prometedores\/\" \/>\n<meta property=\"og:locale\" content=\"es_MX\" \/>\n<meta property=\"og:type\" content=\"article\" \/>\n<meta property=\"og:title\" content=\"Sace: \u00abper l&#039;Italia, Messico e Brasile tra i mercati pi\u00f9 promettenti\u00bb\" \/>\n<meta property=\"og:description\" content=\"I dazi Usa sono stati i protagonisti al &#039;Made in Italy Summit&#039;, organizzato da Sole 24 Ore, Financial Times e Sky TG24.\" \/>\n<meta property=\"og:url\" content=\"https:\/\/puntodincontro.mx\/es\/2025\/10\/31\/sace-para-italia-mexico-y-brasil-entre-los-mercados-mas-prometedores\/\" \/>\n<meta property=\"og:site_name\" content=\"Puntodincontro\" \/>\n<meta property=\"article:publisher\" content=\"https:\/\/www.facebook.com\/puntodincontro.mx\" \/>\n<meta property=\"article:published_time\" content=\"2025-10-31T17:17:42+00:00\" \/>\n<meta property=\"article:modified_time\" content=\"2025-10-31T17:17:43+00:00\" \/>\n<meta property=\"og:image\" content=\"https:\/\/puntodincontro.mx\/wp-content\/uploads\/2025\/10\/madeinitalysummipuntocomp.jpg\" \/>\n\t<meta property=\"og:image:width\" content=\"932\" \/>\n\t<meta property=\"og:image:height\" content=\"488\" \/>\n\t<meta property=\"og:image:type\" content=\"image\/jpeg\" \/>\n<meta name=\"author\" content=\"Puntodincontro\" \/>\n<meta name=\"twitter:card\" content=\"summary_large_image\" \/>\n<meta name=\"twitter:creator\" content=\"@puntodincontro\" \/>\n<meta name=\"twitter:site\" content=\"@puntodincontro\" \/>\n<meta name=\"twitter:label1\" content=\"Escrito por\" \/>\n\t<meta name=\"twitter:data1\" content=\"Puntodincontro\" \/>\n\t<meta name=\"twitter:label2\" content=\"Tiempo de lectura\" \/>\n\t<meta name=\"twitter:data2\" content=\"2 minutos\" \/>\n<script type=\"application\/ld+json\" class=\"yoast-schema-graph\">{\"@context\":\"https:\/\/schema.org\",\"@graph\":[{\"@type\":\"NewsArticle\",\"@id\":\"https:\/\/puntodincontro.mx\/2025\/10\/31\/sace-per-litalia-messico-e-brasile-tra-i-mercati-piu-promettenti\/#article\",\"isPartOf\":{\"@id\":\"https:\/\/puntodincontro.mx\/2025\/10\/31\/sace-per-litalia-messico-e-brasile-tra-i-mercati-piu-promettenti\/\"},\"author\":{\"name\":\"Puntodincontro\",\"@id\":\"https:\/\/puntodincontro.mx\/#\/schema\/person\/d3066d18a16259cbb0c29b0d0e93b556\"},\"headline\":\"Sace: \u00abper l&#8217;Italia, Messico e Brasile tra i mercati pi\u00f9 promettenti\u00bb\",\"datePublished\":\"2025-10-31T17:17:42+00:00\",\"dateModified\":\"2025-10-31T17:17:43+00:00\",\"mainEntityOfPage\":{\"@id\":\"https:\/\/puntodincontro.mx\/2025\/10\/31\/sace-per-litalia-messico-e-brasile-tra-i-mercati-piu-promettenti\/\"},\"wordCount\":489,\"commentCount\":0,\"publisher\":{\"@id\":\"https:\/\/puntodincontro.mx\/#organization\"},\"image\":{\"@id\":\"https:\/\/puntodincontro.mx\/2025\/10\/31\/sace-per-litalia-messico-e-brasile-tra-i-mercati-piu-promettenti\/#primaryimage\"},\"thumbnailUrl\":\"https:\/\/puntodincontro.mx\/wp-content\/uploads\/2025\/10\/madeinitalysummipuntovert.webp\",\"articleSection\":[\"Economia e finanza\"],\"inLanguage\":\"es\",\"potentialAction\":[{\"@type\":\"CommentAction\",\"name\":\"Comment\",\"target\":[\"https:\/\/puntodincontro.mx\/2025\/10\/31\/sace-per-litalia-messico-e-brasile-tra-i-mercati-piu-promettenti\/#respond\"]}]},{\"@type\":\"WebPage\",\"@id\":\"https:\/\/puntodincontro.mx\/2025\/10\/31\/sace-per-litalia-messico-e-brasile-tra-i-mercati-piu-promettenti\/\",\"url\":\"https:\/\/puntodincontro.mx\/2025\/10\/31\/sace-per-litalia-messico-e-brasile-tra-i-mercati-piu-promettenti\/\",\"name\":\"Sace: \u00abper l'Italia, Messico e Brasile tra i mercati pi\u00f9 promettenti\u00bb\",\"isPartOf\":{\"@id\":\"https:\/\/puntodincontro.mx\/#website\"},\"primaryImageOfPage\":{\"@id\":\"https:\/\/puntodincontro.mx\/2025\/10\/31\/sace-per-litalia-messico-e-brasile-tra-i-mercati-piu-promettenti\/#primaryimage\"},\"image\":{\"@id\":\"https:\/\/puntodincontro.mx\/2025\/10\/31\/sace-per-litalia-messico-e-brasile-tra-i-mercati-piu-promettenti\/#primaryimage\"},\"thumbnailUrl\":\"https:\/\/puntodincontro.mx\/wp-content\/uploads\/2025\/10\/madeinitalysummipuntovert.webp\",\"datePublished\":\"2025-10-31T17:17:42+00:00\",\"dateModified\":\"2025-10-31T17:17:43+00:00\",\"description\":\"I dazi Usa sono stati i protagonisti al 'Made in Italy Summit', organizzato da Sole 24 Ore, Financial Times e Sky TG24.\",\"breadcrumb\":{\"@id\":\"https:\/\/puntodincontro.mx\/2025\/10\/31\/sace-per-litalia-messico-e-brasile-tra-i-mercati-piu-promettenti\/#breadcrumb\"},\"inLanguage\":\"es\",\"potentialAction\":[{\"@type\":\"ReadAction\",\"target\":[\"https:\/\/puntodincontro.mx\/2025\/10\/31\/sace-per-litalia-messico-e-brasile-tra-i-mercati-piu-promettenti\/\"]}]},{\"@type\":\"ImageObject\",\"inLanguage\":\"es\",\"@id\":\"https:\/\/puntodincontro.mx\/2025\/10\/31\/sace-per-litalia-messico-e-brasile-tra-i-mercati-piu-promettenti\/#primaryimage\",\"url\":\"https:\/\/puntodincontro.mx\/wp-content\/uploads\/2025\/10\/madeinitalysummipuntovert.webp\",\"contentUrl\":\"https:\/\/puntodincontro.mx\/wp-content\/uploads\/2025\/10\/madeinitalysummipuntovert.webp\",\"width\":423,\"height\":488,\"caption\":\"Sace: \u00abper l'Italia, Messico e Brasile tra i mercati pi\u00f9 promettenti\u00bb \/ Foto: ilsole24ore.com\"},{\"@type\":\"BreadcrumbList\",\"@id\":\"https:\/\/puntodincontro.mx\/2025\/10\/31\/sace-per-litalia-messico-e-brasile-tra-i-mercati-piu-promettenti\/#breadcrumb\",\"itemListElement\":[{\"@type\":\"ListItem\",\"position\":1,\"name\":\"Home\",\"item\":\"https:\/\/puntodincontro.mx\/\"},{\"@type\":\"ListItem\",\"position\":2,\"name\":\"Sace: \u00abper l&#8217;Italia, Messico e Brasile tra i mercati pi\u00f9 promettenti\u00bb\"}]},{\"@type\":\"WebSite\",\"@id\":\"https:\/\/puntodincontro.mx\/#website\",\"url\":\"https:\/\/puntodincontro.mx\/\",\"name\":\"Puntodincontro\",\"description\":\"Dal 2006 notizie sui rapporti Italia-Messico \/ Desde 2006 noticias sobre las relaciones entre Italia y M\u00e9xico\",\"publisher\":{\"@id\":\"https:\/\/puntodincontro.mx\/#organization\"},\"potentialAction\":[{\"@type\":\"SearchAction\",\"target\":{\"@type\":\"EntryPoint\",\"urlTemplate\":\"https:\/\/puntodincontro.mx\/?s={search_term_string}\"},\"query-input\":{\"@type\":\"PropertyValueSpecification\",\"valueRequired\":true,\"valueName\":\"search_term_string\"}}],\"inLanguage\":\"es\"},{\"@type\":\"Organization\",\"@id\":\"https:\/\/puntodincontro.mx\/#organization\",\"name\":\"Puntodincontro\",\"url\":\"https:\/\/puntodincontro.mx\/\",\"logo\":{\"@type\":\"ImageObject\",\"inLanguage\":\"es\",\"@id\":\"https:\/\/puntodincontro.mx\/#\/schema\/logo\/image\/\",\"url\":\"https:\/\/puntodincontro.mx\/wp-content\/uploads\/2021\/08\/Default-image-for-open-graph-settings.jpg\",\"contentUrl\":\"https:\/\/puntodincontro.mx\/wp-content\/uploads\/2021\/08\/Default-image-for-open-graph-settings.jpg\",\"width\":1200,\"height\":630,\"caption\":\"Puntodincontro\"},\"image\":{\"@id\":\"https:\/\/puntodincontro.mx\/#\/schema\/logo\/image\/\"},\"sameAs\":[\"https:\/\/www.facebook.com\/puntodincontro.mx\",\"https:\/\/x.com\/puntodincontro\",\"https:\/\/www.instagram.com\/puntodincontro.mx\/\",\"https:\/\/www.linkedin.com\/company\/puntodincontro\/\",\"https:\/\/www.youtube.com\/c\/puntodincontromessico\",\"https:\/\/www.patreon.com\/puntodincontro\",\"https:\/\/www.threads.net\/@puntodincontro.mx\"]},{\"@type\":\"Person\",\"@id\":\"https:\/\/puntodincontro.mx\/#\/schema\/person\/d3066d18a16259cbb0c29b0d0e93b556\",\"name\":\"Puntodincontro\",\"image\":{\"@type\":\"ImageObject\",\"inLanguage\":\"es\",\"@id\":\"https:\/\/puntodincontro.mx\/#\/schema\/person\/image\/\",\"url\":\"https:\/\/secure.gravatar.com\/avatar\/0e85b4b3b5e9d6bfcec6a4956d8cc63a?s=96&d=mm&r=g\",\"contentUrl\":\"https:\/\/secure.gravatar.com\/avatar\/0e85b4b3b5e9d6bfcec6a4956d8cc63a?s=96&d=mm&r=g\",\"caption\":\"Puntodincontro\"},\"url\":\"https:\/\/puntodincontro.mx\/es\/author\/puntodincontro\/\"}]}<\/script>\n<!-- \/ Yoast SEO Premium plugin. -->","yoast_head_json":{"title":"SACE: \u00abPara Italia, M\u00e9xico y Brasil entre los mercados m\u00e1s prometedores\u00bb","description":"Los aranceles de EU fueron el centro de atenci\u00f3n en el 'Made in Italy Summit', organizado por Il Sole 24 Ore, el Financial Times y Sky TG24.","robots":{"index":"index","follow":"follow","max-snippet":"max-snippet:-1","max-image-preview":"max-image-preview:large","max-video-preview":"max-video-preview:-1"},"canonical":"https:\/\/puntodincontro.mx\/es\/2025\/10\/31\/sace-para-italia-mexico-y-brasil-entre-los-mercados-mas-prometedores\/","og_locale":"es_MX","og_type":"article","og_title":"Sace: \u00abper l'Italia, Messico e Brasile tra i mercati pi\u00f9 promettenti\u00bb","og_description":"I dazi Usa sono stati i protagonisti al 'Made in Italy Summit', organizzato da Sole 24 Ore, Financial Times e Sky TG24.","og_url":"https:\/\/puntodincontro.mx\/es\/2025\/10\/31\/sace-para-italia-mexico-y-brasil-entre-los-mercados-mas-prometedores\/","og_site_name":"Puntodincontro","article_publisher":"https:\/\/www.facebook.com\/puntodincontro.mx","article_published_time":"2025-10-31T17:17:42+00:00","article_modified_time":"2025-10-31T17:17:43+00:00","og_image":[{"width":932,"height":488,"url":"https:\/\/puntodincontro.mx\/wp-content\/uploads\/2025\/10\/madeinitalysummipuntocomp.jpg","type":"image\/jpeg"}],"author":"Puntodincontro","twitter_card":"summary_large_image","twitter_creator":"@puntodincontro","twitter_site":"@puntodincontro","twitter_misc":{"Escrito por":"Puntodincontro","Tiempo de lectura":"2 minutos"},"schema":{"@context":"https:\/\/schema.org","@graph":[{"@type":"NewsArticle","@id":"https:\/\/puntodincontro.mx\/2025\/10\/31\/sace-per-litalia-messico-e-brasile-tra-i-mercati-piu-promettenti\/#article","isPartOf":{"@id":"https:\/\/puntodincontro.mx\/2025\/10\/31\/sace-per-litalia-messico-e-brasile-tra-i-mercati-piu-promettenti\/"},"author":{"name":"Puntodincontro","@id":"https:\/\/puntodincontro.mx\/#\/schema\/person\/d3066d18a16259cbb0c29b0d0e93b556"},"headline":"Sace: \u00abper l&#8217;Italia, Messico e Brasile tra i mercati pi\u00f9 promettenti\u00bb","datePublished":"2025-10-31T17:17:42+00:00","dateModified":"2025-10-31T17:17:43+00:00","mainEntityOfPage":{"@id":"https:\/\/puntodincontro.mx\/2025\/10\/31\/sace-per-litalia-messico-e-brasile-tra-i-mercati-piu-promettenti\/"},"wordCount":489,"commentCount":0,"publisher":{"@id":"https:\/\/puntodincontro.mx\/#organization"},"image":{"@id":"https:\/\/puntodincontro.mx\/2025\/10\/31\/sace-per-litalia-messico-e-brasile-tra-i-mercati-piu-promettenti\/#primaryimage"},"thumbnailUrl":"https:\/\/puntodincontro.mx\/wp-content\/uploads\/2025\/10\/madeinitalysummipuntovert.webp","articleSection":["Economia e finanza"],"inLanguage":"es","potentialAction":[{"@type":"CommentAction","name":"Comment","target":["https:\/\/puntodincontro.mx\/2025\/10\/31\/sace-per-litalia-messico-e-brasile-tra-i-mercati-piu-promettenti\/#respond"]}]},{"@type":"WebPage","@id":"https:\/\/puntodincontro.mx\/2025\/10\/31\/sace-per-litalia-messico-e-brasile-tra-i-mercati-piu-promettenti\/","url":"https:\/\/puntodincontro.mx\/2025\/10\/31\/sace-per-litalia-messico-e-brasile-tra-i-mercati-piu-promettenti\/","name":"SACE: \u00abPara Italia, M\u00e9xico y Brasil entre los mercados m\u00e1s prometedores\u00bb","isPartOf":{"@id":"https:\/\/puntodincontro.mx\/#website"},"primaryImageOfPage":{"@id":"https:\/\/puntodincontro.mx\/2025\/10\/31\/sace-per-litalia-messico-e-brasile-tra-i-mercati-piu-promettenti\/#primaryimage"},"image":{"@id":"https:\/\/puntodincontro.mx\/2025\/10\/31\/sace-per-litalia-messico-e-brasile-tra-i-mercati-piu-promettenti\/#primaryimage"},"thumbnailUrl":"https:\/\/puntodincontro.mx\/wp-content\/uploads\/2025\/10\/madeinitalysummipuntovert.webp","datePublished":"2025-10-31T17:17:42+00:00","dateModified":"2025-10-31T17:17:43+00:00","description":"Los aranceles de EU fueron el centro de atenci\u00f3n en el 'Made in Italy Summit', organizado por Il Sole 24 Ore, el Financial Times y Sky TG24.","breadcrumb":{"@id":"https:\/\/puntodincontro.mx\/2025\/10\/31\/sace-per-litalia-messico-e-brasile-tra-i-mercati-piu-promettenti\/#breadcrumb"},"inLanguage":"es","potentialAction":[{"@type":"ReadAction","target":["https:\/\/puntodincontro.mx\/2025\/10\/31\/sace-per-litalia-messico-e-brasile-tra-i-mercati-piu-promettenti\/"]}]},{"@type":"ImageObject","inLanguage":"es","@id":"https:\/\/puntodincontro.mx\/2025\/10\/31\/sace-per-litalia-messico-e-brasile-tra-i-mercati-piu-promettenti\/#primaryimage","url":"https:\/\/puntodincontro.mx\/wp-content\/uploads\/2025\/10\/madeinitalysummipuntovert.webp","contentUrl":"https:\/\/puntodincontro.mx\/wp-content\/uploads\/2025\/10\/madeinitalysummipuntovert.webp","width":423,"height":488,"caption":"Sace: \u00abper l'Italia, Messico e Brasile tra i mercati pi\u00f9 promettenti\u00bb \/ Foto: ilsole24ore.com"},{"@type":"BreadcrumbList","@id":"https:\/\/puntodincontro.mx\/2025\/10\/31\/sace-per-litalia-messico-e-brasile-tra-i-mercati-piu-promettenti\/#breadcrumb","itemListElement":[{"@type":"ListItem","position":1,"name":"Home","item":"https:\/\/puntodincontro.mx\/"},{"@type":"ListItem","position":2,"name":"Sace: \u00abper l&#8217;Italia, Messico e Brasile tra i mercati pi\u00f9 promettenti\u00bb"}]},{"@type":"WebSite","@id":"https:\/\/puntodincontro.mx\/#website","url":"https:\/\/puntodincontro.mx\/","name":"Puntodincontro","description":"Desde el 2006 noticias sobre las relaciones entre Italia y M\u00e9xico \/ Dal 2006 notizie sui rapporti Italia-Messico","publisher":{"@id":"https:\/\/puntodincontro.mx\/#organization"},"potentialAction":[{"@type":"SearchAction","target":{"@type":"EntryPoint","urlTemplate":"https:\/\/puntodincontro.mx\/?s={search_term_string}"},"query-input":{"@type":"PropertyValueSpecification","valueRequired":true,"valueName":"search_term_string"}}],"inLanguage":"es"},{"@type":"Organization","@id":"https:\/\/puntodincontro.mx\/#organization","name":"Puntodincontro","url":"https:\/\/puntodincontro.mx\/","logo":{"@type":"ImageObject","inLanguage":"es","@id":"https:\/\/puntodincontro.mx\/#\/schema\/logo\/image\/","url":"https:\/\/puntodincontro.mx\/wp-content\/uploads\/2021\/08\/Default-image-for-open-graph-settings.jpg","contentUrl":"https:\/\/puntodincontro.mx\/wp-content\/uploads\/2021\/08\/Default-image-for-open-graph-settings.jpg","width":1200,"height":630,"caption":"Puntodincontro"},"image":{"@id":"https:\/\/puntodincontro.mx\/#\/schema\/logo\/image\/"},"sameAs":["https:\/\/www.facebook.com\/puntodincontro.mx","https:\/\/x.com\/puntodincontro","https:\/\/www.instagram.com\/puntodincontro.mx\/","https:\/\/www.linkedin.com\/company\/puntodincontro\/","https:\/\/www.youtube.com\/c\/puntodincontromessico","https:\/\/www.patreon.com\/puntodincontro","https:\/\/www.threads.net\/@puntodincontro.mx"]},{"@type":"Person","@id":"https:\/\/puntodincontro.mx\/#\/schema\/person\/d3066d18a16259cbb0c29b0d0e93b556","name":"Puntodincontro","image":{"@type":"ImageObject","inLanguage":"es","@id":"https:\/\/puntodincontro.mx\/#\/schema\/person\/image\/","url":"https:\/\/secure.gravatar.com\/avatar\/0e85b4b3b5e9d6bfcec6a4956d8cc63a?s=96&d=mm&r=g","contentUrl":"https:\/\/secure.gravatar.com\/avatar\/0e85b4b3b5e9d6bfcec6a4956d8cc63a?s=96&d=mm&r=g","caption":"Puntodincontro"},"url":"https:\/\/puntodincontro.mx\/es\/author\/puntodincontro\/"}]}},"_links":{"self":[{"href":"https:\/\/puntodincontro.mx\/es\/wp-json\/wp\/v2\/posts\/24139"}],"collection":[{"href":"https:\/\/puntodincontro.mx\/es\/wp-json\/wp\/v2\/posts"}],"about":[{"href":"https:\/\/puntodincontro.mx\/es\/wp-json\/wp\/v2\/types\/post"}],"author":[{"embeddable":true,"href":"https:\/\/puntodincontro.mx\/es\/wp-json\/wp\/v2\/users\/2"}],"replies":[{"embeddable":true,"href":"https:\/\/puntodincontro.mx\/es\/wp-json\/wp\/v2\/comments?post=24139"}],"version-history":[{"count":5,"href":"https:\/\/puntodincontro.mx\/es\/wp-json\/wp\/v2\/posts\/24139\/revisions"}],"predecessor-version":[{"id":24144,"href":"https:\/\/puntodincontro.mx\/es\/wp-json\/wp\/v2\/posts\/24139\/revisions\/24144"}],"wp:featuredmedia":[{"embeddable":true,"href":"https:\/\/puntodincontro.mx\/es\/wp-json\/wp\/v2\/media\/24145"}],"wp:attachment":[{"href":"https:\/\/puntodincontro.mx\/es\/wp-json\/wp\/v2\/media?parent=24139"}],"wp:term":[{"taxonomy":"category","embeddable":true,"href":"https:\/\/puntodincontro.mx\/es\/wp-json\/wp\/v2\/categories?post=24139"},{"taxonomy":"post_tag","embeddable":true,"href":"https:\/\/puntodincontro.mx\/es\/wp-json\/wp\/v2\/tags?post=24139"}],"curies":[{"name":"wp","href":"https:\/\/api.w.org\/{rel}","templated":true}]}}