{"id":24155,"date":"2025-11-01T06:31:49","date_gmt":"2025-11-01T12:31:49","guid":{"rendered":"https:\/\/puntodincontro.mx\/?p=24155"},"modified":"2025-11-01T06:31:50","modified_gmt":"2025-11-01T12:31:50","slug":"el-dia-de-muertos-llega-a-roma-el-domingo-2-de-noviembre","status":"publish","type":"post","link":"https:\/\/puntodincontro.mx\/es\/2025\/11\/01\/il-dia-de-muertos-va-in-scena-a-roma-domenica-2-novembre\/","title":{"rendered":"El 'D\u00eda de Muertos' llega a Roma el domingo 2 de noviembre"},"content":{"rendered":"<p class=\"translation-block\"><b>05:36 hrs.<\/b> - (gazzettadiplomatica.it) Roma se prepara para recibir uno de los eventos m\u00e1s evocadores y simb\u00f3licos de la cultura mexicana: el D\u00eda de Muertos, una celebraci\u00f3n que combina fiesta, memoria y arte en una explosi\u00f3n de color y significado.<\/p>\n\n\n\n<p>El domingo 2 de noviembre, las calles del centro hist\u00f3rico de la capital italiana se llenar\u00e1n de vida con el desfile de las Catrinas y los Catrines, figuras ic\u00f3nicas del folclore mexicano, en una procesi\u00f3n que partir\u00e1 de la Piazza del Popolo a las 17:00 y concluir\u00e1 en la Piazza Navona.<\/p>\n\n\n\n<p>Organizado por la Embajada de M\u00e9xico en Italia, el desfile es una invitaci\u00f3n abierta a todos: \u00ab\u00a1Corran la voz y acomp\u00e1\u00f1ennos!\u00bb, reza el mensaje oficial. El evento busca compartir con el p\u00fablico del <em>Belpaese<\/em> una de las celebraciones m\u00e1s sentidas de M\u00e9xico, en la que la muerte no se ve como un final, sino como un tr\u00e1nsito, un momento para recordar con alegr\u00eda a quienes ya no est\u00e1n con nosotros.<\/p>\n\n\n\n<p>Las Catrinas, con sus elegantes vestidos y rostros pintados con calaveras sonrientes, representan la iron\u00eda de la vida y la muerte y se han convertido en un s\u00edmbolo universal de esta festividad. El desfile ser\u00e1 una oportunidad para vivir Roma de una manera diferente, con m\u00fasica, trajes tradicionales y una atm\u00f3sfera cargada de emoci\u00f3n.<\/p>\n\n\n\n<p class=\"translation-block\">Como es tradici\u00f3n, la Embajada ha instalado recientemente un altar de ofrendas en su sede, decorado con calaveras, flores de cempas\u00fachil, pan de muertos y chocolate. Este a\u00f1o, la ofrenda est\u00e1 dedicada a Julieta Norma Fierro Gossman, eminente f\u00edsica, astr\u00f3noma y divulgadora cient\u00edfica. El gesto rinde homenaje a su vida y a su extraordinaria contribuci\u00f3n a la cultura y el conocimiento.<\/p>\n\n\n\n<p class=\"translation-block\">Encabezada por el embajador designado Genaro Lozano, la celebraci\u00f3n en Roma tiende un puente entre culturas, una forma de compartir el valor de la memoria y la comunidad. El D\u00eda de Muertos es m\u00e1s que una simple celebraci\u00f3n: es un mensaje universal de amor, recuerdo y esperanza.<\/p>\n\n\n\n<div style=\"height:12px\" aria-hidden=\"true\" class=\"wp-block-spacer\"><\/div>\n\n\n<div class=\"wp-block-image\">\n<figure class=\"aligncenter size-full\"><img loading=\"lazy\" decoding=\"async\" width=\"850\" height=\"445\" src=\"https:\/\/puntodincontro.mx\/wp-content\/uploads\/2025\/11\/diademuertosromafoto.webp\" alt=\"\" class=\"wp-image-24160\" srcset=\"https:\/\/puntodincontro.mx\/wp-content\/uploads\/2025\/11\/diademuertosromafoto.webp 850w, https:\/\/puntodincontro.mx\/wp-content\/uploads\/2025\/11\/diademuertosromafoto-300x157.webp 300w, https:\/\/puntodincontro.mx\/wp-content\/uploads\/2025\/11\/diademuertosromafoto-768x402.webp 768w, https:\/\/puntodincontro.mx\/wp-content\/uploads\/2025\/11\/diademuertosromafoto-18x9.webp 18w\" sizes=\"(max-width: 850px) 100vw, 850px\" \/><\/figure><\/div>\n\n\n<div style=\"height:6px\" aria-hidden=\"true\" class=\"wp-block-spacer\"><\/div>\n\n\n\n<p class=\"has-text-align-center has-small-font-size\">Foto: gazzettadiplomatica.it<\/p>\n\n\n\n<div style=\"height:12px\" aria-hidden=\"true\" class=\"wp-block-spacer\"><\/div>\n\n\n<!-- Ad space powered by WP AdCenter v2.5.7 - https:\/\/wpadcenter.com\/ --><div class=\"wpadcenter-adgroup\" ><div class=\"wpadcenter-adgroup__row wpadcenter-aligncenter\"><div class=\"wpadcenter-ad-container\" ><div id=\"wpadcenter-ad-18464\" class=\"ad-placement\"><div class=\"wpadcenter-ad-inner\" ><a id=\"wpadcenter_ad\" data-value=\"18464\" data-placement=\"\" href=\"https:\/\/www.productosremo.com\/\" target=\"_blank\" class=\"wpadcenter-ad-inner__item\" ><img decoding=\"async\"   src=\"https:\/\/puntodincontro.mx\/wp-content\/uploads\/2021\/08\/remobanner.jpg\" class=\"attachment-post-thumbnail size-post-thumbnail wp-post-image\" alt=\"\" srcset=\"https:\/\/puntodincontro.mx\/wp-content\/uploads\/2021\/08\/remobanner.jpg 200w, https:\/\/puntodincontro.mx\/wp-content\/uploads\/2021\/08\/remobanner-16x5.jpg 16w\" sizes=\"(max-width: 200px) 100vw, 200px\" \/><\/a><\/div><\/div><\/div><div class=\"wpadcenter-ad-container\" ><div id=\"wpadcenter-ad-5305\" class=\"ad-placement\"><div class=\"wpadcenter-ad-inner\" ><a id=\"wpadcenter_ad\" data-value=\"5305\" data-placement=\"\" href=\"https:\/\/ambcittadelmessico.esteri.it\/ambasciata_cittadelmessico\/it\/\" target=\"_blank\" class=\"wpadcenter-ad-inner__item\" ><img decoding=\"async\"   src=\"https:\/\/puntodincontro.mx\/wp-content\/uploads\/2022\/05\/Ambasciata.jpg\" class=\"attachment-post-thumbnail size-post-thumbnail wp-post-image\" alt=\"\" srcset=\"https:\/\/puntodincontro.mx\/wp-content\/uploads\/2022\/05\/Ambasciata.jpg 200w, https:\/\/puntodincontro.mx\/wp-content\/uploads\/2022\/05\/Ambasciata-18x5.jpg 18w\" sizes=\"(max-width: 200px) 100vw, 200px\" \/><\/a><\/div><\/div><\/div><div class=\"wpadcenter-ad-container\" ><div id=\"wpadcenter-ad-3781\" class=\"ad-placement\"><div class=\"wpadcenter-ad-inner\" ><a id=\"wpadcenter_ad\" data-value=\"3781\" data-placement=\"\" href=\"https:\/\/cannizzo.com.mx\/\" target=\"_blank\" class=\"wpadcenter-ad-inner__item\" ><img decoding=\"async\"   src=\"https:\/\/puntodincontro.mx\/wp-content\/uploads\/2022\/03\/cannizzo2.jpg\" class=\"attachment-post-thumbnail size-post-thumbnail wp-post-image\" alt=\"\" srcset=\"https:\/\/puntodincontro.mx\/wp-content\/uploads\/2022\/03\/cannizzo2.jpg 200w, https:\/\/puntodincontro.mx\/wp-content\/uploads\/2022\/03\/cannizzo2-18x5.jpg 18w\" sizes=\"(max-width: 200px) 100vw, 200px\" \/><\/a><\/div><\/div><\/div><\/div><div class=\"wpadcenter-adgroup__row wpadcenter-aligncenter\"><div class=\"wpadcenter-ad-container\" ><div id=\"wpadcenter-ad-1704\" class=\"ad-placement\"><div class=\"wpadcenter-ad-inner\" ><a id=\"wpadcenter_ad\" data-value=\"1704\" data-placement=\"\" href=\"https:\/\/puntodincontro.mx\/es\/2021\/12\/24\/inps-verificacion-de-supervivencia-de-los-pensionados-en-el-extranjero\/\" target=\"_blank\" class=\"wpadcenter-ad-inner__item\" ><img decoding=\"async\"   src=\"https:\/\/puntodincontro.mx\/wp-content\/uploads\/2021\/11\/logo-ital.jpg\" class=\"attachment-post-thumbnail size-post-thumbnail wp-post-image\" alt=\"Patronato ITAL Messico\" srcset=\"https:\/\/puntodincontro.mx\/wp-content\/uploads\/2021\/11\/logo-ital.jpg 200w, https:\/\/puntodincontro.mx\/wp-content\/uploads\/2021\/11\/logo-ital-16x5.jpg 16w\" sizes=\"(max-width: 200px) 100vw, 200px\" \/><\/a><\/div><\/div><\/div><div class=\"wpadcenter-ad-container\" ><div id=\"wpadcenter-ad-1538\" class=\"ad-placement\"><div class=\"wpadcenter-ad-inner\" ><a id=\"wpadcenter_ad\" data-value=\"1538\" data-placement=\"\" href=\"https:\/\/asociacionitaliana.org\/\" target=\"_blank\" class=\"wpadcenter-ad-inner__item\" ><img decoding=\"async\"   src=\"https:\/\/puntodincontro.mx\/wp-content\/uploads\/2021\/11\/aialogo.jpg\" class=\"attachment-post-thumbnail size-post-thumbnail wp-post-image\" alt=\"Associazione Italiana di Assistenza IAP\" srcset=\"https:\/\/puntodincontro.mx\/wp-content\/uploads\/2021\/11\/aialogo.jpg 200w, https:\/\/puntodincontro.mx\/wp-content\/uploads\/2021\/11\/aialogo-18x5.jpg 18w\" sizes=\"(max-width: 200px) 100vw, 200px\" \/><\/a><\/div><\/div><\/div><div class=\"wpadcenter-ad-container\" ><div id=\"wpadcenter-ad-1513\" class=\"ad-placement\"><div class=\"wpadcenter-ad-inner\" ><a id=\"wpadcenter_ad\" data-value=\"1513\" data-placement=\"\" href=\"https:\/\/gcinmuebles.mx\" target=\"_blank\" class=\"wpadcenter-ad-inner__item\" ><img decoding=\"async\"   src=\"https:\/\/puntodincontro.mx\/wp-content\/uploads\/2021\/10\/gcinmuebleslogopunto-1.jpg\" class=\"attachment-post-thumbnail size-post-thumbnail wp-post-image\" alt=\"\" srcset=\"https:\/\/puntodincontro.mx\/wp-content\/uploads\/2021\/10\/gcinmuebleslogopunto-1.jpg 200w, https:\/\/puntodincontro.mx\/wp-content\/uploads\/2021\/10\/gcinmuebleslogopunto-1-18x5.jpg 18w\" sizes=\"(max-width: 200px) 100vw, 200px\" \/><\/a><\/div><\/div><\/div><\/div><div class=\"wpadcenter-adgroup__row wpadcenter-aligncenter\"><div class=\"wpadcenter-ad-container\" ><div id=\"wpadcenter-ad-1374\" class=\"ad-placement\"><div class=\"wpadcenter-ad-inner\" ><a id=\"wpadcenter_ad\" data-value=\"1374\" data-placement=\"\" href=\"https:\/\/www.9colonne.it\/\" target=\"_blank\" class=\"wpadcenter-ad-inner__item\" ><img decoding=\"async\"   src=\"https:\/\/puntodincontro.mx\/wp-content\/uploads\/2021\/10\/Banner9colonne.gif\" class=\"attachment-post-thumbnail size-post-thumbnail wp-post-image\" alt=\"\" \/><\/a><\/div><\/div><\/div><div class=\"wpadcenter-ad-container\" ><div id=\"wpadcenter-ad-276\" class=\"ad-placement\"><div class=\"wpadcenter-ad-inner\" ><a id=\"wpadcenter_ad\" data-value=\"276\" data-placement=\"\" href=\"http:\/\/www.camaraitaliana.mx\/\" target=\"_blank\" class=\"wpadcenter-ad-inner__item\" ><img decoding=\"async\"   src=\"https:\/\/puntodincontro.mx\/wp-content\/uploads\/2021\/08\/ccimnuovo.jpg\" class=\"attachment-post-thumbnail size-post-thumbnail wp-post-image\" alt=\"\" srcset=\"https:\/\/puntodincontro.mx\/wp-content\/uploads\/2021\/08\/ccimnuovo.jpg 200w, https:\/\/puntodincontro.mx\/wp-content\/uploads\/2021\/08\/ccimnuovo-18x5.jpg 18w\" sizes=\"(max-width: 200px) 100vw, 200px\" \/><\/a><\/div><\/div><\/div><div class=\"wpadcenter-ad-container\" ><div id=\"wpadcenter-ad-272\" class=\"ad-placement\"><div class=\"wpadcenter-ad-inner\" ><a id=\"wpadcenter_ad\" data-value=\"272\" data-placement=\"\" href=\"http:\/\/corix.us\/\" target=\"_blank\" class=\"wpadcenter-ad-inner__item\" ><img decoding=\"async\"   src=\"https:\/\/puntodincontro.mx\/wp-content\/uploads\/2021\/08\/corixbanner-1.jpg\" class=\"attachment-post-thumbnail size-post-thumbnail wp-post-image\" alt=\"\" srcset=\"https:\/\/puntodincontro.mx\/wp-content\/uploads\/2021\/08\/corixbanner-1.jpg 200w, https:\/\/puntodincontro.mx\/wp-content\/uploads\/2021\/08\/corixbanner-1-16x5.jpg 16w\" sizes=\"(max-width: 200px) 100vw, 200px\" \/><\/a><\/div><\/div><\/div><\/div><div class=\"wpadcenter-adgroup__row wpadcenter-aligncenter\"><div class=\"wpadcenter-ad-container\" ><div id=\"wpadcenter-ad-266\" class=\"ad-placement\"><div class=\"wpadcenter-ad-inner\" ><a id=\"wpadcenter_ad\" data-value=\"266\" data-placement=\"\" href=\"https:\/\/www.prinsel.com.mx\/\" target=\"_blank\" class=\"wpadcenter-ad-inner__item\" ><img decoding=\"async\"   src=\"https:\/\/puntodincontro.mx\/wp-content\/uploads\/2021\/08\/prinselbanner-1.jpg\" class=\"attachment-post-thumbnail size-post-thumbnail wp-post-image\" alt=\"\" srcset=\"https:\/\/puntodincontro.mx\/wp-content\/uploads\/2021\/08\/prinselbanner-1.jpg 200w, https:\/\/puntodincontro.mx\/wp-content\/uploads\/2021\/08\/prinselbanner-1-16x5.jpg 16w\" sizes=\"(max-width: 200px) 100vw, 200px\" \/><\/a><\/div><\/div><\/div><div class=\"wpadcenter-ad-container\" ><div id=\"wpadcenter-ad-261\" class=\"ad-placement\"><div class=\"wpadcenter-ad-inner\" ><a id=\"wpadcenter_ad\" data-value=\"261\" data-placement=\"\" href=\"https:\/\/faitalia.com.mx\/\" target=\"_blank\" class=\"wpadcenter-ad-inner__item\" ><img decoding=\"async\"   src=\"https:\/\/puntodincontro.mx\/wp-content\/uploads\/2021\/08\/gruppodino.jpg\" class=\"attachment-post-thumbnail size-post-thumbnail wp-post-image\" alt=\"\" srcset=\"https:\/\/puntodincontro.mx\/wp-content\/uploads\/2021\/08\/gruppodino.jpg 200w, https:\/\/puntodincontro.mx\/wp-content\/uploads\/2021\/08\/gruppodino-18x5.jpg 18w\" sizes=\"(max-width: 200px) 100vw, 200px\" \/><\/a><\/div><\/div><\/div><\/div><\/div>\n\n\n<div style=\"height:12px\" aria-hidden=\"true\" class=\"wp-block-spacer\"><\/div>\n\n\n\n<p><\/p>","protected":false},"excerpt":{"rendered":"<p>Ore 05:36 &#8211; (gazzettadiplomatica.it) Roma si prepara ad accogliere uno degli eventi pi\u00f9 suggestivi e simbolici della cultura messicana: il D\u00eda de Muertos, la festa dei morti, che unisce celebrazione, memoria e arte in un\u2019esplosione di colori e significati. Domenica 2 novembre, le vie del centro storico saranno animate dalla sfilata delle Catrinas e dei Catrines, figure iconiche del folklore del Paese latinoamericano, in un corteo che partir\u00e0 da Piazza del Popolo alle ore 17:00 e si concluder\u00e0 a Piazza Navona. Organizzata dall\u2019Ambasciata del Messico in Italia, la sfilata \u00e8 un invito aperto a tutti: \u00abcorri la voce e vieni&#8230; <\/p>","protected":false},"author":2,"featured_media":24162,"comment_status":"open","ping_status":"open","sticky":false,"template":"","format":"standard","meta":{"_monsterinsights_skip_tracking":false,"_monsterinsights_sitenote_active":false,"_monsterinsights_sitenote_note":"","_monsterinsights_sitenote_category":0,"footnotes":""},"categories":[6],"tags":[],"class_list":["post-24155","post","type-post","status-publish","format-standard","has-post-thumbnail","hentry","category-messico-in-italia"],"yoast_head":"<!-- This site is optimized with the Yoast SEO Premium plugin v18.4 (Yoast SEO v25.6) - https:\/\/yoast.com\/wordpress\/plugins\/seo\/ -->\n<title>Il &#039;D\u00eda de Muertos&#039; va in scena a Roma domenica 2 novembre<\/title>\n<meta name=\"description\" content=\"Roma si prepara ad accogliere uno degli eventi pi\u00f9 suggestivi e simbolici della cultura messicana: il &#039;D\u00eda de Muertos&#039;.\" \/>\n<meta name=\"robots\" content=\"index, follow, max-snippet:-1, max-image-preview:large, max-video-preview:-1\" \/>\n<link rel=\"canonical\" href=\"https:\/\/puntodincontro.mx\/es\/2025\/11\/01\/el-dia-de-muertos-llega-a-roma-el-domingo-2-de-noviembre\/\" \/>\n<meta property=\"og:locale\" content=\"es_MX\" \/>\n<meta property=\"og:type\" content=\"article\" \/>\n<meta property=\"og:title\" content=\"Il &#039;D\u00eda de Muertos&#039; va in scena a Roma domenica 2 novembre\" \/>\n<meta property=\"og:description\" content=\"Roma si prepara ad accogliere uno degli eventi pi\u00f9 suggestivi e simbolici della cultura messicana: il &#039;D\u00eda de Muertos&#039;.\" \/>\n<meta property=\"og:url\" content=\"https:\/\/puntodincontro.mx\/es\/2025\/11\/01\/el-dia-de-muertos-llega-a-roma-el-domingo-2-de-noviembre\/\" \/>\n<meta property=\"og:site_name\" content=\"Puntodincontro\" \/>\n<meta property=\"article:publisher\" content=\"https:\/\/www.facebook.com\/puntodincontro.mx\" \/>\n<meta property=\"article:published_time\" content=\"2025-11-01T12:31:49+00:00\" \/>\n<meta property=\"article:modified_time\" content=\"2025-11-01T12:31:50+00:00\" \/>\n<meta property=\"og:image\" content=\"https:\/\/puntodincontro.mx\/wp-content\/uploads\/2025\/11\/diademuertosromacomp.jpg\" \/>\n\t<meta property=\"og:image:width\" content=\"932\" \/>\n\t<meta property=\"og:image:height\" content=\"488\" \/>\n\t<meta property=\"og:image:type\" content=\"image\/jpeg\" \/>\n<meta name=\"author\" content=\"Puntodincontro\" \/>\n<meta name=\"twitter:card\" content=\"summary_large_image\" \/>\n<meta name=\"twitter:creator\" content=\"@puntodincontro\" \/>\n<meta name=\"twitter:site\" content=\"@puntodincontro\" \/>\n<meta name=\"twitter:label1\" content=\"Escrito por\" \/>\n\t<meta name=\"twitter:data1\" content=\"Puntodincontro\" \/>\n\t<meta name=\"twitter:label2\" content=\"Tiempo de lectura\" \/>\n\t<meta name=\"twitter:data2\" content=\"2 minutos\" \/>\n<script type=\"application\/ld+json\" class=\"yoast-schema-graph\">{\"@context\":\"https:\/\/schema.org\",\"@graph\":[{\"@type\":\"NewsArticle\",\"@id\":\"https:\/\/puntodincontro.mx\/2025\/11\/01\/il-dia-de-muertos-va-in-scena-a-roma-domenica-2-novembre\/#article\",\"isPartOf\":{\"@id\":\"https:\/\/puntodincontro.mx\/2025\/11\/01\/il-dia-de-muertos-va-in-scena-a-roma-domenica-2-novembre\/\"},\"author\":{\"name\":\"Puntodincontro\",\"@id\":\"https:\/\/puntodincontro.mx\/#\/schema\/person\/d3066d18a16259cbb0c29b0d0e93b556\"},\"headline\":\"Il &#8216;D\u00eda de Muertos&#8217; va in scena a Roma domenica 2 novembre\",\"datePublished\":\"2025-11-01T12:31:49+00:00\",\"dateModified\":\"2025-11-01T12:31:50+00:00\",\"mainEntityOfPage\":{\"@id\":\"https:\/\/puntodincontro.mx\/2025\/11\/01\/il-dia-de-muertos-va-in-scena-a-roma-domenica-2-novembre\/\"},\"wordCount\":320,\"commentCount\":0,\"publisher\":{\"@id\":\"https:\/\/puntodincontro.mx\/#organization\"},\"image\":{\"@id\":\"https:\/\/puntodincontro.mx\/2025\/11\/01\/il-dia-de-muertos-va-in-scena-a-roma-domenica-2-novembre\/#primaryimage\"},\"thumbnailUrl\":\"https:\/\/puntodincontro.mx\/wp-content\/uploads\/2025\/11\/diademuertosromavert.webp\",\"articleSection\":[\"Messico in Italia\"],\"inLanguage\":\"es\",\"potentialAction\":[{\"@type\":\"CommentAction\",\"name\":\"Comment\",\"target\":[\"https:\/\/puntodincontro.mx\/2025\/11\/01\/il-dia-de-muertos-va-in-scena-a-roma-domenica-2-novembre\/#respond\"]}]},{\"@type\":\"WebPage\",\"@id\":\"https:\/\/puntodincontro.mx\/2025\/11\/01\/il-dia-de-muertos-va-in-scena-a-roma-domenica-2-novembre\/\",\"url\":\"https:\/\/puntodincontro.mx\/2025\/11\/01\/il-dia-de-muertos-va-in-scena-a-roma-domenica-2-novembre\/\",\"name\":\"Il 'D\u00eda de Muertos' va in scena a Roma domenica 2 novembre\",\"isPartOf\":{\"@id\":\"https:\/\/puntodincontro.mx\/#website\"},\"primaryImageOfPage\":{\"@id\":\"https:\/\/puntodincontro.mx\/2025\/11\/01\/il-dia-de-muertos-va-in-scena-a-roma-domenica-2-novembre\/#primaryimage\"},\"image\":{\"@id\":\"https:\/\/puntodincontro.mx\/2025\/11\/01\/il-dia-de-muertos-va-in-scena-a-roma-domenica-2-novembre\/#primaryimage\"},\"thumbnailUrl\":\"https:\/\/puntodincontro.mx\/wp-content\/uploads\/2025\/11\/diademuertosromavert.webp\",\"datePublished\":\"2025-11-01T12:31:49+00:00\",\"dateModified\":\"2025-11-01T12:31:50+00:00\",\"description\":\"Roma si prepara ad accogliere uno degli eventi pi\u00f9 suggestivi e simbolici della cultura messicana: il 'D\u00eda de Muertos'.\",\"breadcrumb\":{\"@id\":\"https:\/\/puntodincontro.mx\/2025\/11\/01\/il-dia-de-muertos-va-in-scena-a-roma-domenica-2-novembre\/#breadcrumb\"},\"inLanguage\":\"es\",\"potentialAction\":[{\"@type\":\"ReadAction\",\"target\":[\"https:\/\/puntodincontro.mx\/2025\/11\/01\/il-dia-de-muertos-va-in-scena-a-roma-domenica-2-novembre\/\"]}]},{\"@type\":\"ImageObject\",\"inLanguage\":\"es\",\"@id\":\"https:\/\/puntodincontro.mx\/2025\/11\/01\/il-dia-de-muertos-va-in-scena-a-roma-domenica-2-novembre\/#primaryimage\",\"url\":\"https:\/\/puntodincontro.mx\/wp-content\/uploads\/2025\/11\/diademuertosromavert.webp\",\"contentUrl\":\"https:\/\/puntodincontro.mx\/wp-content\/uploads\/2025\/11\/diademuertosromavert.webp\",\"width\":423,\"height\":488,\"caption\":\"Il 'D\u00eda de Muertos' va in scena a Roma domenica 2 novembre \/ Foto: gazzettadiplomatica.it\"},{\"@type\":\"BreadcrumbList\",\"@id\":\"https:\/\/puntodincontro.mx\/2025\/11\/01\/il-dia-de-muertos-va-in-scena-a-roma-domenica-2-novembre\/#breadcrumb\",\"itemListElement\":[{\"@type\":\"ListItem\",\"position\":1,\"name\":\"Home\",\"item\":\"https:\/\/puntodincontro.mx\/\"},{\"@type\":\"ListItem\",\"position\":2,\"name\":\"Il &#8216;D\u00eda de Muertos&#8217; va in scena a Roma domenica 2 novembre\"}]},{\"@type\":\"WebSite\",\"@id\":\"https:\/\/puntodincontro.mx\/#website\",\"url\":\"https:\/\/puntodincontro.mx\/\",\"name\":\"Puntodincontro\",\"description\":\"Dal 2006 notizie sui rapporti Italia-Messico \/ Desde 2006 noticias sobre las relaciones entre Italia y M\u00e9xico\",\"publisher\":{\"@id\":\"https:\/\/puntodincontro.mx\/#organization\"},\"potentialAction\":[{\"@type\":\"SearchAction\",\"target\":{\"@type\":\"EntryPoint\",\"urlTemplate\":\"https:\/\/puntodincontro.mx\/?s={search_term_string}\"},\"query-input\":{\"@type\":\"PropertyValueSpecification\",\"valueRequired\":true,\"valueName\":\"search_term_string\"}}],\"inLanguage\":\"es\"},{\"@type\":\"Organization\",\"@id\":\"https:\/\/puntodincontro.mx\/#organization\",\"name\":\"Puntodincontro\",\"url\":\"https:\/\/puntodincontro.mx\/\",\"logo\":{\"@type\":\"ImageObject\",\"inLanguage\":\"es\",\"@id\":\"https:\/\/puntodincontro.mx\/#\/schema\/logo\/image\/\",\"url\":\"https:\/\/puntodincontro.mx\/wp-content\/uploads\/2021\/08\/Default-image-for-open-graph-settings.jpg\",\"contentUrl\":\"https:\/\/puntodincontro.mx\/wp-content\/uploads\/2021\/08\/Default-image-for-open-graph-settings.jpg\",\"width\":1200,\"height\":630,\"caption\":\"Puntodincontro\"},\"image\":{\"@id\":\"https:\/\/puntodincontro.mx\/#\/schema\/logo\/image\/\"},\"sameAs\":[\"https:\/\/www.facebook.com\/puntodincontro.mx\",\"https:\/\/x.com\/puntodincontro\",\"https:\/\/www.instagram.com\/puntodincontro.mx\/\",\"https:\/\/www.linkedin.com\/company\/puntodincontro\/\",\"https:\/\/www.youtube.com\/c\/puntodincontromessico\",\"https:\/\/www.patreon.com\/puntodincontro\",\"https:\/\/www.threads.net\/@puntodincontro.mx\"]},{\"@type\":\"Person\",\"@id\":\"https:\/\/puntodincontro.mx\/#\/schema\/person\/d3066d18a16259cbb0c29b0d0e93b556\",\"name\":\"Puntodincontro\",\"image\":{\"@type\":\"ImageObject\",\"inLanguage\":\"es\",\"@id\":\"https:\/\/puntodincontro.mx\/#\/schema\/person\/image\/\",\"url\":\"https:\/\/secure.gravatar.com\/avatar\/0e85b4b3b5e9d6bfcec6a4956d8cc63a?s=96&d=mm&r=g\",\"contentUrl\":\"https:\/\/secure.gravatar.com\/avatar\/0e85b4b3b5e9d6bfcec6a4956d8cc63a?s=96&d=mm&r=g\",\"caption\":\"Puntodincontro\"},\"url\":\"https:\/\/puntodincontro.mx\/es\/author\/puntodincontro\/\"}]}<\/script>\n<!-- \/ Yoast SEO Premium plugin. -->","yoast_head_json":{"title":"El 'D\u00eda de Muertos' llega a Roma el domingo 2 de noviembre","description":"Roma se prepara para acoger uno de los eventos m\u00e1s evocadores y simb\u00f3licos de la cultura mexicana: el D\u00eda de Muertos.","robots":{"index":"index","follow":"follow","max-snippet":"max-snippet:-1","max-image-preview":"max-image-preview:large","max-video-preview":"max-video-preview:-1"},"canonical":"https:\/\/puntodincontro.mx\/es\/2025\/11\/01\/el-dia-de-muertos-llega-a-roma-el-domingo-2-de-noviembre\/","og_locale":"es_MX","og_type":"article","og_title":"Il 'D\u00eda de Muertos' va in scena a Roma domenica 2 novembre","og_description":"Roma si prepara ad accogliere uno degli eventi pi\u00f9 suggestivi e simbolici della cultura messicana: il 'D\u00eda de Muertos'.","og_url":"https:\/\/puntodincontro.mx\/es\/2025\/11\/01\/el-dia-de-muertos-llega-a-roma-el-domingo-2-de-noviembre\/","og_site_name":"Puntodincontro","article_publisher":"https:\/\/www.facebook.com\/puntodincontro.mx","article_published_time":"2025-11-01T12:31:49+00:00","article_modified_time":"2025-11-01T12:31:50+00:00","og_image":[{"width":932,"height":488,"url":"https:\/\/puntodincontro.mx\/wp-content\/uploads\/2025\/11\/diademuertosromacomp.jpg","type":"image\/jpeg"}],"author":"Puntodincontro","twitter_card":"summary_large_image","twitter_creator":"@puntodincontro","twitter_site":"@puntodincontro","twitter_misc":{"Escrito por":"Puntodincontro","Tiempo de lectura":"2 minutos"},"schema":{"@context":"https:\/\/schema.org","@graph":[{"@type":"NewsArticle","@id":"https:\/\/puntodincontro.mx\/2025\/11\/01\/il-dia-de-muertos-va-in-scena-a-roma-domenica-2-novembre\/#article","isPartOf":{"@id":"https:\/\/puntodincontro.mx\/2025\/11\/01\/il-dia-de-muertos-va-in-scena-a-roma-domenica-2-novembre\/"},"author":{"name":"Puntodincontro","@id":"https:\/\/puntodincontro.mx\/#\/schema\/person\/d3066d18a16259cbb0c29b0d0e93b556"},"headline":"Il &#8216;D\u00eda de Muertos&#8217; va in scena a Roma domenica 2 novembre","datePublished":"2025-11-01T12:31:49+00:00","dateModified":"2025-11-01T12:31:50+00:00","mainEntityOfPage":{"@id":"https:\/\/puntodincontro.mx\/2025\/11\/01\/il-dia-de-muertos-va-in-scena-a-roma-domenica-2-novembre\/"},"wordCount":320,"commentCount":0,"publisher":{"@id":"https:\/\/puntodincontro.mx\/#organization"},"image":{"@id":"https:\/\/puntodincontro.mx\/2025\/11\/01\/il-dia-de-muertos-va-in-scena-a-roma-domenica-2-novembre\/#primaryimage"},"thumbnailUrl":"https:\/\/puntodincontro.mx\/wp-content\/uploads\/2025\/11\/diademuertosromavert.webp","articleSection":["Messico in Italia"],"inLanguage":"es","potentialAction":[{"@type":"CommentAction","name":"Comment","target":["https:\/\/puntodincontro.mx\/2025\/11\/01\/il-dia-de-muertos-va-in-scena-a-roma-domenica-2-novembre\/#respond"]}]},{"@type":"WebPage","@id":"https:\/\/puntodincontro.mx\/2025\/11\/01\/il-dia-de-muertos-va-in-scena-a-roma-domenica-2-novembre\/","url":"https:\/\/puntodincontro.mx\/2025\/11\/01\/il-dia-de-muertos-va-in-scena-a-roma-domenica-2-novembre\/","name":"El 'D\u00eda de Muertos' llega a Roma el domingo 2 de noviembre","isPartOf":{"@id":"https:\/\/puntodincontro.mx\/#website"},"primaryImageOfPage":{"@id":"https:\/\/puntodincontro.mx\/2025\/11\/01\/il-dia-de-muertos-va-in-scena-a-roma-domenica-2-novembre\/#primaryimage"},"image":{"@id":"https:\/\/puntodincontro.mx\/2025\/11\/01\/il-dia-de-muertos-va-in-scena-a-roma-domenica-2-novembre\/#primaryimage"},"thumbnailUrl":"https:\/\/puntodincontro.mx\/wp-content\/uploads\/2025\/11\/diademuertosromavert.webp","datePublished":"2025-11-01T12:31:49+00:00","dateModified":"2025-11-01T12:31:50+00:00","description":"Roma se prepara para acoger uno de los eventos m\u00e1s evocadores y simb\u00f3licos de la cultura mexicana: el D\u00eda de Muertos.","breadcrumb":{"@id":"https:\/\/puntodincontro.mx\/2025\/11\/01\/il-dia-de-muertos-va-in-scena-a-roma-domenica-2-novembre\/#breadcrumb"},"inLanguage":"es","potentialAction":[{"@type":"ReadAction","target":["https:\/\/puntodincontro.mx\/2025\/11\/01\/il-dia-de-muertos-va-in-scena-a-roma-domenica-2-novembre\/"]}]},{"@type":"ImageObject","inLanguage":"es","@id":"https:\/\/puntodincontro.mx\/2025\/11\/01\/il-dia-de-muertos-va-in-scena-a-roma-domenica-2-novembre\/#primaryimage","url":"https:\/\/puntodincontro.mx\/wp-content\/uploads\/2025\/11\/diademuertosromavert.webp","contentUrl":"https:\/\/puntodincontro.mx\/wp-content\/uploads\/2025\/11\/diademuertosromavert.webp","width":423,"height":488,"caption":"Il 'D\u00eda de Muertos' va in scena a Roma domenica 2 novembre \/ Foto: gazzettadiplomatica.it"},{"@type":"BreadcrumbList","@id":"https:\/\/puntodincontro.mx\/2025\/11\/01\/il-dia-de-muertos-va-in-scena-a-roma-domenica-2-novembre\/#breadcrumb","itemListElement":[{"@type":"ListItem","position":1,"name":"Home","item":"https:\/\/puntodincontro.mx\/"},{"@type":"ListItem","position":2,"name":"Il &#8216;D\u00eda de Muertos&#8217; va in scena a Roma domenica 2 novembre"}]},{"@type":"WebSite","@id":"https:\/\/puntodincontro.mx\/#website","url":"https:\/\/puntodincontro.mx\/","name":"Puntodincontro","description":"Desde el 2006 noticias sobre las relaciones entre Italia y M\u00e9xico \/ Dal 2006 notizie sui rapporti Italia-Messico","publisher":{"@id":"https:\/\/puntodincontro.mx\/#organization"},"potentialAction":[{"@type":"SearchAction","target":{"@type":"EntryPoint","urlTemplate":"https:\/\/puntodincontro.mx\/?s={search_term_string}"},"query-input":{"@type":"PropertyValueSpecification","valueRequired":true,"valueName":"search_term_string"}}],"inLanguage":"es"},{"@type":"Organization","@id":"https:\/\/puntodincontro.mx\/#organization","name":"Puntodincontro","url":"https:\/\/puntodincontro.mx\/","logo":{"@type":"ImageObject","inLanguage":"es","@id":"https:\/\/puntodincontro.mx\/#\/schema\/logo\/image\/","url":"https:\/\/puntodincontro.mx\/wp-content\/uploads\/2021\/08\/Default-image-for-open-graph-settings.jpg","contentUrl":"https:\/\/puntodincontro.mx\/wp-content\/uploads\/2021\/08\/Default-image-for-open-graph-settings.jpg","width":1200,"height":630,"caption":"Puntodincontro"},"image":{"@id":"https:\/\/puntodincontro.mx\/#\/schema\/logo\/image\/"},"sameAs":["https:\/\/www.facebook.com\/puntodincontro.mx","https:\/\/x.com\/puntodincontro","https:\/\/www.instagram.com\/puntodincontro.mx\/","https:\/\/www.linkedin.com\/company\/puntodincontro\/","https:\/\/www.youtube.com\/c\/puntodincontromessico","https:\/\/www.patreon.com\/puntodincontro","https:\/\/www.threads.net\/@puntodincontro.mx"]},{"@type":"Person","@id":"https:\/\/puntodincontro.mx\/#\/schema\/person\/d3066d18a16259cbb0c29b0d0e93b556","name":"Puntodincontro","image":{"@type":"ImageObject","inLanguage":"es","@id":"https:\/\/puntodincontro.mx\/#\/schema\/person\/image\/","url":"https:\/\/secure.gravatar.com\/avatar\/0e85b4b3b5e9d6bfcec6a4956d8cc63a?s=96&d=mm&r=g","contentUrl":"https:\/\/secure.gravatar.com\/avatar\/0e85b4b3b5e9d6bfcec6a4956d8cc63a?s=96&d=mm&r=g","caption":"Puntodincontro"},"url":"https:\/\/puntodincontro.mx\/es\/author\/puntodincontro\/"}]}},"_links":{"self":[{"href":"https:\/\/puntodincontro.mx\/es\/wp-json\/wp\/v2\/posts\/24155"}],"collection":[{"href":"https:\/\/puntodincontro.mx\/es\/wp-json\/wp\/v2\/posts"}],"about":[{"href":"https:\/\/puntodincontro.mx\/es\/wp-json\/wp\/v2\/types\/post"}],"author":[{"embeddable":true,"href":"https:\/\/puntodincontro.mx\/es\/wp-json\/wp\/v2\/users\/2"}],"replies":[{"embeddable":true,"href":"https:\/\/puntodincontro.mx\/es\/wp-json\/wp\/v2\/comments?post=24155"}],"version-history":[{"count":5,"href":"https:\/\/puntodincontro.mx\/es\/wp-json\/wp\/v2\/posts\/24155\/revisions"}],"predecessor-version":[{"id":24161,"href":"https:\/\/puntodincontro.mx\/es\/wp-json\/wp\/v2\/posts\/24155\/revisions\/24161"}],"wp:featuredmedia":[{"embeddable":true,"href":"https:\/\/puntodincontro.mx\/es\/wp-json\/wp\/v2\/media\/24162"}],"wp:attachment":[{"href":"https:\/\/puntodincontro.mx\/es\/wp-json\/wp\/v2\/media?parent=24155"}],"wp:term":[{"taxonomy":"category","embeddable":true,"href":"https:\/\/puntodincontro.mx\/es\/wp-json\/wp\/v2\/categories?post=24155"},{"taxonomy":"post_tag","embeddable":true,"href":"https:\/\/puntodincontro.mx\/es\/wp-json\/wp\/v2\/tags?post=24155"}],"curies":[{"name":"wp","href":"https:\/\/api.w.org\/{rel}","templated":true}]}}