{"id":24191,"date":"2025-11-05T09:12:11","date_gmt":"2025-11-05T15:12:11","guid":{"rendered":"https:\/\/puntodincontro.mx\/?p=24191"},"modified":"2025-11-05T09:12:12","modified_gmt":"2025-11-05T15:12:12","slug":"una-obra-del-arte-plumario-mexica-en-el-museo-de-culturas-de-milan","status":"publish","type":"post","link":"https:\/\/puntodincontro.mx\/es\/2025\/11\/05\/unopera-dellarte-piumaria-mexica-al-museo-delle-culture-di-milano\/","title":{"rendered":"Una obra del arte plumario mexica en el Museo de Culturas de Mil\u00e1n"},"content":{"rendered":"<p class=\"translation-block\"><b>08:35 h<\/b> - El retrato del cardenal Giulio Rospigliosi, un mosaico de plumas y obra maestra del arte plumario precolombino, nueva adquisici\u00f3n del centro de exposiciones, se exhibir\u00e1 en la colecci\u00f3n permanente del Museo de las Culturas (MUDEC) de Mil\u00e1n, en la sala dedicada a la Colecci\u00f3n Settala.<\/p>\n\n\n\n<p>Esta obra, creada por un artista mexicano an\u00f3nimo del siglo XVII y que representa al futuro Papa Clemente IX, enriquece a\u00fan m\u00e1s las colecciones del ayuntamiento de la capital de la regi\u00f3n italiana de Lombard\u00eda.<\/p>\n\n\n\n<p>La adquisici\u00f3n es el resultado de una extensa investigaci\u00f3n y una rigurosa verificaci\u00f3n de procedencia, llevada a cabo con la aprobaci\u00f3n y colaboraci\u00f3n de la Embajada de M\u00e9xico en Italia.<\/p>\n\n\n\n<p class=\"translation-block\">Creada en tierra azteca entre la segunda mitad de la d\u00e9cada de 1660 y la primera mitad de la de 1670, la pintura es un excelente ejemplo del llamado <em>arte amanteca<\/em>, nombre con el que se conoc\u00edan en el Imperio Mexica las obras de los artesanos especializados en la creaci\u00f3n de accesorios, prendas y ornamentos con plumas preciosas.<\/p>\n\n\n\n<p class=\"translation-block\">El m\u00e9todo consist\u00eda en aplicar una o m\u00e1s l\u00e1minas de papel <em>amatl<\/em> sobre una placa de cobre, que luego se cubr\u00edan con capas de coloridas plumas de aves.<\/p>\n\n\n\n<p>Esta t\u00e9cnica, basada en una larga tradici\u00f3n prehisp\u00e1nica, se utilizaba en el virreinato de Nueva Espa\u00f1a para crear im\u00e1genes sagradas cat\u00f3licas encargadas por las autoridades eclesi\u00e1sticas.<\/p>\n\n\n\n<p>Los misioneros pronto reconocieron su potencial como herramienta de evangelizaci\u00f3n y numerosos ejemplares fueron enviados a Europa como obsequios a papas, emperadores y soberanos. Las obras se incluyeron en las colecciones de maravillas m\u00e1s antiguas del mundo, como las de las familias Farnese, Chigi y M\u00e9dici, as\u00ed como en el gabinete de curiosidades del jesuita Atanasio Kircher (1602-1680).<\/p>\n\n\n\n<p>Entre los coleccionistas de la \u00e9poca se encontraba Manfredo Settala \u2014parte de cuya colecci\u00f3n se exhibe actualmente en el Mudec\u2014, quien pose\u00eda varias peque\u00f1as piezas de la t\u00e9cnica de la amanteca, lamentablemente perdidas en la actualidad.<\/p>\n\n\n\n<p class=\"translation-block\">Los retratos de este tipo y de dimensiones similares \u2014que requirieron varios meses de trabajo\u2014 son extremadamente raros. La obra adquirida por el Mudec puede vincularse a una posible serie de dos pinturas realizadas por el mismo taller. La primera de ellas, el retrato del papa Alejandro VII Chigi (datado hacia 1665-1666), ya se exhibi\u00f3 con motivo de la inauguraci\u00f3n de la exposici\u00f3n permanente \u00abMil\u00e1n global. El mundo visto desde aqu\u00ed\u00bb (2021).<\/p>\n\n\n\n<p class=\"has-small-font-size\">Imagen: comune.milano.it<\/p>\n\n\n\n<div style=\"height:12px\" aria-hidden=\"true\" class=\"wp-block-spacer\"><\/div>\n\n\n<!-- Ad space powered by WP AdCenter v2.5.7 - https:\/\/wpadcenter.com\/ --><div class=\"wpadcenter-adgroup\" ><div class=\"wpadcenter-adgroup__row wpadcenter-aligncenter\"><div class=\"wpadcenter-ad-container\" ><div id=\"wpadcenter-ad-18464\" class=\"ad-placement\"><div class=\"wpadcenter-ad-inner\" ><a id=\"wpadcenter_ad\" data-value=\"18464\" data-placement=\"\" href=\"https:\/\/www.productosremo.com\/\" target=\"_blank\" class=\"wpadcenter-ad-inner__item\" ><img decoding=\"async\"   src=\"https:\/\/puntodincontro.mx\/wp-content\/uploads\/2021\/08\/remobanner.jpg\" class=\"attachment-post-thumbnail size-post-thumbnail wp-post-image\" alt=\"\" srcset=\"https:\/\/puntodincontro.mx\/wp-content\/uploads\/2021\/08\/remobanner.jpg 200w, https:\/\/puntodincontro.mx\/wp-content\/uploads\/2021\/08\/remobanner-16x5.jpg 16w\" sizes=\"(max-width: 200px) 100vw, 200px\" \/><\/a><\/div><\/div><\/div><div class=\"wpadcenter-ad-container\" ><div id=\"wpadcenter-ad-5305\" class=\"ad-placement\"><div class=\"wpadcenter-ad-inner\" ><a id=\"wpadcenter_ad\" data-value=\"5305\" data-placement=\"\" href=\"https:\/\/ambcittadelmessico.esteri.it\/ambasciata_cittadelmessico\/it\/\" target=\"_blank\" class=\"wpadcenter-ad-inner__item\" ><img decoding=\"async\"   src=\"https:\/\/puntodincontro.mx\/wp-content\/uploads\/2022\/05\/Ambasciata.jpg\" class=\"attachment-post-thumbnail size-post-thumbnail wp-post-image\" alt=\"\" srcset=\"https:\/\/puntodincontro.mx\/wp-content\/uploads\/2022\/05\/Ambasciata.jpg 200w, https:\/\/puntodincontro.mx\/wp-content\/uploads\/2022\/05\/Ambasciata-18x5.jpg 18w\" sizes=\"(max-width: 200px) 100vw, 200px\" \/><\/a><\/div><\/div><\/div><div class=\"wpadcenter-ad-container\" ><div id=\"wpadcenter-ad-3781\" class=\"ad-placement\"><div class=\"wpadcenter-ad-inner\" ><a id=\"wpadcenter_ad\" data-value=\"3781\" data-placement=\"\" href=\"https:\/\/cannizzo.com.mx\/\" target=\"_blank\" class=\"wpadcenter-ad-inner__item\" ><img decoding=\"async\"   src=\"https:\/\/puntodincontro.mx\/wp-content\/uploads\/2022\/03\/cannizzo2.jpg\" class=\"attachment-post-thumbnail size-post-thumbnail wp-post-image\" alt=\"\" srcset=\"https:\/\/puntodincontro.mx\/wp-content\/uploads\/2022\/03\/cannizzo2.jpg 200w, https:\/\/puntodincontro.mx\/wp-content\/uploads\/2022\/03\/cannizzo2-18x5.jpg 18w\" sizes=\"(max-width: 200px) 100vw, 200px\" \/><\/a><\/div><\/div><\/div><\/div><div class=\"wpadcenter-adgroup__row wpadcenter-aligncenter\"><div class=\"wpadcenter-ad-container\" ><div id=\"wpadcenter-ad-1704\" class=\"ad-placement\"><div class=\"wpadcenter-ad-inner\" ><a id=\"wpadcenter_ad\" data-value=\"1704\" data-placement=\"\" href=\"https:\/\/puntodincontro.mx\/es\/2021\/12\/24\/inps-verificacion-de-supervivencia-de-los-pensionados-en-el-extranjero\/\" target=\"_blank\" class=\"wpadcenter-ad-inner__item\" ><img decoding=\"async\"   src=\"https:\/\/puntodincontro.mx\/wp-content\/uploads\/2021\/11\/logo-ital.jpg\" class=\"attachment-post-thumbnail size-post-thumbnail wp-post-image\" alt=\"Patronato ITAL Messico\" srcset=\"https:\/\/puntodincontro.mx\/wp-content\/uploads\/2021\/11\/logo-ital.jpg 200w, https:\/\/puntodincontro.mx\/wp-content\/uploads\/2021\/11\/logo-ital-16x5.jpg 16w\" sizes=\"(max-width: 200px) 100vw, 200px\" \/><\/a><\/div><\/div><\/div><div class=\"wpadcenter-ad-container\" ><div id=\"wpadcenter-ad-1538\" class=\"ad-placement\"><div class=\"wpadcenter-ad-inner\" ><a id=\"wpadcenter_ad\" data-value=\"1538\" data-placement=\"\" href=\"https:\/\/asociacionitaliana.org\/\" target=\"_blank\" class=\"wpadcenter-ad-inner__item\" ><img decoding=\"async\"   src=\"https:\/\/puntodincontro.mx\/wp-content\/uploads\/2021\/11\/aialogo.jpg\" class=\"attachment-post-thumbnail size-post-thumbnail wp-post-image\" alt=\"Associazione Italiana di Assistenza IAP\" srcset=\"https:\/\/puntodincontro.mx\/wp-content\/uploads\/2021\/11\/aialogo.jpg 200w, https:\/\/puntodincontro.mx\/wp-content\/uploads\/2021\/11\/aialogo-18x5.jpg 18w\" sizes=\"(max-width: 200px) 100vw, 200px\" \/><\/a><\/div><\/div><\/div><div class=\"wpadcenter-ad-container\" ><div id=\"wpadcenter-ad-1513\" class=\"ad-placement\"><div class=\"wpadcenter-ad-inner\" ><a id=\"wpadcenter_ad\" data-value=\"1513\" data-placement=\"\" href=\"https:\/\/gcinmuebles.mx\" target=\"_blank\" class=\"wpadcenter-ad-inner__item\" ><img decoding=\"async\"   src=\"https:\/\/puntodincontro.mx\/wp-content\/uploads\/2021\/10\/gcinmuebleslogopunto-1.jpg\" class=\"attachment-post-thumbnail size-post-thumbnail wp-post-image\" alt=\"\" srcset=\"https:\/\/puntodincontro.mx\/wp-content\/uploads\/2021\/10\/gcinmuebleslogopunto-1.jpg 200w, https:\/\/puntodincontro.mx\/wp-content\/uploads\/2021\/10\/gcinmuebleslogopunto-1-18x5.jpg 18w\" sizes=\"(max-width: 200px) 100vw, 200px\" \/><\/a><\/div><\/div><\/div><\/div><div class=\"wpadcenter-adgroup__row wpadcenter-aligncenter\"><div class=\"wpadcenter-ad-container\" ><div id=\"wpadcenter-ad-1374\" class=\"ad-placement\"><div class=\"wpadcenter-ad-inner\" ><a id=\"wpadcenter_ad\" data-value=\"1374\" data-placement=\"\" href=\"https:\/\/www.9colonne.it\/\" target=\"_blank\" class=\"wpadcenter-ad-inner__item\" ><img decoding=\"async\"   src=\"https:\/\/puntodincontro.mx\/wp-content\/uploads\/2021\/10\/Banner9colonne.gif\" class=\"attachment-post-thumbnail size-post-thumbnail wp-post-image\" alt=\"\" \/><\/a><\/div><\/div><\/div><div class=\"wpadcenter-ad-container\" ><div id=\"wpadcenter-ad-276\" class=\"ad-placement\"><div class=\"wpadcenter-ad-inner\" ><a id=\"wpadcenter_ad\" data-value=\"276\" data-placement=\"\" href=\"http:\/\/www.camaraitaliana.mx\/\" target=\"_blank\" class=\"wpadcenter-ad-inner__item\" ><img decoding=\"async\"   src=\"https:\/\/puntodincontro.mx\/wp-content\/uploads\/2021\/08\/ccimnuovo.jpg\" class=\"attachment-post-thumbnail size-post-thumbnail wp-post-image\" alt=\"\" srcset=\"https:\/\/puntodincontro.mx\/wp-content\/uploads\/2021\/08\/ccimnuovo.jpg 200w, https:\/\/puntodincontro.mx\/wp-content\/uploads\/2021\/08\/ccimnuovo-18x5.jpg 18w\" sizes=\"(max-width: 200px) 100vw, 200px\" \/><\/a><\/div><\/div><\/div><div class=\"wpadcenter-ad-container\" ><div id=\"wpadcenter-ad-272\" class=\"ad-placement\"><div class=\"wpadcenter-ad-inner\" ><a id=\"wpadcenter_ad\" data-value=\"272\" data-placement=\"\" href=\"http:\/\/corix.us\/\" target=\"_blank\" class=\"wpadcenter-ad-inner__item\" ><img decoding=\"async\"   src=\"https:\/\/puntodincontro.mx\/wp-content\/uploads\/2021\/08\/corixbanner-1.jpg\" class=\"attachment-post-thumbnail size-post-thumbnail wp-post-image\" alt=\"\" srcset=\"https:\/\/puntodincontro.mx\/wp-content\/uploads\/2021\/08\/corixbanner-1.jpg 200w, https:\/\/puntodincontro.mx\/wp-content\/uploads\/2021\/08\/corixbanner-1-16x5.jpg 16w\" sizes=\"(max-width: 200px) 100vw, 200px\" \/><\/a><\/div><\/div><\/div><\/div><div class=\"wpadcenter-adgroup__row wpadcenter-aligncenter\"><div class=\"wpadcenter-ad-container\" ><div id=\"wpadcenter-ad-266\" class=\"ad-placement\"><div class=\"wpadcenter-ad-inner\" ><a id=\"wpadcenter_ad\" data-value=\"266\" data-placement=\"\" href=\"https:\/\/www.prinsel.com.mx\/\" target=\"_blank\" class=\"wpadcenter-ad-inner__item\" ><img decoding=\"async\"   src=\"https:\/\/puntodincontro.mx\/wp-content\/uploads\/2021\/08\/prinselbanner-1.jpg\" class=\"attachment-post-thumbnail size-post-thumbnail wp-post-image\" alt=\"\" srcset=\"https:\/\/puntodincontro.mx\/wp-content\/uploads\/2021\/08\/prinselbanner-1.jpg 200w, https:\/\/puntodincontro.mx\/wp-content\/uploads\/2021\/08\/prinselbanner-1-16x5.jpg 16w\" sizes=\"(max-width: 200px) 100vw, 200px\" \/><\/a><\/div><\/div><\/div><div class=\"wpadcenter-ad-container\" ><div id=\"wpadcenter-ad-261\" class=\"ad-placement\"><div class=\"wpadcenter-ad-inner\" ><a id=\"wpadcenter_ad\" data-value=\"261\" data-placement=\"\" href=\"https:\/\/faitalia.com.mx\/\" target=\"_blank\" class=\"wpadcenter-ad-inner__item\" ><img decoding=\"async\"   src=\"https:\/\/puntodincontro.mx\/wp-content\/uploads\/2021\/08\/gruppodino.jpg\" class=\"attachment-post-thumbnail size-post-thumbnail wp-post-image\" alt=\"\" srcset=\"https:\/\/puntodincontro.mx\/wp-content\/uploads\/2021\/08\/gruppodino.jpg 200w, https:\/\/puntodincontro.mx\/wp-content\/uploads\/2021\/08\/gruppodino-18x5.jpg 18w\" sizes=\"(max-width: 200px) 100vw, 200px\" \/><\/a><\/div><\/div><\/div><\/div><\/div>\n\n\n<div style=\"height:12px\" aria-hidden=\"true\" class=\"wp-block-spacer\"><\/div>","protected":false},"excerpt":{"rendered":"<p>Ore 08:35 &#8211; Sar\u00e0 esposto a Milano nella collezione permanente del Museo delle Culture (Mudec) \u2014nella sala dedicata alla Collezione Settala\u2014 il ritratto del cardinale Giulio Rospigliosi, mosaico di piume e capolavoro dell\u2019arte piumaria precolombiana, nuova acquisizione del centro espositivo. Si tratta di un\u2019opera realizzata da un anonimo artista messicano del XVII secolo e raffigurante il futuro papa Clemente IX, che arricchisce ulteriormente le collezioni del Comune del capoluogo lombardo. L\u2019acquisto \u00e8 il risultato di lunghe ricerche e di una rigorosa due diligence in materia di provenienza, condotta con l\u2019approvazione e la collaborazione dell\u2019Ambasciata del Messico in Italia. Realizzato in&#8230; <\/p>","protected":false},"author":2,"featured_media":24203,"comment_status":"open","ping_status":"open","sticky":false,"template":"","format":"standard","meta":{"_monsterinsights_skip_tracking":false,"_monsterinsights_sitenote_active":false,"_monsterinsights_sitenote_note":"","_monsterinsights_sitenote_category":0,"footnotes":""},"categories":[25],"tags":[],"class_list":["post-24191","post","type-post","status-publish","format-standard","has-post-thumbnail","hentry","category-cultura"],"yoast_head":"<!-- This site is optimized with the Yoast SEO Premium plugin v18.4 (Yoast SEO v25.6) - https:\/\/yoast.com\/wordpress\/plugins\/seo\/ -->\n<title>Un&#039;opera dell&#039;arte piumaria mexica al Museo delle Culture di Milano<\/title>\n<meta name=\"description\" content=\"Sar\u00e0 esposto al Museo delle Culture di Milano il ritratto del cardinale Giulio Rospigliosi, opera dell\u2019arte piumaria precolombiana.\" \/>\n<meta name=\"robots\" content=\"index, follow, max-snippet:-1, max-image-preview:large, max-video-preview:-1\" \/>\n<link rel=\"canonical\" href=\"https:\/\/puntodincontro.mx\/es\/2025\/11\/05\/una-obra-del-arte-plumario-mexica-en-el-museo-de-culturas-de-milan\/\" \/>\n<meta property=\"og:locale\" content=\"es_MX\" \/>\n<meta property=\"og:type\" content=\"article\" \/>\n<meta property=\"og:title\" content=\"Un&#039;opera dell&#039;arte piumaria mexica al Museo delle Culture di Milano\" \/>\n<meta property=\"og:description\" content=\"Sar\u00e0 esposto al Museo delle Culture di Milano il ritratto del cardinale Giulio Rospigliosi, opera dell\u2019arte piumaria precolombiana.\" \/>\n<meta property=\"og:url\" content=\"https:\/\/puntodincontro.mx\/es\/2025\/11\/05\/una-obra-del-arte-plumario-mexica-en-el-museo-de-culturas-de-milan\/\" \/>\n<meta property=\"og:site_name\" content=\"Puntodincontro\" \/>\n<meta property=\"article:publisher\" content=\"https:\/\/www.facebook.com\/puntodincontro.mx\" \/>\n<meta property=\"article:published_time\" content=\"2025-11-05T15:12:11+00:00\" \/>\n<meta property=\"article:modified_time\" content=\"2025-11-05T15:12:12+00:00\" \/>\n<meta property=\"og:image\" content=\"https:\/\/puntodincontro.mx\/wp-content\/uploads\/2025\/11\/carinalemudecpuntocomp.jpg\" \/>\n\t<meta property=\"og:image:width\" content=\"932\" \/>\n\t<meta property=\"og:image:height\" content=\"488\" \/>\n\t<meta property=\"og:image:type\" content=\"image\/jpeg\" \/>\n<meta name=\"author\" content=\"Puntodincontro\" \/>\n<meta name=\"twitter:card\" content=\"summary_large_image\" \/>\n<meta name=\"twitter:creator\" content=\"@puntodincontro\" \/>\n<meta name=\"twitter:site\" content=\"@puntodincontro\" \/>\n<meta name=\"twitter:label1\" content=\"Escrito por\" \/>\n\t<meta name=\"twitter:data1\" content=\"Puntodincontro\" \/>\n\t<meta name=\"twitter:label2\" content=\"Tiempo de lectura\" \/>\n\t<meta name=\"twitter:data2\" content=\"2 minutos\" \/>\n<script type=\"application\/ld+json\" class=\"yoast-schema-graph\">{\"@context\":\"https:\/\/schema.org\",\"@graph\":[{\"@type\":\"NewsArticle\",\"@id\":\"https:\/\/puntodincontro.mx\/2025\/11\/05\/unopera-dellarte-piumaria-mexica-al-museo-delle-culture-di-milano\/#article\",\"isPartOf\":{\"@id\":\"https:\/\/puntodincontro.mx\/2025\/11\/05\/unopera-dellarte-piumaria-mexica-al-museo-delle-culture-di-milano\/\"},\"author\":{\"name\":\"Puntodincontro\",\"@id\":\"https:\/\/puntodincontro.mx\/#\/schema\/person\/d3066d18a16259cbb0c29b0d0e93b556\"},\"headline\":\"Un&#8217;opera dell&#8217;arte piumaria mexica al Museo delle Culture di Milano\",\"datePublished\":\"2025-11-05T15:12:11+00:00\",\"dateModified\":\"2025-11-05T15:12:12+00:00\",\"mainEntityOfPage\":{\"@id\":\"https:\/\/puntodincontro.mx\/2025\/11\/05\/unopera-dellarte-piumaria-mexica-al-museo-delle-culture-di-milano\/\"},\"wordCount\":381,\"commentCount\":5,\"publisher\":{\"@id\":\"https:\/\/puntodincontro.mx\/#organization\"},\"image\":{\"@id\":\"https:\/\/puntodincontro.mx\/2025\/11\/05\/unopera-dellarte-piumaria-mexica-al-museo-delle-culture-di-milano\/#primaryimage\"},\"thumbnailUrl\":\"https:\/\/puntodincontro.mx\/wp-content\/uploads\/2025\/11\/carinalemudecpuntovert.webp\",\"articleSection\":[\"Cultura\"],\"inLanguage\":\"es\",\"potentialAction\":[{\"@type\":\"CommentAction\",\"name\":\"Comment\",\"target\":[\"https:\/\/puntodincontro.mx\/2025\/11\/05\/unopera-dellarte-piumaria-mexica-al-museo-delle-culture-di-milano\/#respond\"]}]},{\"@type\":\"WebPage\",\"@id\":\"https:\/\/puntodincontro.mx\/2025\/11\/05\/unopera-dellarte-piumaria-mexica-al-museo-delle-culture-di-milano\/\",\"url\":\"https:\/\/puntodincontro.mx\/2025\/11\/05\/unopera-dellarte-piumaria-mexica-al-museo-delle-culture-di-milano\/\",\"name\":\"Un'opera dell'arte piumaria mexica al Museo delle Culture di Milano\",\"isPartOf\":{\"@id\":\"https:\/\/puntodincontro.mx\/#website\"},\"primaryImageOfPage\":{\"@id\":\"https:\/\/puntodincontro.mx\/2025\/11\/05\/unopera-dellarte-piumaria-mexica-al-museo-delle-culture-di-milano\/#primaryimage\"},\"image\":{\"@id\":\"https:\/\/puntodincontro.mx\/2025\/11\/05\/unopera-dellarte-piumaria-mexica-al-museo-delle-culture-di-milano\/#primaryimage\"},\"thumbnailUrl\":\"https:\/\/puntodincontro.mx\/wp-content\/uploads\/2025\/11\/carinalemudecpuntovert.webp\",\"datePublished\":\"2025-11-05T15:12:11+00:00\",\"dateModified\":\"2025-11-05T15:12:12+00:00\",\"description\":\"Sar\u00e0 esposto al Museo delle Culture di Milano il ritratto del cardinale Giulio Rospigliosi, opera dell\u2019arte piumaria precolombiana.\",\"breadcrumb\":{\"@id\":\"https:\/\/puntodincontro.mx\/2025\/11\/05\/unopera-dellarte-piumaria-mexica-al-museo-delle-culture-di-milano\/#breadcrumb\"},\"inLanguage\":\"es\",\"potentialAction\":[{\"@type\":\"ReadAction\",\"target\":[\"https:\/\/puntodincontro.mx\/2025\/11\/05\/unopera-dellarte-piumaria-mexica-al-museo-delle-culture-di-milano\/\"]}]},{\"@type\":\"ImageObject\",\"inLanguage\":\"es\",\"@id\":\"https:\/\/puntodincontro.mx\/2025\/11\/05\/unopera-dellarte-piumaria-mexica-al-museo-delle-culture-di-milano\/#primaryimage\",\"url\":\"https:\/\/puntodincontro.mx\/wp-content\/uploads\/2025\/11\/carinalemudecpuntovert.webp\",\"contentUrl\":\"https:\/\/puntodincontro.mx\/wp-content\/uploads\/2025\/11\/carinalemudecpuntovert.webp\",\"width\":423,\"height\":488,\"caption\":\"Un'opera di arte piumaria mexica al Museo delle Culture di Milano \/ Immagine: comune.milano.it\"},{\"@type\":\"BreadcrumbList\",\"@id\":\"https:\/\/puntodincontro.mx\/2025\/11\/05\/unopera-dellarte-piumaria-mexica-al-museo-delle-culture-di-milano\/#breadcrumb\",\"itemListElement\":[{\"@type\":\"ListItem\",\"position\":1,\"name\":\"Home\",\"item\":\"https:\/\/puntodincontro.mx\/\"},{\"@type\":\"ListItem\",\"position\":2,\"name\":\"Un&#8217;opera dell&#8217;arte piumaria mexica al Museo delle Culture di Milano\"}]},{\"@type\":\"WebSite\",\"@id\":\"https:\/\/puntodincontro.mx\/#website\",\"url\":\"https:\/\/puntodincontro.mx\/\",\"name\":\"Puntodincontro\",\"description\":\"Dal 2006 notizie sui rapporti Italia-Messico \/ Desde 2006 noticias sobre las relaciones entre Italia y M\u00e9xico\",\"publisher\":{\"@id\":\"https:\/\/puntodincontro.mx\/#organization\"},\"potentialAction\":[{\"@type\":\"SearchAction\",\"target\":{\"@type\":\"EntryPoint\",\"urlTemplate\":\"https:\/\/puntodincontro.mx\/?s={search_term_string}\"},\"query-input\":{\"@type\":\"PropertyValueSpecification\",\"valueRequired\":true,\"valueName\":\"search_term_string\"}}],\"inLanguage\":\"es\"},{\"@type\":\"Organization\",\"@id\":\"https:\/\/puntodincontro.mx\/#organization\",\"name\":\"Puntodincontro\",\"url\":\"https:\/\/puntodincontro.mx\/\",\"logo\":{\"@type\":\"ImageObject\",\"inLanguage\":\"es\",\"@id\":\"https:\/\/puntodincontro.mx\/#\/schema\/logo\/image\/\",\"url\":\"https:\/\/puntodincontro.mx\/wp-content\/uploads\/2021\/08\/Default-image-for-open-graph-settings.jpg\",\"contentUrl\":\"https:\/\/puntodincontro.mx\/wp-content\/uploads\/2021\/08\/Default-image-for-open-graph-settings.jpg\",\"width\":1200,\"height\":630,\"caption\":\"Puntodincontro\"},\"image\":{\"@id\":\"https:\/\/puntodincontro.mx\/#\/schema\/logo\/image\/\"},\"sameAs\":[\"https:\/\/www.facebook.com\/puntodincontro.mx\",\"https:\/\/x.com\/puntodincontro\",\"https:\/\/www.instagram.com\/puntodincontro.mx\/\",\"https:\/\/www.linkedin.com\/company\/puntodincontro\/\",\"https:\/\/www.youtube.com\/c\/puntodincontromessico\",\"https:\/\/www.patreon.com\/puntodincontro\",\"https:\/\/www.threads.net\/@puntodincontro.mx\"]},{\"@type\":\"Person\",\"@id\":\"https:\/\/puntodincontro.mx\/#\/schema\/person\/d3066d18a16259cbb0c29b0d0e93b556\",\"name\":\"Puntodincontro\",\"image\":{\"@type\":\"ImageObject\",\"inLanguage\":\"es\",\"@id\":\"https:\/\/puntodincontro.mx\/#\/schema\/person\/image\/\",\"url\":\"https:\/\/secure.gravatar.com\/avatar\/0e85b4b3b5e9d6bfcec6a4956d8cc63a?s=96&d=mm&r=g\",\"contentUrl\":\"https:\/\/secure.gravatar.com\/avatar\/0e85b4b3b5e9d6bfcec6a4956d8cc63a?s=96&d=mm&r=g\",\"caption\":\"Puntodincontro\"},\"url\":\"https:\/\/puntodincontro.mx\/es\/author\/puntodincontro\/\"}]}<\/script>\n<!-- \/ Yoast SEO Premium plugin. -->","yoast_head_json":{"title":"Una obra del arte plumario mexica en el Museo de Culturas de Mil\u00e1n","description":"Se exhibir\u00e1 en el Museo de las Culturas de Mil\u00e1n el retrato del cardenal Giulio Rospigliosi, obra del arte plumario prehisp\u00e1nico.","robots":{"index":"index","follow":"follow","max-snippet":"max-snippet:-1","max-image-preview":"max-image-preview:large","max-video-preview":"max-video-preview:-1"},"canonical":"https:\/\/puntodincontro.mx\/es\/2025\/11\/05\/una-obra-del-arte-plumario-mexica-en-el-museo-de-culturas-de-milan\/","og_locale":"es_MX","og_type":"article","og_title":"Un'opera dell'arte piumaria mexica al Museo delle Culture di Milano","og_description":"Sar\u00e0 esposto al Museo delle Culture di Milano il ritratto del cardinale Giulio Rospigliosi, opera dell\u2019arte piumaria precolombiana.","og_url":"https:\/\/puntodincontro.mx\/es\/2025\/11\/05\/una-obra-del-arte-plumario-mexica-en-el-museo-de-culturas-de-milan\/","og_site_name":"Puntodincontro","article_publisher":"https:\/\/www.facebook.com\/puntodincontro.mx","article_published_time":"2025-11-05T15:12:11+00:00","article_modified_time":"2025-11-05T15:12:12+00:00","og_image":[{"width":932,"height":488,"url":"https:\/\/puntodincontro.mx\/wp-content\/uploads\/2025\/11\/carinalemudecpuntocomp.jpg","type":"image\/jpeg"}],"author":"Puntodincontro","twitter_card":"summary_large_image","twitter_creator":"@puntodincontro","twitter_site":"@puntodincontro","twitter_misc":{"Escrito por":"Puntodincontro","Tiempo de lectura":"2 minutos"},"schema":{"@context":"https:\/\/schema.org","@graph":[{"@type":"NewsArticle","@id":"https:\/\/puntodincontro.mx\/2025\/11\/05\/unopera-dellarte-piumaria-mexica-al-museo-delle-culture-di-milano\/#article","isPartOf":{"@id":"https:\/\/puntodincontro.mx\/2025\/11\/05\/unopera-dellarte-piumaria-mexica-al-museo-delle-culture-di-milano\/"},"author":{"name":"Puntodincontro","@id":"https:\/\/puntodincontro.mx\/#\/schema\/person\/d3066d18a16259cbb0c29b0d0e93b556"},"headline":"Un&#8217;opera dell&#8217;arte piumaria mexica al Museo delle Culture di Milano","datePublished":"2025-11-05T15:12:11+00:00","dateModified":"2025-11-05T15:12:12+00:00","mainEntityOfPage":{"@id":"https:\/\/puntodincontro.mx\/2025\/11\/05\/unopera-dellarte-piumaria-mexica-al-museo-delle-culture-di-milano\/"},"wordCount":381,"commentCount":5,"publisher":{"@id":"https:\/\/puntodincontro.mx\/#organization"},"image":{"@id":"https:\/\/puntodincontro.mx\/2025\/11\/05\/unopera-dellarte-piumaria-mexica-al-museo-delle-culture-di-milano\/#primaryimage"},"thumbnailUrl":"https:\/\/puntodincontro.mx\/wp-content\/uploads\/2025\/11\/carinalemudecpuntovert.webp","articleSection":["Cultura"],"inLanguage":"es","potentialAction":[{"@type":"CommentAction","name":"Comment","target":["https:\/\/puntodincontro.mx\/2025\/11\/05\/unopera-dellarte-piumaria-mexica-al-museo-delle-culture-di-milano\/#respond"]}]},{"@type":"WebPage","@id":"https:\/\/puntodincontro.mx\/2025\/11\/05\/unopera-dellarte-piumaria-mexica-al-museo-delle-culture-di-milano\/","url":"https:\/\/puntodincontro.mx\/2025\/11\/05\/unopera-dellarte-piumaria-mexica-al-museo-delle-culture-di-milano\/","name":"Una obra del arte plumario mexica en el Museo de Culturas de Mil\u00e1n","isPartOf":{"@id":"https:\/\/puntodincontro.mx\/#website"},"primaryImageOfPage":{"@id":"https:\/\/puntodincontro.mx\/2025\/11\/05\/unopera-dellarte-piumaria-mexica-al-museo-delle-culture-di-milano\/#primaryimage"},"image":{"@id":"https:\/\/puntodincontro.mx\/2025\/11\/05\/unopera-dellarte-piumaria-mexica-al-museo-delle-culture-di-milano\/#primaryimage"},"thumbnailUrl":"https:\/\/puntodincontro.mx\/wp-content\/uploads\/2025\/11\/carinalemudecpuntovert.webp","datePublished":"2025-11-05T15:12:11+00:00","dateModified":"2025-11-05T15:12:12+00:00","description":"Se exhibir\u00e1 en el Museo de las Culturas de Mil\u00e1n el retrato del cardenal Giulio Rospigliosi, obra del arte plumario prehisp\u00e1nico.","breadcrumb":{"@id":"https:\/\/puntodincontro.mx\/2025\/11\/05\/unopera-dellarte-piumaria-mexica-al-museo-delle-culture-di-milano\/#breadcrumb"},"inLanguage":"es","potentialAction":[{"@type":"ReadAction","target":["https:\/\/puntodincontro.mx\/2025\/11\/05\/unopera-dellarte-piumaria-mexica-al-museo-delle-culture-di-milano\/"]}]},{"@type":"ImageObject","inLanguage":"es","@id":"https:\/\/puntodincontro.mx\/2025\/11\/05\/unopera-dellarte-piumaria-mexica-al-museo-delle-culture-di-milano\/#primaryimage","url":"https:\/\/puntodincontro.mx\/wp-content\/uploads\/2025\/11\/carinalemudecpuntovert.webp","contentUrl":"https:\/\/puntodincontro.mx\/wp-content\/uploads\/2025\/11\/carinalemudecpuntovert.webp","width":423,"height":488,"caption":"Un'opera di arte piumaria mexica al Museo delle Culture di Milano \/ Immagine: comune.milano.it"},{"@type":"BreadcrumbList","@id":"https:\/\/puntodincontro.mx\/2025\/11\/05\/unopera-dellarte-piumaria-mexica-al-museo-delle-culture-di-milano\/#breadcrumb","itemListElement":[{"@type":"ListItem","position":1,"name":"Home","item":"https:\/\/puntodincontro.mx\/"},{"@type":"ListItem","position":2,"name":"Un&#8217;opera dell&#8217;arte piumaria mexica al Museo delle Culture di Milano"}]},{"@type":"WebSite","@id":"https:\/\/puntodincontro.mx\/#website","url":"https:\/\/puntodincontro.mx\/","name":"Puntodincontro","description":"Desde el 2006 noticias sobre las relaciones entre Italia y M\u00e9xico \/ Dal 2006 notizie sui rapporti Italia-Messico","publisher":{"@id":"https:\/\/puntodincontro.mx\/#organization"},"potentialAction":[{"@type":"SearchAction","target":{"@type":"EntryPoint","urlTemplate":"https:\/\/puntodincontro.mx\/?s={search_term_string}"},"query-input":{"@type":"PropertyValueSpecification","valueRequired":true,"valueName":"search_term_string"}}],"inLanguage":"es"},{"@type":"Organization","@id":"https:\/\/puntodincontro.mx\/#organization","name":"Puntodincontro","url":"https:\/\/puntodincontro.mx\/","logo":{"@type":"ImageObject","inLanguage":"es","@id":"https:\/\/puntodincontro.mx\/#\/schema\/logo\/image\/","url":"https:\/\/puntodincontro.mx\/wp-content\/uploads\/2021\/08\/Default-image-for-open-graph-settings.jpg","contentUrl":"https:\/\/puntodincontro.mx\/wp-content\/uploads\/2021\/08\/Default-image-for-open-graph-settings.jpg","width":1200,"height":630,"caption":"Puntodincontro"},"image":{"@id":"https:\/\/puntodincontro.mx\/#\/schema\/logo\/image\/"},"sameAs":["https:\/\/www.facebook.com\/puntodincontro.mx","https:\/\/x.com\/puntodincontro","https:\/\/www.instagram.com\/puntodincontro.mx\/","https:\/\/www.linkedin.com\/company\/puntodincontro\/","https:\/\/www.youtube.com\/c\/puntodincontromessico","https:\/\/www.patreon.com\/puntodincontro","https:\/\/www.threads.net\/@puntodincontro.mx"]},{"@type":"Person","@id":"https:\/\/puntodincontro.mx\/#\/schema\/person\/d3066d18a16259cbb0c29b0d0e93b556","name":"Puntodincontro","image":{"@type":"ImageObject","inLanguage":"es","@id":"https:\/\/puntodincontro.mx\/#\/schema\/person\/image\/","url":"https:\/\/secure.gravatar.com\/avatar\/0e85b4b3b5e9d6bfcec6a4956d8cc63a?s=96&d=mm&r=g","contentUrl":"https:\/\/secure.gravatar.com\/avatar\/0e85b4b3b5e9d6bfcec6a4956d8cc63a?s=96&d=mm&r=g","caption":"Puntodincontro"},"url":"https:\/\/puntodincontro.mx\/es\/author\/puntodincontro\/"}]}},"_links":{"self":[{"href":"https:\/\/puntodincontro.mx\/es\/wp-json\/wp\/v2\/posts\/24191"}],"collection":[{"href":"https:\/\/puntodincontro.mx\/es\/wp-json\/wp\/v2\/posts"}],"about":[{"href":"https:\/\/puntodincontro.mx\/es\/wp-json\/wp\/v2\/types\/post"}],"author":[{"embeddable":true,"href":"https:\/\/puntodincontro.mx\/es\/wp-json\/wp\/v2\/users\/2"}],"replies":[{"embeddable":true,"href":"https:\/\/puntodincontro.mx\/es\/wp-json\/wp\/v2\/comments?post=24191"}],"version-history":[{"count":11,"href":"https:\/\/puntodincontro.mx\/es\/wp-json\/wp\/v2\/posts\/24191\/revisions"}],"predecessor-version":[{"id":24202,"href":"https:\/\/puntodincontro.mx\/es\/wp-json\/wp\/v2\/posts\/24191\/revisions\/24202"}],"wp:featuredmedia":[{"embeddable":true,"href":"https:\/\/puntodincontro.mx\/es\/wp-json\/wp\/v2\/media\/24203"}],"wp:attachment":[{"href":"https:\/\/puntodincontro.mx\/es\/wp-json\/wp\/v2\/media?parent=24191"}],"wp:term":[{"taxonomy":"category","embeddable":true,"href":"https:\/\/puntodincontro.mx\/es\/wp-json\/wp\/v2\/categories?post=24191"},{"taxonomy":"post_tag","embeddable":true,"href":"https:\/\/puntodincontro.mx\/es\/wp-json\/wp\/v2\/tags?post=24191"}],"curies":[{"name":"wp","href":"https:\/\/api.w.org\/{rel}","templated":true}]}}