{"id":24236,"date":"2025-11-12T07:45:28","date_gmt":"2025-11-12T13:45:28","guid":{"rendered":"https:\/\/puntodincontro.mx\/?p=24236"},"modified":"2025-11-12T07:46:31","modified_gmt":"2025-11-12T13:46:31","slug":"emb-modiano-se-fortalece-la-cooperacion-italia-mexico-en-seguridad","status":"publish","type":"post","link":"https:\/\/puntodincontro.mx\/es\/2025\/11\/12\/amb-modiano-si-rafforza-la-cooperazione-italia-messico-sulla-sicurezza\/","title":{"rendered":"Emb. Modiano: \u00abSe fortalece la cooperaci\u00f3n Italia-M\u00e9xico en seguridad\u00bb"},"content":{"rendered":"<p class=\"translation-block\"><b>07:30 h<\/b> - (ANSA) \u00abLa alianza estrat\u00e9gica en los \u00e1mbitos econ\u00f3mico, pol\u00edtico, acad\u00e9mico y cient\u00edfico simboliza de manera concreta la cercan\u00eda entre Italia y M\u00e9xico. Esta colaboraci\u00f3n cada vez m\u00e1s estrecha tambi\u00e9n pone de relieve las crecientes relaciones militares, que Italia desea fortalecer\u00bb.<\/p>\n\n\n\n<p>Lo afirm\u00f3 el embajador Alessandro Modiano con motivo del D\u00eda de las Fuerzas Armadas en el Instituto Italiano de Cultura en la Ciudad de M\u00e9xico.<\/p>\n\n\n\n<p>La cooperaci\u00f3n entre los Carabinieri y la Guardia Nacional de M\u00e9xico \u2014a trav\u00e9s de actividades conjuntas y capacitaci\u00f3n en la lucha contra el crimen organizado, la protecci\u00f3n del patrimonio cultural y la protecci\u00f3n del medio ambiente\u2014 se ampliar\u00e1 con la presencia en la Embajada de un representante de la Guardia di Finanza italiana, divisi\u00f3n especializada en la identificaci\u00f3n de flujos financieros il\u00edcitos y la lucha contra el lavado de dinero, explic\u00f3 el diplom\u00e1tico.<\/p>\n\n\n\n<p>\u00abItalia y M\u00e9xico\u00bb \u2014a\u00f1adi\u00f3\u2014 \u00abson aliados en el G20 y las Naciones Unidas, con una creciente cercan\u00eda pol\u00edtica, que se fortaleci\u00f3 a\u00fan m\u00e1s en 2025 con la visita a M\u00e9xico del viceprimer ministro y ministro de Relaciones Exteriores de Italia, Antonio Tajani, acompa\u00f1ado por m\u00e1s de 120 empresas\u00bb.<\/p>\n\n\n\n<p>Durante la visita, se\u00f1al\u00f3 Modiano, el ministro Tajani se reuni\u00f3 con los ministros de Relaciones Exteriores, Econom\u00eda, Interior, Seguridad y Turismo de M\u00e9xico, as\u00ed como con representantes de los \u00e1mbitos cultural, acad\u00e9mico y de la sociedad civil.<\/p>\n\n\n\n<p>\u00abEn este d\u00eda tan importante para nuestro pa\u00eds\u00bb \u2014concluy\u00f3 el embajador\u2014 \u00abdeseo expresar mi especial agradecimiento por la labor realizada por el Agregado Militar, Coronel Andrea Intermite, y todo su equipo, quienes con dedicaci\u00f3n y esp\u00edritu de servicio honran diariamente la bandera italiana, fortaleciendo los lazos de cooperaci\u00f3n con M\u00e9xico\u00bb.<\/p>\n\n\n\n<p class=\"translation-block\">A su vez, el Agregado Militar, Coronel de Carabinieri Andrea Intermite, al recordar la dedicaci\u00f3n y el sacrificio de las Fuerzas Armadas Italianas, que participan en \u00ab38 misiones y operaciones internacionales\u00bb con m\u00e1s de 8,500 soldados, agradeci\u00f3 a las Fuerzas Armadas Mexicanas su continua y profesional colaboraci\u00f3n, destacando como momento culminante la octava sesi\u00f3n de las conversaciones entre los estados mayores, celebrada en julio en Italia, durante la cual se sentaron las bases para la cooperaci\u00f3n bilateral en 2026.<\/p>\n\n\n\n<p class=\"has-small-font-size\">Foto: Puntodincontro<\/p>\n\n\n\n<div style=\"height:12px\" aria-hidden=\"true\" class=\"wp-block-spacer\"><\/div>\n\n\n<!-- Ad space powered by WP AdCenter v2.5.7 - https:\/\/wpadcenter.com\/ --><div class=\"wpadcenter-adgroup\" ><div class=\"wpadcenter-adgroup__row wpadcenter-aligncenter\"><div class=\"wpadcenter-ad-container\" ><div id=\"wpadcenter-ad-18464\" class=\"ad-placement\"><div class=\"wpadcenter-ad-inner\" ><a id=\"wpadcenter_ad\" data-value=\"18464\" data-placement=\"\" href=\"https:\/\/www.productosremo.com\/\" target=\"_blank\" class=\"wpadcenter-ad-inner__item\" ><img decoding=\"async\"   src=\"https:\/\/puntodincontro.mx\/wp-content\/uploads\/2021\/08\/remobanner.jpg\" class=\"attachment-post-thumbnail size-post-thumbnail wp-post-image\" alt=\"\" srcset=\"https:\/\/puntodincontro.mx\/wp-content\/uploads\/2021\/08\/remobanner.jpg 200w, https:\/\/puntodincontro.mx\/wp-content\/uploads\/2021\/08\/remobanner-16x5.jpg 16w\" sizes=\"(max-width: 200px) 100vw, 200px\" \/><\/a><\/div><\/div><\/div><div class=\"wpadcenter-ad-container\" ><div id=\"wpadcenter-ad-5305\" class=\"ad-placement\"><div class=\"wpadcenter-ad-inner\" ><a id=\"wpadcenter_ad\" data-value=\"5305\" data-placement=\"\" href=\"https:\/\/faitalia.com.mx\/\" target=\"_blank\" class=\"wpadcenter-ad-inner__item\" ><img decoding=\"async\"   src=\"https:\/\/puntodincontro.mx\/wp-content\/uploads\/2022\/05\/gruppodino.jpg\" class=\"attachment-post-thumbnail size-post-thumbnail wp-post-image\" alt=\"\" srcset=\"https:\/\/puntodincontro.mx\/wp-content\/uploads\/2022\/05\/gruppodino.jpg 200w, https:\/\/puntodincontro.mx\/wp-content\/uploads\/2022\/05\/gruppodino-18x5.jpg 18w\" sizes=\"(max-width: 200px) 100vw, 200px\" \/><\/a><\/div><\/div><\/div><div class=\"wpadcenter-ad-container\" ><div id=\"wpadcenter-ad-3781\" class=\"ad-placement\"><div class=\"wpadcenter-ad-inner\" ><a id=\"wpadcenter_ad\" data-value=\"3781\" data-placement=\"\" href=\"https:\/\/cannizzo.com.mx\/\" target=\"_blank\" class=\"wpadcenter-ad-inner__item\" ><img decoding=\"async\"   src=\"https:\/\/puntodincontro.mx\/wp-content\/uploads\/2022\/03\/cannizzo2.jpg\" class=\"attachment-post-thumbnail size-post-thumbnail wp-post-image\" alt=\"\" srcset=\"https:\/\/puntodincontro.mx\/wp-content\/uploads\/2022\/03\/cannizzo2.jpg 200w, https:\/\/puntodincontro.mx\/wp-content\/uploads\/2022\/03\/cannizzo2-18x5.jpg 18w\" sizes=\"(max-width: 200px) 100vw, 200px\" \/><\/a><\/div><\/div><\/div><\/div><div class=\"wpadcenter-adgroup__row wpadcenter-aligncenter\"><div class=\"wpadcenter-ad-container\" ><div id=\"wpadcenter-ad-1704\" class=\"ad-placement\"><div class=\"wpadcenter-ad-inner\" ><a id=\"wpadcenter_ad\" data-value=\"1704\" data-placement=\"\" href=\"https:\/\/puntodincontro.mx\/es\/2021\/12\/24\/inps-verificacion-de-supervivencia-de-los-pensionados-en-el-extranjero\/\" target=\"_blank\" class=\"wpadcenter-ad-inner__item\" ><img decoding=\"async\"   src=\"https:\/\/puntodincontro.mx\/wp-content\/uploads\/2021\/11\/logo-ital.jpg\" class=\"attachment-post-thumbnail size-post-thumbnail wp-post-image\" alt=\"Patronato ITAL Messico\" srcset=\"https:\/\/puntodincontro.mx\/wp-content\/uploads\/2021\/11\/logo-ital.jpg 200w, https:\/\/puntodincontro.mx\/wp-content\/uploads\/2021\/11\/logo-ital-16x5.jpg 16w\" sizes=\"(max-width: 200px) 100vw, 200px\" \/><\/a><\/div><\/div><\/div><div class=\"wpadcenter-ad-container\" ><div id=\"wpadcenter-ad-1538\" class=\"ad-placement\"><div class=\"wpadcenter-ad-inner\" ><a id=\"wpadcenter_ad\" data-value=\"1538\" data-placement=\"\" href=\"https:\/\/asociacionitaliana.org\/\" target=\"_blank\" class=\"wpadcenter-ad-inner__item\" ><img decoding=\"async\"   src=\"https:\/\/puntodincontro.mx\/wp-content\/uploads\/2021\/11\/aialogo.jpg\" class=\"attachment-post-thumbnail size-post-thumbnail wp-post-image\" alt=\"Associazione Italiana di Assistenza IAP\" srcset=\"https:\/\/puntodincontro.mx\/wp-content\/uploads\/2021\/11\/aialogo.jpg 200w, https:\/\/puntodincontro.mx\/wp-content\/uploads\/2021\/11\/aialogo-18x5.jpg 18w\" sizes=\"(max-width: 200px) 100vw, 200px\" \/><\/a><\/div><\/div><\/div><div class=\"wpadcenter-ad-container\" ><div id=\"wpadcenter-ad-1513\" class=\"ad-placement\"><div class=\"wpadcenter-ad-inner\" ><a id=\"wpadcenter_ad\" data-value=\"1513\" data-placement=\"\" href=\"https:\/\/gcinmuebles.mx\" target=\"_blank\" class=\"wpadcenter-ad-inner__item\" ><img decoding=\"async\"   src=\"https:\/\/puntodincontro.mx\/wp-content\/uploads\/2021\/10\/gcinmuebleslogopunto-1.jpg\" class=\"attachment-post-thumbnail size-post-thumbnail wp-post-image\" alt=\"\" srcset=\"https:\/\/puntodincontro.mx\/wp-content\/uploads\/2021\/10\/gcinmuebleslogopunto-1.jpg 200w, https:\/\/puntodincontro.mx\/wp-content\/uploads\/2021\/10\/gcinmuebleslogopunto-1-18x5.jpg 18w\" sizes=\"(max-width: 200px) 100vw, 200px\" \/><\/a><\/div><\/div><\/div><\/div><div class=\"wpadcenter-adgroup__row wpadcenter-aligncenter\"><div class=\"wpadcenter-ad-container\" ><div id=\"wpadcenter-ad-1374\" class=\"ad-placement\"><div class=\"wpadcenter-ad-inner\" ><a id=\"wpadcenter_ad\" data-value=\"1374\" data-placement=\"\" href=\"https:\/\/www.9colonne.it\/\" target=\"_blank\" class=\"wpadcenter-ad-inner__item\" ><img decoding=\"async\"   src=\"https:\/\/puntodincontro.mx\/wp-content\/uploads\/2021\/10\/Banner9colonne.gif\" class=\"attachment-post-thumbnail size-post-thumbnail wp-post-image\" alt=\"\" \/><\/a><\/div><\/div><\/div><div class=\"wpadcenter-ad-container\" ><div id=\"wpadcenter-ad-276\" class=\"ad-placement\"><div class=\"wpadcenter-ad-inner\" ><a id=\"wpadcenter_ad\" data-value=\"276\" data-placement=\"\" href=\"http:\/\/www.camaraitaliana.mx\/\" target=\"_blank\" class=\"wpadcenter-ad-inner__item\" ><img decoding=\"async\"   src=\"https:\/\/puntodincontro.mx\/wp-content\/uploads\/2021\/08\/ccimnuovo.jpg\" class=\"attachment-post-thumbnail size-post-thumbnail wp-post-image\" alt=\"\" srcset=\"https:\/\/puntodincontro.mx\/wp-content\/uploads\/2021\/08\/ccimnuovo.jpg 200w, https:\/\/puntodincontro.mx\/wp-content\/uploads\/2021\/08\/ccimnuovo-18x5.jpg 18w\" sizes=\"(max-width: 200px) 100vw, 200px\" \/><\/a><\/div><\/div><\/div><div class=\"wpadcenter-ad-container\" ><div id=\"wpadcenter-ad-272\" class=\"ad-placement\"><div class=\"wpadcenter-ad-inner\" ><a id=\"wpadcenter_ad\" data-value=\"272\" data-placement=\"\" href=\"http:\/\/corix.us\/\" target=\"_blank\" class=\"wpadcenter-ad-inner__item\" ><img decoding=\"async\"   src=\"https:\/\/puntodincontro.mx\/wp-content\/uploads\/2021\/08\/corixbanner-1.jpg\" class=\"attachment-post-thumbnail size-post-thumbnail wp-post-image\" alt=\"\" srcset=\"https:\/\/puntodincontro.mx\/wp-content\/uploads\/2021\/08\/corixbanner-1.jpg 200w, https:\/\/puntodincontro.mx\/wp-content\/uploads\/2021\/08\/corixbanner-1-16x5.jpg 16w\" sizes=\"(max-width: 200px) 100vw, 200px\" \/><\/a><\/div><\/div><\/div><\/div><div class=\"wpadcenter-adgroup__row wpadcenter-aligncenter\"><div class=\"wpadcenter-ad-container\" ><div id=\"wpadcenter-ad-266\" class=\"ad-placement\"><div class=\"wpadcenter-ad-inner\" ><a id=\"wpadcenter_ad\" data-value=\"266\" data-placement=\"\" href=\"https:\/\/www.prinsel.com.mx\/\" target=\"_blank\" class=\"wpadcenter-ad-inner__item\" ><img decoding=\"async\"   src=\"https:\/\/puntodincontro.mx\/wp-content\/uploads\/2021\/08\/prinselbanner-1.jpg\" class=\"attachment-post-thumbnail size-post-thumbnail wp-post-image\" alt=\"\" srcset=\"https:\/\/puntodincontro.mx\/wp-content\/uploads\/2021\/08\/prinselbanner-1.jpg 200w, https:\/\/puntodincontro.mx\/wp-content\/uploads\/2021\/08\/prinselbanner-1-16x5.jpg 16w\" sizes=\"(max-width: 200px) 100vw, 200px\" \/><\/a><\/div><\/div><\/div><div class=\"wpadcenter-ad-container\" ><div id=\"wpadcenter-ad-261\" class=\"ad-placement\"><div class=\"wpadcenter-ad-inner\" ><a id=\"wpadcenter_ad\" data-value=\"261\" data-placement=\"\" href=\"https:\/\/ambcittadelmessico.esteri.it\/ambasciata_cittadelmessico\/it\/\" target=\"_blank\" class=\"wpadcenter-ad-inner__item\" ><img decoding=\"async\"   src=\"https:\/\/puntodincontro.mx\/wp-content\/uploads\/2021\/08\/ambasciatabanner-1.jpg\" class=\"attachment-post-thumbnail size-post-thumbnail wp-post-image\" alt=\"\" srcset=\"https:\/\/puntodincontro.mx\/wp-content\/uploads\/2021\/08\/ambasciatabanner-1.jpg 200w, https:\/\/puntodincontro.mx\/wp-content\/uploads\/2021\/08\/ambasciatabanner-1-16x5.jpg 16w\" sizes=\"(max-width: 200px) 100vw, 200px\" \/><\/a><\/div><\/div><\/div><\/div><\/div>\n\n\n<div style=\"height:12px\" aria-hidden=\"true\" class=\"wp-block-spacer\"><\/div>","protected":false},"excerpt":{"rendered":"<p>Ore 07:30 &#8211; (ANSA) \u00abIl partenariato strategico in ambito economico, politico, accademico e scientifico simboleggia concretamente la vicinanza tra Italia e Messico e, nel quadro di questa collaborazione sempre pi\u00f9 stretta, risaltano anche le crescenti relazioni militari, che l&#8217;Italia desidera rafforzare\u00bb. Lo ha detto l&#8217;Ambasciatore Alessandro Modiano in occasione della Giornata delle Forze Armate presso l&#8217;Istituto Italiano di Cultura di Citt\u00e0 del Messico. La cooperazione tra l&#8217;Arma dei Carabinieri e la Guardia Nazionale messicana \u2014attraverso attivit\u00e0 congiunte e addestramento nella lotta alla criminalit\u00e0 organizzata, nella tutela del patrimonio culturale e nella salvaguardia dell&#8217;ambiente\u2014 sar\u00e0 ampliata con la presenza presso l&#8217;Ambasciata&#8230; <\/p>","protected":false},"author":2,"featured_media":24243,"comment_status":"open","ping_status":"open","sticky":false,"template":"","format":"standard","meta":{"_monsterinsights_skip_tracking":false,"_monsterinsights_sitenote_active":false,"_monsterinsights_sitenote_note":"","_monsterinsights_sitenote_category":0,"footnotes":""},"categories":[4],"tags":[],"class_list":["post-24236","post","type-post","status-publish","format-standard","has-post-thumbnail","hentry","category-italia-in-messico"],"yoast_head":"<!-- This site is optimized with the Yoast SEO Premium plugin v18.4 (Yoast SEO v25.6) - https:\/\/yoast.com\/wordpress\/plugins\/seo\/ -->\n<title>Modiano: \u00abCresce la cooperazione Italia-Messico sulla sicurezza\u00bb<\/title>\n<meta name=\"description\" content=\"L&#039;Ambasciatore Modiano ha affermato che \u00abl&#039;Italia desidera rafforzare le crescenti relazioni militari con il Messico\u00bb.\" \/>\n<meta name=\"robots\" content=\"index, follow, max-snippet:-1, max-image-preview:large, max-video-preview:-1\" \/>\n<link rel=\"canonical\" href=\"https:\/\/puntodincontro.mx\/es\/2025\/11\/12\/emb-modiano-se-fortalece-la-cooperacion-italia-mexico-en-seguridad\/\" \/>\n<meta property=\"og:locale\" content=\"es_MX\" \/>\n<meta property=\"og:type\" content=\"article\" \/>\n<meta property=\"og:title\" content=\"Amb. Modiano: \u00abSi rafforza la cooperazione Italia-Messico sulla sicurezza\u00bb\" \/>\n<meta property=\"og:description\" content=\"L&#039;Ambasciatore Modiano ha affermato che \u00abl&#039;Italia desidera rafforzare le crescenti relazioni militari con il Messico\u00bb.\" \/>\n<meta property=\"og:url\" content=\"https:\/\/puntodincontro.mx\/es\/2025\/11\/12\/emb-modiano-se-fortalece-la-cooperacion-italia-mexico-en-seguridad\/\" \/>\n<meta property=\"og:site_name\" content=\"Puntodincontro\" \/>\n<meta property=\"article:publisher\" content=\"https:\/\/www.facebook.com\/puntodincontro.mx\" \/>\n<meta property=\"article:published_time\" content=\"2025-11-12T13:45:28+00:00\" \/>\n<meta property=\"article:modified_time\" content=\"2025-11-12T13:46:31+00:00\" \/>\n<meta property=\"og:image\" content=\"https:\/\/puntodincontro.mx\/wp-content\/uploads\/2025\/11\/modianofotopuntocomp.jpg\" \/>\n\t<meta property=\"og:image:width\" content=\"932\" \/>\n\t<meta property=\"og:image:height\" content=\"488\" \/>\n\t<meta property=\"og:image:type\" content=\"image\/jpeg\" \/>\n<meta name=\"author\" content=\"Puntodincontro\" \/>\n<meta name=\"twitter:card\" content=\"summary_large_image\" \/>\n<meta name=\"twitter:creator\" content=\"@puntodincontro\" \/>\n<meta name=\"twitter:site\" content=\"@puntodincontro\" \/>\n<meta name=\"twitter:label1\" content=\"Escrito por\" \/>\n\t<meta name=\"twitter:data1\" content=\"Puntodincontro\" \/>\n\t<meta name=\"twitter:label2\" content=\"Tiempo de lectura\" \/>\n\t<meta name=\"twitter:data2\" content=\"2 minutos\" \/>\n<script type=\"application\/ld+json\" class=\"yoast-schema-graph\">{\"@context\":\"https:\/\/schema.org\",\"@graph\":[{\"@type\":\"NewsArticle\",\"@id\":\"https:\/\/puntodincontro.mx\/2025\/11\/12\/amb-modiano-si-rafforza-la-cooperazione-italia-messico-sulla-sicurezza\/#article\",\"isPartOf\":{\"@id\":\"https:\/\/puntodincontro.mx\/2025\/11\/12\/amb-modiano-si-rafforza-la-cooperazione-italia-messico-sulla-sicurezza\/\"},\"author\":{\"name\":\"Puntodincontro\",\"@id\":\"https:\/\/puntodincontro.mx\/#\/schema\/person\/d3066d18a16259cbb0c29b0d0e93b556\"},\"headline\":\"Amb. Modiano: \u00abSi rafforza la cooperazione Italia-Messico sulla sicurezza\u00bb\",\"datePublished\":\"2025-11-12T13:45:28+00:00\",\"dateModified\":\"2025-11-12T13:46:31+00:00\",\"mainEntityOfPage\":{\"@id\":\"https:\/\/puntodincontro.mx\/2025\/11\/12\/amb-modiano-si-rafforza-la-cooperazione-italia-messico-sulla-sicurezza\/\"},\"wordCount\":351,\"commentCount\":0,\"publisher\":{\"@id\":\"https:\/\/puntodincontro.mx\/#organization\"},\"image\":{\"@id\":\"https:\/\/puntodincontro.mx\/2025\/11\/12\/amb-modiano-si-rafforza-la-cooperazione-italia-messico-sulla-sicurezza\/#primaryimage\"},\"thumbnailUrl\":\"https:\/\/puntodincontro.mx\/wp-content\/uploads\/2025\/11\/modianofotopuntovert.webp\",\"articleSection\":[\"Italia in Messico\"],\"inLanguage\":\"es\",\"potentialAction\":[{\"@type\":\"CommentAction\",\"name\":\"Comment\",\"target\":[\"https:\/\/puntodincontro.mx\/2025\/11\/12\/amb-modiano-si-rafforza-la-cooperazione-italia-messico-sulla-sicurezza\/#respond\"]}]},{\"@type\":\"WebPage\",\"@id\":\"https:\/\/puntodincontro.mx\/2025\/11\/12\/amb-modiano-si-rafforza-la-cooperazione-italia-messico-sulla-sicurezza\/\",\"url\":\"https:\/\/puntodincontro.mx\/2025\/11\/12\/amb-modiano-si-rafforza-la-cooperazione-italia-messico-sulla-sicurezza\/\",\"name\":\"Modiano: \u00abCresce la cooperazione Italia-Messico sulla sicurezza\u00bb\",\"isPartOf\":{\"@id\":\"https:\/\/puntodincontro.mx\/#website\"},\"primaryImageOfPage\":{\"@id\":\"https:\/\/puntodincontro.mx\/2025\/11\/12\/amb-modiano-si-rafforza-la-cooperazione-italia-messico-sulla-sicurezza\/#primaryimage\"},\"image\":{\"@id\":\"https:\/\/puntodincontro.mx\/2025\/11\/12\/amb-modiano-si-rafforza-la-cooperazione-italia-messico-sulla-sicurezza\/#primaryimage\"},\"thumbnailUrl\":\"https:\/\/puntodincontro.mx\/wp-content\/uploads\/2025\/11\/modianofotopuntovert.webp\",\"datePublished\":\"2025-11-12T13:45:28+00:00\",\"dateModified\":\"2025-11-12T13:46:31+00:00\",\"description\":\"L'Ambasciatore Modiano ha affermato che \u00abl'Italia desidera rafforzare le crescenti relazioni militari con il Messico\u00bb.\",\"breadcrumb\":{\"@id\":\"https:\/\/puntodincontro.mx\/2025\/11\/12\/amb-modiano-si-rafforza-la-cooperazione-italia-messico-sulla-sicurezza\/#breadcrumb\"},\"inLanguage\":\"es\",\"potentialAction\":[{\"@type\":\"ReadAction\",\"target\":[\"https:\/\/puntodincontro.mx\/2025\/11\/12\/amb-modiano-si-rafforza-la-cooperazione-italia-messico-sulla-sicurezza\/\"]}]},{\"@type\":\"ImageObject\",\"inLanguage\":\"es\",\"@id\":\"https:\/\/puntodincontro.mx\/2025\/11\/12\/amb-modiano-si-rafforza-la-cooperazione-italia-messico-sulla-sicurezza\/#primaryimage\",\"url\":\"https:\/\/puntodincontro.mx\/wp-content\/uploads\/2025\/11\/modianofotopuntovert.webp\",\"contentUrl\":\"https:\/\/puntodincontro.mx\/wp-content\/uploads\/2025\/11\/modianofotopuntovert.webp\",\"width\":423,\"height\":488,\"caption\":\"Amb. Modiano: \u00abSi rafforza la cooperazione Italia-Messico sulla sicurezza\u00bb \/ Foto: Puntodincontro\"},{\"@type\":\"BreadcrumbList\",\"@id\":\"https:\/\/puntodincontro.mx\/2025\/11\/12\/amb-modiano-si-rafforza-la-cooperazione-italia-messico-sulla-sicurezza\/#breadcrumb\",\"itemListElement\":[{\"@type\":\"ListItem\",\"position\":1,\"name\":\"Home\",\"item\":\"https:\/\/puntodincontro.mx\/\"},{\"@type\":\"ListItem\",\"position\":2,\"name\":\"Amb. Modiano: \u00abSi rafforza la cooperazione Italia-Messico sulla sicurezza\u00bb\"}]},{\"@type\":\"WebSite\",\"@id\":\"https:\/\/puntodincontro.mx\/#website\",\"url\":\"https:\/\/puntodincontro.mx\/\",\"name\":\"Puntodincontro\",\"description\":\"Dal 2006 notizie sui rapporti Italia-Messico \/ Desde 2006 noticias sobre las relaciones entre Italia y M\u00e9xico\",\"publisher\":{\"@id\":\"https:\/\/puntodincontro.mx\/#organization\"},\"potentialAction\":[{\"@type\":\"SearchAction\",\"target\":{\"@type\":\"EntryPoint\",\"urlTemplate\":\"https:\/\/puntodincontro.mx\/?s={search_term_string}\"},\"query-input\":{\"@type\":\"PropertyValueSpecification\",\"valueRequired\":true,\"valueName\":\"search_term_string\"}}],\"inLanguage\":\"es\"},{\"@type\":\"Organization\",\"@id\":\"https:\/\/puntodincontro.mx\/#organization\",\"name\":\"Puntodincontro\",\"url\":\"https:\/\/puntodincontro.mx\/\",\"logo\":{\"@type\":\"ImageObject\",\"inLanguage\":\"es\",\"@id\":\"https:\/\/puntodincontro.mx\/#\/schema\/logo\/image\/\",\"url\":\"https:\/\/puntodincontro.mx\/wp-content\/uploads\/2021\/08\/Default-image-for-open-graph-settings.jpg\",\"contentUrl\":\"https:\/\/puntodincontro.mx\/wp-content\/uploads\/2021\/08\/Default-image-for-open-graph-settings.jpg\",\"width\":1200,\"height\":630,\"caption\":\"Puntodincontro\"},\"image\":{\"@id\":\"https:\/\/puntodincontro.mx\/#\/schema\/logo\/image\/\"},\"sameAs\":[\"https:\/\/www.facebook.com\/puntodincontro.mx\",\"https:\/\/x.com\/puntodincontro\",\"https:\/\/www.instagram.com\/puntodincontro.mx\/\",\"https:\/\/www.linkedin.com\/company\/puntodincontro\/\",\"https:\/\/www.youtube.com\/c\/puntodincontromessico\",\"https:\/\/www.patreon.com\/puntodincontro\",\"https:\/\/www.threads.net\/@puntodincontro.mx\"]},{\"@type\":\"Person\",\"@id\":\"https:\/\/puntodincontro.mx\/#\/schema\/person\/d3066d18a16259cbb0c29b0d0e93b556\",\"name\":\"Puntodincontro\",\"image\":{\"@type\":\"ImageObject\",\"inLanguage\":\"es\",\"@id\":\"https:\/\/puntodincontro.mx\/#\/schema\/person\/image\/\",\"url\":\"https:\/\/secure.gravatar.com\/avatar\/0e85b4b3b5e9d6bfcec6a4956d8cc63a?s=96&d=mm&r=g\",\"contentUrl\":\"https:\/\/secure.gravatar.com\/avatar\/0e85b4b3b5e9d6bfcec6a4956d8cc63a?s=96&d=mm&r=g\",\"caption\":\"Puntodincontro\"},\"url\":\"https:\/\/puntodincontro.mx\/es\/author\/puntodincontro\/\"}]}<\/script>\n<!-- \/ Yoast SEO Premium plugin. -->","yoast_head_json":{"title":"Emb. Modiano: \u00abSe fortalece la cooperaci\u00f3n Italia-M\u00e9xico en seguridad\u00bb","description":"El embajador Modiano declar\u00f3 que \u00abItalia desea fortalecer las crecientes relaciones militares con M\u00e9xico\u00bb.","robots":{"index":"index","follow":"follow","max-snippet":"max-snippet:-1","max-image-preview":"max-image-preview:large","max-video-preview":"max-video-preview:-1"},"canonical":"https:\/\/puntodincontro.mx\/es\/2025\/11\/12\/emb-modiano-se-fortalece-la-cooperacion-italia-mexico-en-seguridad\/","og_locale":"es_MX","og_type":"article","og_title":"Amb. Modiano: \u00abSi rafforza la cooperazione Italia-Messico sulla sicurezza\u00bb","og_description":"L'Ambasciatore Modiano ha affermato che \u00abl'Italia desidera rafforzare le crescenti relazioni militari con il Messico\u00bb.","og_url":"https:\/\/puntodincontro.mx\/es\/2025\/11\/12\/emb-modiano-se-fortalece-la-cooperacion-italia-mexico-en-seguridad\/","og_site_name":"Puntodincontro","article_publisher":"https:\/\/www.facebook.com\/puntodincontro.mx","article_published_time":"2025-11-12T13:45:28+00:00","article_modified_time":"2025-11-12T13:46:31+00:00","og_image":[{"width":932,"height":488,"url":"https:\/\/puntodincontro.mx\/wp-content\/uploads\/2025\/11\/modianofotopuntocomp.jpg","type":"image\/jpeg"}],"author":"Puntodincontro","twitter_card":"summary_large_image","twitter_creator":"@puntodincontro","twitter_site":"@puntodincontro","twitter_misc":{"Escrito por":"Puntodincontro","Tiempo de lectura":"2 minutos"},"schema":{"@context":"https:\/\/schema.org","@graph":[{"@type":"NewsArticle","@id":"https:\/\/puntodincontro.mx\/2025\/11\/12\/amb-modiano-si-rafforza-la-cooperazione-italia-messico-sulla-sicurezza\/#article","isPartOf":{"@id":"https:\/\/puntodincontro.mx\/2025\/11\/12\/amb-modiano-si-rafforza-la-cooperazione-italia-messico-sulla-sicurezza\/"},"author":{"name":"Puntodincontro","@id":"https:\/\/puntodincontro.mx\/#\/schema\/person\/d3066d18a16259cbb0c29b0d0e93b556"},"headline":"Amb. Modiano: \u00abSi rafforza la cooperazione Italia-Messico sulla sicurezza\u00bb","datePublished":"2025-11-12T13:45:28+00:00","dateModified":"2025-11-12T13:46:31+00:00","mainEntityOfPage":{"@id":"https:\/\/puntodincontro.mx\/2025\/11\/12\/amb-modiano-si-rafforza-la-cooperazione-italia-messico-sulla-sicurezza\/"},"wordCount":351,"commentCount":0,"publisher":{"@id":"https:\/\/puntodincontro.mx\/#organization"},"image":{"@id":"https:\/\/puntodincontro.mx\/2025\/11\/12\/amb-modiano-si-rafforza-la-cooperazione-italia-messico-sulla-sicurezza\/#primaryimage"},"thumbnailUrl":"https:\/\/puntodincontro.mx\/wp-content\/uploads\/2025\/11\/modianofotopuntovert.webp","articleSection":["Italia in Messico"],"inLanguage":"es","potentialAction":[{"@type":"CommentAction","name":"Comment","target":["https:\/\/puntodincontro.mx\/2025\/11\/12\/amb-modiano-si-rafforza-la-cooperazione-italia-messico-sulla-sicurezza\/#respond"]}]},{"@type":"WebPage","@id":"https:\/\/puntodincontro.mx\/2025\/11\/12\/amb-modiano-si-rafforza-la-cooperazione-italia-messico-sulla-sicurezza\/","url":"https:\/\/puntodincontro.mx\/2025\/11\/12\/amb-modiano-si-rafforza-la-cooperazione-italia-messico-sulla-sicurezza\/","name":"Emb. Modiano: \u00abSe fortalece la cooperaci\u00f3n Italia-M\u00e9xico en seguridad\u00bb","isPartOf":{"@id":"https:\/\/puntodincontro.mx\/#website"},"primaryImageOfPage":{"@id":"https:\/\/puntodincontro.mx\/2025\/11\/12\/amb-modiano-si-rafforza-la-cooperazione-italia-messico-sulla-sicurezza\/#primaryimage"},"image":{"@id":"https:\/\/puntodincontro.mx\/2025\/11\/12\/amb-modiano-si-rafforza-la-cooperazione-italia-messico-sulla-sicurezza\/#primaryimage"},"thumbnailUrl":"https:\/\/puntodincontro.mx\/wp-content\/uploads\/2025\/11\/modianofotopuntovert.webp","datePublished":"2025-11-12T13:45:28+00:00","dateModified":"2025-11-12T13:46:31+00:00","description":"El embajador Modiano declar\u00f3 que \u00abItalia desea fortalecer las crecientes relaciones militares con M\u00e9xico\u00bb.","breadcrumb":{"@id":"https:\/\/puntodincontro.mx\/2025\/11\/12\/amb-modiano-si-rafforza-la-cooperazione-italia-messico-sulla-sicurezza\/#breadcrumb"},"inLanguage":"es","potentialAction":[{"@type":"ReadAction","target":["https:\/\/puntodincontro.mx\/2025\/11\/12\/amb-modiano-si-rafforza-la-cooperazione-italia-messico-sulla-sicurezza\/"]}]},{"@type":"ImageObject","inLanguage":"es","@id":"https:\/\/puntodincontro.mx\/2025\/11\/12\/amb-modiano-si-rafforza-la-cooperazione-italia-messico-sulla-sicurezza\/#primaryimage","url":"https:\/\/puntodincontro.mx\/wp-content\/uploads\/2025\/11\/modianofotopuntovert.webp","contentUrl":"https:\/\/puntodincontro.mx\/wp-content\/uploads\/2025\/11\/modianofotopuntovert.webp","width":423,"height":488,"caption":"Amb. Modiano: \u00abSi rafforza la cooperazione Italia-Messico sulla sicurezza\u00bb \/ Foto: Puntodincontro"},{"@type":"BreadcrumbList","@id":"https:\/\/puntodincontro.mx\/2025\/11\/12\/amb-modiano-si-rafforza-la-cooperazione-italia-messico-sulla-sicurezza\/#breadcrumb","itemListElement":[{"@type":"ListItem","position":1,"name":"Home","item":"https:\/\/puntodincontro.mx\/"},{"@type":"ListItem","position":2,"name":"Amb. Modiano: \u00abSi rafforza la cooperazione Italia-Messico sulla sicurezza\u00bb"}]},{"@type":"WebSite","@id":"https:\/\/puntodincontro.mx\/#website","url":"https:\/\/puntodincontro.mx\/","name":"Puntodincontro","description":"Desde el 2006 noticias sobre las relaciones entre Italia y M\u00e9xico \/ Dal 2006 notizie sui rapporti Italia-Messico","publisher":{"@id":"https:\/\/puntodincontro.mx\/#organization"},"potentialAction":[{"@type":"SearchAction","target":{"@type":"EntryPoint","urlTemplate":"https:\/\/puntodincontro.mx\/?s={search_term_string}"},"query-input":{"@type":"PropertyValueSpecification","valueRequired":true,"valueName":"search_term_string"}}],"inLanguage":"es"},{"@type":"Organization","@id":"https:\/\/puntodincontro.mx\/#organization","name":"Puntodincontro","url":"https:\/\/puntodincontro.mx\/","logo":{"@type":"ImageObject","inLanguage":"es","@id":"https:\/\/puntodincontro.mx\/#\/schema\/logo\/image\/","url":"https:\/\/puntodincontro.mx\/wp-content\/uploads\/2021\/08\/Default-image-for-open-graph-settings.jpg","contentUrl":"https:\/\/puntodincontro.mx\/wp-content\/uploads\/2021\/08\/Default-image-for-open-graph-settings.jpg","width":1200,"height":630,"caption":"Puntodincontro"},"image":{"@id":"https:\/\/puntodincontro.mx\/#\/schema\/logo\/image\/"},"sameAs":["https:\/\/www.facebook.com\/puntodincontro.mx","https:\/\/x.com\/puntodincontro","https:\/\/www.instagram.com\/puntodincontro.mx\/","https:\/\/www.linkedin.com\/company\/puntodincontro\/","https:\/\/www.youtube.com\/c\/puntodincontromessico","https:\/\/www.patreon.com\/puntodincontro","https:\/\/www.threads.net\/@puntodincontro.mx"]},{"@type":"Person","@id":"https:\/\/puntodincontro.mx\/#\/schema\/person\/d3066d18a16259cbb0c29b0d0e93b556","name":"Puntodincontro","image":{"@type":"ImageObject","inLanguage":"es","@id":"https:\/\/puntodincontro.mx\/#\/schema\/person\/image\/","url":"https:\/\/secure.gravatar.com\/avatar\/0e85b4b3b5e9d6bfcec6a4956d8cc63a?s=96&d=mm&r=g","contentUrl":"https:\/\/secure.gravatar.com\/avatar\/0e85b4b3b5e9d6bfcec6a4956d8cc63a?s=96&d=mm&r=g","caption":"Puntodincontro"},"url":"https:\/\/puntodincontro.mx\/es\/author\/puntodincontro\/"}]}},"_links":{"self":[{"href":"https:\/\/puntodincontro.mx\/es\/wp-json\/wp\/v2\/posts\/24236"}],"collection":[{"href":"https:\/\/puntodincontro.mx\/es\/wp-json\/wp\/v2\/posts"}],"about":[{"href":"https:\/\/puntodincontro.mx\/es\/wp-json\/wp\/v2\/types\/post"}],"author":[{"embeddable":true,"href":"https:\/\/puntodincontro.mx\/es\/wp-json\/wp\/v2\/users\/2"}],"replies":[{"embeddable":true,"href":"https:\/\/puntodincontro.mx\/es\/wp-json\/wp\/v2\/comments?post=24236"}],"version-history":[{"count":7,"href":"https:\/\/puntodincontro.mx\/es\/wp-json\/wp\/v2\/posts\/24236\/revisions"}],"predecessor-version":[{"id":24245,"href":"https:\/\/puntodincontro.mx\/es\/wp-json\/wp\/v2\/posts\/24236\/revisions\/24245"}],"wp:featuredmedia":[{"embeddable":true,"href":"https:\/\/puntodincontro.mx\/es\/wp-json\/wp\/v2\/media\/24243"}],"wp:attachment":[{"href":"https:\/\/puntodincontro.mx\/es\/wp-json\/wp\/v2\/media?parent=24236"}],"wp:term":[{"taxonomy":"category","embeddable":true,"href":"https:\/\/puntodincontro.mx\/es\/wp-json\/wp\/v2\/categories?post=24236"},{"taxonomy":"post_tag","embeddable":true,"href":"https:\/\/puntodincontro.mx\/es\/wp-json\/wp\/v2\/tags?post=24236"}],"curies":[{"name":"wp","href":"https:\/\/api.w.org\/{rel}","templated":true}]}}